{"id":1422615,"date":"2024-07-24T10:30:00","date_gmt":"2024-07-24T13:30:00","guid":{"rendered":"https:\/\/www.estrategiaconcursos.com.br\/blog\/?p=1422615"},"modified":"2024-08-16T17:55:14","modified_gmt":"2024-08-16T20:55:14","slug":"edital-ufam-2024-tae","status":"publish","type":"post","link":"https:\/\/www.estrategiaconcursos.com.br\/blog\/edital-ufam-2024-tae\/","title":{"rendered":"Edital UFAM 2024: provas em setembro; veja!"},"content":{"rendered":"\n<p>ATEN\u00c7\u00c3O! Foi publicado o <strong>novo edital do&nbsp;concurso UFAM<\/strong>&nbsp;(Universidade Federal do Amazonas), com <strong>25 vagas<\/strong> de n\u00edveis m\u00e9dio e superior e sal\u00e1rio inicial de at\u00e9 <strong>R$ 4.556,92<\/strong>.<\/p>\n\n\n\n<p>As inscri\u00e7\u00f5es puderam ser feitas entre os dias 24 de julho e 15 de agosto, no site da UFAM. A taxa de inscri\u00e7\u00e3o foi fixada em R$ 130,00 (N\u00edvel m\u00e9dio) e R$ 140,00 (N\u00edvel superior).<\/p>\n\n\n\n<p>Os candidatos ser\u00e3o avaliados por meio de uma \u00fanica etapa: a prova objetiva. A avalia\u00e7\u00e3o ser\u00e1 aplicada no dia 15 de setembro de 2024, nas seguintes cidades:<\/p>\n\n\n\n<ul class=\"wp-block-list\">\n<li>Benjamin Constant;<\/li>\n\n\n\n<li>Coari;<\/li>\n\n\n\n<li>Humait\u00e1;<\/li>\n\n\n\n<li>Itacoatiara;<\/li>\n\n\n\n<li>Manaus; e<\/li>\n\n\n\n<li>Parintins.<\/li>\n<\/ul>\n\n\n\n<ul class=\"has-very-light-gray-to-cyan-bluish-gray-gradient-background has-background wp-block-list\">\n<li><strong>Concurso UFAM<\/strong><\/li>\n\n\n\n<li><strong>Status:<\/strong> inscri\u00e7\u00f5es encerradas<\/li>\n\n\n\n<li><strong>Vagas:<\/strong> 25<\/li>\n\n\n\n<li><strong>Escolaridade:<\/strong> n\u00edveis m\u00e9dio e superior<\/li>\n\n\n\n<li><strong>Sal\u00e1rios:<\/strong> R$ 2.667,19 at\u00e9 R$ 4.556,92<\/li>\n\n\n\n<li><strong>Edital<\/strong>: <a href=\"https:\/\/dhg1h5j42swfq.cloudfront.net\/2024\/07\/01075509\/edital-ufam-nivel-medio.pdf\">edital 2024 &#8211; N\u00edvel M\u00e9dio<\/a> \/ <a href=\"https:\/\/dhg1h5j42swfq.cloudfront.net\/2024\/07\/01075600\/edital-ufam-nivel-superior.pdf\">edital 2024 &#8211; N\u00edvel Superior <\/a><\/li>\n<\/ul>\n\n\n\n<h2 class=\"wp-block-heading\" id=\"h-edital-ufam-situacao-atual\">Edital UFAM: situa\u00e7\u00e3o atual <\/h2>\n\n\n\n<h3 class=\"wp-block-heading\" id=\"h-cronograma\">Cronograma <\/h3>\n\n\n\n<p class=\"has-very-light-gray-to-cyan-bluish-gray-gradient-background has-background\"><strong><s>Inscri\u00e7\u00f5es: 24\/07 a 15\/08\/2024<br \/><\/s>Provas: 15\/09\/2024<\/strong><\/p>\n\n\n\n<h2 class=\"wp-block-heading\" id=\"h-edital-ufam-carreira\">Edital UFAM: carreira<\/h2>\n\n\n\n<h3 class=\"wp-block-heading\" id=\"h-cargos-e-vagas\">Cargos e Vagas<\/h3>\n\n\n\n<ul class=\"wp-block-list\">\n<li><strong>T\u00e9cnico Administrativo \u2013 n\u00edvel m\u00e9dio \u2013 13 vagas, sendo:<\/strong><\/li>\n<\/ul>\n\n\n\n<p><\/p>\n\n\n\n<ul class=\"wp-block-list\">\n<li>T\u00e9cnico de Laborat\u00f3rio\/\u00c1rea: Cartografia: 1 vaga;<\/li>\n\n\n\n<li>T\u00e9cnico de Laborat\u00f3rio\/\u00c1rea: Mec\u00e2nica: 1 vaga;<\/li>\n\n\n\n<li>T\u00e9cnico em Contabilidade: 11 vagas.<\/li>\n<\/ul>\n\n\n\n<ul class=\"wp-block-list\">\n<li><strong>T\u00e9cnico Administrativo \u2013 n\u00edvel superior \u2013 12 vagas, sendo:<\/strong><\/li>\n<\/ul>\n\n\n\n<p><\/p>\n\n\n\n<ul class=\"wp-block-list\">\n<li>Auditor: 2 vagas;<\/li>\n\n\n\n<li>Estat\u00edstico: 1 vaga;<\/li>\n\n\n\n<li>Engenheiro\/\u00c1rea: Civil: 1 vaga;<\/li>\n\n\n\n<li>Engenheiro\/\u00c1rea: Mec\u00e2nica: 1 vaga;<\/li>\n\n\n\n<li>Fisioterapeuta: 1 vaga;<\/li>\n\n\n\n<li>M\u00e9dico\/\u00c1rea: Cl\u00ednico Geral: 2 vagas;<\/li>\n\n\n\n<li>M\u00e9dico Veterin\u00e1rio: 1 vaga; e<\/li>\n\n\n\n<li>T\u00e9cnicos em Assuntos Educacionais: 3 vagas.<\/li>\n<\/ul>\n\n\n\n<h3 class=\"wp-block-heading\" id=\"h-remuneracao\">Remunera\u00e7\u00e3o <\/h3>\n\n\n\n<ul class=\"wp-block-list\">\n<li>N\u00edvel m\u00e9dio: R$ 2.667,19<\/li>\n\n\n\n<li>N\u00edvel superior: R$ 4.556,92<\/li>\n<\/ul>\n\n\n\n<p>Os servidores far\u00e3o jus aos seguintes benef\u00edcios:<\/p>\n\n\n\n<ul class=\"wp-block-list\">\n<li>Percentual de Incentivo \u00e0 Qualifica\u00e7\u00e3o para os candidatos que possuam escolaridade superior \u00e0 exig\u00eancia para ocupa\u00e7\u00e3o do cargo;<\/li>\n\n\n\n<li>Aux\u00edlio Creche e Pr\u00e9-Escolar no valor de R$ 484,90 (quatrocentos e oitenta e quatro reais e noventa centavos) para dependentes legais com idade inferior a 06 anos;<\/li>\n\n\n\n<li>Aux\u00edlio alimenta\u00e7\u00e3o, estipulado em R$ 1.000,00 (mil reais);<\/li>\n\n\n\n<li>Vale Transporte conforme legisla\u00e7\u00e3o vigente.<\/li>\n<\/ul>\n\n\n\n<h3 class=\"wp-block-heading\" id=\"h-requisitos\">Requisitos<\/h3>\n\n\n\n<ul class=\"wp-block-list\">\n<li>T\u00e9cnico Administrativo \u2013 n\u00edvel m\u00e9dio: Ensino m\u00e9dio profissionalizante ou m\u00e9dio completo + curso t\u00e9cnico na \u00e1rea do cargo, reconhecido pelo MEC<\/li>\n\n\n\n<li>T\u00e9cnico Administrativo \u2013 n\u00edvel superior : n\u00edvel superior com forma\u00e7\u00e3o na respectiva \u00e1rea espec\u00edfica e registro no Conselho competente.<\/li>\n<\/ul>\n\n\n\n<h2 class=\"wp-block-heading\" id=\"h-etapas-do-concurso-ufam\">Etapas do concurso UFAM<\/h2>\n\n\n\n<p>Os candidatos ser\u00e3o avaliados por meio de uma \u00fanica etapa: a prova objetiva. A avalia\u00e7\u00e3o ser\u00e1 aplicada no dia 15 de setembro de 2024, nas seguintes cidades:<\/p>\n\n\n\n<ul class=\"wp-block-list\">\n<li>Benjamin Constant;<\/li>\n\n\n\n<li>Coari;<\/li>\n\n\n\n<li>Humait\u00e1;<\/li>\n\n\n\n<li>Itacoatiara;<\/li>\n\n\n\n<li>Manaus; e<\/li>\n\n\n\n<li>Parintins.<\/li>\n<\/ul>\n\n\n\n<p>As quest\u00f5es objetivas ter\u00e3o 05 (cinco) alternativas de resposta (\u201cA\u201d, \u201cB\u201d, \u201cC\u201d, \u201cD\u201d e \u201cE\u201d), das quais somente 01 (uma) ser\u00e1 correta. Veja, abaixo, a distribui\u00e7\u00e3o:<\/p>\n\n\n\n<ul class=\"wp-block-list\">\n<li>L\u00edngua Portuguesa: 10 quest\u00f5es;<\/li>\n\n\n\n<li>Legisla\u00e7\u00e3o: 10 quest\u00f5es;<\/li>\n\n\n\n<li>Conhecimentos Espec\u00edficos ao cargo: 25 quest\u00f5es.<\/li>\n<\/ul>\n\n\n\n<h2 class=\"wp-block-heading has-text-align-center\" id=\"h-quer-saber-tudo-sobre-concursos-previstos-confira-nossos-artigos\">Quer saber tudo sobre concursos previstos?<br \/>Confira nossos artigos!<\/h2>\n\n\n\n<ul class=\"wp-block-list\">\n<li><a href=\"https:\/\/www.estrategiaconcursos.com.br\/blog\/concursos-abertos\/\" target=\"_blank\" rel=\"noreferrer noopener\">Concursos abertos<\/a><\/li>\n<\/ul>\n\n\n\n<h2 class=\"wp-block-heading has-text-align-center\" id=\"cursos\">Cursos e Assinaturas<\/h2>\n\n\n\n<p class=\"has-text-align-center\"><strong><em>Gostou dessa oportunidade&nbsp;e deseja se preparar para este concurso?<\/em><\/strong><br \/><strong><em>Esteja mais preparado com nossos cursos. Acompanhe as novidades!<\/em><\/strong><\/p>\n\n\n\n<div class=\"col-sm\">\n      <div class=\"banner-estrategia\" id=\"box-assinatura\">\n        <h3 class=\"titulo-assinatura\">Cursos para UFAM<\/h3>\n        <p class=\"subtitulo-assinatura\">Conhe\u00e7a os cursos<\/p>\n        <div class=\"box-botao\">\n          <a class=\"btn-assinatura\" target=\"_blank\" href=\"https:\/\/www.estrategiaconcursos.com.br\/cursosPorConcurso\/universidade-federal-do-amazonas-ufam\/\" role=\"button\" rel=\"noopener noreferrer\">Conhe\u00e7a mais<\/a>\n        <\/div>\n      <\/div>\n      <p class=\"texto-auxiliar\">Prepare-se com o melhor material e com quem mais aprova em Concursos P\u00fablicos em todo o pa\u00eds.<\/p>\n    <\/div>\n\n\n\n<div class=\"container\" id=\"boxes\">\n  <div class=\"row\">\n\n    <div class=\"col-sm\">\n      <div class=\"estrategia\" id=\"box-assinatura\">\n        <h3 class=\"titulo-assinatura\">Assinatura de Concursos<\/h3>\n        <p class=\"subtitulo-assinatura\">Assinatura de 1 ou 2 anos<\/p>\n        <div class=\"box-botao\">\n          <a class=\"btn-assinatura\" target=\"_blank\" href=\"https:\/\/www.estrategiaconcursos.com.br\/assinaturas\/\" role=\"button\" rel=\"noopener noreferrer\">ASSINE AGORA<\/a>\n        <\/div>\n      <\/div>\n      <p <=\"\" p=\"\">\n    <\/p><\/div>\n\n    <div class=\"col-sm\">\n      <div class=\"questoes\" id=\"box-assinatura\">\n        <h3 class=\"titulo-assinatura\">Sistema de Quest\u00f5es<\/h3>\n        <p class=\"subtitulo-assinatura\">Assinatura de 1 ou 2 anos\n<\/p>\n        <div class=\"box-botao\">\n          <a class=\"btn-assinatura\" target=\"_blank\" href=\"https:\/\/www.estrategiaconcursos.com.br\/cursosPorConcurso\/sistema-de-questoes\/#\/\" role=\"button\" rel=\"noopener noreferrer\">ASSINE AGORA<\/a>\n        <\/div>\n      <\/div>\n      <p <=\"\" p=\"\">\n    <\/p><\/div>\n  <\/div>\n<\/div>\n\n\n\n<figure class=\"wp-block-image size-large\"><img loading=\"lazy\" decoding=\"async\" width=\"1024\" height=\"632\" src=\"https:\/\/dhg1h5j42swfq.cloudfront.net\/2021\/04\/27084917\/ficha-tecnica-173-1024x632.png\" alt=\"\" class=\"wp-image-724003\" srcset=\"https:\/\/dhg1h5j42swfq.cloudfront.net\/2021\/04\/27084917\/ficha-tecnica-173-1024x632.png 1024w, https:\/\/dhg1h5j42swfq.cloudfront.net\/2021\/04\/27084917\/ficha-tecnica-173-300x185.png 300w, https:\/\/dhg1h5j42swfq.cloudfront.net\/2021\/04\/27084917\/ficha-tecnica-173-768x474.png 768w, https:\/\/dhg1h5j42swfq.cloudfront.net\/2021\/04\/27084917\/ficha-tecnica-173-1536x948.png 1536w, https:\/\/dhg1h5j42swfq.cloudfront.net\/2021\/04\/27084917\/ficha-tecnica-173-610x377.png 610w, https:\/\/dhg1h5j42swfq.cloudfront.net\/2021\/04\/27084917\/ficha-tecnica-173.png 1571w\" sizes=\"auto, (max-width: 1024px) 100vw, 1024px\" \/><figcaption class=\"wp-element-caption\">\ufeff<\/figcaption><\/figure>\n\n\n\n<h3 class=\"wp-block-heading\" id=\"ficha\">Informa\u00e7\u00f5es sobre o concurso UFAM<\/h3>\n\n\n\n<p>\u25ba<strong>Data da prova<\/strong>: 15\/09\/2024<br \/>\u25ba<strong>Vagas<\/strong>: 25<br \/>\u25ba<strong>Cargos<\/strong>:&nbsp;T\u00e9cnico Administrativo<br \/>\u25ba<strong>Banca<\/strong>: UFAM<br \/>\u25ba<strong>Escolaridade<\/strong>: n\u00edveis m\u00e9dio e superior<br \/>\u25ba<strong>Edital:&nbsp;<\/strong><a href=\"https:\/\/dhg1h5j42swfq.cloudfront.net\/2024\/07\/01075509\/edital-ufam-nivel-medio.pdf\">edital 2024 &#8211; N\u00edvel M\u00e9dio<\/a> \/ <a href=\"https:\/\/dhg1h5j42swfq.cloudfront.net\/2024\/07\/01075600\/edital-ufam-nivel-superior.pdf\">edital 2024 &#8211; N\u00edvel Superior <\/a><\/p>\n","protected":false},"excerpt":{"rendered":"<p>ATEN\u00c7\u00c3O! Foi publicado o novo edital do&nbsp;concurso UFAM&nbsp;(Universidade Federal do Amazonas), com 25 vagas de n\u00edveis m\u00e9dio e superior e sal\u00e1rio inicial de at\u00e9 R$ 4.556,92. As inscri\u00e7\u00f5es puderam ser feitas entre os dias 24 de julho e 15 de agosto, no site da UFAM. A taxa de inscri\u00e7\u00e3o foi fixada em R$ 130,00 (N\u00edvel [&hellip;]<\/p>\n","protected":false},"author":1,"featured_media":708214,"comment_status":"open","ping_status":"closed","sticky":false,"template":"","format":"standard","meta":{"post_tipo":"news","footnotes":""},"categories":[3766],"tags":[],"tax_estado":[219966],"class_list":["post-1422615","post","type-post","status-publish","format-standard","has-post-thumbnail","hentry","category-educacional","tax_estado-am"],"acf":[],"yoast_head":"<!-- This site is optimized with the Yoast SEO Premium plugin v27.2 (Yoast SEO v27.2) - https:\/\/yoast.com\/product\/yoast-seo-premium-wordpress\/ -->\n<title>Edital UFAM 2024: provas em setembro; veja!<\/title>\n<meta name=\"description\" content=\"Edital UFAM 2024: novo certame oferta 25 vagas para cargos de n\u00edveis m\u00e9dio e superior. Saiba mais informa\u00e7\u00f5es neste artigo!\" \/>\n<meta name=\"robots\" content=\"index, follow, max-snippet:-1, max-image-preview:large, max-video-preview:-1\" \/>\n<link rel=\"canonical\" href=\"https:\/\/www.estrategiaconcursos.com.br\/blog\/edital-ufam-2024-tae\/\" \/>\n<meta property=\"og:locale\" content=\"pt_BR\" \/>\n<meta property=\"og:type\" content=\"article\" \/>\n<meta property=\"og:title\" content=\"Edital UFAM 2024: provas em setembro; veja!\" \/>\n<meta property=\"og:description\" content=\"Edital UFAM 2024: novo certame oferta 25 vagas para cargos de n\u00edveis m\u00e9dio e superior. Saiba mais informa\u00e7\u00f5es neste artigo!\" \/>\n<meta property=\"og:url\" content=\"https:\/\/www.estrategiaconcursos.com.br\/blog\/edital-ufam-2024-tae\/\" \/>\n<meta property=\"og:site_name\" content=\"Estrat\u00e9gia Concursos\" \/>\n<meta property=\"article:author\" content=\"https:\/\/www.facebook.com\/EstrategiaConcursos\" \/>\n<meta property=\"article:published_time\" content=\"2024-07-24T13:30:00+00:00\" \/>\n<meta property=\"article:modified_time\" content=\"2024-08-16T20:55:14+00:00\" \/>\n<meta property=\"og:image\" content=\"https:\/\/dhg1h5j42swfq.cloudfront.net\/2021\/04\/06103553\/ufam.jpg\" \/>\n\t<meta property=\"og:image:width\" content=\"600\" \/>\n\t<meta property=\"og:image:height\" content=\"400\" \/>\n\t<meta property=\"og:image:type\" content=\"image\/jpeg\" \/>\n<meta name=\"author\" content=\"Coordena\u00e7\u00e3o\" \/>\n<meta name=\"twitter:card\" content=\"summary_large_image\" \/>\n<meta name=\"twitter:creator\" content=\"@EstratConcursos\" \/>\n<meta name=\"twitter:site\" content=\"@EstratConcursos\" \/>\n<meta name=\"twitter:label1\" content=\"Escrito por\" \/>\n\t<meta name=\"twitter:data1\" content=\"Coordena\u00e7\u00e3o\" \/>\n\t<meta name=\"twitter:label2\" content=\"Est. tempo de leitura\" \/>\n\t<meta name=\"twitter:data2\" content=\"3 minutos\" \/>\n<script type=\"application\/ld+json\" class=\"yoast-schema-graph\">{\"@context\":\"https:\/\/schema.org\",\"@graph\":[{\"@type\":\"NewsArticle\",\"@id\":\"https:\/\/www.estrategiaconcursos.com.br\/blog\/edital-ufam-2024-tae\/#article\",\"isPartOf\":{\"@id\":\"https:\/\/www.estrategiaconcursos.com.br\/blog\/edital-ufam-2024-tae\/\"},\"author\":{\"name\":\"Coordena\u00e7\u00e3o\",\"@id\":\"https:\/\/www.estrategiaconcursos.com.br\/blog\/#\/schema\/person\/b4a388c97673c5f483d72185668afa1f\"},\"headline\":\"Edital UFAM 2024: provas em setembro; veja!\",\"datePublished\":\"2024-07-24T13:30:00+00:00\",\"dateModified\":\"2024-08-16T20:55:14+00:00\",\"mainEntityOfPage\":{\"@id\":\"https:\/\/www.estrategiaconcursos.com.br\/blog\/edital-ufam-2024-tae\/\"},\"wordCount\":513,\"commentCount\":0,\"publisher\":{\"@id\":\"https:\/\/www.estrategiaconcursos.com.br\/blog\/#organization\"},\"image\":{\"@id\":\"https:\/\/www.estrategiaconcursos.com.br\/blog\/edital-ufam-2024-tae\/#primaryimage\"},\"thumbnailUrl\":\"https:\/\/dhg1h5j42swfq.cloudfront.net\/2021\/04\/06103553\/ufam.jpg\",\"articleSection\":[\"Educa\u00e7\u00e3o\"],\"inLanguage\":\"pt-BR\",\"potentialAction\":[{\"@type\":\"CommentAction\",\"name\":\"Comment\",\"target\":[\"https:\/\/www.estrategiaconcursos.com.br\/blog\/edital-ufam-2024-tae\/#respond\"]}],\"copyrightYear\":\"2024\",\"copyrightHolder\":{\"@id\":\"https:\/\/www.estrategiaconcursos.com.br\/blog\/#organization\"}},{\"@type\":\"WebPage\",\"@id\":\"https:\/\/www.estrategiaconcursos.com.br\/blog\/edital-ufam-2024-tae\/\",\"url\":\"https:\/\/www.estrategiaconcursos.com.br\/blog\/edital-ufam-2024-tae\/\",\"name\":\"Edital UFAM 2024: provas em setembro; veja!\",\"isPartOf\":{\"@id\":\"https:\/\/www.estrategiaconcursos.com.br\/blog\/#website\"},\"primaryImageOfPage\":{\"@id\":\"https:\/\/www.estrategiaconcursos.com.br\/blog\/edital-ufam-2024-tae\/#primaryimage\"},\"image\":{\"@id\":\"https:\/\/www.estrategiaconcursos.com.br\/blog\/edital-ufam-2024-tae\/#primaryimage\"},\"thumbnailUrl\":\"https:\/\/dhg1h5j42swfq.cloudfront.net\/2021\/04\/06103553\/ufam.jpg\",\"datePublished\":\"2024-07-24T13:30:00+00:00\",\"dateModified\":\"2024-08-16T20:55:14+00:00\",\"description\":\"Edital UFAM 2024: novo certame oferta 25 vagas para cargos de n\u00edveis m\u00e9dio e superior. Saiba mais informa\u00e7\u00f5es neste artigo!\",\"breadcrumb\":{\"@id\":\"https:\/\/www.estrategiaconcursos.com.br\/blog\/edital-ufam-2024-tae\/#breadcrumb\"},\"inLanguage\":\"pt-BR\",\"potentialAction\":[{\"@type\":\"ReadAction\",\"target\":[\"https:\/\/www.estrategiaconcursos.com.br\/blog\/edital-ufam-2024-tae\/\"]}]},{\"@type\":\"ImageObject\",\"inLanguage\":\"pt-BR\",\"@id\":\"https:\/\/www.estrategiaconcursos.com.br\/blog\/edital-ufam-2024-tae\/#primaryimage\",\"url\":\"https:\/\/dhg1h5j42swfq.cloudfront.net\/2021\/04\/06103553\/ufam.jpg\",\"contentUrl\":\"https:\/\/dhg1h5j42swfq.cloudfront.net\/2021\/04\/06103553\/ufam.jpg\",\"width\":600,\"height\":400,\"caption\":\"UFAM\"},{\"@type\":\"BreadcrumbList\",\"@id\":\"https:\/\/www.estrategiaconcursos.com.br\/blog\/edital-ufam-2024-tae\/#breadcrumb\",\"itemListElement\":[{\"@type\":\"ListItem\",\"position\":1,\"name\":\"In\u00edcio\",\"item\":\"https:\/\/www.estrategiaconcursos.com.br\/blog\/\"},{\"@type\":\"ListItem\",\"position\":2,\"name\":\"Edital UFAM 2024: provas em setembro; veja!\"}]},{\"@type\":\"WebSite\",\"@id\":\"https:\/\/www.estrategiaconcursos.com.br\/blog\/#website\",\"url\":\"https:\/\/www.estrategiaconcursos.com.br\/blog\/\",\"name\":\"Estrat\u00e9gia Concursos\",\"description\":\"O blog da Estrat\u00e9gia Concursos traz not\u00edcias sobre concursos e artigos de professores oferecendo cursos para concursos (pdf + videaulas) no site.\",\"publisher\":{\"@id\":\"https:\/\/www.estrategiaconcursos.com.br\/blog\/#organization\"},\"potentialAction\":[{\"@type\":\"SearchAction\",\"target\":{\"@type\":\"EntryPoint\",\"urlTemplate\":\"https:\/\/www.estrategiaconcursos.com.br\/blog\/?s={search_term_string}\"},\"query-input\":{\"@type\":\"PropertyValueSpecification\",\"valueRequired\":true,\"valueName\":\"search_term_string\"}}],\"inLanguage\":\"pt-BR\"},{\"@type\":\"Organization\",\"@id\":\"https:\/\/www.estrategiaconcursos.com.br\/blog\/#organization\",\"name\":\"Estrat\u00e9gia Concursos\",\"url\":\"https:\/\/www.estrategiaconcursos.com.br\/blog\/\",\"logo\":{\"@type\":\"ImageObject\",\"inLanguage\":\"pt-BR\",\"@id\":\"https:\/\/www.estrategiaconcursos.com.br\/blog\/#\/schema\/logo\/image\/\",\"url\":\"https:\/\/dhg1h5j42swfq.cloudfront.net\/2025\/06\/03203428\/logo_concursos-1.jpg\",\"contentUrl\":\"https:\/\/dhg1h5j42swfq.cloudfront.net\/2025\/06\/03203428\/logo_concursos-1.jpg\",\"width\":230,\"height\":60,\"caption\":\"Estrat\u00e9gia Concursos\"},\"image\":{\"@id\":\"https:\/\/www.estrategiaconcursos.com.br\/blog\/#\/schema\/logo\/image\/\"},\"sameAs\":[\"https:\/\/x.com\/EstratConcursos\"]},{\"@type\":\"Person\",\"@id\":\"https:\/\/www.estrategiaconcursos.com.br\/blog\/#\/schema\/person\/b4a388c97673c5f483d72185668afa1f\",\"name\":\"Coordena\u00e7\u00e3o\",\"image\":{\"@type\":\"ImageObject\",\"inLanguage\":\"pt-BR\",\"@id\":\"https:\/\/secure.gravatar.com\/avatar\/b720319e4c9a967eb58678d110f4fe35452fc5d5f97b202bac7b8acceb18c6ad?s=96&d=mm&r=g\",\"url\":\"https:\/\/secure.gravatar.com\/avatar\/b720319e4c9a967eb58678d110f4fe35452fc5d5f97b202bac7b8acceb18c6ad?s=96&d=mm&r=g\",\"contentUrl\":\"https:\/\/secure.gravatar.com\/avatar\/b720319e4c9a967eb58678d110f4fe35452fc5d5f97b202bac7b8acceb18c6ad?s=96&d=mm&r=g\",\"caption\":\"Coordena\u00e7\u00e3o\"},\"sameAs\":[\"https:\/\/www.facebook.com\/EstrategiaConcursos\",\"https:\/\/x.com\/EstratConcursos\"],\"url\":\"https:\/\/www.estrategiaconcursos.com.br\/blog\/author\/estrategia2013\/\"}]}<\/script>\n<!-- \/ Yoast SEO Premium plugin. -->","yoast_head_json":{"title":"Edital UFAM 2024: provas em setembro; veja!","description":"Edital UFAM 2024: novo certame oferta 25 vagas para cargos de n\u00edveis m\u00e9dio e superior. Saiba mais informa\u00e7\u00f5es neste artigo!","robots":{"index":"index","follow":"follow","max-snippet":"max-snippet:-1","max-image-preview":"max-image-preview:large","max-video-preview":"max-video-preview:-1"},"canonical":"https:\/\/www.estrategiaconcursos.com.br\/blog\/edital-ufam-2024-tae\/","og_locale":"pt_BR","og_type":"article","og_title":"Edital UFAM 2024: provas em setembro; veja!","og_description":"Edital UFAM 2024: novo certame oferta 25 vagas para cargos de n\u00edveis m\u00e9dio e superior. Saiba mais informa\u00e7\u00f5es neste artigo!","og_url":"https:\/\/www.estrategiaconcursos.com.br\/blog\/edital-ufam-2024-tae\/","og_site_name":"Estrat\u00e9gia Concursos","article_author":"https:\/\/www.facebook.com\/EstrategiaConcursos","article_published_time":"2024-07-24T13:30:00+00:00","article_modified_time":"2024-08-16T20:55:14+00:00","og_image":[{"width":600,"height":400,"url":"https:\/\/dhg1h5j42swfq.cloudfront.net\/2021\/04\/06103553\/ufam.jpg","type":"image\/jpeg"}],"author":"Coordena\u00e7\u00e3o","twitter_card":"summary_large_image","twitter_creator":"@EstratConcursos","twitter_site":"@EstratConcursos","twitter_misc":{"Escrito por":"Coordena\u00e7\u00e3o","Est. tempo de leitura":"3 minutos"},"schema":{"@context":"https:\/\/schema.org","@graph":[{"@type":"NewsArticle","@id":"https:\/\/www.estrategiaconcursos.com.br\/blog\/edital-ufam-2024-tae\/#article","isPartOf":{"@id":"https:\/\/www.estrategiaconcursos.com.br\/blog\/edital-ufam-2024-tae\/"},"author":{"name":"Coordena\u00e7\u00e3o","@id":"https:\/\/www.estrategiaconcursos.com.br\/blog\/#\/schema\/person\/b4a388c97673c5f483d72185668afa1f"},"headline":"Edital UFAM 2024: provas em setembro; veja!","datePublished":"2024-07-24T13:30:00+00:00","dateModified":"2024-08-16T20:55:14+00:00","mainEntityOfPage":{"@id":"https:\/\/www.estrategiaconcursos.com.br\/blog\/edital-ufam-2024-tae\/"},"wordCount":513,"commentCount":0,"publisher":{"@id":"https:\/\/www.estrategiaconcursos.com.br\/blog\/#organization"},"image":{"@id":"https:\/\/www.estrategiaconcursos.com.br\/blog\/edital-ufam-2024-tae\/#primaryimage"},"thumbnailUrl":"https:\/\/dhg1h5j42swfq.cloudfront.net\/2021\/04\/06103553\/ufam.jpg","articleSection":["Educa\u00e7\u00e3o"],"inLanguage":"pt-BR","potentialAction":[{"@type":"CommentAction","name":"Comment","target":["https:\/\/www.estrategiaconcursos.com.br\/blog\/edital-ufam-2024-tae\/#respond"]}],"copyrightYear":"2024","copyrightHolder":{"@id":"https:\/\/www.estrategiaconcursos.com.br\/blog\/#organization"}},{"@type":"WebPage","@id":"https:\/\/www.estrategiaconcursos.com.br\/blog\/edital-ufam-2024-tae\/","url":"https:\/\/www.estrategiaconcursos.com.br\/blog\/edital-ufam-2024-tae\/","name":"Edital UFAM 2024: provas em setembro; veja!","isPartOf":{"@id":"https:\/\/www.estrategiaconcursos.com.br\/blog\/#website"},"primaryImageOfPage":{"@id":"https:\/\/www.estrategiaconcursos.com.br\/blog\/edital-ufam-2024-tae\/#primaryimage"},"image":{"@id":"https:\/\/www.estrategiaconcursos.com.br\/blog\/edital-ufam-2024-tae\/#primaryimage"},"thumbnailUrl":"https:\/\/dhg1h5j42swfq.cloudfront.net\/2021\/04\/06103553\/ufam.jpg","datePublished":"2024-07-24T13:30:00+00:00","dateModified":"2024-08-16T20:55:14+00:00","description":"Edital UFAM 2024: novo certame oferta 25 vagas para cargos de n\u00edveis m\u00e9dio e superior. Saiba mais informa\u00e7\u00f5es neste artigo!","breadcrumb":{"@id":"https:\/\/www.estrategiaconcursos.com.br\/blog\/edital-ufam-2024-tae\/#breadcrumb"},"inLanguage":"pt-BR","potentialAction":[{"@type":"ReadAction","target":["https:\/\/www.estrategiaconcursos.com.br\/blog\/edital-ufam-2024-tae\/"]}]},{"@type":"ImageObject","inLanguage":"pt-BR","@id":"https:\/\/www.estrategiaconcursos.com.br\/blog\/edital-ufam-2024-tae\/#primaryimage","url":"https:\/\/dhg1h5j42swfq.cloudfront.net\/2021\/04\/06103553\/ufam.jpg","contentUrl":"https:\/\/dhg1h5j42swfq.cloudfront.net\/2021\/04\/06103553\/ufam.jpg","width":600,"height":400,"caption":"UFAM"},{"@type":"BreadcrumbList","@id":"https:\/\/www.estrategiaconcursos.com.br\/blog\/edital-ufam-2024-tae\/#breadcrumb","itemListElement":[{"@type":"ListItem","position":1,"name":"In\u00edcio","item":"https:\/\/www.estrategiaconcursos.com.br\/blog\/"},{"@type":"ListItem","position":2,"name":"Edital UFAM 2024: provas em setembro; veja!"}]},{"@type":"WebSite","@id":"https:\/\/www.estrategiaconcursos.com.br\/blog\/#website","url":"https:\/\/www.estrategiaconcursos.com.br\/blog\/","name":"Estrat\u00e9gia Concursos","description":"O blog da Estrat\u00e9gia Concursos traz not\u00edcias sobre concursos e artigos de professores oferecendo cursos para concursos (pdf + videaulas) no site.","publisher":{"@id":"https:\/\/www.estrategiaconcursos.com.br\/blog\/#organization"},"potentialAction":[{"@type":"SearchAction","target":{"@type":"EntryPoint","urlTemplate":"https:\/\/www.estrategiaconcursos.com.br\/blog\/?s={search_term_string}"},"query-input":{"@type":"PropertyValueSpecification","valueRequired":true,"valueName":"search_term_string"}}],"inLanguage":"pt-BR"},{"@type":"Organization","@id":"https:\/\/www.estrategiaconcursos.com.br\/blog\/#organization","name":"Estrat\u00e9gia Concursos","url":"https:\/\/www.estrategiaconcursos.com.br\/blog\/","logo":{"@type":"ImageObject","inLanguage":"pt-BR","@id":"https:\/\/www.estrategiaconcursos.com.br\/blog\/#\/schema\/logo\/image\/","url":"https:\/\/dhg1h5j42swfq.cloudfront.net\/2025\/06\/03203428\/logo_concursos-1.jpg","contentUrl":"https:\/\/dhg1h5j42swfq.cloudfront.net\/2025\/06\/03203428\/logo_concursos-1.jpg","width":230,"height":60,"caption":"Estrat\u00e9gia Concursos"},"image":{"@id":"https:\/\/www.estrategiaconcursos.com.br\/blog\/#\/schema\/logo\/image\/"},"sameAs":["https:\/\/x.com\/EstratConcursos"]},{"@type":"Person","@id":"https:\/\/www.estrategiaconcursos.com.br\/blog\/#\/schema\/person\/b4a388c97673c5f483d72185668afa1f","name":"Coordena\u00e7\u00e3o","image":{"@type":"ImageObject","inLanguage":"pt-BR","@id":"https:\/\/secure.gravatar.com\/avatar\/b720319e4c9a967eb58678d110f4fe35452fc5d5f97b202bac7b8acceb18c6ad?s=96&d=mm&r=g","url":"https:\/\/secure.gravatar.com\/avatar\/b720319e4c9a967eb58678d110f4fe35452fc5d5f97b202bac7b8acceb18c6ad?s=96&d=mm&r=g","contentUrl":"https:\/\/secure.gravatar.com\/avatar\/b720319e4c9a967eb58678d110f4fe35452fc5d5f97b202bac7b8acceb18c6ad?s=96&d=mm&r=g","caption":"Coordena\u00e7\u00e3o"},"sameAs":["https:\/\/www.facebook.com\/EstrategiaConcursos","https:\/\/x.com\/EstratConcursos"],"url":"https:\/\/www.estrategiaconcursos.com.br\/blog\/author\/estrategia2013\/"}]}},"_links":{"self":[{"href":"https:\/\/www.estrategiaconcursos.com.br\/blog\/wp-json\/wp\/v2\/posts\/1422615","targetHints":{"allow":["GET"]}}],"collection":[{"href":"https:\/\/www.estrategiaconcursos.com.br\/blog\/wp-json\/wp\/v2\/posts"}],"about":[{"href":"https:\/\/www.estrategiaconcursos.com.br\/blog\/wp-json\/wp\/v2\/types\/post"}],"author":[{"embeddable":true,"href":"https:\/\/www.estrategiaconcursos.com.br\/blog\/wp-json\/wp\/v2\/users\/1"}],"replies":[{"embeddable":true,"href":"https:\/\/www.estrategiaconcursos.com.br\/blog\/wp-json\/wp\/v2\/comments?post=1422615"}],"version-history":[{"count":14,"href":"https:\/\/www.estrategiaconcursos.com.br\/blog\/wp-json\/wp\/v2\/posts\/1422615\/revisions"}],"predecessor-version":[{"id":1446788,"href":"https:\/\/www.estrategiaconcursos.com.br\/blog\/wp-json\/wp\/v2\/posts\/1422615\/revisions\/1446788"}],"wp:featuredmedia":[{"embeddable":true,"href":"https:\/\/www.estrategiaconcursos.com.br\/blog\/wp-json\/wp\/v2\/media\/708214"}],"wp:attachment":[{"href":"https:\/\/www.estrategiaconcursos.com.br\/blog\/wp-json\/wp\/v2\/media?parent=1422615"}],"wp:term":[{"taxonomy":"category","embeddable":true,"href":"https:\/\/www.estrategiaconcursos.com.br\/blog\/wp-json\/wp\/v2\/categories?post=1422615"},{"taxonomy":"post_tag","embeddable":true,"href":"https:\/\/www.estrategiaconcursos.com.br\/blog\/wp-json\/wp\/v2\/tags?post=1422615"},{"taxonomy":"tax_estado","embeddable":true,"href":"https:\/\/www.estrategiaconcursos.com.br\/blog\/wp-json\/wp\/v2\/tax_estado?post=1422615"}],"curies":[{"name":"wp","href":"https:\/\/api.w.org\/{rel}","templated":true}]}}