{"id":1419250,"date":"2024-08-16T11:00:00","date_gmt":"2024-08-16T14:00:00","guid":{"rendered":"https:\/\/www.estrategiaconcursos.com.br\/blog\/?p=1419250"},"modified":"2024-08-16T16:03:55","modified_gmt":"2024-08-16T19:03:55","slug":"ministerio-publico-eleitoral-tse-tre-unificado","status":"publish","type":"post","link":"https:\/\/www.estrategiaconcursos.com.br\/blog\/ministerio-publico-eleitoral-tse-tre-unificado\/","title":{"rendered":"Forma\u00e7\u00e3o do Minist\u00e9rio P\u00fablico Eleitoral"},"content":{"rendered":"\n<h2 class=\"wp-block-heading\" id=\"h-ministerio-publico-eleitoral-nbsp-nbsp-nbsp\"><strong>Minist\u00e9rio P\u00fablico Eleitoral&nbsp;&nbsp;<\/strong>&nbsp;<\/h2>\n\n\n\n<p>Ol\u00e1, caro aluno! Como est\u00e1 indo sua jornada de estudos? O objetivo deste artigo \u00e9 explicar a forma\u00e7\u00e3o do Minist\u00e9rio P\u00fablico Eleitoral. Entenda a estrutura e as responsabilidades desse importante \u00f3rg\u00e3o na justi\u00e7a eleitoral brasileira.<\/p>\n\n\n\n<p>Antes de iniciarmos os estudos, \u00e9 essencial que voc\u00ea compreenda algumas premissas importantes:<\/p>\n\n\n\n<ol class=\"wp-block-list\" start=\"1\">\n<li><strong>Primeira premissa<\/strong>: n\u00e3o existe um Minist\u00e9rio P\u00fablico Eleitoral como \u00f3rg\u00e3o independente; o que existe \u00e9 a atua\u00e7\u00e3o do Minist\u00e9rio P\u00fablico junto \u00e0 Justi\u00e7a Eleitoral.&nbsp;<\/li>\n<\/ol>\n\n\n\n<ol class=\"wp-block-list\" start=\"2\">\n<li><strong>Segunda premissa<\/strong>: j\u00e1 que n\u00e3o existe um Minist\u00e9rio P\u00fablico Eleitoral propriamente dito, a forma\u00e7\u00e3o do Minist\u00e9rio P\u00fablico perante a Justi\u00e7a Eleitoral ocorre por meio de membros do Minist\u00e9rio P\u00fablico que j\u00e1 integram a estrutura do Minist\u00e9rio P\u00fablico.&nbsp;<\/li>\n<\/ol>\n\n\n\n<p>Para fins did\u00e1ticos usaremos no texto a express\u00e3o Minist\u00e9rio P\u00fablico Eleitoral para facilitar o aprendizado, por\u00e9m lembre-se sempre das premissas apresentadas.<\/p>\n\n\n\n<p>Sem mais delongas, vamos prosseguir com os estudos sobre a atua\u00e7\u00e3o do Minist\u00e9rio P\u00fablico Eleitoral.<\/p>\n\n\n\n<figure class=\"wp-block-image\"><img decoding=\"async\" src=\"https:\/\/www.mpf.mp.br\/o-mpf\/sobre-o-mpf\/imagens\/infografico-mp.png\" alt=\"A imagem tem como finalidade demostrar a composi\u00e7\u00e3o do Minist\u00e9rio P\u00fablico \"\/><\/figure>\n\n\n\n<p>&nbsp;https:\/\/www.mpf.mp.br\/o-mpf\/sobre-o-mpf<\/p>\n\n\n\n<h2 class=\"wp-block-heading\" id=\"h-principio-da-delegacao-e-federalizacao-nbsp\">Princ\u00edpio da Delega\u00e7\u00e3o e Federaliza\u00e7\u00e3o&nbsp;<\/h2>\n\n\n\n<p>No tocante \u00e0 atua\u00e7\u00e3o do Minist\u00e9rio P\u00fablico perante a Justi\u00e7a Eleitoral, destacam-se a import\u00e2ncia do princ\u00edpio da Federaliza\u00e7\u00e3o e do princ\u00edpio da Delega\u00e7\u00e3o.<\/p>\n\n\n\n<p>O princ\u00edpio da federaliza\u00e7\u00e3o estabelece que as atividades do Minist\u00e9rio P\u00fablico perante a Justi\u00e7a Eleitoral devem ser primordialmente exercidas pelo Minist\u00e9rio P\u00fablico Federal (MPF). Isso assegura a uniformiza\u00e7\u00e3o da Justi\u00e7a Eleitoral em car\u00e1ter nacional.<\/p>\n\n\n\n<p>J\u00e1 o princ\u00edpio da delega\u00e7\u00e3o relativiza o princ\u00edpio da federaliza\u00e7\u00e3o, sendo pautado, essencialmente, na impossibilidade de o Minist\u00e9rio P\u00fablico Federal atender a todas as zonas eleitorais existentes em nosso territ\u00f3rio.<\/p>\n\n\n\n<p>Por meio da delega\u00e7\u00e3o, as atividades do Minist\u00e9rio P\u00fablico junto aos Ju\u00edzes e Juntas Eleitorais de primeira inst\u00e2ncia s\u00e3o exercidas, mediante delega\u00e7\u00e3o, por Promotores do Minist\u00e9rio P\u00fablico Estadual.<\/p>\n\n\n\n<figure class=\"wp-block-table\"><table><tbody><tr><td>Princ\u00edpio da Federaliza\u00e7\u00e3o&nbsp;<\/td><td>Princ\u00edpio da Delega\u00e7\u00e3o&nbsp;<\/td><\/tr><tr><td>O princ\u00edpio da federaliza\u00e7\u00e3o estabelece que as atividades do Minist\u00e9rio P\u00fablico perante a Justi\u00e7a Eleitoral devem ser primordialmente exercidas pelo Minist\u00e9rio P\u00fablico Federal (MPF).&nbsp;&nbsp;&nbsp;<\/td><td>O princ\u00edpio da delega\u00e7\u00e3o \u00e9 uma relativiza\u00e7\u00e3o do princ\u00edpio da federaliza\u00e7\u00e3o, estando pautado, basicamente, na impossibilidade de o Minist\u00e9rio P\u00fablico Federal atender a todas as Zonas Eleitorais existentes em nosso territ\u00f3rio.&nbsp;Por meio da delega\u00e7\u00e3o, a atividade do Minist\u00e9rio P\u00fablico junto aos Ju\u00edzes e Juntas Eleitorais (1\u00aa inst\u00e2ncia) \u00e9 exercida, mediante delega\u00e7\u00e3o, por Promotores do Minist\u00e9rio P\u00fablico Estadual.&nbsp;<\/td><\/tr><\/tbody><\/table><figcaption class=\"wp-element-caption\">Princ\u00edpios norteadores do Minist\u00e9rio P\u00fablico Eleitoral<\/figcaption><\/figure>\n\n\n\n<p><\/p>\n\n\n\n<figure class=\"wp-block-image size-full is-style-default\"><img loading=\"lazy\" decoding=\"async\" width=\"620\" height=\"300\" src=\"https:\/\/dhg1h5j42swfq.cloudfront.net\/2024\/07\/12000831\/predio-tse.jpeg\" alt=\"Pr\u00e9dio TSE, \u00d3rg\u00e3o M\u00e1ximo Justi\u00e7a eleitoral, Foto: Antonio Augusto\/Secom\/TSE - 03.04.2023\" class=\"wp-image-1429181\" srcset=\"https:\/\/dhg1h5j42swfq.cloudfront.net\/2024\/07\/12000831\/predio-tse.jpeg 620w, https:\/\/dhg1h5j42swfq.cloudfront.net\/2024\/07\/12000831\/predio-tse-300x145.jpeg 300w, https:\/\/dhg1h5j42swfq.cloudfront.net\/2024\/07\/12000831\/predio-tse-610x295.jpeg 610w, https:\/\/dhg1h5j42swfq.cloudfront.net\/2024\/07\/12000831\/predio-tse-150x73.jpeg 150w\" sizes=\"auto, (max-width: 620px) 100vw, 620px\" \/><figcaption class=\"wp-element-caption\">Pr\u00e9dio TSE, \u00d3rg\u00e3o M\u00e1ximo Justi\u00e7a eleitoral, Foto: Antonio Augusto\/Secom\/TSE &#8211; 03.04.2023<\/figcaption><\/figure>\n\n\n\n<p><\/p>\n\n\n\n<h2 class=\"wp-block-heading\" id=\"h-atuacao-do-ministerio-publico-na-justica-eleitoral-nbsp\"><strong>Atua\u00e7\u00e3o do Minist\u00e9rio Publico<\/strong> na Justi\u00e7a Eleitoral &nbsp;<\/h2>\n\n\n\n<p>A Justi\u00e7a Eleitoral \u00e9 composta pelo Tribunal Superior Eleitoral (TSE), pelos Tribunais Regionais Eleitorais (TREs) e, em primeira inst\u00e2ncia, pelos ju\u00edzes eleitorais e juntas eleitorais. O membro do Minist\u00e9rio P\u00fablico respons\u00e1vel por atuar em cada caso ser\u00e1 determinado pelo \u00f3rg\u00e3o eleitoral competente para analisar a demanda.<\/p>\n\n\n\n<p>Assim, se a compet\u00eancia for do TSE, o maior \u00f3rg\u00e3o da Justi\u00e7a Eleitoral, o Procurador Geral Eleitoral, a mais alta autoridade do Minist\u00e9rio P\u00fablico Eleitoral, ser\u00e1 o respons\u00e1vel. Se a demanda for compet\u00eancia de um TRE, a atua\u00e7\u00e3o caber\u00e1 ao Procurador Regional Eleitoral. Por fim, se a compet\u00eancia for da primeira inst\u00e2ncia eleitoral, composta pelas juntas e ju\u00edzes eleitorais, a responsabilidade ser\u00e1 do promotor eleitoral.<\/p>\n\n\n\n<figure class=\"wp-block-image size-full is-resized is-style-default\"><img loading=\"lazy\" decoding=\"async\" width=\"743\" height=\"142\" src=\"https:\/\/dhg1h5j42swfq.cloudfront.net\/2024\/06\/24003658\/image-545.png\" alt=\"A imagem tem como finalidade demostrar  a forma\u00e7\u00e3o do Minist\u00e9rio P\u00fablico Eleitoral:  a atua\u00e7\u00e3o do Procurados Geral Eleitoral perante o TSE;  a a atua\u00e7\u00e3o do Procurador Regional Eleitoral perante o TRE; a atua\u00e7\u00e3o do Promotor Eleitoral perante o juiz eleitoral e a Junta Eleitoral.\" class=\"wp-image-1419251\" style=\"width:844px;height:auto\" srcset=\"https:\/\/dhg1h5j42swfq.cloudfront.net\/2024\/06\/24003658\/image-545.png 743w, https:\/\/dhg1h5j42swfq.cloudfront.net\/2024\/06\/24003658\/image-545-300x57.png 300w, https:\/\/dhg1h5j42swfq.cloudfront.net\/2024\/06\/24003658\/image-545-610x117.png 610w, https:\/\/dhg1h5j42swfq.cloudfront.net\/2024\/06\/24003658\/image-545-150x29.png 150w\" sizes=\"auto, (max-width: 743px) 100vw, 743px\" \/><\/figure>\n\n\n\n<h2 class=\"wp-block-heading\" id=\"h-atuacao-do-procurador-geral-eleitoral-no-ministerio-publico-eleitoral-nbsp\"><strong>Atua\u00e7\u00e3o do Procurador Geral Eleitoral no Minist\u00e9rio P\u00fablico Eleitoral &nbsp;<\/strong><\/h2>\n\n\n\n<p>A forma\u00e7\u00e3o e atua\u00e7\u00e3o do Minist\u00e9rio P\u00fablico perante o Tribunal Superior Eleitoral ser\u00e1 conduzida pelo Procurador Geral Eleitoral, que tamb\u00e9m ocupa o cargo de Procurador Geral da Rep\u00fablica quando n\u00e3o est\u00e1 atuando na Justi\u00e7a Eleitoral.<\/p>\n\n\n\n<figure class=\"wp-block-image alignleft size-large is-resized\"><img loading=\"lazy\" decoding=\"async\" width=\"771\" height=\"1024\" src=\"https:\/\/dhg1h5j42swfq.cloudfront.net\/2024\/06\/24214732\/business-man-8328082_1920-771x1024.jpg\" alt=\"\" class=\"wp-image-1419742\" style=\"width:163px;height:auto\" srcset=\"https:\/\/dhg1h5j42swfq.cloudfront.net\/2024\/06\/24214732\/business-man-8328082_1920-771x1024.jpg 771w, https:\/\/dhg1h5j42swfq.cloudfront.net\/2024\/06\/24214732\/business-man-8328082_1920-226x300.jpg 226w, https:\/\/dhg1h5j42swfq.cloudfront.net\/2024\/06\/24214732\/business-man-8328082_1920-768x1020.jpg 768w, https:\/\/dhg1h5j42swfq.cloudfront.net\/2024\/06\/24214732\/business-man-8328082_1920-1157x1536.jpg 1157w, https:\/\/dhg1h5j42swfq.cloudfront.net\/2024\/06\/24214732\/business-man-8328082_1920-610x810.jpg 610w, https:\/\/dhg1h5j42swfq.cloudfront.net\/2024\/06\/24214732\/business-man-8328082_1920-150x199.jpg 150w, https:\/\/dhg1h5j42swfq.cloudfront.net\/2024\/06\/24214732\/business-man-8328082_1920.jpg 1446w\" sizes=\"auto, (max-width: 771px) 100vw, 771px\" \/><\/figure>\n\n\n\n<p><strong>Dica para memorizar: <\/strong>Pense no procurador Geral Eleitoral como super-homem salvando o dia ( clark kent&nbsp; e super-homem s\u00e3o as mesmas pessoas, mas com atribui\u00e7\u00f5es diferentes) .&nbsp;<\/p>\n\n\n\n<p><\/p>\n\n\n\n<p><\/p>\n\n\n\n<p>Para ficar mais f\u00e1cil memorizar&nbsp;ainda:<\/p>\n\n\n\n<blockquote class=\"wp-block-quote is-layout-flow wp-block-quote-is-layout-flow\">\n<p class=\"has-text-align-center\"><strong>PROCURADOR <mark style=\"background-color:#7bdcb5\" class=\"has-inline-color\">GERAL ELEITORA <\/mark>= PROCURADOR <\/strong><mark style=\"background-color:#fcb900\" class=\"has-inline-color\"><strong>GERAL DA REP\u00daBLICA&nbsp;<\/strong>&nbsp;<\/mark><\/p>\n<\/blockquote>\n\n\n\n<h2 class=\"wp-block-heading\" id=\"h-caracteristicas-do-procurador-geral-eleitoral\">Caracter\u00edsticas do Procurador Geral Eleitoral <\/h2>\n\n\n\n<p>Decorar as principais caracter\u00edsticas acerca do&nbsp;Procurador Geral Eleitoral:<\/p>\n\n\n\n<ol class=\"wp-block-list\">\n<li><strong>Designa\u00e7\u00e3o:<\/strong> O Procurador Geral Eleitoral pode designar membros do Minist\u00e9rio P\u00fablico da Uni\u00e3o, com exerc\u00edcio no Distrito Federal, para auxili\u00e1-lo. No entanto, os membros n\u00e3o designados n\u00e3o ter\u00e3o assento junto ao TSE.<\/li>\n\n\n\n<li><strong>Substitui\u00e7\u00e3o:<\/strong> Em suas faltas e impedimentos, o Procurador Geral Eleitoral ser\u00e1 substitu\u00eddo por seu substituto legal.<\/li>\n\n\n\n<li><strong>Prazo:<\/strong> O Procurador Geral da Rep\u00fablica atuar\u00e1 tamb\u00e9m como Procurador Geral Eleitoral enquanto exercer o cargo de Procurador Geral da Rep\u00fablica.<\/li>\n<\/ol>\n\n\n\n<h2 class=\"wp-block-heading\" id=\"h-atuacao-do-procurador-regional-eleitoral-no-ministerio-publico-eleitoral\">Atua\u00e7\u00e3o do Procurador Regional Eleitoral no Minist\u00e9rio P\u00fablico Eleitoral <\/h2>\n\n\n\n<p>Segundo o artigo 76 da lei complementar 75\/1993, O Procurador Regional Eleitoral, juntamente com o seu substituto, ser\u00e1 designado pelo Procurador Geral Eleitoral, dentre os Procuradores Regionais da Rep\u00fablica no Estado e no Distrito Federal, ou, onde n\u00e3o houver, dentre os Procuradores da Rep\u00fablica vital\u00edcios, para um mandato de dois anos.&nbsp;<\/p>\n\n\n\n<p>Vamos facilitar, pois o artigo tonar dif\u00edcil a compress\u00e3o, use a tabela abaixo para entender quem ser\u00e1 o Procurador Regional Eleitoral (PRE).\u00a0<\/p>\n\n\n\n<figure class=\"wp-block-table\"><table><tbody><tr><td>Primeira Situa\u00e7\u00e3o para designa\u00e7\u00e3o ao cargo de PRE&nbsp;<\/td><td>Segunda Situa\u00e7\u00e3o para designa\u00e7\u00e3o ao cargo de PRE&nbsp;&nbsp;<\/td><\/tr><tr><td>Estado \u00e9 sede de TRF (n\u00e3o confunda com TRE) &#8211;&nbsp; ser\u00e1 nomeado o PRE dentre os procuradores da rep\u00fablica que atuam perante o TRF da regi\u00e3o.&nbsp;<\/td><td>O Estado n\u00e3o \u00e9 sede de TRF: compete ao Procurador Geral da Rep\u00fablica designar um procurador da rep\u00fablica para exercer o cargo&nbsp;&nbsp;<\/td><\/tr><\/tbody><\/table><\/figure>\n\n\n\n<p>\u00c9 importante destacar que o Procurador Regional da Rep\u00fablica \u00e9 um membro do Minist\u00e9rio P\u00fablico Federal (MPF) que atua em segundo grau, junto aos Tribunais Regionais Federais (TRFs).&nbsp;&nbsp;<\/p>\n\n\n\n<p>Para facilitar ainda mais, caso a demanda eleitoral esteja presente em uma das regi\u00f5es abaixo, saiba que o Procurador Regional Eleitoral ser\u00e1 membro da procuradoria eleitoral do respectivo Estado.&nbsp;<\/p>\n\n\n\n<figure class=\"wp-block-table\"><table><tbody><tr><td>Localidade &nbsp;<\/td><td>Procurador Regional Eleitoral &nbsp;<\/td><\/tr><tr><td>Bras\u00edlia (sede do TRF 1)&nbsp;<\/td><td>Um Procurador da Rep\u00fablica de Bras\u00edlia &nbsp;<\/td><\/tr><tr><td>Rio de Janeiro (sede do TRF 2)&nbsp;<\/td><td>Um Procurador da Rep\u00fablica do Rio de Janeiro&nbsp;&nbsp;<\/td><\/tr><tr><td>S\u00e3o Paulo (sede do TRF 3)&nbsp;<\/td><td>Um Procurador da Rep\u00fablica de S\u00e3o Paulo&nbsp;<\/td><\/tr><tr><td>Porto Alegre (sede do TRF 4)&nbsp;<\/td><td>Um Procurador da Rep\u00fablica de Porto Alegre&nbsp;&nbsp;<\/td><\/tr><tr><td>Recife ( sede do TRF 5)&nbsp;<\/td><td>Um Procurador da Rep\u00fablica de Recife&nbsp;&nbsp;<\/td><\/tr><\/tbody><\/table><\/figure>\n\n\n\n<h2 class=\"wp-block-heading\" id=\"h-caracteristicas-do-procurador-regional-eleitoral\">Caracter\u00edsticas do Procurador Regional Eleitoral <\/h2>\n\n\n\n<p>O Procurador Regional eleitoral tem como principais caracter\u00edsticas:&nbsp;<\/p>\n\n\n\n<div class=\"wp-block-group has-global-padding is-layout-constrained wp-block-group-is-layout-constrained\">\n<ol class=\"wp-block-list\">\n<li><strong>Designa\u00e7\u00e3o:&nbsp;<\/strong> Designa\u00e7\u00e3o dentre os membros das procuradorias da rep\u00fablica.&nbsp;<\/li>\n\n\n\n<li><strong>Substitui\u00e7\u00e3o:&nbsp;<\/strong> O substituto legal do PRE ser\u00e1 designado pelo Procurador Geral da Rep\u00fablica (lembrando que \u00e9 a mesma figura do Procurador Geral da Rep\u00fablica)&nbsp;<\/li>\n\n\n\n<li><strong>Prazo: <\/strong>prazo de mandato de 2 anos&nbsp;<\/li>\n<\/ol>\n<\/div>\n\n\n\n<h2 class=\"wp-block-heading\" id=\"h-atuacao-do-promotor-eleitoral\">Atua\u00e7\u00e3o do Promotor Eleitoral <\/h2>\n\n\n\n<p>O promotor  eleitoral atuar\u00e1 na primeira inst\u00e2ncia (juntas eleitorais e ju\u00edzes eleitorais),&nbsp;&nbsp;conforme preleciona o artigo 78 da Lei Complementar n \u00ba 75.<\/p>\n\n\n\n<p><em>Art. 78. As fun\u00e7\u00f5es eleitorais do Minist\u00e9rio P\u00fablico Federal perante os Ju\u00edzes e Juntas&nbsp; Eleitorais ser\u00e3o exercidas pelo Promotor Eleitoral.&nbsp;<\/em><\/p>\n\n\n\n<p>Na aus\u00eancia de um Promotor que atue perante a Zona Eleitoral, ou em casos de impedimento ou recusa justificada, o Chefe do Minist\u00e9rio P\u00fablico local deve indicar ao Procurador Regional Eleitoral o substituto que ser\u00e1 designado para a fun\u00e7\u00e3o.&nbsp;&nbsp;<\/p>\n\n\n\n<h2 class=\"wp-block-heading\" id=\"h-caracteristicas-do-promotor-eleitoral-nbsp-nbsp\"><strong>Caracter\u00edsticas do promotor eleitoral&nbsp;<\/strong>&nbsp;<\/h2>\n\n\n\n<ol class=\"wp-block-list\" start=\"1\">\n<li><strong>Designa\u00e7\u00e3o: <\/strong>Os promotores eleitorais, s\u00e3o membros do Minist\u00e9rio P\u00fablico Estadual, que s\u00e3o indicados pelo Procurador Geral de Justi\u00e7a e designados pelo Procurador Geral Eleitoral para exercer o cargo de promotor eleitoral.&nbsp;<\/li>\n<\/ol>\n\n\n\n<figure class=\"wp-block-table\"><table><tbody><tr><td>Indica\u00e7\u00e3o &nbsp;<\/td><td>Designa\u00e7\u00e3o&nbsp;<\/td><\/tr><tr><td>Procurador Geral de Justi\u00e7a&nbsp;<\/td><td>Procurador Geral Eleitoral&nbsp;<\/td><\/tr><\/tbody><\/table><\/figure>\n\n\n\n<ol class=\"wp-block-list\" start=\"2\">\n<li><strong>Substituto: <\/strong>Na aus\u00eancia de um Promotor que atue na Zona Eleitoral, ou em caso de impedimento ou recusa justificada, o Chefe do Minist\u00e9rio P\u00fablico local indicar\u00e1 ao Procurador Regional Eleitoral o substituto a ser designado.&nbsp;<\/li>\n<\/ol>\n\n\n\n<ol class=\"wp-block-list\" start=\"3\">\n<li><strong>Prazo:<\/strong> A designa\u00e7\u00e3o ser\u00e1 de dois anos consecutivos, incluindo f\u00e9rias, licen\u00e7as e afastamentos. A recondu\u00e7\u00e3o s\u00f3 \u00e9 permitida se houver apenas um membro na zona eleitoral.&nbsp;<\/li>\n<\/ol>\n\n\n\n<figure class=\"wp-block-image size-full\"><img loading=\"lazy\" decoding=\"async\" width=\"856\" height=\"443\" src=\"https:\/\/dhg1h5j42swfq.cloudfront.net\/2024\/06\/24003658\/image-546.png\" alt=\"\" class=\"wp-image-1419252\" srcset=\"https:\/\/dhg1h5j42swfq.cloudfront.net\/2024\/06\/24003658\/image-546.png 856w, https:\/\/dhg1h5j42swfq.cloudfront.net\/2024\/06\/24003658\/image-546-300x155.png 300w, https:\/\/dhg1h5j42swfq.cloudfront.net\/2024\/06\/24003658\/image-546-768x397.png 768w, https:\/\/dhg1h5j42swfq.cloudfront.net\/2024\/06\/24003658\/image-546-610x316.png 610w, https:\/\/dhg1h5j42swfq.cloudfront.net\/2024\/06\/24003658\/image-546-150x78.png 150w\" sizes=\"auto, (max-width: 856px) 100vw, 856px\" \/><\/figure>\n\n\n\n<p>Abra\u00e7os Gabriel Alvino,&nbsp;<\/p>\n\n\n\n<p>Foco na prepara\u00e7\u00e3o.&nbsp;&nbsp;<\/p>\n\n\n\n<p><a href=\"https:\/\/www.tse.jus.br\/servicos-eleitorais\/glossario\/termos\/ministerio-publico-eleitoral\">https:\/\/www.tse.jus.br\/servicos-eleitorais\/glossario\/termos\/ministerio-publico-eleitoral<\/a><\/p>\n\n\n\n<p><a href=\"https:\/\/www.mpf.mp.br\/o-mpf\/sobre-o-mpf\">https:\/\/www.mpf.mp.br\/o-mpf\/sobre-o-mpf<\/a><\/p>\n\n\n\n<p><a href=\"https:\/\/www.cnmp.mp.br\/portal\/institucional\/476-glossario\/7772-tribunal-regional-federal\">https:\/\/www.cnmp.mp.br\/portal\/institucional\/476-glossario\/7772-tribunal-regional-federal<\/a><\/p>\n\n\n\n<h2 class=\"wp-block-heading has-text-align-center\" id=\"cursos-assinatura\">Cursos e Assinaturas<\/h2>\n\n\n\n<p>Prepare-se com o melhor material e com quem mais aprova em Concursos P\u00fablicos em todo o pa\u00eds!<\/p>\n\n\n\n<p class=\"has-text-align-center has-vivid-cyan-blue-color has-text-color has-background\" style=\"background-color:#0078bd\"><a href=\"https:\/\/www.estrategiaconcursos.com.br\/blog\/concursos-abertos\/\" target=\"_blank\" rel=\"noreferrer noopener\"><strong><mark style=\"background-color:rgba(0, 0, 0, 0)\" class=\"has-inline-color has-white-color\">Concursos Abertos<\/mark><\/strong><\/a><\/p>\n\n\n\n<p class=\"has-text-align-center has-vivid-cyan-blue-color has-text-color has-background\" style=\"background-color:#0078bd\"><a href=\"https:\/\/www.estrategiaconcursos.com.br\/blog\/concursos-2024\/\" target=\"_blank\" rel=\"noreferrer noopener\"><strong><mark style=\"background-color:rgba(0, 0, 0, 0)\" class=\"has-inline-color has-white-color\">Concursos 2024<\/mark><\/strong><\/a><\/p>\n\n\n\n<p><\/p>\n\n\n\n<figure class=\"wp-block-embed is-type-video is-provider-youtube wp-block-embed-youtube wp-embed-aspect-16-9 wp-has-aspect-ratio\"><div class=\"wp-block-embed__wrapper\">\n<div class=\"lyte-wrapper\" style=\"width:853px;max-width:100%;margin:5px;\"><div class=\"lyMe qsa_\\&amp;start\\=58\" id=\"WYL_uPUGbXOPGqk\"><div id=\"lyte_uPUGbXOPGqk\" data-src=\"\/\/i.ytimg.com\/vi\/uPUGbXOPGqk\/hqdefault.jpg\" class=\"pL\"><div class=\"tC\"><div class=\"tT\"><\/div><\/div><div class=\"play\"><\/div><div class=\"ctrl\"><div class=\"Lctrl\"><\/div><div class=\"Rctrl\"><\/div><\/div><\/div><noscript><a href=\"https:\/\/youtu.be\/uPUGbXOPGqk\" rel=\"nofollow\"><img loading=\"lazy\" decoding=\"async\" src=\"https:\/\/i.ytimg.com\/vi\/uPUGbXOPGqk\/0.jpg\" alt=\"YouTube video thumbnail\" width=\"853\" height=\"460\" \/><br \/>Assista a este v\u00eddeo no YouTube<\/a><\/noscript><\/div><\/div><div class=\"lL\" style=\"max-width:100%;width:853px;margin:5px;\"><\/div>\n<\/div><\/figure>\n\n\n\n<p><\/p>\n","protected":false},"excerpt":{"rendered":"<p>Minist\u00e9rio P\u00fablico Eleitoral&nbsp;&nbsp;&nbsp; Ol\u00e1, caro aluno! Como est\u00e1 indo sua jornada de estudos? O objetivo deste artigo \u00e9 explicar a forma\u00e7\u00e3o do Minist\u00e9rio P\u00fablico Eleitoral. Entenda a estrutura e as responsabilidades desse importante \u00f3rg\u00e3o na justi\u00e7a eleitoral brasileira. Antes de iniciarmos os estudos, \u00e9 essencial que voc\u00ea compreenda algumas premissas importantes: Para fins did\u00e1ticos usaremos [&hellip;]<\/p>\n","protected":false},"author":2958,"featured_media":1432245,"comment_status":"open","ping_status":"closed","sticky":false,"template":"","format":"standard","meta":{"post_tipo":"article","footnotes":""},"categories":[1],"tags":[],"tax_estado":[219963],"class_list":["post-1419250","post","type-post","status-publish","format-standard","has-post-thumbnail","hentry","category-cursos-e-concursos","tax_estado-concursos-federais"],"acf":[],"yoast_head":"<!-- This site is optimized with the Yoast SEO Premium plugin v27.2 (Yoast SEO v27.2) - https:\/\/yoast.com\/product\/yoast-seo-premium-wordpress\/ -->\n<title>Forma\u00e7\u00e3o do Minist\u00e9rio P\u00fablico Eleitoral<\/title>\n<meta name=\"description\" content=\"Aprenda sobre a forma\u00e7\u00e3o do Minist\u00e9rio P\u00fablico Eleitoral. Compreenda a atua\u00e7\u00e3o dos membros do Minist\u00e9rio P\u00fablico junto \u00e0 Justi\u00e7a Eleitoral.\" \/>\n<meta name=\"robots\" content=\"index, follow, max-snippet:-1, max-image-preview:large, max-video-preview:-1\" \/>\n<link rel=\"canonical\" href=\"https:\/\/www.estrategiaconcursos.com.br\/blog\/ministerio-publico-eleitoral-tse-tre-unificado\/\" \/>\n<meta property=\"og:locale\" content=\"pt_BR\" \/>\n<meta property=\"og:type\" content=\"article\" \/>\n<meta property=\"og:title\" content=\"Minist\u00e9rio P\u00fablico Eleitoral: Composi\u00e7\u00e3o e Atua\u00e7\u00e3o\" \/>\n<meta property=\"og:description\" content=\"Entenda como o Minist\u00e9rio P\u00fablico atua perante a Justi\u00e7a Eleitoral e conhe\u00e7a sua composi\u00e7\u00e3o.\" \/>\n<meta property=\"og:url\" content=\"https:\/\/www.estrategiaconcursos.com.br\/blog\/ministerio-publico-eleitoral-tse-tre-unificado\/\" \/>\n<meta property=\"og:site_name\" content=\"Estrat\u00e9gia Concursos\" \/>\n<meta property=\"article:published_time\" content=\"2024-08-16T14:00:00+00:00\" \/>\n<meta property=\"article:modified_time\" content=\"2024-08-16T19:03:55+00:00\" \/>\n<meta property=\"og:image\" content=\"https:\/\/dhg1h5j42swfq.cloudfront.net\/2024\/07\/18181906\/predio-tse-1.jpeg\" \/>\n\t<meta property=\"og:image:width\" content=\"620\" \/>\n\t<meta property=\"og:image:height\" content=\"300\" \/>\n\t<meta property=\"og:image:type\" content=\"image\/jpeg\" \/>\n<meta name=\"author\" content=\"Gabriel Alvino Alves Teixeira\" \/>\n<meta name=\"twitter:card\" content=\"summary_large_image\" \/>\n<meta name=\"twitter:title\" content=\"Forma\u00e7\u00e3o do Minist\u00e9rio P\u00fablico Eleitoral\" \/>\n<meta name=\"twitter:creator\" content=\"@EstratConcursos\" \/>\n<meta name=\"twitter:site\" content=\"@EstratConcursos\" \/>\n<meta name=\"twitter:label1\" content=\"Escrito por\" \/>\n\t<meta name=\"twitter:data1\" content=\"Gabriel Alvino Alves Teixeira\" \/>\n\t<meta name=\"twitter:label2\" content=\"Est. tempo de leitura\" \/>\n\t<meta name=\"twitter:data2\" content=\"8 minutos\" \/>\n<script type=\"application\/ld+json\" class=\"yoast-schema-graph\">{\"@context\":\"https:\/\/schema.org\",\"@graph\":[{\"@type\":\"NewsArticle\",\"@id\":\"https:\/\/www.estrategiaconcursos.com.br\/blog\/ministerio-publico-eleitoral-tse-tre-unificado\/#article\",\"isPartOf\":{\"@id\":\"https:\/\/www.estrategiaconcursos.com.br\/blog\/ministerio-publico-eleitoral-tse-tre-unificado\/\"},\"author\":{\"name\":\"Gabriel Alvino Alves Teixeira\",\"@id\":\"https:\/\/www.estrategiaconcursos.com.br\/blog\/#\/schema\/person\/b17f915006fc92030bf8aa0837bab0ec\"},\"headline\":\"Forma\u00e7\u00e3o do Minist\u00e9rio P\u00fablico Eleitoral\",\"datePublished\":\"2024-08-16T14:00:00+00:00\",\"dateModified\":\"2024-08-16T19:03:55+00:00\",\"mainEntityOfPage\":{\"@id\":\"https:\/\/www.estrategiaconcursos.com.br\/blog\/ministerio-publico-eleitoral-tse-tre-unificado\/\"},\"wordCount\":1559,\"commentCount\":0,\"publisher\":{\"@id\":\"https:\/\/www.estrategiaconcursos.com.br\/blog\/#organization\"},\"image\":{\"@id\":\"https:\/\/www.estrategiaconcursos.com.br\/blog\/ministerio-publico-eleitoral-tse-tre-unificado\/#primaryimage\"},\"thumbnailUrl\":\"https:\/\/dhg1h5j42swfq.cloudfront.net\/2024\/07\/18181906\/predio-tse-1.jpeg\",\"articleSection\":[\"Concursos P\u00fablicos\"],\"inLanguage\":\"pt-BR\",\"potentialAction\":[{\"@type\":\"CommentAction\",\"name\":\"Comment\",\"target\":[\"https:\/\/www.estrategiaconcursos.com.br\/blog\/ministerio-publico-eleitoral-tse-tre-unificado\/#respond\"]}],\"copyrightYear\":\"2024\",\"copyrightHolder\":{\"@id\":\"https:\/\/www.estrategiaconcursos.com.br\/blog\/#organization\"}},{\"@type\":\"WebPage\",\"@id\":\"https:\/\/www.estrategiaconcursos.com.br\/blog\/ministerio-publico-eleitoral-tse-tre-unificado\/\",\"url\":\"https:\/\/www.estrategiaconcursos.com.br\/blog\/ministerio-publico-eleitoral-tse-tre-unificado\/\",\"name\":\"Forma\u00e7\u00e3o do Minist\u00e9rio P\u00fablico Eleitoral\",\"isPartOf\":{\"@id\":\"https:\/\/www.estrategiaconcursos.com.br\/blog\/#website\"},\"primaryImageOfPage\":{\"@id\":\"https:\/\/www.estrategiaconcursos.com.br\/blog\/ministerio-publico-eleitoral-tse-tre-unificado\/#primaryimage\"},\"image\":{\"@id\":\"https:\/\/www.estrategiaconcursos.com.br\/blog\/ministerio-publico-eleitoral-tse-tre-unificado\/#primaryimage\"},\"thumbnailUrl\":\"https:\/\/dhg1h5j42swfq.cloudfront.net\/2024\/07\/18181906\/predio-tse-1.jpeg\",\"datePublished\":\"2024-08-16T14:00:00+00:00\",\"dateModified\":\"2024-08-16T19:03:55+00:00\",\"description\":\"Aprenda sobre a forma\u00e7\u00e3o do Minist\u00e9rio P\u00fablico Eleitoral. Compreenda a atua\u00e7\u00e3o dos membros do Minist\u00e9rio P\u00fablico junto \u00e0 Justi\u00e7a Eleitoral.\",\"breadcrumb\":{\"@id\":\"https:\/\/www.estrategiaconcursos.com.br\/blog\/ministerio-publico-eleitoral-tse-tre-unificado\/#breadcrumb\"},\"inLanguage\":\"pt-BR\",\"potentialAction\":[{\"@type\":\"ReadAction\",\"target\":[\"https:\/\/www.estrategiaconcursos.com.br\/blog\/ministerio-publico-eleitoral-tse-tre-unificado\/\"]}]},{\"@type\":\"ImageObject\",\"inLanguage\":\"pt-BR\",\"@id\":\"https:\/\/www.estrategiaconcursos.com.br\/blog\/ministerio-publico-eleitoral-tse-tre-unificado\/#primaryimage\",\"url\":\"https:\/\/dhg1h5j42swfq.cloudfront.net\/2024\/07\/18181906\/predio-tse-1.jpeg\",\"contentUrl\":\"https:\/\/dhg1h5j42swfq.cloudfront.net\/2024\/07\/18181906\/predio-tse-1.jpeg\",\"width\":620,\"height\":300,\"caption\":\"Pr\u00e9dio TSE, \u00d3rg\u00e3o M\u00e1ximo Justi\u00e7a eleitoral, Foto: Antonio Augusto\/Secom\/TSE - 03.04.2023\"},{\"@type\":\"BreadcrumbList\",\"@id\":\"https:\/\/www.estrategiaconcursos.com.br\/blog\/ministerio-publico-eleitoral-tse-tre-unificado\/#breadcrumb\",\"itemListElement\":[{\"@type\":\"ListItem\",\"position\":1,\"name\":\"In\u00edcio\",\"item\":\"https:\/\/www.estrategiaconcursos.com.br\/blog\/\"},{\"@type\":\"ListItem\",\"position\":2,\"name\":\"Forma\u00e7\u00e3o do Minist\u00e9rio P\u00fablico Eleitoral\"}]},{\"@type\":\"WebSite\",\"@id\":\"https:\/\/www.estrategiaconcursos.com.br\/blog\/#website\",\"url\":\"https:\/\/www.estrategiaconcursos.com.br\/blog\/\",\"name\":\"Estrat\u00e9gia Concursos\",\"description\":\"O blog da Estrat\u00e9gia Concursos traz not\u00edcias sobre concursos e artigos de professores oferecendo cursos para concursos (pdf + videaulas) no site.\",\"publisher\":{\"@id\":\"https:\/\/www.estrategiaconcursos.com.br\/blog\/#organization\"},\"potentialAction\":[{\"@type\":\"SearchAction\",\"target\":{\"@type\":\"EntryPoint\",\"urlTemplate\":\"https:\/\/www.estrategiaconcursos.com.br\/blog\/?s={search_term_string}\"},\"query-input\":{\"@type\":\"PropertyValueSpecification\",\"valueRequired\":true,\"valueName\":\"search_term_string\"}}],\"inLanguage\":\"pt-BR\"},{\"@type\":\"Organization\",\"@id\":\"https:\/\/www.estrategiaconcursos.com.br\/blog\/#organization\",\"name\":\"Estrat\u00e9gia Concursos\",\"url\":\"https:\/\/www.estrategiaconcursos.com.br\/blog\/\",\"logo\":{\"@type\":\"ImageObject\",\"inLanguage\":\"pt-BR\",\"@id\":\"https:\/\/www.estrategiaconcursos.com.br\/blog\/#\/schema\/logo\/image\/\",\"url\":\"https:\/\/dhg1h5j42swfq.cloudfront.net\/2025\/06\/03203428\/logo_concursos-1.jpg\",\"contentUrl\":\"https:\/\/dhg1h5j42swfq.cloudfront.net\/2025\/06\/03203428\/logo_concursos-1.jpg\",\"width\":230,\"height\":60,\"caption\":\"Estrat\u00e9gia Concursos\"},\"image\":{\"@id\":\"https:\/\/www.estrategiaconcursos.com.br\/blog\/#\/schema\/logo\/image\/\"},\"sameAs\":[\"https:\/\/x.com\/EstratConcursos\"]},{\"@type\":\"Person\",\"@id\":\"https:\/\/www.estrategiaconcursos.com.br\/blog\/#\/schema\/person\/b17f915006fc92030bf8aa0837bab0ec\",\"name\":\"Gabriel Alvino Alves Teixeira\",\"image\":{\"@type\":\"ImageObject\",\"inLanguage\":\"pt-BR\",\"@id\":\"https:\/\/secure.gravatar.com\/avatar\/ab14e72f3a508d5e7d99e5c89a1989e7f972d1b2abc650b3e64bf5c18bd51adc?s=96&d=mm&r=g\",\"url\":\"https:\/\/secure.gravatar.com\/avatar\/ab14e72f3a508d5e7d99e5c89a1989e7f972d1b2abc650b3e64bf5c18bd51adc?s=96&d=mm&r=g\",\"contentUrl\":\"https:\/\/secure.gravatar.com\/avatar\/ab14e72f3a508d5e7d99e5c89a1989e7f972d1b2abc650b3e64bf5c18bd51adc?s=96&d=mm&r=g\",\"caption\":\"Gabriel Alvino Alves Teixeira\"},\"url\":\"https:\/\/www.estrategiaconcursos.com.br\/blog\/author\/gabrielalvino2008gmail-com\/\"}]}<\/script>\n<!-- \/ Yoast SEO Premium plugin. -->","yoast_head_json":{"title":"Forma\u00e7\u00e3o do Minist\u00e9rio P\u00fablico Eleitoral","description":"Aprenda sobre a forma\u00e7\u00e3o do Minist\u00e9rio P\u00fablico Eleitoral. Compreenda a atua\u00e7\u00e3o dos membros do Minist\u00e9rio P\u00fablico junto \u00e0 Justi\u00e7a Eleitoral.","robots":{"index":"index","follow":"follow","max-snippet":"max-snippet:-1","max-image-preview":"max-image-preview:large","max-video-preview":"max-video-preview:-1"},"canonical":"https:\/\/www.estrategiaconcursos.com.br\/blog\/ministerio-publico-eleitoral-tse-tre-unificado\/","og_locale":"pt_BR","og_type":"article","og_title":"Minist\u00e9rio P\u00fablico Eleitoral: Composi\u00e7\u00e3o e Atua\u00e7\u00e3o","og_description":"Entenda como o Minist\u00e9rio P\u00fablico atua perante a Justi\u00e7a Eleitoral e conhe\u00e7a sua composi\u00e7\u00e3o.","og_url":"https:\/\/www.estrategiaconcursos.com.br\/blog\/ministerio-publico-eleitoral-tse-tre-unificado\/","og_site_name":"Estrat\u00e9gia Concursos","article_published_time":"2024-08-16T14:00:00+00:00","article_modified_time":"2024-08-16T19:03:55+00:00","og_image":[{"width":620,"height":300,"url":"https:\/\/dhg1h5j42swfq.cloudfront.net\/2024\/07\/18181906\/predio-tse-1.jpeg","type":"image\/jpeg"}],"author":"Gabriel Alvino Alves Teixeira","twitter_card":"summary_large_image","twitter_title":"Forma\u00e7\u00e3o do Minist\u00e9rio P\u00fablico Eleitoral","twitter_creator":"@EstratConcursos","twitter_site":"@EstratConcursos","twitter_misc":{"Escrito por":"Gabriel Alvino Alves Teixeira","Est. tempo de leitura":"8 minutos"},"schema":{"@context":"https:\/\/schema.org","@graph":[{"@type":"NewsArticle","@id":"https:\/\/www.estrategiaconcursos.com.br\/blog\/ministerio-publico-eleitoral-tse-tre-unificado\/#article","isPartOf":{"@id":"https:\/\/www.estrategiaconcursos.com.br\/blog\/ministerio-publico-eleitoral-tse-tre-unificado\/"},"author":{"name":"Gabriel Alvino Alves Teixeira","@id":"https:\/\/www.estrategiaconcursos.com.br\/blog\/#\/schema\/person\/b17f915006fc92030bf8aa0837bab0ec"},"headline":"Forma\u00e7\u00e3o do Minist\u00e9rio P\u00fablico Eleitoral","datePublished":"2024-08-16T14:00:00+00:00","dateModified":"2024-08-16T19:03:55+00:00","mainEntityOfPage":{"@id":"https:\/\/www.estrategiaconcursos.com.br\/blog\/ministerio-publico-eleitoral-tse-tre-unificado\/"},"wordCount":1559,"commentCount":0,"publisher":{"@id":"https:\/\/www.estrategiaconcursos.com.br\/blog\/#organization"},"image":{"@id":"https:\/\/www.estrategiaconcursos.com.br\/blog\/ministerio-publico-eleitoral-tse-tre-unificado\/#primaryimage"},"thumbnailUrl":"https:\/\/dhg1h5j42swfq.cloudfront.net\/2024\/07\/18181906\/predio-tse-1.jpeg","articleSection":["Concursos P\u00fablicos"],"inLanguage":"pt-BR","potentialAction":[{"@type":"CommentAction","name":"Comment","target":["https:\/\/www.estrategiaconcursos.com.br\/blog\/ministerio-publico-eleitoral-tse-tre-unificado\/#respond"]}],"copyrightYear":"2024","copyrightHolder":{"@id":"https:\/\/www.estrategiaconcursos.com.br\/blog\/#organization"}},{"@type":"WebPage","@id":"https:\/\/www.estrategiaconcursos.com.br\/blog\/ministerio-publico-eleitoral-tse-tre-unificado\/","url":"https:\/\/www.estrategiaconcursos.com.br\/blog\/ministerio-publico-eleitoral-tse-tre-unificado\/","name":"Forma\u00e7\u00e3o do Minist\u00e9rio P\u00fablico Eleitoral","isPartOf":{"@id":"https:\/\/www.estrategiaconcursos.com.br\/blog\/#website"},"primaryImageOfPage":{"@id":"https:\/\/www.estrategiaconcursos.com.br\/blog\/ministerio-publico-eleitoral-tse-tre-unificado\/#primaryimage"},"image":{"@id":"https:\/\/www.estrategiaconcursos.com.br\/blog\/ministerio-publico-eleitoral-tse-tre-unificado\/#primaryimage"},"thumbnailUrl":"https:\/\/dhg1h5j42swfq.cloudfront.net\/2024\/07\/18181906\/predio-tse-1.jpeg","datePublished":"2024-08-16T14:00:00+00:00","dateModified":"2024-08-16T19:03:55+00:00","description":"Aprenda sobre a forma\u00e7\u00e3o do Minist\u00e9rio P\u00fablico Eleitoral. Compreenda a atua\u00e7\u00e3o dos membros do Minist\u00e9rio P\u00fablico junto \u00e0 Justi\u00e7a Eleitoral.","breadcrumb":{"@id":"https:\/\/www.estrategiaconcursos.com.br\/blog\/ministerio-publico-eleitoral-tse-tre-unificado\/#breadcrumb"},"inLanguage":"pt-BR","potentialAction":[{"@type":"ReadAction","target":["https:\/\/www.estrategiaconcursos.com.br\/blog\/ministerio-publico-eleitoral-tse-tre-unificado\/"]}]},{"@type":"ImageObject","inLanguage":"pt-BR","@id":"https:\/\/www.estrategiaconcursos.com.br\/blog\/ministerio-publico-eleitoral-tse-tre-unificado\/#primaryimage","url":"https:\/\/dhg1h5j42swfq.cloudfront.net\/2024\/07\/18181906\/predio-tse-1.jpeg","contentUrl":"https:\/\/dhg1h5j42swfq.cloudfront.net\/2024\/07\/18181906\/predio-tse-1.jpeg","width":620,"height":300,"caption":"Pr\u00e9dio TSE, \u00d3rg\u00e3o M\u00e1ximo Justi\u00e7a eleitoral, Foto: Antonio Augusto\/Secom\/TSE - 03.04.2023"},{"@type":"BreadcrumbList","@id":"https:\/\/www.estrategiaconcursos.com.br\/blog\/ministerio-publico-eleitoral-tse-tre-unificado\/#breadcrumb","itemListElement":[{"@type":"ListItem","position":1,"name":"In\u00edcio","item":"https:\/\/www.estrategiaconcursos.com.br\/blog\/"},{"@type":"ListItem","position":2,"name":"Forma\u00e7\u00e3o do Minist\u00e9rio P\u00fablico Eleitoral"}]},{"@type":"WebSite","@id":"https:\/\/www.estrategiaconcursos.com.br\/blog\/#website","url":"https:\/\/www.estrategiaconcursos.com.br\/blog\/","name":"Estrat\u00e9gia Concursos","description":"O blog da Estrat\u00e9gia Concursos traz not\u00edcias sobre concursos e artigos de professores oferecendo cursos para concursos (pdf + videaulas) no site.","publisher":{"@id":"https:\/\/www.estrategiaconcursos.com.br\/blog\/#organization"},"potentialAction":[{"@type":"SearchAction","target":{"@type":"EntryPoint","urlTemplate":"https:\/\/www.estrategiaconcursos.com.br\/blog\/?s={search_term_string}"},"query-input":{"@type":"PropertyValueSpecification","valueRequired":true,"valueName":"search_term_string"}}],"inLanguage":"pt-BR"},{"@type":"Organization","@id":"https:\/\/www.estrategiaconcursos.com.br\/blog\/#organization","name":"Estrat\u00e9gia Concursos","url":"https:\/\/www.estrategiaconcursos.com.br\/blog\/","logo":{"@type":"ImageObject","inLanguage":"pt-BR","@id":"https:\/\/www.estrategiaconcursos.com.br\/blog\/#\/schema\/logo\/image\/","url":"https:\/\/dhg1h5j42swfq.cloudfront.net\/2025\/06\/03203428\/logo_concursos-1.jpg","contentUrl":"https:\/\/dhg1h5j42swfq.cloudfront.net\/2025\/06\/03203428\/logo_concursos-1.jpg","width":230,"height":60,"caption":"Estrat\u00e9gia Concursos"},"image":{"@id":"https:\/\/www.estrategiaconcursos.com.br\/blog\/#\/schema\/logo\/image\/"},"sameAs":["https:\/\/x.com\/EstratConcursos"]},{"@type":"Person","@id":"https:\/\/www.estrategiaconcursos.com.br\/blog\/#\/schema\/person\/b17f915006fc92030bf8aa0837bab0ec","name":"Gabriel Alvino Alves Teixeira","image":{"@type":"ImageObject","inLanguage":"pt-BR","@id":"https:\/\/secure.gravatar.com\/avatar\/ab14e72f3a508d5e7d99e5c89a1989e7f972d1b2abc650b3e64bf5c18bd51adc?s=96&d=mm&r=g","url":"https:\/\/secure.gravatar.com\/avatar\/ab14e72f3a508d5e7d99e5c89a1989e7f972d1b2abc650b3e64bf5c18bd51adc?s=96&d=mm&r=g","contentUrl":"https:\/\/secure.gravatar.com\/avatar\/ab14e72f3a508d5e7d99e5c89a1989e7f972d1b2abc650b3e64bf5c18bd51adc?s=96&d=mm&r=g","caption":"Gabriel Alvino Alves Teixeira"},"url":"https:\/\/www.estrategiaconcursos.com.br\/blog\/author\/gabrielalvino2008gmail-com\/"}]}},"_links":{"self":[{"href":"https:\/\/www.estrategiaconcursos.com.br\/blog\/wp-json\/wp\/v2\/posts\/1419250","targetHints":{"allow":["GET"]}}],"collection":[{"href":"https:\/\/www.estrategiaconcursos.com.br\/blog\/wp-json\/wp\/v2\/posts"}],"about":[{"href":"https:\/\/www.estrategiaconcursos.com.br\/blog\/wp-json\/wp\/v2\/types\/post"}],"author":[{"embeddable":true,"href":"https:\/\/www.estrategiaconcursos.com.br\/blog\/wp-json\/wp\/v2\/users\/2958"}],"replies":[{"embeddable":true,"href":"https:\/\/www.estrategiaconcursos.com.br\/blog\/wp-json\/wp\/v2\/comments?post=1419250"}],"version-history":[{"count":13,"href":"https:\/\/www.estrategiaconcursos.com.br\/blog\/wp-json\/wp\/v2\/posts\/1419250\/revisions"}],"predecessor-version":[{"id":1432768,"href":"https:\/\/www.estrategiaconcursos.com.br\/blog\/wp-json\/wp\/v2\/posts\/1419250\/revisions\/1432768"}],"wp:featuredmedia":[{"embeddable":true,"href":"https:\/\/www.estrategiaconcursos.com.br\/blog\/wp-json\/wp\/v2\/media\/1432245"}],"wp:attachment":[{"href":"https:\/\/www.estrategiaconcursos.com.br\/blog\/wp-json\/wp\/v2\/media?parent=1419250"}],"wp:term":[{"taxonomy":"category","embeddable":true,"href":"https:\/\/www.estrategiaconcursos.com.br\/blog\/wp-json\/wp\/v2\/categories?post=1419250"},{"taxonomy":"post_tag","embeddable":true,"href":"https:\/\/www.estrategiaconcursos.com.br\/blog\/wp-json\/wp\/v2\/tags?post=1419250"},{"taxonomy":"tax_estado","embeddable":true,"href":"https:\/\/www.estrategiaconcursos.com.br\/blog\/wp-json\/wp\/v2\/tax_estado?post=1419250"}],"curies":[{"name":"wp","href":"https:\/\/api.w.org\/{rel}","templated":true}]}}