{"id":1419067,"date":"2024-09-23T07:50:00","date_gmt":"2024-09-23T10:50:00","guid":{"rendered":"https:\/\/www.estrategiaconcursos.com.br\/blog\/?p=1419067"},"modified":"2024-09-23T16:01:06","modified_gmt":"2024-09-23T19:01:06","slug":"concurso-guarda-de-ipiau","status":"publish","type":"post","link":"https:\/\/www.estrategiaconcursos.com.br\/blog\/concurso-guarda-de-ipiau\/","title":{"rendered":"Concurso Guarda de Ipia\u00fa: Justi\u00e7a determina suspens\u00e3o"},"content":{"rendered":"\n<p>Em decis\u00e3o liminar, a Justi\u00e7a determinou a suspens\u00e3o das provas do <strong>concurso Guarda de Ipia\u00fa,<\/strong> localizada no estado da Bahia.<\/p>\n\n\n\n<p>A decis\u00e3o judicial exige a adequa\u00e7\u00e3o da carga hor\u00e1ria e da remunera\u00e7\u00e3o dos cargos de cirurgi\u00e3o-dentista, auxiliar em sa\u00fade bucal e t\u00e9cnicos em sa\u00fade bucal, o que implica altera\u00e7\u00e3o da legisla\u00e7\u00e3o municipal vigente.<\/p>\n\n\n\n<p>De acordo com o <a href=\"https:\/\/anexos.cdn.selecao.net.br\/uploads\/381\/concursos\/41\/anexos\/dUPD1y8xB6UadCN1ClcnSzNZTOaf5wNp3xWCoKhR.pdf\" target=\"_blank\" rel=\"noreferrer noopener\">comunicado da prefeitura<\/a>, todas as inscri\u00e7\u00f5es deferidas permanecem v\u00e1lidas e a <strong>nova data de aplica\u00e7\u00e3o das provas ser\u00e1 comunicada em data oportuna<\/strong>.<\/p>\n\n\n\n<p>Sob organiza\u00e7\u00e3o da banca <a href=\"https:\/\/assplan.selecao.net.br\/informacoes\/41\/\" target=\"_blank\" rel=\"noreferrer noopener\">Planejar Concursos<\/a>, s\u00e3o ofertadas <strong>20 vagas<\/strong>. As oportunidades s\u00e3o para a carreira de Guarda Municipal, que exige o n\u00edvel m\u00e9dio de escolaridade. O sal\u00e1rio inicial \u00e9 de R$ 1.420,00.<\/p>\n\n\n\n<ul class=\"wp-block-list has-very-light-gray-to-cyan-bluish-gray-gradient-background has-background\">\n<li><strong>Guarda de Ipia\u00fa<\/strong><\/li>\n\n\n\n<li><strong>Status: <\/strong>prova suspensa<\/li>\n\n\n\n<li><strong>Banca<\/strong>: Planejar Concursos<\/li>\n\n\n\n<li><strong style=\"color: initial;\">Vagas:<\/strong><span style=\"color: initial;\"> <\/span>20<\/li>\n\n\n\n<li><strong>Sal\u00e1rio<\/strong>: R$ 1.420,00<\/li>\n\n\n\n<li><strong>Edital<\/strong>:&nbsp;<a href=\"https:\/\/dhg1h5j42swfq.cloudfront.net\/2024\/06\/21203420\/0fe04cb1f4ba9a5ce661d07ba0576525.pdf\" target=\"_blank\" rel=\"noreferrer noopener nofollow\">GCM de Ipia\u00fa 2024<\/a><\/li>\n<\/ul>\n\n\n\n<p>A fim de te deixar sempre bem informado, elaboramos este artigo com as principais informa\u00e7\u00f5es e novidades sobre o concurso Guarda de Ipia\u00fa. Acompanhe os t\u00f3picos abaixo e n\u00e3o perca nenhum detalhe:<\/p>\n\n\n\n<ul id=\"indice\" class=\"wp-block-list\">\n<li><a href=\"#datas\">Principais datas<\/a><\/li>\n\n\n\n<li><a href=\"#cargos\">Cargos e vagas<\/a><\/li>\n\n\n\n<li><a href=\"#h-etapas-e-provas-do-concurso-guarda-caruaru\">Etapas e provas<\/a><\/li>\n\n\n\n<li><a href=\"#cursos-assinatura\">Cursos e assinaturas<\/a><\/li>\n\n\n\n<li><a href=\"#ficha\">Ficha t\u00e9cnica<\/a><\/li>\n<\/ul>\n\n\n\n<div class=\"container\" id=\"boxes\">\n  <div class=\"row\">\n\n    <div class=\"col-sm\">\n      <div class=\"banner-guarda-gcm\" id=\"box-assinatura\">\n        <h2 class=\"titulo-assinatura\">Guarda de Ipia\u00fa<\/h2>\n        <p class=\"subtitulo-assinatura\">Explore os cursos preparat\u00f3rios completos! \u2728<\/p>\n        <div class=\"box-botao\">\n          <a class=\"btn-assinatura\" target=\"_blank\" href=\"https:\/\/www.estrategiaconcursos.com.br\/curso\/\" role=\"button\" rel=\"noopener noreferrer\">COMECE J\u00c1<\/a>\n        <\/div>\n      <\/div>\n  \n    <\/div>\n\n  <\/div>\n<\/div>\n\n\n\n<h2 class=\"wp-block-heading\" id=\"datas\">Principais datas do edital<\/h2>\n\n\n\n<ul class=\"wp-block-list\">\n<li><strong>Inscri\u00e7\u00f5es:<\/strong> <s>03 de julho a 03 de agosto<\/s><\/li>\n\n\n\n<li><strong>\u00daltimo dia pagamento:<\/strong> <s>04 de agosto<\/s><\/li>\n\n\n\n<li><strong>Isen\u00e7\u00e3o da taxa<\/strong>: <s>03 de julho a 04 de agosto<\/s><\/li>\n\n\n\n<li><strong>Provas:<\/strong> <s>22 de setembro<\/s> [<strong>SUSPENSA<\/strong>]<\/li>\n<\/ul>\n\n\n\n<h2 class=\"wp-block-heading\" id=\"cargos\">Cargos e vagas do concurso GCM de Ipia\u00fa<\/h2>\n\n\n\n<figure class=\"wp-block-table is-style-stripes\"><table class=\"has-very-light-gray-to-cyan-bluish-gray-gradient-background has-background has-fixed-layout\"><thead><tr><th class=\"has-text-align-center\" data-align=\"center\">Cargo<\/th><th class=\"has-text-align-center\" data-align=\"center\">Vagas AC<\/th><th class=\"has-text-align-center\" data-align=\"center\">Vagas PcD<\/th><th class=\"has-text-align-center\" data-align=\"center\">Vagas PPP<\/th><th class=\"has-text-align-center\" data-align=\"center\">Sal\u00e1rio<\/th><\/tr><\/thead><tbody><tr><td class=\"has-text-align-center\" data-align=\"center\">Guarda Municipal<\/td><td class=\"has-text-align-center\" data-align=\"center\">16<\/td><td class=\"has-text-align-center\" data-align=\"center\">2<\/td><td class=\"has-text-align-center\" data-align=\"center\">2<\/td><td class=\"has-text-align-center\" data-align=\"center\">R$ 1.420,00<\/td><\/tr><\/tbody><\/table><figcaption class=\"wp-element-caption\"><em>Cargos, vagas e sal\u00e1rios<\/em><\/figcaption><\/figure>\n\n\n\n<h2 class=\"wp-block-heading\" id=\"h-etapas-e-provas-do-concurso-guarda-de-ipiau\">Etapas e provas do concurso Guarda de Ipia\u00fa<\/h2>\n\n\n\n<p>O certame constitui-se das seguintes etapas abaixo:<\/p>\n\n\n\n<ul class=\"wp-block-list\">\n<li><strong>Prova objetiva<\/strong>, de car\u00e1ter classificat\u00f3rio e eliminat\u00f3rio;<\/li>\n\n\n\n<li><strong>Teste de Aptid\u00e3o F\u00edsica<\/strong>, de car\u00e1ter classificat\u00f3rio e eliminat\u00f3rio;<\/li>\n\n\n\n<li><strong>Exames m\u00e9dicos<\/strong>, de car\u00e1ter eliminat\u00f3rio;<\/li>\n\n\n\n<li><strong>Avalia\u00e7\u00e3o Psicol\u00f3gica<\/strong>, de car\u00e1ter eliminat\u00f3rio; e<\/li>\n\n\n\n<li><strong>Idoneidade Moral<\/strong>, de car\u00e1ter eliminat\u00f3rio.<\/li>\n<\/ul>\n\n\n\n<h3 class=\"wp-block-heading\" id=\"h-prova-objetiva\">Prova Objetiva<\/h3>\n\n\n\n<p>A prova objetiva se constituir\u00e1 de 40 quest\u00f5es de m\u00faltipla escolha, com 5 alternativas de resposta e apenas uma considerada a correta.<\/p>\n\n\n\n<figure class=\"wp-block-image aligncenter size-full\"><img loading=\"lazy\" decoding=\"async\" width=\"931\" height=\"192\" src=\"https:\/\/dhg1h5j42swfq.cloudfront.net\/2024\/06\/22094131\/image-540.png\" alt=\"prova objetiva do concurso guarda de ipa\u00fa\" class=\"wp-image-1419069\" srcset=\"https:\/\/dhg1h5j42swfq.cloudfront.net\/2024\/06\/22094131\/image-540.png 931w, https:\/\/dhg1h5j42swfq.cloudfront.net\/2024\/06\/22094131\/image-540-300x62.png 300w, https:\/\/dhg1h5j42swfq.cloudfront.net\/2024\/06\/22094131\/image-540-768x158.png 768w, https:\/\/dhg1h5j42swfq.cloudfront.net\/2024\/06\/22094131\/image-540-610x126.png 610w, https:\/\/dhg1h5j42swfq.cloudfront.net\/2024\/06\/22094131\/image-540-150x31.png 150w\" sizes=\"auto, (max-width: 931px) 100vw, 931px\" \/><\/figure>\n\n\n\n<p>A etapa ser\u00e1 avaliada na escala de 0 a 90 pontos e ser\u00e1 considerado habilitado o candidato que obtiver nota igual ou superior a 60% de acertos do total da prova.<\/p>\n\n\n\n<h3 class=\"wp-block-heading\" id=\"h-teste-de-aptidao-fisica\">Teste de Aptid\u00e3o F\u00edsica<\/h3>\n\n\n\n<p>A prova de aptid\u00e3o f\u00edsica constitui-se na realiza\u00e7\u00e3o de um conjunto de testes, compostos de exerc\u00edcios f\u00edsicos que avaliam val\u00eancias f\u00edsicas, permitindo classificar o estado f\u00edsico no momento de sua execu\u00e7\u00e3o.<\/p>\n\n\n\n<ul class=\"wp-block-list\">\n<li><strong>TESTE ABDOMINAL (AAHPERD, 1976 &#8211; POLLOCK &amp; WILMORE, 1993)<\/strong>\n<ul class=\"wp-block-list\">\n<li>a) Homens: 27 repeti\u00e7\u00f5es<\/li>\n\n\n\n<li>b) Mulheres: 20 repeti\u00e7\u00f5es<\/li>\n<\/ul>\n<\/li>\n\n\n\n<li><strong>TESTE DE FLEX\u00c3O DE BRA\u00c7O (POLLOCK &amp;WILMORE, 1993)<\/strong>\n<ul class=\"wp-block-list\">\n<li>a) Homens &#8211; 22 repeti\u00e7\u00f5es<\/li>\n\n\n\n<li>b) Mulheres &#8211; 17 repeti\u00e7\u00f5es<\/li>\n<\/ul>\n<\/li>\n\n\n\n<li><strong>CORRIDA (12 MINUTOS)<\/strong>\n<ul class=\"wp-block-list\">\n<li>a) Homens &#8211; 2.400 (dois mil e quatrocentos) metros<\/li>\n\n\n\n<li>b) Mulheres &#8211; 2.000 (dois mil) metros<\/li>\n<\/ul>\n<\/li>\n<\/ul>\n\n\n\n<hr class=\"wp-block-separator has-css-opacity\"\/>\n\n\n\n<h2 class=\"wp-block-heading has-text-align-center\" id=\"quer-saber-tudo-sobre-concursos-previstos-confira-nossos-artigos\">Quer saber tudo sobre concursos previstos?<br \/>Confira nossos artigos!<\/h2>\n\n\n\n<ul class=\"wp-block-list\">\n<li><a href=\"https:\/\/www.estrategiaconcursos.com.br\/blog\/concursos-guarda-municipal\/\" target=\"_blank\" rel=\"noreferrer noopener\">Concursos Guarda Municipal<\/a><\/li>\n\n\n\n<li><a href=\"https:\/\/www.estrategiaconcursos.com.br\/blog\/concursos-abertos\/\" target=\"_blank\" rel=\"noreferrer noopener\">Concursos abertos<\/a><\/li>\n\n\n\n<li><a href=\"https:\/\/www.estrategiaconcursos.com.br\/blog\/concursos-2024\/\" target=\"_blank\" rel=\"noreferrer noopener\">Concursos 2024<\/a><\/li>\n\n\n\n<li><a href=\"https:\/\/www.estrategiaconcursos.com.br\/blog\/concursos-2025\/\" target=\"_blank\" rel=\"noreferrer noopener\">Concursos 2025<\/a><\/li>\n<\/ul>\n\n\n\n<h2 class=\"wp-block-heading has-text-align-center\" id=\"cursos-assinatura\">Cursos para o concurso Guarda de Ipia\u00fa<\/h2>\n\n\n\n<div class=\"container\" id=\"boxes\">\n  <div class=\"row\">\n\n    <div class=\"col-sm\">\n      <div class=\"banner-guarda-gcm\" id=\"box-assinatura\">\n        <h3 class=\"titulo-assinatura\">Concurso Guarda de Ipia\u00fa<\/h3>\n        <p class=\"subtitulo-assinatura\">Explore os cursos preparat\u00f3rios completos! \u2728<\/p>\n        <div class=\"box-botao\">\n          <a class=\"btn-assinatura\" target=\"_blank\" href=\"https:\/\/www.estrategiaconcursos.com.br\/curso\" role=\"button\" rel=\"noopener noreferrer\">COMECE J\u00c1<\/a>\n        <\/div>\n      <\/div>\n     \n    <\/div>\n\n  <\/div>\n<\/div>\n\n\n\n<div class=\"container\" id=\"boxes\">\n  <div class=\"row\">\n\n    <div class=\"col-sm\">\n      <div class=\"estrategia\" id=\"box-assinatura\">\n        <h3 class=\"titulo-assinatura\"> Concursos P\u00fablicos\n        <p class=\"subtitulo-assinatura\">Assinatura de 1 ano ou 2 anos<\/p>\n        <div class=\"box-botao\">\n          <a class=\"btn-assinatura\" target=\"_blank\" href=\"https:\/\/www.estrategiaconcursos.com.br\/assinaturas\/\" role=\"button\" rel=\"noopener noreferrer\">ASSINE AGORA<\/a>\n        <\/div>\n      <\/h3><\/div><\/div><\/div><\/div>\n\n\n\n<figure class=\"wp-block-image size-large is-resized is-style-default\"><img loading=\"lazy\" decoding=\"async\" width=\"1024\" height=\"632\" src=\"https:\/\/dhg1h5j42swfq.cloudfront.net\/2021\/04\/26155903\/ficha-tecnica-1-1024x632-1-13.png\" alt=\"Ficha t\u00e9cnica\" class=\"wp-image-723637\" style=\"width:296px;height:auto\" srcset=\"https:\/\/dhg1h5j42swfq.cloudfront.net\/2021\/04\/26155903\/ficha-tecnica-1-1024x632-1-13.png 1024w, https:\/\/dhg1h5j42swfq.cloudfront.net\/2021\/04\/26155903\/ficha-tecnica-1-1024x632-1-13-300x185.png 300w, https:\/\/dhg1h5j42swfq.cloudfront.net\/2021\/04\/26155903\/ficha-tecnica-1-1024x632-1-13-768x474.png 768w, https:\/\/dhg1h5j42swfq.cloudfront.net\/2021\/04\/26155903\/ficha-tecnica-1-1024x632-1-13-610x376.png 610w\" sizes=\"auto, (max-width: 1024px) 100vw, 1024px\" \/><\/figure>\n\n\n\n<h3 class=\"wp-block-heading\" id=\"ficha\">Informa\u00e7\u00f5es do concurso Guarda de Ipia\u00fa-BA<\/h3>\n\n\n\n<ul class=\"wp-block-list\">\n<li><strong style=\"color: initial;\">Provas<\/strong><span style=\"color: initial;\">: <\/span>Suspensa<\/li>\n\n\n\n<li><strong>Vagas<\/strong>: 20<\/li>\n\n\n\n<li><strong>Banca<\/strong>: Planejar Concursos<\/li>\n\n\n\n<li><strong>Escolaridade<\/strong>: n\u00edvel m\u00e9dio<\/li>\n\n\n\n<li><strong>Edital<\/strong>:&nbsp;<a href=\"https:\/\/dhg1h5j42swfq.cloudfront.net\/2024\/06\/21203420\/0fe04cb1f4ba9a5ce661d07ba0576525.pdf\" target=\"_blank\" rel=\"noreferrer noopener nofollow\">GCM de Ipia\u00fa 2024<\/a><\/li>\n<\/ul>\n","protected":false},"excerpt":{"rendered":"<p>Em decis\u00e3o liminar, a Justi\u00e7a determinou a suspens\u00e3o das provas do concurso Guarda de Ipia\u00fa, localizada no estado da Bahia. A decis\u00e3o judicial exige a adequa\u00e7\u00e3o da carga hor\u00e1ria e da remunera\u00e7\u00e3o dos cargos de cirurgi\u00e3o-dentista, auxiliar em sa\u00fade bucal e t\u00e9cnicos em sa\u00fade bucal, o que implica altera\u00e7\u00e3o da legisla\u00e7\u00e3o municipal vigente. De acordo [&hellip;]<\/p>\n","protected":false},"author":1,"featured_media":1419765,"comment_status":"open","ping_status":"closed","sticky":false,"template":"","format":"standard","meta":{"post_tipo":"news_page","footnotes":""},"categories":[220189],"tags":[],"tax_estado":[219968],"class_list":["post-1419067","post","type-post","status-publish","format-standard","has-post-thumbnail","hentry","category-policial-guarda-civis","tax_estado-ba"],"acf":[],"yoast_head":"<!-- This site is optimized with the Yoast SEO Premium plugin v27.2 (Yoast SEO v27.2) - https:\/\/yoast.com\/product\/yoast-seo-premium-wordpress\/ -->\n<title>Concurso Guarda de Ipia\u00fa: Justi\u00e7a determina suspens\u00e3o<\/title>\n<meta name=\"description\" content=\"Concurso Guarda de Ipia\u00fa: edital publicado com 20 vagas e inicial de R$ 1.420,00. Provas suspensas por determina\u00e7\u00e3o judicial!\" \/>\n<meta name=\"robots\" content=\"index, follow, max-snippet:-1, max-image-preview:large, max-video-preview:-1\" \/>\n<link rel=\"canonical\" href=\"https:\/\/www.estrategiaconcursos.com.br\/blog\/concurso-guarda-de-ipiau\/\" \/>\n<meta property=\"og:locale\" content=\"pt_BR\" \/>\n<meta property=\"og:type\" content=\"article\" \/>\n<meta property=\"og:title\" content=\"Concurso Guarda de Ipia\u00fa: Justi\u00e7a determina suspens\u00e3o\" \/>\n<meta property=\"og:description\" content=\"Concurso Guarda de Ipia\u00fa: edital publicado com 20 vagas e inicial de R$ 1.420,00. Provas suspensas por determina\u00e7\u00e3o judicial!\" \/>\n<meta property=\"og:url\" content=\"https:\/\/www.estrategiaconcursos.com.br\/blog\/concurso-guarda-de-ipiau\/\" \/>\n<meta property=\"og:site_name\" content=\"Estrat\u00e9gia Concursos\" \/>\n<meta property=\"article:author\" content=\"https:\/\/www.facebook.com\/EstrategiaConcursos\" \/>\n<meta property=\"article:published_time\" content=\"2024-09-23T10:50:00+00:00\" \/>\n<meta property=\"article:modified_time\" content=\"2024-09-23T19:01:06+00:00\" \/>\n<meta property=\"og:image\" content=\"https:\/\/dhg1h5j42swfq.cloudfront.net\/2024\/06\/25000715\/guarda-de-ipiau-ba.jpg\" \/>\n\t<meta property=\"og:image:width\" content=\"768\" \/>\n\t<meta property=\"og:image:height\" content=\"432\" \/>\n\t<meta property=\"og:image:type\" content=\"image\/jpeg\" \/>\n<meta name=\"author\" content=\"Coordena\u00e7\u00e3o\" \/>\n<meta name=\"twitter:card\" content=\"summary_large_image\" \/>\n<meta name=\"twitter:creator\" content=\"@EstratConcursos\" \/>\n<meta name=\"twitter:site\" content=\"@EstratConcursos\" \/>\n<meta name=\"twitter:label1\" content=\"Escrito por\" \/>\n\t<meta name=\"twitter:data1\" content=\"Coordena\u00e7\u00e3o\" \/>\n\t<meta name=\"twitter:label2\" content=\"Est. tempo de leitura\" \/>\n\t<meta name=\"twitter:data2\" content=\"3 minutos\" \/>\n<script type=\"application\/ld+json\" class=\"yoast-schema-graph\">{\"@context\":\"https:\/\/schema.org\",\"@graph\":[{\"@type\":\"NewsArticle\",\"@id\":\"https:\/\/www.estrategiaconcursos.com.br\/blog\/concurso-guarda-de-ipiau\/#article\",\"isPartOf\":{\"@id\":\"https:\/\/www.estrategiaconcursos.com.br\/blog\/concurso-guarda-de-ipiau\/\"},\"author\":{\"name\":\"Coordena\u00e7\u00e3o\",\"@id\":\"https:\/\/www.estrategiaconcursos.com.br\/blog\/#\/schema\/person\/b4a388c97673c5f483d72185668afa1f\"},\"headline\":\"Concurso Guarda de Ipia\u00fa: Justi\u00e7a determina suspens\u00e3o\",\"datePublished\":\"2024-09-23T10:50:00+00:00\",\"dateModified\":\"2024-09-23T19:01:06+00:00\",\"mainEntityOfPage\":{\"@id\":\"https:\/\/www.estrategiaconcursos.com.br\/blog\/concurso-guarda-de-ipiau\/\"},\"wordCount\":554,\"commentCount\":0,\"publisher\":{\"@id\":\"https:\/\/www.estrategiaconcursos.com.br\/blog\/#organization\"},\"image\":{\"@id\":\"https:\/\/www.estrategiaconcursos.com.br\/blog\/concurso-guarda-de-ipiau\/#primaryimage\"},\"thumbnailUrl\":\"https:\/\/dhg1h5j42swfq.cloudfront.net\/2024\/06\/25000715\/guarda-de-ipiau-ba.jpg\",\"articleSection\":[\"Policial (Guardas Civis)\"],\"inLanguage\":\"pt-BR\",\"potentialAction\":[{\"@type\":\"CommentAction\",\"name\":\"Comment\",\"target\":[\"https:\/\/www.estrategiaconcursos.com.br\/blog\/concurso-guarda-de-ipiau\/#respond\"]}],\"copyrightYear\":\"2024\",\"copyrightHolder\":{\"@id\":\"https:\/\/www.estrategiaconcursos.com.br\/blog\/#organization\"}},{\"@type\":\"WebPage\",\"@id\":\"https:\/\/www.estrategiaconcursos.com.br\/blog\/concurso-guarda-de-ipiau\/\",\"url\":\"https:\/\/www.estrategiaconcursos.com.br\/blog\/concurso-guarda-de-ipiau\/\",\"name\":\"Concurso Guarda de Ipia\u00fa: Justi\u00e7a determina suspens\u00e3o\",\"isPartOf\":{\"@id\":\"https:\/\/www.estrategiaconcursos.com.br\/blog\/#website\"},\"primaryImageOfPage\":{\"@id\":\"https:\/\/www.estrategiaconcursos.com.br\/blog\/concurso-guarda-de-ipiau\/#primaryimage\"},\"image\":{\"@id\":\"https:\/\/www.estrategiaconcursos.com.br\/blog\/concurso-guarda-de-ipiau\/#primaryimage\"},\"thumbnailUrl\":\"https:\/\/dhg1h5j42swfq.cloudfront.net\/2024\/06\/25000715\/guarda-de-ipiau-ba.jpg\",\"datePublished\":\"2024-09-23T10:50:00+00:00\",\"dateModified\":\"2024-09-23T19:01:06+00:00\",\"description\":\"Concurso Guarda de Ipia\u00fa: edital publicado com 20 vagas e inicial de R$ 1.420,00. Provas suspensas por determina\u00e7\u00e3o judicial!\",\"breadcrumb\":{\"@id\":\"https:\/\/www.estrategiaconcursos.com.br\/blog\/concurso-guarda-de-ipiau\/#breadcrumb\"},\"inLanguage\":\"pt-BR\",\"potentialAction\":[{\"@type\":\"ReadAction\",\"target\":[\"https:\/\/www.estrategiaconcursos.com.br\/blog\/concurso-guarda-de-ipiau\/\"]}]},{\"@type\":\"ImageObject\",\"inLanguage\":\"pt-BR\",\"@id\":\"https:\/\/www.estrategiaconcursos.com.br\/blog\/concurso-guarda-de-ipiau\/#primaryimage\",\"url\":\"https:\/\/dhg1h5j42swfq.cloudfront.net\/2024\/06\/25000715\/guarda-de-ipiau-ba.jpg\",\"contentUrl\":\"https:\/\/dhg1h5j42swfq.cloudfront.net\/2024\/06\/25000715\/guarda-de-ipiau-ba.jpg\",\"width\":768,\"height\":432},{\"@type\":\"BreadcrumbList\",\"@id\":\"https:\/\/www.estrategiaconcursos.com.br\/blog\/concurso-guarda-de-ipiau\/#breadcrumb\",\"itemListElement\":[{\"@type\":\"ListItem\",\"position\":1,\"name\":\"In\u00edcio\",\"item\":\"https:\/\/www.estrategiaconcursos.com.br\/blog\/\"},{\"@type\":\"ListItem\",\"position\":2,\"name\":\"Concurso Guarda de Ipia\u00fa: Justi\u00e7a determina suspens\u00e3o\"}]},{\"@type\":\"WebSite\",\"@id\":\"https:\/\/www.estrategiaconcursos.com.br\/blog\/#website\",\"url\":\"https:\/\/www.estrategiaconcursos.com.br\/blog\/\",\"name\":\"Estrat\u00e9gia Concursos\",\"description\":\"O blog da Estrat\u00e9gia Concursos traz not\u00edcias sobre concursos e artigos de professores oferecendo cursos para concursos (pdf + videaulas) no site.\",\"publisher\":{\"@id\":\"https:\/\/www.estrategiaconcursos.com.br\/blog\/#organization\"},\"potentialAction\":[{\"@type\":\"SearchAction\",\"target\":{\"@type\":\"EntryPoint\",\"urlTemplate\":\"https:\/\/www.estrategiaconcursos.com.br\/blog\/?s={search_term_string}\"},\"query-input\":{\"@type\":\"PropertyValueSpecification\",\"valueRequired\":true,\"valueName\":\"search_term_string\"}}],\"inLanguage\":\"pt-BR\"},{\"@type\":\"Organization\",\"@id\":\"https:\/\/www.estrategiaconcursos.com.br\/blog\/#organization\",\"name\":\"Estrat\u00e9gia Concursos\",\"url\":\"https:\/\/www.estrategiaconcursos.com.br\/blog\/\",\"logo\":{\"@type\":\"ImageObject\",\"inLanguage\":\"pt-BR\",\"@id\":\"https:\/\/www.estrategiaconcursos.com.br\/blog\/#\/schema\/logo\/image\/\",\"url\":\"https:\/\/dhg1h5j42swfq.cloudfront.net\/2025\/06\/03203428\/logo_concursos-1.jpg\",\"contentUrl\":\"https:\/\/dhg1h5j42swfq.cloudfront.net\/2025\/06\/03203428\/logo_concursos-1.jpg\",\"width\":230,\"height\":60,\"caption\":\"Estrat\u00e9gia Concursos\"},\"image\":{\"@id\":\"https:\/\/www.estrategiaconcursos.com.br\/blog\/#\/schema\/logo\/image\/\"},\"sameAs\":[\"https:\/\/x.com\/EstratConcursos\"]},{\"@type\":\"Person\",\"@id\":\"https:\/\/www.estrategiaconcursos.com.br\/blog\/#\/schema\/person\/b4a388c97673c5f483d72185668afa1f\",\"name\":\"Coordena\u00e7\u00e3o\",\"image\":{\"@type\":\"ImageObject\",\"inLanguage\":\"pt-BR\",\"@id\":\"https:\/\/secure.gravatar.com\/avatar\/b720319e4c9a967eb58678d110f4fe35452fc5d5f97b202bac7b8acceb18c6ad?s=96&d=mm&r=g\",\"url\":\"https:\/\/secure.gravatar.com\/avatar\/b720319e4c9a967eb58678d110f4fe35452fc5d5f97b202bac7b8acceb18c6ad?s=96&d=mm&r=g\",\"contentUrl\":\"https:\/\/secure.gravatar.com\/avatar\/b720319e4c9a967eb58678d110f4fe35452fc5d5f97b202bac7b8acceb18c6ad?s=96&d=mm&r=g\",\"caption\":\"Coordena\u00e7\u00e3o\"},\"sameAs\":[\"https:\/\/www.facebook.com\/EstrategiaConcursos\",\"https:\/\/x.com\/EstratConcursos\"],\"url\":\"https:\/\/www.estrategiaconcursos.com.br\/blog\/author\/estrategia2013\/\"}]}<\/script>\n<!-- \/ Yoast SEO Premium plugin. -->","yoast_head_json":{"title":"Concurso Guarda de Ipia\u00fa: Justi\u00e7a determina suspens\u00e3o","description":"Concurso Guarda de Ipia\u00fa: edital publicado com 20 vagas e inicial de R$ 1.420,00. Provas suspensas por determina\u00e7\u00e3o judicial!","robots":{"index":"index","follow":"follow","max-snippet":"max-snippet:-1","max-image-preview":"max-image-preview:large","max-video-preview":"max-video-preview:-1"},"canonical":"https:\/\/www.estrategiaconcursos.com.br\/blog\/concurso-guarda-de-ipiau\/","og_locale":"pt_BR","og_type":"article","og_title":"Concurso Guarda de Ipia\u00fa: Justi\u00e7a determina suspens\u00e3o","og_description":"Concurso Guarda de Ipia\u00fa: edital publicado com 20 vagas e inicial de R$ 1.420,00. Provas suspensas por determina\u00e7\u00e3o judicial!","og_url":"https:\/\/www.estrategiaconcursos.com.br\/blog\/concurso-guarda-de-ipiau\/","og_site_name":"Estrat\u00e9gia Concursos","article_author":"https:\/\/www.facebook.com\/EstrategiaConcursos","article_published_time":"2024-09-23T10:50:00+00:00","article_modified_time":"2024-09-23T19:01:06+00:00","og_image":[{"width":768,"height":432,"url":"https:\/\/dhg1h5j42swfq.cloudfront.net\/2024\/06\/25000715\/guarda-de-ipiau-ba.jpg","type":"image\/jpeg"}],"author":"Coordena\u00e7\u00e3o","twitter_card":"summary_large_image","twitter_creator":"@EstratConcursos","twitter_site":"@EstratConcursos","twitter_misc":{"Escrito por":"Coordena\u00e7\u00e3o","Est. tempo de leitura":"3 minutos"},"schema":{"@context":"https:\/\/schema.org","@graph":[{"@type":"NewsArticle","@id":"https:\/\/www.estrategiaconcursos.com.br\/blog\/concurso-guarda-de-ipiau\/#article","isPartOf":{"@id":"https:\/\/www.estrategiaconcursos.com.br\/blog\/concurso-guarda-de-ipiau\/"},"author":{"name":"Coordena\u00e7\u00e3o","@id":"https:\/\/www.estrategiaconcursos.com.br\/blog\/#\/schema\/person\/b4a388c97673c5f483d72185668afa1f"},"headline":"Concurso Guarda de Ipia\u00fa: Justi\u00e7a determina suspens\u00e3o","datePublished":"2024-09-23T10:50:00+00:00","dateModified":"2024-09-23T19:01:06+00:00","mainEntityOfPage":{"@id":"https:\/\/www.estrategiaconcursos.com.br\/blog\/concurso-guarda-de-ipiau\/"},"wordCount":554,"commentCount":0,"publisher":{"@id":"https:\/\/www.estrategiaconcursos.com.br\/blog\/#organization"},"image":{"@id":"https:\/\/www.estrategiaconcursos.com.br\/blog\/concurso-guarda-de-ipiau\/#primaryimage"},"thumbnailUrl":"https:\/\/dhg1h5j42swfq.cloudfront.net\/2024\/06\/25000715\/guarda-de-ipiau-ba.jpg","articleSection":["Policial (Guardas Civis)"],"inLanguage":"pt-BR","potentialAction":[{"@type":"CommentAction","name":"Comment","target":["https:\/\/www.estrategiaconcursos.com.br\/blog\/concurso-guarda-de-ipiau\/#respond"]}],"copyrightYear":"2024","copyrightHolder":{"@id":"https:\/\/www.estrategiaconcursos.com.br\/blog\/#organization"}},{"@type":"WebPage","@id":"https:\/\/www.estrategiaconcursos.com.br\/blog\/concurso-guarda-de-ipiau\/","url":"https:\/\/www.estrategiaconcursos.com.br\/blog\/concurso-guarda-de-ipiau\/","name":"Concurso Guarda de Ipia\u00fa: Justi\u00e7a determina suspens\u00e3o","isPartOf":{"@id":"https:\/\/www.estrategiaconcursos.com.br\/blog\/#website"},"primaryImageOfPage":{"@id":"https:\/\/www.estrategiaconcursos.com.br\/blog\/concurso-guarda-de-ipiau\/#primaryimage"},"image":{"@id":"https:\/\/www.estrategiaconcursos.com.br\/blog\/concurso-guarda-de-ipiau\/#primaryimage"},"thumbnailUrl":"https:\/\/dhg1h5j42swfq.cloudfront.net\/2024\/06\/25000715\/guarda-de-ipiau-ba.jpg","datePublished":"2024-09-23T10:50:00+00:00","dateModified":"2024-09-23T19:01:06+00:00","description":"Concurso Guarda de Ipia\u00fa: edital publicado com 20 vagas e inicial de R$ 1.420,00. Provas suspensas por determina\u00e7\u00e3o judicial!","breadcrumb":{"@id":"https:\/\/www.estrategiaconcursos.com.br\/blog\/concurso-guarda-de-ipiau\/#breadcrumb"},"inLanguage":"pt-BR","potentialAction":[{"@type":"ReadAction","target":["https:\/\/www.estrategiaconcursos.com.br\/blog\/concurso-guarda-de-ipiau\/"]}]},{"@type":"ImageObject","inLanguage":"pt-BR","@id":"https:\/\/www.estrategiaconcursos.com.br\/blog\/concurso-guarda-de-ipiau\/#primaryimage","url":"https:\/\/dhg1h5j42swfq.cloudfront.net\/2024\/06\/25000715\/guarda-de-ipiau-ba.jpg","contentUrl":"https:\/\/dhg1h5j42swfq.cloudfront.net\/2024\/06\/25000715\/guarda-de-ipiau-ba.jpg","width":768,"height":432},{"@type":"BreadcrumbList","@id":"https:\/\/www.estrategiaconcursos.com.br\/blog\/concurso-guarda-de-ipiau\/#breadcrumb","itemListElement":[{"@type":"ListItem","position":1,"name":"In\u00edcio","item":"https:\/\/www.estrategiaconcursos.com.br\/blog\/"},{"@type":"ListItem","position":2,"name":"Concurso Guarda de Ipia\u00fa: Justi\u00e7a determina suspens\u00e3o"}]},{"@type":"WebSite","@id":"https:\/\/www.estrategiaconcursos.com.br\/blog\/#website","url":"https:\/\/www.estrategiaconcursos.com.br\/blog\/","name":"Estrat\u00e9gia Concursos","description":"O blog da Estrat\u00e9gia Concursos traz not\u00edcias sobre concursos e artigos de professores oferecendo cursos para concursos (pdf + videaulas) no site.","publisher":{"@id":"https:\/\/www.estrategiaconcursos.com.br\/blog\/#organization"},"potentialAction":[{"@type":"SearchAction","target":{"@type":"EntryPoint","urlTemplate":"https:\/\/www.estrategiaconcursos.com.br\/blog\/?s={search_term_string}"},"query-input":{"@type":"PropertyValueSpecification","valueRequired":true,"valueName":"search_term_string"}}],"inLanguage":"pt-BR"},{"@type":"Organization","@id":"https:\/\/www.estrategiaconcursos.com.br\/blog\/#organization","name":"Estrat\u00e9gia Concursos","url":"https:\/\/www.estrategiaconcursos.com.br\/blog\/","logo":{"@type":"ImageObject","inLanguage":"pt-BR","@id":"https:\/\/www.estrategiaconcursos.com.br\/blog\/#\/schema\/logo\/image\/","url":"https:\/\/dhg1h5j42swfq.cloudfront.net\/2025\/06\/03203428\/logo_concursos-1.jpg","contentUrl":"https:\/\/dhg1h5j42swfq.cloudfront.net\/2025\/06\/03203428\/logo_concursos-1.jpg","width":230,"height":60,"caption":"Estrat\u00e9gia Concursos"},"image":{"@id":"https:\/\/www.estrategiaconcursos.com.br\/blog\/#\/schema\/logo\/image\/"},"sameAs":["https:\/\/x.com\/EstratConcursos"]},{"@type":"Person","@id":"https:\/\/www.estrategiaconcursos.com.br\/blog\/#\/schema\/person\/b4a388c97673c5f483d72185668afa1f","name":"Coordena\u00e7\u00e3o","image":{"@type":"ImageObject","inLanguage":"pt-BR","@id":"https:\/\/secure.gravatar.com\/avatar\/b720319e4c9a967eb58678d110f4fe35452fc5d5f97b202bac7b8acceb18c6ad?s=96&d=mm&r=g","url":"https:\/\/secure.gravatar.com\/avatar\/b720319e4c9a967eb58678d110f4fe35452fc5d5f97b202bac7b8acceb18c6ad?s=96&d=mm&r=g","contentUrl":"https:\/\/secure.gravatar.com\/avatar\/b720319e4c9a967eb58678d110f4fe35452fc5d5f97b202bac7b8acceb18c6ad?s=96&d=mm&r=g","caption":"Coordena\u00e7\u00e3o"},"sameAs":["https:\/\/www.facebook.com\/EstrategiaConcursos","https:\/\/x.com\/EstratConcursos"],"url":"https:\/\/www.estrategiaconcursos.com.br\/blog\/author\/estrategia2013\/"}]}},"_links":{"self":[{"href":"https:\/\/www.estrategiaconcursos.com.br\/blog\/wp-json\/wp\/v2\/posts\/1419067","targetHints":{"allow":["GET"]}}],"collection":[{"href":"https:\/\/www.estrategiaconcursos.com.br\/blog\/wp-json\/wp\/v2\/posts"}],"about":[{"href":"https:\/\/www.estrategiaconcursos.com.br\/blog\/wp-json\/wp\/v2\/types\/post"}],"author":[{"embeddable":true,"href":"https:\/\/www.estrategiaconcursos.com.br\/blog\/wp-json\/wp\/v2\/users\/1"}],"replies":[{"embeddable":true,"href":"https:\/\/www.estrategiaconcursos.com.br\/blog\/wp-json\/wp\/v2\/comments?post=1419067"}],"version-history":[{"count":17,"href":"https:\/\/www.estrategiaconcursos.com.br\/blog\/wp-json\/wp\/v2\/posts\/1419067\/revisions"}],"predecessor-version":[{"id":1465861,"href":"https:\/\/www.estrategiaconcursos.com.br\/blog\/wp-json\/wp\/v2\/posts\/1419067\/revisions\/1465861"}],"wp:featuredmedia":[{"embeddable":true,"href":"https:\/\/www.estrategiaconcursos.com.br\/blog\/wp-json\/wp\/v2\/media\/1419765"}],"wp:attachment":[{"href":"https:\/\/www.estrategiaconcursos.com.br\/blog\/wp-json\/wp\/v2\/media?parent=1419067"}],"wp:term":[{"taxonomy":"category","embeddable":true,"href":"https:\/\/www.estrategiaconcursos.com.br\/blog\/wp-json\/wp\/v2\/categories?post=1419067"},{"taxonomy":"post_tag","embeddable":true,"href":"https:\/\/www.estrategiaconcursos.com.br\/blog\/wp-json\/wp\/v2\/tags?post=1419067"},{"taxonomy":"tax_estado","embeddable":true,"href":"https:\/\/www.estrategiaconcursos.com.br\/blog\/wp-json\/wp\/v2\/tax_estado?post=1419067"}],"curies":[{"name":"wp","href":"https:\/\/api.w.org\/{rel}","templated":true}]}}