{"id":141857,"date":"2018-09-20T03:33:44","date_gmt":"2018-09-20T06:33:44","guid":{"rendered":"https:\/\/www.estrategiaconcursos.com.br\/blog\/?p=141857"},"modified":"2023-05-23T09:17:34","modified_gmt":"2023-05-23T12:17:34","slug":"novo-recurso-para-pf-escrivao-informatica","status":"publish","type":"post","link":"https:\/\/www.estrategiaconcursos.com.br\/blog\/novo-recurso-para-pf-escrivao-informatica\/","title":{"rendered":"[NOVO &#8211; Recurso para PF (Escriv\u00e3o) &#8211; Inform\u00e1tica]"},"content":{"rendered":"<p>Ol\u00e1 Pessoal, como est\u00e3o? Vamos avan\u00e7ar na Corre\u00e7\u00e3o da Prova de Escriv\u00e3o da Pol\u00edcia Federal.<\/p>\n<p>Aqui \u00e9 o <strong>professor Andr\u00e9 Castro<\/strong>, respons\u00e1vel pelas mat\u00e9rias de redes de Computadores e Seguran\u00e7a da Informa\u00e7\u00e3o de Tecnologia da Informa\u00e7\u00e3o, e fiquei com a responsabilidade de trazer os coment\u00e1rios para voc\u00eas. Vou tentar ser objetivo, por\u00e9m, assertivo nas considera\u00e7\u00f5es.<\/p>\n<p>Vamos consolidar aqui os coment\u00e1rios das quest\u00f5es de maneira preliminar, j\u00e1 antecipando eventuais possibilidades de recursos diante dos posicionamentos da Banca.<\/p>\n<p>Vamos em frente.<\/p>\n<p>&#8212;&#8212;-<\/p>\n<ol start=\"64\">\n<li>O modelo de refer\u00eancia de rede TCP\/IP, se comparado ao modelo OSI, n\u00e3o contempla a implementa\u00e7\u00e3o das camadas f\u00edsica, de sess\u00e3o e de apresenta\u00e7\u00e3o.<\/li>\n<\/ol>\n<p><strong>Coment\u00e1rios<\/strong>: Pessoal, quest\u00e3o que parece simples mas que o candidato pode se complicar. Quando a quest\u00e3o diz que o TCP\/IP n\u00e3o contempla a implementa\u00e7\u00e3o das camadas, entende-se que os recursos e funcionalidades delas n\u00e3o estariam presentes. Essa \u00e9 a interpreta\u00e7\u00e3o que eu extraio dessa informa\u00e7\u00e3o. Creio que n\u00e3o tenha sido essa a inten\u00e7\u00e3o do examinador, mas t\u00e3o somente verificar se o candidato sabia a diferen\u00e7a das camadas que est\u00e3o segmentadas ou n\u00e3o em rela\u00e7\u00e3o aos modelos. Ent\u00e3o entendo que a banca deve dar o gabarito como Correto, por\u00e9m, julgo ser pass\u00edvel de recurso. Olhando t\u00e3o somente para as camadas de sess\u00e3o e apresenta\u00e7\u00e3o, tem-se que as funcionalidades dessa camada no modelo OSI foram agrupadas em uma \u00fanica camada, como sabemos, a camada de APLICA\u00c7\u00c3O. Ent\u00e3o os recursos de formata\u00e7\u00e3o, compacta\u00e7\u00e3o e criptografia, por exemplo, que eram da camada de apresenta\u00e7\u00e3o do modelo OSI, passam para a camada de aplica\u00e7\u00e3o da arquitetura TCP\/IP. Por esse motivo entendo que dizer que &#8220;n\u00e3o contempla a implementa\u00e7\u00e3o&#8221; leva ao entendimento supramencionado.<\/p>\n<p>[ATUALIZA\u00c7\u00c3O] Pessoal, um outro ponto que pode ser explorado \u00e9 em rela\u00e7\u00e3o \u00e0 diverg\u00eancia bibliogr\u00e1fica quando a exist\u00eancia ou n\u00e3o da camada f\u00edsica na arquitetura TCP\/IP. O pr\u00f3prio CESPE j\u00e1 anulou quest\u00e3o do Banco Central de Analista de Sistemas, de 2013, conforme link abaixo (item 55):<\/p>\n<p><a href=\"http:\/\/www.cespe.unb.br\/concursos\/BACEN_13_ANALISTA_TECNICO\/arquivos\/JUSTIFICATIVAS_DE_ALTERA____O_DE_GABARITO_BACEN_ANALISTA_TECNICO_PARA_P__GINA_DO_CESPE_22_11.PDF\">http:\/\/www.cespe.unb.br\/concursos\/BACEN_13_ANALISTA_TECNICO\/arquivos\/JUSTIFICATIVAS_DE_ALTERA____O_DE_GABARITO_BACEN_ANALISTA_TECNICO_PARA_P__GINA_DO_CESPE_22_11.PDF<\/a><\/p>\n<p>Ent\u00e3o realmente entendo que essa quest\u00e3o deva ser considerada ERRADA pelo primeiro argumento, ou anulada, por causa do segundo.<\/p>\n<p><span style=\"color: #ff0000;\"><strong>Gabarito Preliminar: CORRETO (Sugest\u00e3o do Professor: ERRADO ou ANULADO).<\/strong><\/span><\/p>\n<hr \/>\n<ol start=\"65\">\n<li>A Internet e a intranet, devido \u00e0s suas caracter\u00edsticas espec\u00edficas, operam com protocolos diferentes, adequados a cada situa\u00e7\u00e3o.<\/li>\n<\/ol>\n<p><strong>Coment\u00e1rios<\/strong>: Pessoal, considerar isso como uma regra \u00e9 uma falha. Os principais protocolos s\u00e3o utilizados tanto nas redes internas como na Internet. Ao considerarmos, por exemplo, o protocolo IP, o TCP e algum da camada de aplica\u00e7\u00e3o, por exemplo (SMTP, HTTP, entre outros), n\u00e3o fazemos nenhuma distin\u00e7\u00e3o por tipo de rede. Agora, fato \u00e9 que h\u00e1 protocolos que podem ser utilizados especificamente para determinados contextos. Mas a quest\u00e3o restringe em sua afirma\u00e7\u00e3o, e, por isso, est\u00e1 errada.<\/p>\n<p>O que a banca pode ter explorado s\u00e3o protocolos da camada de Enlace que se subdividem em WAN e LAN&#8230; At\u00e9 a\u00ed tudo bem&#8230; Mas a quest\u00e3o n\u00e3o fez restri\u00e7\u00e3o nesse sentido. Ent\u00e3o, como mencionei, os principais protocolos s\u00e3o utilizados de ponta a ponta, seja na rede interna ou na rede externa, uma vez que s\u00e3o implementados nos dispositivos finais para provimentos dos diversos servi\u00e7os na rede.<\/p>\n<p>Percebam o que diz Forouzan:<\/p>\n<blockquote><p>Intranet &#8211; An intranet is a private network (LAN) that uses <strong>the Internet model<\/strong>. However,<br \/>\naccess to the network is limited to the users inside the organization. The network<br \/>\nuses application programs defined for the global Internet, such as HTTP, and may have<br \/>\nWeb servers, print servers, file servers, and so on. (pag 1005 &#8211; Comunica\u00e7\u00e3o de Dados e Redes de Computadores).<\/p><\/blockquote>\n<p>Em nenhum momento ele fala que \u00e9 diferente&#8230; Mas afirma que usa o modelo da Internet.<\/p>\n<p><span style=\"color: #ff0000;\"><strong>Gabarito Preliminar: CORRETO (Sugest\u00e3o de Gabarito: Errado)<\/strong><\/span><\/p>\n<hr \/>\n<ol start=\"71\">\n<li>Um firewall implementa uma pol\u00edtica de controle de comportamento para determinar que tipos de servi\u00e7os de Internet podem ser acessados na rede.<\/li>\n<\/ol>\n<p><strong>Coment\u00e1rios<\/strong>: Pessoal, quest\u00e3o absurda do CESPE. Existem v\u00e1rias vers\u00f5es e capacidade de firewalls. Os mais modernos, sem d\u00favida, s\u00e3o capazes de controlar comportamento, conforme se verifica nos links a seguir. Basta procurar pela regra &#8220;Behavior&#8221;, que \u00e9 o mesmo sentido de comportamento. Estes s\u00e3o alguns dos principais fabricantes de firewall que existem no mercado, sendo a prova concreta do controle em quest\u00e3o:<\/p>\n<p><a href=\"https:\/\/books.google.com.br\/books?id=oTKEX9stxooC&amp;pg=PT398&amp;lpg=PT398&amp;dq=firewall+behavior+control&amp;source=bl&amp;ots=mUTm9Ii54r&amp;sig=PYiBImv8BhpzqOzgnDNjXFRS7RQ&amp;hl=pt-PT&amp;sa=X&amp;ved=2ahUKEwiO26yz98jdAhUGHJAKHa5MAms4ChDoATACegQIBxAB#v=onepage&amp;q=firewall%20behavior%20control&amp;f=false\">https:\/\/books.google.com.br\/books?id=oTKEX9stxooC&amp;pg=PT398&amp;lpg=PT398&amp;dq=firewall+behavior+control&amp;source=bl&amp;ots=mUTm9Ii54r&amp;sig=PYiBImv8BhpzqOzgnDNjXFRS7RQ&amp;hl=pt-PT&amp;sa=X&amp;ved=2ahUKEwiO26yz98jdAhUGHJAKHa5MAms4ChDoATACegQIBxAB#v=onepage&amp;q=firewall%20behavior%20control&amp;f=false<\/a><\/p>\n<p><a href=\"https:\/\/www.checkpoint.com\/products\/application-control-software-blade\/\">https:\/\/www.checkpoint.com\/products\/application-control-software-blade\/<\/a><\/p>\n<p>Um outro ponto cr\u00edtico \u00e9 que atualmente, as solu\u00e7\u00f5es de seguran\u00e7a possuem diversos recursos integrados, e s\u00e3o conhecidos como UTM. Esses equipamentos s\u00e3o respons\u00e1vel por congregar funcionalidades diversas em um \u00fanico Firewall avan\u00e7ado, sendo este a evolu\u00e7\u00e3o daquele. Vejamos:<\/p>\n<p><a href=\"http:\/\/www.kerio.es\/products\/kerio-control\">http:\/\/www.kerio.es\/products\/kerio-control<\/a><\/p>\n<p><a href=\"https:\/\/www.juniper.net\/documentation\/en_US\/junos\/topics\/concept\/security-utm-support-within-unified-policy.html\">https:\/\/www.juniper.net\/documentation\/en_US\/junos\/topics\/concept\/security-utm-support-within-unified-policy.html<\/a><\/p>\n<p><span style=\"color: #ff0000;\"><strong>Gabarito Preliminar: ERRADO (Sugest\u00e3o do Professor: Correto)<\/strong><\/span><\/p>\n<hr \/>\n<ol start=\"89\">\n<li>Se as redes locais das unidades da empresa estiverem interligadas por redes de operadoras de telecomunica\u00e7\u00e3o, ent\u00e3o elas formar\u00e3o a WAN (wide are network) da empresa.<\/li>\n<\/ol>\n<p><strong>Coment\u00e1rios<\/strong>: Pessoal, quest\u00e3o que aparentemente \u00e9 simples mas que, ao meu ver, tem uma complexidade sens\u00edvel envolvida. Pode-se interpretar a quest\u00e3o no \u00e2mbito da abrang\u00eancia e, nesse sentido, considerando o enunciado do bloco das quest\u00f5es que traz que cada unidade est\u00e1 nas diversas capitais, ter\u00edamos sim uma classifica\u00e7\u00e3o de rede do tipo WAN. Agora, pode-se considerar o escopo de interconex\u00e3o das redes locais para compartilhamento de servi\u00e7os, como tamb\u00e9m \u00e9 mencionado no enunciado, e termos a interpreta\u00e7\u00e3o de que ter\u00edamos as Extranets configuradas. Acredito que a banca possa levar para qualquer um dos lados e, por esse motivo, h\u00e1 um pequeno espa\u00e7o para recurso.<\/p>\n<p><span style=\"color: #ff0000;\"><strong>Gabarito Prov\u00e1vel: CERTO (Caso queira tentar: Anula\u00e7\u00e3o)<\/strong><\/span><\/p>\n<hr \/>\n<p>Bom pessoal, \u00e9 isso pessoal. Finalizamos aqui as considera\u00e7\u00f5es para Escriv\u00e3o da Pol\u00edcia Federal &#8211; \u00e1rea de inform\u00e1tica (redes, internet e seguran\u00e7a). Sugiro que pe\u00e7am a outros colegas que estejam na mesma condi\u00e7\u00e3o de recursos que conhe\u00e7am minha p\u00e1gina bem como visitem aqui o artigo para que haja mais pessoal &#8220;reclamando&#8221; dos erros e problemas nas quest\u00f5es, ganhando ainda mais for\u00e7a para a fase de recursos.<\/p>\n<p>N\u00e3o esque\u00e7am de me seguir:<\/p>\n<p style=\"text-align: center;\"><a href=\"https:\/\/www.instagram.com\/profandrecastro\/\"><img loading=\"lazy\" decoding=\"async\" class=\"aligncenter wp-image-45743 size-thumbnail\" src=\"https:\/\/dhg1h5j42swfq.cloudfront.net\/2016\/08\/08104857\/instagram.jpeg\" alt=\"\" width=\"150\" height=\"150\" \/><\/a> INSTAGRAM: @profandrecastro<\/p>\n<p>Youtube em constru\u00e7\u00e3o:<\/p>\n<p><a href=\"https:\/\/www.youtube.com\/channel\/UCCtyoVpjN_YaHcuHCUUZapg\"><img loading=\"lazy\" decoding=\"async\" class=\"aligncenter wp-image-93179 size-thumbnail\" src=\"https:\/\/dhg1h5j42swfq.cloudfront.net\/2017\/10\/20092946\/redes-youtube.png\" alt=\"\" width=\"150\" height=\"150\" srcset=\"https:\/\/dhg1h5j42swfq.cloudfront.net\/2017\/10\/20092946\/redes-youtube.png 512w, https:\/\/dhg1h5j42swfq.cloudfront.net\/2017\/10\/20092946\/redes-youtube.png 150w, https:\/\/dhg1h5j42swfq.cloudfront.net\/2017\/10\/20092946\/redes-youtube.png 300w\" sizes=\"auto, (max-width: 150px) 100vw, 150px\" \/><\/a><\/p>\n<p style=\"text-align: center;\"><a href=\"https:\/\/www.youtube.com\/channel\/UCCtyoVpjN_YaHcuHCUUZapg\">https:\/\/www.youtube.com\/channel\/UCCtyoVpjN_YaHcuHCUUZapg<\/a><\/p>\n<p>Abra\u00e7o a todos! E depois, mandem not\u00edcias!!!<\/p>\n","protected":false},"excerpt":{"rendered":"<p>Ol\u00e1 Pessoal, como est\u00e3o? Vamos avan\u00e7ar na Corre\u00e7\u00e3o da Prova de Escriv\u00e3o da Pol\u00edcia Federal. Aqui \u00e9 o professor Andr\u00e9 Castro, respons\u00e1vel pelas mat\u00e9rias de redes de Computadores e Seguran\u00e7a da Informa\u00e7\u00e3o de Tecnologia da Informa\u00e7\u00e3o, e fiquei com a responsabilidade de trazer os coment\u00e1rios para voc\u00eas. Vou tentar ser objetivo, por\u00e9m, assertivo nas considera\u00e7\u00f5es. [&hellip;]<\/p>\n","protected":false},"author":192,"featured_media":0,"comment_status":"open","ping_status":"closed","sticky":false,"template":"","format":"standard","meta":{"post_tipo":"article","footnotes":""},"categories":[1],"tags":[],"tax_estado":[],"class_list":["post-141857","post","type-post","status-publish","format-standard","hentry","category-cursos-e-concursos"],"acf":[],"yoast_head":"<!-- This site is optimized with the Yoast SEO Premium plugin v27.2 (Yoast SEO v27.2) - https:\/\/yoast.com\/product\/yoast-seo-premium-wordpress\/ -->\n<title>[NOVO - Recurso para PF (Escriv\u00e3o) - Inform\u00e1tica]<\/title>\n<meta name=\"robots\" content=\"index, follow, max-snippet:-1, max-image-preview:large, max-video-preview:-1\" \/>\n<link rel=\"canonical\" href=\"https:\/\/www.estrategiaconcursos.com.br\/blog\/novo-recurso-para-pf-escrivao-informatica\/\" \/>\n<meta property=\"og:locale\" content=\"pt_BR\" \/>\n<meta property=\"og:type\" content=\"article\" \/>\n<meta property=\"og:title\" content=\"[NOVO - Recurso para PF (Escriv\u00e3o) - Inform\u00e1tica]\" \/>\n<meta property=\"og:description\" content=\"Ol\u00e1 Pessoal, como est\u00e3o? Vamos avan\u00e7ar na Corre\u00e7\u00e3o da Prova de Escriv\u00e3o da Pol\u00edcia Federal. Aqui \u00e9 o professor Andr\u00e9 Castro, respons\u00e1vel pelas mat\u00e9rias de redes de Computadores e Seguran\u00e7a da Informa\u00e7\u00e3o de Tecnologia da Informa\u00e7\u00e3o, e fiquei com a responsabilidade de trazer os coment\u00e1rios para voc\u00eas. Vou tentar ser objetivo, por\u00e9m, assertivo nas considera\u00e7\u00f5es. [&hellip;]\" \/>\n<meta property=\"og:url\" content=\"https:\/\/www.estrategiaconcursos.com.br\/blog\/novo-recurso-para-pf-escrivao-informatica\/\" \/>\n<meta property=\"og:site_name\" content=\"Estrat\u00e9gia Concursos\" \/>\n<meta property=\"article:published_time\" content=\"2018-09-20T06:33:44+00:00\" \/>\n<meta property=\"article:modified_time\" content=\"2023-05-23T12:17:34+00:00\" \/>\n<meta property=\"og:image\" content=\"https:\/\/www.estrategiaconcursos.com.br\/blog\/wp-content\/uploads\/2016\/08\/instagram.jpeg\" \/>\n<meta name=\"author\" content=\"Andr\u00e9 Castro\" \/>\n<meta name=\"twitter:card\" content=\"summary_large_image\" \/>\n<meta name=\"twitter:creator\" content=\"@EstratConcursos\" \/>\n<meta name=\"twitter:site\" content=\"@EstratConcursos\" \/>\n<meta name=\"twitter:label1\" content=\"Escrito por\" \/>\n\t<meta name=\"twitter:data1\" content=\"Andr\u00e9 Castro\" \/>\n\t<meta name=\"twitter:label2\" content=\"Est. tempo de leitura\" \/>\n\t<meta name=\"twitter:data2\" content=\"6 minutos\" \/>\n<script type=\"application\/ld+json\" class=\"yoast-schema-graph\">{\"@context\":\"https:\/\/schema.org\",\"@graph\":[{\"@type\":\"NewsArticle\",\"@id\":\"https:\/\/www.estrategiaconcursos.com.br\/blog\/novo-recurso-para-pf-escrivao-informatica\/#article\",\"isPartOf\":{\"@id\":\"https:\/\/www.estrategiaconcursos.com.br\/blog\/novo-recurso-para-pf-escrivao-informatica\/\"},\"author\":{\"name\":\"Andr\u00e9 Castro\",\"@id\":\"https:\/\/www.estrategiaconcursos.com.br\/blog\/#\/schema\/person\/5fb07f6bb5fa6bcf5c9838182430c3b8\"},\"headline\":\"[NOVO &#8211; Recurso para PF (Escriv\u00e3o) &#8211; Inform\u00e1tica]\",\"datePublished\":\"2018-09-20T06:33:44+00:00\",\"dateModified\":\"2023-05-23T12:17:34+00:00\",\"mainEntityOfPage\":{\"@id\":\"https:\/\/www.estrategiaconcursos.com.br\/blog\/novo-recurso-para-pf-escrivao-informatica\/\"},\"wordCount\":1195,\"commentCount\":1,\"publisher\":{\"@id\":\"https:\/\/www.estrategiaconcursos.com.br\/blog\/#organization\"},\"image\":{\"@id\":\"https:\/\/www.estrategiaconcursos.com.br\/blog\/novo-recurso-para-pf-escrivao-informatica\/#primaryimage\"},\"thumbnailUrl\":\"https:\/\/www.estrategiaconcursos.com.br\/blog\/wp-content\/uploads\/2016\/08\/instagram.jpeg\",\"articleSection\":[\"Concursos P\u00fablicos\"],\"inLanguage\":\"pt-BR\",\"potentialAction\":[{\"@type\":\"CommentAction\",\"name\":\"Comment\",\"target\":[\"https:\/\/www.estrategiaconcursos.com.br\/blog\/novo-recurso-para-pf-escrivao-informatica\/#respond\"]}],\"copyrightYear\":\"2018\",\"copyrightHolder\":{\"@id\":\"https:\/\/www.estrategiaconcursos.com.br\/blog\/#organization\"}},{\"@type\":\"WebPage\",\"@id\":\"https:\/\/www.estrategiaconcursos.com.br\/blog\/novo-recurso-para-pf-escrivao-informatica\/\",\"url\":\"https:\/\/www.estrategiaconcursos.com.br\/blog\/novo-recurso-para-pf-escrivao-informatica\/\",\"name\":\"[NOVO - Recurso para PF (Escriv\u00e3o) - Inform\u00e1tica]\",\"isPartOf\":{\"@id\":\"https:\/\/www.estrategiaconcursos.com.br\/blog\/#website\"},\"primaryImageOfPage\":{\"@id\":\"https:\/\/www.estrategiaconcursos.com.br\/blog\/novo-recurso-para-pf-escrivao-informatica\/#primaryimage\"},\"image\":{\"@id\":\"https:\/\/www.estrategiaconcursos.com.br\/blog\/novo-recurso-para-pf-escrivao-informatica\/#primaryimage\"},\"thumbnailUrl\":\"https:\/\/www.estrategiaconcursos.com.br\/blog\/wp-content\/uploads\/2016\/08\/instagram.jpeg\",\"datePublished\":\"2018-09-20T06:33:44+00:00\",\"dateModified\":\"2023-05-23T12:17:34+00:00\",\"breadcrumb\":{\"@id\":\"https:\/\/www.estrategiaconcursos.com.br\/blog\/novo-recurso-para-pf-escrivao-informatica\/#breadcrumb\"},\"inLanguage\":\"pt-BR\",\"potentialAction\":[{\"@type\":\"ReadAction\",\"target\":[\"https:\/\/www.estrategiaconcursos.com.br\/blog\/novo-recurso-para-pf-escrivao-informatica\/\"]}]},{\"@type\":\"ImageObject\",\"inLanguage\":\"pt-BR\",\"@id\":\"https:\/\/www.estrategiaconcursos.com.br\/blog\/novo-recurso-para-pf-escrivao-informatica\/#primaryimage\",\"url\":\"https:\/\/www.estrategiaconcursos.com.br\/blog\/wp-content\/uploads\/2016\/08\/instagram.jpeg\",\"contentUrl\":\"https:\/\/www.estrategiaconcursos.com.br\/blog\/wp-content\/uploads\/2016\/08\/instagram.jpeg\"},{\"@type\":\"BreadcrumbList\",\"@id\":\"https:\/\/www.estrategiaconcursos.com.br\/blog\/novo-recurso-para-pf-escrivao-informatica\/#breadcrumb\",\"itemListElement\":[{\"@type\":\"ListItem\",\"position\":1,\"name\":\"In\u00edcio\",\"item\":\"https:\/\/www.estrategiaconcursos.com.br\/blog\/\"},{\"@type\":\"ListItem\",\"position\":2,\"name\":\"[NOVO &#8211; Recurso para PF (Escriv\u00e3o) &#8211; Inform\u00e1tica]\"}]},{\"@type\":\"WebSite\",\"@id\":\"https:\/\/www.estrategiaconcursos.com.br\/blog\/#website\",\"url\":\"https:\/\/www.estrategiaconcursos.com.br\/blog\/\",\"name\":\"Estrat\u00e9gia Concursos\",\"description\":\"O blog da Estrat\u00e9gia Concursos traz not\u00edcias sobre concursos e artigos de professores oferecendo cursos para concursos (pdf + videaulas) no site.\",\"publisher\":{\"@id\":\"https:\/\/www.estrategiaconcursos.com.br\/blog\/#organization\"},\"potentialAction\":[{\"@type\":\"SearchAction\",\"target\":{\"@type\":\"EntryPoint\",\"urlTemplate\":\"https:\/\/www.estrategiaconcursos.com.br\/blog\/?s={search_term_string}\"},\"query-input\":{\"@type\":\"PropertyValueSpecification\",\"valueRequired\":true,\"valueName\":\"search_term_string\"}}],\"inLanguage\":\"pt-BR\"},{\"@type\":\"Organization\",\"@id\":\"https:\/\/www.estrategiaconcursos.com.br\/blog\/#organization\",\"name\":\"Estrat\u00e9gia Concursos\",\"url\":\"https:\/\/www.estrategiaconcursos.com.br\/blog\/\",\"logo\":{\"@type\":\"ImageObject\",\"inLanguage\":\"pt-BR\",\"@id\":\"https:\/\/www.estrategiaconcursos.com.br\/blog\/#\/schema\/logo\/image\/\",\"url\":\"https:\/\/dhg1h5j42swfq.cloudfront.net\/2025\/06\/03203428\/logo_concursos-1.jpg\",\"contentUrl\":\"https:\/\/dhg1h5j42swfq.cloudfront.net\/2025\/06\/03203428\/logo_concursos-1.jpg\",\"width\":230,\"height\":60,\"caption\":\"Estrat\u00e9gia Concursos\"},\"image\":{\"@id\":\"https:\/\/www.estrategiaconcursos.com.br\/blog\/#\/schema\/logo\/image\/\"},\"sameAs\":[\"https:\/\/x.com\/EstratConcursos\"]},{\"@type\":\"Person\",\"@id\":\"https:\/\/www.estrategiaconcursos.com.br\/blog\/#\/schema\/person\/5fb07f6bb5fa6bcf5c9838182430c3b8\",\"name\":\"Andr\u00e9 Castro\",\"image\":{\"@type\":\"ImageObject\",\"inLanguage\":\"pt-BR\",\"@id\":\"https:\/\/secure.gravatar.com\/avatar\/2c9329f63d4eb0e17ed708317419b285c3528fb1b6a06f1e9e004d7649b67588?s=96&d=mm&r=g\",\"url\":\"https:\/\/secure.gravatar.com\/avatar\/2c9329f63d4eb0e17ed708317419b285c3528fb1b6a06f1e9e004d7649b67588?s=96&d=mm&r=g\",\"contentUrl\":\"https:\/\/secure.gravatar.com\/avatar\/2c9329f63d4eb0e17ed708317419b285c3528fb1b6a06f1e9e004d7649b67588?s=96&d=mm&r=g\",\"caption\":\"Andr\u00e9 Castro\"},\"url\":\"https:\/\/www.estrategiaconcursos.com.br\/blog\/author\/andrehenriqueestrategiaconcursos-com-br\/\"}]}<\/script>\n<!-- \/ Yoast SEO Premium plugin. -->","yoast_head_json":{"title":"[NOVO - Recurso para PF (Escriv\u00e3o) - Inform\u00e1tica]","robots":{"index":"index","follow":"follow","max-snippet":"max-snippet:-1","max-image-preview":"max-image-preview:large","max-video-preview":"max-video-preview:-1"},"canonical":"https:\/\/www.estrategiaconcursos.com.br\/blog\/novo-recurso-para-pf-escrivao-informatica\/","og_locale":"pt_BR","og_type":"article","og_title":"[NOVO - Recurso para PF (Escriv\u00e3o) - Inform\u00e1tica]","og_description":"Ol\u00e1 Pessoal, como est\u00e3o? Vamos avan\u00e7ar na Corre\u00e7\u00e3o da Prova de Escriv\u00e3o da Pol\u00edcia Federal. Aqui \u00e9 o professor Andr\u00e9 Castro, respons\u00e1vel pelas mat\u00e9rias de redes de Computadores e Seguran\u00e7a da Informa\u00e7\u00e3o de Tecnologia da Informa\u00e7\u00e3o, e fiquei com a responsabilidade de trazer os coment\u00e1rios para voc\u00eas. Vou tentar ser objetivo, por\u00e9m, assertivo nas considera\u00e7\u00f5es. [&hellip;]","og_url":"https:\/\/www.estrategiaconcursos.com.br\/blog\/novo-recurso-para-pf-escrivao-informatica\/","og_site_name":"Estrat\u00e9gia Concursos","article_published_time":"2018-09-20T06:33:44+00:00","article_modified_time":"2023-05-23T12:17:34+00:00","og_image":[{"url":"https:\/\/www.estrategiaconcursos.com.br\/blog\/wp-content\/uploads\/2016\/08\/instagram.jpeg","type":"","width":"","height":""}],"author":"Andr\u00e9 Castro","twitter_card":"summary_large_image","twitter_creator":"@EstratConcursos","twitter_site":"@EstratConcursos","twitter_misc":{"Escrito por":"Andr\u00e9 Castro","Est. tempo de leitura":"6 minutos"},"schema":{"@context":"https:\/\/schema.org","@graph":[{"@type":"NewsArticle","@id":"https:\/\/www.estrategiaconcursos.com.br\/blog\/novo-recurso-para-pf-escrivao-informatica\/#article","isPartOf":{"@id":"https:\/\/www.estrategiaconcursos.com.br\/blog\/novo-recurso-para-pf-escrivao-informatica\/"},"author":{"name":"Andr\u00e9 Castro","@id":"https:\/\/www.estrategiaconcursos.com.br\/blog\/#\/schema\/person\/5fb07f6bb5fa6bcf5c9838182430c3b8"},"headline":"[NOVO &#8211; Recurso para PF (Escriv\u00e3o) &#8211; Inform\u00e1tica]","datePublished":"2018-09-20T06:33:44+00:00","dateModified":"2023-05-23T12:17:34+00:00","mainEntityOfPage":{"@id":"https:\/\/www.estrategiaconcursos.com.br\/blog\/novo-recurso-para-pf-escrivao-informatica\/"},"wordCount":1195,"commentCount":1,"publisher":{"@id":"https:\/\/www.estrategiaconcursos.com.br\/blog\/#organization"},"image":{"@id":"https:\/\/www.estrategiaconcursos.com.br\/blog\/novo-recurso-para-pf-escrivao-informatica\/#primaryimage"},"thumbnailUrl":"https:\/\/www.estrategiaconcursos.com.br\/blog\/wp-content\/uploads\/2016\/08\/instagram.jpeg","articleSection":["Concursos P\u00fablicos"],"inLanguage":"pt-BR","potentialAction":[{"@type":"CommentAction","name":"Comment","target":["https:\/\/www.estrategiaconcursos.com.br\/blog\/novo-recurso-para-pf-escrivao-informatica\/#respond"]}],"copyrightYear":"2018","copyrightHolder":{"@id":"https:\/\/www.estrategiaconcursos.com.br\/blog\/#organization"}},{"@type":"WebPage","@id":"https:\/\/www.estrategiaconcursos.com.br\/blog\/novo-recurso-para-pf-escrivao-informatica\/","url":"https:\/\/www.estrategiaconcursos.com.br\/blog\/novo-recurso-para-pf-escrivao-informatica\/","name":"[NOVO - Recurso para PF (Escriv\u00e3o) - Inform\u00e1tica]","isPartOf":{"@id":"https:\/\/www.estrategiaconcursos.com.br\/blog\/#website"},"primaryImageOfPage":{"@id":"https:\/\/www.estrategiaconcursos.com.br\/blog\/novo-recurso-para-pf-escrivao-informatica\/#primaryimage"},"image":{"@id":"https:\/\/www.estrategiaconcursos.com.br\/blog\/novo-recurso-para-pf-escrivao-informatica\/#primaryimage"},"thumbnailUrl":"https:\/\/www.estrategiaconcursos.com.br\/blog\/wp-content\/uploads\/2016\/08\/instagram.jpeg","datePublished":"2018-09-20T06:33:44+00:00","dateModified":"2023-05-23T12:17:34+00:00","breadcrumb":{"@id":"https:\/\/www.estrategiaconcursos.com.br\/blog\/novo-recurso-para-pf-escrivao-informatica\/#breadcrumb"},"inLanguage":"pt-BR","potentialAction":[{"@type":"ReadAction","target":["https:\/\/www.estrategiaconcursos.com.br\/blog\/novo-recurso-para-pf-escrivao-informatica\/"]}]},{"@type":"ImageObject","inLanguage":"pt-BR","@id":"https:\/\/www.estrategiaconcursos.com.br\/blog\/novo-recurso-para-pf-escrivao-informatica\/#primaryimage","url":"https:\/\/www.estrategiaconcursos.com.br\/blog\/wp-content\/uploads\/2016\/08\/instagram.jpeg","contentUrl":"https:\/\/www.estrategiaconcursos.com.br\/blog\/wp-content\/uploads\/2016\/08\/instagram.jpeg"},{"@type":"BreadcrumbList","@id":"https:\/\/www.estrategiaconcursos.com.br\/blog\/novo-recurso-para-pf-escrivao-informatica\/#breadcrumb","itemListElement":[{"@type":"ListItem","position":1,"name":"In\u00edcio","item":"https:\/\/www.estrategiaconcursos.com.br\/blog\/"},{"@type":"ListItem","position":2,"name":"[NOVO &#8211; Recurso para PF (Escriv\u00e3o) &#8211; Inform\u00e1tica]"}]},{"@type":"WebSite","@id":"https:\/\/www.estrategiaconcursos.com.br\/blog\/#website","url":"https:\/\/www.estrategiaconcursos.com.br\/blog\/","name":"Estrat\u00e9gia Concursos","description":"O blog da Estrat\u00e9gia Concursos traz not\u00edcias sobre concursos e artigos de professores oferecendo cursos para concursos (pdf + videaulas) no site.","publisher":{"@id":"https:\/\/www.estrategiaconcursos.com.br\/blog\/#organization"},"potentialAction":[{"@type":"SearchAction","target":{"@type":"EntryPoint","urlTemplate":"https:\/\/www.estrategiaconcursos.com.br\/blog\/?s={search_term_string}"},"query-input":{"@type":"PropertyValueSpecification","valueRequired":true,"valueName":"search_term_string"}}],"inLanguage":"pt-BR"},{"@type":"Organization","@id":"https:\/\/www.estrategiaconcursos.com.br\/blog\/#organization","name":"Estrat\u00e9gia Concursos","url":"https:\/\/www.estrategiaconcursos.com.br\/blog\/","logo":{"@type":"ImageObject","inLanguage":"pt-BR","@id":"https:\/\/www.estrategiaconcursos.com.br\/blog\/#\/schema\/logo\/image\/","url":"https:\/\/dhg1h5j42swfq.cloudfront.net\/2025\/06\/03203428\/logo_concursos-1.jpg","contentUrl":"https:\/\/dhg1h5j42swfq.cloudfront.net\/2025\/06\/03203428\/logo_concursos-1.jpg","width":230,"height":60,"caption":"Estrat\u00e9gia Concursos"},"image":{"@id":"https:\/\/www.estrategiaconcursos.com.br\/blog\/#\/schema\/logo\/image\/"},"sameAs":["https:\/\/x.com\/EstratConcursos"]},{"@type":"Person","@id":"https:\/\/www.estrategiaconcursos.com.br\/blog\/#\/schema\/person\/5fb07f6bb5fa6bcf5c9838182430c3b8","name":"Andr\u00e9 Castro","image":{"@type":"ImageObject","inLanguage":"pt-BR","@id":"https:\/\/secure.gravatar.com\/avatar\/2c9329f63d4eb0e17ed708317419b285c3528fb1b6a06f1e9e004d7649b67588?s=96&d=mm&r=g","url":"https:\/\/secure.gravatar.com\/avatar\/2c9329f63d4eb0e17ed708317419b285c3528fb1b6a06f1e9e004d7649b67588?s=96&d=mm&r=g","contentUrl":"https:\/\/secure.gravatar.com\/avatar\/2c9329f63d4eb0e17ed708317419b285c3528fb1b6a06f1e9e004d7649b67588?s=96&d=mm&r=g","caption":"Andr\u00e9 Castro"},"url":"https:\/\/www.estrategiaconcursos.com.br\/blog\/author\/andrehenriqueestrategiaconcursos-com-br\/"}]}},"_links":{"self":[{"href":"https:\/\/www.estrategiaconcursos.com.br\/blog\/wp-json\/wp\/v2\/posts\/141857","targetHints":{"allow":["GET"]}}],"collection":[{"href":"https:\/\/www.estrategiaconcursos.com.br\/blog\/wp-json\/wp\/v2\/posts"}],"about":[{"href":"https:\/\/www.estrategiaconcursos.com.br\/blog\/wp-json\/wp\/v2\/types\/post"}],"author":[{"embeddable":true,"href":"https:\/\/www.estrategiaconcursos.com.br\/blog\/wp-json\/wp\/v2\/users\/192"}],"replies":[{"embeddable":true,"href":"https:\/\/www.estrategiaconcursos.com.br\/blog\/wp-json\/wp\/v2\/comments?post=141857"}],"version-history":[{"count":2,"href":"https:\/\/www.estrategiaconcursos.com.br\/blog\/wp-json\/wp\/v2\/posts\/141857\/revisions"}],"predecessor-version":[{"id":1220425,"href":"https:\/\/www.estrategiaconcursos.com.br\/blog\/wp-json\/wp\/v2\/posts\/141857\/revisions\/1220425"}],"wp:attachment":[{"href":"https:\/\/www.estrategiaconcursos.com.br\/blog\/wp-json\/wp\/v2\/media?parent=141857"}],"wp:term":[{"taxonomy":"category","embeddable":true,"href":"https:\/\/www.estrategiaconcursos.com.br\/blog\/wp-json\/wp\/v2\/categories?post=141857"},{"taxonomy":"post_tag","embeddable":true,"href":"https:\/\/www.estrategiaconcursos.com.br\/blog\/wp-json\/wp\/v2\/tags?post=141857"},{"taxonomy":"tax_estado","embeddable":true,"href":"https:\/\/www.estrategiaconcursos.com.br\/blog\/wp-json\/wp\/v2\/tax_estado?post=141857"}],"curies":[{"name":"wp","href":"https:\/\/api.w.org\/{rel}","templated":true}]}}