{"id":1414470,"date":"2024-06-19T13:59:18","date_gmt":"2024-06-19T16:59:18","guid":{"rendered":"https:\/\/www.estrategiaconcursos.com.br\/blog\/?p=1414470"},"modified":"2024-06-19T14:26:40","modified_gmt":"2024-06-19T17:26:40","slug":"concurso-tce-go-recursos-para-analista-de-controle-externo-controle-externo","status":"publish","type":"post","link":"https:\/\/www.estrategiaconcursos.com.br\/blog\/concurso-tce-go-recursos-para-analista-de-controle-externo-controle-externo\/","title":{"rendered":"Concurso TCE GO:\u00a0recursos para Analista de Controle Externo"},"content":{"rendered":"\n<p>As provas objetivas do&nbsp;<strong>concurso<\/strong>&nbsp;<strong>TCE GO<\/strong> foram aplicadas no \u00faltimo domingo (16\/06) e aqui voc\u00ea poder\u00e1 conferir as sugest\u00f5es de recursos para o cargo de&nbsp;<strong>Analista de Controle Externo \u2013 Controle Externo.<\/strong><\/p>\n\n\n\n<p>Os recursos foram elaborados pelos professores e especialistas do Estrat\u00e9gia Concursos com base\u00a0no <a href=\"https:\/\/dhg1h5j42swfq.cloudfront.net\/2024\/06\/19135618\/tce-go-prova-branca-1.pdf\" target=\"_blank\" rel=\"noreferrer noopener nofollow\">caderno<\/a>.<\/p>\n\n\n\n<p>Lembre-se que o recurso \u00e9 individual e a c\u00f3pia pode resultar na anula\u00e7\u00e3o da sua interposi\u00e7\u00e3o. Confira as sugest\u00f5es na transcri\u00e7\u00e3o logo abaixo!<\/p>\n\n\n\n<h2 class=\"wp-block-heading\" id=\"h-concurso-tce-go-nbsp-recursos-para-analista-de-controle-externo-controle-externo\">Concurso TCE GO:&nbsp;recursos para Analista de Controle Externo \u2013 Controle Externo<\/h2>\n\n\n\n<h3 class=\"wp-block-heading\" id=\"h-questao-34\">Quest\u00e3o 34<\/h3>\n\n\n\n<p>O artigo 31 da Constitui\u00e7\u00e3o Federal do Brasil estabelece que a fiscaliza\u00e7\u00e3o no \u00e2mbito municipal ser\u00e1 conduzida pelo Poder Legislativo Municipal, por meio de controle externo, e pelos sistemas de controle interno do Poder Executivo Municipal, conforme determinado pela legisla\u00e7\u00e3o.<\/p>\n\n\n\n<p>Assinale a op\u00e7\u00e3o que indica o \u00f3rg\u00e3o que auxilia o controle externo da C\u00e2mara Municipal.<\/p>\n\n\n\n<p>(A) Controladoria do Estado.<\/p>\n\n\n\n<p>(B) Tribunal de Contas do Estado.<\/p>\n\n\n\n<p>(C) Secretaria da Fazenda.<\/p>\n\n\n\n<p>(D) Secretaria de Auditoria.<\/p>\n\n\n\n<p>(E) Conselho de Controle.<\/p>\n\n\n\n<p><strong>Coment\u00e1rio:<\/strong><\/p>\n\n\n\n<p>Segundo a Constitui\u00e7\u00e3o Federal, \u201co controle externo da C\u00e2mara Municipal ser\u00e1 exercido com o aux\u00edlio dos Tribunais de Contas dos Estados ou do Munic\u00edpio ou dos Conselhos ou Tribunais de Contas dos Munic\u00edpios, onde houver\u201d.<\/p>\n\n\n\n<p>A express\u00e3o \u201conde houver\u201d significa que o controle externo nem sempre ser\u00e1 exercido com o apoio dos Tribunais de Contas dos Estados, pois poder\u00e1 ser realizado, onde houver, pelos Tribunais de Contas dos Munic\u00edpios ou Tribunais de Contas Municipais.<\/p>\n\n\n\n<p>Esse \u00e9 justamente o caso do Estado de Goi\u00e1s.<\/p>\n\n\n\n<p>O art. 70. VII, da Constitui\u00e7\u00e3o do Estado de Goi\u00e1s disp\u00f5e que compete privativamente \u00e0 C\u00e2mara Municipal: \u201cVII &#8211; exercer, com o aux\u00edlio do Tribunal de Contas dos Munic\u00edpios, o controle externo das contas do Munic\u00edpio, observados os termos desta e da Constitui\u00e7\u00e3o da Rep\u00fablica\u201d.<\/p>\n\n\n\n<p>No mesmo sentido, o art. 79, \u00a7 1\u00ba, da CE-GO, estabelece que: \u201c\u00a7 1o O controle externo a cargo da C\u00e2mara Municipal ser\u00e1 exercido com o aux\u00edlio do Tribunal de Contas dos Munic\u00edpios, ao qual compete emitir o parecer pr\u00e9vio sobre as contas anuais do Munic\u00edpio, no prazo de sessenta dias contados a partir do recebimento das contas\u201d.<\/p>\n\n\n\n<p>Aparentemente, a quest\u00e3o foi elaborada com base na antiga reda\u00e7\u00e3o do art. 79, \u00a7 1\u00ba, da CE-GO, que, de fato, atribu\u00eda a prerrogativa de apoio \u00e0s C\u00e2maras ao TCE-GO. Esse dispositivo, por\u00e9m, foi alterado pela Emenda Constitucional Estadual 19\/1997.<\/p>\n\n\n\n<p>N\u00e3o resta d\u00favidas, portanto, que n\u00e3o h\u00e1 resposta correta, uma vez que se trata de concurso para o Estado de Goi\u00e1s, sendo que a Constitui\u00e7\u00e3o do Estado consta expressamente no edital. Assim, \u00e9 incorreta afirmar, no estado de Goi\u00e1s, que o TCE dever\u00e1 auxiliar a C\u00e2mara Municipal, uma vez que tal prerrogativa extrapola as compet\u00eancias expressas da Corte de Contas estadual.<\/p>\n\n\n\n<hr class=\"wp-block-separator has-alpha-channel-opacity is-style-dots\"\/>\n\n\n\n<h3 class=\"wp-block-heading\" id=\"h-questao-37\">Quest\u00e3o 37<\/h3>\n\n\n\n<p>A Constitui\u00e7\u00e3o do Estado de Goi\u00e1s disp\u00f5e sobre o Sistema de controle externo.<\/p>\n\n\n\n<p>Analise os itens a seguir:<\/p>\n\n\n\n<p>I. O controle externo a cargo da C\u00e2mara Municipal ser\u00e1 exercido com o aux\u00edlio do TCE-GO, que emitir\u00e1 parecer pr\u00e9vio, no prazo de sessenta dias de sua apresenta\u00e7\u00e3o, sobre as contas mensais e anuais do Munic\u00edpio;<\/p>\n\n\n\n<p>II. Somente por decis\u00e3o de dois ter\u00e7os dos membros da C\u00e2mara Municipal deixar\u00e1 de prevalecer o parecer pr\u00e9vio emitido pelo TCE-GO, sobre as contas do Prefeito;<\/p>\n\n\n\n<p>III. A C\u00e2mara Municipal n\u00e3o julgar\u00e1 as contas, antes do parecer do TCE-GO, nem antes de escoado o prazo para exame dos contribuintes.<\/p>\n\n\n\n<p>Est\u00e1 correto o que se afirma em<\/p>\n\n\n\n<p>(A) I, apenas.<\/p>\n\n\n\n<p>(B) I e II, apenas.<\/p>\n\n\n\n<p>(C) I e III, apenas.<\/p>\n\n\n\n<p>(D) II e III, apenas.<\/p>\n\n\n\n<p>(E) I, II e III.<\/p>\n\n\n\n<p><strong>Coment\u00e1rio:<\/strong><\/p>\n\n\n\n<p>O art. 70. VII, da Constitui\u00e7\u00e3o do Estado de Goi\u00e1s disp\u00f5e que compete privativamente \u00e0 C\u00e2mara Municipal: \u201cVII &#8211; exercer, com o aux\u00edlio do Tribunal de Contas dos Munic\u00edpios, o controle externo das contas do Munic\u00edpio, observados os termos desta e da Constitui\u00e7\u00e3o da Rep\u00fablica\u201d.<\/p>\n\n\n\n<p>Assim, como a quest\u00e3o expressamente solicitou o julgamento nos termos da Constitui\u00e7\u00e3o Estadual, n\u00e3o existe resposta correta, pois a Constitui\u00e7\u00e3o do Estado<\/p>\n\n\n\n<p>No mesmo sentido, o art. 79, \u00a7 1\u00ba, da CE-GO, estabelece que: \u201c\u00a7 1o O controle externo a cargo da C\u00e2mara Municipal ser\u00e1 exercido com o aux\u00edlio do Tribunal de Contas dos Munic\u00edpios, ao qual compete emitir o parecer pr\u00e9vio sobre as contas anuais do Munic\u00edpio, no prazo de sessenta dias contados a partir do recebimento das contas\u201d.<\/p>\n\n\n\n<p>Aparentemente, a quest\u00e3o foi elaborada com base na antiga reda\u00e7\u00e3o do art. 79, \u00a7 1\u00ba, da CE-GO, que, de fato, atribu\u00eda a prerrogativa de apoio \u00e0s C\u00e2maras ao TCE-GO. Esse dispositivo, por\u00e9m, foi alterado pela Emenda Constitucional Estadual 19\/1997.<\/p>\n\n\n\n<p>N\u00e3o resta d\u00favidas, portanto, que n\u00e3o h\u00e1 resposta correta, uma vez que se trata de concurso para o Estado de Goi\u00e1s, sendo que a Constitui\u00e7\u00e3o do Estado consta expressamente no edital. Assim, \u00e9 incorreta afirmar, no estado de Goi\u00e1s, que o TCE dever\u00e1 auxiliar a C\u00e2mara Municipal, uma vez que tal prerrogativa extrapola as compet\u00eancias expressas da Corte de Contas estadual.<\/p>\n\n\n\n<hr class=\"wp-block-separator has-alpha-channel-opacity is-style-dots\"\/>\n\n\n\n<h3 class=\"wp-block-heading\" id=\"h-questao-48\">Quest\u00e3o 48<\/h3>\n\n\n\n<p><strong>GABARITO PRELIMINAR: LETRA B<\/strong><\/p>\n\n\n\n<p><strong>GABARITO INDICADO: LETRA ANULA\u00c7\u00c3O<\/strong><\/p>\n\n\n\n<p>Jucundido Francisco, servidor de um munic\u00edpio brasileiro fict\u00edcio, alcan\u00e7ou enfim o tempo de sua aposentadoria ap\u00f3s d\u00e9cadas de labor. O processo de aposentadoria somente foi encaminhado para registro junto ao Tribunal de Contas Local ap\u00f3s dois anos da concess\u00e3o da aposentadoria \u00e0 Jucundido Francisco. Passados tr\u00eas anos e meio de tramita\u00e7\u00e3o do processo na Corte de Contas o tribunal decidiu anular o ato de concess\u00e3o de aposentadoria por verifica\u00e7\u00e3o de algumas inconsist\u00eancias.<\/p>\n\n\n\n<p>Tendo por orienta\u00e7\u00e3o o tema 445 de repercuss\u00e3o geral do Supremo Tribunal Federal, assinale a alternativa que melhor resolve a situa\u00e7\u00e3o-problema apresentada.<\/p>\n\n\n\n<p>(A) O tribunal n\u00e3o poderia anular o ato de concess\u00e3o de aposentadoria haja vista o prazo decadencial de 5 anos da publica\u00e7\u00e3o do ato no di\u00e1rio oficial.<\/p>\n\n\n\n<p>(B) O tribunal pode anular o ato de concess\u00e3o de aposentadoria na situa\u00e7\u00e3o em tela.<\/p>\n\n\n\n<p>(C) O tribunal n\u00e3o poderia anular o ato de concess\u00e3o de aposentadoria haja vista o prazo decadencial de 3 anos a contar da chegada do processo \u00e0 respectiva Corte de Contas.<\/p>\n\n\n\n<p>(D) O tribunal n\u00e3o poderia anular o ato de concess\u00e3o de aposentadoria haja vista o prazo decadencial de 2 anos a contar da chegada do processo \u00e0 respectiva Corte de Contas.<\/p>\n\n\n\n<p>(E) O tribunal n\u00e3o poderia anular o ato de concess\u00e3o de aposentadoria haja vista o prazo decadencial de 3 anos da publica\u00e7\u00e3o do ato no di\u00e1rio oficial, cabendo responsabilizar o agente a que deu causa o atraso no envio.<\/p>\n\n\n\n<p><strong>Coment\u00e1rio:<\/strong><\/p>\n\n\n\n<p>A banca indicou a letra B como correta, afirmando que o Tribunal de Contas poderia anular o ato de concess\u00e3o de aposentadoria na situa\u00e7\u00e3o em tela.<\/p>\n\n\n\n<p>O item foi elaborado com base no Tema 445 do STF, que disp\u00f5e que: \u201c<em>Os Tribunais de Contas est\u00e3o sujeitos ao prazo de cinco anos para o julgamento da legalidade do ato de concess\u00e3o inicial de aposentadoria, reforma ou pens\u00e3o, a contar da chegada do processo \u00e0 respectiva Corte de Contas, em aten\u00e7\u00e3o aos princ\u00edpios da seguran\u00e7a jur\u00eddica e da confian\u00e7a leg\u00edtima\u201d.<\/em><\/p>\n\n\n\n<p>Considerando que o prazo de cinco anos conta somente da chega na Corte, de fato, o controle ainda poderia ser exercido, uma vez que o processo est\u00e1 somente h\u00e1 3 anos e meio no Tribunal.<\/p>\n\n\n\n<p>Todavia, a Corte de Contas n\u00e3o procede \u00e0 anula\u00e7\u00e3o do ato, mas somente poder\u00e1 indeferir o registro.<\/p>\n\n\n\n<p>Nesse sentido, o art. 71, III, da CF, outorga ao Tribunal a prerrogativa de efetuar o REGISTRO da aposentadoria.<\/p>\n\n\n\n<p>Trata-se, na vis\u00e3o do STF, de ato administrativo complexo e, justamente por isso, o Tribunal poder\u00e1 indeferir o registro sem a concess\u00e3o do direito de defesa, uma vez que ainda n\u00e3o h\u00e1 ato aperfei\u00e7oado. O ato somente estaria pronto e pass\u00edvel de anula\u00e7\u00e3o ap\u00f3s o REGISTRO.<\/p>\n\n\n\n<p>Nesse contexto, o STF j\u00e1 afirmou que (<em>MS 21.466\/DF<\/em>):<\/p>\n\n\n\n<p><em>No exerc\u00edcio da sua fun\u00e7\u00e3o constitucional de controle, o Tribunal de Contas da Uni\u00e3o procede, dentre outras atribui\u00e7\u00f5es, a verifica\u00e7\u00e3o da legalidade da aposentadoria, e determina &#8211; tal seja a situa\u00e7\u00e3o jur\u00eddica emergente do respectivo ato concessivo &#8211; a efetiva\u00e7\u00e3o, ou n\u00e3o, de seu registro. O Tribunal de Contas da Uni\u00e3o, no desempenho dessa espec\u00edfica atribui\u00e7\u00e3o, <strong>n\u00e3o disp\u00f5e de compet\u00eancia para proceder a qualquer inova\u00e7\u00e3o no t\u00edtulo jur\u00eddico de aposenta\u00e7\u00e3o submetido a seu exame<\/strong>. Constatada a ocorr\u00eancia de v\u00edcio de legalidade no ato concessivo de aposentadoria, torna-se l\u00edcito ao Tribunal de Contas da Uni\u00e3o &#8211; especialmente ante a amplia\u00e7\u00e3o do espa\u00e7o institucional de sua atua\u00e7\u00e3o fiscalizadora &#8211; <strong>recomendar ao \u00f3rg\u00e3o ou entidade competente que adote as medidas necess\u00e1rias ao exato cumprimento da lei<\/strong>, evitando, desse modo, a medida radical da recusa de registro. Se o \u00f3rg\u00e3o de que proveio o ato juridicamente viciado, agindo nos limites de sua esfera de atribui\u00e7\u00f5es, recusar-se a dar execu\u00e7\u00e3o a dilig\u00eancia recomendada pelo Tribunal de Contas da Uni\u00e3o &#8211; reafirmando, assim, o seu entendimento quanto a plena legalidade da concess\u00e3o da aposentadoria -, caber\u00e1 a Corte de Contas, ent\u00e3o, pronunciar-se, definitivamente, sobre a efetiva\u00e7\u00e3o do registro.<\/em><\/p>\n\n\n\n<p>Constata-se que o Tribunal \u201c<strong><em>n\u00e3o disp\u00f5e de compet\u00eancia para proceder a qualquer inova\u00e7\u00e3o no t\u00edtulo jur\u00eddico de aposenta\u00e7\u00e3o submetido a seu exame<\/em><\/strong>\u201d, cabendo pronunciar-se \u201cdefinitivamente, sobre a efetiva\u00e7\u00e3o do registro\u201d. O julgado ainda esclarece que a Corte poder\u00e1 recomendar o exato cumprimento da lei. Por\u00e9m, em nenhum caso, a Corte efetuar\u00e1 a anula\u00e7\u00e3o. Por sinal, como controle externo, os tribunais de contas n\u00e3o gozam de compet\u00eancia para realizar anula\u00e7\u00e3o de qualquer ato administrativo, mas somente para fixar prazo para o exato cumprimento da lei (CF, art. 71, IX) e, se for o caso, sustar a execu\u00e7\u00e3o do ato impugnado (CF, art. 71, X)&gt;<\/p>\n\n\n\n<p>Dessa forma, diante da aus\u00eancia de alternativa correta, sugere-se a anula\u00e7\u00e3o do item.<\/p>\n\n\n\n<hr class=\"wp-block-separator has-alpha-channel-opacity is-style-dots\"\/>\n\n\n\n<h3 class=\"wp-block-heading\" id=\"h-questao-49\">Quest\u00e3o 49<\/h3>\n\n\n\n<p><strong>GABARITO PRELIMINAR: LETRA D<\/strong><\/p>\n\n\n\n<p><strong>GABARITO INDICADO: ANULA\u00c7\u00c3O<\/strong><\/p>\n\n\n\n<p>Tanto a auditoria interna quanto a auditoria externa s\u00e3o essenciais para garantir a integridade, transpar\u00eancia e efic\u00e1cia das opera\u00e7\u00f5es de uma organiza\u00e7\u00e3o.&nbsp; Assinale a op\u00e7\u00e3o que indica o Princ\u00edpio Or\u00e7ament\u00e1rio que evita m\u00faltiplos or\u00e7amentos paralelos dentro da mesma pessoa pol\u00edtica.<\/p>\n\n\n\n<p>(A) Profundidade dos trabalhos maior e periodicidade dos testes menor.<\/p>\n\n\n\n<p>(B) Grau de independ\u00eancia menor e periodicidade dos testes maior.<\/p>\n\n\n\n<p>(C) Profundidade dos trabalhos menor e periodicidade dos testes maior.<\/p>\n\n\n\n<p>(D) Grau de independ\u00eancia maior e periodicidade dos testes menor. (E) Profundidade dos trabalhos maior e periodicidade dos testes maior.<\/p>\n\n\n\n<p><strong>Coment\u00e1rios:<\/strong><\/p>\n\n\n\n<p><strong>Gabarito da banca: D.<\/strong><\/p>\n\n\n\n<p>A quest\u00e3o inicia com um enunciado tratando de auditoria interna e externa. Em seguinte faz um questionamento sobre o princ\u00edpio or\u00e7ament\u00e1rio que evita m\u00faltiplos or\u00e7amentos paralelos dentro da mesma pessoa pol\u00edtica.<\/p>\n\n\n\n<p><strong>Resumidamente:<\/strong><\/p>\n\n\n\n<p>Parte do enunciado trata da diferen\u00e7a entre Auditoria interna e externa &#8211; Auditoria.<\/p>\n\n\n\n<p>Parte do enunciado trata do Princ\u00edpio da totalidade ou unidade \u2013 AFO.<\/p>\n\n\n\n<p>Como n\u00e3o h\u00e1 alternativa correlacionada ao enunciado, pede-se a <strong>anula\u00e7\u00e3o da quest\u00e3o.<\/strong><\/p>\n\n\n\n<p>Insta frisar que pelo gabarito fornecido pela banca, observamos que a mesma queria a alternativa com duas caracter\u00edsticas da auditoria externa, especificamente quanto aos elementos &#8211; <strong>grau de independ\u00eancia e continuidade do trabalho<\/strong>.<\/p>\n\n\n\n<figure class=\"wp-block-image size-full\"><img loading=\"lazy\" decoding=\"async\" width=\"891\" height=\"617\" src=\"https:\/\/dhg1h5j42swfq.cloudfront.net\/2024\/06\/19133802\/image-452.png\" alt=\"\" class=\"wp-image-1417713\" srcset=\"https:\/\/dhg1h5j42swfq.cloudfront.net\/2024\/06\/19133802\/image-452.png 891w, https:\/\/dhg1h5j42swfq.cloudfront.net\/2024\/06\/19133802\/image-452-300x208.png 300w, https:\/\/dhg1h5j42swfq.cloudfront.net\/2024\/06\/19133802\/image-452-768x532.png 768w, https:\/\/dhg1h5j42swfq.cloudfront.net\/2024\/06\/19133802\/image-452-610x422.png 610w, https:\/\/dhg1h5j42swfq.cloudfront.net\/2024\/06\/19133802\/image-452-150x104.png 150w\" sizes=\"auto, (max-width: 891px) 100vw, 891px\" \/><\/figure>\n\n\n\n<p><strong>Fonte de pesquisa:<\/strong><\/p>\n\n\n\n<p>Silvio Crepaldi e Guilherme Crepaldi. Auditoria Cont\u00e1bil: Teoria e Pr\u00e1tica. 12\u00aa Edi\u00e7\u00e3o. Editora Atlas, 2023.<\/p>\n\n\n\n<hr class=\"wp-block-separator has-alpha-channel-opacity is-style-dots\"\/>\n\n\n\n<h3 class=\"wp-block-heading\" id=\"h-questao-61\">Quest\u00e3o 61<\/h3>\n\n\n\n<p><strong>GABARITO PRELIMINAR: LETRA E<\/strong><\/p>\n\n\n\n<p><strong>GABARITO INDICADO: ANULA\u00c7\u00c3O<\/strong><\/p>\n\n\n\n<p>Maria, Joana e Ant\u00f4nio, respectivamente, brasileira nata, brasileira naturalizada e ugandense residente no territ\u00f3rio brasileiro, consultaram um especialista em rela\u00e7\u00e3o \u00e0 exist\u00eancia, ou n\u00e3o, de distin\u00e7\u00e3o em rela\u00e7\u00e3o \u00e0 situa\u00e7\u00e3o jur\u00eddica de cada qual considerando os direitos fundamentais e os direitos pol\u00edticos. O especialista respondeu corretamente que, \u00e0 luz dos balizamentos estabelecidos pela Constitui\u00e7\u00e3o da Rep\u00fablica,&nbsp;<\/p>\n\n\n\n<p>A) os tr\u00eas possuem os mesmos direitos fundamentais, mas, atendidos os requisitos exigidos, n\u00e3o h\u00e1 identidade em rela\u00e7\u00e3o aos direitos pol\u00edticos.<\/p>\n\n\n\n<p>B) Maria e Joana possuem os mesmos direitos pol\u00edticos, apesar de a naturaliza\u00e7\u00e3o desta \u00faltima poder ser cassada.<\/p>\n\n\n\n<p>C) diversamente de Maria e Joana, Ant\u00f4nio n\u00e3o possui direitos fundamentais e, por via reflexa, n\u00e3o possui direitos pol\u00edticos.<\/p>\n\n\n\n<p>D) somente possuem direitos pol\u00edticos aqueles que possuem direitos fundamentais, logo, os tr\u00eas os possuem.<\/p>\n\n\n\n<p>E) Maria e Joana n\u00e3o possuem os mesmos direitos fundamentais, e Ant\u00f4nio n\u00e3o pode usufruir de direitos pol\u00edticos.<\/p>\n\n\n\n<p><strong>An\u00e1lise:<\/strong><\/p>\n\n\n\n<p>Nos termos do <em>caput<\/em> do artigo 5\u00ba da Constitui\u00e7\u00e3o Federal, brasileiros e estrangeiros residentes no Brasil s\u00e3o titulares de direitos fundamentais, uma vez que tais direitos s\u00e3o inerentes \u00e0 condi\u00e7\u00e3o humana.<\/p>\n\n\n\n<p>A Constitui\u00e7\u00e3o Federal pro\u00edbe a diferencia\u00e7\u00e3o entre brasileiros natos e naturalizados, exceto os casos em que prev\u00ea taxativamente em seu texto (artigo 12, \u00a7 2\u00ba). Dessa forma, brasileiros natos e naturalizados possuem os mesmos direitos fundamentais, embora o alcance de alguns deles seja reduzido para os naturalizados. Vejamos:<\/p>\n\n\n\n<p>1) Brasileiros naturalizados possuem direitos pol\u00edticos, mas n\u00e3o podem concorrer a alguns cargos privativos de brasileiros natos (art. 12, \u00a7 3\u00ba, da CF\/88);<\/p>\n\n\n\n<p>2) Brasileiros naturalizados t\u00eam direito de propriedade, mas para possu\u00edrem empresas jornal\u00edsticas e de radiodifus\u00e3o, dever\u00e3o contar com mais de 10 anos de naturalizados (art. 222, caput, da CF\/88);<\/p>\n\n\n\n<p>3) Brasileiros naturalizados t\u00eam \u00e0 n\u00e3o extradi\u00e7\u00e3o, exceto pela pr\u00e1tica de crime comum antes da naturaliza\u00e7\u00e3o ou, ap\u00f3s a naturaliza\u00e7\u00e3o, por tr\u00e1fico il\u00edcito de subst\u00e2ncia entorpecentes e drogas afins.<\/p>\n\n\n\n<p>Consta-se que a titularidade dos direitos fundamentais \u00e9 a mesma para brasileiros natos e naturalizados, pois o que muda \u00e9 apenas o alcance.<\/p>\n\n\n\n<p>Quanto aos direitos pol\u00edticos, esp\u00e9cies de direitos fundamentais, o exerc\u00edcio depende da nacionalidade brasileira. Assim, estrangeiros n\u00e3o possuem direitos pol\u00edticos.<\/p>\n\n\n\n<p>\u00c9 poss\u00edvel, ent\u00e3o, concluir que: 1) brasileiros natos, brasileiros naturalizados e estrangeiros residentes no Brasil s\u00e3o titulares de direitos fundamentais; 2) estrangeiros n\u00e3o possuem direitos pol\u00edticos; 3) brasileiros natos e naturalizados t\u00eam os mesmos direitos fundamentais, embora o alcance de alguns seja menor para os brasileiros naturalizados.<\/p>\n\n\n\n<p>Assim. <strong>O gabarito indicado pela banca (letra E) deve ser anulado<\/strong>, porque Maria e Joana possuem os mesmos direitos fundamentais, embora o alcance de alguns seja menor.<\/p>\n\n\n\n<hr class=\"wp-block-separator has-alpha-channel-opacity is-style-dots\"\/>\n\n\n\n<h3 class=\"wp-block-heading\" id=\"h-questao-88\">Quest\u00e3o 88<\/h3>\n\n\n\n<p><strong>GABARITO PRELIMINAR: LETRA C<\/strong><\/p>\n\n\n\n<p><strong>GABARITO INDICADO: LETRA E<\/strong><\/p>\n\n\n\n<p>O referencial estrat\u00e9gico das organiza\u00e7\u00f5es \u00e9 uma b\u00fassola que orienta as a\u00e7\u00f5es e decis\u00f5es fornecendo uma vis\u00e3o Clara dos objetivos e direcionamentos a serem seguidos para alcan\u00e7ar o sucesso.<\/p>\n\n\n\n<p>Sobre o referencial estrat\u00e9gico das organiza\u00e7\u00f5es, analise os itens a seguir:&nbsp;<\/p>\n\n\n\n<p>I &#8211; Objetivos e metas s\u00e3o os resultados desejados;<\/p>\n\n\n\n<p>II &#8211; Key performance indicators (KPIs) s\u00e3o informa\u00e7\u00f5es para avaliar at\u00e9 que ponto os objetivos est\u00e3o sendo atingidos e se os cursos de a\u00e7\u00e3o escolhidos s\u00e3o apropriados;<\/p>\n\n\n\n<p>III &#8211; A avalia\u00e7\u00e3o \u00e9 o processo de determinar se a realiza\u00e7\u00e3o dos objetivos est\u00e1 alcan\u00e7ando os efeitos pretendidos.<\/p>\n\n\n\n<p>Est\u00e1 correto o que se afirma em<\/p>\n\n\n\n<p>A) I, apenas;<\/p>\n\n\n\n<p>B) I e II, apenas;<\/p>\n\n\n\n<p>C) I e III, apenas;<\/p>\n\n\n\n<p>D) II e III, apenas;<\/p>\n\n\n\n<p>E) I, II e III.<\/p>\n\n\n\n<p><strong>Coment\u00e1rios:<\/strong><\/p>\n\n\n\n<p>Vamos analisar cada um dos itens relacionados ao referencial estrat\u00e9gico das organiza\u00e7\u00f5es:<\/p>\n\n\n\n<p>I &#8211; Objetivos e metas s\u00e3o os resultados desejados;<\/p>\n\n\n\n<p>Correto. Objetivos e metas s\u00e3o de fato os resultados que a organiza\u00e7\u00e3o deseja alcan\u00e7ar. Os objetivos s\u00e3o geralmente mais amplos e de longo prazo, enquanto as metas s\u00e3o espec\u00edficas, mensur\u00e1veis e de curto prazo.<\/p>\n\n\n\n<p>II &#8211; Key performance indicators (KPIs) s\u00e3o informa\u00e7\u00f5es para avaliar at\u00e9 que ponto os objetivos est\u00e3o sendo atingidos e se os cursos de a\u00e7\u00e3o escolhidos s\u00e3o apropriados;<\/p>\n\n\n\n<p>Correto. KPIs s\u00e3o m\u00e9tricas utilizadas para medir o desempenho em rela\u00e7\u00e3o aos objetivos estabelecidos. Eles fornecem informa\u00e7\u00f5es essenciais para avaliar se a organiza\u00e7\u00e3o est\u00e1 no caminho certo para atingir seus objetivos e se as a\u00e7\u00f5es tomadas s\u00e3o adequadas.<\/p>\n\n\n\n<p>De acordo com a Totvs<a href=\"#_ftn1\" id=\"_ftnref1\">[1]<\/a>:<\/p>\n\n\n\n<p>\u201cKPI (Key Performance Indicator ou Indicador-Chave de Performance) \u00e9 um valor mensur\u00e1vel que se relaciona com metas, objetivos e estrat\u00e9gias espec\u00edficas que ajudam a impulsionar o sucesso do desempenho.\u201d<\/p>\n\n\n\n<p>III &#8211; A avalia\u00e7\u00e3o \u00e9 o processo de determinar se a realiza\u00e7\u00e3o dos objetivos est\u00e1 alcan\u00e7ando os efeitos pretendidos.<\/p>\n\n\n\n<hr class=\"wp-block-separator has-alpha-channel-opacity\"\/>\n\n\n\n<p><a id=\"_ftn1\" href=\"#_ftnref1\">[1]<\/a> Fonte: <a href=\"https:\/\/www.totvs.com\/blog\/negocios\/o-que-e-kpi\/\">KPI: o que \u00e9, tipos, exemplos e como definir para sua empresa (totvs.com)<\/a><\/p>\n\n\n\n<p>Correto. A avalia\u00e7\u00e3o \u00e9 uma etapa cr\u00edtica no processo de gest\u00e3o estrat\u00e9gica, pois verifica se os objetivos est\u00e3o sendo alcan\u00e7ados e se est\u00e3o gerando os resultados esperados.<\/p>\n\n\n\n<p>Portanto, todos os itens est\u00e3o corretos. A alternativa correta \u00e9:<\/p>\n\n\n\n<p>E) I, II e III.<\/p>\n\n\n\n<p>Solicita-se, portanto, a revis\u00e3o e consequente altera\u00e7\u00e3o do gabarito da quest\u00e3o 88 para &#8220;LETRA E\u201d.<\/p>\n\n\n\n<hr class=\"wp-block-separator has-alpha-channel-opacity is-style-dots\"\/>\n\n\n\n<h3 class=\"wp-block-heading\" id=\"h-questao-90\">Quest\u00e3o 90<\/h3>\n\n\n\n<p><strong>GABARITO PRELIMINAR: LETRA B<\/strong><\/p>\n\n\n\n<p><strong>GABARITO INDICADO: LETRA E<\/strong><\/p>\n\n\n\n<p>A gest\u00e3o de pessoas por compet\u00eancia enfoca o desenvolvimento e alinhamento das habilidades individuais com os objetivos organizacionais, promovendo o crescimento profissional e a efici\u00eancia nos resultados.<\/p>\n\n\n\n<p>Assinale, dentre as alternativas abaixo, a que apresenta uma compet\u00eancia organizacional:&nbsp;<\/p>\n\n\n\n<p>A) Marketing;<\/p>\n\n\n\n<p>B) imagem;<\/p>\n\n\n\n<p>C) motiva\u00e7\u00e3o;<\/p>\n\n\n\n<p>D) impulso;<\/p>\n\n\n\n<p>E) flexibilidade.<\/p>\n\n\n\n<p><strong>Coment\u00e1rios:<\/strong><\/p>\n\n\n\n<p>A gest\u00e3o de pessoas por compet\u00eancia envolve a identifica\u00e7\u00e3o, desenvolvimento e alinhamento das habilidades e comportamentos individuais com os objetivos e estrat\u00e9gias organizacionais. Uma compet\u00eancia organizacional \u00e9 uma caracter\u00edstica que contribui para a vantagem competitiva da organiza\u00e7\u00e3o e \u00e9 essencial para o seu sucesso.<\/p>\n\n\n\n<p>Vamos analisar cada alternativa:<\/p>\n\n\n\n<p>A) Marketing;<\/p>\n\n\n\n<p>Marketing n\u00e3o \u00e9 uma compet\u00eancia, mas uma fun\u00e7\u00e3o ou departamento dentro da organiza\u00e7\u00e3o.<\/p>\n\n\n\n<p>B) Imagem;<\/p>\n\n\n\n<p>Imagem refere-se \u00e0 percep\u00e7\u00e3o que o p\u00fablico tem da organiza\u00e7\u00e3o, mas n\u00e3o \u00e9 uma compet\u00eancia em si.<\/p>\n\n\n\n<p>C) Motiva\u00e7\u00e3o;<\/p>\n\n\n\n<p>Motiva\u00e7\u00e3o \u00e9 um estado interno que impulsiona os indiv\u00edduos a agirem, mas n\u00e3o \u00e9 uma compet\u00eancia organizacional.<\/p>\n\n\n\n<p>D) Impulso;<\/p>\n\n\n\n<p>Impulso \u00e9 uma inclina\u00e7\u00e3o ou tend\u00eancia para agir, mas n\u00e3o \u00e9 uma compet\u00eancia organizacional.<\/p>\n\n\n\n<p>E) Flexibilidade.<\/p>\n\n\n\n<p>Flexibilidade \u00e9 a capacidade de uma organiza\u00e7\u00e3o ou indiv\u00edduo de se adaptar a mudan\u00e7as e novas situa\u00e7\u00f5es. \u00c9 uma compet\u00eancia organizacional valiosa, pois permite que a organiza\u00e7\u00e3o responda rapidamente \u00e0s mudan\u00e7as no ambiente de neg\u00f3cios e mantenha a sua efic\u00e1cia.<\/p>\n\n\n\n<p>Ao listar as diversas compet\u00eancias organizacionais, temos a \u201cadaptabilidade, um sin\u00f4nimo de flexibilidade<a href=\"#_ftn1\" id=\"_ftnref1\">[1]<\/a>:<\/p>\n\n\n\n<p>\u201cAdaptabilidade \u2013 Adaptabilidade consiste na manuten\u00e7\u00e3o da efic\u00e1cia ao experimentar grandes mudan\u00e7as nas tarefas de trabalho ou no ambiente de trabalho. Envolve ajustar efetivamente para trabalhar dentro de novas estruturas, processos, requisitos ou culturas.\u201d<\/p>\n\n\n\n<p>Portanto, a alternativa correta \u00e9: E) flexibilidade.<\/p>\n\n\n\n<p>A banca considerou como correta a letra B. Solicita-se, portanto, a revis\u00e3o e consequente altera\u00e7\u00e3o do gabarito da quest\u00e3o 90 para &#8220;LETRA E\u201d.<\/p>\n\n\n\n<hr class=\"wp-block-separator has-alpha-channel-opacity\"\/>\n\n\n\n<p><a id=\"_ftn1\" href=\"#_ftnref1\">[1]<\/a> Fonte: <a href=\"https:\/\/www.pontorh.com.br\/que-e-competencia-organizacional-tipos-exemplos\/\">O que \u00e9 compet\u00eancia organizacional? Tipos e exemplos! &#8211; Ponto RH<\/a><\/p>\n\n\n\n<hr class=\"wp-block-separator has-alpha-channel-opacity is-style-dots\"\/>\n\n\n\n<h3 class=\"wp-block-heading\" id=\"h-questao-94\">Quest\u00e3o 94<\/h3>\n\n\n\n<p><strong>GABARITO PRELIMINAR: LETRA E<\/strong><\/p>\n\n\n\n<p><strong>GABARITO INDICADO: LETRA B<\/strong><\/p>\n\n\n\n<p>A Constitui\u00e7\u00e3o federal de 1988 determinou que o controle externo da administra\u00e7\u00e3o p\u00fablica brasileira seja conduzido pelo tribunal de contas e pelo Minist\u00e9rio p\u00fablico. Essas institui\u00e7\u00f5es possuem autonomia formal em rela\u00e7\u00e3o ao governo sendo respons\u00e1veis por fiscalizar a correta aplica\u00e7\u00e3o dos recursos p\u00fablicos garantir a transpar\u00eancia nos atos de gest\u00e3o e fortalecer a participa\u00e7\u00e3o da sociedade civil. Al\u00e9m disso, tem o poder de atuar mediante solicita\u00e7\u00e3o do cidad\u00e3o, ampliando assim o controle democr\u00e1tico sobre a administra\u00e7\u00e3o p\u00fablica.<\/p>\n\n\n\n<p>Com rela\u00e7\u00e3o \u00e0 accountability, analise os itens a seguir:<\/p>\n\n\n\n<p>I &#8211; o conceito de accountability \u00e9 fundamental na teoria democr\u00e1tica Moderna uma vez que estabelece que os governantes e ocupantes de fun\u00e7\u00f5es p\u00fablicas devem prestar contas a sociedade, segundo seguindo crit\u00e9rios democr\u00e1ticos que definem o prop\u00f3sito e o alcance de cada institui\u00e7\u00e3o.<\/p>\n\n\n\n<p>II &#8211; o que deve ser prestado conta \u00e0 sociedade n\u00e3o \u00e9 apenas determinado pelos ocupantes dos cargos p\u00fablicos, mas sim por um processo amplo que engloba a cria\u00e7\u00e3o de leis por pol\u00edticas eleitos, a intera\u00e7\u00e3o de controles entre os poderes para evitar a centraliza\u00e7\u00e3o decis\u00f3ria e a defini\u00e7\u00e3o de padr\u00f5es republicanos para evitar o exerc\u00edcio personalizado do poder ou a influ\u00eancia de grupos de interesse<\/p>\n\n\n\n<p>III &#8211; a l\u00f3gica da transpar\u00eancia apresentada pelo ide\u00e1rio do governo aberto pode levar a uma fal\u00e1cia em torno da accountability<\/p>\n\n\n\n<p>A) I, apenas;<\/p>\n\n\n\n<p>B) I e II, apenas;<\/p>\n\n\n\n<p>C) I e III, apenas;<\/p>\n\n\n\n<p>D) II e III, apenas;<\/p>\n\n\n\n<p>E) I, II e III.<\/p>\n\n\n\n<p><strong>Coment\u00e1rios:<\/strong><\/p>\n\n\n\n<p>Vamos analisar cada um dos itens relacionados \u00e0 accountability:<\/p>\n\n\n\n<p>I &#8211; O conceito de accountability \u00e9 fundamental na teoria democr\u00e1tica moderna, uma vez que estabelece que os governantes e ocupantes de fun\u00e7\u00f5es p\u00fablicas devem prestar contas \u00e0 sociedade, seguindo crit\u00e9rios democr\u00e1ticos que definem o prop\u00f3sito e o alcance de cada institui\u00e7\u00e3o.<\/p>\n\n\n\n<p>Correto. Accountability \u00e9 um conceito central na teoria democr\u00e1tica moderna, exigindo que governantes e servidores p\u00fablicos prestem contas de suas a\u00e7\u00f5es, garantindo transpar\u00eancia e responsabilidade.<\/p>\n\n\n\n<p>II &#8211; O que deve ser prestado conta \u00e0 sociedade n\u00e3o \u00e9 apenas determinado pelos ocupantes dos cargos p\u00fablicos, mas sim por um processo amplo que engloba a cria\u00e7\u00e3o de leis por pol\u00edticos eleitos, a intera\u00e7\u00e3o de controles entre os poderes para evitar a centraliza\u00e7\u00e3o decis\u00f3ria e a defini\u00e7\u00e3o de padr\u00f5es republicanos para evitar o exerc\u00edcio personalizado do poder ou a influ\u00eancia de grupos de interesse.<\/p>\n\n\n\n<p>Correto. Accountability envolve um processo abrangente que inclui leis, controles entre poderes e padr\u00f5es republicanos, garantindo que a presta\u00e7\u00e3o de contas n\u00e3o seja apenas uma decis\u00e3o dos ocupantes de cargos p\u00fablicos, mas um processo institucionalizado.<\/p>\n\n\n\n<p>III &#8211; A l\u00f3gica da transpar\u00eancia apresentada pelo ide\u00e1rio do governo aberto pode levar a uma fal\u00e1cia em torno da accountability.<\/p>\n\n\n\n<p>Incorreto. A l\u00f3gica da transpar\u00eancia promovida pelo governo aberto \u00e9, na verdade, um elemento crucial para fortalecer a accountability. N\u00e3o leva a uma fal\u00e1cia, mas sim refor\u00e7a a presta\u00e7\u00e3o de contas e a participa\u00e7\u00e3o democr\u00e1tica.<\/p>\n\n\n\n<p>A banca considerou a frase correta e deve ter se baseado em algum texto opinativo, um ju\u00edzo de valor cr\u00edtico.&nbsp;<\/p>\n\n\n\n<p>Portanto, as alternativas corretas s\u00e3o:<\/p>\n\n\n\n<p>A) I, apenas;<\/p>\n\n\n\n<p>B) I e II, apenas;<\/p>\n\n\n\n<p>C) I e III, apenas;<\/p>\n\n\n\n<p>D) II e III, apenas;<\/p>\n\n\n\n<p>E) I, II e III.<\/p>\n\n\n\n<p>Com base nas an\u00e1lises, as afirmativas I e II est\u00e3o corretas, enquanto a III est\u00e1 incorreta. Portanto, a alternativa correta \u00e9:<\/p>\n\n\n\n<p>B) I e II, apenas.<\/p>\n\n\n\n<p>Solicita-se, portanto, a revis\u00e3o e consequente altera\u00e7\u00e3o do gabarito da quest\u00e3o 94 para &#8220;LETRA B\u201d.<\/p>\n\n\n\n<hr class=\"wp-block-separator has-alpha-channel-opacity\"\/>\n\n\n\n<p class=\"has-text-align-center has-very-light-gray-to-cyan-bluish-gray-gradient-background has-background has-medium-font-size\"><strong>Saiba mais: <a href=\"https:\/\/www.estrategiaconcursos.com.br\/blog\/concurso-tce-go\/\" target=\"_blank\" rel=\"noreferrer noopener\">concurso TCE GO<\/a><\/strong><\/p>\n\n\n\n<div class=\"container\" id=\"boxes\">\r\n  <div class=\"row\">\r\n\r\n    <div class=\"col-sm\">\r\n      <div class=\"banner-tcg\" id=\"box-assinatura\">\r\n        <h3 class=\"titulo-assinatura\">Cursos TCE GO<\/h3>\r\n        <p class=\"subtitulo-assinatura\">Conhe\u00e7a os cursos<\/p>\r\n        <div class=\"box-botao\">\r\n          <a class=\"btn-assinatura\" target=\"_blank\" href=\"https:\/\/www.estrategiaconcursos.com.br\/cursosPorConcurso\/tce-go-tribunal-de-contas-de-goias-308\/\" role=\"button\" rel=\"noopener noreferrer\">Conhe\u00e7a mais<\/a>\r\n        <\/div>\r\n      <\/div>\r\n      \r\n    <\/div>\r\n\r\n  <\/div>\r\n<\/div>\n\n\n\n<div class=\"container\" id=\"boxes\">\r\n  <div class=\"row\">\r\n\r\n    <div class=\"col-sm\">\r\n      <div class=\"estrategia\" id=\"box-assinatura\">\r\n        <h3 class=\"titulo-assinatura\">Assinatura Concursos<\/h3>\r\n        <p class=\"subtitulo-assinatura\">Assinatura de 1 ano ou 2 anos<\/p>\r\n        <div class=\"box-botao\">\r\n          <a class=\"btn-assinatura\" target=\"_blank\" href=\"https:\/\/www.estrategiaconcursos.com.br\/assinaturas\/\" role=\"button\" rel=\"noopener noreferrer\">ASSINE AGORA<\/a>\r\n        <\/div>\r\n      <\/div><\/div><\/div><\/div>\n\n\n\n<h2 class=\"wp-block-heading has-text-align-center\" id=\"h-quer-saber-tudo-sobre-concursos-previstos-confira-nossos-artigos\">Quer saber tudo sobre concursos previstos?<br \/>Confira nossos artigos!<\/h2>\n\n\n\n<ul class=\"wp-block-list\">\n<li><a href=\"https:\/\/www.estrategiaconcursos.com.br\/blog\/concursos-abertos\/\" target=\"_blank\" rel=\"noreferrer noopener\">Concursos abertos<\/a><\/li>\n\n\n\n<li><a href=\"https:\/\/www.estrategiaconcursos.com.br\/blog\/concursos-2024\/\" target=\"_blank\" rel=\"noreferrer noopener\">Concursos 2024<\/a><\/li>\n<\/ul>\n","protected":false},"excerpt":{"rendered":"<p>As provas objetivas do&nbsp;concurso&nbsp;TCE GO foram aplicadas no \u00faltimo domingo (16\/06) e aqui voc\u00ea poder\u00e1 conferir as sugest\u00f5es de recursos para o cargo de&nbsp;Analista de Controle Externo \u2013 Controle Externo. Os recursos foram elaborados pelos professores e especialistas do Estrat\u00e9gia Concursos com base\u00a0no caderno. Lembre-se que o recurso \u00e9 individual e a c\u00f3pia pode resultar [&hellip;]<\/p>\n","protected":false},"author":2903,"featured_media":1111100,"comment_status":"open","ping_status":"closed","sticky":false,"template":"","format":"standard","meta":{"post_tipo":"news","footnotes":""},"categories":[214710,220219],"tags":[],"tax_estado":[219972],"class_list":["post-1414470","post","type-post","status-publish","format-standard","has-post-thumbnail","hentry","category-tribunais-de-contas","category-noticias","tax_estado-go"],"acf":[],"yoast_head":"<!-- This site is optimized with the Yoast SEO Premium plugin v27.2 (Yoast SEO v27.2) - https:\/\/yoast.com\/product\/yoast-seo-premium-wordpress\/ -->\n<title>Concurso TCE GO:\u00a0recursos para Analista de Controle Externo<\/title>\n<meta name=\"description\" content=\"Concurso TCE GO:\u00a0confira as quest\u00f5es com possibilidade de recurso para o cargo de Analista de Controle Externo \u2013 Controle Externo!\" \/>\n<meta name=\"robots\" content=\"index, follow, max-snippet:-1, max-image-preview:large, max-video-preview:-1\" \/>\n<link rel=\"canonical\" href=\"https:\/\/www.estrategiaconcursos.com.br\/blog\/concurso-tce-go-recursos-para-analista-de-controle-externo-controle-externo\/\" \/>\n<meta property=\"og:locale\" content=\"pt_BR\" \/>\n<meta property=\"og:type\" content=\"article\" \/>\n<meta property=\"og:title\" content=\"Concurso TCE GO:\u00a0recursos para Analista de Controle Externo\" \/>\n<meta property=\"og:description\" content=\"Concurso TCE GO:\u00a0confira as quest\u00f5es com possibilidade de recurso para o cargo de Analista de Controle Externo \u2013 Controle Externo!\" \/>\n<meta property=\"og:url\" content=\"https:\/\/www.estrategiaconcursos.com.br\/blog\/concurso-tce-go-recursos-para-analista-de-controle-externo-controle-externo\/\" \/>\n<meta property=\"og:site_name\" content=\"Estrat\u00e9gia Concursos\" \/>\n<meta property=\"article:published_time\" content=\"2024-06-19T16:59:18+00:00\" \/>\n<meta property=\"article:modified_time\" content=\"2024-06-19T17:26:40+00:00\" \/>\n<meta property=\"og:image\" content=\"https:\/\/dhg1h5j42swfq.cloudfront.net\/2022\/10\/17153050\/tce-go.jpg\" \/>\n\t<meta property=\"og:image:width\" content=\"1200\" \/>\n\t<meta property=\"og:image:height\" content=\"628\" \/>\n\t<meta property=\"og:image:type\" content=\"image\/jpeg\" \/>\n<meta name=\"author\" content=\"Ana Carolina Jurado Centurion Gomes\" \/>\n<meta name=\"twitter:card\" content=\"summary_large_image\" \/>\n<meta name=\"twitter:creator\" content=\"@EstratConcursos\" \/>\n<meta name=\"twitter:site\" content=\"@EstratConcursos\" \/>\n<meta name=\"twitter:label1\" content=\"Escrito por\" \/>\n\t<meta name=\"twitter:data1\" content=\"Ana Carolina Jurado Centurion Gomes\" \/>\n\t<meta name=\"twitter:label2\" content=\"Est. tempo de leitura\" \/>\n\t<meta name=\"twitter:data2\" content=\"20 minutos\" \/>\n<script type=\"application\/ld+json\" class=\"yoast-schema-graph\">{\"@context\":\"https:\/\/schema.org\",\"@graph\":[{\"@type\":\"NewsArticle\",\"@id\":\"https:\/\/www.estrategiaconcursos.com.br\/blog\/concurso-tce-go-recursos-para-analista-de-controle-externo-controle-externo\/#article\",\"isPartOf\":{\"@id\":\"https:\/\/www.estrategiaconcursos.com.br\/blog\/concurso-tce-go-recursos-para-analista-de-controle-externo-controle-externo\/\"},\"author\":{\"name\":\"Ana Carolina Jurado Centurion Gomes\",\"@id\":\"https:\/\/www.estrategiaconcursos.com.br\/blog\/#\/schema\/person\/aef09428f07fabc30fefbdc03626d9bf\"},\"headline\":\"Concurso TCE GO:\u00a0recursos para Analista de Controle Externo\",\"datePublished\":\"2024-06-19T16:59:18+00:00\",\"dateModified\":\"2024-06-19T17:26:40+00:00\",\"mainEntityOfPage\":{\"@id\":\"https:\/\/www.estrategiaconcursos.com.br\/blog\/concurso-tce-go-recursos-para-analista-de-controle-externo-controle-externo\/\"},\"wordCount\":3941,\"commentCount\":0,\"publisher\":{\"@id\":\"https:\/\/www.estrategiaconcursos.com.br\/blog\/#organization\"},\"image\":{\"@id\":\"https:\/\/www.estrategiaconcursos.com.br\/blog\/concurso-tce-go-recursos-para-analista-de-controle-externo-controle-externo\/#primaryimage\"},\"thumbnailUrl\":\"https:\/\/dhg1h5j42swfq.cloudfront.net\/2022\/10\/17153050\/tce-go.jpg\",\"articleSection\":[\"Tribunais de Contas (TCU, TCE, TCM)\",\"\u00daltimas not\u00edcias\"],\"inLanguage\":\"pt-BR\",\"potentialAction\":[{\"@type\":\"CommentAction\",\"name\":\"Comment\",\"target\":[\"https:\/\/www.estrategiaconcursos.com.br\/blog\/concurso-tce-go-recursos-para-analista-de-controle-externo-controle-externo\/#respond\"]}],\"copyrightYear\":\"2024\",\"copyrightHolder\":{\"@id\":\"https:\/\/www.estrategiaconcursos.com.br\/blog\/#organization\"}},{\"@type\":\"WebPage\",\"@id\":\"https:\/\/www.estrategiaconcursos.com.br\/blog\/concurso-tce-go-recursos-para-analista-de-controle-externo-controle-externo\/\",\"url\":\"https:\/\/www.estrategiaconcursos.com.br\/blog\/concurso-tce-go-recursos-para-analista-de-controle-externo-controle-externo\/\",\"name\":\"Concurso TCE GO:\u00a0recursos para Analista de Controle Externo\",\"isPartOf\":{\"@id\":\"https:\/\/www.estrategiaconcursos.com.br\/blog\/#website\"},\"primaryImageOfPage\":{\"@id\":\"https:\/\/www.estrategiaconcursos.com.br\/blog\/concurso-tce-go-recursos-para-analista-de-controle-externo-controle-externo\/#primaryimage\"},\"image\":{\"@id\":\"https:\/\/www.estrategiaconcursos.com.br\/blog\/concurso-tce-go-recursos-para-analista-de-controle-externo-controle-externo\/#primaryimage\"},\"thumbnailUrl\":\"https:\/\/dhg1h5j42swfq.cloudfront.net\/2022\/10\/17153050\/tce-go.jpg\",\"datePublished\":\"2024-06-19T16:59:18+00:00\",\"dateModified\":\"2024-06-19T17:26:40+00:00\",\"description\":\"Concurso TCE GO:\u00a0confira as quest\u00f5es com possibilidade de recurso para o cargo de Analista de Controle Externo \u2013 Controle Externo!\",\"breadcrumb\":{\"@id\":\"https:\/\/www.estrategiaconcursos.com.br\/blog\/concurso-tce-go-recursos-para-analista-de-controle-externo-controle-externo\/#breadcrumb\"},\"inLanguage\":\"pt-BR\",\"potentialAction\":[{\"@type\":\"ReadAction\",\"target\":[\"https:\/\/www.estrategiaconcursos.com.br\/blog\/concurso-tce-go-recursos-para-analista-de-controle-externo-controle-externo\/\"]}]},{\"@type\":\"ImageObject\",\"inLanguage\":\"pt-BR\",\"@id\":\"https:\/\/www.estrategiaconcursos.com.br\/blog\/concurso-tce-go-recursos-para-analista-de-controle-externo-controle-externo\/#primaryimage\",\"url\":\"https:\/\/dhg1h5j42swfq.cloudfront.net\/2022\/10\/17153050\/tce-go.jpg\",\"contentUrl\":\"https:\/\/dhg1h5j42swfq.cloudfront.net\/2022\/10\/17153050\/tce-go.jpg\",\"width\":1200,\"height\":628,\"caption\":\"Inscri\u00e7\u00f5es concurso TCE GO\"},{\"@type\":\"BreadcrumbList\",\"@id\":\"https:\/\/www.estrategiaconcursos.com.br\/blog\/concurso-tce-go-recursos-para-analista-de-controle-externo-controle-externo\/#breadcrumb\",\"itemListElement\":[{\"@type\":\"ListItem\",\"position\":1,\"name\":\"In\u00edcio\",\"item\":\"https:\/\/www.estrategiaconcursos.com.br\/blog\/\"},{\"@type\":\"ListItem\",\"position\":2,\"name\":\"Concurso TCE GO:\u00a0recursos para Analista de Controle Externo\"}]},{\"@type\":\"WebSite\",\"@id\":\"https:\/\/www.estrategiaconcursos.com.br\/blog\/#website\",\"url\":\"https:\/\/www.estrategiaconcursos.com.br\/blog\/\",\"name\":\"Estrat\u00e9gia Concursos\",\"description\":\"O blog da Estrat\u00e9gia Concursos traz not\u00edcias sobre concursos e artigos de professores oferecendo cursos para concursos (pdf + videaulas) no site.\",\"publisher\":{\"@id\":\"https:\/\/www.estrategiaconcursos.com.br\/blog\/#organization\"},\"potentialAction\":[{\"@type\":\"SearchAction\",\"target\":{\"@type\":\"EntryPoint\",\"urlTemplate\":\"https:\/\/www.estrategiaconcursos.com.br\/blog\/?s={search_term_string}\"},\"query-input\":{\"@type\":\"PropertyValueSpecification\",\"valueRequired\":true,\"valueName\":\"search_term_string\"}}],\"inLanguage\":\"pt-BR\"},{\"@type\":\"Organization\",\"@id\":\"https:\/\/www.estrategiaconcursos.com.br\/blog\/#organization\",\"name\":\"Estrat\u00e9gia Concursos\",\"url\":\"https:\/\/www.estrategiaconcursos.com.br\/blog\/\",\"logo\":{\"@type\":\"ImageObject\",\"inLanguage\":\"pt-BR\",\"@id\":\"https:\/\/www.estrategiaconcursos.com.br\/blog\/#\/schema\/logo\/image\/\",\"url\":\"https:\/\/dhg1h5j42swfq.cloudfront.net\/2025\/06\/03203428\/logo_concursos-1.jpg\",\"contentUrl\":\"https:\/\/dhg1h5j42swfq.cloudfront.net\/2025\/06\/03203428\/logo_concursos-1.jpg\",\"width\":230,\"height\":60,\"caption\":\"Estrat\u00e9gia Concursos\"},\"image\":{\"@id\":\"https:\/\/www.estrategiaconcursos.com.br\/blog\/#\/schema\/logo\/image\/\"},\"sameAs\":[\"https:\/\/x.com\/EstratConcursos\"]},{\"@type\":\"Person\",\"@id\":\"https:\/\/www.estrategiaconcursos.com.br\/blog\/#\/schema\/person\/aef09428f07fabc30fefbdc03626d9bf\",\"name\":\"Ana Carolina Jurado Centurion Gomes\",\"image\":{\"@type\":\"ImageObject\",\"inLanguage\":\"pt-BR\",\"@id\":\"https:\/\/secure.gravatar.com\/avatar\/9ff9aa8da79ff379e60ac2934adbba51a3fcc3827a45355d93da833ab199c235?s=96&d=mm&r=g\",\"url\":\"https:\/\/secure.gravatar.com\/avatar\/9ff9aa8da79ff379e60ac2934adbba51a3fcc3827a45355d93da833ab199c235?s=96&d=mm&r=g\",\"contentUrl\":\"https:\/\/secure.gravatar.com\/avatar\/9ff9aa8da79ff379e60ac2934adbba51a3fcc3827a45355d93da833ab199c235?s=96&d=mm&r=g\",\"caption\":\"Ana Carolina Jurado Centurion Gomes\"},\"url\":\"https:\/\/www.estrategiaconcursos.com.br\/blog\/author\/ana-gomesestragia-com\/\"}]}<\/script>\n<!-- \/ Yoast SEO Premium plugin. -->","yoast_head_json":{"title":"Concurso TCE GO:\u00a0recursos para Analista de Controle Externo","description":"Concurso TCE GO:\u00a0confira as quest\u00f5es com possibilidade de recurso para o cargo de Analista de Controle Externo \u2013 Controle Externo!","robots":{"index":"index","follow":"follow","max-snippet":"max-snippet:-1","max-image-preview":"max-image-preview:large","max-video-preview":"max-video-preview:-1"},"canonical":"https:\/\/www.estrategiaconcursos.com.br\/blog\/concurso-tce-go-recursos-para-analista-de-controle-externo-controle-externo\/","og_locale":"pt_BR","og_type":"article","og_title":"Concurso TCE GO:\u00a0recursos para Analista de Controle Externo","og_description":"Concurso TCE GO:\u00a0confira as quest\u00f5es com possibilidade de recurso para o cargo de Analista de Controle Externo \u2013 Controle Externo!","og_url":"https:\/\/www.estrategiaconcursos.com.br\/blog\/concurso-tce-go-recursos-para-analista-de-controle-externo-controle-externo\/","og_site_name":"Estrat\u00e9gia Concursos","article_published_time":"2024-06-19T16:59:18+00:00","article_modified_time":"2024-06-19T17:26:40+00:00","og_image":[{"width":1200,"height":628,"url":"https:\/\/dhg1h5j42swfq.cloudfront.net\/2022\/10\/17153050\/tce-go.jpg","type":"image\/jpeg"}],"author":"Ana Carolina Jurado Centurion Gomes","twitter_card":"summary_large_image","twitter_creator":"@EstratConcursos","twitter_site":"@EstratConcursos","twitter_misc":{"Escrito por":"Ana Carolina Jurado Centurion Gomes","Est. tempo de leitura":"20 minutos"},"schema":{"@context":"https:\/\/schema.org","@graph":[{"@type":"NewsArticle","@id":"https:\/\/www.estrategiaconcursos.com.br\/blog\/concurso-tce-go-recursos-para-analista-de-controle-externo-controle-externo\/#article","isPartOf":{"@id":"https:\/\/www.estrategiaconcursos.com.br\/blog\/concurso-tce-go-recursos-para-analista-de-controle-externo-controle-externo\/"},"author":{"name":"Ana Carolina Jurado Centurion Gomes","@id":"https:\/\/www.estrategiaconcursos.com.br\/blog\/#\/schema\/person\/aef09428f07fabc30fefbdc03626d9bf"},"headline":"Concurso TCE GO:\u00a0recursos para Analista de Controle Externo","datePublished":"2024-06-19T16:59:18+00:00","dateModified":"2024-06-19T17:26:40+00:00","mainEntityOfPage":{"@id":"https:\/\/www.estrategiaconcursos.com.br\/blog\/concurso-tce-go-recursos-para-analista-de-controle-externo-controle-externo\/"},"wordCount":3941,"commentCount":0,"publisher":{"@id":"https:\/\/www.estrategiaconcursos.com.br\/blog\/#organization"},"image":{"@id":"https:\/\/www.estrategiaconcursos.com.br\/blog\/concurso-tce-go-recursos-para-analista-de-controle-externo-controle-externo\/#primaryimage"},"thumbnailUrl":"https:\/\/dhg1h5j42swfq.cloudfront.net\/2022\/10\/17153050\/tce-go.jpg","articleSection":["Tribunais de Contas (TCU, TCE, TCM)","\u00daltimas not\u00edcias"],"inLanguage":"pt-BR","potentialAction":[{"@type":"CommentAction","name":"Comment","target":["https:\/\/www.estrategiaconcursos.com.br\/blog\/concurso-tce-go-recursos-para-analista-de-controle-externo-controle-externo\/#respond"]}],"copyrightYear":"2024","copyrightHolder":{"@id":"https:\/\/www.estrategiaconcursos.com.br\/blog\/#organization"}},{"@type":"WebPage","@id":"https:\/\/www.estrategiaconcursos.com.br\/blog\/concurso-tce-go-recursos-para-analista-de-controle-externo-controle-externo\/","url":"https:\/\/www.estrategiaconcursos.com.br\/blog\/concurso-tce-go-recursos-para-analista-de-controle-externo-controle-externo\/","name":"Concurso TCE GO:\u00a0recursos para Analista de Controle Externo","isPartOf":{"@id":"https:\/\/www.estrategiaconcursos.com.br\/blog\/#website"},"primaryImageOfPage":{"@id":"https:\/\/www.estrategiaconcursos.com.br\/blog\/concurso-tce-go-recursos-para-analista-de-controle-externo-controle-externo\/#primaryimage"},"image":{"@id":"https:\/\/www.estrategiaconcursos.com.br\/blog\/concurso-tce-go-recursos-para-analista-de-controle-externo-controle-externo\/#primaryimage"},"thumbnailUrl":"https:\/\/dhg1h5j42swfq.cloudfront.net\/2022\/10\/17153050\/tce-go.jpg","datePublished":"2024-06-19T16:59:18+00:00","dateModified":"2024-06-19T17:26:40+00:00","description":"Concurso TCE GO:\u00a0confira as quest\u00f5es com possibilidade de recurso para o cargo de Analista de Controle Externo \u2013 Controle Externo!","breadcrumb":{"@id":"https:\/\/www.estrategiaconcursos.com.br\/blog\/concurso-tce-go-recursos-para-analista-de-controle-externo-controle-externo\/#breadcrumb"},"inLanguage":"pt-BR","potentialAction":[{"@type":"ReadAction","target":["https:\/\/www.estrategiaconcursos.com.br\/blog\/concurso-tce-go-recursos-para-analista-de-controle-externo-controle-externo\/"]}]},{"@type":"ImageObject","inLanguage":"pt-BR","@id":"https:\/\/www.estrategiaconcursos.com.br\/blog\/concurso-tce-go-recursos-para-analista-de-controle-externo-controle-externo\/#primaryimage","url":"https:\/\/dhg1h5j42swfq.cloudfront.net\/2022\/10\/17153050\/tce-go.jpg","contentUrl":"https:\/\/dhg1h5j42swfq.cloudfront.net\/2022\/10\/17153050\/tce-go.jpg","width":1200,"height":628,"caption":"Inscri\u00e7\u00f5es concurso TCE GO"},{"@type":"BreadcrumbList","@id":"https:\/\/www.estrategiaconcursos.com.br\/blog\/concurso-tce-go-recursos-para-analista-de-controle-externo-controle-externo\/#breadcrumb","itemListElement":[{"@type":"ListItem","position":1,"name":"In\u00edcio","item":"https:\/\/www.estrategiaconcursos.com.br\/blog\/"},{"@type":"ListItem","position":2,"name":"Concurso TCE GO:\u00a0recursos para Analista de Controle Externo"}]},{"@type":"WebSite","@id":"https:\/\/www.estrategiaconcursos.com.br\/blog\/#website","url":"https:\/\/www.estrategiaconcursos.com.br\/blog\/","name":"Estrat\u00e9gia Concursos","description":"O blog da Estrat\u00e9gia Concursos traz not\u00edcias sobre concursos e artigos de professores oferecendo cursos para concursos (pdf + videaulas) no site.","publisher":{"@id":"https:\/\/www.estrategiaconcursos.com.br\/blog\/#organization"},"potentialAction":[{"@type":"SearchAction","target":{"@type":"EntryPoint","urlTemplate":"https:\/\/www.estrategiaconcursos.com.br\/blog\/?s={search_term_string}"},"query-input":{"@type":"PropertyValueSpecification","valueRequired":true,"valueName":"search_term_string"}}],"inLanguage":"pt-BR"},{"@type":"Organization","@id":"https:\/\/www.estrategiaconcursos.com.br\/blog\/#organization","name":"Estrat\u00e9gia Concursos","url":"https:\/\/www.estrategiaconcursos.com.br\/blog\/","logo":{"@type":"ImageObject","inLanguage":"pt-BR","@id":"https:\/\/www.estrategiaconcursos.com.br\/blog\/#\/schema\/logo\/image\/","url":"https:\/\/dhg1h5j42swfq.cloudfront.net\/2025\/06\/03203428\/logo_concursos-1.jpg","contentUrl":"https:\/\/dhg1h5j42swfq.cloudfront.net\/2025\/06\/03203428\/logo_concursos-1.jpg","width":230,"height":60,"caption":"Estrat\u00e9gia Concursos"},"image":{"@id":"https:\/\/www.estrategiaconcursos.com.br\/blog\/#\/schema\/logo\/image\/"},"sameAs":["https:\/\/x.com\/EstratConcursos"]},{"@type":"Person","@id":"https:\/\/www.estrategiaconcursos.com.br\/blog\/#\/schema\/person\/aef09428f07fabc30fefbdc03626d9bf","name":"Ana Carolina Jurado Centurion Gomes","image":{"@type":"ImageObject","inLanguage":"pt-BR","@id":"https:\/\/secure.gravatar.com\/avatar\/9ff9aa8da79ff379e60ac2934adbba51a3fcc3827a45355d93da833ab199c235?s=96&d=mm&r=g","url":"https:\/\/secure.gravatar.com\/avatar\/9ff9aa8da79ff379e60ac2934adbba51a3fcc3827a45355d93da833ab199c235?s=96&d=mm&r=g","contentUrl":"https:\/\/secure.gravatar.com\/avatar\/9ff9aa8da79ff379e60ac2934adbba51a3fcc3827a45355d93da833ab199c235?s=96&d=mm&r=g","caption":"Ana Carolina Jurado Centurion Gomes"},"url":"https:\/\/www.estrategiaconcursos.com.br\/blog\/author\/ana-gomesestragia-com\/"}]}},"_links":{"self":[{"href":"https:\/\/www.estrategiaconcursos.com.br\/blog\/wp-json\/wp\/v2\/posts\/1414470","targetHints":{"allow":["GET"]}}],"collection":[{"href":"https:\/\/www.estrategiaconcursos.com.br\/blog\/wp-json\/wp\/v2\/posts"}],"about":[{"href":"https:\/\/www.estrategiaconcursos.com.br\/blog\/wp-json\/wp\/v2\/types\/post"}],"author":[{"embeddable":true,"href":"https:\/\/www.estrategiaconcursos.com.br\/blog\/wp-json\/wp\/v2\/users\/2903"}],"replies":[{"embeddable":true,"href":"https:\/\/www.estrategiaconcursos.com.br\/blog\/wp-json\/wp\/v2\/comments?post=1414470"}],"version-history":[{"count":9,"href":"https:\/\/www.estrategiaconcursos.com.br\/blog\/wp-json\/wp\/v2\/posts\/1414470\/revisions"}],"predecessor-version":[{"id":1417740,"href":"https:\/\/www.estrategiaconcursos.com.br\/blog\/wp-json\/wp\/v2\/posts\/1414470\/revisions\/1417740"}],"wp:featuredmedia":[{"embeddable":true,"href":"https:\/\/www.estrategiaconcursos.com.br\/blog\/wp-json\/wp\/v2\/media\/1111100"}],"wp:attachment":[{"href":"https:\/\/www.estrategiaconcursos.com.br\/blog\/wp-json\/wp\/v2\/media?parent=1414470"}],"wp:term":[{"taxonomy":"category","embeddable":true,"href":"https:\/\/www.estrategiaconcursos.com.br\/blog\/wp-json\/wp\/v2\/categories?post=1414470"},{"taxonomy":"post_tag","embeddable":true,"href":"https:\/\/www.estrategiaconcursos.com.br\/blog\/wp-json\/wp\/v2\/tags?post=1414470"},{"taxonomy":"tax_estado","embeddable":true,"href":"https:\/\/www.estrategiaconcursos.com.br\/blog\/wp-json\/wp\/v2\/tax_estado?post=1414470"}],"curies":[{"name":"wp","href":"https:\/\/api.w.org\/{rel}","templated":true}]}}