{"id":1414222,"date":"2024-06-27T13:49:46","date_gmt":"2024-06-27T16:49:46","guid":{"rendered":"https:\/\/blog-estrategia.mystagingwebsite.com\/blog\/?p=1414222"},"modified":"2024-08-06T16:56:00","modified_gmt":"2024-08-06T19:56:00","slug":"composicao-comite-nacional-fronteiras","status":"publish","type":"post","link":"https:\/\/www.estrategiaconcursos.com.br\/blog\/composicao-comite-nacional-fronteiras\/","title":{"rendered":"Composi\u00e7\u00e3o do Comit\u00ea Nacional de Fronteiras"},"content":{"rendered":"\n<p class=\"wp-block-paragraph\">Ol\u00e1 pessoal! O artigo aborda um assunto importante e muito cobrado em provas de concurso p\u00fablico na \u00e1rea fiscal: a composi\u00e7\u00e3o do Comit\u00ea Nacional de Fronteiras, definida por meio do Decreto n\u00ba 12.038\/2024, que disp\u00f5e sobre a Pol\u00edtica Nacional de Fronteiras no pa\u00eds.&nbsp;<\/p>\n\n\n\n<figure class=\"wp-block-image aligncenter size-full\"><img loading=\"lazy\" decoding=\"async\" width=\"380\" height=\"380\" src=\"https:\/\/dhg1h5j42swfq.cloudfront.net\/2024\/06\/12134451\/image-287.png\" alt=\"Composi\u00e7\u00e3o do Comit\u00ea Nacional de Fronteiras\" class=\"wp-image-1414224\" srcset=\"https:\/\/dhg1h5j42swfq.cloudfront.net\/2024\/06\/12134451\/image-287.png 380w, https:\/\/dhg1h5j42swfq.cloudfront.net\/2024\/06\/12134451\/image-287-300x300.png 300w, https:\/\/dhg1h5j42swfq.cloudfront.net\/2024\/06\/12134451\/image-287-150x150.png 150w, https:\/\/dhg1h5j42swfq.cloudfront.net\/2024\/06\/12134451\/image-287-96x96.png 96w\" sizes=\"auto, (max-width: 380px) 100vw, 380px\" \/><figcaption class=\"wp-element-caption\">Composi\u00e7\u00e3o do Comit\u00ea Nacional de Fronteiras<\/figcaption><\/figure>\n\n\n\n<p class=\"wp-block-paragraph\">Vamos passar basicamente pelos seguintes t\u00f3picos:&nbsp;<\/p>\n\n\n\n<ul class=\"wp-block-list\">\n<li>Entender o contexto do Decreto 12.038\/2024;&nbsp;<\/li>\n<\/ul>\n\n\n\n<ul class=\"wp-block-list\">\n<li>Conhecer a composi\u00e7\u00e3o do Comit\u00ea Nacional de Fronteiras;&nbsp;<\/li>\n<\/ul>\n\n\n\n<ul class=\"wp-block-list\">\n<li>Comentar observa\u00e7\u00f5es relevantes sobre o tema.&nbsp;<\/li>\n<\/ul>\n\n\n\n<h2 class=\"wp-block-heading\" id=\"h-decreto-12-038-2024-nbsp\"><strong>Decreto 12.038\/2024<\/strong>&nbsp;<\/h2>\n\n\n\n<p class=\"wp-block-paragraph\">O Brasil \u00e9 um pa\u00eds de dimens\u00f5es significativas que precisa lidar com desafios frequentes, tanto no aspecto da diplomacia mundial quanto nas rela\u00e7\u00f5es com na\u00e7\u00f5es vizinhas do continente sul-americano.&nbsp;<\/p>\n\n\n\n<p class=\"wp-block-paragraph\">Nesse sentido, \u00e9 necess\u00e1ria aten\u00e7\u00e3o \u00e0s fronteiras brasileiras. Basicamente, os dois principais \u00f3rg\u00e3os com essa atribui\u00e7\u00e3o s\u00e3o a Receita Federal e a Pol\u00edcia Federal, cada uma com suas devidas compet\u00eancias, sejam relacionadas a pessoas, a bens ou mercadorias, a com\u00e9rcio exterior, ao combate ao crime e ao tr\u00e1fico de drogas, entre outros. Ambas as entidades possuem concursos muito visados e concorridos.&nbsp;<\/p>\n\n\n\n<p class=\"wp-block-paragraph\">Com esse intuito, visando fortalecer o controle fronteiri\u00e7o, foi publicado o <a href=\"https:\/\/www.planalto.gov.br\/ccivil_03\/_ato2023-2026\/2024\/decreto\/d12038.htm\" target=\"_blank\" rel=\"noreferrer noopener\">Decreto 12.038 de 29 de maio de 2024<\/a>, dispondo sobre a cria\u00e7\u00e3o da Pol\u00edtica Nacional de Fronteiras e o Comit\u00ea Nacional de Fronteiras, no \u00e2mbito do Poder Executivo Federal.&nbsp;<\/p>\n\n\n\n<p class=\"wp-block-paragraph\">A finalidade da Pol\u00edtica Nacional de Fronteiras \u00e9 orientar as a\u00e7\u00f5es do Poder Executivo Federal para a atua\u00e7\u00e3o coordenada com os entes federativos e com as institui\u00e7\u00f5es privadas, com vistas \u00e0 promo\u00e7\u00e3o:&nbsp;<\/p>\n\n\n\n<ul class=\"wp-block-list\">\n<li>da seguran\u00e7a;&nbsp;&nbsp;<\/li>\n<\/ul>\n\n\n\n<ul class=\"wp-block-list\">\n<li>do desenvolvimento sustent\u00e1vel;&nbsp;&nbsp;<\/li>\n<\/ul>\n\n\n\n<ul class=\"wp-block-list\">\n<li>da integra\u00e7\u00e3o regional;&nbsp;&nbsp;<\/li>\n<\/ul>\n\n\n\n<ul class=\"wp-block-list\">\n<li>dos direitos humanos;&nbsp;<\/li>\n<\/ul>\n\n\n\n<ul class=\"wp-block-list\">\n<li>da cidadania; e,&nbsp;&nbsp;<\/li>\n<\/ul>\n\n\n\n<ul class=\"wp-block-list\">\n<li>da prote\u00e7\u00e3o social nas fronteiras brasileiras.&nbsp;<\/li>\n<\/ul>\n\n\n\n<p class=\"wp-block-paragraph\">E \u00e9 especificamente sobre&nbsp;a composi\u00e7\u00e3o do Comit\u00ea Nacional de Fronteiras&nbsp;que iremos nos aprofundar um pouco mais a partir de agora.&nbsp;<\/p>\n\n\n\n<h2 class=\"wp-block-heading\" id=\"h-composicao-do-comite-nacional-de-fronteiras-nbsp-nbsp-nbsp\"><strong>Composi\u00e7\u00e3o do Comit\u00ea Nacional de Fronteiras&nbsp;&nbsp;<\/strong>&nbsp;<\/h2>\n\n\n\n<p class=\"wp-block-paragraph\">Em conson\u00e2ncia com o Decreto 12.038\/2024, vamos conhecer a extensa lista de autoridades e \u00f3rg\u00e3os que integram, ou seja, a composi\u00e7\u00e3o do Comit\u00ea Nacional de Fronteiras:&nbsp;<\/p>\n\n\n\n<p class=\"wp-block-paragraph\"><em>Art. 8\u00ba&nbsp;A composi\u00e7\u00e3o do Comit\u00ea Nacional de Fronteiras ser\u00e1 feita por um representante dos seguintes \u00f3rg\u00e3os e entidade:<\/em>&nbsp;<\/p>\n\n\n\n<p class=\"wp-block-paragraph\"><em>I &#8211; Gabinete de Seguran\u00e7a Institucional da Presid\u00eancia da Rep\u00fablica, que o presidir\u00e1;<\/em>&nbsp;<\/p>\n\n\n\n<p class=\"wp-block-paragraph\"><em>II &#8211; Casa Civil da Presid\u00eancia da Rep\u00fablica;<\/em>&nbsp;<\/p>\n\n\n\n<p class=\"wp-block-paragraph\"><em>III &#8211; Minist\u00e9rio da Agricultura e Pecu\u00e1ria;<\/em>&nbsp;<\/p>\n\n\n\n<p class=\"wp-block-paragraph\"><em>IV &#8211; Minist\u00e9rio das Cidades;<\/em>&nbsp;<\/p>\n\n\n\n<p class=\"wp-block-paragraph\"><em>V &#8211; Minist\u00e9rio da Ci\u00eancia, Tecnologia e Inova\u00e7\u00e3o;<\/em>&nbsp;<\/p>\n\n\n\n<p class=\"wp-block-paragraph\"><em>VI &#8211; Minist\u00e9rio das Comunica\u00e7\u00f5es;<\/em>&nbsp;<\/p>\n\n\n\n<p class=\"wp-block-paragraph\"><em>VII &#8211; Minist\u00e9rio da Defesa;<\/em>&nbsp;<\/p>\n\n\n\n<p class=\"wp-block-paragraph\"><em>VIII &#8211; Minist\u00e9rio do Desenvolvimento Agr\u00e1rio e Agricultura Familiar;<\/em>&nbsp;<\/p>\n\n\n\n<p class=\"wp-block-paragraph\"><em>IX &#8211; Minist\u00e9rio do Desenvolvimento e Assist\u00eancia Social, Fam\u00edlia e Combate \u00e0 Fome;<\/em>&nbsp;<\/p>\n\n\n\n<p class=\"wp-block-paragraph\"><em>X &#8211; Minist\u00e9rio dos Direitos Humanos e da Cidadania;<\/em>&nbsp;<\/p>\n\n\n\n<p class=\"wp-block-paragraph\"><em>XI &#8211; Minist\u00e9rio da Educa\u00e7\u00e3o;<\/em>&nbsp;<\/p>\n\n\n\n<p class=\"wp-block-paragraph\"><em>XII &#8211; Minist\u00e9rio do Esporte;<\/em>&nbsp;<\/p>\n\n\n\n<p class=\"wp-block-paragraph\"><em>XIII &#8211; Minist\u00e9rio da Fazenda;<\/em>&nbsp;<\/p>\n\n\n\n<p class=\"wp-block-paragraph\"><em>XIV &#8211; Minist\u00e9rio da Gest\u00e3o e da Inova\u00e7\u00e3o em Servi\u00e7os P\u00fablicos;<\/em>&nbsp;<\/p>\n\n\n\n<p class=\"wp-block-paragraph\"><em>XV &#8211; Minist\u00e9rio da Igualdade Racial;<\/em>&nbsp;<\/p>\n\n\n\n<p class=\"wp-block-paragraph\"><em>XVI &#8211; Minist\u00e9rio da Integra\u00e7\u00e3o e do Desenvolvimento Regional;<\/em>&nbsp;<\/p>\n\n\n\n<p class=\"wp-block-paragraph\">E n\u00e3o para por a\u00ed, muitos outros ainda fazem parte da composi\u00e7\u00e3o do Comit\u00ea Nacional de Fronteiras, vamos seguir acompanhando o artigo:<\/p>\n\n\n\n<p class=\"wp-block-paragraph\"><em>XVII &#8211; Minist\u00e9rio da Justi\u00e7a e Seguran\u00e7a P\u00fablica;<\/em>&nbsp;<\/p>\n\n\n\n<p class=\"wp-block-paragraph\"><em>XVIII &#8211; Minist\u00e9rio do Meio Ambiente e Mudan\u00e7a do Clima;<\/em>&nbsp;<\/p>\n\n\n\n<p class=\"wp-block-paragraph\"><em>XIX &#8211; Minist\u00e9rio de Minas e Energia;<\/em>&nbsp;<\/p>\n\n\n\n<p class=\"wp-block-paragraph\"><em>XX &#8211; Minist\u00e9rio das Mulheres;<\/em>&nbsp;<\/p>\n\n\n\n<p class=\"wp-block-paragraph\"><em>XXI &#8211; Minist\u00e9rio da Pesca e Aquicultura;<\/em>&nbsp;<\/p>\n\n\n\n<p class=\"wp-block-paragraph\"><em>XXII &#8211; Minist\u00e9rio de Portos e Aeroportos;<\/em>&nbsp;<\/p>\n\n\n\n<p class=\"wp-block-paragraph\"><em>XXIII &#8211; Minist\u00e9rio dos Povos Ind\u00edgenas;<\/em>&nbsp;<\/p>\n\n\n\n<p class=\"wp-block-paragraph\"><em>XXIV &#8211; Minist\u00e9rio das Rela\u00e7\u00f5es Exteriores;<\/em>&nbsp;<\/p>\n\n\n\n<p class=\"wp-block-paragraph\"><em>XXV &#8211; Minist\u00e9rio da Sa\u00fade;<\/em>&nbsp;<\/p>\n\n\n\n<p class=\"wp-block-paragraph\"><em>XXVI &#8211; Minist\u00e9rio do Trabalho e Emprego;<\/em>&nbsp;<\/p>\n\n\n\n<p class=\"wp-block-paragraph\"><em>XXVII &#8211; Minist\u00e9rio do Turismo;<\/em>&nbsp;<\/p>\n\n\n\n<p class=\"wp-block-paragraph\"><em>XXVIII &#8211; Secretaria de Rela\u00e7\u00f5es Institucionais da Presid\u00eancia da Rep\u00fablica;<\/em>&nbsp;<\/p>\n\n\n\n<p class=\"wp-block-paragraph\"><em>XXIX &#8211; Comando da Marinha do Minist\u00e9rio da Defesa;<\/em>&nbsp;<\/p>\n\n\n\n<p class=\"wp-block-paragraph\"><em>XXX &#8211; Comando do Ex\u00e9rcito do Minist\u00e9rio da Defesa;<\/em>&nbsp;<\/p>\n\n\n\n<p class=\"wp-block-paragraph\"><em>XXXI &#8211; Comando da Aeron\u00e1utica do Minist\u00e9rio da Defesa; e<\/em>&nbsp;<\/p>\n\n\n\n<p class=\"wp-block-paragraph\"><em>XXXII &#8211; Ag\u00eancia Nacional de Vigil\u00e2ncia Sanit\u00e1ria.<\/em>&nbsp;<\/p>\n\n\n\n<p class=\"wp-block-paragraph\">Al\u00e9m disso, cada membro que faz parte da composi\u00e7\u00e3o do Comit\u00ea Nacional de Fronteiras ter\u00e1 um suplente, que o substituir\u00e1 em suas aus\u00eancias e seus impedimentos.\u00a0<\/p>\n\n\n\n<p class=\"wp-block-paragraph\">Obviamente, a lista \u00e9 significativamente extensa com o intuito de preservar a diversidade de pastas que formam o governo e tamb\u00e9m garantir a abrang\u00eancia t\u00e9cnica que as decis\u00f5es a serem tomadas por este importante Comit\u00ea exigir\u00e3o. Al\u00e9m disso, como as a\u00e7\u00f5es a serem tomadas poder\u00e3o impactar a diplomacia em rela\u00e7\u00e3o aos pa\u00edses vizinhos, \u00e9 essencial que a quantidade de autoridades a integrar o Comit\u00ea seja de fato robusta.<\/p>\n\n\n\n<p class=\"wp-block-paragraph\">Importante frisar que os membros do Comit\u00ea Nacional de Fronteiras e os respectivos suplentes ser\u00e3o indicados pelos titulares dos \u00f3rg\u00e3os e da entidade que representam e designados em ato do Ministro de Estado Chefe do Gabinete de Seguran\u00e7a Institucional.&nbsp;<\/p>\n\n\n\n<p class=\"wp-block-paragraph\">Por fim, os membros titulares e suplentes dever\u00e3o ser ocupantes de Cargo Comissionado Executivo &#8211; CCE ou Fun\u00e7\u00e3o Comissionada Executiva &#8211; FCE de n\u00edvel m\u00ednimo igual a 15 e 13, respectivamente, ou, alternativamente, caso se trate de militar das For\u00e7as Armadas, por Oficial superior do \u00faltimo posto.&nbsp;<\/p>\n\n\n\n<p class=\"wp-block-paragraph\">Passamos, portanto, por uma no\u00e7\u00e3o geral sobre a composi\u00e7\u00e3o do Comit\u00ea Nacional de Fronteiras, institu\u00eddo pelo Decreto 12.038\/2024, que disp\u00f5e sobre a Pol\u00edtica Nacional de Fronteiras do \u00e2mbito do Poder Executivo Federal.&nbsp;<\/p>\n\n\n\n<h2 class=\"wp-block-heading\" id=\"h-consideracoes-finais-nbsp\"><strong>Considera\u00e7\u00f5es Finais<\/strong>&nbsp;<\/h2>\n\n\n\n<p class=\"wp-block-paragraph\">Chegamos ao final do nosso breve artigo sobre a composi\u00e7\u00e3o do Comit\u00ea Nacional de Fronteiras, e esperamos que seja muito \u00fatil para a sua prepara\u00e7\u00e3o e aprova\u00e7\u00e3o.&nbsp;<\/p>\n\n\n\n<p class=\"wp-block-paragraph\">Lembre-se que \u00e9 essencial a <a href=\"https:\/\/www.estrategiaconcursos.com.br\/blog\/\" target=\"_blank\" rel=\"noreferrer noopener\">leitura dos PDF\u2019s e a revis\u00e3o frequente dos conte\u00fados, para que assim os seus estudos fiquem cada vez mais avan\u00e7ados.<\/a>&nbsp;<\/p>\n\n\n\n<p class=\"wp-block-paragraph\">Um grande abra\u00e7o e at\u00e9 mais!&nbsp;<\/p>\n\n\n\n<p class=\"has-text-align-center wp-block-paragraph\"><strong>Quer saber quais ser\u00e3o os pr\u00f3ximos concursos?<\/strong>&nbsp;<\/p>\n\n\n\n<p class=\"has-text-align-center wp-block-paragraph\"><strong>Confira nossos artigos!<\/strong>&nbsp;<\/p>\n\n\n\n<p class=\"has-text-align-center has-background wp-block-paragraph\" style=\"background-color:#fcfa00\"><a href=\"https:\/\/www.estrategiaconcursos.com.br\/blog\/concursos-abertos\/\" target=\"_blank\" rel=\"noreferrer noopener\">Concursos abertos<\/a>&nbsp;<\/p>\n\n\n\n<p class=\"has-text-align-center has-background wp-block-paragraph\" style=\"background-color:#fcfa00\"><a href=\"https:\/\/www.estrategiaconcursos.com.br\/blog\/concursos-2023\/\" target=\"_blank\" rel=\"noreferrer noopener\">Concursos 202<\/a><a href=\"https:\/\/www.estrategiaconcursos.com.br\/blog\/concursos-2024\/\" target=\"_blank\" rel=\"noreferrer noopener\">4<\/a>&nbsp;<\/p>\n","protected":false},"excerpt":{"rendered":"<p>Composi\u00e7\u00e3o do Comit\u00ea Nacional de Fronteiras<\/p>\n","protected":false},"author":2887,"featured_media":1414224,"comment_status":"open","ping_status":"closed","sticky":false,"template":"","format":"standard","meta":{"_acf_changed":false,"post_tipo":"article","footnotes":""},"categories":[1,220182],"tags":[],"tax_estado":[219963],"class_list":["post-1414222","post","type-post","status-publish","format-standard","has-post-thumbnail","hentry","category-cursos-e-concursos","category-fiscal-federal","tax_estado-concursos-federais"],"acf":[],"yoast_head":"<!-- This site is optimized with the Yoast SEO Premium plugin v28.1 (Yoast SEO v28.1) - https:\/\/yoast.com\/product\/yoast-seo-premium-wordpress\/ -->\n<title>Composi\u00e7\u00e3o do Comit\u00ea Nacional de Fronteiras<\/title>\n<meta name=\"description\" content=\"O artigo aborda um assunto importante e muito cobrado em provas de concurso: a composi\u00e7\u00e3o do Comit\u00ea Nacional de Fronteiras,\" \/>\n<meta name=\"robots\" content=\"index, follow, max-snippet:-1, max-image-preview:large, max-video-preview:-1\" \/>\n<link rel=\"canonical\" href=\"https:\/\/www.estrategiaconcursos.com.br\/blog\/composicao-comite-nacional-fronteiras\/\" \/>\n<meta property=\"og:locale\" content=\"pt_BR\" \/>\n<meta property=\"og:type\" content=\"article\" \/>\n<meta property=\"og:title\" content=\"Composi\u00e7\u00e3o do Comit\u00ea Nacional de Fronteiras\" \/>\n<meta property=\"og:description\" content=\"O artigo aborda um assunto importante e muito cobrado em provas de concurso: a composi\u00e7\u00e3o do Comit\u00ea Nacional de Fronteiras,\" \/>\n<meta property=\"og:url\" content=\"https:\/\/www.estrategiaconcursos.com.br\/blog\/composicao-comite-nacional-fronteiras\/\" \/>\n<meta property=\"og:site_name\" content=\"Estrat\u00e9gia Concursos\" \/>\n<meta property=\"article:published_time\" content=\"2024-06-27T16:49:46+00:00\" \/>\n<meta property=\"article:modified_time\" content=\"2024-08-06T19:56:00+00:00\" \/>\n<meta property=\"og:image\" content=\"https:\/\/dhg1h5j42swfq.cloudfront.net\/2024\/06\/12134451\/image-287.png\" \/>\n\t<meta property=\"og:image:width\" content=\"380\" \/>\n\t<meta property=\"og:image:height\" content=\"380\" \/>\n\t<meta property=\"og:image:type\" content=\"image\/png\" \/>\n<meta name=\"author\" content=\"F\u00e1bio Prado dos Santos Santana\" \/>\n<meta name=\"twitter:card\" content=\"summary_large_image\" \/>\n<meta name=\"twitter:creator\" content=\"@EstratConcursos\" \/>\n<meta name=\"twitter:site\" content=\"@EstratConcursos\" \/>\n<meta name=\"twitter:label1\" content=\"Escrito por\" \/>\n\t<meta name=\"twitter:data1\" content=\"F\u00e1bio Prado dos Santos Santana\" \/>\n\t<meta name=\"twitter:label2\" content=\"Est. tempo de leitura\" \/>\n\t<meta name=\"twitter:data2\" content=\"5 minutos\" \/>\n<script type=\"application\/ld+json\" class=\"yoast-schema-graph\">{\"@context\":\"https:\\\/\\\/schema.org\",\"@graph\":[{\"@type\":\"NewsArticle\",\"@id\":\"https:\\\/\\\/www.estrategiaconcursos.com.br\\\/blog\\\/composicao-comite-nacional-fronteiras\\\/#article\",\"isPartOf\":{\"@id\":\"https:\\\/\\\/www.estrategiaconcursos.com.br\\\/blog\\\/composicao-comite-nacional-fronteiras\\\/\"},\"author\":{\"name\":\"F\u00e1bio Prado dos Santos Santana\",\"@id\":\"https:\\\/\\\/blog-estrategia.mystagingwebsite.com\\\/#\\\/schema\\\/person\\\/b1af3515254fed0a6861d754def3f005\"},\"headline\":\"Composi\u00e7\u00e3o do Comit\u00ea Nacional de Fronteiras\",\"datePublished\":\"2024-06-27T16:49:46+00:00\",\"dateModified\":\"2024-08-06T19:56:00+00:00\",\"mainEntityOfPage\":{\"@id\":\"https:\\\/\\\/www.estrategiaconcursos.com.br\\\/blog\\\/composicao-comite-nacional-fronteiras\\\/\"},\"wordCount\":1080,\"commentCount\":0,\"publisher\":{\"@id\":\"https:\\\/\\\/blog-estrategia.mystagingwebsite.com\\\/#organization\"},\"image\":{\"@id\":\"https:\\\/\\\/www.estrategiaconcursos.com.br\\\/blog\\\/composicao-comite-nacional-fronteiras\\\/#primaryimage\"},\"thumbnailUrl\":\"https:\\\/\\\/dhg1h5j42swfq.cloudfront.net\\\/2024\\\/06\\\/12134451\\\/image-287.png\",\"articleSection\":[\"Concursos P\u00fablicos\",\"Fiscal - Federal (RFB e AFT)\"],\"inLanguage\":\"pt-BR\",\"potentialAction\":[{\"@type\":\"CommentAction\",\"name\":\"Comment\",\"target\":[\"https:\\\/\\\/www.estrategiaconcursos.com.br\\\/blog\\\/composicao-comite-nacional-fronteiras\\\/#respond\"]}],\"copyrightYear\":\"2024\",\"copyrightHolder\":{\"@id\":\"https:\\\/\\\/www.estrategiaconcursos.com.br\\\/blog\\\/#organization\"}},{\"@type\":\"WebPage\",\"@id\":\"https:\\\/\\\/www.estrategiaconcursos.com.br\\\/blog\\\/composicao-comite-nacional-fronteiras\\\/\",\"url\":\"https:\\\/\\\/www.estrategiaconcursos.com.br\\\/blog\\\/composicao-comite-nacional-fronteiras\\\/\",\"name\":\"Composi\u00e7\u00e3o do Comit\u00ea Nacional de Fronteiras\",\"isPartOf\":{\"@id\":\"https:\\\/\\\/blog-estrategia.mystagingwebsite.com\\\/#website\"},\"primaryImageOfPage\":{\"@id\":\"https:\\\/\\\/www.estrategiaconcursos.com.br\\\/blog\\\/composicao-comite-nacional-fronteiras\\\/#primaryimage\"},\"image\":{\"@id\":\"https:\\\/\\\/www.estrategiaconcursos.com.br\\\/blog\\\/composicao-comite-nacional-fronteiras\\\/#primaryimage\"},\"thumbnailUrl\":\"https:\\\/\\\/dhg1h5j42swfq.cloudfront.net\\\/2024\\\/06\\\/12134451\\\/image-287.png\",\"datePublished\":\"2024-06-27T16:49:46+00:00\",\"dateModified\":\"2024-08-06T19:56:00+00:00\",\"description\":\"O artigo aborda um assunto importante e muito cobrado em provas de concurso: a composi\u00e7\u00e3o do Comit\u00ea Nacional de Fronteiras,\",\"breadcrumb\":{\"@id\":\"https:\\\/\\\/www.estrategiaconcursos.com.br\\\/blog\\\/composicao-comite-nacional-fronteiras\\\/#breadcrumb\"},\"inLanguage\":\"pt-BR\",\"potentialAction\":[{\"@type\":\"ReadAction\",\"target\":[\"https:\\\/\\\/www.estrategiaconcursos.com.br\\\/blog\\\/composicao-comite-nacional-fronteiras\\\/\"]}]},{\"@type\":\"ImageObject\",\"inLanguage\":\"pt-BR\",\"@id\":\"https:\\\/\\\/www.estrategiaconcursos.com.br\\\/blog\\\/composicao-comite-nacional-fronteiras\\\/#primaryimage\",\"url\":\"https:\\\/\\\/dhg1h5j42swfq.cloudfront.net\\\/2024\\\/06\\\/12134451\\\/image-287.png\",\"contentUrl\":\"https:\\\/\\\/dhg1h5j42swfq.cloudfront.net\\\/2024\\\/06\\\/12134451\\\/image-287.png\",\"width\":380,\"height\":380,\"caption\":\"Composi\u00e7\u00e3o do Comit\u00ea Nacional de Fronteiras\"},{\"@type\":\"BreadcrumbList\",\"@id\":\"https:\\\/\\\/www.estrategiaconcursos.com.br\\\/blog\\\/composicao-comite-nacional-fronteiras\\\/#breadcrumb\",\"itemListElement\":[{\"@type\":\"ListItem\",\"position\":1,\"name\":\"In\u00edcio\",\"item\":\"https:\\\/\\\/blog-estrategia.mystagingwebsite.com\\\/\"},{\"@type\":\"ListItem\",\"position\":2,\"name\":\"Composi\u00e7\u00e3o do Comit\u00ea Nacional de Fronteiras\"}]},{\"@type\":\"WebSite\",\"@id\":\"https:\\\/\\\/blog-estrategia.mystagingwebsite.com\\\/#website\",\"url\":\"https:\\\/\\\/blog-estrategia.mystagingwebsite.com\\\/\",\"name\":\"Estrat\u00e9gia Concursos\",\"description\":\"O blog da Estrat\u00e9gia Concursos traz not\u00edcias sobre concursos e artigos de professores oferecendo cursos para concursos (pdf + videaulas) no site.\",\"publisher\":{\"@id\":\"https:\\\/\\\/blog-estrategia.mystagingwebsite.com\\\/#organization\"},\"potentialAction\":[{\"@type\":\"SearchAction\",\"target\":{\"@type\":\"EntryPoint\",\"urlTemplate\":\"https:\\\/\\\/blog-estrategia.mystagingwebsite.com\\\/?s={search_term_string}\"},\"query-input\":{\"@type\":\"PropertyValueSpecification\",\"valueRequired\":true,\"valueName\":\"search_term_string\"}}],\"inLanguage\":\"pt-BR\"},{\"@type\":\"Organization\",\"@id\":\"https:\\\/\\\/blog-estrategia.mystagingwebsite.com\\\/#organization\",\"name\":\"Estrat\u00e9gia Concursos\",\"url\":\"https:\\\/\\\/blog-estrategia.mystagingwebsite.com\\\/\",\"logo\":{\"@type\":\"ImageObject\",\"inLanguage\":\"pt-BR\",\"@id\":\"https:\\\/\\\/blog-estrategia.mystagingwebsite.com\\\/#\\\/schema\\\/logo\\\/image\\\/\",\"url\":\"https:\\\/\\\/dhg1h5j42swfq.cloudfront.net\\\/2025\\\/06\\\/03203428\\\/logo_concursos-1.jpg\",\"contentUrl\":\"https:\\\/\\\/dhg1h5j42swfq.cloudfront.net\\\/2025\\\/06\\\/03203428\\\/logo_concursos-1.jpg\",\"width\":230,\"height\":60,\"caption\":\"Estrat\u00e9gia Concursos\"},\"image\":{\"@id\":\"https:\\\/\\\/blog-estrategia.mystagingwebsite.com\\\/#\\\/schema\\\/logo\\\/image\\\/\"},\"sameAs\":[\"https:\\\/\\\/x.com\\\/EstratConcursos\"]},{\"@type\":\"Person\",\"@id\":\"https:\\\/\\\/blog-estrategia.mystagingwebsite.com\\\/#\\\/schema\\\/person\\\/b1af3515254fed0a6861d754def3f005\",\"name\":\"F\u00e1bio Prado dos Santos Santana\",\"image\":{\"@type\":\"ImageObject\",\"inLanguage\":\"pt-BR\",\"@id\":\"https:\\\/\\\/secure.gravatar.com\\\/avatar\\\/0e3399436850f804c1d7731313952ccf303887c14b1711595235048e3ec0299b?s=96&d=mm&r=g\",\"url\":\"https:\\\/\\\/secure.gravatar.com\\\/avatar\\\/0e3399436850f804c1d7731313952ccf303887c14b1711595235048e3ec0299b?s=96&d=mm&r=g\",\"contentUrl\":\"https:\\\/\\\/secure.gravatar.com\\\/avatar\\\/0e3399436850f804c1d7731313952ccf303887c14b1711595235048e3ec0299b?s=96&d=mm&r=g\",\"caption\":\"F\u00e1bio Prado dos Santos Santana\"},\"description\":\"Principais Aprova\u00e7\u00f5es em Concursos: Auditor Fiscal Tribut\u00e1rio Municipal - ISS S\u00e3o Paulo (2024); Auditor Fiscal - Receita Federal do Brasil (2023); Professor Efetivo - Universidade Federal de Sergipe (2014).\",\"url\":\"https:\\\/\\\/www.estrategiaconcursos.com.br\\\/blog\\\/author\\\/fabioprado-ufsgmail-com\\\/\"}]}<\/script>\n<!-- \/ Yoast SEO Premium plugin. -->","yoast_head_json":{"title":"Composi\u00e7\u00e3o do Comit\u00ea Nacional de Fronteiras","description":"O artigo aborda um assunto importante e muito cobrado em provas de concurso: a composi\u00e7\u00e3o do Comit\u00ea Nacional de Fronteiras,","robots":{"index":"index","follow":"follow","max-snippet":"max-snippet:-1","max-image-preview":"max-image-preview:large","max-video-preview":"max-video-preview:-1"},"canonical":"https:\/\/www.estrategiaconcursos.com.br\/blog\/composicao-comite-nacional-fronteiras\/","og_locale":"pt_BR","og_type":"article","og_title":"Composi\u00e7\u00e3o do Comit\u00ea Nacional de Fronteiras","og_description":"O artigo aborda um assunto importante e muito cobrado em provas de concurso: a composi\u00e7\u00e3o do Comit\u00ea Nacional de Fronteiras,","og_url":"https:\/\/www.estrategiaconcursos.com.br\/blog\/composicao-comite-nacional-fronteiras\/","og_site_name":"Estrat\u00e9gia Concursos","article_published_time":"2024-06-27T16:49:46+00:00","article_modified_time":"2024-08-06T19:56:00+00:00","og_image":[{"width":380,"height":380,"url":"https:\/\/dhg1h5j42swfq.cloudfront.net\/2024\/06\/12134451\/image-287.png","type":"image\/png"}],"author":"F\u00e1bio Prado dos Santos Santana","twitter_card":"summary_large_image","twitter_creator":"@EstratConcursos","twitter_site":"@EstratConcursos","twitter_misc":{"Escrito por":"F\u00e1bio Prado dos Santos Santana","Est. tempo de leitura":"5 minutos"},"schema":{"@context":"https:\/\/schema.org","@graph":[{"@type":"NewsArticle","@id":"https:\/\/www.estrategiaconcursos.com.br\/blog\/composicao-comite-nacional-fronteiras\/#article","isPartOf":{"@id":"https:\/\/www.estrategiaconcursos.com.br\/blog\/composicao-comite-nacional-fronteiras\/"},"author":{"name":"F\u00e1bio Prado dos Santos Santana","@id":"https:\/\/blog-estrategia.mystagingwebsite.com\/#\/schema\/person\/b1af3515254fed0a6861d754def3f005"},"headline":"Composi\u00e7\u00e3o do Comit\u00ea Nacional de Fronteiras","datePublished":"2024-06-27T16:49:46+00:00","dateModified":"2024-08-06T19:56:00+00:00","mainEntityOfPage":{"@id":"https:\/\/www.estrategiaconcursos.com.br\/blog\/composicao-comite-nacional-fronteiras\/"},"wordCount":1080,"commentCount":0,"publisher":{"@id":"https:\/\/blog-estrategia.mystagingwebsite.com\/#organization"},"image":{"@id":"https:\/\/www.estrategiaconcursos.com.br\/blog\/composicao-comite-nacional-fronteiras\/#primaryimage"},"thumbnailUrl":"https:\/\/dhg1h5j42swfq.cloudfront.net\/2024\/06\/12134451\/image-287.png","articleSection":["Concursos P\u00fablicos","Fiscal - Federal (RFB e AFT)"],"inLanguage":"pt-BR","potentialAction":[{"@type":"CommentAction","name":"Comment","target":["https:\/\/www.estrategiaconcursos.com.br\/blog\/composicao-comite-nacional-fronteiras\/#respond"]}],"copyrightYear":"2024","copyrightHolder":{"@id":"https:\/\/www.estrategiaconcursos.com.br\/blog\/#organization"}},{"@type":"WebPage","@id":"https:\/\/www.estrategiaconcursos.com.br\/blog\/composicao-comite-nacional-fronteiras\/","url":"https:\/\/www.estrategiaconcursos.com.br\/blog\/composicao-comite-nacional-fronteiras\/","name":"Composi\u00e7\u00e3o do Comit\u00ea Nacional de Fronteiras","isPartOf":{"@id":"https:\/\/blog-estrategia.mystagingwebsite.com\/#website"},"primaryImageOfPage":{"@id":"https:\/\/www.estrategiaconcursos.com.br\/blog\/composicao-comite-nacional-fronteiras\/#primaryimage"},"image":{"@id":"https:\/\/www.estrategiaconcursos.com.br\/blog\/composicao-comite-nacional-fronteiras\/#primaryimage"},"thumbnailUrl":"https:\/\/dhg1h5j42swfq.cloudfront.net\/2024\/06\/12134451\/image-287.png","datePublished":"2024-06-27T16:49:46+00:00","dateModified":"2024-08-06T19:56:00+00:00","description":"O artigo aborda um assunto importante e muito cobrado em provas de concurso: a composi\u00e7\u00e3o do Comit\u00ea Nacional de Fronteiras,","breadcrumb":{"@id":"https:\/\/www.estrategiaconcursos.com.br\/blog\/composicao-comite-nacional-fronteiras\/#breadcrumb"},"inLanguage":"pt-BR","potentialAction":[{"@type":"ReadAction","target":["https:\/\/www.estrategiaconcursos.com.br\/blog\/composicao-comite-nacional-fronteiras\/"]}]},{"@type":"ImageObject","inLanguage":"pt-BR","@id":"https:\/\/www.estrategiaconcursos.com.br\/blog\/composicao-comite-nacional-fronteiras\/#primaryimage","url":"https:\/\/dhg1h5j42swfq.cloudfront.net\/2024\/06\/12134451\/image-287.png","contentUrl":"https:\/\/dhg1h5j42swfq.cloudfront.net\/2024\/06\/12134451\/image-287.png","width":380,"height":380,"caption":"Composi\u00e7\u00e3o do Comit\u00ea Nacional de Fronteiras"},{"@type":"BreadcrumbList","@id":"https:\/\/www.estrategiaconcursos.com.br\/blog\/composicao-comite-nacional-fronteiras\/#breadcrumb","itemListElement":[{"@type":"ListItem","position":1,"name":"In\u00edcio","item":"https:\/\/blog-estrategia.mystagingwebsite.com\/"},{"@type":"ListItem","position":2,"name":"Composi\u00e7\u00e3o do Comit\u00ea Nacional de Fronteiras"}]},{"@type":"WebSite","@id":"https:\/\/blog-estrategia.mystagingwebsite.com\/#website","url":"https:\/\/blog-estrategia.mystagingwebsite.com\/","name":"Estrat\u00e9gia Concursos","description":"O blog da Estrat\u00e9gia Concursos traz not\u00edcias sobre concursos e artigos de professores oferecendo cursos para concursos (pdf + videaulas) no site.","publisher":{"@id":"https:\/\/blog-estrategia.mystagingwebsite.com\/#organization"},"potentialAction":[{"@type":"SearchAction","target":{"@type":"EntryPoint","urlTemplate":"https:\/\/blog-estrategia.mystagingwebsite.com\/?s={search_term_string}"},"query-input":{"@type":"PropertyValueSpecification","valueRequired":true,"valueName":"search_term_string"}}],"inLanguage":"pt-BR"},{"@type":"Organization","@id":"https:\/\/blog-estrategia.mystagingwebsite.com\/#organization","name":"Estrat\u00e9gia Concursos","url":"https:\/\/blog-estrategia.mystagingwebsite.com\/","logo":{"@type":"ImageObject","inLanguage":"pt-BR","@id":"https:\/\/blog-estrategia.mystagingwebsite.com\/#\/schema\/logo\/image\/","url":"https:\/\/dhg1h5j42swfq.cloudfront.net\/2025\/06\/03203428\/logo_concursos-1.jpg","contentUrl":"https:\/\/dhg1h5j42swfq.cloudfront.net\/2025\/06\/03203428\/logo_concursos-1.jpg","width":230,"height":60,"caption":"Estrat\u00e9gia Concursos"},"image":{"@id":"https:\/\/blog-estrategia.mystagingwebsite.com\/#\/schema\/logo\/image\/"},"sameAs":["https:\/\/x.com\/EstratConcursos"]},{"@type":"Person","@id":"https:\/\/blog-estrategia.mystagingwebsite.com\/#\/schema\/person\/b1af3515254fed0a6861d754def3f005","name":"F\u00e1bio Prado dos Santos Santana","image":{"@type":"ImageObject","inLanguage":"pt-BR","@id":"https:\/\/secure.gravatar.com\/avatar\/0e3399436850f804c1d7731313952ccf303887c14b1711595235048e3ec0299b?s=96&d=mm&r=g","url":"https:\/\/secure.gravatar.com\/avatar\/0e3399436850f804c1d7731313952ccf303887c14b1711595235048e3ec0299b?s=96&d=mm&r=g","contentUrl":"https:\/\/secure.gravatar.com\/avatar\/0e3399436850f804c1d7731313952ccf303887c14b1711595235048e3ec0299b?s=96&d=mm&r=g","caption":"F\u00e1bio Prado dos Santos Santana"},"description":"Principais Aprova\u00e7\u00f5es em Concursos: Auditor Fiscal Tribut\u00e1rio Municipal - ISS S\u00e3o Paulo (2024); Auditor Fiscal - Receita Federal do Brasil (2023); Professor Efetivo - Universidade Federal de Sergipe (2014).","url":"https:\/\/www.estrategiaconcursos.com.br\/blog\/author\/fabioprado-ufsgmail-com\/"}]}},"_links":{"self":[{"href":"https:\/\/www.estrategiaconcursos.com.br\/blog\/wp-json\/wp\/v2\/posts\/1414222","targetHints":{"allow":["GET"]}}],"collection":[{"href":"https:\/\/www.estrategiaconcursos.com.br\/blog\/wp-json\/wp\/v2\/posts"}],"about":[{"href":"https:\/\/www.estrategiaconcursos.com.br\/blog\/wp-json\/wp\/v2\/types\/post"}],"author":[{"embeddable":true,"href":"https:\/\/www.estrategiaconcursos.com.br\/blog\/wp-json\/wp\/v2\/users\/2887"}],"replies":[{"embeddable":true,"href":"https:\/\/www.estrategiaconcursos.com.br\/blog\/wp-json\/wp\/v2\/comments?post=1414222"}],"version-history":[{"count":0,"href":"https:\/\/www.estrategiaconcursos.com.br\/blog\/wp-json\/wp\/v2\/posts\/1414222\/revisions"}],"wp:featuredmedia":[{"embeddable":true,"href":"https:\/\/www.estrategiaconcursos.com.br\/blog\/wp-json\/wp\/v2\/media\/1414224"}],"wp:attachment":[{"href":"https:\/\/www.estrategiaconcursos.com.br\/blog\/wp-json\/wp\/v2\/media?parent=1414222"}],"wp:term":[{"taxonomy":"category","embeddable":true,"href":"https:\/\/www.estrategiaconcursos.com.br\/blog\/wp-json\/wp\/v2\/categories?post=1414222"},{"taxonomy":"post_tag","embeddable":true,"href":"https:\/\/www.estrategiaconcursos.com.br\/blog\/wp-json\/wp\/v2\/tags?post=1414222"},{"taxonomy":"tax_estado","embeddable":true,"href":"https:\/\/www.estrategiaconcursos.com.br\/blog\/wp-json\/wp\/v2\/tax_estado?post=1414222"}],"curies":[{"name":"wp","href":"https:\/\/api.w.org\/{rel}","templated":true}]}}