{"id":141310,"date":"2018-09-18T00:31:07","date_gmt":"2018-09-18T03:31:07","guid":{"rendered":"https:\/\/www.estrategiaconcursos.com.br\/blog\/?p=141310"},"modified":"2021-04-23T15:43:29","modified_gmt":"2021-04-23T18:43:29","slug":"realidade-do-df-recursos-consultor-legislativo","status":"publish","type":"post","link":"https:\/\/www.estrategiaconcursos.com.br\/blog\/realidade-do-df-recursos-consultor-legislativo\/","title":{"rendered":"REALIDADE DO DF &#8211; RECURSOS &#8211; CONSULTOR LEGISLATIVO"},"content":{"rendered":"<p style=\"text-align: justify\">Ol\u00e1 pessoal,<\/p>\n<p style=\"text-align: justify\">Cabe recurso nas duas quest\u00f5es de Realidade do Distrito Federal na prova de Consultor Legislativo. Vejamos:<\/p>\n<p>&nbsp;<\/p>\n<p style=\"text-align: justify\"><strong>27)<\/strong> <strong>A \u00fanica figura representativa da literatura do Distrito Federal a ingressar na Academia Brasileira de Letras foi<\/strong><\/p>\n<p style=\"text-align: justify\"><strong>(A) Gilberto Mendon\u00e7a Teles.<\/strong><\/p>\n<p style=\"text-align: justify\"><strong>(B) Jos\u00e9 D\u00e9cio Filho.<\/strong><\/p>\n<p style=\"text-align: justify\"><strong>(C) Jos\u00e9 J. Veiga.<\/strong><\/p>\n<p style=\"text-align: justify\"><strong>(D) Cora Coralina.<\/strong><\/p>\n<p style=\"text-align: justify\"><strong>(E) Bernardo \u00c9lis.<\/strong><\/p>\n<p style=\"text-align: center\"><span style=\"text-decoration: underline\"><strong>COMENT\u00c1RIOS:<\/strong><\/span><\/p>\n<p style=\"text-align: justify\">Das alternativas apresentadas, Bernardo \u00c9lis foi o \u00fanico que j\u00e1 foi membro da Academia Brasileira de Letras (ABL).<\/p>\n<p style=\"text-align: justify\">Segue o link para voc\u00eas fazerem a pr\u00f3pria pesquisa, no site da ABL:<\/p>\n<p style=\"text-align: center\"><a href=\"http:\/\/www.academia.org.br\/academicos\/membros\">http:\/\/www.academia.org.br\/academicos\/membros<\/a><\/p>\n<p style=\"text-align: justify\">Veja as informa\u00e7\u00f5es de Bernardo \u00c9lis, no link abaixo. Ele nasceu em Corumb\u00e1 de Goi\u00e1s (GO). \u00c9, portanto, um goiano.<\/p>\n<p style=\"text-align: center\"><a href=\"http:\/\/www.academia.org.br\/academicos\/bernardo-elis\">http:\/\/www.academia.org.br\/academicos\/bernardo-elis<\/a><\/p>\n<p style=\"text-align: justify\">Se quiserem, podem fazer tamb\u00e9m uma longa pesquisa na internet. Ali\u00e1s, todos os escritores relacionados nas alternativas s\u00e3o de Goi\u00e1s, nenhum nasceu ou teve a sua vida liter\u00e1ria estabelecida no Distrito Federal.<\/p>\n<p style=\"text-align: justify\">Voc\u00ea pode ver no link abaixo, que a vida liter\u00e1ria e profissional de Bernardo \u00c9lis se passou em Goi\u00e1s:<\/p>\n<p style=\"text-align: center\"><a href=\"https:\/\/pt.wikipedia.org\/wiki\/Bernardo_%C3%89lis\">https:\/\/pt.wikipedia.org\/wiki\/Bernardo_%C3%89lis<\/a><\/p>\n<p style=\"text-align: justify\">Se tem um acad\u00eamico que pode ser considerado do DF \u00e9 Jo\u00e3o Almino (cadeira 22), que teve boa parte da sua vida liter\u00e1ria relacionada ao Distrito Federal. N\u00e3o nasceu no DF, \u00e9 potiguar. Ou seja, os candidatos podem argumentar que o comando da quest\u00e3o tamb\u00e9m est\u00e1 errado.<\/p>\n<p style=\"text-align: justify\">Nos links a seguir, vejam informa\u00e7\u00f5es sobre Jo\u00e3o Almino e sobre sua vida liter\u00e1ria e obras que escreveu relacionadas ao Distrito Federal:<\/p>\n<p style=\"text-align: center\"><a href=\"https:\/\/oglobo.globo.com\/cultura\/livros\/diplomata-joao-almino-toma-posse-na-academia-brasileira-de-letras-21644839\">https:\/\/oglobo.globo.com\/cultura\/livros\/diplomata-joao-almino-toma-posse-na-academia-brasileira-de-letras-21644839<\/a><\/p>\n<p style=\"text-align: center\"><a href=\"http:\/\/www.academia.org.br\/academicos\/joao-almino\">http:\/\/www.academia.org.br\/academicos\/joao-almino<\/a><\/p>\n<p style=\"text-align: justify\">Por n\u00e3o ter alternativa correta e pelo comando da quest\u00e3o conter erro, entendo que a alternativa deve ser <strong>ANULADA<\/strong>.<\/p>\n<p>&nbsp;<\/p>\n<p style=\"text-align: justify\"><strong>28) A fim de ter sua biota nativa preservada, a \u00c1rea de Prote\u00e7\u00e3o Ambiental do Lago Parano\u00e1, de acordo com o Decreto n\u00b0 12.055, do Governo do Distrito Federal, de 14 de dezembro de 1989, ficou dividida em duas grandes zonas:<\/strong><\/p>\n<p style=\"text-align: justify\"><strong>(A) Zona da Fauna e Zona da Flora.<\/strong><\/p>\n<p style=\"text-align: justify\"><strong>(B) Zona de Vida Silvestre e Zona Tamp\u00e3o.<\/strong><\/p>\n<p style=\"text-align: justify\"><strong>(C) Zona da Palha e Zona de Jo\u00e3o Grossi.<\/strong><\/p>\n<p style=\"text-align: justify\"><strong>(D) Zona do Bananal e Zona da Canjerana.<\/strong><\/p>\n<p style=\"text-align: justify\"><strong>(E) Zona do tamandu\u00e1 e Zona do Ribeir\u00e3o do Torto.<\/strong><\/p>\n<p style=\"text-align: center\"><span style=\"text-decoration: underline\"><strong>COMENT\u00c1RIOS:<\/strong><\/span><\/p>\n<p style=\"text-align: justify\">As unidades de conserva\u00e7\u00e3o da natureza (UCs) devem ter um plano de manejo, que \u00e9 um documento t\u00e9cnico mediante o qual, com fundamento nos objetivos gerais da UC se estabelece o seu zoneamento e as normas que devem presidir o uso da \u00e1rea e o manejo dos recursos naturais.<\/p>\n<p style=\"text-align: justify\">A pergunta toma como base o&nbsp;Decreto n\u00b0 12.055, do Governo do Distrito Federal, de 14 de dezembro de 1989. Por essa norma, o gabarito seria a letra &#8220;B&#8221;. Vejamos:<\/p>\n<p style=\"text-align: justify\"><em>Art. 4\u00b0 &#8211; Fica estabelecido o zoneamento da APA em Zona de Vida Silvestre e Zona Tamp\u00e3o.<\/em><\/p>\n<p style=\"text-align: justify\">Ocorre que o zoneamento mudou e foi revogado por outro decreto distrital, o de n\u00ba<strong> 33.537, de 14 de fevereiro de 2012<\/strong>, que \u201cDisp\u00f5e sobre o zoneamento ambiental da \u00c1rea de Prote\u00e7\u00e3o Ambiental \u2013 APA do Lago Parano\u00e1\u201d.<\/p>\n<p style=\"text-align: justify\">Vejamos o Art. 2\u00ba:<\/p>\n<p style=\"text-align: justify\"><em>Para os fins deste Decreto fica o territ\u00f3rio da APA do Lago Parano\u00e1 dividido em <strong><u>4 (quatro) zonas<\/u><\/strong>, subdivididas em 9 (nove) subzonas, a seguir estabelecidas e caracterizadas como zonas de manejo de acordo com seus objetivos:<\/em><\/p>\n<p style=\"text-align: justify\">Conforme os incisos I, II, III e IV deste artigo, as quatro zonas s\u00e3o: <strong>Vida Silvestre,&nbsp;Ocupa\u00e7\u00e3o Especial,&nbsp;Ocupa\u00e7\u00e3o Consolidada e&nbsp;Espelho d\u2019\u00c1gua do Lago.<\/strong><\/p>\n<p style=\"text-align: justify\">Pessoal, o zoneamento falado no primeiro decreto \u00e9 o mesmo zoneamento ambiental do segundo decreto. N\u00e3o s\u00e3o coisas diferentes.<\/p>\n<p style=\"text-align: justify\">O artigo 4\u00ba do Decreto n\u00ba 12.055\/1989 foi revogado, pois, o Decreto n\u00ba 33.357\/2012 instituiu um novo zoneamento para a APA. Para n\u00e3o termos d\u00favidas sobre essa revoga\u00e7\u00e3o do art. 4\u00ba&nbsp;do Decreto n\u00ba 12.055\/1989, vejamos o texto do artigo 33 do decreto n\u00ba&nbsp;33.357\/2012:<\/p>\n<p style=\"text-align: justify\"><em>Revogam-se as disposi\u00e7\u00f5es em contr\u00e1rio, em especial os dispositivos do Decreto n\u00ba 12.055, de 14 de dezembro de 1989 e do Decreto n\u00ba 23.156, de 12 de agosto de 2002, que estejam em desacordo com o presente Decreto.<\/em><\/p>\n<p style=\"text-align: justify\">Link do decreto:<\/p>\n<p style=\"text-align: center\"><a href=\"http:\/\/www.sinj.df.gov.br\/sinj\/Norma\/70581\/Decreto_33537_14_02_2012.html\">http:\/\/www.sinj.df.gov.br\/sinj\/Norma\/70581\/Decreto_33537_14_02_2012.html<\/a><\/p>\n<p style=\"text-align: justify\">O examinador cobrou conhecimentos de um dispositivo legal revogado e de um zoneamento que n\u00e3o existe mais. Como n\u00e3o h\u00e1 alternativa correta, entendo que a quest\u00e3o dever\u00e1 ser ANULADA.<\/p>\n<p>&nbsp;<\/p>\n<p style=\"text-align: center\"><strong>*****<\/strong><\/p>\n<p>&nbsp;<\/p>\n<p style=\"text-align: justify\">Pessoal, algu\u00e9m avisa o examinador que Goi\u00e1s e Distrito Federal n\u00e3o s\u00e3o a mesma coisa e para ele n\u00e3o se meter de pato a ganso em legisla\u00e7\u00e3o. Fiquei com a impress\u00e3o de o examinador ser pregui\u00e7oso ou n\u00e3o conhecer o Distrito Federal. Um examinador que n\u00e3o se preocupa em elaborar quest\u00f5es sobre temas relevantes da Realidade do Distrito Federal, de pesquisar, de ler livros e relat\u00f3rios sobre o DF.<\/p>\n<p style=\"text-align: justify\">Inacredit\u00e1vel quem em um concurso t\u00e3o importante como o da C\u00e2mara Legislativa ele colocou as quest\u00f5es acima, que prejudicaram os que estudaram com afinco a nossa disciplina.<\/p>\n<p style=\"text-align: justify\">Por fim, recebi as outras provas, dos outros cargos, no dia de ontem. As quest\u00f5es at\u00e9 j\u00e1 est\u00e3o comentadas. Mas n\u00e3o recebi os gabaritos preliminares. Se me enviarem os gabaritos preliminares, vejo se cabe recursos e posto os artigos.<\/p>\n<p style=\"text-align: justify\">Como pode ser mais de um tipo de prova para cada cargo, enviem novamente a prova e o gabarito, tamb\u00e9m em pdf para o email <a href=\"mailto:leandrosignori@gmail.com\">leandrosignori@gmail.com<\/a><\/p>\n<p style=\"text-align: justify\">Sucesso no concurso!<\/p>\n<p style=\"text-align: justify\">Prof. Leandro Signori<\/p>\n","protected":false},"excerpt":{"rendered":"<p>Ol\u00e1 pessoal, Cabe recurso nas duas quest\u00f5es de Realidade do Distrito Federal na prova de Consultor Legislativo. Vejamos: &nbsp; 27) A \u00fanica figura representativa da literatura do Distrito Federal a ingressar na Academia Brasileira de Letras foi (A) Gilberto Mendon\u00e7a Teles. (B) Jos\u00e9 D\u00e9cio Filho. (C) Jos\u00e9 J. Veiga. (D) Cora Coralina. (E) Bernardo \u00c9lis. [&hellip;]<\/p>\n","protected":false},"author":306,"featured_media":0,"comment_status":"open","ping_status":"closed","sticky":false,"template":"","format":"standard","meta":{"post_tipo":"article","footnotes":""},"categories":[2017],"tags":[549,3756,2902,2903,3884],"tax_estado":[219970],"class_list":["post-141310","post","type-post","status-publish","format-standard","hentry","category-concursos-legislativos","tag-atualidades","tag-leandro-signori","tag-realidade-do-df","tag-realidade-do-distrito-federal","tag-realidade-do-distrito-federal-e-ride","tax_estado-df"],"acf":[],"yoast_head":"<!-- This site is optimized with the Yoast SEO Premium plugin v27.2 (Yoast SEO v27.2) - https:\/\/yoast.com\/product\/yoast-seo-premium-wordpress\/ -->\n<title>REALIDADE DO DF - RECURSOS - CONSULTOR LEGISLATIVO<\/title>\n<meta name=\"robots\" content=\"index, follow, max-snippet:-1, max-image-preview:large, max-video-preview:-1\" \/>\n<link rel=\"canonical\" href=\"https:\/\/www.estrategiaconcursos.com.br\/blog\/realidade-do-df-recursos-consultor-legislativo\/\" \/>\n<meta property=\"og:locale\" content=\"pt_BR\" \/>\n<meta property=\"og:type\" content=\"article\" \/>\n<meta property=\"og:title\" content=\"REALIDADE DO DF - RECURSOS - CONSULTOR LEGISLATIVO\" \/>\n<meta property=\"og:description\" content=\"Ol\u00e1 pessoal, Cabe recurso nas duas quest\u00f5es de Realidade do Distrito Federal na prova de Consultor Legislativo. Vejamos: &nbsp; 27) A \u00fanica figura representativa da literatura do Distrito Federal a ingressar na Academia Brasileira de Letras foi (A) Gilberto Mendon\u00e7a Teles. (B) Jos\u00e9 D\u00e9cio Filho. (C) Jos\u00e9 J. Veiga. (D) Cora Coralina. (E) Bernardo \u00c9lis. [&hellip;]\" \/>\n<meta property=\"og:url\" content=\"https:\/\/www.estrategiaconcursos.com.br\/blog\/realidade-do-df-recursos-consultor-legislativo\/\" \/>\n<meta property=\"og:site_name\" content=\"Estrat\u00e9gia Concursos\" \/>\n<meta property=\"article:author\" content=\"https:\/\/www.facebook.com\/leandrosignoriatualidades\/\" \/>\n<meta property=\"article:published_time\" content=\"2018-09-18T03:31:07+00:00\" \/>\n<meta property=\"article:modified_time\" content=\"2021-04-23T18:43:29+00:00\" \/>\n<meta name=\"author\" content=\"Leandro Signori\" \/>\n<meta name=\"twitter:card\" content=\"summary_large_image\" \/>\n<meta name=\"twitter:creator\" content=\"@EstratConcursos\" \/>\n<meta name=\"twitter:site\" content=\"@EstratConcursos\" \/>\n<meta name=\"twitter:label1\" content=\"Escrito por\" \/>\n\t<meta name=\"twitter:data1\" content=\"Leandro Signori\" \/>\n\t<meta name=\"twitter:label2\" content=\"Est. tempo de leitura\" \/>\n\t<meta name=\"twitter:data2\" content=\"4 minutos\" \/>\n<script type=\"application\/ld+json\" class=\"yoast-schema-graph\">{\"@context\":\"https:\/\/schema.org\",\"@graph\":[{\"@type\":\"NewsArticle\",\"@id\":\"https:\/\/www.estrategiaconcursos.com.br\/blog\/realidade-do-df-recursos-consultor-legislativo\/#article\",\"isPartOf\":{\"@id\":\"https:\/\/www.estrategiaconcursos.com.br\/blog\/realidade-do-df-recursos-consultor-legislativo\/\"},\"author\":{\"name\":\"Leandro Signori\",\"@id\":\"https:\/\/www.estrategiaconcursos.com.br\/blog\/#\/schema\/person\/d2e7d78de4b9d6ba51cc24fd558a7f42\"},\"headline\":\"REALIDADE DO DF &#8211; RECURSOS &#8211; CONSULTOR LEGISLATIVO\",\"datePublished\":\"2018-09-18T03:31:07+00:00\",\"dateModified\":\"2021-04-23T18:43:29+00:00\",\"mainEntityOfPage\":{\"@id\":\"https:\/\/www.estrategiaconcursos.com.br\/blog\/realidade-do-df-recursos-consultor-legislativo\/\"},\"wordCount\":933,\"commentCount\":13,\"publisher\":{\"@id\":\"https:\/\/www.estrategiaconcursos.com.br\/blog\/#organization\"},\"keywords\":[\"Atualidades\",\"Leandro Signori\",\"Realidade do DF\",\"Realidade do Distrito Federal\",\"Realidade do Distrito Federal e RIDE\"],\"articleSection\":[\"Legislativo\"],\"inLanguage\":\"pt-BR\",\"potentialAction\":[{\"@type\":\"CommentAction\",\"name\":\"Comment\",\"target\":[\"https:\/\/www.estrategiaconcursos.com.br\/blog\/realidade-do-df-recursos-consultor-legislativo\/#respond\"]}],\"copyrightYear\":\"2018\",\"copyrightHolder\":{\"@id\":\"https:\/\/www.estrategiaconcursos.com.br\/blog\/#organization\"}},{\"@type\":\"WebPage\",\"@id\":\"https:\/\/www.estrategiaconcursos.com.br\/blog\/realidade-do-df-recursos-consultor-legislativo\/\",\"url\":\"https:\/\/www.estrategiaconcursos.com.br\/blog\/realidade-do-df-recursos-consultor-legislativo\/\",\"name\":\"REALIDADE DO DF - RECURSOS - CONSULTOR LEGISLATIVO\",\"isPartOf\":{\"@id\":\"https:\/\/www.estrategiaconcursos.com.br\/blog\/#website\"},\"datePublished\":\"2018-09-18T03:31:07+00:00\",\"dateModified\":\"2021-04-23T18:43:29+00:00\",\"breadcrumb\":{\"@id\":\"https:\/\/www.estrategiaconcursos.com.br\/blog\/realidade-do-df-recursos-consultor-legislativo\/#breadcrumb\"},\"inLanguage\":\"pt-BR\",\"potentialAction\":[{\"@type\":\"ReadAction\",\"target\":[\"https:\/\/www.estrategiaconcursos.com.br\/blog\/realidade-do-df-recursos-consultor-legislativo\/\"]}]},{\"@type\":\"BreadcrumbList\",\"@id\":\"https:\/\/www.estrategiaconcursos.com.br\/blog\/realidade-do-df-recursos-consultor-legislativo\/#breadcrumb\",\"itemListElement\":[{\"@type\":\"ListItem\",\"position\":1,\"name\":\"In\u00edcio\",\"item\":\"https:\/\/www.estrategiaconcursos.com.br\/blog\/\"},{\"@type\":\"ListItem\",\"position\":2,\"name\":\"REALIDADE DO DF &#8211; RECURSOS &#8211; CONSULTOR LEGISLATIVO\"}]},{\"@type\":\"WebSite\",\"@id\":\"https:\/\/www.estrategiaconcursos.com.br\/blog\/#website\",\"url\":\"https:\/\/www.estrategiaconcursos.com.br\/blog\/\",\"name\":\"Estrat\u00e9gia Concursos\",\"description\":\"O blog da Estrat\u00e9gia Concursos traz not\u00edcias sobre concursos e artigos de professores oferecendo cursos para concursos (pdf + videaulas) no site.\",\"publisher\":{\"@id\":\"https:\/\/www.estrategiaconcursos.com.br\/blog\/#organization\"},\"potentialAction\":[{\"@type\":\"SearchAction\",\"target\":{\"@type\":\"EntryPoint\",\"urlTemplate\":\"https:\/\/www.estrategiaconcursos.com.br\/blog\/?s={search_term_string}\"},\"query-input\":{\"@type\":\"PropertyValueSpecification\",\"valueRequired\":true,\"valueName\":\"search_term_string\"}}],\"inLanguage\":\"pt-BR\"},{\"@type\":\"Organization\",\"@id\":\"https:\/\/www.estrategiaconcursos.com.br\/blog\/#organization\",\"name\":\"Estrat\u00e9gia Concursos\",\"url\":\"https:\/\/www.estrategiaconcursos.com.br\/blog\/\",\"logo\":{\"@type\":\"ImageObject\",\"inLanguage\":\"pt-BR\",\"@id\":\"https:\/\/www.estrategiaconcursos.com.br\/blog\/#\/schema\/logo\/image\/\",\"url\":\"https:\/\/dhg1h5j42swfq.cloudfront.net\/2025\/06\/03203428\/logo_concursos-1.jpg\",\"contentUrl\":\"https:\/\/dhg1h5j42swfq.cloudfront.net\/2025\/06\/03203428\/logo_concursos-1.jpg\",\"width\":230,\"height\":60,\"caption\":\"Estrat\u00e9gia Concursos\"},\"image\":{\"@id\":\"https:\/\/www.estrategiaconcursos.com.br\/blog\/#\/schema\/logo\/image\/\"},\"sameAs\":[\"https:\/\/x.com\/EstratConcursos\"]},{\"@type\":\"Person\",\"@id\":\"https:\/\/www.estrategiaconcursos.com.br\/blog\/#\/schema\/person\/d2e7d78de4b9d6ba51cc24fd558a7f42\",\"name\":\"Leandro Signori\",\"image\":{\"@type\":\"ImageObject\",\"inLanguage\":\"pt-BR\",\"@id\":\"https:\/\/secure.gravatar.com\/avatar\/aa2ef98e93764dcf1758f52d2792d4b3e4089ee25bc520608dde62ad802ae541?s=96&d=mm&r=g\",\"url\":\"https:\/\/secure.gravatar.com\/avatar\/aa2ef98e93764dcf1758f52d2792d4b3e4089ee25bc520608dde62ad802ae541?s=96&d=mm&r=g\",\"contentUrl\":\"https:\/\/secure.gravatar.com\/avatar\/aa2ef98e93764dcf1758f52d2792d4b3e4089ee25bc520608dde62ad802ae541?s=96&d=mm&r=g\",\"caption\":\"Leandro Signori\"},\"description\":\"Licenciado em Geografia pela Universidade Federal do Rio Grande do Sul (UFRGS) e Bacharel em Geografia pela Uniceub (Bras\u00edlia). Como servidor p\u00fablico, foi funcion\u00e1rio da Prefeitura de S\u00e3o Leopoldo (RS), Prefeitura de Porto Alegre (RS), Companhia Riograndense de Saneamento (Corsan) e Minist\u00e9rio da Integra\u00e7\u00e3o Nacional. \u00c9 professor de Geografia para o ensino m\u00e9dio na rede particular de ensino. Leciona as disciplinas de Atualidades, Conhecimentos Gerais, Geografia, Realidade Brasileira e Hist\u00f3ria, em cursos on line e presenciais preparat\u00f3rios para concursos p\u00fablicos.\",\"sameAs\":[\"https:\/\/www.facebook.com\/leandrosignoriatualidades\/\"],\"url\":\"https:\/\/www.estrategiaconcursos.com.br\/blog\/author\/leandroestrategiaconcursos-com-br\/\"}]}<\/script>\n<!-- \/ Yoast SEO Premium plugin. -->","yoast_head_json":{"title":"REALIDADE DO DF - RECURSOS - CONSULTOR LEGISLATIVO","robots":{"index":"index","follow":"follow","max-snippet":"max-snippet:-1","max-image-preview":"max-image-preview:large","max-video-preview":"max-video-preview:-1"},"canonical":"https:\/\/www.estrategiaconcursos.com.br\/blog\/realidade-do-df-recursos-consultor-legislativo\/","og_locale":"pt_BR","og_type":"article","og_title":"REALIDADE DO DF - RECURSOS - CONSULTOR LEGISLATIVO","og_description":"Ol\u00e1 pessoal, Cabe recurso nas duas quest\u00f5es de Realidade do Distrito Federal na prova de Consultor Legislativo. Vejamos: &nbsp; 27) A \u00fanica figura representativa da literatura do Distrito Federal a ingressar na Academia Brasileira de Letras foi (A) Gilberto Mendon\u00e7a Teles. (B) Jos\u00e9 D\u00e9cio Filho. (C) Jos\u00e9 J. Veiga. (D) Cora Coralina. (E) Bernardo \u00c9lis. [&hellip;]","og_url":"https:\/\/www.estrategiaconcursos.com.br\/blog\/realidade-do-df-recursos-consultor-legislativo\/","og_site_name":"Estrat\u00e9gia Concursos","article_author":"https:\/\/www.facebook.com\/leandrosignoriatualidades\/","article_published_time":"2018-09-18T03:31:07+00:00","article_modified_time":"2021-04-23T18:43:29+00:00","author":"Leandro Signori","twitter_card":"summary_large_image","twitter_creator":"@EstratConcursos","twitter_site":"@EstratConcursos","twitter_misc":{"Escrito por":"Leandro Signori","Est. tempo de leitura":"4 minutos"},"schema":{"@context":"https:\/\/schema.org","@graph":[{"@type":"NewsArticle","@id":"https:\/\/www.estrategiaconcursos.com.br\/blog\/realidade-do-df-recursos-consultor-legislativo\/#article","isPartOf":{"@id":"https:\/\/www.estrategiaconcursos.com.br\/blog\/realidade-do-df-recursos-consultor-legislativo\/"},"author":{"name":"Leandro Signori","@id":"https:\/\/www.estrategiaconcursos.com.br\/blog\/#\/schema\/person\/d2e7d78de4b9d6ba51cc24fd558a7f42"},"headline":"REALIDADE DO DF &#8211; RECURSOS &#8211; CONSULTOR LEGISLATIVO","datePublished":"2018-09-18T03:31:07+00:00","dateModified":"2021-04-23T18:43:29+00:00","mainEntityOfPage":{"@id":"https:\/\/www.estrategiaconcursos.com.br\/blog\/realidade-do-df-recursos-consultor-legislativo\/"},"wordCount":933,"commentCount":13,"publisher":{"@id":"https:\/\/www.estrategiaconcursos.com.br\/blog\/#organization"},"keywords":["Atualidades","Leandro Signori","Realidade do DF","Realidade do Distrito Federal","Realidade do Distrito Federal e RIDE"],"articleSection":["Legislativo"],"inLanguage":"pt-BR","potentialAction":[{"@type":"CommentAction","name":"Comment","target":["https:\/\/www.estrategiaconcursos.com.br\/blog\/realidade-do-df-recursos-consultor-legislativo\/#respond"]}],"copyrightYear":"2018","copyrightHolder":{"@id":"https:\/\/www.estrategiaconcursos.com.br\/blog\/#organization"}},{"@type":"WebPage","@id":"https:\/\/www.estrategiaconcursos.com.br\/blog\/realidade-do-df-recursos-consultor-legislativo\/","url":"https:\/\/www.estrategiaconcursos.com.br\/blog\/realidade-do-df-recursos-consultor-legislativo\/","name":"REALIDADE DO DF - RECURSOS - CONSULTOR LEGISLATIVO","isPartOf":{"@id":"https:\/\/www.estrategiaconcursos.com.br\/blog\/#website"},"datePublished":"2018-09-18T03:31:07+00:00","dateModified":"2021-04-23T18:43:29+00:00","breadcrumb":{"@id":"https:\/\/www.estrategiaconcursos.com.br\/blog\/realidade-do-df-recursos-consultor-legislativo\/#breadcrumb"},"inLanguage":"pt-BR","potentialAction":[{"@type":"ReadAction","target":["https:\/\/www.estrategiaconcursos.com.br\/blog\/realidade-do-df-recursos-consultor-legislativo\/"]}]},{"@type":"BreadcrumbList","@id":"https:\/\/www.estrategiaconcursos.com.br\/blog\/realidade-do-df-recursos-consultor-legislativo\/#breadcrumb","itemListElement":[{"@type":"ListItem","position":1,"name":"In\u00edcio","item":"https:\/\/www.estrategiaconcursos.com.br\/blog\/"},{"@type":"ListItem","position":2,"name":"REALIDADE DO DF &#8211; RECURSOS &#8211; CONSULTOR LEGISLATIVO"}]},{"@type":"WebSite","@id":"https:\/\/www.estrategiaconcursos.com.br\/blog\/#website","url":"https:\/\/www.estrategiaconcursos.com.br\/blog\/","name":"Estrat\u00e9gia Concursos","description":"O blog da Estrat\u00e9gia Concursos traz not\u00edcias sobre concursos e artigos de professores oferecendo cursos para concursos (pdf + videaulas) no site.","publisher":{"@id":"https:\/\/www.estrategiaconcursos.com.br\/blog\/#organization"},"potentialAction":[{"@type":"SearchAction","target":{"@type":"EntryPoint","urlTemplate":"https:\/\/www.estrategiaconcursos.com.br\/blog\/?s={search_term_string}"},"query-input":{"@type":"PropertyValueSpecification","valueRequired":true,"valueName":"search_term_string"}}],"inLanguage":"pt-BR"},{"@type":"Organization","@id":"https:\/\/www.estrategiaconcursos.com.br\/blog\/#organization","name":"Estrat\u00e9gia Concursos","url":"https:\/\/www.estrategiaconcursos.com.br\/blog\/","logo":{"@type":"ImageObject","inLanguage":"pt-BR","@id":"https:\/\/www.estrategiaconcursos.com.br\/blog\/#\/schema\/logo\/image\/","url":"https:\/\/dhg1h5j42swfq.cloudfront.net\/2025\/06\/03203428\/logo_concursos-1.jpg","contentUrl":"https:\/\/dhg1h5j42swfq.cloudfront.net\/2025\/06\/03203428\/logo_concursos-1.jpg","width":230,"height":60,"caption":"Estrat\u00e9gia Concursos"},"image":{"@id":"https:\/\/www.estrategiaconcursos.com.br\/blog\/#\/schema\/logo\/image\/"},"sameAs":["https:\/\/x.com\/EstratConcursos"]},{"@type":"Person","@id":"https:\/\/www.estrategiaconcursos.com.br\/blog\/#\/schema\/person\/d2e7d78de4b9d6ba51cc24fd558a7f42","name":"Leandro Signori","image":{"@type":"ImageObject","inLanguage":"pt-BR","@id":"https:\/\/secure.gravatar.com\/avatar\/aa2ef98e93764dcf1758f52d2792d4b3e4089ee25bc520608dde62ad802ae541?s=96&d=mm&r=g","url":"https:\/\/secure.gravatar.com\/avatar\/aa2ef98e93764dcf1758f52d2792d4b3e4089ee25bc520608dde62ad802ae541?s=96&d=mm&r=g","contentUrl":"https:\/\/secure.gravatar.com\/avatar\/aa2ef98e93764dcf1758f52d2792d4b3e4089ee25bc520608dde62ad802ae541?s=96&d=mm&r=g","caption":"Leandro Signori"},"description":"Licenciado em Geografia pela Universidade Federal do Rio Grande do Sul (UFRGS) e Bacharel em Geografia pela Uniceub (Bras\u00edlia). Como servidor p\u00fablico, foi funcion\u00e1rio da Prefeitura de S\u00e3o Leopoldo (RS), Prefeitura de Porto Alegre (RS), Companhia Riograndense de Saneamento (Corsan) e Minist\u00e9rio da Integra\u00e7\u00e3o Nacional. \u00c9 professor de Geografia para o ensino m\u00e9dio na rede particular de ensino. Leciona as disciplinas de Atualidades, Conhecimentos Gerais, Geografia, Realidade Brasileira e Hist\u00f3ria, em cursos on line e presenciais preparat\u00f3rios para concursos p\u00fablicos.","sameAs":["https:\/\/www.facebook.com\/leandrosignoriatualidades\/"],"url":"https:\/\/www.estrategiaconcursos.com.br\/blog\/author\/leandroestrategiaconcursos-com-br\/"}]}},"_links":{"self":[{"href":"https:\/\/www.estrategiaconcursos.com.br\/blog\/wp-json\/wp\/v2\/posts\/141310","targetHints":{"allow":["GET"]}}],"collection":[{"href":"https:\/\/www.estrategiaconcursos.com.br\/blog\/wp-json\/wp\/v2\/posts"}],"about":[{"href":"https:\/\/www.estrategiaconcursos.com.br\/blog\/wp-json\/wp\/v2\/types\/post"}],"author":[{"embeddable":true,"href":"https:\/\/www.estrategiaconcursos.com.br\/blog\/wp-json\/wp\/v2\/users\/306"}],"replies":[{"embeddable":true,"href":"https:\/\/www.estrategiaconcursos.com.br\/blog\/wp-json\/wp\/v2\/comments?post=141310"}],"version-history":[{"count":7,"href":"https:\/\/www.estrategiaconcursos.com.br\/blog\/wp-json\/wp\/v2\/posts\/141310\/revisions"}],"predecessor-version":[{"id":721965,"href":"https:\/\/www.estrategiaconcursos.com.br\/blog\/wp-json\/wp\/v2\/posts\/141310\/revisions\/721965"}],"wp:attachment":[{"href":"https:\/\/www.estrategiaconcursos.com.br\/blog\/wp-json\/wp\/v2\/media?parent=141310"}],"wp:term":[{"taxonomy":"category","embeddable":true,"href":"https:\/\/www.estrategiaconcursos.com.br\/blog\/wp-json\/wp\/v2\/categories?post=141310"},{"taxonomy":"post_tag","embeddable":true,"href":"https:\/\/www.estrategiaconcursos.com.br\/blog\/wp-json\/wp\/v2\/tags?post=141310"},{"taxonomy":"tax_estado","embeddable":true,"href":"https:\/\/www.estrategiaconcursos.com.br\/blog\/wp-json\/wp\/v2\/tax_estado?post=141310"}],"curies":[{"name":"wp","href":"https:\/\/api.w.org\/{rel}","templated":true}]}}