{"id":1413012,"date":"2024-10-21T16:49:00","date_gmt":"2024-10-21T19:49:00","guid":{"rendered":"https:\/\/www.estrategiaconcursos.com.br\/blog\/?p=1413012"},"modified":"2024-10-22T13:37:32","modified_gmt":"2024-10-22T16:37:32","slug":"concurso-prefeitura-sao-jose-do-mantimento","status":"publish","type":"post","link":"https:\/\/www.estrategiaconcursos.com.br\/blog\/concurso-prefeitura-sao-jose-do-mantimento\/","title":{"rendered":"Concurso S\u00e3o Jos\u00e9 do Mantimento: veja os gabaritos!"},"content":{"rendered":"\n<p>Est\u00e3o dispon\u00edveis os <strong>gabaritos preliminares do concurso p\u00fablico da<\/strong> <strong>Prefeitura de S\u00e3o Jos\u00e9 do Mantimento<\/strong>, munic\u00edpio localizado em Minas Gerais.<strong> <\/strong>As provas foram aplicadas no dia 20 de outubro. <\/p>\n\n\n\n<p>De acordo com informa\u00e7\u00f5es da empresa organizadora, o certame registrou 655 <a href=\"https:\/\/dhg1h5j42swfq.cloudfront.net\/2024\/09\/21164606\/2aae19103c3faa7f7d46d5b9e63b1b24.pdf\" target=\"_blank\" rel=\"noreferrer noopener nofollow\">inscritos<\/a> que disputam um total de 115 vagas imediatas mais oito em cadastro de reserva.<\/p>\n\n\n\n<ul class=\"wp-block-list\">\n<li><a href=\"https:\/\/dhg1h5j42swfq.cloudfront.net\/2024\/09\/21164342\/ed2dcdbaa13973d23b7000d549029eb0.pdf\" target=\"_blank\" rel=\"noreferrer noopener nofollow\"><strong>Gabaritos preliminares<\/strong><\/a><\/li>\n<\/ul>\n\n\n\n<p>Vale lembrar que os candidatos que n\u00e3o concordarem com os gabaritos poder\u00e3o para contestar a corre\u00e7\u00e3o das quest\u00f5es. Para isso, \u00e9 necess\u00e1rio enviar os recursos entre os dias 22 e 24 de outbro.<\/p>\n\n\n\n<p>O procedimento deve ser feito por meio de um formul\u00e1rio pr\u00f3prio, e encaminhado atrav\u00e9s do site da banca organizadora, a IMESO. <a href=\"https:\/\/dhg1h5j42swfq.cloudfront.net\/2024\/09\/21164942\/8e700c9ff5c5f550ffcd4abfe1bb5342.docx\" target=\"_blank\" rel=\"noreferrer noopener nofollow\">Acesse o formul\u00e1rio aqui!<\/a><\/p>\n\n\n\n<ul style=\"background-color:#eeefef\" class=\"wp-block-list has-background\">\n<li><strong>Prefeitura Municipal de S\u00e3o Jos\u00e9 do Mantimento<\/strong><\/li>\n\n\n\n<li><strong style=\"color: initial;\">Situa\u00e7\u00e3o:<\/strong><span style=\"color: initial;\">&nbsp;<\/span>gabaritos publicados<\/li>\n\n\n\n<li><strong>Banca:<\/strong>&nbsp;<a href=\"https:\/\/portal.imeso.com.br\/edital\/ver\/97\" target=\"_blank\" rel=\"noreferrer noopener\">IMESO<\/a><\/li>\n\n\n\n<li><strong>Vagas:<\/strong>&nbsp;115 + 8 CR<\/li>\n\n\n\n<li><strong>Sal\u00e1rio inicial:<\/strong>&nbsp;R$ 1.412,00 a R$ 6.210,00<\/li>\n\n\n\n<li><strong>Edital retificado:<\/strong> <a href=\"https:\/\/dhg1h5j42swfq.cloudfront.net\/2024\/08\/12100515\/406504de4b4abcfe6a2a30c75922b023.pdf\" target=\"_blank\" rel=\"noreferrer noopener nofollow\">Edital SJdM<\/a><\/li>\n<\/ul>\n\n\n\n<p>Confira neste artigo mais informa\u00e7\u00f5es sobre o concurso S\u00e3o Jos\u00e9 do Mantimento e os detalhes de seu edital. Acompanhe pelos t\u00f3picos abaixo:<\/p>\n\n\n\n<ul id=\"indice\" class=\"wp-block-list\">\n<li><strong><a href=\"#retificacoes\">Retifica\u00e7\u00f5es<\/a><\/strong><\/li>\n\n\n\n<li><a href=\"#cargos\"><strong>Cargos e vagas<\/strong><\/a>\n<ul class=\"wp-block-list\">\n<li><a href=\"#superior\">Superior<\/a><\/li>\n\n\n\n<li><a href=\"#medio\">M\u00e9dio<\/a><\/li>\n\n\n\n<li><a href=\"#completo\">Fundamental completo<\/a><\/li>\n\n\n\n<li><a href=\"#incompleto\">Fundamental incompleto<\/a><\/li>\n<\/ul>\n<\/li>\n\n\n\n<li><a href=\"#vagas\"><strong>Etapas e vagas<\/strong><\/a>\n<ul class=\"wp-block-list\">\n<li><a href=\"#objetiva\">Prova objetiva<\/a><\/li>\n\n\n\n<li><a href=\"#redacao\">Prova de t\u00edtulos<\/a><\/li>\n<\/ul>\n<\/li>\n\n\n\n<li><a href=\"#cursos-assinatura\"><strong>Assinatura e cursos<\/strong><\/a><\/li>\n\n\n\n<li><a href=\"#ficha-tecnica\"><strong>Ficha t\u00e9cnica<\/strong><\/a><\/li>\n<\/ul>\n\n\n\n<div class=\"container\" id=\"boxes\">\n  <div class=\"row\">\n\n    <div class=\"col-sm\">\n      <div class=\"banner-estrategia\" id=\"box-assinatura\">\n        <h3 class=\"titulo-assinatura\">Cursos para concursos<\/h3>\n        <p class=\"subtitulo-assinatura\">Conhe\u00e7a os cursos<\/p>\n        <div class=\"box-botao\">\n          <a class=\"btn-assinatura\" target=\"_blank\" href=\"https:\/\/www.estrategiaconcursos.com.br\/pesquisa\/?q=prefeitura+sao+jose+do+mantimento\" role=\"button\" rel=\"noopener noreferrer\">Conhe\u00e7a mais<\/a>\n        <\/div>\n      <\/div>\n     \n    <\/div>\n\n  <\/div>\n<\/div>\n\n\n\n<h2 class=\"wp-block-heading\" id=\"retificacoes\">Retifica\u00e7\u00f5es do edital<\/h2>\n\n\n\n<p><strong><a href=\"https:\/\/dhg1h5j42swfq.cloudfront.net\/2024\/08\/12100501\/1-7.pdf\" target=\"_blank\" rel=\"noreferrer noopener nofollow\">Errata 1<\/a><\/strong> (18\/06\/2024)<br \/>Modifica-se o requisito de escolaridade para o cargo de 4. Coordenador do Sistema de Controle Interno.<\/p>\n\n\n\n<p><strong><a href=\"https:\/\/dhg1h5j42swfq.cloudfront.net\/2024\/08\/12100504\/2-10.pdf\" target=\"_blank\" rel=\"noreferrer noopener nofollow\">Errata 2<\/a><\/strong> (16\/07\/2024)<br \/>Modificam-se as sugest\u00f5es bibliogr\u00e1ficas do cargo de Coordenador do Sistema de Controle Interno.<\/p>\n\n\n\n<p><strong><a href=\"https:\/\/dhg1h5j42swfq.cloudfront.net\/2024\/09\/13133307\/errata-3-mantimento-1.pdf\" target=\"_blank\" rel=\"noreferrer noopener nofollow\">Errata 3<\/a><\/strong> (16\/08\/2024)<br \/>Modificam-se as atribui\u00e7\u00f5es para o cargo de Farmac\u00eautico.<\/p>\n\n\n\n<p><strong><a href=\"https:\/\/dhg1h5j42swfq.cloudfront.net\/2024\/09\/20121649\/1517a5ae9217f5a5283f1677df54cb07.pdf\" target=\"_blank\" rel=\"noreferrer noopener nofollow\">Errata 4<\/a><\/strong> (19\/08\/2024)<br \/>Modifica-se o requisito de escolaridade para o cargo de 7. Especialista em Educa\u00e7\u00e3o.<\/p>\n\n\n\n<h2 class=\"wp-block-heading\" id=\"vagas\">Cargos e vagas do concurso S\u00e3o Jos\u00e9 do Mantimento<\/h2>\n\n\n\n<p>O concurso oferece<strong> 115 vagas <\/strong>de in\u00edcio imediato, mas tamb\u00e9m h\u00e1 posi\u00e7\u00f5es que tem cadastro de reserva. Os sal\u00e1rios podem chegar a <strong>R$ 6.210,00<\/strong> para cargos da sa\u00fade, como <strong>M\u00e9dico Cl\u00ednico Geral<\/strong> e <strong>M\u00e9dico Pediatra. <\/strong>As duas oportunidades demandam dedica\u00e7\u00e3o de <strong>20 horas por semana<\/strong>.<\/p>\n\n\n\n<h3 class=\"wp-block-heading\" id=\"superior\">N\u00edvel superior<\/h3>\n\n\n\n<figure class=\"wp-block-table is-style-stripes\"><table class=\"has-fixed-layout\"><thead><tr><th class=\"has-text-align-center\" data-align=\"center\">CARGOS<\/th><th class=\"has-text-align-center\" data-align=\"center\">VAGAS<\/th><th class=\"has-text-align-center\" data-align=\"center\">SAL\u00c1RIO<\/th><\/tr><\/thead><tbody><tr><td class=\"has-text-align-center\" data-align=\"center\">Assistente Social<\/td><td class=\"has-text-align-center\" data-align=\"center\">2<\/td><td class=\"has-text-align-center\" data-align=\"center\">R$2.641,00<\/td><\/tr><tr><td class=\"has-text-align-center\" data-align=\"center\">Contador<\/td><td class=\"has-text-align-center\" data-align=\"center\">1<\/td><td class=\"has-text-align-center\" data-align=\"center\">R$2.641,00<\/td><\/tr><tr><td class=\"has-text-align-center\" data-align=\"center\">Coordenador de Sa\u00fade<\/td><td class=\"has-text-align-center\" data-align=\"center\">1<\/td><td class=\"has-text-align-center\" data-align=\"center\">R$2.641,00<\/td><\/tr><tr><td class=\"has-text-align-center\" data-align=\"center\">Coordenador do Sistema de Controle Interno<\/td><td class=\"has-text-align-center\" data-align=\"center\">1<\/td><td class=\"has-text-align-center\" data-align=\"center\">R$4.071,90<\/td><\/tr><tr><td class=\"has-text-align-center\" data-align=\"center\">Educador F\u00edsico<\/td><td class=\"has-text-align-center\" data-align=\"center\">1<\/td><td class=\"has-text-align-center\" data-align=\"center\">R$2.003,25<\/td><\/tr><tr><td class=\"has-text-align-center\" data-align=\"center\">Enfermeiro<\/td><td class=\"has-text-align-center\" data-align=\"center\">4<\/td><td class=\"has-text-align-center\" data-align=\"center\">R$2.641,00<\/td><\/tr><tr><td class=\"has-text-align-center\" data-align=\"center\">Especialista em Educa\u00e7\u00e3o<\/td><td class=\"has-text-align-center\" data-align=\"center\">1<\/td><td class=\"has-text-align-center\" data-align=\"center\">R$2.032,42<\/td><\/tr><tr><td class=\"has-text-align-center\" data-align=\"center\">Farmac\u00eautico<\/td><td class=\"has-text-align-center\" data-align=\"center\">1<\/td><td class=\"has-text-align-center\" data-align=\"center\">R$1.944,90<\/td><\/tr><tr><td class=\"has-text-align-center\" data-align=\"center\">Fisioterapeuta<\/td><td class=\"has-text-align-center\" data-align=\"center\">2<\/td><td class=\"has-text-align-center\" data-align=\"center\">R$2.003,25<\/td><\/tr><tr><td class=\"has-text-align-center\" data-align=\"center\">M\u00e9dico Cl\u00ednico Geral<\/td><td class=\"has-text-align-center\" data-align=\"center\">1<\/td><td class=\"has-text-align-center\" data-align=\"center\">R$6.210,00<\/td><\/tr><tr><td class=\"has-text-align-center\" data-align=\"center\">M\u00e9dico da Fam\u00edlia<\/td><td class=\"has-text-align-center\" data-align=\"center\">1<\/td><td class=\"has-text-align-center\" data-align=\"center\">R$13.000,00<\/td><\/tr><tr><td class=\"has-text-align-center\" data-align=\"center\">M\u00e9dico Pediatra<\/td><td class=\"has-text-align-center\" data-align=\"center\">1<\/td><td class=\"has-text-align-center\" data-align=\"center\">R$6.210,00<\/td><\/tr><tr><td class=\"has-text-align-center\" data-align=\"center\">M\u00e9dico Plantonista &#8211; Plant\u00e3o 24h<\/td><td class=\"has-text-align-center\" data-align=\"center\">7<\/td><td class=\"has-text-align-center\" data-align=\"center\">R$2.500,00<\/td><\/tr><tr><td class=\"has-text-align-center\" data-align=\"center\">Nutricionista<\/td><td class=\"has-text-align-center\" data-align=\"center\">CR<\/td><td class=\"has-text-align-center\" data-align=\"center\">R$2.641,00<\/td><\/tr><tr><td class=\"has-text-align-center\" data-align=\"center\">Pedagogo<\/td><td class=\"has-text-align-center\" data-align=\"center\">1<\/td><td class=\"has-text-align-center\" data-align=\"center\">R$1.915,75<\/td><\/tr><tr><td class=\"has-text-align-center\" data-align=\"center\">Professor<\/td><td class=\"has-text-align-center\" data-align=\"center\">10<\/td><td class=\"has-text-align-center\" data-align=\"center\">R$2.861,70<\/td><\/tr><tr><td class=\"has-text-align-center\" data-align=\"center\">Professor de Artes<\/td><td class=\"has-text-align-center\" data-align=\"center\">2<\/td><td class=\"has-text-align-center\" data-align=\"center\">R$2.381,28<\/td><\/tr><tr><td class=\"has-text-align-center\" data-align=\"center\">Professor de Educa\u00e7\u00e3o F\u00edsica<\/td><td class=\"has-text-align-center\" data-align=\"center\">2<\/td><td class=\"has-text-align-center\" data-align=\"center\">R$2.861,70<\/td><\/tr><tr><td class=\"has-text-align-center\" data-align=\"center\">Professor de Ingl\u00eas<\/td><td class=\"has-text-align-center\" data-align=\"center\">2<\/td><td class=\"has-text-align-center\" data-align=\"center\">R$2.861,70<\/td><\/tr><tr><td class=\"has-text-align-center\" data-align=\"center\">Professor de M\u00fasica<\/td><td class=\"has-text-align-center\" data-align=\"center\">1<\/td><td class=\"has-text-align-center\" data-align=\"center\">R$2.488,43<\/td><\/tr><tr><td class=\"has-text-align-center\" data-align=\"center\">Psic\u00f3logo<\/td><td class=\"has-text-align-center\" data-align=\"center\">2<\/td><td class=\"has-text-align-center\" data-align=\"center\">R$2.125,25<\/td><\/tr><\/tbody><\/table><figcaption class=\"wp-element-caption\">Vagas e sal\u00e1rios aos cargos de n\u00edvel superior<\/figcaption><\/figure>\n\n\n\n<h3 class=\"wp-block-heading\" id=\"medio\">N\u00edvel m\u00e9dio<\/h3>\n\n\n\n<figure class=\"wp-block-table is-style-stripes\"><table><thead><tr><th class=\"has-text-align-center\" data-align=\"center\">CARGOS<\/th><th class=\"has-text-align-center\" data-align=\"center\">N\u00ba VAGAS<\/th><th class=\"has-text-align-center\" data-align=\"center\">VALOR VENCIMENTO<\/th><\/tr><\/thead><tbody><tr><td class=\"has-text-align-center\" data-align=\"center\">Agente de Vigil\u00e2ncia Sanit\u00e1ria<\/td><td class=\"has-text-align-center\" data-align=\"center\">1<\/td><td class=\"has-text-align-center\" data-align=\"center\">R$1.412,00<\/td><\/tr><tr><td class=\"has-text-align-center\" data-align=\"center\">Assistente Cont\u00e1bil<\/td><td class=\"has-text-align-center\" data-align=\"center\">CR<\/td><td class=\"has-text-align-center\" data-align=\"center\">R$1.581,38<\/td><\/tr><tr><td class=\"has-text-align-center\" data-align=\"center\">Atendente de Sa\u00fade<\/td><td class=\"has-text-align-center\" data-align=\"center\">3<\/td><td class=\"has-text-align-center\" data-align=\"center\">R$1.452,99<\/td><\/tr><tr><td class=\"has-text-align-center\" data-align=\"center\">Auxiliar Administrativo II<\/td><td class=\"has-text-align-center\" data-align=\"center\">3<\/td><td class=\"has-text-align-center\" data-align=\"center\">R$2.641,00<\/td><\/tr><tr><td class=\"has-text-align-center\" data-align=\"center\">Auxiliar de Biblioteca<\/td><td class=\"has-text-align-center\" data-align=\"center\">1<\/td><td class=\"has-text-align-center\" data-align=\"center\">R$1.452,99<\/td><\/tr><tr><td class=\"has-text-align-center\" data-align=\"center\">Monitor de Educa\u00e7\u00e3o Infantil<\/td><td class=\"has-text-align-center\" data-align=\"center\">3<\/td><td class=\"has-text-align-center\" data-align=\"center\">R$1.859,95<\/td><\/tr><tr><td class=\"has-text-align-center\" data-align=\"center\">Secret\u00e1ria Escolar<\/td><td class=\"has-text-align-center\" data-align=\"center\">1<\/td><td class=\"has-text-align-center\" data-align=\"center\">R$2.641,00<\/td><\/tr><tr><td class=\"has-text-align-center\" data-align=\"center\">T\u00e9cnico de Radiologia<\/td><td class=\"has-text-align-center\" data-align=\"center\">CR<\/td><td class=\"has-text-align-center\" data-align=\"center\">R$1.535,32<\/td><\/tr><tr><td class=\"has-text-align-center\" data-align=\"center\">T\u00e9cnico em Enfermagem<\/td><td class=\"has-text-align-center\" data-align=\"center\">4<\/td><td class=\"has-text-align-center\" data-align=\"center\">R$1.535,32<\/td><\/tr><\/tbody><\/table><figcaption class=\"wp-element-caption\">Vagas e sal\u00e1rios aos cargos de n\u00edvel m\u00e9dio<\/figcaption><\/figure>\n\n\n\n<h3 class=\"wp-block-heading\" id=\"completo\">N\u00edvel fundamental completo<\/h3>\n\n\n\n<figure class=\"wp-block-table is-style-stripes\"><table><thead><tr><th class=\"has-text-align-center\" data-align=\"center\">CARGOS<\/th><th class=\"has-text-align-center\" data-align=\"center\">N\u00ba VAGAS<\/th><th class=\"has-text-align-center\" data-align=\"center\">VALOR VENCIMENTO<\/th><\/tr><\/thead><tbody><tr><td class=\"has-text-align-center\" data-align=\"center\">Agente Fiscal<\/td><td class=\"has-text-align-center\" data-align=\"center\">1<\/td><td class=\"has-text-align-center\" data-align=\"center\">R$1.452,99<\/td><\/tr><tr><td class=\"has-text-align-center\" data-align=\"center\">Auxiliar Administrativo I<\/td><td class=\"has-text-align-center\" data-align=\"center\">5<\/td><td class=\"has-text-align-center\" data-align=\"center\">R$1.430,09<\/td><\/tr><tr><td class=\"has-text-align-center\" data-align=\"center\">Eletricista<\/td><td class=\"has-text-align-center\" data-align=\"center\">1<\/td><td class=\"has-text-align-center\" data-align=\"center\">R$1.888,25<\/td><\/tr><tr><td class=\"has-text-align-center\" data-align=\"center\">Motorista \u2013 CNH categoria \u201cD\u201d ou superior<\/td><td class=\"has-text-align-center\" data-align=\"center\">6<\/td><td class=\"has-text-align-center\" data-align=\"center\">R$1.833,26<\/td><\/tr><tr><td class=\"has-text-align-center\" data-align=\"center\">Recepcionista<\/td><td class=\"has-text-align-center\" data-align=\"center\">1<\/td><td class=\"has-text-align-center\" data-align=\"center\">R$1.412,00<\/td><\/tr><\/tbody><\/table><figcaption class=\"wp-element-caption\">Vagas e sal\u00e1rios aos cargos de n\u00edvel fundamental completo<\/figcaption><\/figure>\n\n\n\n<h3 class=\"wp-block-heading\" id=\"incompleto\">N\u00edvel fundamental incompleto<\/h3>\n\n\n\n<figure class=\"wp-block-table is-style-stripes\"><table><thead><tr><th class=\"has-text-align-center\" data-align=\"center\">CARGOS<\/th><th class=\"has-text-align-center\" data-align=\"center\">N\u00ba VAGAS<\/th><th class=\"has-text-align-center\" data-align=\"center\">VALOR VENCIMENTO <\/th><\/tr><\/thead><tbody><tr><td class=\"has-text-align-center\" data-align=\"center\">Almoxarife<\/td><td class=\"has-text-align-center\" data-align=\"center\">CR<\/td><td class=\"has-text-align-center\" data-align=\"center\">R$1.420,00<\/td><\/tr><tr><td class=\"has-text-align-center\" data-align=\"center\">Auxiliar de Obras e Servi\u00e7os P\u00fablicos<\/td><td class=\"has-text-align-center\" data-align=\"center\">10<\/td><td class=\"has-text-align-center\" data-align=\"center\">R$1.412,00<\/td><\/tr><tr><td class=\"has-text-align-center\" data-align=\"center\">Auxiliar de Servi\u00e7os Gerais Escolar<\/td><td class=\"has-text-align-center\" data-align=\"center\">10<\/td><td class=\"has-text-align-center\" data-align=\"center\">R$1.412,00<\/td><\/tr><tr><td class=\"has-text-align-center\" data-align=\"center\">Auxiliar de Servi\u00e7os Gerais Externos<\/td><td class=\"has-text-align-center\" data-align=\"center\">5<\/td><td class=\"has-text-align-center\" data-align=\"center\">R$1.412,00<\/td><\/tr><tr><td class=\"has-text-align-center\" data-align=\"center\">Auxiliar de Servi\u00e7os Gerais Internos<\/td><td class=\"has-text-align-center\" data-align=\"center\">5<\/td><td class=\"has-text-align-center\" data-align=\"center\">R$1.412,00<\/td><\/tr><tr><td class=\"has-text-align-center\" data-align=\"center\">Bombeiro Hidr\u00e1ulico<\/td><td class=\"has-text-align-center\" data-align=\"center\">1<\/td><td class=\"has-text-align-center\" data-align=\"center\">R$1.452,99<\/td><\/tr><tr><td class=\"has-text-align-center\" data-align=\"center\">Encarregado de Cemit\u00e9rio (Coveiro)<\/td><td class=\"has-text-align-center\" data-align=\"center\">CR<\/td><td class=\"has-text-align-center\" data-align=\"center\">R$1.412,00<\/td><\/tr><tr><td class=\"has-text-align-center\" data-align=\"center\">Jardineiro<\/td><td class=\"has-text-align-center\" data-align=\"center\">1<\/td><td class=\"has-text-align-center\" data-align=\"center\">R$1.412,00<\/td><\/tr><tr><td class=\"has-text-align-center\" data-align=\"center\">Mec\u00e2nico Geral<\/td><td class=\"has-text-align-center\" data-align=\"center\">CR<\/td><td class=\"has-text-align-center\" data-align=\"center\">R$3.000,00<\/td><\/tr><tr><td class=\"has-text-align-center\" data-align=\"center\">Operador de M\u00e1quinas Pesadas \u2013 \u2013 CNH categoria \u201cD\u201d ou superior<\/td><td class=\"has-text-align-center\" data-align=\"center\">1<\/td><td class=\"has-text-align-center\" data-align=\"center\">R$2.125,25<\/td><\/tr><tr><td class=\"has-text-align-center\" data-align=\"center\">Pedreiro<\/td><td class=\"has-text-align-center\" data-align=\"center\">7<\/td><td class=\"has-text-align-center\" data-align=\"center\">R$1.833,26<\/td><\/tr><tr><td class=\"has-text-align-center\" data-align=\"center\">Vigia<\/td><td class=\"has-text-align-center\" data-align=\"center\">1<\/td><td class=\"has-text-align-center\" data-align=\"center\">R$1.412,00<\/td><\/tr><\/tbody><\/table><figcaption class=\"wp-element-caption\">Vagas e sal\u00e1rios aos cargos de n\u00edvel fundamental incompleto<\/figcaption><\/figure>\n\n\n\n<h2 class=\"wp-block-heading\" id=\"vagas\">Concurso S\u00e3o Jos\u00e9 do Mantimento: etapas e vagas<\/h2>\n\n\n\n<p>Para esta sele\u00e7\u00e3o, os candidatos tiveram que se preparar para a <strong>prova objetiva<\/strong>, <strong>obrigat\u00f3ria <\/strong>para todos os cargos. Ainda, os interessados nas vagas destinadas ao n\u00edvel superior passar\u00e3o pela <strong>prova de t\u00edtulos<\/strong>.<\/p>\n\n\n\n<h3 class=\"wp-block-heading\" id=\"objetiva\">Prova objetiva<\/h3>\n\n\n\n<p>No formato m\u00faltipla escolha, os candidatos puderam realizar a prova em at\u00e9 <strong>2 horas<\/strong>. Al\u00e9m disso, s\u00f3 foram considerados aprovados os candidatos que acertaram 50% ou mais das quest\u00f5es das provas objetivas.<\/p>\n\n\n\n<ul class=\"wp-block-list\">\n<li><a href=\"https:\/\/dhg1h5j42swfq.cloudfront.net\/2024\/06\/10174709\/etapas-e-vagas_merged.pdf\" target=\"_blank\" rel=\"noreferrer noopener\">Saiba mais sobre os conte\u00fados do concurso S\u00e3o Jos\u00e9 do Mantimento!<\/a><\/li>\n<\/ul>\n\n\n\n<h3 class=\"wp-block-heading\" id=\"titulos\">Provas de t\u00edtulos<\/h3>\n\n\n\n<p>Exclusiva do primeiro edital, os candidatos que n\u00e3o apresentarem algum ou nenhum dos documentos a seguir n\u00e3o ser\u00e3o desclassificados.<\/p>\n\n\n\n<figure class=\"wp-block-image aligncenter size-full\"><img loading=\"lazy\" decoding=\"async\" width=\"889\" height=\"300\" src=\"https:\/\/dhg1h5j42swfq.cloudfront.net\/2024\/06\/10174745\/image-242.png\" alt=\"Tabela de atribui\u00e7\u00e3o de pontos na avalia\u00e7\u00e3o de t\u00edtulos\" class=\"wp-image-1413037\" srcset=\"https:\/\/dhg1h5j42swfq.cloudfront.net\/2024\/06\/10174745\/image-242.png 889w, https:\/\/dhg1h5j42swfq.cloudfront.net\/2024\/06\/10174745\/image-242-300x101.png 300w, https:\/\/dhg1h5j42swfq.cloudfront.net\/2024\/06\/10174745\/image-242-768x259.png 768w, https:\/\/dhg1h5j42swfq.cloudfront.net\/2024\/06\/10174745\/image-242-610x206.png 610w, https:\/\/dhg1h5j42swfq.cloudfront.net\/2024\/06\/10174745\/image-242-150x51.png 150w\" sizes=\"auto, (max-width: 889px) 100vw, 889px\" \/><\/figure>\n\n\n\n<hr class=\"wp-block-separator has-alpha-channel-opacity\"\/>\n\n\n\n<h2 class=\"wp-block-heading has-text-align-center\" id=\"cursos-assinatura\"><em>Quer estudar para o concurso S\u00e3o Jos\u00e9 do Mantimento?<\/em><\/h2>\n\n\n\n<div class=\"container\" id=\"boxes\">\n  <div class=\"row\">\n\n    <div class=\"col-sm\">\n      <div class=\"banner-estrategia\" id=\"box-assinatura\">\n        <h3 class=\"titulo-assinatura\">Cursos para concursos<\/h3>\n        <p class=\"subtitulo-assinatura\">Conhe\u00e7a os cursos<\/p>\n        <div class=\"box-botao\">\n          <a class=\"btn-assinatura\" target=\"_blank\" href=\"https:\/\/www.estrategiaconcursos.com.br\/pesquisa\/?q=prefeitura+sao+jose+do+mantimento\" role=\"button\" rel=\"noopener noreferrer\">Conhe\u00e7a mais<\/a>\n        <\/div>\n      <\/div>\n     \n    <\/div>\n\n  <\/div>\n<\/div>\n\n\n\n<div class=\"container\" id=\"boxes\">\n  <div class=\"row\">\n\n    <div class=\"col-sm\">\n      <div class=\"estrategia\" id=\"box-assinatura\">\n        <h3 class=\"titulo-assinatura\">Assinatura Concursos<\/h3>\n        <p class=\"subtitulo-assinatura\">Assinatura de 1 ano ou 2 anos<\/p>\n        <div class=\"box-botao\">\n          <a class=\"btn-assinatura\" target=\"_blank\" href=\"https:\/\/www.estrategiaconcursos.com.br\/assinaturas\/\" role=\"button\" rel=\"noopener noreferrer\">ASSINE AGORA<\/a>\n        <\/div>\n      <\/div><\/div><\/div><\/div>\n\n\n\n<h2 class=\"wp-block-heading has-text-align-center\" id=\"h-quer-saber-tudo-sobre-concursos-previstos-confira-os-nossos-artigos\">Quer saber tudo sobre concursos previstos?<br \/>Confira os nossos artigos!<\/h2>\n\n\n\n<ul class=\"wp-block-list\">\n<li><a href=\"https:\/\/www.estrategiaconcursos.com.br\/blog\/concursos-abertos\/\" target=\"_blank\" rel=\"noreferrer noopener\">Concursos abertos<\/a><\/li>\n\n\n\n<li><a href=\"https:\/\/www.estrategiaconcursos.com.br\/blog\/concursos-prefeituras\/\">Concursos prefeituras<\/a><\/li>\n\n\n\n<li><a href=\"https:\/\/www.estrategiaconcursos.com.br\/blog\/concursos-2024\/\" target=\"_blank\" rel=\"noreferrer noopener\">Concursos 2024<\/a><\/li>\n\n\n\n<li><a href=\"https:\/\/www.estrategiaconcursos.com.br\/blog\/concursos-2025\/\" target=\"_blank\" rel=\"noreferrer noopener\">Concursos 2025<\/a><\/li>\n<\/ul>\n\n\n\n<figure class=\"wp-block-image is-resized\"><img loading=\"lazy\" decoding=\"async\" width=\"1024\" height=\"632\" src=\"https:\/\/dhg1h5j42swfq.cloudfront.net\/2021\/04\/01161145\/ficha-tecnica-5-1024x632.png\" alt=\"Informa\u00e7\u00f5es do concurso S\u00e3o Jos\u00e9 do Mantimento\" class=\"wp-image-706736\" style=\"width:236px;height:145px\" srcset=\"https:\/\/dhg1h5j42swfq.cloudfront.net\/2021\/04\/01161145\/ficha-tecnica-5-1024x632.png 1024w, https:\/\/dhg1h5j42swfq.cloudfront.net\/2021\/04\/01161145\/ficha-tecnica-5-300x185.png 300w, https:\/\/dhg1h5j42swfq.cloudfront.net\/2021\/04\/01161145\/ficha-tecnica-5-768x474.png 768w, https:\/\/dhg1h5j42swfq.cloudfront.net\/2021\/04\/01161145\/ficha-tecnica-5-1536x948.png 1536w, https:\/\/dhg1h5j42swfq.cloudfront.net\/2021\/04\/01161145\/ficha-tecnica-5-610x377.png 610w, https:\/\/dhg1h5j42swfq.cloudfront.net\/2021\/04\/01161145\/ficha-tecnica-5.png 1571w\" sizes=\"auto, (max-width: 1024px) 100vw, 1024px\" \/><\/figure>\n\n\n\n<h3 class=\"wp-block-heading\" id=\"ficha-tecnica\">Informa\u00e7\u00f5es do concurso S\u00e3o Jos\u00e9 do Mantimento &#8211; MG<\/h3>\n\n\n\n<ul class=\"wp-block-list\">\n<li><strong>Data da prova<\/strong>: <s>20\/10\/2024<\/s><\/li>\n\n\n\n<li><strong>Banca<\/strong>: IMESO<\/li>\n\n\n\n<li><strong>Escolaridade<\/strong>: n\u00edveis fundamental, m\u00e9dio e superior<\/li>\n\n\n\n<li><strong>Vagas:<\/strong> 115 + 8 CR<\/li>\n\n\n\n<li><strong>Cargos<\/strong>: V\u00e1rios<\/li>\n\n\n\n<li><strong>Edital retificado:<\/strong> <a href=\"https:\/\/dhg1h5j42swfq.cloudfront.net\/2024\/08\/12100515\/406504de4b4abcfe6a2a30c75922b023.pdf\" target=\"_blank\" rel=\"noreferrer noopener nofollow\">Edital SJdM<\/a><\/li>\n<\/ul>\n","protected":false},"excerpt":{"rendered":"<p>Est\u00e3o dispon\u00edveis os gabaritos preliminares do concurso p\u00fablico da Prefeitura de S\u00e3o Jos\u00e9 do Mantimento, munic\u00edpio localizado em Minas Gerais. As provas foram aplicadas no dia 20 de outubro. De acordo com informa\u00e7\u00f5es da empresa organizadora, o certame registrou 655 inscritos que disputam um total de 115 vagas imediatas mais oito em cadastro de reserva. [&hellip;]<\/p>\n","protected":false},"author":1,"featured_media":710256,"comment_status":"open","ping_status":"closed","sticky":false,"template":"","format":"standard","meta":{"post_tipo":"news_page","footnotes":""},"categories":[214992],"tags":[],"tax_estado":[219974],"class_list":["post-1413012","post","type-post","status-publish","format-standard","has-post-thumbnail","hentry","category-concursos-administrativos","tax_estado-mg"],"acf":[],"yoast_head":"<!-- This site is optimized with the Yoast SEO Premium plugin v27.2 (Yoast SEO v27.2) - https:\/\/yoast.com\/product\/yoast-seo-premium-wordpress\/ -->\n<title>Concurso S\u00e3o Jos\u00e9 do Mantimento: veja os gabaritos!<\/title>\n<meta name=\"description\" content=\"Concurso Prefeitura de S\u00e3o Jos\u00e9 do Mantimento: provas aplicadas e gabaritos divulgados. Acesse e saiba todos os detalhes aqui!\" \/>\n<meta name=\"robots\" content=\"index, follow, max-snippet:-1, max-image-preview:large, max-video-preview:-1\" \/>\n<link rel=\"canonical\" href=\"https:\/\/www.estrategiaconcursos.com.br\/blog\/concurso-prefeitura-sao-jose-do-mantimento\/\" \/>\n<meta property=\"og:locale\" content=\"pt_BR\" \/>\n<meta property=\"og:type\" content=\"article\" \/>\n<meta property=\"og:title\" content=\"Concurso S\u00e3o Jos\u00e9 do Mantimento: veja os gabaritos!\" \/>\n<meta property=\"og:description\" content=\"Concurso Prefeitura de S\u00e3o Jos\u00e9 do Mantimento: provas aplicadas e gabaritos divulgados. Acesse e saiba todos os detalhes aqui!\" \/>\n<meta property=\"og:url\" content=\"https:\/\/www.estrategiaconcursos.com.br\/blog\/concurso-prefeitura-sao-jose-do-mantimento\/\" \/>\n<meta property=\"og:site_name\" content=\"Estrat\u00e9gia Concursos\" \/>\n<meta property=\"article:author\" content=\"https:\/\/www.facebook.com\/EstrategiaConcursos\" \/>\n<meta property=\"article:published_time\" content=\"2024-10-21T19:49:00+00:00\" \/>\n<meta property=\"article:modified_time\" content=\"2024-10-22T16:37:32+00:00\" \/>\n<meta property=\"og:image\" content=\"https:\/\/dhg1h5j42swfq.cloudfront.net\/2021\/04\/08141822\/concursos-prefeituras.jpg\" \/>\n\t<meta property=\"og:image:width\" content=\"1200\" \/>\n\t<meta property=\"og:image:height\" content=\"628\" \/>\n\t<meta property=\"og:image:type\" content=\"image\/jpeg\" \/>\n<meta name=\"author\" content=\"Coordena\u00e7\u00e3o\" \/>\n<meta name=\"twitter:card\" content=\"summary_large_image\" \/>\n<meta name=\"twitter:creator\" content=\"@EstratConcursos\" \/>\n<meta name=\"twitter:site\" content=\"@EstratConcursos\" \/>\n<meta name=\"twitter:label1\" content=\"Escrito por\" \/>\n\t<meta name=\"twitter:data1\" content=\"Coordena\u00e7\u00e3o\" \/>\n\t<meta name=\"twitter:label2\" content=\"Est. tempo de leitura\" \/>\n\t<meta name=\"twitter:data2\" content=\"4 minutos\" \/>\n<script type=\"application\/ld+json\" class=\"yoast-schema-graph\">{\"@context\":\"https:\/\/schema.org\",\"@graph\":[{\"@type\":\"NewsArticle\",\"@id\":\"https:\/\/www.estrategiaconcursos.com.br\/blog\/concurso-prefeitura-sao-jose-do-mantimento\/#article\",\"isPartOf\":{\"@id\":\"https:\/\/www.estrategiaconcursos.com.br\/blog\/concurso-prefeitura-sao-jose-do-mantimento\/\"},\"author\":{\"name\":\"Coordena\u00e7\u00e3o\",\"@id\":\"https:\/\/www.estrategiaconcursos.com.br\/blog\/#\/schema\/person\/b4a388c97673c5f483d72185668afa1f\"},\"headline\":\"Concurso S\u00e3o Jos\u00e9 do Mantimento: veja os gabaritos!\",\"datePublished\":\"2024-10-21T19:49:00+00:00\",\"dateModified\":\"2024-10-22T16:37:32+00:00\",\"mainEntityOfPage\":{\"@id\":\"https:\/\/www.estrategiaconcursos.com.br\/blog\/concurso-prefeitura-sao-jose-do-mantimento\/\"},\"wordCount\":840,\"commentCount\":0,\"publisher\":{\"@id\":\"https:\/\/www.estrategiaconcursos.com.br\/blog\/#organization\"},\"image\":{\"@id\":\"https:\/\/www.estrategiaconcursos.com.br\/blog\/concurso-prefeitura-sao-jose-do-mantimento\/#primaryimage\"},\"thumbnailUrl\":\"https:\/\/dhg1h5j42swfq.cloudfront.net\/2021\/04\/08141822\/concursos-prefeituras.jpg\",\"articleSection\":[\"Executivo (Administrativa)\"],\"inLanguage\":\"pt-BR\",\"potentialAction\":[{\"@type\":\"CommentAction\",\"name\":\"Comment\",\"target\":[\"https:\/\/www.estrategiaconcursos.com.br\/blog\/concurso-prefeitura-sao-jose-do-mantimento\/#respond\"]}],\"copyrightYear\":\"2024\",\"copyrightHolder\":{\"@id\":\"https:\/\/www.estrategiaconcursos.com.br\/blog\/#organization\"}},{\"@type\":\"WebPage\",\"@id\":\"https:\/\/www.estrategiaconcursos.com.br\/blog\/concurso-prefeitura-sao-jose-do-mantimento\/\",\"url\":\"https:\/\/www.estrategiaconcursos.com.br\/blog\/concurso-prefeitura-sao-jose-do-mantimento\/\",\"name\":\"Concurso S\u00e3o Jos\u00e9 do Mantimento: veja os gabaritos!\",\"isPartOf\":{\"@id\":\"https:\/\/www.estrategiaconcursos.com.br\/blog\/#website\"},\"primaryImageOfPage\":{\"@id\":\"https:\/\/www.estrategiaconcursos.com.br\/blog\/concurso-prefeitura-sao-jose-do-mantimento\/#primaryimage\"},\"image\":{\"@id\":\"https:\/\/www.estrategiaconcursos.com.br\/blog\/concurso-prefeitura-sao-jose-do-mantimento\/#primaryimage\"},\"thumbnailUrl\":\"https:\/\/dhg1h5j42swfq.cloudfront.net\/2021\/04\/08141822\/concursos-prefeituras.jpg\",\"datePublished\":\"2024-10-21T19:49:00+00:00\",\"dateModified\":\"2024-10-22T16:37:32+00:00\",\"description\":\"Concurso Prefeitura de S\u00e3o Jos\u00e9 do Mantimento: provas aplicadas e gabaritos divulgados. Acesse e saiba todos os detalhes aqui!\",\"breadcrumb\":{\"@id\":\"https:\/\/www.estrategiaconcursos.com.br\/blog\/concurso-prefeitura-sao-jose-do-mantimento\/#breadcrumb\"},\"inLanguage\":\"pt-BR\",\"potentialAction\":[{\"@type\":\"ReadAction\",\"target\":[\"https:\/\/www.estrategiaconcursos.com.br\/blog\/concurso-prefeitura-sao-jose-do-mantimento\/\"]}]},{\"@type\":\"ImageObject\",\"inLanguage\":\"pt-BR\",\"@id\":\"https:\/\/www.estrategiaconcursos.com.br\/blog\/concurso-prefeitura-sao-jose-do-mantimento\/#primaryimage\",\"url\":\"https:\/\/dhg1h5j42swfq.cloudfront.net\/2021\/04\/08141822\/concursos-prefeituras.jpg\",\"contentUrl\":\"https:\/\/dhg1h5j42swfq.cloudfront.net\/2021\/04\/08141822\/concursos-prefeituras.jpg\",\"width\":1200,\"height\":628,\"caption\":\"Concurso Alvorada\"},{\"@type\":\"BreadcrumbList\",\"@id\":\"https:\/\/www.estrategiaconcursos.com.br\/blog\/concurso-prefeitura-sao-jose-do-mantimento\/#breadcrumb\",\"itemListElement\":[{\"@type\":\"ListItem\",\"position\":1,\"name\":\"In\u00edcio\",\"item\":\"https:\/\/www.estrategiaconcursos.com.br\/blog\/\"},{\"@type\":\"ListItem\",\"position\":2,\"name\":\"Concurso S\u00e3o Jos\u00e9 do Mantimento: veja os gabaritos!\"}]},{\"@type\":\"WebSite\",\"@id\":\"https:\/\/www.estrategiaconcursos.com.br\/blog\/#website\",\"url\":\"https:\/\/www.estrategiaconcursos.com.br\/blog\/\",\"name\":\"Estrat\u00e9gia Concursos\",\"description\":\"O blog da Estrat\u00e9gia Concursos traz not\u00edcias sobre concursos e artigos de professores oferecendo cursos para concursos (pdf + videaulas) no site.\",\"publisher\":{\"@id\":\"https:\/\/www.estrategiaconcursos.com.br\/blog\/#organization\"},\"potentialAction\":[{\"@type\":\"SearchAction\",\"target\":{\"@type\":\"EntryPoint\",\"urlTemplate\":\"https:\/\/www.estrategiaconcursos.com.br\/blog\/?s={search_term_string}\"},\"query-input\":{\"@type\":\"PropertyValueSpecification\",\"valueRequired\":true,\"valueName\":\"search_term_string\"}}],\"inLanguage\":\"pt-BR\"},{\"@type\":\"Organization\",\"@id\":\"https:\/\/www.estrategiaconcursos.com.br\/blog\/#organization\",\"name\":\"Estrat\u00e9gia Concursos\",\"url\":\"https:\/\/www.estrategiaconcursos.com.br\/blog\/\",\"logo\":{\"@type\":\"ImageObject\",\"inLanguage\":\"pt-BR\",\"@id\":\"https:\/\/www.estrategiaconcursos.com.br\/blog\/#\/schema\/logo\/image\/\",\"url\":\"https:\/\/dhg1h5j42swfq.cloudfront.net\/2025\/06\/03203428\/logo_concursos-1.jpg\",\"contentUrl\":\"https:\/\/dhg1h5j42swfq.cloudfront.net\/2025\/06\/03203428\/logo_concursos-1.jpg\",\"width\":230,\"height\":60,\"caption\":\"Estrat\u00e9gia Concursos\"},\"image\":{\"@id\":\"https:\/\/www.estrategiaconcursos.com.br\/blog\/#\/schema\/logo\/image\/\"},\"sameAs\":[\"https:\/\/x.com\/EstratConcursos\"]},{\"@type\":\"Person\",\"@id\":\"https:\/\/www.estrategiaconcursos.com.br\/blog\/#\/schema\/person\/b4a388c97673c5f483d72185668afa1f\",\"name\":\"Coordena\u00e7\u00e3o\",\"image\":{\"@type\":\"ImageObject\",\"inLanguage\":\"pt-BR\",\"@id\":\"https:\/\/secure.gravatar.com\/avatar\/b720319e4c9a967eb58678d110f4fe35452fc5d5f97b202bac7b8acceb18c6ad?s=96&d=mm&r=g\",\"url\":\"https:\/\/secure.gravatar.com\/avatar\/b720319e4c9a967eb58678d110f4fe35452fc5d5f97b202bac7b8acceb18c6ad?s=96&d=mm&r=g\",\"contentUrl\":\"https:\/\/secure.gravatar.com\/avatar\/b720319e4c9a967eb58678d110f4fe35452fc5d5f97b202bac7b8acceb18c6ad?s=96&d=mm&r=g\",\"caption\":\"Coordena\u00e7\u00e3o\"},\"sameAs\":[\"https:\/\/www.facebook.com\/EstrategiaConcursos\",\"https:\/\/x.com\/EstratConcursos\"],\"url\":\"https:\/\/www.estrategiaconcursos.com.br\/blog\/author\/estrategia2013\/\"}]}<\/script>\n<!-- \/ Yoast SEO Premium plugin. -->","yoast_head_json":{"title":"Concurso S\u00e3o Jos\u00e9 do Mantimento: veja os gabaritos!","description":"Concurso Prefeitura de S\u00e3o Jos\u00e9 do Mantimento: provas aplicadas e gabaritos divulgados. Acesse e saiba todos os detalhes aqui!","robots":{"index":"index","follow":"follow","max-snippet":"max-snippet:-1","max-image-preview":"max-image-preview:large","max-video-preview":"max-video-preview:-1"},"canonical":"https:\/\/www.estrategiaconcursos.com.br\/blog\/concurso-prefeitura-sao-jose-do-mantimento\/","og_locale":"pt_BR","og_type":"article","og_title":"Concurso S\u00e3o Jos\u00e9 do Mantimento: veja os gabaritos!","og_description":"Concurso Prefeitura de S\u00e3o Jos\u00e9 do Mantimento: provas aplicadas e gabaritos divulgados. Acesse e saiba todos os detalhes aqui!","og_url":"https:\/\/www.estrategiaconcursos.com.br\/blog\/concurso-prefeitura-sao-jose-do-mantimento\/","og_site_name":"Estrat\u00e9gia Concursos","article_author":"https:\/\/www.facebook.com\/EstrategiaConcursos","article_published_time":"2024-10-21T19:49:00+00:00","article_modified_time":"2024-10-22T16:37:32+00:00","og_image":[{"width":1200,"height":628,"url":"https:\/\/dhg1h5j42swfq.cloudfront.net\/2021\/04\/08141822\/concursos-prefeituras.jpg","type":"image\/jpeg"}],"author":"Coordena\u00e7\u00e3o","twitter_card":"summary_large_image","twitter_creator":"@EstratConcursos","twitter_site":"@EstratConcursos","twitter_misc":{"Escrito por":"Coordena\u00e7\u00e3o","Est. tempo de leitura":"4 minutos"},"schema":{"@context":"https:\/\/schema.org","@graph":[{"@type":"NewsArticle","@id":"https:\/\/www.estrategiaconcursos.com.br\/blog\/concurso-prefeitura-sao-jose-do-mantimento\/#article","isPartOf":{"@id":"https:\/\/www.estrategiaconcursos.com.br\/blog\/concurso-prefeitura-sao-jose-do-mantimento\/"},"author":{"name":"Coordena\u00e7\u00e3o","@id":"https:\/\/www.estrategiaconcursos.com.br\/blog\/#\/schema\/person\/b4a388c97673c5f483d72185668afa1f"},"headline":"Concurso S\u00e3o Jos\u00e9 do Mantimento: veja os gabaritos!","datePublished":"2024-10-21T19:49:00+00:00","dateModified":"2024-10-22T16:37:32+00:00","mainEntityOfPage":{"@id":"https:\/\/www.estrategiaconcursos.com.br\/blog\/concurso-prefeitura-sao-jose-do-mantimento\/"},"wordCount":840,"commentCount":0,"publisher":{"@id":"https:\/\/www.estrategiaconcursos.com.br\/blog\/#organization"},"image":{"@id":"https:\/\/www.estrategiaconcursos.com.br\/blog\/concurso-prefeitura-sao-jose-do-mantimento\/#primaryimage"},"thumbnailUrl":"https:\/\/dhg1h5j42swfq.cloudfront.net\/2021\/04\/08141822\/concursos-prefeituras.jpg","articleSection":["Executivo (Administrativa)"],"inLanguage":"pt-BR","potentialAction":[{"@type":"CommentAction","name":"Comment","target":["https:\/\/www.estrategiaconcursos.com.br\/blog\/concurso-prefeitura-sao-jose-do-mantimento\/#respond"]}],"copyrightYear":"2024","copyrightHolder":{"@id":"https:\/\/www.estrategiaconcursos.com.br\/blog\/#organization"}},{"@type":"WebPage","@id":"https:\/\/www.estrategiaconcursos.com.br\/blog\/concurso-prefeitura-sao-jose-do-mantimento\/","url":"https:\/\/www.estrategiaconcursos.com.br\/blog\/concurso-prefeitura-sao-jose-do-mantimento\/","name":"Concurso S\u00e3o Jos\u00e9 do Mantimento: veja os gabaritos!","isPartOf":{"@id":"https:\/\/www.estrategiaconcursos.com.br\/blog\/#website"},"primaryImageOfPage":{"@id":"https:\/\/www.estrategiaconcursos.com.br\/blog\/concurso-prefeitura-sao-jose-do-mantimento\/#primaryimage"},"image":{"@id":"https:\/\/www.estrategiaconcursos.com.br\/blog\/concurso-prefeitura-sao-jose-do-mantimento\/#primaryimage"},"thumbnailUrl":"https:\/\/dhg1h5j42swfq.cloudfront.net\/2021\/04\/08141822\/concursos-prefeituras.jpg","datePublished":"2024-10-21T19:49:00+00:00","dateModified":"2024-10-22T16:37:32+00:00","description":"Concurso Prefeitura de S\u00e3o Jos\u00e9 do Mantimento: provas aplicadas e gabaritos divulgados. Acesse e saiba todos os detalhes aqui!","breadcrumb":{"@id":"https:\/\/www.estrategiaconcursos.com.br\/blog\/concurso-prefeitura-sao-jose-do-mantimento\/#breadcrumb"},"inLanguage":"pt-BR","potentialAction":[{"@type":"ReadAction","target":["https:\/\/www.estrategiaconcursos.com.br\/blog\/concurso-prefeitura-sao-jose-do-mantimento\/"]}]},{"@type":"ImageObject","inLanguage":"pt-BR","@id":"https:\/\/www.estrategiaconcursos.com.br\/blog\/concurso-prefeitura-sao-jose-do-mantimento\/#primaryimage","url":"https:\/\/dhg1h5j42swfq.cloudfront.net\/2021\/04\/08141822\/concursos-prefeituras.jpg","contentUrl":"https:\/\/dhg1h5j42swfq.cloudfront.net\/2021\/04\/08141822\/concursos-prefeituras.jpg","width":1200,"height":628,"caption":"Concurso Alvorada"},{"@type":"BreadcrumbList","@id":"https:\/\/www.estrategiaconcursos.com.br\/blog\/concurso-prefeitura-sao-jose-do-mantimento\/#breadcrumb","itemListElement":[{"@type":"ListItem","position":1,"name":"In\u00edcio","item":"https:\/\/www.estrategiaconcursos.com.br\/blog\/"},{"@type":"ListItem","position":2,"name":"Concurso S\u00e3o Jos\u00e9 do Mantimento: veja os gabaritos!"}]},{"@type":"WebSite","@id":"https:\/\/www.estrategiaconcursos.com.br\/blog\/#website","url":"https:\/\/www.estrategiaconcursos.com.br\/blog\/","name":"Estrat\u00e9gia Concursos","description":"O blog da Estrat\u00e9gia Concursos traz not\u00edcias sobre concursos e artigos de professores oferecendo cursos para concursos (pdf + videaulas) no site.","publisher":{"@id":"https:\/\/www.estrategiaconcursos.com.br\/blog\/#organization"},"potentialAction":[{"@type":"SearchAction","target":{"@type":"EntryPoint","urlTemplate":"https:\/\/www.estrategiaconcursos.com.br\/blog\/?s={search_term_string}"},"query-input":{"@type":"PropertyValueSpecification","valueRequired":true,"valueName":"search_term_string"}}],"inLanguage":"pt-BR"},{"@type":"Organization","@id":"https:\/\/www.estrategiaconcursos.com.br\/blog\/#organization","name":"Estrat\u00e9gia Concursos","url":"https:\/\/www.estrategiaconcursos.com.br\/blog\/","logo":{"@type":"ImageObject","inLanguage":"pt-BR","@id":"https:\/\/www.estrategiaconcursos.com.br\/blog\/#\/schema\/logo\/image\/","url":"https:\/\/dhg1h5j42swfq.cloudfront.net\/2025\/06\/03203428\/logo_concursos-1.jpg","contentUrl":"https:\/\/dhg1h5j42swfq.cloudfront.net\/2025\/06\/03203428\/logo_concursos-1.jpg","width":230,"height":60,"caption":"Estrat\u00e9gia Concursos"},"image":{"@id":"https:\/\/www.estrategiaconcursos.com.br\/blog\/#\/schema\/logo\/image\/"},"sameAs":["https:\/\/x.com\/EstratConcursos"]},{"@type":"Person","@id":"https:\/\/www.estrategiaconcursos.com.br\/blog\/#\/schema\/person\/b4a388c97673c5f483d72185668afa1f","name":"Coordena\u00e7\u00e3o","image":{"@type":"ImageObject","inLanguage":"pt-BR","@id":"https:\/\/secure.gravatar.com\/avatar\/b720319e4c9a967eb58678d110f4fe35452fc5d5f97b202bac7b8acceb18c6ad?s=96&d=mm&r=g","url":"https:\/\/secure.gravatar.com\/avatar\/b720319e4c9a967eb58678d110f4fe35452fc5d5f97b202bac7b8acceb18c6ad?s=96&d=mm&r=g","contentUrl":"https:\/\/secure.gravatar.com\/avatar\/b720319e4c9a967eb58678d110f4fe35452fc5d5f97b202bac7b8acceb18c6ad?s=96&d=mm&r=g","caption":"Coordena\u00e7\u00e3o"},"sameAs":["https:\/\/www.facebook.com\/EstrategiaConcursos","https:\/\/x.com\/EstratConcursos"],"url":"https:\/\/www.estrategiaconcursos.com.br\/blog\/author\/estrategia2013\/"}]}},"_links":{"self":[{"href":"https:\/\/www.estrategiaconcursos.com.br\/blog\/wp-json\/wp\/v2\/posts\/1413012","targetHints":{"allow":["GET"]}}],"collection":[{"href":"https:\/\/www.estrategiaconcursos.com.br\/blog\/wp-json\/wp\/v2\/posts"}],"about":[{"href":"https:\/\/www.estrategiaconcursos.com.br\/blog\/wp-json\/wp\/v2\/types\/post"}],"author":[{"embeddable":true,"href":"https:\/\/www.estrategiaconcursos.com.br\/blog\/wp-json\/wp\/v2\/users\/1"}],"replies":[{"embeddable":true,"href":"https:\/\/www.estrategiaconcursos.com.br\/blog\/wp-json\/wp\/v2\/comments?post=1413012"}],"version-history":[{"count":16,"href":"https:\/\/www.estrategiaconcursos.com.br\/blog\/wp-json\/wp\/v2\/posts\/1413012\/revisions"}],"predecessor-version":[{"id":1480130,"href":"https:\/\/www.estrategiaconcursos.com.br\/blog\/wp-json\/wp\/v2\/posts\/1413012\/revisions\/1480130"}],"wp:featuredmedia":[{"embeddable":true,"href":"https:\/\/www.estrategiaconcursos.com.br\/blog\/wp-json\/wp\/v2\/media\/710256"}],"wp:attachment":[{"href":"https:\/\/www.estrategiaconcursos.com.br\/blog\/wp-json\/wp\/v2\/media?parent=1413012"}],"wp:term":[{"taxonomy":"category","embeddable":true,"href":"https:\/\/www.estrategiaconcursos.com.br\/blog\/wp-json\/wp\/v2\/categories?post=1413012"},{"taxonomy":"post_tag","embeddable":true,"href":"https:\/\/www.estrategiaconcursos.com.br\/blog\/wp-json\/wp\/v2\/tags?post=1413012"},{"taxonomy":"tax_estado","embeddable":true,"href":"https:\/\/www.estrategiaconcursos.com.br\/blog\/wp-json\/wp\/v2\/tax_estado?post=1413012"}],"curies":[{"name":"wp","href":"https:\/\/api.w.org\/{rel}","templated":true}]}}