{"id":1412246,"date":"2024-07-04T11:00:00","date_gmt":"2024-07-04T14:00:00","guid":{"rendered":"https:\/\/www.estrategiaconcursos.com.br\/blog\/?p=1412246"},"modified":"2024-07-04T12:32:27","modified_gmt":"2024-07-04T15:32:27","slug":"mensuracao-ativos-iss-mossoro","status":"publish","type":"post","link":"https:\/\/www.estrategiaconcursos.com.br\/blog\/mensuracao-ativos-iss-mossoro\/","title":{"rendered":"Mensura\u00e7\u00e3o de ativos para o ISS Mossor\u00f3"},"content":{"rendered":"\n<p>Fala, pessoal! Como est\u00e3o? Viemos abordar neste artigo a mensura\u00e7\u00e3o de ativos para o ISS Mossor\u00f3. Com a proximidade da realiza\u00e7\u00e3o das provas(28 de julho de 2024), optamos por tratar deste tema que est\u00e1 expresso no <a href=\"https:\/\/cdn.cebraspe.org.br\/concursos\/PREF_MOSSORO_RN_24\/arquivos\/ED_1_2024_PREF_MOSSOR_RN_ABERTURA.PDF\">edital para o cargo de auditor fiscal<\/a>.<\/p>\n\n\n<figure class=\"wp-block-post-featured-image\"><img loading=\"lazy\" decoding=\"async\" width=\"692\" height=\"77\" src=\"https:\/\/dhg1h5j42swfq.cloudfront.net\/2024\/06\/15144618\/mensuracao-de-ativos-para-o-iss-mossoro.jpg\" class=\"attachment-post-thumbnail size-post-thumbnail wp-post-image\" alt=\"Mensura\u00e7\u00e3o de ativos para o ISS Mossor\u00f3\" style=\"object-fit:cover;\" srcset=\"https:\/\/dhg1h5j42swfq.cloudfront.net\/2024\/06\/15144618\/mensuracao-de-ativos-para-o-iss-mossoro.jpg 692w, https:\/\/dhg1h5j42swfq.cloudfront.net\/2024\/06\/15144618\/mensuracao-de-ativos-para-o-iss-mossoro-300x33.jpg 300w, https:\/\/dhg1h5j42swfq.cloudfront.net\/2024\/06\/15144618\/mensuracao-de-ativos-para-o-iss-mossoro-610x68.jpg 610w, https:\/\/dhg1h5j42swfq.cloudfront.net\/2024\/06\/15144618\/mensuracao-de-ativos-para-o-iss-mossoro-150x17.jpg 150w\" sizes=\"auto, (max-width: 692px) 100vw, 692px\" \/><\/figure>\n\n\n<h2 class=\"wp-block-heading\" id=\"h-formas-de-mensuracao-de-ativos\">Formas de Mensura\u00e7\u00e3o de ativos<\/h2>\n\n\n\n<p>Nobres, de in\u00edcio \u00e9 importante pontuar que h\u00e1 algumas diferen\u00e7as entre a mensura\u00e7\u00e3o de ativos na contabilidade geral e na contabilidade p\u00fablica. Isso se deve ao fato de que no ambiente p\u00fablico busca-se outras finalidades, que n\u00e3o o lucro, tais como: continuidade do servi\u00e7o p\u00fablico, custo social etc.<em><strong> Neste artigo falaremos sobre a mensura\u00e7\u00e3o de ativos no \u00e2mbito da contabilidade p\u00fablica<\/strong><\/em>. Ent\u00e3o, fiquem atentos na prova ao comando da quest\u00e3o.<\/p>\n\n\n\n<h3 class=\"wp-block-heading\" id=\"h-conceitos-inicias\">Conceitos inicias<\/h3>\n\n\n\n<p>Primeiramente, para nos aprofundarmos sobre as formas de mensura\u00e7\u00e3o de ativos para o ISS Mossor\u00f3, vamos conceituar o que \u00e9 &#8220;mensura\u00e7\u00e3o&#8221; nos termos do Manual de Contabilidade aplicada ao Setor P\u00fablico(MCASP) &#8211; 10\u00aa edi\u00e7\u00e3o:<\/p>\n\n\n\n<blockquote class=\"wp-block-quote is-layout-flow wp-block-quote-is-layout-flow\">\n<p><\/p>\n<cite>Mensura\u00e7\u00e3o \u00e9 a constata\u00e7\u00e3o de valor monet\u00e1rio para itens do ativo e do passivo decorrente da aplica\u00e7\u00e3o de procedimentos t\u00e9cnicos suportados em an\u00e1lises qualitativas e quantitativas.<\/cite><\/blockquote>\n\n\n\n<p>Ainda no \u00e2mbito de conceitos inicias, trazemos duas defini\u00e7\u00f5es importantes e sempre cobradas em provas. <\/p>\n\n\n\n<p>A primeira diz respeito ao conceito de valor recuper\u00e1vel. Na contabilidade p\u00fablica ele \u00e9 assim conceituado:<\/p>\n\n\n\n<blockquote class=\"wp-block-quote is-layout-flow wp-block-quote-is-layout-flow\">\n<p><\/p>\n<cite>Redu\u00e7\u00e3o ao valor recuper\u00e1vel \u00e9 a perda de benef\u00edcios econ\u00f4micos futuros ou potencial de servi\u00e7os de ativo superior ao reconhecimento sistem\u00e1tico da redu\u00e7\u00e3o dos benef\u00edcios econ\u00f4micos futuros ou potencial de servi\u00e7os do ativo devido \u00e0 deprecia\u00e7\u00e3o. A redu\u00e7\u00e3o ao valor recuper\u00e1vel reflete, portanto, o decl\u00ednio na utilidade do ativo para a entidade que o controla.<\/cite><\/blockquote>\n\n\n\n<p>No caso acima, em regra, a entidade compara o valor cont\u00e1bil com o valor recuper\u00e1vel(que \u00e9 o maior entre o valor justo l\u00edquido das despesas de vendas e o valor em uso). Caso um desses dois \u00faltimos valores seja maior do que o valor cont\u00e1bil l\u00edquido, temos uma perda a reconhecer e portanto, temos uma redu\u00e7\u00e3o ao valor recuper\u00e1vel.<\/p>\n\n\n\n<p><em>Obs. Valor cont\u00e1bil liquido \u00e9 o valor de aquisi\u00e7\u00e3o do bem menos a deprecia\u00e7\u00e3o, amortiza\u00e7\u00e3o ou exaust\u00e3o.<\/em><\/p>\n\n\n\n<p>Um segundo conceito muito importante \u00e9 o de valor justo ou<em> (fair value)<\/em>. Ainda de acordo com o MCASP, valor justo \u00e9:<\/p>\n\n\n\n<blockquote class=\"wp-block-quote is-layout-flow wp-block-quote-is-layout-flow\">\n<p><\/p>\n<cite>O valor pelo qual um ativo pode ser intercambiado ou um passivo pode ser liquidado entre partes interessadas que atuam <strong><mark style=\"background-color:rgba(0, 0, 0, 0)\" class=\"has-inline-color has-vivid-red-color\">em condi\u00e7\u00f5es independentes e isentas ou conhecedoras do mercado.<\/mark><\/strong><\/cite><\/blockquote>\n\n\n\n<h2 class=\"wp-block-heading\" id=\"h-mensuracao-dos-principais-componentes-do-ativo\">Mensura\u00e7\u00e3o de ativos: Principais componentes<\/h2>\n\n\n\n<p>Os principais componentes do ativo s\u00e3o: disponibilidades, estoques, imobilizado e intang\u00edvel. A seguir, abordaremos em detalhes como mensurar cada um deles.<\/p>\n\n\n\n<h3 class=\"wp-block-heading\" id=\"h-mensuracao-das-disponibilidades\">Mensura\u00e7\u00e3o das disponibilidades<\/h3>\n\n\n\n<p>Inicialmente, pessoal, as disponibilidades s\u00e3o os recursos em caixa ou em banco bem como os instrumentos financeiros de liquidez imediatas, que s\u00e3o aqueles que apresentam alta liquidez no mercado e s\u00e3o rapidamente negoci\u00e1veis em at\u00e9 90 dias.<\/p>\n\n\n\n<p>Nos termos do MCASP:<\/p>\n\n\n\n<blockquote class=\"wp-block-quote is-layout-flow wp-block-quote-is-layout-flow\">\n<p><\/p>\n<cite><strong>As disponibilidades<\/strong> s\u00e3o mensuradas ou avaliadas pelo valor original,<mark style=\"background-color:rgba(0, 0, 0, 0)\" class=\"has-inline-color has-luminous-vivid-orange-color\"> feita a convers\u00e3o, quando em moeda estrangeira, \u00e0 taxa de c\u00e2mbio vigente na data das demonstra\u00e7\u00f5es cont\u00e1beis.<\/mark><br \/><strong><mark style=\"background-color:rgba(0, 0, 0, 0)\" class=\"has-inline-color has-vivid-red-color\">As aplica\u00e7\u00f5es financeiras de liquidez imediata<\/mark><\/strong> s\u00e3o mensuradas ou avaliadas pelo <strong><mark style=\"background-color:rgba(0, 0, 0, 0)\" class=\"has-inline-color has-vivid-red-color\">valor justo<\/mark><\/strong>, atualizadas at\u00e9 a data das demonstra\u00e7\u00f5es cont\u00e1beis.<br \/>As atualiza\u00e7\u00f5es apuradas s\u00e3o contabilizadas em contas de resultado<\/cite><\/blockquote>\n\n\n\n<p>Frisamos que atualiza\u00e7\u00f5es de valor(ex. mudan\u00e7a de c\u00e2mbio favor\u00e1vel) geram receitas na demonstra\u00e7\u00e3o do resultado do exerc\u00edcio. No caso da contabilidade p\u00fablica, este resultado ir\u00e1 aparecer na DVP(Demonstra\u00e7\u00e3o das Varia\u00e7\u00f5es Patrimoniais) que evidenciar\u00e1 as altera\u00e7\u00f5es verificadas no patrim\u00f4nio, resultantes ou independentes da execu\u00e7\u00e3o or\u00e7ament\u00e1ria, e indicar\u00e1 o resultado patrimonial do exerc\u00edcio.<\/p>\n\n\n\n<h3 class=\"wp-block-heading\" id=\"h-mensuracao-dos-estoques\">Mensura\u00e7\u00e3o dos estoques<\/h3>\n\n\n\n<p>No meio p\u00fablico, \u00e9 importante citar o que seriam estoques. S\u00e3o, por exemplo:<\/p>\n\n\n\n<ul class=\"wp-block-list\">\n<li>Muni\u00e7\u00e3o;<\/li>\n\n\n\n<li>Estoque de material de consumo;<\/li>\n\n\n\n<li>Material de manuten\u00e7\u00e3o e expediente;<\/li>\n\n\n\n<li>Pe\u00e7as de reposi\u00e7\u00e3o para instala\u00e7\u00f5es industriais e equipamentos, exceto aquelas tratadas pelas normas de ativos imobilizados;<\/li>\n\n\n\n<li>Estoques estrat\u00e9gicos (por exemplo, reservas de energia);<\/li>\n\n\n\n<li>Estoques de moeda n\u00e3o emitida;<\/li>\n\n\n\n<li>Materiais de servi\u00e7o postal mantidos para venda (por exemplo, selos).<\/li>\n<\/ul>\n\n\n\n<p>As formas de mensura\u00e7\u00e3o dos estoques s\u00e3o:<\/p>\n\n\n\n<blockquote class=\"wp-block-quote is-layout-flow wp-block-quote-is-layout-flow\">\n<p><\/p>\n<cite><strong>Custo hist\u00f3rico<\/strong><br \/>A quantia fornecida para se adquirir ou desenvolver um ativo, o qual <strong><mark style=\"background-color:rgba(0, 0, 0, 0)\" class=\"has-inline-color has-vivid-green-cyan-color\">corresponde ao caixa ou equivalentes de caixa<\/mark> <\/strong>ou o valor de outra quantia fornecida \u00e0 \u00e9poca de sua aquisi\u00e7\u00e3o ou desenvolvimento.<br \/>O termo \u201ccusto hist\u00f3rico\u201d tamb\u00e9m pode ser apresentado como \u201cmodelo de custo\u201d ou, genericamente, como \u201cmensura\u00e7\u00e3o baseada em custos\u201d.<br \/><strong>Custo corrente de reposi\u00e7\u00e3o<\/strong><br \/>\u00c9 o custo que a entidade incorreria para <strong><mark style=\"background-color:rgba(0, 0, 0, 0)\" class=\"has-inline-color has-luminous-vivid-amber-color\">adquirir o mesmo ativo<\/mark><\/strong> na data da demonstra\u00e7\u00e3o cont\u00e1bil. <br \/><strong>Valor realiz\u00e1vel l\u00edquido<\/strong><br \/>\u00c9 o pre\u00e7o estimado de venda<strong><mark style=\"background-color:rgba(0, 0, 0, 0)\" class=\"has-inline-color has-vivid-purple-color\"> no curso normal das opera\u00e7\u00f5es, menos os custos estimados para a conclus\u00e3o e os custos estimados de venda<\/mark><\/strong>, troca ou distribui\u00e7\u00e3o.<\/cite><\/blockquote>\n\n\n\n<h3 class=\"wp-block-heading\" id=\"h-mensuracao-do-imobilizado\">Mensura\u00e7\u00e3o do imobilizado<\/h3>\n\n\n\n<p>Por oportuno, imobilizado conceitua-se como: <\/p>\n\n\n\n<p><strong><mark style=\"background-color:rgba(0, 0, 0, 0)\" class=\"has-inline-color has-vivid-cyan-blue-color\">Ativo Imobilizado<\/mark><\/strong><br \/>Item tang\u00edvel(bens m\u00f3veis ou im\u00f3veis) para o uso na produ\u00e7\u00e3o ou fornecimento de bens ou servi\u00e7os, ou para fins administrativos, inclusive os decorrentes de opera\u00e7\u00f5es que transfiram para a entidade os benef\u00edcios, riscos e controle desses bens, <strong>cuja utiliza\u00e7\u00e3o se dar\u00e1 por mais de um per\u00edodo<\/strong>.<\/p>\n\n\n\n<p>Dessa forma, no reconhecimento inicial, ou seja, quando da aquisi\u00e7\u00e3o ou at\u00e9 mesmo constru\u00e7\u00e3o pr\u00f3pria(ex. constru\u00e7\u00e3o de uma escola pela prefeitura), o imobilizado pode ser mensurado por:<\/p>\n\n\n\n<blockquote class=\"wp-block-quote is-layout-flow wp-block-quote-is-layout-flow\">\n<p><\/p>\n<cite>a. <strong><mark style=\"background-color:rgba(0, 0, 0, 0)\" class=\"has-inline-color has-vivid-red-color\">A do pre\u00e7o \u00e0 vista<\/mark><\/strong>; ou<br \/>b. O valor justo na data do reconhecimento, quando um ativo \u00e9 adquirido por meio de uma transa\u00e7\u00e3o sem contrapresta\u00e7\u00e3o.<\/cite><\/blockquote>\n\n\n\n<p>Pessoal, muita aten\u00e7\u00e3o aqui!! O imobilizado \u00e9 reconhecido pelo pre\u00e7o <strong><em>\u00e0 vista<\/em><\/strong>. Tenham cuidado, pois o examinador vai tentar confundir sua cabe\u00e7a informando juros da opera\u00e7\u00e3o, n\u00ba de parcelas etc. Vejamos esse exemplo tirado do pr\u00f3prio MCASP:<br \/><\/p>\n\n\n\n<figure class=\"wp-block-image size-full is-resized\"><img loading=\"lazy\" decoding=\"async\" width=\"824\" height=\"272\" src=\"https:\/\/dhg1h5j42swfq.cloudfront.net\/2024\/06\/15160343\/mensuracao-de-ativo-imobilizado.jpg\" alt=\"\" class=\"wp-image-1416020\" style=\"width:608px;height:auto\" srcset=\"https:\/\/dhg1h5j42swfq.cloudfront.net\/2024\/06\/15160343\/mensuracao-de-ativo-imobilizado.jpg 824w, https:\/\/dhg1h5j42swfq.cloudfront.net\/2024\/06\/15160343\/mensuracao-de-ativo-imobilizado-300x99.jpg 300w, https:\/\/dhg1h5j42swfq.cloudfront.net\/2024\/06\/15160343\/mensuracao-de-ativo-imobilizado-768x254.jpg 768w, https:\/\/dhg1h5j42swfq.cloudfront.net\/2024\/06\/15160343\/mensuracao-de-ativo-imobilizado-610x201.jpg 610w, https:\/\/dhg1h5j42swfq.cloudfront.net\/2024\/06\/15160343\/mensuracao-de-ativo-imobilizado-150x50.jpg 150w\" sizes=\"auto, (max-width: 824px) 100vw, 824px\" \/><\/figure>\n\n\n\n<p>J\u00e1 quando se adquire um imobilizado, <strong>sem contrapresta\u00e7\u00e3o,<\/strong> <em>a mensura\u00e7\u00e3o se d\u00e1 pelo valor justo na data da aquisi\u00e7\u00e3o<\/em>. Como exemplo, podemos citar um particular que repassa um terreno ao poder p\u00fablico sem contrapresta\u00e7\u00e3o ou por valor simb\u00f3lico para que esse execute uma pol\u00edtica p\u00fablica como constru\u00e7\u00e3o de moradias populares.<\/p>\n\n\n\n<h3 class=\"wp-block-heading\" id=\"h-mensuracao-do-intangivel\">Mensura\u00e7\u00e3o de ativos intang\u00edveis<\/h3>\n\n\n\n<p>O intang\u00edvel se caracteriza por ser n\u00e3o monet\u00e1rio<strong>, sem subst\u00e2ncia f\u00edsica<\/strong>, <strong><mark style=\"background-color:rgba(0, 0, 0, 0)\" class=\"has-inline-color has-vivid-red-color\">identific\u00e1vel, controlado pela entidade e gerador de benef\u00edcios econ\u00f4micos futuros ou potencial de servi\u00e7os.<\/mark><\/strong>  Para que o intang\u00edvel seja reconhecido, al\u00e9m de se caracterizar como tal(defini\u00e7\u00e3o acima), <em>deve ser prov\u00e1vel que os benef\u00edcios econ\u00f4micos futuros<\/em> ou potencial de servi\u00e7os esperados atribu\u00edveis ao ativo ser\u00e3o gerados em favor da entidade<strong> e <\/strong><em>custo ou valor justo do ativo possa ser mensurado com seguran\u00e7a<\/em>.<\/p>\n\n\n\n<p>Se n\u00e3o forem atendidas, o ativo intang\u00edvel n\u00e3o deve ser reconhecido.<\/p>\n\n\n\n<p><strong>O intang\u00edvel deve ser mensurado inicialmente <\/strong><mark style=\"background-color:rgba(0, 0, 0, 0)\" class=\"has-inline-color has-vivid-red-color\"><strong>ao custo<\/strong>.<\/mark> <\/p>\n\n\n\n<p><em>Ap\u00f3s <\/em>o seu reconhecimento inicial, o \u00f3rg\u00e3o ou entidade deve escolher reconhecer um ativo intang\u00edvel pelo modelo de custo, menos a amortiza\u00e7\u00e3o e a eventual perda por redu\u00e7\u00e3o ao valor recuper\u00e1vel acumuladas ou pelo <strong>modelo de reavalia\u00e7\u00e3o,<\/strong> quando aplic\u00e1vel. Esse \u00faltimo caso se aplica a itens que sofrem grandes altera\u00e7\u00f5es em seu valor justo.<\/p>\n\n\n\n<h4 class=\"wp-block-heading\" id=\"h-dicas-sobre-o-ativo-intangivel\">Dicas sobre o ativo intang\u00edvel.<\/h4>\n\n\n\n<ul class=\"wp-block-list\">\n<li>O \u00e1gio derivado da expectativa de rentabilidade futura (goodwill) gerado internamente n\u00e3o deve ser reconhecido como ativo.<\/li>\n\n\n\n<li>A gera\u00e7\u00e3o interna de ativos intang\u00edveis (ex. cria\u00e7\u00e3o de um software) exige cuidados para que haja o reconhecimento. Assim, <strong><mark style=\"background-color:rgba(0, 0, 0, 0)\" class=\"has-inline-color has-vivid-red-color\">gastos na fase de pesquisa nunca podem ser ativados<\/mark><\/strong>; <strong><mark style=\"background-color:rgba(0, 0, 0, 0)\" class=\"has-inline-color has-vivid-green-cyan-color\">na fase de desenvolvimento os gastos podem ser ativados desde que satisfeitas diversas condi\u00e7\u00f5es<\/mark><\/strong>(Viabilidade t\u00e9cnica, Inten\u00e7\u00e3o de concluir o ativo intang\u00edvel, Capacidade para usar ou vender o ativo intang\u00edvel, Capacidade de mensurar com seguran\u00e7a os gastos atribu\u00edveis ao ativo intang\u00edvel etc).<\/li>\n\n\n\n<li>O ativo intang\u00edvel com vida <strong><mark style=\"background-color:rgba(0, 0, 0, 0)\" class=\"has-inline-color has-vivid-purple-color\">\u00fatil indefinida<\/mark><\/strong> n\u00e3o deve ser amortizado.<\/li>\n<\/ul>\n\n\n\n<h2 class=\"wp-block-heading\" id=\"h-conclusao\">Conclus\u00e3o<\/h2>\n\n\n\n<p>Finalizamos aqui mais um artigo que tratou sobre mensura\u00e7\u00e3o de ativos para o ISS Mossor\u00f3. Esperamos que seja de grande valia para sua prepara\u00e7\u00e3o.<\/p>\n\n\n\n<p>Bons Estudos!!<\/p>\n\n\n\n<h3 class=\"wp-block-heading has-text-align-left\"><strong>Quer estar antenado aos pr\u00f3ximos concursos previstos? Confira nossos artigos!<\/strong><\/h3>\n\n\n\n<p class=\"has-text-align-center has-black-color has-vivid-cyan-blue-background-color has-text-color has-background has-link-color wp-elements-551f893bf1884ebc0947c70f9bd65cf0\"><a href=\"https:\/\/www.estrategiaconcursos.com.br\/blog\/concursos-abertos\/\"><strong><mark style=\"background-color:rgba(0, 0, 0, 0)\" class=\"has-inline-color has-black-color\">Concursos Abertos<\/mark><\/strong><\/a><\/p>\n\n\n\n<p class=\"has-text-align-center has-black-color has-vivid-cyan-blue-background-color has-text-color has-background has-link-color wp-elements-2bd2f74d16f6d242f8d16e19ba1fbb24\"><a href=\"https:\/\/www.estrategiaconcursos.com.br\/blog\/concursos-2024\/\"><strong><mark style=\"background-color:rgba(0, 0, 0, 0)\" class=\"has-inline-color has-black-color\">Concursos 2024<\/mark><\/strong><\/a><\/p>\n","protected":false},"excerpt":{"rendered":"<p>Fala, pessoal! Como est\u00e3o? Viemos abordar neste artigo a mensura\u00e7\u00e3o de ativos para o ISS Mossor\u00f3. Com a proximidade da realiza\u00e7\u00e3o das provas(28 de julho de 2024), optamos por tratar deste tema que est\u00e1 expresso no edital para o cargo de auditor fiscal. Formas de Mensura\u00e7\u00e3o de ativos Nobres, de in\u00edcio \u00e9 importante pontuar que [&hellip;]<\/p>\n","protected":false},"author":2891,"featured_media":1415997,"comment_status":"open","ping_status":"closed","sticky":false,"template":"","format":"standard","meta":{"post_tipo":"article","footnotes":""},"categories":[1],"tags":[],"tax_estado":[219963],"class_list":["post-1412246","post","type-post","status-publish","format-standard","has-post-thumbnail","hentry","category-cursos-e-concursos","tax_estado-concursos-federais"],"acf":[],"yoast_head":"<!-- This site is optimized with the Yoast SEO Premium plugin v27.2 (Yoast SEO v27.2) - https:\/\/yoast.com\/product\/yoast-seo-premium-wordpress\/ -->\n<title>Mensura\u00e7\u00e3o de ativos para o ISS Mossor\u00f3<\/title>\n<meta name=\"description\" content=\"Abordaremos sobre as Bases de Mensura\u00e7\u00e3o de ativos para o ISS Mossor\u00f3, notadamente as disponibilidades, estoques, imobilizado e intang\u00edvel.\" \/>\n<meta name=\"robots\" content=\"index, follow, max-snippet:-1, max-image-preview:large, max-video-preview:-1\" \/>\n<link rel=\"canonical\" href=\"https:\/\/www.estrategiaconcursos.com.br\/blog\/mensuracao-ativos-iss-mossoro\/\" \/>\n<meta property=\"og:locale\" content=\"pt_BR\" \/>\n<meta property=\"og:type\" content=\"article\" \/>\n<meta property=\"og:title\" content=\"Mensura\u00e7\u00e3o de ativos para o ISS Mossor\u00f3\" \/>\n<meta property=\"og:description\" content=\"Abordaremos sobre as Bases de Mensura\u00e7\u00e3o de ativos para o ISS Mossor\u00f3, notadamente as disponibilidades, estoques, imobilizado e intang\u00edvel.\" \/>\n<meta property=\"og:url\" content=\"https:\/\/www.estrategiaconcursos.com.br\/blog\/mensuracao-ativos-iss-mossoro\/\" \/>\n<meta property=\"og:site_name\" content=\"Estrat\u00e9gia Concursos\" \/>\n<meta property=\"article:published_time\" content=\"2024-07-04T14:00:00+00:00\" \/>\n<meta property=\"article:modified_time\" content=\"2024-07-04T15:32:27+00:00\" \/>\n<meta property=\"og:image\" content=\"https:\/\/dhg1h5j42swfq.cloudfront.net\/2024\/06\/15144618\/mensuracao-de-ativos-para-o-iss-mossoro.jpg\" \/>\n\t<meta property=\"og:image:width\" content=\"692\" \/>\n\t<meta property=\"og:image:height\" content=\"77\" \/>\n\t<meta property=\"og:image:type\" content=\"image\/jpeg\" \/>\n<meta name=\"author\" content=\"Julian Silva da Costa\" \/>\n<meta name=\"twitter:card\" content=\"summary_large_image\" \/>\n<meta name=\"twitter:creator\" content=\"@EstratConcursos\" \/>\n<meta name=\"twitter:site\" content=\"@EstratConcursos\" \/>\n<meta name=\"twitter:label1\" content=\"Escrito por\" \/>\n\t<meta name=\"twitter:data1\" content=\"Julian Silva da Costa\" \/>\n\t<meta name=\"twitter:label2\" content=\"Est. tempo de leitura\" \/>\n\t<meta name=\"twitter:data2\" content=\"7 minutos\" \/>\n<script type=\"application\/ld+json\" class=\"yoast-schema-graph\">{\"@context\":\"https:\/\/schema.org\",\"@graph\":[{\"@type\":\"NewsArticle\",\"@id\":\"https:\/\/www.estrategiaconcursos.com.br\/blog\/mensuracao-ativos-iss-mossoro\/#article\",\"isPartOf\":{\"@id\":\"https:\/\/www.estrategiaconcursos.com.br\/blog\/mensuracao-ativos-iss-mossoro\/\"},\"author\":{\"name\":\"Julian Silva da Costa\",\"@id\":\"https:\/\/www.estrategiaconcursos.com.br\/blog\/#\/schema\/person\/a5ec86ed99d8fd925bce05c446c24029\"},\"headline\":\"Mensura\u00e7\u00e3o de ativos para o ISS Mossor\u00f3\",\"datePublished\":\"2024-07-04T14:00:00+00:00\",\"dateModified\":\"2024-07-04T15:32:27+00:00\",\"mainEntityOfPage\":{\"@id\":\"https:\/\/www.estrategiaconcursos.com.br\/blog\/mensuracao-ativos-iss-mossoro\/\"},\"wordCount\":1428,\"commentCount\":0,\"publisher\":{\"@id\":\"https:\/\/www.estrategiaconcursos.com.br\/blog\/#organization\"},\"image\":{\"@id\":\"https:\/\/www.estrategiaconcursos.com.br\/blog\/mensuracao-ativos-iss-mossoro\/#primaryimage\"},\"thumbnailUrl\":\"https:\/\/dhg1h5j42swfq.cloudfront.net\/2024\/06\/15144618\/mensuracao-de-ativos-para-o-iss-mossoro.jpg\",\"articleSection\":[\"Concursos P\u00fablicos\"],\"inLanguage\":\"pt-BR\",\"potentialAction\":[{\"@type\":\"CommentAction\",\"name\":\"Comment\",\"target\":[\"https:\/\/www.estrategiaconcursos.com.br\/blog\/mensuracao-ativos-iss-mossoro\/#respond\"]}],\"copyrightYear\":\"2024\",\"copyrightHolder\":{\"@id\":\"https:\/\/www.estrategiaconcursos.com.br\/blog\/#organization\"}},{\"@type\":\"WebPage\",\"@id\":\"https:\/\/www.estrategiaconcursos.com.br\/blog\/mensuracao-ativos-iss-mossoro\/\",\"url\":\"https:\/\/www.estrategiaconcursos.com.br\/blog\/mensuracao-ativos-iss-mossoro\/\",\"name\":\"Mensura\u00e7\u00e3o de ativos para o ISS Mossor\u00f3\",\"isPartOf\":{\"@id\":\"https:\/\/www.estrategiaconcursos.com.br\/blog\/#website\"},\"primaryImageOfPage\":{\"@id\":\"https:\/\/www.estrategiaconcursos.com.br\/blog\/mensuracao-ativos-iss-mossoro\/#primaryimage\"},\"image\":{\"@id\":\"https:\/\/www.estrategiaconcursos.com.br\/blog\/mensuracao-ativos-iss-mossoro\/#primaryimage\"},\"thumbnailUrl\":\"https:\/\/dhg1h5j42swfq.cloudfront.net\/2024\/06\/15144618\/mensuracao-de-ativos-para-o-iss-mossoro.jpg\",\"datePublished\":\"2024-07-04T14:00:00+00:00\",\"dateModified\":\"2024-07-04T15:32:27+00:00\",\"description\":\"Abordaremos sobre as Bases de Mensura\u00e7\u00e3o de ativos para o ISS Mossor\u00f3, notadamente as disponibilidades, estoques, imobilizado e intang\u00edvel.\",\"breadcrumb\":{\"@id\":\"https:\/\/www.estrategiaconcursos.com.br\/blog\/mensuracao-ativos-iss-mossoro\/#breadcrumb\"},\"inLanguage\":\"pt-BR\",\"potentialAction\":[{\"@type\":\"ReadAction\",\"target\":[\"https:\/\/www.estrategiaconcursos.com.br\/blog\/mensuracao-ativos-iss-mossoro\/\"]}]},{\"@type\":\"ImageObject\",\"inLanguage\":\"pt-BR\",\"@id\":\"https:\/\/www.estrategiaconcursos.com.br\/blog\/mensuracao-ativos-iss-mossoro\/#primaryimage\",\"url\":\"https:\/\/dhg1h5j42swfq.cloudfront.net\/2024\/06\/15144618\/mensuracao-de-ativos-para-o-iss-mossoro.jpg\",\"contentUrl\":\"https:\/\/dhg1h5j42swfq.cloudfront.net\/2024\/06\/15144618\/mensuracao-de-ativos-para-o-iss-mossoro.jpg\",\"width\":692,\"height\":77,\"caption\":\"Mensura\u00e7\u00e3o de ativos para o ISS Mossor\u00f3\"},{\"@type\":\"BreadcrumbList\",\"@id\":\"https:\/\/www.estrategiaconcursos.com.br\/blog\/mensuracao-ativos-iss-mossoro\/#breadcrumb\",\"itemListElement\":[{\"@type\":\"ListItem\",\"position\":1,\"name\":\"In\u00edcio\",\"item\":\"https:\/\/www.estrategiaconcursos.com.br\/blog\/\"},{\"@type\":\"ListItem\",\"position\":2,\"name\":\"Mensura\u00e7\u00e3o de ativos para o ISS Mossor\u00f3\"}]},{\"@type\":\"WebSite\",\"@id\":\"https:\/\/www.estrategiaconcursos.com.br\/blog\/#website\",\"url\":\"https:\/\/www.estrategiaconcursos.com.br\/blog\/\",\"name\":\"Estrat\u00e9gia Concursos\",\"description\":\"O blog da Estrat\u00e9gia Concursos traz not\u00edcias sobre concursos e artigos de professores oferecendo cursos para concursos (pdf + videaulas) no site.\",\"publisher\":{\"@id\":\"https:\/\/www.estrategiaconcursos.com.br\/blog\/#organization\"},\"potentialAction\":[{\"@type\":\"SearchAction\",\"target\":{\"@type\":\"EntryPoint\",\"urlTemplate\":\"https:\/\/www.estrategiaconcursos.com.br\/blog\/?s={search_term_string}\"},\"query-input\":{\"@type\":\"PropertyValueSpecification\",\"valueRequired\":true,\"valueName\":\"search_term_string\"}}],\"inLanguage\":\"pt-BR\"},{\"@type\":\"Organization\",\"@id\":\"https:\/\/www.estrategiaconcursos.com.br\/blog\/#organization\",\"name\":\"Estrat\u00e9gia Concursos\",\"url\":\"https:\/\/www.estrategiaconcursos.com.br\/blog\/\",\"logo\":{\"@type\":\"ImageObject\",\"inLanguage\":\"pt-BR\",\"@id\":\"https:\/\/www.estrategiaconcursos.com.br\/blog\/#\/schema\/logo\/image\/\",\"url\":\"https:\/\/dhg1h5j42swfq.cloudfront.net\/2025\/06\/03203428\/logo_concursos-1.jpg\",\"contentUrl\":\"https:\/\/dhg1h5j42swfq.cloudfront.net\/2025\/06\/03203428\/logo_concursos-1.jpg\",\"width\":230,\"height\":60,\"caption\":\"Estrat\u00e9gia Concursos\"},\"image\":{\"@id\":\"https:\/\/www.estrategiaconcursos.com.br\/blog\/#\/schema\/logo\/image\/\"},\"sameAs\":[\"https:\/\/x.com\/EstratConcursos\"]},{\"@type\":\"Person\",\"@id\":\"https:\/\/www.estrategiaconcursos.com.br\/blog\/#\/schema\/person\/a5ec86ed99d8fd925bce05c446c24029\",\"name\":\"Julian Silva da Costa\",\"image\":{\"@type\":\"ImageObject\",\"inLanguage\":\"pt-BR\",\"@id\":\"https:\/\/secure.gravatar.com\/avatar\/bdd6b68c7c5a37063a734a0fb5b7547b717c3909fd8740b8e2e6ecf1df91f3f0?s=96&d=mm&r=g\",\"url\":\"https:\/\/secure.gravatar.com\/avatar\/bdd6b68c7c5a37063a734a0fb5b7547b717c3909fd8740b8e2e6ecf1df91f3f0?s=96&d=mm&r=g\",\"contentUrl\":\"https:\/\/secure.gravatar.com\/avatar\/bdd6b68c7c5a37063a734a0fb5b7547b717c3909fd8740b8e2e6ecf1df91f3f0?s=96&d=mm&r=g\",\"caption\":\"Julian Silva da Costa\"},\"description\":\"Principais aprova\u00e7\u00f5es: Escola Preparat\u00f3ria de Cadetes do Ar(2006-2007); Escola de Sargento das Armas-EsSA(2008); T\u00e9cnico em Seguran\u00e7a do Banco Central do Brasil(2013); Analista em Planejamento e Finan\u00e7as - SEPOG RO(2017); Fiscal de Tributos Estaduais - SEFAZ MT(2023); Auditor Fiscal Tribut\u00e1rio Municipal - ISS\/SP(2023)\",\"url\":\"https:\/\/www.estrategiaconcursos.com.br\/blog\/author\/julian_aracatihotmail-com\/\"}]}<\/script>\n<!-- \/ Yoast SEO Premium plugin. -->","yoast_head_json":{"title":"Mensura\u00e7\u00e3o de ativos para o ISS Mossor\u00f3","description":"Abordaremos sobre as Bases de Mensura\u00e7\u00e3o de ativos para o ISS Mossor\u00f3, notadamente as disponibilidades, estoques, imobilizado e intang\u00edvel.","robots":{"index":"index","follow":"follow","max-snippet":"max-snippet:-1","max-image-preview":"max-image-preview:large","max-video-preview":"max-video-preview:-1"},"canonical":"https:\/\/www.estrategiaconcursos.com.br\/blog\/mensuracao-ativos-iss-mossoro\/","og_locale":"pt_BR","og_type":"article","og_title":"Mensura\u00e7\u00e3o de ativos para o ISS Mossor\u00f3","og_description":"Abordaremos sobre as Bases de Mensura\u00e7\u00e3o de ativos para o ISS Mossor\u00f3, notadamente as disponibilidades, estoques, imobilizado e intang\u00edvel.","og_url":"https:\/\/www.estrategiaconcursos.com.br\/blog\/mensuracao-ativos-iss-mossoro\/","og_site_name":"Estrat\u00e9gia Concursos","article_published_time":"2024-07-04T14:00:00+00:00","article_modified_time":"2024-07-04T15:32:27+00:00","og_image":[{"width":692,"height":77,"url":"https:\/\/dhg1h5j42swfq.cloudfront.net\/2024\/06\/15144618\/mensuracao-de-ativos-para-o-iss-mossoro.jpg","type":"image\/jpeg"}],"author":"Julian Silva da Costa","twitter_card":"summary_large_image","twitter_creator":"@EstratConcursos","twitter_site":"@EstratConcursos","twitter_misc":{"Escrito por":"Julian Silva da Costa","Est. tempo de leitura":"7 minutos"},"schema":{"@context":"https:\/\/schema.org","@graph":[{"@type":"NewsArticle","@id":"https:\/\/www.estrategiaconcursos.com.br\/blog\/mensuracao-ativos-iss-mossoro\/#article","isPartOf":{"@id":"https:\/\/www.estrategiaconcursos.com.br\/blog\/mensuracao-ativos-iss-mossoro\/"},"author":{"name":"Julian Silva da Costa","@id":"https:\/\/www.estrategiaconcursos.com.br\/blog\/#\/schema\/person\/a5ec86ed99d8fd925bce05c446c24029"},"headline":"Mensura\u00e7\u00e3o de ativos para o ISS Mossor\u00f3","datePublished":"2024-07-04T14:00:00+00:00","dateModified":"2024-07-04T15:32:27+00:00","mainEntityOfPage":{"@id":"https:\/\/www.estrategiaconcursos.com.br\/blog\/mensuracao-ativos-iss-mossoro\/"},"wordCount":1428,"commentCount":0,"publisher":{"@id":"https:\/\/www.estrategiaconcursos.com.br\/blog\/#organization"},"image":{"@id":"https:\/\/www.estrategiaconcursos.com.br\/blog\/mensuracao-ativos-iss-mossoro\/#primaryimage"},"thumbnailUrl":"https:\/\/dhg1h5j42swfq.cloudfront.net\/2024\/06\/15144618\/mensuracao-de-ativos-para-o-iss-mossoro.jpg","articleSection":["Concursos P\u00fablicos"],"inLanguage":"pt-BR","potentialAction":[{"@type":"CommentAction","name":"Comment","target":["https:\/\/www.estrategiaconcursos.com.br\/blog\/mensuracao-ativos-iss-mossoro\/#respond"]}],"copyrightYear":"2024","copyrightHolder":{"@id":"https:\/\/www.estrategiaconcursos.com.br\/blog\/#organization"}},{"@type":"WebPage","@id":"https:\/\/www.estrategiaconcursos.com.br\/blog\/mensuracao-ativos-iss-mossoro\/","url":"https:\/\/www.estrategiaconcursos.com.br\/blog\/mensuracao-ativos-iss-mossoro\/","name":"Mensura\u00e7\u00e3o de ativos para o ISS Mossor\u00f3","isPartOf":{"@id":"https:\/\/www.estrategiaconcursos.com.br\/blog\/#website"},"primaryImageOfPage":{"@id":"https:\/\/www.estrategiaconcursos.com.br\/blog\/mensuracao-ativos-iss-mossoro\/#primaryimage"},"image":{"@id":"https:\/\/www.estrategiaconcursos.com.br\/blog\/mensuracao-ativos-iss-mossoro\/#primaryimage"},"thumbnailUrl":"https:\/\/dhg1h5j42swfq.cloudfront.net\/2024\/06\/15144618\/mensuracao-de-ativos-para-o-iss-mossoro.jpg","datePublished":"2024-07-04T14:00:00+00:00","dateModified":"2024-07-04T15:32:27+00:00","description":"Abordaremos sobre as Bases de Mensura\u00e7\u00e3o de ativos para o ISS Mossor\u00f3, notadamente as disponibilidades, estoques, imobilizado e intang\u00edvel.","breadcrumb":{"@id":"https:\/\/www.estrategiaconcursos.com.br\/blog\/mensuracao-ativos-iss-mossoro\/#breadcrumb"},"inLanguage":"pt-BR","potentialAction":[{"@type":"ReadAction","target":["https:\/\/www.estrategiaconcursos.com.br\/blog\/mensuracao-ativos-iss-mossoro\/"]}]},{"@type":"ImageObject","inLanguage":"pt-BR","@id":"https:\/\/www.estrategiaconcursos.com.br\/blog\/mensuracao-ativos-iss-mossoro\/#primaryimage","url":"https:\/\/dhg1h5j42swfq.cloudfront.net\/2024\/06\/15144618\/mensuracao-de-ativos-para-o-iss-mossoro.jpg","contentUrl":"https:\/\/dhg1h5j42swfq.cloudfront.net\/2024\/06\/15144618\/mensuracao-de-ativos-para-o-iss-mossoro.jpg","width":692,"height":77,"caption":"Mensura\u00e7\u00e3o de ativos para o ISS Mossor\u00f3"},{"@type":"BreadcrumbList","@id":"https:\/\/www.estrategiaconcursos.com.br\/blog\/mensuracao-ativos-iss-mossoro\/#breadcrumb","itemListElement":[{"@type":"ListItem","position":1,"name":"In\u00edcio","item":"https:\/\/www.estrategiaconcursos.com.br\/blog\/"},{"@type":"ListItem","position":2,"name":"Mensura\u00e7\u00e3o de ativos para o ISS Mossor\u00f3"}]},{"@type":"WebSite","@id":"https:\/\/www.estrategiaconcursos.com.br\/blog\/#website","url":"https:\/\/www.estrategiaconcursos.com.br\/blog\/","name":"Estrat\u00e9gia Concursos","description":"O blog da Estrat\u00e9gia Concursos traz not\u00edcias sobre concursos e artigos de professores oferecendo cursos para concursos (pdf + videaulas) no site.","publisher":{"@id":"https:\/\/www.estrategiaconcursos.com.br\/blog\/#organization"},"potentialAction":[{"@type":"SearchAction","target":{"@type":"EntryPoint","urlTemplate":"https:\/\/www.estrategiaconcursos.com.br\/blog\/?s={search_term_string}"},"query-input":{"@type":"PropertyValueSpecification","valueRequired":true,"valueName":"search_term_string"}}],"inLanguage":"pt-BR"},{"@type":"Organization","@id":"https:\/\/www.estrategiaconcursos.com.br\/blog\/#organization","name":"Estrat\u00e9gia Concursos","url":"https:\/\/www.estrategiaconcursos.com.br\/blog\/","logo":{"@type":"ImageObject","inLanguage":"pt-BR","@id":"https:\/\/www.estrategiaconcursos.com.br\/blog\/#\/schema\/logo\/image\/","url":"https:\/\/dhg1h5j42swfq.cloudfront.net\/2025\/06\/03203428\/logo_concursos-1.jpg","contentUrl":"https:\/\/dhg1h5j42swfq.cloudfront.net\/2025\/06\/03203428\/logo_concursos-1.jpg","width":230,"height":60,"caption":"Estrat\u00e9gia Concursos"},"image":{"@id":"https:\/\/www.estrategiaconcursos.com.br\/blog\/#\/schema\/logo\/image\/"},"sameAs":["https:\/\/x.com\/EstratConcursos"]},{"@type":"Person","@id":"https:\/\/www.estrategiaconcursos.com.br\/blog\/#\/schema\/person\/a5ec86ed99d8fd925bce05c446c24029","name":"Julian Silva da Costa","image":{"@type":"ImageObject","inLanguage":"pt-BR","@id":"https:\/\/secure.gravatar.com\/avatar\/bdd6b68c7c5a37063a734a0fb5b7547b717c3909fd8740b8e2e6ecf1df91f3f0?s=96&d=mm&r=g","url":"https:\/\/secure.gravatar.com\/avatar\/bdd6b68c7c5a37063a734a0fb5b7547b717c3909fd8740b8e2e6ecf1df91f3f0?s=96&d=mm&r=g","contentUrl":"https:\/\/secure.gravatar.com\/avatar\/bdd6b68c7c5a37063a734a0fb5b7547b717c3909fd8740b8e2e6ecf1df91f3f0?s=96&d=mm&r=g","caption":"Julian Silva da Costa"},"description":"Principais aprova\u00e7\u00f5es: Escola Preparat\u00f3ria de Cadetes do Ar(2006-2007); Escola de Sargento das Armas-EsSA(2008); T\u00e9cnico em Seguran\u00e7a do Banco Central do Brasil(2013); Analista em Planejamento e Finan\u00e7as - SEPOG RO(2017); Fiscal de Tributos Estaduais - SEFAZ MT(2023); Auditor Fiscal Tribut\u00e1rio Municipal - ISS\/SP(2023)","url":"https:\/\/www.estrategiaconcursos.com.br\/blog\/author\/julian_aracatihotmail-com\/"}]}},"_links":{"self":[{"href":"https:\/\/www.estrategiaconcursos.com.br\/blog\/wp-json\/wp\/v2\/posts\/1412246","targetHints":{"allow":["GET"]}}],"collection":[{"href":"https:\/\/www.estrategiaconcursos.com.br\/blog\/wp-json\/wp\/v2\/posts"}],"about":[{"href":"https:\/\/www.estrategiaconcursos.com.br\/blog\/wp-json\/wp\/v2\/types\/post"}],"author":[{"embeddable":true,"href":"https:\/\/www.estrategiaconcursos.com.br\/blog\/wp-json\/wp\/v2\/users\/2891"}],"replies":[{"embeddable":true,"href":"https:\/\/www.estrategiaconcursos.com.br\/blog\/wp-json\/wp\/v2\/comments?post=1412246"}],"version-history":[{"count":66,"href":"https:\/\/www.estrategiaconcursos.com.br\/blog\/wp-json\/wp\/v2\/posts\/1412246\/revisions"}],"predecessor-version":[{"id":1416124,"href":"https:\/\/www.estrategiaconcursos.com.br\/blog\/wp-json\/wp\/v2\/posts\/1412246\/revisions\/1416124"}],"wp:featuredmedia":[{"embeddable":true,"href":"https:\/\/www.estrategiaconcursos.com.br\/blog\/wp-json\/wp\/v2\/media\/1415997"}],"wp:attachment":[{"href":"https:\/\/www.estrategiaconcursos.com.br\/blog\/wp-json\/wp\/v2\/media?parent=1412246"}],"wp:term":[{"taxonomy":"category","embeddable":true,"href":"https:\/\/www.estrategiaconcursos.com.br\/blog\/wp-json\/wp\/v2\/categories?post=1412246"},{"taxonomy":"post_tag","embeddable":true,"href":"https:\/\/www.estrategiaconcursos.com.br\/blog\/wp-json\/wp\/v2\/tags?post=1412246"},{"taxonomy":"tax_estado","embeddable":true,"href":"https:\/\/www.estrategiaconcursos.com.br\/blog\/wp-json\/wp\/v2\/tax_estado?post=1412246"}],"curies":[{"name":"wp","href":"https:\/\/api.w.org\/{rel}","templated":true}]}}