{"id":14088,"date":"2014-03-11T23:49:32","date_gmt":"2014-03-12T02:49:32","guid":{"rendered":"https:\/\/www.estrategiaconcursos.com.br\/blog\/?p=14088"},"modified":"2015-01-28T09:37:37","modified_gmt":"2015-01-28T12:37:37","slug":"analise-do-edital-curso-de-legislacao-aduaneira","status":"publish","type":"post","link":"https:\/\/www.estrategiaconcursos.com.br\/blog\/analise-do-edital-curso-de-legislacao-aduaneira\/","title":{"rendered":"An\u00e1lise do Edital + Curso de Legisla\u00e7\u00e3o Aduaneira"},"content":{"rendered":"<p>Ol\u00e1, pessoal, tudo bem?<\/p>\n<p>\u00c9 uma grande satisfa\u00e7\u00e3o estar aqui com voc\u00eas! Ontem (10\/03) foi publicado o edital de Auditor-Fiscal RFB, que veio muito parecido com o edital de 2012. Muito parecido mesmo! Praticamente id\u00eantico!<\/p>\n<p>De <em><strong>novidade<\/strong><\/em>, <em><strong>apareceram 3 (tr\u00eas) t\u00f3picos em Legisla\u00e7\u00e3o Aduaneira<\/strong><\/em>, em rela\u00e7\u00e3o ao edital anterior:<\/p>\n<p><strong>a)<\/strong> Adicional ao Frete para Renova\u00e7\u00e3o da Marinha Mercante (AFRMM) e Taxa Mercante;<\/p>\n<p><strong>b) <\/strong>Jurisprud\u00eancia do Supremo Tribunal Federal.<\/p>\n<p>Apareceram, ainda, no edital de Legisla\u00e7\u00e3o Aduaneira temas que tamb\u00e9m est\u00e3o no conte\u00fado program\u00e1tico de Com\u00e9rcio Internacional. S\u00e3o <em><strong>temas repetidos<\/strong><\/em>, sobre os quais eu j\u00e1 tratava no curso de Legisla\u00e7\u00e3o Aduaneira:<\/p>\n<p><strong>a) <\/strong>SISCOMEX (abordado na aula 00)<\/p>\n<p><strong>b)<\/strong> CIDE-Combust\u00edveis (abordado na aula 02)<\/p>\n<p>Muitos alunos que adquiriram meu primeiro curso de 2013 est\u00e3o perguntando quais as <em><strong>diferen\u00e7as \/ atualiza\u00e7\u00f5es do novo curso (2014)<\/strong><\/em>. Bem, meus amigos, a Legisla\u00e7\u00e3o Aduaneira se desatualiza o tempo todo. Semana passada, inclusive, tivemos nova modifica\u00e7\u00e3o.<\/p>\n<p>Bem, em 2013 tivemos a publica\u00e7\u00e3o do Decreto n<sup>o<\/sup> 8.010\/2013, que alterou em in\u00fameros pontos o Regulamento Aduaneiro. <em><strong>Se o material que voc\u00ea tem em m\u00e3os n\u00e3o est\u00e1 atualizado por esse novo decreto, recomendo fortemente que adquira novo curso<\/strong><\/em>. S\u00e3o tantas as pequenas modifica\u00e7\u00f5es promovidas por esse decreto que n\u00e3o conseguiria nem pontuar todas.<\/p>\n<p>Agora, se voc\u00ea adquiriu o curso <b>j\u00e1 atualizado<\/b> pelo Decreto n<sup>o<\/sup> 8.010\/2013, as principais modifica\u00e7\u00f5es em rela\u00e7\u00e3o ao novo curso s\u00e3o as seguintes:<\/p>\n<p><strong>a)\u00a0\u00a0\u00a0<\/strong> <strong>Curso conte\u00fado videoaulas (35 horas).\u00a0<\/strong> O curso em v\u00eddeo \u00e9 autossuficiente. Quem gosta das videoaulas, n\u00e3o precisa nem estudar o .pdf. Recomendo, apenas, que resolva as quest\u00f5es e d\u00ea uma lida no Regulamento Aduaneiro.<\/p>\n<p><strong>b)\u00a0<\/strong><b>\u00a0\u00a0 <\/b>\u00a0<strong>Atualiza\u00e7\u00f5es recentes<\/strong>:<\/p>\n<p>&#8211; REINTEGRA n\u00e3o foi renovado (Aula 02)<\/p>\n<p>&#8211; Mudan\u00e7as na IN n<sup>o <\/sup>1.059\/2010, que trata de bagagem de viajantes (Aula 06)\u00a0 &#8211; Altera\u00e7\u00e3o no art. 6<sup>o<\/sup> da IN 1.059\/2010. Cria\u00e7\u00e3o da e-DBV.<\/p>\n<p>&#8211; Mudan\u00e7as nas regras do SISCOSERV (Aula 07). Ocorreram algumas mudan\u00e7as no valor e hip\u00f3teses de multas, bem como prazos para presta\u00e7\u00e3o de informa\u00e7\u00f5es.<\/p>\n<p>&#8211; Altera\u00e7\u00e3o da IN n<sup>o<\/sup> 028\/94 (Aula 03). Antes, no despacho de exporta\u00e7\u00e3o, havia sempre a recep\u00e7\u00e3o de documentos. Ap\u00f3s o registro da recep\u00e7\u00e3o de documentos, \u00e9 que a DE era direcionada para o canal verde, laranja ou vermelho. Foi modificado o fluxo: agora, haver\u00e1 <em><strong>recep\u00e7\u00e3o<\/strong><\/em> de documentos somente nos canais laranja e vermelho. Antes, a recep\u00e7\u00e3o de documentos (n\u00e3o a verifica\u00e7\u00e3o!) ocorria em todos os canais.<\/p>\n<p>&#8211; IN RFB 1361\/2013: alterou regras da admiss\u00e3o tempor\u00e1ria. De relevante para a prova, tivemos a altera\u00e7\u00e3o dos prazos dos regimes:<\/p>\n<p><strong>a) <\/strong>Admiss\u00e3o tempor\u00e1ria: 6 meses, prorrog\u00e1veis automaticamente por mais 6 meses.<\/p>\n<p><strong>b) <\/strong>Exporta\u00e7\u00e3o tempor\u00e1ria: 12 meses, prorrog\u00e1veis automaticamente por mais 12 meses, por per\u00edodo n\u00e3o superior, no total, a 2 (dois) anos, a ju\u00edzo da autoridade aduaneira.<\/p>\n<p>&#8211; Altera\u00e7\u00e3o da IN RFB 611 (Aula 03) &#8211; \u00c9 um detalhe t\u00e3o pequeno que acho quase imposs\u00edvel ser cobrado, mas vai que&#8230;<\/p>\n<p>&#8211; Altera\u00e7\u00e3o de regras sobre a admiss\u00e3o tempor\u00e1ria para utiliza\u00e7\u00e3o econ\u00f4mica em <em><strong>17 de janeiro de 2014 (essa \u00e9 a atualiza\u00e7\u00e3o mais recente de todas!) \u00a0Vejam o novo art. 374, que recebeu os par\u00e1grafos 2 e 3:\u00a0<\/strong><\/em><\/p>\n<p><strong>Art.\u00a0374.\u00a0<\/strong> O regime ser\u00e1 concedido pelo prazo previsto no contrato de arrendamento operacional, de aluguel ou de empr\u00e9stimo, celebrado entre o importador e a pessoa estrangeira, prorrog\u00e1vel na medida da extens\u00e3o do prazo estabelecido no contrato, observado o disposto no art. 373.<\/p>\n<p><strong>\u00a7 1\u00ba <\/strong>O prazo m\u00e1ximo de vig\u00eancia do regime de que trata o art. 373 ser\u00e1 de cem meses.<\/p>\n<p><strong>\u00a7 2<span style=\"text-decoration: line-through\">\u00ba<\/span><\/strong> Antes do t\u00e9rmino do prazo estipulado no \u00a7 1<span style=\"text-decoration: line-through\">\u00ba<\/span>, o benefici\u00e1rio dever\u00e1 providenciar a extin\u00e7\u00e3o do regime, conforme previsto no art. 367, sendo facultada a transfer\u00eancia para outro regime aduaneiro especial, inclusive a concess\u00e3o de nova admiss\u00e3o tempor\u00e1ria, que poder\u00e1 ocorrer sem a necessidade de sa\u00edda f\u00edsica dos bens do territ\u00f3rio nacional.<\/p>\n<p><strong>\u00a7 3<span style=\"text-decoration: line-through\">\u00ba<\/span><\/strong> O prazo estipulado no \u00a7 1<span style=\"text-decoration: line-through\">\u00ba<\/span> n\u00e3o se aplica ao regime aduaneiro de que trata o art. 458.<\/p>\n<p>Abra\u00e7os a todos e espero ter ajudado!<\/p>\n<p>Ricardo Vale<\/p>\n","protected":false},"excerpt":{"rendered":"<p>Ol\u00e1, pessoal, tudo bem? \u00c9 uma grande satisfa\u00e7\u00e3o estar aqui com voc\u00eas! Ontem (10\/03) foi publicado o edital de Auditor-Fiscal RFB, que veio muito parecido com o edital de 2012. Muito parecido mesmo! Praticamente id\u00eantico! De novidade, apareceram 3 (tr\u00eas) t\u00f3picos em Legisla\u00e7\u00e3o Aduaneira, em rela\u00e7\u00e3o ao edital anterior: a) Adicional ao Frete para Renova\u00e7\u00e3o [&hellip;]<\/p>\n","protected":false},"author":26,"featured_media":0,"comment_status":"open","ping_status":"open","sticky":false,"template":"","format":"standard","meta":{"post_tipo":"article","footnotes":""},"categories":[1],"tags":[614],"tax_estado":[],"class_list":["post-14088","post","type-post","status-publish","format-standard","hentry","category-cursos-e-concursos","tag-legislacao-aduaneira"],"acf":[],"yoast_head":"<!-- This site is optimized with the Yoast SEO Premium plugin v27.2 (Yoast SEO v27.2) - https:\/\/yoast.com\/product\/yoast-seo-premium-wordpress\/ -->\n<title>An\u00e1lise do Edital + Curso de Legisla\u00e7\u00e3o Aduaneira<\/title>\n<meta name=\"robots\" content=\"index, follow, max-snippet:-1, max-image-preview:large, max-video-preview:-1\" \/>\n<link rel=\"canonical\" href=\"https:\/\/www.estrategiaconcursos.com.br\/blog\/analise-do-edital-curso-de-legislacao-aduaneira\/\" \/>\n<meta property=\"og:locale\" content=\"pt_BR\" \/>\n<meta property=\"og:type\" content=\"article\" \/>\n<meta property=\"og:title\" content=\"An\u00e1lise do Edital + Curso de Legisla\u00e7\u00e3o Aduaneira\" \/>\n<meta property=\"og:description\" content=\"Ol\u00e1, pessoal, tudo bem? \u00c9 uma grande satisfa\u00e7\u00e3o estar aqui com voc\u00eas! Ontem (10\/03) foi publicado o edital de Auditor-Fiscal RFB, que veio muito parecido com o edital de 2012. Muito parecido mesmo! Praticamente id\u00eantico! De novidade, apareceram 3 (tr\u00eas) t\u00f3picos em Legisla\u00e7\u00e3o Aduaneira, em rela\u00e7\u00e3o ao edital anterior: a) Adicional ao Frete para Renova\u00e7\u00e3o [&hellip;]\" \/>\n<meta property=\"og:url\" content=\"https:\/\/www.estrategiaconcursos.com.br\/blog\/analise-do-edital-curso-de-legislacao-aduaneira\/\" \/>\n<meta property=\"og:site_name\" content=\"Estrat\u00e9gia Concursos\" \/>\n<meta property=\"article:author\" content=\"https:\/\/www.facebook.com\/rvale01\" \/>\n<meta property=\"article:published_time\" content=\"2014-03-12T02:49:32+00:00\" \/>\n<meta property=\"article:modified_time\" content=\"2015-01-28T12:37:37+00:00\" \/>\n<meta name=\"author\" content=\"Ricardo Vale\" \/>\n<meta name=\"twitter:card\" content=\"summary_large_image\" \/>\n<meta name=\"twitter:creator\" content=\"@https:\/\/twitter.com\/EstratConcursos\" \/>\n<meta name=\"twitter:site\" content=\"@EstratConcursos\" \/>\n<meta name=\"twitter:label1\" content=\"Escrito por\" \/>\n\t<meta name=\"twitter:data1\" content=\"Ricardo Vale\" \/>\n\t<meta name=\"twitter:label2\" content=\"Est. tempo de leitura\" \/>\n\t<meta name=\"twitter:data2\" content=\"3 minutos\" \/>\n<script type=\"application\/ld+json\" class=\"yoast-schema-graph\">{\"@context\":\"https:\/\/schema.org\",\"@graph\":[{\"@type\":\"NewsArticle\",\"@id\":\"https:\/\/www.estrategiaconcursos.com.br\/blog\/analise-do-edital-curso-de-legislacao-aduaneira\/#article\",\"isPartOf\":{\"@id\":\"https:\/\/www.estrategiaconcursos.com.br\/blog\/analise-do-edital-curso-de-legislacao-aduaneira\/\"},\"author\":{\"name\":\"Ricardo Vale\",\"@id\":\"https:\/\/www.estrategiaconcursos.com.br\/blog\/#\/schema\/person\/c32e47dba2159cafe7796a9569a6ff7e\"},\"headline\":\"An\u00e1lise do Edital + Curso de Legisla\u00e7\u00e3o Aduaneira\",\"datePublished\":\"2014-03-12T02:49:32+00:00\",\"dateModified\":\"2015-01-28T12:37:37+00:00\",\"mainEntityOfPage\":{\"@id\":\"https:\/\/www.estrategiaconcursos.com.br\/blog\/analise-do-edital-curso-de-legislacao-aduaneira\/\"},\"wordCount\":701,\"commentCount\":0,\"publisher\":{\"@id\":\"https:\/\/www.estrategiaconcursos.com.br\/blog\/#organization\"},\"keywords\":[\"Legisla\u00e7\u00e3o Aduaneira\"],\"articleSection\":[\"Concursos P\u00fablicos\"],\"inLanguage\":\"pt-BR\",\"potentialAction\":[{\"@type\":\"CommentAction\",\"name\":\"Comment\",\"target\":[\"https:\/\/www.estrategiaconcursos.com.br\/blog\/analise-do-edital-curso-de-legislacao-aduaneira\/#respond\"]}],\"copyrightYear\":\"2014\",\"copyrightHolder\":{\"@id\":\"https:\/\/www.estrategiaconcursos.com.br\/blog\/#organization\"}},{\"@type\":\"WebPage\",\"@id\":\"https:\/\/www.estrategiaconcursos.com.br\/blog\/analise-do-edital-curso-de-legislacao-aduaneira\/\",\"url\":\"https:\/\/www.estrategiaconcursos.com.br\/blog\/analise-do-edital-curso-de-legislacao-aduaneira\/\",\"name\":\"An\u00e1lise do Edital + Curso de Legisla\u00e7\u00e3o Aduaneira\",\"isPartOf\":{\"@id\":\"https:\/\/www.estrategiaconcursos.com.br\/blog\/#website\"},\"datePublished\":\"2014-03-12T02:49:32+00:00\",\"dateModified\":\"2015-01-28T12:37:37+00:00\",\"breadcrumb\":{\"@id\":\"https:\/\/www.estrategiaconcursos.com.br\/blog\/analise-do-edital-curso-de-legislacao-aduaneira\/#breadcrumb\"},\"inLanguage\":\"pt-BR\",\"potentialAction\":[{\"@type\":\"ReadAction\",\"target\":[\"https:\/\/www.estrategiaconcursos.com.br\/blog\/analise-do-edital-curso-de-legislacao-aduaneira\/\"]}]},{\"@type\":\"BreadcrumbList\",\"@id\":\"https:\/\/www.estrategiaconcursos.com.br\/blog\/analise-do-edital-curso-de-legislacao-aduaneira\/#breadcrumb\",\"itemListElement\":[{\"@type\":\"ListItem\",\"position\":1,\"name\":\"In\u00edcio\",\"item\":\"https:\/\/www.estrategiaconcursos.com.br\/blog\/\"},{\"@type\":\"ListItem\",\"position\":2,\"name\":\"An\u00e1lise do Edital + Curso de Legisla\u00e7\u00e3o Aduaneira\"}]},{\"@type\":\"WebSite\",\"@id\":\"https:\/\/www.estrategiaconcursos.com.br\/blog\/#website\",\"url\":\"https:\/\/www.estrategiaconcursos.com.br\/blog\/\",\"name\":\"Estrat\u00e9gia Concursos\",\"description\":\"O blog da Estrat\u00e9gia Concursos traz not\u00edcias sobre concursos e artigos de professores oferecendo cursos para concursos (pdf + videaulas) no site.\",\"publisher\":{\"@id\":\"https:\/\/www.estrategiaconcursos.com.br\/blog\/#organization\"},\"potentialAction\":[{\"@type\":\"SearchAction\",\"target\":{\"@type\":\"EntryPoint\",\"urlTemplate\":\"https:\/\/www.estrategiaconcursos.com.br\/blog\/?s={search_term_string}\"},\"query-input\":{\"@type\":\"PropertyValueSpecification\",\"valueRequired\":true,\"valueName\":\"search_term_string\"}}],\"inLanguage\":\"pt-BR\"},{\"@type\":\"Organization\",\"@id\":\"https:\/\/www.estrategiaconcursos.com.br\/blog\/#organization\",\"name\":\"Estrat\u00e9gia Concursos\",\"url\":\"https:\/\/www.estrategiaconcursos.com.br\/blog\/\",\"logo\":{\"@type\":\"ImageObject\",\"inLanguage\":\"pt-BR\",\"@id\":\"https:\/\/www.estrategiaconcursos.com.br\/blog\/#\/schema\/logo\/image\/\",\"url\":\"https:\/\/dhg1h5j42swfq.cloudfront.net\/2025\/06\/03203428\/logo_concursos-1.jpg\",\"contentUrl\":\"https:\/\/dhg1h5j42swfq.cloudfront.net\/2025\/06\/03203428\/logo_concursos-1.jpg\",\"width\":230,\"height\":60,\"caption\":\"Estrat\u00e9gia Concursos\"},\"image\":{\"@id\":\"https:\/\/www.estrategiaconcursos.com.br\/blog\/#\/schema\/logo\/image\/\"},\"sameAs\":[\"https:\/\/x.com\/EstratConcursos\"]},{\"@type\":\"Person\",\"@id\":\"https:\/\/www.estrategiaconcursos.com.br\/blog\/#\/schema\/person\/c32e47dba2159cafe7796a9569a6ff7e\",\"name\":\"Ricardo Vale\",\"image\":{\"@type\":\"ImageObject\",\"inLanguage\":\"pt-BR\",\"@id\":\"https:\/\/secure.gravatar.com\/avatar\/e5a5658c798bb49dd53314263f59f38c192d73370fb65839a372c2ae9027be74?s=96&d=mm&r=g\",\"url\":\"https:\/\/secure.gravatar.com\/avatar\/e5a5658c798bb49dd53314263f59f38c192d73370fb65839a372c2ae9027be74?s=96&d=mm&r=g\",\"contentUrl\":\"https:\/\/secure.gravatar.com\/avatar\/e5a5658c798bb49dd53314263f59f38c192d73370fb65839a372c2ae9027be74?s=96&d=mm&r=g\",\"caption\":\"Ricardo Vale\"},\"sameAs\":[\"https:\/\/www.facebook.com\/rvale01\",\"https:\/\/x.com\/https:\/\/twitter.com\/EstratConcursos\"],\"url\":\"https:\/\/www.estrategiaconcursos.com.br\/blog\/author\/ricardovaleestrategiaconcursos-com-br\/\"}]}<\/script>\n<!-- \/ Yoast SEO Premium plugin. -->","yoast_head_json":{"title":"An\u00e1lise do Edital + Curso de Legisla\u00e7\u00e3o Aduaneira","robots":{"index":"index","follow":"follow","max-snippet":"max-snippet:-1","max-image-preview":"max-image-preview:large","max-video-preview":"max-video-preview:-1"},"canonical":"https:\/\/www.estrategiaconcursos.com.br\/blog\/analise-do-edital-curso-de-legislacao-aduaneira\/","og_locale":"pt_BR","og_type":"article","og_title":"An\u00e1lise do Edital + Curso de Legisla\u00e7\u00e3o Aduaneira","og_description":"Ol\u00e1, pessoal, tudo bem? \u00c9 uma grande satisfa\u00e7\u00e3o estar aqui com voc\u00eas! Ontem (10\/03) foi publicado o edital de Auditor-Fiscal RFB, que veio muito parecido com o edital de 2012. Muito parecido mesmo! Praticamente id\u00eantico! De novidade, apareceram 3 (tr\u00eas) t\u00f3picos em Legisla\u00e7\u00e3o Aduaneira, em rela\u00e7\u00e3o ao edital anterior: a) Adicional ao Frete para Renova\u00e7\u00e3o [&hellip;]","og_url":"https:\/\/www.estrategiaconcursos.com.br\/blog\/analise-do-edital-curso-de-legislacao-aduaneira\/","og_site_name":"Estrat\u00e9gia Concursos","article_author":"https:\/\/www.facebook.com\/rvale01","article_published_time":"2014-03-12T02:49:32+00:00","article_modified_time":"2015-01-28T12:37:37+00:00","author":"Ricardo Vale","twitter_card":"summary_large_image","twitter_creator":"@https:\/\/twitter.com\/EstratConcursos","twitter_site":"@EstratConcursos","twitter_misc":{"Escrito por":"Ricardo Vale","Est. tempo de leitura":"3 minutos"},"schema":{"@context":"https:\/\/schema.org","@graph":[{"@type":"NewsArticle","@id":"https:\/\/www.estrategiaconcursos.com.br\/blog\/analise-do-edital-curso-de-legislacao-aduaneira\/#article","isPartOf":{"@id":"https:\/\/www.estrategiaconcursos.com.br\/blog\/analise-do-edital-curso-de-legislacao-aduaneira\/"},"author":{"name":"Ricardo Vale","@id":"https:\/\/www.estrategiaconcursos.com.br\/blog\/#\/schema\/person\/c32e47dba2159cafe7796a9569a6ff7e"},"headline":"An\u00e1lise do Edital + Curso de Legisla\u00e7\u00e3o Aduaneira","datePublished":"2014-03-12T02:49:32+00:00","dateModified":"2015-01-28T12:37:37+00:00","mainEntityOfPage":{"@id":"https:\/\/www.estrategiaconcursos.com.br\/blog\/analise-do-edital-curso-de-legislacao-aduaneira\/"},"wordCount":701,"commentCount":0,"publisher":{"@id":"https:\/\/www.estrategiaconcursos.com.br\/blog\/#organization"},"keywords":["Legisla\u00e7\u00e3o Aduaneira"],"articleSection":["Concursos P\u00fablicos"],"inLanguage":"pt-BR","potentialAction":[{"@type":"CommentAction","name":"Comment","target":["https:\/\/www.estrategiaconcursos.com.br\/blog\/analise-do-edital-curso-de-legislacao-aduaneira\/#respond"]}],"copyrightYear":"2014","copyrightHolder":{"@id":"https:\/\/www.estrategiaconcursos.com.br\/blog\/#organization"}},{"@type":"WebPage","@id":"https:\/\/www.estrategiaconcursos.com.br\/blog\/analise-do-edital-curso-de-legislacao-aduaneira\/","url":"https:\/\/www.estrategiaconcursos.com.br\/blog\/analise-do-edital-curso-de-legislacao-aduaneira\/","name":"An\u00e1lise do Edital + Curso de Legisla\u00e7\u00e3o Aduaneira","isPartOf":{"@id":"https:\/\/www.estrategiaconcursos.com.br\/blog\/#website"},"datePublished":"2014-03-12T02:49:32+00:00","dateModified":"2015-01-28T12:37:37+00:00","breadcrumb":{"@id":"https:\/\/www.estrategiaconcursos.com.br\/blog\/analise-do-edital-curso-de-legislacao-aduaneira\/#breadcrumb"},"inLanguage":"pt-BR","potentialAction":[{"@type":"ReadAction","target":["https:\/\/www.estrategiaconcursos.com.br\/blog\/analise-do-edital-curso-de-legislacao-aduaneira\/"]}]},{"@type":"BreadcrumbList","@id":"https:\/\/www.estrategiaconcursos.com.br\/blog\/analise-do-edital-curso-de-legislacao-aduaneira\/#breadcrumb","itemListElement":[{"@type":"ListItem","position":1,"name":"In\u00edcio","item":"https:\/\/www.estrategiaconcursos.com.br\/blog\/"},{"@type":"ListItem","position":2,"name":"An\u00e1lise do Edital + Curso de Legisla\u00e7\u00e3o Aduaneira"}]},{"@type":"WebSite","@id":"https:\/\/www.estrategiaconcursos.com.br\/blog\/#website","url":"https:\/\/www.estrategiaconcursos.com.br\/blog\/","name":"Estrat\u00e9gia Concursos","description":"O blog da Estrat\u00e9gia Concursos traz not\u00edcias sobre concursos e artigos de professores oferecendo cursos para concursos (pdf + videaulas) no site.","publisher":{"@id":"https:\/\/www.estrategiaconcursos.com.br\/blog\/#organization"},"potentialAction":[{"@type":"SearchAction","target":{"@type":"EntryPoint","urlTemplate":"https:\/\/www.estrategiaconcursos.com.br\/blog\/?s={search_term_string}"},"query-input":{"@type":"PropertyValueSpecification","valueRequired":true,"valueName":"search_term_string"}}],"inLanguage":"pt-BR"},{"@type":"Organization","@id":"https:\/\/www.estrategiaconcursos.com.br\/blog\/#organization","name":"Estrat\u00e9gia Concursos","url":"https:\/\/www.estrategiaconcursos.com.br\/blog\/","logo":{"@type":"ImageObject","inLanguage":"pt-BR","@id":"https:\/\/www.estrategiaconcursos.com.br\/blog\/#\/schema\/logo\/image\/","url":"https:\/\/dhg1h5j42swfq.cloudfront.net\/2025\/06\/03203428\/logo_concursos-1.jpg","contentUrl":"https:\/\/dhg1h5j42swfq.cloudfront.net\/2025\/06\/03203428\/logo_concursos-1.jpg","width":230,"height":60,"caption":"Estrat\u00e9gia Concursos"},"image":{"@id":"https:\/\/www.estrategiaconcursos.com.br\/blog\/#\/schema\/logo\/image\/"},"sameAs":["https:\/\/x.com\/EstratConcursos"]},{"@type":"Person","@id":"https:\/\/www.estrategiaconcursos.com.br\/blog\/#\/schema\/person\/c32e47dba2159cafe7796a9569a6ff7e","name":"Ricardo Vale","image":{"@type":"ImageObject","inLanguage":"pt-BR","@id":"https:\/\/secure.gravatar.com\/avatar\/e5a5658c798bb49dd53314263f59f38c192d73370fb65839a372c2ae9027be74?s=96&d=mm&r=g","url":"https:\/\/secure.gravatar.com\/avatar\/e5a5658c798bb49dd53314263f59f38c192d73370fb65839a372c2ae9027be74?s=96&d=mm&r=g","contentUrl":"https:\/\/secure.gravatar.com\/avatar\/e5a5658c798bb49dd53314263f59f38c192d73370fb65839a372c2ae9027be74?s=96&d=mm&r=g","caption":"Ricardo Vale"},"sameAs":["https:\/\/www.facebook.com\/rvale01","https:\/\/x.com\/https:\/\/twitter.com\/EstratConcursos"],"url":"https:\/\/www.estrategiaconcursos.com.br\/blog\/author\/ricardovaleestrategiaconcursos-com-br\/"}]}},"_links":{"self":[{"href":"https:\/\/www.estrategiaconcursos.com.br\/blog\/wp-json\/wp\/v2\/posts\/14088","targetHints":{"allow":["GET"]}}],"collection":[{"href":"https:\/\/www.estrategiaconcursos.com.br\/blog\/wp-json\/wp\/v2\/posts"}],"about":[{"href":"https:\/\/www.estrategiaconcursos.com.br\/blog\/wp-json\/wp\/v2\/types\/post"}],"author":[{"embeddable":true,"href":"https:\/\/www.estrategiaconcursos.com.br\/blog\/wp-json\/wp\/v2\/users\/26"}],"replies":[{"embeddable":true,"href":"https:\/\/www.estrategiaconcursos.com.br\/blog\/wp-json\/wp\/v2\/comments?post=14088"}],"version-history":[{"count":4,"href":"https:\/\/www.estrategiaconcursos.com.br\/blog\/wp-json\/wp\/v2\/posts\/14088\/revisions"}],"predecessor-version":[{"id":20872,"href":"https:\/\/www.estrategiaconcursos.com.br\/blog\/wp-json\/wp\/v2\/posts\/14088\/revisions\/20872"}],"wp:attachment":[{"href":"https:\/\/www.estrategiaconcursos.com.br\/blog\/wp-json\/wp\/v2\/media?parent=14088"}],"wp:term":[{"taxonomy":"category","embeddable":true,"href":"https:\/\/www.estrategiaconcursos.com.br\/blog\/wp-json\/wp\/v2\/categories?post=14088"},{"taxonomy":"post_tag","embeddable":true,"href":"https:\/\/www.estrategiaconcursos.com.br\/blog\/wp-json\/wp\/v2\/tags?post=14088"},{"taxonomy":"tax_estado","embeddable":true,"href":"https:\/\/www.estrategiaconcursos.com.br\/blog\/wp-json\/wp\/v2\/tax_estado?post=14088"}],"curies":[{"name":"wp","href":"https:\/\/api.w.org\/{rel}","templated":true}]}}