{"id":140400,"date":"2018-09-13T17:32:30","date_gmt":"2018-09-13T20:32:30","guid":{"rendered":"https:\/\/www.estrategiaconcursos.com.br\/blog\/?p=140400"},"modified":"2018-09-13T17:37:29","modified_gmt":"2018-09-13T20:37:29","slug":"defensoria-contesta-editais-no-es","status":"publish","type":"post","link":"https:\/\/www.estrategiaconcursos.com.br\/blog\/defensoria-contesta-editais-no-es\/","title":{"rendered":"Defensoria P\u00fablica contesta editais da PM e do CBM e caso gera pol\u00eamica no Esp\u00edrito Santo"},"content":{"rendered":"<p>A Defensoria P\u00fablica do Esp\u00edrito Santo se manisfestou contra a exig\u00eancia do exame de HIV para os candidatos dos concursos dos Bombeiros e da Policia Militar do estado. A Defensoria afirmou que, considerar os candidatos portadores do v\u00edrus incapazes para o cargo \u00e9 <strong>ilegal<\/strong>.<\/p>\n<p>Segundo os editais que est\u00e3o em vigor, mesmo se os candidatos portadores do HIV forem aprovados nos concursos, eles n\u00e3o poder\u00e3o exercer suas fun\u00e7\u00f5es por serem considerados incapazes. As provas dos concursos foram realizadas no dia 26 de agosto, e contaram com mais de <em>49 mil<\/em> candidatos disputando as vagas oferecidas.<\/p>\n<p>A Policia Militar j\u00e1 se manifestou atrav\u00e9s de uma nota, dizendo que uma resposta j\u00e1 foi encaminhada para o Minist\u00e9rio P\u00fablico e \u00e0 Defensoria P\u00fablica. Os Bombeiros informaram que ainda n\u00e3o foram notificados sobre o caso.<\/p>\n<div class=\"mc-column content-text active-extra-styles \" data-block-type=\"unstyled\" data-block-weight=\"45\" data-block-id=\"5\">\n<p class=\"content-text__container \" data-track-category=\"Link no Texto\" data-track-links=\"\">Segundo o defensor p\u00fablico Douglas Admiral Louzada, as exig\u00eancias dos editais ferem os princ\u00edpios dos Tratados Internacionais de Direitos Humanos, e tamb\u00e9m os artigos da Constitui\u00e7\u00e3o Federal que garantem tratamento igual a todos os cidad\u00e3os e assegura o trabalho como um direito social fundamental.<\/p>\n<\/div>\n<div class=\"mc-column content-text active-extra-styles \" data-block-type=\"unstyled\" data-block-weight=\"19\" data-block-id=\"6\">\n<p class=\"content-text__container \" data-track-category=\"Link no Texto\" data-track-links=\"\">O certame da Policia Militar ofertou um total de 290 vagas, divididas entre os cargos de\u00a0<span style=\"color: #000000;\">Oficial Combatente, Soldado Combatente e Soldado M\u00fasico. As remunera\u00e7\u00f5es inicias chegaram a R$ 3,5 mil.<\/span><\/p>\n<p data-track-category=\"Link no Texto\" data-track-links=\"\">O concurso dos Bombeiros ofertou 127 vagas divididas entre os cargos de Soldado e Oficial. As remunera\u00e7\u00f5es inicias variavam de R$ 1,2 mil a R$ 5,5 mil. Ambos os editais da PM e do CBM do Esp\u00edrito Santo foram publicados no mesmo dia, 20 de junho.<\/p>\n<\/div>\n","protected":false},"excerpt":{"rendered":"<p>A Defensoria P\u00fablica do Esp\u00edrito Santo se manisfestou contra a exig\u00eancia do exame de HIV para os candidatos dos concursos dos Bombeiros e da Policia Militar do estado. A Defensoria afirmou que, considerar os candidatos portadores do v\u00edrus incapazes para o cargo \u00e9 ilegal. Segundo os editais que est\u00e3o em vigor, mesmo se os candidatos [&hellip;]<\/p>\n","protected":false},"author":552,"featured_media":0,"comment_status":"open","ping_status":"closed","sticky":false,"template":"","format":"standard","meta":{"post_tipo":"article","footnotes":""},"categories":[1],"tags":[],"tax_estado":[],"class_list":["post-140400","post","type-post","status-publish","format-standard","hentry","category-cursos-e-concursos"],"acf":[],"yoast_head":"<!-- This site is optimized with the Yoast SEO Premium plugin v27.2 (Yoast SEO v27.2) - https:\/\/yoast.com\/product\/yoast-seo-premium-wordpress\/ -->\n<title>Defensoria P\u00fablica contesta editais da PM e do CBM e caso gera pol\u00eamica no Esp\u00edrito Santo<\/title>\n<meta name=\"description\" content=\"A Defensoria P\u00fablica do Esp\u00edrito Santo se manisfestou contra a exig\u00eancia dos editais para od concursos da PM e do CBM do estado. Confira os detalhes.\" \/>\n<meta name=\"robots\" content=\"index, follow, max-snippet:-1, max-image-preview:large, max-video-preview:-1\" \/>\n<link rel=\"canonical\" href=\"https:\/\/www.estrategiaconcursos.com.br\/blog\/defensoria-contesta-editais-no-es\/\" \/>\n<meta property=\"og:locale\" content=\"pt_BR\" \/>\n<meta property=\"og:type\" content=\"article\" \/>\n<meta property=\"og:title\" content=\"Defensoria P\u00fablica contesta editais da PM e do CBM e caso gera pol\u00eamica no Esp\u00edrito Santo\" \/>\n<meta property=\"og:description\" content=\"A Defensoria P\u00fablica do Esp\u00edrito Santo se manisfestou contra a exig\u00eancia dos editais para od concursos da PM e do CBM do estado. Confira os detalhes.\" \/>\n<meta property=\"og:url\" content=\"https:\/\/www.estrategiaconcursos.com.br\/blog\/defensoria-contesta-editais-no-es\/\" \/>\n<meta property=\"og:site_name\" content=\"Estrat\u00e9gia Concursos\" \/>\n<meta property=\"article:published_time\" content=\"2018-09-13T20:32:30+00:00\" \/>\n<meta property=\"article:modified_time\" content=\"2018-09-13T20:37:29+00:00\" \/>\n<meta name=\"author\" content=\"Paulo Bilynskyj\" \/>\n<meta name=\"twitter:card\" content=\"summary_large_image\" \/>\n<meta name=\"twitter:creator\" content=\"@EstratConcursos\" \/>\n<meta name=\"twitter:site\" content=\"@EstratConcursos\" \/>\n<meta name=\"twitter:label1\" content=\"Escrito por\" \/>\n\t<meta name=\"twitter:data1\" content=\"Paulo Bilynskyj\" \/>\n\t<meta name=\"twitter:label2\" content=\"Est. tempo de leitura\" \/>\n\t<meta name=\"twitter:data2\" content=\"1 minuto\" \/>\n<script type=\"application\/ld+json\" class=\"yoast-schema-graph\">{\"@context\":\"https:\/\/schema.org\",\"@graph\":[{\"@type\":\"NewsArticle\",\"@id\":\"https:\/\/www.estrategiaconcursos.com.br\/blog\/defensoria-contesta-editais-no-es\/#article\",\"isPartOf\":{\"@id\":\"https:\/\/www.estrategiaconcursos.com.br\/blog\/defensoria-contesta-editais-no-es\/\"},\"author\":{\"name\":\"Paulo Bilynskyj\",\"@id\":\"https:\/\/www.estrategiaconcursos.com.br\/blog\/#\/schema\/person\/a630b15e36f45b4c21fed01219843cb5\"},\"headline\":\"Defensoria P\u00fablica contesta editais da PM e do CBM e caso gera pol\u00eamica no Esp\u00edrito Santo\",\"datePublished\":\"2018-09-13T20:32:30+00:00\",\"dateModified\":\"2018-09-13T20:37:29+00:00\",\"mainEntityOfPage\":{\"@id\":\"https:\/\/www.estrategiaconcursos.com.br\/blog\/defensoria-contesta-editais-no-es\/\"},\"wordCount\":284,\"commentCount\":0,\"publisher\":{\"@id\":\"https:\/\/www.estrategiaconcursos.com.br\/blog\/#organization\"},\"articleSection\":[\"Concursos P\u00fablicos\"],\"inLanguage\":\"pt-BR\",\"potentialAction\":[{\"@type\":\"CommentAction\",\"name\":\"Comment\",\"target\":[\"https:\/\/www.estrategiaconcursos.com.br\/blog\/defensoria-contesta-editais-no-es\/#respond\"]}],\"copyrightYear\":\"2018\",\"copyrightHolder\":{\"@id\":\"https:\/\/www.estrategiaconcursos.com.br\/blog\/#organization\"}},{\"@type\":\"WebPage\",\"@id\":\"https:\/\/www.estrategiaconcursos.com.br\/blog\/defensoria-contesta-editais-no-es\/\",\"url\":\"https:\/\/www.estrategiaconcursos.com.br\/blog\/defensoria-contesta-editais-no-es\/\",\"name\":\"Defensoria P\u00fablica contesta editais da PM e do CBM e caso gera pol\u00eamica no Esp\u00edrito Santo\",\"isPartOf\":{\"@id\":\"https:\/\/www.estrategiaconcursos.com.br\/blog\/#website\"},\"datePublished\":\"2018-09-13T20:32:30+00:00\",\"dateModified\":\"2018-09-13T20:37:29+00:00\",\"description\":\"A Defensoria P\u00fablica do Esp\u00edrito Santo se manisfestou contra a exig\u00eancia dos editais para od concursos da PM e do CBM do estado. Confira os detalhes.\",\"breadcrumb\":{\"@id\":\"https:\/\/www.estrategiaconcursos.com.br\/blog\/defensoria-contesta-editais-no-es\/#breadcrumb\"},\"inLanguage\":\"pt-BR\",\"potentialAction\":[{\"@type\":\"ReadAction\",\"target\":[\"https:\/\/www.estrategiaconcursos.com.br\/blog\/defensoria-contesta-editais-no-es\/\"]}]},{\"@type\":\"BreadcrumbList\",\"@id\":\"https:\/\/www.estrategiaconcursos.com.br\/blog\/defensoria-contesta-editais-no-es\/#breadcrumb\",\"itemListElement\":[{\"@type\":\"ListItem\",\"position\":1,\"name\":\"In\u00edcio\",\"item\":\"https:\/\/www.estrategiaconcursos.com.br\/blog\/\"},{\"@type\":\"ListItem\",\"position\":2,\"name\":\"Defensoria P\u00fablica contesta editais da PM e do CBM e caso gera pol\u00eamica no Esp\u00edrito Santo\"}]},{\"@type\":\"WebSite\",\"@id\":\"https:\/\/www.estrategiaconcursos.com.br\/blog\/#website\",\"url\":\"https:\/\/www.estrategiaconcursos.com.br\/blog\/\",\"name\":\"Estrat\u00e9gia Concursos\",\"description\":\"O blog da Estrat\u00e9gia Concursos traz not\u00edcias sobre concursos e artigos de professores oferecendo cursos para concursos (pdf + videaulas) no site.\",\"publisher\":{\"@id\":\"https:\/\/www.estrategiaconcursos.com.br\/blog\/#organization\"},\"potentialAction\":[{\"@type\":\"SearchAction\",\"target\":{\"@type\":\"EntryPoint\",\"urlTemplate\":\"https:\/\/www.estrategiaconcursos.com.br\/blog\/?s={search_term_string}\"},\"query-input\":{\"@type\":\"PropertyValueSpecification\",\"valueRequired\":true,\"valueName\":\"search_term_string\"}}],\"inLanguage\":\"pt-BR\"},{\"@type\":\"Organization\",\"@id\":\"https:\/\/www.estrategiaconcursos.com.br\/blog\/#organization\",\"name\":\"Estrat\u00e9gia Concursos\",\"url\":\"https:\/\/www.estrategiaconcursos.com.br\/blog\/\",\"logo\":{\"@type\":\"ImageObject\",\"inLanguage\":\"pt-BR\",\"@id\":\"https:\/\/www.estrategiaconcursos.com.br\/blog\/#\/schema\/logo\/image\/\",\"url\":\"https:\/\/dhg1h5j42swfq.cloudfront.net\/2025\/06\/03203428\/logo_concursos-1.jpg\",\"contentUrl\":\"https:\/\/dhg1h5j42swfq.cloudfront.net\/2025\/06\/03203428\/logo_concursos-1.jpg\",\"width\":230,\"height\":60,\"caption\":\"Estrat\u00e9gia Concursos\"},\"image\":{\"@id\":\"https:\/\/www.estrategiaconcursos.com.br\/blog\/#\/schema\/logo\/image\/\"},\"sameAs\":[\"https:\/\/x.com\/EstratConcursos\"]},{\"@type\":\"Person\",\"@id\":\"https:\/\/www.estrategiaconcursos.com.br\/blog\/#\/schema\/person\/a630b15e36f45b4c21fed01219843cb5\",\"name\":\"Paulo Bilynskyj\",\"image\":{\"@type\":\"ImageObject\",\"inLanguage\":\"pt-BR\",\"@id\":\"https:\/\/secure.gravatar.com\/avatar\/37e21f70c9042e7456beffdc6d31fe051f3f6dcbf252f69343a791b144852057?s=96&d=mm&r=g\",\"url\":\"https:\/\/secure.gravatar.com\/avatar\/37e21f70c9042e7456beffdc6d31fe051f3f6dcbf252f69343a791b144852057?s=96&d=mm&r=g\",\"contentUrl\":\"https:\/\/secure.gravatar.com\/avatar\/37e21f70c9042e7456beffdc6d31fe051f3f6dcbf252f69343a791b144852057?s=96&d=mm&r=g\",\"caption\":\"Paulo Bilynskyj\"},\"url\":\"https:\/\/www.estrategiaconcursos.com.br\/blog\/author\/pbilynskyjgmail-com\/\"}]}<\/script>\n<!-- \/ Yoast SEO Premium plugin. -->","yoast_head_json":{"title":"Defensoria P\u00fablica contesta editais da PM e do CBM e caso gera pol\u00eamica no Esp\u00edrito Santo","description":"A Defensoria P\u00fablica do Esp\u00edrito Santo se manisfestou contra a exig\u00eancia dos editais para od concursos da PM e do CBM do estado. Confira os detalhes.","robots":{"index":"index","follow":"follow","max-snippet":"max-snippet:-1","max-image-preview":"max-image-preview:large","max-video-preview":"max-video-preview:-1"},"canonical":"https:\/\/www.estrategiaconcursos.com.br\/blog\/defensoria-contesta-editais-no-es\/","og_locale":"pt_BR","og_type":"article","og_title":"Defensoria P\u00fablica contesta editais da PM e do CBM e caso gera pol\u00eamica no Esp\u00edrito Santo","og_description":"A Defensoria P\u00fablica do Esp\u00edrito Santo se manisfestou contra a exig\u00eancia dos editais para od concursos da PM e do CBM do estado. Confira os detalhes.","og_url":"https:\/\/www.estrategiaconcursos.com.br\/blog\/defensoria-contesta-editais-no-es\/","og_site_name":"Estrat\u00e9gia Concursos","article_published_time":"2018-09-13T20:32:30+00:00","article_modified_time":"2018-09-13T20:37:29+00:00","author":"Paulo Bilynskyj","twitter_card":"summary_large_image","twitter_creator":"@EstratConcursos","twitter_site":"@EstratConcursos","twitter_misc":{"Escrito por":"Paulo Bilynskyj","Est. tempo de leitura":"1 minuto"},"schema":{"@context":"https:\/\/schema.org","@graph":[{"@type":"NewsArticle","@id":"https:\/\/www.estrategiaconcursos.com.br\/blog\/defensoria-contesta-editais-no-es\/#article","isPartOf":{"@id":"https:\/\/www.estrategiaconcursos.com.br\/blog\/defensoria-contesta-editais-no-es\/"},"author":{"name":"Paulo Bilynskyj","@id":"https:\/\/www.estrategiaconcursos.com.br\/blog\/#\/schema\/person\/a630b15e36f45b4c21fed01219843cb5"},"headline":"Defensoria P\u00fablica contesta editais da PM e do CBM e caso gera pol\u00eamica no Esp\u00edrito Santo","datePublished":"2018-09-13T20:32:30+00:00","dateModified":"2018-09-13T20:37:29+00:00","mainEntityOfPage":{"@id":"https:\/\/www.estrategiaconcursos.com.br\/blog\/defensoria-contesta-editais-no-es\/"},"wordCount":284,"commentCount":0,"publisher":{"@id":"https:\/\/www.estrategiaconcursos.com.br\/blog\/#organization"},"articleSection":["Concursos P\u00fablicos"],"inLanguage":"pt-BR","potentialAction":[{"@type":"CommentAction","name":"Comment","target":["https:\/\/www.estrategiaconcursos.com.br\/blog\/defensoria-contesta-editais-no-es\/#respond"]}],"copyrightYear":"2018","copyrightHolder":{"@id":"https:\/\/www.estrategiaconcursos.com.br\/blog\/#organization"}},{"@type":"WebPage","@id":"https:\/\/www.estrategiaconcursos.com.br\/blog\/defensoria-contesta-editais-no-es\/","url":"https:\/\/www.estrategiaconcursos.com.br\/blog\/defensoria-contesta-editais-no-es\/","name":"Defensoria P\u00fablica contesta editais da PM e do CBM e caso gera pol\u00eamica no Esp\u00edrito Santo","isPartOf":{"@id":"https:\/\/www.estrategiaconcursos.com.br\/blog\/#website"},"datePublished":"2018-09-13T20:32:30+00:00","dateModified":"2018-09-13T20:37:29+00:00","description":"A Defensoria P\u00fablica do Esp\u00edrito Santo se manisfestou contra a exig\u00eancia dos editais para od concursos da PM e do CBM do estado. Confira os detalhes.","breadcrumb":{"@id":"https:\/\/www.estrategiaconcursos.com.br\/blog\/defensoria-contesta-editais-no-es\/#breadcrumb"},"inLanguage":"pt-BR","potentialAction":[{"@type":"ReadAction","target":["https:\/\/www.estrategiaconcursos.com.br\/blog\/defensoria-contesta-editais-no-es\/"]}]},{"@type":"BreadcrumbList","@id":"https:\/\/www.estrategiaconcursos.com.br\/blog\/defensoria-contesta-editais-no-es\/#breadcrumb","itemListElement":[{"@type":"ListItem","position":1,"name":"In\u00edcio","item":"https:\/\/www.estrategiaconcursos.com.br\/blog\/"},{"@type":"ListItem","position":2,"name":"Defensoria P\u00fablica contesta editais da PM e do CBM e caso gera pol\u00eamica no Esp\u00edrito Santo"}]},{"@type":"WebSite","@id":"https:\/\/www.estrategiaconcursos.com.br\/blog\/#website","url":"https:\/\/www.estrategiaconcursos.com.br\/blog\/","name":"Estrat\u00e9gia Concursos","description":"O blog da Estrat\u00e9gia Concursos traz not\u00edcias sobre concursos e artigos de professores oferecendo cursos para concursos (pdf + videaulas) no site.","publisher":{"@id":"https:\/\/www.estrategiaconcursos.com.br\/blog\/#organization"},"potentialAction":[{"@type":"SearchAction","target":{"@type":"EntryPoint","urlTemplate":"https:\/\/www.estrategiaconcursos.com.br\/blog\/?s={search_term_string}"},"query-input":{"@type":"PropertyValueSpecification","valueRequired":true,"valueName":"search_term_string"}}],"inLanguage":"pt-BR"},{"@type":"Organization","@id":"https:\/\/www.estrategiaconcursos.com.br\/blog\/#organization","name":"Estrat\u00e9gia Concursos","url":"https:\/\/www.estrategiaconcursos.com.br\/blog\/","logo":{"@type":"ImageObject","inLanguage":"pt-BR","@id":"https:\/\/www.estrategiaconcursos.com.br\/blog\/#\/schema\/logo\/image\/","url":"https:\/\/dhg1h5j42swfq.cloudfront.net\/2025\/06\/03203428\/logo_concursos-1.jpg","contentUrl":"https:\/\/dhg1h5j42swfq.cloudfront.net\/2025\/06\/03203428\/logo_concursos-1.jpg","width":230,"height":60,"caption":"Estrat\u00e9gia Concursos"},"image":{"@id":"https:\/\/www.estrategiaconcursos.com.br\/blog\/#\/schema\/logo\/image\/"},"sameAs":["https:\/\/x.com\/EstratConcursos"]},{"@type":"Person","@id":"https:\/\/www.estrategiaconcursos.com.br\/blog\/#\/schema\/person\/a630b15e36f45b4c21fed01219843cb5","name":"Paulo Bilynskyj","image":{"@type":"ImageObject","inLanguage":"pt-BR","@id":"https:\/\/secure.gravatar.com\/avatar\/37e21f70c9042e7456beffdc6d31fe051f3f6dcbf252f69343a791b144852057?s=96&d=mm&r=g","url":"https:\/\/secure.gravatar.com\/avatar\/37e21f70c9042e7456beffdc6d31fe051f3f6dcbf252f69343a791b144852057?s=96&d=mm&r=g","contentUrl":"https:\/\/secure.gravatar.com\/avatar\/37e21f70c9042e7456beffdc6d31fe051f3f6dcbf252f69343a791b144852057?s=96&d=mm&r=g","caption":"Paulo Bilynskyj"},"url":"https:\/\/www.estrategiaconcursos.com.br\/blog\/author\/pbilynskyjgmail-com\/"}]}},"_links":{"self":[{"href":"https:\/\/www.estrategiaconcursos.com.br\/blog\/wp-json\/wp\/v2\/posts\/140400","targetHints":{"allow":["GET"]}}],"collection":[{"href":"https:\/\/www.estrategiaconcursos.com.br\/blog\/wp-json\/wp\/v2\/posts"}],"about":[{"href":"https:\/\/www.estrategiaconcursos.com.br\/blog\/wp-json\/wp\/v2\/types\/post"}],"author":[{"embeddable":true,"href":"https:\/\/www.estrategiaconcursos.com.br\/blog\/wp-json\/wp\/v2\/users\/552"}],"replies":[{"embeddable":true,"href":"https:\/\/www.estrategiaconcursos.com.br\/blog\/wp-json\/wp\/v2\/comments?post=140400"}],"version-history":[{"count":8,"href":"https:\/\/www.estrategiaconcursos.com.br\/blog\/wp-json\/wp\/v2\/posts\/140400\/revisions"}],"predecessor-version":[{"id":140409,"href":"https:\/\/www.estrategiaconcursos.com.br\/blog\/wp-json\/wp\/v2\/posts\/140400\/revisions\/140409"}],"wp:attachment":[{"href":"https:\/\/www.estrategiaconcursos.com.br\/blog\/wp-json\/wp\/v2\/media?parent=140400"}],"wp:term":[{"taxonomy":"category","embeddable":true,"href":"https:\/\/www.estrategiaconcursos.com.br\/blog\/wp-json\/wp\/v2\/categories?post=140400"},{"taxonomy":"post_tag","embeddable":true,"href":"https:\/\/www.estrategiaconcursos.com.br\/blog\/wp-json\/wp\/v2\/tags?post=140400"},{"taxonomy":"tax_estado","embeddable":true,"href":"https:\/\/www.estrategiaconcursos.com.br\/blog\/wp-json\/wp\/v2\/tax_estado?post=140400"}],"curies":[{"name":"wp","href":"https:\/\/api.w.org\/{rel}","templated":true}]}}