{"id":1400707,"date":"2024-05-19T15:00:00","date_gmt":"2024-05-19T18:00:00","guid":{"rendered":"https:\/\/www.estrategiaconcursos.com.br\/blog\/?p=1400707"},"modified":"2024-05-19T21:47:18","modified_gmt":"2024-05-20T00:47:18","slug":"gabarito-extraoficial-depen-pr-confira-a-correcao","status":"publish","type":"post","link":"https:\/\/www.estrategiaconcursos.com.br\/blog\/gabarito-extraoficial-depen-pr-confira-a-correcao\/","title":{"rendered":"Gabarito Extraoficial DEPEN PR: confira a corre\u00e7\u00e3o!"},"content":{"rendered":"\n<p>Neste domingo, 19 de maio, foram aplicadas as provas do <strong>concurso DEPEN PR<\/strong> (<a href=\"https:\/\/www.estrategiaconcursos.com.br\/cursosPorConcurso\/departamento-penitenciario-do-estado-do-parana-depen-pr\/\" target=\"_blank\" rel=\"noreferrer noopener\">Secretaria de Estado da Seguran\u00e7a P\u00fablica \u2013 SESP\/PR<\/a>) ao cargo de <strong>Policial Penal.<\/strong><\/p>\n\n\n\n<p>Com o objetivo de ajud\u00e1-lo a diminuir um pouco a ansiedade de saber se foi bem ou n\u00e3o em um concurso t\u00e3o visado e importante,\u00a0<strong>nossos professores realizaram a corre\u00e7\u00e3o, dando o<\/strong>\u00a0<strong>gabarito extraoficial da prova DEPEN PR.<\/strong><\/p>\n\n\n\n<p>Portanto, confira, antecipadamente, seu desempenho e ainda receba dicas de recursos (se houver necessidade, claro!). Lembrando que o&nbsp;gabarito oficial preliminar ser\u00e1 publicado pelo <a href=\"https:\/\/www.institutoaocp.org.br\/concursos\/604\" target=\"_blank\" rel=\"noreferrer noopener\">Instituto AOCP<\/a>.<\/p>\n\n\n\n<figure class=\"wp-block-table is-style-stripes\"><table><tbody><tr><td class=\"has-text-align-center\" data-align=\"center\" colspan=\"2\"><strong>\u00c2ncora<\/strong>: <strong>Ant\u00f4nio Pequeno<\/strong><\/td><\/tr><tr><td class=\"has-text-align-center\" data-align=\"center\"><strong>Disciplinas<\/strong><\/td><td class=\"has-text-align-center\" data-align=\"center\"><strong>Professores<\/strong><\/td><\/tr><tr><td class=\"has-text-align-center\" data-align=\"center\">L\u00edngua Portuguesa<\/td><td class=\"has-text-align-center\" data-align=\"center\">Fabricio Dutra<\/td><\/tr><tr><td class=\"has-text-align-center\" data-align=\"center\">Racioc\u00ednio L\u00f3gico Matem\u00e1tico<\/td><td class=\"has-text-align-center\" data-align=\"center\">Jhoni Zini<\/td><\/tr><tr><td class=\"has-text-align-center\" data-align=\"center\">Inform\u00e1tica<\/td><td class=\"has-text-align-center\" data-align=\"center\">Renato da Costa<\/td><\/tr><tr><td class=\"has-text-align-center\" data-align=\"center\">Direito Constitucional<\/td><td class=\"has-text-align-center\" data-align=\"center\">Adriane Fauth<\/td><\/tr><tr><td class=\"has-text-align-center\" data-align=\"center\">Direito Administrativo<\/td><td class=\"has-text-align-center\" data-align=\"center\">Ant\u00f4nio Daud<\/td><\/tr><tr><td class=\"has-text-align-center\" data-align=\"center\">Direito Penal<\/td><td class=\"has-text-align-center\" data-align=\"center\">Ivo Martins<\/td><\/tr><tr><td class=\"has-text-align-center\" data-align=\"center\">Direito Processual Penal<\/td><td class=\"has-text-align-center\" data-align=\"center\">Priscila Silveira<\/td><\/tr><tr><td class=\"has-text-align-center\" data-align=\"center\">Direitos Humanos<\/td><td class=\"has-text-align-center\" data-align=\"center\">Lilian Novakoski<\/td><\/tr><tr><td class=\"has-text-align-center\" data-align=\"center\">Criminologia<\/td><td class=\"has-text-align-center\" data-align=\"center\">Alexandre Herculano<\/td><\/tr><tr><td class=\"has-text-align-center\" data-align=\"center\">Direito Penitenci\u00e1rio<\/td><td class=\"has-text-align-center\" data-align=\"center\">Ant\u00f4nio Pequeno<\/td><\/tr><tr><td class=\"has-text-align-center\" data-align=\"center\">Legisla\u00e7\u00e3o Extravagante<\/td><td class=\"has-text-align-center\" data-align=\"center\">Ant\u00f4nio Pequeno<\/td><\/tr><tr><td class=\"has-text-align-center\" data-align=\"center\">Estatuto do Servidor<\/td><td class=\"has-text-align-center\" data-align=\"center\">F\u00e1bio Ramos<\/td><\/tr><\/tbody><\/table><\/figure>\n\n\n\n<h2 class=\"wp-block-heading\" id=\"block-eecc63f8-1d49-4753-9cd7-5c0e67486f6c\">Corre\u00e7\u00e3o e Gabarito Extraoficial DEPEN PR<\/h2>\n\n\n<figure class=\"wp-block-embed-youtube wp-block-embed is-type-video is-provider-youtube wp-embed-aspect-16-9 wp-has-aspect-ratio\"><div class=\"lyte-wrapper\" style=\"width:853px;max-width:100%;margin:5px;\"><div class=\"lyMe\" id=\"WYL_gixGwTmyfC4\"><div id=\"lyte_gixGwTmyfC4\" data-src=\"\/\/i.ytimg.com\/vi\/gixGwTmyfC4\/hqdefault.jpg\" class=\"pL\"><div class=\"tC\"><div class=\"tT\"><\/div><\/div><div class=\"play\"><\/div><div class=\"ctrl\"><div class=\"Lctrl\"><\/div><div class=\"Rctrl\"><\/div><\/div><\/div><noscript><a href=\"https:\/\/youtu.be\/gixGwTmyfC4\" rel=\"nofollow\"><img loading=\"lazy\" decoding=\"async\" src=\"https:\/\/i.ytimg.com\/vi\/gixGwTmyfC4\/0.jpg\" alt=\"YouTube video thumbnail\" width=\"853\" height=\"460\" \/><br \/>Assista a este v\u00eddeo no YouTube<\/a><\/noscript><\/div><\/div><div class=\"lL\" style=\"max-width:100%;width:853px;margin:5px;\"><\/div><figcaption><\/figcaption><\/figure>\n\n\n<h3 class=\"wp-block-heading\" id=\"h-gabarito-extraoficial-depen-pr-policia-penal\">Gabarito extraoficial DEPEN PR &#8211; Pol\u00edcia Penal<\/h3>\n\n\n\n<p>Abaixo, voc\u00ea confere os gabaritos das quest\u00f5es corrigidas pelos nossos professores. \u00c0 medida em que as corre\u00e7\u00f5es forem realizadas, o artigo ser\u00e1 atualizado. <\/p>\n\n\n\n<p>Como existem v\u00e1rios tipos de provas, voc\u00ea pode conferindo o in\u00edcio da quest\u00e3o:<strong><span style=\"text-decoration: underline;\"><\/span><\/strong><\/p>\n\n\n\n<p><strong>Quest\u00e3o 01:<\/strong>&nbsp;No trecho &#8220;Essa dan\u00e7a comunicativa&#8230;&#8221;<br \/><strong><em>Resposta:<\/em><\/strong> B &#8211; a palavra &#8220;comunicativa&#8221;&#8230;<\/p>\n\n\n\n<p><strong>Quest\u00e3o 02:<\/strong>&nbsp;Assinale a alternativa correta.<br \/><strong><em>Resposta:<\/em><\/strong> C &#8211; Em &#8221; [&#8230;] parcialmente moldada&#8230;<\/p>\n\n\n\n<p><strong>Quest\u00e3o 03:<\/strong>&nbsp;Assinale a alternativa em que o termo&#8230;<br \/><strong><em>Resposta:<\/em><\/strong> A &#8211; Atrav\u00e9s dos seus passinhos&#8230;<\/p>\n\n\n\n<p><strong>Quest\u00e3o 04:<\/strong> Assinale a alternativa em que a reescrita&#8230;&nbsp;<br \/><strong><em>Resposta:<\/em><\/strong> C &#8211; Elas se movimentaram t\u00e3o mal&#8230;<\/p>\n\n\n\n<p><strong>Quest\u00e3o 05:<\/strong>&nbsp;&#8220;\u00c0 medida que ganhavam&#8230;&#8221;<br \/><strong><em>Resposta:<\/em><\/strong> A &#8211; &#8220;Amadurecidas&#8221; \u00e9 um item&#8230;<\/p>\n\n\n\n<p><strong>Quest\u00e3o 06:<\/strong>&nbsp;Leia o seguinte trecho do texto de apoio&#8230;<br \/><strong><em>Resposta:<\/em><\/strong> C &#8211; O conectivo &#8220;mas&#8221;&#8230;<\/p>\n\n\n\n<p><strong>Quest\u00e3o 07:<\/strong>&nbsp;Em rela\u00e7\u00e3o \u00e0 compreens\u00e3o<br \/><strong><em>Resposta:<\/em><\/strong> E &#8211; Mesmo sem professores&#8230;<\/p>\n\n\n\n<p><strong>Quest\u00e3o 08:<\/strong>&nbsp;No trecho &#8220;Por\u00e9m, assim como&#8230;&#8221;<br \/><strong><em>Resposta:<\/em><\/strong> D &#8211; compara\u00e7\u00e3o.<\/p>\n\n\n\n<p><strong>Quest\u00e3o 09:<\/strong>&nbsp;Assinale a alternativa que apresenta um termo&#8230;<br \/><strong><em>Resposta:<\/em><\/strong> B &#8211; Negligentes.<\/p>\n\n\n\n<p><strong>Quest\u00e3o 10:<\/strong>&nbsp;Leia o trecho a seguir e assinale a alternativa&#8230;<br \/><strong><em>Resposta:<\/em><\/strong> D &#8211; Em contextos informais&#8230;<\/p>\n\n\n\n<p><strong>Quest\u00e3o 11:<\/strong>&nbsp;Visando aumentar a seguran\u00e7a&#8230;<br \/><strong><em>Resposta:<\/em><\/strong> E &#8211; 3<\/p>\n\n\n\n<p><strong>Quest\u00e3o 12:<\/strong>&nbsp;Uma medida para evitar que as pessoas&#8230;<br \/><strong><em>Resposta:<\/em><\/strong> C &#8211; 15<\/p>\n\n\n\n<p><strong>Quest\u00e3o 13:<\/strong>&nbsp;Se a sequ\u00eancia&#8230;<br \/><strong><em>Resposta:<\/em><\/strong> A &#8211; A e L.<\/p>\n\n\n\n<p><strong>Quest\u00e3o 14:<\/strong>&nbsp;Cera opera\u00e7\u00e3o conjunta&#8230;<br \/><strong><em>Resposta:<\/em><\/strong> C &#8211; Adelmo e D\u00eanis.<\/p>\n\n\n\n<p><strong>Quest\u00e3o 15:<\/strong>&nbsp;Observando as fichas das pessoas&#8230;<br \/><strong><em>Resposta:<\/em><\/strong> D &#8211; Enzo tem que cumprir&#8230;<\/p>\n\n\n\n<p><strong>Quest\u00e3o 16:<\/strong>&nbsp;Certa unidade do sistema prisional&#8230;<br \/><strong><em>Resposta:<\/em><\/strong> D &#8211; 6,0m<\/p>\n\n\n\n<p><strong>Quest\u00e3o 17:<\/strong>&nbsp;Certa cidade com o atendimento&#8230;<br \/><strong><em>Resposta:<\/em><\/strong> B &#8211; 7,5 km<\/p>\n\n\n\n<p><strong>Quest\u00e3o 18:<\/strong>&nbsp;Um grupo de amigos&#8230;<br \/><strong><em>Resposta:<\/em><\/strong> B &#8211; 22 anos<\/p>\n\n\n\n<p><strong>Quest\u00e3o 19:<\/strong>&nbsp;Em certa localidade, diante do brilhante&#8230;<br \/><strong><em>Resposta:<\/em><\/strong> A &#8211; 99,2%<\/p>\n\n\n\n<p><strong>Quest\u00e3o 20:<\/strong>&nbsp;Em rela\u00e7\u00e3o \u00e0 proposi\u00e7\u00e3o&#8230;<br \/><strong><em>Resposta:<\/em><\/strong> E &#8211; Se o relat\u00f3rio policial&#8230;<\/p>\n\n\n\n<p><strong>Quest\u00e3o 21:<\/strong>&nbsp;As grandezas computacionais&#8230;<br \/><strong><em>Resposta:<\/em><\/strong> B &#8211; 28 gigabytes&#8230;<\/p>\n\n\n\n<p><strong>Quest\u00e3o 22:<\/strong>&nbsp;Quanto aos softwares&#8230;<br \/><strong><em>Resposta:<\/em><\/strong> E &#8211; Entra em atividade&#8230;<\/p>\n\n\n\n<p><strong>Quest\u00e3o 23:<\/strong> Ao abrir o assistente de fun\u00e7\u00f5es&#8230;&nbsp;<br \/><strong><em>Resposta:<\/em><\/strong> A &#8211; M\u00cdNIMO.<\/p>\n\n\n\n<p><strong>Quest\u00e3o 24:<\/strong> Na vers\u00e3o 2016&#8230;&nbsp;<br \/><strong><em>Resposta:<\/em><\/strong> C &#8211; Ctrl + K<\/p>\n\n\n\n<p><strong>Quest\u00e3o 25:<\/strong>&nbsp;O navegador web Firefox&#8230;<br \/><strong><em>Resposta:<\/em><\/strong> D &#8211; M\u00f3dulos.<\/p>\n\n\n\n<p><strong>Quest\u00e3o 26:<\/strong>&nbsp;Conforme estabelece a Constitui\u00e7\u00e3o Federal&#8230;<br \/><strong><em>Resposta:<\/em><\/strong> A &#8211; Impessoalidade e Isonomia.<\/p>\n\n\n\n<p><strong>Quest\u00e3o 27:<\/strong>&nbsp;Acerca da Lei  de Improbidade&#8230;<br \/><strong><em>Resposta:<\/em><\/strong> D (E, C, C, E) &#8211; Apenas II e III est\u00e3o corretas.<\/p>\n\n\n\n<p><strong>Quest\u00e3o 28:<\/strong>&nbsp;Acerca da responsabilidade das pessoas&#8230;<br \/><strong><em>Resposta:<\/em><\/strong> D &#8211; Existe responsabilidade civil&#8230;<\/p>\n\n\n\n<p><strong>Quest\u00e3o 29:<\/strong>&nbsp;A organiza\u00e7\u00e3o pol\u00edtico-administrativa&#8230;<br \/><strong><em>Resposta:<\/em><\/strong> B &#8211; A Uni\u00e3o, os Estados&#8230;<\/p>\n\n\n\n<p><strong>Quest\u00e3o 30:<\/strong>&nbsp;De acordo com o Estatuto do Desarmamento&#8230;<br \/><strong><em>Resposta:<\/em><\/strong> E &#8211; Considera-se paintball&#8230;<\/p>\n\n\n\n<p><strong>Quest\u00e3o 31:<\/strong>&nbsp;Alceu, policial penal lotado&#8230;<br \/><strong><em>Resposta:<\/em><\/strong> A &#8211; Mateus e Marcos poder\u00e3o&#8230;<\/p>\n\n\n\n<p><strong>Quest\u00e3o 32:<\/strong>&nbsp;Lucas e Bruna, policiais penais&#8230;<br \/><strong><em>Resposta:<\/em><\/strong> D &#8211; O retardamento da interven\u00e7\u00e3o&#8230;<\/p>\n\n\n\n<p><strong>Quest\u00e3o 33:<\/strong>&nbsp;Anderson \u00e9 policial penal atuante&#8230;<br \/><strong><em>Resposta:<\/em><\/strong> B &#8211; O detento comete crime hediondo&#8230;<\/p>\n\n\n\n<p><strong>Quest\u00e3o 34:<\/strong>&nbsp;De acordo com a Lei de Acesso \u00e0 Informa\u00e7\u00e3o&#8230;<br \/><strong><em>Resposta:<\/em><\/strong> C &#8211; \u00c9 dever do Departamento de Pol\u00edcia&#8230;<\/p>\n\n\n\n<p><strong>Quest\u00e3o 35:<\/strong>&nbsp;De acordo com a Lei Maria da Penha&#8230;<br \/><strong><em>Resposta:<\/em><\/strong> A &#8211; subtra\u00e7\u00e3o<\/p>\n\n\n\n<p><strong>Quest\u00e3o 36:<\/strong>&nbsp;Marisa \u00e9 policial penal lotada&#8230;<br \/><strong><em>Resposta:<\/em><\/strong> B &#8211; Roberto responder\u00e1 por crime&#8230;<\/p>\n\n\n\n<p><strong>Quest\u00e3o 37:<\/strong>&nbsp;S\u00e3o crimes ambientais&#8230;<br \/><strong><em>Resposta:<\/em><\/strong> E &#8211; dar in\u00edcio, de qualquer modo&#8230;<\/p>\n\n\n\n<p><strong>Quest\u00e3o 38:<\/strong>&nbsp;De acordo com a Lei Estadual&#8230;<br \/><strong><em>Resposta:<\/em><\/strong> B &#8211; fabricar, vender, transportar&#8230;<\/p>\n\n\n\n<p><strong>Quest\u00e3o 39:<\/strong>&nbsp;A legisla\u00e7\u00e3o brasileira prev\u00ea&#8230;<br \/><strong><em>Resposta:<\/em><\/strong> E &#8211; \u00c9 vedada a divulga\u00e7\u00e3o de atos&#8230;<\/p>\n\n\n\n<p><strong>Quest\u00e3o 40:<\/strong>&nbsp;Como servidores p\u00fablicos&#8230;<br \/><strong><em>Resposta:<\/em><\/strong> A &#8211; cumprir o dever de atender&#8230;<\/p>\n\n\n\n<p><strong>Quest\u00e3o 41:<\/strong>&nbsp;Em vasculhamento \u00e0 cela&#8230;<br \/><strong><em>Resposta:<\/em><\/strong> C &#8211; Inexiste materialidade para&#8230;<\/p>\n\n\n\n<p><strong>Quest\u00e3o 42:<\/strong>&nbsp;\u00c9 crime, previsto na Lei de Abuso&#8230;<br \/><strong><em>Resposta:<\/em><\/strong> D &#8211; inovar artificiosamente, no curso&#8230;<\/p>\n\n\n\n<p><strong>Quest\u00e3o 43:<\/strong>&nbsp;De acordo com a Lei de Intercepta\u00e7\u00e3o&#8230;<br \/><strong><em>Resposta:<\/em><\/strong> C &#8211; instru\u00e7\u00e3o \/ m\u00e1ximas<\/p>\n\n\n\n<p><strong>Quest\u00e3o 44:<\/strong>&nbsp;L\u00e1zaro e Arnaldo s\u00e3o membros&#8230;<br \/><strong><em>Resposta:<\/em><\/strong> B &#8211; tortura: &#8230; com o fim de obter informa\u00e7\u00e3o&#8230;<\/p>\n\n\n\n<p><strong>Quest\u00e3o 45:<\/strong>&nbsp;Diante de intensas chuvas&#8230;<br \/><strong><em>Resposta:<\/em><\/strong> E &#8211; Aprovada a Medida&#8230;<\/p>\n\n\n\n<p><strong>Quest\u00e3o 46:<\/strong>&nbsp;O modelo federalista&#8230;<br \/><strong><em>Resposta:<\/em><\/strong> B &#8211; A Federa\u00e7\u00e3o \u00e9 indissol\u00favel&#8230;<\/p>\n\n\n\n<p><strong>Quest\u00e3o 47:<\/strong>&nbsp;Acerca da cidadania&#8230;<br \/><strong><em>Resposta:<\/em><\/strong> D &#8211; o brasileiro nato pode&#8230;<\/p>\n\n\n\n<p><strong>Quest\u00e3o 48:<\/strong>&nbsp;Acerca do que disp\u00f5e a Constitui\u00e7\u00e3o&#8230;<br \/><strong><em>Resposta:<\/em><\/strong> A &#8211; I, II, III e IV est\u00e3o corretas.<\/p>\n\n\n\n<p><strong>Quest\u00e3o 49:<\/strong>&nbsp;Acerca das atribui\u00e7\u00f5es do Poder&#8230;<br \/><strong><em>Resposta:<\/em><\/strong> B &#8211; Compete exclusivamente ao Congresso&#8230;<\/p>\n\n\n\n<p><strong>Quest\u00e3o 50:<\/strong>\u00a0M\u00e1rio foi condenado por senten\u00e7a&#8230;<br \/><strong><em>Resposta:<\/em><\/strong> E &#8211; a nova lei repercute&#8230;<\/p>\n\n\n\n<p><strong>Quest\u00e3o 51:<\/strong>\u00a0Carlos, prim\u00e1rio e de bons&#8230;<br \/><strong><em>Resposta:<\/em><\/strong> C &#8211; a pena de reclus\u00e3o poder\u00e1&#8230;<\/p>\n\n\n\n<p><strong>Quest\u00e3o 52:<\/strong>\u00a0De acordo com o C\u00f3digo Penal, \u00e9 penalmente&#8230;<br \/><strong><em>Resposta:<\/em><\/strong> D &#8211; menor de 18 (dezoito) anos&#8230;<\/p>\n\n\n\n<p><strong>Quest\u00e3o 53:<\/strong>\u00a0Em conformidade com o C\u00f3digo Penal&#8230;<br \/><strong><em>Resposta:<\/em><\/strong> A &#8211; homic\u00eddio e dano.<\/p>\n\n\n\n<p><strong>Quest\u00e3o 54:<\/strong>\u00a0De acordo com o C\u00f3digo Penal, assinale&#8230;<br \/><strong><em>Resposta:<\/em><\/strong> D &#8211; Diz-se o crime culposo&#8230;<\/p>\n\n\n\n<p><strong>Quest\u00e3o 55:<\/strong>\u00a0Constitui crime contra o Estado&#8230;<br \/><strong><em>Resposta:<\/em><\/strong> B &#8211; dar, oferecer, prometer&#8230;<\/p>\n\n\n\n<p><strong>Quest\u00e3o 56:<\/strong>&nbsp;O delegado de Pol\u00edcia Civil&#8230;<br \/><strong><em>Resposta:<\/em><\/strong> A &#8211; mandar instaurar inqu\u00e9rito&#8230;<\/p>\n\n\n\n<p><strong>Quest\u00e3o 57:<\/strong>&nbsp;Em rela\u00e7\u00e3o ao habeas corpus&#8230;<br \/><strong><em>Resposta:<\/em><\/strong> E &#8211; O direito de impetrar&#8230;<\/p>\n\n\n\n<p><strong>Quest\u00e3o 58:<\/strong>&nbsp;Nos termos do C\u00f3digo de Processo&#8230;<br \/><strong><em>Resposta:<\/em><\/strong> B &#8211; a monitora\u00e7\u00e3o eletr\u00f4nica<\/p>\n\n\n\n<p><strong>Quest\u00e3o 59:<\/strong>&nbsp;Pretendendo garantir a ordem&#8230;<br \/><strong><em>Resposta:<\/em><\/strong> E &#8211; O juiz decidiu incorretamente&#8230;<\/p>\n\n\n\n<p><strong>Quest\u00e3o 60:<\/strong>&nbsp;Sobre provas, assinale a alternativa&#8230;<br \/><strong><em>Resposta:<\/em><\/strong> B &#8211; Vest\u00edgio \u00e9 todo objeto&#8230;<\/p>\n\n\n\n<p><strong>Quest\u00e3o 61:<\/strong>&nbsp;De acordo com o C\u00f3digo de Processo&#8230;<br \/><strong><em>Resposta:<\/em><\/strong> C &#8211; responda \u00e0 acusa\u00e7\u00e3o<\/p>\n\n\n\n<p><strong>Quest\u00e3o 62:<\/strong>\u00a0Em conformidade com a Lei Complementar&#8230;<br \/><strong><em>Resposta:<\/em><\/strong> A &#8211; O cargo de Agente Penitenci\u00e1rio&#8230;<\/p>\n\n\n\n<p><strong>Quest\u00e3o 63:<\/strong>\u00a0Segundo o Estatuto Penitenci\u00e1rio&#8230;<br \/><strong><em>Resposta:<\/em><\/strong> B &#8211; descumprir, no regime aberto&#8230;<\/p>\n\n\n\n<p><strong>Quest\u00e3o 64:<\/strong>\u00a0De acordo com a Lei Federal&#8230;<br \/><strong><em>Resposta:<\/em><\/strong> E &#8211; As faltas disciplinares s\u00e3o&#8230;<\/p>\n\n\n\n<p><strong>Quest\u00e3o 65:<\/strong>\u00a0Determinado preso que cumpre&#8230;<br \/><strong><em>Resposta:<\/em><\/strong> C &#8211; a assist\u00eancia m\u00e9dica devida&#8230;<\/p>\n\n\n\n<p><strong>Quest\u00e3o 66:<\/strong>\u00a0Segundo a Lei Estadual n\u00ba 21.404\/2023&#8230;<br \/><strong><em>Resposta:<\/em><\/strong> A &#8211; Conselho da Pol\u00edcia Penal<\/p>\n\n\n\n<p><strong>Quest\u00e3o 67:<\/strong>\u00a0Ernesto foi condenado \u00e0 pena&#8230;<br \/><strong><em>Resposta:<\/em><\/strong> A &#8211; na Penitenci\u00e1ria, por ser o estabelecimento&#8230;<\/p>\n\n\n\n<p><strong>Quest\u00e3o 68:<\/strong>&nbsp;Quanto \u00e0 criminologia, assinale&#8230;<br \/><strong><em>Resposta:<\/em><\/strong> C &#8211; Pode ser entendida como uma&#8230;<\/p>\n\n\n\n<p><strong>Quest\u00e3o 69:<\/strong>\u00a0Oct\u00e1vio est\u00e1 cumprindo pena definitiva&#8230;<br \/><strong><em>Resposta:<\/em><\/strong> B &#8211; poder\u00e1 obter permiss\u00e3o&#8230;<\/p>\n\n\n\n<p><strong>Quest\u00e3o 70:<\/strong>\u00a0Um servidor da Pol\u00edcia Penal&#8230;<br \/><strong><em>Resposta:<\/em><\/strong> D &#8211; deve conduzir o preso&#8230;<\/p>\n\n\n\n<p><strong>Quest\u00e3o 71:<\/strong>\u00a0De acordo com a Lei Federal n\u00ba 7.210\/1984&#8230;<br \/><strong><em>Resposta:<\/em><\/strong> D &#8211; Juiz da execu\u00e7\u00e3o.<\/p>\n\n\n\n<p><strong>Quest\u00e3o 72:<\/strong>&nbsp;Acerca dos casos em que houve&#8230;<br \/><strong><em>Resposta:<\/em><\/strong> C &#8211; O caso Trabalhadores da Fazenda&#8230;<\/p>\n\n\n\n<p><strong>Quest\u00e3o 73:<\/strong>&nbsp;Acerca da hierarquia dos tratados&#8230;<br \/><strong><em>Resposta:<\/em><\/strong> B &#8211; Os tratados de direitos&#8230;<\/p>\n\n\n\n<p><strong>Quest\u00e3o 74:<\/strong>&nbsp;Os direitos humanos&#8230;<br \/><strong><em>Resposta:<\/em><\/strong> B &#8211; 1\u00aa dimens\u00e3o; 3\u00aa dimens\u00e3o; 2\u00aa dimens\u00e3o&#8230;<\/p>\n\n\n\n<p><strong>Quest\u00e3o 75:<\/strong>&nbsp;Analise as seguintes afirmativas e a rela\u00e7\u00e3o&#8230;<br \/><strong><em>Resposta:<\/em><\/strong> C &#8211; As duas afirmativas s\u00e3o&#8230;<\/p>\n\n\n\n<h2 class=\"wp-block-heading has-text-align-center has-cyan-bluish-gray-background-color has-background has-medium-font-size\" id=\"h-saiba-mais-detalhes-depen-pr\">Saiba mais detalhes: <a href=\"https:\/\/www.estrategiaconcursos.com.br\/blog\/concurso-depen-pr\/\" target=\"_blank\" rel=\"noreferrer noopener\">DEPEN PR<\/a><\/h2>\n\n\n\n<hr class=\"wp-block-separator has-css-opacity\"\/>\n\n\n\n<h2 class=\"wp-block-heading has-text-align-center\" id=\"h-quer-saber-tudo-sobre-concursos-previstos-confira-nossos-artigos\">Quer saber tudo sobre concursos previstos?<br \/>Confira  nossos artigos!<\/h2>\n\n\n\n<ul class=\"wp-block-list\">\n<li><a href=\"https:\/\/www.estrategiaconcursos.com.br\/blog\/concursos-abertos\/\" target=\"_blank\" rel=\"noreferrer noopener\">Concursos abertos<\/a><\/li>\n\n\n\n<li><a href=\"https:\/\/www.estrategiaconcursos.com.br\/blog\/concursos-2024\/\" target=\"_blank\" rel=\"noreferrer noopener\">Concursos 2024<\/a><\/li>\n<\/ul>\n\n\n\n<h2 class=\"wp-block-heading has-text-align-center\" id=\"cursos\">Quer estudar para o concurso Pol\u00edcia Penal PR?<\/h2>\n\n\n\n<div class=\"container\" id=\"boxes\">\n  <div class=\"row\">\n\n    <div class=\"col-sm\">\n      <div class=\"banner-policia-penal\" id=\"box-assinatura\">\n        <h3 class=\"titulo-assinatura\">Concurso Depen PR<\/h3>\n        <p class=\"subtitulo-assinatura\">Conhe\u00e7a os cursos<\/p>\n        <div class=\"box-botao\">\n          <a class=\"btn-assinatura\" target=\"_blank\" href=\"https:\/\/www.estrategiaconcursos.com.br\/cursosPorConcurso\/departamento-penitenciario-do-estado-do-parana-depen-pr\/\" role=\"button\" rel=\"noopener noreferrer\">Conhe\u00e7a mais<\/a>\n        <\/div>\n      <\/div>\n      <p class=\"texto-auxiliar\"><\/p>\n    <\/div>\n\n  <\/div>\n<\/div>\n\n\n\n<div class=\"container\" id=\"boxes\">\n  <div class=\"row\">\n\n    <div class=\"col-sm\">\n      <div class=\"estrategia\" id=\"box-assinatura\">\n        <h3 class=\"titulo-assinatura\">Assinatura Concursos<\/h3>\n        <p class=\"subtitulo-assinatura\">Assinatura de 1 ano ou 2 anos<\/p>\n        <div class=\"box-botao\">\n          <a class=\"btn-assinatura\" target=\"_blank\" href=\"https:\/\/www.estrategiaconcursos.com.br\/assinaturas\/\" role=\"button\" rel=\"noopener noreferrer\">ASSINE AGORA<\/a>\n        <\/div>\n      <\/div><\/div><\/div><\/div>\n","protected":false},"excerpt":{"rendered":"<p>Neste domingo, 19 de maio, foram aplicadas as provas do concurso DEPEN PR (Secretaria de Estado da Seguran\u00e7a P\u00fablica \u2013 SESP\/PR) ao cargo de Policial Penal. Com o objetivo de ajud\u00e1-lo a diminuir um pouco a ansiedade de saber se foi bem ou n\u00e3o em um concurso t\u00e3o visado e importante,\u00a0nossos professores realizaram a corre\u00e7\u00e3o, [&hellip;]<\/p>\n","protected":false},"author":2134,"featured_media":1400729,"comment_status":"open","ping_status":"closed","sticky":false,"template":"","format":"standard","meta":{"post_tipo":"news","footnotes":""},"categories":[220188,220219],"tags":[],"tax_estado":[219981],"class_list":["post-1400707","post","type-post","status-publish","format-standard","has-post-thumbnail","hentry","category-policial-agente-penitenciario","category-noticias","tax_estado-pr"],"acf":[],"yoast_head":"<!-- This site is optimized with the Yoast SEO Premium plugin v27.2 (Yoast SEO v27.2) - https:\/\/yoast.com\/product\/yoast-seo-premium-wordpress\/ -->\n<title>Gabarito Extraoficial DEPEN PR: confira a corre\u00e7\u00e3o!<\/title>\n<meta name=\"description\" content=\"Gabarito Extraoficial DEPEN PR: confira a corre\u00e7\u00e3o do gabarito extraoficial. Todos os detalhes do certame est\u00e3o no blog do Estrat\u00e9gia!\" \/>\n<meta name=\"robots\" content=\"index, follow, max-snippet:-1, max-image-preview:large, max-video-preview:-1\" \/>\n<link rel=\"canonical\" href=\"https:\/\/www.estrategiaconcursos.com.br\/blog\/gabarito-extraoficial-depen-pr-confira-a-correcao\/\" \/>\n<meta property=\"og:locale\" content=\"pt_BR\" \/>\n<meta property=\"og:type\" content=\"article\" \/>\n<meta property=\"og:title\" content=\"Gabarito Extraoficial DEPEN PR: confira a corre\u00e7\u00e3o!\" \/>\n<meta property=\"og:description\" content=\"Gabarito Extraoficial DEPEN PR: confira a corre\u00e7\u00e3o do gabarito extraoficial. Todos os detalhes do certame est\u00e3o no blog do Estrat\u00e9gia!\" \/>\n<meta property=\"og:url\" content=\"https:\/\/www.estrategiaconcursos.com.br\/blog\/gabarito-extraoficial-depen-pr-confira-a-correcao\/\" \/>\n<meta property=\"og:site_name\" content=\"Estrat\u00e9gia Concursos\" \/>\n<meta property=\"article:published_time\" content=\"2024-05-19T18:00:00+00:00\" \/>\n<meta property=\"article:modified_time\" content=\"2024-05-20T00:47:18+00:00\" \/>\n<meta property=\"og:image\" content=\"https:\/\/dhg1h5j42swfq.cloudfront.net\/2024\/05\/17172050\/ytb_depen-pr.jpg\" \/>\n\t<meta property=\"og:image:width\" content=\"1280\" \/>\n\t<meta property=\"og:image:height\" content=\"720\" \/>\n\t<meta property=\"og:image:type\" content=\"image\/jpeg\" \/>\n<meta name=\"author\" content=\"Rafaela Teixeira\" \/>\n<meta name=\"twitter:card\" content=\"summary_large_image\" \/>\n<meta name=\"twitter:creator\" content=\"@EstratConcursos\" \/>\n<meta name=\"twitter:site\" content=\"@EstratConcursos\" \/>\n<meta name=\"twitter:label1\" content=\"Escrito por\" \/>\n\t<meta name=\"twitter:data1\" content=\"Rafaela Teixeira\" \/>\n\t<meta name=\"twitter:label2\" content=\"Est. tempo de leitura\" \/>\n\t<meta name=\"twitter:data2\" content=\"7 minutos\" \/>\n<script type=\"application\/ld+json\" class=\"yoast-schema-graph\">{\"@context\":\"https:\/\/schema.org\",\"@graph\":[{\"@type\":\"NewsArticle\",\"@id\":\"https:\/\/www.estrategiaconcursos.com.br\/blog\/gabarito-extraoficial-depen-pr-confira-a-correcao\/#article\",\"isPartOf\":{\"@id\":\"https:\/\/www.estrategiaconcursos.com.br\/blog\/gabarito-extraoficial-depen-pr-confira-a-correcao\/\"},\"author\":{\"name\":\"Rafaela Teixeira\",\"@id\":\"https:\/\/www.estrategiaconcursos.com.br\/blog\/#\/schema\/person\/e75352021ea7f60781c599934f916eb1\"},\"headline\":\"Gabarito Extraoficial DEPEN PR: confira a corre\u00e7\u00e3o!\",\"datePublished\":\"2024-05-19T18:00:00+00:00\",\"dateModified\":\"2024-05-20T00:47:18+00:00\",\"mainEntityOfPage\":{\"@id\":\"https:\/\/www.estrategiaconcursos.com.br\/blog\/gabarito-extraoficial-depen-pr-confira-a-correcao\/\"},\"wordCount\":1419,\"commentCount\":0,\"publisher\":{\"@id\":\"https:\/\/www.estrategiaconcursos.com.br\/blog\/#organization\"},\"image\":{\"@id\":\"https:\/\/www.estrategiaconcursos.com.br\/blog\/gabarito-extraoficial-depen-pr-confira-a-correcao\/#primaryimage\"},\"thumbnailUrl\":\"https:\/\/dhg1h5j42swfq.cloudfront.net\/2024\/05\/17172050\/ytb_depen-pr.jpg\",\"articleSection\":[\"Policial (Agente Penitenci\u00e1rio)\",\"\u00daltimas not\u00edcias\"],\"inLanguage\":\"pt-BR\",\"potentialAction\":[{\"@type\":\"CommentAction\",\"name\":\"Comment\",\"target\":[\"https:\/\/www.estrategiaconcursos.com.br\/blog\/gabarito-extraoficial-depen-pr-confira-a-correcao\/#respond\"]}],\"copyrightYear\":\"2024\",\"copyrightHolder\":{\"@id\":\"https:\/\/www.estrategiaconcursos.com.br\/blog\/#organization\"}},{\"@type\":\"WebPage\",\"@id\":\"https:\/\/www.estrategiaconcursos.com.br\/blog\/gabarito-extraoficial-depen-pr-confira-a-correcao\/\",\"url\":\"https:\/\/www.estrategiaconcursos.com.br\/blog\/gabarito-extraoficial-depen-pr-confira-a-correcao\/\",\"name\":\"Gabarito Extraoficial DEPEN PR: confira a corre\u00e7\u00e3o!\",\"isPartOf\":{\"@id\":\"https:\/\/www.estrategiaconcursos.com.br\/blog\/#website\"},\"primaryImageOfPage\":{\"@id\":\"https:\/\/www.estrategiaconcursos.com.br\/blog\/gabarito-extraoficial-depen-pr-confira-a-correcao\/#primaryimage\"},\"image\":{\"@id\":\"https:\/\/www.estrategiaconcursos.com.br\/blog\/gabarito-extraoficial-depen-pr-confira-a-correcao\/#primaryimage\"},\"thumbnailUrl\":\"https:\/\/dhg1h5j42swfq.cloudfront.net\/2024\/05\/17172050\/ytb_depen-pr.jpg\",\"datePublished\":\"2024-05-19T18:00:00+00:00\",\"dateModified\":\"2024-05-20T00:47:18+00:00\",\"description\":\"Gabarito Extraoficial DEPEN PR: confira a corre\u00e7\u00e3o do gabarito extraoficial. Todos os detalhes do certame est\u00e3o no blog do Estrat\u00e9gia!\",\"breadcrumb\":{\"@id\":\"https:\/\/www.estrategiaconcursos.com.br\/blog\/gabarito-extraoficial-depen-pr-confira-a-correcao\/#breadcrumb\"},\"inLanguage\":\"pt-BR\",\"potentialAction\":[{\"@type\":\"ReadAction\",\"target\":[\"https:\/\/www.estrategiaconcursos.com.br\/blog\/gabarito-extraoficial-depen-pr-confira-a-correcao\/\"]}]},{\"@type\":\"ImageObject\",\"inLanguage\":\"pt-BR\",\"@id\":\"https:\/\/www.estrategiaconcursos.com.br\/blog\/gabarito-extraoficial-depen-pr-confira-a-correcao\/#primaryimage\",\"url\":\"https:\/\/dhg1h5j42swfq.cloudfront.net\/2024\/05\/17172050\/ytb_depen-pr.jpg\",\"contentUrl\":\"https:\/\/dhg1h5j42swfq.cloudfront.net\/2024\/05\/17172050\/ytb_depen-pr.jpg\",\"width\":1280,\"height\":720},{\"@type\":\"BreadcrumbList\",\"@id\":\"https:\/\/www.estrategiaconcursos.com.br\/blog\/gabarito-extraoficial-depen-pr-confira-a-correcao\/#breadcrumb\",\"itemListElement\":[{\"@type\":\"ListItem\",\"position\":1,\"name\":\"In\u00edcio\",\"item\":\"https:\/\/www.estrategiaconcursos.com.br\/blog\/\"},{\"@type\":\"ListItem\",\"position\":2,\"name\":\"Gabarito Extraoficial DEPEN PR: confira a corre\u00e7\u00e3o!\"}]},{\"@type\":\"WebSite\",\"@id\":\"https:\/\/www.estrategiaconcursos.com.br\/blog\/#website\",\"url\":\"https:\/\/www.estrategiaconcursos.com.br\/blog\/\",\"name\":\"Estrat\u00e9gia Concursos\",\"description\":\"O blog da Estrat\u00e9gia Concursos traz not\u00edcias sobre concursos e artigos de professores oferecendo cursos para concursos (pdf + videaulas) no site.\",\"publisher\":{\"@id\":\"https:\/\/www.estrategiaconcursos.com.br\/blog\/#organization\"},\"potentialAction\":[{\"@type\":\"SearchAction\",\"target\":{\"@type\":\"EntryPoint\",\"urlTemplate\":\"https:\/\/www.estrategiaconcursos.com.br\/blog\/?s={search_term_string}\"},\"query-input\":{\"@type\":\"PropertyValueSpecification\",\"valueRequired\":true,\"valueName\":\"search_term_string\"}}],\"inLanguage\":\"pt-BR\"},{\"@type\":\"Organization\",\"@id\":\"https:\/\/www.estrategiaconcursos.com.br\/blog\/#organization\",\"name\":\"Estrat\u00e9gia Concursos\",\"url\":\"https:\/\/www.estrategiaconcursos.com.br\/blog\/\",\"logo\":{\"@type\":\"ImageObject\",\"inLanguage\":\"pt-BR\",\"@id\":\"https:\/\/www.estrategiaconcursos.com.br\/blog\/#\/schema\/logo\/image\/\",\"url\":\"https:\/\/dhg1h5j42swfq.cloudfront.net\/2025\/06\/03203428\/logo_concursos-1.jpg\",\"contentUrl\":\"https:\/\/dhg1h5j42swfq.cloudfront.net\/2025\/06\/03203428\/logo_concursos-1.jpg\",\"width\":230,\"height\":60,\"caption\":\"Estrat\u00e9gia Concursos\"},\"image\":{\"@id\":\"https:\/\/www.estrategiaconcursos.com.br\/blog\/#\/schema\/logo\/image\/\"},\"sameAs\":[\"https:\/\/x.com\/EstratConcursos\"]},{\"@type\":\"Person\",\"@id\":\"https:\/\/www.estrategiaconcursos.com.br\/blog\/#\/schema\/person\/e75352021ea7f60781c599934f916eb1\",\"name\":\"Rafaela Teixeira\",\"image\":{\"@type\":\"ImageObject\",\"inLanguage\":\"pt-BR\",\"@id\":\"https:\/\/secure.gravatar.com\/avatar\/8a349a2b22039b1ee88fc06461487c950fd6aa411ea8af8633314b43334ae793?s=96&d=mm&r=g\",\"url\":\"https:\/\/secure.gravatar.com\/avatar\/8a349a2b22039b1ee88fc06461487c950fd6aa411ea8af8633314b43334ae793?s=96&d=mm&r=g\",\"contentUrl\":\"https:\/\/secure.gravatar.com\/avatar\/8a349a2b22039b1ee88fc06461487c950fd6aa411ea8af8633314b43334ae793?s=96&d=mm&r=g\",\"caption\":\"Rafaela Teixeira\"},\"description\":\"Rafaela Teixeira \u00e9 advogada conveniada \u00e0 Defensoria P\u00fablica de S\u00e3o Paulo pela OAB, com experi\u00eancia em reda\u00e7\u00e3o jur\u00eddica e atua\u00e7\u00e3o em institui\u00e7\u00f5es p\u00fablicas, incluindo est\u00e1gio no TRE-SP. Possui mais de 7 anos de experi\u00eancia na produ\u00e7\u00e3o de conte\u00fados voltados ao nicho de concursos p\u00fablicos, com foco em apura\u00e7\u00e3o jornal\u00edstica cont\u00ednua, an\u00e1lise de editais e obten\u00e7\u00e3o de informa\u00e7\u00f5es diretamente junto a \u00f3rg\u00e3os e fontes oficiais. No Blog do Estrat\u00e9gia Concursos, atua como Analista de Conte\u00fado S\u00eanior, respons\u00e1vel pelo jornalismo do per\u00edodo noturno e da madrugada, com atua\u00e7\u00e3o transversal na cobertura de concursos p\u00fablicos, garantindo a continuidade, fluidez e confiabilidade das publica\u00e7\u00f5es e dos bastidores dos certames.\",\"url\":\"https:\/\/www.estrategiaconcursos.com.br\/blog\/author\/rafaela-teixeira\/\"}]}<\/script>\n<!-- \/ Yoast SEO Premium plugin. -->","yoast_head_json":{"title":"Gabarito Extraoficial DEPEN PR: confira a corre\u00e7\u00e3o!","description":"Gabarito Extraoficial DEPEN PR: confira a corre\u00e7\u00e3o do gabarito extraoficial. Todos os detalhes do certame est\u00e3o no blog do Estrat\u00e9gia!","robots":{"index":"index","follow":"follow","max-snippet":"max-snippet:-1","max-image-preview":"max-image-preview:large","max-video-preview":"max-video-preview:-1"},"canonical":"https:\/\/www.estrategiaconcursos.com.br\/blog\/gabarito-extraoficial-depen-pr-confira-a-correcao\/","og_locale":"pt_BR","og_type":"article","og_title":"Gabarito Extraoficial DEPEN PR: confira a corre\u00e7\u00e3o!","og_description":"Gabarito Extraoficial DEPEN PR: confira a corre\u00e7\u00e3o do gabarito extraoficial. Todos os detalhes do certame est\u00e3o no blog do Estrat\u00e9gia!","og_url":"https:\/\/www.estrategiaconcursos.com.br\/blog\/gabarito-extraoficial-depen-pr-confira-a-correcao\/","og_site_name":"Estrat\u00e9gia Concursos","article_published_time":"2024-05-19T18:00:00+00:00","article_modified_time":"2024-05-20T00:47:18+00:00","og_image":[{"width":1280,"height":720,"url":"https:\/\/dhg1h5j42swfq.cloudfront.net\/2024\/05\/17172050\/ytb_depen-pr.jpg","type":"image\/jpeg"}],"author":"Rafaela Teixeira","twitter_card":"summary_large_image","twitter_creator":"@EstratConcursos","twitter_site":"@EstratConcursos","twitter_misc":{"Escrito por":"Rafaela Teixeira","Est. tempo de leitura":"7 minutos"},"schema":{"@context":"https:\/\/schema.org","@graph":[{"@type":"NewsArticle","@id":"https:\/\/www.estrategiaconcursos.com.br\/blog\/gabarito-extraoficial-depen-pr-confira-a-correcao\/#article","isPartOf":{"@id":"https:\/\/www.estrategiaconcursos.com.br\/blog\/gabarito-extraoficial-depen-pr-confira-a-correcao\/"},"author":{"name":"Rafaela Teixeira","@id":"https:\/\/www.estrategiaconcursos.com.br\/blog\/#\/schema\/person\/e75352021ea7f60781c599934f916eb1"},"headline":"Gabarito Extraoficial DEPEN PR: confira a corre\u00e7\u00e3o!","datePublished":"2024-05-19T18:00:00+00:00","dateModified":"2024-05-20T00:47:18+00:00","mainEntityOfPage":{"@id":"https:\/\/www.estrategiaconcursos.com.br\/blog\/gabarito-extraoficial-depen-pr-confira-a-correcao\/"},"wordCount":1419,"commentCount":0,"publisher":{"@id":"https:\/\/www.estrategiaconcursos.com.br\/blog\/#organization"},"image":{"@id":"https:\/\/www.estrategiaconcursos.com.br\/blog\/gabarito-extraoficial-depen-pr-confira-a-correcao\/#primaryimage"},"thumbnailUrl":"https:\/\/dhg1h5j42swfq.cloudfront.net\/2024\/05\/17172050\/ytb_depen-pr.jpg","articleSection":["Policial (Agente Penitenci\u00e1rio)","\u00daltimas not\u00edcias"],"inLanguage":"pt-BR","potentialAction":[{"@type":"CommentAction","name":"Comment","target":["https:\/\/www.estrategiaconcursos.com.br\/blog\/gabarito-extraoficial-depen-pr-confira-a-correcao\/#respond"]}],"copyrightYear":"2024","copyrightHolder":{"@id":"https:\/\/www.estrategiaconcursos.com.br\/blog\/#organization"}},{"@type":"WebPage","@id":"https:\/\/www.estrategiaconcursos.com.br\/blog\/gabarito-extraoficial-depen-pr-confira-a-correcao\/","url":"https:\/\/www.estrategiaconcursos.com.br\/blog\/gabarito-extraoficial-depen-pr-confira-a-correcao\/","name":"Gabarito Extraoficial DEPEN PR: confira a corre\u00e7\u00e3o!","isPartOf":{"@id":"https:\/\/www.estrategiaconcursos.com.br\/blog\/#website"},"primaryImageOfPage":{"@id":"https:\/\/www.estrategiaconcursos.com.br\/blog\/gabarito-extraoficial-depen-pr-confira-a-correcao\/#primaryimage"},"image":{"@id":"https:\/\/www.estrategiaconcursos.com.br\/blog\/gabarito-extraoficial-depen-pr-confira-a-correcao\/#primaryimage"},"thumbnailUrl":"https:\/\/dhg1h5j42swfq.cloudfront.net\/2024\/05\/17172050\/ytb_depen-pr.jpg","datePublished":"2024-05-19T18:00:00+00:00","dateModified":"2024-05-20T00:47:18+00:00","description":"Gabarito Extraoficial DEPEN PR: confira a corre\u00e7\u00e3o do gabarito extraoficial. Todos os detalhes do certame est\u00e3o no blog do Estrat\u00e9gia!","breadcrumb":{"@id":"https:\/\/www.estrategiaconcursos.com.br\/blog\/gabarito-extraoficial-depen-pr-confira-a-correcao\/#breadcrumb"},"inLanguage":"pt-BR","potentialAction":[{"@type":"ReadAction","target":["https:\/\/www.estrategiaconcursos.com.br\/blog\/gabarito-extraoficial-depen-pr-confira-a-correcao\/"]}]},{"@type":"ImageObject","inLanguage":"pt-BR","@id":"https:\/\/www.estrategiaconcursos.com.br\/blog\/gabarito-extraoficial-depen-pr-confira-a-correcao\/#primaryimage","url":"https:\/\/dhg1h5j42swfq.cloudfront.net\/2024\/05\/17172050\/ytb_depen-pr.jpg","contentUrl":"https:\/\/dhg1h5j42swfq.cloudfront.net\/2024\/05\/17172050\/ytb_depen-pr.jpg","width":1280,"height":720},{"@type":"BreadcrumbList","@id":"https:\/\/www.estrategiaconcursos.com.br\/blog\/gabarito-extraoficial-depen-pr-confira-a-correcao\/#breadcrumb","itemListElement":[{"@type":"ListItem","position":1,"name":"In\u00edcio","item":"https:\/\/www.estrategiaconcursos.com.br\/blog\/"},{"@type":"ListItem","position":2,"name":"Gabarito Extraoficial DEPEN PR: confira a corre\u00e7\u00e3o!"}]},{"@type":"WebSite","@id":"https:\/\/www.estrategiaconcursos.com.br\/blog\/#website","url":"https:\/\/www.estrategiaconcursos.com.br\/blog\/","name":"Estrat\u00e9gia Concursos","description":"O blog da Estrat\u00e9gia Concursos traz not\u00edcias sobre concursos e artigos de professores oferecendo cursos para concursos (pdf + videaulas) no site.","publisher":{"@id":"https:\/\/www.estrategiaconcursos.com.br\/blog\/#organization"},"potentialAction":[{"@type":"SearchAction","target":{"@type":"EntryPoint","urlTemplate":"https:\/\/www.estrategiaconcursos.com.br\/blog\/?s={search_term_string}"},"query-input":{"@type":"PropertyValueSpecification","valueRequired":true,"valueName":"search_term_string"}}],"inLanguage":"pt-BR"},{"@type":"Organization","@id":"https:\/\/www.estrategiaconcursos.com.br\/blog\/#organization","name":"Estrat\u00e9gia Concursos","url":"https:\/\/www.estrategiaconcursos.com.br\/blog\/","logo":{"@type":"ImageObject","inLanguage":"pt-BR","@id":"https:\/\/www.estrategiaconcursos.com.br\/blog\/#\/schema\/logo\/image\/","url":"https:\/\/dhg1h5j42swfq.cloudfront.net\/2025\/06\/03203428\/logo_concursos-1.jpg","contentUrl":"https:\/\/dhg1h5j42swfq.cloudfront.net\/2025\/06\/03203428\/logo_concursos-1.jpg","width":230,"height":60,"caption":"Estrat\u00e9gia Concursos"},"image":{"@id":"https:\/\/www.estrategiaconcursos.com.br\/blog\/#\/schema\/logo\/image\/"},"sameAs":["https:\/\/x.com\/EstratConcursos"]},{"@type":"Person","@id":"https:\/\/www.estrategiaconcursos.com.br\/blog\/#\/schema\/person\/e75352021ea7f60781c599934f916eb1","name":"Rafaela Teixeira","image":{"@type":"ImageObject","inLanguage":"pt-BR","@id":"https:\/\/secure.gravatar.com\/avatar\/8a349a2b22039b1ee88fc06461487c950fd6aa411ea8af8633314b43334ae793?s=96&d=mm&r=g","url":"https:\/\/secure.gravatar.com\/avatar\/8a349a2b22039b1ee88fc06461487c950fd6aa411ea8af8633314b43334ae793?s=96&d=mm&r=g","contentUrl":"https:\/\/secure.gravatar.com\/avatar\/8a349a2b22039b1ee88fc06461487c950fd6aa411ea8af8633314b43334ae793?s=96&d=mm&r=g","caption":"Rafaela Teixeira"},"description":"Rafaela Teixeira \u00e9 advogada conveniada \u00e0 Defensoria P\u00fablica de S\u00e3o Paulo pela OAB, com experi\u00eancia em reda\u00e7\u00e3o jur\u00eddica e atua\u00e7\u00e3o em institui\u00e7\u00f5es p\u00fablicas, incluindo est\u00e1gio no TRE-SP. Possui mais de 7 anos de experi\u00eancia na produ\u00e7\u00e3o de conte\u00fados voltados ao nicho de concursos p\u00fablicos, com foco em apura\u00e7\u00e3o jornal\u00edstica cont\u00ednua, an\u00e1lise de editais e obten\u00e7\u00e3o de informa\u00e7\u00f5es diretamente junto a \u00f3rg\u00e3os e fontes oficiais. No Blog do Estrat\u00e9gia Concursos, atua como Analista de Conte\u00fado S\u00eanior, respons\u00e1vel pelo jornalismo do per\u00edodo noturno e da madrugada, com atua\u00e7\u00e3o transversal na cobertura de concursos p\u00fablicos, garantindo a continuidade, fluidez e confiabilidade das publica\u00e7\u00f5es e dos bastidores dos certames.","url":"https:\/\/www.estrategiaconcursos.com.br\/blog\/author\/rafaela-teixeira\/"}]}},"_links":{"self":[{"href":"https:\/\/www.estrategiaconcursos.com.br\/blog\/wp-json\/wp\/v2\/posts\/1400707","targetHints":{"allow":["GET"]}}],"collection":[{"href":"https:\/\/www.estrategiaconcursos.com.br\/blog\/wp-json\/wp\/v2\/posts"}],"about":[{"href":"https:\/\/www.estrategiaconcursos.com.br\/blog\/wp-json\/wp\/v2\/types\/post"}],"author":[{"embeddable":true,"href":"https:\/\/www.estrategiaconcursos.com.br\/blog\/wp-json\/wp\/v2\/users\/2134"}],"replies":[{"embeddable":true,"href":"https:\/\/www.estrategiaconcursos.com.br\/blog\/wp-json\/wp\/v2\/comments?post=1400707"}],"version-history":[{"count":31,"href":"https:\/\/www.estrategiaconcursos.com.br\/blog\/wp-json\/wp\/v2\/posts\/1400707\/revisions"}],"predecessor-version":[{"id":1401184,"href":"https:\/\/www.estrategiaconcursos.com.br\/blog\/wp-json\/wp\/v2\/posts\/1400707\/revisions\/1401184"}],"wp:featuredmedia":[{"embeddable":true,"href":"https:\/\/www.estrategiaconcursos.com.br\/blog\/wp-json\/wp\/v2\/media\/1400729"}],"wp:attachment":[{"href":"https:\/\/www.estrategiaconcursos.com.br\/blog\/wp-json\/wp\/v2\/media?parent=1400707"}],"wp:term":[{"taxonomy":"category","embeddable":true,"href":"https:\/\/www.estrategiaconcursos.com.br\/blog\/wp-json\/wp\/v2\/categories?post=1400707"},{"taxonomy":"post_tag","embeddable":true,"href":"https:\/\/www.estrategiaconcursos.com.br\/blog\/wp-json\/wp\/v2\/tags?post=1400707"},{"taxonomy":"tax_estado","embeddable":true,"href":"https:\/\/www.estrategiaconcursos.com.br\/blog\/wp-json\/wp\/v2\/tax_estado?post=1400707"}],"curies":[{"name":"wp","href":"https:\/\/api.w.org\/{rel}","templated":true}]}}