{"id":1399141,"date":"2024-05-14T19:56:41","date_gmt":"2024-05-14T22:56:41","guid":{"rendered":"https:\/\/www.estrategiaconcursos.com.br\/blog\/?p=1399141"},"modified":"2024-06-12T19:49:09","modified_gmt":"2024-06-12T22:49:09","slug":"concurso-tj-ms-recursos-para-analista-judiciario-area-meio","status":"publish","type":"post","link":"https:\/\/www.estrategiaconcursos.com.br\/blog\/concurso-tj-ms-recursos-para-analista-judiciario-area-meio\/","title":{"rendered":"Concurso TJ MS:\u00a0recursos para Analista Judici\u00e1rio \u2013 \u00c1rea Meio"},"content":{"rendered":"\n<p>As provas objetivas do&nbsp;<strong>concurso<\/strong>&nbsp;<strong>TJ MS<\/strong>&nbsp;foram aplicadas no \u00faltimo domingo (12\/05) e aqui voc\u00ea poder\u00e1 conferir as sugest\u00f5es de recursos para o cargo de<strong>&nbsp;Analista Judici\u00e1rio \u2013 \u00c1rea Meio<\/strong>.<\/p>\n\n\n\n<p>Os recursos foram elaborados pelos professores e especialistas do Estrat\u00e9gia Concursos com base&nbsp;<a href=\"https:\/\/dhg1h5j42swfq.cloudfront.net\/2024\/05\/14193845\/prova-tj-ms-analista-judiciario-area-meio.pdf\">neste&nbsp;caderno<\/a>.<\/p>\n\n\n\n<p>Lembre-se que o recurso \u00e9 individual e a c\u00f3pia pode resultar na anula\u00e7\u00e3o da sua interposi\u00e7\u00e3o. Confira as sugest\u00f5es na transcri\u00e7\u00e3o logo abaixo!<\/p>\n\n\n\n<h2 class=\"wp-block-heading\" id=\"h-concurso-tj-ms-nbsp-recursos-para-analista-judiciario-area-meio\">Concurso TJ MS:&nbsp;recursos para Analista Judici\u00e1rio \u2013 \u00c1rea Meio<\/h2>\n\n\n\n<h3 class=\"wp-block-heading\" id=\"h-questao-8\">Quest\u00e3o 8<\/h3>\n\n\n\n<p><strong>GABARITO PRELIMINAR DA BANCA: LETRA E<\/strong><\/p>\n\n\n\n<p><strong>GABARITO PRETENDIDO: LETRA D<\/strong><\/p>\n\n\n\n<p><strong>FUNDAMENTA\u00c7\u00c3O:<\/strong><\/p>\n\n\n\n<p>De acordo com o gabarito preliminar da banca, a letra E traz uma conjun\u00e7\u00e3o \u201ce\u201d com valor conclusivo. Considerando o excerto em que se encontra, a conjun\u00e7\u00e3o destacada introduz um trecho com valor consecutivo (o presidente Guzm\u00e1n \u00e9 for\u00e7ado a renunciar como consequ\u00eancia da n\u00e3o rea\u00e7\u00e3o do Ex\u00e9rcito \u00e0 invas\u00e3o das tropas de Castillo), e n\u00e3o conclusivo. O conectivo estabelece uma rela\u00e7\u00e3o sint\u00e1tico-sem\u00e2ntica de sequencialidade (o que \u00e9 refor\u00e7ado pela express\u00e3o temporal \u201cnove dias depois\u201d).<\/p>\n\n\n\n<p>A partir disso, o gabarito mais adequado seria a letra D. A conjun\u00e7\u00e3o \u201ce\u201d introduz o trecho \u201ce n\u00e3o h\u00e1 nada a fazer\u201d, que traz uma conclus\u00e3o com base na informa\u00e7\u00e3o expressa anteriormente. Uma vez estabelecida a infec\u00e7\u00e3o, a contamina\u00e7\u00e3o permanece por mais de 30 anos, podendo-se concluir que n\u00e3o h\u00e1 nada que possa ser feito. A conjun\u00e7\u00e3o \u201ce\u201d, nesse contexto, pode, inclusive, ser substitu\u00edda sem qualquer preju\u00edzo pela conjun\u00e7\u00e3o \u201clogo\u201d (conjun\u00e7\u00e3o prototipicamente conclusiva).<\/p>\n\n\n\n<p>Com base nisso, solicita-se a altera\u00e7\u00e3o do gabarito.<\/p>\n\n\n\n<h3 class=\"wp-block-heading\" id=\"h-questao-17\">Quest\u00e3o 17<\/h3>\n\n\n\n<p><strong>As autoridades competentes no \u00e2mbito do Poder Judici\u00e1rio do Estado de Mato Grosso do Sul est\u00e3o analisando a viabilidade de cria\u00e7\u00e3o, eleva\u00e7\u00e3o, rebaixamento e extin\u00e7\u00e3o de comarcas.<\/strong><\/p>\n\n\n\n<p><strong>Nesse contexto, considerando o disposto no C\u00f3digo de Organiza\u00e7\u00e3o e Divis\u00e3o Judici\u00e1rias (Lei n\u00ba 1.511\/1994), \u00e9 correto afirmar que \u00e9 requisito essencial para a cria\u00e7\u00e3o e instala\u00e7\u00e3o de uma nova comarca:<\/strong><\/p>\n\n\n\n<p><strong>(A) extens\u00e3o territorial m\u00ednima de oitocentos quil\u00f4metros quadrados;<\/strong><\/p>\n\n\n\n<p><strong>(B) m\u00ednimo de cinco mil eleitores inscritos;<\/strong><\/p>\n\n\n\n<p><strong>(C) movimento forense n\u00e3o inferior a quatrocentos feitos judiciais;<\/strong><\/p>\n\n\n\n<p><strong>(D) popula\u00e7\u00e3o m\u00ednima de cinquenta mil habitantes;<\/strong><\/p>\n\n\n\n<p><strong>(E) trezentas casas na sede, pelo menos.<\/strong><\/p>\n\n\n\n<p>GABARITO PRELIMINAR: LETRA A<\/p>\n\n\n\n<p><strong>GABARITO INDICADO: LETRA B<\/strong><strong><\/strong><\/p>\n\n\n\n<p>A quest\u00e3o n\u00famero 17 do certame questiona sobre os requisitos necess\u00e1rios para a cria\u00e7\u00e3o, eleva\u00e7\u00e3o, rebaixamento e extin\u00e7\u00e3o de comarcas, tendo apontado a LETRA A, \u201c<em>extens\u00e3o territorial m\u00ednima de oitocentos quil\u00f4metros quadrados<\/em>\u201d como op\u00e7\u00e3o correta.<\/p>\n\n\n\n<p>Ocorre que resposta apresentada pela banca examinadora est\u00e1 desatualizada, pois, o Artigo 14 da Lei n. 1.511\/1994 foi alterada em 2006 por meio da Lei n. 3.189\/06, passando a apresentar como requisitos necess\u00e1rios para a cria\u00e7\u00e3o, eleva\u00e7\u00e3o, rebaixamento e extin\u00e7\u00e3o de comarcas o seguinte:<\/p>\n\n\n\n<p>Art. 14. S\u00e3o requisitos necess\u00e1rios para a cria\u00e7\u00e3o de uma nova comarca:<\/p>\n\n\n\n<p>I &#8211; movimento forense superior a duzentos feitos anuais, comprovado pelo relat\u00f3rio do juiz de direito diretor do foro da comarca a que pertence o munic\u00edpio ou os munic\u00edpios que integrar\u00e3o a comarca;<\/p>\n\n\n\n<p>II &#8211; popula\u00e7\u00e3o superior a dez mil habitantes no munic\u00edpio ou nos munic\u00edpios que integrar\u00e3o a comarca;<\/p>\n\n\n\n<p>III &#8211; cinco mil eleitores, no m\u00ednimo, no munic\u00edpio ou nos munic\u00edpios que integrar\u00e3o a comarca, comprovados por informa\u00e7\u00e3o do Tribunal Regional Eleitoral;<\/p>\n\n\n\n<p>IV &#8211; cadeia p\u00fablica e alojamento do destacamento policial, comprovados por informa\u00e7\u00f5es fornecidas pela Secretaria de Estado de Seguran\u00e7a P\u00fablica;<\/p>\n\n\n\n<p>V &#8211; previs\u00e3o de edifica\u00e7\u00e3o ou de local para funcionamento do f\u00f3rum;<\/p>\n\n\n\n<p>VI &#8211; pr\u00e9via correi\u00e7\u00e3o e parecer da Corregedoria-Geral de Justi\u00e7a, sobre a conveni\u00eancia e oportunidade da medida;<\/p>\n\n\n\n<p>VII &#8211; conveni\u00eancia e oportunidade da administra\u00e7\u00e3o.<\/p>\n\n\n\n<p>Par\u00e1grafo \u00fanico. Os requisitos estabelecidos nos incisos I a IV deste artigo poder\u00e3o ser dispensados quando o interesse p\u00fablico justificar, observado o crit\u00e9rio de&nbsp; conveni\u00eancia e de oportunidade da administra\u00e7\u00e3o e a disponibilidade financeira do Tribunal de Justi\u00e7a.<\/p>\n\n\n\n<p>(Art. 14 alterado pelo art. 1\u00ba da Lei n\u00ba 3.189, de 22.3.2006 &#8211; DOMS, de 23.3.2006.)<\/p>\n\n\n\n<p>Sendo assim, encontra-se correta a op\u00e7\u00e3o B,&nbsp; m\u00ednimo de cinco mil eleitores inscritos\u201d conforme legisla\u00e7\u00e3o supracitada.<\/p>\n\n\n\n<p>Solicita-se, portanto, a revis\u00e3o e consequente altera\u00e7\u00e3o do gabarito da quest\u00e3o 17 para &#8220;LETRA B&#8221;, com base na correta interpreta\u00e7\u00e3o dos dispositivos legais mencionados. LEGISLA\u00c7\u00c3O DISPON\u00cdVEL EM:&nbsp; <a href=\"https:\/\/www.tjms.jus.br\/legislacao\/\">https:\/\/www.tjms.jus.br\/legislacao\/<\/a><\/p>\n\n\n\n<h3 class=\"wp-block-heading\" id=\"h-questao-29\">Quest\u00e3o 29<\/h3>\n\n\n\n<p>GABARITO PRELIMINAR: LETRA E<\/p>\n\n\n\n<p><strong>GABARITO INDICADO: LETRA <\/strong><strong>E \u2013 POR\u00c9M, \u00c9 POSS\u00cdVEL OUTRA INTERPRETA\u00c7\u00c3O.<\/strong><\/p>\n\n\n\n<p>A quest\u00e3o n\u00famero 21 (prova do cargo privativo para Bacharel em Direito) ou (29 para a \u00e1rea de atividade meio) discorre sobre a convoca\u00e7\u00e3o extraordin\u00e1ria de parlamentares durante o recesso e o pagamento ou n\u00e3o de verba de natureza indenizat\u00f3ria.<\/p>\n\n\n\n<p>Nesse sentido, conforme a resposta da pr\u00f3pria banca examinadora, a doutrina do Direito Constitucional e a jurisprud\u00eancia do STF, a \u201cindeniza\u00e7\u00e3o de representa\u00e7\u00e3o de gabinete\u201d, bem como o pagamento decorrente de convoca\u00e7\u00e3o para sess\u00e3o extraordin\u00e1ria s\u00e3o claramente INCOSNTITUCIONAIS. Motivo pelo qual, diante de todas as demais op\u00e7\u00f5es, a letra E seria a resposta mais indicada.<\/p>\n\n\n\n<p>Entretanto, existe a interpreta\u00e7\u00e3o que TODAS s\u00e3o INCONSTITUCIONAIS. A \u00faltima afirmativa do enunciado diz: \u201cPor fim, foi previsto que o VALOR, com forma jur\u00eddica pr\u00f3pria e devidamente previsto em lei, destinado a compensar uma perda, N\u00c3O est\u00e1 sujeito ao TETO REMUNER\u00c1TORIO CONSTITUICIONAL.\u201d<\/p>\n\n\n\n<p>\u00c9 pac\u00edfico no texto constitucional, na doutrina e na jurisprud\u00eancia que apenas as verbas de car\u00e1ter indenizat\u00f3rio podem ultrapassar o teto previsto no Art. 37, XI, da CF 88. \u201cArt. 37, \u00a7 11. N\u00e3o ser\u00e3o computadas, para efeito dos limites remunerat\u00f3rios de que trata o inciso XI do caput deste artigo, as parcelas de car\u00e1ter indenizat\u00f3rio previstas em lei. (Inclu\u00eddo pela Emenda Constitucional n\u00ba 47, de 2005)\u201d<\/p>\n\n\n\n<p>Dessa forma, indaga-se: o VALOR, SE REFERE \u00c0 UMA INDENIZA\u00c7\u00c3O ou a um ABONO com o objetivo de, por exemplo, compensar perdas inflacion\u00e1rias? N\u00c3O EST\u00c1 CLARO NA QUEST\u00c3O, qual \u00e9 o fato gerador do VALOR A SER PAGO, podendo ser interpretado como uma indeniza\u00e7\u00e3o (fora do teto), mas, tamb\u00e9m, como uma vantagem pecuni\u00e1ria QUALQUER diferente de uma indeniza\u00e7\u00e3o (dentro teto).<\/p>\n\n\n\n<p>Al\u00e9m disso, a quest\u00e3o tem como tema a verba de convoca\u00e7\u00e3o extraordin\u00e1ria, flagrantemente inconstitucional. Ou seja, poderia o candidato interpretar que o \u201cVALOR\u201d seria uma forma de \u201ccompensar\u201d e ludibriar o texto constitucional, de modo a garantir aos parlamentares o pagamento da quantia constitucionalmente indevida, o que, mais uma vez, seria INCONSTITUCIONAL. Faltou ao examinador delimitar melhor o enunciado, impedindo que essas LACUNAS prejudicassem todos os inscritos no certame.<\/p>\n\n\n\n<p>DESSA FORMA, encaminho presente RECURSO para ANULAR A PRESENTE QUEST\u00c3O.<\/p>\n\n\n\n<h3 class=\"wp-block-heading\" id=\"h-questao-30\">Quest\u00e3o 30<\/h3>\n\n\n\n<p>GABARITO PRELIMINAR: LETRA E<\/p>\n\n\n\n<p><strong>GABARITO INDICADO: LETRA A<\/strong><strong> (MAIS CORRETO, TENDO EM VISTA O EDITAL)<\/strong><\/p>\n\n\n\n<p>A quest\u00e3o n\u00famero 22 (prova do cargo privativo para Bacharel em Direito) ou (30 para a \u00e1rea de atividade meio) discorre sobre a aliena\u00e7\u00e3o de terras p\u00fablicas e sua necessidade de aprova\u00e7\u00e3o pelo Poder Legislativo.<\/p>\n\n\n\n<p><strong>Caso a resposta seja letra E. A QUEST\u00c3O CLARAMENTE EXTRAPOLA DO EDITAL DO CONCURSO. <\/strong><strong><\/strong><\/p>\n\n\n\n<p><br \/>A Constitui\u00e7\u00e3o da Rep\u00fablica \u00e9 clara ao prever como COMPET\u00caNCIA EXCLUSIVA DO CONGRESSO NACIONAL (ART. 49, XVII) para aprovar, previamente, a aliena\u00e7\u00e3o ou concess\u00e3o de terras p\u00fablicas com \u00e1rea superior a dois mil e quinhentos hectares. Ou seja, \u00e9 necess\u00e1ria a autoriza\u00e7\u00e3o legislativa a depender do tamanho da \u00e1rea.<\/p>\n\n\n\n<p>Ocorre que, conforme o enunciado da quest\u00e3o, a \u00e1rea \u00e9 ESTADUAL, sendo necess\u00e1ria autoriza\u00e7\u00e3o legislativa da respectiva ASSEMBLEIA, a depender do tamanho da \u00e1rea prevista na CONSTITUI\u00c7\u00c3O ESTADUAL. Trata-se de uma clara decorr\u00eancia do \u201cPrinc\u00edpio da Simetria\u201d no qual os Estados Membros possuem AUTONOMIA LEGISLATIVA, MAS DENTRO DOS PAR\u00c2METROS DA CF 88.<\/p>\n\n\n\n<p>Atente-se que n\u00e3o se poderia marcar a op\u00e7\u00e3o D, pois essa fala em \u201cLEI DE INICIATIVA DO GOVERNADOR\u201d, o que n\u00e3o corresponde \u00e0 realidade, visto ser uma COMPET\u00caNCIA PRIVATIVA DA ASSEMBLEIA EM QUALQUER CONSTITUI\u00c7\u00c3O ESTADUAL. Como exemplo, cite-se a pr\u00f3pria Constitui\u00e7\u00e3o do Estado do Mato Grosso do Sul:<\/p>\n\n\n\n<p>Art. 231. O Estado adotar\u00e1 programas de desenvolvimento rural destinados a fomentar a produ\u00e7\u00e3o agropecu\u00e1ria, a organizar o abastecimento alimentar e a fixar o homem no campo, compatibilizados com a pol\u00edtica agr\u00edcola e com o plano de reforma agr\u00e1ria estabelecidos pela Uni\u00e3o e com o plano estadual de controle ambiental. (&#8230;)<\/p>\n\n\n\n<p>\u00a7 1\u00ba Para a consecu\u00e7\u00e3o dos objetivos ser\u00e1 assegurada, no planejamento e na execu\u00e7\u00e3o da pol\u00edtica rural, na forma da lei agr\u00edcola, a participa\u00e7\u00e3o dos setores de produ\u00e7\u00e3o, envolvendo produtores e trabalhadores rurais, bem como dos setores de comercializa\u00e7\u00e3o de armazenamento, transportes e de abastecimento, levando-se em conta, especialmente:<\/p>\n\n\n\n<p><strong>VIII &#8211; a aliena\u00e7\u00e3o ou concess\u00e3o, a qualquer t\u00edtulo, de terras p\u00fablicas para assentamento de produtores rurais, pessoa f\u00edsica ou jur\u00eddica, ainda que por interposta pessoa, limitada a dois mil e quinhentos hectares, com pr\u00e9via autoriza\u00e7\u00e3o da Assembleia Legislativa.<\/strong><\/p>\n\n\n\n<p>Por esse racioc\u00ednio, <strong>a resposta MAIS CORRETA \u00c9 A LETRA A: CABE AO ESTADO, POR FOR\u00c7A DE SUA AUTONOMIA POL\u00cdTICA, DEFINIR A NECESSIDADE, OU N\u00c3O, DE AUTORIZA\u00c7\u00c3O LEGISLATIVA.<\/strong> Ou seja, dependendo do tamanho da \u00e1rea, requer-se a autoriza\u00e7\u00e3o, dependendo, N\u00c3O, da mesma forma que ocorre na CF88.<\/p>\n\n\n\n<p>Entretanto, N\u00c3O FOI ESSE O ENTENDIMENTO PRELIMINAR DA BANCA EXAMINADORA, QUE EXTRAPOLOU O EDITAL AO INDICAR COMO RESPOSTA A LETRA E.<\/p>\n\n\n\n<p><strong>Tal resposta, demanda o conhecimento do art. 188 da CF88, CLARAMENTE FORA DA MAT\u00c9RIA A SER ESTUDADA, CONFORME O EDITAL DO CONCURSO.<\/strong><strong><\/strong><\/p>\n\n\n\n<p>T\u00cdTULO VII DA ORDEM ECON\u00d4MICA E FINANCEIRA<\/p>\n\n\n\n<p>CAP\u00cdTULO III DA POL\u00cdTICA AGR\u00cdCOLA E FUNDI\u00c1RIA E DA REFORMA AGR\u00c1RIA<\/p>\n\n\n\n<p>Art. 188. A destina\u00e7\u00e3o de terras p\u00fablicas e devolutas ser\u00e1 compatibilizada com a pol\u00edtica agr\u00edcola e com o plano nacional de reforma agr\u00e1ria.<\/p>\n\n\n\n<p>\u00a7 1\u00ba A aliena\u00e7\u00e3o ou a concess\u00e3o, a qualquer t\u00edtulo, de terras p\u00fablicas com \u00e1rea superior a dois mil e quinhentos hectares a pessoa f\u00edsica ou jur\u00eddica, ainda que por interposta pessoa, depender\u00e1 de pr\u00e9via aprova\u00e7\u00e3o do Congresso Nacional.<\/p>\n\n\n\n<p>\u00a7 2\u00ba Excetuam-se do disposto no par\u00e1grafo anterior as aliena\u00e7\u00f5es ou as concess\u00f5es de terras p\u00fablicas para fins de reforma agr\u00e1ria.<\/p>\n\n\n\n<p><strong>EM NENHUM MOMENTO O EDITAL DO CONCURSO ARROLA O T\u00cdTULO VII DA CF88 DESCRITO ACIMA. <\/strong><em>CONHECIMENTOS ESPEC\u00cdFICOS ANALISTA JUDICI\u00c1RIO \u2013 \u00c1REA FIM (BACHAREL EM DIREITO) E <\/em>ANALISTA JUDICI\u00c1RIO \u2013 \u00c1REA MEIO (QUALQUER \u00c1REA DE FORMA\u00c7\u00c3O).<\/p>\n\n\n\n<p><em>DIREITO CONSTITUCIONAL Constitui\u00e7\u00e3o: conceito, objeto, elementos e classifica\u00e7\u00f5es; supremacia da Constitui\u00e7\u00e3o; aplicabilidade das normas constitucionais. Interpreta\u00e7\u00e3o do texto constitucional. Poder Constituinte: origin\u00e1rio, derivado e decorrente. Princ\u00edpios fundamentais. Direitos e garantias fundamentais: direitos e deveres individuais e coletivos; direitos sociais; nacionalidade; direitos pol\u00edticos; partidos pol\u00edticos. Organiza\u00e7\u00e3o do Estado: organiza\u00e7\u00e3o pol\u00edtico-administrativa: Uni\u00e3o; Estados federados; Munic\u00edpios; Distrito Federal; Territ\u00f3rios; interven\u00e7\u00e3o. Administra\u00e7\u00e3o P\u00fablica: disposi\u00e7\u00f5es gerais; servidores p\u00fablicos; militares dos Estados, do Distrito Federal e dos Territ\u00f3rios. Organiza\u00e7\u00e3o dos poderes no Estado: Poder Legislativo: estrutura, funcionamento e atribui\u00e7\u00f5es; Comiss\u00f5es Parlamentares de Inqu\u00e9rito; Tribunal de Contas do Estado: composi\u00e7\u00e3o e compet\u00eancia. Processo legislativo; Poder Executivo: Presidente da Rep\u00fablica: atribui\u00e7\u00f5es, prerrogativas e responsabilidades; Ministros de Estado; Conselho da Rep\u00fablica e de Defesa Nacional. Poder Judici\u00e1rio: disposi\u00e7\u00f5es gerais; \u00f3rg\u00e3os do Poder Judici\u00e1rio: organiza\u00e7\u00e3o e compet\u00eancias; Conselho Nacional de Justi\u00e7a (CNJ); fun\u00e7\u00f5es essenciais \u00e0 Justi\u00e7a: Minist\u00e9rio P\u00fablico: princ\u00edpios, garantias, veda\u00e7\u00f5es, organiza\u00e7\u00e3o e compet\u00eancias; advocacia p\u00fablica: advocacia e defensoria p\u00fablica; controle de constitucionalidade: sistemas gerais e sistema brasileiro; controle incidental ou concreto; controle abstrato de constitucionalidade; A\u00e7\u00e3o Declarat\u00f3ria de Constitucionalidade; A\u00e7\u00e3o Direta de Inconstitucionalidade; Argui\u00e7\u00e3o de Descumprimento de Preceito Fundamental; A\u00e7\u00e3o Direta de Inconstitucionalidade por Omiss\u00e3o; A\u00e7\u00e3o Direta de Inconstitucionalidade Interventiva; controle concreto e abstrato de constitucionalidade do direito estadual. S\u00famula Vinculante. Defesa do Estado e das institui\u00e7\u00f5es democr\u00e1ticas. Sistema Tribut\u00e1rio Nacional: princ\u00edpios gerais, limita\u00e7\u00f5es do poder de tributar, impostos da Uni\u00e3o, dos Estados e dos Munic\u00edpios. Ordem social. Habeas corpus. Mandado de seguran\u00e7a. Mandado de injun\u00e7\u00e3o. Habeas data.<\/em><\/p>\n\n\n\n<p><strong>DESSA FORMA, A LETRA \u201cE\u201d CLARAMENTE EXTRAPOLA O EDITAL DO CONCURSO, SENDO A RESPOSTA MAIS CORRETA PARA A QUEST\u00c3O A LETRA \u201cA\u201d. <\/strong><strong><\/strong><\/p>\n\n\n\n<p>Diante do fato, encaminho o presente RECURSO para ANULAR A REFERIDA QUEST\u00c3O ou atribuir como RESPOSTA A LETRA A.<\/p>\n\n\n\n<p><strong>Em caso de indeferimento do mesmo ser\u00e1 poss\u00edvel a interposi\u00e7\u00e3o de MANDADO DE SEGURAN\u00c7A por les\u00e3o ao direito l\u00edquido e certo dos candidatos (as) inscritos(as) no certame.<\/strong><strong><\/strong><\/p>\n\n\n\n<h3 class=\"wp-block-heading\" id=\"h-questao-51\">Quest\u00e3o 51<\/h3>\n\n\n\n<p>Bruno virgula gerente de recursos humanos em uma funda\u00e7\u00e3o, precisa avaliar os resultados dos programas de treinamento realizados para os funcion\u00e1rios em 2023. O objetivo principal dos treinamentos foi a melhoria do desempenho no n\u00edvel organizacional.<\/p>\n\n\n\n<p>Bruno poderia utilizar como indicadores para avaliar os impactos dos programas de treinamento, no n\u00edvel organizacional:<\/p>\n\n\n\n<p>A) melhoria da qualidade de vida no trabalho QVT; redu\u00e7\u00e3o da rotatividade;<\/p>\n\n\n\n<p>B) melhora do clima organizacional; melhora da imagem da organiza\u00e7\u00e3o;<\/p>\n\n\n\n<p>C) aumento da produtividade; retorno dos investimentos em treinamento.<\/p>\n\n\n\n<p>D) redu\u00e7\u00e3o do absente\u00edsmo; melhora da coopera\u00e7\u00e3o;<\/p>\n\n\n\n<p>E) redu\u00e7\u00e3o do \u00edndice de acidentes de trabalho; melhoria da qualidade.<\/p>\n\n\n\n<p>Gabarito Preliminar: Letra D \u2013 Recurso: Letra B<\/p>\n\n\n\n<p><strong>Coment\u00e1rios:<\/strong><\/p>\n\n\n\n<p>De acordo com Chiavenato<a href=\"#_ftn1\" id=\"_ftnref1\">[1]<\/a>, o levantamento das necessidades pode ser feito em tr\u00eas n\u00edveis de an\u00e1lise:&nbsp;<\/p>\n\n\n\n<p><strong>N\u00edvel organizacional:&nbsp;<\/strong>&nbsp;<\/p>\n\n\n\n<ul class=\"wp-block-list\">\n<li>Aumento da efic\u00e1cia organizacional;<\/li>\n\n\n\n<li>Melhoria da&nbsp;imagem da empresa;&nbsp;<\/li>\n\n\n\n<li>Melhoria do clima organizacional;<\/li>\n\n\n\n<li>Melhor&nbsp;relacionamento empresa e empregados; &nbsp;<\/li>\n\n\n\n<li>Melhor atendimento ao cliente;<\/li>\n\n\n\n<li>Facilidade nas&nbsp;mudan\u00e7as&nbsp;e na&nbsp;inova\u00e7\u00e3o;<\/li>\n\n\n\n<li>Aumento de efici\u00eancia;<\/li>\n\n\n\n<li>Envolvimento dos gerentes nas pr\u00e1ticas de treinamento.&nbsp;<\/li>\n<\/ul>\n\n\n\n<p><strong>N\u00edvel dos recursos humanos<\/strong>&nbsp;<em>(determinar quais os comportamentos, atitudes, conhecimentos necess\u00e1rios)<\/em>&nbsp;<\/p>\n\n\n\n<ul class=\"wp-block-list\">\n<li>Redu\u00e7\u00e3o da&nbsp;rotatividade&nbsp;de pessoal;<\/li>\n\n\n\n<li>Redu\u00e7\u00e3o do&nbsp;absente\u00edsmo;&nbsp;<\/li>\n\n\n\n<li>Aumento da efici\u00eancia individual e grupal dos empregados;<\/li>\n\n\n\n<li>Eleva\u00e7\u00e3o do&nbsp;conhecimento&nbsp;das pessoas;&nbsp;<\/li>\n\n\n\n<li>Mudan\u00e7as de&nbsp;atitudes e de comportamentos; &nbsp;<\/li>\n\n\n\n<li>Aumento das&nbsp;compet\u00eancias das pessoas;<\/li>\n\n\n\n<li>Melhoria da qualidade de vida (QVT).&nbsp;<\/li>\n<\/ul>\n\n\n\n<p><strong>N\u00edvel dos cargos.&nbsp;<\/strong><strong><\/strong><\/p>\n\n\n\n<ul class=\"wp-block-list\">\n<li>Adequa\u00e7\u00e3o das pessoas aos requisites dos cargos;<\/li>\n\n\n\n<li>Melhoria do esp\u00edrito de grupo e da coopera\u00e7\u00e3o;<\/li>\n\n\n\n<li>Aumento da produtividade; &nbsp;<\/li>\n\n\n\n<li>Melhoria da qualidade; &nbsp;<\/li>\n\n\n\n<li>Redu\u00e7\u00e3o no \u00edndice de acidentes de trabalho; &nbsp;<\/li>\n\n\n\n<li>Redu\u00e7\u00e3o no \u00edndice de manuten\u00e7\u00e3o de m\u00e1quinas e equipamentos etc.<\/li>\n<\/ul>\n\n\n\n<p>Desta forma, encontra-se correta a op\u00e7\u00e3o B (melhora do clima organizacional; melhora da imagem da organiza\u00e7\u00e3o) conforme a literatura supracitada.<\/p>\n\n\n\n<p>Solicita-se, portanto, a revis\u00e3o e consequente altera\u00e7\u00e3o do gabarito da quest\u00e3o 51 para &#8220;LETRA B\u201d.<\/p>\n\n\n\n<hr class=\"wp-block-separator has-alpha-channel-opacity\"\/>\n\n\n\n<p><a id=\"_ftn1\" href=\"#_ftnref1\">[1]<\/a> (Chiavenato, 2004)<\/p>\n\n\n\n<h3 class=\"wp-block-heading\" id=\"h-questao-56\">Quest\u00e3o 56<\/h3>\n\n\n\n<p>A quest\u00e3o 56 alude \u00e0 Resolu\u00e7\u00e3o CNJ n\u00ba 400\/2021 e pede um das compet\u00eancias das unidades socioambientais, mas essas unidades n\u00e3o est\u00e3o previstas na referida Resolu\u00e7\u00e3o. O nome correto seria &#8220;unidades de sustentabilidade&#8221;. Os termos &#8220;n\u00facleos socioambientais&#8221; ou &#8220;unidades socioambientais&#8221; eram previstos na antiga Resolu\u00e7\u00e3o CNJ n\u00ba 201\/2015, revogada pela Resolu\u00e7\u00e3o CNJ n\u00ba 400\/2021.<\/p>\n\n\n\n<p>Desse modo, por utilizar termo n\u00e3o previsto na referida norma, entende-se que a quest\u00e3o \u00e9 pass\u00edvel de anula\u00e7\u00e3o.<\/p>\n\n\n\n<h3 class=\"wp-block-heading\" id=\"h-questao-59\">Quest\u00e3o 59<\/h3>\n\n\n\n<p>A governan\u00e7a da estrat\u00e9gia nacional do poder judici\u00e1rio 2021-2026 Visa a aprimorar a efici\u00eancia e a transpar\u00eancia na condu\u00e7\u00e3o das a\u00e7\u00f5es voltadas para o aprimoramento do sistema judicial brasileiro.<\/p>\n\n\n\n<p>O respons\u00e1vel pela coordena\u00e7\u00e3o das atividades de prepara\u00e7\u00e3o e realiza\u00e7\u00e3o dos encontros nacionais do poder judici\u00e1rio \u00e9:<\/p>\n\n\n\n<p>A) presid\u00eancia do CNJ;<\/p>\n\n\n\n<p>B) departamento de pesquisa judici\u00e1ria;<\/p>\n\n\n\n<p>C) departamento de gest\u00e3o estrat\u00e9gica.<\/p>\n\n\n\n<p>D) comiss\u00e3o permanente de gest\u00e3o estrat\u00e9gica, estat\u00edstica e or\u00e7amento;<\/p>\n\n\n\n<p>E) Secretaria especial de Programas, Pesquisa e Gest\u00e3o Estrat\u00e9gica.<\/p>\n\n\n\n<p>Gabarito Preliminar: Letra E. Recurso: Letra A<\/p>\n\n\n\n<p>A Resolu\u00e7\u00e3o CNJ n\u00ba 198\/2014 estabelece que a Presid\u00eancia do CNJ, juntamente com a Comiss\u00e3o Permanente de Gest\u00e3o Estrat\u00e9gica, Estat\u00edstica e Or\u00e7amento, \u00e9 respons\u00e1vel pela coordena\u00e7\u00e3o das atividades de prepara\u00e7\u00e3o e realiza\u00e7\u00e3o dos Encontros Nacionais do Poder Judici\u00e1rio.<\/p>\n\n\n\n<p>De acordo com a Resolu\u00e7\u00e3o:<\/p>\n\n\n\n<p><em>Art. 10. Compete \u00e0 Presid\u00eancia do CNJ, conjuntamente \u00e0 Comiss\u00e3o Permanente de Gest\u00e3o Estrat\u00e9gica, Estat\u00edstica e Or\u00e7amento, assessoradas pelo Departamento de Gest\u00e3o Estrat\u00e9gica, coordenar as atividades de planejamento e gest\u00e3o estrat\u00e9gica do Poder Judici\u00e1rio, a prepara\u00e7\u00e3o e a realiza\u00e7\u00e3o dos Encontros Nacionais.<\/em><\/p>\n\n\n\n<p>Solicita-se, portanto, a revis\u00e3o e consequente altera\u00e7\u00e3o do gabarito da quest\u00e3o 59 para &#8220;LETRA A\u201d.<\/p>\n\n\n\n<p class=\"has-text-align-center\"><em>Quer saber mais informa\u00e7\u00f5es sobre o concurso do TJ MS? Ent\u00e3o confira o nosso artigo completo<\/em>:<\/p>\n\n\n\n<p class=\"has-text-align-center has-very-light-gray-to-cyan-bluish-gray-gradient-background has-background\"><strong>Saiba mais:<\/strong> <a href=\"https:\/\/www.estrategiaconcursos.com.br\/blog\/concurso-tj-ms\/\">concurso TJ MS<\/a><\/p>\n\n\n\n<h2 class=\"wp-block-heading has-text-align-center\" id=\"h-quer-saber-tudo-sobre-concursos-previstos-confira-nossos-artigos\">Quer saber tudo sobre concursos previstos?<br \/>Confira  nossos artigos!<\/h2>\n\n\n\n<ul class=\"wp-block-list\">\n<li><a href=\"https:\/\/www.estrategiaconcursos.com.br\/blog\/concursos-abertos\/\" target=\"_blank\" rel=\"noreferrer noopener\">Concursos abertos<\/a><\/li>\n\n\n\n<li><a href=\"https:\/\/www.estrategiaconcursos.com.br\/blog\/concursos-2023\/\" target=\"_blank\" rel=\"noreferrer noopener\">Concursos 2024<\/a><\/li>\n<\/ul>\n\n\n\n<div class=\"container\" id=\"boxes\">\r\n  <div class=\"row\">\r\n\r\n    <div class=\"col-sm\">\r\n      <div class=\"banner-estrategia\" id=\"box-assinatura\">\r\n        <h3 class=\"titulo-assinatura\">Cursos para concursos<\/h3>\r\n        <p class=\"subtitulo-assinatura\">Conhe\u00e7a os cursos<\/p>\r\n        <div class=\"box-botao\">\r\n          <a class=\"btn-assinatura\" target=\"_blank\" href=\"https:\/\/www.estrategiaconcursos.com.br\/cursos\/\" role=\"button\" rel=\"noopener noreferrer\">Conhe\u00e7a mais<\/a>\r\n        <\/div>\r\n      <\/div>\r\n     \r\n    <\/div>\r\n\r\n  <\/div>\r\n<\/div>\n\n\n\n<div class=\"container\" id=\"boxes\">\r\n  <div class=\"row\">\r\n\r\n    <div class=\"col-sm\">\r\n      <div class=\"estrategia\" id=\"box-assinatura\">\r\n        <h3 class=\"titulo-assinatura\">Assinatura Concursos<\/h3>\r\n        <p class=\"subtitulo-assinatura\">Assinatura de 1 ano ou 2 anos<\/p>\r\n        <div class=\"box-botao\">\r\n          <a class=\"btn-assinatura\" target=\"_blank\" href=\"https:\/\/www.estrategiaconcursos.com.br\/assinaturas\/\" role=\"button\" rel=\"noopener noreferrer\">ASSINE AGORA<\/a>\r\n        <\/div>\r\n      <\/div><\/div><\/div><\/div>\n","protected":false},"excerpt":{"rendered":"<p>As provas objetivas do&nbsp;concurso&nbsp;TJ MS&nbsp;foram aplicadas no \u00faltimo domingo (12\/05) e aqui voc\u00ea poder\u00e1 conferir as sugest\u00f5es de recursos para o cargo de&nbsp;Analista Judici\u00e1rio \u2013 \u00c1rea Meio. Os recursos foram elaborados pelos professores e especialistas do Estrat\u00e9gia Concursos com base&nbsp;neste&nbsp;caderno. Lembre-se que o recurso \u00e9 individual e a c\u00f3pia pode resultar na anula\u00e7\u00e3o da sua [&hellip;]<\/p>\n","protected":false},"author":2903,"featured_media":994048,"comment_status":"open","ping_status":"closed","sticky":false,"template":"","format":"standard","meta":{"post_tipo":"news","footnotes":""},"categories":[1984],"tags":[],"tax_estado":[219975],"class_list":["post-1399141","post","type-post","status-publish","format-standard","has-post-thumbnail","hentry","category-tribunais","tax_estado-ms"],"acf":[],"yoast_head":"<!-- This site is optimized with the Yoast SEO Premium plugin v27.2 (Yoast SEO v27.2) - https:\/\/yoast.com\/product\/yoast-seo-premium-wordpress\/ -->\n<title>Concurso TJ MS:\u00a0recursos para Analista Judici\u00e1rio \u2013 \u00c1rea Meio<\/title>\n<meta name=\"description\" content=\"Concurso TJ MS:\u00a0confira as quest\u00f5es com possibilidade de recurso para o cargo de Analista Judici\u00e1rio \u2013 \u00c1rea meio!\" \/>\n<meta name=\"robots\" content=\"index, follow, max-snippet:-1, max-image-preview:large, max-video-preview:-1\" \/>\n<link rel=\"canonical\" href=\"https:\/\/www.estrategiaconcursos.com.br\/blog\/concurso-tj-ms-recursos-para-analista-judiciario-area-meio\/\" \/>\n<meta property=\"og:locale\" content=\"pt_BR\" \/>\n<meta property=\"og:type\" content=\"article\" \/>\n<meta property=\"og:title\" content=\"Concurso TJ MS:\u00a0recursos para Analista Judici\u00e1rio \u2013 \u00c1rea Meio\" \/>\n<meta property=\"og:description\" content=\"Concurso TJ MS:\u00a0confira as quest\u00f5es com possibilidade de recurso para o cargo de Analista Judici\u00e1rio \u2013 \u00c1rea meio!\" \/>\n<meta property=\"og:url\" content=\"https:\/\/www.estrategiaconcursos.com.br\/blog\/concurso-tj-ms-recursos-para-analista-judiciario-area-meio\/\" \/>\n<meta property=\"og:site_name\" content=\"Estrat\u00e9gia Concursos\" \/>\n<meta property=\"article:published_time\" content=\"2024-05-14T22:56:41+00:00\" \/>\n<meta property=\"article:modified_time\" content=\"2024-06-12T22:49:09+00:00\" \/>\n<meta property=\"og:image\" content=\"https:\/\/dhg1h5j42swfq.cloudfront.net\/2022\/03\/24131338\/tj_ms.jpeg\" \/>\n\t<meta property=\"og:image:width\" content=\"768\" \/>\n\t<meta property=\"og:image:height\" content=\"432\" \/>\n\t<meta property=\"og:image:type\" content=\"image\/jpeg\" \/>\n<meta name=\"author\" content=\"Ana Carolina Jurado Centurion Gomes\" \/>\n<meta name=\"twitter:card\" content=\"summary_large_image\" \/>\n<meta name=\"twitter:creator\" content=\"@EstratConcursos\" \/>\n<meta name=\"twitter:site\" content=\"@EstratConcursos\" \/>\n<meta name=\"twitter:label1\" content=\"Escrito por\" \/>\n\t<meta name=\"twitter:data1\" content=\"Ana Carolina Jurado Centurion Gomes\" \/>\n\t<meta name=\"twitter:label2\" content=\"Est. tempo de leitura\" \/>\n\t<meta name=\"twitter:data2\" content=\"15 minutos\" \/>\n<script type=\"application\/ld+json\" class=\"yoast-schema-graph\">{\"@context\":\"https:\/\/schema.org\",\"@graph\":[{\"@type\":\"NewsArticle\",\"@id\":\"https:\/\/www.estrategiaconcursos.com.br\/blog\/concurso-tj-ms-recursos-para-analista-judiciario-area-meio\/#article\",\"isPartOf\":{\"@id\":\"https:\/\/www.estrategiaconcursos.com.br\/blog\/concurso-tj-ms-recursos-para-analista-judiciario-area-meio\/\"},\"author\":{\"name\":\"Ana Carolina Jurado Centurion Gomes\",\"@id\":\"https:\/\/www.estrategiaconcursos.com.br\/blog\/#\/schema\/person\/aef09428f07fabc30fefbdc03626d9bf\"},\"headline\":\"Concurso TJ MS:\u00a0recursos para Analista Judici\u00e1rio \u2013 \u00c1rea Meio\",\"datePublished\":\"2024-05-14T22:56:41+00:00\",\"dateModified\":\"2024-06-12T22:49:09+00:00\",\"mainEntityOfPage\":{\"@id\":\"https:\/\/www.estrategiaconcursos.com.br\/blog\/concurso-tj-ms-recursos-para-analista-judiciario-area-meio\/\"},\"wordCount\":2934,\"commentCount\":0,\"publisher\":{\"@id\":\"https:\/\/www.estrategiaconcursos.com.br\/blog\/#organization\"},\"image\":{\"@id\":\"https:\/\/www.estrategiaconcursos.com.br\/blog\/concurso-tj-ms-recursos-para-analista-judiciario-area-meio\/#primaryimage\"},\"thumbnailUrl\":\"https:\/\/dhg1h5j42swfq.cloudfront.net\/2022\/03\/24131338\/tj_ms.jpeg\",\"articleSection\":[\"Tribunais\"],\"inLanguage\":\"pt-BR\",\"potentialAction\":[{\"@type\":\"CommentAction\",\"name\":\"Comment\",\"target\":[\"https:\/\/www.estrategiaconcursos.com.br\/blog\/concurso-tj-ms-recursos-para-analista-judiciario-area-meio\/#respond\"]}],\"copyrightYear\":\"2024\",\"copyrightHolder\":{\"@id\":\"https:\/\/www.estrategiaconcursos.com.br\/blog\/#organization\"}},{\"@type\":\"WebPage\",\"@id\":\"https:\/\/www.estrategiaconcursos.com.br\/blog\/concurso-tj-ms-recursos-para-analista-judiciario-area-meio\/\",\"url\":\"https:\/\/www.estrategiaconcursos.com.br\/blog\/concurso-tj-ms-recursos-para-analista-judiciario-area-meio\/\",\"name\":\"Concurso TJ MS:\u00a0recursos para Analista Judici\u00e1rio \u2013 \u00c1rea Meio\",\"isPartOf\":{\"@id\":\"https:\/\/www.estrategiaconcursos.com.br\/blog\/#website\"},\"primaryImageOfPage\":{\"@id\":\"https:\/\/www.estrategiaconcursos.com.br\/blog\/concurso-tj-ms-recursos-para-analista-judiciario-area-meio\/#primaryimage\"},\"image\":{\"@id\":\"https:\/\/www.estrategiaconcursos.com.br\/blog\/concurso-tj-ms-recursos-para-analista-judiciario-area-meio\/#primaryimage\"},\"thumbnailUrl\":\"https:\/\/dhg1h5j42swfq.cloudfront.net\/2022\/03\/24131338\/tj_ms.jpeg\",\"datePublished\":\"2024-05-14T22:56:41+00:00\",\"dateModified\":\"2024-06-12T22:49:09+00:00\",\"description\":\"Concurso TJ MS:\u00a0confira as quest\u00f5es com possibilidade de recurso para o cargo de Analista Judici\u00e1rio \u2013 \u00c1rea meio!\",\"breadcrumb\":{\"@id\":\"https:\/\/www.estrategiaconcursos.com.br\/blog\/concurso-tj-ms-recursos-para-analista-judiciario-area-meio\/#breadcrumb\"},\"inLanguage\":\"pt-BR\",\"potentialAction\":[{\"@type\":\"ReadAction\",\"target\":[\"https:\/\/www.estrategiaconcursos.com.br\/blog\/concurso-tj-ms-recursos-para-analista-judiciario-area-meio\/\"]}]},{\"@type\":\"ImageObject\",\"inLanguage\":\"pt-BR\",\"@id\":\"https:\/\/www.estrategiaconcursos.com.br\/blog\/concurso-tj-ms-recursos-para-analista-judiciario-area-meio\/#primaryimage\",\"url\":\"https:\/\/dhg1h5j42swfq.cloudfront.net\/2022\/03\/24131338\/tj_ms.jpeg\",\"contentUrl\":\"https:\/\/dhg1h5j42swfq.cloudfront.net\/2022\/03\/24131338\/tj_ms.jpeg\",\"width\":768,\"height\":432,\"caption\":\"Analista Judici\u00e1rio TJMS\"},{\"@type\":\"BreadcrumbList\",\"@id\":\"https:\/\/www.estrategiaconcursos.com.br\/blog\/concurso-tj-ms-recursos-para-analista-judiciario-area-meio\/#breadcrumb\",\"itemListElement\":[{\"@type\":\"ListItem\",\"position\":1,\"name\":\"In\u00edcio\",\"item\":\"https:\/\/www.estrategiaconcursos.com.br\/blog\/\"},{\"@type\":\"ListItem\",\"position\":2,\"name\":\"Concurso TJ MS:\u00a0recursos para Analista Judici\u00e1rio \u2013 \u00c1rea Meio\"}]},{\"@type\":\"WebSite\",\"@id\":\"https:\/\/www.estrategiaconcursos.com.br\/blog\/#website\",\"url\":\"https:\/\/www.estrategiaconcursos.com.br\/blog\/\",\"name\":\"Estrat\u00e9gia Concursos\",\"description\":\"O blog da Estrat\u00e9gia Concursos traz not\u00edcias sobre concursos e artigos de professores oferecendo cursos para concursos (pdf + videaulas) no site.\",\"publisher\":{\"@id\":\"https:\/\/www.estrategiaconcursos.com.br\/blog\/#organization\"},\"potentialAction\":[{\"@type\":\"SearchAction\",\"target\":{\"@type\":\"EntryPoint\",\"urlTemplate\":\"https:\/\/www.estrategiaconcursos.com.br\/blog\/?s={search_term_string}\"},\"query-input\":{\"@type\":\"PropertyValueSpecification\",\"valueRequired\":true,\"valueName\":\"search_term_string\"}}],\"inLanguage\":\"pt-BR\"},{\"@type\":\"Organization\",\"@id\":\"https:\/\/www.estrategiaconcursos.com.br\/blog\/#organization\",\"name\":\"Estrat\u00e9gia Concursos\",\"url\":\"https:\/\/www.estrategiaconcursos.com.br\/blog\/\",\"logo\":{\"@type\":\"ImageObject\",\"inLanguage\":\"pt-BR\",\"@id\":\"https:\/\/www.estrategiaconcursos.com.br\/blog\/#\/schema\/logo\/image\/\",\"url\":\"https:\/\/dhg1h5j42swfq.cloudfront.net\/2025\/06\/03203428\/logo_concursos-1.jpg\",\"contentUrl\":\"https:\/\/dhg1h5j42swfq.cloudfront.net\/2025\/06\/03203428\/logo_concursos-1.jpg\",\"width\":230,\"height\":60,\"caption\":\"Estrat\u00e9gia Concursos\"},\"image\":{\"@id\":\"https:\/\/www.estrategiaconcursos.com.br\/blog\/#\/schema\/logo\/image\/\"},\"sameAs\":[\"https:\/\/x.com\/EstratConcursos\"]},{\"@type\":\"Person\",\"@id\":\"https:\/\/www.estrategiaconcursos.com.br\/blog\/#\/schema\/person\/aef09428f07fabc30fefbdc03626d9bf\",\"name\":\"Ana Carolina Jurado Centurion Gomes\",\"image\":{\"@type\":\"ImageObject\",\"inLanguage\":\"pt-BR\",\"@id\":\"https:\/\/secure.gravatar.com\/avatar\/9ff9aa8da79ff379e60ac2934adbba51a3fcc3827a45355d93da833ab199c235?s=96&d=mm&r=g\",\"url\":\"https:\/\/secure.gravatar.com\/avatar\/9ff9aa8da79ff379e60ac2934adbba51a3fcc3827a45355d93da833ab199c235?s=96&d=mm&r=g\",\"contentUrl\":\"https:\/\/secure.gravatar.com\/avatar\/9ff9aa8da79ff379e60ac2934adbba51a3fcc3827a45355d93da833ab199c235?s=96&d=mm&r=g\",\"caption\":\"Ana Carolina Jurado Centurion Gomes\"},\"url\":\"https:\/\/www.estrategiaconcursos.com.br\/blog\/author\/ana-gomesestragia-com\/\"}]}<\/script>\n<!-- \/ Yoast SEO Premium plugin. -->","yoast_head_json":{"title":"Concurso TJ MS:\u00a0recursos para Analista Judici\u00e1rio \u2013 \u00c1rea Meio","description":"Concurso TJ MS:\u00a0confira as quest\u00f5es com possibilidade de recurso para o cargo de Analista Judici\u00e1rio \u2013 \u00c1rea meio!","robots":{"index":"index","follow":"follow","max-snippet":"max-snippet:-1","max-image-preview":"max-image-preview:large","max-video-preview":"max-video-preview:-1"},"canonical":"https:\/\/www.estrategiaconcursos.com.br\/blog\/concurso-tj-ms-recursos-para-analista-judiciario-area-meio\/","og_locale":"pt_BR","og_type":"article","og_title":"Concurso TJ MS:\u00a0recursos para Analista Judici\u00e1rio \u2013 \u00c1rea Meio","og_description":"Concurso TJ MS:\u00a0confira as quest\u00f5es com possibilidade de recurso para o cargo de Analista Judici\u00e1rio \u2013 \u00c1rea meio!","og_url":"https:\/\/www.estrategiaconcursos.com.br\/blog\/concurso-tj-ms-recursos-para-analista-judiciario-area-meio\/","og_site_name":"Estrat\u00e9gia Concursos","article_published_time":"2024-05-14T22:56:41+00:00","article_modified_time":"2024-06-12T22:49:09+00:00","og_image":[{"width":768,"height":432,"url":"https:\/\/dhg1h5j42swfq.cloudfront.net\/2022\/03\/24131338\/tj_ms.jpeg","type":"image\/jpeg"}],"author":"Ana Carolina Jurado Centurion Gomes","twitter_card":"summary_large_image","twitter_creator":"@EstratConcursos","twitter_site":"@EstratConcursos","twitter_misc":{"Escrito por":"Ana Carolina Jurado Centurion Gomes","Est. tempo de leitura":"15 minutos"},"schema":{"@context":"https:\/\/schema.org","@graph":[{"@type":"NewsArticle","@id":"https:\/\/www.estrategiaconcursos.com.br\/blog\/concurso-tj-ms-recursos-para-analista-judiciario-area-meio\/#article","isPartOf":{"@id":"https:\/\/www.estrategiaconcursos.com.br\/blog\/concurso-tj-ms-recursos-para-analista-judiciario-area-meio\/"},"author":{"name":"Ana Carolina Jurado Centurion Gomes","@id":"https:\/\/www.estrategiaconcursos.com.br\/blog\/#\/schema\/person\/aef09428f07fabc30fefbdc03626d9bf"},"headline":"Concurso TJ MS:\u00a0recursos para Analista Judici\u00e1rio \u2013 \u00c1rea Meio","datePublished":"2024-05-14T22:56:41+00:00","dateModified":"2024-06-12T22:49:09+00:00","mainEntityOfPage":{"@id":"https:\/\/www.estrategiaconcursos.com.br\/blog\/concurso-tj-ms-recursos-para-analista-judiciario-area-meio\/"},"wordCount":2934,"commentCount":0,"publisher":{"@id":"https:\/\/www.estrategiaconcursos.com.br\/blog\/#organization"},"image":{"@id":"https:\/\/www.estrategiaconcursos.com.br\/blog\/concurso-tj-ms-recursos-para-analista-judiciario-area-meio\/#primaryimage"},"thumbnailUrl":"https:\/\/dhg1h5j42swfq.cloudfront.net\/2022\/03\/24131338\/tj_ms.jpeg","articleSection":["Tribunais"],"inLanguage":"pt-BR","potentialAction":[{"@type":"CommentAction","name":"Comment","target":["https:\/\/www.estrategiaconcursos.com.br\/blog\/concurso-tj-ms-recursos-para-analista-judiciario-area-meio\/#respond"]}],"copyrightYear":"2024","copyrightHolder":{"@id":"https:\/\/www.estrategiaconcursos.com.br\/blog\/#organization"}},{"@type":"WebPage","@id":"https:\/\/www.estrategiaconcursos.com.br\/blog\/concurso-tj-ms-recursos-para-analista-judiciario-area-meio\/","url":"https:\/\/www.estrategiaconcursos.com.br\/blog\/concurso-tj-ms-recursos-para-analista-judiciario-area-meio\/","name":"Concurso TJ MS:\u00a0recursos para Analista Judici\u00e1rio \u2013 \u00c1rea Meio","isPartOf":{"@id":"https:\/\/www.estrategiaconcursos.com.br\/blog\/#website"},"primaryImageOfPage":{"@id":"https:\/\/www.estrategiaconcursos.com.br\/blog\/concurso-tj-ms-recursos-para-analista-judiciario-area-meio\/#primaryimage"},"image":{"@id":"https:\/\/www.estrategiaconcursos.com.br\/blog\/concurso-tj-ms-recursos-para-analista-judiciario-area-meio\/#primaryimage"},"thumbnailUrl":"https:\/\/dhg1h5j42swfq.cloudfront.net\/2022\/03\/24131338\/tj_ms.jpeg","datePublished":"2024-05-14T22:56:41+00:00","dateModified":"2024-06-12T22:49:09+00:00","description":"Concurso TJ MS:\u00a0confira as quest\u00f5es com possibilidade de recurso para o cargo de Analista Judici\u00e1rio \u2013 \u00c1rea meio!","breadcrumb":{"@id":"https:\/\/www.estrategiaconcursos.com.br\/blog\/concurso-tj-ms-recursos-para-analista-judiciario-area-meio\/#breadcrumb"},"inLanguage":"pt-BR","potentialAction":[{"@type":"ReadAction","target":["https:\/\/www.estrategiaconcursos.com.br\/blog\/concurso-tj-ms-recursos-para-analista-judiciario-area-meio\/"]}]},{"@type":"ImageObject","inLanguage":"pt-BR","@id":"https:\/\/www.estrategiaconcursos.com.br\/blog\/concurso-tj-ms-recursos-para-analista-judiciario-area-meio\/#primaryimage","url":"https:\/\/dhg1h5j42swfq.cloudfront.net\/2022\/03\/24131338\/tj_ms.jpeg","contentUrl":"https:\/\/dhg1h5j42swfq.cloudfront.net\/2022\/03\/24131338\/tj_ms.jpeg","width":768,"height":432,"caption":"Analista Judici\u00e1rio TJMS"},{"@type":"BreadcrumbList","@id":"https:\/\/www.estrategiaconcursos.com.br\/blog\/concurso-tj-ms-recursos-para-analista-judiciario-area-meio\/#breadcrumb","itemListElement":[{"@type":"ListItem","position":1,"name":"In\u00edcio","item":"https:\/\/www.estrategiaconcursos.com.br\/blog\/"},{"@type":"ListItem","position":2,"name":"Concurso TJ MS:\u00a0recursos para Analista Judici\u00e1rio \u2013 \u00c1rea Meio"}]},{"@type":"WebSite","@id":"https:\/\/www.estrategiaconcursos.com.br\/blog\/#website","url":"https:\/\/www.estrategiaconcursos.com.br\/blog\/","name":"Estrat\u00e9gia Concursos","description":"O blog da Estrat\u00e9gia Concursos traz not\u00edcias sobre concursos e artigos de professores oferecendo cursos para concursos (pdf + videaulas) no site.","publisher":{"@id":"https:\/\/www.estrategiaconcursos.com.br\/blog\/#organization"},"potentialAction":[{"@type":"SearchAction","target":{"@type":"EntryPoint","urlTemplate":"https:\/\/www.estrategiaconcursos.com.br\/blog\/?s={search_term_string}"},"query-input":{"@type":"PropertyValueSpecification","valueRequired":true,"valueName":"search_term_string"}}],"inLanguage":"pt-BR"},{"@type":"Organization","@id":"https:\/\/www.estrategiaconcursos.com.br\/blog\/#organization","name":"Estrat\u00e9gia Concursos","url":"https:\/\/www.estrategiaconcursos.com.br\/blog\/","logo":{"@type":"ImageObject","inLanguage":"pt-BR","@id":"https:\/\/www.estrategiaconcursos.com.br\/blog\/#\/schema\/logo\/image\/","url":"https:\/\/dhg1h5j42swfq.cloudfront.net\/2025\/06\/03203428\/logo_concursos-1.jpg","contentUrl":"https:\/\/dhg1h5j42swfq.cloudfront.net\/2025\/06\/03203428\/logo_concursos-1.jpg","width":230,"height":60,"caption":"Estrat\u00e9gia Concursos"},"image":{"@id":"https:\/\/www.estrategiaconcursos.com.br\/blog\/#\/schema\/logo\/image\/"},"sameAs":["https:\/\/x.com\/EstratConcursos"]},{"@type":"Person","@id":"https:\/\/www.estrategiaconcursos.com.br\/blog\/#\/schema\/person\/aef09428f07fabc30fefbdc03626d9bf","name":"Ana Carolina Jurado Centurion Gomes","image":{"@type":"ImageObject","inLanguage":"pt-BR","@id":"https:\/\/secure.gravatar.com\/avatar\/9ff9aa8da79ff379e60ac2934adbba51a3fcc3827a45355d93da833ab199c235?s=96&d=mm&r=g","url":"https:\/\/secure.gravatar.com\/avatar\/9ff9aa8da79ff379e60ac2934adbba51a3fcc3827a45355d93da833ab199c235?s=96&d=mm&r=g","contentUrl":"https:\/\/secure.gravatar.com\/avatar\/9ff9aa8da79ff379e60ac2934adbba51a3fcc3827a45355d93da833ab199c235?s=96&d=mm&r=g","caption":"Ana Carolina Jurado Centurion Gomes"},"url":"https:\/\/www.estrategiaconcursos.com.br\/blog\/author\/ana-gomesestragia-com\/"}]}},"_links":{"self":[{"href":"https:\/\/www.estrategiaconcursos.com.br\/blog\/wp-json\/wp\/v2\/posts\/1399141","targetHints":{"allow":["GET"]}}],"collection":[{"href":"https:\/\/www.estrategiaconcursos.com.br\/blog\/wp-json\/wp\/v2\/posts"}],"about":[{"href":"https:\/\/www.estrategiaconcursos.com.br\/blog\/wp-json\/wp\/v2\/types\/post"}],"author":[{"embeddable":true,"href":"https:\/\/www.estrategiaconcursos.com.br\/blog\/wp-json\/wp\/v2\/users\/2903"}],"replies":[{"embeddable":true,"href":"https:\/\/www.estrategiaconcursos.com.br\/blog\/wp-json\/wp\/v2\/comments?post=1399141"}],"version-history":[{"count":6,"href":"https:\/\/www.estrategiaconcursos.com.br\/blog\/wp-json\/wp\/v2\/posts\/1399141\/revisions"}],"predecessor-version":[{"id":1414481,"href":"https:\/\/www.estrategiaconcursos.com.br\/blog\/wp-json\/wp\/v2\/posts\/1399141\/revisions\/1414481"}],"wp:featuredmedia":[{"embeddable":true,"href":"https:\/\/www.estrategiaconcursos.com.br\/blog\/wp-json\/wp\/v2\/media\/994048"}],"wp:attachment":[{"href":"https:\/\/www.estrategiaconcursos.com.br\/blog\/wp-json\/wp\/v2\/media?parent=1399141"}],"wp:term":[{"taxonomy":"category","embeddable":true,"href":"https:\/\/www.estrategiaconcursos.com.br\/blog\/wp-json\/wp\/v2\/categories?post=1399141"},{"taxonomy":"post_tag","embeddable":true,"href":"https:\/\/www.estrategiaconcursos.com.br\/blog\/wp-json\/wp\/v2\/tags?post=1399141"},{"taxonomy":"tax_estado","embeddable":true,"href":"https:\/\/www.estrategiaconcursos.com.br\/blog\/wp-json\/wp\/v2\/tax_estado?post=1399141"}],"curies":[{"name":"wp","href":"https:\/\/api.w.org\/{rel}","templated":true}]}}