{"id":1396684,"date":"2024-07-08T07:45:00","date_gmt":"2024-07-08T10:45:00","guid":{"rendered":"https:\/\/www.estrategiaconcursos.com.br\/blog\/?p=1396684"},"modified":"2024-07-08T11:46:10","modified_gmt":"2024-07-08T14:46:10","slug":"concurso-guarda-de-jacarei","status":"publish","type":"post","link":"https:\/\/www.estrategiaconcursos.com.br\/blog\/concurso-guarda-de-jacarei\/","title":{"rendered":"Concurso Guarda de Jacare\u00ed: gabaritos divulgados; confira!"},"content":{"rendered":"\n<p>Foram divulgados os gabaritos preliminares das provas do <strong>concurso Guarda de Jacare\u00ed<\/strong>, munic\u00edpio localizado no Estado de S\u00e3o Paulo.<\/p>\n\n\n\n<ul class=\"wp-block-list\">\n<li><a href=\"https:\/\/dhg1h5j42swfq.cloudfront.net\/2024\/07\/08114222\/afbpjbw8vau9bwqrabo0mcj2tk9z4rkptcujesvm.pdf\" target=\"_blank\" rel=\"noreferrer noopener nofollow\">Confira aqui os gabaritos<\/a><\/li>\n<\/ul>\n\n\n\n<p>Sob organiza\u00e7\u00e3o da banca <a href=\"https:\/\/www.ildesenvolvimento.com.br\/informacoes\/30\/\" target=\"_blank\" rel=\"noreferrer noopener\">ILD<\/a>, s\u00e3o ofertadas <strong>10 vagas imediatas<\/strong>. O cargo de<strong> Guarda Municipal tem sal\u00e1rio inicial de R$ 3.176,40<\/strong> e exige n\u00edvel m\u00e9dio completo e idade m\u00e1xima de 30 anos.<\/p>\n\n\n\n<ul class=\"has-cyan-bluish-gray-background-color has-background wp-block-list\">\n<li><strong>Guarda Municipal de Jacare\u00ed<\/strong>&nbsp;<strong>\u2013 SP<\/strong><\/li>\n\n\n\n<li><strong>Situa\u00e7\u00e3o:<\/strong>\u00a0gabaritos divulgados <\/li>\n\n\n\n<li><strong>Banca:<\/strong>&nbsp;<a href=\"https:\/\/www.ildesenvolvimento.com.br\/informacoes\/30\/\" target=\"_blank\" rel=\"noreferrer noopener\">ILD<\/a><\/li>\n\n\n\n<li><strong>Vagas:<\/strong>&nbsp;10<\/li>\n\n\n\n<li><strong>Sal\u00e1rio inicial:<\/strong>&nbsp;R$ 3.176,40<\/li>\n\n\n\n<li><strong>Edital:<\/strong>&nbsp;<a href=\"https:\/\/dhg1h5j42swfq.cloudfront.net\/2024\/05\/10183730\/063b29a9-bc5d-492a-a482-93802937923f.pdf\" target=\"_blank\" rel=\"noreferrer noopener nofollow\">GCM Jacare\u00ed 2024<\/a><\/li>\n<\/ul>\n\n\n\n<p>Confira neste artigo mais informa\u00e7\u00f5es sobre o concurso GCM Jacare\u00ed e os detalhes de seu edital. Acompanhe pelos t\u00f3picos abaixo:<\/p>\n\n\n\n<ul class=\"wp-block-list\" id=\"indice\">\n<li><a href=\"#data\">Informa\u00e7\u00f5es do edital 2024<\/a>\n<ul class=\"wp-block-list\">\n<li><a href=\"#cargos-vagas\">Cargos e vagas<\/a><\/li>\n\n\n\n<li><a href=\"#etapa\">Etapas<\/a><\/li>\n<\/ul>\n<\/li>\n\n\n\n<li><a href=\"#ultimo\">\u00daltimo edital<\/a><\/li>\n\n\n\n<li><a href=\"#cursos-assinatura\">Cursos e assinatura<\/a><\/li>\n\n\n\n<li><a href=\"#ficha\">Ficha t\u00e9cnica<\/a><\/li>\n<\/ul>\n\n\n\n<div class=\"container\" id=\"boxes\">\n  <div class=\"row\"> \n\n    <div class=\"col-sm\">\n      <div class=\"banner-guarda-gcm\" id=\"box-assinatura\">\n        <h3 class=\"titulo-assinatura\">Concurso Guarda de Jacare\u00ed<\/h3>\n        <p class=\"subtitulo-assinatura\">Conhe\u00e7a os cursos<\/p>\n        <div class=\"box-botao\">\n          <a class=\"btn-assinatura\" target=\"_blank\" href=\"https:\/\/www.estrategiaconcursos.com.br\/cursosPorConcurso\/guarda-municipal\/\" role=\"button\" rel=\"noopener noreferrer\">Conhe\u00e7a mais<\/a>\n        <\/div>\n      <\/div>\n     \n\n  <\/div>\n<\/div><\/div>\n\n\n\n<h2 class=\"wp-block-heading\" id=\"datas\">Concurso Guarda de Jacare\u00ed: informa\u00e7\u00f5es do edital 2024<\/h2>\n\n\n\n<h3 class=\"wp-block-heading\" id=\"h-retificacoes\">Retifica\u00e7\u00f5es<\/h3>\n\n\n\n<ul class=\"wp-block-list\">\n<li><a href=\"https:\/\/dhg1h5j42swfq.cloudfront.net\/2024\/05\/31084155\/2xtlg9nijbtyarzmkk5m4ttlit0zele5hndelert.pdf\" target=\"_blank\" rel=\"noreferrer noopener nofollow\">1\u00aa retifica\u00e7\u00e3o<\/a> [mudan\u00e7as no TAF]<\/li>\n<\/ul>\n\n\n\n<h3 class=\"wp-block-heading\" id=\"vagas\">Vagas do concurso Guarda de Jacare\u00ed<\/h3>\n\n\n\n<figure class=\"wp-block-table is-style-stripes\"><table class=\"has-very-light-gray-to-cyan-bluish-gray-gradient-background has-background has-fixed-layout\"><thead><tr><th class=\"has-text-align-center\" data-align=\"center\">CARGO<\/th><th class=\"has-text-align-center\" data-align=\"center\">VAGAS <\/th><th class=\"has-text-align-center\" data-align=\"center\">SAL\u00c1RIOS<\/th><\/tr><\/thead><tbody><tr><td class=\"has-text-align-center\" data-align=\"center\">Guarda Civil Municipal<\/td><td class=\"has-text-align-center\" data-align=\"center\">10<\/td><td class=\"has-text-align-center\" data-align=\"center\">R$ 3.176,40<\/td><\/tr><\/tbody><\/table><figcaption class=\"wp-element-caption\">Vagas e sal\u00e1rios para Guarda Civil<\/figcaption><\/figure>\n\n\n\n<p><strong>Requisitos do cargo:<\/strong><\/p>\n\n\n\n<ul class=\"wp-block-list\">\n<li>a) altura m\u00ednima de 1,65 m para homem e 1,60 m para mulher;<\/li>\n\n\n\n<li>b) idade m\u00ednima de 18 anos e m\u00e1xima de 30 anos;<\/li>\n\n\n\n<li>c) possuir CNH categoria \u201cA\u201d e \u201cB\u201d ou superior<\/li>\n\n\n\n<li>d) idoneidade moral comprovada por Investiga\u00e7\u00e3o Social;<\/li>\n\n\n\n<li>e) ser brasileiro nato ou naturalizado nos termos do Art. 12 da Constitui\u00e7\u00e3o Federal;<\/li>\n\n\n\n<li>f) gozar de boa Sa\u00fade F\u00edsica e Mental;<\/li>\n\n\n\n<li>g) estar no gozo dos direitos Pol\u00edticos e Civis e, se do sexo masculino, estar quite com o Servi\u00e7o Militar<\/li>\n<\/ul>\n\n\n\n<h3 class=\"wp-block-heading\" id=\"etapas\">Etapas e provas do concurso Guarda de Jacare\u00ed<\/h3>\n\n\n\n<ul class=\"wp-block-list\">\n<li><strong>Prova Objetiva<\/strong> (eliminat\u00f3rio e classificat\u00f3rio);<\/li>\n\n\n\n<li><strong>Teste de Aptid\u00e3o F\u00edsica<\/strong> (eliminat\u00f3rio e classificat\u00f3rio);<\/li>\n\n\n\n<li><strong>Avalia\u00e7\u00e3o Psicol\u00f3gica<\/strong> (eliminat\u00f3rio);<\/li>\n\n\n\n<li><strong>Investiga\u00e7\u00e3o Social<\/strong> (eliminat\u00f3rio);<\/li>\n\n\n\n<li><strong>Exame M\u00e9dico <\/strong>(eliminat\u00f3rio);<\/li>\n\n\n\n<li><strong>Curso de Forma\u00e7\u00e3o <\/strong>(eliminat\u00f3rio);<\/li>\n<\/ul>\n\n\n\n<h3 class=\"wp-block-heading\" id=\"h-prova-objetiva\">Prova Objetiva<\/h3>\n\n\n\n<p>Com dura\u00e7\u00e3o de 3h, a prova objetiva foi composta de 50 quest\u00f5es de m\u00faltipla escolha, sendo 4 alternativas de resposta e apenas uma considerada a correta, assim distribu\u00eddas:<\/p>\n\n\n\n<figure class=\"wp-block-image aligncenter size-full\"><img loading=\"lazy\" decoding=\"async\" width=\"797\" height=\"447\" src=\"https:\/\/dhg1h5j42swfq.cloudfront.net\/2024\/05\/10184306\/image-237.png\" alt=\"\" class=\"wp-image-1397437\" srcset=\"https:\/\/dhg1h5j42swfq.cloudfront.net\/2024\/05\/10184306\/image-237.png 797w, https:\/\/dhg1h5j42swfq.cloudfront.net\/2024\/05\/10184306\/image-237-300x168.png 300w, https:\/\/dhg1h5j42swfq.cloudfront.net\/2024\/05\/10184306\/image-237-768x431.png 768w, https:\/\/dhg1h5j42swfq.cloudfront.net\/2024\/05\/10184306\/image-237-610x342.png 610w, https:\/\/dhg1h5j42swfq.cloudfront.net\/2024\/05\/10184306\/image-237-150x84.png 150w\" sizes=\"auto, (max-width: 797px) 100vw, 797px\" \/><figcaption class=\"wp-element-caption\">Quadro de provas e pontua\u00e7\u00e3o do concurso GCM Jacare\u00ed<\/figcaption><\/figure>\n\n\n\n<h3 class=\"wp-block-heading\" id=\"h-teste-de-aptidao-fisica\">Teste de Aptid\u00e3o F\u00edsica<\/h3>\n\n\n\n<p>A etapa tem por objetivo avaliar a capacidade de realiza\u00e7\u00e3o de esfor\u00e7os e a resist\u00eancia \u00e0 fadiga f\u00edsica do candidato, visando a selecionar aqueles que apresentem as condi\u00e7\u00f5es necess\u00e1rias para o desempenho da profiss\u00e3o.<\/p>\n\n\n\n<p>O TAF consistir\u00e1 em 3 (tr\u00eas) Provas f\u00edsicas, expressos nas Tabelas de Provas abaixo:<\/p>\n\n\n\n<figure class=\"wp-block-image aligncenter size-full\"><img loading=\"lazy\" decoding=\"async\" width=\"676\" height=\"616\" src=\"https:\/\/dhg1h5j42swfq.cloudfront.net\/2024\/05\/10184206\/image-236.png\" alt=\"taf do concurso guarda de jacare\u00ed\" class=\"wp-image-1397436\" srcset=\"https:\/\/dhg1h5j42swfq.cloudfront.net\/2024\/05\/10184206\/image-236.png 676w, https:\/\/dhg1h5j42swfq.cloudfront.net\/2024\/05\/10184206\/image-236-300x273.png 300w, https:\/\/dhg1h5j42swfq.cloudfront.net\/2024\/05\/10184206\/image-236-610x556.png 610w, https:\/\/dhg1h5j42swfq.cloudfront.net\/2024\/05\/10184206\/image-236-150x137.png 150w\" sizes=\"auto, (max-width: 676px) 100vw, 676px\" \/><figcaption class=\"wp-element-caption\">TAF do concurso GCM Jacare\u00ed<\/figcaption><\/figure>\n\n\n\n<h2 class=\"wp-block-heading\" id=\"h-ultimo-concurso-guarda-de-jacarei\">\u00daltimo concurso Guarda de Jacare\u00ed<\/h2>\n\n\n\n<p>O \u00faltimo edital GCM Jacare\u00ed foi publicado em 2015. Na ocasi\u00e3o, o certame foi organizado pela CONSESP e ofertou 51 vagas.<\/p>\n\n\n\n<p><strong>\u00daltimo edital:<\/strong> <a href=\"https:\/\/dhg1h5j42swfq.cloudfront.net\/2024\/05\/09131439\/bo_1009.pdf\" target=\"_blank\" rel=\"noreferrer noopener nofollow\">GCM Jacare\u00ed 2015<\/a><\/p>\n\n\n\n<p>Os candidatos foram avaliados por meio de 3 fases, descritas abaixo:<\/p>\n\n\n\n<ul class=\"wp-block-list\">\n<li><strong>1\u00aa FASE \u2013 Provas Objetivas (escrita)<\/strong> \u2013 Eliminat\u00f3ria e Classificat\u00f3ria e;<\/li>\n\n\n\n<li><strong>2\u00aa FASE \u2013 Aferi\u00e7\u00e3o de Altura e Teste de Aptid\u00e3o F\u00edsica (TAF)<\/strong> \u2013 Eliminat\u00f3ria e Classificat\u00f3ria;<\/li>\n\n\n\n<li><strong>3\u00aa FASE \u2013 Avalia\u00e7\u00e3o Psicol\u00f3gica<\/strong> \u2013 Classificat\u00f3ria.<\/li>\n<\/ul>\n\n\n\n<hr class=\"wp-block-separator has-alpha-channel-opacity\"\/>\n\n\n\n<h2 class=\"wp-block-heading has-text-align-center\" id=\"h-quer-saber-tudo-sobre-concursos-previstos-confira-nossos-artigos\">Quer saber tudo sobre concursos previstos?<br \/>Confira nossos artigos!<\/h2>\n\n\n\n<ul class=\"wp-block-list\">\n<li><a href=\"https:\/\/www.estrategiaconcursos.com.br\/blog\/concursos-abertos\/\" target=\"_blank\" rel=\"noreferrer noopener\">Concursos abertos<\/a><\/li>\n\n\n\n<li><a href=\"https:\/\/www.estrategiaconcursos.com.br\/blog\/concursos-2023\/\" target=\"_blank\" rel=\"noreferrer noopener\">Concursos 2024<\/a><\/li>\n<\/ul>\n\n\n\n<h2 class=\"wp-block-heading has-text-align-center\" id=\"cursos\">Quer estudar para o concurso Guarda de Jacare\u00ed?<\/h2>\n\n\n\n<div class=\"container\" id=\"boxes\">\n  <div class=\"row\">\n\n    <div class=\"col-sm\">\n      <div class=\"banner-guarda-gcm\" id=\"box-assinatura\">\n        <h3 class=\"titulo-assinatura\">GCM Jacare\u00ed<\/h3>\n        <p class=\"subtitulo-assinatura\">Conhe\u00e7a os cursos<\/p>\n        <div class=\"box-botao\">\n          <a class=\"btn-assinatura\" target=\"_blank\" href=\"https:\/\/www.estrategiaconcursos.com.br\/cursosPorConcurso\/\" role=\"button\" rel=\"noopener noreferrer\">Conhe\u00e7a mais<\/a>\n        <\/div>\n      <\/div>\n     \n    <\/div>\n\n  <\/div>\n<\/div>\n\n\n\n<div class=\"container\" id=\"boxes\">\r\n  <div class=\"row\">\r\n\r\n    <div class=\"col-sm\">\r\n      <div class=\"estrategia\" id=\"box-assinatura\">\r\n        <h3 class=\"titulo-assinatura\">Assinatura Concursos<\/h3>\r\n        <p class=\"subtitulo-assinatura\">Assinatura de 1 ano ou 2 anos<\/p>\r\n        <div class=\"box-botao\">\r\n          <a class=\"btn-assinatura\" target=\"_blank\" href=\"https:\/\/www.estrategiaconcursos.com.br\/assinaturas\/\" role=\"button\" rel=\"noopener noreferrer\">ASSINE AGORA<\/a>\r\n        <\/div>\r\n      <\/div><\/div><\/div><\/div>\n\n\n\n<figure class=\"wp-block-image size-large is-resized\"><img loading=\"lazy\" decoding=\"async\" width=\"1024\" height=\"632\" src=\"https:\/\/dhg1h5j42swfq.cloudfront.net\/2025\/06\/27101122\/ficha-tecnica-1-1024x632.png\" alt=\"Informa\u00e7\u00f5es do concurso GCM Jacare\u00ed\" class=\"wp-image-702728\" style=\"width:269px;height:166px\" srcset=\"https:\/\/dhg1h5j42swfq.cloudfront.net\/2025\/06\/27101122\/ficha-tecnica-1-1024x632.png 1024w, https:\/\/dhg1h5j42swfq.cloudfront.net\/2025\/06\/27101122\/ficha-tecnica-1-300x185.png 300w, https:\/\/dhg1h5j42swfq.cloudfront.net\/2025\/06\/27101122\/ficha-tecnica-1-768x474.png 768w, https:\/\/dhg1h5j42swfq.cloudfront.net\/2025\/06\/27101122\/ficha-tecnica-1-1536x948.png 1536w, https:\/\/dhg1h5j42swfq.cloudfront.net\/2025\/06\/27101122\/ficha-tecnica-1-610x377.png 610w, https:\/\/dhg1h5j42swfq.cloudfront.net\/2025\/06\/27101122\/ficha-tecnica-1.png 1571w\" sizes=\"auto, (max-width: 1024px) 100vw, 1024px\" \/><\/figure>\n\n\n\n<h3 class=\"wp-block-heading\" id=\"ficha-tecnica\">Informa\u00e7\u00f5es do concurso Guarda de Jacare\u00ed SP<\/h3>\n\n\n\n<ul class=\"wp-block-list\">\n<li><strong>Data da prova<\/strong>: 07\/07\/2024<\/li>\n\n\n\n<li><strong>Banca<\/strong>: ILD<\/li>\n\n\n\n<li><strong>Escolaridade<\/strong>: m\u00e9dio<\/li>\n\n\n\n<li><strong>Vagas:<\/strong>&nbsp;10<\/li>\n\n\n\n<li><strong>Cargos<\/strong>: Guarda Municipal<\/li>\n\n\n\n<li><strong>Edital:<\/strong>\u00a0<a href=\"https:\/\/dhg1h5j42swfq.cloudfront.net\/2024\/05\/10183730\/063b29a9-bc5d-492a-a482-93802937923f.pdf\" target=\"_blank\" rel=\"noreferrer noopener nofollow\">GCM Jacare\u00ed 2024<\/a><\/li>\n<\/ul>\n","protected":false},"excerpt":{"rendered":"<p>Foram divulgados os gabaritos preliminares das provas do concurso Guarda de Jacare\u00ed, munic\u00edpio localizado no Estado de S\u00e3o Paulo. Sob organiza\u00e7\u00e3o da banca ILD, s\u00e3o ofertadas 10 vagas imediatas. O cargo de Guarda Municipal tem sal\u00e1rio inicial de R$ 3.176,40 e exige n\u00edvel m\u00e9dio completo e idade m\u00e1xima de 30 anos. Confira neste artigo mais [&hellip;]<\/p>\n","protected":false},"author":1,"featured_media":1396843,"comment_status":"open","ping_status":"closed","sticky":false,"template":"","format":"standard","meta":{"post_tipo":"news_page","footnotes":""},"categories":[220189],"tags":[],"tax_estado":[219989],"class_list":["post-1396684","post","type-post","status-publish","format-standard","has-post-thumbnail","hentry","category-policial-guarda-civis","tax_estado-sp"],"acf":[],"yoast_head":"<!-- This site is optimized with the Yoast SEO Premium plugin v27.2 (Yoast SEO v27.2) - https:\/\/yoast.com\/product\/yoast-seo-premium-wordpress\/ -->\n<title>Concurso Guarda de Jacare\u00ed: gabaritos divulgados; confira!<\/title>\n<meta name=\"description\" content=\"Concurso Guarda de Jacare\u00ed SP oferece 10 vagas de n\u00edvel m\u00e9dio. Provas aplicadas e gabaritos divulgados. Confira os detalhes!\" \/>\n<meta name=\"robots\" content=\"index, follow, max-snippet:-1, max-image-preview:large, max-video-preview:-1\" \/>\n<link rel=\"canonical\" href=\"https:\/\/www.estrategiaconcursos.com.br\/blog\/concurso-guarda-de-jacarei\/\" \/>\n<meta property=\"og:locale\" content=\"pt_BR\" \/>\n<meta property=\"og:type\" content=\"article\" \/>\n<meta property=\"og:title\" content=\"Concurso Guarda de Jacare\u00ed: gabaritos divulgados; confira!\" \/>\n<meta property=\"og:description\" content=\"Concurso Guarda de Jacare\u00ed SP oferece 10 vagas de n\u00edvel m\u00e9dio. Provas aplicadas e gabaritos divulgados. Confira os detalhes!\" \/>\n<meta property=\"og:url\" content=\"https:\/\/www.estrategiaconcursos.com.br\/blog\/concurso-guarda-de-jacarei\/\" \/>\n<meta property=\"og:site_name\" content=\"Estrat\u00e9gia Concursos\" \/>\n<meta property=\"article:author\" content=\"https:\/\/www.facebook.com\/EstrategiaConcursos\" \/>\n<meta property=\"article:published_time\" content=\"2024-07-08T10:45:00+00:00\" \/>\n<meta property=\"article:modified_time\" content=\"2024-07-08T14:46:10+00:00\" \/>\n<meta property=\"og:image\" content=\"https:\/\/dhg1h5j42swfq.cloudfront.net\/2024\/05\/09173236\/guarda-de-jacarei-sp.jpg\" \/>\n\t<meta property=\"og:image:width\" content=\"768\" \/>\n\t<meta property=\"og:image:height\" content=\"432\" \/>\n\t<meta property=\"og:image:type\" content=\"image\/jpeg\" \/>\n<meta name=\"author\" content=\"Coordena\u00e7\u00e3o\" \/>\n<meta name=\"twitter:card\" content=\"summary_large_image\" \/>\n<meta name=\"twitter:creator\" content=\"@EstratConcursos\" \/>\n<meta name=\"twitter:site\" content=\"@EstratConcursos\" \/>\n<meta name=\"twitter:label1\" content=\"Escrito por\" \/>\n\t<meta name=\"twitter:data1\" content=\"Coordena\u00e7\u00e3o\" \/>\n\t<meta name=\"twitter:label2\" content=\"Est. tempo de leitura\" \/>\n\t<meta name=\"twitter:data2\" content=\"3 minutos\" \/>\n<script type=\"application\/ld+json\" class=\"yoast-schema-graph\">{\"@context\":\"https:\/\/schema.org\",\"@graph\":[{\"@type\":\"NewsArticle\",\"@id\":\"https:\/\/www.estrategiaconcursos.com.br\/blog\/concurso-guarda-de-jacarei\/#article\",\"isPartOf\":{\"@id\":\"https:\/\/www.estrategiaconcursos.com.br\/blog\/concurso-guarda-de-jacarei\/\"},\"author\":{\"name\":\"Coordena\u00e7\u00e3o\",\"@id\":\"https:\/\/www.estrategiaconcursos.com.br\/blog\/#\/schema\/person\/b4a388c97673c5f483d72185668afa1f\"},\"headline\":\"Concurso Guarda de Jacare\u00ed: gabaritos divulgados; confira!\",\"datePublished\":\"2024-07-08T10:45:00+00:00\",\"dateModified\":\"2024-07-08T14:46:10+00:00\",\"mainEntityOfPage\":{\"@id\":\"https:\/\/www.estrategiaconcursos.com.br\/blog\/concurso-guarda-de-jacarei\/\"},\"wordCount\":558,\"commentCount\":0,\"publisher\":{\"@id\":\"https:\/\/www.estrategiaconcursos.com.br\/blog\/#organization\"},\"image\":{\"@id\":\"https:\/\/www.estrategiaconcursos.com.br\/blog\/concurso-guarda-de-jacarei\/#primaryimage\"},\"thumbnailUrl\":\"https:\/\/dhg1h5j42swfq.cloudfront.net\/2024\/05\/09173236\/guarda-de-jacarei-sp.jpg\",\"articleSection\":[\"Policial (Guardas Civis)\"],\"inLanguage\":\"pt-BR\",\"potentialAction\":[{\"@type\":\"CommentAction\",\"name\":\"Comment\",\"target\":[\"https:\/\/www.estrategiaconcursos.com.br\/blog\/concurso-guarda-de-jacarei\/#respond\"]}],\"copyrightYear\":\"2024\",\"copyrightHolder\":{\"@id\":\"https:\/\/www.estrategiaconcursos.com.br\/blog\/#organization\"}},{\"@type\":\"WebPage\",\"@id\":\"https:\/\/www.estrategiaconcursos.com.br\/blog\/concurso-guarda-de-jacarei\/\",\"url\":\"https:\/\/www.estrategiaconcursos.com.br\/blog\/concurso-guarda-de-jacarei\/\",\"name\":\"Concurso Guarda de Jacare\u00ed: gabaritos divulgados; confira!\",\"isPartOf\":{\"@id\":\"https:\/\/www.estrategiaconcursos.com.br\/blog\/#website\"},\"primaryImageOfPage\":{\"@id\":\"https:\/\/www.estrategiaconcursos.com.br\/blog\/concurso-guarda-de-jacarei\/#primaryimage\"},\"image\":{\"@id\":\"https:\/\/www.estrategiaconcursos.com.br\/blog\/concurso-guarda-de-jacarei\/#primaryimage\"},\"thumbnailUrl\":\"https:\/\/dhg1h5j42swfq.cloudfront.net\/2024\/05\/09173236\/guarda-de-jacarei-sp.jpg\",\"datePublished\":\"2024-07-08T10:45:00+00:00\",\"dateModified\":\"2024-07-08T14:46:10+00:00\",\"description\":\"Concurso Guarda de Jacare\u00ed SP oferece 10 vagas de n\u00edvel m\u00e9dio. Provas aplicadas e gabaritos divulgados. Confira os detalhes!\",\"breadcrumb\":{\"@id\":\"https:\/\/www.estrategiaconcursos.com.br\/blog\/concurso-guarda-de-jacarei\/#breadcrumb\"},\"inLanguage\":\"pt-BR\",\"potentialAction\":[{\"@type\":\"ReadAction\",\"target\":[\"https:\/\/www.estrategiaconcursos.com.br\/blog\/concurso-guarda-de-jacarei\/\"]}]},{\"@type\":\"ImageObject\",\"inLanguage\":\"pt-BR\",\"@id\":\"https:\/\/www.estrategiaconcursos.com.br\/blog\/concurso-guarda-de-jacarei\/#primaryimage\",\"url\":\"https:\/\/dhg1h5j42swfq.cloudfront.net\/2024\/05\/09173236\/guarda-de-jacarei-sp.jpg\",\"contentUrl\":\"https:\/\/dhg1h5j42swfq.cloudfront.net\/2024\/05\/09173236\/guarda-de-jacarei-sp.jpg\",\"width\":768,\"height\":432},{\"@type\":\"BreadcrumbList\",\"@id\":\"https:\/\/www.estrategiaconcursos.com.br\/blog\/concurso-guarda-de-jacarei\/#breadcrumb\",\"itemListElement\":[{\"@type\":\"ListItem\",\"position\":1,\"name\":\"In\u00edcio\",\"item\":\"https:\/\/www.estrategiaconcursos.com.br\/blog\/\"},{\"@type\":\"ListItem\",\"position\":2,\"name\":\"Concurso Guarda de Jacare\u00ed: gabaritos divulgados; confira!\"}]},{\"@type\":\"WebSite\",\"@id\":\"https:\/\/www.estrategiaconcursos.com.br\/blog\/#website\",\"url\":\"https:\/\/www.estrategiaconcursos.com.br\/blog\/\",\"name\":\"Estrat\u00e9gia Concursos\",\"description\":\"O blog da Estrat\u00e9gia Concursos traz not\u00edcias sobre concursos e artigos de professores oferecendo cursos para concursos (pdf + videaulas) no site.\",\"publisher\":{\"@id\":\"https:\/\/www.estrategiaconcursos.com.br\/blog\/#organization\"},\"potentialAction\":[{\"@type\":\"SearchAction\",\"target\":{\"@type\":\"EntryPoint\",\"urlTemplate\":\"https:\/\/www.estrategiaconcursos.com.br\/blog\/?s={search_term_string}\"},\"query-input\":{\"@type\":\"PropertyValueSpecification\",\"valueRequired\":true,\"valueName\":\"search_term_string\"}}],\"inLanguage\":\"pt-BR\"},{\"@type\":\"Organization\",\"@id\":\"https:\/\/www.estrategiaconcursos.com.br\/blog\/#organization\",\"name\":\"Estrat\u00e9gia Concursos\",\"url\":\"https:\/\/www.estrategiaconcursos.com.br\/blog\/\",\"logo\":{\"@type\":\"ImageObject\",\"inLanguage\":\"pt-BR\",\"@id\":\"https:\/\/www.estrategiaconcursos.com.br\/blog\/#\/schema\/logo\/image\/\",\"url\":\"https:\/\/dhg1h5j42swfq.cloudfront.net\/2025\/06\/03203428\/logo_concursos-1.jpg\",\"contentUrl\":\"https:\/\/dhg1h5j42swfq.cloudfront.net\/2025\/06\/03203428\/logo_concursos-1.jpg\",\"width\":230,\"height\":60,\"caption\":\"Estrat\u00e9gia Concursos\"},\"image\":{\"@id\":\"https:\/\/www.estrategiaconcursos.com.br\/blog\/#\/schema\/logo\/image\/\"},\"sameAs\":[\"https:\/\/x.com\/EstratConcursos\"]},{\"@type\":\"Person\",\"@id\":\"https:\/\/www.estrategiaconcursos.com.br\/blog\/#\/schema\/person\/b4a388c97673c5f483d72185668afa1f\",\"name\":\"Coordena\u00e7\u00e3o\",\"image\":{\"@type\":\"ImageObject\",\"inLanguage\":\"pt-BR\",\"@id\":\"https:\/\/secure.gravatar.com\/avatar\/b720319e4c9a967eb58678d110f4fe35452fc5d5f97b202bac7b8acceb18c6ad?s=96&d=mm&r=g\",\"url\":\"https:\/\/secure.gravatar.com\/avatar\/b720319e4c9a967eb58678d110f4fe35452fc5d5f97b202bac7b8acceb18c6ad?s=96&d=mm&r=g\",\"contentUrl\":\"https:\/\/secure.gravatar.com\/avatar\/b720319e4c9a967eb58678d110f4fe35452fc5d5f97b202bac7b8acceb18c6ad?s=96&d=mm&r=g\",\"caption\":\"Coordena\u00e7\u00e3o\"},\"sameAs\":[\"https:\/\/www.facebook.com\/EstrategiaConcursos\",\"https:\/\/x.com\/EstratConcursos\"],\"url\":\"https:\/\/www.estrategiaconcursos.com.br\/blog\/author\/estrategia2013\/\"}]}<\/script>\n<!-- \/ Yoast SEO Premium plugin. -->","yoast_head_json":{"title":"Concurso Guarda de Jacare\u00ed: gabaritos divulgados; confira!","description":"Concurso Guarda de Jacare\u00ed SP oferece 10 vagas de n\u00edvel m\u00e9dio. Provas aplicadas e gabaritos divulgados. Confira os detalhes!","robots":{"index":"index","follow":"follow","max-snippet":"max-snippet:-1","max-image-preview":"max-image-preview:large","max-video-preview":"max-video-preview:-1"},"canonical":"https:\/\/www.estrategiaconcursos.com.br\/blog\/concurso-guarda-de-jacarei\/","og_locale":"pt_BR","og_type":"article","og_title":"Concurso Guarda de Jacare\u00ed: gabaritos divulgados; confira!","og_description":"Concurso Guarda de Jacare\u00ed SP oferece 10 vagas de n\u00edvel m\u00e9dio. Provas aplicadas e gabaritos divulgados. Confira os detalhes!","og_url":"https:\/\/www.estrategiaconcursos.com.br\/blog\/concurso-guarda-de-jacarei\/","og_site_name":"Estrat\u00e9gia Concursos","article_author":"https:\/\/www.facebook.com\/EstrategiaConcursos","article_published_time":"2024-07-08T10:45:00+00:00","article_modified_time":"2024-07-08T14:46:10+00:00","og_image":[{"width":768,"height":432,"url":"https:\/\/dhg1h5j42swfq.cloudfront.net\/2024\/05\/09173236\/guarda-de-jacarei-sp.jpg","type":"image\/jpeg"}],"author":"Coordena\u00e7\u00e3o","twitter_card":"summary_large_image","twitter_creator":"@EstratConcursos","twitter_site":"@EstratConcursos","twitter_misc":{"Escrito por":"Coordena\u00e7\u00e3o","Est. tempo de leitura":"3 minutos"},"schema":{"@context":"https:\/\/schema.org","@graph":[{"@type":"NewsArticle","@id":"https:\/\/www.estrategiaconcursos.com.br\/blog\/concurso-guarda-de-jacarei\/#article","isPartOf":{"@id":"https:\/\/www.estrategiaconcursos.com.br\/blog\/concurso-guarda-de-jacarei\/"},"author":{"name":"Coordena\u00e7\u00e3o","@id":"https:\/\/www.estrategiaconcursos.com.br\/blog\/#\/schema\/person\/b4a388c97673c5f483d72185668afa1f"},"headline":"Concurso Guarda de Jacare\u00ed: gabaritos divulgados; confira!","datePublished":"2024-07-08T10:45:00+00:00","dateModified":"2024-07-08T14:46:10+00:00","mainEntityOfPage":{"@id":"https:\/\/www.estrategiaconcursos.com.br\/blog\/concurso-guarda-de-jacarei\/"},"wordCount":558,"commentCount":0,"publisher":{"@id":"https:\/\/www.estrategiaconcursos.com.br\/blog\/#organization"},"image":{"@id":"https:\/\/www.estrategiaconcursos.com.br\/blog\/concurso-guarda-de-jacarei\/#primaryimage"},"thumbnailUrl":"https:\/\/dhg1h5j42swfq.cloudfront.net\/2024\/05\/09173236\/guarda-de-jacarei-sp.jpg","articleSection":["Policial (Guardas Civis)"],"inLanguage":"pt-BR","potentialAction":[{"@type":"CommentAction","name":"Comment","target":["https:\/\/www.estrategiaconcursos.com.br\/blog\/concurso-guarda-de-jacarei\/#respond"]}],"copyrightYear":"2024","copyrightHolder":{"@id":"https:\/\/www.estrategiaconcursos.com.br\/blog\/#organization"}},{"@type":"WebPage","@id":"https:\/\/www.estrategiaconcursos.com.br\/blog\/concurso-guarda-de-jacarei\/","url":"https:\/\/www.estrategiaconcursos.com.br\/blog\/concurso-guarda-de-jacarei\/","name":"Concurso Guarda de Jacare\u00ed: gabaritos divulgados; confira!","isPartOf":{"@id":"https:\/\/www.estrategiaconcursos.com.br\/blog\/#website"},"primaryImageOfPage":{"@id":"https:\/\/www.estrategiaconcursos.com.br\/blog\/concurso-guarda-de-jacarei\/#primaryimage"},"image":{"@id":"https:\/\/www.estrategiaconcursos.com.br\/blog\/concurso-guarda-de-jacarei\/#primaryimage"},"thumbnailUrl":"https:\/\/dhg1h5j42swfq.cloudfront.net\/2024\/05\/09173236\/guarda-de-jacarei-sp.jpg","datePublished":"2024-07-08T10:45:00+00:00","dateModified":"2024-07-08T14:46:10+00:00","description":"Concurso Guarda de Jacare\u00ed SP oferece 10 vagas de n\u00edvel m\u00e9dio. Provas aplicadas e gabaritos divulgados. Confira os detalhes!","breadcrumb":{"@id":"https:\/\/www.estrategiaconcursos.com.br\/blog\/concurso-guarda-de-jacarei\/#breadcrumb"},"inLanguage":"pt-BR","potentialAction":[{"@type":"ReadAction","target":["https:\/\/www.estrategiaconcursos.com.br\/blog\/concurso-guarda-de-jacarei\/"]}]},{"@type":"ImageObject","inLanguage":"pt-BR","@id":"https:\/\/www.estrategiaconcursos.com.br\/blog\/concurso-guarda-de-jacarei\/#primaryimage","url":"https:\/\/dhg1h5j42swfq.cloudfront.net\/2024\/05\/09173236\/guarda-de-jacarei-sp.jpg","contentUrl":"https:\/\/dhg1h5j42swfq.cloudfront.net\/2024\/05\/09173236\/guarda-de-jacarei-sp.jpg","width":768,"height":432},{"@type":"BreadcrumbList","@id":"https:\/\/www.estrategiaconcursos.com.br\/blog\/concurso-guarda-de-jacarei\/#breadcrumb","itemListElement":[{"@type":"ListItem","position":1,"name":"In\u00edcio","item":"https:\/\/www.estrategiaconcursos.com.br\/blog\/"},{"@type":"ListItem","position":2,"name":"Concurso Guarda de Jacare\u00ed: gabaritos divulgados; confira!"}]},{"@type":"WebSite","@id":"https:\/\/www.estrategiaconcursos.com.br\/blog\/#website","url":"https:\/\/www.estrategiaconcursos.com.br\/blog\/","name":"Estrat\u00e9gia Concursos","description":"O blog da Estrat\u00e9gia Concursos traz not\u00edcias sobre concursos e artigos de professores oferecendo cursos para concursos (pdf + videaulas) no site.","publisher":{"@id":"https:\/\/www.estrategiaconcursos.com.br\/blog\/#organization"},"potentialAction":[{"@type":"SearchAction","target":{"@type":"EntryPoint","urlTemplate":"https:\/\/www.estrategiaconcursos.com.br\/blog\/?s={search_term_string}"},"query-input":{"@type":"PropertyValueSpecification","valueRequired":true,"valueName":"search_term_string"}}],"inLanguage":"pt-BR"},{"@type":"Organization","@id":"https:\/\/www.estrategiaconcursos.com.br\/blog\/#organization","name":"Estrat\u00e9gia Concursos","url":"https:\/\/www.estrategiaconcursos.com.br\/blog\/","logo":{"@type":"ImageObject","inLanguage":"pt-BR","@id":"https:\/\/www.estrategiaconcursos.com.br\/blog\/#\/schema\/logo\/image\/","url":"https:\/\/dhg1h5j42swfq.cloudfront.net\/2025\/06\/03203428\/logo_concursos-1.jpg","contentUrl":"https:\/\/dhg1h5j42swfq.cloudfront.net\/2025\/06\/03203428\/logo_concursos-1.jpg","width":230,"height":60,"caption":"Estrat\u00e9gia Concursos"},"image":{"@id":"https:\/\/www.estrategiaconcursos.com.br\/blog\/#\/schema\/logo\/image\/"},"sameAs":["https:\/\/x.com\/EstratConcursos"]},{"@type":"Person","@id":"https:\/\/www.estrategiaconcursos.com.br\/blog\/#\/schema\/person\/b4a388c97673c5f483d72185668afa1f","name":"Coordena\u00e7\u00e3o","image":{"@type":"ImageObject","inLanguage":"pt-BR","@id":"https:\/\/secure.gravatar.com\/avatar\/b720319e4c9a967eb58678d110f4fe35452fc5d5f97b202bac7b8acceb18c6ad?s=96&d=mm&r=g","url":"https:\/\/secure.gravatar.com\/avatar\/b720319e4c9a967eb58678d110f4fe35452fc5d5f97b202bac7b8acceb18c6ad?s=96&d=mm&r=g","contentUrl":"https:\/\/secure.gravatar.com\/avatar\/b720319e4c9a967eb58678d110f4fe35452fc5d5f97b202bac7b8acceb18c6ad?s=96&d=mm&r=g","caption":"Coordena\u00e7\u00e3o"},"sameAs":["https:\/\/www.facebook.com\/EstrategiaConcursos","https:\/\/x.com\/EstratConcursos"],"url":"https:\/\/www.estrategiaconcursos.com.br\/blog\/author\/estrategia2013\/"}]}},"_links":{"self":[{"href":"https:\/\/www.estrategiaconcursos.com.br\/blog\/wp-json\/wp\/v2\/posts\/1396684","targetHints":{"allow":["GET"]}}],"collection":[{"href":"https:\/\/www.estrategiaconcursos.com.br\/blog\/wp-json\/wp\/v2\/posts"}],"about":[{"href":"https:\/\/www.estrategiaconcursos.com.br\/blog\/wp-json\/wp\/v2\/types\/post"}],"author":[{"embeddable":true,"href":"https:\/\/www.estrategiaconcursos.com.br\/blog\/wp-json\/wp\/v2\/users\/1"}],"replies":[{"embeddable":true,"href":"https:\/\/www.estrategiaconcursos.com.br\/blog\/wp-json\/wp\/v2\/comments?post=1396684"}],"version-history":[{"count":12,"href":"https:\/\/www.estrategiaconcursos.com.br\/blog\/wp-json\/wp\/v2\/posts\/1396684\/revisions"}],"predecessor-version":[{"id":1426580,"href":"https:\/\/www.estrategiaconcursos.com.br\/blog\/wp-json\/wp\/v2\/posts\/1396684\/revisions\/1426580"}],"wp:featuredmedia":[{"embeddable":true,"href":"https:\/\/www.estrategiaconcursos.com.br\/blog\/wp-json\/wp\/v2\/media\/1396843"}],"wp:attachment":[{"href":"https:\/\/www.estrategiaconcursos.com.br\/blog\/wp-json\/wp\/v2\/media?parent=1396684"}],"wp:term":[{"taxonomy":"category","embeddable":true,"href":"https:\/\/www.estrategiaconcursos.com.br\/blog\/wp-json\/wp\/v2\/categories?post=1396684"},{"taxonomy":"post_tag","embeddable":true,"href":"https:\/\/www.estrategiaconcursos.com.br\/blog\/wp-json\/wp\/v2\/tags?post=1396684"},{"taxonomy":"tax_estado","embeddable":true,"href":"https:\/\/www.estrategiaconcursos.com.br\/blog\/wp-json\/wp\/v2\/tax_estado?post=1396684"}],"curies":[{"name":"wp","href":"https:\/\/api.w.org\/{rel}","templated":true}]}}