{"id":1395999,"date":"2024-05-08T11:45:45","date_gmt":"2024-05-08T14:45:45","guid":{"rendered":"https:\/\/blog-estrategia.mystagingwebsite.com\/blog\/?p=1395999"},"modified":"2024-05-08T12:22:04","modified_gmt":"2024-05-08T15:22:04","slug":"concursos-pi-editais-neste-mes","status":"publish","type":"post","link":"https:\/\/www.estrategiaconcursos.com.br\/blog\/concursos-pi-editais-neste-mes\/","title":{"rendered":"Concursos PI: Seplan, Sead e Piau\u00edprev ainda neste m\u00eas"},"content":{"rendered":"\n<h3 class=\"wp-block-heading\" id=\"h-provas-serao-aplicadas-em-agosto-mais-de-400-vagas\"><em>Provas ser\u00e3o aplicadas em agosto; mais de 400 vagas!<\/em><\/h3>\n\n\n\n<p class=\"wp-block-paragraph\">Novos concursos do Piau\u00ed (PI) ter\u00e3o editais divulgados ainda neste m\u00eas de maio! Estamos falando das <strong>Secretarias de Administra\u00e7\u00e3o (Sead)<\/strong>,<strong> Planejamento (Seplan) <\/strong>e<strong> Funda\u00e7\u00e3o Piau\u00ed Previd\u00eancia. <\/strong><\/p>\n\n\n\n<p class=\"wp-block-paragraph\">E as novidades n\u00e3o param por a\u00ed! Isso porque, a aplica\u00e7\u00e3o das <strong>provas est\u00e1 prevista para ocorrer no m\u00eas de agosto. <\/strong>As informa\u00e7\u00f5es s\u00e3o do pr\u00f3prio secret\u00e1rio de Planejamento, Washington Bonfim. <\/p>\n\n\n\n<p class=\"wp-block-paragraph\">Vale lembrar que, juntos, os concursos mencionado do PI ir\u00e3o contemplar 110 vagas imediatas e 330 para cadastro de reserva em cargos de n\u00edvel superior, com <strong>sal\u00e1rios iniciais superiores a R$ 11.549. <\/strong><\/p>\n\n\n\n<p class=\"wp-block-paragraph\">Apenas para as \u00e1reas de Tecnologia da Informa\u00e7\u00e3o e Infraestrutura ser\u00e1 necess\u00e1rio possuir cursos superiores espec\u00edficos, enquanto os demais cargos aceitar\u00e3o forma\u00e7\u00e3o em qualquer \u00e1rea. <\/p>\n\n\n\n<p class=\"wp-block-paragraph\">Em rela\u00e7\u00e3o \u00e0s provas, o concurso ter\u00e1 avalia\u00e7\u00f5es objetivas abordando conhecimentos gerais e espec\u00edficos, provas discursivas com estudo de caso, avalia\u00e7\u00e3o de t\u00edtulos e um curso de forma\u00e7\u00e3o para os cargos de Analista Governamental.<\/p>\n\n\n\n<figure class=\"wp-block-image aligncenter size-full\"><img loading=\"lazy\" decoding=\"async\" width=\"800\" height=\"600\" src=\"https:\/\/dhg1h5j42swfq.cloudfront.net\/2024\/05\/08113645\/image-144.png\" alt=\"Concursos PI: Seplan, Sead e Piau\u00edprev ainda neste m\u00eas\" class=\"wp-image-1396011\" srcset=\"https:\/\/dhg1h5j42swfq.cloudfront.net\/2024\/05\/08113645\/image-144.png 800w, https:\/\/dhg1h5j42swfq.cloudfront.net\/2024\/05\/08113645\/image-144-300x225.png 300w, https:\/\/dhg1h5j42swfq.cloudfront.net\/2024\/05\/08113645\/image-144-768x576.png 768w, https:\/\/dhg1h5j42swfq.cloudfront.net\/2024\/05\/08113645\/image-144-610x458.png 610w, https:\/\/dhg1h5j42swfq.cloudfront.net\/2024\/05\/08113645\/image-144-150x113.png 150w\" sizes=\"auto, (max-width: 800px) 100vw, 800px\" \/><figcaption class=\"wp-element-caption\">Concursos <a href=\"https:\/\/www.pi.gov.br\/\" target=\"_blank\" rel=\"noreferrer noopener\">PI<\/a>: Seplan, Sead e Piau\u00edprev ainda neste m\u00eas de maio!<\/figcaption><\/figure>\n\n\n\n<p class=\"wp-block-paragraph\">Para a Sead e Seplan PI ser\u00e3o ofertadas 90 vagas, al\u00e9m de cadastro reserva, para o cargo de&nbsp;Analista Governamental&nbsp;em \u00e1reas espec\u00edficas, como Gest\u00e3o P\u00fablica, TI e Infraestrutura.<\/p>\n\n\n\n<p class=\"wp-block-paragraph\">Enquanto a Funda\u00e7\u00e3o Piau\u00ed Previd\u00eancia ter\u00e1 20 vagas, al\u00e9m de cadastro reserva, para o cargo de&nbsp;Analista Previdenci\u00e1rio. A exig\u00eancia \u00e9 de n\u00edvel superior em qualquer \u00e1rea de forma\u00e7\u00e3o.<\/p>\n\n\n\n<p class=\"has-text-align-center wp-block-paragraph\"><em>Voc\u00ea pode conferir todos os detalhes de cada uma das sele\u00e7\u00f5es que est\u00e3o previstas nos concursos PI. Para isso, basta acessar o artigos exclusivos que preparamos especialmente para voc\u00ea:<\/em><\/p>\n\n\n\n<p class=\"has-text-align-center has-background wp-block-paragraph\" style=\"background-color:#f7f7f7;font-size:clamp(14.642px, 0.915rem + ((1vw - 3.2px) * 0.721), 22px);\"><strong>Saiba mais: <a href=\"https:\/\/www.estrategiaconcursos.com.br\/blog\/concurso-seadprev-pi\/\" target=\"_blank\" rel=\"noreferrer noopener\">Concurso SEAD PI<\/a><\/strong><\/p>\n\n\n\n<p class=\"has-text-align-center has-background wp-block-paragraph\" style=\"background-color:#f3f3f3;font-size:clamp(14.642px, 0.915rem + ((1vw - 3.2px) * 0.721), 22px);\"><strong>Saiba mais:<a href=\"https:\/\/www.estrategiaconcursos.com.br\/blog\/concurso-seplan-pi\/\" target=\"_blank\" rel=\"noreferrer noopener\"> Concurso SEPLAN PI<\/a><\/strong><\/p>\n\n\n\n<p class=\"has-text-align-center has-background wp-block-paragraph\" style=\"background-color:#f6f6f6;font-size:clamp(14.642px, 0.915rem + ((1vw - 3.2px) * 0.721), 22px);\"><strong>Saiba mais: <a href=\"https:\/\/www.estrategiaconcursos.com.br\/blog\/concurso-piauiprev\/\" target=\"_blank\" rel=\"noreferrer noopener\">Concurso PIAU\u00cdPREV<\/a><\/strong><\/p>\n\n\n\n<hr class=\"wp-block-separator has-alpha-channel-opacity\"\/>\n\n\n\n<h2 class=\"wp-block-heading has-text-align-center\" id=\"quer-estudar-para-concursos-piaui\">Quer estudar para concursos Piau\u00ed?<\/h2>\n\n\n\n<p class=\"has-text-align-center wp-block-paragraph\"><em>Gostou destas oportunidades e deseja come\u00e7ar se preparar agora mesmo? Ent\u00e3o, confira os nossos cursos e comece a estudar:<\/em><\/p>\n\n\n\n<div id=\"boxes\" class=\"container\">\n<div class=\"row\">\n<div class=\"col-sm\">\n<div id=\"box-assinatura\" class=\"banner-estrategia\">\n<h3 class=\"titulo-assinatura\">Cursos para concurso p\u00fablico<\/h3>\n<p class=\"subtitulo-assinatura\">&nbsp;<\/p>\n<div class=\"box-botao\"><a class=\"btn-assinatura\" role=\"button\" href=\"https:\/\/www.estrategiaconcursos.com.br\/blog\/cursos\/\" target=\"_blank\" rel=\"noopener noreferrer\">Conhe\u00e7a mais<\/a><\/div>\n<\/div>\n<p class=\"texto-auxiliar\">Prepare-se com o melhor material e com quem mais aprova em Concursos P\u00fablicos em todo o pa\u00eds.<\/p>\n<\/div>\n<\/div>\n<\/div>\n\n\n\n<div class=\"container\" id=\"boxes\">\n  <div class=\"row\">\n\n    <div class=\"col-sm\">\n      <div class=\"estrategia\" id=\"box-assinatura\">\n        <h3 class=\"titulo-assinatura\">Assinatura Concursos<\/h3>\n        <p class=\"subtitulo-assinatura\">Assinatura de 1 ano ou 2 anos<\/p>\n        <div class=\"box-botao\">\n          <a class=\"btn-assinatura\" target=\"_blank\" href=\"https:\/\/www.estrategiaconcursos.com.br\/blog\/assinaturas\/\" role=\"button\" rel=\"noopener noreferrer\">ASSINE AGORA<\/a>\n        <\/div>\n      <\/div>\n     \n    <\/div><\/div><\/div>\n","protected":false},"excerpt":{"rendered":"<p>Provas ser\u00e3o aplicadas em agosto; mais de 400 vagas! Novos concursos do Piau\u00ed (PI) ter\u00e3o editais divulgados ainda neste m\u00eas de maio! Estamos falando das Secretarias de Administra\u00e7\u00e3o (Sead), Planejamento (Seplan) e Funda\u00e7\u00e3o Piau\u00ed Previd\u00eancia. E as novidades n\u00e3o param por a\u00ed! Isso porque, a aplica\u00e7\u00e3o das provas est\u00e1 prevista para ocorrer no m\u00eas de [&hellip;]<\/p>\n","protected":false},"author":656,"featured_media":1181276,"comment_status":"open","ping_status":"closed","sticky":false,"template":"","format":"standard","meta":{"_acf_changed":false,"post_tipo":"news","footnotes":""},"categories":[214992,220219],"tags":[],"tax_estado":[219980],"class_list":["post-1395999","post","type-post","status-publish","format-standard","has-post-thumbnail","hentry","category-concursos-administrativos","category-noticias","tax_estado-pi"],"acf":[],"yoast_head":"<!-- This site is optimized with the Yoast SEO Premium plugin v28.1 (Yoast SEO v28.1) - https:\/\/yoast.com\/product\/yoast-seo-premium-wordpress\/ -->\n<title>Concursos PI: Seplan, Sead e Piau\u00edprev ainda neste m\u00eas<\/title>\n<meta name=\"description\" content=\"Concursos PI para a Seplan, Sead e Piau\u00edprev ter\u00e3o editais publicados ainda neste m\u00eas de maio. Provas em agosto! Saiba mais aqui!\" \/>\n<meta name=\"robots\" content=\"index, follow, max-snippet:-1, max-image-preview:large, max-video-preview:-1\" \/>\n<link rel=\"canonical\" href=\"https:\/\/www.estrategiaconcursos.com.br\/blog\/concursos-pi-editais-neste-mes\/\" \/>\n<meta property=\"og:locale\" content=\"pt_BR\" \/>\n<meta property=\"og:type\" content=\"article\" \/>\n<meta property=\"og:title\" content=\"Concursos PI: Seplan, Sead e Piau\u00edprev ainda neste m\u00eas\" \/>\n<meta property=\"og:description\" content=\"Concursos PI para a Seplan, Sead e Piau\u00edprev ter\u00e3o editais publicados ainda neste m\u00eas de maio. Provas em agosto! Saiba mais aqui!\" \/>\n<meta property=\"og:url\" content=\"https:\/\/www.estrategiaconcursos.com.br\/blog\/concursos-pi-editais-neste-mes\/\" \/>\n<meta property=\"og:site_name\" content=\"Estrat\u00e9gia Concursos\" \/>\n<meta property=\"article:published_time\" content=\"2024-05-08T14:45:45+00:00\" \/>\n<meta property=\"article:modified_time\" content=\"2024-05-08T15:22:04+00:00\" \/>\n<meta property=\"og:image\" content=\"https:\/\/dhg1h5j42swfq.cloudfront.net\/2023\/02\/03172026\/concursos-piaui.jpg\" \/>\n\t<meta property=\"og:image:width\" content=\"1198\" \/>\n\t<meta property=\"og:image:height\" content=\"627\" \/>\n\t<meta property=\"og:image:type\" content=\"image\/jpeg\" \/>\n<meta name=\"author\" content=\"F\u00e1bio Scaldelai\" \/>\n<meta name=\"twitter:card\" content=\"summary_large_image\" \/>\n<meta name=\"twitter:creator\" content=\"@EstratConcursos\" \/>\n<meta name=\"twitter:site\" content=\"@EstratConcursos\" \/>\n<meta name=\"twitter:label1\" content=\"Escrito por\" \/>\n\t<meta name=\"twitter:data1\" content=\"F\u00e1bio Scaldelai\" \/>\n\t<meta name=\"twitter:label2\" content=\"Est. tempo de leitura\" \/>\n\t<meta name=\"twitter:data2\" content=\"2 minutos\" \/>\n<script type=\"application\/ld+json\" class=\"yoast-schema-graph\">{\"@context\":\"https:\\\/\\\/schema.org\",\"@graph\":[{\"@type\":\"NewsArticle\",\"@id\":\"https:\\\/\\\/www.estrategiaconcursos.com.br\\\/blog\\\/concursos-pi-editais-neste-mes\\\/#article\",\"isPartOf\":{\"@id\":\"https:\\\/\\\/www.estrategiaconcursos.com.br\\\/blog\\\/concursos-pi-editais-neste-mes\\\/\"},\"author\":{\"name\":\"F\u00e1bio Scaldelai\",\"@id\":\"https:\\\/\\\/blog-estrategia.mystagingwebsite.com\\\/#\\\/schema\\\/person\\\/e3b6b7ce0192dd4ad270655969d61750\"},\"headline\":\"Concursos PI: Seplan, Sead e Piau\u00edprev ainda neste m\u00eas\",\"datePublished\":\"2024-05-08T14:45:45+00:00\",\"dateModified\":\"2024-05-08T15:22:04+00:00\",\"mainEntityOfPage\":{\"@id\":\"https:\\\/\\\/www.estrategiaconcursos.com.br\\\/blog\\\/concursos-pi-editais-neste-mes\\\/\"},\"wordCount\":383,\"commentCount\":0,\"publisher\":{\"@id\":\"https:\\\/\\\/blog-estrategia.mystagingwebsite.com\\\/#organization\"},\"image\":{\"@id\":\"https:\\\/\\\/www.estrategiaconcursos.com.br\\\/blog\\\/concursos-pi-editais-neste-mes\\\/#primaryimage\"},\"thumbnailUrl\":\"https:\\\/\\\/dhg1h5j42swfq.cloudfront.net\\\/2023\\\/02\\\/03172026\\\/concursos-piaui.jpg\",\"articleSection\":[\"Executivo (Administrativa)\",\"\u00daltimas not\u00edcias\"],\"inLanguage\":\"pt-BR\",\"potentialAction\":[{\"@type\":\"CommentAction\",\"name\":\"Comment\",\"target\":[\"https:\\\/\\\/www.estrategiaconcursos.com.br\\\/blog\\\/concursos-pi-editais-neste-mes\\\/#respond\"]}],\"copyrightYear\":\"2024\",\"copyrightHolder\":{\"@id\":\"https:\\\/\\\/www.estrategiaconcursos.com.br\\\/blog\\\/#organization\"}},{\"@type\":\"WebPage\",\"@id\":\"https:\\\/\\\/www.estrategiaconcursos.com.br\\\/blog\\\/concursos-pi-editais-neste-mes\\\/\",\"url\":\"https:\\\/\\\/www.estrategiaconcursos.com.br\\\/blog\\\/concursos-pi-editais-neste-mes\\\/\",\"name\":\"Concursos PI: Seplan, Sead e Piau\u00edprev ainda neste m\u00eas\",\"isPartOf\":{\"@id\":\"https:\\\/\\\/blog-estrategia.mystagingwebsite.com\\\/#website\"},\"primaryImageOfPage\":{\"@id\":\"https:\\\/\\\/www.estrategiaconcursos.com.br\\\/blog\\\/concursos-pi-editais-neste-mes\\\/#primaryimage\"},\"image\":{\"@id\":\"https:\\\/\\\/www.estrategiaconcursos.com.br\\\/blog\\\/concursos-pi-editais-neste-mes\\\/#primaryimage\"},\"thumbnailUrl\":\"https:\\\/\\\/dhg1h5j42swfq.cloudfront.net\\\/2023\\\/02\\\/03172026\\\/concursos-piaui.jpg\",\"datePublished\":\"2024-05-08T14:45:45+00:00\",\"dateModified\":\"2024-05-08T15:22:04+00:00\",\"description\":\"Concursos PI para a Seplan, Sead e Piau\u00edprev ter\u00e3o editais publicados ainda neste m\u00eas de maio. Provas em agosto! Saiba mais aqui!\",\"breadcrumb\":{\"@id\":\"https:\\\/\\\/www.estrategiaconcursos.com.br\\\/blog\\\/concursos-pi-editais-neste-mes\\\/#breadcrumb\"},\"inLanguage\":\"pt-BR\",\"potentialAction\":[{\"@type\":\"ReadAction\",\"target\":[\"https:\\\/\\\/www.estrategiaconcursos.com.br\\\/blog\\\/concursos-pi-editais-neste-mes\\\/\"]}]},{\"@type\":\"ImageObject\",\"inLanguage\":\"pt-BR\",\"@id\":\"https:\\\/\\\/www.estrategiaconcursos.com.br\\\/blog\\\/concursos-pi-editais-neste-mes\\\/#primaryimage\",\"url\":\"https:\\\/\\\/dhg1h5j42swfq.cloudfront.net\\\/2023\\\/02\\\/03172026\\\/concursos-piaui.jpg\",\"contentUrl\":\"https:\\\/\\\/dhg1h5j42swfq.cloudfront.net\\\/2023\\\/02\\\/03172026\\\/concursos-piaui.jpg\",\"width\":1198,\"height\":627,\"caption\":\"Concurso Parna\u00edba PI: aprovados s\u00e3o convocados!\"},{\"@type\":\"BreadcrumbList\",\"@id\":\"https:\\\/\\\/www.estrategiaconcursos.com.br\\\/blog\\\/concursos-pi-editais-neste-mes\\\/#breadcrumb\",\"itemListElement\":[{\"@type\":\"ListItem\",\"position\":1,\"name\":\"In\u00edcio\",\"item\":\"https:\\\/\\\/blog-estrategia.mystagingwebsite.com\\\/\"},{\"@type\":\"ListItem\",\"position\":2,\"name\":\"Concursos PI: Seplan, Sead e Piau\u00edprev ainda neste m\u00eas\"}]},{\"@type\":\"WebSite\",\"@id\":\"https:\\\/\\\/blog-estrategia.mystagingwebsite.com\\\/#website\",\"url\":\"https:\\\/\\\/blog-estrategia.mystagingwebsite.com\\\/\",\"name\":\"Estrat\u00e9gia Concursos\",\"description\":\"O blog da Estrat\u00e9gia Concursos traz not\u00edcias sobre concursos e artigos de professores oferecendo cursos para concursos (pdf + videaulas) no site.\",\"publisher\":{\"@id\":\"https:\\\/\\\/blog-estrategia.mystagingwebsite.com\\\/#organization\"},\"potentialAction\":[{\"@type\":\"SearchAction\",\"target\":{\"@type\":\"EntryPoint\",\"urlTemplate\":\"https:\\\/\\\/blog-estrategia.mystagingwebsite.com\\\/?s={search_term_string}\"},\"query-input\":{\"@type\":\"PropertyValueSpecification\",\"valueRequired\":true,\"valueName\":\"search_term_string\"}}],\"inLanguage\":\"pt-BR\"},{\"@type\":\"Organization\",\"@id\":\"https:\\\/\\\/blog-estrategia.mystagingwebsite.com\\\/#organization\",\"name\":\"Estrat\u00e9gia Concursos\",\"url\":\"https:\\\/\\\/blog-estrategia.mystagingwebsite.com\\\/\",\"logo\":{\"@type\":\"ImageObject\",\"inLanguage\":\"pt-BR\",\"@id\":\"https:\\\/\\\/blog-estrategia.mystagingwebsite.com\\\/#\\\/schema\\\/logo\\\/image\\\/\",\"url\":\"https:\\\/\\\/dhg1h5j42swfq.cloudfront.net\\\/2025\\\/06\\\/03203428\\\/logo_concursos-1.jpg\",\"contentUrl\":\"https:\\\/\\\/dhg1h5j42swfq.cloudfront.net\\\/2025\\\/06\\\/03203428\\\/logo_concursos-1.jpg\",\"width\":230,\"height\":60,\"caption\":\"Estrat\u00e9gia Concursos\"},\"image\":{\"@id\":\"https:\\\/\\\/blog-estrategia.mystagingwebsite.com\\\/#\\\/schema\\\/logo\\\/image\\\/\"},\"sameAs\":[\"https:\\\/\\\/x.com\\\/EstratConcursos\"]},{\"@type\":\"Person\",\"@id\":\"https:\\\/\\\/blog-estrategia.mystagingwebsite.com\\\/#\\\/schema\\\/person\\\/e3b6b7ce0192dd4ad270655969d61750\",\"name\":\"F\u00e1bio Scaldelai\",\"image\":{\"@type\":\"ImageObject\",\"inLanguage\":\"pt-BR\",\"@id\":\"https:\\\/\\\/secure.gravatar.com\\\/avatar\\\/8ed7492c4d88d8495bc0cb24cda6847b8ae23eec459a919e08e77d0ca0fd79ec?s=96&d=mm&r=g\",\"url\":\"https:\\\/\\\/secure.gravatar.com\\\/avatar\\\/8ed7492c4d88d8495bc0cb24cda6847b8ae23eec459a919e08e77d0ca0fd79ec?s=96&d=mm&r=g\",\"contentUrl\":\"https:\\\/\\\/secure.gravatar.com\\\/avatar\\\/8ed7492c4d88d8495bc0cb24cda6847b8ae23eec459a919e08e77d0ca0fd79ec?s=96&d=mm&r=g\",\"caption\":\"F\u00e1bio Scaldelai\"},\"description\":\"Jornalista no Estrat\u00e9gia Concursos e Produtor de Televis\u00e3o, formado em Jornalismo, R\u00e1dio e TV pela Faculdade Integrada Rio Branco, com especializa\u00e7\u00f5es em Gest\u00e3o Empresarial e Marketing pelo M\u00f3dulo. Atuou como produtor no SBT, TV Bandeirantes e R\u00e1dio Band FM, al\u00e9m de acumular tr\u00eas anos de experi\u00eancia no setor de concursos p\u00fablicos pela LFG (Luiz Fl\u00e1vio Gomes). No Estrat\u00e9gia Concursos, atua na apura\u00e7\u00e3o de not\u00edcias da \u00e1rea fiscal, al\u00e9m de coberturas sobre concursos das \u00e1reas de controle (TCU, TCE, etc), concurso AFT, \u00e1rea de gest\u00e3o e administrativa, bem como dos \u00f3rg\u00e3os participantes do CNU. Tamb\u00e9m possui experi\u00eancia em link building e an\u00e1lise de m\u00eddia, adquirida durante sua atua\u00e7\u00e3o na ag\u00eancia SEO Marketing.\",\"url\":\"https:\\\/\\\/www.estrategiaconcursos.com.br\\\/blog\\\/author\\\/fabio-scaldelaiestrategiaconcursos-com-br\\\/\"}]}<\/script>\n<!-- \/ Yoast SEO Premium plugin. -->","yoast_head_json":{"title":"Concursos PI: Seplan, Sead e Piau\u00edprev ainda neste m\u00eas","description":"Concursos PI para a Seplan, Sead e Piau\u00edprev ter\u00e3o editais publicados ainda neste m\u00eas de maio. Provas em agosto! Saiba mais aqui!","robots":{"index":"index","follow":"follow","max-snippet":"max-snippet:-1","max-image-preview":"max-image-preview:large","max-video-preview":"max-video-preview:-1"},"canonical":"https:\/\/www.estrategiaconcursos.com.br\/blog\/concursos-pi-editais-neste-mes\/","og_locale":"pt_BR","og_type":"article","og_title":"Concursos PI: Seplan, Sead e Piau\u00edprev ainda neste m\u00eas","og_description":"Concursos PI para a Seplan, Sead e Piau\u00edprev ter\u00e3o editais publicados ainda neste m\u00eas de maio. Provas em agosto! Saiba mais aqui!","og_url":"https:\/\/www.estrategiaconcursos.com.br\/blog\/concursos-pi-editais-neste-mes\/","og_site_name":"Estrat\u00e9gia Concursos","article_published_time":"2024-05-08T14:45:45+00:00","article_modified_time":"2024-05-08T15:22:04+00:00","og_image":[{"width":1198,"height":627,"url":"https:\/\/dhg1h5j42swfq.cloudfront.net\/2023\/02\/03172026\/concursos-piaui.jpg","type":"image\/jpeg"}],"author":"F\u00e1bio Scaldelai","twitter_card":"summary_large_image","twitter_creator":"@EstratConcursos","twitter_site":"@EstratConcursos","twitter_misc":{"Escrito por":"F\u00e1bio Scaldelai","Est. tempo de leitura":"2 minutos"},"schema":{"@context":"https:\/\/schema.org","@graph":[{"@type":"NewsArticle","@id":"https:\/\/www.estrategiaconcursos.com.br\/blog\/concursos-pi-editais-neste-mes\/#article","isPartOf":{"@id":"https:\/\/www.estrategiaconcursos.com.br\/blog\/concursos-pi-editais-neste-mes\/"},"author":{"name":"F\u00e1bio Scaldelai","@id":"https:\/\/blog-estrategia.mystagingwebsite.com\/#\/schema\/person\/e3b6b7ce0192dd4ad270655969d61750"},"headline":"Concursos PI: Seplan, Sead e Piau\u00edprev ainda neste m\u00eas","datePublished":"2024-05-08T14:45:45+00:00","dateModified":"2024-05-08T15:22:04+00:00","mainEntityOfPage":{"@id":"https:\/\/www.estrategiaconcursos.com.br\/blog\/concursos-pi-editais-neste-mes\/"},"wordCount":383,"commentCount":0,"publisher":{"@id":"https:\/\/blog-estrategia.mystagingwebsite.com\/#organization"},"image":{"@id":"https:\/\/www.estrategiaconcursos.com.br\/blog\/concursos-pi-editais-neste-mes\/#primaryimage"},"thumbnailUrl":"https:\/\/dhg1h5j42swfq.cloudfront.net\/2023\/02\/03172026\/concursos-piaui.jpg","articleSection":["Executivo (Administrativa)","\u00daltimas not\u00edcias"],"inLanguage":"pt-BR","potentialAction":[{"@type":"CommentAction","name":"Comment","target":["https:\/\/www.estrategiaconcursos.com.br\/blog\/concursos-pi-editais-neste-mes\/#respond"]}],"copyrightYear":"2024","copyrightHolder":{"@id":"https:\/\/www.estrategiaconcursos.com.br\/blog\/#organization"}},{"@type":"WebPage","@id":"https:\/\/www.estrategiaconcursos.com.br\/blog\/concursos-pi-editais-neste-mes\/","url":"https:\/\/www.estrategiaconcursos.com.br\/blog\/concursos-pi-editais-neste-mes\/","name":"Concursos PI: Seplan, Sead e Piau\u00edprev ainda neste m\u00eas","isPartOf":{"@id":"https:\/\/blog-estrategia.mystagingwebsite.com\/#website"},"primaryImageOfPage":{"@id":"https:\/\/www.estrategiaconcursos.com.br\/blog\/concursos-pi-editais-neste-mes\/#primaryimage"},"image":{"@id":"https:\/\/www.estrategiaconcursos.com.br\/blog\/concursos-pi-editais-neste-mes\/#primaryimage"},"thumbnailUrl":"https:\/\/dhg1h5j42swfq.cloudfront.net\/2023\/02\/03172026\/concursos-piaui.jpg","datePublished":"2024-05-08T14:45:45+00:00","dateModified":"2024-05-08T15:22:04+00:00","description":"Concursos PI para a Seplan, Sead e Piau\u00edprev ter\u00e3o editais publicados ainda neste m\u00eas de maio. Provas em agosto! Saiba mais aqui!","breadcrumb":{"@id":"https:\/\/www.estrategiaconcursos.com.br\/blog\/concursos-pi-editais-neste-mes\/#breadcrumb"},"inLanguage":"pt-BR","potentialAction":[{"@type":"ReadAction","target":["https:\/\/www.estrategiaconcursos.com.br\/blog\/concursos-pi-editais-neste-mes\/"]}]},{"@type":"ImageObject","inLanguage":"pt-BR","@id":"https:\/\/www.estrategiaconcursos.com.br\/blog\/concursos-pi-editais-neste-mes\/#primaryimage","url":"https:\/\/dhg1h5j42swfq.cloudfront.net\/2023\/02\/03172026\/concursos-piaui.jpg","contentUrl":"https:\/\/dhg1h5j42swfq.cloudfront.net\/2023\/02\/03172026\/concursos-piaui.jpg","width":1198,"height":627,"caption":"Concurso Parna\u00edba PI: aprovados s\u00e3o convocados!"},{"@type":"BreadcrumbList","@id":"https:\/\/www.estrategiaconcursos.com.br\/blog\/concursos-pi-editais-neste-mes\/#breadcrumb","itemListElement":[{"@type":"ListItem","position":1,"name":"In\u00edcio","item":"https:\/\/blog-estrategia.mystagingwebsite.com\/"},{"@type":"ListItem","position":2,"name":"Concursos PI: Seplan, Sead e Piau\u00edprev ainda neste m\u00eas"}]},{"@type":"WebSite","@id":"https:\/\/blog-estrategia.mystagingwebsite.com\/#website","url":"https:\/\/blog-estrategia.mystagingwebsite.com\/","name":"Estrat\u00e9gia Concursos","description":"O blog da Estrat\u00e9gia Concursos traz not\u00edcias sobre concursos e artigos de professores oferecendo cursos para concursos (pdf + videaulas) no site.","publisher":{"@id":"https:\/\/blog-estrategia.mystagingwebsite.com\/#organization"},"potentialAction":[{"@type":"SearchAction","target":{"@type":"EntryPoint","urlTemplate":"https:\/\/blog-estrategia.mystagingwebsite.com\/?s={search_term_string}"},"query-input":{"@type":"PropertyValueSpecification","valueRequired":true,"valueName":"search_term_string"}}],"inLanguage":"pt-BR"},{"@type":"Organization","@id":"https:\/\/blog-estrategia.mystagingwebsite.com\/#organization","name":"Estrat\u00e9gia Concursos","url":"https:\/\/blog-estrategia.mystagingwebsite.com\/","logo":{"@type":"ImageObject","inLanguage":"pt-BR","@id":"https:\/\/blog-estrategia.mystagingwebsite.com\/#\/schema\/logo\/image\/","url":"https:\/\/dhg1h5j42swfq.cloudfront.net\/2025\/06\/03203428\/logo_concursos-1.jpg","contentUrl":"https:\/\/dhg1h5j42swfq.cloudfront.net\/2025\/06\/03203428\/logo_concursos-1.jpg","width":230,"height":60,"caption":"Estrat\u00e9gia Concursos"},"image":{"@id":"https:\/\/blog-estrategia.mystagingwebsite.com\/#\/schema\/logo\/image\/"},"sameAs":["https:\/\/x.com\/EstratConcursos"]},{"@type":"Person","@id":"https:\/\/blog-estrategia.mystagingwebsite.com\/#\/schema\/person\/e3b6b7ce0192dd4ad270655969d61750","name":"F\u00e1bio Scaldelai","image":{"@type":"ImageObject","inLanguage":"pt-BR","@id":"https:\/\/secure.gravatar.com\/avatar\/8ed7492c4d88d8495bc0cb24cda6847b8ae23eec459a919e08e77d0ca0fd79ec?s=96&d=mm&r=g","url":"https:\/\/secure.gravatar.com\/avatar\/8ed7492c4d88d8495bc0cb24cda6847b8ae23eec459a919e08e77d0ca0fd79ec?s=96&d=mm&r=g","contentUrl":"https:\/\/secure.gravatar.com\/avatar\/8ed7492c4d88d8495bc0cb24cda6847b8ae23eec459a919e08e77d0ca0fd79ec?s=96&d=mm&r=g","caption":"F\u00e1bio Scaldelai"},"description":"Jornalista no Estrat\u00e9gia Concursos e Produtor de Televis\u00e3o, formado em Jornalismo, R\u00e1dio e TV pela Faculdade Integrada Rio Branco, com especializa\u00e7\u00f5es em Gest\u00e3o Empresarial e Marketing pelo M\u00f3dulo. Atuou como produtor no SBT, TV Bandeirantes e R\u00e1dio Band FM, al\u00e9m de acumular tr\u00eas anos de experi\u00eancia no setor de concursos p\u00fablicos pela LFG (Luiz Fl\u00e1vio Gomes). No Estrat\u00e9gia Concursos, atua na apura\u00e7\u00e3o de not\u00edcias da \u00e1rea fiscal, al\u00e9m de coberturas sobre concursos das \u00e1reas de controle (TCU, TCE, etc), concurso AFT, \u00e1rea de gest\u00e3o e administrativa, bem como dos \u00f3rg\u00e3os participantes do CNU. Tamb\u00e9m possui experi\u00eancia em link building e an\u00e1lise de m\u00eddia, adquirida durante sua atua\u00e7\u00e3o na ag\u00eancia SEO Marketing.","url":"https:\/\/www.estrategiaconcursos.com.br\/blog\/author\/fabio-scaldelaiestrategiaconcursos-com-br\/"}]}},"_links":{"self":[{"href":"https:\/\/www.estrategiaconcursos.com.br\/blog\/wp-json\/wp\/v2\/posts\/1395999","targetHints":{"allow":["GET"]}}],"collection":[{"href":"https:\/\/www.estrategiaconcursos.com.br\/blog\/wp-json\/wp\/v2\/posts"}],"about":[{"href":"https:\/\/www.estrategiaconcursos.com.br\/blog\/wp-json\/wp\/v2\/types\/post"}],"author":[{"embeddable":true,"href":"https:\/\/www.estrategiaconcursos.com.br\/blog\/wp-json\/wp\/v2\/users\/656"}],"replies":[{"embeddable":true,"href":"https:\/\/www.estrategiaconcursos.com.br\/blog\/wp-json\/wp\/v2\/comments?post=1395999"}],"version-history":[{"count":0,"href":"https:\/\/www.estrategiaconcursos.com.br\/blog\/wp-json\/wp\/v2\/posts\/1395999\/revisions"}],"wp:featuredmedia":[{"embeddable":true,"href":"https:\/\/www.estrategiaconcursos.com.br\/blog\/wp-json\/wp\/v2\/media\/1181276"}],"wp:attachment":[{"href":"https:\/\/www.estrategiaconcursos.com.br\/blog\/wp-json\/wp\/v2\/media?parent=1395999"}],"wp:term":[{"taxonomy":"category","embeddable":true,"href":"https:\/\/www.estrategiaconcursos.com.br\/blog\/wp-json\/wp\/v2\/categories?post=1395999"},{"taxonomy":"post_tag","embeddable":true,"href":"https:\/\/www.estrategiaconcursos.com.br\/blog\/wp-json\/wp\/v2\/tags?post=1395999"},{"taxonomy":"tax_estado","embeddable":true,"href":"https:\/\/www.estrategiaconcursos.com.br\/blog\/wp-json\/wp\/v2\/tax_estado?post=1395999"}],"curies":[{"name":"wp","href":"https:\/\/api.w.org\/{rel}","templated":true}]}}