{"id":139460,"date":"2018-10-09T03:00:04","date_gmt":"2018-10-09T06:00:04","guid":{"rendered":"https:\/\/www.estrategiaconcursos.com.br\/blog\/?p=139460"},"modified":"2018-10-22T18:30:54","modified_gmt":"2018-10-22T21:30:54","slug":"edital-concurso-adaf","status":"publish","type":"post","link":"https:\/\/www.estrategiaconcursos.com.br\/blog\/edital-concurso-adaf\/","title":{"rendered":"Concurso ADAF: inscri\u00e7\u00f5es para 208 vagas e inicial de at\u00e9 R$ 6 mil est\u00e3o encerradas"},"content":{"rendered":"<p>Ap\u00f3s ser prorrogado, est\u00e1 oficialmente encerrado o prazo de inscri\u00e7\u00f5es do certame da\u00a0Ag\u00eancia de Defesa Agropecu\u00e1ria e Florestal do Estado do Amazonas, o<strong> concurso ADAF<\/strong>.<\/p>\n<p>O concurso oferta 208 vagas, sendo 135 para provimento imediato e 73 que devem ser preenchidas durante a vig\u00eancia do certame.<\/p>\n<p>Al\u00e9m das vagas reservadas para pessoas com defici\u00eancia (PcD), o edital tamb\u00e9m oferta um percentual de 2% das vagas para\u00a0portadores de S\u00edndrome de Down (PSD).\u00a0Esses candidatos concorrer\u00e3o \u00e0s vagas existentes, que vierem a surgir ou forem criadas no prazo de validade do concurso p\u00fablico.<\/p>\n<h2>Principais datas<\/h2>\n<p><em><strong>Inscri\u00e7\u00f5es: <\/strong><\/em>at\u00e9 14\/10<\/p>\n<p><em><strong>Taxa de inscri\u00e7\u00e3o:<\/strong><\/em><br \/>\nFundamental: <strong>R$ 50,00<\/strong><br \/>\nM\u00e9dio: <strong>R$ 70,00<\/strong><br \/>\nSuperior e T\u00e9cnico de N\u00edvel Superior: <strong>R$ 90,00<\/strong><\/p>\n<p><em><strong>Data da prova: <\/strong><\/em>09 de dezembro<\/p>\n<h2>Distribui\u00e7\u00e3o das vagas e remunera\u00e7\u00e3o<\/h2>\n<p><strong><em>N\u00edvel fundamental:<\/em><\/strong><\/p>\n<ul>\n<li>08 &#8211; Auxiliar de Fiscaliza\u00e7\u00e3o Agropecu\u00e1ria (R$ 2.297,95)<\/li>\n<li>08 &#8211; Motorista (R$ 2.202,20)<\/li>\n<li>07 &#8211; Motorista Fluvial (R$ 2.202,20)<\/li>\n<\/ul>\n<p><strong><em>N\u00edvel m\u00e9dio:<\/em><\/strong><\/p>\n<ul>\n<li>05 &#8211; Agente de Fiscaliza\u00e7\u00e3o Agropecu\u00e1ria (R$ 3.942,57)<\/li>\n<li>17 &#8211; Assistente T\u00e9cnico (R$ 3.379,35)<\/li>\n<li>94 &#8211; T\u00e9cnico de Fiscaliza\u00e7\u00e3o Agropecu\u00e1ria (R$ 3.942,57)<\/li>\n<\/ul>\n<p><strong><em>N\u00edvel superior-t\u00e9cnico (R$ 5.632,23):<\/em><\/strong><\/p>\n<ul>\n<li>02 &#8211; Administrador<\/li>\n<li>02 &#8211; Analista de Redes<\/li>\n<li>02 &#8211; Contador<\/li>\n<li>01 &#8211; Economista<\/li>\n<li>01 &#8211; Estat\u00edstico<\/li>\n<li>02 &#8211; Jornalista<\/li>\n<\/ul>\n<p><strong><em>N\u00edvel superior (R$ 6.570,95):<\/em><\/strong><\/p>\n<ul>\n<li>05 &#8211; Engenheiro Agr\u00f4nomo<\/li>\n<li>08 &#8211; Fiscal Agropecu\u00e1rio Engenheiro Agr\u00f4nomo<\/li>\n<li>05 &#8211; Fiscal Agropecu\u00e1rio Engenheiro Florestal<\/li>\n<li>37 &#8211; Fiscal Agropecu\u00e1rio M\u00e9dico Veterin\u00e1rio<\/li>\n<li>04 &#8211; M\u00e9dico Veterin\u00e1rio<\/li>\n<\/ul>\n<h2>Etapas do concurso ADAF<\/h2>\n<h3><strong><em>N\u00edvel fundamental:<\/em><\/strong><\/h3>\n<p><strong>Etapa \u00fanica:<\/strong> Prova objetiva com 80 quest\u00f5es<\/p>\n<h3><strong><em>N\u00edvel m\u00e9dio:<\/em><\/strong><\/h3>\n<p><strong>1\u00aa etapa:<\/strong> Prova objetiva com 80 quest\u00f5es<\/p>\n<p><strong>2\u00aa etapa: <\/strong>Experi\u00eancia Profissional<\/p>\n<h3><strong><em>N\u00edvel superior-t\u00e9cnico e superior:<\/em><\/strong><\/h3>\n<p><strong>1\u00aa etapa:<\/strong> Prova objetiva com 80 quest\u00f5es.<\/p>\n<p><strong>2\u00aa etapa: <\/strong>Prova\u00a0discursiva<\/p>\n<p><strong>3\u00aa etapa:\u00a0<\/strong>T\u00edtulos e\/ou Experi\u00eancia Profissional<\/p>\n<h3>Prova Objetiva para todos os cargos<\/h3>\n<ul>\n<li>L\u00edngua Portuguesa (12 quest\u00f5es &#8211; peso 1)<\/li>\n<li>No\u00e7\u00f5es de Inform\u00e1tica (8 quest\u00f5es &#8211; peso 1)<\/li>\n<li>No\u00e7\u00f5es de Dir. Administrativo e Constitucional\u00a0(8 quest\u00f5es &#8211; peso 1)<\/li>\n<li>Legisla\u00e7\u00e3o Estadual Espec\u00edfica (7 quest\u00f5es &#8211; peso 1)<\/li>\n<li>Racioc\u00ednio L\u00f3gico e Matem\u00e1tico (5 quest\u00f5es &#8211; peso 1)<\/li>\n<li>Conhecimentos Espec\u00edficos (40 quest\u00f5es &#8211; peso 2)<\/li>\n<\/ul>\n<p><em><strong>Obs.:<\/strong> <\/em>As provas objetivas e discursivas ser\u00e3o realizadas nas seguintes cidades:\u00a0<span style=\"text-decoration: underline;\">Humait\u00e1<\/span>, <span style=\"text-decoration: underline;\">Manaus<\/span>, <span style=\"text-decoration: underline;\">Tef\u00e9<\/span> e <span style=\"text-decoration: underline;\">Parintins<\/span>.<\/p>\n<p>&nbsp;<\/p>\n<p style=\"text-align: center;\"><strong><em><span style=\"font-size: 14pt;\">Gostou dessa oportunidade e deseja se preparar?\u00a0<\/span><\/em><em><span style=\"font-size: 14pt;\">O Estrat\u00e9gia Concursos poder\u00e1 lan\u00e7ar um curso espec\u00edfico para este concurso. Acompanhe as novidades!<\/span><\/em><\/strong><\/p>\n<p style=\"text-align: center;\"><strong><a href=\"https:\/\/www.estrategiaconcursos.com.br\/cursos\/concurso\/\" target=\"_blank\" rel=\"noopener\"><span style=\"font-size: 18pt;\">CURSOS PARA CONCURSOS &#8211; ESTRAT\u00c9GIA CONCURSOS<\/span><\/a><\/strong><\/p>\n<p>&nbsp;<\/p>\n<p><img loading=\"lazy\" decoding=\"async\" class=\"aligncenter wp-image-68542 size-full\" src=\"https:\/\/dhg1h5j42swfq.cloudfront.net\/2017\/03\/28152500\/coruja-ficha-tecnica-300x102.png\" alt=\"Ficha t\u00e9cnica concurso adaf\" width=\"300\" height=\"102\" \/><\/p>\n<p>\u25ba<strong>Data prevista da prova<\/strong>: 09 de dezembro<br \/>\n\u25ba<strong>Vagas<\/strong>: 208<br \/>\n\u25ba<strong>Cargos<\/strong>: V\u00e1rios<br \/>\n\u25ba<strong>Lota\u00e7\u00f5es<\/strong>: Amazonas<br \/>\n\u25ba<strong>Banca<\/strong>: Instituto AOCP<br \/>\n\u25ba<strong>Escolaridade<\/strong>: N\u00edvel fundamental, m\u00e9dio, superior-t\u00e9cnico e superior<\/p>\n<p>\u25ba<strong>Edital<\/strong>:\u00a0<a href=\"https:\/\/www.estrategiaconcursos.com.br\/blog\/wp-content\/uploads\/2018\/09\/edital.pdf\" target=\"_blank\" rel=\"noopener\">Edital ADAF 2018<\/a><br \/>\n\u25ba<strong>Conte\u00fado:<\/strong>\u00a0<a href=\"https:\/\/www.estrategiaconcursos.com.br\/blog\/wp-content\/uploads\/2018\/09\/conteudo.pdf\" target=\"_blank\" rel=\"noopener\">Conte\u00fado Program\u00e1tico<\/a><a href=\"https:\/\/www.estrategiaconcursos.com.br\/blog\/wp-content\/uploads\/2018\/09\/conteudo.pdf\" target=\"_blank\" rel=\"noopener\"><br \/>\n<\/a>\u25ba<strong>Retifica\u00e7\u00e3o:<\/strong>\u00a0<a href=\"https:\/\/www.estrategiaconcursos.com.br\/blog\/wp-content\/uploads\/2018\/09\/adaf_2termoret.pdf\" target=\"_blank\" rel=\"noopener\">Conte\u00fado program\u00e1tico retificado<\/a><br \/>\n\u25ba<strong>Lota\u00e7\u00f5es<\/strong>:\u00a0<a href=\"https:\/\/www.estrategiaconcursos.com.br\/blog\/wp-content\/uploads\/2018\/09\/anexo_ii_edital_abertura_01_2018_adaf.pdf\" target=\"_blank\" rel=\"noopener\">Rela\u00e7\u00e3o de Munic\u00edpios<\/a><\/p>\n<p><em>Camila Leite<\/em><br \/>\n<em>Ascom Estrat\u00e9gia<\/em><br \/>\nascomestrategia@gmail.com<\/p>\n<hr \/>\n<p style=\"text-align: center;\"><span style=\"font-size: 18pt;\"><em><strong>Receba not\u00edcias de Concursos no seu WhatsApp e\/ou Telegram!<\/strong><\/em><\/span><\/p>\n<p style=\"text-align: center;\"><em><strong><span style=\"font-size: 14pt;\">Cadastre-se clicando no \u00edcone abaixo<\/span><br \/>\n<a href=\"https:\/\/www.estrategiaconcursos.com.br\/blog\/noticias-de-concursos-whatsapp-estrategia-concursos\/\" target=\"_blank\" rel=\"noopener\"><img loading=\"lazy\" decoding=\"async\" class=\"aligncenter wp-image-112824 \" src=\"https:\/\/www.estrategiaconcursos.com.br\/blog\/wp-content\/uploads\/2018\/03\/whatsapptelegram.png\" alt=\"\" width=\"220\" height=\"124\" \/><\/a><br \/>\n<\/strong><\/em><a href=\"https:\/\/www.estrategiaconcursos.com.br\/blog\/noticias-de-concursos-whatsapp-estrategia-concursos\/\" target=\"_blank\" rel=\"noopener\">Not\u00edcias de concursos no seu WhatsApp e\/ou Telegram<\/a><\/p>\n","protected":false},"excerpt":{"rendered":"<p>Ap\u00f3s ser prorrogado, est\u00e1 oficialmente encerrado o prazo de inscri\u00e7\u00f5es do certame da\u00a0Ag\u00eancia de Defesa Agropecu\u00e1ria e Florestal do Estado do Amazonas, o concurso ADAF. O concurso oferta 208 vagas, sendo 135 para provimento imediato e 73 que devem ser preenchidas durante a vig\u00eancia do certame. Al\u00e9m das vagas reservadas para pessoas com defici\u00eancia (PcD), [&hellip;]<\/p>\n","protected":false},"author":1,"featured_media":139467,"comment_status":"open","ping_status":"closed","sticky":false,"template":"","format":"standard","meta":{"post_tipo":"news","footnotes":""},"categories":[1],"tags":[],"tax_estado":[],"class_list":["post-139460","post","type-post","status-publish","format-standard","has-post-thumbnail","hentry","category-cursos-e-concursos"],"acf":[],"yoast_head":"<!-- This site is optimized with the Yoast SEO Premium plugin v27.2 (Yoast SEO v27.2) - https:\/\/yoast.com\/product\/yoast-seo-premium-wordpress\/ -->\n<title>Concurso ADAF: inscri\u00e7\u00f5es para 208 vagas est\u00e3o encerradas<\/title>\n<meta name=\"description\" content=\"Com inscri\u00e7\u00f5es encerradas, o edital do concurso ADAF oferta 208 vagas para todos os n\u00edveis. Remunera\u00e7\u00e3o inicial pode chegar at\u00e9 R$ 6mil. Provas em dezembro.\" \/>\n<meta name=\"robots\" content=\"index, follow, max-snippet:-1, max-image-preview:large, max-video-preview:-1\" \/>\n<link rel=\"canonical\" href=\"https:\/\/www.estrategiaconcursos.com.br\/blog\/edital-concurso-adaf\/\" \/>\n<meta property=\"og:locale\" content=\"pt_BR\" \/>\n<meta property=\"og:type\" content=\"article\" \/>\n<meta property=\"og:title\" content=\"Concurso ADAF: inscri\u00e7\u00f5es para 208 vagas e inicial de at\u00e9 R$ 6 mil est\u00e3o encerradas\" \/>\n<meta property=\"og:description\" content=\"Com inscri\u00e7\u00f5es encerradas, o edital do concurso ADAF oferta 208 vagas para todos os n\u00edveis. Remunera\u00e7\u00e3o inicial pode chegar at\u00e9 R$ 6mil. Provas em dezembro.\" \/>\n<meta property=\"og:url\" content=\"https:\/\/www.estrategiaconcursos.com.br\/blog\/edital-concurso-adaf\/\" \/>\n<meta property=\"og:site_name\" content=\"Estrat\u00e9gia Concursos\" \/>\n<meta property=\"article:author\" content=\"https:\/\/www.facebook.com\/EstrategiaConcursos\" \/>\n<meta property=\"article:published_time\" content=\"2018-10-09T06:00:04+00:00\" \/>\n<meta property=\"article:modified_time\" content=\"2018-10-22T21:30:54+00:00\" \/>\n<meta property=\"og:image\" content=\"https:\/\/dhg1h5j42swfq.cloudfront.net\/2018\/09\/05155442\/2-e1536173692335.jpg\" \/>\n\t<meta property=\"og:image:width\" content=\"400\" \/>\n\t<meta property=\"og:image:height\" content=\"209\" \/>\n\t<meta property=\"og:image:type\" content=\"image\/jpeg\" \/>\n<meta name=\"author\" content=\"Coordena\u00e7\u00e3o\" \/>\n<meta name=\"twitter:card\" content=\"summary_large_image\" \/>\n<meta name=\"twitter:creator\" content=\"@EstratConcursos\" \/>\n<meta name=\"twitter:site\" content=\"@EstratConcursos\" \/>\n<meta name=\"twitter:label1\" content=\"Escrito por\" \/>\n\t<meta name=\"twitter:data1\" content=\"Coordena\u00e7\u00e3o\" \/>\n\t<meta name=\"twitter:label2\" content=\"Est. tempo de leitura\" \/>\n\t<meta name=\"twitter:data2\" content=\"2 minutos\" \/>\n<script type=\"application\/ld+json\" class=\"yoast-schema-graph\">{\"@context\":\"https:\/\/schema.org\",\"@graph\":[{\"@type\":\"NewsArticle\",\"@id\":\"https:\/\/www.estrategiaconcursos.com.br\/blog\/edital-concurso-adaf\/#article\",\"isPartOf\":{\"@id\":\"https:\/\/www.estrategiaconcursos.com.br\/blog\/edital-concurso-adaf\/\"},\"author\":{\"name\":\"Coordena\u00e7\u00e3o\",\"@id\":\"https:\/\/www.estrategiaconcursos.com.br\/blog\/#\/schema\/person\/b4a388c97673c5f483d72185668afa1f\"},\"headline\":\"Concurso ADAF: inscri\u00e7\u00f5es para 208 vagas e inicial de at\u00e9 R$ 6 mil est\u00e3o encerradas\",\"datePublished\":\"2018-10-09T06:00:04+00:00\",\"dateModified\":\"2018-10-22T21:30:54+00:00\",\"mainEntityOfPage\":{\"@id\":\"https:\/\/www.estrategiaconcursos.com.br\/blog\/edital-concurso-adaf\/\"},\"wordCount\":492,\"commentCount\":5,\"publisher\":{\"@id\":\"https:\/\/www.estrategiaconcursos.com.br\/blog\/#organization\"},\"image\":{\"@id\":\"https:\/\/www.estrategiaconcursos.com.br\/blog\/edital-concurso-adaf\/#primaryimage\"},\"thumbnailUrl\":\"https:\/\/dhg1h5j42swfq.cloudfront.net\/2018\/09\/05155442\/2-e1536173692335.jpg\",\"articleSection\":[\"Concursos P\u00fablicos\"],\"inLanguage\":\"pt-BR\",\"potentialAction\":[{\"@type\":\"CommentAction\",\"name\":\"Comment\",\"target\":[\"https:\/\/www.estrategiaconcursos.com.br\/blog\/edital-concurso-adaf\/#respond\"]}],\"copyrightYear\":\"2018\",\"copyrightHolder\":{\"@id\":\"https:\/\/www.estrategiaconcursos.com.br\/blog\/#organization\"}},{\"@type\":\"WebPage\",\"@id\":\"https:\/\/www.estrategiaconcursos.com.br\/blog\/edital-concurso-adaf\/\",\"url\":\"https:\/\/www.estrategiaconcursos.com.br\/blog\/edital-concurso-adaf\/\",\"name\":\"Concurso ADAF: inscri\u00e7\u00f5es para 208 vagas est\u00e3o encerradas\",\"isPartOf\":{\"@id\":\"https:\/\/www.estrategiaconcursos.com.br\/blog\/#website\"},\"primaryImageOfPage\":{\"@id\":\"https:\/\/www.estrategiaconcursos.com.br\/blog\/edital-concurso-adaf\/#primaryimage\"},\"image\":{\"@id\":\"https:\/\/www.estrategiaconcursos.com.br\/blog\/edital-concurso-adaf\/#primaryimage\"},\"thumbnailUrl\":\"https:\/\/dhg1h5j42swfq.cloudfront.net\/2018\/09\/05155442\/2-e1536173692335.jpg\",\"datePublished\":\"2018-10-09T06:00:04+00:00\",\"dateModified\":\"2018-10-22T21:30:54+00:00\",\"description\":\"Com inscri\u00e7\u00f5es encerradas, o edital do concurso ADAF oferta 208 vagas para todos os n\u00edveis. Remunera\u00e7\u00e3o inicial pode chegar at\u00e9 R$ 6mil. Provas em dezembro.\",\"breadcrumb\":{\"@id\":\"https:\/\/www.estrategiaconcursos.com.br\/blog\/edital-concurso-adaf\/#breadcrumb\"},\"inLanguage\":\"pt-BR\",\"potentialAction\":[{\"@type\":\"ReadAction\",\"target\":[\"https:\/\/www.estrategiaconcursos.com.br\/blog\/edital-concurso-adaf\/\"]}]},{\"@type\":\"ImageObject\",\"inLanguage\":\"pt-BR\",\"@id\":\"https:\/\/www.estrategiaconcursos.com.br\/blog\/edital-concurso-adaf\/#primaryimage\",\"url\":\"https:\/\/dhg1h5j42swfq.cloudfront.net\/2018\/09\/05155442\/2-e1536173692335.jpg\",\"contentUrl\":\"https:\/\/dhg1h5j42swfq.cloudfront.net\/2018\/09\/05155442\/2-e1536173692335.jpg\",\"width\":400,\"height\":209,\"caption\":\"concurso adaf\"},{\"@type\":\"BreadcrumbList\",\"@id\":\"https:\/\/www.estrategiaconcursos.com.br\/blog\/edital-concurso-adaf\/#breadcrumb\",\"itemListElement\":[{\"@type\":\"ListItem\",\"position\":1,\"name\":\"In\u00edcio\",\"item\":\"https:\/\/www.estrategiaconcursos.com.br\/blog\/\"},{\"@type\":\"ListItem\",\"position\":2,\"name\":\"Concurso ADAF: inscri\u00e7\u00f5es para 208 vagas e inicial de at\u00e9 R$ 6 mil est\u00e3o encerradas\"}]},{\"@type\":\"WebSite\",\"@id\":\"https:\/\/www.estrategiaconcursos.com.br\/blog\/#website\",\"url\":\"https:\/\/www.estrategiaconcursos.com.br\/blog\/\",\"name\":\"Estrat\u00e9gia Concursos\",\"description\":\"O blog da Estrat\u00e9gia Concursos traz not\u00edcias sobre concursos e artigos de professores oferecendo cursos para concursos (pdf + videaulas) no site.\",\"publisher\":{\"@id\":\"https:\/\/www.estrategiaconcursos.com.br\/blog\/#organization\"},\"potentialAction\":[{\"@type\":\"SearchAction\",\"target\":{\"@type\":\"EntryPoint\",\"urlTemplate\":\"https:\/\/www.estrategiaconcursos.com.br\/blog\/?s={search_term_string}\"},\"query-input\":{\"@type\":\"PropertyValueSpecification\",\"valueRequired\":true,\"valueName\":\"search_term_string\"}}],\"inLanguage\":\"pt-BR\"},{\"@type\":\"Organization\",\"@id\":\"https:\/\/www.estrategiaconcursos.com.br\/blog\/#organization\",\"name\":\"Estrat\u00e9gia Concursos\",\"url\":\"https:\/\/www.estrategiaconcursos.com.br\/blog\/\",\"logo\":{\"@type\":\"ImageObject\",\"inLanguage\":\"pt-BR\",\"@id\":\"https:\/\/www.estrategiaconcursos.com.br\/blog\/#\/schema\/logo\/image\/\",\"url\":\"https:\/\/dhg1h5j42swfq.cloudfront.net\/2025\/06\/03203428\/logo_concursos-1.jpg\",\"contentUrl\":\"https:\/\/dhg1h5j42swfq.cloudfront.net\/2025\/06\/03203428\/logo_concursos-1.jpg\",\"width\":230,\"height\":60,\"caption\":\"Estrat\u00e9gia Concursos\"},\"image\":{\"@id\":\"https:\/\/www.estrategiaconcursos.com.br\/blog\/#\/schema\/logo\/image\/\"},\"sameAs\":[\"https:\/\/x.com\/EstratConcursos\"]},{\"@type\":\"Person\",\"@id\":\"https:\/\/www.estrategiaconcursos.com.br\/blog\/#\/schema\/person\/b4a388c97673c5f483d72185668afa1f\",\"name\":\"Coordena\u00e7\u00e3o\",\"image\":{\"@type\":\"ImageObject\",\"inLanguage\":\"pt-BR\",\"@id\":\"https:\/\/secure.gravatar.com\/avatar\/b720319e4c9a967eb58678d110f4fe35452fc5d5f97b202bac7b8acceb18c6ad?s=96&d=mm&r=g\",\"url\":\"https:\/\/secure.gravatar.com\/avatar\/b720319e4c9a967eb58678d110f4fe35452fc5d5f97b202bac7b8acceb18c6ad?s=96&d=mm&r=g\",\"contentUrl\":\"https:\/\/secure.gravatar.com\/avatar\/b720319e4c9a967eb58678d110f4fe35452fc5d5f97b202bac7b8acceb18c6ad?s=96&d=mm&r=g\",\"caption\":\"Coordena\u00e7\u00e3o\"},\"sameAs\":[\"https:\/\/www.facebook.com\/EstrategiaConcursos\",\"https:\/\/x.com\/EstratConcursos\"],\"url\":\"https:\/\/www.estrategiaconcursos.com.br\/blog\/author\/estrategia2013\/\"}]}<\/script>\n<!-- \/ Yoast SEO Premium plugin. -->","yoast_head_json":{"title":"Concurso ADAF: inscri\u00e7\u00f5es para 208 vagas est\u00e3o encerradas","description":"Com inscri\u00e7\u00f5es encerradas, o edital do concurso ADAF oferta 208 vagas para todos os n\u00edveis. Remunera\u00e7\u00e3o inicial pode chegar at\u00e9 R$ 6mil. Provas em dezembro.","robots":{"index":"index","follow":"follow","max-snippet":"max-snippet:-1","max-image-preview":"max-image-preview:large","max-video-preview":"max-video-preview:-1"},"canonical":"https:\/\/www.estrategiaconcursos.com.br\/blog\/edital-concurso-adaf\/","og_locale":"pt_BR","og_type":"article","og_title":"Concurso ADAF: inscri\u00e7\u00f5es para 208 vagas e inicial de at\u00e9 R$ 6 mil est\u00e3o encerradas","og_description":"Com inscri\u00e7\u00f5es encerradas, o edital do concurso ADAF oferta 208 vagas para todos os n\u00edveis. Remunera\u00e7\u00e3o inicial pode chegar at\u00e9 R$ 6mil. Provas em dezembro.","og_url":"https:\/\/www.estrategiaconcursos.com.br\/blog\/edital-concurso-adaf\/","og_site_name":"Estrat\u00e9gia Concursos","article_author":"https:\/\/www.facebook.com\/EstrategiaConcursos","article_published_time":"2018-10-09T06:00:04+00:00","article_modified_time":"2018-10-22T21:30:54+00:00","og_image":[{"width":400,"height":209,"url":"https:\/\/dhg1h5j42swfq.cloudfront.net\/2018\/09\/05155442\/2-e1536173692335.jpg","type":"image\/jpeg"}],"author":"Coordena\u00e7\u00e3o","twitter_card":"summary_large_image","twitter_creator":"@EstratConcursos","twitter_site":"@EstratConcursos","twitter_misc":{"Escrito por":"Coordena\u00e7\u00e3o","Est. tempo de leitura":"2 minutos"},"schema":{"@context":"https:\/\/schema.org","@graph":[{"@type":"NewsArticle","@id":"https:\/\/www.estrategiaconcursos.com.br\/blog\/edital-concurso-adaf\/#article","isPartOf":{"@id":"https:\/\/www.estrategiaconcursos.com.br\/blog\/edital-concurso-adaf\/"},"author":{"name":"Coordena\u00e7\u00e3o","@id":"https:\/\/www.estrategiaconcursos.com.br\/blog\/#\/schema\/person\/b4a388c97673c5f483d72185668afa1f"},"headline":"Concurso ADAF: inscri\u00e7\u00f5es para 208 vagas e inicial de at\u00e9 R$ 6 mil est\u00e3o encerradas","datePublished":"2018-10-09T06:00:04+00:00","dateModified":"2018-10-22T21:30:54+00:00","mainEntityOfPage":{"@id":"https:\/\/www.estrategiaconcursos.com.br\/blog\/edital-concurso-adaf\/"},"wordCount":492,"commentCount":5,"publisher":{"@id":"https:\/\/www.estrategiaconcursos.com.br\/blog\/#organization"},"image":{"@id":"https:\/\/www.estrategiaconcursos.com.br\/blog\/edital-concurso-adaf\/#primaryimage"},"thumbnailUrl":"https:\/\/dhg1h5j42swfq.cloudfront.net\/2018\/09\/05155442\/2-e1536173692335.jpg","articleSection":["Concursos P\u00fablicos"],"inLanguage":"pt-BR","potentialAction":[{"@type":"CommentAction","name":"Comment","target":["https:\/\/www.estrategiaconcursos.com.br\/blog\/edital-concurso-adaf\/#respond"]}],"copyrightYear":"2018","copyrightHolder":{"@id":"https:\/\/www.estrategiaconcursos.com.br\/blog\/#organization"}},{"@type":"WebPage","@id":"https:\/\/www.estrategiaconcursos.com.br\/blog\/edital-concurso-adaf\/","url":"https:\/\/www.estrategiaconcursos.com.br\/blog\/edital-concurso-adaf\/","name":"Concurso ADAF: inscri\u00e7\u00f5es para 208 vagas est\u00e3o encerradas","isPartOf":{"@id":"https:\/\/www.estrategiaconcursos.com.br\/blog\/#website"},"primaryImageOfPage":{"@id":"https:\/\/www.estrategiaconcursos.com.br\/blog\/edital-concurso-adaf\/#primaryimage"},"image":{"@id":"https:\/\/www.estrategiaconcursos.com.br\/blog\/edital-concurso-adaf\/#primaryimage"},"thumbnailUrl":"https:\/\/dhg1h5j42swfq.cloudfront.net\/2018\/09\/05155442\/2-e1536173692335.jpg","datePublished":"2018-10-09T06:00:04+00:00","dateModified":"2018-10-22T21:30:54+00:00","description":"Com inscri\u00e7\u00f5es encerradas, o edital do concurso ADAF oferta 208 vagas para todos os n\u00edveis. Remunera\u00e7\u00e3o inicial pode chegar at\u00e9 R$ 6mil. Provas em dezembro.","breadcrumb":{"@id":"https:\/\/www.estrategiaconcursos.com.br\/blog\/edital-concurso-adaf\/#breadcrumb"},"inLanguage":"pt-BR","potentialAction":[{"@type":"ReadAction","target":["https:\/\/www.estrategiaconcursos.com.br\/blog\/edital-concurso-adaf\/"]}]},{"@type":"ImageObject","inLanguage":"pt-BR","@id":"https:\/\/www.estrategiaconcursos.com.br\/blog\/edital-concurso-adaf\/#primaryimage","url":"https:\/\/dhg1h5j42swfq.cloudfront.net\/2018\/09\/05155442\/2-e1536173692335.jpg","contentUrl":"https:\/\/dhg1h5j42swfq.cloudfront.net\/2018\/09\/05155442\/2-e1536173692335.jpg","width":400,"height":209,"caption":"concurso adaf"},{"@type":"BreadcrumbList","@id":"https:\/\/www.estrategiaconcursos.com.br\/blog\/edital-concurso-adaf\/#breadcrumb","itemListElement":[{"@type":"ListItem","position":1,"name":"In\u00edcio","item":"https:\/\/www.estrategiaconcursos.com.br\/blog\/"},{"@type":"ListItem","position":2,"name":"Concurso ADAF: inscri\u00e7\u00f5es para 208 vagas e inicial de at\u00e9 R$ 6 mil est\u00e3o encerradas"}]},{"@type":"WebSite","@id":"https:\/\/www.estrategiaconcursos.com.br\/blog\/#website","url":"https:\/\/www.estrategiaconcursos.com.br\/blog\/","name":"Estrat\u00e9gia Concursos","description":"O blog da Estrat\u00e9gia Concursos traz not\u00edcias sobre concursos e artigos de professores oferecendo cursos para concursos (pdf + videaulas) no site.","publisher":{"@id":"https:\/\/www.estrategiaconcursos.com.br\/blog\/#organization"},"potentialAction":[{"@type":"SearchAction","target":{"@type":"EntryPoint","urlTemplate":"https:\/\/www.estrategiaconcursos.com.br\/blog\/?s={search_term_string}"},"query-input":{"@type":"PropertyValueSpecification","valueRequired":true,"valueName":"search_term_string"}}],"inLanguage":"pt-BR"},{"@type":"Organization","@id":"https:\/\/www.estrategiaconcursos.com.br\/blog\/#organization","name":"Estrat\u00e9gia Concursos","url":"https:\/\/www.estrategiaconcursos.com.br\/blog\/","logo":{"@type":"ImageObject","inLanguage":"pt-BR","@id":"https:\/\/www.estrategiaconcursos.com.br\/blog\/#\/schema\/logo\/image\/","url":"https:\/\/dhg1h5j42swfq.cloudfront.net\/2025\/06\/03203428\/logo_concursos-1.jpg","contentUrl":"https:\/\/dhg1h5j42swfq.cloudfront.net\/2025\/06\/03203428\/logo_concursos-1.jpg","width":230,"height":60,"caption":"Estrat\u00e9gia Concursos"},"image":{"@id":"https:\/\/www.estrategiaconcursos.com.br\/blog\/#\/schema\/logo\/image\/"},"sameAs":["https:\/\/x.com\/EstratConcursos"]},{"@type":"Person","@id":"https:\/\/www.estrategiaconcursos.com.br\/blog\/#\/schema\/person\/b4a388c97673c5f483d72185668afa1f","name":"Coordena\u00e7\u00e3o","image":{"@type":"ImageObject","inLanguage":"pt-BR","@id":"https:\/\/secure.gravatar.com\/avatar\/b720319e4c9a967eb58678d110f4fe35452fc5d5f97b202bac7b8acceb18c6ad?s=96&d=mm&r=g","url":"https:\/\/secure.gravatar.com\/avatar\/b720319e4c9a967eb58678d110f4fe35452fc5d5f97b202bac7b8acceb18c6ad?s=96&d=mm&r=g","contentUrl":"https:\/\/secure.gravatar.com\/avatar\/b720319e4c9a967eb58678d110f4fe35452fc5d5f97b202bac7b8acceb18c6ad?s=96&d=mm&r=g","caption":"Coordena\u00e7\u00e3o"},"sameAs":["https:\/\/www.facebook.com\/EstrategiaConcursos","https:\/\/x.com\/EstratConcursos"],"url":"https:\/\/www.estrategiaconcursos.com.br\/blog\/author\/estrategia2013\/"}]}},"_links":{"self":[{"href":"https:\/\/www.estrategiaconcursos.com.br\/blog\/wp-json\/wp\/v2\/posts\/139460","targetHints":{"allow":["GET"]}}],"collection":[{"href":"https:\/\/www.estrategiaconcursos.com.br\/blog\/wp-json\/wp\/v2\/posts"}],"about":[{"href":"https:\/\/www.estrategiaconcursos.com.br\/blog\/wp-json\/wp\/v2\/types\/post"}],"author":[{"embeddable":true,"href":"https:\/\/www.estrategiaconcursos.com.br\/blog\/wp-json\/wp\/v2\/users\/1"}],"replies":[{"embeddable":true,"href":"https:\/\/www.estrategiaconcursos.com.br\/blog\/wp-json\/wp\/v2\/comments?post=139460"}],"version-history":[{"count":14,"href":"https:\/\/www.estrategiaconcursos.com.br\/blog\/wp-json\/wp\/v2\/posts\/139460\/revisions"}],"predecessor-version":[{"id":148417,"href":"https:\/\/www.estrategiaconcursos.com.br\/blog\/wp-json\/wp\/v2\/posts\/139460\/revisions\/148417"}],"wp:featuredmedia":[{"embeddable":true,"href":"https:\/\/www.estrategiaconcursos.com.br\/blog\/wp-json\/wp\/v2\/media\/139467"}],"wp:attachment":[{"href":"https:\/\/www.estrategiaconcursos.com.br\/blog\/wp-json\/wp\/v2\/media?parent=139460"}],"wp:term":[{"taxonomy":"category","embeddable":true,"href":"https:\/\/www.estrategiaconcursos.com.br\/blog\/wp-json\/wp\/v2\/categories?post=139460"},{"taxonomy":"post_tag","embeddable":true,"href":"https:\/\/www.estrategiaconcursos.com.br\/blog\/wp-json\/wp\/v2\/tags?post=139460"},{"taxonomy":"tax_estado","embeddable":true,"href":"https:\/\/www.estrategiaconcursos.com.br\/blog\/wp-json\/wp\/v2\/tax_estado?post=139460"}],"curies":[{"name":"wp","href":"https:\/\/api.w.org\/{rel}","templated":true}]}}