{"id":139457,"date":"2026-04-27T07:28:00","date_gmt":"2026-04-27T10:28:00","guid":{"rendered":"https:\/\/www.estrategiaconcursos.com.br\/blog\/?p=139457"},"modified":"2026-04-27T13:56:07","modified_gmt":"2026-04-27T16:56:07","slug":"concurso-dpdf","status":"publish","type":"post","link":"https:\/\/www.estrategiaconcursos.com.br\/blog\/concurso-dpdf\/","title":{"rendered":"Concurso DPDF: edital at\u00e9 julho; iniciais at\u00e9 R$ 9 mil"},"content":{"rendered":"\n<p>A <a href=\"https:\/\/www.estrategiaconcursos.com.br\/cursosPorConcurso\/dpdf-defensoria-publica-do-distrito-federal-diversos-cargos\/\" target=\"_blank\" rel=\"noreferrer noopener\">Defensoria P\u00fablica do Distrito Federal<\/a> (DPDF) j\u00e1 definiu a banca organizadora do seu novo concurso!<\/p>\n\n\n\n<p>O <strong>Instituto Access<\/strong> ser\u00e1 o respons\u00e1vel pela sele\u00e7\u00e3o, que ofertar\u00e1 <strong>7 vagas<\/strong> imediatas para <strong>Analista<\/strong> (Direito e Legisla\u00e7\u00e3o, Contabilidade, Inform\u00e1tica &#8211; Banco de Dados, Inform\u00e1tica &#8211; Desenvolvimento de Sistemas e Inform\u00e1tica &#8211; Redes), al\u00e9m de cadastro de reserva.<\/p>\n\n\n\n<p>Segundo o Defensor P\u00fablico-Geral do DF, Celestino Chupel, o edital deve ser divulgado <a href=\"https:\/\/www.estrategiaconcursos.com.br\/blog\/concurso-dpdf-2026-defensor-publico-geral\/\">ainda no 1\u00ba semestre.<\/a><\/p>\n\n\n\n<p>Recentemente foi aprovado o <strong>PL n\u00ba 1.588\/2025<\/strong>, autorizando a cria\u00e7\u00e3o de mais <strong>250 cargos para Analista de Apoio \u00e0 Assist\u00eancia Judici\u00e1ria<\/strong>.<\/p>\n\n\n\n<ul class=\"wp-block-list has-very-light-gray-to-cyan-bluish-gray-gradient-background has-background\">\n<li><strong>Defensoria P\u00fablica do Distrito Federal<\/strong> &#8211;<strong> Analista de Apoio Assist\u00eancia Judici\u00e1ria <\/strong><\/li>\n\n\n\n<li><strong>Status<\/strong>: banca definida<\/li>\n\n\n\n<li><strong>Banca:<\/strong> Instituto Access<\/li>\n\n\n\n<li><strong>Vagas:<\/strong> 7 + CR <\/li>\n\n\n\n<li><strong>Sal\u00e1rio inicial:<\/strong> R$ 10.914,95 (inicial +gratifica\u00e7\u00e3o)<\/li>\n\n\n\n<li><strong>\u00daltimo edital:<\/strong> <a href=\"https:\/\/dhg1h5j42swfq.cloudfront.net\/2020\/07\/21160335\/ED_1_2020_DPDF_ANALISTA_ABERTURA.pdf\" target=\"_blank\" rel=\"noreferrer noopener nofollow\">DPDF 2020<\/a><\/li>\n<\/ul>\n\n\n\n<p>A \u00faltima sele\u00e7\u00e3o ofertou&nbsp;60 vagas&nbsp;imediatas mais cadastro de reserva para o cargo de&nbsp;Analista de Apoio \u00e0 Assist\u00eancia Judici\u00e1ria. O cargo exige n\u00edvel Superior em \u00e1reas espec\u00edficas.<\/p>\n\n\n\n<div class=\"container\" id=\"boxes\">\n  <div class=\"row\">\n\n    <div class=\"col-sm\">\n      <div class=\"banner-tribunal\" id=\"box-assinatura\">\n        <h2 class=\"titulo-assinatura\"><span style=\"color: #ffffff; font-size: 23px; \">Cursos para o Concurso DPDF<\/span><\/h2>\n        <p class=\"subtitulo-assinatura\">Conhe\u00e7a os cursos<\/p>\n        <div class=\"box-botao\">\n          <a class=\"btn-assinatura\" target=\"_blank\" href=\"https:\/\/www.estrategiaconcursos.com.br\/cursosPorConcurso\/dpdf-defensoria-publica-do-distrito-federal-diversos-cargos\/\" role=\"button\" rel=\"noopener noreferrer\">Conhe\u00e7a mais<\/a>\n        <\/div>\n      <\/div>\n      <p class=\"texto-auxiliar\">Prepare-se com o melhor material e com quem mais aprova em Concursos P\u00fablicos em todo o pa\u00eds.<\/p>\n    <\/div>\n\n  <\/div>\n<\/div>\n\n\n\n<p id=\"indice\"><strong>Esta e outras informa\u00e7\u00f5es completas voc\u00ea confere neste artigo! <\/strong><\/p>\n\n\n\n<ul class=\"wp-block-list\">\n<li><strong><a href=\"#atual\">Situa\u00e7\u00e3o Atual do concurso<\/a><\/strong><\/li>\n\n\n\n<li><a href=\"#carreira\"><strong>Carreira<\/strong><\/a>\n<ul class=\"wp-block-list\">\n<li><a href=\"#cargos-vagos\">Cargos vagos de Analista<\/a><\/li>\n\n\n\n<li><a href=\"#h-carreira-na-dpdf\">Sal\u00e1rios na DPDF<\/a><\/li>\n<\/ul>\n<\/li>\n\n\n\n<li><a href=\"#ultimo-concurso-dpdf\"><strong>\u00daltimo concurso<\/strong><\/a>\n<ul class=\"wp-block-list\">\n<li><a href=\"#validade\"><strong>Validade<\/strong><\/a><\/li>\n\n\n\n<li><a href=\"#resultado-final\"><strong>Resultado<\/strong>s<\/a><\/li>\n\n\n\n<li><strong><a href=\"https:\/\/www.estrategiaconcursos.com.br\/blog\/wp-admin\/post.php?post=139457&amp;action=edit#REQUISITOS\">Vagas e Requisitos<\/a><\/strong><\/li>\n\n\n\n<li><strong><a href=\"https:\/\/www.estrategiaconcursos.com.br\/blog\/wp-admin\/post.php?post=139457&amp;action=edit#SALARIO-CONCURSO-DPDF\">Sal\u00e1rios e Benef\u00edcios<\/a><\/strong><\/li>\n<\/ul>\n<\/li>\n\n\n\n<li><strong><a href=\"#etapas-concurso-dpdf\">Etapas de provas do concurso<\/a><\/strong>\n<ul class=\"wp-block-list\">\n<li><a href=\"#objetiva\"><strong>Prova Objetiva<\/strong><\/a><\/li>\n\n\n\n<li><a href=\"#prova-discursiva-dpdf\"><strong>Prova Discursiva<\/strong><\/a><\/li>\n\n\n\n<li><a href=\"#avaliacao-de-titulos\"><strong>Avalia\u00e7\u00e3o de T\u00edtulos<\/strong><\/a><\/li>\n\n\n\n<li><strong><a href=\"#disciplinas\">Mat\u00e9rias cobradas no edital<\/a><\/strong><\/li>\n<\/ul>\n<\/li>\n\n\n\n<li><strong><a href=\"#estrategico\">Edital Estrat\u00e9gico DPDF<\/a><\/strong><\/li>\n\n\n\n<li><strong><a href=\"#guia-de-estudos\">Guia de Estudos<\/a><\/strong><\/li>\n\n\n\n<li><strong><a href=\"#cursos-concurso-dpdf\">Cursos<\/a><\/strong><\/li>\n\n\n\n<li><strong><a href=\"#FICHA-TECNICA-CONCURSO-DPDF\">Ficha t\u00e9cnica<\/a><\/strong><\/li>\n<\/ul>\n\n\n\n<h2 class=\"wp-block-heading\" id=\"atual\">Concurso DPDF: situa\u00e7\u00e3o atual<\/h2>\n\n\n\n<p>Veja as informa\u00e7\u00f5es mais recentes sobre o Concurso DPDF:<\/p>\n\n\n\n<ul class=\"wp-block-list\">\n<li>27 de abril de 2026: <a href=\"https:\/\/www.estrategiaconcursos.com.br\/blog\/concurso-dpdf-comissao-formada\/\" target=\"_blank\" rel=\"noreferrer noopener\">comiss\u00e3o formada<\/a><\/li>\n\n\n\n<li>25 de mar\u00e7o de 2026:<a href=\"https:\/\/www.estrategiaconcursos.com.br\/blog\/concurso-dpdf-escolhidos-gestor-e-fiscal-do-contrato-com-a-banca\/\" target=\"_blank\" rel=\"noreferrer noopener\"> designados os servidores fiscais do contrato com a banca<\/a><\/li>\n\n\n\n<li>04 de mar\u00e7o de 2026:<a href=\"https:\/\/www.estrategiaconcursos.com.br\/blog\/concurso-dpdf-2026-banca-definida\/\" target=\"_blank\" rel=\"noreferrer noopener\"> banca definida<\/a><\/li>\n\n\n\n<li>11 de agosto de 2025: <a href=\"https:\/\/www.estrategiaconcursos.com.br\/blog\/concursos-df-ldo-2026\/\" target=\"_blank\" rel=\"noreferrer noopener\">previstas 250 vagas para a DPDF na LDO do DF<\/a> <\/li>\n<\/ul>\n\n\n\n<h2 class=\"wp-block-heading\" id=\"h-carreira-na-dpdf\">Carreira na DPDF<\/h2>\n\n\n\n<h3 class=\"wp-block-heading\" id=\"cargos-vagos\">Cargos vagos de Analista <\/h3>\n\n\n\n<p>De acordo com os dados disponibilizados no Portal da Transpar\u00eancia da DPDF (concurso DPDF), e consultados em abril de 2026, h\u00e1 <strong>15 vac\u00e2ncias do cargo dentro do \u00f3rg\u00e3o<\/strong>. Veja abaixo:<\/p>\n\n\n\n<figure class=\"wp-block-table is-style-stripes\"><table class=\"has-background has-fixed-layout\" style=\"background-color:#fcf0ef\"><tbody><tr><td class=\"has-text-align-center\" data-align=\"center\"><strong>Cargos Ocupados<\/strong><\/td><td class=\"has-text-align-center\" data-align=\"center\"><strong>Cargos Vagos<\/strong><\/td><td class=\"has-text-align-center\" data-align=\"center\"><strong>Total de cargos <\/strong><\/td><\/tr><tr><td class=\"has-text-align-center\" data-align=\"center\">286<\/td><td class=\"has-text-align-center\" data-align=\"center\">15<\/td><td class=\"has-text-align-center\" data-align=\"center\">301<\/td><\/tr><\/tbody><\/table><figcaption class=\"wp-element-caption\">Cargos vagos e ocupados na Defensoria P\u00fablica do DF<\/figcaption><\/figure>\n\n\n\n<h3 class=\"wp-block-heading\" id=\"SALARIO-CONCURSO-DPDF\">Remunera\u00e7\u00e3o<\/h3>\n\n\n\n<p>Confira abaixo a <a href=\"https:\/\/egesp.defensoria.df.gov.br\/site\/transparencia\/estrut_remu_servidores\">remunera\u00e7\u00e3o atual <\/a>do cargo:<\/p>\n\n\n\n<p><strong>Terceira Classe<\/strong><\/p>\n\n\n\n<figure class=\"wp-block-table is-style-stripes\"><table class=\"has-fixed-layout\"><tbody><tr><th>PADR\u00c3O<\/th><th class=\"has-text-align-center\" data-align=\"center\">VENCIMENTO B\u00c1SICO<\/th><th class=\"has-text-align-center\" data-align=\"center\">GADP (25%)<\/th><th>REMUNERA\u00c7\u00c3O<\/th><\/tr><tr><td>V<\/td><td class=\"has-text-align-center\" data-align=\"center\">9.176,80<\/td><td class=\"has-text-align-center\" data-align=\"center\">2.294,20<\/td><td>11.471,00<\/td><\/tr><tr><td>IV<\/td><td class=\"has-text-align-center\" data-align=\"center\">9.063,52<\/td><td class=\"has-text-align-center\" data-align=\"center\">2.265,88<\/td><td>11.329,40<\/td><\/tr><tr><td>III<\/td><td class=\"has-text-align-center\" data-align=\"center\">8.951,62<\/td><td class=\"has-text-align-center\" data-align=\"center\">2.237,90<\/td><td>11.189,52<\/td><\/tr><tr><td>II<\/td><td class=\"has-text-align-center\" data-align=\"center\">8.841,09<\/td><td class=\"has-text-align-center\" data-align=\"center\">2.210,27<\/td><td>11.051,36<\/td><\/tr><tr><td>I<\/td><td class=\"has-text-align-center\" data-align=\"center\">8.731,96<\/td><td class=\"has-text-align-center\" data-align=\"center\">2.182,99<\/td><td>10.914,95<\/td><\/tr><\/tbody><\/table><figcaption class=\"wp-element-caption\">Fonte: GDF<\/figcaption><\/figure>\n\n\n\n<p><strong>Segunda Classe<\/strong><\/p>\n\n\n\n<figure class=\"wp-block-table is-style-stripes\"><table class=\"has-fixed-layout\"><tbody><tr><th>PADR\u00c3O<\/th><th class=\"has-text-align-center\" data-align=\"center\">VENCIMENTO B\u00c1SICO<\/th><th class=\"has-text-align-center\" data-align=\"center\">GADP (25%)<\/th><th>REMUNERA\u00c7\u00c3O<\/th><\/tr><tr><td>V<\/td><td class=\"has-text-align-center\" data-align=\"center\">9.885,42<\/td><td class=\"has-text-align-center\" data-align=\"center\">2.471,35<\/td><td>12.356,77<\/td><\/tr><tr><td>IV<\/td><td class=\"has-text-align-center\" data-align=\"center\">9.763,39<\/td><td class=\"has-text-align-center\" data-align=\"center\">2.440,84<\/td><td>12.204,23<\/td><\/tr><tr><td>III<\/td><td class=\"has-text-align-center\" data-align=\"center\">9.642,85<\/td><td class=\"has-text-align-center\" data-align=\"center\">2.410,71<\/td><td>12.053,56<\/td><\/tr><tr><td>II<\/td><td class=\"has-text-align-center\" data-align=\"center\">9.523,78<\/td><td class=\"has-text-align-center\" data-align=\"center\">2.380,94<\/td><td>11.904,72<\/td><\/tr><tr><td>I<\/td><td class=\"has-text-align-center\" data-align=\"center\">9.406,21<\/td><td class=\"has-text-align-center\" data-align=\"center\">2.351,55<\/td><td>11.757,76<\/td><\/tr><\/tbody><\/table><figcaption class=\"wp-element-caption\">Fonte: GDF<\/figcaption><\/figure>\n\n\n\n<p><strong>Primeira Classe<\/strong><\/p>\n\n\n\n<figure class=\"wp-block-table is-style-stripes\"><table class=\"has-fixed-layout\"><tbody><tr><th>PADR\u00c3O<\/th><th class=\"has-text-align-center\" data-align=\"center\">VENCIMENTO B\u00c1SICO<\/th><th class=\"has-text-align-center\" data-align=\"center\">GADP (25%)<\/th><th>REMUNERA\u00c7\u00c3O<\/th><\/tr><tr><td>V<\/td><td class=\"has-text-align-center\" data-align=\"center\">10.648,76<\/td><td class=\"has-text-align-center\" data-align=\"center\">2.662,19<\/td><td>13.310,95<\/td><\/tr><tr><td>IV<\/td><td class=\"has-text-align-center\" data-align=\"center\">10.517,31<\/td><td class=\"has-text-align-center\" data-align=\"center\">2.629,32<\/td><td>13.146,63<\/td><\/tr><tr><td>III<\/td><td class=\"has-text-align-center\" data-align=\"center\">10.387,47<\/td><td class=\"has-text-align-center\" data-align=\"center\">2.596,86<\/td><td>12.984,33<\/td><\/tr><tr><td>II<\/td><td class=\"has-text-align-center\" data-align=\"center\">10.259,22<\/td><td class=\"has-text-align-center\" data-align=\"center\">2.564,80<\/td><td>12.824,02<\/td><\/tr><tr><td>I<\/td><td class=\"has-text-align-center\" data-align=\"center\">10.132,56<\/td><td class=\"has-text-align-center\" data-align=\"center\">2.533,14<\/td><td>12.665,70<\/td><\/tr><\/tbody><\/table><figcaption class=\"wp-element-caption\">Fonte: GDF<\/figcaption><\/figure>\n\n\n\n<p><strong>Classe Especial<\/strong><\/p>\n\n\n\n<figure class=\"wp-block-table is-style-stripes\"><table class=\"has-fixed-layout\"><tbody><tr><th>PADR\u00c3O<\/th><th class=\"has-text-align-center\" data-align=\"center\">VENCIMENTO B\u00c1SICO<\/th><th class=\"has-text-align-center\" data-align=\"center\">GADP (25%)<\/th><th>REMUNERA\u00c7\u00c3O<\/th><\/tr><tr><td>V<\/td><td class=\"has-text-align-center\" data-align=\"center\">11.471,05<\/td><td class=\"has-text-align-center\" data-align=\"center\">2.867,76<\/td><td>14.338,81<\/td><\/tr><tr><td>IV<\/td><td class=\"has-text-align-center\" data-align=\"center\">11.329,44<\/td><td class=\"has-text-align-center\" data-align=\"center\">2.832,36<\/td><td>14.161,80<\/td><\/tr><tr><td>III<\/td><td class=\"has-text-align-center\" data-align=\"center\">11.189,57<\/td><td class=\"has-text-align-center\" data-align=\"center\">2.797,39<\/td><td>13.986,96<\/td><\/tr><tr><td>II<\/td><td class=\"has-text-align-center\" data-align=\"center\">11.051,43<\/td><td class=\"has-text-align-center\" data-align=\"center\">2.762,85<\/td><td>13.814,28<\/td><\/tr><tr><td>I<\/td><td class=\"has-text-align-center\" data-align=\"center\">10.914,97<\/td><td class=\"has-text-align-center\" data-align=\"center\">2.728,74<\/td><td>13.643,71<\/td><\/tr><\/tbody><\/table><figcaption class=\"wp-element-caption\">Fonte: GDF<\/figcaption><\/figure>\n\n\n\n<h3 class=\"wp-block-heading\" id=\"concurso-dpdf-beneficios\">Benef\u00edcios<\/h3>\n\n\n\n<p><strong>13\u00ba SAL\u00c1RIO:<\/strong> o d\u00e9cimo terceiro sal\u00e1rio \u00e9 pago no m\u00eas de anivers\u00e1rio do servidor ocupante de cargo de provimento efetivo, inclu\u00eddo o requisitado da administra\u00e7\u00e3o direta, aut\u00e1rquica ou fundacional de qualquer Poder do Distrito Federal, da Uni\u00e3o, de Estado ou Munic\u00edpio, no m\u00eas do seu anivers\u00e1rio, na propor\u00e7\u00e3o de 1\/12 (um doze avos) por m\u00eas de exerc\u00edcio, gerando diferen\u00e7a no m\u00eas de dezembro nos casos de varia\u00e7\u00e3o de remunera\u00e7\u00e3o ou no caso de exerc\u00edcio ap\u00f3s o m\u00eas de anivers\u00e1rio. No primeiro ano de trabalho ser\u00e1 considerada a proporcionalidade do pagamento, mesmo que este ocorra no ano subsequente<\/p>\n\n\n\n<p><strong>Adicional por tempo de Servi\u00e7o &#8211; ATS (anu\u00eanio):<\/strong> equivalente a 1% (um por cento), para cada ano de efetivo exerc\u00edcio, conforme o art. 88 &#8211; LC n\u00ba 840\/2011<\/p>\n\n\n\n<p><strong>Adicional por Servi\u00e7o Extraordin\u00e1rio (horas extras):<\/strong> acr\u00e9scimo de 50% (cinquenta por cento) no valor da hora contratual, conforme determina o art. 84 &#8211; LC n\u00ba 840\/2011<\/p>\n\n\n\n<p><strong>Aux\u00edlio Alimenta\u00e7\u00e3o:<\/strong> institu\u00eddo pela LC n\u00ba 840\/2011, no valor atual R$ 394,50.<\/p>\n\n\n\n<p><strong>Aux\u00edlio Transporte (Vale Transporte):<\/strong> conforme art. 107 a 110 da LC n\u00ba 840\/2011, com custeio (desconto) de 6% (seis por cento) sobre o vencimento e altera\u00e7\u00f5es conforme a Portaria n\u00b0 124 de 23 de mar\u00e7o de 2018 &#8211; SEPLAG<\/p>\n\n\n\n<p><strong>Aux\u00edlio Natalidade:<\/strong> benef\u00edcio devido \u00e0 servidora por motivo de nascimento de filho, inclusive no caso de natimorto, ou ao c\u00f4njuge ou companheiro servidor p\u00fablico, quando a parturiente n\u00e3o for servidora p\u00fablica distrital, em valor equivalente ao menor vencimento do servi\u00e7o p\u00fablico do Distrito Federal, Art. 96 &#8211; LC n\u00ba 840\/2011<\/p>\n\n\n\n<p><strong>Aux\u00edlio Funeral:<\/strong> disposto nos artigos 97 a 99 &#8211; LC n\u00ba 840\/2011, devido \u00e0 fam\u00edlia do servidor falecido ou a terceiro se tiver custeado o funeral, em valor equivalente a \u00faltima remunera\u00e7\u00e3o ou provento<\/p>\n\n\n\n<p><strong>Aux\u00edlio Creche:<\/strong> institu\u00eddo pela Lei n\u00ba 792\/1994 e regulamentado pelo Decreto n\u00ba 16.409\/1995, o referido benef\u00edcio \u00e9 destinado aos dependentes dos servidores que se encontrem na faixa et\u00e1ria de 0 (zero) a 6 (seis) anos, no valor de R$ 95,00 (noventa e cinco reais) por filho. A cota-parte do servidor ser\u00e1 de 5% (cinco por cento) a 25% (vinte e cinco por cento) e proporcional ao n\u00edvel de remunera\u00e7\u00e3o. De acordo com a Portaria n\u00b0. 63, de 11 de mar\u00e7o de 2016, o benef\u00edcio em quest\u00e3o n\u00e3o ser\u00e1 concedido: I- cumulativamente ao servidor que exer\u00e7a mais de um cargo na Administra\u00e7\u00e3o P\u00fablica; II &#8211; simultaneamente ao servidor e c\u00f4njuge, ou companheiro(a), e; III &#8211; cumulativamente ao servidor que tenha o dependente assistido em creche ou pr\u00e9-escola ou mantida pelo poder p\u00fablico<\/p>\n\n\n\n<p><strong>F\u00e9rias:<\/strong> O servidor ocupante de cargo efetivo ou em comiss\u00e3o faz jus a 30 dias de f\u00e9rias, consecutivas ou parceladas, ap\u00f3s doze meses de efetivo exerc\u00edcio. As f\u00e9rias poder\u00e3o ser gozadas em at\u00e9 3 (tr\u00eas) per\u00edodos, nenhum inferior a 10 dias, a crit\u00e9rio da Administra\u00e7\u00e3o. Por ocasi\u00e3o das f\u00e9rias, ser\u00e1 pago ao servidor:<\/p>\n\n\n\n<p>\u2713 O adicional de f\u00e9rias (obrigat\u00f3rio), que corresponde a 1\/3  da remunera\u00e7\u00e3o do m\u00eas em que as f\u00e9rias forem iniciadas.<\/p>\n\n\n\n<p>\u2713 O abono pecuni\u00e1rio, se deferido, ap\u00f3s op\u00e7\u00e3o de recebimento.<\/p>\n\n\n\n<p><strong>Abono de ponto:<\/strong> em conformidade com o art. 151, LC n\u00ba 840\/2011, ter\u00e1 direito a 5 (cinco) abonos de ponto anuais, concedidos ao servidor que n\u00e3o tenha tido faltas no per\u00edodo anterior, compreendido entre 1\u00ba de janeiro e 31 de dezembro. Ocorrendo a investidura ap\u00f3s 1\u00ba de janeiro do per\u00edodo aquisitivo, o servidor faz jus a um dia de abono de ponto por bimestre de efetivo exerc\u00edcio, at\u00e9 o limite de cinco dias<\/p>\n\n\n\n<p><strong>Licen\u00e7a pr\u00eamio por assiduidade: <\/strong>disposto nos art. 139 a 143, LC n\u00ba 840\/2011. Corresponde a 3 (tr\u00eas) meses para cada quinqu\u00eanio (cinco anos) de efetivo exerc\u00edcio.<\/p>\n\n\n\n<h2 class=\"wp-block-heading\" id=\"ultimo-concurso-dpdf\">\u00daltimo concurso DPDF &#8211; 2020<\/h2>\n\n\n\n<p>A \u00faltima sele\u00e7\u00e3o ofertou&nbsp;<strong>60 vagas&nbsp;imediatas mais cadastro de reserva<\/strong> para o cargo de&nbsp;Analista de Apoio \u00e0 Assist\u00eancia Judici\u00e1ria. O cargo exige n\u00edvel Superior em \u00e1reas espec\u00edficas e foi coordenado pelo Cebraspe.<\/p>\n\n\n\n<h3 class=\"wp-block-heading\" id=\"validade\">Validade prorrogada<\/h3>\n\n\n\n<p>A \u200cDefensoria P\u00fablica do Distrito Federal (DPDF) prorrogou o prazo de validade do concurso de Analista de Apoio \u00e0 Assist\u00eancia Judici\u00e1ria. A medida foi publicada no Di\u00e1rio Oficial do Distrito Federal (DODF) do dia 31 de julho de 2024. O certame tem validade por mais dois anos, ficando v\u00e1lido at\u00e9 agosto de 2026.<\/p>\n\n\n\n<h3 class=\"wp-block-heading\" id=\"h-nomeacoes-previstas\">Nomea\u00e7\u00f5es previstas<\/h3>\n\n\n\n<p>No dia 10 de julho de 2023 foi divulgado o texto da Lei de Diretrizes Or\u00e7ament\u00e1rias de 2024 com a previs\u00e3o de 500 nomea\u00e7\u00f5es na DPDF. Veja detalhes na imagem abaixo:<\/p>\n\n\n\n<figure class=\"wp-block-image size-large\"><img loading=\"lazy\" decoding=\"async\" width=\"1024\" height=\"91\" src=\"https:\/\/dhg1h5j42swfq.cloudfront.net\/2023\/07\/10173111\/ldo-df-2024-concurso-dpdf-criacao-de-cargos-1024x91.png\" alt=\"Nomea\u00e7\u00f5es previstas do Concurso DPDF 2022\" class=\"wp-image-1246234\" srcset=\"https:\/\/dhg1h5j42swfq.cloudfront.net\/2023\/07\/10173111\/ldo-df-2024-concurso-dpdf-criacao-de-cargos-1024x91.png 1024w, https:\/\/dhg1h5j42swfq.cloudfront.net\/2023\/07\/10173111\/ldo-df-2024-concurso-dpdf-criacao-de-cargos-300x27.png 300w, https:\/\/dhg1h5j42swfq.cloudfront.net\/2023\/07\/10173111\/ldo-df-2024-concurso-dpdf-criacao-de-cargos-768x69.png 768w, https:\/\/dhg1h5j42swfq.cloudfront.net\/2023\/07\/10173111\/ldo-df-2024-concurso-dpdf-criacao-de-cargos-1536x137.png 1536w, https:\/\/dhg1h5j42swfq.cloudfront.net\/2023\/07\/10173111\/ldo-df-2024-concurso-dpdf-criacao-de-cargos-610x54.png 610w, https:\/\/dhg1h5j42swfq.cloudfront.net\/2023\/07\/10173111\/ldo-df-2024-concurso-dpdf-criacao-de-cargos-150x13.png 150w, https:\/\/dhg1h5j42swfq.cloudfront.net\/2023\/07\/10173111\/ldo-df-2024-concurso-dpdf-criacao-de-cargos.png 1680w\" sizes=\"auto, (max-width: 1024px) 100vw, 1024px\" \/><\/figure>\n\n\n\n<h3 class=\"wp-block-heading\" id=\"resultado-final\">Resultados<\/h3>\n\n\n\n<p>Foi publicado no Di\u00e1rio Oficial do Distrito Federal do dia 04 de agosto de 2022 o resultado final do concurso p\u00fablico da DPDF. Veja:<\/p>\n\n\n\n<p class=\"has-text-align-center has-very-light-gray-to-cyan-bluish-gray-gradient-background has-background\"><a href=\"https:\/\/dhg1h5j42swfq.cloudfront.net\/2022\/08\/04084705\/dpdf.pdf\" target=\"_blank\" rel=\"noreferrer noopener nofollow\">Resultado final do concurso DPDF Analista<\/a><\/p>\n\n\n\n<p class=\"has-text-align-center has-very-light-gray-to-cyan-bluish-gray-gradient-background has-background has-medium-font-size\"><a href=\"https:\/\/dhg1h5j42swfq.cloudfront.net\/2022\/04\/28065447\/dpdf-28-04.pdf\" target=\"_blank\" rel=\"noreferrer noopener nofollow\">Resultado final da prova objetiva DPDF<\/a><\/p>\n\n\n\n<h3 class=\"wp-block-heading\" id=\"REQUISITOS\">Vagas e requisitos do cargo de Analista<\/h3>\n\n\n\n<p>Para concorrer ao cargo de Analista de Apoio \u00e0 Assist\u00eancia Judici\u00e1rio, no concurso DPDF, o candidato dever\u00e1 portar diploma, devidamente registrado, de conclus\u00e3o de curso de gradua\u00e7\u00e3o de n\u00edvel superior em uma das 12 \u00e1reas espec\u00edficas ofertadas:<\/p>\n\n\n\n<figure class=\"wp-block-table is-style-stripes\"><table class=\"has-background\" style=\"background-color:#e7f5fe\"><tbody><tr><td class=\"has-text-align-center\" data-align=\"center\"><strong>Cargo\/\u00c1rea\/Especialidade<\/strong><\/td><td class=\"has-text-align-center\" data-align=\"center\"><strong>AC<\/strong><\/td><td class=\"has-text-align-center\" data-align=\"center\"><strong>PcD<\/strong><\/td><td class=\"has-text-align-center\" data-align=\"center\"><strong>Negros<\/strong><\/td><\/tr><tr><td class=\"has-text-align-center\" data-align=\"center\">Cargo 1: Analista de Apoio \u00e0 Assist\u00eancia Judici\u00e1ria \u2013 \u00c1rea: Direito e Legisla\u00e7\u00e3o<\/td><td class=\"has-text-align-center\" data-align=\"center\">18<\/td><td class=\"has-text-align-center\" data-align=\"center\">6<\/td><td class=\"has-text-align-center\" data-align=\"center\">6<\/td><\/tr><tr><td class=\"has-text-align-center\" data-align=\"center\">Cargo 2: Analista de Apoio \u00e0 Assist\u00eancia Judici\u00e1ria \u2013 \u00c1rea: Apoio Especializado \u2013 Especialidade: Administra\u00e7\u00e3o<\/td><td class=\"has-text-align-center\" data-align=\"center\">5<\/td><td class=\"has-text-align-center\" data-align=\"center\">1<\/td><td class=\"has-text-align-center\" data-align=\"center\">2<\/td><\/tr><tr><td class=\"has-text-align-center\" data-align=\"center\">Cargo 3: Analista de Apoio \u00e0 Assist\u00eancia Judici\u00e1ria \u2013 \u00c1rea: Apoio Especializado \u2013 Especialidade: Arquivologia<\/td><td class=\"has-text-align-center\" data-align=\"center\">1<\/td><td class=\"has-text-align-center\" data-align=\"center\">*<\/td><td class=\"has-text-align-center\" data-align=\"center\">*<\/td><\/tr><tr><td class=\"has-text-align-center\" data-align=\"center\">Cargo 4: Analista de Apoio \u00e0 Assist\u00eancia Judici\u00e1ria \u2013 \u00c1rea: Apoio Especializado \u2013 Especialidade: Arquitetura<\/td><td class=\"has-text-align-center\" data-align=\"center\">1<\/td><td class=\"has-text-align-center\" data-align=\"center\">1<\/td><td class=\"has-text-align-center\" data-align=\"center\">*<\/td><\/tr><tr><td class=\"has-text-align-center\" data-align=\"center\">Cargo 5: Analista de Apoio \u00e0 Assist\u00eancia Judici\u00e1ria \u2013 \u00c1rea: Apoio Especializado \u2013 Especialidade: Comunica\u00e7\u00e3o Social \u2013 Jornalismo<\/td><td class=\"has-text-align-center\" data-align=\"center\">1<\/td><td class=\"has-text-align-center\" data-align=\"center\">*<\/td><td class=\"has-text-align-center\" data-align=\"center\">*<\/td><\/tr><tr><td class=\"has-text-align-center\" data-align=\"center\">Cargo 6: Analista de Apoio \u00e0 Assist\u00eancia Judici\u00e1ria \u2013 \u00c1rea: Apoio Especializado \u2013 Especialidade: Contabilidade<\/td><td class=\"has-text-align-center\" data-align=\"center\">3<\/td><td class=\"has-text-align-center\" data-align=\"center\">1<\/td><td class=\"has-text-align-center\" data-align=\"center\">1<\/td><\/tr><tr><td class=\"has-text-align-center\" data-align=\"center\">Cargo 7: Analista de Apoio \u00e0 Assist\u00eancia Judici\u00e1ria \u2013 \u00c1rea: Apoio Especializado \u2013 Especialidade: Economia<\/td><td class=\"has-text-align-center\" data-align=\"center\">1<\/td><td class=\"has-text-align-center\" data-align=\"center\">*<\/td><td class=\"has-text-align-center\" data-align=\"center\">*<\/td><\/tr><tr><td class=\"has-text-align-center\" data-align=\"center\">Cargo 8: Analista de Apoio \u00e0 Assist\u00eancia Judici\u00e1ria \u2013 \u00c1rea: Apoio Especializado \u2013 Especialidade: Engenharia Civil<\/td><td class=\"has-text-align-center\" data-align=\"center\">1<\/td><td class=\"has-text-align-center\" data-align=\"center\">1<\/td><td class=\"has-text-align-center\" data-align=\"center\">*<\/td><\/tr><tr><td class=\"has-text-align-center\" data-align=\"center\">Cargo 9: Analista de Apoio \u00e0 Assist\u00eancia Judici\u00e1ria \u2013 \u00c1rea: Apoio Especializado \u2013 Especialidade: Inform\u00e1tica \u2013 Banco de Dados<\/td><td class=\"has-text-align-center\" data-align=\"center\">1<\/td><td class=\"has-text-align-center\" data-align=\"center\">*<\/td><td class=\"has-text-align-center\" data-align=\"center\">*<\/td><\/tr><tr><td class=\"has-text-align-center\" data-align=\"center\">Cargo 10: Analista de Apoio \u00e0 Assist\u00eancia Judici\u00e1ria \u2013 \u00c1rea: Apoio Especializado \u2013 Especialidade: Inform\u00e1tica \u2013 Desenvolvimento de Sistemas<\/td><td class=\"has-text-align-center\" data-align=\"center\">1<\/td><td class=\"has-text-align-center\" data-align=\"center\">1<\/td><td class=\"has-text-align-center\" data-align=\"center\">*<\/td><\/tr><tr><td class=\"has-text-align-center\" data-align=\"center\">Cargo 11: Analista de Apoio \u00e0 Assist\u00eancia Judici\u00e1ria \u2013 \u00c1rea: Apoio Especializado \u2013 Especialidade: Inform\u00e1tica \u2013 Redes<\/td><td class=\"has-text-align-center\" data-align=\"center\">1<\/td><td class=\"has-text-align-center\" data-align=\"center\">1<\/td><td class=\"has-text-align-center\" data-align=\"center\">1<\/td><\/tr><tr><td class=\"has-text-align-center\" data-align=\"center\">Cargo 12: Analista de Apoio \u00e0 Assist\u00eancia Judici\u00e1ria \u2013 \u00c1rea: Apoio Especializado \u2013 Especialidade: Psicologia<\/td><td class=\"has-text-align-center\" data-align=\"center\">1<\/td><td class=\"has-text-align-center\" data-align=\"center\">1<\/td><td class=\"has-text-align-center\" data-align=\"center\">*<\/td><\/tr><tr><td class=\"has-text-align-center\" data-align=\"center\">Cargo 13: Analista de Apoio \u00e0 Assist\u00eancia Judici\u00e1ria \u2013 \u00c1rea: Apoio Especializado \u2013 Especialidade: Servi\u00e7o Social<\/td><td class=\"has-text-align-center\" data-align=\"center\">1<\/td><td class=\"has-text-align-center\" data-align=\"center\">1<\/td><td class=\"has-text-align-center\" data-align=\"center\">*<\/td><\/tr><\/tbody><\/table><figcaption class=\"wp-element-caption\">Quadro de vagas<\/figcaption><\/figure>\n\n\n\n<h3 class=\"wp-block-heading\" id=\"concurso-dpdf-beneficios\">Concurso DPDF: etapas de provas<\/h3>\n\n\n\n<p>O certame da Defensoria P\u00fablica do DF contou com as seguintes etapas:<\/p>\n\n\n\n<ul class=\"wp-block-list\">\n<li><strong>Prova objetiva<\/strong>: car\u00e1ter eliminat\u00f3rio e classificat\u00f3rio;<\/li>\n\n\n\n<li><strong>Prova dissertativa<\/strong>: car\u00e1ter eliminat\u00f3rio e classificat\u00f3rio.<\/li>\n\n\n\n<li><strong>Avalia\u00e7\u00e3o de t\u00edtulos<\/strong>, de car\u00e1ter classificat\u00f3rio.<\/li>\n<\/ul>\n\n\n\n<h3 class=\"wp-block-heading\" id=\"objetiva\">Prova Objetiva<\/h3>\n\n\n\n<p>A prova objetiva foi composta por&nbsp;<strong>120 itens<\/strong>&nbsp;para julgamento como \u201ccerto\u201d ou \u201cerrado\u201d, e teve dura\u00e7\u00e3o de 3h30<strong>:<\/strong><\/p>\n\n\n\n<figure class=\"wp-block-table is-style-stripes\"><table class=\"has-background\" style=\"background-color:#e9fbe5\"><tbody><tr><td class=\"has-text-align-center\" data-align=\"center\"><strong>\u00c1rea<\/strong><\/td><td class=\"has-text-align-center\" data-align=\"center\"><strong>Itens<\/strong><\/td><\/tr><tr><td class=\"has-text-align-center\" data-align=\"center\">Conhecimentos b\u00e1sicos<\/td><td class=\"has-text-align-center\" data-align=\"center\">50<\/td><\/tr><tr><td class=\"has-text-align-center\" data-align=\"center\">Conhecimentos especializados<\/td><td class=\"has-text-align-center\" data-align=\"center\">70<\/td><\/tr><\/tbody><\/table><figcaption class=\"wp-element-caption\">Detalhes da prova objetiva<\/figcaption><\/figure>\n\n\n\n<h3 class=\"wp-block-heading\" id=\"notas-minimas\">Notas m\u00ednimas<\/h3>\n\n\n\n<ul class=\"wp-block-list\">\n<li><strong>Conhecimentos b\u00e1sicos<\/strong>: 10,00\n<ul class=\"wp-block-list\">\n<li>L\u00edngua Portuguesa<\/li>\n\n\n\n<li>Conhecimentos sobre o Distrito Federal<\/li>\n\n\n\n<li>Legisla\u00e7\u00e3o<\/li>\n<\/ul>\n<\/li>\n\n\n\n<li><strong>Conhecimentos espec\u00edficos<\/strong> <strong>de cada \u00e1rea: <\/strong>21,00<\/li>\n\n\n\n<li><strong>Total da prova<\/strong>: m\u00ednimo de 36,00<\/li>\n<\/ul>\n\n\n\n<h3 class=\"wp-block-heading\" id=\"prova-discursiva-dpdf\">Prova Discursiva <\/h3>\n\n\n\n<p>A prova discursiva foi aplicada no mesmo dia da prova objetiva, no turno da tarde, e valeu 50,00 pontos. Ser\u00e1 necess\u00e1rio:<\/p>\n\n\n\n<ul class=\"wp-block-list\">\n<li>uma disserta\u00e7\u00e3o acerca de tema de atualidade, a ser respondida em at\u00e9 30 linhas, com o valor de 20,00 pontos; e<\/li>\n\n\n\n<li>tr\u00eas quest\u00f5es a respeito dos objetos de avalia\u00e7\u00e3o de conhecimentos especializados de cada cargo\/\u00e1rea\/especialidade, a serem respondidas em at\u00e9 20 linhas cada, com o valor de 10,00 pontos cada \u2013 totalizando 30,00 pontos<\/li>\n<\/ul>\n\n\n\n<h3 class=\"wp-block-heading\" id=\"h-notas-minimas\">Notas m\u00ednimas<\/h3>\n\n\n\n<ul class=\"wp-block-list\">\n<li><strong>Disserta\u00e7\u00e3o<\/strong>: 10 pontos<\/li>\n\n\n\n<li><strong>Quest\u00f5es<\/strong>: 20 pontos.<\/li>\n<\/ul>\n\n\n\n<h3 class=\"wp-block-heading\" id=\"avaliacao-de-titulos\">Avalia\u00e7\u00e3o de T\u00edtulos<\/h3>\n\n\n\n<p>Foram convocados para a avalia\u00e7\u00e3o de t\u00edtulos todos os candidatos aprovados na prova discursiva.<\/p>\n\n\n\n<p>A avalia\u00e7\u00e3o de t\u00edtulos valeu 10,00 pontos, ainda que a soma dos valores dos t\u00edtulos apresentados fosse superior a esse valor.<\/p>\n\n\n\n<p>Somente foram aceitos os t\u00edtulos abaixo relacionados, expedidos at\u00e9 a data do envio, observados os limites de pontos do quadro a seguir:<\/p>\n\n\n\n<figure class=\"wp-block-table is-style-stripes\"><table><tbody><tr><td class=\"has-text-align-center\" data-align=\"center\"><strong>T\u00cdTULO<\/strong><\/td><td class=\"has-text-align-center\" data-align=\"center\"><strong>VALOR UNIT\u00c1RIO<\/strong><\/td><td class=\"has-text-align-center\" data-align=\"center\"><strong>VALOR M\u00c1XIMO<\/strong><\/td><\/tr><tr><td class=\"has-text-align-center\" data-align=\"center\">Diploma de curso de p\u00f3s-gradua\u00e7\u00e3o em n\u00edvel de doutorado (t\u00edtulo de doutor) na \u00e1rea\/especialidade a que concorre. Tamb\u00e9m ser\u00e1 aceito certificado\/declara\u00e7\u00e3o de conclus\u00e3o de curso de Doutorado na \u00e1rea\/especialidade a que concorre, desde que acompanhado de hist\u00f3rico escolar.<\/td><td class=\"has-text-align-center\" data-align=\"center\">2,50<\/td><td class=\"has-text-align-center\" data-align=\"center\">2,50<\/td><\/tr><tr><td class=\"has-text-align-center\" data-align=\"center\">Diploma de curso de p\u00f3s-gradua\u00e7\u00e3o em n\u00edvel de mestrado (t\u00edtulo de mestre) na \u00e1rea\/especialidade a que concorre. Tamb\u00e9m ser\u00e1 aceito certificado\/declara\u00e7\u00e3o de conclus\u00e3o de curso de Mestrado na \u00e1rea\/especialidade a que concorre, desde que acompanhado de hist\u00f3rico escolar.<\/td><td class=\"has-text-align-center\" data-align=\"center\">1,50<\/td><td class=\"has-text-align-center\" data-align=\"center\">1,50<\/td><\/tr><tr><td class=\"has-text-align-center\" data-align=\"center\">Certificado de curso de p\u00f3s-gradua\u00e7\u00e3o em n\u00edvel de especializa\u00e7\u00e3o, com carga hor\u00e1ria m\u00ednima de 360 h\/a na \u00e1rea\/especialidade a que concorre. Tamb\u00e9m ser\u00e1 aceita a declara\u00e7\u00e3o de conclus\u00e3o de p\u00f3s-gradua\u00e7\u00e3o em n\u00edvel de especializa\u00e7\u00e3o na \u00e1rea\/especialidade a que concorre, desde que acompanhada de hist\u00f3rico escolar.<\/td><td class=\"has-text-align-center\" data-align=\"center\">0,60<\/td><td class=\"has-text-align-center\" data-align=\"center\">1,20<\/td><\/tr><tr><td class=\"has-text-align-center\" data-align=\"center\">Aprova\u00e7\u00e3o em concurso p\u00fablico na Administra\u00e7\u00e3o P\u00fablica ou na iniciativa privada, para empregos\/cargos na \u00e1rea\/especialidade a que concorre, desde que n\u00e3o tenha sido utilizada na pontua\u00e7\u00e3o prevista na al\u00ednea E.<\/td><td class=\"has-text-align-center\" data-align=\"center\">0,30<\/td><td class=\"has-text-align-center\" data-align=\"center\">0,60<\/td><\/tr><tr><td class=\"has-text-align-center\" data-align=\"center\">Exerc\u00edcio de atividade aut\u00f4noma e(ou) profissional de n\u00edvel superior na Administra\u00e7\u00e3o P\u00fablica ou na iniciativa privada, em empregos\/cargos\/fun\u00e7\u00f5es na \u00e1rea\/especialidade a que concorre.<\/td><td class=\"has-text-align-center\" data-align=\"center\">0,60 p\/ano completo, sem sobreposi\u00e7\u00e3o de tempo<\/td><td class=\"has-text-align-center\" data-align=\"center\">4,20<\/td><\/tr><tr><td class=\"has-text-align-center\" data-align=\"center\"><strong>TOTAL M\u00c1XIMO DE PONTOS<\/strong><\/td><td class=\"has-text-align-center\" data-align=\"center\">&nbsp;<\/td><td class=\"has-text-align-center\" data-align=\"center\"><strong>10,00<\/strong><\/td><\/tr><\/tbody><\/table><figcaption class=\"wp-element-caption\">Avalia\u00e7\u00e3o de t\u00edtulos DPDF<\/figcaption><\/figure>\n\n\n\n<h3 class=\"wp-block-heading\" id=\"disciplinas\">Mat\u00e9rias cobradas<\/h3>\n\n\n\n<p><strong>Conhecimentos b\u00e1sicos (todos os cargos)<\/strong><\/p>\n\n\n\n<ul class=\"wp-block-list\">\n<li>L\u00edngua Portuguesa<\/li>\n\n\n\n<li>Conhecimentos sobre o DF<\/li>\n\n\n\n<li>Legisla\u00e7\u00e3o<\/li>\n<\/ul>\n\n\n\n<p><strong>Conhecimentos especializados: Analista DPDF &#8211; Direito e Legisla\u00e7\u00e3o<\/strong><\/p>\n\n\n\n<ul class=\"wp-block-list\">\n<li>Direito Administrativo<\/li>\n\n\n\n<li>Direito Constitucional<\/li>\n\n\n\n<li>Criminologia<\/li>\n\n\n\n<li>Direito Processual Penal<\/li>\n\n\n\n<li>Direito Civil<\/li>\n\n\n\n<li>Direito Processual Civil<\/li>\n\n\n\n<li>Direito da Crian\u00e7a e do Adolescente<\/li>\n\n\n\n<li>Direito do Consumidor<\/li>\n\n\n\n<li>Direitos Difusos e Coletivos<\/li>\n\n\n\n<li>Direitos Humanos<\/li>\n\n\n\n<li>Hist\u00f3ria, organiza\u00e7\u00e3o, princ\u00edpios e normas institucionais da DPDF<\/li>\n\n\n\n<li><em>Direito Penal \u2013 Lei n\u00ba 13.869\/2019 e suas altera\u00e7\u00f5es; Leis n\u00ba 6.766\/1979 e suas altera\u00e7\u00f5es e n\u00ba 13.913\/2019.<\/em><\/li>\n<\/ul>\n\n\n\n<p><strong>Conhecimentos especializados: Analista DPDF &#8211; Administra\u00e7\u00e3o<\/strong><\/p>\n\n\n\n<ul class=\"wp-block-list\">\n<li>Administra\u00e7\u00e3o Geral<\/li>\n\n\n\n<li>Administra\u00e7\u00e3o P\u00fablica<\/li>\n\n\n\n<li>AFO<\/li>\n\n\n\n<li>Legisla\u00e7\u00e3o<\/li>\n<\/ul>\n\n\n\n<p><strong>Conhecimentos especializados: Analista DPDF &#8211; Arquivologia<\/strong><\/p>\n\n\n\n<ul class=\"wp-block-list\">\n<li>Arquivologia<\/li>\n<\/ul>\n\n\n\n<p><strong>Conhecimentos especializados:  Analista DPDF -Arquitetura<\/strong><\/p>\n\n\n\n<ul class=\"wp-block-list\">\n<li>Representa\u00e7\u00e3o, m\u00e9todos e t\u00e9cnicas de desenho; Tipos de representa\u00e7\u00e3o do projeto de arquitetura: ABNT NBR 16636-1:2017 e ABNT NBR 16636-2:2017; Perspectiva c\u00f4nica e desenhos isom\u00e9tricos; Geometria descritiva b\u00e1sica: os diedros, as tr\u00eas proje\u00e7\u00f5es e os cortes; Croquis \u00e0 m\u00e3o e sketch-up; Desenho t\u00e9cnico e AutoCAD e AutoCAD 3D; Revit; Desenho t\u00e9cnico: NBR n\u00ba 8.403:1984, NBR n\u00ba 8.404:1984, ABNT NBR 16752:2020, NBR n\u00ba 6.492:1994, NBR n\u00ba 10.067:1995, NBR n\u00ba 10.126:1987 (vers\u00e3o corrigida em 1998).&nbsp;<\/li>\n<\/ul>\n\n\n\n<p><strong>Conhecimentos especializados: Analista DPDF &#8211; Jornalismo<\/strong><\/p>\n\n\n\n<ul class=\"wp-block-list\">\n<li>Comunica\u00e7\u00e3o<\/li>\n<\/ul>\n\n\n\n<p><strong>Conhecimentos especializados: Analista DPDF &#8211; Contabilidade<\/strong><\/p>\n\n\n\n<ul class=\"wp-block-list\">\n<li>Contabilidade Geral<\/li>\n\n\n\n<li>Contabilidade P\u00fablica<\/li>\n\n\n\n<li>Auditoria e Per\u00edcia Cont\u00e1bil<\/li>\n<\/ul>\n\n\n\n<p><strong>Conhecimentos especlializados: Analista DPDF &#8211; Economia<\/strong><\/p>\n\n\n\n<ul class=\"wp-block-list\">\n<li>AFO<\/li>\n\n\n\n<li>An\u00e1lise de Informa\u00e7\u00e3o<\/li>\n\n\n\n<li>Auditoria Governamental, Compliance, Gest\u00e3o de Risco e Governan\u00e7a<\/li>\n\n\n\n<li>Economia \u2013 Aspectos gerais do comportamento recente da economia brasileira e das pol\u00edticas econ\u00f4micas adotadas pelos \u00faltimos governos.&nbsp;<\/li>\n<\/ul>\n\n\n\n<p><strong>Conhecimentos espec\u00edializados: Analista DPDF &#8211; Engenharia Civil<\/strong><\/p>\n\n\n\n<ul class=\"wp-block-list\">\n<li>Obras (Planejamento, Normas, Fiscaliza\u00e7\u00e3o e Legisla\u00e7\u00e3o)<\/li>\n\n\n\n<li>Obras de Edifica\u00e7\u00f5es<\/li>\n\n\n\n<li>Obras H\u00eddricas<\/li>\n\n\n\n<li>Obras Rodovi\u00e1rias<\/li>\n<\/ul>\n\n\n\n<p><strong>Conhecimentos especializados: Analista DPDF &#8211;<\/strong> <strong>Inform\u00e1tica &#8211; Banco de Dados<\/strong><\/p>\n\n\n\n<ul class=\"wp-block-list\">\n<li>Banco de dados<\/li>\n\n\n\n<li>Arquitetura de Software<\/li>\n<\/ul>\n\n\n\n<p><strong>Conhecimentos especializados: Analista DPDF &#8211; Inform\u00e1tica &#8211; Desenvolvimento de Sistemas<\/strong><\/p>\n\n\n\n<ul class=\"wp-block-list\">\n<li>Desenvolvimento de Sistemas de Computa\u00e7\u00e3o<\/li>\n\n\n\n<li>Gest\u00e3o e Governan\u00e7a de TI<\/li>\n\n\n\n<li>Fiscaliza\u00e7\u00e3o de Contratos de TI<\/li>\n<\/ul>\n\n\n\n<p><strong>Conhecimentos especializados:  Analista DPDF &#8211;<\/strong> <strong>Inform\u00e1tica &#8211; Redes<\/strong><\/p>\n\n\n\n<ul class=\"wp-block-list\">\n<li>An\u00e1lise de Sistema (Suporte e Infraestrutura)<\/li>\n\n\n\n<li>Fiscaliza\u00e7\u00e3o de Contratos de TI<\/li>\n<\/ul>\n\n\n\n<p><strong>Conhecimentos especializados: Analista DPDF &#8211;<\/strong> <strong> Psicologia<\/strong><\/p>\n\n\n\n<ul class=\"wp-block-list\">\n<li>Psicologia Cl\u00ednica<\/li>\n\n\n\n<li>Psicologia Organizacional<\/li>\n<\/ul>\n\n\n\n<p><strong>Conhecimentos especializados: Analista DPDF &#8211;<\/strong> <strong>Servi\u00e7o Social<\/strong><\/p>\n\n\n\n<ul class=\"wp-block-list\">\n<li>Servi\u00e7o Social<\/li>\n<\/ul>\n\n\n\n<h2 class=\"wp-block-heading\" id=\"ULTIMO\">Concurso DPDF: edi\u00e7\u00e3o 2014<\/h2>\n\n\n\n<p>O <a href=\"https:\/\/dhg1h5j42swfq.cloudfront.net\/2018\/09\/05163305\/edital_dpdf_14_03_17.pdf\">edital<\/a> para provimento de cargos de Analista de Apoio Judici\u00e1rio da DPDF foi realizado em 2014 e ofereceu 15 vagas. O certame teve&nbsp;8994 candidatos inscritos e foi organizado pela&nbsp;FGV. <\/p>\n\n\n\n<h3 class=\"wp-block-heading\" id=\"ULTIMA-PROVA\">\u00daltima prova<\/h3>\n\n\n\n<ul class=\"wp-block-list\">\n<li><a href=\"https:\/\/dhg1h5j42swfq.cloudfront.net\/2020\/04\/06133617\/fgv-2014-dpe-df-analista-assistencia-judiciaria-prova.pdf\" target=\"_blank\" rel=\"noreferrer noopener nofollow\">Prova FGV &#8211; 2014 &#8211; DP-DF &#8211; Analista &#8211; Assist\u00eancia Judici\u00e1ria<\/a> \/ <a href=\"https:\/\/dhg1h5j42swfq.cloudfront.net\/2020\/04\/06133714\/fgv-2014-dpe-df-analista-assistencia-judiciaria-gabarito.pdf\" target=\"_blank\" rel=\"noreferrer noopener nofollow\">Gabarito<\/a><\/li>\n<\/ul>\n\n\n\n<h3 class=\"wp-block-heading\" id=\"nomeacoes\">Nomea\u00e7\u00f5es do concurso &#8211; 2014<\/h3>\n\n\n\n<p>De acordo com informa\u00e7\u00f5es obtidas pela equipe de jornalismo do Estrat\u00e9gia Concursos junto ao \u00f3rg\u00e3o, apesar de terem sido ofertadas apenas 15 vagas para Analista de Apoio Judici\u00e1rio, foram <strong>nomeados 307 candidatos para ampla concorr\u00eancia<\/strong> e <strong>17 candidatos <\/strong>classificados na per\u00edcia m\u00e9dica como<strong> pessoas com defici\u00eancia.<\/strong> <\/p>\n\n\n\n<h3 class=\"wp-block-heading\" id=\"estrategico\">Edital Estrat\u00e9gico DPDF: baixe gratuitamente<\/h3>\n\n\n\n<p>A partir das informa\u00e7\u00f5es preenchidas pelo aluno, uma \u201caba\u201d do Edital Estrat\u00e9gico DPDF ir\u00e1 demonstrar a progress\u00e3o em cada tarefa e assunto. A edi\u00e7\u00e3o poder\u00e1 ser realizada apenas na 3\u00aa aba, relativa ao preenchimento do progresso nas disciplinas. Caso voc\u00ea queira fazer outras modifica\u00e7\u00f5es no arquivo, \u00e9 s\u00f3 usar a senha \u201cadmin\u201d na op\u00e7\u00e3o desproteger planilha do Excel.<\/p>\n\n\n\n<p>IMPORTANTE: Ao clicar no link acima, vai ser aberta uma janela do Google Drive que tentar\u00e1 carregar a visualiza\u00e7\u00e3o da planilha no seu navegador. N\u00e3o h\u00e1 necessidade de esperar essa visualiza\u00e7\u00e3o (talvez at\u00e9 nem carregue, j\u00e1 que os arquivos s\u00e3o pesados).<\/p>\n\n\n\n<p>Fa\u00e7a o download clicando na seta para baixo no canto superior direito da janela do Google Drive que vai ser aberta ao clicar nos links acima.<\/p>\n\n\n\n<p>Todos os arquivos foram testados em diferentes computadores e celulares e est\u00e3o ok. Talvez alguma incompatibilidade (ou mensagem de erro, como \u201carquivo inv\u00e1lido\u201d) ocorra em virtude do seu pr\u00f3prio computador ou do tamanho dos arquivos que possuem mais conte\u00fado.<\/p>\n\n\n\n<p>Confira abaixo os links do Edital Estrat\u00e9gico DPDF:<\/p>\n\n\n\n<ul class=\"wp-block-list\">\n<li><a href=\"https:\/\/drive.google.com\/file\/d\/1BApm3uxEJT_LvlVoK8FNZwfJEzsL4cGv\/view?usp=sharing\" target=\"_blank\" rel=\"noreferrer noopener\">Analista \u2013 Direito e Legisla\u00e7\u00e3o<\/a><\/li>\n\n\n\n<li><a href=\"https:\/\/drive.google.com\/file\/d\/12FDq4XwOohEMqjtP64vG1fT-dfUzePjT\/view?usp=sharing\" target=\"_blank\" rel=\"noreferrer noopener\">Analista \u2013 Contabilidade<\/a><\/li>\n\n\n\n<li><a href=\"https:\/\/drive.google.com\/file\/d\/1qlyz86a8SHQ1BZXWGLRava0if4cH4YoT\/view?usp=sharing\" target=\"_blank\" rel=\"noreferrer noopener\">Analista \u2013 Inform\u00e1tica\/Desenvolvimento de Sistemas<\/a><\/li>\n\n\n\n<li><a href=\"https:\/\/drive.google.com\/file\/d\/1nv9CuzkTlt8BmP4T2rclpF4Eiofhnym5\/view?usp=sharing\" target=\"_blank\" rel=\"noreferrer noopener\">Analista \u2013 Inform\u00e1tica\/Banco de Dados<\/a><\/li>\n\n\n\n<li><a href=\"https:\/\/drive.google.com\/file\/d\/1kdd4x-PnfzSxM4wPjF9V6yi8rCmzcMxl\/view?usp=sharing\" target=\"_blank\" rel=\"noreferrer noopener\">Analista \u2013 Arquitetura<\/a><\/li>\n\n\n\n<li><a href=\"https:\/\/drive.google.com\/file\/d\/1Zrbg0IT-bosZjN8OmmRthY_xJGKWcopg\/view?usp=sharing\" target=\"_blank\" rel=\"noreferrer noopener\">Analista \u2013 Psicologia<\/a><\/li>\n\n\n\n<li><a href=\"https:\/\/drive.google.com\/file\/d\/1Zrbg0IT-bosZjN8OmmRthY_xJGKWcopg\/view?usp=sharing\" target=\"_blank\" rel=\"noreferrer noopener\">Analista \u2013 Jornalismo<\/a><\/li>\n\n\n\n<li><a href=\"https:\/\/drive.google.com\/file\/d\/1Yv3M5AtkPNTOOix_45NSmarzkoDH8xkG\/view?usp=sharing\" target=\"_blank\" rel=\"noreferrer noopener\">Analista \u2013 Inform\u00e1tica\/Redes<\/a><\/li>\n\n\n\n<li><a href=\"https:\/\/drive.google.com\/file\/d\/1Vw8mdLgL7ePvu54miFGrRjFr6CgdEHUi\/view?usp=sharing\" target=\"_blank\" rel=\"noreferrer noopener\">Analista \u2013 Arquivologia<\/a><\/li>\n\n\n\n<li><a href=\"https:\/\/drive.google.com\/file\/d\/1JTmFWuYizqEjpvUWN3lwoizVqpnxqJY9\/view?usp=sharing\" target=\"_blank\" rel=\"noreferrer noopener\">Analista \u2013 Economia<\/a><\/li>\n\n\n\n<li><a href=\"https:\/\/drive.google.com\/file\/d\/1Hq9CMf_KERHwUds-Y4GWrcC3jgqYG6wj\/view?usp=sharing\" target=\"_blank\" rel=\"noreferrer noopener\">Analista \u2013 Engenharia Civil<\/a><\/li>\n\n\n\n<li><a href=\"https:\/\/drive.google.com\/file\/d\/1GWJjpxSCjzjbGmk4qavdzyrbTkiB6-cY\/view?usp=sharing\" target=\"_blank\" rel=\"noreferrer noopener\">Analista \u2013 Servi\u00e7o Social<\/a><\/li>\n\n\n\n<li><a href=\"https:\/\/drive.google.com\/file\/d\/1CUYJAC-AZwpXIF4M6u1WKiIkCx8V6M3S\/view?usp=sharing\" target=\"_blank\" rel=\"noreferrer noopener\">Analista \u2013 Administra\u00e7\u00e3o<\/a><\/li>\n<\/ul>\n\n\n\n<h3 class=\"wp-block-heading has-text-align-center\" id=\"guia-de-estudos\">Guia de Estudos para DPDF<\/h3>\n\n\n\n<p class=\"has-text-align-center has-background has-medium-font-size\" style=\"background-color:#abb7c285\">ACESSE: <a href=\"https:\/\/www.estrategiaconcursos.com.br\/blog\/guia-de-estudos-para-dpdf\/\" target=\"_blank\" rel=\"noreferrer noopener\">GUIA DE ESTUDOS PARA DPDF<\/a><\/p>\n\n\n\n<h2 class=\"wp-block-heading has-text-align-center\" id=\"cursos-concurso-dpdf\">Quer saber tudo sobre concursos previstos? <br \/>Confira nossos artigos!<\/h2>\n\n\n\n<ul class=\"wp-block-list\">\n<li><a href=\"https:\/\/www.estrategiaconcursos.com.br\/blog\/concursos-abertos\/\">Concursos abertos<\/a><\/li>\n\n\n\n<li><a href=\"https:\/\/www.estrategiaconcursos.com.br\/blog\/concursos-tribunais\/\">Concursos tribunais<\/a><\/li>\n\n\n\n<li><a href=\"https:\/\/www.estrategiaconcursos.com.br\/blog\/concursos-2026\/\">Concursos 2026<\/a><\/li>\n<\/ul>\n\n\n\n<h3 class=\"wp-block-heading has-text-align-center\" id=\"CURSO\">Cursos DPDF<\/h3>\n\n\n\n<div class=\"container\" id=\"boxes\">\n  <div class=\"row\">\n\n    <div class=\"col-sm\">\n      <div class=\"banner-tribunal\" id=\"box-assinatura\">\n        <h3 class=\"titulo-assinatura\">Cursos para DPDF<\/h3>\n        <p class=\"subtitulo-assinatura\">Conhe\u00e7a os cursos<\/p>\n        <div class=\"box-botao\">\n          <a class=\"btn-assinatura\" target=\"_blank\" href=\"https:\/\/www.estrategiaconcursos.com.br\/cursosPorConcurso\/dpdf-defensoria-publica-do-distrito-federal-diversos-cargos\/\" role=\"button\" rel=\"noopener noreferrer\">Conhe\u00e7a mais<\/a>\n        <\/div>\n      <\/div>\n      <p class=\"texto-auxiliar\">Prepare-se com o melhor material e com quem mais aprova em Concursos P\u00fablicos em todo o pa\u00eds.<\/p>\n    <\/div>\n\n  <\/div>\n<\/div>\n\n\n\n<div class=\"container\" id=\"boxes\">\n  <div class=\"row\">\n\n    <div class=\"col-sm\">\n      <div class=\"estrategia\" id=\"box-assinatura\">\n        <h3 class=\"titulo-assinatura\">Assinatura Ilimitada<\/h3>\n        <p class=\"subtitulo-assinatura\">Assinatura Anual Ilimitada*<\/p>\n        <div class=\"box-botao\">\n          <a class=\"btn-assinatura\" target=\"_blank\" href=\"https:\/\/www.estrategiaconcursos.com.br\/assinaturas\/\" role=\"button\" rel=\"noopener noreferrer\">ASSINE AGORA<\/a>\n        <\/div>\n      <\/div>\n      <p class=\"texto-auxiliar\">Prepare-se com o melhor material e com quem mais aprova em Concursos P\u00fablicos em todo o pa\u00eds. Assine agora a nossa Assinatura Anual e tenha acesso ilimitado* a todos os nossos cursos.<\/p>\n    <\/div><\/div><\/div>\n\n\n\n<figure class=\"wp-block-image size-large is-resized\"><img loading=\"lazy\" decoding=\"async\" width=\"1024\" height=\"632\" src=\"https:\/\/dhg1h5j42swfq.cloudfront.net\/2021\/04\/07140116\/ficha-tecnica-106-1024x632.png\" alt=\"ficha tecnica concurso DPDF\" class=\"wp-image-709447\" style=\"width:250px;height:auto\" srcset=\"https:\/\/dhg1h5j42swfq.cloudfront.net\/2021\/04\/07140116\/ficha-tecnica-106-1024x632.png 1024w, https:\/\/dhg1h5j42swfq.cloudfront.net\/2021\/04\/07140116\/ficha-tecnica-106-300x185.png 300w, https:\/\/dhg1h5j42swfq.cloudfront.net\/2021\/04\/07140116\/ficha-tecnica-106-768x474.png 768w, https:\/\/dhg1h5j42swfq.cloudfront.net\/2021\/04\/07140116\/ficha-tecnica-106-1536x948.png 1536w, https:\/\/dhg1h5j42swfq.cloudfront.net\/2021\/04\/07140116\/ficha-tecnica-106-610x377.png 610w, https:\/\/dhg1h5j42swfq.cloudfront.net\/2021\/04\/07140116\/ficha-tecnica-106.png 1571w\" sizes=\"auto, (max-width: 1024px) 100vw, 1024px\" \/><\/figure>\n\n\n\n<h4 class=\"wp-block-heading\" id=\"FICHA-TECNICA-CONCURSO-DPDF\">Informa\u00e7\u00f5es sobre o \u00faltimo concurso DPDF &#8211; 2020<\/h4>\n\n\n\n<p>\u25ba<strong>Vagas<\/strong>: 60 + CR<br \/>\u25ba<strong>Cargos<\/strong>: Analista de Apoio \u00e0 Assist\u00eancia Judici\u00e1ria <br \/>\u25ba<strong>Lota\u00e7\u00f5es<\/strong>: Distrito Federal<br \/>\u25ba<strong>Banca<\/strong>: Cebraspe<br \/>\u25ba<strong>Escolaridade<\/strong>: N\u00edvel Superior em v\u00e1rias \u00e1reas<br \/>\u25ba<strong>\u00daltimo Edital:<\/strong> <a href=\"https:\/\/dhg1h5j42swfq.cloudfront.net\/2020\/07\/21160335\/ED_1_2020_DPDF_ANALISTA_ABERTURA.pdf\" target=\"_blank\" rel=\"noreferrer noopener nofollow\">DPDF 2020<\/a><\/p>\n","protected":false},"excerpt":{"rendered":"<p>A Defensoria P\u00fablica do Distrito Federal (DPDF) j\u00e1 definiu a banca organizadora do seu novo concurso! O Instituto Access ser\u00e1 o respons\u00e1vel pela sele\u00e7\u00e3o, que ofertar\u00e1 7 vagas imediatas para Analista (Direito e Legisla\u00e7\u00e3o, Contabilidade, Inform\u00e1tica &#8211; Banco de Dados, Inform\u00e1tica &#8211; Desenvolvimento de Sistemas e Inform\u00e1tica &#8211; Redes), al\u00e9m de cadastro de reserva. Segundo [&hellip;]<\/p>\n","protected":false},"author":1,"featured_media":1621584,"comment_status":"open","ping_status":"closed","sticky":false,"template":"","format":"standard","meta":{"post_tipo":"news_page","footnotes":""},"categories":[1984,220219],"tags":[],"tax_estado":[219970],"class_list":["post-139457","post","type-post","status-publish","format-standard","has-post-thumbnail","hentry","category-tribunais","category-noticias","tax_estado-df"],"acf":[],"yoast_head":"<!-- This site is optimized with the Yoast SEO Premium plugin v27.2 (Yoast SEO v27.2) - https:\/\/yoast.com\/product\/yoast-seo-premium-wordpress\/ -->\n<title>Concurso DPDF: edital at\u00e9 julho; iniciais at\u00e9 R$ 9 mil<\/title>\n<meta name=\"description\" content=\"Banca do Concurso DPDF \u00e9 definida para novo edital! Ser\u00e3o 7 vagas para Analista de Apoio \u00e0 Assist\u00eancia Judici\u00e1ria!\" \/>\n<meta name=\"robots\" content=\"index, follow, max-snippet:-1, max-image-preview:large, max-video-preview:-1\" \/>\n<link rel=\"canonical\" href=\"https:\/\/www.estrategiaconcursos.com.br\/blog\/concurso-dpdf\/\" \/>\n<meta property=\"og:locale\" content=\"pt_BR\" \/>\n<meta property=\"og:type\" content=\"article\" \/>\n<meta property=\"og:title\" content=\"Concurso DPDF: edital at\u00e9 julho; iniciais at\u00e9 R$ 9 mil\" \/>\n<meta property=\"og:description\" content=\"Banca do Concurso DPDF \u00e9 definida para novo edital! Ser\u00e3o 7 vagas para Analista de Apoio \u00e0 Assist\u00eancia Judici\u00e1ria!\" \/>\n<meta property=\"og:url\" content=\"https:\/\/www.estrategiaconcursos.com.br\/blog\/concurso-dpdf\/\" \/>\n<meta property=\"og:site_name\" content=\"Estrat\u00e9gia Concursos\" \/>\n<meta property=\"article:author\" content=\"https:\/\/www.facebook.com\/EstrategiaConcursos\" \/>\n<meta property=\"article:published_time\" content=\"2026-04-27T10:28:00+00:00\" \/>\n<meta property=\"article:modified_time\" content=\"2026-04-27T16:56:07+00:00\" \/>\n<meta property=\"og:image\" content=\"https:\/\/dhg1h5j42swfq.cloudfront.net\/2025\/08\/11144411\/dpdf.jpeg\" \/>\n\t<meta property=\"og:image:width\" content=\"768\" \/>\n\t<meta property=\"og:image:height\" content=\"432\" \/>\n\t<meta property=\"og:image:type\" content=\"image\/jpeg\" \/>\n<meta name=\"author\" content=\"Coordena\u00e7\u00e3o\" \/>\n<meta name=\"twitter:card\" content=\"summary_large_image\" \/>\n<meta name=\"twitter:creator\" content=\"@EstratConcursos\" \/>\n<meta name=\"twitter:site\" content=\"@EstratConcursos\" \/>\n<meta name=\"twitter:label1\" content=\"Escrito por\" \/>\n\t<meta name=\"twitter:data1\" content=\"Coordena\u00e7\u00e3o\" \/>\n\t<meta name=\"twitter:label2\" content=\"Est. tempo de leitura\" \/>\n\t<meta name=\"twitter:data2\" content=\"15 minutos\" \/>\n<script type=\"application\/ld+json\" class=\"yoast-schema-graph\">{\"@context\":\"https:\/\/schema.org\",\"@graph\":[{\"@type\":\"NewsArticle\",\"@id\":\"https:\/\/www.estrategiaconcursos.com.br\/blog\/concurso-dpdf\/#article\",\"isPartOf\":{\"@id\":\"https:\/\/www.estrategiaconcursos.com.br\/blog\/concurso-dpdf\/\"},\"author\":{\"name\":\"Coordena\u00e7\u00e3o\",\"@id\":\"https:\/\/www.estrategiaconcursos.com.br\/blog\/#\/schema\/person\/b4a388c97673c5f483d72185668afa1f\"},\"headline\":\"Concurso DPDF: edital at\u00e9 julho; iniciais at\u00e9 R$ 9 mil\",\"datePublished\":\"2026-04-27T10:28:00+00:00\",\"dateModified\":\"2026-04-27T16:56:07+00:00\",\"mainEntityOfPage\":{\"@id\":\"https:\/\/www.estrategiaconcursos.com.br\/blog\/concurso-dpdf\/\"},\"wordCount\":2883,\"commentCount\":8,\"publisher\":{\"@id\":\"https:\/\/www.estrategiaconcursos.com.br\/blog\/#organization\"},\"image\":{\"@id\":\"https:\/\/www.estrategiaconcursos.com.br\/blog\/concurso-dpdf\/#primaryimage\"},\"thumbnailUrl\":\"https:\/\/dhg1h5j42swfq.cloudfront.net\/2025\/08\/11144411\/dpdf.jpeg\",\"articleSection\":[\"Tribunais\",\"\u00daltimas not\u00edcias\"],\"inLanguage\":\"pt-BR\",\"potentialAction\":[{\"@type\":\"CommentAction\",\"name\":\"Comment\",\"target\":[\"https:\/\/www.estrategiaconcursos.com.br\/blog\/concurso-dpdf\/#respond\"]}],\"copyrightYear\":\"2026\",\"copyrightHolder\":{\"@id\":\"https:\/\/www.estrategiaconcursos.com.br\/blog\/#organization\"}},{\"@type\":\"WebPage\",\"@id\":\"https:\/\/www.estrategiaconcursos.com.br\/blog\/concurso-dpdf\/\",\"url\":\"https:\/\/www.estrategiaconcursos.com.br\/blog\/concurso-dpdf\/\",\"name\":\"Concurso DPDF: edital at\u00e9 julho; iniciais at\u00e9 R$ 9 mil\",\"isPartOf\":{\"@id\":\"https:\/\/www.estrategiaconcursos.com.br\/blog\/#website\"},\"primaryImageOfPage\":{\"@id\":\"https:\/\/www.estrategiaconcursos.com.br\/blog\/concurso-dpdf\/#primaryimage\"},\"image\":{\"@id\":\"https:\/\/www.estrategiaconcursos.com.br\/blog\/concurso-dpdf\/#primaryimage\"},\"thumbnailUrl\":\"https:\/\/dhg1h5j42swfq.cloudfront.net\/2025\/08\/11144411\/dpdf.jpeg\",\"datePublished\":\"2026-04-27T10:28:00+00:00\",\"dateModified\":\"2026-04-27T16:56:07+00:00\",\"description\":\"Banca do Concurso DPDF \u00e9 definida para novo edital! Ser\u00e3o 7 vagas para Analista de Apoio \u00e0 Assist\u00eancia Judici\u00e1ria!\",\"breadcrumb\":{\"@id\":\"https:\/\/www.estrategiaconcursos.com.br\/blog\/concurso-dpdf\/#breadcrumb\"},\"inLanguage\":\"pt-BR\",\"potentialAction\":[{\"@type\":\"ReadAction\",\"target\":[\"https:\/\/www.estrategiaconcursos.com.br\/blog\/concurso-dpdf\/\"]}]},{\"@type\":\"ImageObject\",\"inLanguage\":\"pt-BR\",\"@id\":\"https:\/\/www.estrategiaconcursos.com.br\/blog\/concurso-dpdf\/#primaryimage\",\"url\":\"https:\/\/dhg1h5j42swfq.cloudfront.net\/2025\/08\/11144411\/dpdf.jpeg\",\"contentUrl\":\"https:\/\/dhg1h5j42swfq.cloudfront.net\/2025\/08\/11144411\/dpdf.jpeg\",\"width\":768,\"height\":432,\"caption\":\"Defensor P\u00fablico-Geral confirma concurso DPDF\"},{\"@type\":\"BreadcrumbList\",\"@id\":\"https:\/\/www.estrategiaconcursos.com.br\/blog\/concurso-dpdf\/#breadcrumb\",\"itemListElement\":[{\"@type\":\"ListItem\",\"position\":1,\"name\":\"In\u00edcio\",\"item\":\"https:\/\/www.estrategiaconcursos.com.br\/blog\/\"},{\"@type\":\"ListItem\",\"position\":2,\"name\":\"Concurso DPDF: edital at\u00e9 julho; iniciais at\u00e9 R$ 9 mil\"}]},{\"@type\":\"WebSite\",\"@id\":\"https:\/\/www.estrategiaconcursos.com.br\/blog\/#website\",\"url\":\"https:\/\/www.estrategiaconcursos.com.br\/blog\/\",\"name\":\"Estrat\u00e9gia Concursos\",\"description\":\"O blog da Estrat\u00e9gia Concursos traz not\u00edcias sobre concursos e artigos de professores oferecendo cursos para concursos (pdf + videaulas) no site.\",\"publisher\":{\"@id\":\"https:\/\/www.estrategiaconcursos.com.br\/blog\/#organization\"},\"potentialAction\":[{\"@type\":\"SearchAction\",\"target\":{\"@type\":\"EntryPoint\",\"urlTemplate\":\"https:\/\/www.estrategiaconcursos.com.br\/blog\/?s={search_term_string}\"},\"query-input\":{\"@type\":\"PropertyValueSpecification\",\"valueRequired\":true,\"valueName\":\"search_term_string\"}}],\"inLanguage\":\"pt-BR\"},{\"@type\":\"Organization\",\"@id\":\"https:\/\/www.estrategiaconcursos.com.br\/blog\/#organization\",\"name\":\"Estrat\u00e9gia Concursos\",\"url\":\"https:\/\/www.estrategiaconcursos.com.br\/blog\/\",\"logo\":{\"@type\":\"ImageObject\",\"inLanguage\":\"pt-BR\",\"@id\":\"https:\/\/www.estrategiaconcursos.com.br\/blog\/#\/schema\/logo\/image\/\",\"url\":\"https:\/\/dhg1h5j42swfq.cloudfront.net\/2025\/06\/03203428\/logo_concursos-1.jpg\",\"contentUrl\":\"https:\/\/dhg1h5j42swfq.cloudfront.net\/2025\/06\/03203428\/logo_concursos-1.jpg\",\"width\":230,\"height\":60,\"caption\":\"Estrat\u00e9gia Concursos\"},\"image\":{\"@id\":\"https:\/\/www.estrategiaconcursos.com.br\/blog\/#\/schema\/logo\/image\/\"},\"sameAs\":[\"https:\/\/x.com\/EstratConcursos\"]},{\"@type\":\"Person\",\"@id\":\"https:\/\/www.estrategiaconcursos.com.br\/blog\/#\/schema\/person\/b4a388c97673c5f483d72185668afa1f\",\"name\":\"Coordena\u00e7\u00e3o\",\"image\":{\"@type\":\"ImageObject\",\"inLanguage\":\"pt-BR\",\"@id\":\"https:\/\/secure.gravatar.com\/avatar\/b720319e4c9a967eb58678d110f4fe35452fc5d5f97b202bac7b8acceb18c6ad?s=96&d=mm&r=g\",\"url\":\"https:\/\/secure.gravatar.com\/avatar\/b720319e4c9a967eb58678d110f4fe35452fc5d5f97b202bac7b8acceb18c6ad?s=96&d=mm&r=g\",\"contentUrl\":\"https:\/\/secure.gravatar.com\/avatar\/b720319e4c9a967eb58678d110f4fe35452fc5d5f97b202bac7b8acceb18c6ad?s=96&d=mm&r=g\",\"caption\":\"Coordena\u00e7\u00e3o\"},\"sameAs\":[\"https:\/\/www.facebook.com\/EstrategiaConcursos\",\"https:\/\/x.com\/EstratConcursos\"],\"url\":\"https:\/\/www.estrategiaconcursos.com.br\/blog\/author\/estrategia2013\/\"}]}<\/script>\n<!-- \/ Yoast SEO Premium plugin. -->","yoast_head_json":{"title":"Concurso DPDF: edital at\u00e9 julho; iniciais at\u00e9 R$ 9 mil","description":"Banca do Concurso DPDF \u00e9 definida para novo edital! Ser\u00e3o 7 vagas para Analista de Apoio \u00e0 Assist\u00eancia Judici\u00e1ria!","robots":{"index":"index","follow":"follow","max-snippet":"max-snippet:-1","max-image-preview":"max-image-preview:large","max-video-preview":"max-video-preview:-1"},"canonical":"https:\/\/www.estrategiaconcursos.com.br\/blog\/concurso-dpdf\/","og_locale":"pt_BR","og_type":"article","og_title":"Concurso DPDF: edital at\u00e9 julho; iniciais at\u00e9 R$ 9 mil","og_description":"Banca do Concurso DPDF \u00e9 definida para novo edital! Ser\u00e3o 7 vagas para Analista de Apoio \u00e0 Assist\u00eancia Judici\u00e1ria!","og_url":"https:\/\/www.estrategiaconcursos.com.br\/blog\/concurso-dpdf\/","og_site_name":"Estrat\u00e9gia Concursos","article_author":"https:\/\/www.facebook.com\/EstrategiaConcursos","article_published_time":"2026-04-27T10:28:00+00:00","article_modified_time":"2026-04-27T16:56:07+00:00","og_image":[{"width":768,"height":432,"url":"https:\/\/dhg1h5j42swfq.cloudfront.net\/2025\/08\/11144411\/dpdf.jpeg","type":"image\/jpeg"}],"author":"Coordena\u00e7\u00e3o","twitter_card":"summary_large_image","twitter_creator":"@EstratConcursos","twitter_site":"@EstratConcursos","twitter_misc":{"Escrito por":"Coordena\u00e7\u00e3o","Est. tempo de leitura":"15 minutos"},"schema":{"@context":"https:\/\/schema.org","@graph":[{"@type":"NewsArticle","@id":"https:\/\/www.estrategiaconcursos.com.br\/blog\/concurso-dpdf\/#article","isPartOf":{"@id":"https:\/\/www.estrategiaconcursos.com.br\/blog\/concurso-dpdf\/"},"author":{"name":"Coordena\u00e7\u00e3o","@id":"https:\/\/www.estrategiaconcursos.com.br\/blog\/#\/schema\/person\/b4a388c97673c5f483d72185668afa1f"},"headline":"Concurso DPDF: edital at\u00e9 julho; iniciais at\u00e9 R$ 9 mil","datePublished":"2026-04-27T10:28:00+00:00","dateModified":"2026-04-27T16:56:07+00:00","mainEntityOfPage":{"@id":"https:\/\/www.estrategiaconcursos.com.br\/blog\/concurso-dpdf\/"},"wordCount":2883,"commentCount":8,"publisher":{"@id":"https:\/\/www.estrategiaconcursos.com.br\/blog\/#organization"},"image":{"@id":"https:\/\/www.estrategiaconcursos.com.br\/blog\/concurso-dpdf\/#primaryimage"},"thumbnailUrl":"https:\/\/dhg1h5j42swfq.cloudfront.net\/2025\/08\/11144411\/dpdf.jpeg","articleSection":["Tribunais","\u00daltimas not\u00edcias"],"inLanguage":"pt-BR","potentialAction":[{"@type":"CommentAction","name":"Comment","target":["https:\/\/www.estrategiaconcursos.com.br\/blog\/concurso-dpdf\/#respond"]}],"copyrightYear":"2026","copyrightHolder":{"@id":"https:\/\/www.estrategiaconcursos.com.br\/blog\/#organization"}},{"@type":"WebPage","@id":"https:\/\/www.estrategiaconcursos.com.br\/blog\/concurso-dpdf\/","url":"https:\/\/www.estrategiaconcursos.com.br\/blog\/concurso-dpdf\/","name":"Concurso DPDF: edital at\u00e9 julho; iniciais at\u00e9 R$ 9 mil","isPartOf":{"@id":"https:\/\/www.estrategiaconcursos.com.br\/blog\/#website"},"primaryImageOfPage":{"@id":"https:\/\/www.estrategiaconcursos.com.br\/blog\/concurso-dpdf\/#primaryimage"},"image":{"@id":"https:\/\/www.estrategiaconcursos.com.br\/blog\/concurso-dpdf\/#primaryimage"},"thumbnailUrl":"https:\/\/dhg1h5j42swfq.cloudfront.net\/2025\/08\/11144411\/dpdf.jpeg","datePublished":"2026-04-27T10:28:00+00:00","dateModified":"2026-04-27T16:56:07+00:00","description":"Banca do Concurso DPDF \u00e9 definida para novo edital! Ser\u00e3o 7 vagas para Analista de Apoio \u00e0 Assist\u00eancia Judici\u00e1ria!","breadcrumb":{"@id":"https:\/\/www.estrategiaconcursos.com.br\/blog\/concurso-dpdf\/#breadcrumb"},"inLanguage":"pt-BR","potentialAction":[{"@type":"ReadAction","target":["https:\/\/www.estrategiaconcursos.com.br\/blog\/concurso-dpdf\/"]}]},{"@type":"ImageObject","inLanguage":"pt-BR","@id":"https:\/\/www.estrategiaconcursos.com.br\/blog\/concurso-dpdf\/#primaryimage","url":"https:\/\/dhg1h5j42swfq.cloudfront.net\/2025\/08\/11144411\/dpdf.jpeg","contentUrl":"https:\/\/dhg1h5j42swfq.cloudfront.net\/2025\/08\/11144411\/dpdf.jpeg","width":768,"height":432,"caption":"Defensor P\u00fablico-Geral confirma concurso DPDF"},{"@type":"BreadcrumbList","@id":"https:\/\/www.estrategiaconcursos.com.br\/blog\/concurso-dpdf\/#breadcrumb","itemListElement":[{"@type":"ListItem","position":1,"name":"In\u00edcio","item":"https:\/\/www.estrategiaconcursos.com.br\/blog\/"},{"@type":"ListItem","position":2,"name":"Concurso DPDF: edital at\u00e9 julho; iniciais at\u00e9 R$ 9 mil"}]},{"@type":"WebSite","@id":"https:\/\/www.estrategiaconcursos.com.br\/blog\/#website","url":"https:\/\/www.estrategiaconcursos.com.br\/blog\/","name":"Estrat\u00e9gia Concursos","description":"O blog da Estrat\u00e9gia Concursos traz not\u00edcias sobre concursos e artigos de professores oferecendo cursos para concursos (pdf + videaulas) no site.","publisher":{"@id":"https:\/\/www.estrategiaconcursos.com.br\/blog\/#organization"},"potentialAction":[{"@type":"SearchAction","target":{"@type":"EntryPoint","urlTemplate":"https:\/\/www.estrategiaconcursos.com.br\/blog\/?s={search_term_string}"},"query-input":{"@type":"PropertyValueSpecification","valueRequired":true,"valueName":"search_term_string"}}],"inLanguage":"pt-BR"},{"@type":"Organization","@id":"https:\/\/www.estrategiaconcursos.com.br\/blog\/#organization","name":"Estrat\u00e9gia Concursos","url":"https:\/\/www.estrategiaconcursos.com.br\/blog\/","logo":{"@type":"ImageObject","inLanguage":"pt-BR","@id":"https:\/\/www.estrategiaconcursos.com.br\/blog\/#\/schema\/logo\/image\/","url":"https:\/\/dhg1h5j42swfq.cloudfront.net\/2025\/06\/03203428\/logo_concursos-1.jpg","contentUrl":"https:\/\/dhg1h5j42swfq.cloudfront.net\/2025\/06\/03203428\/logo_concursos-1.jpg","width":230,"height":60,"caption":"Estrat\u00e9gia Concursos"},"image":{"@id":"https:\/\/www.estrategiaconcursos.com.br\/blog\/#\/schema\/logo\/image\/"},"sameAs":["https:\/\/x.com\/EstratConcursos"]},{"@type":"Person","@id":"https:\/\/www.estrategiaconcursos.com.br\/blog\/#\/schema\/person\/b4a388c97673c5f483d72185668afa1f","name":"Coordena\u00e7\u00e3o","image":{"@type":"ImageObject","inLanguage":"pt-BR","@id":"https:\/\/secure.gravatar.com\/avatar\/b720319e4c9a967eb58678d110f4fe35452fc5d5f97b202bac7b8acceb18c6ad?s=96&d=mm&r=g","url":"https:\/\/secure.gravatar.com\/avatar\/b720319e4c9a967eb58678d110f4fe35452fc5d5f97b202bac7b8acceb18c6ad?s=96&d=mm&r=g","contentUrl":"https:\/\/secure.gravatar.com\/avatar\/b720319e4c9a967eb58678d110f4fe35452fc5d5f97b202bac7b8acceb18c6ad?s=96&d=mm&r=g","caption":"Coordena\u00e7\u00e3o"},"sameAs":["https:\/\/www.facebook.com\/EstrategiaConcursos","https:\/\/x.com\/EstratConcursos"],"url":"https:\/\/www.estrategiaconcursos.com.br\/blog\/author\/estrategia2013\/"}]}},"_links":{"self":[{"href":"https:\/\/www.estrategiaconcursos.com.br\/blog\/wp-json\/wp\/v2\/posts\/139457","targetHints":{"allow":["GET"]}}],"collection":[{"href":"https:\/\/www.estrategiaconcursos.com.br\/blog\/wp-json\/wp\/v2\/posts"}],"about":[{"href":"https:\/\/www.estrategiaconcursos.com.br\/blog\/wp-json\/wp\/v2\/types\/post"}],"author":[{"embeddable":true,"href":"https:\/\/www.estrategiaconcursos.com.br\/blog\/wp-json\/wp\/v2\/users\/1"}],"replies":[{"embeddable":true,"href":"https:\/\/www.estrategiaconcursos.com.br\/blog\/wp-json\/wp\/v2\/comments?post=139457"}],"version-history":[{"count":289,"href":"https:\/\/www.estrategiaconcursos.com.br\/blog\/wp-json\/wp\/v2\/posts\/139457\/revisions"}],"predecessor-version":[{"id":1757868,"href":"https:\/\/www.estrategiaconcursos.com.br\/blog\/wp-json\/wp\/v2\/posts\/139457\/revisions\/1757868"}],"wp:featuredmedia":[{"embeddable":true,"href":"https:\/\/www.estrategiaconcursos.com.br\/blog\/wp-json\/wp\/v2\/media\/1621584"}],"wp:attachment":[{"href":"https:\/\/www.estrategiaconcursos.com.br\/blog\/wp-json\/wp\/v2\/media?parent=139457"}],"wp:term":[{"taxonomy":"category","embeddable":true,"href":"https:\/\/www.estrategiaconcursos.com.br\/blog\/wp-json\/wp\/v2\/categories?post=139457"},{"taxonomy":"post_tag","embeddable":true,"href":"https:\/\/www.estrategiaconcursos.com.br\/blog\/wp-json\/wp\/v2\/tags?post=139457"},{"taxonomy":"tax_estado","embeddable":true,"href":"https:\/\/www.estrategiaconcursos.com.br\/blog\/wp-json\/wp\/v2\/tax_estado?post=139457"}],"curies":[{"name":"wp","href":"https:\/\/api.w.org\/{rel}","templated":true}]}}