{"id":1391632,"date":"2024-04-29T15:10:52","date_gmt":"2024-04-29T18:10:52","guid":{"rendered":"https:\/\/www.estrategiaconcursos.com.br\/blog\/?p=1391632"},"modified":"2024-04-29T16:37:39","modified_gmt":"2024-04-29T19:37:39","slug":"concurso-sudene","status":"publish","type":"post","link":"https:\/\/www.estrategiaconcursos.com.br\/blog\/concurso-sudene\/","title":{"rendered":"Concurso Sudene \u00e9 solicitado para reposi\u00e7\u00e3o de vagas"},"content":{"rendered":"\n<p>Um novo<strong> concurso Sudene (Superintend\u00eancia do Desenvolvimento do Nordeste)&nbsp;foi solicitado<\/strong> ao Minist\u00e9rio da Gest\u00e3o e da Inova\u00e7\u00e3o para provimento de vagas em diversos cargos.<\/p>\n\n\n\n<p>A expectativa \u00e9 de que o pedido de concurso seja autorizado ainda neste ano, considerando que a autarquia est\u00e1 dentro do prazo para solicita\u00e7\u00e3o de novos provimentos. <\/p>\n\n\n\n<p>De acordo com informa\u00e7\u00f5es da pr\u00f3pria Sudene, o pedido foi feito em raz\u00e3o da necessidade de reposi\u00e7\u00e3o de pessoal e oxigena\u00e7\u00e3o do quadro.<\/p>\n\n\n\n<ul style=\"background-color:#f7f7f7\" class=\"has-background wp-block-list\">\n<li><strong>Superintend\u00eancia do Desenvolvimento do Nordeste<\/strong> &#8211; <strong>Sudene <\/strong><\/li>\n\n\n\n<li><strong>Status:<\/strong>&nbsp;solicitado<\/li>\n\n\n\n<li><strong>Banca:&nbsp;<\/strong>a definir<\/li>\n\n\n\n<li><strong>Vagas:&nbsp;<\/strong>a definir<\/li>\n\n\n\n<li><strong>Sal\u00e1rio inicial:<\/strong>&nbsp;a definir<\/li>\n\n\n\n<li><strong>\u00daltimo edital: <\/strong><a href=\"https:\/\/dhg1h5j42swfq.cloudfront.net\/2024\/04\/29152354\/edital-sudene-2013.pdf\" target=\"_blank\" rel=\"noreferrer noopener nofollow\">Sudene 2013<\/a><\/li>\n<\/ul>\n\n\n\n<p>Ao longo deste artigo reunimos as principais informa\u00e7\u00f5es sobre o concurso Sudene. Acompanhe pelos t\u00f3picos abaixo e n\u00e3o perca nada:<\/p>\n\n\n\n<ul class=\"wp-block-list\" id=\"indice\">\n<li><a href=\"#sobre\"><strong>Sobre a Sudene<\/strong><\/a><\/li>\n\n\n\n<li><a href=\"#pedido\"><strong>Pedido de concurso e cargos vagos<\/strong><\/a><\/li>\n\n\n\n<li><a href=\"#ultimo\"><strong>\u00daltimo concurso<\/strong><\/a>\n<ul class=\"wp-block-list\">\n<li><a href=\"#etapas\">Etapas de provas<\/a>\n<ul class=\"wp-block-list\">\n<li><a href=\"#prova-objetiva\">Prova objetiva<\/a><\/li>\n\n\n\n<li><a href=\"#discursiva\">Prova discursiva<\/a><\/li>\n<\/ul>\n<\/li>\n<\/ul>\n<\/li>\n\n\n\n<li><a href=\"#cursos\"><strong>Cursos e assinaturas<\/strong><\/a><\/li>\n\n\n\n<li><a href=\"#ficha-tecnica\"><strong>Ficha t\u00e9cnica<\/strong><\/a><\/li>\n<\/ul>\n\n\n\n<div class=\"container\" id=\"boxes\">\n  <div class=\"row\">\n\n    <div class=\"col-sm\">\n      <div class=\"banner-estrategia\" id=\"box-assinatura\">\n        <h3 class=\"titulo-assinatura\">Cursos para concursos<\/h3>\n        <p class=\"subtitulo-assinatura\">Conhe\u00e7a os cursos<\/p>\n        <div class=\"box-botao\">\n          <a class=\"btn-assinatura\" target=\"_blank\" href=\"https:\/\/www.estrategiaconcursos.com.br\/cursos\/\" role=\"button\" rel=\"noopener noreferrer\">Conhe\u00e7a mais<\/a>\n        <\/div>\n      <\/div>\n     \n    <\/div>\n\n  <\/div>\n<\/div>\n\n\n\n<h2 class=\"wp-block-heading\" id=\"sobre\">O que \u00e9 a Sudene?<\/h2>\n\n\n\n<p>A&nbsp;<strong>Superintend\u00eancia do Desenvolvimento do Nordeste<\/strong>&nbsp;(<strong><a href=\"https:\/\/www.gov.br\/sudene\/pt-br\" target=\"_blank\" rel=\"noreferrer noopener\">SUDENE<\/a><\/strong>) \u00e9 uma&nbsp;autarquia&nbsp;especial, administrativa e financeiramente aut\u00f4noma, integrante do Sistema de Planejamento e de Or\u00e7amento Federal.<\/p>\n\n\n\n<p>O objetivo da Sudene \u00e9 promover o desenvolvimento includente e sustent\u00e1vel da \u00e1rea de atua\u00e7\u00e3o da autarquia, al\u00e9m de buscar a integra\u00e7\u00e3o competitiva da base produtiva regional nas economias nacional e internacional. <\/p>\n\n\n\n<p>Com sede em Recife (PE), a superintend\u00eancia integra o Sistema de Planejamento e de Or\u00e7amento Federal, sendo vinculada ao Minist\u00e9rio do Desenvolvimento Regional.<\/p>\n\n\n\n<h2 class=\"wp-block-heading\" id=\"pedido\">Pedido de concurso e cargos vagos<\/h2>\n\n\n\n<p>Conforme mencionado no in\u00edcio deste artigo, a Sudene solicitou a realiza\u00e7\u00e3o de um novo concurso p\u00fablico ao Minist\u00e9rio da Gest\u00e3o e da Inova\u00e7\u00e3o. Confira a resposta da Superintend\u00eancia logo abaixo:<\/p>\n\n\n\n<figure class=\"wp-block-image aligncenter size-full\"><img loading=\"lazy\" decoding=\"async\" width=\"645\" height=\"341\" src=\"https:\/\/dhg1h5j42swfq.cloudfront.net\/2024\/04\/29150035\/image-617.png\" alt=\"Concurso Sudene\" class=\"wp-image-1391648\" srcset=\"https:\/\/dhg1h5j42swfq.cloudfront.net\/2024\/04\/29150035\/image-617.png 645w, https:\/\/dhg1h5j42swfq.cloudfront.net\/2024\/04\/29150035\/image-617-300x159.png 300w, https:\/\/dhg1h5j42swfq.cloudfront.net\/2024\/04\/29150035\/image-617-610x322.png 610w, https:\/\/dhg1h5j42swfq.cloudfront.net\/2024\/04\/29150035\/image-617-150x79.png 150w\" sizes=\"auto, (max-width: 645px) 100vw, 645px\" \/><figcaption class=\"wp-element-caption\">Concurso Sudene: resposta ao time do Estrat\u00e9gia<\/figcaption><\/figure>\n\n\n\n<p>Atualmente, pelo menos metade dos profissionais que atuam no \u00f3rg\u00e3o j\u00e1 est\u00e3o aptos a se aposentar. Ao todo, s\u00e3o <strong>67 cargos vagos<\/strong> que est\u00e3o distribu\u00eddos em diversas \u00e1reas:<\/p>\n\n\n\n<ul class=\"wp-block-list\">\n<li>Analista T\u00e9cnico Administrativo;<\/li>\n\n\n\n<li>Bibliotec\u00e1rio;<\/li>\n\n\n\n<li>Biologista;<\/li>\n\n\n\n<li>Economista;<\/li>\n\n\n\n<li>Estat\u00edstico;<\/li>\n\n\n\n<li>Ge\u00f3grafo;<\/li>\n\n\n\n<li>Engenheiro;<\/li>\n\n\n\n<li>Engenheiro Civil;<\/li>\n\n\n\n<li>Engenheiro El\u00e9trico;<\/li>\n\n\n\n<li>Engenheiro Agr\u00f4nomo;<\/li>\n\n\n\n<li>M\u00e9dico;<\/li>\n\n\n\n<li>Psic\u00f3logo;<\/li>\n\n\n\n<li>Qu\u00edmico;<\/li>\n\n\n\n<li>T\u00e9cnico em Assuntos Educacionais;<\/li>\n\n\n\n<li>Agente Administrativo; e<\/li>\n\n\n\n<li>T\u00e9cnico de Contabilidade.<\/li>\n<\/ul>\n\n\n\n<h2 class=\"wp-block-heading\" id=\"ultimo\">Concurso Sudene: \u00faltimo edital (2013)<\/h2>\n\n\n\n<p>O \u00faltimo concurso Sudene ocorreu h\u00e1 11 anos, em <strong>2013<\/strong>, quando foram ofertadas <strong>71 vagas<\/strong> em diversos cargos. Os sal\u00e1rio iniciais alcan\u00e7avam valores de <strong>at\u00e9 R$ 5.081,18<\/strong>, dependendo da fun\u00e7\u00e3o. Veja os detalhes:<\/p>\n\n\n\n<p><strong>Quadro de vagas:<\/strong><\/p>\n\n\n\n<figure class=\"wp-block-table is-style-regular\"><table class=\"has-fixed-layout\"><tbody><tr><td class=\"has-text-align-center\" data-align=\"center\" rowspan=\"2\"><br \/><strong>Cargo (N\u00edvel Superior)<\/strong><\/td><td class=\"has-text-align-center\" data-align=\"center\" rowspan=\"2\"><br \/><strong>\u00c1rea de atua\u00e7\u00e3o<\/strong><\/td><td class=\"has-text-align-center\" data-align=\"center\" colspan=\"3\"><strong>Vagas e Vencimentos dos Cargos<\/strong><\/td><\/tr><tr><td class=\"has-text-align-center\" data-align=\"center\"><strong>Vencimento Inicial 2013<\/strong><\/td><td class=\"has-text-align-center\" data-align=\"center\"><strong>Ampla Concorr\u00eancia<\/strong><\/td><td class=\"has-text-align-center\" data-align=\"center\"><strong><\/strong><strong>PcD<\/strong><\/td><\/tr><tr><td class=\"has-text-align-center\" data-align=\"center\" rowspan=\"8\"><br \/><br \/><br \/><br \/><br \/><br \/>Analista T\u00e9cnico Administrativo<\/td><td class=\"has-text-align-center\" data-align=\"center\">Administra\u00e7\u00e3o<\/td><td class=\"has-text-align-center\" data-align=\"center\" rowspan=\"8\"><br \/><br \/><br \/><br \/><br \/><br \/>R$ 3.980,62<\/td><td class=\"has-text-align-center\" data-align=\"center\">06<\/td><td class=\"has-text-align-center\" data-align=\"center\">&#8211;<\/td><\/tr><tr><td class=\"has-text-align-center\" data-align=\"center\">Biblioteconomia<\/td><td class=\"has-text-align-center\" data-align=\"center\">01<\/td><td class=\"has-text-align-center\" data-align=\"center\">&#8211;<\/td><\/tr><tr><td class=\"has-text-align-center\" data-align=\"center\">Ci\u00eancia da Computa\u00e7\u00e3o<\/td><td class=\"has-text-align-center\" data-align=\"center\">03<\/td><td class=\"has-text-align-center\" data-align=\"center\">&#8211;<\/td><\/tr><tr><td class=\"has-text-align-center\" data-align=\"center\">Ci\u00eancias Jur\u00eddicas<\/td><td class=\"has-text-align-center\" data-align=\"center\">01<\/td><td class=\"has-text-align-center\" data-align=\"center\">&#8211;<\/td><\/tr><tr><td class=\"has-text-align-center\" data-align=\"center\">Comunica\u00e7\u00e3o Social<\/td><td class=\"has-text-align-center\" data-align=\"center\">01<\/td><td class=\"has-text-align-center\" data-align=\"center\">&#8211;<\/td><\/tr><tr><td class=\"has-text-align-center\" data-align=\"center\">*Controle Interno<\/td><td class=\"has-text-align-center\" data-align=\"center\">05<\/td><td class=\"has-text-align-center\" data-align=\"center\">&#8211;<\/td><\/tr><tr><td class=\"has-text-align-center\" data-align=\"center\">**Recursos Humanos<\/td><td class=\"has-text-align-center\" data-align=\"center\">01<\/td><td class=\"has-text-align-center\" data-align=\"center\">&#8211;<\/td><\/tr><tr><td class=\"has-text-align-center\" data-align=\"center\">Sociologia<\/td><td class=\"has-text-align-center\" data-align=\"center\">01<\/td><td class=\"has-text-align-center\" data-align=\"center\">&#8211;<\/td><\/tr><tr><td class=\"has-text-align-center\" data-align=\"center\">Arquiteto<\/td><td class=\"has-text-align-center\" data-align=\"center\">&#8211;<\/td><td class=\"has-text-align-center\" data-align=\"center\">R$ 5.081,18<\/td><td class=\"has-text-align-center\" data-align=\"center\">01<\/td><td class=\"has-text-align-center\" data-align=\"center\">&#8211;<\/td><\/tr><tr><td class=\"has-text-align-center\" data-align=\"center\">Contador<\/td><td class=\"has-text-align-center\" data-align=\"center\">&#8211;<\/td><td class=\"has-text-align-center\" data-align=\"center\">R$ 3.980,62<\/td><td class=\"has-text-align-center\" data-align=\"center\">05<\/td><td class=\"has-text-align-center\" data-align=\"center\">&#8211;<\/td><\/tr><tr><td class=\"has-text-align-center\" data-align=\"center\">Economista<\/td><td class=\"has-text-align-center\" data-align=\"center\">&#8211;<\/td><td class=\"has-text-align-center\" data-align=\"center\">R$ 5.081,18<\/td><td class=\"has-text-align-center\" data-align=\"center\">11<\/td><td class=\"has-text-align-center\" data-align=\"center\">01<\/td><\/tr><tr><td class=\"has-text-align-center\" data-align=\"center\" rowspan=\"9\"><br \/><br \/><br \/><br \/><br \/><br \/><br \/>Engenheiro<\/td><td class=\"has-text-align-center\" data-align=\"center\">Engenharia Ambiental<\/td><td class=\"has-text-align-center\" data-align=\"center\" rowspan=\"9\"><br \/><br \/><br \/><br \/><br \/><br \/><br \/>R$ 5.081,18<\/td><td class=\"has-text-align-center\" data-align=\"center\">02<\/td><td class=\"has-text-align-center\" data-align=\"center\">&#8211;<\/td><\/tr><tr><td class=\"has-text-align-center\" data-align=\"center\">Engenharia Civil<\/td><td class=\"has-text-align-center\" data-align=\"center\">09<\/td><td class=\"has-text-align-center\" data-align=\"center\">&#8211;<\/td><\/tr><tr><td class=\"has-text-align-center\" data-align=\"center\">Engenharia da Computa\u00e7\u00e3o<\/td><td class=\"has-text-align-center\" data-align=\"center\">01<\/td><td class=\"has-text-align-center\" data-align=\"center\">&#8211;<\/td><\/tr><tr><td class=\"has-text-align-center\" data-align=\"center\">Engenharia de Minas<\/td><td class=\"has-text-align-center\" data-align=\"center\">01<\/td><td class=\"has-text-align-center\" data-align=\"center\">&#8211;<\/td><\/tr><tr><td class=\"has-text-align-center\" data-align=\"center\">Engenharia de Pesca<\/td><td class=\"has-text-align-center\" data-align=\"center\">01<\/td><td class=\"has-text-align-center\" data-align=\"center\">&#8211;<\/td><\/tr><tr><td class=\"has-text-align-center\" data-align=\"center\">Engenharia de Produ\u00e7\u00e3o<\/td><td class=\"has-text-align-center\" data-align=\"center\">01<\/td><td class=\"has-text-align-center\" data-align=\"center\">&#8211;<\/td><\/tr><tr><td class=\"has-text-align-center\" data-align=\"center\">Engenharia El\u00e9trica<\/td><td class=\"has-text-align-center\" data-align=\"center\">03<\/td><td class=\"has-text-align-center\" data-align=\"center\">&#8211;<\/td><\/tr><tr><td class=\"has-text-align-center\" data-align=\"center\">Engenharia Mec\u00e2nica<\/td><td class=\"has-text-align-center\" data-align=\"center\">02<\/td><td class=\"has-text-align-center\" data-align=\"center\">&#8211;<\/td><\/tr><tr><td class=\"has-text-align-center\" data-align=\"center\">Engenharia Qu\u00edmica<\/td><td class=\"has-text-align-center\" data-align=\"center\">02<\/td><td class=\"has-text-align-center\" data-align=\"center\">&#8211;<\/td><\/tr><tr><td class=\"has-text-align-center\" data-align=\"center\">Engenheiro Agr\u00f4nomo<\/td><td class=\"has-text-align-center\" data-align=\"center\">&#8211;<\/td><td class=\"has-text-align-center\" data-align=\"center\">R$ 5.081,18<\/td><td class=\"has-text-align-center\" data-align=\"center\">02<\/td><td class=\"has-text-align-center\" data-align=\"center\">&#8211;<\/td><\/tr><tr><td class=\"has-text-align-center\" data-align=\"center\">Estat\u00edstico<\/td><td class=\"has-text-align-center\" data-align=\"center\">&#8211;<\/td><td class=\"has-text-align-center\" data-align=\"center\">R$ 5.081,18<\/td><td class=\"has-text-align-center\" data-align=\"center\">01<\/td><td class=\"has-text-align-center\" data-align=\"center\">&#8211;<\/td><\/tr><tr><td class=\"has-text-align-center\" data-align=\"center\">Ge\u00f3grafo<\/td><td class=\"has-text-align-center\" data-align=\"center\">&#8211;<\/td><td class=\"has-text-align-center\" data-align=\"center\">R$ 3.980,62<\/td><td class=\"has-text-align-center\" data-align=\"center\">03<\/td><td class=\"has-text-align-center\" data-align=\"center\">&#8211;<\/td><\/tr><tr><td class=\"has-text-align-center\" data-align=\"center\">Ge\u00f3logo<\/td><td class=\"has-text-align-center\" data-align=\"center\">&#8211;<\/td><td class=\"has-text-align-center\" data-align=\"center\">R$ 5.081,18<\/td><td class=\"has-text-align-center\" data-align=\"center\">01<\/td><td class=\"has-text-align-center\" data-align=\"center\">&#8211;<\/td><\/tr><tr><td class=\"has-text-align-center\" data-align=\"center\">Qu\u00edmico<\/td><td class=\"has-text-align-center\" data-align=\"center\">&#8211;<\/td><td class=\"has-text-align-center\" data-align=\"center\">R$ 3.980,62<\/td><td class=\"has-text-align-center\" data-align=\"center\">02<\/td><td class=\"has-text-align-center\" data-align=\"center\">&#8211;<\/td><\/tr><tr><td class=\"has-text-align-center\" data-align=\"center\" colspan=\"3\">TOTAL DE VAGAS<\/td><td class=\"has-text-align-center\" data-align=\"center\">66<\/td><td class=\"has-text-align-center\" data-align=\"center\">01<\/td><\/tr><\/tbody><\/table><\/figure>\n\n\n\n<ul class=\"wp-block-list\">\n<li><strong><em>Para a \u00e1rea de atua\u00e7\u00e3o Controle Interno foi exigida a gradua\u00e7\u00e3o nos cursos de Administra\u00e7\u00e3o, ou de Ci\u00eancias Cont\u00e1beis, ou de Economia;<\/em><\/strong><\/li>\n<\/ul>\n\n\n\n<ul class=\"wp-block-list\">\n<li><strong><em>Para a \u00e1rea de atua\u00e7\u00e3o Recursos Humanos foi exigida a gradua\u00e7\u00e3o nos cursos de Administra\u00e7\u00e3o, ou de Psicologia, ou de Pedagogia.<\/em><\/strong><\/li>\n<\/ul>\n\n\n\n<figure class=\"wp-block-table is-style-regular\"><table class=\"has-fixed-layout\"><tbody><tr><td class=\"has-text-align-center\" data-align=\"center\" rowspan=\"2\"><br \/><strong>Cargo (N\u00edvel M\u00e9dio)<\/strong><\/td><td class=\"has-text-align-center\" data-align=\"center\" rowspan=\"2\"><br \/><strong>\u00c1rea de atua\u00e7\u00e3o<\/strong><\/td><td class=\"has-text-align-center\" data-align=\"center\" colspan=\"3\"><strong>Vagas e Vencimentos dos Cargos<\/strong><\/td><\/tr><tr><td class=\"has-text-align-center\" data-align=\"center\"><strong>Vencimento Inicial 2013<\/strong><\/td><td class=\"has-text-align-center\" data-align=\"center\"><strong>Ampla Concorr\u00eancia<\/strong><\/td><td class=\"has-text-align-center\" data-align=\"center\"><strong>PcD<\/strong><\/td><\/tr><tr><td class=\"has-text-align-center\" data-align=\"center\">Agente Administrativo<\/td><td class=\"has-text-align-center\" data-align=\"center\">&#8211;<\/td><td class=\"has-text-align-center\" data-align=\"center\">R$ 2.570,02<\/td><td class=\"has-text-align-center\" data-align=\"center\">04<\/td><td class=\"has-text-align-center\" data-align=\"center\">&#8211;<\/td><\/tr><tr><td class=\"has-text-align-center\" data-align=\"center\" colspan=\"3\">TOTAL DE VAGAS<\/td><td class=\"has-text-align-center\" data-align=\"center\">04<\/td><td class=\"has-text-align-center\" data-align=\"center\">&#8211;<\/td><\/tr><\/tbody><\/table><\/figure>\n\n\n\n<p>Sob organiza\u00e7\u00e3o da Funda\u00e7\u00e3o Get\u00falio Vargas, o processo de sele\u00e7\u00e3o contou com provas objetiva e discursiva, ambas de car\u00e1ter eliminat\u00f3rio e classificat\u00f3rio, que foram realizadas na cidade do Recife.<\/p>\n\n\n\n<h2 class=\"wp-block-heading\" id=\"etapas\">Concurso Sudene: etapas de provas<\/h2>\n\n\n\n<p>O \u00faltimo concurso Sudene foi institu\u00eddo de duas importantes etapas de provas:<\/p>\n\n\n\n<ul class=\"wp-block-list\">\n<li><strong>1\u00aa ETAPA<\/strong> &#8211; Prova Escrita Objetiva, de car\u00e1ter eliminat\u00f3rio e classificat\u00f3rio;<\/li>\n\n\n\n<li><strong>2\u00aa ETAPA <\/strong>&#8211; Prova Escrita Discursiva de car\u00e1ter eliminat\u00f3rio e classificat\u00f3rio.<\/li>\n<\/ul>\n\n\n\n<h3 class=\"wp-block-heading\" id=\"prova-objetiva\">Prova objetiva<\/h3>\n\n\n\n<p>O quadro a seguir apresenta as disciplinas, o n\u00famero de quest\u00f5es e o peso atribu\u00eddo a cada disciplina para o cargo de Analista T\u00e9cnico Administrativo, \u00e1rea de atua\u00e7\u00e3o \u00c1rea 4:<\/p>\n\n\n\n<figure class=\"wp-block-image aligncenter size-full\"><img loading=\"lazy\" decoding=\"async\" width=\"565\" height=\"147\" src=\"https:\/\/dhg1h5j42swfq.cloudfront.net\/2024\/04\/29153104\/image-621.png\" alt=\"Quadro de detalhes da prova objetiva do \u00faltimo edital\" class=\"wp-image-1391703\" srcset=\"https:\/\/dhg1h5j42swfq.cloudfront.net\/2024\/04\/29153104\/image-621.png 565w, https:\/\/dhg1h5j42swfq.cloudfront.net\/2024\/04\/29153104\/image-621-300x78.png 300w, https:\/\/dhg1h5j42swfq.cloudfront.net\/2024\/04\/29153104\/image-621-150x39.png 150w\" sizes=\"auto, (max-width: 565px) 100vw, 565px\" \/><\/figure>\n\n\n\n<p>O quadro a seguir apresenta as disciplinas, o n\u00famero de quest\u00f5es e o peso atribu\u00eddo a cada disciplina para os cargos de N\u00edvel Superior e as demais \u00e1reas de atua\u00e7\u00e3o do cargo de Analista T\u00e9cnico Administrativo:<\/p>\n\n\n\n<figure class=\"wp-block-image aligncenter size-full\"><img loading=\"lazy\" decoding=\"async\" width=\"561\" height=\"164\" src=\"https:\/\/dhg1h5j42swfq.cloudfront.net\/2024\/04\/29153120\/image-623.png\" alt=\"Quadro de detalhes da prova objetiva do \u00faltimo edital\" class=\"wp-image-1391707\" srcset=\"https:\/\/dhg1h5j42swfq.cloudfront.net\/2024\/04\/29153120\/image-623.png 561w, https:\/\/dhg1h5j42swfq.cloudfront.net\/2024\/04\/29153120\/image-623-300x88.png 300w, https:\/\/dhg1h5j42swfq.cloudfront.net\/2024\/04\/29153120\/image-623-150x44.png 150w\" sizes=\"auto, (max-width: 561px) 100vw, 561px\" \/><\/figure>\n\n\n\n<p>J\u00e1 o quadro a seguir apresenta as disciplinas, o n\u00famero de quest\u00f5es e o peso atribu\u00eddo a cada disciplina para o cargo de N\u00edvel M\u00e9dio ou Curso T\u00e9cnico Equivalente:<\/p>\n\n\n\n<figure class=\"wp-block-image aligncenter size-full\"><img loading=\"lazy\" decoding=\"async\" width=\"561\" height=\"165\" src=\"https:\/\/dhg1h5j42swfq.cloudfront.net\/2024\/04\/29153204\/image-624.png\" alt=\"Quadro de detalhes da prova objetiva do \u00faltimo edital\" class=\"wp-image-1391709\" srcset=\"https:\/\/dhg1h5j42swfq.cloudfront.net\/2024\/04\/29153204\/image-624.png 561w, https:\/\/dhg1h5j42swfq.cloudfront.net\/2024\/04\/29153204\/image-624-300x88.png 300w, https:\/\/dhg1h5j42swfq.cloudfront.net\/2024\/04\/29153204\/image-624-150x44.png 150w\" sizes=\"auto, (max-width: 561px) 100vw, 561px\" \/><\/figure>\n\n\n\n<h3 class=\"wp-block-heading\" id=\"discursiva\">Prova discursiva<\/h3>\n\n\n\n<p>A quest\u00e3o da prova discursiva do \u00faltimo concurso Sudene valeu pontos e foi elaborada com base nos conte\u00fados program\u00e1ticos do edital. Veja os detalhes atrav\u00e9s do quadro abaixo:<\/p>\n\n\n\n<figure class=\"wp-block-image aligncenter size-full\"><img loading=\"lazy\" decoding=\"async\" width=\"575\" height=\"493\" src=\"https:\/\/dhg1h5j42swfq.cloudfront.net\/2024\/04\/29153402\/image-626.png\" alt=\"Tabela de crit\u00e9rios da prova discursiva do \u00faltimo edital\" class=\"wp-image-1391716\" srcset=\"https:\/\/dhg1h5j42swfq.cloudfront.net\/2024\/04\/29153402\/image-626.png 575w, https:\/\/dhg1h5j42swfq.cloudfront.net\/2024\/04\/29153402\/image-626-300x257.png 300w, https:\/\/dhg1h5j42swfq.cloudfront.net\/2024\/04\/29153402\/image-626-150x129.png 150w\" sizes=\"auto, (max-width: 575px) 100vw, 575px\" \/><\/figure>\n\n\n\n<hr class=\"wp-block-separator has-alpha-channel-opacity\"\/>\n\n\n\n<h2 class=\"wp-block-heading has-text-align-center\" id=\"cursos\"><em>Quer estudar para o concurso Sudene?<\/em><\/h2>\n\n\n\n<div class=\"container\" id=\"boxes\">\n  <div class=\"row\">\n\n    <div class=\"col-sm\">\n      <div class=\"banner-estrategia\" id=\"box-assinatura\">\n        <h3 class=\"titulo-assinatura\">Cursos para concursos<\/h3>\n        <p class=\"subtitulo-assinatura\">Conhe\u00e7a os cursos<\/p>\n        <div class=\"box-botao\">\n          <a class=\"btn-assinatura\" target=\"_blank\" href=\"https:\/\/www.estrategiaconcursos.com.br\/cursos\/\" role=\"button\" rel=\"noopener noreferrer\">Conhe\u00e7a mais<\/a>\n        <\/div>\n      <\/div>\n     \n    <\/div>\n\n  <\/div>\n<\/div>\n\n\n\n<div class=\"container\" id=\"boxes\">\n  <div class=\"row\">\n\n    <div class=\"col-sm\">\n      <div class=\"estrategia\" id=\"box-assinatura\">\n        <h3 class=\"titulo-assinatura\">Assinatura Concursos<\/h3>\n        <p class=\"subtitulo-assinatura\">Assinatura de 1 ano ou 2 anos<\/p>\n        <div class=\"box-botao\">\n          <a class=\"btn-assinatura\" target=\"_blank\" href=\"https:\/\/www.estrategiaconcursos.com.br\/assinaturas\/\" role=\"button\" rel=\"noopener noreferrer\">ASSINE AGORA<\/a>\n        <\/div>\n      <\/div><\/div><\/div><\/div>\n\n\n\n<h2 class=\"wp-block-heading has-text-align-center\" id=\"h-quer-saber-tudo-sobre-concursos-previstos-confira-nossos-artigos\">Quer saber tudo sobre concursos previstos?<br \/>Confira  nossos artigos!<\/h2>\n\n\n\n<ul class=\"wp-block-list\">\n<li><a href=\"https:\/\/www.estrategiaconcursos.com.br\/blog\/concursos-abertos\/\" target=\"_blank\" rel=\"noreferrer noopener\">Concursos abertos<\/a><\/li>\n\n\n\n<li><a href=\"https:\/\/www.estrategiaconcursos.com.br\/blog\/concurso-administrativos\/\">Concursos administrativos<\/a> <\/li>\n\n\n\n<li><a href=\"https:\/\/www.estrategiaconcursos.com.br\/blog\/concursos-2024\/\" target=\"_blank\" rel=\"noreferrer noopener\">Concursos 2024<\/a><\/li>\n<\/ul>\n\n\n\n<figure class=\"wp-block-image is-resized\"><img loading=\"lazy\" decoding=\"async\" width=\"1024\" height=\"632\" src=\"https:\/\/dhg1h5j42swfq.cloudfront.net\/2021\/04\/22113656\/ficha-tecnica-1-1024x632-1-8.png\" alt=\"Ficha t\u00e9cnica concurso Sefaz RJ\" class=\"wp-image-720787\" style=\"width:305px;height:auto\" srcset=\"https:\/\/dhg1h5j42swfq.cloudfront.net\/2021\/04\/22113656\/ficha-tecnica-1-1024x632-1-8.png 1024w, https:\/\/dhg1h5j42swfq.cloudfront.net\/2021\/04\/22113656\/ficha-tecnica-1-1024x632-1-8-300x185.png 300w, https:\/\/dhg1h5j42swfq.cloudfront.net\/2021\/04\/22113656\/ficha-tecnica-1-1024x632-1-8-768x474.png 768w, https:\/\/dhg1h5j42swfq.cloudfront.net\/2021\/04\/22113656\/ficha-tecnica-1-1024x632-1-8-610x376.png 610w\" sizes=\"auto, (max-width: 1024px) 100vw, 1024px\" \/><\/figure>\n\n\n\n<h3 class=\"wp-block-heading\" id=\"ficha-tecnica\">Informa\u00e7\u00f5es do Concurso Sudene<\/h3>\n\n\n\n<ul class=\"wp-block-list\">\n<li><strong>Data prevista<\/strong>: 2024<\/li>\n\n\n\n<li><strong>Vagas<\/strong>: a definir<\/li>\n\n\n\n<li><strong>Cargo<\/strong>: a definir<\/li>\n\n\n\n<li><strong>Requisitos<\/strong>: a definir<\/li>\n\n\n\n<li><strong>Banca<\/strong>: a definir<\/li>\n\n\n\n<li><strong>\u00daltimo edital: <\/strong><a href=\"https:\/\/dhg1h5j42swfq.cloudfront.net\/2024\/04\/29152354\/edital-sudene-2013.pdf\" target=\"_blank\" rel=\"noreferrer noopener nofollow\">Sudene 2013<\/a><\/li>\n<\/ul>\n","protected":false},"excerpt":{"rendered":"<p>Um novo concurso Sudene (Superintend\u00eancia do Desenvolvimento do Nordeste)&nbsp;foi solicitado ao Minist\u00e9rio da Gest\u00e3o e da Inova\u00e7\u00e3o para provimento de vagas em diversos cargos. A expectativa \u00e9 de que o pedido de concurso seja autorizado ainda neste ano, considerando que a autarquia est\u00e1 dentro do prazo para solicita\u00e7\u00e3o de novos provimentos. De acordo com informa\u00e7\u00f5es [&hellip;]<\/p>\n","protected":false},"author":1,"featured_media":1391679,"comment_status":"open","ping_status":"closed","sticky":false,"template":"","format":"standard","meta":{"post_tipo":"news_page","footnotes":""},"categories":[214992],"tags":[],"tax_estado":[219979],"class_list":["post-1391632","post","type-post","status-publish","format-standard","has-post-thumbnail","hentry","category-concursos-administrativos","tax_estado-pe"],"acf":[],"yoast_head":"<!-- This site is optimized with the Yoast SEO Premium plugin v27.2 (Yoast SEO v27.2) - https:\/\/yoast.com\/product\/yoast-seo-premium-wordpress\/ -->\n<title>Concurso Sudene \u00e9 solicitado para reposi\u00e7\u00e3o de vagas<\/title>\n<meta name=\"description\" content=\"Concurso Sudene \u00e9 solicitado ao Minist\u00e9rio da Gest\u00e3o e da Inova\u00e7\u00e3o para reposi\u00e7\u00e3o de vagas. Acesse e saiba todos os detalhes aqui!\" \/>\n<meta name=\"robots\" content=\"index, follow, max-snippet:-1, max-image-preview:large, max-video-preview:-1\" \/>\n<link rel=\"canonical\" href=\"https:\/\/www.estrategiaconcursos.com.br\/blog\/concurso-sudene\/\" \/>\n<meta property=\"og:locale\" content=\"pt_BR\" \/>\n<meta property=\"og:type\" content=\"article\" \/>\n<meta property=\"og:title\" content=\"Concurso Sudene \u00e9 solicitado para reposi\u00e7\u00e3o de vagas\" \/>\n<meta property=\"og:description\" content=\"Concurso Sudene \u00e9 solicitado ao Minist\u00e9rio da Gest\u00e3o e da Inova\u00e7\u00e3o para reposi\u00e7\u00e3o de vagas. Acesse e saiba todos os detalhes aqui!\" \/>\n<meta property=\"og:url\" content=\"https:\/\/www.estrategiaconcursos.com.br\/blog\/concurso-sudene\/\" \/>\n<meta property=\"og:site_name\" content=\"Estrat\u00e9gia Concursos\" \/>\n<meta property=\"article:author\" content=\"https:\/\/www.facebook.com\/EstrategiaConcursos\" \/>\n<meta property=\"article:published_time\" content=\"2024-04-29T18:10:52+00:00\" \/>\n<meta property=\"article:modified_time\" content=\"2024-04-29T19:37:39+00:00\" \/>\n<meta property=\"og:image\" content=\"https:\/\/dhg1h5j42swfq.cloudfront.net\/2024\/04\/29152113\/sudene-1.jpg\" \/>\n\t<meta property=\"og:image:width\" content=\"768\" \/>\n\t<meta property=\"og:image:height\" content=\"432\" \/>\n\t<meta property=\"og:image:type\" content=\"image\/jpeg\" \/>\n<meta name=\"author\" content=\"Coordena\u00e7\u00e3o\" \/>\n<meta name=\"twitter:card\" content=\"summary_large_image\" \/>\n<meta name=\"twitter:creator\" content=\"@EstratConcursos\" \/>\n<meta name=\"twitter:site\" content=\"@EstratConcursos\" \/>\n<meta name=\"twitter:label1\" content=\"Escrito por\" \/>\n\t<meta name=\"twitter:data1\" content=\"Coordena\u00e7\u00e3o\" \/>\n\t<meta name=\"twitter:label2\" content=\"Est. tempo de leitura\" \/>\n\t<meta name=\"twitter:data2\" content=\"4 minutos\" \/>\n<script type=\"application\/ld+json\" class=\"yoast-schema-graph\">{\"@context\":\"https:\/\/schema.org\",\"@graph\":[{\"@type\":\"NewsArticle\",\"@id\":\"https:\/\/www.estrategiaconcursos.com.br\/blog\/concurso-sudene\/#article\",\"isPartOf\":{\"@id\":\"https:\/\/www.estrategiaconcursos.com.br\/blog\/concurso-sudene\/\"},\"author\":{\"name\":\"Coordena\u00e7\u00e3o\",\"@id\":\"https:\/\/www.estrategiaconcursos.com.br\/blog\/#\/schema\/person\/b4a388c97673c5f483d72185668afa1f\"},\"headline\":\"Concurso Sudene \u00e9 solicitado para reposi\u00e7\u00e3o de vagas\",\"datePublished\":\"2024-04-29T18:10:52+00:00\",\"dateModified\":\"2024-04-29T19:37:39+00:00\",\"mainEntityOfPage\":{\"@id\":\"https:\/\/www.estrategiaconcursos.com.br\/blog\/concurso-sudene\/\"},\"wordCount\":932,\"commentCount\":0,\"publisher\":{\"@id\":\"https:\/\/www.estrategiaconcursos.com.br\/blog\/#organization\"},\"image\":{\"@id\":\"https:\/\/www.estrategiaconcursos.com.br\/blog\/concurso-sudene\/#primaryimage\"},\"thumbnailUrl\":\"https:\/\/dhg1h5j42swfq.cloudfront.net\/2024\/04\/29152113\/sudene-1.jpg\",\"articleSection\":[\"Executivo (Administrativa)\"],\"inLanguage\":\"pt-BR\",\"potentialAction\":[{\"@type\":\"CommentAction\",\"name\":\"Comment\",\"target\":[\"https:\/\/www.estrategiaconcursos.com.br\/blog\/concurso-sudene\/#respond\"]}],\"copyrightYear\":\"2024\",\"copyrightHolder\":{\"@id\":\"https:\/\/www.estrategiaconcursos.com.br\/blog\/#organization\"}},{\"@type\":\"WebPage\",\"@id\":\"https:\/\/www.estrategiaconcursos.com.br\/blog\/concurso-sudene\/\",\"url\":\"https:\/\/www.estrategiaconcursos.com.br\/blog\/concurso-sudene\/\",\"name\":\"Concurso Sudene \u00e9 solicitado para reposi\u00e7\u00e3o de vagas\",\"isPartOf\":{\"@id\":\"https:\/\/www.estrategiaconcursos.com.br\/blog\/#website\"},\"primaryImageOfPage\":{\"@id\":\"https:\/\/www.estrategiaconcursos.com.br\/blog\/concurso-sudene\/#primaryimage\"},\"image\":{\"@id\":\"https:\/\/www.estrategiaconcursos.com.br\/blog\/concurso-sudene\/#primaryimage\"},\"thumbnailUrl\":\"https:\/\/dhg1h5j42swfq.cloudfront.net\/2024\/04\/29152113\/sudene-1.jpg\",\"datePublished\":\"2024-04-29T18:10:52+00:00\",\"dateModified\":\"2024-04-29T19:37:39+00:00\",\"description\":\"Concurso Sudene \u00e9 solicitado ao Minist\u00e9rio da Gest\u00e3o e da Inova\u00e7\u00e3o para reposi\u00e7\u00e3o de vagas. Acesse e saiba todos os detalhes aqui!\",\"breadcrumb\":{\"@id\":\"https:\/\/www.estrategiaconcursos.com.br\/blog\/concurso-sudene\/#breadcrumb\"},\"inLanguage\":\"pt-BR\",\"potentialAction\":[{\"@type\":\"ReadAction\",\"target\":[\"https:\/\/www.estrategiaconcursos.com.br\/blog\/concurso-sudene\/\"]}]},{\"@type\":\"ImageObject\",\"inLanguage\":\"pt-BR\",\"@id\":\"https:\/\/www.estrategiaconcursos.com.br\/blog\/concurso-sudene\/#primaryimage\",\"url\":\"https:\/\/dhg1h5j42swfq.cloudfront.net\/2024\/04\/29152113\/sudene-1.jpg\",\"contentUrl\":\"https:\/\/dhg1h5j42swfq.cloudfront.net\/2024\/04\/29152113\/sudene-1.jpg\",\"width\":768,\"height\":432,\"caption\":\"Concurso Sudene\"},{\"@type\":\"BreadcrumbList\",\"@id\":\"https:\/\/www.estrategiaconcursos.com.br\/blog\/concurso-sudene\/#breadcrumb\",\"itemListElement\":[{\"@type\":\"ListItem\",\"position\":1,\"name\":\"In\u00edcio\",\"item\":\"https:\/\/www.estrategiaconcursos.com.br\/blog\/\"},{\"@type\":\"ListItem\",\"position\":2,\"name\":\"Concurso Sudene \u00e9 solicitado para reposi\u00e7\u00e3o de vagas\"}]},{\"@type\":\"WebSite\",\"@id\":\"https:\/\/www.estrategiaconcursos.com.br\/blog\/#website\",\"url\":\"https:\/\/www.estrategiaconcursos.com.br\/blog\/\",\"name\":\"Estrat\u00e9gia Concursos\",\"description\":\"O blog da Estrat\u00e9gia Concursos traz not\u00edcias sobre concursos e artigos de professores oferecendo cursos para concursos (pdf + videaulas) no site.\",\"publisher\":{\"@id\":\"https:\/\/www.estrategiaconcursos.com.br\/blog\/#organization\"},\"potentialAction\":[{\"@type\":\"SearchAction\",\"target\":{\"@type\":\"EntryPoint\",\"urlTemplate\":\"https:\/\/www.estrategiaconcursos.com.br\/blog\/?s={search_term_string}\"},\"query-input\":{\"@type\":\"PropertyValueSpecification\",\"valueRequired\":true,\"valueName\":\"search_term_string\"}}],\"inLanguage\":\"pt-BR\"},{\"@type\":\"Organization\",\"@id\":\"https:\/\/www.estrategiaconcursos.com.br\/blog\/#organization\",\"name\":\"Estrat\u00e9gia Concursos\",\"url\":\"https:\/\/www.estrategiaconcursos.com.br\/blog\/\",\"logo\":{\"@type\":\"ImageObject\",\"inLanguage\":\"pt-BR\",\"@id\":\"https:\/\/www.estrategiaconcursos.com.br\/blog\/#\/schema\/logo\/image\/\",\"url\":\"https:\/\/dhg1h5j42swfq.cloudfront.net\/2025\/06\/03203428\/logo_concursos-1.jpg\",\"contentUrl\":\"https:\/\/dhg1h5j42swfq.cloudfront.net\/2025\/06\/03203428\/logo_concursos-1.jpg\",\"width\":230,\"height\":60,\"caption\":\"Estrat\u00e9gia Concursos\"},\"image\":{\"@id\":\"https:\/\/www.estrategiaconcursos.com.br\/blog\/#\/schema\/logo\/image\/\"},\"sameAs\":[\"https:\/\/x.com\/EstratConcursos\"]},{\"@type\":\"Person\",\"@id\":\"https:\/\/www.estrategiaconcursos.com.br\/blog\/#\/schema\/person\/b4a388c97673c5f483d72185668afa1f\",\"name\":\"Coordena\u00e7\u00e3o\",\"image\":{\"@type\":\"ImageObject\",\"inLanguage\":\"pt-BR\",\"@id\":\"https:\/\/secure.gravatar.com\/avatar\/b720319e4c9a967eb58678d110f4fe35452fc5d5f97b202bac7b8acceb18c6ad?s=96&d=mm&r=g\",\"url\":\"https:\/\/secure.gravatar.com\/avatar\/b720319e4c9a967eb58678d110f4fe35452fc5d5f97b202bac7b8acceb18c6ad?s=96&d=mm&r=g\",\"contentUrl\":\"https:\/\/secure.gravatar.com\/avatar\/b720319e4c9a967eb58678d110f4fe35452fc5d5f97b202bac7b8acceb18c6ad?s=96&d=mm&r=g\",\"caption\":\"Coordena\u00e7\u00e3o\"},\"sameAs\":[\"https:\/\/www.facebook.com\/EstrategiaConcursos\",\"https:\/\/x.com\/EstratConcursos\"],\"url\":\"https:\/\/www.estrategiaconcursos.com.br\/blog\/author\/estrategia2013\/\"}]}<\/script>\n<!-- \/ Yoast SEO Premium plugin. -->","yoast_head_json":{"title":"Concurso Sudene \u00e9 solicitado para reposi\u00e7\u00e3o de vagas","description":"Concurso Sudene \u00e9 solicitado ao Minist\u00e9rio da Gest\u00e3o e da Inova\u00e7\u00e3o para reposi\u00e7\u00e3o de vagas. Acesse e saiba todos os detalhes aqui!","robots":{"index":"index","follow":"follow","max-snippet":"max-snippet:-1","max-image-preview":"max-image-preview:large","max-video-preview":"max-video-preview:-1"},"canonical":"https:\/\/www.estrategiaconcursos.com.br\/blog\/concurso-sudene\/","og_locale":"pt_BR","og_type":"article","og_title":"Concurso Sudene \u00e9 solicitado para reposi\u00e7\u00e3o de vagas","og_description":"Concurso Sudene \u00e9 solicitado ao Minist\u00e9rio da Gest\u00e3o e da Inova\u00e7\u00e3o para reposi\u00e7\u00e3o de vagas. Acesse e saiba todos os detalhes aqui!","og_url":"https:\/\/www.estrategiaconcursos.com.br\/blog\/concurso-sudene\/","og_site_name":"Estrat\u00e9gia Concursos","article_author":"https:\/\/www.facebook.com\/EstrategiaConcursos","article_published_time":"2024-04-29T18:10:52+00:00","article_modified_time":"2024-04-29T19:37:39+00:00","og_image":[{"width":768,"height":432,"url":"https:\/\/dhg1h5j42swfq.cloudfront.net\/2024\/04\/29152113\/sudene-1.jpg","type":"image\/jpeg"}],"author":"Coordena\u00e7\u00e3o","twitter_card":"summary_large_image","twitter_creator":"@EstratConcursos","twitter_site":"@EstratConcursos","twitter_misc":{"Escrito por":"Coordena\u00e7\u00e3o","Est. tempo de leitura":"4 minutos"},"schema":{"@context":"https:\/\/schema.org","@graph":[{"@type":"NewsArticle","@id":"https:\/\/www.estrategiaconcursos.com.br\/blog\/concurso-sudene\/#article","isPartOf":{"@id":"https:\/\/www.estrategiaconcursos.com.br\/blog\/concurso-sudene\/"},"author":{"name":"Coordena\u00e7\u00e3o","@id":"https:\/\/www.estrategiaconcursos.com.br\/blog\/#\/schema\/person\/b4a388c97673c5f483d72185668afa1f"},"headline":"Concurso Sudene \u00e9 solicitado para reposi\u00e7\u00e3o de vagas","datePublished":"2024-04-29T18:10:52+00:00","dateModified":"2024-04-29T19:37:39+00:00","mainEntityOfPage":{"@id":"https:\/\/www.estrategiaconcursos.com.br\/blog\/concurso-sudene\/"},"wordCount":932,"commentCount":0,"publisher":{"@id":"https:\/\/www.estrategiaconcursos.com.br\/blog\/#organization"},"image":{"@id":"https:\/\/www.estrategiaconcursos.com.br\/blog\/concurso-sudene\/#primaryimage"},"thumbnailUrl":"https:\/\/dhg1h5j42swfq.cloudfront.net\/2024\/04\/29152113\/sudene-1.jpg","articleSection":["Executivo (Administrativa)"],"inLanguage":"pt-BR","potentialAction":[{"@type":"CommentAction","name":"Comment","target":["https:\/\/www.estrategiaconcursos.com.br\/blog\/concurso-sudene\/#respond"]}],"copyrightYear":"2024","copyrightHolder":{"@id":"https:\/\/www.estrategiaconcursos.com.br\/blog\/#organization"}},{"@type":"WebPage","@id":"https:\/\/www.estrategiaconcursos.com.br\/blog\/concurso-sudene\/","url":"https:\/\/www.estrategiaconcursos.com.br\/blog\/concurso-sudene\/","name":"Concurso Sudene \u00e9 solicitado para reposi\u00e7\u00e3o de vagas","isPartOf":{"@id":"https:\/\/www.estrategiaconcursos.com.br\/blog\/#website"},"primaryImageOfPage":{"@id":"https:\/\/www.estrategiaconcursos.com.br\/blog\/concurso-sudene\/#primaryimage"},"image":{"@id":"https:\/\/www.estrategiaconcursos.com.br\/blog\/concurso-sudene\/#primaryimage"},"thumbnailUrl":"https:\/\/dhg1h5j42swfq.cloudfront.net\/2024\/04\/29152113\/sudene-1.jpg","datePublished":"2024-04-29T18:10:52+00:00","dateModified":"2024-04-29T19:37:39+00:00","description":"Concurso Sudene \u00e9 solicitado ao Minist\u00e9rio da Gest\u00e3o e da Inova\u00e7\u00e3o para reposi\u00e7\u00e3o de vagas. Acesse e saiba todos os detalhes aqui!","breadcrumb":{"@id":"https:\/\/www.estrategiaconcursos.com.br\/blog\/concurso-sudene\/#breadcrumb"},"inLanguage":"pt-BR","potentialAction":[{"@type":"ReadAction","target":["https:\/\/www.estrategiaconcursos.com.br\/blog\/concurso-sudene\/"]}]},{"@type":"ImageObject","inLanguage":"pt-BR","@id":"https:\/\/www.estrategiaconcursos.com.br\/blog\/concurso-sudene\/#primaryimage","url":"https:\/\/dhg1h5j42swfq.cloudfront.net\/2024\/04\/29152113\/sudene-1.jpg","contentUrl":"https:\/\/dhg1h5j42swfq.cloudfront.net\/2024\/04\/29152113\/sudene-1.jpg","width":768,"height":432,"caption":"Concurso Sudene"},{"@type":"BreadcrumbList","@id":"https:\/\/www.estrategiaconcursos.com.br\/blog\/concurso-sudene\/#breadcrumb","itemListElement":[{"@type":"ListItem","position":1,"name":"In\u00edcio","item":"https:\/\/www.estrategiaconcursos.com.br\/blog\/"},{"@type":"ListItem","position":2,"name":"Concurso Sudene \u00e9 solicitado para reposi\u00e7\u00e3o de vagas"}]},{"@type":"WebSite","@id":"https:\/\/www.estrategiaconcursos.com.br\/blog\/#website","url":"https:\/\/www.estrategiaconcursos.com.br\/blog\/","name":"Estrat\u00e9gia Concursos","description":"O blog da Estrat\u00e9gia Concursos traz not\u00edcias sobre concursos e artigos de professores oferecendo cursos para concursos (pdf + videaulas) no site.","publisher":{"@id":"https:\/\/www.estrategiaconcursos.com.br\/blog\/#organization"},"potentialAction":[{"@type":"SearchAction","target":{"@type":"EntryPoint","urlTemplate":"https:\/\/www.estrategiaconcursos.com.br\/blog\/?s={search_term_string}"},"query-input":{"@type":"PropertyValueSpecification","valueRequired":true,"valueName":"search_term_string"}}],"inLanguage":"pt-BR"},{"@type":"Organization","@id":"https:\/\/www.estrategiaconcursos.com.br\/blog\/#organization","name":"Estrat\u00e9gia Concursos","url":"https:\/\/www.estrategiaconcursos.com.br\/blog\/","logo":{"@type":"ImageObject","inLanguage":"pt-BR","@id":"https:\/\/www.estrategiaconcursos.com.br\/blog\/#\/schema\/logo\/image\/","url":"https:\/\/dhg1h5j42swfq.cloudfront.net\/2025\/06\/03203428\/logo_concursos-1.jpg","contentUrl":"https:\/\/dhg1h5j42swfq.cloudfront.net\/2025\/06\/03203428\/logo_concursos-1.jpg","width":230,"height":60,"caption":"Estrat\u00e9gia Concursos"},"image":{"@id":"https:\/\/www.estrategiaconcursos.com.br\/blog\/#\/schema\/logo\/image\/"},"sameAs":["https:\/\/x.com\/EstratConcursos"]},{"@type":"Person","@id":"https:\/\/www.estrategiaconcursos.com.br\/blog\/#\/schema\/person\/b4a388c97673c5f483d72185668afa1f","name":"Coordena\u00e7\u00e3o","image":{"@type":"ImageObject","inLanguage":"pt-BR","@id":"https:\/\/secure.gravatar.com\/avatar\/b720319e4c9a967eb58678d110f4fe35452fc5d5f97b202bac7b8acceb18c6ad?s=96&d=mm&r=g","url":"https:\/\/secure.gravatar.com\/avatar\/b720319e4c9a967eb58678d110f4fe35452fc5d5f97b202bac7b8acceb18c6ad?s=96&d=mm&r=g","contentUrl":"https:\/\/secure.gravatar.com\/avatar\/b720319e4c9a967eb58678d110f4fe35452fc5d5f97b202bac7b8acceb18c6ad?s=96&d=mm&r=g","caption":"Coordena\u00e7\u00e3o"},"sameAs":["https:\/\/www.facebook.com\/EstrategiaConcursos","https:\/\/x.com\/EstratConcursos"],"url":"https:\/\/www.estrategiaconcursos.com.br\/blog\/author\/estrategia2013\/"}]}},"_links":{"self":[{"href":"https:\/\/www.estrategiaconcursos.com.br\/blog\/wp-json\/wp\/v2\/posts\/1391632","targetHints":{"allow":["GET"]}}],"collection":[{"href":"https:\/\/www.estrategiaconcursos.com.br\/blog\/wp-json\/wp\/v2\/posts"}],"about":[{"href":"https:\/\/www.estrategiaconcursos.com.br\/blog\/wp-json\/wp\/v2\/types\/post"}],"author":[{"embeddable":true,"href":"https:\/\/www.estrategiaconcursos.com.br\/blog\/wp-json\/wp\/v2\/users\/1"}],"replies":[{"embeddable":true,"href":"https:\/\/www.estrategiaconcursos.com.br\/blog\/wp-json\/wp\/v2\/comments?post=1391632"}],"version-history":[{"count":24,"href":"https:\/\/www.estrategiaconcursos.com.br\/blog\/wp-json\/wp\/v2\/posts\/1391632\/revisions"}],"predecessor-version":[{"id":1391793,"href":"https:\/\/www.estrategiaconcursos.com.br\/blog\/wp-json\/wp\/v2\/posts\/1391632\/revisions\/1391793"}],"wp:featuredmedia":[{"embeddable":true,"href":"https:\/\/www.estrategiaconcursos.com.br\/blog\/wp-json\/wp\/v2\/media\/1391679"}],"wp:attachment":[{"href":"https:\/\/www.estrategiaconcursos.com.br\/blog\/wp-json\/wp\/v2\/media?parent=1391632"}],"wp:term":[{"taxonomy":"category","embeddable":true,"href":"https:\/\/www.estrategiaconcursos.com.br\/blog\/wp-json\/wp\/v2\/categories?post=1391632"},{"taxonomy":"post_tag","embeddable":true,"href":"https:\/\/www.estrategiaconcursos.com.br\/blog\/wp-json\/wp\/v2\/tags?post=1391632"},{"taxonomy":"tax_estado","embeddable":true,"href":"https:\/\/www.estrategiaconcursos.com.br\/blog\/wp-json\/wp\/v2\/tax_estado?post=1391632"}],"curies":[{"name":"wp","href":"https:\/\/api.w.org\/{rel}","templated":true}]}}