{"id":138997,"date":"2018-10-10T05:00:13","date_gmt":"2018-10-10T08:00:13","guid":{"rendered":"https:\/\/www.estrategiaconcursos.com.br\/blog\/?p=138997"},"modified":"2018-10-10T11:27:33","modified_gmt":"2018-10-10T14:27:33","slug":"edital-sedf-2018","status":"publish","type":"post","link":"https:\/\/www.estrategiaconcursos.com.br\/blog\/edital-sedf-2018\/","title":{"rendered":"Edital SEDF: Provas ocorrem neste domingo para professor substituto"},"content":{"rendered":"<p><em><strong><span style=\"font-size: 18pt;\">Confira as informa\u00e7\u00f5es sobre o edital SEDF<\/span><\/strong><\/em><\/p>\n<p>Est\u00e3o oficialmente encerradas as inscri\u00e7\u00f5es para o concurso SEDF, que\u00a0visa a contrata\u00e7\u00e3o\u00a0tempor\u00e1ria de professores substitutos em mais de 30 \u00e1reas. O prazo para participar foi at\u00e9 o dia 04 de outubro, no site da organizadora, o Instituto Quadrix.<\/p>\n<p>Segundo o edital, h\u00e1 vagas para professores nos segmentos de:<\/p>\n<p><em>\u00a0Matem\u00e1tica, Administra\u00e7\u00e3o e\u00a0 Contabilidade<br \/>\nFilosofia, Arte e Letras;<br \/>\nBiologia, Biomedicina e Ci\u00eancias Naturais;<br \/>\n<\/em><em>Nutri\u00e7\u00e3o e Enfermagem<br \/>\nDireito;<br \/>\nEletr\u00f4nica e Eletrot\u00e9cnica\u00a0<\/em><\/p>\n<p>Para conferir todas as \u00e1reas contempladas no processo seletivo, consulte o edital dispon\u00edvel no fim desta p\u00e1gina.<\/p>\n<h3>Etapas do Processo Seletivo SEDF<\/h3>\n<p>O processo seletivo ser\u00e1 composto por \u00fanica etapa: prova objetiva com 100 quest\u00f5es, dividas entre conhecimentos b\u00e1sicos, espec\u00edficos e complementares. Conforme a tabela a seguir:<\/p>\n<p><img loading=\"lazy\" decoding=\"async\" class=\"aligncenter wp-image-139002 size-full\" src=\"https:\/\/dhg1h5j42swfq.cloudfront.net\/2018\/09\/03090524\/sedf1.jpg\" alt=\"edital sedf \" width=\"803\" height=\"95\" srcset=\"https:\/\/dhg1h5j42swfq.cloudfront.net\/2018\/09\/03090524\/sedf1.jpg 803w, https:\/\/dhg1h5j42swfq.cloudfront.net\/2018\/09\/03090524\/sedf1.jpg 300w, https:\/\/dhg1h5j42swfq.cloudfront.net\/2018\/09\/03090524\/sedf1.jpg 768w, https:\/\/dhg1h5j42swfq.cloudfront.net\/2018\/09\/03090524\/sedf1.jpg 610w\" sizes=\"auto, (max-width: 803px) 100vw, 803px\" \/><\/p>\n<p>No bloco de conhecimentos b\u00e1sicos, os candidatos ter\u00e3o as disciplinas de: <em>L\u00edngua Portuguesa, Atualidades e Legisla\u00e7\u00e3o<\/em>. As provas tem data de aplica\u00e7\u00e3o prevista para <strong>14 de outubro<\/strong>.<\/p>\n<h3>Remunera\u00e7\u00e3o e Gratifica\u00e7\u00f5es<\/h3>\n<p>As vagas ofertadas dividem-se em dois regimes de 20 e 40 horas semanais. Para a primeira carga hor\u00e1ria, o vencimento b\u00e1sico \u00e9 de\u00a0R$ 1.929,43; j\u00e1 para a segunda, o sal\u00e1rio sobe para R$3.858,87. Vale ressaltar que os vencimentos ainda ser\u00e3o acrescidos por gratifica\u00e7\u00e3o de atividade pedag\u00f3gica, GAPED.<\/p>\n<p>Confira os detalhes na tabela abaixo:<\/p>\n<p><img loading=\"lazy\" decoding=\"async\" class=\"aligncenter wp-image-139004 size-full\" src=\"https:\/\/dhg1h5j42swfq.cloudfront.net\/2018\/09\/03091319\/sedf11.jpg\" alt=\"edital sedf \" width=\"978\" height=\"141\" srcset=\"https:\/\/dhg1h5j42swfq.cloudfront.net\/2018\/09\/03091319\/sedf11.jpg 978w, https:\/\/dhg1h5j42swfq.cloudfront.net\/2018\/09\/03091319\/sedf11.jpg 300w, https:\/\/dhg1h5j42swfq.cloudfront.net\/2018\/09\/03091319\/sedf11.jpg 768w, https:\/\/dhg1h5j42swfq.cloudfront.net\/2018\/09\/03091319\/sedf11.jpg 610w\" sizes=\"auto, (max-width: 978px) 100vw, 978px\" \/><\/p>\n<p>Al\u00e9m disso, os professores tamb\u00e9m poder\u00e3o receber mais 5 gratifica\u00e7\u00f5es, s\u00e3o estas:<\/p>\n<ul>\n<li>Gratifica\u00e7\u00e3o de Atividade de Alfabetiza\u00e7\u00e3o \u2013 GAA;<\/li>\n<li>Gratifica\u00e7\u00e3o de Atividade de Ensino Especial \u2013 GAEE;<\/li>\n<li>Gratifica\u00e7\u00e3o de Atividade em Zona Rural \u2013 GAZR;<\/li>\n<li>Gratifica\u00e7\u00e3o de Atividade de Doc\u00eancia em Estabelecimento de Ensino Diferenciado -GADEED;<\/li>\n<li>Gratifica\u00e7\u00e3o de Atividade de Doc\u00eancia em Estabelecimento de Restri\u00e7\u00e3o e Priva\u00e7\u00e3o de Liberdade \u2013 GADERL<\/li>\n<\/ul>\n<p>&nbsp;<\/p>\n<p style=\"text-align: center;\"><strong><em>Gostou dessa oportunidade e deseja se preparar para este concurso?<\/em><\/strong><br \/>\n<strong><em>Esteja mais preparado com nossos cursos. Acompanhe as novidades!<\/em><\/strong><\/p>\n<p style=\"text-align: center;\"><strong><a href=\"https:\/\/www.estrategiaconcursos.com.br\/cursosPorConcurso\/promocao-secretaria-de-educacao-do-distrito-federal-se-df\/\" target=\"_blank\" rel=\"noopener\">CURSOS CONCURSOS SEDF \u2013 ESTRAT\u00c9GIA CONCURSOS<\/a><\/strong><\/p>\n<p>&nbsp;<\/p>\n<p><img loading=\"lazy\" decoding=\"async\" class=\"size-full wp-image-68542 alignleft\" src=\"https:\/\/dhg1h5j42swfq.cloudfront.net\/2017\/03\/28152500\/coruja-ficha-tecnica-300x102.png\" alt=\"Ficha t\u00e9cnica concurso guarda civil SJC\" width=\"300\" height=\"102\" \/><\/p>\n<div id=\"attachment_60957\" class=\"wp-caption alignnone\">\n<p>&nbsp;<\/p>\n<p>&nbsp;<\/p>\n<p>&nbsp;<\/p>\n<p class=\"wp-caption-text\"><strong>Informa\u00e7\u00f5es do Processo Seletivo SEDF 2018<\/strong><\/p>\n<\/div>\n<p>\u25ba<strong>Data prevista da prova<\/strong>: 14 de outubro<br \/>\n\u25ba<strong>Vagas<\/strong>: cadastro reserva<br \/>\n\u25ba<strong>Cargos<\/strong>: Professor substituto tempor\u00e1rio<br \/>\n\u25ba<strong>Lota\u00e7\u00f5es<\/strong>: Distrito Federal<br \/>\n\u25ba<strong>Banca<\/strong>: Quadrix<br \/>\n\u25ba<strong>Edital 2018<\/strong>:\u00a0<a href=\"http:\/\/www.buriti.df.gov.br\/ftp\/diariooficial\/2018\/09_Setembro\/DODF%20168%2003-09-2018\/DODF%20168%2003-09-2018%20INTEGRA.pdf\" target=\"_blank\" rel=\"noopener\">Edital SEDF 2018<\/a><\/p>\n<p><em>Fernanda Brito<br \/>\n<\/em><em>Ascom Estrat\u00e9gia<\/em><br \/>\nascomestrategia@gmail.com<\/p>\n<hr \/>\n<p style=\"text-align: center;\"><em><strong>Receba not\u00edcias de Concursos no seu WhatsApp e\/ou Telegram!<\/strong><\/em><\/p>\n<p style=\"text-align: center;\"><em><strong>Cadastre-se clicando no \u00edcone abaixo<br \/>\n<a href=\"https:\/\/www.estrategiaconcursos.com.br\/blog\/noticias-de-concursos-whatsapp-estrategia-concursos\/\" target=\"_blank\" rel=\"noopener\"><img loading=\"lazy\" decoding=\"async\" class=\"aligncenter wp-image-112824 \" src=\"https:\/\/www.estrategiaconcursos.com.br\/blog\/wp-content\/uploads\/2018\/03\/whatsapptelegram.png\" sizes=\"auto, (max-width: 220px) 100vw, 220px\" srcset=\"https:\/\/www.estrategiaconcursos.com.br\/blog\/wp-content\/uploads\/2018\/03\/whatsapptelegram.png 640w, https:\/\/www.estrategiaconcursos.com.br\/blog\/wp-content\/uploads\/2018\/03\/whatsapptelegram-300x169.png 300w, https:\/\/www.estrategiaconcursos.com.br\/blog\/wp-content\/uploads\/2018\/03\/whatsapptelegram-610x343.png 610w\" alt=\"\" width=\"220\" height=\"124\" \/><\/a><br \/>\n<\/strong><\/em><a href=\"https:\/\/www.estrategiaconcursos.com.br\/blog\/noticias-de-concursos-whatsapp-estrategia-concursos\/\" target=\"_blank\" rel=\"noopener\">Not\u00edcias de concursos no seu WhatsApp e\/ou Telegram<\/a><\/p>\n","protected":false},"excerpt":{"rendered":"<p>Confira as informa\u00e7\u00f5es sobre o edital SEDF Est\u00e3o oficialmente encerradas as inscri\u00e7\u00f5es para o concurso SEDF, que\u00a0visa a contrata\u00e7\u00e3o\u00a0tempor\u00e1ria de professores substitutos em mais de 30 \u00e1reas. O prazo para participar foi at\u00e9 o dia 04 de outubro, no site da organizadora, o Instituto Quadrix. Segundo o edital, h\u00e1 vagas para professores nos segmentos de: [&hellip;]<\/p>\n","protected":false},"author":1,"featured_media":145652,"comment_status":"open","ping_status":"closed","sticky":false,"template":"","format":"standard","meta":{"post_tipo":"news","footnotes":""},"categories":[1],"tags":[],"tax_estado":[],"class_list":["post-138997","post","type-post","status-publish","format-standard","has-post-thumbnail","hentry","category-cursos-e-concursos"],"acf":[],"yoast_head":"<!-- This site is optimized with the Yoast SEO Premium plugin v27.2 (Yoast SEO v27.2) - https:\/\/yoast.com\/product\/yoast-seo-premium-wordpress\/ -->\n<title>Edital SEDF: Provas ocorrem neste domingo para professor substituto<\/title>\n<meta name=\"description\" content=\"Edital SEDF: com inscri\u00e7\u00f5es encerradas e provas previstas para outubro, processo seletivo oferta vagas em cadastro de reserva para Professor Substituto.\" \/>\n<meta name=\"robots\" content=\"index, follow, max-snippet:-1, max-image-preview:large, max-video-preview:-1\" \/>\n<link rel=\"canonical\" href=\"https:\/\/www.estrategiaconcursos.com.br\/blog\/edital-sedf-2018\/\" \/>\n<meta property=\"og:locale\" content=\"pt_BR\" \/>\n<meta property=\"og:type\" content=\"article\" \/>\n<meta property=\"og:title\" content=\"Edital SEDF: Provas ocorrem neste domingo para professor substituto\" \/>\n<meta property=\"og:description\" content=\"Edital SEDF: com inscri\u00e7\u00f5es encerradas e provas previstas para outubro, processo seletivo oferta vagas em cadastro de reserva para Professor Substituto.\" \/>\n<meta property=\"og:url\" content=\"https:\/\/www.estrategiaconcursos.com.br\/blog\/edital-sedf-2018\/\" \/>\n<meta property=\"og:site_name\" content=\"Estrat\u00e9gia Concursos\" \/>\n<meta property=\"article:author\" content=\"https:\/\/www.facebook.com\/EstrategiaConcursos\" \/>\n<meta property=\"article:published_time\" content=\"2018-10-10T08:00:13+00:00\" \/>\n<meta property=\"article:modified_time\" content=\"2018-10-10T14:27:33+00:00\" \/>\n<meta property=\"og:image\" content=\"https:\/\/dhg1h5j42swfq.cloudfront.net\/2018\/10\/05102353\/SEDF-e1538745840831.jpg\" \/>\n\t<meta property=\"og:image:width\" content=\"400\" \/>\n\t<meta property=\"og:image:height\" content=\"209\" \/>\n\t<meta property=\"og:image:type\" content=\"image\/jpeg\" \/>\n<meta name=\"author\" content=\"Coordena\u00e7\u00e3o\" \/>\n<meta name=\"twitter:card\" content=\"summary_large_image\" \/>\n<meta name=\"twitter:creator\" content=\"@EstratConcursos\" \/>\n<meta name=\"twitter:site\" content=\"@EstratConcursos\" \/>\n<meta name=\"twitter:label1\" content=\"Escrito por\" \/>\n\t<meta name=\"twitter:data1\" content=\"Coordena\u00e7\u00e3o\" \/>\n\t<meta name=\"twitter:label2\" content=\"Est. tempo de leitura\" \/>\n\t<meta name=\"twitter:data2\" content=\"2 minutos\" \/>\n<script type=\"application\/ld+json\" class=\"yoast-schema-graph\">{\"@context\":\"https:\/\/schema.org\",\"@graph\":[{\"@type\":\"NewsArticle\",\"@id\":\"https:\/\/www.estrategiaconcursos.com.br\/blog\/edital-sedf-2018\/#article\",\"isPartOf\":{\"@id\":\"https:\/\/www.estrategiaconcursos.com.br\/blog\/edital-sedf-2018\/\"},\"author\":{\"name\":\"Coordena\u00e7\u00e3o\",\"@id\":\"https:\/\/www.estrategiaconcursos.com.br\/blog\/#\/schema\/person\/b4a388c97673c5f483d72185668afa1f\"},\"headline\":\"Edital SEDF: Provas ocorrem neste domingo para professor substituto\",\"datePublished\":\"2018-10-10T08:00:13+00:00\",\"dateModified\":\"2018-10-10T14:27:33+00:00\",\"mainEntityOfPage\":{\"@id\":\"https:\/\/www.estrategiaconcursos.com.br\/blog\/edital-sedf-2018\/\"},\"wordCount\":402,\"commentCount\":2,\"publisher\":{\"@id\":\"https:\/\/www.estrategiaconcursos.com.br\/blog\/#organization\"},\"image\":{\"@id\":\"https:\/\/www.estrategiaconcursos.com.br\/blog\/edital-sedf-2018\/#primaryimage\"},\"thumbnailUrl\":\"https:\/\/dhg1h5j42swfq.cloudfront.net\/2018\/10\/05102353\/SEDF-e1538745840831.jpg\",\"articleSection\":[\"Concursos P\u00fablicos\"],\"inLanguage\":\"pt-BR\",\"potentialAction\":[{\"@type\":\"CommentAction\",\"name\":\"Comment\",\"target\":[\"https:\/\/www.estrategiaconcursos.com.br\/blog\/edital-sedf-2018\/#respond\"]}],\"copyrightYear\":\"2018\",\"copyrightHolder\":{\"@id\":\"https:\/\/www.estrategiaconcursos.com.br\/blog\/#organization\"}},{\"@type\":\"WebPage\",\"@id\":\"https:\/\/www.estrategiaconcursos.com.br\/blog\/edital-sedf-2018\/\",\"url\":\"https:\/\/www.estrategiaconcursos.com.br\/blog\/edital-sedf-2018\/\",\"name\":\"Edital SEDF: Provas ocorrem neste domingo para professor substituto\",\"isPartOf\":{\"@id\":\"https:\/\/www.estrategiaconcursos.com.br\/blog\/#website\"},\"primaryImageOfPage\":{\"@id\":\"https:\/\/www.estrategiaconcursos.com.br\/blog\/edital-sedf-2018\/#primaryimage\"},\"image\":{\"@id\":\"https:\/\/www.estrategiaconcursos.com.br\/blog\/edital-sedf-2018\/#primaryimage\"},\"thumbnailUrl\":\"https:\/\/dhg1h5j42swfq.cloudfront.net\/2018\/10\/05102353\/SEDF-e1538745840831.jpg\",\"datePublished\":\"2018-10-10T08:00:13+00:00\",\"dateModified\":\"2018-10-10T14:27:33+00:00\",\"description\":\"Edital SEDF: com inscri\u00e7\u00f5es encerradas e provas previstas para outubro, processo seletivo oferta vagas em cadastro de reserva para Professor Substituto.\",\"breadcrumb\":{\"@id\":\"https:\/\/www.estrategiaconcursos.com.br\/blog\/edital-sedf-2018\/#breadcrumb\"},\"inLanguage\":\"pt-BR\",\"potentialAction\":[{\"@type\":\"ReadAction\",\"target\":[\"https:\/\/www.estrategiaconcursos.com.br\/blog\/edital-sedf-2018\/\"]}]},{\"@type\":\"ImageObject\",\"inLanguage\":\"pt-BR\",\"@id\":\"https:\/\/www.estrategiaconcursos.com.br\/blog\/edital-sedf-2018\/#primaryimage\",\"url\":\"https:\/\/dhg1h5j42swfq.cloudfront.net\/2018\/10\/05102353\/SEDF-e1538745840831.jpg\",\"contentUrl\":\"https:\/\/dhg1h5j42swfq.cloudfront.net\/2018\/10\/05102353\/SEDF-e1538745840831.jpg\",\"width\":400,\"height\":209,\"caption\":\"concurso SEDF\"},{\"@type\":\"BreadcrumbList\",\"@id\":\"https:\/\/www.estrategiaconcursos.com.br\/blog\/edital-sedf-2018\/#breadcrumb\",\"itemListElement\":[{\"@type\":\"ListItem\",\"position\":1,\"name\":\"In\u00edcio\",\"item\":\"https:\/\/www.estrategiaconcursos.com.br\/blog\/\"},{\"@type\":\"ListItem\",\"position\":2,\"name\":\"Edital SEDF: Provas ocorrem neste domingo para professor substituto\"}]},{\"@type\":\"WebSite\",\"@id\":\"https:\/\/www.estrategiaconcursos.com.br\/blog\/#website\",\"url\":\"https:\/\/www.estrategiaconcursos.com.br\/blog\/\",\"name\":\"Estrat\u00e9gia Concursos\",\"description\":\"O blog da Estrat\u00e9gia Concursos traz not\u00edcias sobre concursos e artigos de professores oferecendo cursos para concursos (pdf + videaulas) no site.\",\"publisher\":{\"@id\":\"https:\/\/www.estrategiaconcursos.com.br\/blog\/#organization\"},\"potentialAction\":[{\"@type\":\"SearchAction\",\"target\":{\"@type\":\"EntryPoint\",\"urlTemplate\":\"https:\/\/www.estrategiaconcursos.com.br\/blog\/?s={search_term_string}\"},\"query-input\":{\"@type\":\"PropertyValueSpecification\",\"valueRequired\":true,\"valueName\":\"search_term_string\"}}],\"inLanguage\":\"pt-BR\"},{\"@type\":\"Organization\",\"@id\":\"https:\/\/www.estrategiaconcursos.com.br\/blog\/#organization\",\"name\":\"Estrat\u00e9gia Concursos\",\"url\":\"https:\/\/www.estrategiaconcursos.com.br\/blog\/\",\"logo\":{\"@type\":\"ImageObject\",\"inLanguage\":\"pt-BR\",\"@id\":\"https:\/\/www.estrategiaconcursos.com.br\/blog\/#\/schema\/logo\/image\/\",\"url\":\"https:\/\/dhg1h5j42swfq.cloudfront.net\/2025\/06\/03203428\/logo_concursos-1.jpg\",\"contentUrl\":\"https:\/\/dhg1h5j42swfq.cloudfront.net\/2025\/06\/03203428\/logo_concursos-1.jpg\",\"width\":230,\"height\":60,\"caption\":\"Estrat\u00e9gia Concursos\"},\"image\":{\"@id\":\"https:\/\/www.estrategiaconcursos.com.br\/blog\/#\/schema\/logo\/image\/\"},\"sameAs\":[\"https:\/\/x.com\/EstratConcursos\"]},{\"@type\":\"Person\",\"@id\":\"https:\/\/www.estrategiaconcursos.com.br\/blog\/#\/schema\/person\/b4a388c97673c5f483d72185668afa1f\",\"name\":\"Coordena\u00e7\u00e3o\",\"image\":{\"@type\":\"ImageObject\",\"inLanguage\":\"pt-BR\",\"@id\":\"https:\/\/secure.gravatar.com\/avatar\/b720319e4c9a967eb58678d110f4fe35452fc5d5f97b202bac7b8acceb18c6ad?s=96&d=mm&r=g\",\"url\":\"https:\/\/secure.gravatar.com\/avatar\/b720319e4c9a967eb58678d110f4fe35452fc5d5f97b202bac7b8acceb18c6ad?s=96&d=mm&r=g\",\"contentUrl\":\"https:\/\/secure.gravatar.com\/avatar\/b720319e4c9a967eb58678d110f4fe35452fc5d5f97b202bac7b8acceb18c6ad?s=96&d=mm&r=g\",\"caption\":\"Coordena\u00e7\u00e3o\"},\"sameAs\":[\"https:\/\/www.facebook.com\/EstrategiaConcursos\",\"https:\/\/x.com\/EstratConcursos\"],\"url\":\"https:\/\/www.estrategiaconcursos.com.br\/blog\/author\/estrategia2013\/\"}]}<\/script>\n<!-- \/ Yoast SEO Premium plugin. -->","yoast_head_json":{"title":"Edital SEDF: Provas ocorrem neste domingo para professor substituto","description":"Edital SEDF: com inscri\u00e7\u00f5es encerradas e provas previstas para outubro, processo seletivo oferta vagas em cadastro de reserva para Professor Substituto.","robots":{"index":"index","follow":"follow","max-snippet":"max-snippet:-1","max-image-preview":"max-image-preview:large","max-video-preview":"max-video-preview:-1"},"canonical":"https:\/\/www.estrategiaconcursos.com.br\/blog\/edital-sedf-2018\/","og_locale":"pt_BR","og_type":"article","og_title":"Edital SEDF: Provas ocorrem neste domingo para professor substituto","og_description":"Edital SEDF: com inscri\u00e7\u00f5es encerradas e provas previstas para outubro, processo seletivo oferta vagas em cadastro de reserva para Professor Substituto.","og_url":"https:\/\/www.estrategiaconcursos.com.br\/blog\/edital-sedf-2018\/","og_site_name":"Estrat\u00e9gia Concursos","article_author":"https:\/\/www.facebook.com\/EstrategiaConcursos","article_published_time":"2018-10-10T08:00:13+00:00","article_modified_time":"2018-10-10T14:27:33+00:00","og_image":[{"width":400,"height":209,"url":"https:\/\/dhg1h5j42swfq.cloudfront.net\/2018\/10\/05102353\/SEDF-e1538745840831.jpg","type":"image\/jpeg"}],"author":"Coordena\u00e7\u00e3o","twitter_card":"summary_large_image","twitter_creator":"@EstratConcursos","twitter_site":"@EstratConcursos","twitter_misc":{"Escrito por":"Coordena\u00e7\u00e3o","Est. tempo de leitura":"2 minutos"},"schema":{"@context":"https:\/\/schema.org","@graph":[{"@type":"NewsArticle","@id":"https:\/\/www.estrategiaconcursos.com.br\/blog\/edital-sedf-2018\/#article","isPartOf":{"@id":"https:\/\/www.estrategiaconcursos.com.br\/blog\/edital-sedf-2018\/"},"author":{"name":"Coordena\u00e7\u00e3o","@id":"https:\/\/www.estrategiaconcursos.com.br\/blog\/#\/schema\/person\/b4a388c97673c5f483d72185668afa1f"},"headline":"Edital SEDF: Provas ocorrem neste domingo para professor substituto","datePublished":"2018-10-10T08:00:13+00:00","dateModified":"2018-10-10T14:27:33+00:00","mainEntityOfPage":{"@id":"https:\/\/www.estrategiaconcursos.com.br\/blog\/edital-sedf-2018\/"},"wordCount":402,"commentCount":2,"publisher":{"@id":"https:\/\/www.estrategiaconcursos.com.br\/blog\/#organization"},"image":{"@id":"https:\/\/www.estrategiaconcursos.com.br\/blog\/edital-sedf-2018\/#primaryimage"},"thumbnailUrl":"https:\/\/dhg1h5j42swfq.cloudfront.net\/2018\/10\/05102353\/SEDF-e1538745840831.jpg","articleSection":["Concursos P\u00fablicos"],"inLanguage":"pt-BR","potentialAction":[{"@type":"CommentAction","name":"Comment","target":["https:\/\/www.estrategiaconcursos.com.br\/blog\/edital-sedf-2018\/#respond"]}],"copyrightYear":"2018","copyrightHolder":{"@id":"https:\/\/www.estrategiaconcursos.com.br\/blog\/#organization"}},{"@type":"WebPage","@id":"https:\/\/www.estrategiaconcursos.com.br\/blog\/edital-sedf-2018\/","url":"https:\/\/www.estrategiaconcursos.com.br\/blog\/edital-sedf-2018\/","name":"Edital SEDF: Provas ocorrem neste domingo para professor substituto","isPartOf":{"@id":"https:\/\/www.estrategiaconcursos.com.br\/blog\/#website"},"primaryImageOfPage":{"@id":"https:\/\/www.estrategiaconcursos.com.br\/blog\/edital-sedf-2018\/#primaryimage"},"image":{"@id":"https:\/\/www.estrategiaconcursos.com.br\/blog\/edital-sedf-2018\/#primaryimage"},"thumbnailUrl":"https:\/\/dhg1h5j42swfq.cloudfront.net\/2018\/10\/05102353\/SEDF-e1538745840831.jpg","datePublished":"2018-10-10T08:00:13+00:00","dateModified":"2018-10-10T14:27:33+00:00","description":"Edital SEDF: com inscri\u00e7\u00f5es encerradas e provas previstas para outubro, processo seletivo oferta vagas em cadastro de reserva para Professor Substituto.","breadcrumb":{"@id":"https:\/\/www.estrategiaconcursos.com.br\/blog\/edital-sedf-2018\/#breadcrumb"},"inLanguage":"pt-BR","potentialAction":[{"@type":"ReadAction","target":["https:\/\/www.estrategiaconcursos.com.br\/blog\/edital-sedf-2018\/"]}]},{"@type":"ImageObject","inLanguage":"pt-BR","@id":"https:\/\/www.estrategiaconcursos.com.br\/blog\/edital-sedf-2018\/#primaryimage","url":"https:\/\/dhg1h5j42swfq.cloudfront.net\/2018\/10\/05102353\/SEDF-e1538745840831.jpg","contentUrl":"https:\/\/dhg1h5j42swfq.cloudfront.net\/2018\/10\/05102353\/SEDF-e1538745840831.jpg","width":400,"height":209,"caption":"concurso SEDF"},{"@type":"BreadcrumbList","@id":"https:\/\/www.estrategiaconcursos.com.br\/blog\/edital-sedf-2018\/#breadcrumb","itemListElement":[{"@type":"ListItem","position":1,"name":"In\u00edcio","item":"https:\/\/www.estrategiaconcursos.com.br\/blog\/"},{"@type":"ListItem","position":2,"name":"Edital SEDF: Provas ocorrem neste domingo para professor substituto"}]},{"@type":"WebSite","@id":"https:\/\/www.estrategiaconcursos.com.br\/blog\/#website","url":"https:\/\/www.estrategiaconcursos.com.br\/blog\/","name":"Estrat\u00e9gia Concursos","description":"O blog da Estrat\u00e9gia Concursos traz not\u00edcias sobre concursos e artigos de professores oferecendo cursos para concursos (pdf + videaulas) no site.","publisher":{"@id":"https:\/\/www.estrategiaconcursos.com.br\/blog\/#organization"},"potentialAction":[{"@type":"SearchAction","target":{"@type":"EntryPoint","urlTemplate":"https:\/\/www.estrategiaconcursos.com.br\/blog\/?s={search_term_string}"},"query-input":{"@type":"PropertyValueSpecification","valueRequired":true,"valueName":"search_term_string"}}],"inLanguage":"pt-BR"},{"@type":"Organization","@id":"https:\/\/www.estrategiaconcursos.com.br\/blog\/#organization","name":"Estrat\u00e9gia Concursos","url":"https:\/\/www.estrategiaconcursos.com.br\/blog\/","logo":{"@type":"ImageObject","inLanguage":"pt-BR","@id":"https:\/\/www.estrategiaconcursos.com.br\/blog\/#\/schema\/logo\/image\/","url":"https:\/\/dhg1h5j42swfq.cloudfront.net\/2025\/06\/03203428\/logo_concursos-1.jpg","contentUrl":"https:\/\/dhg1h5j42swfq.cloudfront.net\/2025\/06\/03203428\/logo_concursos-1.jpg","width":230,"height":60,"caption":"Estrat\u00e9gia Concursos"},"image":{"@id":"https:\/\/www.estrategiaconcursos.com.br\/blog\/#\/schema\/logo\/image\/"},"sameAs":["https:\/\/x.com\/EstratConcursos"]},{"@type":"Person","@id":"https:\/\/www.estrategiaconcursos.com.br\/blog\/#\/schema\/person\/b4a388c97673c5f483d72185668afa1f","name":"Coordena\u00e7\u00e3o","image":{"@type":"ImageObject","inLanguage":"pt-BR","@id":"https:\/\/secure.gravatar.com\/avatar\/b720319e4c9a967eb58678d110f4fe35452fc5d5f97b202bac7b8acceb18c6ad?s=96&d=mm&r=g","url":"https:\/\/secure.gravatar.com\/avatar\/b720319e4c9a967eb58678d110f4fe35452fc5d5f97b202bac7b8acceb18c6ad?s=96&d=mm&r=g","contentUrl":"https:\/\/secure.gravatar.com\/avatar\/b720319e4c9a967eb58678d110f4fe35452fc5d5f97b202bac7b8acceb18c6ad?s=96&d=mm&r=g","caption":"Coordena\u00e7\u00e3o"},"sameAs":["https:\/\/www.facebook.com\/EstrategiaConcursos","https:\/\/x.com\/EstratConcursos"],"url":"https:\/\/www.estrategiaconcursos.com.br\/blog\/author\/estrategia2013\/"}]}},"_links":{"self":[{"href":"https:\/\/www.estrategiaconcursos.com.br\/blog\/wp-json\/wp\/v2\/posts\/138997","targetHints":{"allow":["GET"]}}],"collection":[{"href":"https:\/\/www.estrategiaconcursos.com.br\/blog\/wp-json\/wp\/v2\/posts"}],"about":[{"href":"https:\/\/www.estrategiaconcursos.com.br\/blog\/wp-json\/wp\/v2\/types\/post"}],"author":[{"embeddable":true,"href":"https:\/\/www.estrategiaconcursos.com.br\/blog\/wp-json\/wp\/v2\/users\/1"}],"replies":[{"embeddable":true,"href":"https:\/\/www.estrategiaconcursos.com.br\/blog\/wp-json\/wp\/v2\/comments?post=138997"}],"version-history":[{"count":18,"href":"https:\/\/www.estrategiaconcursos.com.br\/blog\/wp-json\/wp\/v2\/posts\/138997\/revisions"}],"predecessor-version":[{"id":146402,"href":"https:\/\/www.estrategiaconcursos.com.br\/blog\/wp-json\/wp\/v2\/posts\/138997\/revisions\/146402"}],"wp:featuredmedia":[{"embeddable":true,"href":"https:\/\/www.estrategiaconcursos.com.br\/blog\/wp-json\/wp\/v2\/media\/145652"}],"wp:attachment":[{"href":"https:\/\/www.estrategiaconcursos.com.br\/blog\/wp-json\/wp\/v2\/media?parent=138997"}],"wp:term":[{"taxonomy":"category","embeddable":true,"href":"https:\/\/www.estrategiaconcursos.com.br\/blog\/wp-json\/wp\/v2\/categories?post=138997"},{"taxonomy":"post_tag","embeddable":true,"href":"https:\/\/www.estrategiaconcursos.com.br\/blog\/wp-json\/wp\/v2\/tags?post=138997"},{"taxonomy":"tax_estado","embeddable":true,"href":"https:\/\/www.estrategiaconcursos.com.br\/blog\/wp-json\/wp\/v2\/tax_estado?post=138997"}],"curies":[{"name":"wp","href":"https:\/\/api.w.org\/{rel}","templated":true}]}}