{"id":1389733,"date":"2024-04-25T10:21:36","date_gmt":"2024-04-25T13:21:36","guid":{"rendered":"https:\/\/www.estrategiaconcursos.com.br\/blog\/?p=1389733"},"modified":"2024-04-25T10:21:38","modified_gmt":"2024-04-25T13:21:38","slug":"concurso-trt-rj-comissao","status":"publish","type":"post","link":"https:\/\/www.estrategiaconcursos.com.br\/blog\/concurso-trt-rj-comissao\/","title":{"rendered":"Concurso TRT RJ: comiss\u00e3o formada para escolha da banca!"},"content":{"rendered":"\n<p>Foi institu\u00edda a <strong>comiss\u00e3o respons\u00e1vel <\/strong>pela escolha da banca do novo concurso do <strong>TRT RJ<\/strong> (<a href=\"https:\/\/www.estrategiaconcursos.com.br\/cursosPorConcurso\/r-tribunais-regionais-do-trabalho-trts\/\" target=\"_blank\" rel=\"noreferrer noopener\">Tribunal Regional do Trabalho da 1\u00aa regi\u00e3o<\/a>)!<\/p>\n\n\n\n<p>Segundo expectativas do pr\u00f3prio Tribunal, a nova sele\u00e7\u00e3o ofertar\u00e1 vagas para <strong>todos os cargos<\/strong> administrativos do \u00f3rg\u00e3o, exceto Analista Judici\u00e1rio &#8211; \u00e1rea Administrativa.<\/p>\n\n\n\n<p>Confira abaixo o documento na \u00edntegra com os membros da Comiss\u00e3o!<\/p>\n\n\n\n<h3 class=\"wp-block-heading\" id=\"h-concurso-trt-rj-comissao\">Concurso TRT RJ: comiss\u00e3o<\/h3>\n\n\n\n<figure class=\"wp-block-image aligncenter size-large\"><img loading=\"lazy\" decoding=\"async\" width=\"1024\" height=\"671\" src=\"https:\/\/dhg1h5j42swfq.cloudfront.net\/2024\/04\/25101719\/image-2024-04-25t101704-857-1024x671.png\" alt=\"\" class=\"wp-image-1389764\" srcset=\"https:\/\/dhg1h5j42swfq.cloudfront.net\/2024\/04\/25101719\/image-2024-04-25t101704-857-1024x671.png 1024w, https:\/\/dhg1h5j42swfq.cloudfront.net\/2024\/04\/25101719\/image-2024-04-25t101704-857-300x196.png 300w, https:\/\/dhg1h5j42swfq.cloudfront.net\/2024\/04\/25101719\/image-2024-04-25t101704-857-768x503.png 768w, https:\/\/dhg1h5j42swfq.cloudfront.net\/2024\/04\/25101719\/image-2024-04-25t101704-857-610x400.png 610w, https:\/\/dhg1h5j42swfq.cloudfront.net\/2024\/04\/25101719\/image-2024-04-25t101704-857-150x98.png 150w, https:\/\/dhg1h5j42swfq.cloudfront.net\/2024\/04\/25101719\/image-2024-04-25t101704-857.png 1084w\" sizes=\"auto, (max-width: 1024px) 100vw, 1024px\" \/><\/figure>\n\n\n\n<p>Vale lembrar que conforme o\u00a0<a href=\"https:\/\/dhg1h5j42swfq.cloudfront.net\/2024\/04\/12010544\/pca-2024-versao-final-aprovada-presidencia-30-out-23.pdf\" target=\"_blank\" rel=\"noreferrer noopener\">PAC 2024<\/a>, a previs\u00e3o \u00e9 de que a\u00a0tramita\u00e7\u00e3o de escolha da banca ocorra j\u00e1 no m\u00eas de junho e que a licita\u00e7\u00e3o e formaliza\u00e7\u00e3o sejam efetuadas em novembro.<\/p>\n\n\n\n<p>Al\u00e9m disso, conforme justificativa de contrata\u00e7\u00e3o, o \u00f3rg\u00e3o conta com um concurso em andamento, cuja validade se encerrar\u00e1 em agosto. Assim, h\u00e1 a necessidade de dar continuidade aos provimentos de cargos, conforme novas vagas forem surgindo.<\/p>\n\n\n\n<h3 class=\"wp-block-heading\" id=\"cargo\">Cargos vagos<\/h3>\n\n\n\n<p>Segundo o levantamento mais recente dispon\u00edvel no Portal da Transpar\u00eancia do TRT RJ<strong>, <\/strong>de fevereiro de 2024, existem atualmente <strong>391 cargos vagos<\/strong>. O cargo com maior d\u00e9ficit \u00e9 o de<em> T\u00e9cnico Judici\u00e1rio<\/em> &#8211; \u00c1rea Administrativa sem especialidade, com <strong>335 cargos vagos.<\/strong><\/p>\n\n\n\n<figure class=\"wp-block-table is-style-stripes\"><table><tbody><tr><td class=\"has-text-align-center\" data-align=\"center\"><strong>Cargos efetivos<\/strong><\/td><td class=\"has-text-align-center\" data-align=\"center\"><strong>Total de vac\u00e2ncias<\/strong><\/td><td class=\"has-text-align-center\" data-align=\"center\"><strong>Vac\u00e2ncias (exonera\u00e7\u00e3o, posse em cargo inacumul\u00e1vel e outros sem aumento de despesa)<\/strong><\/td><td class=\"has-text-align-center\" data-align=\"center\"><strong>Vac\u00e2ncia (aposentadorias e outros com aumento de despesa)<\/strong><\/td><\/tr><tr><td class=\"has-text-align-center\" data-align=\"center\">Analista Judici\u00e1rio &#8211; \u00c1rea Judici\u00e1ria<\/td><td class=\"has-text-align-center\" data-align=\"center\">3<\/td><td class=\"has-text-align-center\" data-align=\"center\">2<\/td><td class=\"has-text-align-center\" data-align=\"center\">1<\/td><\/tr><tr><td class=\"has-text-align-center\" data-align=\"center\">Analista Judici\u00e1rio &#8211; \u00c1rea Judici\u00e1ria &#8211; Especialidade Oficial de Justi\u00e7a Avaliador Federal<\/td><td class=\"has-text-align-center\" data-align=\"center\">21<\/td><td class=\"has-text-align-center\" data-align=\"center\">0<\/td><td class=\"has-text-align-center\" data-align=\"center\">21<\/td><\/tr><tr><td class=\"has-text-align-center\" data-align=\"center\">Analista Judici\u00e1rio &#8211; \u00c1rea Administrativa<\/td><td class=\"has-text-align-center\" data-align=\"center\">2<\/td><td class=\"has-text-align-center\" data-align=\"center\">0<\/td><td class=\"has-text-align-center\" data-align=\"center\">2<\/td><\/tr><tr><td class=\"has-text-align-center\" data-align=\"center\">T\u00e9cnico Judici\u00e1rio &#8211; \u00c1rea Administrativa<\/td><td class=\"has-text-align-center\" data-align=\"center\">335<\/td><td class=\"has-text-align-center\" data-align=\"center\">10<\/td><td class=\"has-text-align-center\" data-align=\"center\">325<\/td><\/tr><tr><td class=\"has-text-align-center\" data-align=\"center\">T\u00e9cnico Judici\u00e1rio &#8211; \u00c1rea Administrativa &#8211; Especialidade Agente da Pol\u00edcia Judicial<\/td><td class=\"has-text-align-center\" data-align=\"center\">28<\/td><td class=\"has-text-align-center\" data-align=\"center\">1<\/td><td class=\"has-text-align-center\" data-align=\"center\">27<\/td><\/tr><tr><td class=\"has-text-align-center\" data-align=\"center\">T\u00e9cnico Judici\u00e1rio &#8211; \u00c1rea Apoio Especializado &#8211; Especialidade Enfermagem<\/td><td class=\"has-text-align-center\" data-align=\"center\">1<\/td><td class=\"has-text-align-center\" data-align=\"center\">0<\/td><td class=\"has-text-align-center\" data-align=\"center\">&nbsp;&nbsp;&nbsp;&nbsp;&nbsp;&nbsp;&nbsp;&nbsp;&nbsp;&nbsp;&nbsp;&nbsp;&nbsp;&nbsp;&nbsp;&nbsp;&nbsp;&nbsp;&nbsp;&nbsp;&nbsp; 1<\/td><\/tr><tr><td class=\"has-text-align-center\" data-align=\"center\">Analista Judici\u00e1rio \u2013 \u00c1rea Apoio Especializado &#8211; Especialidade Engenharia Mec\u00e2nica<\/td><td class=\"has-text-align-center\" data-align=\"center\">1<\/td><td class=\"has-text-align-center\" data-align=\"center\">1<\/td><td class=\"has-text-align-center\" data-align=\"center\">0<\/td><\/tr><tr><td class=\"has-text-align-center\" data-align=\"center\"><strong>TOTAL<\/strong><\/td><td class=\"has-text-align-center\" data-align=\"center\"><strong>391<\/strong><\/td><td class=\"has-text-align-center\" data-align=\"center\"><strong>14<\/strong><\/td><td class=\"has-text-align-center\" data-align=\"center\"><strong>377<\/strong><\/td><\/tr><\/tbody><\/table><figcaption class=\"wp-element-caption\">Quantitativo de cargos vagos concurso TRT RJ.<\/figcaption><\/figure>\n\n\n\n<p>Ficou interessado em saber todas as atualiza\u00e7\u00f5es e novidades sobre o <strong>concurso TRT RJ<\/strong>, cuja comiss\u00e3o de escolha da banca voc\u00ea acabou de conferir? Elaboramos um artigo completo para voc\u00ea!<\/p>\n\n\n\n<p class=\"has-text-align-center has-very-light-gray-to-cyan-bluish-gray-gradient-background has-background has-medium-font-size\"><strong>Saiba mais: <a href=\"https:\/\/www.estrategiaconcursos.com.br\/blog\/concurso-trt-rj\/\" target=\"_blank\" rel=\"noreferrer noopener\">concurso TRT RJ<\/a><\/strong><\/p>\n\n\n\n<h2 class=\"wp-block-heading has-text-align-center\" id=\"h-quer-saber-tudo-sobre-concursos-previstos-confira-nossos-artigos\">Quer saber tudo sobre concursos previstos?<br \/>Confira nossos artigos!<\/h2>\n\n\n\n<ul class=\"wp-block-list\">\n<li><a href=\"https:\/\/www.estrategiaconcursos.com.br\/blog\/concursos-abertos\/\" target=\"_blank\" rel=\"noreferrer noopener\">Concursos abertos<\/a><\/li>\n\n\n\n<li><a href=\"https:\/\/www.estrategiaconcursos.com.br\/blog\/concursos-2024\/\" target=\"_blank\" rel=\"noreferrer noopener\">Concursos 2024<\/a><\/li>\n<\/ul>\n\n\n\n<p class=\"has-text-align-center\"><strong><em>Quer estudar para Concurso TRT RJ?<\/em><\/strong><\/p>\n\n\n\n<p class=\"has-text-align-center\" id=\"CURSOS\"><em><strong>Gostou desta oportunidade e deseja come\u00e7ar se preparar agora mesmo? Ent\u00e3o, confira os nossos cursos e comece a estudar para TRT RJ:<\/strong><\/em><\/p>\n\n\n\n<div class=\"container\" id=\"boxes\">\n  <div class=\"row\">\n\n    <div class=\"col-sm\">\n      <div class=\"banner-tribunal\" id=\"box-assinatura\">\n        <h3 class=\"titulo-assinatura\">Curso TRT RJ<\/h3>\n        <p class=\"subtitulo-assinatura\">Conhe\u00e7a os cursos<\/p>\n        <div class=\"box-botao\">\n          <a class=\"btn-assinatura\" target=\"_blank\" href=\"https:\/\/www.estrategiaconcursos.com.br\/cursosPorConcurso\/trts-cursos-regulares-62\/\" role=\"button\" rel=\"noopener noreferrer\">Conhe\u00e7a mais<\/a>\n        <\/div>\n      <\/div>\n      <p class=\"texto-auxiliar\">Prepare-se com o melhor material e com quem mais aprova em Concursos P\u00fablicos em todo o pa\u00eds.<\/p>\n    <\/div>\n\n  <\/div>\n<\/div>\n\n\n\n<div class=\"container\" id=\"boxes\">\n  <div class=\"row\">\n\n    <div class=\"col-sm\">\n      <div class=\"estrategia\" id=\"box-assinatura\">\n        <h3 class=\"titulo-assinatura\">Assinatura Concursos<\/h3>\n        <p class=\"subtitulo-assinatura\">Assinatura de 1 ano ou 2 anos<\/p>\n        <div class=\"box-botao\">\n          <a class=\"btn-assinatura\" target=\"_blank\" href=\"https:\/\/www.estrategiaconcursos.com.br\/assinaturas\/\" role=\"button\" rel=\"noopener noreferrer\">ASSINE AGORA<\/a>\n        <\/div>\n      <\/div>\n     \n    <\/div><\/div><\/div>\n","protected":false},"excerpt":{"rendered":"<p>Foi institu\u00edda a comiss\u00e3o respons\u00e1vel pela escolha da banca do novo concurso do TRT RJ (Tribunal Regional do Trabalho da 1\u00aa regi\u00e3o)! Segundo expectativas do pr\u00f3prio Tribunal, a nova sele\u00e7\u00e3o ofertar\u00e1 vagas para todos os cargos administrativos do \u00f3rg\u00e3o, exceto Analista Judici\u00e1rio &#8211; \u00e1rea Administrativa. Confira abaixo o documento na \u00edntegra com os membros da [&hellip;]<\/p>\n","protected":false},"author":2402,"featured_media":1385455,"comment_status":"open","ping_status":"closed","sticky":false,"template":"","format":"standard","meta":{"post_tipo":"news","footnotes":""},"categories":[1984,220219],"tags":[],"tax_estado":[219982],"class_list":["post-1389733","post","type-post","status-publish","format-standard","has-post-thumbnail","hentry","category-tribunais","category-noticias","tax_estado-rj"],"acf":[],"yoast_head":"<!-- This site is optimized with the Yoast SEO Premium plugin v27.2 (Yoast SEO v27.2) - https:\/\/yoast.com\/product\/yoast-seo-premium-wordpress\/ -->\n<title>Concurso TRT RJ: comiss\u00e3o formada para escolha da banca!<\/title>\n<meta name=\"description\" content=\"Concurso TRT RJ: comiss\u00e3o respons\u00e1vel pela escolha da banca organizadora do pr\u00f3ximo edital foi institu\u00edda. Confira!\" \/>\n<meta name=\"robots\" content=\"index, follow, max-snippet:-1, max-image-preview:large, max-video-preview:-1\" \/>\n<link rel=\"canonical\" href=\"https:\/\/www.estrategiaconcursos.com.br\/blog\/concurso-trt-rj-comissao\/\" \/>\n<meta property=\"og:locale\" content=\"pt_BR\" \/>\n<meta property=\"og:type\" content=\"article\" \/>\n<meta property=\"og:title\" content=\"Concurso TRT RJ: comiss\u00e3o formada para escolha da banca!\" \/>\n<meta property=\"og:description\" content=\"Concurso TRT RJ: comiss\u00e3o respons\u00e1vel pela escolha da banca organizadora do pr\u00f3ximo edital foi institu\u00edda. Confira!\" \/>\n<meta property=\"og:url\" content=\"https:\/\/www.estrategiaconcursos.com.br\/blog\/concurso-trt-rj-comissao\/\" \/>\n<meta property=\"og:site_name\" content=\"Estrat\u00e9gia Concursos\" \/>\n<meta property=\"article:published_time\" content=\"2024-04-25T13:21:36+00:00\" \/>\n<meta property=\"article:modified_time\" content=\"2024-04-25T13:21:38+00:00\" \/>\n<meta property=\"og:image\" content=\"https:\/\/dhg1h5j42swfq.cloudfront.net\/2024\/04\/17011500\/1000000064.jpg\" \/>\n\t<meta property=\"og:image:width\" content=\"768\" \/>\n\t<meta property=\"og:image:height\" content=\"432\" \/>\n\t<meta property=\"og:image:type\" content=\"image\/jpeg\" \/>\n<meta name=\"author\" content=\"Daniela Santos Nascimento\" \/>\n<meta name=\"twitter:card\" content=\"summary_large_image\" \/>\n<meta name=\"twitter:creator\" content=\"@EstratConcursos\" \/>\n<meta name=\"twitter:site\" content=\"@EstratConcursos\" \/>\n<meta name=\"twitter:label1\" content=\"Escrito por\" \/>\n\t<meta name=\"twitter:data1\" content=\"Daniela Santos Nascimento\" \/>\n\t<meta name=\"twitter:label2\" content=\"Est. tempo de leitura\" \/>\n\t<meta name=\"twitter:data2\" content=\"2 minutos\" \/>\n<script type=\"application\/ld+json\" class=\"yoast-schema-graph\">{\"@context\":\"https:\/\/schema.org\",\"@graph\":[{\"@type\":\"NewsArticle\",\"@id\":\"https:\/\/www.estrategiaconcursos.com.br\/blog\/concurso-trt-rj-comissao\/#article\",\"isPartOf\":{\"@id\":\"https:\/\/www.estrategiaconcursos.com.br\/blog\/concurso-trt-rj-comissao\/\"},\"author\":{\"name\":\"Daniela Santos Nascimento\",\"@id\":\"https:\/\/www.estrategiaconcursos.com.br\/blog\/#\/schema\/person\/399990d02336f200766707b881aee98f\"},\"headline\":\"Concurso TRT RJ: comiss\u00e3o formada para escolha da banca!\",\"datePublished\":\"2024-04-25T13:21:36+00:00\",\"dateModified\":\"2024-04-25T13:21:38+00:00\",\"mainEntityOfPage\":{\"@id\":\"https:\/\/www.estrategiaconcursos.com.br\/blog\/concurso-trt-rj-comissao\/\"},\"wordCount\":446,\"commentCount\":0,\"publisher\":{\"@id\":\"https:\/\/www.estrategiaconcursos.com.br\/blog\/#organization\"},\"image\":{\"@id\":\"https:\/\/www.estrategiaconcursos.com.br\/blog\/concurso-trt-rj-comissao\/#primaryimage\"},\"thumbnailUrl\":\"https:\/\/dhg1h5j42swfq.cloudfront.net\/2024\/04\/17011500\/1000000064.jpg\",\"articleSection\":[\"Tribunais\",\"\u00daltimas not\u00edcias\"],\"inLanguage\":\"pt-BR\",\"potentialAction\":[{\"@type\":\"CommentAction\",\"name\":\"Comment\",\"target\":[\"https:\/\/www.estrategiaconcursos.com.br\/blog\/concurso-trt-rj-comissao\/#respond\"]}],\"copyrightYear\":\"2024\",\"copyrightHolder\":{\"@id\":\"https:\/\/www.estrategiaconcursos.com.br\/blog\/#organization\"}},{\"@type\":\"WebPage\",\"@id\":\"https:\/\/www.estrategiaconcursos.com.br\/blog\/concurso-trt-rj-comissao\/\",\"url\":\"https:\/\/www.estrategiaconcursos.com.br\/blog\/concurso-trt-rj-comissao\/\",\"name\":\"Concurso TRT RJ: comiss\u00e3o formada para escolha da banca!\",\"isPartOf\":{\"@id\":\"https:\/\/www.estrategiaconcursos.com.br\/blog\/#website\"},\"primaryImageOfPage\":{\"@id\":\"https:\/\/www.estrategiaconcursos.com.br\/blog\/concurso-trt-rj-comissao\/#primaryimage\"},\"image\":{\"@id\":\"https:\/\/www.estrategiaconcursos.com.br\/blog\/concurso-trt-rj-comissao\/#primaryimage\"},\"thumbnailUrl\":\"https:\/\/dhg1h5j42swfq.cloudfront.net\/2024\/04\/17011500\/1000000064.jpg\",\"datePublished\":\"2024-04-25T13:21:36+00:00\",\"dateModified\":\"2024-04-25T13:21:38+00:00\",\"description\":\"Concurso TRT RJ: comiss\u00e3o respons\u00e1vel pela escolha da banca organizadora do pr\u00f3ximo edital foi institu\u00edda. Confira!\",\"breadcrumb\":{\"@id\":\"https:\/\/www.estrategiaconcursos.com.br\/blog\/concurso-trt-rj-comissao\/#breadcrumb\"},\"inLanguage\":\"pt-BR\",\"potentialAction\":[{\"@type\":\"ReadAction\",\"target\":[\"https:\/\/www.estrategiaconcursos.com.br\/blog\/concurso-trt-rj-comissao\/\"]}]},{\"@type\":\"ImageObject\",\"inLanguage\":\"pt-BR\",\"@id\":\"https:\/\/www.estrategiaconcursos.com.br\/blog\/concurso-trt-rj-comissao\/#primaryimage\",\"url\":\"https:\/\/dhg1h5j42swfq.cloudfront.net\/2024\/04\/17011500\/1000000064.jpg\",\"contentUrl\":\"https:\/\/dhg1h5j42swfq.cloudfront.net\/2024\/04\/17011500\/1000000064.jpg\",\"width\":768,\"height\":432,\"caption\":\"in\u00e9ditas do concurso TRT RJ\"},{\"@type\":\"BreadcrumbList\",\"@id\":\"https:\/\/www.estrategiaconcursos.com.br\/blog\/concurso-trt-rj-comissao\/#breadcrumb\",\"itemListElement\":[{\"@type\":\"ListItem\",\"position\":1,\"name\":\"In\u00edcio\",\"item\":\"https:\/\/www.estrategiaconcursos.com.br\/blog\/\"},{\"@type\":\"ListItem\",\"position\":2,\"name\":\"Concurso TRT RJ: comiss\u00e3o formada para escolha da banca!\"}]},{\"@type\":\"WebSite\",\"@id\":\"https:\/\/www.estrategiaconcursos.com.br\/blog\/#website\",\"url\":\"https:\/\/www.estrategiaconcursos.com.br\/blog\/\",\"name\":\"Estrat\u00e9gia Concursos\",\"description\":\"O blog da Estrat\u00e9gia Concursos traz not\u00edcias sobre concursos e artigos de professores oferecendo cursos para concursos (pdf + videaulas) no site.\",\"publisher\":{\"@id\":\"https:\/\/www.estrategiaconcursos.com.br\/blog\/#organization\"},\"potentialAction\":[{\"@type\":\"SearchAction\",\"target\":{\"@type\":\"EntryPoint\",\"urlTemplate\":\"https:\/\/www.estrategiaconcursos.com.br\/blog\/?s={search_term_string}\"},\"query-input\":{\"@type\":\"PropertyValueSpecification\",\"valueRequired\":true,\"valueName\":\"search_term_string\"}}],\"inLanguage\":\"pt-BR\"},{\"@type\":\"Organization\",\"@id\":\"https:\/\/www.estrategiaconcursos.com.br\/blog\/#organization\",\"name\":\"Estrat\u00e9gia Concursos\",\"url\":\"https:\/\/www.estrategiaconcursos.com.br\/blog\/\",\"logo\":{\"@type\":\"ImageObject\",\"inLanguage\":\"pt-BR\",\"@id\":\"https:\/\/www.estrategiaconcursos.com.br\/blog\/#\/schema\/logo\/image\/\",\"url\":\"https:\/\/dhg1h5j42swfq.cloudfront.net\/2025\/06\/03203428\/logo_concursos-1.jpg\",\"contentUrl\":\"https:\/\/dhg1h5j42swfq.cloudfront.net\/2025\/06\/03203428\/logo_concursos-1.jpg\",\"width\":230,\"height\":60,\"caption\":\"Estrat\u00e9gia Concursos\"},\"image\":{\"@id\":\"https:\/\/www.estrategiaconcursos.com.br\/blog\/#\/schema\/logo\/image\/\"},\"sameAs\":[\"https:\/\/x.com\/EstratConcursos\"]},{\"@type\":\"Person\",\"@id\":\"https:\/\/www.estrategiaconcursos.com.br\/blog\/#\/schema\/person\/399990d02336f200766707b881aee98f\",\"name\":\"Daniela Santos Nascimento\",\"image\":{\"@type\":\"ImageObject\",\"inLanguage\":\"pt-BR\",\"@id\":\"https:\/\/secure.gravatar.com\/avatar\/7f343622ad121e2893832a8c76808be436bdfcbf2f7d696174c94ecd84f2384a?s=96&d=mm&r=g\",\"url\":\"https:\/\/secure.gravatar.com\/avatar\/7f343622ad121e2893832a8c76808be436bdfcbf2f7d696174c94ecd84f2384a?s=96&d=mm&r=g\",\"contentUrl\":\"https:\/\/secure.gravatar.com\/avatar\/7f343622ad121e2893832a8c76808be436bdfcbf2f7d696174c94ecd84f2384a?s=96&d=mm&r=g\",\"caption\":\"Daniela Santos Nascimento\"},\"url\":\"https:\/\/www.estrategiaconcursos.com.br\/blog\/author\/daniela-nascimentoestrategia-com\/\"}]}<\/script>\n<!-- \/ Yoast SEO Premium plugin. -->","yoast_head_json":{"title":"Concurso TRT RJ: comiss\u00e3o formada para escolha da banca!","description":"Concurso TRT RJ: comiss\u00e3o respons\u00e1vel pela escolha da banca organizadora do pr\u00f3ximo edital foi institu\u00edda. Confira!","robots":{"index":"index","follow":"follow","max-snippet":"max-snippet:-1","max-image-preview":"max-image-preview:large","max-video-preview":"max-video-preview:-1"},"canonical":"https:\/\/www.estrategiaconcursos.com.br\/blog\/concurso-trt-rj-comissao\/","og_locale":"pt_BR","og_type":"article","og_title":"Concurso TRT RJ: comiss\u00e3o formada para escolha da banca!","og_description":"Concurso TRT RJ: comiss\u00e3o respons\u00e1vel pela escolha da banca organizadora do pr\u00f3ximo edital foi institu\u00edda. Confira!","og_url":"https:\/\/www.estrategiaconcursos.com.br\/blog\/concurso-trt-rj-comissao\/","og_site_name":"Estrat\u00e9gia Concursos","article_published_time":"2024-04-25T13:21:36+00:00","article_modified_time":"2024-04-25T13:21:38+00:00","og_image":[{"width":768,"height":432,"url":"https:\/\/dhg1h5j42swfq.cloudfront.net\/2024\/04\/17011500\/1000000064.jpg","type":"image\/jpeg"}],"author":"Daniela Santos Nascimento","twitter_card":"summary_large_image","twitter_creator":"@EstratConcursos","twitter_site":"@EstratConcursos","twitter_misc":{"Escrito por":"Daniela Santos Nascimento","Est. tempo de leitura":"2 minutos"},"schema":{"@context":"https:\/\/schema.org","@graph":[{"@type":"NewsArticle","@id":"https:\/\/www.estrategiaconcursos.com.br\/blog\/concurso-trt-rj-comissao\/#article","isPartOf":{"@id":"https:\/\/www.estrategiaconcursos.com.br\/blog\/concurso-trt-rj-comissao\/"},"author":{"name":"Daniela Santos Nascimento","@id":"https:\/\/www.estrategiaconcursos.com.br\/blog\/#\/schema\/person\/399990d02336f200766707b881aee98f"},"headline":"Concurso TRT RJ: comiss\u00e3o formada para escolha da banca!","datePublished":"2024-04-25T13:21:36+00:00","dateModified":"2024-04-25T13:21:38+00:00","mainEntityOfPage":{"@id":"https:\/\/www.estrategiaconcursos.com.br\/blog\/concurso-trt-rj-comissao\/"},"wordCount":446,"commentCount":0,"publisher":{"@id":"https:\/\/www.estrategiaconcursos.com.br\/blog\/#organization"},"image":{"@id":"https:\/\/www.estrategiaconcursos.com.br\/blog\/concurso-trt-rj-comissao\/#primaryimage"},"thumbnailUrl":"https:\/\/dhg1h5j42swfq.cloudfront.net\/2024\/04\/17011500\/1000000064.jpg","articleSection":["Tribunais","\u00daltimas not\u00edcias"],"inLanguage":"pt-BR","potentialAction":[{"@type":"CommentAction","name":"Comment","target":["https:\/\/www.estrategiaconcursos.com.br\/blog\/concurso-trt-rj-comissao\/#respond"]}],"copyrightYear":"2024","copyrightHolder":{"@id":"https:\/\/www.estrategiaconcursos.com.br\/blog\/#organization"}},{"@type":"WebPage","@id":"https:\/\/www.estrategiaconcursos.com.br\/blog\/concurso-trt-rj-comissao\/","url":"https:\/\/www.estrategiaconcursos.com.br\/blog\/concurso-trt-rj-comissao\/","name":"Concurso TRT RJ: comiss\u00e3o formada para escolha da banca!","isPartOf":{"@id":"https:\/\/www.estrategiaconcursos.com.br\/blog\/#website"},"primaryImageOfPage":{"@id":"https:\/\/www.estrategiaconcursos.com.br\/blog\/concurso-trt-rj-comissao\/#primaryimage"},"image":{"@id":"https:\/\/www.estrategiaconcursos.com.br\/blog\/concurso-trt-rj-comissao\/#primaryimage"},"thumbnailUrl":"https:\/\/dhg1h5j42swfq.cloudfront.net\/2024\/04\/17011500\/1000000064.jpg","datePublished":"2024-04-25T13:21:36+00:00","dateModified":"2024-04-25T13:21:38+00:00","description":"Concurso TRT RJ: comiss\u00e3o respons\u00e1vel pela escolha da banca organizadora do pr\u00f3ximo edital foi institu\u00edda. Confira!","breadcrumb":{"@id":"https:\/\/www.estrategiaconcursos.com.br\/blog\/concurso-trt-rj-comissao\/#breadcrumb"},"inLanguage":"pt-BR","potentialAction":[{"@type":"ReadAction","target":["https:\/\/www.estrategiaconcursos.com.br\/blog\/concurso-trt-rj-comissao\/"]}]},{"@type":"ImageObject","inLanguage":"pt-BR","@id":"https:\/\/www.estrategiaconcursos.com.br\/blog\/concurso-trt-rj-comissao\/#primaryimage","url":"https:\/\/dhg1h5j42swfq.cloudfront.net\/2024\/04\/17011500\/1000000064.jpg","contentUrl":"https:\/\/dhg1h5j42swfq.cloudfront.net\/2024\/04\/17011500\/1000000064.jpg","width":768,"height":432,"caption":"in\u00e9ditas do concurso TRT RJ"},{"@type":"BreadcrumbList","@id":"https:\/\/www.estrategiaconcursos.com.br\/blog\/concurso-trt-rj-comissao\/#breadcrumb","itemListElement":[{"@type":"ListItem","position":1,"name":"In\u00edcio","item":"https:\/\/www.estrategiaconcursos.com.br\/blog\/"},{"@type":"ListItem","position":2,"name":"Concurso TRT RJ: comiss\u00e3o formada para escolha da banca!"}]},{"@type":"WebSite","@id":"https:\/\/www.estrategiaconcursos.com.br\/blog\/#website","url":"https:\/\/www.estrategiaconcursos.com.br\/blog\/","name":"Estrat\u00e9gia Concursos","description":"O blog da Estrat\u00e9gia Concursos traz not\u00edcias sobre concursos e artigos de professores oferecendo cursos para concursos (pdf + videaulas) no site.","publisher":{"@id":"https:\/\/www.estrategiaconcursos.com.br\/blog\/#organization"},"potentialAction":[{"@type":"SearchAction","target":{"@type":"EntryPoint","urlTemplate":"https:\/\/www.estrategiaconcursos.com.br\/blog\/?s={search_term_string}"},"query-input":{"@type":"PropertyValueSpecification","valueRequired":true,"valueName":"search_term_string"}}],"inLanguage":"pt-BR"},{"@type":"Organization","@id":"https:\/\/www.estrategiaconcursos.com.br\/blog\/#organization","name":"Estrat\u00e9gia Concursos","url":"https:\/\/www.estrategiaconcursos.com.br\/blog\/","logo":{"@type":"ImageObject","inLanguage":"pt-BR","@id":"https:\/\/www.estrategiaconcursos.com.br\/blog\/#\/schema\/logo\/image\/","url":"https:\/\/dhg1h5j42swfq.cloudfront.net\/2025\/06\/03203428\/logo_concursos-1.jpg","contentUrl":"https:\/\/dhg1h5j42swfq.cloudfront.net\/2025\/06\/03203428\/logo_concursos-1.jpg","width":230,"height":60,"caption":"Estrat\u00e9gia Concursos"},"image":{"@id":"https:\/\/www.estrategiaconcursos.com.br\/blog\/#\/schema\/logo\/image\/"},"sameAs":["https:\/\/x.com\/EstratConcursos"]},{"@type":"Person","@id":"https:\/\/www.estrategiaconcursos.com.br\/blog\/#\/schema\/person\/399990d02336f200766707b881aee98f","name":"Daniela Santos Nascimento","image":{"@type":"ImageObject","inLanguage":"pt-BR","@id":"https:\/\/secure.gravatar.com\/avatar\/7f343622ad121e2893832a8c76808be436bdfcbf2f7d696174c94ecd84f2384a?s=96&d=mm&r=g","url":"https:\/\/secure.gravatar.com\/avatar\/7f343622ad121e2893832a8c76808be436bdfcbf2f7d696174c94ecd84f2384a?s=96&d=mm&r=g","contentUrl":"https:\/\/secure.gravatar.com\/avatar\/7f343622ad121e2893832a8c76808be436bdfcbf2f7d696174c94ecd84f2384a?s=96&d=mm&r=g","caption":"Daniela Santos Nascimento"},"url":"https:\/\/www.estrategiaconcursos.com.br\/blog\/author\/daniela-nascimentoestrategia-com\/"}]}},"_links":{"self":[{"href":"https:\/\/www.estrategiaconcursos.com.br\/blog\/wp-json\/wp\/v2\/posts\/1389733","targetHints":{"allow":["GET"]}}],"collection":[{"href":"https:\/\/www.estrategiaconcursos.com.br\/blog\/wp-json\/wp\/v2\/posts"}],"about":[{"href":"https:\/\/www.estrategiaconcursos.com.br\/blog\/wp-json\/wp\/v2\/types\/post"}],"author":[{"embeddable":true,"href":"https:\/\/www.estrategiaconcursos.com.br\/blog\/wp-json\/wp\/v2\/users\/2402"}],"replies":[{"embeddable":true,"href":"https:\/\/www.estrategiaconcursos.com.br\/blog\/wp-json\/wp\/v2\/comments?post=1389733"}],"version-history":[{"count":5,"href":"https:\/\/www.estrategiaconcursos.com.br\/blog\/wp-json\/wp\/v2\/posts\/1389733\/revisions"}],"predecessor-version":[{"id":1389772,"href":"https:\/\/www.estrategiaconcursos.com.br\/blog\/wp-json\/wp\/v2\/posts\/1389733\/revisions\/1389772"}],"wp:featuredmedia":[{"embeddable":true,"href":"https:\/\/www.estrategiaconcursos.com.br\/blog\/wp-json\/wp\/v2\/media\/1385455"}],"wp:attachment":[{"href":"https:\/\/www.estrategiaconcursos.com.br\/blog\/wp-json\/wp\/v2\/media?parent=1389733"}],"wp:term":[{"taxonomy":"category","embeddable":true,"href":"https:\/\/www.estrategiaconcursos.com.br\/blog\/wp-json\/wp\/v2\/categories?post=1389733"},{"taxonomy":"post_tag","embeddable":true,"href":"https:\/\/www.estrategiaconcursos.com.br\/blog\/wp-json\/wp\/v2\/tags?post=1389733"},{"taxonomy":"tax_estado","embeddable":true,"href":"https:\/\/www.estrategiaconcursos.com.br\/blog\/wp-json\/wp\/v2\/tax_estado?post=1389733"}],"curies":[{"name":"wp","href":"https:\/\/api.w.org\/{rel}","templated":true}]}}