{"id":1389724,"date":"2024-04-25T10:25:20","date_gmt":"2024-04-25T13:25:20","guid":{"rendered":"https:\/\/www.estrategiaconcursos.com.br\/blog\/?p=1389724"},"modified":"2024-04-25T13:45:37","modified_gmt":"2024-04-25T16:45:37","slug":"csft-reuniao-concurso-sefaz-rj","status":"publish","type":"post","link":"https:\/\/www.estrategiaconcursos.com.br\/blog\/csft-reuniao-concurso-sefaz-rj\/","title":{"rendered":"CSFT ter\u00e1 reuni\u00e3o ainda hoje para falar do concurso Sefaz RJ"},"content":{"rendered":"\n<p>O Conselho Superior de Fiscaliza\u00e7\u00e3o Tribut\u00e1ria (CSFT) marcou para hoje (25) uma nova reuni\u00e3o para falar acerca do t\u00e3o aguardado concurso p\u00fablico da Secretaria de Fazenda do Rio de Janeiro &#8211; SEFAZ RJ. <\/p>\n\n\n\n<p>De acordo com a pauta da 247\u00aa Sess\u00e3o Extraordin\u00e1ria do Conselho, a reuni\u00e3o est\u00e1 agendada para \u00e0s 15h30, no gabinete do secret\u00e1rio de estado. Veja logo abaixo:<\/p>\n\n\n\n<figure class=\"wp-block-image aligncenter\"><img loading=\"lazy\" decoding=\"async\" width=\"473\" height=\"451\" src=\"https:\/\/dhg1h5j42swfq.cloudfront.net\/2024\/04\/25085443\/image-540.png\" alt=\"CSFT ter\u00e1 reuni\u00e3o ainda hoje para falar do concurso Sefaz RJ\" class=\"wp-image-1389700\" srcset=\"https:\/\/dhg1h5j42swfq.cloudfront.net\/2024\/04\/25085443\/image-540.png 473w, https:\/\/dhg1h5j42swfq.cloudfront.net\/2024\/04\/25085443\/image-540-300x286.png 300w, https:\/\/dhg1h5j42swfq.cloudfront.net\/2024\/04\/25085443\/image-540-150x143.png 150w\" sizes=\"auto, (max-width: 473px) 100vw, 473px\" \/><figcaption class=\"wp-element-caption\">CSFT ter\u00e1 reuni\u00e3o ainda hoje para falar do concurso<a href=\"https:\/\/fazenda.rj.gov.br\/portal-fazenda\/#\/\" target=\"_blank\" rel=\"noreferrer noopener\"> Sefaz RJ<\/a><\/figcaption><\/figure>\n\n\n\n<p>Vale lembrar que, atualmente, o certame se encontra na fase de contrata\u00e7\u00e3o da banca organizadora. As visitas t\u00e9cnicas nas institui\u00e7\u00f5es j\u00e1 foram iniciadas, com alguns importantes crit\u00e9rios: <\/p>\n\n\n\n<ul class=\"wp-block-list\">\n<li>A experi\u00eancia e o hist\u00f3rico na realiza\u00e7\u00e3o de certames para provimento de cargos na \u00e1rea fazend\u00e1ria;<\/li>\n\n\n\n<li>A disponibilidade de mecanismos de seguran\u00e7a para salvaguardar o sigilo na elabora\u00e7\u00e3o, na impress\u00e3o, no armazenamento e na distribui\u00e7\u00e3o de provas; e<\/li>\n\n\n\n<li>A disponibilidade de mecanismos de seguran\u00e7a para evitar fraude, inclusive a perpetrada com a utiliza\u00e7\u00e3o de dispositivos eletr\u00f4nicos no momento da aplica\u00e7\u00e3o da prova.<\/li>\n<\/ul>\n\n\n\n<p>Importante destacar que a previs\u00e3o da Sefaz RJ \u00e9 de publicar o edital do concurso at\u00e9 o final deste semestre, at\u00e9 o m\u00eas de junho.<\/p>\n\n\n\n<p>Os candidatos interessados nesta \u00f3tima oportunidade de ingressar na carreira p\u00fablica devem come\u00e7ar a se preparar! Ser\u00e3o&nbsp;<strong>195 vagas<\/strong>&nbsp;de n\u00edvel superior de escolaridade, distribu\u00eddas entre os seguintes cargos de n\u00edvel superior:<\/p>\n\n\n\n<ul class=\"wp-block-list\">\n<li><strong><a href=\"https:\/\/www.estrategiaconcursos.com.br\/curso\/sefaz-rj-auditor-fiscal-pacote-2023-pre-edital\/\" target=\"_blank\" rel=\"noreferrer noopener\">Auditor Fiscal da Receita Estadual<\/a><\/strong>&nbsp;(45);<\/li>\n\n\n\n<li><strong><a href=\"https:\/\/www.estrategiaconcursos.com.br\/curso\/sefaz-rj-analista-de-financas-publicas-pacote-2023-pre-edital\/\" target=\"_blank\" rel=\"noreferrer noopener\">Analista de Finan\u00e7as P\u00fablicas<\/a><\/strong>&nbsp;(30 + 120 CR).<\/li>\n<\/ul>\n\n\n\n<p>E ainda nem mencionamos o melhor tudo, o sal\u00e1rio inicial dos cargos! Os futuros aprovados poder\u00e3o obter ganhos que variam entre&nbsp;<strong>R$ 10.182,18 e R$ 27.430,94<\/strong>, dependendo da fun\u00e7\u00e3o desejada.<\/p>\n\n\n\n<p class=\"has-text-align-center\"><em>Para saber todos os detalhes acerca do concurso Sefaz RJ, acesse agora mesmo o artigo exclusivo e muito mais completo que preparamos para voc\u00ea. O link est\u00e1 dispon\u00edvel logo abaixo: <\/em><\/p>\n\n\n\n<p class=\"has-text-align-center has-background\" style=\"background-color:#f3f3f3;font-size:clamp(14.642px, 0.915rem + ((1vw - 3.2px) * 0.721), 22px);\"><strong>Saiba mais: <a href=\"https:\/\/www.estrategiaconcursos.com.br\/blog\/concurso-sefaz-rj\/\" target=\"_blank\" rel=\"noreferrer noopener\">Concurso Sefaz RJ<\/a><\/strong><\/p>\n\n\n\n<hr class=\"wp-block-separator has-alpha-channel-opacity\"\/>\n\n\n\n<h2 class=\"wp-block-heading has-text-align-center\" id=\"assinatura-e-cursos\">Assinatura e cursos para o concurso Sefaz RJ<\/h2>\n\n\n\n<div class=\"container\" id=\"boxes\">\n  <div class=\"row\">\n\n    <div class=\"col-sm\">\n      <div class=\"banner-fiscal-01\" id=\"box-assinatura\">\n        <h3 class=\"titulo-assinatura\">Concurso Sefaz RJ<\/h3>\n        <p class=\"subtitulo-assinatura\">Conhe\u00e7a os cursos<\/p>\n        <div class=\"box-botao\">\n          <a class=\"btn-assinatura\" target=\"_blank\" href=\"https:\/\/www.estrategiaconcursos.com.br\/cursosPorConcurso\/icms-rj-9\/\" role=\"button\" rel=\"noopener noreferrer\">Conhe\u00e7a mais<\/a>\n        <\/div>\n      <\/div>\n     \n    <\/div>\n\n  <\/div>\n<\/div>\n\n\n\n<div class=\"container\" id=\"boxes\">\n  <div class=\"row\">\n\n    <div class=\"col-sm\">\n      <div class=\"estrategia\" id=\"box-assinatura\">\n        <h3 class=\"titulo-assinatura\">Assinatura Concursos<\/h3>\n        <p class=\"subtitulo-assinatura\">Assinatura de 1 Ano ou 2 Anos<\/p>\n        <div class=\"box-botao\">\n          <a class=\"btn-assinatura\" target=\"_blank\" href=\"https:\/\/www.estrategiaconcursos.com.br\/assinaturas\/\" role=\"button\" rel=\"noopener noreferrer\">ASSINE AGORA<\/a>\n        <\/div>\n      <\/div><\/div><\/div><\/div>\n\n\n\n<h2 class=\"wp-block-heading has-text-align-center\" id=\"quer-saber-tudo-sobre-concursos-previstos-confira-nossos-artigos\">Quer saber tudo sobre concursos previstos?<br \/>Confira nossos artigos!<\/h2>\n\n\n\n<ul class=\"wp-block-list\">\n<li><a href=\"https:\/\/www.estrategiaconcursos.com.br\/blog\/concursos-abertos\/\" target=\"_blank\" rel=\"noreferrer noopener\">Concursos Abertos<\/a><\/li>\n\n\n\n<li><a href=\"https:\/\/www.estrategiaconcursos.com.br\/blog\/concursos-fiscais\/\" target=\"_blank\" rel=\"noreferrer noopener\">Concursos Fiscais<\/a><\/li>\n\n\n\n<li><a href=\"https:\/\/www.estrategiaconcursos.com.br\/blog\/concursos-2024\/\" target=\"_blank\" rel=\"noreferrer noopener\">Concursos 2024<\/a><\/li>\n<\/ul>\n","protected":false},"excerpt":{"rendered":"<p>O Conselho Superior de Fiscaliza\u00e7\u00e3o Tribut\u00e1ria (CSFT) marcou para hoje (25) uma nova reuni\u00e3o para falar acerca do t\u00e3o aguardado concurso p\u00fablico da Secretaria de Fazenda do Rio de Janeiro &#8211; SEFAZ RJ. De acordo com a pauta da 247\u00aa Sess\u00e3o Extraordin\u00e1ria do Conselho, a reuni\u00e3o est\u00e1 agendada para \u00e0s 15h30, no gabinete do secret\u00e1rio [&hellip;]<\/p>\n","protected":false},"author":656,"featured_media":701102,"comment_status":"open","ping_status":"closed","sticky":false,"template":"","format":"standard","meta":{"post_tipo":"news","footnotes":""},"categories":[1983,220219],"tags":[],"tax_estado":[219982],"class_list":["post-1389724","post","type-post","status-publish","format-standard","has-post-thumbnail","hentry","category-fiscal-estadual","category-noticias","tax_estado-rj"],"acf":[],"yoast_head":"<!-- This site is optimized with the Yoast SEO Premium plugin v27.2 (Yoast SEO v27.2) - https:\/\/yoast.com\/product\/yoast-seo-premium-wordpress\/ -->\n<title>CSFT ter\u00e1 reuni\u00e3o ainda hoje para falar do concurso Sefaz RJ<\/title>\n<meta name=\"description\" content=\"Conselho Superior de Fiscaliza\u00e7\u00e3o Tribut\u00e1ria (CSFT) ter\u00e1 reuni\u00e3o ainda hoje \u00e0s 15h30, para falar do concurso Sefaz RJ.\" \/>\n<meta name=\"robots\" content=\"index, follow, max-snippet:-1, max-image-preview:large, max-video-preview:-1\" \/>\n<link rel=\"canonical\" href=\"https:\/\/www.estrategiaconcursos.com.br\/blog\/csft-reuniao-concurso-sefaz-rj\/\" \/>\n<meta property=\"og:locale\" content=\"pt_BR\" \/>\n<meta property=\"og:type\" content=\"article\" \/>\n<meta property=\"og:title\" content=\"CSFT ter\u00e1 reuni\u00e3o ainda hoje para falar do concurso Sefaz RJ\" \/>\n<meta property=\"og:description\" content=\"Conselho Superior de Fiscaliza\u00e7\u00e3o Tribut\u00e1ria (CSFT) ter\u00e1 reuni\u00e3o ainda hoje \u00e0s 15h30, para falar do concurso Sefaz RJ.\" \/>\n<meta property=\"og:url\" content=\"https:\/\/www.estrategiaconcursos.com.br\/blog\/csft-reuniao-concurso-sefaz-rj\/\" \/>\n<meta property=\"og:site_name\" content=\"Estrat\u00e9gia Concursos\" \/>\n<meta property=\"article:published_time\" content=\"2024-04-25T13:25:20+00:00\" \/>\n<meta property=\"article:modified_time\" content=\"2024-04-25T16:45:37+00:00\" \/>\n<meta property=\"og:image\" content=\"https:\/\/dhg1h5j42swfq.cloudfront.net\/2021\/03\/25111316\/sefaz-rj.jpg\" \/>\n\t<meta property=\"og:image:width\" content=\"1200\" \/>\n\t<meta property=\"og:image:height\" content=\"628\" \/>\n\t<meta property=\"og:image:type\" content=\"image\/jpeg\" \/>\n<meta name=\"author\" content=\"F\u00e1bio Scaldelai\" \/>\n<meta name=\"twitter:card\" content=\"summary_large_image\" \/>\n<meta name=\"twitter:creator\" content=\"@EstratConcursos\" \/>\n<meta name=\"twitter:site\" content=\"@EstratConcursos\" \/>\n<meta name=\"twitter:label1\" content=\"Escrito por\" \/>\n\t<meta name=\"twitter:data1\" content=\"F\u00e1bio Scaldelai\" \/>\n\t<meta name=\"twitter:label2\" content=\"Est. tempo de leitura\" \/>\n\t<meta name=\"twitter:data2\" content=\"2 minutos\" \/>\n<script type=\"application\/ld+json\" class=\"yoast-schema-graph\">{\"@context\":\"https:\/\/schema.org\",\"@graph\":[{\"@type\":\"NewsArticle\",\"@id\":\"https:\/\/www.estrategiaconcursos.com.br\/blog\/csft-reuniao-concurso-sefaz-rj\/#article\",\"isPartOf\":{\"@id\":\"https:\/\/www.estrategiaconcursos.com.br\/blog\/csft-reuniao-concurso-sefaz-rj\/\"},\"author\":{\"name\":\"F\u00e1bio Scaldelai\",\"@id\":\"https:\/\/www.estrategiaconcursos.com.br\/blog\/#\/schema\/person\/e3b6b7ce0192dd4ad270655969d61750\"},\"headline\":\"CSFT ter\u00e1 reuni\u00e3o ainda hoje para falar do concurso Sefaz RJ\",\"datePublished\":\"2024-04-25T13:25:20+00:00\",\"dateModified\":\"2024-04-25T16:45:37+00:00\",\"mainEntityOfPage\":{\"@id\":\"https:\/\/www.estrategiaconcursos.com.br\/blog\/csft-reuniao-concurso-sefaz-rj\/\"},\"wordCount\":384,\"commentCount\":0,\"publisher\":{\"@id\":\"https:\/\/www.estrategiaconcursos.com.br\/blog\/#organization\"},\"image\":{\"@id\":\"https:\/\/www.estrategiaconcursos.com.br\/blog\/csft-reuniao-concurso-sefaz-rj\/#primaryimage\"},\"thumbnailUrl\":\"https:\/\/dhg1h5j42swfq.cloudfront.net\/2021\/03\/25111316\/sefaz-rj.jpg\",\"articleSection\":[\"Fiscal - Estadual (ICMS)\",\"\u00daltimas not\u00edcias\"],\"inLanguage\":\"pt-BR\",\"potentialAction\":[{\"@type\":\"CommentAction\",\"name\":\"Comment\",\"target\":[\"https:\/\/www.estrategiaconcursos.com.br\/blog\/csft-reuniao-concurso-sefaz-rj\/#respond\"]}],\"copyrightYear\":\"2024\",\"copyrightHolder\":{\"@id\":\"https:\/\/www.estrategiaconcursos.com.br\/blog\/#organization\"}},{\"@type\":\"WebPage\",\"@id\":\"https:\/\/www.estrategiaconcursos.com.br\/blog\/csft-reuniao-concurso-sefaz-rj\/\",\"url\":\"https:\/\/www.estrategiaconcursos.com.br\/blog\/csft-reuniao-concurso-sefaz-rj\/\",\"name\":\"CSFT ter\u00e1 reuni\u00e3o ainda hoje para falar do concurso Sefaz RJ\",\"isPartOf\":{\"@id\":\"https:\/\/www.estrategiaconcursos.com.br\/blog\/#website\"},\"primaryImageOfPage\":{\"@id\":\"https:\/\/www.estrategiaconcursos.com.br\/blog\/csft-reuniao-concurso-sefaz-rj\/#primaryimage\"},\"image\":{\"@id\":\"https:\/\/www.estrategiaconcursos.com.br\/blog\/csft-reuniao-concurso-sefaz-rj\/#primaryimage\"},\"thumbnailUrl\":\"https:\/\/dhg1h5j42swfq.cloudfront.net\/2021\/03\/25111316\/sefaz-rj.jpg\",\"datePublished\":\"2024-04-25T13:25:20+00:00\",\"dateModified\":\"2024-04-25T16:45:37+00:00\",\"description\":\"Conselho Superior de Fiscaliza\u00e7\u00e3o Tribut\u00e1ria (CSFT) ter\u00e1 reuni\u00e3o ainda hoje \u00e0s 15h30, para falar do concurso Sefaz RJ.\",\"breadcrumb\":{\"@id\":\"https:\/\/www.estrategiaconcursos.com.br\/blog\/csft-reuniao-concurso-sefaz-rj\/#breadcrumb\"},\"inLanguage\":\"pt-BR\",\"potentialAction\":[{\"@type\":\"ReadAction\",\"target\":[\"https:\/\/www.estrategiaconcursos.com.br\/blog\/csft-reuniao-concurso-sefaz-rj\/\"]}]},{\"@type\":\"ImageObject\",\"inLanguage\":\"pt-BR\",\"@id\":\"https:\/\/www.estrategiaconcursos.com.br\/blog\/csft-reuniao-concurso-sefaz-rj\/#primaryimage\",\"url\":\"https:\/\/dhg1h5j42swfq.cloudfront.net\/2021\/03\/25111316\/sefaz-rj.jpg\",\"contentUrl\":\"https:\/\/dhg1h5j42swfq.cloudfront.net\/2021\/03\/25111316\/sefaz-rj.jpg\",\"width\":1200,\"height\":628,\"caption\":\"Conte\u00fado program\u00e1tico do concurso Sefaz RJ \u00e9 retificado!\"},{\"@type\":\"BreadcrumbList\",\"@id\":\"https:\/\/www.estrategiaconcursos.com.br\/blog\/csft-reuniao-concurso-sefaz-rj\/#breadcrumb\",\"itemListElement\":[{\"@type\":\"ListItem\",\"position\":1,\"name\":\"In\u00edcio\",\"item\":\"https:\/\/www.estrategiaconcursos.com.br\/blog\/\"},{\"@type\":\"ListItem\",\"position\":2,\"name\":\"CSFT ter\u00e1 reuni\u00e3o ainda hoje para falar do concurso Sefaz RJ\"}]},{\"@type\":\"WebSite\",\"@id\":\"https:\/\/www.estrategiaconcursos.com.br\/blog\/#website\",\"url\":\"https:\/\/www.estrategiaconcursos.com.br\/blog\/\",\"name\":\"Estrat\u00e9gia Concursos\",\"description\":\"O blog da Estrat\u00e9gia Concursos traz not\u00edcias sobre concursos e artigos de professores oferecendo cursos para concursos (pdf + videaulas) no site.\",\"publisher\":{\"@id\":\"https:\/\/www.estrategiaconcursos.com.br\/blog\/#organization\"},\"potentialAction\":[{\"@type\":\"SearchAction\",\"target\":{\"@type\":\"EntryPoint\",\"urlTemplate\":\"https:\/\/www.estrategiaconcursos.com.br\/blog\/?s={search_term_string}\"},\"query-input\":{\"@type\":\"PropertyValueSpecification\",\"valueRequired\":true,\"valueName\":\"search_term_string\"}}],\"inLanguage\":\"pt-BR\"},{\"@type\":\"Organization\",\"@id\":\"https:\/\/www.estrategiaconcursos.com.br\/blog\/#organization\",\"name\":\"Estrat\u00e9gia Concursos\",\"url\":\"https:\/\/www.estrategiaconcursos.com.br\/blog\/\",\"logo\":{\"@type\":\"ImageObject\",\"inLanguage\":\"pt-BR\",\"@id\":\"https:\/\/www.estrategiaconcursos.com.br\/blog\/#\/schema\/logo\/image\/\",\"url\":\"https:\/\/dhg1h5j42swfq.cloudfront.net\/2025\/06\/03203428\/logo_concursos-1.jpg\",\"contentUrl\":\"https:\/\/dhg1h5j42swfq.cloudfront.net\/2025\/06\/03203428\/logo_concursos-1.jpg\",\"width\":230,\"height\":60,\"caption\":\"Estrat\u00e9gia Concursos\"},\"image\":{\"@id\":\"https:\/\/www.estrategiaconcursos.com.br\/blog\/#\/schema\/logo\/image\/\"},\"sameAs\":[\"https:\/\/x.com\/EstratConcursos\"]},{\"@type\":\"Person\",\"@id\":\"https:\/\/www.estrategiaconcursos.com.br\/blog\/#\/schema\/person\/e3b6b7ce0192dd4ad270655969d61750\",\"name\":\"F\u00e1bio Scaldelai\",\"image\":{\"@type\":\"ImageObject\",\"inLanguage\":\"pt-BR\",\"@id\":\"https:\/\/secure.gravatar.com\/avatar\/8ed7492c4d88d8495bc0cb24cda6847b8ae23eec459a919e08e77d0ca0fd79ec?s=96&d=mm&r=g\",\"url\":\"https:\/\/secure.gravatar.com\/avatar\/8ed7492c4d88d8495bc0cb24cda6847b8ae23eec459a919e08e77d0ca0fd79ec?s=96&d=mm&r=g\",\"contentUrl\":\"https:\/\/secure.gravatar.com\/avatar\/8ed7492c4d88d8495bc0cb24cda6847b8ae23eec459a919e08e77d0ca0fd79ec?s=96&d=mm&r=g\",\"caption\":\"F\u00e1bio Scaldelai\"},\"description\":\"Jornalista no Estrat\u00e9gia Concursos e Produtor de Televis\u00e3o, formado em Jornalismo, R\u00e1dio e TV pela Faculdade Integrada Rio Branco, com especializa\u00e7\u00f5es em Gest\u00e3o Empresarial e Marketing pelo M\u00f3dulo. Atuou como produtor no SBT, TV Bandeirantes e R\u00e1dio Band FM, al\u00e9m de acumular tr\u00eas anos de experi\u00eancia no setor de concursos p\u00fablicos pela LFG (Luiz Fl\u00e1vio Gomes). No Estrat\u00e9gia Concursos, atua na apura\u00e7\u00e3o de not\u00edcias da \u00e1rea fiscal, al\u00e9m de coberturas sobre concursos das \u00e1reas de controle (TCU, TCE, etc), concurso AFT, \u00e1rea de gest\u00e3o e administrativa, bem como dos \u00f3rg\u00e3os participantes do CNU. Tamb\u00e9m possui experi\u00eancia em link building e an\u00e1lise de m\u00eddia, adquirida durante sua atua\u00e7\u00e3o na ag\u00eancia SEO Marketing.\",\"url\":\"https:\/\/www.estrategiaconcursos.com.br\/blog\/author\/fabio-scaldelaiestrategiaconcursos-com-br\/\"}]}<\/script>\n<!-- \/ Yoast SEO Premium plugin. -->","yoast_head_json":{"title":"CSFT ter\u00e1 reuni\u00e3o ainda hoje para falar do concurso Sefaz RJ","description":"Conselho Superior de Fiscaliza\u00e7\u00e3o Tribut\u00e1ria (CSFT) ter\u00e1 reuni\u00e3o ainda hoje \u00e0s 15h30, para falar do concurso Sefaz RJ.","robots":{"index":"index","follow":"follow","max-snippet":"max-snippet:-1","max-image-preview":"max-image-preview:large","max-video-preview":"max-video-preview:-1"},"canonical":"https:\/\/www.estrategiaconcursos.com.br\/blog\/csft-reuniao-concurso-sefaz-rj\/","og_locale":"pt_BR","og_type":"article","og_title":"CSFT ter\u00e1 reuni\u00e3o ainda hoje para falar do concurso Sefaz RJ","og_description":"Conselho Superior de Fiscaliza\u00e7\u00e3o Tribut\u00e1ria (CSFT) ter\u00e1 reuni\u00e3o ainda hoje \u00e0s 15h30, para falar do concurso Sefaz RJ.","og_url":"https:\/\/www.estrategiaconcursos.com.br\/blog\/csft-reuniao-concurso-sefaz-rj\/","og_site_name":"Estrat\u00e9gia Concursos","article_published_time":"2024-04-25T13:25:20+00:00","article_modified_time":"2024-04-25T16:45:37+00:00","og_image":[{"width":1200,"height":628,"url":"https:\/\/dhg1h5j42swfq.cloudfront.net\/2021\/03\/25111316\/sefaz-rj.jpg","type":"image\/jpeg"}],"author":"F\u00e1bio Scaldelai","twitter_card":"summary_large_image","twitter_creator":"@EstratConcursos","twitter_site":"@EstratConcursos","twitter_misc":{"Escrito por":"F\u00e1bio Scaldelai","Est. tempo de leitura":"2 minutos"},"schema":{"@context":"https:\/\/schema.org","@graph":[{"@type":"NewsArticle","@id":"https:\/\/www.estrategiaconcursos.com.br\/blog\/csft-reuniao-concurso-sefaz-rj\/#article","isPartOf":{"@id":"https:\/\/www.estrategiaconcursos.com.br\/blog\/csft-reuniao-concurso-sefaz-rj\/"},"author":{"name":"F\u00e1bio Scaldelai","@id":"https:\/\/www.estrategiaconcursos.com.br\/blog\/#\/schema\/person\/e3b6b7ce0192dd4ad270655969d61750"},"headline":"CSFT ter\u00e1 reuni\u00e3o ainda hoje para falar do concurso Sefaz RJ","datePublished":"2024-04-25T13:25:20+00:00","dateModified":"2024-04-25T16:45:37+00:00","mainEntityOfPage":{"@id":"https:\/\/www.estrategiaconcursos.com.br\/blog\/csft-reuniao-concurso-sefaz-rj\/"},"wordCount":384,"commentCount":0,"publisher":{"@id":"https:\/\/www.estrategiaconcursos.com.br\/blog\/#organization"},"image":{"@id":"https:\/\/www.estrategiaconcursos.com.br\/blog\/csft-reuniao-concurso-sefaz-rj\/#primaryimage"},"thumbnailUrl":"https:\/\/dhg1h5j42swfq.cloudfront.net\/2021\/03\/25111316\/sefaz-rj.jpg","articleSection":["Fiscal - Estadual (ICMS)","\u00daltimas not\u00edcias"],"inLanguage":"pt-BR","potentialAction":[{"@type":"CommentAction","name":"Comment","target":["https:\/\/www.estrategiaconcursos.com.br\/blog\/csft-reuniao-concurso-sefaz-rj\/#respond"]}],"copyrightYear":"2024","copyrightHolder":{"@id":"https:\/\/www.estrategiaconcursos.com.br\/blog\/#organization"}},{"@type":"WebPage","@id":"https:\/\/www.estrategiaconcursos.com.br\/blog\/csft-reuniao-concurso-sefaz-rj\/","url":"https:\/\/www.estrategiaconcursos.com.br\/blog\/csft-reuniao-concurso-sefaz-rj\/","name":"CSFT ter\u00e1 reuni\u00e3o ainda hoje para falar do concurso Sefaz RJ","isPartOf":{"@id":"https:\/\/www.estrategiaconcursos.com.br\/blog\/#website"},"primaryImageOfPage":{"@id":"https:\/\/www.estrategiaconcursos.com.br\/blog\/csft-reuniao-concurso-sefaz-rj\/#primaryimage"},"image":{"@id":"https:\/\/www.estrategiaconcursos.com.br\/blog\/csft-reuniao-concurso-sefaz-rj\/#primaryimage"},"thumbnailUrl":"https:\/\/dhg1h5j42swfq.cloudfront.net\/2021\/03\/25111316\/sefaz-rj.jpg","datePublished":"2024-04-25T13:25:20+00:00","dateModified":"2024-04-25T16:45:37+00:00","description":"Conselho Superior de Fiscaliza\u00e7\u00e3o Tribut\u00e1ria (CSFT) ter\u00e1 reuni\u00e3o ainda hoje \u00e0s 15h30, para falar do concurso Sefaz RJ.","breadcrumb":{"@id":"https:\/\/www.estrategiaconcursos.com.br\/blog\/csft-reuniao-concurso-sefaz-rj\/#breadcrumb"},"inLanguage":"pt-BR","potentialAction":[{"@type":"ReadAction","target":["https:\/\/www.estrategiaconcursos.com.br\/blog\/csft-reuniao-concurso-sefaz-rj\/"]}]},{"@type":"ImageObject","inLanguage":"pt-BR","@id":"https:\/\/www.estrategiaconcursos.com.br\/blog\/csft-reuniao-concurso-sefaz-rj\/#primaryimage","url":"https:\/\/dhg1h5j42swfq.cloudfront.net\/2021\/03\/25111316\/sefaz-rj.jpg","contentUrl":"https:\/\/dhg1h5j42swfq.cloudfront.net\/2021\/03\/25111316\/sefaz-rj.jpg","width":1200,"height":628,"caption":"Conte\u00fado program\u00e1tico do concurso Sefaz RJ \u00e9 retificado!"},{"@type":"BreadcrumbList","@id":"https:\/\/www.estrategiaconcursos.com.br\/blog\/csft-reuniao-concurso-sefaz-rj\/#breadcrumb","itemListElement":[{"@type":"ListItem","position":1,"name":"In\u00edcio","item":"https:\/\/www.estrategiaconcursos.com.br\/blog\/"},{"@type":"ListItem","position":2,"name":"CSFT ter\u00e1 reuni\u00e3o ainda hoje para falar do concurso Sefaz RJ"}]},{"@type":"WebSite","@id":"https:\/\/www.estrategiaconcursos.com.br\/blog\/#website","url":"https:\/\/www.estrategiaconcursos.com.br\/blog\/","name":"Estrat\u00e9gia Concursos","description":"O blog da Estrat\u00e9gia Concursos traz not\u00edcias sobre concursos e artigos de professores oferecendo cursos para concursos (pdf + videaulas) no site.","publisher":{"@id":"https:\/\/www.estrategiaconcursos.com.br\/blog\/#organization"},"potentialAction":[{"@type":"SearchAction","target":{"@type":"EntryPoint","urlTemplate":"https:\/\/www.estrategiaconcursos.com.br\/blog\/?s={search_term_string}"},"query-input":{"@type":"PropertyValueSpecification","valueRequired":true,"valueName":"search_term_string"}}],"inLanguage":"pt-BR"},{"@type":"Organization","@id":"https:\/\/www.estrategiaconcursos.com.br\/blog\/#organization","name":"Estrat\u00e9gia Concursos","url":"https:\/\/www.estrategiaconcursos.com.br\/blog\/","logo":{"@type":"ImageObject","inLanguage":"pt-BR","@id":"https:\/\/www.estrategiaconcursos.com.br\/blog\/#\/schema\/logo\/image\/","url":"https:\/\/dhg1h5j42swfq.cloudfront.net\/2025\/06\/03203428\/logo_concursos-1.jpg","contentUrl":"https:\/\/dhg1h5j42swfq.cloudfront.net\/2025\/06\/03203428\/logo_concursos-1.jpg","width":230,"height":60,"caption":"Estrat\u00e9gia Concursos"},"image":{"@id":"https:\/\/www.estrategiaconcursos.com.br\/blog\/#\/schema\/logo\/image\/"},"sameAs":["https:\/\/x.com\/EstratConcursos"]},{"@type":"Person","@id":"https:\/\/www.estrategiaconcursos.com.br\/blog\/#\/schema\/person\/e3b6b7ce0192dd4ad270655969d61750","name":"F\u00e1bio Scaldelai","image":{"@type":"ImageObject","inLanguage":"pt-BR","@id":"https:\/\/secure.gravatar.com\/avatar\/8ed7492c4d88d8495bc0cb24cda6847b8ae23eec459a919e08e77d0ca0fd79ec?s=96&d=mm&r=g","url":"https:\/\/secure.gravatar.com\/avatar\/8ed7492c4d88d8495bc0cb24cda6847b8ae23eec459a919e08e77d0ca0fd79ec?s=96&d=mm&r=g","contentUrl":"https:\/\/secure.gravatar.com\/avatar\/8ed7492c4d88d8495bc0cb24cda6847b8ae23eec459a919e08e77d0ca0fd79ec?s=96&d=mm&r=g","caption":"F\u00e1bio Scaldelai"},"description":"Jornalista no Estrat\u00e9gia Concursos e Produtor de Televis\u00e3o, formado em Jornalismo, R\u00e1dio e TV pela Faculdade Integrada Rio Branco, com especializa\u00e7\u00f5es em Gest\u00e3o Empresarial e Marketing pelo M\u00f3dulo. Atuou como produtor no SBT, TV Bandeirantes e R\u00e1dio Band FM, al\u00e9m de acumular tr\u00eas anos de experi\u00eancia no setor de concursos p\u00fablicos pela LFG (Luiz Fl\u00e1vio Gomes). No Estrat\u00e9gia Concursos, atua na apura\u00e7\u00e3o de not\u00edcias da \u00e1rea fiscal, al\u00e9m de coberturas sobre concursos das \u00e1reas de controle (TCU, TCE, etc), concurso AFT, \u00e1rea de gest\u00e3o e administrativa, bem como dos \u00f3rg\u00e3os participantes do CNU. Tamb\u00e9m possui experi\u00eancia em link building e an\u00e1lise de m\u00eddia, adquirida durante sua atua\u00e7\u00e3o na ag\u00eancia SEO Marketing.","url":"https:\/\/www.estrategiaconcursos.com.br\/blog\/author\/fabio-scaldelaiestrategiaconcursos-com-br\/"}]}},"_links":{"self":[{"href":"https:\/\/www.estrategiaconcursos.com.br\/blog\/wp-json\/wp\/v2\/posts\/1389724","targetHints":{"allow":["GET"]}}],"collection":[{"href":"https:\/\/www.estrategiaconcursos.com.br\/blog\/wp-json\/wp\/v2\/posts"}],"about":[{"href":"https:\/\/www.estrategiaconcursos.com.br\/blog\/wp-json\/wp\/v2\/types\/post"}],"author":[{"embeddable":true,"href":"https:\/\/www.estrategiaconcursos.com.br\/blog\/wp-json\/wp\/v2\/users\/656"}],"replies":[{"embeddable":true,"href":"https:\/\/www.estrategiaconcursos.com.br\/blog\/wp-json\/wp\/v2\/comments?post=1389724"}],"version-history":[{"count":6,"href":"https:\/\/www.estrategiaconcursos.com.br\/blog\/wp-json\/wp\/v2\/posts\/1389724\/revisions"}],"predecessor-version":[{"id":1389944,"href":"https:\/\/www.estrategiaconcursos.com.br\/blog\/wp-json\/wp\/v2\/posts\/1389724\/revisions\/1389944"}],"wp:featuredmedia":[{"embeddable":true,"href":"https:\/\/www.estrategiaconcursos.com.br\/blog\/wp-json\/wp\/v2\/media\/701102"}],"wp:attachment":[{"href":"https:\/\/www.estrategiaconcursos.com.br\/blog\/wp-json\/wp\/v2\/media?parent=1389724"}],"wp:term":[{"taxonomy":"category","embeddable":true,"href":"https:\/\/www.estrategiaconcursos.com.br\/blog\/wp-json\/wp\/v2\/categories?post=1389724"},{"taxonomy":"post_tag","embeddable":true,"href":"https:\/\/www.estrategiaconcursos.com.br\/blog\/wp-json\/wp\/v2\/tags?post=1389724"},{"taxonomy":"tax_estado","embeddable":true,"href":"https:\/\/www.estrategiaconcursos.com.br\/blog\/wp-json\/wp\/v2\/tax_estado?post=1389724"}],"curies":[{"name":"wp","href":"https:\/\/api.w.org\/{rel}","templated":true}]}}