{"id":138896,"date":"2026-04-11T09:25:52","date_gmt":"2026-04-11T12:25:52","guid":{"rendered":"https:\/\/www.estrategiaconcursos.com.br\/blog\/?p=138896"},"modified":"2026-04-13T10:47:25","modified_gmt":"2026-04-13T13:47:25","slug":"concurso-policia-penal-sp","status":"publish","type":"post","link":"https:\/\/www.estrategiaconcursos.com.br\/blog\/concurso-policia-penal-sp\/","title":{"rendered":"Concurso Pol\u00edcia Penal SP: 1.100 vagas; provas em maio!"},"content":{"rendered":"\n<p style=\"font-size:clamp(15.197px, 0.95rem + ((1vw - 3.2px) * 0.765), 23px);\"><em><strong>Concurso SAP SP exige n\u00edvel superior e idade m\u00e1xima de 35 anos para Policial Penal de S\u00e3o Paulo!<\/strong><\/em><\/p>\n\n\n\n<div style=\"height:20px\" aria-hidden=\"true\" class=\"wp-block-spacer\"><\/div>\n\n\n\n<hr class=\"wp-block-separator has-alpha-channel-opacity\"\/>\n\n\n<a id=\"cta-icon\" href=\"https:\/\/www.redirectmais.com\/wpp\/policia-penal-sp-grupo\" target=\"blank\" style=\"background:rgb(41,166,26)\">\n            <img decoding=\"async\" src=\"https:\/\/dhg1h5j42swfq.cloudfront.net\/2023\/12\/07154107\/whatsapp_13851.png\" alt=\"logo grupo whatsapp estrat\u00e9gia concursos\" alt=\"whatsapp_1385[1]\"><span > Acesse agora o Grupo de Estudos para o Concurso Pol\u00edcia Penal SP<\/span><\/a>\n\n\n\n<div style=\"height:20px\" aria-hidden=\"true\" class=\"wp-block-spacer\"><\/div>\n\n\n\n<p>Est\u00e3o encerradas as inscri\u00e7\u00f5es do <strong>concurso Pol\u00edcia Penal SP<\/strong> (<a href=\"https:\/\/www.estrategiaconcursos.com.br\/cursosPorConcurso\/secretaria-de-administracao-penitenciaria-de-sao-paulo-sap-sp\/\" target=\"_blank\" rel=\"noreferrer noopener\">Secretaria de Administra\u00e7\u00e3o Penitenci\u00e1ria de S\u00e3o Paulo &#8211; SAP SP<\/a>).<\/p>\n\n\n\n<p>Os interessados na sele\u00e7\u00e3o puderam se candidatar at\u00e9 o dia 10 de abril, pelo site do Instituto AOCP, ao custo de R$ 122,17. Vale ressaltar que j\u00e1 foram registrados <strong>5.248 inscritos<\/strong>.<\/p>\n\n\n\n<p>Est\u00e3o em jogo <strong>1.100 vagas <\/strong>para o cargo de Policial Penal, exigindo n\u00edvel superior, idade de 18 a 35 anos e CNH B. O <strong>sal\u00e1rio inicial \u00e9 de R$ 4.695,60<\/strong>.<\/p>\n\n\n\n<p>Ap\u00f3s um per\u00edodo suspenso, o edital passou por retifica\u00e7\u00e3o na distribui\u00e7\u00e3o das vagas, com inclus\u00e3o de oportunidades para mulheres, e no cronograma.<\/p>\n\n\n\n<p>As <strong>provas objetivas est\u00e3o previstas em 31 de maio<\/strong> e ser\u00e3o aplicadas em diversas cidades do estado, como S\u00e3o Paulo, Bauru, Campinas e Ribeir\u00e3o Preto.<\/p>\n\n\n\n<ul class=\"wp-block-list has-very-light-gray-to-cyan-bluish-gray-gradient-background has-background\">\n<li><strong>Concurso Pol\u00edcia Penal SP<\/strong><\/li>\n\n\n\n<li><strong>Status: <\/strong>inscri\u00e7\u00f5es encerradas<\/li>\n\n\n\n<li><strong>Banca<\/strong>: <a href=\"https:\/\/www.institutoaocp.org.br\/concursos\/664\" target=\"_blank\" rel=\"noreferrer noopener\">Instituto AOCP<\/a><\/li>\n\n\n\n<li><strong>Vagas<\/strong>: 1.100<\/li>\n\n\n\n<li><strong>Sal\u00e1rio<\/strong>: R$ 4.695,60<\/li>\n\n\n\n<li><strong>Edital<\/strong>: <a href=\"https:\/\/dhg1h5j42swfq.cloudfront.net\/2025\/10\/10054409\/concuso-policia-penal-sp.pdf\" target=\"_blank\" rel=\"noreferrer noopener nofollow\">SAP SP 2025<\/a> | <a href=\"https:\/\/dhg1h5j42swfq.cloudfront.net\/2026\/02\/06102949\/c9981775-b55e-40b8-b966-88f08e2178f8.pdf\" target=\"_blank\" rel=\"noreferrer noopener nofollow\">SAP SP-retomada<\/a><\/li>\n<\/ul>\n\n\n\n<p>Al\u00e9m disso, informa\u00e7\u00f5es exclusivas obtidas pelo jornalismo do Estrat\u00e9gia Concursos apontam que mais <a href=\"https:\/\/www.estrategiaconcursos.com.br\/blog\/exclusivo-editais-concurso-policia-penal-sp-planejamento\/\" target=\"_blank\" rel=\"noreferrer noopener\">dois editais para Policial Penal est\u00e3o em planejamento<\/a> e devem ofertar <strong>1.100 vagas<\/strong> cada.<\/p>\n\n\n\n<p>Outro <strong>concurso SAP SP para M\u00e9dico e Oficial Operacional segue confirmado<\/strong>. De acordo com a assessoria, o \u00f3rg\u00e3o aguarda, al\u00e9m da escolha da banca organizadora, um momento mais oportuno para a publica\u00e7\u00e3o do edital.<\/p>\n\n\n\n<p>Acompanhe as informa\u00e7\u00f5es que preparamos para voc\u00ea come\u00e7ar desde j\u00e1 sua jornada de estudos. Comece o quanto antes a estudar!<\/p>\n\n\n\n<ul id=\"indice\" class=\"wp-block-list\">\n<li><a href=\"#edital-2025\">Concurso Pol\u00edcia Penal 2025<\/a>\n<ul class=\"wp-block-list\">\n<li><a href=\"#datas\">Principais datas<\/a><\/li>\n\n\n\n<li><a href=\"#cargos-vagas\">Cargo e vagas<\/a><\/li>\n\n\n\n<li><a href=\"#etapas\">Etapas e provas<\/a><\/li>\n\n\n\n<li><a href=\"#estudos\">Materiais de Estudos<\/a><\/li>\n<\/ul>\n<\/li>\n\n\n\n<li><a href=\"#edital-oficial-medico\">Concurso para M\u00e9dico e Oficial<\/a>\n<ul class=\"wp-block-list\">\n<li><a href=\"#banca\">Banca organizadora<\/a><\/li>\n\n\n\n<li><a href=\"#previa-edital\">Pr\u00e9via de edital<\/a><\/li>\n\n\n\n<li><a href=\"#projeto\">Projeto b\u00e1sico<\/a><\/li>\n<\/ul>\n<\/li>\n\n\n\n<li><a href=\"#cargos\">Conhe\u00e7a a carreira<\/a>\n<ul class=\"wp-block-list\">\n<li><a href=\"#requisitos\">Requisito dos cargos<\/a><\/li>\n\n\n\n<li><a href=\"#atribuicoes\">Atribui\u00e7\u00e3o dos cargos<\/a><\/li>\n\n\n\n<li><a href=\"#remuneracao\">Remunera\u00e7\u00e3o<\/a><\/li>\n<\/ul>\n<\/li>\n\n\n\n<li><a href=\"#ultimo\">\u00daltimos concursos SAP SP<\/a>\n<ul class=\"wp-block-list\">\n<li><a href=\"#concurso-2023\">Edital 2023<\/a><\/li>\n\n\n\n<li><a href=\"#concurso-2018\">Edital 2018<\/a><\/li>\n\n\n\n<li><a href=\"#concurso-2017\">Edital 2017<\/a><\/li>\n\n\n\n<li><a href=\"#concurso-2014\">Edital 2014<\/a><\/li>\n<\/ul>\n<\/li>\n\n\n\n<li><a href=\"#cursos\">Cursos e assinaturas<\/a><\/li>\n\n\n\n<li><a href=\"#ficha\">Ficha T\u00e9cnica<\/a><\/li>\n<\/ul>\n\n\n\n<div id=\"boxes\" class=\"container\">\n<div class=\"row\">\n<div class=\"col-sm\">\n<div id=\"box-assinatura\" class=\"banner-policia-penal\">\n<h2 class=\"titulo-assinatura\">Concurso Pol\u00edcia Penal SP<\/h2>\n<p class=\"subtitulo-assinatura\">Rumo \u00e0 carreira policial dos seus sonhos! \u2b50<\/p>\n<div class=\"box-botao\"><a class=\"btn-assinatura\" role=\"button\" href=\"https:\/\/www.estrategiaconcursos.com.br\/cursosPorConcurso\/secretaria-de-administracao-penitenciaria-de-sao-paulo-sap-sp\/\" target=\"_blank\" rel=\"noopener noreferrer\">VER CURSOS<\/a><\/div>\n<\/div>\n<p class=\"texto-auxiliar\"><\/p>\n<\/div>\n<\/div>\n<\/div>\n\n\n\n<h2 class=\"wp-block-heading\" id=\"edital-2025\">Concurso Pol\u00edcia Penal SP: edital para SAP SP 2025<\/h2>\n\n\n\n<p>Veja abaixo as informa\u00e7\u00f5es mais importantes sobre o concurso Pol\u00edcia Penal SP:<\/p>\n\n\n\n<h3 class=\"wp-block-heading\" id=\"datas\">Principais datas do edital<\/h3>\n\n\n\n<ul class=\"wp-block-list\">\n<li><strong>Inscri\u00e7\u00f5es<\/strong>: <s>19 de fevereiro a 10 de abril<\/s><\/li>\n\n\n\n<li><strong>Isen\u00e7\u00e3o<\/strong>: <s>19 a 24 de fevereiro<\/s><\/li>\n\n\n\n<li><strong>Prazo de pagamento<\/strong>: <s>10 de abril<\/s><\/li>\n\n\n\n<li><strong>Prova<\/strong>: 31 de maio<\/li>\n<\/ul>\n\n\n\n<h3 class=\"wp-block-heading\" id=\"cargos-vagas\">Cargo e vagas do concurso SAP SP<\/h3>\n\n\n\n<figure class=\"wp-block-table is-style-stripes\"><table class=\"has-very-light-gray-to-cyan-bluish-gray-gradient-background has-background has-fixed-layout\"><thead><tr><th class=\"has-text-align-center\" data-align=\"center\">CARGO<\/th><th class=\"has-text-align-center\" data-align=\"center\">VAGAS<\/th><th class=\"has-text-align-center\" data-align=\"center\">SAL\u00c1RIO<\/th><\/tr><\/thead><tbody><tr><td class=\"has-text-align-center\" data-align=\"center\">Policial Penal<\/td><td class=\"has-text-align-center\" data-align=\"center\">1.100<\/td><td class=\"has-text-align-center\" data-align=\"center\">R$ 4.695,60<\/td><\/tr><\/tbody><\/table><figcaption class=\"wp-element-caption\">Cargo, vagas e sal\u00e1rio inicial do concurso SAP SP<\/figcaption><\/figure>\n\n\n\n<p><strong>Principais requisitos:<\/strong><\/p>\n\n\n\n<ul class=\"wp-block-list\">\n<li>a) possuir na data da posse, diploma de gradua\u00e7\u00e3o em qualquer curso de Ensino Superior ou equivalente, registrado pelo \u00f3rg\u00e3o competente;<\/li>\n\n\n\n<li>b) ter, at\u00e9 a data do encerramento das inscri\u00e7\u00f5es, 35 anos no m\u00e1ximo; independente de eventual prorroga\u00e7\u00e3o do per\u00edodo de inscri\u00e7\u00e3o;<\/li>\n\n\n\n<li>c) ter estatura m\u00ednima \u2013 descal\u00e7o, sem meias e descoberto \u2013 de 1,60m para os candidatos do sexo masculino e de 1,55m, para as candidatas do sexo feminino;<\/li>\n\n\n\n<li>d) possuir Carteira Nacional de Habilita\u00e7\u00e3o (CNH) na Categoria \u201cB\u201d, no m\u00ednimo;<\/li>\n<\/ul>\n\n\n\n<h3 class=\"wp-block-heading\" id=\"etapas\">Etapas e provas do edital Pol\u00edcia Penal SP<\/h3>\n\n\n\n<p>Os candidatos inscritos no concurso Pol\u00edcia Penal SP ser\u00e3o avaliados por meio das seguintes etapas:<\/p>\n\n\n\n<ul class=\"wp-block-list\">\n<li><strong>Prova Objetiva,<\/strong>&nbsp;de car\u00e1ter eliminat\u00f3rio e classificat\u00f3rio;<\/li>\n\n\n\n<li><strong>Prova de Condicionamento F\u00edsico,<\/strong>&nbsp;de car\u00e1ter eliminat\u00f3rio; <\/li>\n\n\n\n<li><strong>Avalia\u00e7\u00e3o Psicol\u00f3gica,<\/strong>&nbsp;de car\u00e1ter eliminat\u00f3rio; <\/li>\n\n\n\n<li><strong>Investiga\u00e7\u00e3o Social<\/strong>, de car\u00e1ter eliminat\u00f3rio; e<\/li>\n\n\n\n<li><strong>Curso de Forma\u00e7\u00e3o<\/strong>, de car\u00e1ter eliminat\u00f3rio.<\/li>\n<\/ul>\n\n\n\n<h4 class=\"wp-block-heading\" id=\"objetiva\">Provas Objetivas<\/h4>\n\n\n\n<p>Com dura\u00e7\u00e3o de 3 horas, a prova objetiva constar\u00e1 de 50 quest\u00f5es de m\u00faltipla escolha (quatro alternativas). Avaliada na escala de 0 a 100 pontos, ser\u00e1 aprovado o candidato que obtiver nota igual ou superior a 50 pontos.<\/p>\n\n\n\n<ul class=\"wp-block-list\">\n<li>20 quest\u00f5es de&nbsp;<strong>L\u00edngua Portuguesa<\/strong>;<\/li>\n\n\n\n<li>15 quest\u00f5es de&nbsp;<strong>Matem\u00e1tica<\/strong>;<\/li>\n\n\n\n<li>15 quest\u00f5es de&nbsp;<strong>Conhecimentos Gerais<\/strong>.<\/li>\n<\/ul>\n\n\n\n<h4 class=\"wp-block-heading\" id=\"discursiva\">Prova de Condicionamento F\u00edsico<\/h4>\n\n\n\n<p>A Prova de Condicionamento F\u00edsico do edital Pol\u00edcia Penal SP ser\u00e1 composta pelas seguintes etapas:<\/p>\n\n\n\n<ul class=\"wp-block-list\">\n<li>Aferimento da Estatura: M\u00ednimo de 1,60m (eliminat\u00f3rio)<\/li>\n\n\n\n<li>Barra Fixa: Flex\u00e3o e extens\u00e3o de cotovelos (teste din\u00e2mico)<\/li>\n\n\n\n<li>Resist\u00eancia Abdominal: Execu\u00e7\u00e3o m\u00e1xima em 60 segundos<\/li>\n\n\n\n<li>Corrida de 50 Metros<\/li>\n\n\n\n<li>Corrida de 12 Minutos<\/li>\n<\/ul>\n\n\n\n<p>Os desempenhos dos candidatos em cada teste de aptid\u00e3o f\u00edsica ser\u00e3o transformados em pontos, conforme tabela. Ser\u00e1 considerado APTO, o candidato que atingir a pontua\u00e7\u00e3o m\u00ednima exigida (de 201 a 400 pontos).<\/p>\n\n\n\n<figure class=\"wp-block-image aligncenter size-full\"><img loading=\"lazy\" decoding=\"async\" width=\"795\" height=\"495\" src=\"https:\/\/dhg1h5j42swfq.cloudfront.net\/2026\/01\/06111537\/taf-masculino-pp-sp.png\" alt=\"Tabela de pontos do teste f\u00edsico do concurso Pol\u00edcia Penal SP para o sexo masculino\" class=\"wp-image-1711564\" srcset=\"https:\/\/dhg1h5j42swfq.cloudfront.net\/2026\/01\/06111537\/taf-masculino-pp-sp.png 795w, https:\/\/dhg1h5j42swfq.cloudfront.net\/2026\/01\/06111537\/taf-masculino-pp-sp-300x187.png 300w, https:\/\/dhg1h5j42swfq.cloudfront.net\/2026\/01\/06111537\/taf-masculino-pp-sp-768x478.png 768w, https:\/\/dhg1h5j42swfq.cloudfront.net\/2026\/01\/06111537\/taf-masculino-pp-sp-150x93.png 150w\" sizes=\"auto, (max-width: 795px) 100vw, 795px\" \/><figcaption class=\"wp-element-caption\">Tabela de pontos do teste f\u00edsico do concurso Pol\u00edcia Penal SP para o sexo masculino<\/figcaption><\/figure>\n\n\n\n<figure class=\"wp-block-image aligncenter size-full\"><img loading=\"lazy\" decoding=\"async\" width=\"781\" height=\"441\" src=\"https:\/\/dhg1h5j42swfq.cloudfront.net\/2026\/01\/06111544\/taf-feminino-pp-sp.png\" alt=\"Tabela de pontos do teste f\u00edsico do concurso Pol\u00edcia Penal SP para o sexo feminino\" class=\"wp-image-1711565\" srcset=\"https:\/\/dhg1h5j42swfq.cloudfront.net\/2026\/01\/06111544\/taf-feminino-pp-sp.png 781w, https:\/\/dhg1h5j42swfq.cloudfront.net\/2026\/01\/06111544\/taf-feminino-pp-sp-300x169.png 300w, https:\/\/dhg1h5j42swfq.cloudfront.net\/2026\/01\/06111544\/taf-feminino-pp-sp-768x434.png 768w, https:\/\/dhg1h5j42swfq.cloudfront.net\/2026\/01\/06111544\/taf-feminino-pp-sp-150x85.png 150w\" sizes=\"auto, (max-width: 781px) 100vw, 781px\" \/><figcaption class=\"wp-element-caption\">Tabela de pontos do teste f\u00edsico do concurso Pol\u00edcia Penal SP para o sexo feminino<\/figcaption><\/figure>\n\n\n\n<h3 class=\"wp-block-heading\" id=\"estudos\">Materiais de estudos do Concurso SAP SP<\/h3>\n\n\n\n<p><strong>Guia de Estudos<\/strong><\/p>\n\n\n\n<ul class=\"wp-block-list\">\n<li><a href=\"https:\/\/www.estrategiaconcursos.com.br\/blog\/guia-de-estudos-sap-sp-agente-seguranca\" target=\"_blank\" rel=\"noreferrer noopener\">SAP SP 2023 (Pol\u00edcia Penal) &#8211; Agente de Seguran\u00e7a Penitenci\u00e1ria<\/a><\/li>\n<\/ul>\n\n\n\n<h2 class=\"wp-block-heading\" id=\"edital-oficial-medico\">Concurso Pol\u00edcia Penal SP: edital para Oficial e M\u00e9dico<\/h2>\n\n\n\n<h3 class=\"wp-block-heading\" id=\"banca\">Banca organizadora<\/h3>\n\n\n\n<p>Em maio de 2019, o concurso SAP SP despertou o interesse em tr\u00eas empresas: Instituto Universal, Sarmento Concursos e CKM Servi\u00e7os. As candidatas, por\u00e9m, n\u00e3o foram consideradas minimamente preparadas, de acordo com o \u00f3rg\u00e3o. O processo, ent\u00e3o, foi recome\u00e7ado e aguarda defini\u00e7\u00e3o em breve. <\/p>\n\n\n\n<h3 class=\"wp-block-heading\" id=\"previa-edital\">Pr\u00e9via de edital<\/h3>\n\n\n\n<p>Em agosto de 2019, para n\u00e3o precisar de uma nova autoriza\u00e7\u00e3o junto ao governo de S\u00e3o Paulo, o \u00f3rg\u00e3o publicou uma pr\u00e9via do edital, com previs\u00e3o de 109 vagas para os cargos de M\u00e9dico e Oficial Operacional (motorista), de n\u00edveis superior e m\u00e9dio, respectivamente. Confira abaixo:<\/p>\n\n\n\n<figure class=\"wp-block-image aligncenter size-large\"><img loading=\"lazy\" decoding=\"async\" width=\"317\" height=\"394\" src=\"https:\/\/dhg1h5j42swfq.cloudfront.net\/2020\/05\/25171408\/sap.jpg\" alt=\"Abertura do novo concurso 2023\" class=\"wp-image-518751\" srcset=\"https:\/\/dhg1h5j42swfq.cloudfront.net\/2020\/05\/25171408\/sap.jpg 317w, https:\/\/dhg1h5j42swfq.cloudfront.net\/2020\/05\/25171408\/sap-241x300.jpg 241w\" sizes=\"auto, (max-width: 317px) 100vw, 317px\" \/><figcaption class=\"wp-element-caption\">Abertura do novo concurso SAP SP<\/figcaption><\/figure>\n\n\n\n<p>Na \u00e9poca, a realiza\u00e7\u00e3o de um novo concurso SAP SP considerava um conjunto de fatores, como as condi\u00e7\u00f5es or\u00e7ament\u00e1rias do estado, inclusas as restri\u00e7\u00f5es da Lei de Responsabilidade Fiscal e, agora, a pandemia da Covid-19. Confira a distribui\u00e7\u00e3o de vagas:<\/p>\n\n\n\n<p><strong>M\u00e9dico I (N\u00edvel superior):<\/strong><\/p>\n\n\n\n<ul class=\"wp-block-list\">\n<li>Cl\u00ednico Geral &#8211;  65 vagas;<\/li>\n\n\n\n<li>Ginecologista &#8211; 4 vagas;<\/li>\n\n\n\n<li>Psiquiatra &#8211; 15 vagas.<\/li>\n<\/ul>\n\n\n\n<p><strong>Oficial Operacional (N\u00edvel m\u00e9dio + CNH \u201cD\u201d ou \u201cE)<\/strong>:<\/p>\n\n\n\n<ul class=\"wp-block-list\">\n<li>Motorista &#8211;  25 vagas.<\/li>\n<\/ul>\n\n\n\n<figure class=\"wp-block-image aligncenter\"><img loading=\"lazy\" decoding=\"async\" width=\"365\" height=\"414\" src=\"https:\/\/dhg1h5j42swfq.cloudfront.net\/2018\/09\/07162422\/Capturar-min3.jpg\" alt=\"Comiss\u00e3o 2018\" class=\"wp-image-150449\" srcset=\"https:\/\/dhg1h5j42swfq.cloudfront.net\/2018\/09\/07162422\/Capturar-min3.jpg 365w, https:\/\/dhg1h5j42swfq.cloudfront.net\/2018\/09\/07162422\/Capturar-min3.jpg 264w\" sizes=\"auto, (max-width: 365px) 100vw, 365px\" \/><figcaption class=\"wp-element-caption\">Comiss\u00e3o do concurso SAP SP 2018<\/figcaption><\/figure>\n\n\n\n<h3 class=\"wp-block-heading\" id=\"projeto\">Projeto b\u00e1sico<\/h3>\n\n\n\n<p>Com a escolha da banca organizadora iniciada, foi disponibilizado o termo de refer\u00eancia que, al\u00e9m das condi\u00e7\u00f5es previstas para contrata\u00e7\u00e3o da empresa, tamb\u00e9m prev\u00ea alguns detalhes importantes do certame.<\/p>\n\n\n\n<p>Com oferta de 109 vagas, s\u00e3o previstos at\u00e9 <strong>3.105 candidatos inscritos<\/strong> para todos os cargos, sendo 3.000 para o cargo de Motorista, 20 para M\u00e9dico na especialidade Psiquiatria, 15 na especialidade Ginecologia e 70 para Cl\u00ednico Geral.<\/p>\n\n\n\n<p>Distribu\u00eddas entre ampla concorr\u00eancia e candidatos com defici\u00eancia, os concorrentes v\u00e3o poder concorrer \u00e0s vagas nas seguintes unidades:<\/p>\n\n\n\n<ul class=\"wp-block-list\">\n<li>Regi\u00e3o Central do Estado de S\u00e3o Paulo;<\/li>\n\n\n\n<li>Regi\u00e3o do Vale do Para\u00edba e Litoral; <\/li>\n\n\n\n<li>Regi\u00e3o Metropolitana de S\u00e3o Paulo;<\/li>\n\n\n\n<li>Coordenadoria de Sa\u00fade do Sistema Penitenci\u00e1rio;  <\/li>\n\n\n\n<li>Regi\u00e3o Noroeste do Estado; <\/li>\n\n\n\n<li>Regi\u00e3o Oeste do Estado. <\/li>\n<\/ul>\n\n\n\n<h4 class=\"wp-block-heading\">Etapas previstas<\/h4>\n\n\n\n<p>Para todas as especialidades do cargo de M\u00e9dico, \u00e9 prevista uma \u00fanica etapa constitu\u00edda de <strong>Prova Objetiva<\/strong> com 40 quest\u00f5es de conhecimentos gerais e espec\u00edficos.<\/p>\n\n\n\n<p>J\u00e1 para Motorista, al\u00e9m da <strong>prova objetiva<\/strong>, o candidato tamb\u00e9m vai passar por uma <strong>prova pr\u00e1tica<\/strong> de dire\u00e7\u00e3o veicular. Para este cargo, a prova deve ter 60 quest\u00f5es das seguintes disciplinas:<\/p>\n\n\n\n<ul class=\"wp-block-list\">\n<li>30 quest\u00f5es de L\u00edngua Portuguesa;<\/li>\n\n\n\n<li>5 quest\u00f5es de Matem\u00e1tica;<\/li>\n\n\n\n<li>10 quest\u00f5es de conhecimentos espec\u00edficos;<\/li>\n\n\n\n<li>10 quest\u00f5es de conhecimentos gerais;<\/li>\n\n\n\n<li>5 quest\u00f5es de conhecimentos de inform\u00e1tica.<\/li>\n<\/ul>\n\n\n\n<h4 class=\"wp-block-heading\" id=\"cronograma\">Cronograma ap\u00f3s assinatura do contrato<\/h4>\n\n\n\n<p>Ap\u00f3s a escolha da empresa e posterior assinatura do contrato, devem come\u00e7ar a valer os seguintes prazos para realiza\u00e7\u00e3o das etapas do edital:<\/p>\n\n\n\n<ul class=\"wp-block-list\">\n<li><strong>Publica\u00e7\u00e3o do edital:<\/strong> ap\u00f3s 35 dias<\/li>\n\n\n\n<li><strong>Aplica\u00e7\u00e3o da Prova Objetiva: <\/strong>ap\u00f3s 100 dias<\/li>\n\n\n\n<li><strong>Aplica\u00e7\u00e3o da Prova Pr\u00e1tica:<\/strong> ap\u00f3s 150 dias<\/li>\n\n\n\n<li><strong>Homologa\u00e7\u00e3o do certame:<\/strong> ap\u00f3s 200 dias<\/li>\n<\/ul>\n\n\n\n<h2 class=\"wp-block-heading\" id=\"cargos\">Conhe\u00e7a a carreira de Pol\u00edcia Penal SP<\/h2>\n\n\n\n<p>O policial penal exercer\u00e1 suas atividades em plant\u00f5es ou em expediente administrativo, conforme a necessidade do servi\u00e7o, estando sujeito a presta\u00e7\u00e3o de servi\u00e7os em condi\u00e7\u00f5es prec\u00e1rias de seguran\u00e7a, cumprimento de hor\u00e1rio irregular, sujeito a plant\u00f5es noturnos, chamadas a qualquer hora e risco de tornar-se v\u00edtima de crime no exerc\u00edcio ou em raz\u00e3o de suas atribui\u00e7\u00f5es.<\/p>\n\n\n\n<h3 class=\"wp-block-heading\" id=\"requisitos\">Requisitos <\/h3>\n\n\n\n<ul class=\"wp-block-list\">\n<li>I &#8211; nacionalidade brasileira;<\/li>\n\n\n\n<li>II &#8211; estar quite com as obriga\u00e7\u00f5es militares e eleitorais e no gozo dos direitos pol\u00edticos;<\/li>\n\n\n\n<li>III &#8211; ter conclu\u00eddo o ensino superior ou equivalente;<\/li>\n\n\n\n<li>IV &#8211; idade m\u00ednima de 18 anos, completados at\u00e9 a data da posse;<\/li>\n\n\n\n<li>V &#8211; idade m\u00e1xima de 35 anos, comprovada na data de encerramento do prazo para inscri\u00e7\u00e3o no concurso de ingresso;<\/li>\n\n\n\n<li>VI &#8211; estatura m\u00ednima, descal\u00e7o e descoberto, de 1,60m para homens e, 1,55m para mulheres;<\/li>\n\n\n\n<li>VII &#8211; ter Carteira Nacional de Habilita\u00e7\u00e3o (CNH) na Categoria &#8220;B&#8221;, no m\u00ednimo;<\/li>\n\n\n\n<li>VIII &#8211; ter boa sa\u00fade, capacidade f\u00edsica plena e aptid\u00e3o psicol\u00f3gica para exerc\u00edcio do cargo;<\/li>\n\n\n\n<li>IX &#8211; boa conduta;<\/li>\n<\/ul>\n\n\n\n<h3 class=\"wp-block-heading\" id=\"atribuicoes\">Atribui\u00e7\u00f5es dos cargos<\/h3>\n\n\n\n<p>S\u00e3o atribui\u00e7\u00f5es institucionais da Pol\u00edcia Penal de S\u00e3o Paulo:<\/p>\n\n\n\n<ul class=\"wp-block-list\">\n<li><strong>I &#8211; promover<\/strong>:\n<ul class=\"wp-block-list\">\n<li>a) a atividade de execu\u00e7\u00e3o da pena e da medida de seguran\u00e7a, a preserva\u00e7\u00e3o da ordem, da disciplina e da seguran\u00e7a dos estabelecimentos penais;<\/li>\n\n\n\n<li>b) o transporte, a escolta, a cust\u00f3dia, a vigil\u00e2ncia, o acompanhamento e o recambiamento das pessoas privadas de liberdade do Sistema Penitenci\u00e1rio do Estado de S\u00e3o Paulo;<\/li>\n\n\n\n<li>c) a cust\u00f3dia e vigil\u00e2ncia das pessoas internadas sob medida de seguran\u00e7a;<\/li>\n\n\n\n<li>d) a classifica\u00e7\u00e3o das pessoas privadas de liberdade, a fiscaliza\u00e7\u00e3o e o acompanhamento, inclusive por monitoramento eletr\u00f4nico, do cumprimento de penas privativas de liberdade e<br \/>de medidas de seguran\u00e7a;<\/li>\n\n\n\n<li>e) a seguran\u00e7a, a vigil\u00e2ncia, a prote\u00e7\u00e3o e a guarda dos bens e das edifica\u00e7\u00f5es dos estabelecimentos penais, at\u00e9 o limite do per\u00edmetro de seguran\u00e7a, na forma a ser definida em<br \/>regulamento;<\/li>\n<\/ul>\n<\/li>\n\n\n\n<li><strong>II &#8211; garantir<\/strong>:\n<ul class=\"wp-block-list\">\n<li>a) a individualiza\u00e7\u00e3o do cumprimento da pena e os direitos individuais das pessoas privadas de liberdade e das pessoas internadas sob medida de seguran\u00e7a, com observ\u00e2ncia do projeto terap\u00eautico consent\u00e2neo com sua necessidade;<\/li>\n\n\n\n<li>b) a assist\u00eancia material, \u00e0 sa\u00fade, jur\u00eddica, educacional, social e religiosa, a reintegra\u00e7\u00e3o social e a promo\u00e7\u00e3o da cidadania \u00e0 pessoa privada de liberdade e as assist\u00eancias previstas em lei aos egressos;<\/li>\n<\/ul>\n<\/li>\n\n\n\n<li><strong>III &#8211; atuar<\/strong>:\n<ul class=\"wp-block-list\">\n<li>a) na preven\u00e7\u00e3o e repress\u00e3o imediata de crimes, contraven\u00e7\u00f5es e infra\u00e7\u00f5es disciplinares no \u00e2mbito da execu\u00e7\u00e3o penal, na forma da legisla\u00e7\u00e3o em vigor;<\/li>\n\n\n\n<li>b) no controle de rebeli\u00f5es, motins, resgate de ref\u00e9ns ou qualquer crise instalada em estabelecimento penal;<\/li>\n\n\n\n<li>c) na fiscaliza\u00e7\u00e3o da aplica\u00e7\u00e3o das penas alternativas, no cumprimento das medidas impostas e na implementa\u00e7\u00e3o de atividades operacionais de redu\u00e7\u00e3o do \u00edndice de reingresso no Sistema Penitenci\u00e1rio;<\/li>\n\n\n\n<li>d) na manuten\u00e7\u00e3o e no funcionamento dos sistemas de intelig\u00eancia relacionados \u00e0 seguran\u00e7a do Sistema Penitenci\u00e1rio;<\/li>\n\n\n\n<li>e) na pesquisa, desenvolvimento e implementa\u00e7\u00e3o de a\u00e7\u00f5es e t\u00e9cnicas de inova\u00e7\u00e3o de seguran\u00e7a e tecnologia em estabelecimentos penais, inclusive de automa\u00e7\u00e3o, informatiza\u00e7\u00e3o e manuten\u00e7\u00e3o do Sistema Penitenci\u00e1rio;<\/li>\n\n\n\n<li>f) na recaptura em caso de fuga, evas\u00e3o ou abandono da pessoa privada de liberdade, restrita ao momento da evas\u00e3o ou \u00e0 persegui\u00e7\u00e3o imediata.<\/li>\n<\/ul>\n<\/li>\n<\/ul>\n\n\n\n<h3 class=\"wp-block-heading\" id=\"remuneracao\">Remunera\u00e7\u00e3o <\/h3>\n\n\n\n<p>A remunera\u00e7\u00e3o que consta na Lei Org\u00e2nica da Pol\u00edcia Penal, que instituiu a carreira de <strong>Policial Penal<\/strong> no Quadro da Secretaria da Administra\u00e7\u00e3o Penitenci\u00e1ria, tem 7 n\u00edveis e 3 categorias:<\/p>\n\n\n\n<figure class=\"wp-block-image aligncenter size-full\"><img loading=\"lazy\" decoding=\"async\" width=\"706\" height=\"339\" src=\"https:\/\/dhg1h5j42swfq.cloudfront.net\/2024\/09\/12081239\/image-313.png\" alt=\"Sal\u00e1rios \" class=\"wp-image-1460693\" srcset=\"https:\/\/dhg1h5j42swfq.cloudfront.net\/2024\/09\/12081239\/image-313.png 706w, https:\/\/dhg1h5j42swfq.cloudfront.net\/2024\/09\/12081239\/image-313-300x144.png 300w, https:\/\/dhg1h5j42swfq.cloudfront.net\/2024\/09\/12081239\/image-313-610x293.png 610w, https:\/\/dhg1h5j42swfq.cloudfront.net\/2024\/09\/12081239\/image-313-150x72.png 150w\" sizes=\"auto, (max-width: 706px) 100vw, 706px\" \/><figcaption class=\"wp-element-caption\">Sal\u00e1rios do concurso Pol\u00edcia Penal SP<\/figcaption><\/figure>\n\n\n\n<p class=\"has-text-align-center has-very-light-gray-to-cyan-bluish-gray-gradient-background has-background\"><a href=\"https:\/\/dhg1h5j42swfq.cloudfront.net\/2024\/09\/12064701\/sap-sp.pdf\" target=\"_blank\" rel=\"noreferrer noopener nofollow\"><strong>Projeto de lei n\u00ba complementar 37 referente a carreira de Policial Penal<\/strong><\/a><\/p>\n\n\n\n<h2 class=\"wp-block-heading\" id=\"ultimo\">Concurso Pol\u00edcia Penal SP: informa\u00e7\u00f5es dos \u00faltimos editais<\/h2>\n\n\n\n<h3 class=\"wp-block-heading\" id=\"concurso-2023\">Concurso de 2023 &#8211; Cancelado<\/h3>\n\n\n\n<ul class=\"wp-block-list\">\n<li><strong>Edital 2023<\/strong>: <a href=\"https:\/\/dhg1h5j42swfq.cloudfront.net\/2023\/07\/14172053\/008-sap-2023-edital-de-abertura-feminino.pdf\" target=\"_blank\" rel=\"noreferrer noopener nofollow\">Pol\u00edcia Penal SP &#8211; Feminino<\/a> | <a href=\"https:\/\/dhg1h5j42swfq.cloudfront.net\/2023\/07\/14172049\/007-sap-2023-edital-de-abertura-masculino.pdf\" target=\"_blank\" rel=\"noreferrer noopener nofollow\">Pol\u00edcia Penal SP &#8211; Masculino<\/a><\/li>\n<\/ul>\n\n\n\n<p>Foi cancelado o edital do concurso Pol\u00edcia Penal SP (SAP SP) pelo secret\u00e1rio de Administra\u00e7\u00e3o Penitenci\u00e1ria de S\u00e3o Paulo, Marcelo Streifinger. O comunicado foi publicado na edi\u00e7\u00e3o do Di\u00e1rio Oficial do Estado, no dia 17 de julho de 2024.<\/p>\n\n\n\n<p>Segundo o comunicado, o cancelamento da abertura do certame se deu em virtude \u00e0 aprecia\u00e7\u00e3o pela Assembleia Legislativa de S\u00e3o Paulo ao Estatuto do Policial Penal Estadual.<\/p>\n\n\n\n<h4 class=\"wp-block-heading\">Cargos e vagas do concurso SAP SP<\/h4>\n\n\n\n<figure class=\"wp-block-table is-style-stripes\"><table class=\"has-very-light-gray-to-cyan-bluish-gray-gradient-background has-background has-fixed-layout\"><thead><tr><th class=\"has-text-align-center\" data-align=\"center\">Cargo<\/th><th class=\"has-text-align-center\" data-align=\"center\">Vagas<\/th><th class=\"has-text-align-center\" data-align=\"center\">Sal\u00e1rio inicial<\/th><\/tr><\/thead><tbody><tr><td class=\"has-text-align-center\" data-align=\"center\">Policial Penal (masculino)<\/td><td class=\"has-text-align-center\" data-align=\"center\">1.050<\/td><td class=\"has-text-align-center\" data-align=\"center\">R$ 3.515,72<\/td><\/tr><tr><td class=\"has-text-align-center\" data-align=\"center\">Policial Penal (feminino)<\/td><td class=\"has-text-align-center\" data-align=\"center\">50<\/td><td class=\"has-text-align-center\" data-align=\"center\">R$ 3.515,72<\/td><\/tr><\/tbody><\/table><\/figure>\n\n\n\n<h4 class=\"wp-block-heading\">Etapas do concurso Pol\u00edcia Penal SP<\/h4>\n\n\n\n<ul class=\"wp-block-list\">\n<li><strong>Prova Objetiva,<\/strong>&nbsp;de car\u00e1ter eliminat\u00f3rio e classificat\u00f3rio;<\/li>\n\n\n\n<li><strong>Prova de Condicionamento F\u00edsico,<\/strong>&nbsp;de car\u00e1ter eliminat\u00f3rio; <\/li>\n\n\n\n<li><strong>Avalia\u00e7\u00e3o Psicol\u00f3gica,<\/strong>&nbsp;de car\u00e1ter eliminat\u00f3rio; <\/li>\n\n\n\n<li><strong>Investiga\u00e7\u00e3o Social<\/strong>, de car\u00e1ter eliminat\u00f3rio; e<\/li>\n\n\n\n<li><strong>Curso de Forma\u00e7\u00e3o<\/strong>, de car\u00e1ter eliminat\u00f3rio.<\/li>\n<\/ul>\n\n\n\n<p>Prova objetiva:<\/p>\n\n\n\n<ul class=\"wp-block-list\">\n<li>20 quest\u00f5es de&nbsp;L\u00edngua Portuguesa;<\/li>\n\n\n\n<li>15 quest\u00f5es de&nbsp;Matem\u00e1tica;<\/li>\n\n\n\n<li>15 quest\u00f5es de&nbsp;Conhecimentos Gerais.<\/li>\n<\/ul>\n\n\n\n<p>Prova de condicionamento f\u00edsico:<\/p>\n\n\n\n<ul class=\"wp-block-list\">\n<li>Teste de flex\u00e3o e extens\u00e3o de cotovelos;<\/li>\n\n\n\n<li>Resist\u00eancia abdominal, em dec\u00fabito dorsal (tipo remador);<\/li>\n\n\n\n<li>Corrida de 50 metros;<\/li>\n\n\n\n<li>Corrida em 12 minutos.<\/li>\n<\/ul>\n\n\n\n<h3 class=\"wp-block-heading\" id=\"concurso-2018\">Concurso de 2018 &#8211; Diversos cargos<\/h3>\n\n\n\n<ul class=\"wp-block-list\">\n<li><strong>Data<\/strong>: 2018<\/li>\n\n\n\n<li><strong>Vagas<\/strong>: 416<\/li>\n\n\n\n<li><strong>Cargos<\/strong>: v\u00e1rios<\/li>\n\n\n\n<li><strong>Banca<\/strong>: Sarmento (MS Concursos)<\/li>\n\n\n\n<li><strong>Edital:&nbsp;<\/strong><a href=\"https:\/\/dhg1h5j42swfq.cloudfront.net\/2023\/06\/19120955\/sap-sp-edital-2018.pdf\" target=\"_blank\" rel=\"noreferrer noopener nofollow\">SAP SP-2018<\/a><\/li>\n<\/ul>\n\n\n\n<p class=\"has-text-align-left\">O edital do \u00faltimo concurso do \u00f3rg\u00e3o <strong>foi publicado em 2018<\/strong>, com a oferta de <strong>416 vagas<\/strong> para cargos de n\u00edvel m\u00e9dio e superior distribu\u00eddos da seguinte forma:<\/p>\n\n\n\n<ul class=\"wp-block-list\">\n<li>Agente T\u00e9cnico de Assist\u00eancia \u00e0 Sa\u00fade &#8211; Psic\u00f3logo (23);<\/li>\n\n\n\n<li>Agente T\u00e9cnico de Assist\u00eancia \u00e0 Sa\u00fade &#8211; Assistente Social (22);<\/li>\n\n\n\n<li>Agente T\u00e9cnico de Assist\u00eancia \u00e0 Sa\u00fade &#8211; Terapeuta Ocupacional&nbsp;(5);<\/li>\n\n\n\n<li>Analista Administrativo (25);<\/li>\n\n\n\n<li>Analista Sociocultural &#8211; Pedagogo (5);<\/li>\n\n\n\n<li>Oficial Administrativo (265);<\/li>\n\n\n\n<li>T\u00e9cnico de Enfermagem (51);<\/li>\n\n\n\n<li>Enfermeiro (12);<\/li>\n\n\n\n<li>Cirurgi\u00e3o Dentista (8).<\/li>\n<\/ul>\n\n\n\n<p>O concurso foi composto por uma \u00fanica fase, sendo esta uma prova objetiva entre 40 e 80 quest\u00f5es a depender do cargo\/especialidade. A banca escolhida, \u00e0 \u00e9poca, foi a Sarmento (MS Concursos).<\/p>\n\n\n\n<h3 class=\"wp-block-heading\" id=\"concurso-2017\">Concurso de 2017 &#8211; Agente de Seguran\u00e7a Penitenci\u00e1ria<\/h3>\n\n\n\n<ul class=\"wp-block-list\">\n<li><strong>Data<\/strong>: 2017<\/li>\n\n\n\n<li><strong>Vagas<\/strong>: 1.034<\/li>\n\n\n\n<li><strong>Cargos<\/strong>: Agente de Seguran\u00e7a Penitenci\u00e1ria<\/li>\n\n\n\n<li><strong>Banca<\/strong>: Sarmento (MS Concursos)<\/li>\n\n\n\n<li><strong>Editais<\/strong>: <a href=\"https:\/\/dhg1h5j42swfq.cloudfront.net\/2023\/06\/19120951\/sap_sp_2017_agente_de_seguranca_penitenciaria_feminino-edital.pdf\" target=\"_blank\" rel=\"noreferrer noopener nofollow\">SAP SP- Feminino<\/a> | <a href=\"https:\/\/dhg1h5j42swfq.cloudfront.net\/2023\/06\/19120948\/edital-de-abertura-de-inscries-ccp-n-058-2017-masculino.pdf\" target=\"_blank\" rel=\"noreferrer noopener nofollow\">SAP SP-Masculino<\/a> | <\/li>\n<\/ul>\n\n\n\n<p>O \u00faltimo concurso para <strong>Agente de Seguran\u00e7a Penitenci\u00e1ria <\/strong>aconteceu <strong>em 2017<\/strong>, com 1.034 vagas. A sele\u00e7\u00e3o registrou o total de 134.423 inscri\u00e7\u00f5es, sob organiza\u00e7\u00e3o da Sarmento (MS Concursos). <\/p>\n\n\n\n<ul class=\"wp-block-list\">\n<li><strong>100 vagas<\/strong>&nbsp;do cargo de Agente de Seguran\u00e7a Penitenci\u00e1ria de Classe I \u2013 sexo feminino&nbsp;(reserva de 5% para pessoas com defici\u00eancia);<\/li>\n\n\n\n<li> <strong>934 vagas<\/strong>&nbsp;do cargo de Agente de Seguran\u00e7a Penitenci\u00e1ria de Classe I \u2013 sexo masculino&nbsp;&nbsp;(reserva de 5% para pessoas com defici\u00eancia).<\/li>\n<\/ul>\n\n\n\n<h3 class=\"wp-block-heading\" id=\"concurso-2014\">Concurso de 2014 &#8211; Agente de Escolta e Seguran\u00e7a Penitenci\u00e1ria<\/h3>\n\n\n\n<ul class=\"wp-block-list\">\n<li><strong>Data<\/strong>: 2014<\/li>\n\n\n\n<li><strong>Vagas<\/strong>: 1.593<\/li>\n\n\n\n<li><strong>Cargos<\/strong>: Agente de Escolta e Seguran\u00e7a Penitenci\u00e1ria<\/li>\n\n\n\n<li><strong>Banca<\/strong>: VUNESP<\/li>\n\n\n\n<li><strong>Edital:&nbsp;<\/strong><a href=\"http:\/\/www.vunesp.com.br\/SEAP1401\/\" target=\"_blank\" rel=\"noreferrer noopener\">Edital SAP-SP 2014<\/a><\/li>\n<\/ul>\n\n\n\n<p>O \u00faltimo concurso para  <strong>Agente de Seguran\u00e7a Penitenci\u00e1ria<\/strong> aconteceu em <strong>2014<\/strong> e, \u00e0 \u00e9poca, a banca organizadora foi a Vunesp. Ao todo, <strong>foram ofertadas 1.593 vagas<\/strong> para o sexo masculino.<\/p>\n\n\n\n<hr class=\"wp-block-separator has-css-opacity\"\/>\n\n\n\n<h2 class=\"wp-block-heading has-text-align-center\" id=\"h-quer-saber-tudo-sobre-concursos-previstos-confira-nossos-artigos\">Quer saber tudo sobre concursos previstos?<br \/>Confira nossos artigos!<\/h2>\n\n\n\n<ul class=\"wp-block-list\">\n<li><a href=\"https:\/\/www.estrategiaconcursos.com.br\/blog\/concursos-policia-penal\/\" target=\"_blank\" rel=\"noreferrer noopener\">Concursos Pol\u00edcia Penal<\/a><\/li>\n\n\n\n<li><a href=\"https:\/\/www.estrategiaconcursos.com.br\/blog\/concursos-abertos\/\" target=\"_blank\" rel=\"noreferrer noopener\">Concursos abertos<\/a><\/li>\n\n\n\n<li><a href=\"https:\/\/www.estrategiaconcursos.com.br\/blog\/concursos-2026\/\" target=\"_blank\" rel=\"noreferrer noopener\">Concursos 2026<\/a><\/li>\n\n\n\n<li><a href=\"https:\/\/www.estrategiaconcursos.com.br\/blog\/concursos-sp\/\" target=\"_blank\" rel=\"noreferrer noopener\">Concursos SP<\/a><\/li>\n<\/ul>\n\n\n\n<h2 class=\"wp-block-heading has-text-align-center\" id=\"cursos\">Quer estudar para o concurso Pol\u00edcia Penal SP?<\/h2>\n\n\n\n<div id=\"boxes\" class=\"container\">\n<div class=\"row\">\n<div class=\"col-sm\">\n<div id=\"box-assinatura\" class=\"banner-policia-penal\">\n<h3 class=\"titulo-assinatura\">Concurso SAP SP<\/h3>\n<p class=\"subtitulo-assinatura\">Rumo \u00e0 carreira policial dos seus sonhos! \u2b50<\/p>\n<div class=\"box-botao\"><a class=\"btn-assinatura\" role=\"button\" href=\"https:\/\/www.estrategiaconcursos.com.br\/cursosPorConcurso\/secretaria-de-administracao-penitenciaria-de-sao-paulo-sap-sp\/\" target=\"_blank\" rel=\"noopener noreferrer\">VER CURSOS<\/a><\/div>\n<\/div>\n<p class=\"texto-auxiliar\"><\/p>\n<\/div>\n<\/div>\n<\/div>\n\n\n\n<div id=\"boxes\" class=\"container\">\n<div class=\"row\">\n<div class=\"col-sm\">\n<div id=\"box-assinatura\" class=\"estrategia\">\n<h3 class=\"titulo-assinatura\">Assinatura de Concursos<\/h3>\n<p class=\"subtitulo-assinatura\">Assinatura de 1 ou 2 anos<\/p>\n<div class=\"box-botao\"><a class=\"btn-assinatura\" role=\"button\" href=\"https:\/\/www.estrategiaconcursos.com.br\/assinaturas\/\" target=\"_blank\" rel=\"noopener noreferrer\">ASSINE AGORA<\/a><\/div>\n<\/div>\n<p <=\"\" p=\"\">\n<\/p><\/div><\/div><\/div>\n\n\n\n<figure class=\"wp-block-image size-large is-resized\"><img loading=\"lazy\" decoding=\"async\" width=\"300\" height=\"185\" src=\"https:\/\/dhg1h5j42swfq.cloudfront.net\/2021\/04\/09164336\/ficha-tecnica-1-300x185-1-9.png\" alt=\"Ficha t\u00e9cnica \" class=\"wp-image-711193\"\/><\/figure>\n\n\n\n<h3 class=\"wp-block-heading\" id=\"ficha\">Informa\u00e7\u00f5es do concurso Pol\u00edcia Penal SP<\/h3>\n\n\n\n<ul class=\"wp-block-list\">\n<li><strong>Data<\/strong>: 31\/05\/2026 <\/li>\n\n\n\n<li><strong>Vagas<\/strong>: 1.100<\/li>\n\n\n\n<li><strong>Cargos<\/strong>: Policial Penal<\/li>\n\n\n\n<li><strong style=\"color: initial;\">Banca<\/strong><span style=\"color: initial;\">: <\/span>Instituto AOCP<\/li>\n\n\n\n<li><strong>Escolaridade<\/strong>: n\u00edvel superior<\/li>\n\n\n\n<li><strong>Edital<\/strong>: <a href=\"https:\/\/dhg1h5j42swfq.cloudfront.net\/2025\/10\/10054409\/concuso-policia-penal-sp.pdf\" target=\"_blank\" rel=\"noreferrer noopener nofollow\">SAP SP 2025<\/a> | <a href=\"https:\/\/dhg1h5j42swfq.cloudfront.net\/2026\/02\/06102949\/c9981775-b55e-40b8-b966-88f08e2178f8.pdf\" target=\"_blank\" rel=\"noreferrer noopener nofollow\">SAP SP-retomada<\/a><\/li>\n<\/ul>\n\n\n\n<hr class=\"wp-block-separator has-alpha-channel-opacity\"\/>\n\n\n\n<div class=\"schema-faq wp-block-yoast-faq-block\"><div class=\"schema-faq-section\" id=\"faq-question-1763584254530\"><strong class=\"schema-faq-question\">Qual a idade m\u00e1xima para ser Pol\u00edcia Penal SP?<\/strong> <p class=\"schema-faq-answer\">De acordo com o edital SAP SP, a idade m\u00e1xima para ser Policial Penal em S\u00e3o Paulo \u00e9 de 35 anos. J\u00e1 a idade m\u00ednima \u00e9 de 18 anos.<\/p> <\/div> <div class=\"schema-faq-section\" id=\"faq-question-1763584368958\"><strong class=\"schema-faq-question\">Qual \u00e9 o sal\u00e1rio inicial de um Policial Penal de S\u00e3o Paulo?<\/strong> <p class=\"schema-faq-answer\">Segundo o edital do Concurso PP SP, o sal\u00e1rio inicial de um Policial Penal \u00e9 de R$ 4.695,60.<\/p> <\/div> <div class=\"schema-faq-section\" id=\"faq-question-1763584427965\"><strong class=\"schema-faq-question\">Como ser\u00e1 o Concurso da Pol\u00edcia Penal SP?<\/strong> <p class=\"schema-faq-answer\">O \u00faltimo edital da Pol\u00edcia Penal de S\u00e3o Paulo foi publicado em outubro de 2025, com 1.100 vagas para o cargo de Policial Penal e sal\u00e1rio inicial de R$ 4.695,60. Os principais requisitos para participar do certame s\u00e3o: possuir diploma de gradua\u00e7\u00e3o de n\u00edvel superior; ter at\u00e9 35 anos; ter a estatura m\u00ednima de 1,60m; e ter CNH categoria &#8220;B&#8221;. A prova objetiva ser\u00e1 aplicada em 31 de maio de 2026.<\/p> <\/div> <\/div>\n","protected":false},"excerpt":{"rendered":"<p>Concurso SAP SP exige n\u00edvel superior e idade m\u00e1xima de 35 anos para Policial Penal de S\u00e3o Paulo! Est\u00e3o encerradas as inscri\u00e7\u00f5es do concurso Pol\u00edcia Penal SP (Secretaria de Administra\u00e7\u00e3o Penitenci\u00e1ria de S\u00e3o Paulo &#8211; SAP SP). Os interessados na sele\u00e7\u00e3o puderam se candidatar at\u00e9 o dia 10 de abril, pelo site do Instituto AOCP, [&hellip;]<\/p>\n","protected":false},"author":1206,"featured_media":1051680,"comment_status":"open","ping_status":"closed","sticky":false,"template":"","format":"standard","meta":{"post_tipo":"news_page","footnotes":""},"categories":[220188],"tags":[],"tax_estado":[219989],"class_list":["post-138896","post","type-post","status-publish","format-standard","has-post-thumbnail","hentry","category-policial-agente-penitenciario","tax_estado-sp"],"acf":[],"yoast_head":"<!-- This site is optimized with the Yoast SEO Premium plugin v27.2 (Yoast SEO v27.2) - https:\/\/yoast.com\/product\/yoast-seo-premium-wordpress\/ -->\n<title>Concurso Pol\u00edcia Penal SP: 1.100 vagas; provas em maio!<\/title>\n<meta name=\"description\" content=\"Edital do concurso Pol\u00edcia Penal SP oferece 1.100 vagas de n\u00edvel superior. Inscri\u00e7\u00f5es encerradas e provas em maio. Confira!\" \/>\n<meta name=\"robots\" content=\"index, follow, max-snippet:-1, max-image-preview:large, max-video-preview:-1\" \/>\n<link rel=\"canonical\" href=\"https:\/\/www.estrategiaconcursos.com.br\/blog\/concurso-policia-penal-sp\/\" \/>\n<meta property=\"og:locale\" content=\"pt_BR\" \/>\n<meta property=\"og:type\" content=\"article\" \/>\n<meta property=\"og:title\" content=\"Concurso Pol\u00edcia Penal SP: 1.100 vagas; provas em maio!\" \/>\n<meta property=\"og:description\" content=\"Edital do concurso Pol\u00edcia Penal SP oferece 1.100 vagas de n\u00edvel superior. Inscri\u00e7\u00f5es encerradas e provas em maio. Confira!\" \/>\n<meta property=\"og:url\" content=\"https:\/\/www.estrategiaconcursos.com.br\/blog\/concurso-policia-penal-sp\/\" \/>\n<meta property=\"og:site_name\" content=\"Estrat\u00e9gia Concursos\" \/>\n<meta property=\"article:published_time\" content=\"2026-04-11T12:25:52+00:00\" \/>\n<meta property=\"article:modified_time\" content=\"2026-04-13T13:47:25+00:00\" \/>\n<meta property=\"og:image\" content=\"https:\/\/dhg1h5j42swfq.cloudfront.net\/2022\/06\/28153510\/policia_penal_sp.jpg\" \/>\n\t<meta property=\"og:image:width\" content=\"768\" \/>\n\t<meta property=\"og:image:height\" content=\"432\" \/>\n\t<meta property=\"og:image:type\" content=\"image\/jpeg\" \/>\n<meta name=\"author\" content=\"Bruna de Andrade Fran\u00e7a\" \/>\n<meta name=\"twitter:card\" content=\"summary_large_image\" \/>\n<meta name=\"twitter:creator\" content=\"@EstratConcursos\" \/>\n<meta name=\"twitter:site\" content=\"@EstratConcursos\" \/>\n<meta name=\"twitter:label1\" content=\"Escrito por\" \/>\n\t<meta name=\"twitter:data1\" content=\"Bruna de Andrade Fran\u00e7a\" \/>\n\t<meta name=\"twitter:label2\" content=\"Est. tempo de leitura\" \/>\n\t<meta name=\"twitter:data2\" content=\"11 minutos\" \/>\n<script type=\"application\/ld+json\" class=\"yoast-schema-graph\">{\"@context\":\"https:\/\/schema.org\",\"@graph\":[{\"@type\":\"NewsArticle\",\"@id\":\"https:\/\/www.estrategiaconcursos.com.br\/blog\/concurso-policia-penal-sp\/#article\",\"isPartOf\":{\"@id\":\"https:\/\/www.estrategiaconcursos.com.br\/blog\/concurso-policia-penal-sp\/\"},\"author\":{\"name\":\"Bruna de Andrade Fran\u00e7a\",\"@id\":\"https:\/\/www.estrategiaconcursos.com.br\/blog\/#\/schema\/person\/6630f91134abc08115cca62ce6372855\"},\"headline\":\"Concurso Pol\u00edcia Penal SP: 1.100 vagas; provas em maio!\",\"datePublished\":\"2026-04-11T12:25:52+00:00\",\"dateModified\":\"2026-04-13T13:47:25+00:00\",\"mainEntityOfPage\":{\"@id\":\"https:\/\/www.estrategiaconcursos.com.br\/blog\/concurso-policia-penal-sp\/\"},\"wordCount\":2522,\"commentCount\":22,\"publisher\":{\"@id\":\"https:\/\/www.estrategiaconcursos.com.br\/blog\/#organization\"},\"image\":{\"@id\":\"https:\/\/www.estrategiaconcursos.com.br\/blog\/concurso-policia-penal-sp\/#primaryimage\"},\"thumbnailUrl\":\"https:\/\/dhg1h5j42swfq.cloudfront.net\/2022\/06\/28153510\/policia_penal_sp.jpg\",\"articleSection\":[\"Policial (Agente Penitenci\u00e1rio)\"],\"inLanguage\":\"pt-BR\",\"potentialAction\":[{\"@type\":\"CommentAction\",\"name\":\"Comment\",\"target\":[\"https:\/\/www.estrategiaconcursos.com.br\/blog\/concurso-policia-penal-sp\/#respond\"]}],\"copyrightYear\":\"2026\",\"copyrightHolder\":{\"@id\":\"https:\/\/www.estrategiaconcursos.com.br\/blog\/#organization\"}},{\"@type\":[\"WebPage\",\"FAQPage\"],\"@id\":\"https:\/\/www.estrategiaconcursos.com.br\/blog\/concurso-policia-penal-sp\/\",\"url\":\"https:\/\/www.estrategiaconcursos.com.br\/blog\/concurso-policia-penal-sp\/\",\"name\":\"Concurso Pol\u00edcia Penal SP: 1.100 vagas; provas em maio!\",\"isPartOf\":{\"@id\":\"https:\/\/www.estrategiaconcursos.com.br\/blog\/#website\"},\"primaryImageOfPage\":{\"@id\":\"https:\/\/www.estrategiaconcursos.com.br\/blog\/concurso-policia-penal-sp\/#primaryimage\"},\"image\":{\"@id\":\"https:\/\/www.estrategiaconcursos.com.br\/blog\/concurso-policia-penal-sp\/#primaryimage\"},\"thumbnailUrl\":\"https:\/\/dhg1h5j42swfq.cloudfront.net\/2022\/06\/28153510\/policia_penal_sp.jpg\",\"datePublished\":\"2026-04-11T12:25:52+00:00\",\"dateModified\":\"2026-04-13T13:47:25+00:00\",\"description\":\"Edital do concurso Pol\u00edcia Penal SP oferece 1.100 vagas de n\u00edvel superior. Inscri\u00e7\u00f5es encerradas e provas em maio. Confira!\",\"breadcrumb\":{\"@id\":\"https:\/\/www.estrategiaconcursos.com.br\/blog\/concurso-policia-penal-sp\/#breadcrumb\"},\"mainEntity\":[{\"@id\":\"https:\/\/www.estrategiaconcursos.com.br\/blog\/concurso-policia-penal-sp\/#faq-question-1763584254530\"},{\"@id\":\"https:\/\/www.estrategiaconcursos.com.br\/blog\/concurso-policia-penal-sp\/#faq-question-1763584368958\"},{\"@id\":\"https:\/\/www.estrategiaconcursos.com.br\/blog\/concurso-policia-penal-sp\/#faq-question-1763584427965\"}],\"inLanguage\":\"pt-BR\",\"potentialAction\":[{\"@type\":\"ReadAction\",\"target\":[\"https:\/\/www.estrategiaconcursos.com.br\/blog\/concurso-policia-penal-sp\/\"]}]},{\"@type\":\"ImageObject\",\"inLanguage\":\"pt-BR\",\"@id\":\"https:\/\/www.estrategiaconcursos.com.br\/blog\/concurso-policia-penal-sp\/#primaryimage\",\"url\":\"https:\/\/dhg1h5j42swfq.cloudfront.net\/2022\/06\/28153510\/policia_penal_sp.jpg\",\"contentUrl\":\"https:\/\/dhg1h5j42swfq.cloudfront.net\/2022\/06\/28153510\/policia_penal_sp.jpg\",\"width\":768,\"height\":432,\"caption\":\"concurso sap sp\"},{\"@type\":\"BreadcrumbList\",\"@id\":\"https:\/\/www.estrategiaconcursos.com.br\/blog\/concurso-policia-penal-sp\/#breadcrumb\",\"itemListElement\":[{\"@type\":\"ListItem\",\"position\":1,\"name\":\"In\u00edcio\",\"item\":\"https:\/\/www.estrategiaconcursos.com.br\/blog\/\"},{\"@type\":\"ListItem\",\"position\":2,\"name\":\"Concurso Pol\u00edcia Penal SP: 1.100 vagas; provas em maio!\"}]},{\"@type\":\"WebSite\",\"@id\":\"https:\/\/www.estrategiaconcursos.com.br\/blog\/#website\",\"url\":\"https:\/\/www.estrategiaconcursos.com.br\/blog\/\",\"name\":\"Estrat\u00e9gia Concursos\",\"description\":\"O blog da Estrat\u00e9gia Concursos traz not\u00edcias sobre concursos e artigos de professores oferecendo cursos para concursos (pdf + videaulas) no site.\",\"publisher\":{\"@id\":\"https:\/\/www.estrategiaconcursos.com.br\/blog\/#organization\"},\"potentialAction\":[{\"@type\":\"SearchAction\",\"target\":{\"@type\":\"EntryPoint\",\"urlTemplate\":\"https:\/\/www.estrategiaconcursos.com.br\/blog\/?s={search_term_string}\"},\"query-input\":{\"@type\":\"PropertyValueSpecification\",\"valueRequired\":true,\"valueName\":\"search_term_string\"}}],\"inLanguage\":\"pt-BR\"},{\"@type\":\"Organization\",\"@id\":\"https:\/\/www.estrategiaconcursos.com.br\/blog\/#organization\",\"name\":\"Estrat\u00e9gia Concursos\",\"url\":\"https:\/\/www.estrategiaconcursos.com.br\/blog\/\",\"logo\":{\"@type\":\"ImageObject\",\"inLanguage\":\"pt-BR\",\"@id\":\"https:\/\/www.estrategiaconcursos.com.br\/blog\/#\/schema\/logo\/image\/\",\"url\":\"https:\/\/dhg1h5j42swfq.cloudfront.net\/2025\/06\/03203428\/logo_concursos-1.jpg\",\"contentUrl\":\"https:\/\/dhg1h5j42swfq.cloudfront.net\/2025\/06\/03203428\/logo_concursos-1.jpg\",\"width\":230,\"height\":60,\"caption\":\"Estrat\u00e9gia Concursos\"},\"image\":{\"@id\":\"https:\/\/www.estrategiaconcursos.com.br\/blog\/#\/schema\/logo\/image\/\"},\"sameAs\":[\"https:\/\/x.com\/EstratConcursos\"]},{\"@type\":\"Person\",\"@id\":\"https:\/\/www.estrategiaconcursos.com.br\/blog\/#\/schema\/person\/6630f91134abc08115cca62ce6372855\",\"name\":\"Bruna de Andrade Fran\u00e7a\",\"image\":{\"@type\":\"ImageObject\",\"inLanguage\":\"pt-BR\",\"@id\":\"https:\/\/secure.gravatar.com\/avatar\/d6316d36d50cea0fadae28ed3015b8870cc90a2d3d8a95c37b44006af36a00e3?s=96&d=mm&r=g\",\"url\":\"https:\/\/secure.gravatar.com\/avatar\/d6316d36d50cea0fadae28ed3015b8870cc90a2d3d8a95c37b44006af36a00e3?s=96&d=mm&r=g\",\"contentUrl\":\"https:\/\/secure.gravatar.com\/avatar\/d6316d36d50cea0fadae28ed3015b8870cc90a2d3d8a95c37b44006af36a00e3?s=96&d=mm&r=g\",\"caption\":\"Bruna de Andrade Fran\u00e7a\"},\"description\":\"Bruna de Andrade Fran\u00e7a \u00e9 publicit\u00e1ria com p\u00f3s-gradua\u00e7\u00e3o em Marketing &amp; Growth, atuando h\u00e1 mais de 6 anos no universo dos concursos p\u00fablicos. Desde 2021, lidera no Blog do Estrat\u00e9gia Concursos a cobertura editorial especializada em Concursos Policiais (PF, PRF, PM, PC, etc.), al\u00e9m das frentes de concursos banc\u00e1rios, de sa\u00fade e da \u00e1rea legislativa. Especialista em reda\u00e7\u00e3o, com pr\u00e1ticas de SEO e Copywriting, possui tamb\u00e9m atua\u00e7\u00e3o pr\u00e1tica de contato direto com \u00f3rg\u00e3os p\u00fablicos respons\u00e1veis por editais, permitindo acesso antecipado a informa\u00e7\u00f5es, desdobramentos importantes e atualiza\u00e7\u00e3o eficiente dos concursos p\u00fablicos.\",\"url\":\"https:\/\/www.estrategiaconcursos.com.br\/blog\/author\/bruna-andrade\/\"},{\"@type\":\"Question\",\"@id\":\"https:\/\/www.estrategiaconcursos.com.br\/blog\/concurso-policia-penal-sp\/#faq-question-1763584254530\",\"position\":1,\"url\":\"https:\/\/www.estrategiaconcursos.com.br\/blog\/concurso-policia-penal-sp\/#faq-question-1763584254530\",\"name\":\"Qual a idade m\u00e1xima para ser Pol\u00edcia Penal SP?\",\"answerCount\":1,\"acceptedAnswer\":{\"@type\":\"Answer\",\"text\":\"De acordo com o edital SAP SP, a idade m\u00e1xima para ser Policial Penal em S\u00e3o Paulo \u00e9 de 35 anos. J\u00e1 a idade m\u00ednima \u00e9 de 18 anos.\",\"inLanguage\":\"pt-BR\"},\"inLanguage\":\"pt-BR\"},{\"@type\":\"Question\",\"@id\":\"https:\/\/www.estrategiaconcursos.com.br\/blog\/concurso-policia-penal-sp\/#faq-question-1763584368958\",\"position\":2,\"url\":\"https:\/\/www.estrategiaconcursos.com.br\/blog\/concurso-policia-penal-sp\/#faq-question-1763584368958\",\"name\":\"Qual \u00e9 o sal\u00e1rio inicial de um Policial Penal de S\u00e3o Paulo?\",\"answerCount\":1,\"acceptedAnswer\":{\"@type\":\"Answer\",\"text\":\"Segundo o edital do Concurso PP SP, o sal\u00e1rio inicial de um Policial Penal \u00e9 de R$ 4.695,60.\",\"inLanguage\":\"pt-BR\"},\"inLanguage\":\"pt-BR\"},{\"@type\":\"Question\",\"@id\":\"https:\/\/www.estrategiaconcursos.com.br\/blog\/concurso-policia-penal-sp\/#faq-question-1763584427965\",\"position\":3,\"url\":\"https:\/\/www.estrategiaconcursos.com.br\/blog\/concurso-policia-penal-sp\/#faq-question-1763584427965\",\"name\":\"Como ser\u00e1 o Concurso da Pol\u00edcia Penal SP?\",\"answerCount\":1,\"acceptedAnswer\":{\"@type\":\"Answer\",\"text\":\"O \u00faltimo edital da Pol\u00edcia Penal de S\u00e3o Paulo foi publicado em outubro de 2025, com 1.100 vagas para o cargo de Policial Penal e sal\u00e1rio inicial de R$ 4.695,60. Os principais requisitos para participar do certame s\u00e3o: possuir diploma de gradua\u00e7\u00e3o de n\u00edvel superior; ter at\u00e9 35 anos; ter a estatura m\u00ednima de 1,60m; e ter CNH categoria \\\"B\\\". A prova objetiva ser\u00e1 aplicada em 31 de maio de 2026.\",\"inLanguage\":\"pt-BR\"},\"inLanguage\":\"pt-BR\"}]}<\/script>\n<!-- \/ Yoast SEO Premium plugin. -->","yoast_head_json":{"title":"Concurso Pol\u00edcia Penal SP: 1.100 vagas; provas em maio!","description":"Edital do concurso Pol\u00edcia Penal SP oferece 1.100 vagas de n\u00edvel superior. Inscri\u00e7\u00f5es encerradas e provas em maio. Confira!","robots":{"index":"index","follow":"follow","max-snippet":"max-snippet:-1","max-image-preview":"max-image-preview:large","max-video-preview":"max-video-preview:-1"},"canonical":"https:\/\/www.estrategiaconcursos.com.br\/blog\/concurso-policia-penal-sp\/","og_locale":"pt_BR","og_type":"article","og_title":"Concurso Pol\u00edcia Penal SP: 1.100 vagas; provas em maio!","og_description":"Edital do concurso Pol\u00edcia Penal SP oferece 1.100 vagas de n\u00edvel superior. Inscri\u00e7\u00f5es encerradas e provas em maio. Confira!","og_url":"https:\/\/www.estrategiaconcursos.com.br\/blog\/concurso-policia-penal-sp\/","og_site_name":"Estrat\u00e9gia Concursos","article_published_time":"2026-04-11T12:25:52+00:00","article_modified_time":"2026-04-13T13:47:25+00:00","og_image":[{"width":768,"height":432,"url":"https:\/\/dhg1h5j42swfq.cloudfront.net\/2022\/06\/28153510\/policia_penal_sp.jpg","type":"image\/jpeg"}],"author":"Bruna de Andrade Fran\u00e7a","twitter_card":"summary_large_image","twitter_creator":"@EstratConcursos","twitter_site":"@EstratConcursos","twitter_misc":{"Escrito por":"Bruna de Andrade Fran\u00e7a","Est. tempo de leitura":"11 minutos"},"schema":{"@context":"https:\/\/schema.org","@graph":[{"@type":"NewsArticle","@id":"https:\/\/www.estrategiaconcursos.com.br\/blog\/concurso-policia-penal-sp\/#article","isPartOf":{"@id":"https:\/\/www.estrategiaconcursos.com.br\/blog\/concurso-policia-penal-sp\/"},"author":{"name":"Bruna de Andrade Fran\u00e7a","@id":"https:\/\/www.estrategiaconcursos.com.br\/blog\/#\/schema\/person\/6630f91134abc08115cca62ce6372855"},"headline":"Concurso Pol\u00edcia Penal SP: 1.100 vagas; provas em maio!","datePublished":"2026-04-11T12:25:52+00:00","dateModified":"2026-04-13T13:47:25+00:00","mainEntityOfPage":{"@id":"https:\/\/www.estrategiaconcursos.com.br\/blog\/concurso-policia-penal-sp\/"},"wordCount":2522,"commentCount":22,"publisher":{"@id":"https:\/\/www.estrategiaconcursos.com.br\/blog\/#organization"},"image":{"@id":"https:\/\/www.estrategiaconcursos.com.br\/blog\/concurso-policia-penal-sp\/#primaryimage"},"thumbnailUrl":"https:\/\/dhg1h5j42swfq.cloudfront.net\/2022\/06\/28153510\/policia_penal_sp.jpg","articleSection":["Policial (Agente Penitenci\u00e1rio)"],"inLanguage":"pt-BR","potentialAction":[{"@type":"CommentAction","name":"Comment","target":["https:\/\/www.estrategiaconcursos.com.br\/blog\/concurso-policia-penal-sp\/#respond"]}],"copyrightYear":"2026","copyrightHolder":{"@id":"https:\/\/www.estrategiaconcursos.com.br\/blog\/#organization"}},{"@type":["WebPage","FAQPage"],"@id":"https:\/\/www.estrategiaconcursos.com.br\/blog\/concurso-policia-penal-sp\/","url":"https:\/\/www.estrategiaconcursos.com.br\/blog\/concurso-policia-penal-sp\/","name":"Concurso Pol\u00edcia Penal SP: 1.100 vagas; provas em maio!","isPartOf":{"@id":"https:\/\/www.estrategiaconcursos.com.br\/blog\/#website"},"primaryImageOfPage":{"@id":"https:\/\/www.estrategiaconcursos.com.br\/blog\/concurso-policia-penal-sp\/#primaryimage"},"image":{"@id":"https:\/\/www.estrategiaconcursos.com.br\/blog\/concurso-policia-penal-sp\/#primaryimage"},"thumbnailUrl":"https:\/\/dhg1h5j42swfq.cloudfront.net\/2022\/06\/28153510\/policia_penal_sp.jpg","datePublished":"2026-04-11T12:25:52+00:00","dateModified":"2026-04-13T13:47:25+00:00","description":"Edital do concurso Pol\u00edcia Penal SP oferece 1.100 vagas de n\u00edvel superior. Inscri\u00e7\u00f5es encerradas e provas em maio. Confira!","breadcrumb":{"@id":"https:\/\/www.estrategiaconcursos.com.br\/blog\/concurso-policia-penal-sp\/#breadcrumb"},"mainEntity":[{"@id":"https:\/\/www.estrategiaconcursos.com.br\/blog\/concurso-policia-penal-sp\/#faq-question-1763584254530"},{"@id":"https:\/\/www.estrategiaconcursos.com.br\/blog\/concurso-policia-penal-sp\/#faq-question-1763584368958"},{"@id":"https:\/\/www.estrategiaconcursos.com.br\/blog\/concurso-policia-penal-sp\/#faq-question-1763584427965"}],"inLanguage":"pt-BR","potentialAction":[{"@type":"ReadAction","target":["https:\/\/www.estrategiaconcursos.com.br\/blog\/concurso-policia-penal-sp\/"]}]},{"@type":"ImageObject","inLanguage":"pt-BR","@id":"https:\/\/www.estrategiaconcursos.com.br\/blog\/concurso-policia-penal-sp\/#primaryimage","url":"https:\/\/dhg1h5j42swfq.cloudfront.net\/2022\/06\/28153510\/policia_penal_sp.jpg","contentUrl":"https:\/\/dhg1h5j42swfq.cloudfront.net\/2022\/06\/28153510\/policia_penal_sp.jpg","width":768,"height":432,"caption":"concurso sap sp"},{"@type":"BreadcrumbList","@id":"https:\/\/www.estrategiaconcursos.com.br\/blog\/concurso-policia-penal-sp\/#breadcrumb","itemListElement":[{"@type":"ListItem","position":1,"name":"In\u00edcio","item":"https:\/\/www.estrategiaconcursos.com.br\/blog\/"},{"@type":"ListItem","position":2,"name":"Concurso Pol\u00edcia Penal SP: 1.100 vagas; provas em maio!"}]},{"@type":"WebSite","@id":"https:\/\/www.estrategiaconcursos.com.br\/blog\/#website","url":"https:\/\/www.estrategiaconcursos.com.br\/blog\/","name":"Estrat\u00e9gia Concursos","description":"O blog da Estrat\u00e9gia Concursos traz not\u00edcias sobre concursos e artigos de professores oferecendo cursos para concursos (pdf + videaulas) no site.","publisher":{"@id":"https:\/\/www.estrategiaconcursos.com.br\/blog\/#organization"},"potentialAction":[{"@type":"SearchAction","target":{"@type":"EntryPoint","urlTemplate":"https:\/\/www.estrategiaconcursos.com.br\/blog\/?s={search_term_string}"},"query-input":{"@type":"PropertyValueSpecification","valueRequired":true,"valueName":"search_term_string"}}],"inLanguage":"pt-BR"},{"@type":"Organization","@id":"https:\/\/www.estrategiaconcursos.com.br\/blog\/#organization","name":"Estrat\u00e9gia Concursos","url":"https:\/\/www.estrategiaconcursos.com.br\/blog\/","logo":{"@type":"ImageObject","inLanguage":"pt-BR","@id":"https:\/\/www.estrategiaconcursos.com.br\/blog\/#\/schema\/logo\/image\/","url":"https:\/\/dhg1h5j42swfq.cloudfront.net\/2025\/06\/03203428\/logo_concursos-1.jpg","contentUrl":"https:\/\/dhg1h5j42swfq.cloudfront.net\/2025\/06\/03203428\/logo_concursos-1.jpg","width":230,"height":60,"caption":"Estrat\u00e9gia Concursos"},"image":{"@id":"https:\/\/www.estrategiaconcursos.com.br\/blog\/#\/schema\/logo\/image\/"},"sameAs":["https:\/\/x.com\/EstratConcursos"]},{"@type":"Person","@id":"https:\/\/www.estrategiaconcursos.com.br\/blog\/#\/schema\/person\/6630f91134abc08115cca62ce6372855","name":"Bruna de Andrade Fran\u00e7a","image":{"@type":"ImageObject","inLanguage":"pt-BR","@id":"https:\/\/secure.gravatar.com\/avatar\/d6316d36d50cea0fadae28ed3015b8870cc90a2d3d8a95c37b44006af36a00e3?s=96&d=mm&r=g","url":"https:\/\/secure.gravatar.com\/avatar\/d6316d36d50cea0fadae28ed3015b8870cc90a2d3d8a95c37b44006af36a00e3?s=96&d=mm&r=g","contentUrl":"https:\/\/secure.gravatar.com\/avatar\/d6316d36d50cea0fadae28ed3015b8870cc90a2d3d8a95c37b44006af36a00e3?s=96&d=mm&r=g","caption":"Bruna de Andrade Fran\u00e7a"},"description":"Bruna de Andrade Fran\u00e7a \u00e9 publicit\u00e1ria com p\u00f3s-gradua\u00e7\u00e3o em Marketing &amp; Growth, atuando h\u00e1 mais de 6 anos no universo dos concursos p\u00fablicos. Desde 2021, lidera no Blog do Estrat\u00e9gia Concursos a cobertura editorial especializada em Concursos Policiais (PF, PRF, PM, PC, etc.), al\u00e9m das frentes de concursos banc\u00e1rios, de sa\u00fade e da \u00e1rea legislativa. Especialista em reda\u00e7\u00e3o, com pr\u00e1ticas de SEO e Copywriting, possui tamb\u00e9m atua\u00e7\u00e3o pr\u00e1tica de contato direto com \u00f3rg\u00e3os p\u00fablicos respons\u00e1veis por editais, permitindo acesso antecipado a informa\u00e7\u00f5es, desdobramentos importantes e atualiza\u00e7\u00e3o eficiente dos concursos p\u00fablicos.","url":"https:\/\/www.estrategiaconcursos.com.br\/blog\/author\/bruna-andrade\/"},{"@type":"Question","@id":"https:\/\/www.estrategiaconcursos.com.br\/blog\/concurso-policia-penal-sp\/#faq-question-1763584254530","position":1,"url":"https:\/\/www.estrategiaconcursos.com.br\/blog\/concurso-policia-penal-sp\/#faq-question-1763584254530","name":"Qual a idade m\u00e1xima para ser Pol\u00edcia Penal SP?","answerCount":1,"acceptedAnswer":{"@type":"Answer","text":"De acordo com o edital SAP SP, a idade m\u00e1xima para ser Policial Penal em S\u00e3o Paulo \u00e9 de 35 anos. J\u00e1 a idade m\u00ednima \u00e9 de 18 anos.","inLanguage":"pt-BR"},"inLanguage":"pt-BR"},{"@type":"Question","@id":"https:\/\/www.estrategiaconcursos.com.br\/blog\/concurso-policia-penal-sp\/#faq-question-1763584368958","position":2,"url":"https:\/\/www.estrategiaconcursos.com.br\/blog\/concurso-policia-penal-sp\/#faq-question-1763584368958","name":"Qual \u00e9 o sal\u00e1rio inicial de um Policial Penal de S\u00e3o Paulo?","answerCount":1,"acceptedAnswer":{"@type":"Answer","text":"Segundo o edital do Concurso PP SP, o sal\u00e1rio inicial de um Policial Penal \u00e9 de R$ 4.695,60.","inLanguage":"pt-BR"},"inLanguage":"pt-BR"},{"@type":"Question","@id":"https:\/\/www.estrategiaconcursos.com.br\/blog\/concurso-policia-penal-sp\/#faq-question-1763584427965","position":3,"url":"https:\/\/www.estrategiaconcursos.com.br\/blog\/concurso-policia-penal-sp\/#faq-question-1763584427965","name":"Como ser\u00e1 o Concurso da Pol\u00edcia Penal SP?","answerCount":1,"acceptedAnswer":{"@type":"Answer","text":"O \u00faltimo edital da Pol\u00edcia Penal de S\u00e3o Paulo foi publicado em outubro de 2025, com 1.100 vagas para o cargo de Policial Penal e sal\u00e1rio inicial de R$ 4.695,60. Os principais requisitos para participar do certame s\u00e3o: possuir diploma de gradua\u00e7\u00e3o de n\u00edvel superior; ter at\u00e9 35 anos; ter a estatura m\u00ednima de 1,60m; e ter CNH categoria \"B\". A prova objetiva ser\u00e1 aplicada em 31 de maio de 2026.","inLanguage":"pt-BR"},"inLanguage":"pt-BR"}]}},"_links":{"self":[{"href":"https:\/\/www.estrategiaconcursos.com.br\/blog\/wp-json\/wp\/v2\/posts\/138896","targetHints":{"allow":["GET"]}}],"collection":[{"href":"https:\/\/www.estrategiaconcursos.com.br\/blog\/wp-json\/wp\/v2\/posts"}],"about":[{"href":"https:\/\/www.estrategiaconcursos.com.br\/blog\/wp-json\/wp\/v2\/types\/post"}],"author":[{"embeddable":true,"href":"https:\/\/www.estrategiaconcursos.com.br\/blog\/wp-json\/wp\/v2\/users\/1206"}],"replies":[{"embeddable":true,"href":"https:\/\/www.estrategiaconcursos.com.br\/blog\/wp-json\/wp\/v2\/comments?post=138896"}],"version-history":[{"count":171,"href":"https:\/\/www.estrategiaconcursos.com.br\/blog\/wp-json\/wp\/v2\/posts\/138896\/revisions"}],"predecessor-version":[{"id":1752432,"href":"https:\/\/www.estrategiaconcursos.com.br\/blog\/wp-json\/wp\/v2\/posts\/138896\/revisions\/1752432"}],"wp:featuredmedia":[{"embeddable":true,"href":"https:\/\/www.estrategiaconcursos.com.br\/blog\/wp-json\/wp\/v2\/media\/1051680"}],"wp:attachment":[{"href":"https:\/\/www.estrategiaconcursos.com.br\/blog\/wp-json\/wp\/v2\/media?parent=138896"}],"wp:term":[{"taxonomy":"category","embeddable":true,"href":"https:\/\/www.estrategiaconcursos.com.br\/blog\/wp-json\/wp\/v2\/categories?post=138896"},{"taxonomy":"post_tag","embeddable":true,"href":"https:\/\/www.estrategiaconcursos.com.br\/blog\/wp-json\/wp\/v2\/tags?post=138896"},{"taxonomy":"tax_estado","embeddable":true,"href":"https:\/\/www.estrategiaconcursos.com.br\/blog\/wp-json\/wp\/v2\/tax_estado?post=138896"}],"curies":[{"name":"wp","href":"https:\/\/api.w.org\/{rel}","templated":true}]}}