{"id":138885,"date":"2018-09-01T05:00:37","date_gmt":"2018-09-01T08:00:37","guid":{"rendered":"https:\/\/www.estrategiaconcursos.com.br\/blog\/?p=138885"},"modified":"2018-09-01T17:02:53","modified_gmt":"2018-09-01T20:02:53","slug":"publicada-medida-provisoria-que-posterga-reajuste-de-servidores-federais-para-o-ano-de-2020","status":"publish","type":"post","link":"https:\/\/www.estrategiaconcursos.com.br\/blog\/publicada-medida-provisoria-que-posterga-reajuste-de-servidores-federais-para-o-ano-de-2020\/","title":{"rendered":"Publicada medida provis\u00f3ria que posterga reajuste de servidores federais para o ano de 2020"},"content":{"rendered":"<p>Foi publicada, no Di\u00e1rio Oficial da Uni\u00e3o, a Medida Provis\u00f3ria que prev\u00ea o adiamento do reajuste salarial de servidores federais para o ano de 2020. A publica\u00e7\u00e3o da MP j\u00e1 era esperada para a pr\u00f3xima segunda-feira, 3 de setembro, mas o presidente da rep\u00fablica, Michel Temer, se adiantou.<\/p>\n<p>A decis\u00e3o de postergar os reajustes j\u00e1 vinha sendo discutida recentemente pelo presidente. Segundo o Executivo Federal, o adiamento dos aumentos geraria uma economia de\u00a0R$ 4,7 bilh\u00f5es para os cofres p\u00fablicos.<\/p>\n<p>O presidente chegou a vetar o aumento salarial dos servidores na Lei de Diretrizes Or\u00e7ament\u00e1rias, LDO 2019, mas ao adotar posi\u00e7\u00f5es divergentes o Congresso Nacional decidiu derrubar o veto e os aumentos seguiam previstos.<\/p>\n<p>Ap\u00f3s as diverg\u00eancias, o governo decidiu elaborar a medida e provis\u00f3ria e postergar os reajustes por mais 2 anos. A medida deve ser encaminhada para vota\u00e7\u00e3o, mas passa a valer desde a data de sua publica\u00e7\u00e3o. Se prorrogado, o prazo de validade da MP passa de 60 para 120 dias.<\/p>\n<p>Confira a seguir o documento na \u00edntegra:<\/p>\n<p><img loading=\"lazy\" decoding=\"async\" class=\"aligncenter wp-image-138889 \" src=\"https:\/\/dhg1h5j42swfq.cloudfront.net\/2018\/09\/01104044\/WhatsApp-Image-2018-09-01-at-10.03.29.jpeg\" alt=\"\" width=\"629\" height=\"1118\" srcset=\"https:\/\/dhg1h5j42swfq.cloudfront.net\/2018\/09\/01104044\/WhatsApp-Image-2018-09-01-at-10.03.29.jpeg 720w, https:\/\/dhg1h5j42swfq.cloudfront.net\/2018\/09\/01104044\/WhatsApp-Image-2018-09-01-at-10.03.29.jpeg 169w, https:\/\/dhg1h5j42swfq.cloudfront.net\/2018\/09\/01104044\/WhatsApp-Image-2018-09-01-at-10.03.29.jpeg 576w, https:\/\/dhg1h5j42swfq.cloudfront.net\/2018\/09\/01104044\/WhatsApp-Image-2018-09-01-at-10.03.29.jpeg 610w\" sizes=\"auto, (max-width: 629px) 100vw, 629px\" \/><\/p>\n<p>Embora a not\u00edcia da posterga\u00e7\u00e3o n\u00e3o seja t\u00e3o animadora, vale lembrar que a PLOA de 2019 j\u00e1 foi publicada, com previs\u00e3o acima de 40 mil cargos. De acordo com o Anexo V do documento, est\u00e3o previstos o provimento de 43.145 cargos e a cria\u00e7\u00e3o de mais 4.354.<\/p>\n<p>O n\u00famero de 47.499 vagas \u00e9 superior ao dobro das autoriza\u00e7\u00f5es concedidas na LOA deste ano, a expectativa \u00e9 que as vagas sejam dividas entre os poderes\u00a0Executivo, Legislativo e Judici\u00e1rio.<\/p>\n<p>Para mais informa\u00e7\u00f5es sobre os Concursos Previstos para o pr\u00f3ximo ano, acesse nosso artigo: <a href=\"https:\/\/www.estrategiaconcursos.com.br\/blog\/concursos-2019\/\" target=\"_blank\" rel=\"noopener\">Concursos 2019<\/a><\/p>\n","protected":false},"excerpt":{"rendered":"<p>Foi publicada, no Di\u00e1rio Oficial da Uni\u00e3o, a Medida Provis\u00f3ria que prev\u00ea o adiamento do reajuste salarial de servidores federais para o ano de 2020. A publica\u00e7\u00e3o da MP j\u00e1 era esperada para a pr\u00f3xima segunda-feira, 3 de setembro, mas o presidente da rep\u00fablica, Michel Temer, se adiantou. A decis\u00e3o de postergar os reajustes j\u00e1 [&hellip;]<\/p>\n","protected":false},"author":1,"featured_media":0,"comment_status":"open","ping_status":"closed","sticky":false,"template":"","format":"standard","meta":{"post_tipo":"news","footnotes":""},"categories":[1],"tags":[],"tax_estado":[],"class_list":["post-138885","post","type-post","status-publish","format-standard","hentry","category-cursos-e-concursos"],"acf":[],"yoast_head":"<!-- This site is optimized with the Yoast SEO Premium plugin v27.2 (Yoast SEO v27.2) - https:\/\/yoast.com\/product\/yoast-seo-premium-wordpress\/ -->\n<title>Publicada medida provis\u00f3ria que posterga reajuste de servidores federais para o ano de 2020<\/title>\n<meta name=\"robots\" content=\"index, follow, max-snippet:-1, max-image-preview:large, max-video-preview:-1\" \/>\n<link rel=\"canonical\" href=\"https:\/\/www.estrategiaconcursos.com.br\/blog\/publicada-medida-provisoria-que-posterga-reajuste-de-servidores-federais-para-o-ano-de-2020\/\" \/>\n<meta property=\"og:locale\" content=\"pt_BR\" \/>\n<meta property=\"og:type\" content=\"article\" \/>\n<meta property=\"og:title\" content=\"Publicada medida provis\u00f3ria que posterga reajuste de servidores federais para o ano de 2020\" \/>\n<meta property=\"og:description\" content=\"Foi publicada, no Di\u00e1rio Oficial da Uni\u00e3o, a Medida Provis\u00f3ria que prev\u00ea o adiamento do reajuste salarial de servidores federais para o ano de 2020. A publica\u00e7\u00e3o da MP j\u00e1 era esperada para a pr\u00f3xima segunda-feira, 3 de setembro, mas o presidente da rep\u00fablica, Michel Temer, se adiantou. A decis\u00e3o de postergar os reajustes j\u00e1 [&hellip;]\" \/>\n<meta property=\"og:url\" content=\"https:\/\/www.estrategiaconcursos.com.br\/blog\/publicada-medida-provisoria-que-posterga-reajuste-de-servidores-federais-para-o-ano-de-2020\/\" \/>\n<meta property=\"og:site_name\" content=\"Estrat\u00e9gia Concursos\" \/>\n<meta property=\"article:author\" content=\"https:\/\/www.facebook.com\/EstrategiaConcursos\" \/>\n<meta property=\"article:published_time\" content=\"2018-09-01T08:00:37+00:00\" \/>\n<meta property=\"article:modified_time\" content=\"2018-09-01T20:02:53+00:00\" \/>\n<meta property=\"og:image\" content=\"https:\/\/www.estrategiaconcursos.com.br\/blog\/wp-content\/uploads\/2018\/09\/WhatsApp-Image-2018-09-01-at-10.03.29.jpeg\" \/>\n<meta name=\"author\" content=\"Coordena\u00e7\u00e3o\" \/>\n<meta name=\"twitter:card\" content=\"summary_large_image\" \/>\n<meta name=\"twitter:creator\" content=\"@EstratConcursos\" \/>\n<meta name=\"twitter:site\" content=\"@EstratConcursos\" \/>\n<meta name=\"twitter:label1\" content=\"Escrito por\" \/>\n\t<meta name=\"twitter:data1\" content=\"Coordena\u00e7\u00e3o\" \/>\n\t<meta name=\"twitter:label2\" content=\"Est. tempo de leitura\" \/>\n\t<meta name=\"twitter:data2\" content=\"1 minuto\" \/>\n<script type=\"application\/ld+json\" class=\"yoast-schema-graph\">{\"@context\":\"https:\/\/schema.org\",\"@graph\":[{\"@type\":\"NewsArticle\",\"@id\":\"https:\/\/www.estrategiaconcursos.com.br\/blog\/publicada-medida-provisoria-que-posterga-reajuste-de-servidores-federais-para-o-ano-de-2020\/#article\",\"isPartOf\":{\"@id\":\"https:\/\/www.estrategiaconcursos.com.br\/blog\/publicada-medida-provisoria-que-posterga-reajuste-de-servidores-federais-para-o-ano-de-2020\/\"},\"author\":{\"name\":\"Coordena\u00e7\u00e3o\",\"@id\":\"https:\/\/www.estrategiaconcursos.com.br\/blog\/#\/schema\/person\/b4a388c97673c5f483d72185668afa1f\"},\"headline\":\"Publicada medida provis\u00f3ria que posterga reajuste de servidores federais para o ano de 2020\",\"datePublished\":\"2018-09-01T08:00:37+00:00\",\"dateModified\":\"2018-09-01T20:02:53+00:00\",\"mainEntityOfPage\":{\"@id\":\"https:\/\/www.estrategiaconcursos.com.br\/blog\/publicada-medida-provisoria-que-posterga-reajuste-de-servidores-federais-para-o-ano-de-2020\/\"},\"wordCount\":293,\"commentCount\":0,\"publisher\":{\"@id\":\"https:\/\/www.estrategiaconcursos.com.br\/blog\/#organization\"},\"image\":{\"@id\":\"https:\/\/www.estrategiaconcursos.com.br\/blog\/publicada-medida-provisoria-que-posterga-reajuste-de-servidores-federais-para-o-ano-de-2020\/#primaryimage\"},\"thumbnailUrl\":\"https:\/\/www.estrategiaconcursos.com.br\/blog\/wp-content\/uploads\/2018\/09\/WhatsApp-Image-2018-09-01-at-10.03.29.jpeg\",\"articleSection\":[\"Concursos P\u00fablicos\"],\"inLanguage\":\"pt-BR\",\"potentialAction\":[{\"@type\":\"CommentAction\",\"name\":\"Comment\",\"target\":[\"https:\/\/www.estrategiaconcursos.com.br\/blog\/publicada-medida-provisoria-que-posterga-reajuste-de-servidores-federais-para-o-ano-de-2020\/#respond\"]}],\"copyrightYear\":\"2018\",\"copyrightHolder\":{\"@id\":\"https:\/\/www.estrategiaconcursos.com.br\/blog\/#organization\"}},{\"@type\":\"WebPage\",\"@id\":\"https:\/\/www.estrategiaconcursos.com.br\/blog\/publicada-medida-provisoria-que-posterga-reajuste-de-servidores-federais-para-o-ano-de-2020\/\",\"url\":\"https:\/\/www.estrategiaconcursos.com.br\/blog\/publicada-medida-provisoria-que-posterga-reajuste-de-servidores-federais-para-o-ano-de-2020\/\",\"name\":\"Publicada medida provis\u00f3ria que posterga reajuste de servidores federais para o ano de 2020\",\"isPartOf\":{\"@id\":\"https:\/\/www.estrategiaconcursos.com.br\/blog\/#website\"},\"primaryImageOfPage\":{\"@id\":\"https:\/\/www.estrategiaconcursos.com.br\/blog\/publicada-medida-provisoria-que-posterga-reajuste-de-servidores-federais-para-o-ano-de-2020\/#primaryimage\"},\"image\":{\"@id\":\"https:\/\/www.estrategiaconcursos.com.br\/blog\/publicada-medida-provisoria-que-posterga-reajuste-de-servidores-federais-para-o-ano-de-2020\/#primaryimage\"},\"thumbnailUrl\":\"https:\/\/www.estrategiaconcursos.com.br\/blog\/wp-content\/uploads\/2018\/09\/WhatsApp-Image-2018-09-01-at-10.03.29.jpeg\",\"datePublished\":\"2018-09-01T08:00:37+00:00\",\"dateModified\":\"2018-09-01T20:02:53+00:00\",\"breadcrumb\":{\"@id\":\"https:\/\/www.estrategiaconcursos.com.br\/blog\/publicada-medida-provisoria-que-posterga-reajuste-de-servidores-federais-para-o-ano-de-2020\/#breadcrumb\"},\"inLanguage\":\"pt-BR\",\"potentialAction\":[{\"@type\":\"ReadAction\",\"target\":[\"https:\/\/www.estrategiaconcursos.com.br\/blog\/publicada-medida-provisoria-que-posterga-reajuste-de-servidores-federais-para-o-ano-de-2020\/\"]}]},{\"@type\":\"ImageObject\",\"inLanguage\":\"pt-BR\",\"@id\":\"https:\/\/www.estrategiaconcursos.com.br\/blog\/publicada-medida-provisoria-que-posterga-reajuste-de-servidores-federais-para-o-ano-de-2020\/#primaryimage\",\"url\":\"https:\/\/dhg1h5j42swfq.cloudfront.net\/2018\/09\/01104044\/WhatsApp-Image-2018-09-01-at-10.03.29.jpeg\",\"contentUrl\":\"https:\/\/dhg1h5j42swfq.cloudfront.net\/2018\/09\/01104044\/WhatsApp-Image-2018-09-01-at-10.03.29.jpeg\",\"width\":720,\"height\":1280},{\"@type\":\"BreadcrumbList\",\"@id\":\"https:\/\/www.estrategiaconcursos.com.br\/blog\/publicada-medida-provisoria-que-posterga-reajuste-de-servidores-federais-para-o-ano-de-2020\/#breadcrumb\",\"itemListElement\":[{\"@type\":\"ListItem\",\"position\":1,\"name\":\"In\u00edcio\",\"item\":\"https:\/\/www.estrategiaconcursos.com.br\/blog\/\"},{\"@type\":\"ListItem\",\"position\":2,\"name\":\"Publicada medida provis\u00f3ria que posterga reajuste de servidores federais para o ano de 2020\"}]},{\"@type\":\"WebSite\",\"@id\":\"https:\/\/www.estrategiaconcursos.com.br\/blog\/#website\",\"url\":\"https:\/\/www.estrategiaconcursos.com.br\/blog\/\",\"name\":\"Estrat\u00e9gia Concursos\",\"description\":\"O blog da Estrat\u00e9gia Concursos traz not\u00edcias sobre concursos e artigos de professores oferecendo cursos para concursos (pdf + videaulas) no site.\",\"publisher\":{\"@id\":\"https:\/\/www.estrategiaconcursos.com.br\/blog\/#organization\"},\"potentialAction\":[{\"@type\":\"SearchAction\",\"target\":{\"@type\":\"EntryPoint\",\"urlTemplate\":\"https:\/\/www.estrategiaconcursos.com.br\/blog\/?s={search_term_string}\"},\"query-input\":{\"@type\":\"PropertyValueSpecification\",\"valueRequired\":true,\"valueName\":\"search_term_string\"}}],\"inLanguage\":\"pt-BR\"},{\"@type\":\"Organization\",\"@id\":\"https:\/\/www.estrategiaconcursos.com.br\/blog\/#organization\",\"name\":\"Estrat\u00e9gia Concursos\",\"url\":\"https:\/\/www.estrategiaconcursos.com.br\/blog\/\",\"logo\":{\"@type\":\"ImageObject\",\"inLanguage\":\"pt-BR\",\"@id\":\"https:\/\/www.estrategiaconcursos.com.br\/blog\/#\/schema\/logo\/image\/\",\"url\":\"https:\/\/dhg1h5j42swfq.cloudfront.net\/2025\/06\/03203428\/logo_concursos-1.jpg\",\"contentUrl\":\"https:\/\/dhg1h5j42swfq.cloudfront.net\/2025\/06\/03203428\/logo_concursos-1.jpg\",\"width\":230,\"height\":60,\"caption\":\"Estrat\u00e9gia Concursos\"},\"image\":{\"@id\":\"https:\/\/www.estrategiaconcursos.com.br\/blog\/#\/schema\/logo\/image\/\"},\"sameAs\":[\"https:\/\/x.com\/EstratConcursos\"]},{\"@type\":\"Person\",\"@id\":\"https:\/\/www.estrategiaconcursos.com.br\/blog\/#\/schema\/person\/b4a388c97673c5f483d72185668afa1f\",\"name\":\"Coordena\u00e7\u00e3o\",\"image\":{\"@type\":\"ImageObject\",\"inLanguage\":\"pt-BR\",\"@id\":\"https:\/\/secure.gravatar.com\/avatar\/b720319e4c9a967eb58678d110f4fe35452fc5d5f97b202bac7b8acceb18c6ad?s=96&d=mm&r=g\",\"url\":\"https:\/\/secure.gravatar.com\/avatar\/b720319e4c9a967eb58678d110f4fe35452fc5d5f97b202bac7b8acceb18c6ad?s=96&d=mm&r=g\",\"contentUrl\":\"https:\/\/secure.gravatar.com\/avatar\/b720319e4c9a967eb58678d110f4fe35452fc5d5f97b202bac7b8acceb18c6ad?s=96&d=mm&r=g\",\"caption\":\"Coordena\u00e7\u00e3o\"},\"sameAs\":[\"https:\/\/www.facebook.com\/EstrategiaConcursos\",\"https:\/\/x.com\/EstratConcursos\"],\"url\":\"https:\/\/www.estrategiaconcursos.com.br\/blog\/author\/estrategia2013\/\"}]}<\/script>\n<!-- \/ Yoast SEO Premium plugin. -->","yoast_head_json":{"title":"Publicada medida provis\u00f3ria que posterga reajuste de servidores federais para o ano de 2020","robots":{"index":"index","follow":"follow","max-snippet":"max-snippet:-1","max-image-preview":"max-image-preview:large","max-video-preview":"max-video-preview:-1"},"canonical":"https:\/\/www.estrategiaconcursos.com.br\/blog\/publicada-medida-provisoria-que-posterga-reajuste-de-servidores-federais-para-o-ano-de-2020\/","og_locale":"pt_BR","og_type":"article","og_title":"Publicada medida provis\u00f3ria que posterga reajuste de servidores federais para o ano de 2020","og_description":"Foi publicada, no Di\u00e1rio Oficial da Uni\u00e3o, a Medida Provis\u00f3ria que prev\u00ea o adiamento do reajuste salarial de servidores federais para o ano de 2020. A publica\u00e7\u00e3o da MP j\u00e1 era esperada para a pr\u00f3xima segunda-feira, 3 de setembro, mas o presidente da rep\u00fablica, Michel Temer, se adiantou. A decis\u00e3o de postergar os reajustes j\u00e1 [&hellip;]","og_url":"https:\/\/www.estrategiaconcursos.com.br\/blog\/publicada-medida-provisoria-que-posterga-reajuste-de-servidores-federais-para-o-ano-de-2020\/","og_site_name":"Estrat\u00e9gia Concursos","article_author":"https:\/\/www.facebook.com\/EstrategiaConcursos","article_published_time":"2018-09-01T08:00:37+00:00","article_modified_time":"2018-09-01T20:02:53+00:00","og_image":[{"url":"https:\/\/www.estrategiaconcursos.com.br\/blog\/wp-content\/uploads\/2018\/09\/WhatsApp-Image-2018-09-01-at-10.03.29.jpeg","type":"","width":"","height":""}],"author":"Coordena\u00e7\u00e3o","twitter_card":"summary_large_image","twitter_creator":"@EstratConcursos","twitter_site":"@EstratConcursos","twitter_misc":{"Escrito por":"Coordena\u00e7\u00e3o","Est. tempo de leitura":"1 minuto"},"schema":{"@context":"https:\/\/schema.org","@graph":[{"@type":"NewsArticle","@id":"https:\/\/www.estrategiaconcursos.com.br\/blog\/publicada-medida-provisoria-que-posterga-reajuste-de-servidores-federais-para-o-ano-de-2020\/#article","isPartOf":{"@id":"https:\/\/www.estrategiaconcursos.com.br\/blog\/publicada-medida-provisoria-que-posterga-reajuste-de-servidores-federais-para-o-ano-de-2020\/"},"author":{"name":"Coordena\u00e7\u00e3o","@id":"https:\/\/www.estrategiaconcursos.com.br\/blog\/#\/schema\/person\/b4a388c97673c5f483d72185668afa1f"},"headline":"Publicada medida provis\u00f3ria que posterga reajuste de servidores federais para o ano de 2020","datePublished":"2018-09-01T08:00:37+00:00","dateModified":"2018-09-01T20:02:53+00:00","mainEntityOfPage":{"@id":"https:\/\/www.estrategiaconcursos.com.br\/blog\/publicada-medida-provisoria-que-posterga-reajuste-de-servidores-federais-para-o-ano-de-2020\/"},"wordCount":293,"commentCount":0,"publisher":{"@id":"https:\/\/www.estrategiaconcursos.com.br\/blog\/#organization"},"image":{"@id":"https:\/\/www.estrategiaconcursos.com.br\/blog\/publicada-medida-provisoria-que-posterga-reajuste-de-servidores-federais-para-o-ano-de-2020\/#primaryimage"},"thumbnailUrl":"https:\/\/www.estrategiaconcursos.com.br\/blog\/wp-content\/uploads\/2018\/09\/WhatsApp-Image-2018-09-01-at-10.03.29.jpeg","articleSection":["Concursos P\u00fablicos"],"inLanguage":"pt-BR","potentialAction":[{"@type":"CommentAction","name":"Comment","target":["https:\/\/www.estrategiaconcursos.com.br\/blog\/publicada-medida-provisoria-que-posterga-reajuste-de-servidores-federais-para-o-ano-de-2020\/#respond"]}],"copyrightYear":"2018","copyrightHolder":{"@id":"https:\/\/www.estrategiaconcursos.com.br\/blog\/#organization"}},{"@type":"WebPage","@id":"https:\/\/www.estrategiaconcursos.com.br\/blog\/publicada-medida-provisoria-que-posterga-reajuste-de-servidores-federais-para-o-ano-de-2020\/","url":"https:\/\/www.estrategiaconcursos.com.br\/blog\/publicada-medida-provisoria-que-posterga-reajuste-de-servidores-federais-para-o-ano-de-2020\/","name":"Publicada medida provis\u00f3ria que posterga reajuste de servidores federais para o ano de 2020","isPartOf":{"@id":"https:\/\/www.estrategiaconcursos.com.br\/blog\/#website"},"primaryImageOfPage":{"@id":"https:\/\/www.estrategiaconcursos.com.br\/blog\/publicada-medida-provisoria-que-posterga-reajuste-de-servidores-federais-para-o-ano-de-2020\/#primaryimage"},"image":{"@id":"https:\/\/www.estrategiaconcursos.com.br\/blog\/publicada-medida-provisoria-que-posterga-reajuste-de-servidores-federais-para-o-ano-de-2020\/#primaryimage"},"thumbnailUrl":"https:\/\/www.estrategiaconcursos.com.br\/blog\/wp-content\/uploads\/2018\/09\/WhatsApp-Image-2018-09-01-at-10.03.29.jpeg","datePublished":"2018-09-01T08:00:37+00:00","dateModified":"2018-09-01T20:02:53+00:00","breadcrumb":{"@id":"https:\/\/www.estrategiaconcursos.com.br\/blog\/publicada-medida-provisoria-que-posterga-reajuste-de-servidores-federais-para-o-ano-de-2020\/#breadcrumb"},"inLanguage":"pt-BR","potentialAction":[{"@type":"ReadAction","target":["https:\/\/www.estrategiaconcursos.com.br\/blog\/publicada-medida-provisoria-que-posterga-reajuste-de-servidores-federais-para-o-ano-de-2020\/"]}]},{"@type":"ImageObject","inLanguage":"pt-BR","@id":"https:\/\/www.estrategiaconcursos.com.br\/blog\/publicada-medida-provisoria-que-posterga-reajuste-de-servidores-federais-para-o-ano-de-2020\/#primaryimage","url":"https:\/\/dhg1h5j42swfq.cloudfront.net\/2018\/09\/01104044\/WhatsApp-Image-2018-09-01-at-10.03.29.jpeg","contentUrl":"https:\/\/dhg1h5j42swfq.cloudfront.net\/2018\/09\/01104044\/WhatsApp-Image-2018-09-01-at-10.03.29.jpeg","width":720,"height":1280},{"@type":"BreadcrumbList","@id":"https:\/\/www.estrategiaconcursos.com.br\/blog\/publicada-medida-provisoria-que-posterga-reajuste-de-servidores-federais-para-o-ano-de-2020\/#breadcrumb","itemListElement":[{"@type":"ListItem","position":1,"name":"In\u00edcio","item":"https:\/\/www.estrategiaconcursos.com.br\/blog\/"},{"@type":"ListItem","position":2,"name":"Publicada medida provis\u00f3ria que posterga reajuste de servidores federais para o ano de 2020"}]},{"@type":"WebSite","@id":"https:\/\/www.estrategiaconcursos.com.br\/blog\/#website","url":"https:\/\/www.estrategiaconcursos.com.br\/blog\/","name":"Estrat\u00e9gia Concursos","description":"O blog da Estrat\u00e9gia Concursos traz not\u00edcias sobre concursos e artigos de professores oferecendo cursos para concursos (pdf + videaulas) no site.","publisher":{"@id":"https:\/\/www.estrategiaconcursos.com.br\/blog\/#organization"},"potentialAction":[{"@type":"SearchAction","target":{"@type":"EntryPoint","urlTemplate":"https:\/\/www.estrategiaconcursos.com.br\/blog\/?s={search_term_string}"},"query-input":{"@type":"PropertyValueSpecification","valueRequired":true,"valueName":"search_term_string"}}],"inLanguage":"pt-BR"},{"@type":"Organization","@id":"https:\/\/www.estrategiaconcursos.com.br\/blog\/#organization","name":"Estrat\u00e9gia Concursos","url":"https:\/\/www.estrategiaconcursos.com.br\/blog\/","logo":{"@type":"ImageObject","inLanguage":"pt-BR","@id":"https:\/\/www.estrategiaconcursos.com.br\/blog\/#\/schema\/logo\/image\/","url":"https:\/\/dhg1h5j42swfq.cloudfront.net\/2025\/06\/03203428\/logo_concursos-1.jpg","contentUrl":"https:\/\/dhg1h5j42swfq.cloudfront.net\/2025\/06\/03203428\/logo_concursos-1.jpg","width":230,"height":60,"caption":"Estrat\u00e9gia Concursos"},"image":{"@id":"https:\/\/www.estrategiaconcursos.com.br\/blog\/#\/schema\/logo\/image\/"},"sameAs":["https:\/\/x.com\/EstratConcursos"]},{"@type":"Person","@id":"https:\/\/www.estrategiaconcursos.com.br\/blog\/#\/schema\/person\/b4a388c97673c5f483d72185668afa1f","name":"Coordena\u00e7\u00e3o","image":{"@type":"ImageObject","inLanguage":"pt-BR","@id":"https:\/\/secure.gravatar.com\/avatar\/b720319e4c9a967eb58678d110f4fe35452fc5d5f97b202bac7b8acceb18c6ad?s=96&d=mm&r=g","url":"https:\/\/secure.gravatar.com\/avatar\/b720319e4c9a967eb58678d110f4fe35452fc5d5f97b202bac7b8acceb18c6ad?s=96&d=mm&r=g","contentUrl":"https:\/\/secure.gravatar.com\/avatar\/b720319e4c9a967eb58678d110f4fe35452fc5d5f97b202bac7b8acceb18c6ad?s=96&d=mm&r=g","caption":"Coordena\u00e7\u00e3o"},"sameAs":["https:\/\/www.facebook.com\/EstrategiaConcursos","https:\/\/x.com\/EstratConcursos"],"url":"https:\/\/www.estrategiaconcursos.com.br\/blog\/author\/estrategia2013\/"}]}},"_links":{"self":[{"href":"https:\/\/www.estrategiaconcursos.com.br\/blog\/wp-json\/wp\/v2\/posts\/138885","targetHints":{"allow":["GET"]}}],"collection":[{"href":"https:\/\/www.estrategiaconcursos.com.br\/blog\/wp-json\/wp\/v2\/posts"}],"about":[{"href":"https:\/\/www.estrategiaconcursos.com.br\/blog\/wp-json\/wp\/v2\/types\/post"}],"author":[{"embeddable":true,"href":"https:\/\/www.estrategiaconcursos.com.br\/blog\/wp-json\/wp\/v2\/users\/1"}],"replies":[{"embeddable":true,"href":"https:\/\/www.estrategiaconcursos.com.br\/blog\/wp-json\/wp\/v2\/comments?post=138885"}],"version-history":[{"count":4,"href":"https:\/\/www.estrategiaconcursos.com.br\/blog\/wp-json\/wp\/v2\/posts\/138885\/revisions"}],"predecessor-version":[{"id":138902,"href":"https:\/\/www.estrategiaconcursos.com.br\/blog\/wp-json\/wp\/v2\/posts\/138885\/revisions\/138902"}],"wp:attachment":[{"href":"https:\/\/www.estrategiaconcursos.com.br\/blog\/wp-json\/wp\/v2\/media?parent=138885"}],"wp:term":[{"taxonomy":"category","embeddable":true,"href":"https:\/\/www.estrategiaconcursos.com.br\/blog\/wp-json\/wp\/v2\/categories?post=138885"},{"taxonomy":"post_tag","embeddable":true,"href":"https:\/\/www.estrategiaconcursos.com.br\/blog\/wp-json\/wp\/v2\/tags?post=138885"},{"taxonomy":"tax_estado","embeddable":true,"href":"https:\/\/www.estrategiaconcursos.com.br\/blog\/wp-json\/wp\/v2\/tax_estado?post=138885"}],"curies":[{"name":"wp","href":"https:\/\/api.w.org\/{rel}","templated":true}]}}