{"id":138756,"date":"2018-08-30T07:58:59","date_gmt":"2018-08-30T10:58:59","guid":{"rendered":"https:\/\/www.estrategiaconcursos.com.br\/blog\/?p=138756"},"modified":"2018-12-12T10:17:50","modified_gmt":"2018-12-12T13:17:50","slug":"raul-jungmann-edital-prf-para-o-mes-de-setembr","status":"publish","type":"post","link":"https:\/\/www.estrategiaconcursos.com.br\/blog\/raul-jungmann-edital-prf-para-o-mes-de-setembr\/","title":{"rendered":"Ministro da Seguran\u00e7a, Raul Jungmann, confirma publica\u00e7\u00e3o do edital da PRF para o m\u00eas de setembro"},"content":{"rendered":"<p>O Ministro da Seguran\u00e7a P\u00fablica, Raul Jungmann, informou durante entrevista coletiva no Rio de Janeiro que o edital da PRF est\u00e1 previsto para ser publicado no m\u00eas de setembro. A informa\u00e7\u00e3o da publica\u00e7\u00e3o j\u00e1 havia sido adiantada por um novo superintendente da PRF que tomou posse em Pernambuco<\/p>\n<p>Durante uma entrevista, ele deixou escapar que l\u00e1 em Pernambuco devem ser ofertadas 14 vagas, das 500 que ser\u00e3o ofertadas pelo concurso. A distribui\u00e7\u00e3o das vagas ainda n\u00e3o foi divulgada pela PRF. Mas h\u00e1 um indicativo de que todos os estados e o Distrito Federal ser\u00e3o contemplados com vagas no certame.<\/p>\n<p>O concurso da PRF \u00e9 um dos concursos mais esperados. A solicita\u00e7\u00e3o de certame tramitava no Minist\u00e9rio do Planejamento desde o ano de 2013, e s\u00f3 esse ano a autoriza\u00e7\u00e3o foi publicada. Atualmente, a remunera\u00e7\u00e3o de um policial rodovi\u00e1rio \u00e9 de R$ 10.357,88 somando sal\u00e1rio base e benef\u00edcios.<\/p>\n<p>O \u00fanico detalhe que falta para a publica\u00e7\u00e3o do edital \u00e9 a defini\u00e7\u00e3o da banca organizadora do concurso. A expectativa \u00e9 que o Cespe\/Cebraspe seja o organizador do certame, \u00e0 exemplo do que aconteceu no \u00faltimo concurso em 2013.<\/p>\n","protected":false},"excerpt":{"rendered":"<p>O Ministro da Seguran\u00e7a P\u00fablica, Raul Jungmann, informou durante entrevista coletiva no Rio de Janeiro que o edital da PRF est\u00e1 previsto para ser publicado no m\u00eas de setembro. A informa\u00e7\u00e3o da publica\u00e7\u00e3o j\u00e1 havia sido adiantada por um novo superintendente da PRF que tomou posse em Pernambuco Durante uma entrevista, ele deixou escapar que [&hellip;]<\/p>\n","protected":false},"author":1,"featured_media":16314,"comment_status":"open","ping_status":"closed","sticky":false,"template":"","format":"standard","meta":{"post_tipo":"news","footnotes":""},"categories":[1],"tags":[],"tax_estado":[],"class_list":["post-138756","post","type-post","status-publish","format-standard","has-post-thumbnail","hentry","category-cursos-e-concursos"],"acf":[],"yoast_head":"<!-- This site is optimized with the Yoast SEO Premium plugin v27.2 (Yoast SEO v27.2) - https:\/\/yoast.com\/product\/yoast-seo-premium-wordpress\/ -->\n<title>Ministro Raul Jungmann confirma EDITAL PRF para o m\u00eas de setembro<\/title>\n<meta name=\"robots\" content=\"index, follow, max-snippet:-1, max-image-preview:large, max-video-preview:-1\" \/>\n<link rel=\"canonical\" href=\"https:\/\/www.estrategiaconcursos.com.br\/blog\/raul-jungmann-edital-prf-para-o-mes-de-setembr\/\" \/>\n<meta property=\"og:locale\" content=\"pt_BR\" \/>\n<meta property=\"og:type\" content=\"article\" \/>\n<meta property=\"og:title\" content=\"Ministro da Seguran\u00e7a, Raul Jungmann, confirma publica\u00e7\u00e3o do edital da PRF para o m\u00eas de setembro\" \/>\n<meta property=\"og:description\" content=\"O Ministro da Seguran\u00e7a P\u00fablica, Raul Jungmann, informou durante entrevista coletiva no Rio de Janeiro que o edital da PRF est\u00e1 previsto para ser publicado no m\u00eas de setembro. A informa\u00e7\u00e3o da publica\u00e7\u00e3o j\u00e1 havia sido adiantada por um novo superintendente da PRF que tomou posse em Pernambuco Durante uma entrevista, ele deixou escapar que [&hellip;]\" \/>\n<meta property=\"og:url\" content=\"https:\/\/www.estrategiaconcursos.com.br\/blog\/raul-jungmann-edital-prf-para-o-mes-de-setembr\/\" \/>\n<meta property=\"og:site_name\" content=\"Estrat\u00e9gia Concursos\" \/>\n<meta property=\"article:author\" content=\"https:\/\/www.facebook.com\/EstrategiaConcursos\" \/>\n<meta property=\"article:published_time\" content=\"2018-08-30T10:58:59+00:00\" \/>\n<meta property=\"article:modified_time\" content=\"2018-12-12T13:17:50+00:00\" \/>\n<meta property=\"og:image\" content=\"https:\/\/dhg1h5j42swfq.cloudfront.net\/2014\/06\/prf.jpg\" \/>\n\t<meta property=\"og:image:width\" content=\"1250\" \/>\n\t<meta property=\"og:image:height\" content=\"893\" \/>\n\t<meta property=\"og:image:type\" content=\"image\/jpeg\" \/>\n<meta name=\"author\" content=\"Coordena\u00e7\u00e3o\" \/>\n<meta name=\"twitter:card\" content=\"summary_large_image\" \/>\n<meta name=\"twitter:creator\" content=\"@EstratConcursos\" \/>\n<meta name=\"twitter:site\" content=\"@EstratConcursos\" \/>\n<meta name=\"twitter:label1\" content=\"Escrito por\" \/>\n\t<meta name=\"twitter:data1\" content=\"Coordena\u00e7\u00e3o\" \/>\n\t<meta name=\"twitter:label2\" content=\"Est. tempo de leitura\" \/>\n\t<meta name=\"twitter:data2\" content=\"1 minuto\" \/>\n<script type=\"application\/ld+json\" class=\"yoast-schema-graph\">{\"@context\":\"https:\/\/schema.org\",\"@graph\":[{\"@type\":\"NewsArticle\",\"@id\":\"https:\/\/www.estrategiaconcursos.com.br\/blog\/raul-jungmann-edital-prf-para-o-mes-de-setembr\/#article\",\"isPartOf\":{\"@id\":\"https:\/\/www.estrategiaconcursos.com.br\/blog\/raul-jungmann-edital-prf-para-o-mes-de-setembr\/\"},\"author\":{\"name\":\"Coordena\u00e7\u00e3o\",\"@id\":\"https:\/\/www.estrategiaconcursos.com.br\/blog\/#\/schema\/person\/b4a388c97673c5f483d72185668afa1f\"},\"headline\":\"Ministro da Seguran\u00e7a, Raul Jungmann, confirma publica\u00e7\u00e3o do edital da PRF para o m\u00eas de setembro\",\"datePublished\":\"2018-08-30T10:58:59+00:00\",\"dateModified\":\"2018-12-12T13:17:50+00:00\",\"mainEntityOfPage\":{\"@id\":\"https:\/\/www.estrategiaconcursos.com.br\/blog\/raul-jungmann-edital-prf-para-o-mes-de-setembr\/\"},\"wordCount\":214,\"commentCount\":0,\"publisher\":{\"@id\":\"https:\/\/www.estrategiaconcursos.com.br\/blog\/#organization\"},\"image\":{\"@id\":\"https:\/\/www.estrategiaconcursos.com.br\/blog\/raul-jungmann-edital-prf-para-o-mes-de-setembr\/#primaryimage\"},\"thumbnailUrl\":\"https:\/\/dhg1h5j42swfq.cloudfront.net\/2014\/06\/prf.jpg\",\"articleSection\":[\"Concursos P\u00fablicos\"],\"inLanguage\":\"pt-BR\",\"potentialAction\":[{\"@type\":\"CommentAction\",\"name\":\"Comment\",\"target\":[\"https:\/\/www.estrategiaconcursos.com.br\/blog\/raul-jungmann-edital-prf-para-o-mes-de-setembr\/#respond\"]}],\"copyrightYear\":\"2018\",\"copyrightHolder\":{\"@id\":\"https:\/\/www.estrategiaconcursos.com.br\/blog\/#organization\"}},{\"@type\":\"WebPage\",\"@id\":\"https:\/\/www.estrategiaconcursos.com.br\/blog\/raul-jungmann-edital-prf-para-o-mes-de-setembr\/\",\"url\":\"https:\/\/www.estrategiaconcursos.com.br\/blog\/raul-jungmann-edital-prf-para-o-mes-de-setembr\/\",\"name\":\"Ministro Raul Jungmann confirma EDITAL PRF para o m\u00eas de setembro\",\"isPartOf\":{\"@id\":\"https:\/\/www.estrategiaconcursos.com.br\/blog\/#website\"},\"primaryImageOfPage\":{\"@id\":\"https:\/\/www.estrategiaconcursos.com.br\/blog\/raul-jungmann-edital-prf-para-o-mes-de-setembr\/#primaryimage\"},\"image\":{\"@id\":\"https:\/\/www.estrategiaconcursos.com.br\/blog\/raul-jungmann-edital-prf-para-o-mes-de-setembr\/#primaryimage\"},\"thumbnailUrl\":\"https:\/\/dhg1h5j42swfq.cloudfront.net\/2014\/06\/prf.jpg\",\"datePublished\":\"2018-08-30T10:58:59+00:00\",\"dateModified\":\"2018-12-12T13:17:50+00:00\",\"breadcrumb\":{\"@id\":\"https:\/\/www.estrategiaconcursos.com.br\/blog\/raul-jungmann-edital-prf-para-o-mes-de-setembr\/#breadcrumb\"},\"inLanguage\":\"pt-BR\",\"potentialAction\":[{\"@type\":\"ReadAction\",\"target\":[\"https:\/\/www.estrategiaconcursos.com.br\/blog\/raul-jungmann-edital-prf-para-o-mes-de-setembr\/\"]}]},{\"@type\":\"ImageObject\",\"inLanguage\":\"pt-BR\",\"@id\":\"https:\/\/www.estrategiaconcursos.com.br\/blog\/raul-jungmann-edital-prf-para-o-mes-de-setembr\/#primaryimage\",\"url\":\"https:\/\/dhg1h5j42swfq.cloudfront.net\/2014\/06\/prf.jpg\",\"contentUrl\":\"https:\/\/dhg1h5j42swfq.cloudfront.net\/2014\/06\/prf.jpg\",\"width\":1250,\"height\":893},{\"@type\":\"BreadcrumbList\",\"@id\":\"https:\/\/www.estrategiaconcursos.com.br\/blog\/raul-jungmann-edital-prf-para-o-mes-de-setembr\/#breadcrumb\",\"itemListElement\":[{\"@type\":\"ListItem\",\"position\":1,\"name\":\"In\u00edcio\",\"item\":\"https:\/\/www.estrategiaconcursos.com.br\/blog\/\"},{\"@type\":\"ListItem\",\"position\":2,\"name\":\"Ministro da Seguran\u00e7a, Raul Jungmann, confirma publica\u00e7\u00e3o do edital da PRF para o m\u00eas de setembro\"}]},{\"@type\":\"WebSite\",\"@id\":\"https:\/\/www.estrategiaconcursos.com.br\/blog\/#website\",\"url\":\"https:\/\/www.estrategiaconcursos.com.br\/blog\/\",\"name\":\"Estrat\u00e9gia Concursos\",\"description\":\"O blog da Estrat\u00e9gia Concursos traz not\u00edcias sobre concursos e artigos de professores oferecendo cursos para concursos (pdf + videaulas) no site.\",\"publisher\":{\"@id\":\"https:\/\/www.estrategiaconcursos.com.br\/blog\/#organization\"},\"potentialAction\":[{\"@type\":\"SearchAction\",\"target\":{\"@type\":\"EntryPoint\",\"urlTemplate\":\"https:\/\/www.estrategiaconcursos.com.br\/blog\/?s={search_term_string}\"},\"query-input\":{\"@type\":\"PropertyValueSpecification\",\"valueRequired\":true,\"valueName\":\"search_term_string\"}}],\"inLanguage\":\"pt-BR\"},{\"@type\":\"Organization\",\"@id\":\"https:\/\/www.estrategiaconcursos.com.br\/blog\/#organization\",\"name\":\"Estrat\u00e9gia Concursos\",\"url\":\"https:\/\/www.estrategiaconcursos.com.br\/blog\/\",\"logo\":{\"@type\":\"ImageObject\",\"inLanguage\":\"pt-BR\",\"@id\":\"https:\/\/www.estrategiaconcursos.com.br\/blog\/#\/schema\/logo\/image\/\",\"url\":\"https:\/\/dhg1h5j42swfq.cloudfront.net\/2025\/06\/03203428\/logo_concursos-1.jpg\",\"contentUrl\":\"https:\/\/dhg1h5j42swfq.cloudfront.net\/2025\/06\/03203428\/logo_concursos-1.jpg\",\"width\":230,\"height\":60,\"caption\":\"Estrat\u00e9gia Concursos\"},\"image\":{\"@id\":\"https:\/\/www.estrategiaconcursos.com.br\/blog\/#\/schema\/logo\/image\/\"},\"sameAs\":[\"https:\/\/x.com\/EstratConcursos\"]},{\"@type\":\"Person\",\"@id\":\"https:\/\/www.estrategiaconcursos.com.br\/blog\/#\/schema\/person\/b4a388c97673c5f483d72185668afa1f\",\"name\":\"Coordena\u00e7\u00e3o\",\"image\":{\"@type\":\"ImageObject\",\"inLanguage\":\"pt-BR\",\"@id\":\"https:\/\/secure.gravatar.com\/avatar\/b720319e4c9a967eb58678d110f4fe35452fc5d5f97b202bac7b8acceb18c6ad?s=96&d=mm&r=g\",\"url\":\"https:\/\/secure.gravatar.com\/avatar\/b720319e4c9a967eb58678d110f4fe35452fc5d5f97b202bac7b8acceb18c6ad?s=96&d=mm&r=g\",\"contentUrl\":\"https:\/\/secure.gravatar.com\/avatar\/b720319e4c9a967eb58678d110f4fe35452fc5d5f97b202bac7b8acceb18c6ad?s=96&d=mm&r=g\",\"caption\":\"Coordena\u00e7\u00e3o\"},\"sameAs\":[\"https:\/\/www.facebook.com\/EstrategiaConcursos\",\"https:\/\/x.com\/EstratConcursos\"],\"url\":\"https:\/\/www.estrategiaconcursos.com.br\/blog\/author\/estrategia2013\/\"}]}<\/script>\n<!-- \/ Yoast SEO Premium plugin. -->","yoast_head_json":{"title":"Ministro Raul Jungmann confirma EDITAL PRF para o m\u00eas de setembro","robots":{"index":"index","follow":"follow","max-snippet":"max-snippet:-1","max-image-preview":"max-image-preview:large","max-video-preview":"max-video-preview:-1"},"canonical":"https:\/\/www.estrategiaconcursos.com.br\/blog\/raul-jungmann-edital-prf-para-o-mes-de-setembr\/","og_locale":"pt_BR","og_type":"article","og_title":"Ministro da Seguran\u00e7a, Raul Jungmann, confirma publica\u00e7\u00e3o do edital da PRF para o m\u00eas de setembro","og_description":"O Ministro da Seguran\u00e7a P\u00fablica, Raul Jungmann, informou durante entrevista coletiva no Rio de Janeiro que o edital da PRF est\u00e1 previsto para ser publicado no m\u00eas de setembro. A informa\u00e7\u00e3o da publica\u00e7\u00e3o j\u00e1 havia sido adiantada por um novo superintendente da PRF que tomou posse em Pernambuco Durante uma entrevista, ele deixou escapar que [&hellip;]","og_url":"https:\/\/www.estrategiaconcursos.com.br\/blog\/raul-jungmann-edital-prf-para-o-mes-de-setembr\/","og_site_name":"Estrat\u00e9gia Concursos","article_author":"https:\/\/www.facebook.com\/EstrategiaConcursos","article_published_time":"2018-08-30T10:58:59+00:00","article_modified_time":"2018-12-12T13:17:50+00:00","og_image":[{"width":1250,"height":893,"url":"https:\/\/dhg1h5j42swfq.cloudfront.net\/2014\/06\/prf.jpg","type":"image\/jpeg"}],"author":"Coordena\u00e7\u00e3o","twitter_card":"summary_large_image","twitter_creator":"@EstratConcursos","twitter_site":"@EstratConcursos","twitter_misc":{"Escrito por":"Coordena\u00e7\u00e3o","Est. tempo de leitura":"1 minuto"},"schema":{"@context":"https:\/\/schema.org","@graph":[{"@type":"NewsArticle","@id":"https:\/\/www.estrategiaconcursos.com.br\/blog\/raul-jungmann-edital-prf-para-o-mes-de-setembr\/#article","isPartOf":{"@id":"https:\/\/www.estrategiaconcursos.com.br\/blog\/raul-jungmann-edital-prf-para-o-mes-de-setembr\/"},"author":{"name":"Coordena\u00e7\u00e3o","@id":"https:\/\/www.estrategiaconcursos.com.br\/blog\/#\/schema\/person\/b4a388c97673c5f483d72185668afa1f"},"headline":"Ministro da Seguran\u00e7a, Raul Jungmann, confirma publica\u00e7\u00e3o do edital da PRF para o m\u00eas de setembro","datePublished":"2018-08-30T10:58:59+00:00","dateModified":"2018-12-12T13:17:50+00:00","mainEntityOfPage":{"@id":"https:\/\/www.estrategiaconcursos.com.br\/blog\/raul-jungmann-edital-prf-para-o-mes-de-setembr\/"},"wordCount":214,"commentCount":0,"publisher":{"@id":"https:\/\/www.estrategiaconcursos.com.br\/blog\/#organization"},"image":{"@id":"https:\/\/www.estrategiaconcursos.com.br\/blog\/raul-jungmann-edital-prf-para-o-mes-de-setembr\/#primaryimage"},"thumbnailUrl":"https:\/\/dhg1h5j42swfq.cloudfront.net\/2014\/06\/prf.jpg","articleSection":["Concursos P\u00fablicos"],"inLanguage":"pt-BR","potentialAction":[{"@type":"CommentAction","name":"Comment","target":["https:\/\/www.estrategiaconcursos.com.br\/blog\/raul-jungmann-edital-prf-para-o-mes-de-setembr\/#respond"]}],"copyrightYear":"2018","copyrightHolder":{"@id":"https:\/\/www.estrategiaconcursos.com.br\/blog\/#organization"}},{"@type":"WebPage","@id":"https:\/\/www.estrategiaconcursos.com.br\/blog\/raul-jungmann-edital-prf-para-o-mes-de-setembr\/","url":"https:\/\/www.estrategiaconcursos.com.br\/blog\/raul-jungmann-edital-prf-para-o-mes-de-setembr\/","name":"Ministro Raul Jungmann confirma EDITAL PRF para o m\u00eas de setembro","isPartOf":{"@id":"https:\/\/www.estrategiaconcursos.com.br\/blog\/#website"},"primaryImageOfPage":{"@id":"https:\/\/www.estrategiaconcursos.com.br\/blog\/raul-jungmann-edital-prf-para-o-mes-de-setembr\/#primaryimage"},"image":{"@id":"https:\/\/www.estrategiaconcursos.com.br\/blog\/raul-jungmann-edital-prf-para-o-mes-de-setembr\/#primaryimage"},"thumbnailUrl":"https:\/\/dhg1h5j42swfq.cloudfront.net\/2014\/06\/prf.jpg","datePublished":"2018-08-30T10:58:59+00:00","dateModified":"2018-12-12T13:17:50+00:00","breadcrumb":{"@id":"https:\/\/www.estrategiaconcursos.com.br\/blog\/raul-jungmann-edital-prf-para-o-mes-de-setembr\/#breadcrumb"},"inLanguage":"pt-BR","potentialAction":[{"@type":"ReadAction","target":["https:\/\/www.estrategiaconcursos.com.br\/blog\/raul-jungmann-edital-prf-para-o-mes-de-setembr\/"]}]},{"@type":"ImageObject","inLanguage":"pt-BR","@id":"https:\/\/www.estrategiaconcursos.com.br\/blog\/raul-jungmann-edital-prf-para-o-mes-de-setembr\/#primaryimage","url":"https:\/\/dhg1h5j42swfq.cloudfront.net\/2014\/06\/prf.jpg","contentUrl":"https:\/\/dhg1h5j42swfq.cloudfront.net\/2014\/06\/prf.jpg","width":1250,"height":893},{"@type":"BreadcrumbList","@id":"https:\/\/www.estrategiaconcursos.com.br\/blog\/raul-jungmann-edital-prf-para-o-mes-de-setembr\/#breadcrumb","itemListElement":[{"@type":"ListItem","position":1,"name":"In\u00edcio","item":"https:\/\/www.estrategiaconcursos.com.br\/blog\/"},{"@type":"ListItem","position":2,"name":"Ministro da Seguran\u00e7a, Raul Jungmann, confirma publica\u00e7\u00e3o do edital da PRF para o m\u00eas de setembro"}]},{"@type":"WebSite","@id":"https:\/\/www.estrategiaconcursos.com.br\/blog\/#website","url":"https:\/\/www.estrategiaconcursos.com.br\/blog\/","name":"Estrat\u00e9gia Concursos","description":"O blog da Estrat\u00e9gia Concursos traz not\u00edcias sobre concursos e artigos de professores oferecendo cursos para concursos (pdf + videaulas) no site.","publisher":{"@id":"https:\/\/www.estrategiaconcursos.com.br\/blog\/#organization"},"potentialAction":[{"@type":"SearchAction","target":{"@type":"EntryPoint","urlTemplate":"https:\/\/www.estrategiaconcursos.com.br\/blog\/?s={search_term_string}"},"query-input":{"@type":"PropertyValueSpecification","valueRequired":true,"valueName":"search_term_string"}}],"inLanguage":"pt-BR"},{"@type":"Organization","@id":"https:\/\/www.estrategiaconcursos.com.br\/blog\/#organization","name":"Estrat\u00e9gia Concursos","url":"https:\/\/www.estrategiaconcursos.com.br\/blog\/","logo":{"@type":"ImageObject","inLanguage":"pt-BR","@id":"https:\/\/www.estrategiaconcursos.com.br\/blog\/#\/schema\/logo\/image\/","url":"https:\/\/dhg1h5j42swfq.cloudfront.net\/2025\/06\/03203428\/logo_concursos-1.jpg","contentUrl":"https:\/\/dhg1h5j42swfq.cloudfront.net\/2025\/06\/03203428\/logo_concursos-1.jpg","width":230,"height":60,"caption":"Estrat\u00e9gia Concursos"},"image":{"@id":"https:\/\/www.estrategiaconcursos.com.br\/blog\/#\/schema\/logo\/image\/"},"sameAs":["https:\/\/x.com\/EstratConcursos"]},{"@type":"Person","@id":"https:\/\/www.estrategiaconcursos.com.br\/blog\/#\/schema\/person\/b4a388c97673c5f483d72185668afa1f","name":"Coordena\u00e7\u00e3o","image":{"@type":"ImageObject","inLanguage":"pt-BR","@id":"https:\/\/secure.gravatar.com\/avatar\/b720319e4c9a967eb58678d110f4fe35452fc5d5f97b202bac7b8acceb18c6ad?s=96&d=mm&r=g","url":"https:\/\/secure.gravatar.com\/avatar\/b720319e4c9a967eb58678d110f4fe35452fc5d5f97b202bac7b8acceb18c6ad?s=96&d=mm&r=g","contentUrl":"https:\/\/secure.gravatar.com\/avatar\/b720319e4c9a967eb58678d110f4fe35452fc5d5f97b202bac7b8acceb18c6ad?s=96&d=mm&r=g","caption":"Coordena\u00e7\u00e3o"},"sameAs":["https:\/\/www.facebook.com\/EstrategiaConcursos","https:\/\/x.com\/EstratConcursos"],"url":"https:\/\/www.estrategiaconcursos.com.br\/blog\/author\/estrategia2013\/"}]}},"_links":{"self":[{"href":"https:\/\/www.estrategiaconcursos.com.br\/blog\/wp-json\/wp\/v2\/posts\/138756","targetHints":{"allow":["GET"]}}],"collection":[{"href":"https:\/\/www.estrategiaconcursos.com.br\/blog\/wp-json\/wp\/v2\/posts"}],"about":[{"href":"https:\/\/www.estrategiaconcursos.com.br\/blog\/wp-json\/wp\/v2\/types\/post"}],"author":[{"embeddable":true,"href":"https:\/\/www.estrategiaconcursos.com.br\/blog\/wp-json\/wp\/v2\/users\/1"}],"replies":[{"embeddable":true,"href":"https:\/\/www.estrategiaconcursos.com.br\/blog\/wp-json\/wp\/v2\/comments?post=138756"}],"version-history":[{"count":4,"href":"https:\/\/www.estrategiaconcursos.com.br\/blog\/wp-json\/wp\/v2\/posts\/138756\/revisions"}],"predecessor-version":[{"id":155353,"href":"https:\/\/www.estrategiaconcursos.com.br\/blog\/wp-json\/wp\/v2\/posts\/138756\/revisions\/155353"}],"wp:featuredmedia":[{"embeddable":true,"href":"https:\/\/www.estrategiaconcursos.com.br\/blog\/wp-json\/wp\/v2\/media\/16314"}],"wp:attachment":[{"href":"https:\/\/www.estrategiaconcursos.com.br\/blog\/wp-json\/wp\/v2\/media?parent=138756"}],"wp:term":[{"taxonomy":"category","embeddable":true,"href":"https:\/\/www.estrategiaconcursos.com.br\/blog\/wp-json\/wp\/v2\/categories?post=138756"},{"taxonomy":"post_tag","embeddable":true,"href":"https:\/\/www.estrategiaconcursos.com.br\/blog\/wp-json\/wp\/v2\/tags?post=138756"},{"taxonomy":"tax_estado","embeddable":true,"href":"https:\/\/www.estrategiaconcursos.com.br\/blog\/wp-json\/wp\/v2\/tax_estado?post=138756"}],"curies":[{"name":"wp","href":"https:\/\/api.w.org\/{rel}","templated":true}]}}