{"id":138702,"date":"2018-09-02T07:55:35","date_gmt":"2018-09-02T10:55:35","guid":{"rendered":"https:\/\/www.estrategiaconcursos.com.br\/blog\/?p=138702"},"modified":"2019-09-18T13:36:56","modified_gmt":"2019-09-18T16:36:56","slug":"portugues-para-mpu-confira-os-comentarios-da-ultima-prova-do-cargo-de-analista","status":"publish","type":"post","link":"https:\/\/www.estrategiaconcursos.com.br\/blog\/portugues-para-mpu-confira-os-comentarios-da-ultima-prova-do-cargo-de-analista\/","title":{"rendered":"Portugu\u00eas para MPU. Confira os coment\u00e1rios da \u00faltima prova do cargo de Analista."},"content":{"rendered":"<p style=\"text-align: justify;\">Ol\u00e1, pessoal! Eu sou o professor D\u00e9cio Terror e venho aqui comentar a \u00faltima prova de\u00a0<strong><em>Portugu\u00eas de Analista do MPU<\/em><\/strong>\u00a0em complemento ao artigo anterior, em que comentei prova de\u00a0<a href=\"https:\/\/www.estrategiaconcursos.com.br\/blog\/prova-portugues-comentada-tecnico-mpu\/\" target=\"_blank\" rel=\"noopener noreferrer\">T\u00e9cnico<\/a>, de forma que voc\u00ea possa ter uma no\u00e7\u00e3o ampla de cobran\u00e7a em seu concurso!<\/p>\n<p>O tempo est\u00e1 voando, n\u00e3o \u00e9!? Sua prova j\u00e1 est\u00e1 chegando!<\/p>\n<p>Por isso lancei um curso s\u00f3 de quest\u00f5es comentadas de Portugu\u00eas para o MPU. Dessa forma, acredito que possamos ajudar voc\u00ea ainda mais na sua prepara\u00e7\u00e3o.<\/p>\n<p><a href=\"https:\/\/www.estrategiaconcursos.com.br\/curso\/questoes-comentadas-de-portugues-p-mpu-analista-direito-com-videoaulas\/\" target=\"_blank\" rel=\"noopener noreferrer\"><img loading=\"lazy\" decoding=\"async\" class=\"aligncenter wp-image-137537\" src=\"https:\/\/dhg1h5j42swfq.cloudfront.net\/2018\/08\/23145817\/Clique-aqui.png\" sizes=\"auto, (max-width: 338px) 100vw, 338px\" srcset=\"https:\/\/dhg1h5j42swfq.cloudfront.net\/2018\/08\/23145817\/Clique-aqui.png 1143w, https:\/\/dhg1h5j42swfq.cloudfront.net\/2018\/08\/23145817\/Clique-aqui.png 300w, https:\/\/dhg1h5j42swfq.cloudfront.net\/2018\/08\/23145817\/Clique-aqui.png 768w, https:\/\/dhg1h5j42swfq.cloudfront.net\/2018\/08\/23145817\/Clique-aqui.png 1024w, https:\/\/dhg1h5j42swfq.cloudfront.net\/2018\/08\/23145817\/Clique-aqui.png 610w\" alt=\"Curso de quest\u00f5es comentadas T\u00e9cnico MPU\" width=\"179\" height=\"137\" \/><\/a><\/p>\n<p>Al\u00e9m disso, vale a pena voc\u00ea conferir os desafios di\u00e1rios com quest\u00f5es do CESPE no meu canal do\u00a0<a href=\"https:\/\/www.youtube.com\/channel\/UCu5mMewoQZGIjsbgM6UanLg\">YouTube<\/a>.<\/p>\n<p><a href=\"https:\/\/www.youtube.com\/watch?v=SXToKVKQ9yI&amp;list=PL8_AJPv2ekvdAnc0uWt9JeWPKqN9LvWWH\" target=\"_blank\" rel=\"noopener noreferrer\"><img loading=\"lazy\" decoding=\"async\" class=\"aligncenter\" src=\"https:\/\/dhg1h5j42swfq.cloudfront.net\/2018\/08\/23154138\/desafioportugues-min.jpeg\" alt=\"portugues para o mpu\" width=\"461\" height=\"259\" \/><\/a><\/p>\n<p><img loading=\"lazy\" decoding=\"async\" class=\"size-full wp-image-138704 aligncenter\" src=\"https:\/\/dhg1h5j42swfq.cloudfront.net\/2018\/08\/31092257\/tabela.png\" alt=\"\" width=\"558\" height=\"203\" srcset=\"https:\/\/dhg1h5j42swfq.cloudfront.net\/2018\/08\/31092257\/tabela.png 558w, https:\/\/dhg1h5j42swfq.cloudfront.net\/2018\/08\/31092257\/tabela.png 300w\" sizes=\"auto, (max-width: 558px) 100vw, 558px\" \/><\/p>\n<p style=\"text-align: justify;\"><strong><img loading=\"lazy\" decoding=\"async\" class=\"size-full wp-image-138705 aligncenter\" src=\"https:\/\/dhg1h5j42swfq.cloudfront.net\/2018\/08\/31092346\/MPU-Analista-texto-1.png\" alt=\"\" width=\"556\" height=\"496\" srcset=\"https:\/\/dhg1h5j42swfq.cloudfront.net\/2018\/08\/31092346\/MPU-Analista-texto-1.png 556w, https:\/\/dhg1h5j42swfq.cloudfront.net\/2018\/08\/31092346\/MPU-Analista-texto-1.png 300w\" sizes=\"auto, (max-width: 556px) 100vw, 556px\" \/><br \/>\n<span style=\"color: #3366ff;\">Outro detalhe: sempre que houver texto, veja se as quest\u00f5es fazem afirma\u00e7\u00f5es apenas sobre conhecimento gramatical ou se h\u00e1 interpreta\u00e7\u00e3o. S\u00f3 leia o texto todo se voc\u00ea perceber que h\u00e1 afirma\u00e7\u00f5es sobre a interpreta\u00e7\u00e3o. Do contr\u00e1rio, parta direto para as quest\u00f5es, as quais v\u00e3o direcionando o ponto exato do texto.\u00a0<\/span><\/strong><span style=\"color: #3366ff;\"><strong>O tempo de 31 minutos e 30 segundos n\u00e3o leva em conta exatamente o tempo de leitura do texto, ao qual voc\u00ea pode acrescentar pelo menos mais 7 minutos. Isso porque as demais quest\u00f5es da prova n\u00e3o apresentam textos grandes. Assim, perde-se um pouco de tempo na leitura, mas ganha-se nas respostas diretas das \u00e1reas espec\u00edficas.<\/strong><\/span><\/p>\n<p>Com base nas ideias contidas no texto I, julgue os itens a seguir.<\/p>\n<p><strong>Veja que da quest\u00e3o 1 a 4 h\u00e1 s\u00f3 interpreta\u00e7\u00e3o. Assim, voc\u00ea j\u00e1 sabe que tem que realizar uma boa leitura do texto.<\/strong><\/p>\n<p><strong>1<\/strong>. Montesquieu busca a explica\u00e7\u00e3o dos fundamentos do Estado ou da sociedade civil de forma an\u00e1loga \u00e0 dos metaf\u00edsicos.<\/p>\n<p style=\"text-align: justify;\"><strong>Coment\u00e1rio<\/strong>: Basta lermos o \u00faltimo par\u00e1grafo, especificamente na express\u00e3o \u201c<em>refugindo \u00e0s especula\u00e7\u00f5es metaf\u00edsicas<\/em>\u201d, al\u00e9m da dualidade \u201c<em>plano da idealidade<\/em>\u201d X \u201c<em>terreno dos fatos<\/em>\u201d.<\/p>\n<p style=\"text-align: justify;\">\u00a0\u00a0\u00a0\u00a0\u00a0\u00a0\u00a0 O verbo \u201c<em>refugindo<\/em>\u201d significa \u201cdistanciando, recuando\u201d, sentido contr\u00e1rio ao adjetivo \u201can\u00e1loga\u201d do pedido da quest\u00e3o, cuja afirma\u00e7\u00e3o est\u00e1 errada. Assim, percebemos que Montesquieu procurou o\u00a0<u>terreno dos fatos<\/u>, diferente das especula\u00e7\u00f5es metaf\u00edsicas, que serviram aos fil\u00f3sofos do pacto social no\u00a0<u>plano da idealidade<\/u>.<\/p>\n<p><strong>Gabarito<\/strong>:\u00a0<strong>E<\/strong><\/p>\n<p><strong>2<\/strong>. No Estado moderno, cabe ao Minist\u00e9rio P\u00fablico a fun\u00e7\u00e3o da preserva\u00e7\u00e3o da liberdade humana, de forma a proteger os mais fracos da domina\u00e7\u00e3o dos mais fortes.<\/p>\n<p style=\"text-align: justify;\"><strong>Coment\u00e1rio<\/strong>: No primeiro per\u00edodo do texto, \u00e9 afirmado que \u201c<em>Na organiza\u00e7\u00e3o do poder pol\u00edtico no Estado moderno, \u00e0 luz da tradi\u00e7\u00e3o iluminista, o\u00a0<strong><u>direito<\/u><\/strong>\u00a0tem por fun\u00e7\u00e3o a preserva\u00e7\u00e3o da liberdade humana, de maneira a coibir a desordem do estado de natureza, que, em virtude do risco da domina\u00e7\u00e3o dos mais fracos pelos mais fortes, exige a exist\u00eancia de um\u00a0<u>poder institucional<\/u><\/em>.\u201d<\/p>\n<p style=\"text-align: justify;\">\u00a0\u00a0\u00a0\u00a0\u00a0\u00a0\u00a0 J\u00e1 a quest\u00e3o afirma que cabe ao Minist\u00e9rio P\u00fablico a fun\u00e7\u00e3o da preserva\u00e7\u00e3o da liberdade humana, de forma a proteger os mais fracos da domina\u00e7\u00e3o dos mais fortes.<\/p>\n<p>\u00a0\u00a0\u00a0\u00a0\u00a0\u00a0\u00a0 Assim, a quest\u00e3o quis induzir o candidato a pensar que esse \u201cpoder institucional\u201d pudesse ser unicamente o \u201cMinist\u00e9rio P\u00fablico\u201d, mas sabemos que n\u00e3o \u00e9 s\u00f3 ele que age em fun\u00e7\u00e3o da liberdade humana. Assim, a afirma\u00e7\u00e3o est\u00e1 errada.<\/p>\n<p><strong>Gabarito<\/strong>:\u00a0<strong>E<\/strong><\/p>\n<p><strong>\u00a0<\/strong><strong>3<\/strong>. A conquista da liberdade humana pressup\u00f5e a distribui\u00e7\u00e3o do poder em ramos diversos.<\/p>\n<p><strong>Coment\u00e1rio<\/strong>: A quest\u00e3o trabalha a interpreta\u00e7\u00e3o com base no sentido dos voc\u00e1bulos \u201creclama\u201d e \u201cpressup\u00f5e\u201d.<\/p>\n<p>No texto foi afirmado que \u201c<em>a conquista da liberdade humana tamb\u00e9m\u00a0<strong><u>reclama<\/u><\/strong>\u00a0a distribui\u00e7\u00e3o do poder em ramos diversos<\/em>\u201d.<\/p>\n<p style=\"text-align: justify;\">\u00a0\u00a0\u00a0\u00a0\u00a0\u00a0\u00a0 O verbo \u201creclama\u201d, neste contexto, significa necessita, precisa, depende. Assim, para haver conquista da liberdade humana, deve-se lutar, exigir a distribui\u00e7\u00e3o do poder em ramos diversos.<\/p>\n<p style=\"text-align: justify;\">\u00a0\u00a0\u00a0\u00a0\u00a0\u00a0\u00a0 Por\u00e9m, com a troca do voc\u00e1bulo \u201creclama\u201d, que traduz um valor de exig\u00eancia, pelo voc\u00e1bulo \u201cpressup\u00f5e\u201d, o qual traz uma ideia de simples suposi\u00e7\u00e3o, subentendimento, h\u00e1 uma diverg\u00eancia de sentido. \u00c9 como se n\u00e3o precisasse lutar por essa distribui\u00e7\u00e3o do poder em ramos diversos, \u00e9 como se isso fosse algo intr\u00ednseco e naturalmente parte da conquista da liberdade humana, pois se diz que simplesmente a conquista da liberdade humana\u00a0<u>pressup\u00f5e<\/u>\u00a0a distribui\u00e7\u00e3o do poder em ramos diversos.<\/p>\n<p style=\"text-align: justify;\">\u00a0\u00a0\u00a0\u00a0\u00a0\u00a0\u00a0 Esta quest\u00e3o causou muita pol\u00eamica, pois, numa leitura r\u00e1pida, sem o\u00a0 devido aprofundamento, parece realmente que as duas ideias s\u00e3o an\u00e1logas, mas a original traduz uma exig\u00eancia e a segunda, uma simples suposi\u00e7\u00e3o, algo como se j\u00e1 fizesse parte intrinsecamente, o que n\u00e3o \u00e9 verdade.<\/p>\n<p><strong>Gabarito<\/strong>:\u00a0<strong>E<\/strong><\/p>\n<p><strong>\u00a0<\/strong><strong>4<\/strong>. Segundo Montesquieu, aquele que n\u00e3o encontra limites para o exerc\u00edcio do poder que det\u00e9m tende a agir de forma abusiva.<\/p>\n<p style=\"text-align: justify;\"><strong>Coment\u00e1rio<\/strong>: A quest\u00e3o aborda diretamente a observa\u00e7\u00e3o de Montesquieu: \u201c<em>todo homem que tem poder tende a abusar dele; ele vai at\u00e9 onde encontra limites. Para que n\u00e3o se possa abusar do poder, \u00e9 preciso que, pela disposi\u00e7\u00e3o das coisas, o poder limite o poder<\/em>\u201d.<\/p>\n<p>\u00a0\u00a0\u00a0\u00a0\u00a0\u00a0\u00a0 Assim, na vis\u00e3o dele, se n\u00e3o h\u00e1 limites, \u00e9 natural o homem agir de forma abusiva. Portanto, a afirma\u00e7\u00e3o est\u00e1 correta.<\/p>\n<p><strong>Gabarito<\/strong>:\u00a0<strong>C<\/strong><\/p>\n<p>Julgue os itens subsequentes, relativos \u00e0s estruturas lingu\u00edsticas do texto I.<\/p>\n<p style=\"text-align: justify;\"><strong>5<\/strong>. O emprego do sinal indicativo de crase em \u201c\u00e0 luz da tradi\u00e7\u00e3o iluminista\u201d (linhas 1 e 2) \u00e9 facultativo, ou seja, a sua retirada n\u00e3o prejudicaria a corre\u00e7\u00e3o gramatical nem o sentido original do texto.<\/p>\n<p style=\"text-align: justify;\"><strong>Coment\u00e1rio<\/strong>: A locu\u00e7\u00e3o adverbial \u201c\u00e0 luz\u201d possui acento indicativo de crase obrigat\u00f3rio, ou seja, a sua retirada prejudicaria, sim, a gramaticalidade.<\/p>\n<p><strong>Gabarito<\/strong>:\u00a0<strong>E<\/strong><\/p>\n<p style=\"text-align: justify;\"><strong>\u00a0<\/strong><strong>6<\/strong>. O pronome \u201celes\u201d (linha 7) faz refer\u00eancia a \u201cramos diversos\u201d (linha 6).<\/p>\n<p style=\"text-align: justify;\"><strong>Coment\u00e1rio<\/strong>: Entende-se do trecho que haver\u00e1 uma disposi\u00e7\u00e3o de meios que assegurem o controle rec\u00edproco\u00a0<u>entre os ramos diversos<\/u>\u00a0para o advento de um cen\u00e1rio de equil\u00edbrio e harmonia nas sociedades estatais. Assim, fica f\u00e1cil perceber que a afirmativa est\u00e1 correta.<\/p>\n<p><strong>Gabarito<\/strong>:\u00a0<strong>C<\/strong><\/p>\n<p style=\"text-align: justify;\"><strong>\u00a0<\/strong><strong>7<\/strong>. A corre\u00e7\u00e3o gramatical e a coer\u00eancia do texto seriam preservadas, caso a v\u00edrgula empregada logo ap\u00f3s o voc\u00e1bulo \u201cque\u201d (linha 10) fosse eliminada.<\/p>\n<p style=\"text-align: justify;\"><strong>Coment\u00e1rio<\/strong>: A v\u00edrgula ap\u00f3s o \u201cque\u201d, na realidade, inicia uma estrutura adverbial intercalada, a qual \u00e9 a ora\u00e7\u00e3o subordinada adverbial de conformidade \u201ccomo observou Montesquieu\u201d. Assim, tanto a v\u00edrgula que inicia quanto a que finaliza s\u00e3o obrigat\u00f3rias, fazendo com que a afirmativa da quest\u00e3o seja errada.<\/p>\n<p style=\"text-align: justify;\"><strong>Gabarito<\/strong>:\u00a0<strong>E<\/strong><\/p>\n<p style=\"text-align: justify;\"><strong>8<\/strong>. A flex\u00e3o plural em \u201ceram identificadas\u201d (linha 14) decorre da concord\u00e2ncia com o sujeito dessa forma verbal: \u201cas esferas de abrang\u00eancia dos poderes pol\u00edticos\u201d (linhas 14 e 15).<\/p>\n<p style=\"text-align: justify;\"><strong>Coment\u00e1rio<\/strong>: Note que a locu\u00e7\u00e3o verbal \u201ceram identificadas\u201d se refere \u00e0 express\u00e3o \u201cas esferas de abrang\u00eancia dos poderes pol\u00edticos\u201d, a qual \u00e9 o seu sujeito. Assim, a afirmativa est\u00e1 certa.<\/p>\n<p><strong>Gabarito<\/strong>:\u00a0<strong>C<\/strong><\/p>\n<p><a href=\"https:\/\/www.estrategiaconcursos.com.br\/curso\/questoes-comentadas-de-portugues-p-mpu-analista-direito-com-videoaulas\/\" target=\"_blank\" rel=\"noopener noreferrer\"><img loading=\"lazy\" decoding=\"async\" class=\"wp-image-137537 aligncenter\" src=\"https:\/\/dhg1h5j42swfq.cloudfront.net\/2018\/08\/23145817\/Clique-aqui.png\" sizes=\"auto, (max-width: 338px) 100vw, 338px\" srcset=\"https:\/\/dhg1h5j42swfq.cloudfront.net\/2018\/08\/23145817\/Clique-aqui.png 1143w, https:\/\/dhg1h5j42swfq.cloudfront.net\/2018\/08\/23145817\/Clique-aqui.png 300w, https:\/\/dhg1h5j42swfq.cloudfront.net\/2018\/08\/23145817\/Clique-aqui.png 768w, https:\/\/dhg1h5j42swfq.cloudfront.net\/2018\/08\/23145817\/Clique-aqui.png 1024w, https:\/\/dhg1h5j42swfq.cloudfront.net\/2018\/08\/23145817\/Clique-aqui.png 610w\" alt=\"Curso de quest\u00f5es comentadas T\u00e9cnico MPU\" width=\"163\" height=\"125\" \/><\/a><\/p>\n<p><img loading=\"lazy\" decoding=\"async\" class=\"size-full wp-image-138717 aligncenter\" src=\"https:\/\/dhg1h5j42swfq.cloudfront.net\/2018\/08\/31093914\/MPU-Analista-texto-2.png\" alt=\"\" width=\"562\" height=\"520\" srcset=\"https:\/\/dhg1h5j42swfq.cloudfront.net\/2018\/08\/31093914\/MPU-Analista-texto-2.png 562w, https:\/\/dhg1h5j42swfq.cloudfront.net\/2018\/08\/31093914\/MPU-Analista-texto-2.png 300w\" sizes=\"auto, (max-width: 562px) 100vw, 562px\" \/><\/p>\n<p>Conforme as ideias contidas no texto II,<\/p>\n<p><strong>Veja que da quest\u00e3o 9 a 11 h\u00e1 s\u00f3 interpreta\u00e7\u00e3o. Assim, voc\u00ea j\u00e1 sabe que tem que realizar uma boa leitura do texto.<\/strong><\/p>\n<p style=\"text-align: justify;\"><strong>9<\/strong>. A fase do inqu\u00e9rito policial em que s\u00e3o coletadas as informa\u00e7\u00f5es e as provas que ir\u00e3o formar o convencimento do titular da a\u00e7\u00e3o penal \u00e9 denominada\u00a0<em>opinio delecti<\/em>.<\/p>\n<p style=\"text-align: justify;\"><strong>Coment\u00e1rio<\/strong>: Pela pr\u00f3pria an\u00e1lise sint\u00e1tica, podemos perceber o erro na afirma\u00e7\u00e3o da quest\u00e3o, pois \u201c<em>opinio delecti\u201d<\/em>\u00a0\u00e9 o aposto explicativo, o qual se refere ao convencimento do titular da a\u00e7\u00e3o penal. Isso \u00e9 confirmado no \u00faltimo par\u00e1grafo, quando se afirma o seguinte:<\/p>\n<p style=\"text-align: center;\">\u201c\u2026o\u00a0<u>convencimento do titular da a\u00e7\u00e3o penal<\/u>, isto \u00e9, a\u00a0<em><u>opinio delicti<\/u><\/em><em>\u201d<\/em><\/p>\n<p style=\"text-align: justify;\">\u00a0\u00a0\u00a0\u00a0\u00a0\u00a0\u00a0 J\u00e1 a quest\u00e3o afirma que \u201c<em>opinio delecti\u201d\u00a0<\/em>\u00e9 a denomina\u00e7\u00e3o de uma fase do inqu\u00e9rito policial.<\/p>\n<p style=\"text-align: justify;\"><strong>Gabarito<\/strong>:\u00a0<strong>E<\/strong><\/p>\n<p><strong>\u00a0<\/strong><\/p>\n<p><strong>10<\/strong>. A fase jurisdicional da persecu\u00e7\u00e3o penal tem in\u00edcio ap\u00f3s o oferecimento da den\u00fancia pelo promotor de justi\u00e7a.<\/p>\n<p style=\"text-align: justify;\"><strong>Coment\u00e1rio<\/strong>: Realizando a quest\u00e3o com cunho puramente interpretativo, sem os conhecimentos pr\u00e9vios do direito, o que certamente j\u00e1 ajuda bastante nesta quest\u00e3o, devemos observar uma sequ\u00eancia de informa\u00e7\u00f5es do texto:<\/p>\n<p style=\"text-align: justify;\">\u00a0\u00a0\u00a0\u00a0\u00a0\u00a0\u00a0 Primeiro, foi afirmado que a \u201c<em>persecu\u00e7\u00e3o penal se desenvolve em\u00a0<strong>duas<\/strong>\u00a0fases:\u00a0<u>uma fase administrativa<\/u>, de inqu\u00e9rito policial, e uma\u00a0<u>fase jurisdicional<\/u>, de a\u00e7\u00e3o penal<\/em>.\u201d.<\/p>\n<p style=\"text-align: justify;\">\u00a0\u00a0\u00a0\u00a0\u00a0\u00a0\u00a0 Em seguida, afirma-se que \u201c<em>o destinat\u00e1rio\u00a0<u>imediato<\/u>\u00a0do inqu\u00e9rito policial \u00e9 o Minist\u00e9rio P\u00fablico, nos casos de a\u00e7\u00e3o penal p\u00fablica, e o ofendido, nos casos de a\u00e7\u00e3o penal privada<\/em>.\u201d.<\/p>\n<p style=\"text-align: justify;\">\u00a0\u00a0\u00a0\u00a0\u00a0\u00a0\u00a0 Isso \u00e9 confirmado no \u00faltimo per\u00edodo do texto: \u201c<em>\u00c9 com base nos elementos apurados no inqu\u00e9rito que o promotor de justi\u00e7a, convencido da exist\u00eancia de justa causa para a a\u00e7\u00e3o penal, oferece a den\u00fancia,\u00a0<u>encerrando<\/u>\u00a0a fase administrativa da persecu\u00e7\u00e3o penal<\/em>.\u201d. Assim, ao t\u00e9rmino da primeira fase (\u201cfase administrativa da persecu\u00e7\u00e3o penal\u201d), ap\u00f3s o convencimento do promotor de justi\u00e7a, entra-se imediatamente na pr\u00f3xima (\u201cfase jurisdicional da persecu\u00e7\u00e3o penal\u201d).<\/p>\n<p style=\"text-align: justify;\">\u00a0\u00a0\u00a0\u00a0\u00a0\u00a0\u00a0 Por tudo isso, confirmamos que a afirma\u00e7\u00e3o est\u00e1 correta, pois realmente a fase jurisdicional da persecu\u00e7\u00e3o penal tem in\u00edcio ap\u00f3s o oferecimento da den\u00fancia pelo promotor de justi\u00e7a.<\/p>\n<p><strong>Gabarito<\/strong>:\u00a0<strong>C<\/strong><\/p>\n<p><strong>\u00a0<\/strong><\/p>\n<p><strong>11<\/strong>. A exist\u00eancia de prova da materialidade delitiva \u00e9 suficiente para que se considere a exist\u00eancia de ind\u00edcios de autoria.<\/p>\n<p><strong>Coment\u00e1rio<\/strong>: Fica f\u00e1cil observar que a afirmativa est\u00e1 errada, pois o segundo par\u00e1grafo nos informa que a \u201c<em>justa causa\u2026consiste na obrigatoriedade de que existam\u00a0<u>prova acerca da materialidade delitiva<\/u>\u00a0e, ao menos,\u00a0<u>ind\u00edcios de autoria<\/u>, de modo a existir fundada suspeita acerca da pr\u00e1tica de um fato de natureza penal<\/em>.\u201d. Assim, esses dois elementos grifados acima s\u00e3o paralelos e substanciais para confirmar a justa causa.<\/p>\n<p>J\u00e1 a quest\u00e3o afirma que a prova acerca da materialidade delitiva indicaria a exist\u00eancia de ind\u00edcios de autoria, rela\u00e7\u00e3o esta que n\u00e3o se encontra no texto.<\/p>\n<p><strong>Gabarito<\/strong>:\u00a0<strong>E<\/strong><\/p>\n<p><strong>\u00a0<\/strong><\/p>\n<p>Julgue os itens que se seguem, a respeito das estruturas lingu\u00edsticas do texto II.<\/p>\n<p style=\"text-align: justify;\"><strong>12<\/strong>. Haveria preju\u00edzo \u00e0 corre\u00e7\u00e3o gramatical do texto, se o voc\u00e1bulo \u201cque\u201d (linha 22) fosse substitu\u00eddo por\u00a0<strong>onde<\/strong>.<\/p>\n<p style=\"text-align: justify;\"><strong>Coment\u00e1rio<\/strong>: O pronome relativo \u201cque\u201d ocupa a fun\u00e7\u00e3o de sujeito, pois entendemos que\u00a0<u>as provas<\/u>\u00a0<u>ir\u00e3o formar<\/u>\u00a0<u>o convencimento<\/u>. Note que o pronome relativo \u201conde\u201d s\u00f3 pode retomar lugar, ocupando a fun\u00e7\u00e3o de adjunto adverbial de lugar. Assim, a substitui\u00e7\u00e3o n\u00e3o pode ser realizada.<\/p>\n<p style=\"text-align: justify;\">\u00a0\u00a0\u00a0\u00a0\u00a0\u00a0\u00a0 Como a quest\u00e3o afirmou haver preju\u00edzo nesta substitui\u00e7\u00e3o, a afirmativa est\u00e1 certa.<\/p>\n<p style=\"text-align: justify;\"><strong>Gabarito<\/strong>:\u00a0<strong>C<\/strong><\/p>\n<p style=\"text-align: justify;\"><strong>13<\/strong>. A corre\u00e7\u00e3o gramatical e a coer\u00eancia do texto seriam preservadas, caso as formas verbais \u201cpossa formar\u201d (linha 8) e \u201cinstaurar\u201d (linha 9) fossem substitu\u00eddas, respectivamente, por\u00a0<strong>forme<\/strong>\u00a0e\u00a0<strong>instaure<\/strong>.<\/p>\n<p><strong>Coment\u00e1rio<\/strong>: Esta quest\u00e3o cobra nosso conhecimento a respeito da redu\u00e7\u00e3o de express\u00f5es, juntamente com conhecimento verbal.<\/p>\n<p>As locu\u00e7\u00f5es verbais \u201cpossa formar\u201d e \u201c(possa) instaurar\u201d transmitem uma possibilidade, sentido preservado com o presente do subjuntivo \u201cforme\u201d e \u201cinstaure\u201d. Confirme:<\/p>\n<p>\u2026<em>ensejando justa causa para que o titular da a\u00e7\u00e3o penal\u00a0<strong>forme<\/strong>\u00a0seu convencimento, a\u00a0<\/em><em>opinio delicti<\/em><em>, e, assim,\u00a0<strong>instaure<\/strong>\u00a0a a\u00e7\u00e3o penal cab\u00edvel<\/em>.<\/p>\n<p>Assim, a afirmativa est\u00e1 correta.<\/p>\n<p><strong>Gabarito<\/strong>:\u00a0<strong>C<\/strong><\/p>\n<p style=\"text-align: justify;\"><strong>14<\/strong>. O sentido original do texto e a sua corre\u00e7\u00e3o gramatical seriam mantidos, se o per\u00edodo \u201cDessa forma, (\u2026) o autor desse fato\u201d (linhas 18 a 20) fosse reescrito do seguinte modo: Assim, \u00e9 imperioso que exista provas acerca da poss\u00edvel exist\u00eancia de um fato criminoso e indica\u00e7\u00f5es s\u00f3lidas de quem tenha sido o autor desse fato.<\/p>\n<p style=\"text-align: justify;\"><strong>Coment\u00e1rio<\/strong>: A quest\u00e3o cobra apenas nosso conhecimento de concord\u00e2ncia. Ao confrontarmos os dois trechos, marcamos as palavras trocadas. Note que todas as express\u00f5es transmitem o mesmo sentido contextual, por\u00e9m o verbo \u201cexista\u201d deve se flexionar no plural por ser intransitivo e seu sujeito \u201cprovas\u201d encontrar-se no plural. Compare:<\/p>\n<p style=\"text-align: justify;\"><em><u>Dessa forma<\/u><\/em><em>, \u00e9\u00a0<u>imprescind\u00edvel<\/u>\u00a0que\u00a0<u>haja<\/u>\u00a0provas acerca da poss\u00edvel exist\u00eancia de um fato criminoso e indica\u00e7\u00f5es\u00a0<u>razo\u00e1veis<\/u>\u00a0<u>do sujeito que tenha sido o autor desse fato<\/u><\/em>.<\/p>\n<p style=\"text-align: justify;\"><em><u>Assim<\/u><\/em><em>, \u00e9\u00a0<u>imperioso<\/u>\u00a0que\u00a0<strong><u>existam<\/u><\/strong>\u00a0provas acerca da poss\u00edvel exist\u00eancia de um fato criminoso e indica\u00e7\u00f5es\u00a0<u>s\u00f3lidas<\/u>\u00a0<u>de quem tenha sido o autor desse fato<\/u><\/em>.<\/p>\n<p>\u00a0\u00a0\u00a0\u00a0\u00a0\u00a0\u00a0 Assim, a afirma\u00e7\u00e3o est\u00e1 errada.<\/p>\n<p><strong>Gabarito<\/strong>:\u00a0<strong>E<\/strong><\/p>\n<p><strong>\u00a0<\/strong><strong>15<\/strong>. Em \u201cEvidencia-se\u201d (linha 21), o pronome \u201cse\u201d pode, facultativa e corretamente, ser tanto posposto \u2014 como a\u00ed foi empregado \u2014 quanto anteposto \u00e0 forma verbal \u2014\u00a0<strong>Se evidencia<\/strong>.<\/p>\n<p><strong>Coment\u00e1rio<\/strong>: A anteposi\u00e7\u00e3o do pronome, sugerida na quest\u00e3o, n\u00e3o pode ocorrer, haja vista que o pronome pessoal obl\u00edquo \u00e1tono n\u00e3o pode iniciar frase.<\/p>\n<p><strong>Gabarito<\/strong>:\u00a0<strong>E<\/strong><\/p>\n<p>Julgue os seguintes itens de acordo com as prescri\u00e7\u00f5es constantes no\u00a0<strong>Manual de Reda\u00e7\u00e3o da Presid\u00eancia da Rep\u00fablica<\/strong>\u00a0acerca das caracter\u00edsticas formais e lingu\u00edsticas das correspond\u00eancias oficiais.<\/p>\n<p style=\"text-align: justify;\"><strong>6<\/strong>. Em um of\u00edcio, informa\u00e7\u00f5es relativas ao remetente, tais como nome do \u00f3rg\u00e3o e(ou) do setor a que ele pertence, endere\u00e7o postal, telefone e endere\u00e7o de correio eletr\u00f4nico s\u00e3o obrigat\u00f3rias e podem ser apresentadas no cabe\u00e7alho ou no rodap\u00e9 do expediente.<\/p>\n<p style=\"text-align: justify;\"><strong>Coment\u00e1rio<\/strong>: A quest\u00e3o est\u00e1 correta, pois possui todos os dados colhidos no t\u00f3pico 3.3.2 de nossa aula extra:<\/p>\n<p style=\"text-align: justify;\">\u00a0\u00a0\u00a0\u00a0\u00a0\u00a0\u00a0 \u201c<em>Devem constar do cabe\u00e7alho ou do rodap\u00e9 do of\u00edcio as seguintes informa\u00e7\u00f5es do remetente:<\/em><\/p>\n<p style=\"text-align: justify;\"><em>\u2013 nome do \u00f3rg\u00e3o ou setor;<\/em><\/p>\n<p style=\"text-align: justify;\"><em>\u2013 endere\u00e7o postal;<\/em><\/p>\n<p style=\"text-align: justify;\"><em>\u2013 telefone e endere\u00e7o de correio eletr\u00f4nico<\/em>.\u201d<\/p>\n<p style=\"text-align: justify;\"><strong>Gabarito<\/strong>:\u00a0<strong>C<\/strong><\/p>\n<p><strong>\u00a0<\/strong><\/p>\n<p><strong>17<\/strong>. O telegrama \u00e9 uma forma de comunica\u00e7\u00e3o oficial que, por ser dispendiosa e tecnologicamente ultrapassada, foi substitu\u00edda integralmente por formas de comunica\u00e7\u00e3o mais modernas, econ\u00f4micas e r\u00e1pidas, como o fax e o correio eletr\u00f4nico.<\/p>\n<p><strong>Coment\u00e1rio<\/strong>: O erro na quest\u00e3o foi afirmar que essa forma de comunica\u00e7\u00e3o oficial foi integralmente substitu\u00edda. Veja que o t\u00f3pico 6.1 de nossa aula extra afirma que seu uso deve restringir-se apenas \u00e0quelas situa\u00e7\u00f5es em que n\u00e3o seja poss\u00edvel o uso de correio eletr\u00f4nico ou fax e que a urg\u00eancia justifique sua utiliza\u00e7\u00e3o e, tamb\u00e9m em raz\u00e3o de seu custo elevado, esta forma de comunica\u00e7\u00e3o deve pautar-se pela concis\u00e3o.<\/p>\n<p><strong>Gabarito<\/strong>:\u00a0<strong>E<\/strong><\/p>\n<p><strong>18<\/strong>. O termo\u00a0<strong>Atenciosamente<\/strong>\u00a0constitui fecho adequado para um expediente no qual se empregue\u00a0<strong>Vossa Excel\u00eancia<\/strong>\u00a0como pronome de tratamento.<\/p>\n<p><strong>Coment\u00e1rio<\/strong>: A quest\u00e3o foi anulada, haja vista que os fechos \u201cAtenciosamente\u201d e \u201cRespeitosamente\u201d necessitam da men\u00e7\u00e3o \u00e0 preced\u00eancia hier\u00e1rquica, o que n\u00e3o foi informado na quest\u00e3o. Tal quest\u00e3o foi anulada porque cabe tanto a resposta CERTA, quanto a resposta ERRADA. Depende apenas da preced\u00eancia hier\u00e1rquica entre emissor e receptor da mensagem.<\/p>\n<p><strong>Gabarito<\/strong>:\u00a0<strong>Anulada<\/strong><\/p>\n<p><strong>Veja a justificativa da banca quanto \u00e0 anula\u00e7\u00e3o da quest\u00e3o:<\/strong><\/p>\n<p><img loading=\"lazy\" decoding=\"async\" class=\"size-full wp-image-138718 aligncenter\" src=\"https:\/\/dhg1h5j42swfq.cloudfront.net\/2018\/08\/31094217\/justificativa.png\" alt=\"\" width=\"558\" height=\"110\" srcset=\"https:\/\/dhg1h5j42swfq.cloudfront.net\/2018\/08\/31094217\/justificativa.png 558w, https:\/\/dhg1h5j42swfq.cloudfront.net\/2018\/08\/31094217\/justificativa.png 300w\" sizes=\"auto, (max-width: 558px) 100vw, 558px\" \/><\/p>\n<p><strong>19<\/strong>. O trecho a seguir \u00e9 adequado para figurar como o par\u00e1grafo inicial de um memorando que encaminhar documento cuja remessa tenha sido solicitada: Encaminho, para conhecimento, c\u00f3pia do Memorando n.\u00ba 12\/2015, do Setor de Inform\u00e1tica, a respeito do plano de reorganiza\u00e7\u00e3o interna desse setor.<\/p>\n<p><strong>Coment\u00e1rio<\/strong>: Quando a remessa \u00e9 solicitada, deve-se iniciar o texto com refer\u00eancia\u00a0<u>ao expediente que solicitou o encaminhamento<\/u>, o que n\u00e3o ocorreu nesta quest\u00e3o, por isso ela est\u00e1 errada. Veja um exemplo de encaminhamento de documento solicitado:<\/p>\n<p><em>\u201c<u>Em resposta ao Aviso n\u00ba 12, de 1\u00ba de fevereiro de 1991<\/u>, encaminho, anexa, c\u00f3pia do Of\u00edcio n\u00ba 34, de 3 de abril de 1990, do Departamento Geral de Administra\u00e7\u00e3o, que trata da requisi\u00e7\u00e3o do servidor Fulano de Tal.\u201d<\/em><\/p>\n<p><strong>Gabarito<\/strong>:\u00a0<strong>E<\/strong><\/p>\n<p><strong>20<\/strong>. A mensagem \u00e9 uma modalidade de comunica\u00e7\u00e3o oficial que segue o padr\u00e3o of\u00edcio, devendo ser apresentados, no local da identifica\u00e7\u00e3o de seu signat\u00e1rio, o nome e o cargo da autoridade que a expede.<\/p>\n<p><strong>Coment\u00e1rio<\/strong>: A mensagem n\u00e3o segue o padr\u00e3o of\u00edcio. Como os demais atos assinados pelo Presidente da Rep\u00fablica, ela n\u00e3o traz identifica\u00e7\u00e3o de seu signat\u00e1rio. Assim, a afirmativa est\u00e1 errada.<\/p>\n<p><strong>Gabarito<\/strong>:\u00a0<strong>E<\/strong><\/p>\n<p><strong>21<\/strong>. A comunica\u00e7\u00e3o mediada por uma exposi\u00e7\u00e3o de motivos tem como interlocutores um ministro (ou ministros de Estado), no papel de emissor(es) do expediente, e o presidente da Rep\u00fablica (ou o vice-presidente), no papel de destinat\u00e1rio da comunica\u00e7\u00e3o oficial.<\/p>\n<p><strong>Coment\u00e1rio<\/strong>: Conforme o t\u00f3pico 4.1 de nossa aula extra, a Exposi\u00e7\u00e3o de motivos \u00e9 o expediente dirigido ao Presidente da Rep\u00fablica\u00a0ou ao Vice-Presidente por um Ministro de Estado. Assim, a afirmativa est\u00e1 correta.<\/p>\n<p><strong>Gabarito<\/strong>:\u00a0<strong>C<\/strong><\/p>\n<p><img loading=\"lazy\" decoding=\"async\" class=\"size-full wp-image-138719 aligncenter\" src=\"https:\/\/dhg1h5j42swfq.cloudfront.net\/2018\/08\/31095258\/gabarito1.png\" alt=\"\" width=\"351\" height=\"311\" srcset=\"https:\/\/dhg1h5j42swfq.cloudfront.net\/2018\/08\/31095258\/gabarito1.png 351w, https:\/\/dhg1h5j42swfq.cloudfront.net\/2018\/08\/31095258\/gabarito1.png 300w\" sizes=\"auto, (max-width: 351px) 100vw, 351px\" \/><\/p>\n<p>Confira os desafios di\u00e1rios com quest\u00f5es do CESPE no meu canal do\u00a0<a href=\"https:\/\/www.youtube.com\/watch?v=SXToKVKQ9yI&amp;list=PL8_AJPv2ekvdAnc0uWt9JeWPKqN9LvWWH\" target=\"_blank\" rel=\"noopener noreferrer\">YouTube<\/a>.<\/p>\n<p><a href=\"https:\/\/www.youtube.com\/watch?v=SXToKVKQ9yI&amp;list=PL8_AJPv2ekvdAnc0uWt9JeWPKqN9LvWWH\" target=\"_blank\" rel=\"noopener noreferrer\"><img loading=\"lazy\" decoding=\"async\" class=\"aligncenter\" src=\"https:\/\/dhg1h5j42swfq.cloudfront.net\/2018\/08\/23154138\/desafioportugues-min.jpeg\" alt=\"portugues para o mpu\" width=\"461\" height=\"259\" \/><\/a><\/p>\n<p>Grande abra\u00e7o!<\/p>\n<p>D\u00e9cio Terror<\/p>\n","protected":false},"excerpt":{"rendered":"<p>Ol\u00e1, pessoal! Eu sou o professor D\u00e9cio Terror e venho aqui comentar a \u00faltima prova de\u00a0Portugu\u00eas de Analista do MPU\u00a0em complemento ao artigo anterior, em que comentei prova de\u00a0T\u00e9cnico, de forma que voc\u00ea possa ter uma no\u00e7\u00e3o ampla de cobran\u00e7a em seu concurso! O tempo est\u00e1 voando, n\u00e3o \u00e9!? Sua prova j\u00e1 est\u00e1 chegando! Por [&hellip;]<\/p>\n","protected":false},"author":214,"featured_media":0,"comment_status":"open","ping_status":"closed","sticky":false,"template":"","format":"standard","meta":{"post_tipo":"article","footnotes":""},"categories":[1],"tags":[17645,19627],"tax_estado":[],"class_list":["post-138702","post","type-post","status-publish","format-standard","hentry","category-cursos-e-concursos","tag-portugues-mpu","tag-questoes-portugues-mpu"],"acf":[],"yoast_head":"<!-- This site is optimized with the Yoast SEO Premium plugin v27.2 (Yoast SEO v27.2) - https:\/\/yoast.com\/product\/yoast-seo-premium-wordpress\/ -->\n<title>Portugu\u00eas para MPU. Confira os coment\u00e1rios da \u00faltima prova do cargo de Analista.<\/title>\n<meta name=\"robots\" content=\"index, follow, max-snippet:-1, max-image-preview:large, max-video-preview:-1\" \/>\n<link rel=\"canonical\" href=\"https:\/\/www.estrategiaconcursos.com.br\/blog\/portugues-para-mpu-confira-os-comentarios-da-ultima-prova-do-cargo-de-analista\/\" \/>\n<meta property=\"og:locale\" content=\"pt_BR\" \/>\n<meta property=\"og:type\" content=\"article\" \/>\n<meta property=\"og:title\" content=\"Portugu\u00eas para MPU. Confira os coment\u00e1rios da \u00faltima prova do cargo de Analista.\" \/>\n<meta property=\"og:description\" content=\"Ol\u00e1, pessoal! Eu sou o professor D\u00e9cio Terror e venho aqui comentar a \u00faltima prova de\u00a0Portugu\u00eas de Analista do MPU\u00a0em complemento ao artigo anterior, em que comentei prova de\u00a0T\u00e9cnico, de forma que voc\u00ea possa ter uma no\u00e7\u00e3o ampla de cobran\u00e7a em seu concurso! O tempo est\u00e1 voando, n\u00e3o \u00e9!? Sua prova j\u00e1 est\u00e1 chegando! Por [&hellip;]\" \/>\n<meta property=\"og:url\" content=\"https:\/\/www.estrategiaconcursos.com.br\/blog\/portugues-para-mpu-confira-os-comentarios-da-ultima-prova-do-cargo-de-analista\/\" \/>\n<meta property=\"og:site_name\" content=\"Estrat\u00e9gia Concursos\" \/>\n<meta property=\"article:published_time\" content=\"2018-09-02T10:55:35+00:00\" \/>\n<meta property=\"article:modified_time\" content=\"2019-09-18T16:36:56+00:00\" \/>\n<meta property=\"og:image\" content=\"https:\/\/www.estrategiaconcursos.com.br\/blog\/wp-content\/uploads\/2018\/08\/Clique-aqui.png\" \/>\n<meta name=\"author\" content=\"D\u00e9cio Terror Filho\" \/>\n<meta name=\"twitter:card\" content=\"summary_large_image\" \/>\n<meta name=\"twitter:creator\" content=\"@EstratConcursos\" \/>\n<meta name=\"twitter:site\" content=\"@EstratConcursos\" \/>\n<meta name=\"twitter:label1\" content=\"Escrito por\" \/>\n\t<meta name=\"twitter:data1\" content=\"D\u00e9cio Terror Filho\" \/>\n\t<meta name=\"twitter:label2\" content=\"Est. tempo de leitura\" \/>\n\t<meta name=\"twitter:data2\" content=\"14 minutos\" \/>\n<script type=\"application\/ld+json\" class=\"yoast-schema-graph\">{\"@context\":\"https:\/\/schema.org\",\"@graph\":[{\"@type\":\"NewsArticle\",\"@id\":\"https:\/\/www.estrategiaconcursos.com.br\/blog\/portugues-para-mpu-confira-os-comentarios-da-ultima-prova-do-cargo-de-analista\/#article\",\"isPartOf\":{\"@id\":\"https:\/\/www.estrategiaconcursos.com.br\/blog\/portugues-para-mpu-confira-os-comentarios-da-ultima-prova-do-cargo-de-analista\/\"},\"author\":{\"name\":\"D\u00e9cio Terror Filho\",\"@id\":\"https:\/\/www.estrategiaconcursos.com.br\/blog\/#\/schema\/person\/e8165364027a31208914fc77c3314727\"},\"headline\":\"Portugu\u00eas para MPU. Confira os coment\u00e1rios da \u00faltima prova do cargo de Analista.\",\"datePublished\":\"2018-09-02T10:55:35+00:00\",\"dateModified\":\"2019-09-18T16:36:56+00:00\",\"mainEntityOfPage\":{\"@id\":\"https:\/\/www.estrategiaconcursos.com.br\/blog\/portugues-para-mpu-confira-os-comentarios-da-ultima-prova-do-cargo-de-analista\/\"},\"wordCount\":2760,\"commentCount\":0,\"publisher\":{\"@id\":\"https:\/\/www.estrategiaconcursos.com.br\/blog\/#organization\"},\"image\":{\"@id\":\"https:\/\/www.estrategiaconcursos.com.br\/blog\/portugues-para-mpu-confira-os-comentarios-da-ultima-prova-do-cargo-de-analista\/#primaryimage\"},\"thumbnailUrl\":\"https:\/\/www.estrategiaconcursos.com.br\/blog\/wp-content\/uploads\/2018\/08\/Clique-aqui.png\",\"keywords\":[\"Portugu\u00eas MPU\",\"Quest\u00f5es Portugu\u00eas MPU\"],\"articleSection\":[\"Concursos P\u00fablicos\"],\"inLanguage\":\"pt-BR\",\"potentialAction\":[{\"@type\":\"CommentAction\",\"name\":\"Comment\",\"target\":[\"https:\/\/www.estrategiaconcursos.com.br\/blog\/portugues-para-mpu-confira-os-comentarios-da-ultima-prova-do-cargo-de-analista\/#respond\"]}],\"copyrightYear\":\"2018\",\"copyrightHolder\":{\"@id\":\"https:\/\/www.estrategiaconcursos.com.br\/blog\/#organization\"}},{\"@type\":\"WebPage\",\"@id\":\"https:\/\/www.estrategiaconcursos.com.br\/blog\/portugues-para-mpu-confira-os-comentarios-da-ultima-prova-do-cargo-de-analista\/\",\"url\":\"https:\/\/www.estrategiaconcursos.com.br\/blog\/portugues-para-mpu-confira-os-comentarios-da-ultima-prova-do-cargo-de-analista\/\",\"name\":\"Portugu\u00eas para MPU. Confira os coment\u00e1rios da \u00faltima prova do cargo de Analista.\",\"isPartOf\":{\"@id\":\"https:\/\/www.estrategiaconcursos.com.br\/blog\/#website\"},\"primaryImageOfPage\":{\"@id\":\"https:\/\/www.estrategiaconcursos.com.br\/blog\/portugues-para-mpu-confira-os-comentarios-da-ultima-prova-do-cargo-de-analista\/#primaryimage\"},\"image\":{\"@id\":\"https:\/\/www.estrategiaconcursos.com.br\/blog\/portugues-para-mpu-confira-os-comentarios-da-ultima-prova-do-cargo-de-analista\/#primaryimage\"},\"thumbnailUrl\":\"https:\/\/www.estrategiaconcursos.com.br\/blog\/wp-content\/uploads\/2018\/08\/Clique-aqui.png\",\"datePublished\":\"2018-09-02T10:55:35+00:00\",\"dateModified\":\"2019-09-18T16:36:56+00:00\",\"breadcrumb\":{\"@id\":\"https:\/\/www.estrategiaconcursos.com.br\/blog\/portugues-para-mpu-confira-os-comentarios-da-ultima-prova-do-cargo-de-analista\/#breadcrumb\"},\"inLanguage\":\"pt-BR\",\"potentialAction\":[{\"@type\":\"ReadAction\",\"target\":[\"https:\/\/www.estrategiaconcursos.com.br\/blog\/portugues-para-mpu-confira-os-comentarios-da-ultima-prova-do-cargo-de-analista\/\"]}]},{\"@type\":\"ImageObject\",\"inLanguage\":\"pt-BR\",\"@id\":\"https:\/\/www.estrategiaconcursos.com.br\/blog\/portugues-para-mpu-confira-os-comentarios-da-ultima-prova-do-cargo-de-analista\/#primaryimage\",\"url\":\"https:\/\/dhg1h5j42swfq.cloudfront.net\/2018\/08\/23145817\/Clique-aqui.png\",\"contentUrl\":\"https:\/\/dhg1h5j42swfq.cloudfront.net\/2018\/08\/23145817\/Clique-aqui.png\",\"width\":1143,\"height\":872},{\"@type\":\"BreadcrumbList\",\"@id\":\"https:\/\/www.estrategiaconcursos.com.br\/blog\/portugues-para-mpu-confira-os-comentarios-da-ultima-prova-do-cargo-de-analista\/#breadcrumb\",\"itemListElement\":[{\"@type\":\"ListItem\",\"position\":1,\"name\":\"In\u00edcio\",\"item\":\"https:\/\/www.estrategiaconcursos.com.br\/blog\/\"},{\"@type\":\"ListItem\",\"position\":2,\"name\":\"Portugu\u00eas para MPU. Confira os coment\u00e1rios da \u00faltima prova do cargo de Analista.\"}]},{\"@type\":\"WebSite\",\"@id\":\"https:\/\/www.estrategiaconcursos.com.br\/blog\/#website\",\"url\":\"https:\/\/www.estrategiaconcursos.com.br\/blog\/\",\"name\":\"Estrat\u00e9gia Concursos\",\"description\":\"O blog da Estrat\u00e9gia Concursos traz not\u00edcias sobre concursos e artigos de professores oferecendo cursos para concursos (pdf + videaulas) no site.\",\"publisher\":{\"@id\":\"https:\/\/www.estrategiaconcursos.com.br\/blog\/#organization\"},\"potentialAction\":[{\"@type\":\"SearchAction\",\"target\":{\"@type\":\"EntryPoint\",\"urlTemplate\":\"https:\/\/www.estrategiaconcursos.com.br\/blog\/?s={search_term_string}\"},\"query-input\":{\"@type\":\"PropertyValueSpecification\",\"valueRequired\":true,\"valueName\":\"search_term_string\"}}],\"inLanguage\":\"pt-BR\"},{\"@type\":\"Organization\",\"@id\":\"https:\/\/www.estrategiaconcursos.com.br\/blog\/#organization\",\"name\":\"Estrat\u00e9gia Concursos\",\"url\":\"https:\/\/www.estrategiaconcursos.com.br\/blog\/\",\"logo\":{\"@type\":\"ImageObject\",\"inLanguage\":\"pt-BR\",\"@id\":\"https:\/\/www.estrategiaconcursos.com.br\/blog\/#\/schema\/logo\/image\/\",\"url\":\"https:\/\/dhg1h5j42swfq.cloudfront.net\/2025\/06\/03203428\/logo_concursos-1.jpg\",\"contentUrl\":\"https:\/\/dhg1h5j42swfq.cloudfront.net\/2025\/06\/03203428\/logo_concursos-1.jpg\",\"width\":230,\"height\":60,\"caption\":\"Estrat\u00e9gia Concursos\"},\"image\":{\"@id\":\"https:\/\/www.estrategiaconcursos.com.br\/blog\/#\/schema\/logo\/image\/\"},\"sameAs\":[\"https:\/\/x.com\/EstratConcursos\"]},{\"@type\":\"Person\",\"@id\":\"https:\/\/www.estrategiaconcursos.com.br\/blog\/#\/schema\/person\/e8165364027a31208914fc77c3314727\",\"name\":\"D\u00e9cio Terror Filho\",\"image\":{\"@type\":\"ImageObject\",\"inLanguage\":\"pt-BR\",\"@id\":\"https:\/\/secure.gravatar.com\/avatar\/a5b78e734de7c6482e965926e78344deb81abbc34282a3c9536cbb1a59728a37?s=96&d=mm&r=g\",\"url\":\"https:\/\/secure.gravatar.com\/avatar\/a5b78e734de7c6482e965926e78344deb81abbc34282a3c9536cbb1a59728a37?s=96&d=mm&r=g\",\"contentUrl\":\"https:\/\/secure.gravatar.com\/avatar\/a5b78e734de7c6482e965926e78344deb81abbc34282a3c9536cbb1a59728a37?s=96&d=mm&r=g\",\"caption\":\"D\u00e9cio Terror Filho\"},\"url\":\"https:\/\/www.estrategiaconcursos.com.br\/blog\/author\/contatoterrorportugues-com-br\/\"}]}<\/script>\n<!-- \/ Yoast SEO Premium plugin. -->","yoast_head_json":{"title":"Portugu\u00eas para MPU. Confira os coment\u00e1rios da \u00faltima prova do cargo de Analista.","robots":{"index":"index","follow":"follow","max-snippet":"max-snippet:-1","max-image-preview":"max-image-preview:large","max-video-preview":"max-video-preview:-1"},"canonical":"https:\/\/www.estrategiaconcursos.com.br\/blog\/portugues-para-mpu-confira-os-comentarios-da-ultima-prova-do-cargo-de-analista\/","og_locale":"pt_BR","og_type":"article","og_title":"Portugu\u00eas para MPU. Confira os coment\u00e1rios da \u00faltima prova do cargo de Analista.","og_description":"Ol\u00e1, pessoal! Eu sou o professor D\u00e9cio Terror e venho aqui comentar a \u00faltima prova de\u00a0Portugu\u00eas de Analista do MPU\u00a0em complemento ao artigo anterior, em que comentei prova de\u00a0T\u00e9cnico, de forma que voc\u00ea possa ter uma no\u00e7\u00e3o ampla de cobran\u00e7a em seu concurso! O tempo est\u00e1 voando, n\u00e3o \u00e9!? Sua prova j\u00e1 est\u00e1 chegando! Por [&hellip;]","og_url":"https:\/\/www.estrategiaconcursos.com.br\/blog\/portugues-para-mpu-confira-os-comentarios-da-ultima-prova-do-cargo-de-analista\/","og_site_name":"Estrat\u00e9gia Concursos","article_published_time":"2018-09-02T10:55:35+00:00","article_modified_time":"2019-09-18T16:36:56+00:00","og_image":[{"url":"https:\/\/www.estrategiaconcursos.com.br\/blog\/wp-content\/uploads\/2018\/08\/Clique-aqui.png","type":"","width":"","height":""}],"author":"D\u00e9cio Terror Filho","twitter_card":"summary_large_image","twitter_creator":"@EstratConcursos","twitter_site":"@EstratConcursos","twitter_misc":{"Escrito por":"D\u00e9cio Terror Filho","Est. tempo de leitura":"14 minutos"},"schema":{"@context":"https:\/\/schema.org","@graph":[{"@type":"NewsArticle","@id":"https:\/\/www.estrategiaconcursos.com.br\/blog\/portugues-para-mpu-confira-os-comentarios-da-ultima-prova-do-cargo-de-analista\/#article","isPartOf":{"@id":"https:\/\/www.estrategiaconcursos.com.br\/blog\/portugues-para-mpu-confira-os-comentarios-da-ultima-prova-do-cargo-de-analista\/"},"author":{"name":"D\u00e9cio Terror Filho","@id":"https:\/\/www.estrategiaconcursos.com.br\/blog\/#\/schema\/person\/e8165364027a31208914fc77c3314727"},"headline":"Portugu\u00eas para MPU. Confira os coment\u00e1rios da \u00faltima prova do cargo de Analista.","datePublished":"2018-09-02T10:55:35+00:00","dateModified":"2019-09-18T16:36:56+00:00","mainEntityOfPage":{"@id":"https:\/\/www.estrategiaconcursos.com.br\/blog\/portugues-para-mpu-confira-os-comentarios-da-ultima-prova-do-cargo-de-analista\/"},"wordCount":2760,"commentCount":0,"publisher":{"@id":"https:\/\/www.estrategiaconcursos.com.br\/blog\/#organization"},"image":{"@id":"https:\/\/www.estrategiaconcursos.com.br\/blog\/portugues-para-mpu-confira-os-comentarios-da-ultima-prova-do-cargo-de-analista\/#primaryimage"},"thumbnailUrl":"https:\/\/www.estrategiaconcursos.com.br\/blog\/wp-content\/uploads\/2018\/08\/Clique-aqui.png","keywords":["Portugu\u00eas MPU","Quest\u00f5es Portugu\u00eas MPU"],"articleSection":["Concursos P\u00fablicos"],"inLanguage":"pt-BR","potentialAction":[{"@type":"CommentAction","name":"Comment","target":["https:\/\/www.estrategiaconcursos.com.br\/blog\/portugues-para-mpu-confira-os-comentarios-da-ultima-prova-do-cargo-de-analista\/#respond"]}],"copyrightYear":"2018","copyrightHolder":{"@id":"https:\/\/www.estrategiaconcursos.com.br\/blog\/#organization"}},{"@type":"WebPage","@id":"https:\/\/www.estrategiaconcursos.com.br\/blog\/portugues-para-mpu-confira-os-comentarios-da-ultima-prova-do-cargo-de-analista\/","url":"https:\/\/www.estrategiaconcursos.com.br\/blog\/portugues-para-mpu-confira-os-comentarios-da-ultima-prova-do-cargo-de-analista\/","name":"Portugu\u00eas para MPU. Confira os coment\u00e1rios da \u00faltima prova do cargo de Analista.","isPartOf":{"@id":"https:\/\/www.estrategiaconcursos.com.br\/blog\/#website"},"primaryImageOfPage":{"@id":"https:\/\/www.estrategiaconcursos.com.br\/blog\/portugues-para-mpu-confira-os-comentarios-da-ultima-prova-do-cargo-de-analista\/#primaryimage"},"image":{"@id":"https:\/\/www.estrategiaconcursos.com.br\/blog\/portugues-para-mpu-confira-os-comentarios-da-ultima-prova-do-cargo-de-analista\/#primaryimage"},"thumbnailUrl":"https:\/\/www.estrategiaconcursos.com.br\/blog\/wp-content\/uploads\/2018\/08\/Clique-aqui.png","datePublished":"2018-09-02T10:55:35+00:00","dateModified":"2019-09-18T16:36:56+00:00","breadcrumb":{"@id":"https:\/\/www.estrategiaconcursos.com.br\/blog\/portugues-para-mpu-confira-os-comentarios-da-ultima-prova-do-cargo-de-analista\/#breadcrumb"},"inLanguage":"pt-BR","potentialAction":[{"@type":"ReadAction","target":["https:\/\/www.estrategiaconcursos.com.br\/blog\/portugues-para-mpu-confira-os-comentarios-da-ultima-prova-do-cargo-de-analista\/"]}]},{"@type":"ImageObject","inLanguage":"pt-BR","@id":"https:\/\/www.estrategiaconcursos.com.br\/blog\/portugues-para-mpu-confira-os-comentarios-da-ultima-prova-do-cargo-de-analista\/#primaryimage","url":"https:\/\/dhg1h5j42swfq.cloudfront.net\/2018\/08\/23145817\/Clique-aqui.png","contentUrl":"https:\/\/dhg1h5j42swfq.cloudfront.net\/2018\/08\/23145817\/Clique-aqui.png","width":1143,"height":872},{"@type":"BreadcrumbList","@id":"https:\/\/www.estrategiaconcursos.com.br\/blog\/portugues-para-mpu-confira-os-comentarios-da-ultima-prova-do-cargo-de-analista\/#breadcrumb","itemListElement":[{"@type":"ListItem","position":1,"name":"In\u00edcio","item":"https:\/\/www.estrategiaconcursos.com.br\/blog\/"},{"@type":"ListItem","position":2,"name":"Portugu\u00eas para MPU. Confira os coment\u00e1rios da \u00faltima prova do cargo de Analista."}]},{"@type":"WebSite","@id":"https:\/\/www.estrategiaconcursos.com.br\/blog\/#website","url":"https:\/\/www.estrategiaconcursos.com.br\/blog\/","name":"Estrat\u00e9gia Concursos","description":"O blog da Estrat\u00e9gia Concursos traz not\u00edcias sobre concursos e artigos de professores oferecendo cursos para concursos (pdf + videaulas) no site.","publisher":{"@id":"https:\/\/www.estrategiaconcursos.com.br\/blog\/#organization"},"potentialAction":[{"@type":"SearchAction","target":{"@type":"EntryPoint","urlTemplate":"https:\/\/www.estrategiaconcursos.com.br\/blog\/?s={search_term_string}"},"query-input":{"@type":"PropertyValueSpecification","valueRequired":true,"valueName":"search_term_string"}}],"inLanguage":"pt-BR"},{"@type":"Organization","@id":"https:\/\/www.estrategiaconcursos.com.br\/blog\/#organization","name":"Estrat\u00e9gia Concursos","url":"https:\/\/www.estrategiaconcursos.com.br\/blog\/","logo":{"@type":"ImageObject","inLanguage":"pt-BR","@id":"https:\/\/www.estrategiaconcursos.com.br\/blog\/#\/schema\/logo\/image\/","url":"https:\/\/dhg1h5j42swfq.cloudfront.net\/2025\/06\/03203428\/logo_concursos-1.jpg","contentUrl":"https:\/\/dhg1h5j42swfq.cloudfront.net\/2025\/06\/03203428\/logo_concursos-1.jpg","width":230,"height":60,"caption":"Estrat\u00e9gia Concursos"},"image":{"@id":"https:\/\/www.estrategiaconcursos.com.br\/blog\/#\/schema\/logo\/image\/"},"sameAs":["https:\/\/x.com\/EstratConcursos"]},{"@type":"Person","@id":"https:\/\/www.estrategiaconcursos.com.br\/blog\/#\/schema\/person\/e8165364027a31208914fc77c3314727","name":"D\u00e9cio Terror Filho","image":{"@type":"ImageObject","inLanguage":"pt-BR","@id":"https:\/\/secure.gravatar.com\/avatar\/a5b78e734de7c6482e965926e78344deb81abbc34282a3c9536cbb1a59728a37?s=96&d=mm&r=g","url":"https:\/\/secure.gravatar.com\/avatar\/a5b78e734de7c6482e965926e78344deb81abbc34282a3c9536cbb1a59728a37?s=96&d=mm&r=g","contentUrl":"https:\/\/secure.gravatar.com\/avatar\/a5b78e734de7c6482e965926e78344deb81abbc34282a3c9536cbb1a59728a37?s=96&d=mm&r=g","caption":"D\u00e9cio Terror Filho"},"url":"https:\/\/www.estrategiaconcursos.com.br\/blog\/author\/contatoterrorportugues-com-br\/"}]}},"_links":{"self":[{"href":"https:\/\/www.estrategiaconcursos.com.br\/blog\/wp-json\/wp\/v2\/posts\/138702","targetHints":{"allow":["GET"]}}],"collection":[{"href":"https:\/\/www.estrategiaconcursos.com.br\/blog\/wp-json\/wp\/v2\/posts"}],"about":[{"href":"https:\/\/www.estrategiaconcursos.com.br\/blog\/wp-json\/wp\/v2\/types\/post"}],"author":[{"embeddable":true,"href":"https:\/\/www.estrategiaconcursos.com.br\/blog\/wp-json\/wp\/v2\/users\/214"}],"replies":[{"embeddable":true,"href":"https:\/\/www.estrategiaconcursos.com.br\/blog\/wp-json\/wp\/v2\/comments?post=138702"}],"version-history":[{"count":8,"href":"https:\/\/www.estrategiaconcursos.com.br\/blog\/wp-json\/wp\/v2\/posts\/138702\/revisions"}],"predecessor-version":[{"id":421321,"href":"https:\/\/www.estrategiaconcursos.com.br\/blog\/wp-json\/wp\/v2\/posts\/138702\/revisions\/421321"}],"wp:attachment":[{"href":"https:\/\/www.estrategiaconcursos.com.br\/blog\/wp-json\/wp\/v2\/media?parent=138702"}],"wp:term":[{"taxonomy":"category","embeddable":true,"href":"https:\/\/www.estrategiaconcursos.com.br\/blog\/wp-json\/wp\/v2\/categories?post=138702"},{"taxonomy":"post_tag","embeddable":true,"href":"https:\/\/www.estrategiaconcursos.com.br\/blog\/wp-json\/wp\/v2\/tags?post=138702"},{"taxonomy":"tax_estado","embeddable":true,"href":"https:\/\/www.estrategiaconcursos.com.br\/blog\/wp-json\/wp\/v2\/tax_estado?post=138702"}],"curies":[{"name":"wp","href":"https:\/\/api.w.org\/{rel}","templated":true}]}}