{"id":1386911,"date":"2024-05-20T11:00:00","date_gmt":"2024-05-20T14:00:00","guid":{"rendered":"https:\/\/www.estrategiaconcursos.com.br\/blog\/?p=1386911"},"modified":"2024-05-13T20:45:48","modified_gmt":"2024-05-13T23:45:48","slug":"resumo-organizacao-administrativa","status":"publish","type":"post","link":"https:\/\/www.estrategiaconcursos.com.br\/blog\/resumo-organizacao-administrativa\/","title":{"rendered":"Resumo de Organiza\u00e7\u00e3o Administrativa para o TRF 2"},"content":{"rendered":"\n<p>No artigo de hoje vamos fazer um Resumo de Organiza\u00e7\u00e3o Administrativa para o TRF 2.<\/p>\n\n\n\n<figure class=\"wp-block-gallery has-nested-images columns-default is-cropped wp-block-gallery-1 is-layout-flex wp-block-gallery-is-layout-flex\">\n<figure class=\"wp-block-image size-large\"><img loading=\"lazy\" decoding=\"async\" width=\"1024\" height=\"683\" data-id=\"1243908\" src=\"https:\/\/dhg1h5j42swfq.cloudfront.net\/2023\/07\/05163003\/tecnico-e-analista-judiciario-concurso-trf3-1024x683.jpg\" alt=\"Resumo de Organiza\u00e7\u00e3o Administrativa para o TRF 2\" class=\"wp-image-1243908\" srcset=\"https:\/\/dhg1h5j42swfq.cloudfront.net\/2023\/07\/05163003\/tecnico-e-analista-judiciario-concurso-trf3-1024x683.jpg 1024w, https:\/\/dhg1h5j42swfq.cloudfront.net\/2023\/07\/05163003\/tecnico-e-analista-judiciario-concurso-trf3-300x200.jpg 300w, https:\/\/dhg1h5j42swfq.cloudfront.net\/2023\/07\/05163003\/tecnico-e-analista-judiciario-concurso-trf3-768x512.jpg 768w, https:\/\/dhg1h5j42swfq.cloudfront.net\/2023\/07\/05163003\/tecnico-e-analista-judiciario-concurso-trf3-610x407.jpg 610w, https:\/\/dhg1h5j42swfq.cloudfront.net\/2023\/07\/05163003\/tecnico-e-analista-judiciario-concurso-trf3-150x100.jpg 150w, https:\/\/dhg1h5j42swfq.cloudfront.net\/2023\/07\/05163003\/tecnico-e-analista-judiciario-concurso-trf3.jpg 1280w\" sizes=\"auto, (max-width: 1024px) 100vw, 1024px\" \/><figcaption class=\"wp-element-caption\">Resumo de Organiza\u00e7\u00e3o Administrativa para o TRF 2<\/figcaption><\/figure>\n<\/figure>\n\n\n\n<h2 class=\"wp-block-heading\" id=\"h-resumo-de-organizacao-administrativa-para-o-trf-2\">Resumo de Organiza\u00e7\u00e3o Administrativa para o TRF 2<\/h2>\n\n\n\n<p>Est\u00e1 publicado o novo edital de concurso p\u00fablico do Tribunal Regional Federal da 2\u00aa Regi\u00e3o.<\/p>\n\n\n\n<p>O TRF 2 abrange os estados do Rio de Janeiro e Esp\u00edrito Santo. Esse certame est\u00e1 oferecendo vagas para os cargos de&nbsp;<strong>Analista e T\u00e9cnico Judici\u00e1rio<\/strong>. Vale ressaltar que tais cargos s\u00e3o de N\u00edvel Superior de escolaridade, com sal\u00e1rio inicial de at\u00e9&nbsp;<strong>R$ R$ 13.994,78<\/strong>.<\/p>\n\n\n\n<p>Nesse sentido, uma das mat\u00e9rias exigidas neste certame \u00e9 Direito Administrativo, dentro dessa disciplina um t\u00f3pico extremamente importante \u00e9 sobre a Organiza\u00e7\u00e3o Administrativa. Pensando nisso, hoje vamos tratar desse t\u00f3pico elencado no seu edital.<\/p>\n\n\n\n<h4 class=\"wp-block-heading\" id=\"h-organizacao-administrativa-resumo-de-organizacao-administrativa-para-o-trf-2\"><strong>Organiza\u00e7\u00e3o Administrativa<\/strong> &#8211; Resumo de Organiza\u00e7\u00e3o Administrativa para o TRF 2<\/h4>\n\n\n\n<p>Antes de tudo, \u00e9 importante ter em mente que a organiza\u00e7\u00e3o do Estado \u00e9 mat\u00e9ria de ordem constitucional, tratando da divis\u00e3o pol\u00edtica do territ\u00f3rio nacional, da estrutura\u00e7\u00e3o dos Poderes, da forma de Governo, do modo de investidura dos governantes e dos direitos e garantias fundamentais.<\/p>\n\n\n\n<p>Desse modo, para o Direito Administrativo, por outro lado, estuda-se a organiza\u00e7\u00e3o administrativa, mat\u00e9ria que trata da organiza\u00e7\u00e3o das entidades estatais, das suas autarquias e das empresas estatais.<\/p>\n\n\n\n<p>Assim, a organiza\u00e7\u00e3o administrativa \u00e9 a estrutura\u00e7\u00e3o do Estado para o exerc\u00edcio de suas fun\u00e7\u00f5es administrativas. Ela compreende a divis\u00e3o de compet\u00eancias, a distribui\u00e7\u00e3o de \u00f3rg\u00e3os e entidades, bem como as rela\u00e7\u00f5es entre eles.<\/p>\n\n\n\n<p>Inclusive, a atua\u00e7\u00e3o da Administra\u00e7\u00e3o e do Governo acontece atrav\u00e9s de suas entidades. A Lei 9.784\/1999 conceitua a entidade como \u201ca unidade de atua\u00e7\u00e3o dotada de personalidade jur\u00eddica\u201d (art. 1\u00ba, \u00a7 2\u00ba, II). <\/p>\n\n\n\n<p>Sendo assim, possuir personalidade jur\u00eddica significa que o ente pode, em nome pr\u00f3prio, adquirir direitos e contrair obriga\u00e7\u00f5es.<\/p>\n\n\n\n<p>Isto posto, as entidades s\u00e3o unidades de atua\u00e7\u00e3o que possuem personalidade jur\u00eddica e, portanto, podem<br \/>adquirir direitos e contrair obriga\u00e7\u00f5es em seu pr\u00f3prio nome.<\/p>\n\n\n\n<h3 class=\"wp-block-heading\" id=\"h-orgaos-publicos\">\u00d3rg\u00e3os P\u00fablicos<\/h3>\n\n\n\n<p>De acordo com Hely Lopes Meirelles, os \u00f3rg\u00e3os p\u00fablicos s\u00e3o <em><strong>\u201ccentros de compet\u00eancias institu\u00eddos para o<br \/>desempenho de fun\u00e7\u00f5es estatais, atrav\u00e9s de seus agentes, cuja atua\u00e7\u00e3o \u00e9 imputada \u00e0 pessoa jur\u00eddica\u201d.<\/strong><\/em><\/p>\n\n\n\n<p>Al\u00e9m disso, nesse sentido, Maria Sylvia Zanella Di Pietro conceitua \u00f3rg\u00e3o p\u00fablico como<em><strong> \u201cuma unidade que congrega atribui\u00e7\u00f5es exercidas pelos agentes p\u00fablicos que o integram com o objetivo de expressar a vontade do Estado\u201d<\/strong><\/em>.<\/p>\n\n\n\n<p>Nesse contexto, os \u00f3rg\u00e3os s\u00e3o centros de compet\u00eancias, sem personalidade jur\u00eddica pr\u00f3pria, que atuam, atrav\u00e9s dos agentes nele lotados, em nome da entidade pol\u00edtica ou administrativa que a integram. <\/p>\n\n\n\n<p>Assim, conv\u00e9m destacar que os \u00f3rg\u00e3os n\u00e3o possuem personalidade jur\u00eddica, j\u00e1 que fazem parte de uma<br \/>pessoa pol\u00edtica ou administrativa, essas, por sua vez, s\u00e3o possuidoras de personalidade jur\u00eddica pr\u00f3pria.<\/p>\n\n\n\n<h4 class=\"wp-block-heading\" id=\"h-administracao-direta-resumo-de-organizacao-administrativa-para-o-trf-2\"><strong>Administra\u00e7\u00e3o Direta<\/strong> &#8211; Resumo de Organiza\u00e7\u00e3o Administrativa para o TRF 2<\/h4>\n\n\n\n<p>A Administra\u00e7\u00e3o Direta \u00e9 formada por um conjunto de \u00f3rg\u00e3os que integram as pessoas pol\u00edticas ou federativas (Uni\u00e3o, Estados, DF e munic\u00edpios).  <\/p>\n\n\n\n<p>Sendo assim, administra\u00e7\u00e3o direta consiste nos \u00f3rg\u00e3os que integram a estrutura pol\u00edtica do Estado, ou seja, s\u00e3o aqueles que est\u00e3o diretamente subordinados aos poderes estatais, como o Executivo, Legislativo e Judici\u00e1rio. <\/p>\n\n\n\n<p>S\u00e3o exemplos de \u00f3rg\u00e3os da administra\u00e7\u00e3o direta: minist\u00e9rios, secretarias estaduais, secretarias municipais, entre outros. Eles s\u00e3o respons\u00e1veis por executar as pol\u00edticas p\u00fablicas estabelecidas pelos poderes constitu\u00eddos.<\/p>\n\n\n\n<h4 class=\"wp-block-heading\" id=\"h-administracao-indireta-resumo-de-organizacao-administrativa-para-o-trf-2\"><strong>Administra\u00e7\u00e3o Indireta<\/strong> &#8211; Resumo de Organiza\u00e7\u00e3o Administrativa para o TRF 2<\/h4>\n\n\n\n<p>A Administra\u00e7\u00e3o P\u00fablica Indireta \u00e9 formada pelas entidades administrativas, as quais possuem personalidade jur\u00eddica pr\u00f3pria e s\u00e3o respons\u00e1veis por executar atividades administrativas de forma descentralizada. <\/p>\n\n\n\n<p>Nesse sentido, a administra\u00e7\u00e3o indireta refere-se aos entes que, embora exer\u00e7am atividades de interesse p\u00fablico, possuem personalidade jur\u00eddica pr\u00f3pria e autonomia administrativa. No entanto, os membros da Administra\u00e7\u00e3o Indireta n\u00e3o possuem autonomia pol\u00edtica e est\u00e3o vinculados \u00e0 Administra\u00e7\u00e3o Direta.<\/p>\n\n\n\n<p>Fazem parte da Administra\u00e7\u00e3o Indireta: as autarquias, funda\u00e7\u00f5es, empresas p\u00fablicas e sociedades de economia mista.<\/p>\n\n\n\n<ul class=\"wp-block-list\">\n<li><strong>Autarquias<\/strong>: S\u00e3o <strong>entidades criadas por lei espec\u00edfica para a realiza\u00e7\u00e3o de atividades t\u00edpicas do Estado, por\u00e9m com autonomia administrativa e financeira.<\/strong> Exemplos incluem institui\u00e7\u00f5es como universidades p\u00fablicas, ag\u00eancias reguladoras, entre outras.<\/li>\n<\/ul>\n\n\n\n<p>Isto posto, Celso Ant\u00f4nio Bandeira de Mello conceitua a autarquia como <em>\u201cpessoas jur\u00eddicas de Direito P\u00fablico de capacidade exclusivamente administrativa\u201d. <\/em><\/p>\n\n\n\n<p>Por sua vez, para Jos\u00e9 dos Santos Carvalho Filho, pode-se definir autarquia como a <em>\u201cpessoa jur\u00eddica de direito p\u00fablico, integrante da Administra\u00e7\u00e3o Indireta, criada por lei para desempenhar fun\u00e7\u00f5es que, despidas de car\u00e1ter econ\u00f4mico, sejam pr\u00f3prias e t\u00edpicas do Estado\u201d.<\/em><\/p>\n\n\n\n<ul class=\"wp-block-list\">\n<li><strong>Funda\u00e7\u00f5es<\/strong>: S\u00e3o entidades de direito privado, sem fins lucrativos, criadas por lei para desempenhar atividades de interesse p\u00fablico, como assist\u00eancia social, educa\u00e7\u00e3o, cultura, entre outras.<\/li>\n<\/ul>\n\n\n\n<p>Nesse sentido, as funda\u00e7\u00f5es surgiram no meio privado, em que s\u00e3o definidas como a personifica\u00e7\u00e3o de um patrim\u00f4nio ao qual \u00e9 atribu\u00edda uma finalidade social n\u00e3o lucrativa. <\/p>\n\n\n\n<p>Dessarte, as funda\u00e7\u00f5es s\u00e3o conhecidas por ser um patrim\u00f4nio personalizado destinado a realizar atividades de interesse social, como educa\u00e7\u00e3o, pesquisa cient\u00edfica, cultura, sa\u00fade, entre outros.<\/p>\n\n\n\n<h2 class=\"wp-block-heading\" id=\"h-empresas-publicas-e-sociedades-de-economia-mista-resumo-de-organizacao-administrativa-para-o-trf-2\">Empresas P\u00fablicas e Sociedades de Economia Mista &#8211; Resumo de Organiza\u00e7\u00e3o Administrativa para o TRF 2<\/h2>\n\n\n\n<p>As estatais s\u00e3o divididas em empresas p\u00fablicas e sociedades de economia mista. Assim sendo, essas duas s\u00e3o entidades administrativas, que fazem parte da administra\u00e7\u00e3o indireta, <strong>possuem personalidade jur\u00eddica de direito privado, t\u00eam sua cria\u00e7\u00e3o autorizada em lei e podem ser criadas para explorar atividade econ\u00f4mica ou prestar servi\u00e7os p\u00fablicos<\/strong>.<\/p>\n\n\n\n<p>Caracter\u00edsticas comuns entre elas:<\/p>\n\n\n\n<ul class=\"wp-block-list\">\n<li>Cria\u00e7\u00e3o autorizada por lei;<\/li>\n\n\n\n<li>Possuem personalidade jur\u00eddica de direito privado;<\/li>\n\n\n\n<li>Tem regime misto (regras de direito p\u00fablico e de direito privado); <\/li>\n\n\n\n<li>Atividades exercidas: explora\u00e7\u00e3o de atividade econ\u00f4mica ou presta\u00e7\u00e3o de servi\u00e7os p\u00fablicos.<\/li>\n<\/ul>\n\n\n\n<p>Por sua vez, as diferen\u00e7as existentes entre as empresas p\u00fablicas e as sociedades de economia mista resumem-se em tr\u00eas:<\/p>\n\n\n\n<ul class=\"wp-block-list\">\n<li>Forma jur\u00eddica;<\/li>\n\n\n\n<li>Composi\u00e7\u00e3o do capital; e<\/li>\n\n\n\n<li>Foro processual (somente para as entidades federais).<\/li>\n<\/ul>\n\n\n\n<h4 class=\"wp-block-heading\" id=\"h-empresas-publicas\">Empresas P\u00fablicas<\/h4>\n\n\n\n<ul class=\"wp-block-list\">\n<li><strong>Empresas P\u00fablicas<\/strong>: S\u00e3o pessoas jur\u00eddicas de direito privado, criadas por autoriza\u00e7\u00e3o legislativa, com o objetivo de prestar servi\u00e7os p\u00fablicos ou explorar atividades econ\u00f4micas de relevante interesse coletivo. Assim, elas t\u00eam autonomia administrativa e patrim\u00f4nio pr\u00f3prio, mas o Estado det\u00e9m a maioria do seu capital social.<\/li>\n<\/ul>\n\n\n\n<p>As empresas p\u00fablicas podem ser formadas sob qualquer forma admitida em direito. <\/p>\n\n\n\n<h4 class=\"wp-block-heading\" id=\"h-sociedade-de-economia-mista\">Sociedade de Economia Mista<\/h4>\n\n\n\n<ul class=\"wp-block-list\">\n<li><strong>Sociedades de Economia Mista<\/strong>: S\u00e3o empresas que resultam da associa\u00e7\u00e3o entre o poder p\u00fablico e o setor privado, com o intuito de explorar atividades econ\u00f4micas ou prestar servi\u00e7os p\u00fablicos. Assim, o Estado det\u00e9m parte do capital social, mas a gest\u00e3o pode ser compartilhada com o setor privado.<\/li>\n<\/ul>\n\n\n\n<p>Al\u00e9m disso, as sociedades de economia mista devem, obrigatoriamente, ter a forma de sociedade an\u00f4nima (S\/A), de acordo com o que determina o art. 5\u00ba da Lei 13.303\/2016.<\/p>\n\n\n\n<p>Sendo assim, conv\u00e9m ressaltar que as sociedades de economia mista admitem a participa\u00e7\u00e3o de capital p\u00fablico e de capital privado, enquanto as empresas p\u00fablicas s\u00f3 admitem capital p\u00fablico.<\/p>\n\n\n\n<p>De acordo com o texto constitucional, as causas em que empresa p\u00fablica federal for interessada na condi\u00e7\u00e3o de autora, r\u00e9, assistente ou oponente ser\u00e3o processadas e julgadas na Justi\u00e7a Federal. Por sua vez, quando se tratar de empresa p\u00fablica dos estados ou munic\u00edpios, a compet\u00eancia ser\u00e1 da Justi\u00e7a Estadual. <\/p>\n\n\n\n<p>Por seu turno, as a\u00e7\u00f5es das sociedades de economia mista (de qualquer ente da Federa\u00e7\u00e3o), em regra,<br \/>ser\u00e3o julgadas na Justi\u00e7a Estadual (comum), de acordo com o que disp\u00f5e a S\u00famula 556 do STF: \u201c\u00c9 competente a Justi\u00e7a comum para julgar as causas em que \u00e9 parte sociedade de economia mista\u201d.<\/p>\n\n\n\n<p>Isto posto, essa divis\u00e3o entre administra\u00e7\u00e3o direta e indireta permite uma maior efici\u00eancia na presta\u00e7\u00e3o dos servi\u00e7os p\u00fablicos, ao mesmo tempo em que busca garantir o controle estatal sobre as atividades de interesse p\u00fablico.<\/p>\n\n\n\n<p>Espero que voc\u00ea tenha gostado do nosso artigo de hoje sobre o Resumo da Organiza\u00e7\u00e3o Administrativa para o TRF 2!<\/p>\n\n\n\n<p>Bom Estudo!<\/p>\n\n\n\n<p>Elizabeth Menezes <\/p>\n\n\n\n<p>@prof.elizabethmenezes<\/p>\n\n\n\n<p><a href=\"https:\/\/www.planalto.gov.br\/ccivil_03\/constituicao\/constituicao.htm\">https:\/\/www.planalto.gov.br\/ccivil_03\/constituicao\/constituicao.htm<\/a><\/p>\n\n\n<figure class=\"wp-block-embed-youtube wp-block-embed is-type-video is-provider-youtube wp-embed-aspect-16-9 wp-has-aspect-ratio\"><div class=\"lyte-wrapper\" style=\"width:853px;max-width:100%;margin:5px;\"><div class=\"lyMe\" id=\"WYL_nl8pD1wvew0\"><div id=\"lyte_nl8pD1wvew0\" data-src=\"\/\/i.ytimg.com\/vi\/nl8pD1wvew0\/hqdefault.jpg\" class=\"pL\"><div class=\"tC\"><div class=\"tT\"><\/div><\/div><div class=\"play\"><\/div><div class=\"ctrl\"><div class=\"Lctrl\"><\/div><div class=\"Rctrl\"><\/div><\/div><\/div><noscript><a href=\"https:\/\/youtu.be\/nl8pD1wvew0\" rel=\"nofollow\"><img loading=\"lazy\" decoding=\"async\" src=\"https:\/\/i.ytimg.com\/vi\/nl8pD1wvew0\/0.jpg\" alt=\"YouTube video thumbnail\" width=\"853\" height=\"460\" \/><br \/>Assista a este v\u00eddeo no YouTube<\/a><\/noscript><\/div><\/div><div class=\"lL\" style=\"max-width:100%;width:853px;margin:5px;\"><\/div><figcaption><a href=\"https:\/\/www.youtube.com\/watch?v=nl8pD1wvew0\">https:\/\/www.youtube.com\/watch?v=nl8pD1wvew0<\/a><\/figcaption><\/figure>\n\n\n<h2 class=\"wp-block-heading has-text-align-center\" id=\"h-cursos-e-assinaturas\">Cursos e Assinaturas <\/h2>\n\n\n\n<p>Prepare-se com o melhor material e com quem mais aprova em Concursos P\u00fablicos em todo o pa\u00eds!<\/p>\n\n\n\n<p class=\"has-text-align-center has-white-color has-cyan-bluish-gray-background-color has-text-color has-background\"><a href=\"https:\/\/www.estrategiaconcursos.com.br\/blog\/concursos-abertos\/\" target=\"_blank\" rel=\"noreferrer noopener\"><strong>Concursos abertos<\/strong><\/a><\/p>\n\n\n\n<p class=\"has-text-align-center has-white-color has-cyan-bluish-gray-background-color has-text-color has-background\"><strong><a href=\"https:\/\/www.estrategiaconcursos.com.br\/blog\/concursos-2024\/\">Concursos 2024<\/a><\/strong><\/p>\n","protected":false},"excerpt":{"rendered":"<p>No artigo de hoje vamos fazer um Resumo de Organiza\u00e7\u00e3o Administrativa para o TRF 2. Resumo de Organiza\u00e7\u00e3o Administrativa para o TRF 2 Est\u00e1 publicado o novo edital de concurso p\u00fablico do Tribunal Regional Federal da 2\u00aa Regi\u00e3o. O TRF 2 abrange os estados do Rio de Janeiro e Esp\u00edrito Santo. Esse certame est\u00e1 oferecendo [&hellip;]<\/p>\n","protected":false},"author":2277,"featured_media":1288069,"comment_status":"open","ping_status":"closed","sticky":false,"template":"","format":"standard","meta":{"post_tipo":"article","footnotes":""},"categories":[1984],"tags":[],"tax_estado":[219963,219982],"class_list":["post-1386911","post","type-post","status-publish","format-standard","has-post-thumbnail","hentry","category-tribunais","tax_estado-concursos-federais","tax_estado-rj"],"acf":[],"yoast_head":"<!-- This site is optimized with the Yoast SEO Premium plugin v27.2 (Yoast SEO v27.2) - https:\/\/yoast.com\/product\/yoast-seo-premium-wordpress\/ -->\n<title>Resumo de Organiza\u00e7\u00e3o Administrativa para o TRF 2<\/title>\n<meta name=\"description\" content=\"Resumo de Organiza\u00e7\u00e3o Administrativa para o TRF 2. Saiba os principais pontos de Organiza\u00e7\u00e3o Administrativa para o TRF 2\" \/>\n<meta name=\"robots\" content=\"index, follow, max-snippet:-1, max-image-preview:large, max-video-preview:-1\" \/>\n<link rel=\"canonical\" href=\"https:\/\/www.estrategiaconcursos.com.br\/blog\/resumo-organizacao-administrativa\/\" \/>\n<meta property=\"og:locale\" content=\"pt_BR\" \/>\n<meta property=\"og:type\" content=\"article\" \/>\n<meta property=\"og:title\" content=\"Resumo de Organiza\u00e7\u00e3o Administrativa para o TRF 2\" \/>\n<meta property=\"og:description\" content=\"Resumo de Organiza\u00e7\u00e3o Administrativa para o TRF 2. Saiba os principais pontos de Organiza\u00e7\u00e3o Administrativa para o TRF 2\" \/>\n<meta property=\"og:url\" content=\"https:\/\/www.estrategiaconcursos.com.br\/blog\/resumo-organizacao-administrativa\/\" \/>\n<meta property=\"og:site_name\" content=\"Estrat\u00e9gia Concursos\" \/>\n<meta property=\"article:published_time\" content=\"2024-05-20T14:00:00+00:00\" \/>\n<meta property=\"og:image\" content=\"https:\/\/dhg1h5j42swfq.cloudfront.net\/2023\/10\/04194944\/estudoquestoes-1-scaled.jpg\" \/>\n\t<meta property=\"og:image:width\" content=\"1707\" \/>\n\t<meta property=\"og:image:height\" content=\"2560\" \/>\n\t<meta property=\"og:image:type\" content=\"image\/jpeg\" \/>\n<meta name=\"author\" content=\"Elizabeth Menezes de Pinho Alves\" \/>\n<meta name=\"twitter:card\" content=\"summary_large_image\" \/>\n<meta name=\"twitter:creator\" content=\"@EstratConcursos\" \/>\n<meta name=\"twitter:site\" content=\"@EstratConcursos\" \/>\n<meta name=\"twitter:label1\" content=\"Escrito por\" \/>\n\t<meta name=\"twitter:data1\" content=\"Elizabeth Menezes de Pinho Alves\" \/>\n\t<meta name=\"twitter:label2\" content=\"Est. tempo de leitura\" \/>\n\t<meta name=\"twitter:data2\" content=\"8 minutos\" \/>\n<script type=\"application\/ld+json\" class=\"yoast-schema-graph\">{\"@context\":\"https:\/\/schema.org\",\"@graph\":[{\"@type\":\"NewsArticle\",\"@id\":\"https:\/\/www.estrategiaconcursos.com.br\/blog\/resumo-organizacao-administrativa\/#article\",\"isPartOf\":{\"@id\":\"https:\/\/www.estrategiaconcursos.com.br\/blog\/resumo-organizacao-administrativa\/\"},\"author\":{\"name\":\"Elizabeth Menezes de Pinho Alves\",\"@id\":\"https:\/\/www.estrategiaconcursos.com.br\/blog\/#\/schema\/person\/bfec43f50192a82d88e5972aa7203562\"},\"headline\":\"Resumo de Organiza\u00e7\u00e3o Administrativa para o TRF 2\",\"datePublished\":\"2024-05-20T14:00:00+00:00\",\"mainEntityOfPage\":{\"@id\":\"https:\/\/www.estrategiaconcursos.com.br\/blog\/resumo-organizacao-administrativa\/\"},\"wordCount\":1515,\"commentCount\":0,\"publisher\":{\"@id\":\"https:\/\/www.estrategiaconcursos.com.br\/blog\/#organization\"},\"image\":{\"@id\":\"https:\/\/www.estrategiaconcursos.com.br\/blog\/resumo-organizacao-administrativa\/#primaryimage\"},\"thumbnailUrl\":\"https:\/\/dhg1h5j42swfq.cloudfront.net\/2023\/10\/04194944\/estudoquestoes-1-scaled.jpg\",\"articleSection\":[\"Tribunais\"],\"inLanguage\":\"pt-BR\",\"potentialAction\":[{\"@type\":\"CommentAction\",\"name\":\"Comment\",\"target\":[\"https:\/\/www.estrategiaconcursos.com.br\/blog\/resumo-organizacao-administrativa\/#respond\"]}],\"copyrightYear\":\"2024\",\"copyrightHolder\":{\"@id\":\"https:\/\/www.estrategiaconcursos.com.br\/blog\/#organization\"}},{\"@type\":\"WebPage\",\"@id\":\"https:\/\/www.estrategiaconcursos.com.br\/blog\/resumo-organizacao-administrativa\/\",\"url\":\"https:\/\/www.estrategiaconcursos.com.br\/blog\/resumo-organizacao-administrativa\/\",\"name\":\"Resumo de Organiza\u00e7\u00e3o Administrativa para o TRF 2\",\"isPartOf\":{\"@id\":\"https:\/\/www.estrategiaconcursos.com.br\/blog\/#website\"},\"primaryImageOfPage\":{\"@id\":\"https:\/\/www.estrategiaconcursos.com.br\/blog\/resumo-organizacao-administrativa\/#primaryimage\"},\"image\":{\"@id\":\"https:\/\/www.estrategiaconcursos.com.br\/blog\/resumo-organizacao-administrativa\/#primaryimage\"},\"thumbnailUrl\":\"https:\/\/dhg1h5j42swfq.cloudfront.net\/2023\/10\/04194944\/estudoquestoes-1-scaled.jpg\",\"datePublished\":\"2024-05-20T14:00:00+00:00\",\"description\":\"Resumo de Organiza\u00e7\u00e3o Administrativa para o TRF 2. Saiba os principais pontos de Organiza\u00e7\u00e3o Administrativa para o TRF 2\",\"breadcrumb\":{\"@id\":\"https:\/\/www.estrategiaconcursos.com.br\/blog\/resumo-organizacao-administrativa\/#breadcrumb\"},\"inLanguage\":\"pt-BR\",\"potentialAction\":[{\"@type\":\"ReadAction\",\"target\":[\"https:\/\/www.estrategiaconcursos.com.br\/blog\/resumo-organizacao-administrativa\/\"]}]},{\"@type\":\"ImageObject\",\"inLanguage\":\"pt-BR\",\"@id\":\"https:\/\/www.estrategiaconcursos.com.br\/blog\/resumo-organizacao-administrativa\/#primaryimage\",\"url\":\"https:\/\/dhg1h5j42swfq.cloudfront.net\/2023\/10\/04194944\/estudoquestoes-1-scaled.jpg\",\"contentUrl\":\"https:\/\/dhg1h5j42swfq.cloudfront.net\/2023\/10\/04194944\/estudoquestoes-1-scaled.jpg\",\"width\":1707,\"height\":2560,\"caption\":\"estudo por questoes\"},{\"@type\":\"BreadcrumbList\",\"@id\":\"https:\/\/www.estrategiaconcursos.com.br\/blog\/resumo-organizacao-administrativa\/#breadcrumb\",\"itemListElement\":[{\"@type\":\"ListItem\",\"position\":1,\"name\":\"In\u00edcio\",\"item\":\"https:\/\/www.estrategiaconcursos.com.br\/blog\/\"},{\"@type\":\"ListItem\",\"position\":2,\"name\":\"Resumo de Organiza\u00e7\u00e3o Administrativa para o TRF 2\"}]},{\"@type\":\"WebSite\",\"@id\":\"https:\/\/www.estrategiaconcursos.com.br\/blog\/#website\",\"url\":\"https:\/\/www.estrategiaconcursos.com.br\/blog\/\",\"name\":\"Estrat\u00e9gia Concursos\",\"description\":\"O blog da Estrat\u00e9gia Concursos traz not\u00edcias sobre concursos e artigos de professores oferecendo cursos para concursos (pdf + videaulas) no site.\",\"publisher\":{\"@id\":\"https:\/\/www.estrategiaconcursos.com.br\/blog\/#organization\"},\"potentialAction\":[{\"@type\":\"SearchAction\",\"target\":{\"@type\":\"EntryPoint\",\"urlTemplate\":\"https:\/\/www.estrategiaconcursos.com.br\/blog\/?s={search_term_string}\"},\"query-input\":{\"@type\":\"PropertyValueSpecification\",\"valueRequired\":true,\"valueName\":\"search_term_string\"}}],\"inLanguage\":\"pt-BR\"},{\"@type\":\"Organization\",\"@id\":\"https:\/\/www.estrategiaconcursos.com.br\/blog\/#organization\",\"name\":\"Estrat\u00e9gia Concursos\",\"url\":\"https:\/\/www.estrategiaconcursos.com.br\/blog\/\",\"logo\":{\"@type\":\"ImageObject\",\"inLanguage\":\"pt-BR\",\"@id\":\"https:\/\/www.estrategiaconcursos.com.br\/blog\/#\/schema\/logo\/image\/\",\"url\":\"https:\/\/dhg1h5j42swfq.cloudfront.net\/2025\/06\/03203428\/logo_concursos-1.jpg\",\"contentUrl\":\"https:\/\/dhg1h5j42swfq.cloudfront.net\/2025\/06\/03203428\/logo_concursos-1.jpg\",\"width\":230,\"height\":60,\"caption\":\"Estrat\u00e9gia Concursos\"},\"image\":{\"@id\":\"https:\/\/www.estrategiaconcursos.com.br\/blog\/#\/schema\/logo\/image\/\"},\"sameAs\":[\"https:\/\/x.com\/EstratConcursos\"]},{\"@type\":\"Person\",\"@id\":\"https:\/\/www.estrategiaconcursos.com.br\/blog\/#\/schema\/person\/bfec43f50192a82d88e5972aa7203562\",\"name\":\"Elizabeth Menezes de Pinho Alves\",\"image\":{\"@type\":\"ImageObject\",\"inLanguage\":\"pt-BR\",\"@id\":\"https:\/\/secure.gravatar.com\/avatar\/adc11245f4ec3f9c772db5be88c959024af08ce0c083769a192acdb27e72cf92?s=96&d=mm&r=g\",\"url\":\"https:\/\/secure.gravatar.com\/avatar\/adc11245f4ec3f9c772db5be88c959024af08ce0c083769a192acdb27e72cf92?s=96&d=mm&r=g\",\"contentUrl\":\"https:\/\/secure.gravatar.com\/avatar\/adc11245f4ec3f9c772db5be88c959024af08ce0c083769a192acdb27e72cf92?s=96&d=mm&r=g\",\"caption\":\"Elizabeth Menezes de Pinho Alves\"},\"description\":\"Bacharel em Administra\u00e7\u00e3o pela UFPE, bacharelanda em Direito, p\u00f3s-graduada em Direito Administrativo e Constitucional. Come\u00e7ou em 2014 os estudos para concursos apenas para a \u00e1rea fiscal, por influ\u00eancia de amigos e familiares que trabalhavam na \u00e1rea. Ent\u00e3o, em 2017, com a abertura do concurso do Tribunal de Contas de Pernambuco, decidiu mudar o foco e aproveitar as oportunidades da \u00e1rea de controle, o que se mostrou uma excelente e acertada decis\u00e3o. Atualmente exerce o cargo de Auditor de Controle Externo no Tribunal de Contas do Estado de S\u00e3o Paulo, tendo tamb\u00e9m sido aprovada em: 5\u00b0 lugar para Auditor Fiscal de Garanhus - PE (2015), Auditor Fiscal de Goi\u00e2nia - GO (2016), Auditor Fiscal do Maranh\u00e3o (2016), Analista de Gest\u00e3o do TCE-PE (2017) e Auditor de Contas P\u00fablicas do TCE-PB (2018). Al\u00e9m disso, foi aprovada e nomeada em concursos de Auditor Fiscal Estadual, Municipal e da \u00e1rea de Controle.\",\"sameAs\":[\"https:\/\/www.instagram.com\/prof.elizabethmenezes\/\"],\"url\":\"https:\/\/www.estrategiaconcursos.com.br\/blog\/author\/elizabethpinhoagmail-com\/\"}]}<\/script>\n<!-- \/ Yoast SEO Premium plugin. -->","yoast_head_json":{"title":"Resumo de Organiza\u00e7\u00e3o Administrativa para o TRF 2","description":"Resumo de Organiza\u00e7\u00e3o Administrativa para o TRF 2. Saiba os principais pontos de Organiza\u00e7\u00e3o Administrativa para o TRF 2","robots":{"index":"index","follow":"follow","max-snippet":"max-snippet:-1","max-image-preview":"max-image-preview:large","max-video-preview":"max-video-preview:-1"},"canonical":"https:\/\/www.estrategiaconcursos.com.br\/blog\/resumo-organizacao-administrativa\/","og_locale":"pt_BR","og_type":"article","og_title":"Resumo de Organiza\u00e7\u00e3o Administrativa para o TRF 2","og_description":"Resumo de Organiza\u00e7\u00e3o Administrativa para o TRF 2. Saiba os principais pontos de Organiza\u00e7\u00e3o Administrativa para o TRF 2","og_url":"https:\/\/www.estrategiaconcursos.com.br\/blog\/resumo-organizacao-administrativa\/","og_site_name":"Estrat\u00e9gia Concursos","article_published_time":"2024-05-20T14:00:00+00:00","og_image":[{"width":1707,"height":2560,"url":"https:\/\/dhg1h5j42swfq.cloudfront.net\/2023\/10\/04194944\/estudoquestoes-1-scaled.jpg","type":"image\/jpeg"}],"author":"Elizabeth Menezes de Pinho Alves","twitter_card":"summary_large_image","twitter_creator":"@EstratConcursos","twitter_site":"@EstratConcursos","twitter_misc":{"Escrito por":"Elizabeth Menezes de Pinho Alves","Est. tempo de leitura":"8 minutos"},"schema":{"@context":"https:\/\/schema.org","@graph":[{"@type":"NewsArticle","@id":"https:\/\/www.estrategiaconcursos.com.br\/blog\/resumo-organizacao-administrativa\/#article","isPartOf":{"@id":"https:\/\/www.estrategiaconcursos.com.br\/blog\/resumo-organizacao-administrativa\/"},"author":{"name":"Elizabeth Menezes de Pinho Alves","@id":"https:\/\/www.estrategiaconcursos.com.br\/blog\/#\/schema\/person\/bfec43f50192a82d88e5972aa7203562"},"headline":"Resumo de Organiza\u00e7\u00e3o Administrativa para o TRF 2","datePublished":"2024-05-20T14:00:00+00:00","mainEntityOfPage":{"@id":"https:\/\/www.estrategiaconcursos.com.br\/blog\/resumo-organizacao-administrativa\/"},"wordCount":1515,"commentCount":0,"publisher":{"@id":"https:\/\/www.estrategiaconcursos.com.br\/blog\/#organization"},"image":{"@id":"https:\/\/www.estrategiaconcursos.com.br\/blog\/resumo-organizacao-administrativa\/#primaryimage"},"thumbnailUrl":"https:\/\/dhg1h5j42swfq.cloudfront.net\/2023\/10\/04194944\/estudoquestoes-1-scaled.jpg","articleSection":["Tribunais"],"inLanguage":"pt-BR","potentialAction":[{"@type":"CommentAction","name":"Comment","target":["https:\/\/www.estrategiaconcursos.com.br\/blog\/resumo-organizacao-administrativa\/#respond"]}],"copyrightYear":"2024","copyrightHolder":{"@id":"https:\/\/www.estrategiaconcursos.com.br\/blog\/#organization"}},{"@type":"WebPage","@id":"https:\/\/www.estrategiaconcursos.com.br\/blog\/resumo-organizacao-administrativa\/","url":"https:\/\/www.estrategiaconcursos.com.br\/blog\/resumo-organizacao-administrativa\/","name":"Resumo de Organiza\u00e7\u00e3o Administrativa para o TRF 2","isPartOf":{"@id":"https:\/\/www.estrategiaconcursos.com.br\/blog\/#website"},"primaryImageOfPage":{"@id":"https:\/\/www.estrategiaconcursos.com.br\/blog\/resumo-organizacao-administrativa\/#primaryimage"},"image":{"@id":"https:\/\/www.estrategiaconcursos.com.br\/blog\/resumo-organizacao-administrativa\/#primaryimage"},"thumbnailUrl":"https:\/\/dhg1h5j42swfq.cloudfront.net\/2023\/10\/04194944\/estudoquestoes-1-scaled.jpg","datePublished":"2024-05-20T14:00:00+00:00","description":"Resumo de Organiza\u00e7\u00e3o Administrativa para o TRF 2. Saiba os principais pontos de Organiza\u00e7\u00e3o Administrativa para o TRF 2","breadcrumb":{"@id":"https:\/\/www.estrategiaconcursos.com.br\/blog\/resumo-organizacao-administrativa\/#breadcrumb"},"inLanguage":"pt-BR","potentialAction":[{"@type":"ReadAction","target":["https:\/\/www.estrategiaconcursos.com.br\/blog\/resumo-organizacao-administrativa\/"]}]},{"@type":"ImageObject","inLanguage":"pt-BR","@id":"https:\/\/www.estrategiaconcursos.com.br\/blog\/resumo-organizacao-administrativa\/#primaryimage","url":"https:\/\/dhg1h5j42swfq.cloudfront.net\/2023\/10\/04194944\/estudoquestoes-1-scaled.jpg","contentUrl":"https:\/\/dhg1h5j42swfq.cloudfront.net\/2023\/10\/04194944\/estudoquestoes-1-scaled.jpg","width":1707,"height":2560,"caption":"estudo por questoes"},{"@type":"BreadcrumbList","@id":"https:\/\/www.estrategiaconcursos.com.br\/blog\/resumo-organizacao-administrativa\/#breadcrumb","itemListElement":[{"@type":"ListItem","position":1,"name":"In\u00edcio","item":"https:\/\/www.estrategiaconcursos.com.br\/blog\/"},{"@type":"ListItem","position":2,"name":"Resumo de Organiza\u00e7\u00e3o Administrativa para o TRF 2"}]},{"@type":"WebSite","@id":"https:\/\/www.estrategiaconcursos.com.br\/blog\/#website","url":"https:\/\/www.estrategiaconcursos.com.br\/blog\/","name":"Estrat\u00e9gia Concursos","description":"O blog da Estrat\u00e9gia Concursos traz not\u00edcias sobre concursos e artigos de professores oferecendo cursos para concursos (pdf + videaulas) no site.","publisher":{"@id":"https:\/\/www.estrategiaconcursos.com.br\/blog\/#organization"},"potentialAction":[{"@type":"SearchAction","target":{"@type":"EntryPoint","urlTemplate":"https:\/\/www.estrategiaconcursos.com.br\/blog\/?s={search_term_string}"},"query-input":{"@type":"PropertyValueSpecification","valueRequired":true,"valueName":"search_term_string"}}],"inLanguage":"pt-BR"},{"@type":"Organization","@id":"https:\/\/www.estrategiaconcursos.com.br\/blog\/#organization","name":"Estrat\u00e9gia Concursos","url":"https:\/\/www.estrategiaconcursos.com.br\/blog\/","logo":{"@type":"ImageObject","inLanguage":"pt-BR","@id":"https:\/\/www.estrategiaconcursos.com.br\/blog\/#\/schema\/logo\/image\/","url":"https:\/\/dhg1h5j42swfq.cloudfront.net\/2025\/06\/03203428\/logo_concursos-1.jpg","contentUrl":"https:\/\/dhg1h5j42swfq.cloudfront.net\/2025\/06\/03203428\/logo_concursos-1.jpg","width":230,"height":60,"caption":"Estrat\u00e9gia Concursos"},"image":{"@id":"https:\/\/www.estrategiaconcursos.com.br\/blog\/#\/schema\/logo\/image\/"},"sameAs":["https:\/\/x.com\/EstratConcursos"]},{"@type":"Person","@id":"https:\/\/www.estrategiaconcursos.com.br\/blog\/#\/schema\/person\/bfec43f50192a82d88e5972aa7203562","name":"Elizabeth Menezes de Pinho Alves","image":{"@type":"ImageObject","inLanguage":"pt-BR","@id":"https:\/\/secure.gravatar.com\/avatar\/adc11245f4ec3f9c772db5be88c959024af08ce0c083769a192acdb27e72cf92?s=96&d=mm&r=g","url":"https:\/\/secure.gravatar.com\/avatar\/adc11245f4ec3f9c772db5be88c959024af08ce0c083769a192acdb27e72cf92?s=96&d=mm&r=g","contentUrl":"https:\/\/secure.gravatar.com\/avatar\/adc11245f4ec3f9c772db5be88c959024af08ce0c083769a192acdb27e72cf92?s=96&d=mm&r=g","caption":"Elizabeth Menezes de Pinho Alves"},"description":"Bacharel em Administra\u00e7\u00e3o pela UFPE, bacharelanda em Direito, p\u00f3s-graduada em Direito Administrativo e Constitucional. Come\u00e7ou em 2014 os estudos para concursos apenas para a \u00e1rea fiscal, por influ\u00eancia de amigos e familiares que trabalhavam na \u00e1rea. Ent\u00e3o, em 2017, com a abertura do concurso do Tribunal de Contas de Pernambuco, decidiu mudar o foco e aproveitar as oportunidades da \u00e1rea de controle, o que se mostrou uma excelente e acertada decis\u00e3o. Atualmente exerce o cargo de Auditor de Controle Externo no Tribunal de Contas do Estado de S\u00e3o Paulo, tendo tamb\u00e9m sido aprovada em: 5\u00b0 lugar para Auditor Fiscal de Garanhus - PE (2015), Auditor Fiscal de Goi\u00e2nia - GO (2016), Auditor Fiscal do Maranh\u00e3o (2016), Analista de Gest\u00e3o do TCE-PE (2017) e Auditor de Contas P\u00fablicas do TCE-PB (2018). Al\u00e9m disso, foi aprovada e nomeada em concursos de Auditor Fiscal Estadual, Municipal e da \u00e1rea de Controle.","sameAs":["https:\/\/www.instagram.com\/prof.elizabethmenezes\/"],"url":"https:\/\/www.estrategiaconcursos.com.br\/blog\/author\/elizabethpinhoagmail-com\/"}]}},"_links":{"self":[{"href":"https:\/\/www.estrategiaconcursos.com.br\/blog\/wp-json\/wp\/v2\/posts\/1386911","targetHints":{"allow":["GET"]}}],"collection":[{"href":"https:\/\/www.estrategiaconcursos.com.br\/blog\/wp-json\/wp\/v2\/posts"}],"about":[{"href":"https:\/\/www.estrategiaconcursos.com.br\/blog\/wp-json\/wp\/v2\/types\/post"}],"author":[{"embeddable":true,"href":"https:\/\/www.estrategiaconcursos.com.br\/blog\/wp-json\/wp\/v2\/users\/2277"}],"replies":[{"embeddable":true,"href":"https:\/\/www.estrategiaconcursos.com.br\/blog\/wp-json\/wp\/v2\/comments?post=1386911"}],"version-history":[{"count":5,"href":"https:\/\/www.estrategiaconcursos.com.br\/blog\/wp-json\/wp\/v2\/posts\/1386911\/revisions"}],"predecessor-version":[{"id":1386968,"href":"https:\/\/www.estrategiaconcursos.com.br\/blog\/wp-json\/wp\/v2\/posts\/1386911\/revisions\/1386968"}],"wp:featuredmedia":[{"embeddable":true,"href":"https:\/\/www.estrategiaconcursos.com.br\/blog\/wp-json\/wp\/v2\/media\/1288069"}],"wp:attachment":[{"href":"https:\/\/www.estrategiaconcursos.com.br\/blog\/wp-json\/wp\/v2\/media?parent=1386911"}],"wp:term":[{"taxonomy":"category","embeddable":true,"href":"https:\/\/www.estrategiaconcursos.com.br\/blog\/wp-json\/wp\/v2\/categories?post=1386911"},{"taxonomy":"post_tag","embeddable":true,"href":"https:\/\/www.estrategiaconcursos.com.br\/blog\/wp-json\/wp\/v2\/tags?post=1386911"},{"taxonomy":"tax_estado","embeddable":true,"href":"https:\/\/www.estrategiaconcursos.com.br\/blog\/wp-json\/wp\/v2\/tax_estado?post=1386911"}],"curies":[{"name":"wp","href":"https:\/\/api.w.org\/{rel}","templated":true}]}}