{"id":138671,"date":"2026-03-18T16:14:12","date_gmt":"2026-03-18T19:14:12","guid":{"rendered":"https:\/\/www.estrategiaconcursos.com.br\/blog\/?p=138671"},"modified":"2026-03-20T11:33:41","modified_gmt":"2026-03-20T14:33:41","slug":"concurso-sefaz-rs","status":"publish","type":"post","link":"https:\/\/www.estrategiaconcursos.com.br\/blog\/concurso-sefaz-rs\/","title":{"rendered":"Concurso Sefaz RS: edital no 1\u00ba semestre de 2026!"},"content":{"rendered":"\n<p style=\"font-size:clamp(16.293px, 1.018rem + ((1vw - 3.2px) * 0.854), 25px);\"><strong><em>Em breve, novos concursos estar\u00e3o na pra\u00e7a para Auditor Fiscal e Analista Tribut\u00e1rio!<\/em><\/strong><\/p>\n\n\n\n<center><a id=\"cta-icon\" href=\"https:\/\/sndflw.com\/i\/sefaz-rs-grupo\" target=\"_blank\" style=\"background:#29a61a; display:inline-flex; align-items:center; padding:10px 15px; border-radius:6px; color:#fff; text-decoration:none; font-weight:500; font-size:15px;\"><img decoding=\"async\" src=\"https:\/\/dhg1h5j42swfq.cloudfront.net\/2023\/12\/07154107\/whatsapp_13851.png\" alt=\"\" style=\"width:20px; height:20px; margin-right:8px;\"><span>Acesse agora o Grupo de Estudos para o Concurso Sefaz RS<\/span><\/a><\/center>\n\n\n\n<p>Os novos editais de concurso p\u00fablico da <strong>Sefaz RS<\/strong> <strong>(<a href=\"https:\/\/www.estrategiaconcursos.com.br\/pesquisa\/?q=Sefaz+RS\" target=\"_blank\" rel=\"noreferrer noopener\">Secretaria da Fazenda do Estado do Rio Grande do Sul<\/a>)<\/strong> para <strong>Auditor Fiscal <\/strong>e <strong>Analista Tribut\u00e1rio da Receita Estadual<\/strong> seguem avan\u00e7ando nos tr\u00e2mites preparat\u00f3rios.<\/p>\n\n\n\n<p>Isso porque foram designadas servidoras para exercer a fun\u00e7\u00e3o de <strong>Secret\u00e1ria Executiva dos concursos<\/strong>, medida administrativa que indica o andamento das etapas internas para a realiza\u00e7\u00e3o dos certames.<\/p>\n\n\n\n<p>Al\u00e9m disso, em contato exclusivo do nosso time de jornalismo, houve a confirma\u00e7\u00e3o de que, no momento, a equipe est\u00e1 respons\u00e1vel pelo levantamento do quantitativo de vagas.<\/p>\n\n\n\n<p>A expectativa, segundo uma fonte interna, \u00e9 de que o concurso seja realizado ainda no 1\u00ba semestre de 2026, j\u00e1 que os trabalhos internos est\u00e3o sendo conduzidos com esse objetivo.<\/p>\n\n\n\n<p>Dessa forma, os pr\u00f3ximos passos ser\u00e3o a <strong>autoriza\u00e7\u00e3o formal dos certames e a defini\u00e7\u00e3o da comiss\u00e3o.<\/strong><\/p>\n\n\n\n<ul class=\"wp-block-list\">\n<li><strong><a href=\"https:\/\/dhg1h5j42swfq.cloudfront.net\/2026\/02\/13111919\/rs-2026.jpg\" target=\"_blank\" rel=\"noreferrer noopener nofollow\">Auditor Fiscal<\/a> | <a href=\"https:\/\/dhg1h5j42swfq.cloudfront.net\/2026\/02\/27102846\/image-139-1024x369.png\" target=\"_blank\" rel=\"noreferrer noopener nofollow\">Analista Tribut\u00e1rio<\/a><\/strong><\/li>\n<\/ul>\n\n\n\n<p>O <strong>\u00faltimo concurso <\/strong>da Sefaz RS aconteceu em <strong>2018<\/strong>, com organiza\u00e7\u00e3o do <strong>Cebraspe<\/strong>, e teve sua validade encerrada em 2025.<\/p>\n\n\n\n<ul class=\"wp-block-list has-very-light-gray-to-cyan-bluish-gray-gradient-background has-background\">\n<li><strong>Secretaria da Fazenda do Rio Grande do Sul &#8211; SEFAZ RS<\/strong><\/li>\n\n\n\n<li><strong>Status:<\/strong>&nbsp;planejamento iniciado<\/li>\n\n\n\n<li><strong>Banca:&nbsp;<\/strong>a definir<\/li>\n\n\n\n<li><strong>Vagas:&nbsp;<\/strong>a definir<\/li>\n\n\n\n<li><strong>Sal\u00e1rio inicial:<\/strong>&nbsp;R$ 16.942,33 e R$ 38.230,44<\/li>\n\n\n\n<li><strong>\u00daltimos editais 2018:<\/strong> <a href=\"https:\/\/dhg1h5j42swfq.cloudfront.net\/2018\/08\/31152910\/assistente.pdf\" target=\"_blank\" rel=\"noreferrer noopener nofollow\">Edital Assistente<\/a> | <a href=\"https:\/\/dhg1h5j42swfq.cloudfront.net\/2018\/08\/31152958\/t%C3%A9cnico.pdf\" target=\"_blank\" rel=\"noreferrer noopener nofollow\">Edital T\u00e9cnico<\/a> | <a href=\"https:\/\/dhg1h5j42swfq.cloudfront.net\/2018\/09\/12145842\/ED-1-2018-SEFAZ_RS_AUDITOR_18-Abertura.pdf\" target=\"_blank\" rel=\"noreferrer noopener nofollow\">Edital Auditor<\/a><\/li>\n<\/ul>\n\n\n\n<p>Ao longo deste artigo reunimos as principais informa\u00e7\u00f5es sobre o <strong>Concurso Sefaz RS <\/strong>para que voc\u00ea possa ficar bem informado. Acompanhe pelos t\u00f3picos abaixo:<\/p>\n\n\n\n<ul id=\"indice\" class=\"wp-block-list\">\n<li><a href=\"#linha\"><strong>Linha do tempo<\/strong><\/a><\/li>\n\n\n\n<li><a href=\"#carreira\"><strong>Carreira na Sefaz RS<\/strong><\/a>\n<ul class=\"wp-block-list\">\n<li><a href=\"#remuneracao\">Sal\u00e1rio<\/a><\/li>\n\n\n\n<li><a href=\"#requisitos\">Requisitos<\/a><\/li>\n\n\n\n<li><a href=\"#atribuicoes\">Atribui\u00e7\u00f5es<\/a><\/li>\n\n\n\n<li><a href=\"#vagos\">Cargos vagos<\/a><\/li>\n<\/ul>\n<\/li>\n\n\n\n<li><a href=\"#ultimo-concurso\"><strong>\u00daltimo concurso<\/strong><\/a>\n<ul class=\"wp-block-list\">\n<li><a href=\"#nomeacoes\">Nomea\u00e7\u00f5es<\/a><\/li>\n\n\n\n<li><a href=\"#etapas\">Etapas<\/a><\/li>\n\n\n\n<li><a href=\"#inscritos\">Demanda de inscritos<\/a><\/li>\n\n\n\n<li><a href=\"#provas\">Cadernos de prova<\/a><\/li>\n<\/ul>\n<\/li>\n\n\n\n<li><strong><a href=\"#guia\">Guia de estudos<\/a><\/strong><\/li>\n\n\n\n<li><a href=\"#cursos-assinatura\"><strong>Assinatura e cursos<\/strong><\/a><\/li>\n\n\n\n<li><a href=\"#ficha-tecnica\"><strong>Ficha t\u00e9cnica<\/strong><\/a><\/li>\n<\/ul>\n\n\n\n<p class=\"has-text-align-center\"><em>Voc\u00ea sabia que das 50 vagas ofertadas para Auditor Fiscal no \u00faltimo concurso,<strong> 32 aprovados foram alunos do Estrat\u00e9gia<\/strong>? Se voc\u00ea quer fazer parte dessa estat\u00edstica no pr\u00f3ximo concurso, n\u00e3o perca tempo e estude com a Coruja!<\/em><\/p>\n\n\n\n<p class=\"has-text-align-center has-background\" style=\"background-color:#d3e1ea\"><strong><a href=\"https:\/\/www.estrategiaconcursos.com.br\/blog\/estrategia-aprovacoes-concursos-fiscais\/\" target=\"_blank\" rel=\"noreferrer noopener\">Aprova\u00e7\u00e3o em peso: Estrat\u00e9gia \u00e9 refer\u00eancia na \u00e1rea fiscal!<\/a><\/strong><\/p>\n\n\n\n<div class=\"container\" id=\"boxes\">\n  <div class=\"row\">\n\n    <div class=\"col-sm\">\n      <div class=\"banner-sefaz-ec\" id=\"box-assinatura\">\n        <h2 class=\"titulo-assinatura\">Curso Concurso Sefaz RS<\/h2>\n        <p class=\"subtitulo-assinatura\">Conhe\u00e7a os cursos para a Sefaz RS<\/p>\n        <div class=\"box-botao\">\n          <a class=\"btn-assinatura\" target=\"_blank\" href=\"https:\/\/www.estrategiaconcursos.com.br\/cursosPorConcurso\/basico-para-area-fiscal\/\" role=\"button\" rel=\"noopener noreferrer\">INICIAR PREPARA\u00c7\u00c3O<\/a>\n        <\/div>\n      <\/div>\n     \n    <\/div>\n\n  <\/div>\n<\/div>\n\n\n\n<h2 class=\"wp-block-heading\" id=\"linha\">Linha do tempo do concurso Sefaz RS<\/h2>\n\n\n\n<ul class=\"wp-block-list\">\n<li><strong>27\/02\/2026:<\/strong> designada servidora para Analista Tribut\u00e1rio; <\/li>\n\n\n\n<li><strong>13\/02\/2026:<\/strong> <a href=\"https:\/\/www.estrategiaconcursos.com.br\/blog\/concurso-sefaz-rs-2026-auditor-fiscal\/\" target=\"_blank\" rel=\"noreferrer noopener\">designada secret\u00e1ria executiva e suplentes para planejamento do novo concurso<\/a> para Auditor;<\/li>\n\n\n\n<li><strong>10\/04\/2025:<\/strong> validade encerrada do \u00faltimo concurso para Auditor Fiscal;<\/li>\n\n\n\n<li><strong>21\/01\/2025:<\/strong> validade encerrada do \u00faltimo concurso para T\u00e9cnico Tribut\u00e1rio e Assistente.<\/li>\n<\/ul>\n\n\n\n<h2 class=\"wp-block-heading\" id=\"carreira\">Carreira na Sefaz RS<\/h2>\n\n\n\n<h3 class=\"wp-block-heading\" id=\"remuneracao\">Sal\u00e1rio<\/h3>\n\n\n\n<p>Conforme a rela\u00e7\u00e3o mais atualizada, de dezembro de 2025, o sal\u00e1rio inicial do cargo de <strong>Auditor-Fiscal \u00e9 de R$ 38.230,44<\/strong>, podendo chegar a R$ 41.845,49 no final da carreira.<\/p>\n\n\n\n<figure class=\"wp-block-image aligncenter size-large\"><img loading=\"lazy\" decoding=\"async\" width=\"1024\" height=\"147\" src=\"https:\/\/dhg1h5j42swfq.cloudfront.net\/2026\/03\/19104025\/rs-1024x147.jpg\" alt=\"\" class=\"wp-image-1739380\" srcset=\"https:\/\/dhg1h5j42swfq.cloudfront.net\/2026\/03\/19104025\/rs-1024x147.jpg 1024w, https:\/\/dhg1h5j42swfq.cloudfront.net\/2026\/03\/19104025\/rs-300x43.jpg 300w, https:\/\/dhg1h5j42swfq.cloudfront.net\/2026\/03\/19104025\/rs-768x110.jpg 768w, https:\/\/dhg1h5j42swfq.cloudfront.net\/2026\/03\/19104025\/rs-150x21.jpg 150w, https:\/\/dhg1h5j42swfq.cloudfront.net\/2026\/03\/19104025\/rs.jpg 1054w\" sizes=\"auto, (max-width: 1024px) 100vw, 1024px\" \/><\/figure>\n\n\n\n<p>Olhando para o valor final, j\u00e1 com adicionais, gratifica\u00e7\u00f5es e descontos obrigat\u00f3rios, os valores podem variar entre <strong>R$ 28 mil<\/strong>, para ingressos mais recentes, at\u00e9 R$<strong> <\/strong>39 mil, para os servidores mais antigos:<\/p>\n\n\n\n<figure class=\"wp-block-image aligncenter size-full\"><img loading=\"lazy\" decoding=\"async\" width=\"643\" height=\"332\" src=\"https:\/\/dhg1h5j42swfq.cloudfront.net\/2026\/02\/13121718\/rs.jpg\" alt=\"\" class=\"wp-image-1715939\" srcset=\"https:\/\/dhg1h5j42swfq.cloudfront.net\/2026\/02\/13121718\/rs.jpg 643w, https:\/\/dhg1h5j42swfq.cloudfront.net\/2026\/02\/13121718\/rs-300x155.jpg 300w, https:\/\/dhg1h5j42swfq.cloudfront.net\/2026\/02\/13121718\/rs-150x77.jpg 150w\" sizes=\"auto, (max-width: 643px) 100vw, 643px\" \/><\/figure>\n\n\n\n<ul class=\"wp-block-list\">\n<li><strong><a href=\"https:\/\/www.transparencia.rs.gov.br\/servidores-aposentados-e-pensionistas\/pessoal-do-poder-executivo-gov-rs\/dados\/\" target=\"_blank\" rel=\"noreferrer noopener\">Confira outros valores diretamente no portal da Transpar\u00eancia do RS<\/a><\/strong><\/li>\n<\/ul>\n\n\n\n<p>J\u00e1 para o cargo de <strong>Analista Tribut\u00e1rio, o valor inicial \u00e9 de R$ 16.942,33<\/strong>, podendo chegar a R$ 23.279,34 no final da carreira.<\/p>\n\n\n\n<h3 class=\"wp-block-heading\" id=\"requisitos\">Requisitos dos cargos<\/h3>\n\n\n\n<p><strong>Auditor-Fiscal da Receita Estadual:<\/strong> diploma de conclus\u00e3o de curso de n\u00edvel superior, em grau de bacharelado, de dura\u00e7\u00e3o plena, em Administra\u00e7\u00e3o, Ci\u00eancias Cont\u00e1beis, Ci\u00eancias Econ\u00f4micas, Ci\u00eancias Jur\u00eddicas e Sociais, Engenharia ou Tecnologia da Informa\u00e7\u00e3o<\/p>\n\n\n\n<p><strong>Assistente Administrativo Fazend\u00e1rio:<\/strong> certificado de conclus\u00e3o de curso de ensino m\u00e9dio ou curso t\u00e9cnico equivalente.<\/p>\n\n\n\n<p><strong>T\u00e9cnico Tribut\u00e1rio da Receita Estadual:<\/strong> diploma de conclus\u00e3o de curso de n\u00edvel superior em qualquer \u00e1rea de forma\u00e7\u00e3o.<\/p>\n\n\n\n<h3 class=\"wp-block-heading\" id=\"atribuicoes\">Atribui\u00e7\u00f5es dos cargos <\/h3>\n\n\n\n<h4 class=\"wp-block-heading\" id=\"auditor-fiscal-da-receita-estadual\"><strong>Auditor-Fiscal da Receita Estadual<\/strong><\/h4>\n\n\n\n<ul class=\"wp-block-list\">\n<li>lavrar termos, intima\u00e7\u00f5es, notifica\u00e7\u00f5es, autos de apreens\u00e3o, na conformidade da legisla\u00e7\u00e3o competente; <\/li>\n\n\n\n<li>dar in\u00edcio \u00e0 a\u00e7\u00e3o fiscal, executar a auditoria fiscal em rela\u00e7\u00e3o a contribuintes e demais pessoas naturais ou jur\u00eddicas envolvidas na rela\u00e7\u00e3o jur\u00eddico-tribut\u00e1ria e constituir o cr\u00e9dito tribut\u00e1rio mediante o respectivo lan\u00e7amento;<\/li>\n\n\n\n<li>exercer a fiscaliza\u00e7\u00e3o repressiva, com imposi\u00e7\u00e3o das multas cab\u00edveis, nos termos da lei; entre outros.<\/li>\n<\/ul>\n\n\n\n<h4 class=\"wp-block-heading\" id=\"assistente-administrativo-fazendario\"><strong>Assistente Administrativo Fazend\u00e1rio<\/strong> <\/h4>\n\n\n\n<ul class=\"wp-block-list\">\n<li>executar trabalhos auxiliares de rotina e de apoio t\u00e9cnico e administrativo, como organizar, classificar, registrar, arquivar e desarquivar processos, documentos, relat\u00f3rios, peri\u00f3dicos e outras publica\u00e7\u00f5es; <\/li>\n\n\n\n<li>executar servi\u00e7os de digita\u00e7\u00e3o, digitaliza\u00e7\u00e3o e microfilmagem;<\/li>\n\n\n\n<li>redigir minutas de documentos, memorandos e correspond\u00eancias e efetuar comunica\u00e7\u00f5es internas e externas, mediante a utiliza\u00e7\u00e3o dos meios postos \u00e0 disposi\u00e7\u00e3o, tais como telefone, fax e correio eletr\u00f4nico;<\/li>\n\n\n\n<li>operar m\u00e1quinas de reprografia, fax, calculadoras e outras m\u00e1quinas, de acordo com as necessidades do trabalho; entre outros.<\/li>\n<\/ul>\n\n\n\n<h4 class=\"wp-block-heading\" id=\"tecnico-tributario-da-receita-estadual\"><strong>T\u00e9cnico Tribut\u00e1rio da Receita Estadual<\/strong><\/h4>\n\n\n\n<ul class=\"wp-block-list\">\n<li>exercer atividades atinentes \u00e0 Administra\u00e7\u00e3o Tribut\u00e1ria, tanto internas como externas, tais como: pedir inscri\u00e7\u00e3o no CGC\/TE; fornecer, receber e conferir talon\u00e1rios de Notas Fiscais de Produtor; <\/li>\n\n\n\n<li>pedir autoriza\u00e7\u00e3o para impress\u00e3o de documentos fiscais; <\/li>\n\n\n\n<li>receber, protocolizar, passar recibos, conferir, digitar, arquivar e encaminhar documentos, formul\u00e1rios e peti\u00e7\u00f5es;<\/li>\n\n\n\n<li>executar servi\u00e7os relacionados \u00e0 manuten\u00e7\u00e3o de sistemas;  <\/li>\n\n\n\n<li>prestar informa\u00e7\u00f5es em expedientes que lhes forem distribu\u00eddos; entre outros.<\/li>\n<\/ul>\n\n\n\n<h3 class=\"wp-block-heading\" id=\"vagos\">Cargos vagos<\/h3>\n\n\n\n<p>Conforme dados de dezembro de 2025, o cargo de Auditor Fiscal registra 115 cargos vagos, conforme tabela abaixo:<\/p>\n\n\n\n<figure class=\"wp-block-table is-style-stripes\"><table class=\"has-fixed-layout\"><thead><tr><td><strong>CLASSE<\/strong><\/td><td class=\"has-text-align-center\" data-align=\"center\"><strong>N\u00ba DE CARGOS EXISTENTES <\/strong><\/td><td class=\"has-text-align-center\" data-align=\"center\"><strong>N\u00ba DE CARGOS PROVIDOS <\/strong><\/td><td class=\"has-text-align-center\" data-align=\"center\"><strong>N\u00ba DE CARGOS VAGOS<\/strong><\/td><\/tr><\/thead><tbody><tr><td><strong>A<\/strong><\/td><td class=\"has-text-align-center\" data-align=\"center\">170<\/td><td class=\"has-text-align-center\" data-align=\"center\">136<\/td><td class=\"has-text-align-center\" data-align=\"center\">34<\/td><\/tr><tr><td><strong>B<\/strong><\/td><td class=\"has-text-align-center\" data-align=\"center\">140<\/td><td class=\"has-text-align-center\" data-align=\"center\">137<\/td><td class=\"has-text-align-center\" data-align=\"center\">3<\/td><\/tr><tr><td><strong>C<\/strong><\/td><td class=\"has-text-align-center\" data-align=\"center\">140<\/td><td class=\"has-text-align-center\" data-align=\"center\">95<\/td><td class=\"has-text-align-center\" data-align=\"center\">45<\/td><\/tr><tr><td><strong>D<\/strong><\/td><td class=\"has-text-align-center\" data-align=\"center\">180<\/td><td class=\"has-text-align-center\" data-align=\"center\">178<\/td><td class=\"has-text-align-center\" data-align=\"center\">2<\/td><\/tr><tr><td><strong>E <\/strong><\/td><td class=\"has-text-align-center\" data-align=\"center\">200<\/td><td class=\"has-text-align-center\" data-align=\"center\">169<\/td><td class=\"has-text-align-center\" data-align=\"center\">31<\/td><\/tr><\/tbody><tfoot><tr><td><strong>TOTAL<\/strong><\/td><td class=\"has-text-align-center\" data-align=\"center\"><strong>830<\/strong><\/td><td class=\"has-text-align-center\" data-align=\"center\"><strong>715<\/strong><\/td><td class=\"has-text-align-center\" data-align=\"center\"><strong>115<\/strong><\/td><\/tr><\/tfoot><\/table><\/figure>\n\n\n\n<h2 class=\"wp-block-heading\" id=\"ultimo-concurso\">Concurso Sefaz RS: \u00faltima sele\u00e7\u00e3o<\/h2>\n\n\n\n<p>Sob organiza\u00e7\u00e3o do <strong><a href=\"https:\/\/www.cebraspe.org.br\/concursos\/SEFAZ_RS_18_AUDITOR\" target=\"_blank\" rel=\"noreferrer noopener\">Cebraspe<\/a><\/strong>, o \u00faltimo concurso da Sefaz RS aconteceu em 2018 ofertando <strong>150 vagas<\/strong>, distribu\u00eddas entre tr\u00eas editais:<\/p>\n\n\n\n<ul class=\"wp-block-list\">\n<li>50 vagas para <strong>Auditor-Fiscal<\/strong>;<\/li>\n\n\n\n<li>50 vagas para <strong>T\u00e9cnico Tribut\u00e1rio; <\/strong>e <\/li>\n\n\n\n<li>50 vagas para <strong>Assistente Administrativo Fazend\u00e1rio<\/strong>.<\/li>\n<\/ul>\n\n\n\n<p>Os certames tiveram sua validade prorrogada e encerrada em 2025, da seguinte forma:<\/p>\n\n\n\n<ul class=\"wp-block-list\">\n<li>Edital para <strong>Auditor<\/strong> <strong>Fiscal da Receita Estadual:<\/strong> ficou vigente at\u00e9 10 de abril de 2025; e<\/li>\n\n\n\n<li>Edital para <strong>T\u00e9cnico Tribut\u00e1rio<\/strong> e <strong>Assistente:<\/strong> ficou vigente at\u00e9 31 de janeiro de 2025.<\/li>\n<\/ul>\n\n\n\n<h3 class=\"wp-block-heading\" id=\"nomeacoes\">Nomea\u00e7\u00f5es<\/h3>\n\n\n\n<figure class=\"wp-block-table is-style-stripes\"><table class=\"has-fixed-layout\"><thead><tr><th class=\"has-text-align-center\" data-align=\"center\">Cargo<\/th><th class=\"has-text-align-center\" data-align=\"center\">Nomeados Ativo<\/th><th class=\"has-text-align-center\" data-align=\"center\">Nomeados Inativos<\/th><th class=\"has-text-align-center\" data-align=\"center\">Nomeados Desistente<\/th><\/tr><\/thead><tbody><tr><td class=\"has-text-align-center\" data-align=\"center\"><strong>AFRE<\/strong>&nbsp;(Auditor Fiscal da Receita Estadual)<\/td><td class=\"has-text-align-center\" data-align=\"center\">207<\/td><td class=\"has-text-align-center\" data-align=\"center\">22<\/td><td class=\"has-text-align-center\" data-align=\"center\">290<\/td><\/tr><tr><td class=\"has-text-align-center\" data-align=\"center\"><strong>TTRE<\/strong>&nbsp;(T\u00e9cnico Tribut\u00e1rio da Receita Estadual)<\/td><td class=\"has-text-align-center\" data-align=\"center\">259<\/td><td class=\"has-text-align-center\" data-align=\"center\">72<\/td><td class=\"has-text-align-center\" data-align=\"center\">489<\/td><\/tr><tr><td class=\"has-text-align-center\" data-align=\"center\"><strong>AFA<\/strong>&nbsp;(Assistente Administrativo Fazend\u00e1rio)<\/td><td class=\"has-text-align-center\" data-align=\"center\">18<\/td><td class=\"has-text-align-center\" data-align=\"center\">11<\/td><td class=\"has-text-align-center\" data-align=\"center\">378<\/td><\/tr><\/tbody><\/table><figcaption class=\"wp-element-caption\"><a href=\"https:\/\/gestaodepessoas.rs.gov.br\/concursos-publicos\/\" target=\"_blank\" rel=\"noreferrer noopener\">Quantitativo de candidatos nomeados por cargo<\/a> (dados de fevereiro\/2025)<\/figcaption><\/figure>\n\n\n\n<h3 class=\"wp-block-heading\" id=\"etapas\">Etapas<\/h3>\n\n\n\n<p>A avalia\u00e7\u00e3o dos candidatos ocorreu atrav\u00e9s de uma \u00fanica etapa, sendo ela uma Prova Objetiva, de car\u00e1ter eliminat\u00f3rio e classificat\u00f3rio. O n\u00famero de quest\u00f5es variou conforme o cargo.<\/p>\n\n\n\n<h4 class=\"wp-block-heading has-medium-font-size\" id=\"auditor-fiscal-da-receita-estadual\"><strong>Auditor-Fiscal da Receita Estadual<\/strong><\/h4>\n\n\n\n<p>Para o cargo de Auditor, a prova foi dividida em dois blocos de 40 quest\u00f5es e um de 50 quest\u00f5es, de m\u00faltipla escolha.<\/p>\n\n\n\n<p>O Bloco I teve dura\u00e7\u00e3o de 5 horas e foi aplicado em um s\u00e1bado, no turno da tarde. Os blocos II e III tiveram 4 horas de dura\u00e7\u00e3o cada, sendo realizados nos per\u00edodos da manh\u00e3 e tarde.<\/p>\n\n\n\n<figure class=\"wp-block-image aligncenter size-large\"><img loading=\"lazy\" decoding=\"async\" width=\"597\" height=\"344\" src=\"https:\/\/dhg1h5j42swfq.cloudfront.net\/2020\/06\/15171053\/auditor-1.jpg\" alt=\"Provas do \u00faltimo concurso Sefaz RS para Auditor Fiscal\" class=\"wp-image-526897\" srcset=\"https:\/\/dhg1h5j42swfq.cloudfront.net\/2020\/06\/15171053\/auditor-1.jpg 597w, https:\/\/dhg1h5j42swfq.cloudfront.net\/2020\/06\/15171053\/auditor-1-300x173.jpg 300w\" sizes=\"auto, (max-width: 597px) 100vw, 597px\" \/><\/figure>\n\n\n\n<h4 class=\"wp-block-heading has-medium-font-size\" id=\"assistente-administrativo-fazendario\"><strong>Assistente Administrativo Fazend\u00e1rio<\/strong><\/h4>\n\n\n\n<p>Para Assistente, a prova durou 4 horas e foi composta por 80 quest\u00f5es de m\u00faltipla escolha. <\/p>\n\n\n\n<p>Foi considerado aprovado o candidato que obtivesse a nota m\u00ednima de 48,00 pontos e que n\u00e3o obtivesse nota zero em qualquer componente da prova.<\/p>\n\n\n\n<figure class=\"wp-block-image aligncenter size-large\"><img loading=\"lazy\" decoding=\"async\" width=\"593\" height=\"179\" src=\"https:\/\/dhg1h5j42swfq.cloudfront.net\/2020\/06\/15170916\/ASSISTENTE.jpg\" alt=\"Provas do \u00faltimo concurso Sefaz RS para Auditor Fiscal Assistente Administrativo \" class=\"wp-image-526893\" srcset=\"https:\/\/dhg1h5j42swfq.cloudfront.net\/2020\/06\/15170916\/ASSISTENTE.jpg 593w, https:\/\/dhg1h5j42swfq.cloudfront.net\/2020\/06\/15170916\/ASSISTENTE-300x91.jpg 300w\" sizes=\"auto, (max-width: 593px) 100vw, 593px\" \/><\/figure>\n\n\n\n<h4 class=\"wp-block-heading has-medium-font-size\" id=\"tecnico-tributario-da-receita-estadual\"><strong>T\u00e9cnico Tribut\u00e1rio da Receita Estadual<\/strong><\/h4>\n\n\n\n<p>Para o cargo de T\u00e9cnico, a prova foi dividida em dois blocos de 40 quest\u00f5es de m\u00faltipla escolha cada. Cada prova teve 4 horas de dura\u00e7\u00e3o, sendo realizadas nos per\u00edodos da manh\u00e3 e tarde.<\/p>\n\n\n\n<p>Foi considerado aprovado o candidato que obtivesse, no m\u00ednimo, 50% de acertos em cada uma das provas objetivas e, no m\u00ednimo, 96 pontos no conjunto das provas objetivas e, ainda, que n\u00e3o obtiver nota zero em qualquer componente das provas.<\/p>\n\n\n\n<figure class=\"wp-block-image aligncenter size-large\"><img loading=\"lazy\" decoding=\"async\" width=\"598\" height=\"219\" src=\"https:\/\/dhg1h5j42swfq.cloudfront.net\/2020\/06\/15171600\/tecnico-3.jpg\" alt=\"Provas do \u00faltimo concurso Sefaz RS para T\u00e9cnico Tribut\u00e1rio\" class=\"wp-image-526902\" srcset=\"https:\/\/dhg1h5j42swfq.cloudfront.net\/2020\/06\/15171600\/tecnico-3.jpg 598w, https:\/\/dhg1h5j42swfq.cloudfront.net\/2020\/06\/15171600\/tecnico-3-300x110.jpg 300w\" sizes=\"auto, (max-width: 598px) 100vw, 598px\" \/><\/figure>\n\n\n\n<h3 class=\"wp-block-heading\" id=\"inscritos\">Demanda de inscritos por vaga do concurso Sefaz RS<\/h3>\n\n\n\n<figure class=\"wp-block-table is-style-stripes\"><table><thead><tr><th class=\"has-text-align-center\" data-align=\"center\">Cargo<\/th><th class=\"has-text-align-center\" data-align=\"center\">Inscritos<\/th><th class=\"has-text-align-center\" data-align=\"center\">Concorr\u00eancia<\/th><\/tr><\/thead><tbody><tr><td class=\"has-text-align-center\" data-align=\"center\">Auditor-Fiscal<\/td><td class=\"has-text-align-center\" data-align=\"center\">10.244<\/td><td class=\"has-text-align-center\" data-align=\"center\">204 x vaga<\/td><\/tr><tr><td class=\"has-text-align-center\" data-align=\"center\">T\u00e9cnico Tribut\u00e1rio<\/td><td class=\"has-text-align-center\" data-align=\"center\">9.002<\/td><td class=\"has-text-align-center\" data-align=\"center\">180 x vaga<\/td><\/tr><tr><td class=\"has-text-align-center\" data-align=\"center\">Assistente Administrativo Fazend\u00e1rio<\/td><td class=\"has-text-align-center\" data-align=\"center\">12.008<\/td><td class=\"has-text-align-center\" data-align=\"center\">240 x vaga<\/td><\/tr><\/tbody><\/table><figcaption class=\"wp-element-caption\">Demanda de inscritos por cargo<\/figcaption><\/figure>\n\n\n\n<h3 class=\"wp-block-heading\" id=\"provas\">Cadernos de prova do \u00faltimo concurso Sefaz RS<\/h3>\n\n\n\n<p>Confira nos links abaixo os cadernos de prova e os respectivos gabaritos, do concurso de 2018:<\/p>\n\n\n\n<ul class=\"wp-block-list\">\n<li><strong>Auditor-Fiscal da Receita Estadual<\/strong>\n<ul class=\"wp-block-list\">\n<li><a href=\"https:\/\/dhg1h5j42swfq.cloudfront.net\/2020\/06\/15172806\/Bloco-1.pdf\" target=\"_blank\" rel=\"noreferrer noopener nofollow\">I Bloco<\/a> | <a href=\"https:\/\/dhg1h5j42swfq.cloudfront.net\/2020\/06\/15172811\/Gabarito-bloco-1.pdf\" target=\"_blank\" rel=\"noreferrer noopener nofollow\">Gabarito<\/a><\/li>\n\n\n\n<li><a href=\"https:\/\/dhg1h5j42swfq.cloudfront.net\/2020\/06\/15172803\/Bloco-2.pdf\" target=\"_blank\" rel=\"noreferrer noopener nofollow\">II Bloco<\/a> | <a href=\"https:\/\/dhg1h5j42swfq.cloudfront.net\/2020\/06\/15172755\/Gabarito-bloco-2.pdf\" target=\"_blank\" rel=\"noreferrer noopener nofollow\">Gabarito<\/a><\/li>\n\n\n\n<li><a href=\"https:\/\/dhg1h5j42swfq.cloudfront.net\/2020\/06\/15172800\/Bloco-3.pdf\" target=\"_blank\" rel=\"noreferrer noopener nofollow\">III Bloco <\/a>| <a href=\"https:\/\/dhg1h5j42swfq.cloudfront.net\/2020\/06\/15172758\/Gabarito-bloco-3.pdf\" target=\"_blank\" rel=\"noreferrer noopener nofollow\">Gabarito<\/a><\/li>\n<\/ul>\n<\/li>\n<\/ul>\n\n\n\n<ul class=\"wp-block-list\">\n<li><strong>T\u00e9cnico Tribut\u00e1rio da Receita Estadual<\/strong>\n<ul class=\"wp-block-list\">\n<li><a href=\"https:\/\/dhg1h5j42swfq.cloudfront.net\/2020\/06\/15173537\/p1.pdf\" target=\"_blank\" rel=\"noreferrer noopener nofollow\">Caderno P1<\/a> | <a href=\"https:\/\/dhg1h5j42swfq.cloudfront.net\/2020\/06\/15173531\/gabarito-p1.pdf\" target=\"_blank\" rel=\"noreferrer noopener nofollow\">Gabarito<\/a><\/li>\n\n\n\n<li><a href=\"https:\/\/dhg1h5j42swfq.cloudfront.net\/2020\/06\/15173539\/p2.pdf\" target=\"_blank\" rel=\"noreferrer noopener nofollow\">Caderno P2<\/a> | <a href=\"https:\/\/dhg1h5j42swfq.cloudfront.net\/2020\/06\/15173534\/gabarito-p2.pdf\" target=\"_blank\" rel=\"noreferrer noopener nofollow\">Gabarito<\/a><\/li>\n<\/ul>\n<\/li>\n<\/ul>\n\n\n\n<ul class=\"wp-block-list\">\n<li><strong>Assistente Administrativo Fazend\u00e1rio<\/strong>\n<ul class=\"wp-block-list\">\n<li><a href=\"https:\/\/dhg1h5j42swfq.cloudfront.net\/2020\/06\/15173150\/prova-assistente.pdf\" target=\"_blank\" rel=\"noreferrer noopener nofollow\">Caderno de prova<\/a> | <a href=\"https:\/\/dhg1h5j42swfq.cloudfront.net\/2020\/06\/15173153\/gabarito-assistente.pdf\" target=\"_blank\" rel=\"noreferrer noopener nofollow\">Gabarito<\/a><\/li>\n<\/ul>\n<\/li>\n<\/ul>\n\n\n\n<h2 class=\"wp-block-heading\" id=\"guia\">Guia de estudos 2026<\/h2>\n\n\n\n<p>Acesse no link abaixo os Cadernos de Quest\u00f5es elaborados, para cada mat\u00e9ria, conforme o conte\u00fado program\u00e1tico previsto para o pr\u00f3ximo edital Sefaz RS:<\/p>\n\n\n\n<ul class=\"wp-block-list\">\n<li><strong><a href=\"https:\/\/www.estrategiaconcursos.com.br\/blog\/guia-de-estudos-concurso-sefaz-rs\/\" target=\"_blank\" rel=\"noreferrer noopener\">Guia de estudos Sefaz RS<\/a><\/strong> (pr\u00e9-edital)<\/li>\n<\/ul>\n\n\n\n<hr class=\"wp-block-separator has-css-opacity\"\/>\n\n\n\n<h2 class=\"wp-block-heading has-text-align-center\" id=\"cursos-assinatura\">Quer estudar para o Concurso Sefaz RS 2026?<\/h2>\n\n\n\n<div class=\"container\" id=\"boxes\">\n  <div class=\"row\">\n\n    <div class=\"col-sm\">\n      <div class=\"banner-sefaz-ec\" id=\"box-assinatura\">\n        <h2 class=\"titulo-assinatura\">Curso Concurso Sefaz RS<\/h2>\n        <p class=\"subtitulo-assinatura\">Conhe\u00e7a os cursos para a Sefaz RS<\/p>\n        <div class=\"box-botao\">\n          <a class=\"btn-assinatura\" target=\"_blank\" href=\"https:\/\/www.estrategiaconcursos.com.br\/cursosPorConcurso\/basico-para-area-fiscal\/\" role=\"button\" rel=\"noopener noreferrer\">INICIAR PREPARA\u00c7\u00c3O<\/a>\n        <\/div>\n      <\/div>\n     \n    <\/div>\n\n  <\/div>\n<\/div>\n\n\n\n<div class=\"container\" id=\"boxes\">\n  <div class=\"row\">\n\n    <div class=\"col-sm\">\n      <div class=\"estrategia\" id=\"box-assinatura\">\n        <h3 class=\"titulo-assinatura\">Assinatura Concursos<\/h3>\n        <p class=\"subtitulo-assinatura\">Assinatura de 1 ano ou 2 anos<\/p>\n        <div class=\"box-botao\">\n          <a class=\"btn-assinatura\" target=\"_blank\" href=\"https:\/\/www.estrategiaconcursos.com.br\/assinaturas\/\" role=\"button\" rel=\"noopener noreferrer\">ASSINE AGORA<\/a>\n        <\/div>\n      <\/div><\/div><\/div><\/div>\n\n\n\n<h2 class=\"wp-block-heading has-text-align-center\" id=\"h-quer-saber-tudo-sobre-concursos-previstos-confira-nossos-artigos\">Quer saber tudo sobre concursos previstos?<br \/>Confira nossos artigos!<\/h2>\n\n\n\n<ul class=\"wp-block-list\">\n<li><a href=\"https:\/\/www.estrategiaconcursos.com.br\/blog\/concursos-abertos\/\" target=\"_blank\" rel=\"noreferrer noopener\">Concursos Abertos<\/a><\/li>\n\n\n\n<li><a href=\"https:\/\/www.estrategiaconcursos.com.br\/blog\/concursos-fiscais\/\">Concursos Fiscais<\/a><\/li>\n\n\n\n<li><a href=\"https:\/\/www.estrategiaconcursos.com.br\/blog\/concursos-2026\/\" target=\"_blank\" rel=\"noreferrer noopener\">Concursos 2026<\/a><\/li>\n\n\n\n<li><a href=\"https:\/\/www.estrategiaconcursos.com.br\/blog\/concursos-2026\/\" target=\"_blank\" rel=\"noreferrer noopener\">Concursos RS<\/a><\/li>\n<\/ul>\n\n\n\n<figure class=\"wp-block-image size-large is-resized\"><img loading=\"lazy\" decoding=\"async\" width=\"1024\" height=\"632\" src=\"https:\/\/dhg1h5j42swfq.cloudfront.net\/2025\/06\/27101122\/ficha-tecnica-1-1024x632.png\" alt=\"Ficha t\u00e9cnica \" class=\"wp-image-702728\" style=\"width:256px;height:158px\" srcset=\"https:\/\/dhg1h5j42swfq.cloudfront.net\/2025\/06\/27101122\/ficha-tecnica-1-1024x632.png 1024w, https:\/\/dhg1h5j42swfq.cloudfront.net\/2025\/06\/27101122\/ficha-tecnica-1-300x185.png 300w, https:\/\/dhg1h5j42swfq.cloudfront.net\/2025\/06\/27101122\/ficha-tecnica-1-768x474.png 768w, https:\/\/dhg1h5j42swfq.cloudfront.net\/2025\/06\/27101122\/ficha-tecnica-1-1536x948.png 1536w, https:\/\/dhg1h5j42swfq.cloudfront.net\/2025\/06\/27101122\/ficha-tecnica-1-610x377.png 610w, https:\/\/dhg1h5j42swfq.cloudfront.net\/2025\/06\/27101122\/ficha-tecnica-1.png 1571w\" sizes=\"auto, (max-width: 1024px) 100vw, 1024px\" \/><\/figure>\n\n\n\n<h3 class=\"wp-block-heading\" id=\"ficha-tecnica\">Informa\u00e7\u00f5es do pr\u00f3ximo concurso SEFAZ RS&nbsp;<\/h3>\n\n\n\n<ul class=\"wp-block-list\">\n<li><strong>Data prevista: <\/strong>2026<\/li>\n\n\n\n<li><strong>Vagas:<\/strong> a definir<\/li>\n\n\n\n<li><strong>Cargos:<\/strong> Auditor-Fiscal e Analista Tribut\u00e1rio<\/li>\n\n\n\n<li><strong>Banca: <\/strong>a definir<\/li>\n\n\n\n<li><strong>Escolaridade: <\/strong>n\u00edvel superior<\/li>\n\n\n\n<li><strong>\u00daltimos editais 2018:<\/strong> <a href=\"https:\/\/dhg1h5j42swfq.cloudfront.net\/2018\/08\/31152910\/assistente.pdf\" target=\"_blank\" rel=\"noreferrer noopener nofollow\">Edital Assistente<\/a> | <a href=\"https:\/\/dhg1h5j42swfq.cloudfront.net\/2018\/08\/31152958\/t%C3%A9cnico.pdf\" target=\"_blank\" rel=\"noreferrer noopener nofollow\">Edital T\u00e9cnico<\/a> | <a href=\"https:\/\/dhg1h5j42swfq.cloudfront.net\/2018\/09\/12145842\/ED-1-2018-SEFAZ_RS_AUDITOR_18-Abertura.pdf\" target=\"_blank\" rel=\"noreferrer noopener nofollow\">Edital Auditor<\/a><\/li>\n<\/ul>\n","protected":false},"excerpt":{"rendered":"<p>Em breve, novos concursos estar\u00e3o na pra\u00e7a para Auditor Fiscal e Analista Tribut\u00e1rio! Os novos editais de concurso p\u00fablico da Sefaz RS (Secretaria da Fazenda do Estado do Rio Grande do Sul) para Auditor Fiscal e Analista Tribut\u00e1rio da Receita Estadual seguem avan\u00e7ando nos tr\u00e2mites preparat\u00f3rios. Isso porque foram designadas servidoras para exercer a fun\u00e7\u00e3o [&hellip;]<\/p>\n","protected":false},"author":659,"featured_media":1012339,"comment_status":"open","ping_status":"closed","sticky":false,"template":"","format":"standard","meta":{"post_tipo":"news_page","footnotes":""},"categories":[1983],"tags":[],"tax_estado":[219986],"class_list":["post-138671","post","type-post","status-publish","format-standard","has-post-thumbnail","hentry","category-fiscal-estadual","tax_estado-rs"],"acf":[],"yoast_head":"<!-- This site is optimized with the Yoast SEO Premium plugin v27.2 (Yoast SEO v27.2) - https:\/\/yoast.com\/product\/yoast-seo-premium-wordpress\/ -->\n<title>Concurso Sefaz RS: edital no 1\u00ba semestre de 2026!<\/title>\n<meta name=\"description\" content=\"Concurso Sefaz RS: novo edital ser\u00e1 realizado em 2026 para o cargo de Auditor Fiscal e Analista Tribut\u00e1rio. Confira o que j\u00e1 se sabe!\" \/>\n<meta name=\"robots\" content=\"index, follow, max-snippet:-1, max-image-preview:large, max-video-preview:-1\" \/>\n<link rel=\"canonical\" href=\"https:\/\/www.estrategiaconcursos.com.br\/blog\/concurso-sefaz-rs\/\" \/>\n<meta property=\"og:locale\" content=\"pt_BR\" \/>\n<meta property=\"og:type\" content=\"article\" \/>\n<meta property=\"og:title\" content=\"Concurso Sefaz RS: edital no 1\u00ba semestre de 2026!\" \/>\n<meta property=\"og:description\" content=\"Concurso Sefaz RS: novo edital ser\u00e1 realizado em 2026 para o cargo de Auditor Fiscal e Analista Tribut\u00e1rio. Confira o que j\u00e1 se sabe!\" \/>\n<meta property=\"og:url\" content=\"https:\/\/www.estrategiaconcursos.com.br\/blog\/concurso-sefaz-rs\/\" \/>\n<meta property=\"og:site_name\" content=\"Estrat\u00e9gia Concursos\" \/>\n<meta property=\"article:published_time\" content=\"2026-03-18T19:14:12+00:00\" \/>\n<meta property=\"article:modified_time\" content=\"2026-03-20T14:33:41+00:00\" \/>\n<meta property=\"og:image\" content=\"https:\/\/dhg1h5j42swfq.cloudfront.net\/2022\/04\/20133712\/sefaz_rs.jpg\" \/>\n\t<meta property=\"og:image:width\" content=\"768\" \/>\n\t<meta property=\"og:image:height\" content=\"432\" \/>\n\t<meta property=\"og:image:type\" content=\"image\/jpeg\" \/>\n<meta name=\"author\" content=\"Camila Leite\" \/>\n<meta name=\"twitter:card\" content=\"summary_large_image\" \/>\n<meta name=\"twitter:creator\" content=\"@EstratConcursos\" \/>\n<meta name=\"twitter:site\" content=\"@EstratConcursos\" \/>\n<meta name=\"twitter:label1\" content=\"Escrito por\" \/>\n\t<meta name=\"twitter:data1\" content=\"Camila Leite\" \/>\n\t<meta name=\"twitter:label2\" content=\"Est. tempo de leitura\" \/>\n\t<meta name=\"twitter:data2\" content=\"7 minutos\" \/>\n<script type=\"application\/ld+json\" class=\"yoast-schema-graph\">{\"@context\":\"https:\/\/schema.org\",\"@graph\":[{\"@type\":\"NewsArticle\",\"@id\":\"https:\/\/www.estrategiaconcursos.com.br\/blog\/concurso-sefaz-rs\/#article\",\"isPartOf\":{\"@id\":\"https:\/\/www.estrategiaconcursos.com.br\/blog\/concurso-sefaz-rs\/\"},\"author\":{\"name\":\"Camila Leite\",\"@id\":\"https:\/\/www.estrategiaconcursos.com.br\/blog\/#\/schema\/person\/84ecdc6eb58d3cf1689bf76c5cd8fb38\"},\"headline\":\"Concurso Sefaz RS: edital no 1\u00ba semestre de 2026!\",\"datePublished\":\"2026-03-18T19:14:12+00:00\",\"dateModified\":\"2026-03-20T14:33:41+00:00\",\"mainEntityOfPage\":{\"@id\":\"https:\/\/www.estrategiaconcursos.com.br\/blog\/concurso-sefaz-rs\/\"},\"wordCount\":1489,\"commentCount\":33,\"publisher\":{\"@id\":\"https:\/\/www.estrategiaconcursos.com.br\/blog\/#organization\"},\"image\":{\"@id\":\"https:\/\/www.estrategiaconcursos.com.br\/blog\/concurso-sefaz-rs\/#primaryimage\"},\"thumbnailUrl\":\"https:\/\/dhg1h5j42swfq.cloudfront.net\/2022\/04\/20133712\/sefaz_rs.jpg\",\"articleSection\":[\"Fiscal - Estadual (ICMS)\"],\"inLanguage\":\"pt-BR\",\"potentialAction\":[{\"@type\":\"CommentAction\",\"name\":\"Comment\",\"target\":[\"https:\/\/www.estrategiaconcursos.com.br\/blog\/concurso-sefaz-rs\/#respond\"]}],\"copyrightYear\":\"2026\",\"copyrightHolder\":{\"@id\":\"https:\/\/www.estrategiaconcursos.com.br\/blog\/#organization\"}},{\"@type\":\"WebPage\",\"@id\":\"https:\/\/www.estrategiaconcursos.com.br\/blog\/concurso-sefaz-rs\/\",\"url\":\"https:\/\/www.estrategiaconcursos.com.br\/blog\/concurso-sefaz-rs\/\",\"name\":\"Concurso Sefaz RS: edital no 1\u00ba semestre de 2026!\",\"isPartOf\":{\"@id\":\"https:\/\/www.estrategiaconcursos.com.br\/blog\/#website\"},\"primaryImageOfPage\":{\"@id\":\"https:\/\/www.estrategiaconcursos.com.br\/blog\/concurso-sefaz-rs\/#primaryimage\"},\"image\":{\"@id\":\"https:\/\/www.estrategiaconcursos.com.br\/blog\/concurso-sefaz-rs\/#primaryimage\"},\"thumbnailUrl\":\"https:\/\/dhg1h5j42swfq.cloudfront.net\/2022\/04\/20133712\/sefaz_rs.jpg\",\"datePublished\":\"2026-03-18T19:14:12+00:00\",\"dateModified\":\"2026-03-20T14:33:41+00:00\",\"description\":\"Concurso Sefaz RS: novo edital ser\u00e1 realizado em 2026 para o cargo de Auditor Fiscal e Analista Tribut\u00e1rio. Confira o que j\u00e1 se sabe!\",\"breadcrumb\":{\"@id\":\"https:\/\/www.estrategiaconcursos.com.br\/blog\/concurso-sefaz-rs\/#breadcrumb\"},\"inLanguage\":\"pt-BR\",\"potentialAction\":[{\"@type\":\"ReadAction\",\"target\":[\"https:\/\/www.estrategiaconcursos.com.br\/blog\/concurso-sefaz-rs\/\"]}]},{\"@type\":\"ImageObject\",\"inLanguage\":\"pt-BR\",\"@id\":\"https:\/\/www.estrategiaconcursos.com.br\/blog\/concurso-sefaz-rs\/#primaryimage\",\"url\":\"https:\/\/dhg1h5j42swfq.cloudfront.net\/2022\/04\/20133712\/sefaz_rs.jpg\",\"contentUrl\":\"https:\/\/dhg1h5j42swfq.cloudfront.net\/2022\/04\/20133712\/sefaz_rs.jpg\",\"width\":768,\"height\":432,\"caption\":\"Concurso Sefaz RS aprovados\"},{\"@type\":\"BreadcrumbList\",\"@id\":\"https:\/\/www.estrategiaconcursos.com.br\/blog\/concurso-sefaz-rs\/#breadcrumb\",\"itemListElement\":[{\"@type\":\"ListItem\",\"position\":1,\"name\":\"In\u00edcio\",\"item\":\"https:\/\/www.estrategiaconcursos.com.br\/blog\/\"},{\"@type\":\"ListItem\",\"position\":2,\"name\":\"Concurso Sefaz RS: edital no 1\u00ba semestre de 2026!\"}]},{\"@type\":\"WebSite\",\"@id\":\"https:\/\/www.estrategiaconcursos.com.br\/blog\/#website\",\"url\":\"https:\/\/www.estrategiaconcursos.com.br\/blog\/\",\"name\":\"Estrat\u00e9gia Concursos\",\"description\":\"O blog da Estrat\u00e9gia Concursos traz not\u00edcias sobre concursos e artigos de professores oferecendo cursos para concursos (pdf + videaulas) no site.\",\"publisher\":{\"@id\":\"https:\/\/www.estrategiaconcursos.com.br\/blog\/#organization\"},\"potentialAction\":[{\"@type\":\"SearchAction\",\"target\":{\"@type\":\"EntryPoint\",\"urlTemplate\":\"https:\/\/www.estrategiaconcursos.com.br\/blog\/?s={search_term_string}\"},\"query-input\":{\"@type\":\"PropertyValueSpecification\",\"valueRequired\":true,\"valueName\":\"search_term_string\"}}],\"inLanguage\":\"pt-BR\"},{\"@type\":\"Organization\",\"@id\":\"https:\/\/www.estrategiaconcursos.com.br\/blog\/#organization\",\"name\":\"Estrat\u00e9gia Concursos\",\"url\":\"https:\/\/www.estrategiaconcursos.com.br\/blog\/\",\"logo\":{\"@type\":\"ImageObject\",\"inLanguage\":\"pt-BR\",\"@id\":\"https:\/\/www.estrategiaconcursos.com.br\/blog\/#\/schema\/logo\/image\/\",\"url\":\"https:\/\/dhg1h5j42swfq.cloudfront.net\/2025\/06\/03203428\/logo_concursos-1.jpg\",\"contentUrl\":\"https:\/\/dhg1h5j42swfq.cloudfront.net\/2025\/06\/03203428\/logo_concursos-1.jpg\",\"width\":230,\"height\":60,\"caption\":\"Estrat\u00e9gia Concursos\"},\"image\":{\"@id\":\"https:\/\/www.estrategiaconcursos.com.br\/blog\/#\/schema\/logo\/image\/\"},\"sameAs\":[\"https:\/\/x.com\/EstratConcursos\"]},{\"@type\":\"Person\",\"@id\":\"https:\/\/www.estrategiaconcursos.com.br\/blog\/#\/schema\/person\/84ecdc6eb58d3cf1689bf76c5cd8fb38\",\"name\":\"Camila Leite\",\"image\":{\"@type\":\"ImageObject\",\"inLanguage\":\"pt-BR\",\"@id\":\"https:\/\/secure.gravatar.com\/avatar\/f2f8faef639c8a2bfb7fb909912a56917f4c3a0aed064500168e2fb8ea55cf61?s=96&d=mm&r=g\",\"url\":\"https:\/\/secure.gravatar.com\/avatar\/f2f8faef639c8a2bfb7fb909912a56917f4c3a0aed064500168e2fb8ea55cf61?s=96&d=mm&r=g\",\"contentUrl\":\"https:\/\/secure.gravatar.com\/avatar\/f2f8faef639c8a2bfb7fb909912a56917f4c3a0aed064500168e2fb8ea55cf61?s=96&d=mm&r=g\",\"caption\":\"Camila Leite\"},\"description\":\"Formada em Design Gr\u00e1fico e em Propaganda e Marketing pela UNIP, integra a equipe de jornalismo do Estrat\u00e9gia Concursos desde 2018. Ao longo dos anos, construiu uma s\u00f3lida experi\u00eancia na produ\u00e7\u00e3o de conte\u00fado informativo e relevante para concurseiros. Desde 2020, atua na cobertura das \u00e1reas Fiscal \u2014 com \u00eanfase nas Secretarias de Fazenda (Sefaz) das regi\u00f5es Sul e Sudeste \u2014, al\u00e9m da cobertura de concursos federais, como CNU, Petrobras, CGU, Receita Federal, ag\u00eancias reguladoras (Anvisa, ANAC, entre outras) e INSS. Mant\u00e9m contato direto com os principais \u00f3rg\u00e3os p\u00fablicos, acompanhando editais, atualiza\u00e7\u00f5es e movimenta\u00e7\u00f5es importantes para os candidatos.\",\"sameAs\":[\"https:\/\/www.linkedin.com\/in\/camila-pinheiro-leite-9ba135b6\/\"],\"url\":\"https:\/\/www.estrategiaconcursos.com.br\/blog\/author\/camila-leiteestrategiaconcursos-com-br\/\"}]}<\/script>\n<!-- \/ Yoast SEO Premium plugin. -->","yoast_head_json":{"title":"Concurso Sefaz RS: edital no 1\u00ba semestre de 2026!","description":"Concurso Sefaz RS: novo edital ser\u00e1 realizado em 2026 para o cargo de Auditor Fiscal e Analista Tribut\u00e1rio. Confira o que j\u00e1 se sabe!","robots":{"index":"index","follow":"follow","max-snippet":"max-snippet:-1","max-image-preview":"max-image-preview:large","max-video-preview":"max-video-preview:-1"},"canonical":"https:\/\/www.estrategiaconcursos.com.br\/blog\/concurso-sefaz-rs\/","og_locale":"pt_BR","og_type":"article","og_title":"Concurso Sefaz RS: edital no 1\u00ba semestre de 2026!","og_description":"Concurso Sefaz RS: novo edital ser\u00e1 realizado em 2026 para o cargo de Auditor Fiscal e Analista Tribut\u00e1rio. Confira o que j\u00e1 se sabe!","og_url":"https:\/\/www.estrategiaconcursos.com.br\/blog\/concurso-sefaz-rs\/","og_site_name":"Estrat\u00e9gia Concursos","article_published_time":"2026-03-18T19:14:12+00:00","article_modified_time":"2026-03-20T14:33:41+00:00","og_image":[{"width":768,"height":432,"url":"https:\/\/dhg1h5j42swfq.cloudfront.net\/2022\/04\/20133712\/sefaz_rs.jpg","type":"image\/jpeg"}],"author":"Camila Leite","twitter_card":"summary_large_image","twitter_creator":"@EstratConcursos","twitter_site":"@EstratConcursos","twitter_misc":{"Escrito por":"Camila Leite","Est. tempo de leitura":"7 minutos"},"schema":{"@context":"https:\/\/schema.org","@graph":[{"@type":"NewsArticle","@id":"https:\/\/www.estrategiaconcursos.com.br\/blog\/concurso-sefaz-rs\/#article","isPartOf":{"@id":"https:\/\/www.estrategiaconcursos.com.br\/blog\/concurso-sefaz-rs\/"},"author":{"name":"Camila Leite","@id":"https:\/\/www.estrategiaconcursos.com.br\/blog\/#\/schema\/person\/84ecdc6eb58d3cf1689bf76c5cd8fb38"},"headline":"Concurso Sefaz RS: edital no 1\u00ba semestre de 2026!","datePublished":"2026-03-18T19:14:12+00:00","dateModified":"2026-03-20T14:33:41+00:00","mainEntityOfPage":{"@id":"https:\/\/www.estrategiaconcursos.com.br\/blog\/concurso-sefaz-rs\/"},"wordCount":1489,"commentCount":33,"publisher":{"@id":"https:\/\/www.estrategiaconcursos.com.br\/blog\/#organization"},"image":{"@id":"https:\/\/www.estrategiaconcursos.com.br\/blog\/concurso-sefaz-rs\/#primaryimage"},"thumbnailUrl":"https:\/\/dhg1h5j42swfq.cloudfront.net\/2022\/04\/20133712\/sefaz_rs.jpg","articleSection":["Fiscal - Estadual (ICMS)"],"inLanguage":"pt-BR","potentialAction":[{"@type":"CommentAction","name":"Comment","target":["https:\/\/www.estrategiaconcursos.com.br\/blog\/concurso-sefaz-rs\/#respond"]}],"copyrightYear":"2026","copyrightHolder":{"@id":"https:\/\/www.estrategiaconcursos.com.br\/blog\/#organization"}},{"@type":"WebPage","@id":"https:\/\/www.estrategiaconcursos.com.br\/blog\/concurso-sefaz-rs\/","url":"https:\/\/www.estrategiaconcursos.com.br\/blog\/concurso-sefaz-rs\/","name":"Concurso Sefaz RS: edital no 1\u00ba semestre de 2026!","isPartOf":{"@id":"https:\/\/www.estrategiaconcursos.com.br\/blog\/#website"},"primaryImageOfPage":{"@id":"https:\/\/www.estrategiaconcursos.com.br\/blog\/concurso-sefaz-rs\/#primaryimage"},"image":{"@id":"https:\/\/www.estrategiaconcursos.com.br\/blog\/concurso-sefaz-rs\/#primaryimage"},"thumbnailUrl":"https:\/\/dhg1h5j42swfq.cloudfront.net\/2022\/04\/20133712\/sefaz_rs.jpg","datePublished":"2026-03-18T19:14:12+00:00","dateModified":"2026-03-20T14:33:41+00:00","description":"Concurso Sefaz RS: novo edital ser\u00e1 realizado em 2026 para o cargo de Auditor Fiscal e Analista Tribut\u00e1rio. Confira o que j\u00e1 se sabe!","breadcrumb":{"@id":"https:\/\/www.estrategiaconcursos.com.br\/blog\/concurso-sefaz-rs\/#breadcrumb"},"inLanguage":"pt-BR","potentialAction":[{"@type":"ReadAction","target":["https:\/\/www.estrategiaconcursos.com.br\/blog\/concurso-sefaz-rs\/"]}]},{"@type":"ImageObject","inLanguage":"pt-BR","@id":"https:\/\/www.estrategiaconcursos.com.br\/blog\/concurso-sefaz-rs\/#primaryimage","url":"https:\/\/dhg1h5j42swfq.cloudfront.net\/2022\/04\/20133712\/sefaz_rs.jpg","contentUrl":"https:\/\/dhg1h5j42swfq.cloudfront.net\/2022\/04\/20133712\/sefaz_rs.jpg","width":768,"height":432,"caption":"Concurso Sefaz RS aprovados"},{"@type":"BreadcrumbList","@id":"https:\/\/www.estrategiaconcursos.com.br\/blog\/concurso-sefaz-rs\/#breadcrumb","itemListElement":[{"@type":"ListItem","position":1,"name":"In\u00edcio","item":"https:\/\/www.estrategiaconcursos.com.br\/blog\/"},{"@type":"ListItem","position":2,"name":"Concurso Sefaz RS: edital no 1\u00ba semestre de 2026!"}]},{"@type":"WebSite","@id":"https:\/\/www.estrategiaconcursos.com.br\/blog\/#website","url":"https:\/\/www.estrategiaconcursos.com.br\/blog\/","name":"Estrat\u00e9gia Concursos","description":"O blog da Estrat\u00e9gia Concursos traz not\u00edcias sobre concursos e artigos de professores oferecendo cursos para concursos (pdf + videaulas) no site.","publisher":{"@id":"https:\/\/www.estrategiaconcursos.com.br\/blog\/#organization"},"potentialAction":[{"@type":"SearchAction","target":{"@type":"EntryPoint","urlTemplate":"https:\/\/www.estrategiaconcursos.com.br\/blog\/?s={search_term_string}"},"query-input":{"@type":"PropertyValueSpecification","valueRequired":true,"valueName":"search_term_string"}}],"inLanguage":"pt-BR"},{"@type":"Organization","@id":"https:\/\/www.estrategiaconcursos.com.br\/blog\/#organization","name":"Estrat\u00e9gia Concursos","url":"https:\/\/www.estrategiaconcursos.com.br\/blog\/","logo":{"@type":"ImageObject","inLanguage":"pt-BR","@id":"https:\/\/www.estrategiaconcursos.com.br\/blog\/#\/schema\/logo\/image\/","url":"https:\/\/dhg1h5j42swfq.cloudfront.net\/2025\/06\/03203428\/logo_concursos-1.jpg","contentUrl":"https:\/\/dhg1h5j42swfq.cloudfront.net\/2025\/06\/03203428\/logo_concursos-1.jpg","width":230,"height":60,"caption":"Estrat\u00e9gia Concursos"},"image":{"@id":"https:\/\/www.estrategiaconcursos.com.br\/blog\/#\/schema\/logo\/image\/"},"sameAs":["https:\/\/x.com\/EstratConcursos"]},{"@type":"Person","@id":"https:\/\/www.estrategiaconcursos.com.br\/blog\/#\/schema\/person\/84ecdc6eb58d3cf1689bf76c5cd8fb38","name":"Camila Leite","image":{"@type":"ImageObject","inLanguage":"pt-BR","@id":"https:\/\/secure.gravatar.com\/avatar\/f2f8faef639c8a2bfb7fb909912a56917f4c3a0aed064500168e2fb8ea55cf61?s=96&d=mm&r=g","url":"https:\/\/secure.gravatar.com\/avatar\/f2f8faef639c8a2bfb7fb909912a56917f4c3a0aed064500168e2fb8ea55cf61?s=96&d=mm&r=g","contentUrl":"https:\/\/secure.gravatar.com\/avatar\/f2f8faef639c8a2bfb7fb909912a56917f4c3a0aed064500168e2fb8ea55cf61?s=96&d=mm&r=g","caption":"Camila Leite"},"description":"Formada em Design Gr\u00e1fico e em Propaganda e Marketing pela UNIP, integra a equipe de jornalismo do Estrat\u00e9gia Concursos desde 2018. Ao longo dos anos, construiu uma s\u00f3lida experi\u00eancia na produ\u00e7\u00e3o de conte\u00fado informativo e relevante para concurseiros. Desde 2020, atua na cobertura das \u00e1reas Fiscal \u2014 com \u00eanfase nas Secretarias de Fazenda (Sefaz) das regi\u00f5es Sul e Sudeste \u2014, al\u00e9m da cobertura de concursos federais, como CNU, Petrobras, CGU, Receita Federal, ag\u00eancias reguladoras (Anvisa, ANAC, entre outras) e INSS. Mant\u00e9m contato direto com os principais \u00f3rg\u00e3os p\u00fablicos, acompanhando editais, atualiza\u00e7\u00f5es e movimenta\u00e7\u00f5es importantes para os candidatos.","sameAs":["https:\/\/www.linkedin.com\/in\/camila-pinheiro-leite-9ba135b6\/"],"url":"https:\/\/www.estrategiaconcursos.com.br\/blog\/author\/camila-leiteestrategiaconcursos-com-br\/"}]}},"_links":{"self":[{"href":"https:\/\/www.estrategiaconcursos.com.br\/blog\/wp-json\/wp\/v2\/posts\/138671","targetHints":{"allow":["GET"]}}],"collection":[{"href":"https:\/\/www.estrategiaconcursos.com.br\/blog\/wp-json\/wp\/v2\/posts"}],"about":[{"href":"https:\/\/www.estrategiaconcursos.com.br\/blog\/wp-json\/wp\/v2\/types\/post"}],"author":[{"embeddable":true,"href":"https:\/\/www.estrategiaconcursos.com.br\/blog\/wp-json\/wp\/v2\/users\/659"}],"replies":[{"embeddable":true,"href":"https:\/\/www.estrategiaconcursos.com.br\/blog\/wp-json\/wp\/v2\/comments?post=138671"}],"version-history":[{"count":127,"href":"https:\/\/www.estrategiaconcursos.com.br\/blog\/wp-json\/wp\/v2\/posts\/138671\/revisions"}],"predecessor-version":[{"id":1740807,"href":"https:\/\/www.estrategiaconcursos.com.br\/blog\/wp-json\/wp\/v2\/posts\/138671\/revisions\/1740807"}],"wp:featuredmedia":[{"embeddable":true,"href":"https:\/\/www.estrategiaconcursos.com.br\/blog\/wp-json\/wp\/v2\/media\/1012339"}],"wp:attachment":[{"href":"https:\/\/www.estrategiaconcursos.com.br\/blog\/wp-json\/wp\/v2\/media?parent=138671"}],"wp:term":[{"taxonomy":"category","embeddable":true,"href":"https:\/\/www.estrategiaconcursos.com.br\/blog\/wp-json\/wp\/v2\/categories?post=138671"},{"taxonomy":"post_tag","embeddable":true,"href":"https:\/\/www.estrategiaconcursos.com.br\/blog\/wp-json\/wp\/v2\/tags?post=138671"},{"taxonomy":"tax_estado","embeddable":true,"href":"https:\/\/www.estrategiaconcursos.com.br\/blog\/wp-json\/wp\/v2\/tax_estado?post=138671"}],"curies":[{"name":"wp","href":"https:\/\/api.w.org\/{rel}","templated":true}]}}