{"id":138666,"date":"2018-09-01T07:54:40","date_gmt":"2018-09-01T10:54:40","guid":{"rendered":"https:\/\/www.estrategiaconcursos.com.br\/blog\/?p=138666"},"modified":"2018-09-01T08:24:47","modified_gmt":"2018-09-01T11:24:47","slug":"cespe-prova-iphan-arquiteto-26-08-2018-comentarios","status":"publish","type":"post","link":"https:\/\/www.estrategiaconcursos.com.br\/blog\/cespe-prova-iphan-arquiteto-26-08-2018-comentarios\/","title":{"rendered":"CESPE &#8211; Prova IPHAN arquiteto &#8211; 26\/08\/2018 &#8211; coment\u00e1rios"},"content":{"rendered":"<p>Oi pessoal!<\/p>\n<p>A pedidos, vou postar mais algumas quest\u00f5es comentadas!<\/p>\n<p><strong><span style=\"font-size: 14pt\">81.<\/span><\/strong><\/p>\n<p>Reabilita\u00e7\u00e3o consiste em um conjunto de opera\u00e7\u00f5es desenvolvidas em \u00e1reas urbanas degradadas de valor hist\u00f3rico, visando-se \u00e0 consequente melhoria da qualidade geral de tais \u00e1reas ou conjuntos urbanos.<\/p>\n<p><strong>Coment\u00e1rios<\/strong><\/p>\n<p>No Caderno T\u00e9cnico \u201cManual de Elabora\u00e7\u00e3o de Projetos\u201d do IPHAN, temos as seguintes defini\u00e7\u00f5es: (IPHAN, 2005)<\/p>\n<p><strong><em>2.2.1.5. Reabilita\u00e7\u00e3o<\/em><\/strong><em> &#8211; conjunto de opera\u00e7\u00f5es destinadas a tornar apto o edif\u00edcio a novos usos, diferente para o qual foi concebido.<\/em><\/p>\n<p><strong><em>2.2.1.9. Revitaliza\u00e7\u00e3o<\/em><\/strong><em> &#8211; conjunto de opera\u00e7\u00f5es desenvolvidas em \u00e1reas urbanas degradadas ou conjuntos de edifica\u00e7\u00f5es de valor hist\u00f3rico de apoio \u00e0 \u201creabilita\u00e7\u00e3o\u201d das estruturas sociais, econ\u00f4micas e culturais locais, procurando a conseq\u00fcente melhoria da qualidade geral dessas \u00e1reas ou conjuntos urbanos.<\/em><\/p>\n<p><a href=\"http:\/\/portal.iphan.gov.br\/uploads\/publicacao\/CadTec1_Manual_de_Elaboracao_de_Projetos_m.pdf\">http:\/\/portal.iphan.gov.br\/uploads\/publicacao\/CadTec1_Manual_de_Elaboracao_de_Projetos_m.pdf<\/a><\/p>\n<p><strong><span style=\"color: #339966\">Gabarito: ERRADA<\/span><\/strong><\/p>\n<p>Acerca de m\u00e9todos e materiais utilizados em restaura\u00e7\u00e3o, consolida\u00e7\u00e3o e conserva\u00e7\u00e3o de edifica\u00e7\u00f5es, julgue os pr\u00f3ximos itens.<\/p>\n<p><strong><span style=\"font-size: 14pt\">90.<\/span><\/strong><\/p>\n<p>Em uma edifica\u00e7\u00e3o cujo reboco se apresenta bem conservado, mas com algumas partes ausentes ou danificadas por patologias em decorr\u00eancia de umidade ascendente, n\u00e3o \u00e9 necess\u00e1ria a substitui\u00e7\u00e3o sistem\u00e1tica de todo o revestimento, nem a pintura das fachadas exteriores, bastando a repara\u00e7\u00e3o das partes em falta pelo emprego de argamassas cromaticamente controladas ou pela utiliza\u00e7\u00e3o de t\u00e9cnicas de tipo pict\u00f3rico de recupera\u00e7\u00e3o em pinturas.<\/p>\n<p><strong>Coment\u00e1rios<\/strong><\/p>\n<p>Vamos \u00e0 \u201cCartas do Restauro\u201d: (observa\u00e7\u00e3o: ortografia antiga)<\/p>\n<p><span style=\"font-size: 10pt\"><u><a href=\"https:\/\/5cidade.files.wordpress.com\/2008\/04\/fundamentacao-teorica-do-restauro.pdf\">https:\/\/5cidade.files.wordpress.com\/2008\/04\/fundamentacao-teorica-do-restauro.pdf<\/a><\/u><\/span><\/p>\n<p><strong><em>CRIT\u00c9RIOS V\u00c1LIDOS PARA TRABALHOS ESPEC\u00cdFICOS<\/em><\/strong><\/p>\n<p><em>Em conformidade com estas indica\u00e7\u00f5es metodol\u00f3gicas, as modalidades para se executarem interven\u00e7\u00f5es correctas sobre as superf\u00edcies das fachadas dos edif\u00edcios podem ser exemplificadas pelos casos seguintes:<\/em><\/p>\n<p><em>(&#8230;)<\/em><\/p>\n<p><em>&#8211; O reboco apresenta-se bem conservada, mas algumas partes (mais ou menos amplas) est\u00e3o ausentes. A presen\u00e7a de lacunas (localizadas frequentemente na base da constru\u00e7\u00e3o, por patologias consequentes da humidade ascendente) n\u00e3o justifica (seja em termos culturais, seja em termos econ\u00f3micos) nem a substitui\u00e7\u00e3o sistem\u00e1tica de todo o revestimento nem a pintura das fachadas exteriores.<\/em><\/p>\n<p><strong><span style=\"color: #339966\">Gabarito: CERTA<\/span><\/strong><\/p>\n<p><strong><span style=\"font-size: 14pt\">91.<\/span><\/strong><\/p>\n<p>\u00c9 ineficaz a realiza\u00e7\u00e3o de obras de conserva\u00e7\u00e3o ou de manuten\u00e7\u00e3o em parede cujo reboco esteja irrecuper\u00e1vel ou completamente ausente, uma vez que o dano fez que o edif\u00edcio perdesse a sua imagem.<\/p>\n<p><strong>Coment\u00e1rios<\/strong><\/p>\n<p>No Caderno T\u00e9cnico \u201cManual de Elabora\u00e7\u00e3o de Projetos\u201d do IPHAN, temos as seguintes defini\u00e7\u00f5es: (IPHAN, 2005)<\/p>\n<p><strong><em>2.2.1.2. Conserva\u00e7\u00e3o<\/em><\/strong><em> &#8211; conjunto de a\u00e7\u00f5es destinadas a prolongar o tempo de vida de determinado Bem cultural. Engloba um ou mais tipos de interven\u00e7\u00f5es.<\/em><\/p>\n<p><strong><em>2.2.1.3.<\/em><\/strong><em> <strong>Manuten\u00e7\u00e3o<\/strong> &#8211; conjunto de opera\u00e7\u00f5es preventivas destinadas a manter em bom funcionamento e uso, em especial, a edifica\u00e7\u00e3o. S\u00e3o exemplos: inspe\u00e7\u00f5es rotineiras, a limpeza di\u00e1ria ou peri\u00f3dica, pinturas, imuniza\u00e7\u00f5es, reposi\u00e7\u00e3o de telhas danificadas, inspe\u00e7\u00e3o nos sistemas hidro-sanit\u00e1rio, el\u00e9trico e outras.<\/em><\/p>\n<p>Trouxe essas defini\u00e7\u00f5es para que raciocinemos que tais medidas n\u00e3o cabem a partes irrecuper\u00e1veis do edif\u00edcio.<\/p>\n<p>Voltemos \u00e0 \u201cCarta do Restauro\u201d: (Governo It\u00e1lia, 1972)<\/p>\n<p><em>O reboco est\u00e1 em p\u00e9ssimas condi\u00e7\u00f5es e irrecuper\u00e1vel, ou completamente ausente. Neste caso \u00e9 f\u00fatil encararem-se obras de conserva\u00e7\u00e3o ou de manuten\u00e7\u00e3o. Encontramo-nos perante um problema de reintegra\u00e7\u00e3o da imagem, a ser conduzido com rigor filol\u00f3gico e sentido cr\u00edtico; os edif\u00edcios danificados perderam, de facto, a sua imagem assumindo o aspecto de figuras mutiladas. Na proposta de um novo reboco devem-se evitar, assim, quaisquer tentativas de reposi\u00e7\u00e3o de um inveros\u00edmil \u201cestado original\u201d, ou de procura de efeitos de \u201ctra\u00e7o antigo\u201d, ou de imita\u00e7\u00f5es \u201cao estilo\u201d. Devem-se resolver os problemas de reinterpreta\u00e7\u00e3o desse edif\u00edcio, procurando-se o objectivo da defini\u00e7\u00e3o caso a caso, dentro dos limites crom\u00e1ticos, historicamente circunscritos, propostos pelo ambiente.<\/em><\/p>\n<p><strong><span style=\"color: #339966\">Gabarito: CERTA<\/span><\/strong><\/p>\n<p><strong><span style=\"font-size: 14pt\">117.<\/span><\/strong><\/p>\n<p>A substitui\u00e7\u00e3o do arquiteto respons\u00e1vel t\u00e9cnico pela obra \u00e9 legalmente aceit\u00e1vel, pois o substituto tem a mesma forma\u00e7\u00e3o acad\u00eamica do profissional inicialmente indicado no processo licitat\u00f3rio.<\/p>\n<p><strong>Coment\u00e1rios<\/strong><\/p>\n<p>Lei 8.666\/93:<\/p>\n<p><strong>Art. 30.<\/strong> A documenta\u00e7\u00e3o relativa \u00e0 qualifica\u00e7\u00e3o t\u00e9cnica limitar-se-\u00e1 a:<\/p>\n<p><strong>I<\/strong> &#8211; registro ou inscri\u00e7\u00e3o na entidade profissional competente;<\/p>\n<p><strong>II<\/strong> &#8211; comprova\u00e7\u00e3o de aptid\u00e3o para desempenho de atividade pertinente e compat\u00edvel em caracter\u00edsticas, quantidades e prazos com o objeto da licita\u00e7\u00e3o, e indica\u00e7\u00e3o das instala\u00e7\u00f5es e do aparelhamento e do pessoal t\u00e9cnico adequados e dispon\u00edveis para a realiza\u00e7\u00e3o do objeto da licita\u00e7\u00e3o, bem como da qualifica\u00e7\u00e3o de cada um dos membros da equipe t\u00e9cnica que se responsabilizar\u00e1 pelos trabalhos;<\/p>\n<p><strong>III <\/strong>&#8211; comprova\u00e7\u00e3o, fornecida pelo \u00f3rg\u00e3o licitante, de que recebeu os documentos, e, quando exigido, de que tomou conhecimento de todas as informa\u00e7\u00f5es e das condi\u00e7\u00f5es locais para o cumprimento das obriga\u00e7\u00f5es objeto da licita\u00e7\u00e3o;<\/p>\n<p><strong>IV <\/strong>&#8211; prova de atendimento de requisitos previstos em lei especial, quando for o caso.<\/p>\n<ul>\n<li><strong> 1<\/strong><strong>\u00b0<\/strong> A comprova\u00e7\u00e3o de aptid\u00e3o referida no inciso II do &#8220;caput&#8221; deste artigo, no caso das licita\u00e7\u00f5es pertinentes a obras e servi\u00e7os, ser\u00e1 feita por atestados fornecidos por pessoas jur\u00eddicas de direito p\u00fablico ou privado, devidamente registrados nas entidades profissionais competentes, limitadas as exig\u00eancias a: (Reda\u00e7\u00e3o dada pela Lei n\u00ba 8.883, de 1994)<\/li>\n<\/ul>\n<p><strong>I <\/strong>&#8211; capacita\u00e7\u00e3o t\u00e9cnico-profissional: comprova\u00e7\u00e3o do licitante de possuir em seu quadro permanente, na data prevista para entrega da proposta, profissional de n\u00edvel superior ou outro devidamente reconhecido pela entidade competente, detentor de atestado de responsabilidade t\u00e9cnica por execu\u00e7\u00e3o de obra ou servi\u00e7o de caracter\u00edsticas semelhantes, limitadas estas exclusivamente \u00e0s parcelas de maior relev\u00e2ncia e valor significativo do objeto da licita\u00e7\u00e3o, vedadas as exig\u00eancias de quantidades m\u00ednimas ou prazos m\u00e1ximos; (Inclu\u00eddo pela Lei n\u00ba 8.883, de 1994)<\/p>\n<p>(&#8230;)<\/p>\n<ul>\n<li><strong> 10.<\/strong> Os profissionais indicados pelo licitante para fins de comprova\u00e7\u00e3o da capacita\u00e7\u00e3o t\u00e9cnico-operacional de que trata o inciso I do \u00a7 1\u00ba deste artigo dever\u00e3o participar da obra ou servi\u00e7o objeto da licita\u00e7\u00e3o, admitindo-se a substitui\u00e7\u00e3o por profissionais de experi\u00eancia equivalente ou superior, desde que aprovada pela administra\u00e7\u00e3o. (Inclu\u00eddo pela Lei n\u00ba 8.883, de 1994)<\/li>\n<\/ul>\n<p>Como podemos perceber, a substitui\u00e7\u00e3o n\u00e3o pode se dar por um arquiteto rec\u00e9m-formado, pois o mesmo n\u00e3o ter\u00e1 tido a experi\u00eancia necess\u00e1ria e, devidamente comprovada por atestados, em outras obras de caracter\u00edsticas semelhantes.<\/p>\n<p><strong><span style=\"color: #339966\">Gabarito: ERRADA<\/span><\/strong><\/p>\n<p>Abra\u00e7os e boa sorte! Moema<\/p>\n<p>OBS.: N\u00e3o esque\u00e7am de nos dar um feedback de que como foram na prova!<\/p>\n<p>https:\/\/www.estrategiaconcursos.com.br\/curso\/arquitetura-para-concursos-curso-regular-2018\/<\/p>\n<p>&nbsp;<\/p>\n<p>&nbsp;<\/p>\n","protected":false},"excerpt":{"rendered":"<p>Oi pessoal! A pedidos, vou postar mais algumas quest\u00f5es comentadas! 81. Reabilita\u00e7\u00e3o consiste em um conjunto de opera\u00e7\u00f5es desenvolvidas em \u00e1reas urbanas degradadas de valor hist\u00f3rico, visando-se \u00e0 consequente melhoria da qualidade geral de tais \u00e1reas ou conjuntos urbanos. Coment\u00e1rios No Caderno T\u00e9cnico \u201cManual de Elabora\u00e7\u00e3o de Projetos\u201d do IPHAN, temos as seguintes defini\u00e7\u00f5es: (IPHAN, [&hellip;]<\/p>\n","protected":false},"author":524,"featured_media":0,"comment_status":"open","ping_status":"closed","sticky":false,"template":"","format":"standard","meta":{"post_tipo":"article","footnotes":""},"categories":[1],"tags":[],"tax_estado":[],"class_list":["post-138666","post","type-post","status-publish","format-standard","hentry","category-cursos-e-concursos"],"acf":[],"yoast_head":"<!-- This site is optimized with the Yoast SEO Premium plugin v27.2 (Yoast SEO v27.2) - https:\/\/yoast.com\/product\/yoast-seo-premium-wordpress\/ -->\n<title>CESPE - Prova IPHAN arquiteto - 26\/08\/2018 - coment\u00e1rios<\/title>\n<meta name=\"robots\" content=\"index, follow, max-snippet:-1, max-image-preview:large, max-video-preview:-1\" \/>\n<link rel=\"canonical\" href=\"https:\/\/www.estrategiaconcursos.com.br\/blog\/cespe-prova-iphan-arquiteto-26-08-2018-comentarios\/\" \/>\n<meta property=\"og:locale\" content=\"pt_BR\" \/>\n<meta property=\"og:type\" content=\"article\" \/>\n<meta property=\"og:title\" content=\"CESPE - Prova IPHAN arquiteto - 26\/08\/2018 - coment\u00e1rios\" \/>\n<meta property=\"og:description\" content=\"Oi pessoal! A pedidos, vou postar mais algumas quest\u00f5es comentadas! 81. Reabilita\u00e7\u00e3o consiste em um conjunto de opera\u00e7\u00f5es desenvolvidas em \u00e1reas urbanas degradadas de valor hist\u00f3rico, visando-se \u00e0 consequente melhoria da qualidade geral de tais \u00e1reas ou conjuntos urbanos. Coment\u00e1rios No Caderno T\u00e9cnico \u201cManual de Elabora\u00e7\u00e3o de Projetos\u201d do IPHAN, temos as seguintes defini\u00e7\u00f5es: (IPHAN, [&hellip;]\" \/>\n<meta property=\"og:url\" content=\"https:\/\/www.estrategiaconcursos.com.br\/blog\/cespe-prova-iphan-arquiteto-26-08-2018-comentarios\/\" \/>\n<meta property=\"og:site_name\" content=\"Estrat\u00e9gia Concursos\" \/>\n<meta property=\"article:published_time\" content=\"2018-09-01T10:54:40+00:00\" \/>\n<meta property=\"article:modified_time\" content=\"2018-09-01T11:24:47+00:00\" \/>\n<meta name=\"author\" content=\"Moema Machado\" \/>\n<meta name=\"twitter:card\" content=\"summary_large_image\" \/>\n<meta name=\"twitter:creator\" content=\"@EstratConcursos\" \/>\n<meta name=\"twitter:site\" content=\"@EstratConcursos\" \/>\n<meta name=\"twitter:label1\" content=\"Escrito por\" \/>\n\t<meta name=\"twitter:data1\" content=\"Moema Machado\" \/>\n\t<meta name=\"twitter:label2\" content=\"Est. tempo de leitura\" \/>\n\t<meta name=\"twitter:data2\" content=\"6 minutos\" \/>\n<script type=\"application\/ld+json\" class=\"yoast-schema-graph\">{\"@context\":\"https:\/\/schema.org\",\"@graph\":[{\"@type\":\"NewsArticle\",\"@id\":\"https:\/\/www.estrategiaconcursos.com.br\/blog\/cespe-prova-iphan-arquiteto-26-08-2018-comentarios\/#article\",\"isPartOf\":{\"@id\":\"https:\/\/www.estrategiaconcursos.com.br\/blog\/cespe-prova-iphan-arquiteto-26-08-2018-comentarios\/\"},\"author\":{\"name\":\"Moema Machado\",\"@id\":\"https:\/\/www.estrategiaconcursos.com.br\/blog\/#\/schema\/person\/e2a129484af400a0e96b32dee7e7008a\"},\"headline\":\"CESPE &#8211; Prova IPHAN arquiteto &#8211; 26\/08\/2018 &#8211; coment\u00e1rios\",\"datePublished\":\"2018-09-01T10:54:40+00:00\",\"dateModified\":\"2018-09-01T11:24:47+00:00\",\"mainEntityOfPage\":{\"@id\":\"https:\/\/www.estrategiaconcursos.com.br\/blog\/cespe-prova-iphan-arquiteto-26-08-2018-comentarios\/\"},\"wordCount\":1129,\"commentCount\":0,\"publisher\":{\"@id\":\"https:\/\/www.estrategiaconcursos.com.br\/blog\/#organization\"},\"articleSection\":[\"Concursos P\u00fablicos\"],\"inLanguage\":\"pt-BR\",\"potentialAction\":[{\"@type\":\"CommentAction\",\"name\":\"Comment\",\"target\":[\"https:\/\/www.estrategiaconcursos.com.br\/blog\/cespe-prova-iphan-arquiteto-26-08-2018-comentarios\/#respond\"]}],\"copyrightYear\":\"2018\",\"copyrightHolder\":{\"@id\":\"https:\/\/www.estrategiaconcursos.com.br\/blog\/#organization\"}},{\"@type\":\"WebPage\",\"@id\":\"https:\/\/www.estrategiaconcursos.com.br\/blog\/cespe-prova-iphan-arquiteto-26-08-2018-comentarios\/\",\"url\":\"https:\/\/www.estrategiaconcursos.com.br\/blog\/cespe-prova-iphan-arquiteto-26-08-2018-comentarios\/\",\"name\":\"CESPE - Prova IPHAN arquiteto - 26\/08\/2018 - coment\u00e1rios\",\"isPartOf\":{\"@id\":\"https:\/\/www.estrategiaconcursos.com.br\/blog\/#website\"},\"datePublished\":\"2018-09-01T10:54:40+00:00\",\"dateModified\":\"2018-09-01T11:24:47+00:00\",\"breadcrumb\":{\"@id\":\"https:\/\/www.estrategiaconcursos.com.br\/blog\/cespe-prova-iphan-arquiteto-26-08-2018-comentarios\/#breadcrumb\"},\"inLanguage\":\"pt-BR\",\"potentialAction\":[{\"@type\":\"ReadAction\",\"target\":[\"https:\/\/www.estrategiaconcursos.com.br\/blog\/cespe-prova-iphan-arquiteto-26-08-2018-comentarios\/\"]}]},{\"@type\":\"BreadcrumbList\",\"@id\":\"https:\/\/www.estrategiaconcursos.com.br\/blog\/cespe-prova-iphan-arquiteto-26-08-2018-comentarios\/#breadcrumb\",\"itemListElement\":[{\"@type\":\"ListItem\",\"position\":1,\"name\":\"In\u00edcio\",\"item\":\"https:\/\/www.estrategiaconcursos.com.br\/blog\/\"},{\"@type\":\"ListItem\",\"position\":2,\"name\":\"CESPE &#8211; Prova IPHAN arquiteto &#8211; 26\/08\/2018 &#8211; coment\u00e1rios\"}]},{\"@type\":\"WebSite\",\"@id\":\"https:\/\/www.estrategiaconcursos.com.br\/blog\/#website\",\"url\":\"https:\/\/www.estrategiaconcursos.com.br\/blog\/\",\"name\":\"Estrat\u00e9gia Concursos\",\"description\":\"O blog da Estrat\u00e9gia Concursos traz not\u00edcias sobre concursos e artigos de professores oferecendo cursos para concursos (pdf + videaulas) no site.\",\"publisher\":{\"@id\":\"https:\/\/www.estrategiaconcursos.com.br\/blog\/#organization\"},\"potentialAction\":[{\"@type\":\"SearchAction\",\"target\":{\"@type\":\"EntryPoint\",\"urlTemplate\":\"https:\/\/www.estrategiaconcursos.com.br\/blog\/?s={search_term_string}\"},\"query-input\":{\"@type\":\"PropertyValueSpecification\",\"valueRequired\":true,\"valueName\":\"search_term_string\"}}],\"inLanguage\":\"pt-BR\"},{\"@type\":\"Organization\",\"@id\":\"https:\/\/www.estrategiaconcursos.com.br\/blog\/#organization\",\"name\":\"Estrat\u00e9gia Concursos\",\"url\":\"https:\/\/www.estrategiaconcursos.com.br\/blog\/\",\"logo\":{\"@type\":\"ImageObject\",\"inLanguage\":\"pt-BR\",\"@id\":\"https:\/\/www.estrategiaconcursos.com.br\/blog\/#\/schema\/logo\/image\/\",\"url\":\"https:\/\/dhg1h5j42swfq.cloudfront.net\/2025\/06\/03203428\/logo_concursos-1.jpg\",\"contentUrl\":\"https:\/\/dhg1h5j42swfq.cloudfront.net\/2025\/06\/03203428\/logo_concursos-1.jpg\",\"width\":230,\"height\":60,\"caption\":\"Estrat\u00e9gia Concursos\"},\"image\":{\"@id\":\"https:\/\/www.estrategiaconcursos.com.br\/blog\/#\/schema\/logo\/image\/\"},\"sameAs\":[\"https:\/\/x.com\/EstratConcursos\"]},{\"@type\":\"Person\",\"@id\":\"https:\/\/www.estrategiaconcursos.com.br\/blog\/#\/schema\/person\/e2a129484af400a0e96b32dee7e7008a\",\"name\":\"Moema Machado\",\"image\":{\"@type\":\"ImageObject\",\"inLanguage\":\"pt-BR\",\"@id\":\"https:\/\/secure.gravatar.com\/avatar\/f6d4a54cce2f69a49a4fd2959222dd05dc4a6436cf3a28026212f62072fe4560?s=96&d=mm&r=g\",\"url\":\"https:\/\/secure.gravatar.com\/avatar\/f6d4a54cce2f69a49a4fd2959222dd05dc4a6436cf3a28026212f62072fe4560?s=96&d=mm&r=g\",\"contentUrl\":\"https:\/\/secure.gravatar.com\/avatar\/f6d4a54cce2f69a49a4fd2959222dd05dc4a6436cf3a28026212f62072fe4560?s=96&d=mm&r=g\",\"caption\":\"Moema Machado\"},\"url\":\"https:\/\/www.estrategiaconcursos.com.br\/blog\/author\/moemamoemamachado-com-br\/\"}]}<\/script>\n<!-- \/ Yoast SEO Premium plugin. -->","yoast_head_json":{"title":"CESPE - Prova IPHAN arquiteto - 26\/08\/2018 - coment\u00e1rios","robots":{"index":"index","follow":"follow","max-snippet":"max-snippet:-1","max-image-preview":"max-image-preview:large","max-video-preview":"max-video-preview:-1"},"canonical":"https:\/\/www.estrategiaconcursos.com.br\/blog\/cespe-prova-iphan-arquiteto-26-08-2018-comentarios\/","og_locale":"pt_BR","og_type":"article","og_title":"CESPE - Prova IPHAN arquiteto - 26\/08\/2018 - coment\u00e1rios","og_description":"Oi pessoal! A pedidos, vou postar mais algumas quest\u00f5es comentadas! 81. Reabilita\u00e7\u00e3o consiste em um conjunto de opera\u00e7\u00f5es desenvolvidas em \u00e1reas urbanas degradadas de valor hist\u00f3rico, visando-se \u00e0 consequente melhoria da qualidade geral de tais \u00e1reas ou conjuntos urbanos. Coment\u00e1rios No Caderno T\u00e9cnico \u201cManual de Elabora\u00e7\u00e3o de Projetos\u201d do IPHAN, temos as seguintes defini\u00e7\u00f5es: (IPHAN, [&hellip;]","og_url":"https:\/\/www.estrategiaconcursos.com.br\/blog\/cespe-prova-iphan-arquiteto-26-08-2018-comentarios\/","og_site_name":"Estrat\u00e9gia Concursos","article_published_time":"2018-09-01T10:54:40+00:00","article_modified_time":"2018-09-01T11:24:47+00:00","author":"Moema Machado","twitter_card":"summary_large_image","twitter_creator":"@EstratConcursos","twitter_site":"@EstratConcursos","twitter_misc":{"Escrito por":"Moema Machado","Est. tempo de leitura":"6 minutos"},"schema":{"@context":"https:\/\/schema.org","@graph":[{"@type":"NewsArticle","@id":"https:\/\/www.estrategiaconcursos.com.br\/blog\/cespe-prova-iphan-arquiteto-26-08-2018-comentarios\/#article","isPartOf":{"@id":"https:\/\/www.estrategiaconcursos.com.br\/blog\/cespe-prova-iphan-arquiteto-26-08-2018-comentarios\/"},"author":{"name":"Moema Machado","@id":"https:\/\/www.estrategiaconcursos.com.br\/blog\/#\/schema\/person\/e2a129484af400a0e96b32dee7e7008a"},"headline":"CESPE &#8211; Prova IPHAN arquiteto &#8211; 26\/08\/2018 &#8211; coment\u00e1rios","datePublished":"2018-09-01T10:54:40+00:00","dateModified":"2018-09-01T11:24:47+00:00","mainEntityOfPage":{"@id":"https:\/\/www.estrategiaconcursos.com.br\/blog\/cespe-prova-iphan-arquiteto-26-08-2018-comentarios\/"},"wordCount":1129,"commentCount":0,"publisher":{"@id":"https:\/\/www.estrategiaconcursos.com.br\/blog\/#organization"},"articleSection":["Concursos P\u00fablicos"],"inLanguage":"pt-BR","potentialAction":[{"@type":"CommentAction","name":"Comment","target":["https:\/\/www.estrategiaconcursos.com.br\/blog\/cespe-prova-iphan-arquiteto-26-08-2018-comentarios\/#respond"]}],"copyrightYear":"2018","copyrightHolder":{"@id":"https:\/\/www.estrategiaconcursos.com.br\/blog\/#organization"}},{"@type":"WebPage","@id":"https:\/\/www.estrategiaconcursos.com.br\/blog\/cespe-prova-iphan-arquiteto-26-08-2018-comentarios\/","url":"https:\/\/www.estrategiaconcursos.com.br\/blog\/cespe-prova-iphan-arquiteto-26-08-2018-comentarios\/","name":"CESPE - Prova IPHAN arquiteto - 26\/08\/2018 - coment\u00e1rios","isPartOf":{"@id":"https:\/\/www.estrategiaconcursos.com.br\/blog\/#website"},"datePublished":"2018-09-01T10:54:40+00:00","dateModified":"2018-09-01T11:24:47+00:00","breadcrumb":{"@id":"https:\/\/www.estrategiaconcursos.com.br\/blog\/cespe-prova-iphan-arquiteto-26-08-2018-comentarios\/#breadcrumb"},"inLanguage":"pt-BR","potentialAction":[{"@type":"ReadAction","target":["https:\/\/www.estrategiaconcursos.com.br\/blog\/cespe-prova-iphan-arquiteto-26-08-2018-comentarios\/"]}]},{"@type":"BreadcrumbList","@id":"https:\/\/www.estrategiaconcursos.com.br\/blog\/cespe-prova-iphan-arquiteto-26-08-2018-comentarios\/#breadcrumb","itemListElement":[{"@type":"ListItem","position":1,"name":"In\u00edcio","item":"https:\/\/www.estrategiaconcursos.com.br\/blog\/"},{"@type":"ListItem","position":2,"name":"CESPE &#8211; Prova IPHAN arquiteto &#8211; 26\/08\/2018 &#8211; coment\u00e1rios"}]},{"@type":"WebSite","@id":"https:\/\/www.estrategiaconcursos.com.br\/blog\/#website","url":"https:\/\/www.estrategiaconcursos.com.br\/blog\/","name":"Estrat\u00e9gia Concursos","description":"O blog da Estrat\u00e9gia Concursos traz not\u00edcias sobre concursos e artigos de professores oferecendo cursos para concursos (pdf + videaulas) no site.","publisher":{"@id":"https:\/\/www.estrategiaconcursos.com.br\/blog\/#organization"},"potentialAction":[{"@type":"SearchAction","target":{"@type":"EntryPoint","urlTemplate":"https:\/\/www.estrategiaconcursos.com.br\/blog\/?s={search_term_string}"},"query-input":{"@type":"PropertyValueSpecification","valueRequired":true,"valueName":"search_term_string"}}],"inLanguage":"pt-BR"},{"@type":"Organization","@id":"https:\/\/www.estrategiaconcursos.com.br\/blog\/#organization","name":"Estrat\u00e9gia Concursos","url":"https:\/\/www.estrategiaconcursos.com.br\/blog\/","logo":{"@type":"ImageObject","inLanguage":"pt-BR","@id":"https:\/\/www.estrategiaconcursos.com.br\/blog\/#\/schema\/logo\/image\/","url":"https:\/\/dhg1h5j42swfq.cloudfront.net\/2025\/06\/03203428\/logo_concursos-1.jpg","contentUrl":"https:\/\/dhg1h5j42swfq.cloudfront.net\/2025\/06\/03203428\/logo_concursos-1.jpg","width":230,"height":60,"caption":"Estrat\u00e9gia Concursos"},"image":{"@id":"https:\/\/www.estrategiaconcursos.com.br\/blog\/#\/schema\/logo\/image\/"},"sameAs":["https:\/\/x.com\/EstratConcursos"]},{"@type":"Person","@id":"https:\/\/www.estrategiaconcursos.com.br\/blog\/#\/schema\/person\/e2a129484af400a0e96b32dee7e7008a","name":"Moema Machado","image":{"@type":"ImageObject","inLanguage":"pt-BR","@id":"https:\/\/secure.gravatar.com\/avatar\/f6d4a54cce2f69a49a4fd2959222dd05dc4a6436cf3a28026212f62072fe4560?s=96&d=mm&r=g","url":"https:\/\/secure.gravatar.com\/avatar\/f6d4a54cce2f69a49a4fd2959222dd05dc4a6436cf3a28026212f62072fe4560?s=96&d=mm&r=g","contentUrl":"https:\/\/secure.gravatar.com\/avatar\/f6d4a54cce2f69a49a4fd2959222dd05dc4a6436cf3a28026212f62072fe4560?s=96&d=mm&r=g","caption":"Moema Machado"},"url":"https:\/\/www.estrategiaconcursos.com.br\/blog\/author\/moemamoemamachado-com-br\/"}]}},"_links":{"self":[{"href":"https:\/\/www.estrategiaconcursos.com.br\/blog\/wp-json\/wp\/v2\/posts\/138666","targetHints":{"allow":["GET"]}}],"collection":[{"href":"https:\/\/www.estrategiaconcursos.com.br\/blog\/wp-json\/wp\/v2\/posts"}],"about":[{"href":"https:\/\/www.estrategiaconcursos.com.br\/blog\/wp-json\/wp\/v2\/types\/post"}],"author":[{"embeddable":true,"href":"https:\/\/www.estrategiaconcursos.com.br\/blog\/wp-json\/wp\/v2\/users\/524"}],"replies":[{"embeddable":true,"href":"https:\/\/www.estrategiaconcursos.com.br\/blog\/wp-json\/wp\/v2\/comments?post=138666"}],"version-history":[{"count":1,"href":"https:\/\/www.estrategiaconcursos.com.br\/blog\/wp-json\/wp\/v2\/posts\/138666\/revisions"}],"predecessor-version":[{"id":138668,"href":"https:\/\/www.estrategiaconcursos.com.br\/blog\/wp-json\/wp\/v2\/posts\/138666\/revisions\/138668"}],"wp:attachment":[{"href":"https:\/\/www.estrategiaconcursos.com.br\/blog\/wp-json\/wp\/v2\/media?parent=138666"}],"wp:term":[{"taxonomy":"category","embeddable":true,"href":"https:\/\/www.estrategiaconcursos.com.br\/blog\/wp-json\/wp\/v2\/categories?post=138666"},{"taxonomy":"post_tag","embeddable":true,"href":"https:\/\/www.estrategiaconcursos.com.br\/blog\/wp-json\/wp\/v2\/tags?post=138666"},{"taxonomy":"tax_estado","embeddable":true,"href":"https:\/\/www.estrategiaconcursos.com.br\/blog\/wp-json\/wp\/v2\/tax_estado?post=138666"}],"curies":[{"name":"wp","href":"https:\/\/api.w.org\/{rel}","templated":true}]}}