{"id":138632,"date":"2018-08-30T18:16:12","date_gmt":"2018-08-30T21:16:12","guid":{"rendered":"https:\/\/www.estrategiaconcursos.com.br\/blog\/?p=138632"},"modified":"2018-08-30T20:13:29","modified_gmt":"2018-08-30T23:13:29","slug":"voce-esta-preparado-para-a-prova-discursiva-do-mpu-teste-seus-conhecimentos","status":"publish","type":"post","link":"https:\/\/www.estrategiaconcursos.com.br\/blog\/voce-esta-preparado-para-a-prova-discursiva-do-mpu-teste-seus-conhecimentos\/","title":{"rendered":"Voc\u00ea est\u00e1 preparado para a prova discursiva do MPU? Teste seus conhecimentos!"},"content":{"rendered":"<p style=\"text-align: justify;\">Ol\u00e1, Pessoal. Tudo bem?<\/p>\n<p style=\"text-align: justify;\">Meu nome \u00e9 Marcio Damasceno, sou professor dos cursos de discursivas do Estrat\u00e9gia Concursos. Tamb\u00e9m sou servidor p\u00fablico federal, e ocupo, atualmente, o cargo de Analista da carreira de Especialista do Banco Central do Brasil.<\/p>\n<p style=\"text-align: justify;\">Como voc\u00ea pode verificar pela leitura do excelente artigo preparado pelo professor Carlos Roberto (<a href=\"https:\/\/www.estrategiaconcursos.com.br\/blog\/o-peso-da-prova-discursiva-na-classificacao-final-do-mpu-veja-esta-analise\/\">Veja-o aqui!<\/a>), o peso da discursiva no concurso do MPU \u00e9 muito grande e foi capaz de promover uma verdadeira reviravolta na classifica\u00e7\u00e3o final do concurso. Isso sem falar na grande quantidade de concorrentes eliminados ap\u00f3s a corre\u00e7\u00e3o da discursiva, infelizmente.<\/p>\n<p style=\"text-align: justify;\">A inten\u00e7\u00e3o deste artigo \u00e9 medir seus conhecimentos. Para isso, disponibilizamos-lhes a resolu\u00e7\u00e3o de um dos temas constantes do nosso curso, o qual foi cobrado no \u00faltimo certame e acabou derrubando muita gente. Ser\u00e1 que voc\u00ea estaria preparado para resolv\u00ea-lo? Acompanhe:<\/p>\n<p style=\"text-align: justify;\"><em>Cespe\/Cebraspe \u2013 Analista MPU \u2013 Especialidade Direito \u2013 2013 <\/em><\/p>\n<p style=\"text-align: justify;\"><em>Redija um texto dissertativo acerca da rela\u00e7\u00e3o entre os princ\u00edpios institucionais do Minist\u00e9rio P\u00fablico e a compet\u00eancia para promover atividades investigat\u00f3rias para fins de prepara\u00e7\u00e3o e eventual instaura\u00e7\u00e3o de a\u00e7\u00e3o penal. Em seu texto, responda de forma fundamentada, necessariamente, aos seguintes questionamentos: <\/em><\/p>\n<ul style=\"text-align: justify;\">\n<li><em>A compet\u00eancia em apre\u00e7o est\u00e1 expressamente prevista pela Constitui\u00e7\u00e3o Federal de 1988 entre as fun\u00e7\u00f5es institucionais do Minist\u00e9rio P\u00fablico? [valor: 8 pontos]<\/em><\/li>\n<li><em>Qual o posicionamento atualmente predominante acerca dessa mat\u00e9ria, na jurisprud\u00eancia do Supremo Tribunal Federal? [valor: 15 pontos] <\/em><\/li>\n<li><em>Como o Supremo Tribunal Federal aplica a doutrina dos \u201cpoderes impl\u00edcitos\u201d a essa mat\u00e9ria? [valor: 15 pontos]<\/em><\/li>\n<\/ul>\n<p style=\"text-align: justify;\">Em todos os temas que propomos, antes de apresentarmos a \u00a0proposta de solu\u00e7\u00e3o, fazemos um apanhado te\u00f3rico dos pontos necess\u00e1rios para apresenta\u00e7\u00e3o da resposta.<\/p>\n<p style=\"text-align: justify;\">Assim, segue breve abordagem te\u00f3rica sobre o assunto:<\/p>\n<p><span style=\"color: #0000ff;\"><strong> Compet\u00eancias do MPU \u2013 Poder Investigat\u00f3rio \u2013 Teoria dos Poderes Impl\u00edcitos<\/strong><\/span><\/p>\n<p style=\"text-align: justify;\">A CF\/1988, no seu art. 129, juntamente com a Lei Complementar 75\/1993 (Lei Org\u00e2nica do MPU ou LOMPU), prev\u00ea algumas das fun\u00e7\u00f5es institucionais do MP. Acompanhe:<\/p>\n<p style=\"text-align: justify; padding-left: 30px;\"><em>Art. 129. S\u00e3o fun\u00e7\u00f5es institucionais do Minist\u00e9rio P\u00fablico:\u00a0<\/em><\/p>\n<p style=\"text-align: justify; padding-left: 30px;\"><strong><em>I &#8211; promover, privativamente, a a\u00e7\u00e3o penal p\u00fablica, na forma da lei;<\/em><\/strong><\/p>\n<p style=\"text-align: justify; padding-left: 30px;\"><em>II &#8211; zelar pelo efetivo respeito dos Poderes P\u00fablicos e dos servi\u00e7os de relev\u00e2ncia p\u00fablica aos direitos assegurados nesta Constitui\u00e7\u00e3o, promovendo as medidas necess\u00e1rias a sua garantia; <\/em><\/p>\n<p style=\"text-align: justify; padding-left: 30px;\"><em>III &#8211; promover o inqu\u00e9rito civil e a a\u00e7\u00e3o civil p\u00fablica, para a prote\u00e7\u00e3o do patrim\u00f4nio p\u00fablico e social, do meio ambiente e de outros interesses difusos e coletivos; <\/em><\/p>\n<p style=\"text-align: justify; padding-left: 30px;\"><em>IV &#8211; promover a a\u00e7\u00e3o de inconstitucionalidade ou representa\u00e7\u00e3o para fins de interven\u00e7\u00e3o da Uni\u00e3o e dos Estados, nos casos previstos nesta Constitui\u00e7\u00e3o; <\/em><\/p>\n<p style=\"text-align: justify; padding-left: 30px;\"><em>V &#8211; defender judicialmente os direitos e interesses das popula\u00e7\u00f5es ind\u00edgenas; <\/em><\/p>\n<p style=\"text-align: justify; padding-left: 30px;\"><em>VI &#8211; expedir notifica\u00e7\u00f5es nos procedimentos administrativos de sua compet\u00eancia, requisitando informa\u00e7\u00f5es e documentos para instru\u00ed-los, na forma da lei complementar respectiva; <\/em><\/p>\n<p style=\"text-align: justify; padding-left: 30px;\"><em>VII &#8211; exercer o controle externo da atividade policial, na forma da lei complementar mencionada no artigo anterior;<\/em><\/p>\n<p style=\"text-align: justify; padding-left: 30px;\"><strong><em>VIII &#8211; requisitar dilig\u00eancias investigat\u00f3rias e a instaura\u00e7\u00e3o de inqu\u00e9rito policial, indicados os fundamentos jur\u00eddicos de suas manifesta\u00e7\u00f5es processuais;<\/em><\/strong><\/p>\n<p style=\"text-align: justify; padding-left: 30px;\"><em>IX &#8211; exercer outras fun\u00e7\u00f5es que lhe forem conferidas, desde que compat\u00edveis com sua finalidade, sendo-lhe vedada a representa\u00e7\u00e3o judicial e a consultoria jur\u00eddica de entidades p\u00fablicas.<\/em><\/p>\n<p style=\"text-align: justify;\">O rol de atribui\u00e7\u00f5es acima mencionado tem car\u00e1ter meramente exemplificativo, conforme se depreende da leitura do seu inciso IX, que estabelece ao MP o exerc\u00edcio de \u201coutras fun\u00e7\u00f5es que lhe forem conferidas, desde que compat\u00edveis com sua finalidade.\u201d<\/p>\n<p style=\"text-align: justify;\">Trabalhemos, para a resolu\u00e7\u00e3o do tema 01, basicamente, sobre as atribui\u00e7\u00f5es previstas nos incisos I e VIII do referido artigo.<\/p>\n<p style=\"text-align: justify;\">Conforme visto (art. 129, I), a <a href=\"http:\/\/www.jusbrasil.com.br\/legislacao\/155571402\/constitui%C3%A7%C3%A3o-federal-constitui%C3%A7%C3%A3o-da-republica-federativa-do-brasil-1988\">CF<\/a>\/1988\u00a0concedeu ao MP a <span style=\"color: #3366ff;\"><strong>titularidade exclusiva da a\u00e7\u00e3o penal p\u00fablica<\/strong><\/span>, iniciando o processo de responsabiliza\u00e7\u00e3o penal pela pr\u00e1tica de suposto crime por meio do oferecimento de den\u00fancia. Contudo, essa den\u00fancia n\u00e3o pode ser oferecida sem que haja um suposto probat\u00f3rio m\u00ednimo. A simples propositura da a\u00e7\u00e3o penal j\u00e1 \u00e9 capaz de provocar s\u00e9rios impactos na vida do acusado, motivo pelo qual a den\u00fancia deve possuir ind\u00edcios de autoria e materialidade para que seja oferecida.<\/p>\n<p style=\"text-align: justify;\">Assim, \u00e9 necess\u00e1ria a <strong>realiza\u00e7\u00e3o de dilig\u00eancias investigat\u00f3rias<\/strong> com o intuito de se obter um conjunto probat\u00f3rio m\u00ednimo a nortear a forma\u00e7\u00e3o da opini\u00e3o delitiva do MP, o que ocorre, na maioria das vezes, por meio de informa\u00e7\u00f5es fornecidas pelo <strong>inqu\u00e9rito policial<\/strong> (IP), que pode ser instaurado de of\u00edcio pela autoridade policial, mas tamb\u00e9m em atendimento \u00e0 requisi\u00e7\u00e3o do MP (art. 129, VIII), cujo cumprimento \u00e9 obrigat\u00f3rio. Ressalte-se que o MP n\u00e3o possui atribui\u00e7\u00e3o de presidir o IP, conforme j\u00e1 pacificado na jurisprud\u00eancia<a href=\"#_ftn1\" name=\"_ftnref1\"><sup>[1]<\/sup><\/a>, cuja condu\u00e7\u00e3o \u00e9 de responsabilidade da autoridade policial.<\/p>\n<p style=\"text-align: justify;\">Contudo, o <strong>IP n\u00e3o \u00e9 o \u00fanico meio de investiga\u00e7\u00e3o criminal<\/strong>. Ali\u00e1s, <strong><span style=\"color: #ff0000;\">n\u00e3o<\/span> h\u00e1 exclusividade, por parte da pol\u00edcia, na apura\u00e7\u00e3o de infra\u00e7\u00f5es penais<\/strong>, significando a possibilidade de que outros \u00f3rg\u00e3os tamb\u00e9m possam empreend\u00ea-la. Um deles \u00e9 o <span style=\"color: #3366ff;\"><strong>MP<\/strong><\/span>, <span style=\"color: #3366ff;\"><strong>dotado de poder de investiga\u00e7\u00e3o criminal<\/strong><\/span>.\u00a0 Essa atividade ser\u00e1 realizada por meio do famoso <strong>PIC<\/strong>: Procedimento Investigat\u00f3rio Criminal.<\/p>\n<p style=\"text-align: justify;\">Na esfera civil, tendo em vista a expressa previs\u00e3o constitucional e legal (CF\/1988, art. 129, III e Lei da a\u00e7\u00e3o Civil P\u00fablica, art. 7\u00b0), o poder investigat\u00f3rio do MP n\u00e3o se questiona. Contudo, na esfera penal n\u00e3o h\u00e1 essa previs\u00e3o.<\/p>\n<p style=\"text-align: justify;\">Apesar disso e de ainda haver certa diverg\u00eancia doutrin\u00e1ria a respeito, o STF j\u00e1 se pronunciou por diversas vezes<a href=\"#_ftn2\" name=\"_ftnref2\"><sup>[2]<\/sup><\/a> reconhecendo a legitimidade do MP para promover, por autoridade pr\u00f3pria e por prazo razo\u00e1vel, investiga\u00e7\u00f5es de natureza penal, desde que respeitados certos requisitos, tais como:<\/p>\n<ul style=\"text-align: justify;\">\n<li>Os direitos e garantias fundamentais dos investigados;<\/li>\n<li>Os atos investigat\u00f3rios \u2013 necessariamente documentados e praticados por membros do MP \u2013 devem observar as hip\u00f3teses de reserva constitucional de jurisdi\u00e7\u00e3o, ou seja, determinadas dilig\u00eancias s\u00f3 podem ocorrer se autorizadas pelo Poder Judici\u00e1rio, nos casos em que a CF\/1988 assim exige, a exemplo da decreta\u00e7\u00e3o de pris\u00e3o e da intercepta\u00e7\u00e3o telef\u00f4nica;<\/li>\n<li>As prerrogativas profissionais garantidas aos advogados, como o acesso aos elementos de prova que digam respeito ao direito de defesa<a href=\"#_ftn3\" name=\"_ftnref3\">[3]<\/a>;<\/li>\n<li>Os atos estar\u00e3o sujeitos \u00e0 possibilidade do permanente <strong>controle jurisdicional<\/strong>, sempre presente no Estado democr\u00e1tico de Direito.<\/li>\n<\/ul>\n<p style=\"text-align: justify;\">Al\u00e9m de respaldar-se na for\u00e7a dos princ\u00edpios instituidores do MP (unidade, indivisibilidade e a independ\u00eancia funcional), um dos argumentos utilizados pelo STF para justificar seu posicionamento quanto \u00e0 possibilidade de o MP atuar na investiga\u00e7\u00e3o criminal \u00e9 a <span style=\"color: #3366ff;\"><strong>Teoria dos Poderes Impl\u00edcitos<\/strong><\/span>.<\/p>\n<p style=\"text-align: justify;\">Segundo essa teoria, quando a constitui\u00e7\u00e3o <strong>atribui fun\u00e7\u00f5es<\/strong> a seus \u00f3rg\u00e3os, s\u00e3o igualmente <strong>atribu\u00eddos os meios necess\u00e1rios <\/strong>para que seja poss\u00edvel cumprir essa miss\u00e3o constitucionalmente imposta. Assim, se a CF\/1988 confere ao MP as fun\u00e7\u00f5es de promover a a\u00e7\u00e3o penal p\u00fablica, ela atribui ao \u201cParquet\u201d tamb\u00e9m todos os meios necess\u00e1rios para o exerc\u00edcio da den\u00fancia, dentre eles a possibilidade de reunir provas que fundamentem a acusa\u00e7\u00e3o.<\/p>\n<p style=\"text-align: justify;\">Imagine a situa\u00e7\u00e3o em que haja suspeitas de que determinada equipe policial est\u00e1 envolvida em algum crime. \u00c9 razo\u00e1vel que o MP, institui\u00e7\u00e3o independente, titular da a\u00e7\u00e3o penal, possa realizar a investiga\u00e7\u00e3o, sem ficar dependendo da autoridade policial para investigar o caso.<\/p>\n<p style=\"text-align: justify;\">Encerrando esse tema, \u00a0o Superior Tribunal de Justi\u00e7a entende que a possibilidade de investigar n\u00e3o compromete a imparcialidade do MP, posi\u00e7\u00e3o consagrada na S\u00famula 234: &#8220;<em>A Participa\u00e7\u00e3o de membro do Minist\u00e9rio P\u00fablico na fase investigat\u00f3ria criminal n\u00e3o acarreta o seu impedimento ou suspei\u00e7\u00e3o para o oferecimento da den\u00fancia.&#8221;<\/em><\/p>\n<p style=\"text-align: justify;\">\u00a0Observe a proposta de solu\u00e7\u00e3o para o tema:<\/p>\n<p style=\"text-align: justify; padding-left: 30px;\"><span style=\"font-family: georgia, palatino, serif;\">O <span style=\"color: #ff0000;\">Minist\u00e9rio P\u00fablico (MP) [ASSUNTO]<\/span> \u00e9 um \u00f3rg\u00e3o aut\u00f4nomo, independente e considerado como essencial \u00e0 fun\u00e7\u00e3o jurisdicional do Estado. A Constitui\u00e7\u00e3o Federal de 1988 (CF\/1988) e a Lei Complementar 75\/1993 preveem algumas das suas <span style=\"color: #339966;\">fun\u00e7\u00f5es institucionais [TEMA]<\/span>, dentre as quais <span style=\"color: #993366;\">n\u00e3o se inclui a compet\u00eancia para promover atividades investigat\u00f3rias para fins de prepara\u00e7\u00e3o e eventual instaura\u00e7\u00e3o de a\u00e7\u00e3o penal [Pressuposto Orientador].<\/span><\/span><\/p>\n<p style=\"text-align: justify; padding-left: 30px;\"><span style=\"font-family: georgia, palatino, serif; color: #3366ff;\">N\u00e3o obstante a inexist\u00eancia de expressa previs\u00e3o constitucional e legal [T\u00d3PICO I], o Plen\u00e1rio do Supremo Tribunal Federal (STF) entendeu que o \u201cParquet\u201d \u00e9 competente para promover atividades investigat\u00f3rias para fins de prepara\u00e7\u00e3o e eventual instaura\u00e7\u00e3o de a\u00e7\u00e3o penal [T\u00d3PICO II]. Essa compet\u00eancia, ainda que impl\u00edcita, encontra respaldo na for\u00e7a dos princ\u00edpios instituidores do MP, quais sejam: a unidade, indivisibilidade e a independ\u00eancia funcional.<\/span><\/p>\n<p style=\"text-align: justify; padding-left: 30px;\"><span style=\"font-family: georgia, palatino, serif; color: #3366ff;\">Por fim, um dos fundamentos considerados na decis\u00e3o do STF, mencionada no par\u00e1grafo anterior, foi a teoria dos poderes impl\u00edcitos.\u00a0 Segundo essa teoria, quando a constitui\u00e7\u00e3o atribui fun\u00e7\u00f5es a seus \u00f3rg\u00e3os, s\u00e3o igualmente atribu\u00eddos os meios necess\u00e1rios para que seja poss\u00edvel cumprir essa miss\u00e3o constitucionalmente imposta. Assim, se a CF\/1988 confere ao MP as fun\u00e7\u00f5es de promover a a\u00e7\u00e3o penal p\u00fablica, ela tamb\u00e9m atribui ao \u201cParquet\u201d todos os meios necess\u00e1rios para o exerc\u00edcio da den\u00fancia, entre eles a possibilidade de reunir provas que fundamentem a acusa\u00e7\u00e3o, viabilizando o exerc\u00edcio da titularidade da proposi\u00e7\u00e3o da a\u00e7\u00e3o penal p\u00fablica. [T\u00d3PICO III]<\/span><\/p>\n<p style=\"text-align: justify;\">Essas cores n\u00e3o s\u00e3o utilizadas por acaso. Fazemos quest\u00e3o de destacar os pontos sem\u00e2nticos que comp\u00f5em a estrutura conceitual do texto dissertativo.<\/p>\n<p style=\"text-align: justify;\">N\u00f3s, professores do Estrat\u00e9gia Concursos, preocupados com a sua prepara\u00e7\u00e3o, preparamos uma excelente oportunidade para voc\u00ea refin\u00e1-la: trata-se do <strong>curso de discursivas 100% focado na prova do MPU<\/strong>.<\/p>\n<p style=\"text-align: justify;\">Como funciona o curso?<\/p>\n<p style=\"text-align: justify;\">Bem, o nosso curso est\u00e1 estruturado em <strong>dez aulas<\/strong>, de acordo com a seguinte distribui\u00e7\u00e3o:<\/p>\n<p style=\"text-align: justify;\">Ao longo do curso, trabalharemos entre 10 a 15 temas, em sua grande maioria in\u00e9ditos, contemplando a jurisprud\u00eancia mais recente no que se refere \u00e0 Legisla\u00e7\u00e3o aplicada ao MPU e ao CMNP, explorando tamb\u00e9m detalhes relevantes referentes \u00e0 Lei Org\u00e2nica do MPU (LC 75\/1993).\u00a0 Al\u00e9m dos temas mencionados, teremos aula extra na semana anterior \u00e0 prova, com mais algumas sugest\u00f5es de temas, sempre com o intuito de deix\u00e1-lo nas melhores condi\u00e7\u00f5es para a realiza\u00e7\u00e3o da sua prova.<\/p>\n<p style=\"text-align: justify;\">No nosso curso, voc\u00ea ter\u00e1 a oportunidade de escolher tr\u00eas temas e envi\u00e1-los para a corre\u00e7\u00e3o. Ademais, haver\u00e1, ao final, um ranking e uma apresenta\u00e7\u00e3o dos principais erros cometidos pelos alunos.<\/p>\n<p style=\"text-align: justify;\">E a\u00ed? Est\u00e1 preparado para a prova discursiva?<\/p>\n<p style=\"text-align: justify;\">Fa\u00e7o aqui o convite para treinarmos juntos e buscarmos uma das vagas desse concurso acirrad\u00edssimo que ser\u00e1 decidido nos pequenos detalhes.<\/p>\n<p style=\"text-align: justify;\">Segue o link do nosso curso: <a href=\"https:\/\/www.estrategiaconcursos.com.br\/curso\/discursivas-p-mpu-analista-direito-orientacoes-gerais-3-correcoes-por-aluno\/\">Discursivas p\/ MPU (Analista \u2013 Direito) \u2013 3 corre\u00e7\u00f5es por aluno<\/a><\/p>\n<p style=\"text-align: justify;\">Bons estudos!<\/p>\n<p style=\"text-align: justify;\">Grande abra\u00e7o!<\/p>\n<p style=\"text-align: justify;\"><a href=\"#_ftnref1\" name=\"_ftn1\">[1]<\/a> RE n\u00b0 233.072-4 RJ e RE n\u00b0 205.473-9\/AL.<\/p>\n<p style=\"text-align: justify;\"><a href=\"#_ftnref2\" name=\"_ftn2\">[2]<\/a> RE 593.727 (<strong>decis\u00e3o do Plen\u00e1rio do STF, com repercuss\u00e3o geral<\/strong>) e HCs 87.610, 90.099 e 94.173.<\/p>\n<p style=\"text-align: justify;\"><a href=\"#_ftnref3\" name=\"_ftn3\">[3]<\/a> S\u00famula Vinculante 14: \u00e9 direito do defensor, no interesse do representado, ter acesso amplo aos elementos de prova que, j\u00e1 documentados <strong>em procedimento investigat\u00f3rio realizado por \u00f3rg\u00e3o com compet\u00eancia de pol\u00edcia judici\u00e1ria<\/strong>, digam respeito ao exerc\u00edcio do direito de defesa.<\/p>\n","protected":false},"excerpt":{"rendered":"<p>Ol\u00e1, Pessoal. Tudo bem? Meu nome \u00e9 Marcio Damasceno, sou professor dos cursos de discursivas do Estrat\u00e9gia Concursos. Tamb\u00e9m sou servidor p\u00fablico federal, e ocupo, atualmente, o cargo de Analista da carreira de Especialista do Banco Central do Brasil. Como voc\u00ea pode verificar pela leitura do excelente artigo preparado pelo professor Carlos Roberto (Veja-o aqui!), [&hellip;]<\/p>\n","protected":false},"author":611,"featured_media":0,"comment_status":"open","ping_status":"closed","sticky":false,"template":"","format":"standard","meta":{"post_tipo":"article","footnotes":""},"categories":[1],"tags":[],"tax_estado":[],"class_list":["post-138632","post","type-post","status-publish","format-standard","hentry","category-cursos-e-concursos"],"acf":[],"yoast_head":"<!-- This site is optimized with the Yoast SEO Premium plugin v27.2 (Yoast SEO v27.2) - https:\/\/yoast.com\/product\/yoast-seo-premium-wordpress\/ -->\n<title>Voc\u00ea est\u00e1 preparado para a prova discursiva do MPU? Teste seus conhecimentos!<\/title>\n<meta name=\"robots\" content=\"index, follow, max-snippet:-1, max-image-preview:large, max-video-preview:-1\" \/>\n<link rel=\"canonical\" href=\"https:\/\/www.estrategiaconcursos.com.br\/blog\/voce-esta-preparado-para-a-prova-discursiva-do-mpu-teste-seus-conhecimentos\/\" \/>\n<meta property=\"og:locale\" content=\"pt_BR\" \/>\n<meta property=\"og:type\" content=\"article\" \/>\n<meta property=\"og:title\" content=\"Voc\u00ea est\u00e1 preparado para a prova discursiva do MPU? Teste seus conhecimentos!\" \/>\n<meta property=\"og:description\" content=\"Ol\u00e1, Pessoal. Tudo bem? Meu nome \u00e9 Marcio Damasceno, sou professor dos cursos de discursivas do Estrat\u00e9gia Concursos. Tamb\u00e9m sou servidor p\u00fablico federal, e ocupo, atualmente, o cargo de Analista da carreira de Especialista do Banco Central do Brasil. Como voc\u00ea pode verificar pela leitura do excelente artigo preparado pelo professor Carlos Roberto (Veja-o aqui!), [&hellip;]\" \/>\n<meta property=\"og:url\" content=\"https:\/\/www.estrategiaconcursos.com.br\/blog\/voce-esta-preparado-para-a-prova-discursiva-do-mpu-teste-seus-conhecimentos\/\" \/>\n<meta property=\"og:site_name\" content=\"Estrat\u00e9gia Concursos\" \/>\n<meta property=\"article:published_time\" content=\"2018-08-30T21:16:12+00:00\" \/>\n<meta property=\"article:modified_time\" content=\"2018-08-30T23:13:29+00:00\" \/>\n<meta name=\"author\" content=\"Marcio Damasceno\" \/>\n<meta name=\"twitter:card\" content=\"summary_large_image\" \/>\n<meta name=\"twitter:creator\" content=\"@EstratConcursos\" \/>\n<meta name=\"twitter:site\" content=\"@EstratConcursos\" \/>\n<meta name=\"twitter:label1\" content=\"Escrito por\" \/>\n\t<meta name=\"twitter:data1\" content=\"Marcio Damasceno\" \/>\n\t<meta name=\"twitter:label2\" content=\"Est. tempo de leitura\" \/>\n\t<meta name=\"twitter:data2\" content=\"10 minutos\" \/>\n<script type=\"application\/ld+json\" class=\"yoast-schema-graph\">{\"@context\":\"https:\/\/schema.org\",\"@graph\":[{\"@type\":\"NewsArticle\",\"@id\":\"https:\/\/www.estrategiaconcursos.com.br\/blog\/voce-esta-preparado-para-a-prova-discursiva-do-mpu-teste-seus-conhecimentos\/#article\",\"isPartOf\":{\"@id\":\"https:\/\/www.estrategiaconcursos.com.br\/blog\/voce-esta-preparado-para-a-prova-discursiva-do-mpu-teste-seus-conhecimentos\/\"},\"author\":{\"name\":\"Marcio Damasceno\",\"@id\":\"https:\/\/www.estrategiaconcursos.com.br\/blog\/#\/schema\/person\/93fb122910b3b72b3ba17b9d67315bef\"},\"headline\":\"Voc\u00ea est\u00e1 preparado para a prova discursiva do MPU? Teste seus conhecimentos!\",\"datePublished\":\"2018-08-30T21:16:12+00:00\",\"dateModified\":\"2018-08-30T23:13:29+00:00\",\"mainEntityOfPage\":{\"@id\":\"https:\/\/www.estrategiaconcursos.com.br\/blog\/voce-esta-preparado-para-a-prova-discursiva-do-mpu-teste-seus-conhecimentos\/\"},\"wordCount\":1933,\"commentCount\":3,\"publisher\":{\"@id\":\"https:\/\/www.estrategiaconcursos.com.br\/blog\/#organization\"},\"articleSection\":[\"Concursos P\u00fablicos\"],\"inLanguage\":\"pt-BR\",\"potentialAction\":[{\"@type\":\"CommentAction\",\"name\":\"Comment\",\"target\":[\"https:\/\/www.estrategiaconcursos.com.br\/blog\/voce-esta-preparado-para-a-prova-discursiva-do-mpu-teste-seus-conhecimentos\/#respond\"]}],\"copyrightYear\":\"2018\",\"copyrightHolder\":{\"@id\":\"https:\/\/www.estrategiaconcursos.com.br\/blog\/#organization\"}},{\"@type\":\"WebPage\",\"@id\":\"https:\/\/www.estrategiaconcursos.com.br\/blog\/voce-esta-preparado-para-a-prova-discursiva-do-mpu-teste-seus-conhecimentos\/\",\"url\":\"https:\/\/www.estrategiaconcursos.com.br\/blog\/voce-esta-preparado-para-a-prova-discursiva-do-mpu-teste-seus-conhecimentos\/\",\"name\":\"Voc\u00ea est\u00e1 preparado para a prova discursiva do MPU? Teste seus conhecimentos!\",\"isPartOf\":{\"@id\":\"https:\/\/www.estrategiaconcursos.com.br\/blog\/#website\"},\"datePublished\":\"2018-08-30T21:16:12+00:00\",\"dateModified\":\"2018-08-30T23:13:29+00:00\",\"breadcrumb\":{\"@id\":\"https:\/\/www.estrategiaconcursos.com.br\/blog\/voce-esta-preparado-para-a-prova-discursiva-do-mpu-teste-seus-conhecimentos\/#breadcrumb\"},\"inLanguage\":\"pt-BR\",\"potentialAction\":[{\"@type\":\"ReadAction\",\"target\":[\"https:\/\/www.estrategiaconcursos.com.br\/blog\/voce-esta-preparado-para-a-prova-discursiva-do-mpu-teste-seus-conhecimentos\/\"]}]},{\"@type\":\"BreadcrumbList\",\"@id\":\"https:\/\/www.estrategiaconcursos.com.br\/blog\/voce-esta-preparado-para-a-prova-discursiva-do-mpu-teste-seus-conhecimentos\/#breadcrumb\",\"itemListElement\":[{\"@type\":\"ListItem\",\"position\":1,\"name\":\"In\u00edcio\",\"item\":\"https:\/\/www.estrategiaconcursos.com.br\/blog\/\"},{\"@type\":\"ListItem\",\"position\":2,\"name\":\"Voc\u00ea est\u00e1 preparado para a prova discursiva do MPU? Teste seus conhecimentos!\"}]},{\"@type\":\"WebSite\",\"@id\":\"https:\/\/www.estrategiaconcursos.com.br\/blog\/#website\",\"url\":\"https:\/\/www.estrategiaconcursos.com.br\/blog\/\",\"name\":\"Estrat\u00e9gia Concursos\",\"description\":\"O blog da Estrat\u00e9gia Concursos traz not\u00edcias sobre concursos e artigos de professores oferecendo cursos para concursos (pdf + videaulas) no site.\",\"publisher\":{\"@id\":\"https:\/\/www.estrategiaconcursos.com.br\/blog\/#organization\"},\"potentialAction\":[{\"@type\":\"SearchAction\",\"target\":{\"@type\":\"EntryPoint\",\"urlTemplate\":\"https:\/\/www.estrategiaconcursos.com.br\/blog\/?s={search_term_string}\"},\"query-input\":{\"@type\":\"PropertyValueSpecification\",\"valueRequired\":true,\"valueName\":\"search_term_string\"}}],\"inLanguage\":\"pt-BR\"},{\"@type\":\"Organization\",\"@id\":\"https:\/\/www.estrategiaconcursos.com.br\/blog\/#organization\",\"name\":\"Estrat\u00e9gia Concursos\",\"url\":\"https:\/\/www.estrategiaconcursos.com.br\/blog\/\",\"logo\":{\"@type\":\"ImageObject\",\"inLanguage\":\"pt-BR\",\"@id\":\"https:\/\/www.estrategiaconcursos.com.br\/blog\/#\/schema\/logo\/image\/\",\"url\":\"https:\/\/dhg1h5j42swfq.cloudfront.net\/2025\/06\/03203428\/logo_concursos-1.jpg\",\"contentUrl\":\"https:\/\/dhg1h5j42swfq.cloudfront.net\/2025\/06\/03203428\/logo_concursos-1.jpg\",\"width\":230,\"height\":60,\"caption\":\"Estrat\u00e9gia Concursos\"},\"image\":{\"@id\":\"https:\/\/www.estrategiaconcursos.com.br\/blog\/#\/schema\/logo\/image\/\"},\"sameAs\":[\"https:\/\/x.com\/EstratConcursos\"]},{\"@type\":\"Person\",\"@id\":\"https:\/\/www.estrategiaconcursos.com.br\/blog\/#\/schema\/person\/93fb122910b3b72b3ba17b9d67315bef\",\"name\":\"Marcio Damasceno\",\"image\":{\"@type\":\"ImageObject\",\"inLanguage\":\"pt-BR\",\"@id\":\"https:\/\/secure.gravatar.com\/avatar\/239ef2e5a61ef0a51d0076c851c83d2b59ad4685169911ccb9f9bf306edf074e?s=96&d=mm&r=g\",\"url\":\"https:\/\/secure.gravatar.com\/avatar\/239ef2e5a61ef0a51d0076c851c83d2b59ad4685169911ccb9f9bf306edf074e?s=96&d=mm&r=g\",\"contentUrl\":\"https:\/\/secure.gravatar.com\/avatar\/239ef2e5a61ef0a51d0076c851c83d2b59ad4685169911ccb9f9bf306edf074e?s=96&d=mm&r=g\",\"caption\":\"Marcio Damasceno\"},\"url\":\"https:\/\/www.estrategiaconcursos.com.br\/blog\/author\/marciodamascenoestrategiaconcursos-com-br\/\"}]}<\/script>\n<!-- \/ Yoast SEO Premium plugin. -->","yoast_head_json":{"title":"Voc\u00ea est\u00e1 preparado para a prova discursiva do MPU? Teste seus conhecimentos!","robots":{"index":"index","follow":"follow","max-snippet":"max-snippet:-1","max-image-preview":"max-image-preview:large","max-video-preview":"max-video-preview:-1"},"canonical":"https:\/\/www.estrategiaconcursos.com.br\/blog\/voce-esta-preparado-para-a-prova-discursiva-do-mpu-teste-seus-conhecimentos\/","og_locale":"pt_BR","og_type":"article","og_title":"Voc\u00ea est\u00e1 preparado para a prova discursiva do MPU? Teste seus conhecimentos!","og_description":"Ol\u00e1, Pessoal. Tudo bem? Meu nome \u00e9 Marcio Damasceno, sou professor dos cursos de discursivas do Estrat\u00e9gia Concursos. Tamb\u00e9m sou servidor p\u00fablico federal, e ocupo, atualmente, o cargo de Analista da carreira de Especialista do Banco Central do Brasil. Como voc\u00ea pode verificar pela leitura do excelente artigo preparado pelo professor Carlos Roberto (Veja-o aqui!), [&hellip;]","og_url":"https:\/\/www.estrategiaconcursos.com.br\/blog\/voce-esta-preparado-para-a-prova-discursiva-do-mpu-teste-seus-conhecimentos\/","og_site_name":"Estrat\u00e9gia Concursos","article_published_time":"2018-08-30T21:16:12+00:00","article_modified_time":"2018-08-30T23:13:29+00:00","author":"Marcio Damasceno","twitter_card":"summary_large_image","twitter_creator":"@EstratConcursos","twitter_site":"@EstratConcursos","twitter_misc":{"Escrito por":"Marcio Damasceno","Est. tempo de leitura":"10 minutos"},"schema":{"@context":"https:\/\/schema.org","@graph":[{"@type":"NewsArticle","@id":"https:\/\/www.estrategiaconcursos.com.br\/blog\/voce-esta-preparado-para-a-prova-discursiva-do-mpu-teste-seus-conhecimentos\/#article","isPartOf":{"@id":"https:\/\/www.estrategiaconcursos.com.br\/blog\/voce-esta-preparado-para-a-prova-discursiva-do-mpu-teste-seus-conhecimentos\/"},"author":{"name":"Marcio Damasceno","@id":"https:\/\/www.estrategiaconcursos.com.br\/blog\/#\/schema\/person\/93fb122910b3b72b3ba17b9d67315bef"},"headline":"Voc\u00ea est\u00e1 preparado para a prova discursiva do MPU? Teste seus conhecimentos!","datePublished":"2018-08-30T21:16:12+00:00","dateModified":"2018-08-30T23:13:29+00:00","mainEntityOfPage":{"@id":"https:\/\/www.estrategiaconcursos.com.br\/blog\/voce-esta-preparado-para-a-prova-discursiva-do-mpu-teste-seus-conhecimentos\/"},"wordCount":1933,"commentCount":3,"publisher":{"@id":"https:\/\/www.estrategiaconcursos.com.br\/blog\/#organization"},"articleSection":["Concursos P\u00fablicos"],"inLanguage":"pt-BR","potentialAction":[{"@type":"CommentAction","name":"Comment","target":["https:\/\/www.estrategiaconcursos.com.br\/blog\/voce-esta-preparado-para-a-prova-discursiva-do-mpu-teste-seus-conhecimentos\/#respond"]}],"copyrightYear":"2018","copyrightHolder":{"@id":"https:\/\/www.estrategiaconcursos.com.br\/blog\/#organization"}},{"@type":"WebPage","@id":"https:\/\/www.estrategiaconcursos.com.br\/blog\/voce-esta-preparado-para-a-prova-discursiva-do-mpu-teste-seus-conhecimentos\/","url":"https:\/\/www.estrategiaconcursos.com.br\/blog\/voce-esta-preparado-para-a-prova-discursiva-do-mpu-teste-seus-conhecimentos\/","name":"Voc\u00ea est\u00e1 preparado para a prova discursiva do MPU? Teste seus conhecimentos!","isPartOf":{"@id":"https:\/\/www.estrategiaconcursos.com.br\/blog\/#website"},"datePublished":"2018-08-30T21:16:12+00:00","dateModified":"2018-08-30T23:13:29+00:00","breadcrumb":{"@id":"https:\/\/www.estrategiaconcursos.com.br\/blog\/voce-esta-preparado-para-a-prova-discursiva-do-mpu-teste-seus-conhecimentos\/#breadcrumb"},"inLanguage":"pt-BR","potentialAction":[{"@type":"ReadAction","target":["https:\/\/www.estrategiaconcursos.com.br\/blog\/voce-esta-preparado-para-a-prova-discursiva-do-mpu-teste-seus-conhecimentos\/"]}]},{"@type":"BreadcrumbList","@id":"https:\/\/www.estrategiaconcursos.com.br\/blog\/voce-esta-preparado-para-a-prova-discursiva-do-mpu-teste-seus-conhecimentos\/#breadcrumb","itemListElement":[{"@type":"ListItem","position":1,"name":"In\u00edcio","item":"https:\/\/www.estrategiaconcursos.com.br\/blog\/"},{"@type":"ListItem","position":2,"name":"Voc\u00ea est\u00e1 preparado para a prova discursiva do MPU? Teste seus conhecimentos!"}]},{"@type":"WebSite","@id":"https:\/\/www.estrategiaconcursos.com.br\/blog\/#website","url":"https:\/\/www.estrategiaconcursos.com.br\/blog\/","name":"Estrat\u00e9gia Concursos","description":"O blog da Estrat\u00e9gia Concursos traz not\u00edcias sobre concursos e artigos de professores oferecendo cursos para concursos (pdf + videaulas) no site.","publisher":{"@id":"https:\/\/www.estrategiaconcursos.com.br\/blog\/#organization"},"potentialAction":[{"@type":"SearchAction","target":{"@type":"EntryPoint","urlTemplate":"https:\/\/www.estrategiaconcursos.com.br\/blog\/?s={search_term_string}"},"query-input":{"@type":"PropertyValueSpecification","valueRequired":true,"valueName":"search_term_string"}}],"inLanguage":"pt-BR"},{"@type":"Organization","@id":"https:\/\/www.estrategiaconcursos.com.br\/blog\/#organization","name":"Estrat\u00e9gia Concursos","url":"https:\/\/www.estrategiaconcursos.com.br\/blog\/","logo":{"@type":"ImageObject","inLanguage":"pt-BR","@id":"https:\/\/www.estrategiaconcursos.com.br\/blog\/#\/schema\/logo\/image\/","url":"https:\/\/dhg1h5j42swfq.cloudfront.net\/2025\/06\/03203428\/logo_concursos-1.jpg","contentUrl":"https:\/\/dhg1h5j42swfq.cloudfront.net\/2025\/06\/03203428\/logo_concursos-1.jpg","width":230,"height":60,"caption":"Estrat\u00e9gia Concursos"},"image":{"@id":"https:\/\/www.estrategiaconcursos.com.br\/blog\/#\/schema\/logo\/image\/"},"sameAs":["https:\/\/x.com\/EstratConcursos"]},{"@type":"Person","@id":"https:\/\/www.estrategiaconcursos.com.br\/blog\/#\/schema\/person\/93fb122910b3b72b3ba17b9d67315bef","name":"Marcio Damasceno","image":{"@type":"ImageObject","inLanguage":"pt-BR","@id":"https:\/\/secure.gravatar.com\/avatar\/239ef2e5a61ef0a51d0076c851c83d2b59ad4685169911ccb9f9bf306edf074e?s=96&d=mm&r=g","url":"https:\/\/secure.gravatar.com\/avatar\/239ef2e5a61ef0a51d0076c851c83d2b59ad4685169911ccb9f9bf306edf074e?s=96&d=mm&r=g","contentUrl":"https:\/\/secure.gravatar.com\/avatar\/239ef2e5a61ef0a51d0076c851c83d2b59ad4685169911ccb9f9bf306edf074e?s=96&d=mm&r=g","caption":"Marcio Damasceno"},"url":"https:\/\/www.estrategiaconcursos.com.br\/blog\/author\/marciodamascenoestrategiaconcursos-com-br\/"}]}},"_links":{"self":[{"href":"https:\/\/www.estrategiaconcursos.com.br\/blog\/wp-json\/wp\/v2\/posts\/138632","targetHints":{"allow":["GET"]}}],"collection":[{"href":"https:\/\/www.estrategiaconcursos.com.br\/blog\/wp-json\/wp\/v2\/posts"}],"about":[{"href":"https:\/\/www.estrategiaconcursos.com.br\/blog\/wp-json\/wp\/v2\/types\/post"}],"author":[{"embeddable":true,"href":"https:\/\/www.estrategiaconcursos.com.br\/blog\/wp-json\/wp\/v2\/users\/611"}],"replies":[{"embeddable":true,"href":"https:\/\/www.estrategiaconcursos.com.br\/blog\/wp-json\/wp\/v2\/comments?post=138632"}],"version-history":[{"count":4,"href":"https:\/\/www.estrategiaconcursos.com.br\/blog\/wp-json\/wp\/v2\/posts\/138632\/revisions"}],"predecessor-version":[{"id":138653,"href":"https:\/\/www.estrategiaconcursos.com.br\/blog\/wp-json\/wp\/v2\/posts\/138632\/revisions\/138653"}],"wp:attachment":[{"href":"https:\/\/www.estrategiaconcursos.com.br\/blog\/wp-json\/wp\/v2\/media?parent=138632"}],"wp:term":[{"taxonomy":"category","embeddable":true,"href":"https:\/\/www.estrategiaconcursos.com.br\/blog\/wp-json\/wp\/v2\/categories?post=138632"},{"taxonomy":"post_tag","embeddable":true,"href":"https:\/\/www.estrategiaconcursos.com.br\/blog\/wp-json\/wp\/v2\/tags?post=138632"},{"taxonomy":"tax_estado","embeddable":true,"href":"https:\/\/www.estrategiaconcursos.com.br\/blog\/wp-json\/wp\/v2\/tax_estado?post=138632"}],"curies":[{"name":"wp","href":"https:\/\/api.w.org\/{rel}","templated":true}]}}