{"id":1385154,"date":"2024-04-16T16:15:39","date_gmt":"2024-04-16T19:15:39","guid":{"rendered":"https:\/\/www.estrategiaconcursos.com.br\/blog\/?p=1385154"},"modified":"2024-04-17T14:18:52","modified_gmt":"2024-04-17T17:18:52","slug":"concurso-ale-to-assistencia-administrativa-recursos-possiveis","status":"publish","type":"post","link":"https:\/\/www.estrategiaconcursos.com.br\/blog\/concurso-ale-to-assistencia-administrativa-recursos-possiveis\/","title":{"rendered":"Concurso ALE TO &#8211; Assist\u00eancia Administrativa: recursos poss\u00edveis!"},"content":{"rendered":"\n<p>Ap\u00f3s a aplica\u00e7\u00e3o das provas do&nbsp;<strong>concurso ALE TO <\/strong>(<strong><a href=\"https:\/\/www.estrategiaconcursos.com.br\/cursosPorConcurso\/servico-florestal-brasileiro-sfb-ministerio-do-meio-ambiente-mma-75\/\" target=\"_blank\" rel=\"noreferrer noopener\"><\/a><a href=\"https:\/\/www.estrategiaconcursos.com.br\/cursosPorConcurso\/assembleia-legislativa-do-estado-do-tocantins-ale-to\/\" target=\"_blank\" rel=\"noreferrer noopener\">Assembleia Legislativa do Tocantins<\/a><\/strong>) no \u00faltimo domingo, 14 de abril de 2024, a <a href=\"https:\/\/conhecimento.fgv.br\/concursos\/aleto\" target=\"_blank\" rel=\"noreferrer noopener\">FGV<\/a>, respons\u00e1vel pela condu\u00e7\u00e3o do certame, divulgou os&nbsp;<a href=\"https:\/\/www.estrategiaconcursos.com.br\/blog\/concurso-ale-to-gabaritos\/\" target=\"_blank\" rel=\"noreferrer noopener\">gabaritos provis\u00f3rios<\/a>&nbsp;da etapa.<\/p>\n\n\n\n<p>Com isso, os interessados poder\u00e3o interpor recursos entre os dias <strong>17 e 18 de abril<\/strong>. O Estrat\u00e9gia Concursos esteve presente durante toda a sua prepara\u00e7\u00e3o, inclusive realizando a&nbsp;<a href=\"https:\/\/www.estrategiaconcursos.com.br\/blog\/gabarito-extraoficial-ale-to-assistencia-administrativa\/\" target=\"_blank\" rel=\"noreferrer noopener\">corre\u00e7\u00e3o extraoficial<\/a>. Agora, vamos te ajudar em mais essa etapa!<\/p>\n\n\n\n<p>Nosso time de professores elaborou sugest\u00f5es de recursos contra o gabarito provis\u00f3rio da sele\u00e7\u00e3o. Veja a seguir!<\/p>\n\n\n\n<h2 class=\"wp-block-heading\" id=\"h-concurso-ale-to-assistencia-administrativa-recursos-possiveis\">Concurso ALE TO &#8211; Assist\u00eancia Administrativa: recursos poss\u00edveis!<\/h2>\n\n\n\n<h3 class=\"wp-block-heading has-cyan-bluish-gray-background-color has-background\" id=\"h-lingua-portuguesa\">L\u00edngua Portuguesa<\/h3>\n\n\n\n<p class=\"has-medium-font-size\"><strong>Quest\u00e3o 1<\/strong><\/p>\n\n\n\n<p><strong>GABARITO PRELIMINAR DA BANCA: LETRA B<\/strong><\/p>\n\n\n\n<p><strong>GABARITO PRETENDIDO: LETRA C<\/strong><\/p>\n\n\n\n<p><strong>FUNDAMENTA\u00c7\u00c3O:<\/strong><\/p>\n\n\n\n<p>A informa\u00e7\u00e3o trazida na letra B est\u00e1 correta: a poetisa e o naturalista n\u00e3o foram estampados na moeda, e sim suas ef\u00edgies; estas entendidas como representa\u00e7\u00e3o pl\u00e1stica da imagem de algu\u00e9m, segundo o dicion\u00e1rio Michaelis. Entretanto, na observa\u00e7\u00e3o do estudioso, h\u00e1 uma discord\u00e2ncia de tempo entre os verbos, o que chamamos de erro de correla\u00e7\u00e3o verbal (\u201ceu PENSAVA que as moedas TRAZEM\u201d \u2014 pret\u00e9rito imperfeito do indicativo x presente do indicativo). O correto seria \u201ceu pensava que as moedas traziam\u201d (pret\u00e9rito imperfeito do indicativo x pret\u00e9rito imperfeito do indicativo). Como o comando da quest\u00e3o pede a an\u00e1lise das observa\u00e7\u00f5es e a indica\u00e7\u00e3o da correta, a letra B n\u00e3o poderia ser o gabarito, pois o teor est\u00e1 correto, mas a escrita apresenta desvio gramatical.<\/p>\n\n\n\n<p>Dessa forma, o \u00fanico gabarito poss\u00edvel seria a letra C. O verbo \u201ccolocar\u201d, de acordo com o dicion\u00e1rio Michaelis, \u00e9 sin\u00f4nimo de \u201cp\u00f4r\u201d em diferentes acep\u00e7\u00f5es. No entanto, \u00e9 mais adequado utilizar o primeiro quando se refere a algo material&nbsp; (ex.: colocar o livro na mesa). J\u00e1 o verbo \u201cp\u00f4r\u201d \u00e9 mais adequado para se referir a algo abstrato (ex.: p\u00f4r o assunto em dia). Al\u00e9m disso, o verbo \u201cp\u00f4r\u201d \u00e9 o mais adequado para ser empregado como verbo suporte, formando com determinado substantivo uma unidade sem\u00e2ntica: p\u00f4r em d\u00favida (= duvidar); p\u00f4r-se em fuga (= fugir); p\u00f4r-se de joelho (= ajoelhar-se). Assim, a express\u00e3o \u201cp\u00f4r fim\u201d seria mais adequada no lugar de \u201ccolocar fim\u201d.<\/p>\n\n\n\n<p>Com base nisso, solicita-se a altera\u00e7\u00e3o de gabarito.<\/p>\n\n\n\n<p><strong>Refer\u00eancias:<\/strong><\/p>\n\n\n\n<p>Dicion\u00e1rio Brasileiro da L\u00edngua Portuguesa &#8211; Michaelis<\/p>\n\n\n\n<p class=\"has-medium-font-size\"><strong>Quest\u00e3o 2<\/strong><\/p>\n\n\n\n<p><strong>GABARITO PRELIMINAR DA BANCA: LETRA E<\/strong><\/p>\n\n\n\n<p><strong>GABARITO PRETENDIDO: ANULA\u00c7\u00c3O<\/strong><\/p>\n\n\n\n<p><strong>FUNDAMENTA\u00c7\u00c3O:<\/strong><\/p>\n\n\n\n<p>A banca considerou a alternativa E como correta. De fato, quando o texto utiliza o adv\u00e9rbio \u201cpreferivelmente\u201d, atribui valor \u00e0s reflex\u00f5es realizadas em ambientes solit\u00e1rios. No entanto,a letra C tamb\u00e9m est\u00e1 correta.<\/p>\n\n\n\n<p>O pronome relativo \u201conde\u201d, enquanto elemento anaf\u00f3rico, faz refer\u00eancia a locais ao ar livre, uma vez que retoma \u201cmontes solit\u00e1rios ou pr\u00f3ximos ao mar\u201d (exemplos de locais citados pelo texto para se pensar ao ar livre). Como a express\u00e3o \u201clocais ao ar livre\u201d n\u00e3o aparece entre aspas, ela pode ser compreendida como uma par\u00e1frase de \u201cmontes solit\u00e1rios ou pr\u00f3ximos ao mar\u201d, n\u00e3o obrigando o referente a ser a literalidade dessa express\u00e3o.<\/p>\n\n\n\n<p>Com base nisso, por haver dois gabaritos poss\u00edveis, solicita-se a anula\u00e7\u00e3o da quest\u00e3o.<\/p>\n\n\n\n<p class=\"has-medium-font-size\"><strong>Quest\u00e3o 3<\/strong><\/p>\n\n\n\n<p><strong>GABARITO PRELIMINAR DA BANCA: LETRA C<\/strong><\/p>\n\n\n\n<p><strong>GABARITO PRETENDIDO: LETRA B<\/strong><\/p>\n\n\n\n<p><strong>FUNDAMENTA\u00c7\u00c3O:<\/strong><\/p>\n\n\n\n<p>Almeida (1995), em sua Gram\u00e1tica Met\u00f3dica da L\u00edngua Portuguesa, registra a locu\u00e7\u00e3o conjuntiva \u201cseja que\u201d como um conectivo que estabelece uma rela\u00e7\u00e3o sint\u00e1tico-sem\u00e2ntica de concess\u00e3o (equivalente a \u201cembora\u201d, \u201capesar de\u201d&#8230;). A express\u00e3o \u201cseja l\u00e1\u201d pode ser tomada como uma varia\u00e7\u00e3o popular e atualizada daquela registrada por Almeida, conservando o mesmo valor concessivo. Portanto, a rela\u00e7\u00e3o estabelecida em (D) \u00e9 de concess\u00e3o da primeira ora\u00e7\u00e3o em rela\u00e7\u00e3o \u00e0 segunda, e n\u00e3o de explica\u00e7\u00e3o da segunda com a primeira.<\/p>\n\n\n\n<p>Na alternativa B, apesar de a rela\u00e7\u00e3o sint\u00e1tico-sem\u00e2ntica entre as ora\u00e7\u00f5es n\u00e3o estar explicitada por um conectivo, \u00e9 poss\u00edvel depreender a rela\u00e7\u00e3o de conclus\u00e3o. Tanto o \u00e9 que a inser\u00e7\u00e3o de conjun\u00e7\u00f5es conclusivas imediatamente antes da segunda ora\u00e7\u00e3o preserva o sentido original do trecho: Quem cr\u00ea \u00e9 forte, logo quem duvida \u00e9 fraco (esse \u00e9 um racioc\u00ednio direto que encontra amparo na l\u00f3gica aristot\u00e9lica: A \u00e9 B, C \u00e9 A, logo C \u00e9 B).<\/p>\n\n\n\n<p>Vejamos:<\/p>\n\n\n\n<p>S\u00f3crates \u00e9 homem, ent\u00e3o \u00e9 mortal.<\/p>\n\n\n\n<p>S\u00f3crates n\u00e3o \u00e9 homem, ent\u00e3o n\u00e3o \u00e9 mortal (portanto, \u00e9 imortal).<\/p>\n\n\n\n<p>Aquele que cr\u00ea \u00e9 forte<\/p>\n\n\n\n<p>Aquele que n\u00e3o cr\u00ea (isto \u00e9, que duvida) n\u00e3o \u00e9 forte (portanto, \u00e9 fraco).<\/p>\n\n\n\n<p>Com base nisso, solicita-se a mudan\u00e7a de gabarito.<\/p>\n\n\n\n<p><strong>Refer\u00eancia:<\/strong><\/p>\n\n\n\n<p>ALMEIDA, Napole\u00e3o Mendes de. Gram\u00e1tica Met\u00f3dica da L\u00edngua Portuguesa. Ed. Saraiva, 1995 (44\u00aa edi\u00e7\u00e3o)<\/p>\n\n\n\n<p class=\"has-medium-font-size\"><strong>Quest\u00e3o 5<\/strong><\/p>\n\n\n\n<p><strong>GABARITO PRELIMINAR DA BANCA: LETRA E<\/strong><\/p>\n\n\n\n<p><strong>GABARITO PRETENDIDO: LETRA A<\/strong><\/p>\n\n\n\n<p><strong>FUNDAMENTA\u00c7\u00c3O:<\/strong><\/p>\n\n\n\n<p>Na alternativa A, o verbo \u201cmudar\u201d foi empregado com concep\u00e7\u00f5es distintas. Na primeira ocorr\u00eancia, \u201cmudar\u201d significa \u201calterar-se ou tornar-se diferente, f\u00edsica ou moralmente; tomar outra forma\u201d (Dicion\u00e1rio Michaelis). Ou seja, \u00e9 sin\u00f4nimo de \u201ctransformar-se\u201d.&nbsp; Na segunda ocorr\u00eancia, o verbo \u201cmudar\u201d refere-se \u00e0 \u201ctroca de uma coisa por outra, nova ou diferente; substitui\u00e7\u00e3o\u201d (Dicion\u00e1rio Michaelis). Logo, os termos destacados em (A) n\u00e3o apresentam o mesmo significado.<\/p>\n\n\n\n<p>J\u00e1 na letra E, alternativa apontada como gabarito pela banca, o termo \u201cdia\u201d retoma \u201cdias\u201d empregado no primeiro per\u00edodo (\u00e9 um dia dentre todos aqueles que foram vividos como sendo o \u00faltimo). Portanto, as duas ocorr\u00eancias fazem refer\u00eancia ao per\u00edodo de 24 horas, apresentando o mesmo significado.<\/p>\n\n\n\n<p>Com base nisso, solicita-se a mudan\u00e7a de gabarito.<\/p>\n\n\n\n<p class=\"has-medium-font-size\"><strong>Quest\u00e3o 7<\/strong><\/p>\n\n\n\n<p><strong>GABARITO PRELIMINAR DA BANCA: LETRA C<\/strong><\/p>\n\n\n\n<p><strong>GABARITO PRETENDIDO: LETRA D<\/strong><\/p>\n\n\n\n<p><strong>FUNDAMENTA\u00c7\u00c3O:<\/strong><\/p>\n\n\n\n<p>Na letra C, n\u00e3o houve preserva\u00e7\u00e3o do sentido; a substitui\u00e7\u00e3o proposta implica problema estrutural de ambiguidade. No trecho original, \u201csem solu\u00e7\u00e3o\u201d indica estado (predicativo do sujeito \u201cmuitos problemas\u201d). Na reescrita, \u201cinsol\u00faveis\u201d deixaria a frase amb\u00edgua, pois \u201cinsol\u00faveis\u201d poderia ser analisado como predicativo do sujeito (\u201cinsol\u00faveis\u201d como um estado transit\u00f3rio ou mudan\u00e7a de estado) e como adjunto adnominal de \u201cproblemas\u201d (indicando uma caracter\u00edstica inerente a \u201cproblemas\u201d); neste \u00faltimo caso, o verbo \u201cdeixar\u201d passaria a ter sentido de \u201cabandonar\u201d.<\/p>\n\n\n\n<p>De acordo com o Dicion\u00e1rio Michaelis, \u201cnexo\u201d \u00e9 a liga\u00e7\u00e3o entre ideias ou situa\u00e7\u00f5es; coer\u00eancia. Assim, \u201csem nexo\u201d \u00e9 o mesmo que \u201cincoerente\u201d. Consultando o verbete \u201cdesconexas\u201d no mesmo dicion\u00e1rio, temos: aquilo que carece de coer\u00eancia; desarticulado, il\u00f3gico, incoerente. Logo, a troca de \u201csem nexo\u201d por \u201cdesconexas\u201d se mostra adequada, pois preserva o sentido original do trecho.<\/p>\n\n\n\n<p>Com base nisso, solicita-se a mudan\u00e7a de gabarito.<\/p>\n\n\n\n<p><strong>Refer\u00eancias:<\/strong> Dicion\u00e1rio Brasileiro da L\u00edngua Portuguesa &#8211; Michaelis<\/p>\n\n\n\n<h3 class=\"wp-block-heading has-cyan-bluish-gray-background-color has-background\" id=\"h-raciocinio-logico-matematico\">Racioc\u00ednio L\u00f3gico Matem\u00e1tico<\/h3>\n\n\n\n<p class=\"has-medium-font-size\"><strong>Quest\u00e3o 12<\/strong><\/p>\n\n\n\n<p><em>Para pagar um lanche, Tem\u00edstocles usou uma nota de R$20,00 e recebeu, de troco, uma nota de R$5,00, duas notas de R$2,00, nove moedas de R$0,50 e 3 moedas de R$0,25. O lanche custou a Tem\u00edstocles<\/em><\/p>\n\n\n\n<p><em>(A) R$5,25.<\/em><\/p>\n\n\n\n<p><em>(B) R$5,75.<\/em><\/p>\n\n\n\n<p><em>(C) R$6,25.<\/em><\/p>\n\n\n\n<p><em>(D) R$6,75.<\/em><\/p>\n\n\n\n<p><em>(E) R$7,25.<\/em><\/p>\n\n\n\n<p><strong><u>GABARITO PRELIMINAR<\/u><\/strong>: C<\/p>\n\n\n\n<p><strong><u>PEDIDO<\/u><\/strong>: ALTERA\u00c7\u00c3O PARA \u201cB\u201d.<\/p>\n\n\n\n<p>Tem\u00edstocles recebeu de troco:<\/p>\n\n\n\n<p>1 x 5,00 + 2 x 2,00 + (9 x 0,50) + (3 x 0,25) = 5,00 + 4,00 + 4,50 + 0,75 = 14,25<\/p>\n\n\n\n<p>Se ele usou uma nota de R$ 20,00 e recebeu R$ 14,25 de troco, ent\u00e3o, a diferen\u00e7a entre esses dois valores, nessa ordem, indica quanto custou o lanche de Tem\u00edstocles. Assim, o valor do lanche foi de<\/p>\n\n\n\n<p>R$ 20,00 \u2013 R$ 14,25, ou seja, R$ 5,75.<\/p>\n\n\n\n<h3 class=\"wp-block-heading has-cyan-bluish-gray-background-color has-background\" id=\"h-nocoes-de-administracao\">No\u00e7\u00f5es de Administra\u00e7\u00e3o<\/h3>\n\n\n\n<p class=\"has-medium-font-size\"><strong>Quest\u00e3o 34<\/strong><\/p>\n\n\n\n<p class=\"has-medium-font-size\">Solicitar a revis\u00e3o do gabarito preliminar da quest\u00e3o que versa sobre o controle estrat\u00e9gico dentro das organiza\u00e7\u00f5es, na qual a resposta considerada correta foi designada como op\u00e7\u00e3o (A) &#8220;Balan\u00e7o e relat\u00f3rios financeiros&#8221;. Com base na literatura especializada e nos conceitos amplamente aceitos sobre gest\u00e3o estrat\u00e9gica, argumento que a resposta correta deve ser a op\u00e7\u00e3o (D) &#8220;Controle or\u00e7ament\u00e1rio&#8221;.<\/p>\n\n\n\n<p><strong>Argumenta\u00e7\u00e3o:<\/strong><\/p>\n\n\n\n<p>Defini\u00e7\u00e3o de Controle Estrat\u00e9gico: Conforme discutido em v\u00e1rias fontes acad\u00eamicas, o controle estrat\u00e9gico envolve medidas e pr\u00e1ticas que asseguram que as atividades de uma organiza\u00e7\u00e3o estejam alinhadas com seus objetivos estrat\u00e9gicos de longo prazo. Diferentemente do controle operacional ou financeiro, que pode focar em resultados imediatos ou indicadores financeiros do exerc\u00edcio corrente, o controle estrat\u00e9gico busca direcionar a empresa rumo \u00e0 consecu\u00e7\u00e3o de suas metas estrat\u00e9gicas (Oliveira, 2002).<\/p>\n\n\n\n<p>Natureza dos Balan\u00e7os e Relat\u00f3rios Financeiros: Balan\u00e7os e relat\u00f3rios financeiros, conforme indicado pela op\u00e7\u00e3o (A), s\u00e3o essenciais para a transpar\u00eancia financeira e s\u00e3o utilizados principalmente para avaliar a sa\u00fade financeira da empresa em um determinado per\u00edodo. Esses instrumentos s\u00e3o tipicamente retrospectivos e n\u00e3o possuem o foco direcionado para a implementa\u00e7\u00e3o ou corre\u00e7\u00e3o de estrat\u00e9gias de longo prazo, que \u00e9 o cerne do controle estrat\u00e9gico.<br \/>Relev\u00e2ncia do Controle Or\u00e7ament\u00e1rio: O controle or\u00e7ament\u00e1rio, mencionado na op\u00e7\u00e3o (D), \u00e9 um processo pelo qual a empresa verifica se os recursos est\u00e3o sendo utilizados conforme o planejado e se as a\u00e7\u00f5es est\u00e3o contribuindo para os objetivos estrat\u00e9gicos. Este tipo de controle \u00e9 proativo e orientado para o futuro, facilitando ajustes estrat\u00e9gicos e alinhamento cont\u00ednuo com as metas de longo prazo (Anthony e Govindarajan, 2007).<\/p>\n\n\n\n<p><strong>Conclus\u00e3o:<\/strong><\/p>\n\n\n\n<p>Com base no exposto e fundamentado pelas refer\u00eancias te\u00f3ricas pertinentes, \u00e9 evidente que a op\u00e7\u00e3o (D) &#8220;Controle or\u00e7ament\u00e1rio&#8221; representa com mais precis\u00e3o o conceito de controle estrat\u00e9gico, conforme delineado na quest\u00e3o em discuss\u00e3o. Assim sendo, solicito que seja reconsiderada a resposta correta para esta quest\u00e3o, alterando o gabarito de (A) para (D), garantindo assim a justi\u00e7a e a precis\u00e3o na avalia\u00e7\u00e3o dos candidatos.<\/p>\n\n\n\n<p><strong>Refer\u00eancias:<\/strong><br \/>Oliveira, D. de P. R. de. (2002). Planejamento estrat\u00e9gico: conceitos, metodologia, pr\u00e1ticas. S\u00e3o Paulo: Atlas.<br \/>Anthony, R. N., &amp; Govindarajan, V. (2007). Management Control Systems. McGraw-Hill\/Irwin.<\/p>\n\n\n\n<p class=\"has-medium-font-size\"><strong>Quest\u00e3o 38<\/strong><\/p>\n\n\n\n<p>Solicito a anula\u00e7\u00e3o da quest\u00e3o que aborda os tra\u00e7os de lideran\u00e7a contempor\u00e2neos, cuja resposta preliminar divulgada foi a letra (E) &#8220;Core\u00f3grafo&#8221;. Argumento que a quest\u00e3o deve ser anulada devido a ambiguidades nos termos utilizados e \u00e0 inexist\u00eancia de consenso acad\u00eamico que suporte inequivocamente o termo &#8220;Core\u00f3grafo&#8221; como um tra\u00e7o de lideran\u00e7a reconhecido na literatura contempor\u00e2nea.<\/p>\n\n\n\n<p><strong>Argumenta\u00e7\u00e3o:<\/strong><\/p>\n\n\n\n<p>\u2022 Ambiguidade e Falta de Consenso Acad\u00eamico: O termo &#8220;Core\u00f3grafo&#8221;, embora metaforicamente descritivo, n\u00e3o \u00e9 comumente reconhecido na literatura de lideran\u00e7a como um tra\u00e7o espec\u00edfico. A lideran\u00e7a contempor\u00e2nea, segundo autores como Northouse (2018), enfoca tra\u00e7os como integridade, autoconfian\u00e7a, e habilidades sociais. O uso de &#8220;Core\u00f3grafo&#8221; pode confundir candidatos ao sugerir uma analogia n\u00e3o padr\u00e3o sem base te\u00f3rica expl\u00edcita em textos reconhecidos sobre o tema.<br \/>\u2022 Validade do Autoritarismo como Tra\u00e7o de Lideran\u00e7a: Al\u00e9m disso, o autoritarismo, mencionado na op\u00e7\u00e3o (D), continua sendo relevante na literatura contempor\u00e2nea sobre lideran\u00e7a, especialmente em contextos onde decis\u00f5es r\u00e1pidas e firmes s\u00e3o necess\u00e1rias. Autores como Howell (2012) t\u00eam discutido que, em situa\u00e7\u00f5es de crise ou em culturas organizacionais altamente hierarquizadas, tra\u00e7os autorit\u00e1rios podem ser n\u00e3o s\u00f3 relevantes, mas necess\u00e1rios para a efic\u00e1cia da lideran\u00e7a.<br \/>\u2022 Solicita\u00e7\u00e3o de Anula\u00e7\u00e3o: Devido \u00e0 falta de clareza e ao uso de termos n\u00e3o padr\u00e3o sem suficiente respaldo acad\u00eamico, a quest\u00e3o falha em avaliar adequadamente o conhecimento do candidato sobre lideran\u00e7a contempor\u00e2nea. A inclus\u00e3o de um termo amb\u00edguo como \u201cCore\u00f3grafo\u201d e a exclus\u00e3o de considera\u00e7\u00e3o v\u00e1lida de estilos como autoritarismo em contextos apropriados sugere a necessidade de anula\u00e7\u00e3o da quest\u00e3o.<\/p>\n\n\n\n<p><strong>Conclus\u00e3o:<\/strong><\/p>\n\n\n\n<p>Baseado nos argumentos expostos, solicito a anula\u00e7\u00e3o desta quest\u00e3o da prova. A falta de clareza e o uso de termos metaf\u00f3ricos sem reconhecimento acad\u00eamico claro, al\u00e9m de apontarem para duas alternativas poss\u00edveis (D e E), podem prejudicar a justa avalia\u00e7\u00e3o dos candidatos e a integridade do processo avaliativo.<\/p>\n\n\n\n<p><strong>Refer\u00eancias:<\/strong><br \/>Northouse, P. G. (2018). Leadership: Theory and Practice. Thousand Oaks, CA: Sage Publications.<br \/>Howell, J. M. (2012). Snapshots of Great Leadership. New York, NY: Routledge.<\/p>\n\n\n\n<p class=\"has-medium-font-size\"><strong>Quest\u00e3o 41<\/strong><\/p>\n\n\n\n<p>Solicito a revis\u00e3o do gabarito preliminar da quest\u00e3o que discute as ferramentas utilizadas no secretariado, especificamente sobre a defini\u00e7\u00e3o de &#8220;follow-up&#8221;. O gabarito oficial aponta a letra E, &#8220;Local destinado \u00e0 guarda provis\u00f3ria dos documentos que est\u00e3o pendentes&#8221;, como a resposta correta. Contudo, argumento que esta defini\u00e7\u00e3o n\u00e3o representa adequadamente o conceito de follow-up conforme entendido em contextos administrativos e gerenciais. Acredito que a resposta correta deveria ser a letra A, &#8220;Software gerenciador para organizar, planejar e lembrar os compromissos assumidos&#8221;.<\/p>\n\n\n\n<p><strong>Argumenta\u00e7\u00e3o:<\/strong><\/p>\n\n\n\n<p>Defini\u00e7\u00e3o de Follow-up: Follow-up, no contexto administrativo, refere-se ao processo de monitoramento e garantia de que as tarefas e compromissos sejam completados. \u00c9 uma a\u00e7\u00e3o proativa que envolve revis\u00e3o cont\u00ednua e acompanhamento para assegurar que nada seja esquecido e que todos os objetivos sejam atingidos. Esta defini\u00e7\u00e3o \u00e9 amplamente suportada pela literatura especializada em gest\u00e3o e pr\u00e1ticas administrativas.<\/p>\n\n\n\n<p>Impropriedade da Op\u00e7\u00e3o E: A op\u00e7\u00e3o E, que descreve um local para guarda provis\u00f3ria de documentos, embora relevante para a organiza\u00e7\u00e3o documental, n\u00e3o encapsula a din\u00e2mica e a ess\u00eancia do processo de follow-up, apenas aponta para um arquivo prim\u00e1rio ou corrente. Este termo \u00e9 tradicionalmente associado a um conjunto de a\u00e7\u00f5es cont\u00ednuas de acompanhamento, mais do que apenas a manuten\u00e7\u00e3o f\u00edsica de documentos pendentes.<\/p>\n\n\n\n<p>Relev\u00e2ncia da Op\u00e7\u00e3o A: A descri\u00e7\u00e3o dada na op\u00e7\u00e3o A ressalta a utiliza\u00e7\u00e3o de softwares gerenciadores que ajudam a organizar, planejar e recordar compromissos. Esta abordagem tecnol\u00f3gica \u00e9 essencial no ambiente de secretariado moderno para garantir a efic\u00e1cia e efici\u00eancia do acompanhamento de processos e tarefas, alinhando-se perfeitamente com a pr\u00e1tica contempor\u00e2nea de follow-up.<\/p>\n\n\n\n<p><strong>Conclus\u00e3o:<\/strong><\/p>\n\n\n\n<p>Diante dos argumentos apresentados e com base na literatura relevante, solicito que a resposta correta seja alterada para a alternativa (A), refletindo com precis\u00e3o o uso e a fun\u00e7\u00e3o do follow-up no contexto de secretariado e administra\u00e7\u00e3o. Esta corre\u00e7\u00e3o garantir\u00e1 a validade e a justi\u00e7a da avalia\u00e7\u00e3o, alinhando o teste com os padr\u00f5es profissionais e acad\u00eamicos reconhecidos.<\/p>\n\n\n\n<p><strong>Refer\u00eancia:<\/strong><br \/>Souto, E. F. (2010). Efici\u00eancia na administra\u00e7\u00e3o do tempo. S\u00e3o Paulo: Atlas.<\/p>\n\n\n\n<h3 class=\"wp-block-heading has-cyan-bluish-gray-background-color has-background\" id=\"h-principios-da-administracao-publica\">Princ\u00edpios da Administra\u00e7\u00e3o P\u00fablica<\/h3>\n\n\n\n<p class=\"has-medium-font-size\"><strong>Quest\u00e3o 55<\/strong><\/p>\n\n\n\n<p>A quest\u00e3o, do tipo 3 (amarela), apontou como gabarito preliminar a letra (C).<\/p>\n\n\n\n<p>No entanto, a &#8220;qualidade da informa\u00e7\u00e3o que pode ser conhecida e utilizada por indiv\u00edduos, equipamentos ou sistemas autorizados&#8221; \u00e9 a DISPONIBILIDADE, consoante expressa defini\u00e7\u00e3o no art. 4\u00ba, VI, da Lei 12.527\/2011. N\u00e3o se trata do conceito de &#8220;TRANSPAR\u00caNCIA&#8221;, mencionado na letra (C).<\/p>\n\n\n\n<p>Assim sendo, requer-se a ALTERA\u00c7\u00c3O do gabarito para a letra (E).<\/p>\n\n\n\n<p class=\"has-text-align-center has-cyan-bluish-gray-background-color has-background has-medium-font-size\"><strong>Saiba mais<\/strong>: <a href=\"https:\/\/www.estrategiaconcursos.com.br\/blog\/concurso-assembleia-legislativa-to\/\" target=\"_blank\" rel=\"noreferrer noopener\">concurso ALE TO<\/a><\/p>\n\n\n\n<h2 class=\"wp-block-heading has-text-align-center\" id=\"h-quer-saber-tudo-sobre-concursos-previstos-confira-nossos-artigos\">Quer saber tudo sobre concursos previstos?<br \/>Confira nossos artigos!<\/h2>\n\n\n\n<ul class=\"wp-block-list\">\n<li><a href=\"https:\/\/www.estrategiaconcursos.com.br\/blog\/concursos-area-legislativa\/\" target=\"_blank\" rel=\"noreferrer noopener\">Concursos legislativos<\/a><\/li>\n\n\n\n<li><a href=\"https:\/\/www.estrategiaconcursos.com.br\/blog\/concursos-abertos\/\" target=\"_blank\" rel=\"noreferrer noopener\">Concursos abertos<\/a><\/li>\n\n\n\n<li><a href=\"https:\/\/www.estrategiaconcursos.com.br\/blog\/concursos-2024\/\" target=\"_blank\" rel=\"noreferrer noopener\">Concursos 2024<\/a><\/li>\n<\/ul>\n\n\n\n<h2 class=\"wp-block-heading has-text-align-center\" id=\"cursos\">Quer estudar para o concurso Assembleia Legislativa TO?<\/h2>\n\n\n\n<div class=\"container\" id=\"boxes\">\n  <div class=\"row\">\n\n    <div class=\"col-sm\">\n      <div class=\"banner-ale\" id=\"box-assinatura\">\n        <h3 class=\"titulo-assinatura\">Concurso ALE TO<\/h3>\n        <p class=\"subtitulo-assinatura\">Prepara\u00e7\u00e3o completa para a carreira na ALE TO<\/p>\n        <div class=\"box-botao\">\n          <a class=\"btn-assinatura\" target=\"_blank\" href=\"https:\/\/www.estrategiaconcursos.com.br\/cursosPorConcurso\/assembleia-legislativa-do-estado-do-tocantins-ale-to\/\" role=\"button\" rel=\"noopener noreferrer\">VER CURSOS<\/a>\n        <\/div>\n      <\/div>\n     \n    <\/div>\n\n  <\/div>\n<\/div>\n\n\n\n<div id=\"boxes\" class=\"container\">\n<div class=\"row\">\n<div class=\"col-sm\">\n<div id=\"box-assinatura\" class=\"estrategia\">\n<h3 class=\"titulo-assinatura\">Assinatura de Concursos<\/h3>\n<p class=\"subtitulo-assinatura\">Assinatura 1 ou 2 anos<\/p>\n<div class=\"box-botao\"><a class=\"btn-assinatura\" role=\"button\" href=\"https:\/\/www.estrategiaconcursos.com.br\/assinaturas\/\" target=\"_blank\" rel=\"noopener noreferrer\">ASSINE AGORA<\/a><\/div>\n<\/div>\n<p class=\"texto-auxiliar\">&nbsp;<\/p>\n<\/div><\/div><\/div>\n","protected":false},"excerpt":{"rendered":"<p>Ap\u00f3s a aplica\u00e7\u00e3o das provas do&nbsp;concurso ALE TO (Assembleia Legislativa do Tocantins) no \u00faltimo domingo, 14 de abril de 2024, a FGV, respons\u00e1vel pela condu\u00e7\u00e3o do certame, divulgou os&nbsp;gabaritos provis\u00f3rios&nbsp;da etapa. Com isso, os interessados poder\u00e3o interpor recursos entre os dias 17 e 18 de abril. O Estrat\u00e9gia Concursos esteve presente durante toda a sua [&hellip;]<\/p>\n","protected":false},"author":1483,"featured_media":1226610,"comment_status":"open","ping_status":"closed","sticky":false,"template":"","format":"standard","meta":{"post_tipo":"news","footnotes":""},"categories":[2017,220219],"tags":[],"tax_estado":[219990],"class_list":["post-1385154","post","type-post","status-publish","format-standard","has-post-thumbnail","hentry","category-concursos-legislativos","category-noticias","tax_estado-to"],"acf":[],"yoast_head":"<!-- This site is optimized with the Yoast SEO Premium plugin v27.2 (Yoast SEO v27.2) - https:\/\/yoast.com\/product\/yoast-seo-premium-wordpress\/ -->\n<title>Concurso ALE TO - Assist\u00eancia Administrativa: recursos poss\u00edveis!<\/title>\n<meta name=\"description\" content=\"Confira os recursos poss\u00edveis contra o gabarito do concurso ALE TO - Assist\u00eancia Administrativa. Isso e muito mais no site do Estrat\u00e9gia!\" \/>\n<meta name=\"robots\" content=\"index, follow, max-snippet:-1, max-image-preview:large, max-video-preview:-1\" \/>\n<link rel=\"canonical\" href=\"https:\/\/www.estrategiaconcursos.com.br\/blog\/concurso-ale-to-assistencia-administrativa-recursos-possiveis\/\" \/>\n<meta property=\"og:locale\" content=\"pt_BR\" \/>\n<meta property=\"og:type\" content=\"article\" \/>\n<meta property=\"og:title\" content=\"Concurso ALE TO - Assist\u00eancia Administrativa: recursos poss\u00edveis!\" \/>\n<meta property=\"og:description\" content=\"Confira os recursos poss\u00edveis contra o gabarito do concurso ALE TO - Assist\u00eancia Administrativa. Isso e muito mais no site do Estrat\u00e9gia!\" \/>\n<meta property=\"og:url\" content=\"https:\/\/www.estrategiaconcursos.com.br\/blog\/concurso-ale-to-assistencia-administrativa-recursos-possiveis\/\" \/>\n<meta property=\"og:site_name\" content=\"Estrat\u00e9gia Concursos\" \/>\n<meta property=\"article:published_time\" content=\"2024-04-16T19:15:39+00:00\" \/>\n<meta property=\"article:modified_time\" content=\"2024-04-17T17:18:52+00:00\" \/>\n<meta property=\"og:image\" content=\"https:\/\/dhg1h5j42swfq.cloudfront.net\/2023\/06\/02103859\/ale-to.jpg\" \/>\n\t<meta property=\"og:image:width\" content=\"768\" \/>\n\t<meta property=\"og:image:height\" content=\"432\" \/>\n\t<meta property=\"og:image:type\" content=\"image\/jpeg\" \/>\n<meta name=\"author\" content=\"Diogo Mendes\" \/>\n<meta name=\"twitter:card\" content=\"summary_large_image\" \/>\n<meta name=\"twitter:creator\" content=\"@EstratConcursos\" \/>\n<meta name=\"twitter:site\" content=\"@EstratConcursos\" \/>\n<meta name=\"twitter:label1\" content=\"Escrito por\" \/>\n\t<meta name=\"twitter:data1\" content=\"Diogo Mendes\" \/>\n\t<meta name=\"twitter:label2\" content=\"Est. tempo de leitura\" \/>\n\t<meta name=\"twitter:data2\" content=\"13 minutos\" \/>\n<script type=\"application\/ld+json\" class=\"yoast-schema-graph\">{\"@context\":\"https:\/\/schema.org\",\"@graph\":[{\"@type\":\"NewsArticle\",\"@id\":\"https:\/\/www.estrategiaconcursos.com.br\/blog\/concurso-ale-to-assistencia-administrativa-recursos-possiveis\/#article\",\"isPartOf\":{\"@id\":\"https:\/\/www.estrategiaconcursos.com.br\/blog\/concurso-ale-to-assistencia-administrativa-recursos-possiveis\/\"},\"author\":{\"name\":\"Diogo Mendes\",\"@id\":\"https:\/\/www.estrategiaconcursos.com.br\/blog\/#\/schema\/person\/cc9e76173880338ce9f656c88664a1f6\"},\"headline\":\"Concurso ALE TO &#8211; Assist\u00eancia Administrativa: recursos poss\u00edveis!\",\"datePublished\":\"2024-04-16T19:15:39+00:00\",\"dateModified\":\"2024-04-17T17:18:52+00:00\",\"mainEntityOfPage\":{\"@id\":\"https:\/\/www.estrategiaconcursos.com.br\/blog\/concurso-ale-to-assistencia-administrativa-recursos-possiveis\/\"},\"wordCount\":2568,\"commentCount\":0,\"publisher\":{\"@id\":\"https:\/\/www.estrategiaconcursos.com.br\/blog\/#organization\"},\"image\":{\"@id\":\"https:\/\/www.estrategiaconcursos.com.br\/blog\/concurso-ale-to-assistencia-administrativa-recursos-possiveis\/#primaryimage\"},\"thumbnailUrl\":\"https:\/\/dhg1h5j42swfq.cloudfront.net\/2023\/06\/02103859\/ale-to.jpg\",\"articleSection\":[\"Legislativo\",\"\u00daltimas not\u00edcias\"],\"inLanguage\":\"pt-BR\",\"potentialAction\":[{\"@type\":\"CommentAction\",\"name\":\"Comment\",\"target\":[\"https:\/\/www.estrategiaconcursos.com.br\/blog\/concurso-ale-to-assistencia-administrativa-recursos-possiveis\/#respond\"]}],\"copyrightYear\":\"2024\",\"copyrightHolder\":{\"@id\":\"https:\/\/www.estrategiaconcursos.com.br\/blog\/#organization\"}},{\"@type\":\"WebPage\",\"@id\":\"https:\/\/www.estrategiaconcursos.com.br\/blog\/concurso-ale-to-assistencia-administrativa-recursos-possiveis\/\",\"url\":\"https:\/\/www.estrategiaconcursos.com.br\/blog\/concurso-ale-to-assistencia-administrativa-recursos-possiveis\/\",\"name\":\"Concurso ALE TO - Assist\u00eancia Administrativa: recursos poss\u00edveis!\",\"isPartOf\":{\"@id\":\"https:\/\/www.estrategiaconcursos.com.br\/blog\/#website\"},\"primaryImageOfPage\":{\"@id\":\"https:\/\/www.estrategiaconcursos.com.br\/blog\/concurso-ale-to-assistencia-administrativa-recursos-possiveis\/#primaryimage\"},\"image\":{\"@id\":\"https:\/\/www.estrategiaconcursos.com.br\/blog\/concurso-ale-to-assistencia-administrativa-recursos-possiveis\/#primaryimage\"},\"thumbnailUrl\":\"https:\/\/dhg1h5j42swfq.cloudfront.net\/2023\/06\/02103859\/ale-to.jpg\",\"datePublished\":\"2024-04-16T19:15:39+00:00\",\"dateModified\":\"2024-04-17T17:18:52+00:00\",\"description\":\"Confira os recursos poss\u00edveis contra o gabarito do concurso ALE TO - Assist\u00eancia Administrativa. Isso e muito mais no site do Estrat\u00e9gia!\",\"breadcrumb\":{\"@id\":\"https:\/\/www.estrategiaconcursos.com.br\/blog\/concurso-ale-to-assistencia-administrativa-recursos-possiveis\/#breadcrumb\"},\"inLanguage\":\"pt-BR\",\"potentialAction\":[{\"@type\":\"ReadAction\",\"target\":[\"https:\/\/www.estrategiaconcursos.com.br\/blog\/concurso-ale-to-assistencia-administrativa-recursos-possiveis\/\"]}]},{\"@type\":\"ImageObject\",\"inLanguage\":\"pt-BR\",\"@id\":\"https:\/\/www.estrategiaconcursos.com.br\/blog\/concurso-ale-to-assistencia-administrativa-recursos-possiveis\/#primaryimage\",\"url\":\"https:\/\/dhg1h5j42swfq.cloudfront.net\/2023\/06\/02103859\/ale-to.jpg\",\"contentUrl\":\"https:\/\/dhg1h5j42swfq.cloudfront.net\/2023\/06\/02103859\/ale-to.jpg\",\"width\":768,\"height\":432,\"caption\":\"ale to\"},{\"@type\":\"BreadcrumbList\",\"@id\":\"https:\/\/www.estrategiaconcursos.com.br\/blog\/concurso-ale-to-assistencia-administrativa-recursos-possiveis\/#breadcrumb\",\"itemListElement\":[{\"@type\":\"ListItem\",\"position\":1,\"name\":\"In\u00edcio\",\"item\":\"https:\/\/www.estrategiaconcursos.com.br\/blog\/\"},{\"@type\":\"ListItem\",\"position\":2,\"name\":\"Concurso ALE TO &#8211; Assist\u00eancia Administrativa: recursos poss\u00edveis!\"}]},{\"@type\":\"WebSite\",\"@id\":\"https:\/\/www.estrategiaconcursos.com.br\/blog\/#website\",\"url\":\"https:\/\/www.estrategiaconcursos.com.br\/blog\/\",\"name\":\"Estrat\u00e9gia Concursos\",\"description\":\"O blog da Estrat\u00e9gia Concursos traz not\u00edcias sobre concursos e artigos de professores oferecendo cursos para concursos (pdf + videaulas) no site.\",\"publisher\":{\"@id\":\"https:\/\/www.estrategiaconcursos.com.br\/blog\/#organization\"},\"potentialAction\":[{\"@type\":\"SearchAction\",\"target\":{\"@type\":\"EntryPoint\",\"urlTemplate\":\"https:\/\/www.estrategiaconcursos.com.br\/blog\/?s={search_term_string}\"},\"query-input\":{\"@type\":\"PropertyValueSpecification\",\"valueRequired\":true,\"valueName\":\"search_term_string\"}}],\"inLanguage\":\"pt-BR\"},{\"@type\":\"Organization\",\"@id\":\"https:\/\/www.estrategiaconcursos.com.br\/blog\/#organization\",\"name\":\"Estrat\u00e9gia Concursos\",\"url\":\"https:\/\/www.estrategiaconcursos.com.br\/blog\/\",\"logo\":{\"@type\":\"ImageObject\",\"inLanguage\":\"pt-BR\",\"@id\":\"https:\/\/www.estrategiaconcursos.com.br\/blog\/#\/schema\/logo\/image\/\",\"url\":\"https:\/\/dhg1h5j42swfq.cloudfront.net\/2025\/06\/03203428\/logo_concursos-1.jpg\",\"contentUrl\":\"https:\/\/dhg1h5j42swfq.cloudfront.net\/2025\/06\/03203428\/logo_concursos-1.jpg\",\"width\":230,\"height\":60,\"caption\":\"Estrat\u00e9gia Concursos\"},\"image\":{\"@id\":\"https:\/\/www.estrategiaconcursos.com.br\/blog\/#\/schema\/logo\/image\/\"},\"sameAs\":[\"https:\/\/x.com\/EstratConcursos\"]},{\"@type\":\"Person\",\"@id\":\"https:\/\/www.estrategiaconcursos.com.br\/blog\/#\/schema\/person\/cc9e76173880338ce9f656c88664a1f6\",\"name\":\"Diogo Mendes\",\"image\":{\"@type\":\"ImageObject\",\"inLanguage\":\"pt-BR\",\"@id\":\"https:\/\/secure.gravatar.com\/avatar\/9754d6777d460a45ef4067b586b94c32005cc2345a0404b8d96adc620cf63806?s=96&d=mm&r=g\",\"url\":\"https:\/\/secure.gravatar.com\/avatar\/9754d6777d460a45ef4067b586b94c32005cc2345a0404b8d96adc620cf63806?s=96&d=mm&r=g\",\"contentUrl\":\"https:\/\/secure.gravatar.com\/avatar\/9754d6777d460a45ef4067b586b94c32005cc2345a0404b8d96adc620cf63806?s=96&d=mm&r=g\",\"caption\":\"Diogo Mendes\"},\"description\":\"Diogo Mendes \u00e9 jornalista formado pela Universidade Paulista, com experi\u00eancia em reda\u00e7\u00f5es de diversos ve\u00edculos e na produ\u00e7\u00e3o de conte\u00fados especializados em concursos p\u00fablicos. Desde 2019, atua no Estrat\u00e9gia Concursos como Jornalista e Analista de Conte\u00fado, com foco na apura\u00e7\u00e3o de informa\u00e7\u00f5es junto a \u00f3rg\u00e3os e fontes oficiais. Dedica-se especialmente \u00e0 produ\u00e7\u00e3o de not\u00edcias e reportagens sobre Concursos Legislativos, al\u00e9m de acompanhar diariamente os concursos policiais, banc\u00e1rios e da \u00e1rea da sa\u00fade.\",\"url\":\"https:\/\/www.estrategiaconcursos.com.br\/blog\/author\/diogo-mendesestrategiaconcursos-com-br\/\"}]}<\/script>\n<!-- \/ Yoast SEO Premium plugin. -->","yoast_head_json":{"title":"Concurso ALE TO - Assist\u00eancia Administrativa: recursos poss\u00edveis!","description":"Confira os recursos poss\u00edveis contra o gabarito do concurso ALE TO - Assist\u00eancia Administrativa. Isso e muito mais no site do Estrat\u00e9gia!","robots":{"index":"index","follow":"follow","max-snippet":"max-snippet:-1","max-image-preview":"max-image-preview:large","max-video-preview":"max-video-preview:-1"},"canonical":"https:\/\/www.estrategiaconcursos.com.br\/blog\/concurso-ale-to-assistencia-administrativa-recursos-possiveis\/","og_locale":"pt_BR","og_type":"article","og_title":"Concurso ALE TO - Assist\u00eancia Administrativa: recursos poss\u00edveis!","og_description":"Confira os recursos poss\u00edveis contra o gabarito do concurso ALE TO - Assist\u00eancia Administrativa. Isso e muito mais no site do Estrat\u00e9gia!","og_url":"https:\/\/www.estrategiaconcursos.com.br\/blog\/concurso-ale-to-assistencia-administrativa-recursos-possiveis\/","og_site_name":"Estrat\u00e9gia Concursos","article_published_time":"2024-04-16T19:15:39+00:00","article_modified_time":"2024-04-17T17:18:52+00:00","og_image":[{"width":768,"height":432,"url":"https:\/\/dhg1h5j42swfq.cloudfront.net\/2023\/06\/02103859\/ale-to.jpg","type":"image\/jpeg"}],"author":"Diogo Mendes","twitter_card":"summary_large_image","twitter_creator":"@EstratConcursos","twitter_site":"@EstratConcursos","twitter_misc":{"Escrito por":"Diogo Mendes","Est. tempo de leitura":"13 minutos"},"schema":{"@context":"https:\/\/schema.org","@graph":[{"@type":"NewsArticle","@id":"https:\/\/www.estrategiaconcursos.com.br\/blog\/concurso-ale-to-assistencia-administrativa-recursos-possiveis\/#article","isPartOf":{"@id":"https:\/\/www.estrategiaconcursos.com.br\/blog\/concurso-ale-to-assistencia-administrativa-recursos-possiveis\/"},"author":{"name":"Diogo Mendes","@id":"https:\/\/www.estrategiaconcursos.com.br\/blog\/#\/schema\/person\/cc9e76173880338ce9f656c88664a1f6"},"headline":"Concurso ALE TO &#8211; Assist\u00eancia Administrativa: recursos poss\u00edveis!","datePublished":"2024-04-16T19:15:39+00:00","dateModified":"2024-04-17T17:18:52+00:00","mainEntityOfPage":{"@id":"https:\/\/www.estrategiaconcursos.com.br\/blog\/concurso-ale-to-assistencia-administrativa-recursos-possiveis\/"},"wordCount":2568,"commentCount":0,"publisher":{"@id":"https:\/\/www.estrategiaconcursos.com.br\/blog\/#organization"},"image":{"@id":"https:\/\/www.estrategiaconcursos.com.br\/blog\/concurso-ale-to-assistencia-administrativa-recursos-possiveis\/#primaryimage"},"thumbnailUrl":"https:\/\/dhg1h5j42swfq.cloudfront.net\/2023\/06\/02103859\/ale-to.jpg","articleSection":["Legislativo","\u00daltimas not\u00edcias"],"inLanguage":"pt-BR","potentialAction":[{"@type":"CommentAction","name":"Comment","target":["https:\/\/www.estrategiaconcursos.com.br\/blog\/concurso-ale-to-assistencia-administrativa-recursos-possiveis\/#respond"]}],"copyrightYear":"2024","copyrightHolder":{"@id":"https:\/\/www.estrategiaconcursos.com.br\/blog\/#organization"}},{"@type":"WebPage","@id":"https:\/\/www.estrategiaconcursos.com.br\/blog\/concurso-ale-to-assistencia-administrativa-recursos-possiveis\/","url":"https:\/\/www.estrategiaconcursos.com.br\/blog\/concurso-ale-to-assistencia-administrativa-recursos-possiveis\/","name":"Concurso ALE TO - Assist\u00eancia Administrativa: recursos poss\u00edveis!","isPartOf":{"@id":"https:\/\/www.estrategiaconcursos.com.br\/blog\/#website"},"primaryImageOfPage":{"@id":"https:\/\/www.estrategiaconcursos.com.br\/blog\/concurso-ale-to-assistencia-administrativa-recursos-possiveis\/#primaryimage"},"image":{"@id":"https:\/\/www.estrategiaconcursos.com.br\/blog\/concurso-ale-to-assistencia-administrativa-recursos-possiveis\/#primaryimage"},"thumbnailUrl":"https:\/\/dhg1h5j42swfq.cloudfront.net\/2023\/06\/02103859\/ale-to.jpg","datePublished":"2024-04-16T19:15:39+00:00","dateModified":"2024-04-17T17:18:52+00:00","description":"Confira os recursos poss\u00edveis contra o gabarito do concurso ALE TO - Assist\u00eancia Administrativa. Isso e muito mais no site do Estrat\u00e9gia!","breadcrumb":{"@id":"https:\/\/www.estrategiaconcursos.com.br\/blog\/concurso-ale-to-assistencia-administrativa-recursos-possiveis\/#breadcrumb"},"inLanguage":"pt-BR","potentialAction":[{"@type":"ReadAction","target":["https:\/\/www.estrategiaconcursos.com.br\/blog\/concurso-ale-to-assistencia-administrativa-recursos-possiveis\/"]}]},{"@type":"ImageObject","inLanguage":"pt-BR","@id":"https:\/\/www.estrategiaconcursos.com.br\/blog\/concurso-ale-to-assistencia-administrativa-recursos-possiveis\/#primaryimage","url":"https:\/\/dhg1h5j42swfq.cloudfront.net\/2023\/06\/02103859\/ale-to.jpg","contentUrl":"https:\/\/dhg1h5j42swfq.cloudfront.net\/2023\/06\/02103859\/ale-to.jpg","width":768,"height":432,"caption":"ale to"},{"@type":"BreadcrumbList","@id":"https:\/\/www.estrategiaconcursos.com.br\/blog\/concurso-ale-to-assistencia-administrativa-recursos-possiveis\/#breadcrumb","itemListElement":[{"@type":"ListItem","position":1,"name":"In\u00edcio","item":"https:\/\/www.estrategiaconcursos.com.br\/blog\/"},{"@type":"ListItem","position":2,"name":"Concurso ALE TO &#8211; Assist\u00eancia Administrativa: recursos poss\u00edveis!"}]},{"@type":"WebSite","@id":"https:\/\/www.estrategiaconcursos.com.br\/blog\/#website","url":"https:\/\/www.estrategiaconcursos.com.br\/blog\/","name":"Estrat\u00e9gia Concursos","description":"O blog da Estrat\u00e9gia Concursos traz not\u00edcias sobre concursos e artigos de professores oferecendo cursos para concursos (pdf + videaulas) no site.","publisher":{"@id":"https:\/\/www.estrategiaconcursos.com.br\/blog\/#organization"},"potentialAction":[{"@type":"SearchAction","target":{"@type":"EntryPoint","urlTemplate":"https:\/\/www.estrategiaconcursos.com.br\/blog\/?s={search_term_string}"},"query-input":{"@type":"PropertyValueSpecification","valueRequired":true,"valueName":"search_term_string"}}],"inLanguage":"pt-BR"},{"@type":"Organization","@id":"https:\/\/www.estrategiaconcursos.com.br\/blog\/#organization","name":"Estrat\u00e9gia Concursos","url":"https:\/\/www.estrategiaconcursos.com.br\/blog\/","logo":{"@type":"ImageObject","inLanguage":"pt-BR","@id":"https:\/\/www.estrategiaconcursos.com.br\/blog\/#\/schema\/logo\/image\/","url":"https:\/\/dhg1h5j42swfq.cloudfront.net\/2025\/06\/03203428\/logo_concursos-1.jpg","contentUrl":"https:\/\/dhg1h5j42swfq.cloudfront.net\/2025\/06\/03203428\/logo_concursos-1.jpg","width":230,"height":60,"caption":"Estrat\u00e9gia Concursos"},"image":{"@id":"https:\/\/www.estrategiaconcursos.com.br\/blog\/#\/schema\/logo\/image\/"},"sameAs":["https:\/\/x.com\/EstratConcursos"]},{"@type":"Person","@id":"https:\/\/www.estrategiaconcursos.com.br\/blog\/#\/schema\/person\/cc9e76173880338ce9f656c88664a1f6","name":"Diogo Mendes","image":{"@type":"ImageObject","inLanguage":"pt-BR","@id":"https:\/\/secure.gravatar.com\/avatar\/9754d6777d460a45ef4067b586b94c32005cc2345a0404b8d96adc620cf63806?s=96&d=mm&r=g","url":"https:\/\/secure.gravatar.com\/avatar\/9754d6777d460a45ef4067b586b94c32005cc2345a0404b8d96adc620cf63806?s=96&d=mm&r=g","contentUrl":"https:\/\/secure.gravatar.com\/avatar\/9754d6777d460a45ef4067b586b94c32005cc2345a0404b8d96adc620cf63806?s=96&d=mm&r=g","caption":"Diogo Mendes"},"description":"Diogo Mendes \u00e9 jornalista formado pela Universidade Paulista, com experi\u00eancia em reda\u00e7\u00f5es de diversos ve\u00edculos e na produ\u00e7\u00e3o de conte\u00fados especializados em concursos p\u00fablicos. Desde 2019, atua no Estrat\u00e9gia Concursos como Jornalista e Analista de Conte\u00fado, com foco na apura\u00e7\u00e3o de informa\u00e7\u00f5es junto a \u00f3rg\u00e3os e fontes oficiais. Dedica-se especialmente \u00e0 produ\u00e7\u00e3o de not\u00edcias e reportagens sobre Concursos Legislativos, al\u00e9m de acompanhar diariamente os concursos policiais, banc\u00e1rios e da \u00e1rea da sa\u00fade.","url":"https:\/\/www.estrategiaconcursos.com.br\/blog\/author\/diogo-mendesestrategiaconcursos-com-br\/"}]}},"_links":{"self":[{"href":"https:\/\/www.estrategiaconcursos.com.br\/blog\/wp-json\/wp\/v2\/posts\/1385154","targetHints":{"allow":["GET"]}}],"collection":[{"href":"https:\/\/www.estrategiaconcursos.com.br\/blog\/wp-json\/wp\/v2\/posts"}],"about":[{"href":"https:\/\/www.estrategiaconcursos.com.br\/blog\/wp-json\/wp\/v2\/types\/post"}],"author":[{"embeddable":true,"href":"https:\/\/www.estrategiaconcursos.com.br\/blog\/wp-json\/wp\/v2\/users\/1483"}],"replies":[{"embeddable":true,"href":"https:\/\/www.estrategiaconcursos.com.br\/blog\/wp-json\/wp\/v2\/comments?post=1385154"}],"version-history":[{"count":10,"href":"https:\/\/www.estrategiaconcursos.com.br\/blog\/wp-json\/wp\/v2\/posts\/1385154\/revisions"}],"predecessor-version":[{"id":1385691,"href":"https:\/\/www.estrategiaconcursos.com.br\/blog\/wp-json\/wp\/v2\/posts\/1385154\/revisions\/1385691"}],"wp:featuredmedia":[{"embeddable":true,"href":"https:\/\/www.estrategiaconcursos.com.br\/blog\/wp-json\/wp\/v2\/media\/1226610"}],"wp:attachment":[{"href":"https:\/\/www.estrategiaconcursos.com.br\/blog\/wp-json\/wp\/v2\/media?parent=1385154"}],"wp:term":[{"taxonomy":"category","embeddable":true,"href":"https:\/\/www.estrategiaconcursos.com.br\/blog\/wp-json\/wp\/v2\/categories?post=1385154"},{"taxonomy":"post_tag","embeddable":true,"href":"https:\/\/www.estrategiaconcursos.com.br\/blog\/wp-json\/wp\/v2\/tags?post=1385154"},{"taxonomy":"tax_estado","embeddable":true,"href":"https:\/\/www.estrategiaconcursos.com.br\/blog\/wp-json\/wp\/v2\/tax_estado?post=1385154"}],"curies":[{"name":"wp","href":"https:\/\/api.w.org\/{rel}","templated":true}]}}