{"id":138477,"date":"2018-08-29T15:00:51","date_gmt":"2018-08-29T18:00:51","guid":{"rendered":"https:\/\/www.estrategiaconcursos.com.br\/blog\/?p=138477"},"modified":"2020-08-04T11:29:37","modified_gmt":"2020-08-04T14:29:37","slug":"concurso-pf-boato-que-concursos-para-escrivao-delegado-e-perito-foram-cancelados-e-falso","status":"publish","type":"post","link":"https:\/\/www.estrategiaconcursos.com.br\/blog\/concurso-pf-boato-que-concursos-para-escrivao-delegado-e-perito-foram-cancelados-e-falso\/","title":{"rendered":"Informa\u00e7\u00e3o que o concurso da Pol\u00edcia Federal para Escriv\u00e3o, Delegado e Perito havia sido suspenso \u00e9 FALSA"},"content":{"rendered":"<p>Circula nas redes sociais e na internet a informa\u00e7\u00e3o de que&nbsp;o concurso da Pol\u00edcia Federal para os cargos de&nbsp;Escriv\u00e3o, Delegado de Pol\u00edcia Federal e Perito Criminal Federal teria sido suspenso pela institui\u00e7\u00e3o.<\/p>\n<p>A origem de todo o rumor vem de uma p\u00e1gina da Academia Nacional de Policia que possui seu site vinculado ao da PF. Na p\u00e1gina em quest\u00e3o, que pode ser observada na imagem abaixo, \u00e9 afirmado que os certames foram suspensos.<\/p>\n<p>A informa\u00e7\u00e3o, no entanto, trata-se do concurso realizado no ano de 2012. Portanto, ela n\u00e3o tem <em><strong>nenhum tipo de liga\u00e7\u00e3o ou relev\u00e2ncia<\/strong><\/em> com o certame que ter\u00e1 provas aplicadas no pr\u00f3ximo m\u00eas.<\/p>\n<p>O concurso da Pol\u00edcia Federal de 2018 est\u00e1 mantido e ser\u00e1 realizado normalmente. As provas est\u00e3o marcadas para o dia 16 de setembro.<\/p>\n<p>&nbsp;<\/p>\n<p><img loading=\"lazy\" decoding=\"async\" class=\"alignnone wp-image-138479 size-full\" src=\"https:\/\/dhg1h5j42swfq.cloudfront.net\/2018\/08\/29194130\/Capturar5.jpg\" alt=\"\" width=\"1001\" height=\"549\" srcset=\"https:\/\/dhg1h5j42swfq.cloudfront.net\/2018\/08\/29194130\/Capturar5.jpg 1001w, https:\/\/dhg1h5j42swfq.cloudfront.net\/2018\/08\/29194130\/Capturar5.jpg 300w, https:\/\/dhg1h5j42swfq.cloudfront.net\/2018\/08\/29194130\/Capturar5.jpg 768w, https:\/\/dhg1h5j42swfq.cloudfront.net\/2018\/08\/29194130\/Capturar5.jpg 610w\" sizes=\"auto, (max-width: 1001px) 100vw, 1001px\" \/><\/p>\n","protected":false},"excerpt":{"rendered":"<p>Circula nas redes sociais e na internet a informa\u00e7\u00e3o de que&nbsp;o concurso da Pol\u00edcia Federal para os cargos de&nbsp;Escriv\u00e3o, Delegado de Pol\u00edcia Federal e Perito Criminal Federal teria sido suspenso pela institui\u00e7\u00e3o. A origem de todo o rumor vem de uma p\u00e1gina da Academia Nacional de Policia que possui seu site vinculado ao da PF. [&hellip;]<\/p>\n","protected":false},"author":1,"featured_media":75255,"comment_status":"open","ping_status":"closed","sticky":false,"template":"","format":"standard","meta":{"post_tipo":"news","footnotes":""},"categories":[1],"tags":[],"tax_estado":[],"class_list":["post-138477","post","type-post","status-publish","format-standard","has-post-thumbnail","hentry","category-cursos-e-concursos"],"acf":[],"yoast_head":"<!-- This site is optimized with the Yoast SEO Premium plugin v27.2 (Yoast SEO v27.2) - https:\/\/yoast.com\/product\/yoast-seo-premium-wordpress\/ -->\n<title>Concurso Pol\u00edcia Federal: informa\u00e7\u00e3o que certame havia sido suspenso \u00e9 FALSA<\/title>\n<meta name=\"description\" content=\"Um boato circulou na internet nos \u00faltimos dias dizendo que o concurso PF deste ano seria cancelado. Confira todas as informa\u00e7\u00f5es aqui.\" \/>\n<meta name=\"robots\" content=\"index, follow, max-snippet:-1, max-image-preview:large, max-video-preview:-1\" \/>\n<link rel=\"canonical\" href=\"https:\/\/www.estrategiaconcursos.com.br\/blog\/concurso-pf-boato-que-concursos-para-escrivao-delegado-e-perito-foram-cancelados-e-falso\/\" \/>\n<meta property=\"og:locale\" content=\"pt_BR\" \/>\n<meta property=\"og:type\" content=\"article\" \/>\n<meta property=\"og:title\" content=\"Informa\u00e7\u00e3o que o concurso da Pol\u00edcia Federal para Escriv\u00e3o, Delegado e Perito havia sido suspenso \u00e9 FALSA\" \/>\n<meta property=\"og:description\" content=\"Um boato circulou na internet nos \u00faltimos dias dizendo que o concurso PF deste ano seria cancelado. Confira todas as informa\u00e7\u00f5es aqui.\" \/>\n<meta property=\"og:url\" content=\"https:\/\/www.estrategiaconcursos.com.br\/blog\/concurso-pf-boato-que-concursos-para-escrivao-delegado-e-perito-foram-cancelados-e-falso\/\" \/>\n<meta property=\"og:site_name\" content=\"Estrat\u00e9gia Concursos\" \/>\n<meta property=\"article:author\" content=\"https:\/\/www.facebook.com\/EstrategiaConcursos\" \/>\n<meta property=\"article:published_time\" content=\"2018-08-29T18:00:51+00:00\" \/>\n<meta property=\"article:modified_time\" content=\"2020-08-04T14:29:37+00:00\" \/>\n<meta property=\"og:image\" content=\"https:\/\/dhg1h5j42swfq.cloudfront.net\/2017\/05\/24174238\/pf-e1495658573155.jpg\" \/>\n\t<meta property=\"og:image:width\" content=\"400\" \/>\n\t<meta property=\"og:image:height\" content=\"209\" \/>\n\t<meta property=\"og:image:type\" content=\"image\/jpeg\" \/>\n<meta name=\"author\" content=\"Coordena\u00e7\u00e3o\" \/>\n<meta name=\"twitter:card\" content=\"summary_large_image\" \/>\n<meta name=\"twitter:creator\" content=\"@EstratConcursos\" \/>\n<meta name=\"twitter:site\" content=\"@EstratConcursos\" \/>\n<meta name=\"twitter:label1\" content=\"Escrito por\" \/>\n\t<meta name=\"twitter:data1\" content=\"Coordena\u00e7\u00e3o\" \/>\n\t<meta name=\"twitter:label2\" content=\"Est. tempo de leitura\" \/>\n\t<meta name=\"twitter:data2\" content=\"1 minuto\" \/>\n<script type=\"application\/ld+json\" class=\"yoast-schema-graph\">{\"@context\":\"https:\/\/schema.org\",\"@graph\":[{\"@type\":\"NewsArticle\",\"@id\":\"https:\/\/www.estrategiaconcursos.com.br\/blog\/concurso-pf-boato-que-concursos-para-escrivao-delegado-e-perito-foram-cancelados-e-falso\/#article\",\"isPartOf\":{\"@id\":\"https:\/\/www.estrategiaconcursos.com.br\/blog\/concurso-pf-boato-que-concursos-para-escrivao-delegado-e-perito-foram-cancelados-e-falso\/\"},\"author\":{\"name\":\"Coordena\u00e7\u00e3o\",\"@id\":\"https:\/\/www.estrategiaconcursos.com.br\/blog\/#\/schema\/person\/b4a388c97673c5f483d72185668afa1f\"},\"headline\":\"Informa\u00e7\u00e3o que o concurso da Pol\u00edcia Federal para Escriv\u00e3o, Delegado e Perito havia sido suspenso \u00e9 FALSA\",\"datePublished\":\"2018-08-29T18:00:51+00:00\",\"dateModified\":\"2020-08-04T14:29:37+00:00\",\"mainEntityOfPage\":{\"@id\":\"https:\/\/www.estrategiaconcursos.com.br\/blog\/concurso-pf-boato-que-concursos-para-escrivao-delegado-e-perito-foram-cancelados-e-falso\/\"},\"wordCount\":164,\"commentCount\":0,\"publisher\":{\"@id\":\"https:\/\/www.estrategiaconcursos.com.br\/blog\/#organization\"},\"image\":{\"@id\":\"https:\/\/www.estrategiaconcursos.com.br\/blog\/concurso-pf-boato-que-concursos-para-escrivao-delegado-e-perito-foram-cancelados-e-falso\/#primaryimage\"},\"thumbnailUrl\":\"https:\/\/dhg1h5j42swfq.cloudfront.net\/2017\/05\/24174238\/pf-e1495658573155.jpg\",\"articleSection\":[\"Concursos P\u00fablicos\"],\"inLanguage\":\"pt-BR\",\"potentialAction\":[{\"@type\":\"CommentAction\",\"name\":\"Comment\",\"target\":[\"https:\/\/www.estrategiaconcursos.com.br\/blog\/concurso-pf-boato-que-concursos-para-escrivao-delegado-e-perito-foram-cancelados-e-falso\/#respond\"]}],\"copyrightYear\":\"2018\",\"copyrightHolder\":{\"@id\":\"https:\/\/www.estrategiaconcursos.com.br\/blog\/#organization\"}},{\"@type\":\"WebPage\",\"@id\":\"https:\/\/www.estrategiaconcursos.com.br\/blog\/concurso-pf-boato-que-concursos-para-escrivao-delegado-e-perito-foram-cancelados-e-falso\/\",\"url\":\"https:\/\/www.estrategiaconcursos.com.br\/blog\/concurso-pf-boato-que-concursos-para-escrivao-delegado-e-perito-foram-cancelados-e-falso\/\",\"name\":\"Concurso Pol\u00edcia Federal: informa\u00e7\u00e3o que certame havia sido suspenso \u00e9 FALSA\",\"isPartOf\":{\"@id\":\"https:\/\/www.estrategiaconcursos.com.br\/blog\/#website\"},\"primaryImageOfPage\":{\"@id\":\"https:\/\/www.estrategiaconcursos.com.br\/blog\/concurso-pf-boato-que-concursos-para-escrivao-delegado-e-perito-foram-cancelados-e-falso\/#primaryimage\"},\"image\":{\"@id\":\"https:\/\/www.estrategiaconcursos.com.br\/blog\/concurso-pf-boato-que-concursos-para-escrivao-delegado-e-perito-foram-cancelados-e-falso\/#primaryimage\"},\"thumbnailUrl\":\"https:\/\/dhg1h5j42swfq.cloudfront.net\/2017\/05\/24174238\/pf-e1495658573155.jpg\",\"datePublished\":\"2018-08-29T18:00:51+00:00\",\"dateModified\":\"2020-08-04T14:29:37+00:00\",\"description\":\"Um boato circulou na internet nos \u00faltimos dias dizendo que o concurso PF deste ano seria cancelado. Confira todas as informa\u00e7\u00f5es aqui.\",\"breadcrumb\":{\"@id\":\"https:\/\/www.estrategiaconcursos.com.br\/blog\/concurso-pf-boato-que-concursos-para-escrivao-delegado-e-perito-foram-cancelados-e-falso\/#breadcrumb\"},\"inLanguage\":\"pt-BR\",\"potentialAction\":[{\"@type\":\"ReadAction\",\"target\":[\"https:\/\/www.estrategiaconcursos.com.br\/blog\/concurso-pf-boato-que-concursos-para-escrivao-delegado-e-perito-foram-cancelados-e-falso\/\"]}]},{\"@type\":\"ImageObject\",\"inLanguage\":\"pt-BR\",\"@id\":\"https:\/\/www.estrategiaconcursos.com.br\/blog\/concurso-pf-boato-que-concursos-para-escrivao-delegado-e-perito-foram-cancelados-e-falso\/#primaryimage\",\"url\":\"https:\/\/dhg1h5j42swfq.cloudfront.net\/2017\/05\/24174238\/pf-e1495658573155.jpg\",\"contentUrl\":\"https:\/\/dhg1h5j42swfq.cloudfront.net\/2017\/05\/24174238\/pf-e1495658573155.jpg\",\"width\":400,\"height\":209,\"caption\":\"Concurso Pol\u00edcia Federal\"},{\"@type\":\"BreadcrumbList\",\"@id\":\"https:\/\/www.estrategiaconcursos.com.br\/blog\/concurso-pf-boato-que-concursos-para-escrivao-delegado-e-perito-foram-cancelados-e-falso\/#breadcrumb\",\"itemListElement\":[{\"@type\":\"ListItem\",\"position\":1,\"name\":\"In\u00edcio\",\"item\":\"https:\/\/www.estrategiaconcursos.com.br\/blog\/\"},{\"@type\":\"ListItem\",\"position\":2,\"name\":\"Informa\u00e7\u00e3o que o concurso da Pol\u00edcia Federal para Escriv\u00e3o, Delegado e Perito havia sido suspenso \u00e9 FALSA\"}]},{\"@type\":\"WebSite\",\"@id\":\"https:\/\/www.estrategiaconcursos.com.br\/blog\/#website\",\"url\":\"https:\/\/www.estrategiaconcursos.com.br\/blog\/\",\"name\":\"Estrat\u00e9gia Concursos\",\"description\":\"O blog da Estrat\u00e9gia Concursos traz not\u00edcias sobre concursos e artigos de professores oferecendo cursos para concursos (pdf + videaulas) no site.\",\"publisher\":{\"@id\":\"https:\/\/www.estrategiaconcursos.com.br\/blog\/#organization\"},\"potentialAction\":[{\"@type\":\"SearchAction\",\"target\":{\"@type\":\"EntryPoint\",\"urlTemplate\":\"https:\/\/www.estrategiaconcursos.com.br\/blog\/?s={search_term_string}\"},\"query-input\":{\"@type\":\"PropertyValueSpecification\",\"valueRequired\":true,\"valueName\":\"search_term_string\"}}],\"inLanguage\":\"pt-BR\"},{\"@type\":\"Organization\",\"@id\":\"https:\/\/www.estrategiaconcursos.com.br\/blog\/#organization\",\"name\":\"Estrat\u00e9gia Concursos\",\"url\":\"https:\/\/www.estrategiaconcursos.com.br\/blog\/\",\"logo\":{\"@type\":\"ImageObject\",\"inLanguage\":\"pt-BR\",\"@id\":\"https:\/\/www.estrategiaconcursos.com.br\/blog\/#\/schema\/logo\/image\/\",\"url\":\"https:\/\/dhg1h5j42swfq.cloudfront.net\/2025\/06\/03203428\/logo_concursos-1.jpg\",\"contentUrl\":\"https:\/\/dhg1h5j42swfq.cloudfront.net\/2025\/06\/03203428\/logo_concursos-1.jpg\",\"width\":230,\"height\":60,\"caption\":\"Estrat\u00e9gia Concursos\"},\"image\":{\"@id\":\"https:\/\/www.estrategiaconcursos.com.br\/blog\/#\/schema\/logo\/image\/\"},\"sameAs\":[\"https:\/\/x.com\/EstratConcursos\"]},{\"@type\":\"Person\",\"@id\":\"https:\/\/www.estrategiaconcursos.com.br\/blog\/#\/schema\/person\/b4a388c97673c5f483d72185668afa1f\",\"name\":\"Coordena\u00e7\u00e3o\",\"image\":{\"@type\":\"ImageObject\",\"inLanguage\":\"pt-BR\",\"@id\":\"https:\/\/secure.gravatar.com\/avatar\/b720319e4c9a967eb58678d110f4fe35452fc5d5f97b202bac7b8acceb18c6ad?s=96&d=mm&r=g\",\"url\":\"https:\/\/secure.gravatar.com\/avatar\/b720319e4c9a967eb58678d110f4fe35452fc5d5f97b202bac7b8acceb18c6ad?s=96&d=mm&r=g\",\"contentUrl\":\"https:\/\/secure.gravatar.com\/avatar\/b720319e4c9a967eb58678d110f4fe35452fc5d5f97b202bac7b8acceb18c6ad?s=96&d=mm&r=g\",\"caption\":\"Coordena\u00e7\u00e3o\"},\"sameAs\":[\"https:\/\/www.facebook.com\/EstrategiaConcursos\",\"https:\/\/x.com\/EstratConcursos\"],\"url\":\"https:\/\/www.estrategiaconcursos.com.br\/blog\/author\/estrategia2013\/\"}]}<\/script>\n<!-- \/ Yoast SEO Premium plugin. -->","yoast_head_json":{"title":"Concurso Pol\u00edcia Federal: informa\u00e7\u00e3o que certame havia sido suspenso \u00e9 FALSA","description":"Um boato circulou na internet nos \u00faltimos dias dizendo que o concurso PF deste ano seria cancelado. Confira todas as informa\u00e7\u00f5es aqui.","robots":{"index":"index","follow":"follow","max-snippet":"max-snippet:-1","max-image-preview":"max-image-preview:large","max-video-preview":"max-video-preview:-1"},"canonical":"https:\/\/www.estrategiaconcursos.com.br\/blog\/concurso-pf-boato-que-concursos-para-escrivao-delegado-e-perito-foram-cancelados-e-falso\/","og_locale":"pt_BR","og_type":"article","og_title":"Informa\u00e7\u00e3o que o concurso da Pol\u00edcia Federal para Escriv\u00e3o, Delegado e Perito havia sido suspenso \u00e9 FALSA","og_description":"Um boato circulou na internet nos \u00faltimos dias dizendo que o concurso PF deste ano seria cancelado. Confira todas as informa\u00e7\u00f5es aqui.","og_url":"https:\/\/www.estrategiaconcursos.com.br\/blog\/concurso-pf-boato-que-concursos-para-escrivao-delegado-e-perito-foram-cancelados-e-falso\/","og_site_name":"Estrat\u00e9gia Concursos","article_author":"https:\/\/www.facebook.com\/EstrategiaConcursos","article_published_time":"2018-08-29T18:00:51+00:00","article_modified_time":"2020-08-04T14:29:37+00:00","og_image":[{"width":400,"height":209,"url":"https:\/\/dhg1h5j42swfq.cloudfront.net\/2017\/05\/24174238\/pf-e1495658573155.jpg","type":"image\/jpeg"}],"author":"Coordena\u00e7\u00e3o","twitter_card":"summary_large_image","twitter_creator":"@EstratConcursos","twitter_site":"@EstratConcursos","twitter_misc":{"Escrito por":"Coordena\u00e7\u00e3o","Est. tempo de leitura":"1 minuto"},"schema":{"@context":"https:\/\/schema.org","@graph":[{"@type":"NewsArticle","@id":"https:\/\/www.estrategiaconcursos.com.br\/blog\/concurso-pf-boato-que-concursos-para-escrivao-delegado-e-perito-foram-cancelados-e-falso\/#article","isPartOf":{"@id":"https:\/\/www.estrategiaconcursos.com.br\/blog\/concurso-pf-boato-que-concursos-para-escrivao-delegado-e-perito-foram-cancelados-e-falso\/"},"author":{"name":"Coordena\u00e7\u00e3o","@id":"https:\/\/www.estrategiaconcursos.com.br\/blog\/#\/schema\/person\/b4a388c97673c5f483d72185668afa1f"},"headline":"Informa\u00e7\u00e3o que o concurso da Pol\u00edcia Federal para Escriv\u00e3o, Delegado e Perito havia sido suspenso \u00e9 FALSA","datePublished":"2018-08-29T18:00:51+00:00","dateModified":"2020-08-04T14:29:37+00:00","mainEntityOfPage":{"@id":"https:\/\/www.estrategiaconcursos.com.br\/blog\/concurso-pf-boato-que-concursos-para-escrivao-delegado-e-perito-foram-cancelados-e-falso\/"},"wordCount":164,"commentCount":0,"publisher":{"@id":"https:\/\/www.estrategiaconcursos.com.br\/blog\/#organization"},"image":{"@id":"https:\/\/www.estrategiaconcursos.com.br\/blog\/concurso-pf-boato-que-concursos-para-escrivao-delegado-e-perito-foram-cancelados-e-falso\/#primaryimage"},"thumbnailUrl":"https:\/\/dhg1h5j42swfq.cloudfront.net\/2017\/05\/24174238\/pf-e1495658573155.jpg","articleSection":["Concursos P\u00fablicos"],"inLanguage":"pt-BR","potentialAction":[{"@type":"CommentAction","name":"Comment","target":["https:\/\/www.estrategiaconcursos.com.br\/blog\/concurso-pf-boato-que-concursos-para-escrivao-delegado-e-perito-foram-cancelados-e-falso\/#respond"]}],"copyrightYear":"2018","copyrightHolder":{"@id":"https:\/\/www.estrategiaconcursos.com.br\/blog\/#organization"}},{"@type":"WebPage","@id":"https:\/\/www.estrategiaconcursos.com.br\/blog\/concurso-pf-boato-que-concursos-para-escrivao-delegado-e-perito-foram-cancelados-e-falso\/","url":"https:\/\/www.estrategiaconcursos.com.br\/blog\/concurso-pf-boato-que-concursos-para-escrivao-delegado-e-perito-foram-cancelados-e-falso\/","name":"Concurso Pol\u00edcia Federal: informa\u00e7\u00e3o que certame havia sido suspenso \u00e9 FALSA","isPartOf":{"@id":"https:\/\/www.estrategiaconcursos.com.br\/blog\/#website"},"primaryImageOfPage":{"@id":"https:\/\/www.estrategiaconcursos.com.br\/blog\/concurso-pf-boato-que-concursos-para-escrivao-delegado-e-perito-foram-cancelados-e-falso\/#primaryimage"},"image":{"@id":"https:\/\/www.estrategiaconcursos.com.br\/blog\/concurso-pf-boato-que-concursos-para-escrivao-delegado-e-perito-foram-cancelados-e-falso\/#primaryimage"},"thumbnailUrl":"https:\/\/dhg1h5j42swfq.cloudfront.net\/2017\/05\/24174238\/pf-e1495658573155.jpg","datePublished":"2018-08-29T18:00:51+00:00","dateModified":"2020-08-04T14:29:37+00:00","description":"Um boato circulou na internet nos \u00faltimos dias dizendo que o concurso PF deste ano seria cancelado. Confira todas as informa\u00e7\u00f5es aqui.","breadcrumb":{"@id":"https:\/\/www.estrategiaconcursos.com.br\/blog\/concurso-pf-boato-que-concursos-para-escrivao-delegado-e-perito-foram-cancelados-e-falso\/#breadcrumb"},"inLanguage":"pt-BR","potentialAction":[{"@type":"ReadAction","target":["https:\/\/www.estrategiaconcursos.com.br\/blog\/concurso-pf-boato-que-concursos-para-escrivao-delegado-e-perito-foram-cancelados-e-falso\/"]}]},{"@type":"ImageObject","inLanguage":"pt-BR","@id":"https:\/\/www.estrategiaconcursos.com.br\/blog\/concurso-pf-boato-que-concursos-para-escrivao-delegado-e-perito-foram-cancelados-e-falso\/#primaryimage","url":"https:\/\/dhg1h5j42swfq.cloudfront.net\/2017\/05\/24174238\/pf-e1495658573155.jpg","contentUrl":"https:\/\/dhg1h5j42swfq.cloudfront.net\/2017\/05\/24174238\/pf-e1495658573155.jpg","width":400,"height":209,"caption":"Concurso Pol\u00edcia Federal"},{"@type":"BreadcrumbList","@id":"https:\/\/www.estrategiaconcursos.com.br\/blog\/concurso-pf-boato-que-concursos-para-escrivao-delegado-e-perito-foram-cancelados-e-falso\/#breadcrumb","itemListElement":[{"@type":"ListItem","position":1,"name":"In\u00edcio","item":"https:\/\/www.estrategiaconcursos.com.br\/blog\/"},{"@type":"ListItem","position":2,"name":"Informa\u00e7\u00e3o que o concurso da Pol\u00edcia Federal para Escriv\u00e3o, Delegado e Perito havia sido suspenso \u00e9 FALSA"}]},{"@type":"WebSite","@id":"https:\/\/www.estrategiaconcursos.com.br\/blog\/#website","url":"https:\/\/www.estrategiaconcursos.com.br\/blog\/","name":"Estrat\u00e9gia Concursos","description":"O blog da Estrat\u00e9gia Concursos traz not\u00edcias sobre concursos e artigos de professores oferecendo cursos para concursos (pdf + videaulas) no site.","publisher":{"@id":"https:\/\/www.estrategiaconcursos.com.br\/blog\/#organization"},"potentialAction":[{"@type":"SearchAction","target":{"@type":"EntryPoint","urlTemplate":"https:\/\/www.estrategiaconcursos.com.br\/blog\/?s={search_term_string}"},"query-input":{"@type":"PropertyValueSpecification","valueRequired":true,"valueName":"search_term_string"}}],"inLanguage":"pt-BR"},{"@type":"Organization","@id":"https:\/\/www.estrategiaconcursos.com.br\/blog\/#organization","name":"Estrat\u00e9gia Concursos","url":"https:\/\/www.estrategiaconcursos.com.br\/blog\/","logo":{"@type":"ImageObject","inLanguage":"pt-BR","@id":"https:\/\/www.estrategiaconcursos.com.br\/blog\/#\/schema\/logo\/image\/","url":"https:\/\/dhg1h5j42swfq.cloudfront.net\/2025\/06\/03203428\/logo_concursos-1.jpg","contentUrl":"https:\/\/dhg1h5j42swfq.cloudfront.net\/2025\/06\/03203428\/logo_concursos-1.jpg","width":230,"height":60,"caption":"Estrat\u00e9gia Concursos"},"image":{"@id":"https:\/\/www.estrategiaconcursos.com.br\/blog\/#\/schema\/logo\/image\/"},"sameAs":["https:\/\/x.com\/EstratConcursos"]},{"@type":"Person","@id":"https:\/\/www.estrategiaconcursos.com.br\/blog\/#\/schema\/person\/b4a388c97673c5f483d72185668afa1f","name":"Coordena\u00e7\u00e3o","image":{"@type":"ImageObject","inLanguage":"pt-BR","@id":"https:\/\/secure.gravatar.com\/avatar\/b720319e4c9a967eb58678d110f4fe35452fc5d5f97b202bac7b8acceb18c6ad?s=96&d=mm&r=g","url":"https:\/\/secure.gravatar.com\/avatar\/b720319e4c9a967eb58678d110f4fe35452fc5d5f97b202bac7b8acceb18c6ad?s=96&d=mm&r=g","contentUrl":"https:\/\/secure.gravatar.com\/avatar\/b720319e4c9a967eb58678d110f4fe35452fc5d5f97b202bac7b8acceb18c6ad?s=96&d=mm&r=g","caption":"Coordena\u00e7\u00e3o"},"sameAs":["https:\/\/www.facebook.com\/EstrategiaConcursos","https:\/\/x.com\/EstratConcursos"],"url":"https:\/\/www.estrategiaconcursos.com.br\/blog\/author\/estrategia2013\/"}]}},"_links":{"self":[{"href":"https:\/\/www.estrategiaconcursos.com.br\/blog\/wp-json\/wp\/v2\/posts\/138477","targetHints":{"allow":["GET"]}}],"collection":[{"href":"https:\/\/www.estrategiaconcursos.com.br\/blog\/wp-json\/wp\/v2\/posts"}],"about":[{"href":"https:\/\/www.estrategiaconcursos.com.br\/blog\/wp-json\/wp\/v2\/types\/post"}],"author":[{"embeddable":true,"href":"https:\/\/www.estrategiaconcursos.com.br\/blog\/wp-json\/wp\/v2\/users\/1"}],"replies":[{"embeddable":true,"href":"https:\/\/www.estrategiaconcursos.com.br\/blog\/wp-json\/wp\/v2\/comments?post=138477"}],"version-history":[{"count":17,"href":"https:\/\/www.estrategiaconcursos.com.br\/blog\/wp-json\/wp\/v2\/posts\/138477\/revisions"}],"predecessor-version":[{"id":521242,"href":"https:\/\/www.estrategiaconcursos.com.br\/blog\/wp-json\/wp\/v2\/posts\/138477\/revisions\/521242"}],"wp:featuredmedia":[{"embeddable":true,"href":"https:\/\/www.estrategiaconcursos.com.br\/blog\/wp-json\/wp\/v2\/media\/75255"}],"wp:attachment":[{"href":"https:\/\/www.estrategiaconcursos.com.br\/blog\/wp-json\/wp\/v2\/media?parent=138477"}],"wp:term":[{"taxonomy":"category","embeddable":true,"href":"https:\/\/www.estrategiaconcursos.com.br\/blog\/wp-json\/wp\/v2\/categories?post=138477"},{"taxonomy":"post_tag","embeddable":true,"href":"https:\/\/www.estrategiaconcursos.com.br\/blog\/wp-json\/wp\/v2\/tags?post=138477"},{"taxonomy":"tax_estado","embeddable":true,"href":"https:\/\/www.estrategiaconcursos.com.br\/blog\/wp-json\/wp\/v2\/tax_estado?post=138477"}],"curies":[{"name":"wp","href":"https:\/\/api.w.org\/{rel}","templated":true}]}}