{"id":1384027,"date":"2024-04-15T16:01:00","date_gmt":"2024-04-15T19:01:00","guid":{"rendered":"https:\/\/blog-estrategia.mystagingwebsite.com\/blog\/?p=1384027"},"modified":"2024-04-15T10:39:00","modified_gmt":"2024-04-15T13:39:00","slug":"concurso-guarda-de-vitoria-inscricoes-abertas","status":"publish","type":"post","link":"https:\/\/www.estrategiaconcursos.com.br\/blog\/concurso-guarda-de-vitoria-inscricoes-abertas\/","title":{"rendered":"Concurso Guarda de Vit\u00f3ria est\u00e1 com inscri\u00e7\u00f5es abertas. Veja!"},"content":{"rendered":"\n<p class=\"wp-block-paragraph\">J\u00e1 est\u00e3o<strong> abertas as inscri\u00e7\u00f5es<\/strong> do\u00a0<strong>concurso p\u00fablico da Guarda Municipal de Vit\u00f3ria<\/strong>, capital do estado do Esp\u00edrito Santo! Os interessados podem se candidatar no site da FGV, <strong>at\u00e9 \u00e0s 16h do dia 20 de maio<\/strong>.<\/p>\n\n\n\n<p class=\"wp-block-paragraph\">Conforme o edital, a taxa de inscri\u00e7\u00e3o foi determinada no valor de R$ 90,00. J\u00e1 a isen\u00e7\u00e3o desse pagamento pode ser solicitada no per\u00edodo de 15 a 19 de abril.<\/p>\n\n\n\n<h2 class=\"wp-block-heading has-medium-font-size\" id=\"h-inscricoes-abertas-para-o-concurso-guarda-de-vitoria-como-me-inscrevo\"><strong>Inscri\u00e7\u00f5es abertas para o concurso Guarda de Vit\u00f3ria! Como me inscrevo?<\/strong><\/h2>\n\n\n\n<p class=\"wp-block-paragraph\">Para participar, basta preencher os dados solicitados no site da banca organizadora. <\/p>\n\n\n\n<ul class=\"has-very-light-gray-to-cyan-bluish-gray-gradient-background has-background wp-block-list\">\n<li><a href=\"https:\/\/conhecimento.fgv.br\/concursos\/guardavitoria24\" target=\"_blank\" rel=\"noreferrer noopener\">Inscreva-se aqui para o concurso GCM Vit\u00f3ria<\/a>!<\/li>\n<\/ul>\n\n\n\n<h2 class=\"wp-block-heading\" id=\"h-informacoes-do-edital-guarda-de-vitoria\">Informa\u00e7\u00f5es do edital Guarda de Vit\u00f3ria<\/h2>\n\n\n\n<p class=\"wp-block-paragraph\">S\u00e3o ofertadas 100 vagas imediatas e forma\u00e7\u00e3o de cadastro de reserva para o cargo de Guarda Municipal. As oportunidades s\u00e3o distribu\u00eddas entre ampla concorr\u00eancia, pessoas com defici\u00eancia e candidatos negros\/ind\u00edgenas.<\/p>\n\n\n\n<p class=\"wp-block-paragraph\">A carreira exige escolaridade de n\u00edvel m\u00e9dio, al\u00e9m de idade m\u00e1xima de 30 anos, Carteira Nacional de Habilita\u00e7\u00e3o na categoria m\u00ednima \u201cA\u201d e \u201cB\u201d e altura m\u00ednima de 1,60m para mulheres e 1,65m para homens. O sal\u00e1rio inicial \u00e9 de R$ 3.967,40.<\/p>\n\n\n\n<p class=\"wp-block-paragraph\">A sele\u00e7\u00e3o ser\u00e1 constitu\u00edda de seis etapas, sendo a primeira composta de Prova Objetiva e prevista no dia 14 de julho. Para saber mais detalhes do concurso Guarda de Vit\u00f3ria, acesse nosso artigo na \u00edntegra:<\/p>\n\n\n\n<h2 class=\"wp-block-heading has-text-align-center has-very-light-gray-to-cyan-bluish-gray-gradient-background has-background has-medium-font-size\" id=\"h-saiba-mais-concurso-gcm-vitoria\">Saiba mais: <a href=\"https:\/\/www.estrategiaconcursos.com.br\/blog\/concurso-guarda-de-vitoria\/\" target=\"_blank\" rel=\"noreferrer noopener\">Concurso GCM Vit\u00f3ria<\/a><\/h2>\n\n\n\n<hr class=\"wp-block-separator has-alpha-channel-opacity\"\/>\n\n\n\n<h2 class=\"wp-block-heading has-text-align-center\" id=\"h-quer-saber-tudo-sobre-concursos-previstos-confira-nossos-artigos\">Quer saber tudo sobre concursos previstos?<br \/>Confira  nossos artigos!<\/h2>\n\n\n\n<ul class=\"wp-block-list\">\n<li><a href=\"https:\/\/www.estrategiaconcursos.com.br\/blog\/concursos-abertos\/\" target=\"_blank\" rel=\"noreferrer noopener\">Concursos abertos<\/a><\/li>\n\n\n\n<li><a href=\"https:\/\/www.estrategiaconcursos.com.br\/blog\/concursos-2023\/\" target=\"_blank\" rel=\"noreferrer noopener\">Concursos 2024<\/a><\/li>\n<\/ul>\n\n\n\n<div id=\"boxes\" class=\"container\">\n<div class=\"row\">\n<div class=\"col-sm\">\n<div id=\"box-assinatura\" class=\"banner-guarda-gcm\">\n<h3 class=\"titulo-assinatura\">Guarda de Vit\u00f3ria<\/h3>\n<p class=\"subtitulo-assinatura\">Explore os cursos preparat\u00f3rios completos! \u2728<\/p>\n<div class=\"box-botao\"><a class=\"btn-assinatura\" role=\"button\" href=\"https:\/\/www.estrategiaconcursos.com.br\/cursosPorConcurso\/prefeitura-municipal-de-vitoria-es\/\" target=\"_blank\" rel=\"noopener noreferrer\">VER CURSOS<\/a><\/div>\n<\/div>\n\n<\/div>\n<\/div>\n<\/div>\n\n\n\n<div class=\"container\" id=\"boxes\">\n  <div class=\"row\">\n\n    <div class=\"col-sm\">\n      <div class=\"estrategia\" id=\"box-assinatura\">\n        <h3 class=\"titulo-assinatura\">Assinatura Concursos<\/h3>\n        <p class=\"subtitulo-assinatura\">Assinatura de 1 ano ou 2 anos<\/p>\n        <div class=\"box-botao\">\n          <a class=\"btn-assinatura\" target=\"_blank\" href=\"https:\/\/www.estrategiaconcursos.com.br\/blog\/assinaturas\/\" role=\"button\" rel=\"noopener noreferrer\">ASSINE AGORA<\/a>\n        <\/div>\n      <\/div><\/div><\/div><\/div>\n","protected":false},"excerpt":{"rendered":"<p>J\u00e1 est\u00e3o abertas as inscri\u00e7\u00f5es do\u00a0concurso p\u00fablico da Guarda Municipal de Vit\u00f3ria, capital do estado do Esp\u00edrito Santo! Os interessados podem se candidatar no site da FGV, at\u00e9 \u00e0s 16h do dia 20 de maio. Conforme o edital, a taxa de inscri\u00e7\u00e3o foi determinada no valor de R$ 90,00. J\u00e1 a isen\u00e7\u00e3o desse pagamento pode [&hellip;]<\/p>\n","protected":false},"author":1206,"featured_media":1354728,"comment_status":"open","ping_status":"closed","sticky":false,"template":"","format":"standard","meta":{"_acf_changed":false,"post_tipo":"news","footnotes":""},"categories":[220189,220219],"tags":[],"tax_estado":[219971],"class_list":["post-1384027","post","type-post","status-publish","format-standard","has-post-thumbnail","hentry","category-policial-guarda-civis","category-noticias","tax_estado-es"],"acf":[],"yoast_head":"<!-- This site is optimized with the Yoast SEO Premium plugin v28.1 (Yoast SEO v28.1) - https:\/\/yoast.com\/product\/yoast-seo-premium-wordpress\/ -->\n<title>Concurso Guarda de Vit\u00f3ria est\u00e1 com inscri\u00e7\u00f5es abertas. Veja!<\/title>\n<meta name=\"description\" content=\"J\u00e1 est\u00e3o abertas as inscri\u00e7\u00f5es do\u00a0concurso Guarda de Vit\u00f3ria! S\u00e3o ofertadas 100 vagas e inicial de R$ 3,9 mil. Confira!\" \/>\n<meta name=\"robots\" content=\"index, follow, max-snippet:-1, max-image-preview:large, max-video-preview:-1\" \/>\n<link rel=\"canonical\" href=\"https:\/\/www.estrategiaconcursos.com.br\/blog\/concurso-guarda-de-vitoria-inscricoes-abertas\/\" \/>\n<meta property=\"og:locale\" content=\"pt_BR\" \/>\n<meta property=\"og:type\" content=\"article\" \/>\n<meta property=\"og:title\" content=\"Concurso Guarda de Vit\u00f3ria est\u00e1 com inscri\u00e7\u00f5es abertas. Veja!\" \/>\n<meta property=\"og:description\" content=\"J\u00e1 est\u00e3o abertas as inscri\u00e7\u00f5es do\u00a0concurso Guarda de Vit\u00f3ria! S\u00e3o ofertadas 100 vagas e inicial de R$ 3,9 mil. Confira!\" \/>\n<meta property=\"og:url\" content=\"https:\/\/www.estrategiaconcursos.com.br\/blog\/concurso-guarda-de-vitoria-inscricoes-abertas\/\" \/>\n<meta property=\"og:site_name\" content=\"Estrat\u00e9gia Concursos\" \/>\n<meta property=\"article:published_time\" content=\"2024-04-15T19:01:00+00:00\" \/>\n<meta property=\"og:image\" content=\"https:\/\/dhg1h5j42swfq.cloudfront.net\/2024\/02\/19215300\/guarda-de-vitoria-es.jpg\" \/>\n\t<meta property=\"og:image:width\" content=\"768\" \/>\n\t<meta property=\"og:image:height\" content=\"432\" \/>\n\t<meta property=\"og:image:type\" content=\"image\/jpeg\" \/>\n<meta name=\"author\" content=\"Bruna de Andrade Fran\u00e7a\" \/>\n<meta name=\"twitter:card\" content=\"summary_large_image\" \/>\n<meta name=\"twitter:creator\" content=\"@EstratConcursos\" \/>\n<meta name=\"twitter:site\" content=\"@EstratConcursos\" \/>\n<meta name=\"twitter:label1\" content=\"Escrito por\" \/>\n\t<meta name=\"twitter:data1\" content=\"Bruna de Andrade Fran\u00e7a\" \/>\n\t<meta name=\"twitter:label2\" content=\"Est. tempo de leitura\" \/>\n\t<meta name=\"twitter:data2\" content=\"1 minuto\" \/>\n<script type=\"application\/ld+json\" class=\"yoast-schema-graph\">{\"@context\":\"https:\\\/\\\/schema.org\",\"@graph\":[{\"@type\":\"NewsArticle\",\"@id\":\"https:\\\/\\\/www.estrategiaconcursos.com.br\\\/blog\\\/concurso-guarda-de-vitoria-inscricoes-abertas\\\/#article\",\"isPartOf\":{\"@id\":\"https:\\\/\\\/www.estrategiaconcursos.com.br\\\/blog\\\/concurso-guarda-de-vitoria-inscricoes-abertas\\\/\"},\"author\":{\"name\":\"Bruna de Andrade Fran\u00e7a\",\"@id\":\"https:\\\/\\\/blog-estrategia.mystagingwebsite.com\\\/#\\\/schema\\\/person\\\/6630f91134abc08115cca62ce6372855\"},\"headline\":\"Concurso Guarda de Vit\u00f3ria est\u00e1 com inscri\u00e7\u00f5es abertas. Veja!\",\"datePublished\":\"2024-04-15T19:01:00+00:00\",\"mainEntityOfPage\":{\"@id\":\"https:\\\/\\\/www.estrategiaconcursos.com.br\\\/blog\\\/concurso-guarda-de-vitoria-inscricoes-abertas\\\/\"},\"wordCount\":282,\"commentCount\":0,\"publisher\":{\"@id\":\"https:\\\/\\\/blog-estrategia.mystagingwebsite.com\\\/#organization\"},\"image\":{\"@id\":\"https:\\\/\\\/www.estrategiaconcursos.com.br\\\/blog\\\/concurso-guarda-de-vitoria-inscricoes-abertas\\\/#primaryimage\"},\"thumbnailUrl\":\"https:\\\/\\\/dhg1h5j42swfq.cloudfront.net\\\/2024\\\/02\\\/19215300\\\/guarda-de-vitoria-es.jpg\",\"articleSection\":[\"Policial (Guardas Civis)\",\"\u00daltimas not\u00edcias\"],\"inLanguage\":\"pt-BR\",\"potentialAction\":[{\"@type\":\"CommentAction\",\"name\":\"Comment\",\"target\":[\"https:\\\/\\\/www.estrategiaconcursos.com.br\\\/blog\\\/concurso-guarda-de-vitoria-inscricoes-abertas\\\/#respond\"]}],\"copyrightYear\":\"2024\",\"copyrightHolder\":{\"@id\":\"https:\\\/\\\/www.estrategiaconcursos.com.br\\\/blog\\\/#organization\"}},{\"@type\":\"WebPage\",\"@id\":\"https:\\\/\\\/www.estrategiaconcursos.com.br\\\/blog\\\/concurso-guarda-de-vitoria-inscricoes-abertas\\\/\",\"url\":\"https:\\\/\\\/www.estrategiaconcursos.com.br\\\/blog\\\/concurso-guarda-de-vitoria-inscricoes-abertas\\\/\",\"name\":\"Concurso Guarda de Vit\u00f3ria est\u00e1 com inscri\u00e7\u00f5es abertas. Veja!\",\"isPartOf\":{\"@id\":\"https:\\\/\\\/blog-estrategia.mystagingwebsite.com\\\/#website\"},\"primaryImageOfPage\":{\"@id\":\"https:\\\/\\\/www.estrategiaconcursos.com.br\\\/blog\\\/concurso-guarda-de-vitoria-inscricoes-abertas\\\/#primaryimage\"},\"image\":{\"@id\":\"https:\\\/\\\/www.estrategiaconcursos.com.br\\\/blog\\\/concurso-guarda-de-vitoria-inscricoes-abertas\\\/#primaryimage\"},\"thumbnailUrl\":\"https:\\\/\\\/dhg1h5j42swfq.cloudfront.net\\\/2024\\\/02\\\/19215300\\\/guarda-de-vitoria-es.jpg\",\"datePublished\":\"2024-04-15T19:01:00+00:00\",\"description\":\"J\u00e1 est\u00e3o abertas as inscri\u00e7\u00f5es do\u00a0concurso Guarda de Vit\u00f3ria! S\u00e3o ofertadas 100 vagas e inicial de R$ 3,9 mil. Confira!\",\"breadcrumb\":{\"@id\":\"https:\\\/\\\/www.estrategiaconcursos.com.br\\\/blog\\\/concurso-guarda-de-vitoria-inscricoes-abertas\\\/#breadcrumb\"},\"inLanguage\":\"pt-BR\",\"potentialAction\":[{\"@type\":\"ReadAction\",\"target\":[\"https:\\\/\\\/www.estrategiaconcursos.com.br\\\/blog\\\/concurso-guarda-de-vitoria-inscricoes-abertas\\\/\"]}]},{\"@type\":\"ImageObject\",\"inLanguage\":\"pt-BR\",\"@id\":\"https:\\\/\\\/www.estrategiaconcursos.com.br\\\/blog\\\/concurso-guarda-de-vitoria-inscricoes-abertas\\\/#primaryimage\",\"url\":\"https:\\\/\\\/dhg1h5j42swfq.cloudfront.net\\\/2024\\\/02\\\/19215300\\\/guarda-de-vitoria-es.jpg\",\"contentUrl\":\"https:\\\/\\\/dhg1h5j42swfq.cloudfront.net\\\/2024\\\/02\\\/19215300\\\/guarda-de-vitoria-es.jpg\",\"width\":768,\"height\":432,\"caption\":\"Guarda de Vit\u00f3ria ES\"},{\"@type\":\"BreadcrumbList\",\"@id\":\"https:\\\/\\\/www.estrategiaconcursos.com.br\\\/blog\\\/concurso-guarda-de-vitoria-inscricoes-abertas\\\/#breadcrumb\",\"itemListElement\":[{\"@type\":\"ListItem\",\"position\":1,\"name\":\"In\u00edcio\",\"item\":\"https:\\\/\\\/blog-estrategia.mystagingwebsite.com\\\/\"},{\"@type\":\"ListItem\",\"position\":2,\"name\":\"Concurso Guarda de Vit\u00f3ria est\u00e1 com inscri\u00e7\u00f5es abertas. Veja!\"}]},{\"@type\":\"WebSite\",\"@id\":\"https:\\\/\\\/blog-estrategia.mystagingwebsite.com\\\/#website\",\"url\":\"https:\\\/\\\/blog-estrategia.mystagingwebsite.com\\\/\",\"name\":\"Estrat\u00e9gia Concursos\",\"description\":\"O blog da Estrat\u00e9gia Concursos traz not\u00edcias sobre concursos e artigos de professores oferecendo cursos para concursos (pdf + videaulas) no site.\",\"publisher\":{\"@id\":\"https:\\\/\\\/blog-estrategia.mystagingwebsite.com\\\/#organization\"},\"potentialAction\":[{\"@type\":\"SearchAction\",\"target\":{\"@type\":\"EntryPoint\",\"urlTemplate\":\"https:\\\/\\\/blog-estrategia.mystagingwebsite.com\\\/?s={search_term_string}\"},\"query-input\":{\"@type\":\"PropertyValueSpecification\",\"valueRequired\":true,\"valueName\":\"search_term_string\"}}],\"inLanguage\":\"pt-BR\"},{\"@type\":\"Organization\",\"@id\":\"https:\\\/\\\/blog-estrategia.mystagingwebsite.com\\\/#organization\",\"name\":\"Estrat\u00e9gia Concursos\",\"url\":\"https:\\\/\\\/blog-estrategia.mystagingwebsite.com\\\/\",\"logo\":{\"@type\":\"ImageObject\",\"inLanguage\":\"pt-BR\",\"@id\":\"https:\\\/\\\/blog-estrategia.mystagingwebsite.com\\\/#\\\/schema\\\/logo\\\/image\\\/\",\"url\":\"https:\\\/\\\/dhg1h5j42swfq.cloudfront.net\\\/2025\\\/06\\\/03203428\\\/logo_concursos-1.jpg\",\"contentUrl\":\"https:\\\/\\\/dhg1h5j42swfq.cloudfront.net\\\/2025\\\/06\\\/03203428\\\/logo_concursos-1.jpg\",\"width\":230,\"height\":60,\"caption\":\"Estrat\u00e9gia Concursos\"},\"image\":{\"@id\":\"https:\\\/\\\/blog-estrategia.mystagingwebsite.com\\\/#\\\/schema\\\/logo\\\/image\\\/\"},\"sameAs\":[\"https:\\\/\\\/x.com\\\/EstratConcursos\"]},{\"@type\":\"Person\",\"@id\":\"https:\\\/\\\/blog-estrategia.mystagingwebsite.com\\\/#\\\/schema\\\/person\\\/6630f91134abc08115cca62ce6372855\",\"name\":\"Bruna de Andrade Fran\u00e7a\",\"image\":{\"@type\":\"ImageObject\",\"inLanguage\":\"pt-BR\",\"@id\":\"https:\\\/\\\/secure.gravatar.com\\\/avatar\\\/d6316d36d50cea0fadae28ed3015b8870cc90a2d3d8a95c37b44006af36a00e3?s=96&d=mm&r=g\",\"url\":\"https:\\\/\\\/secure.gravatar.com\\\/avatar\\\/d6316d36d50cea0fadae28ed3015b8870cc90a2d3d8a95c37b44006af36a00e3?s=96&d=mm&r=g\",\"contentUrl\":\"https:\\\/\\\/secure.gravatar.com\\\/avatar\\\/d6316d36d50cea0fadae28ed3015b8870cc90a2d3d8a95c37b44006af36a00e3?s=96&d=mm&r=g\",\"caption\":\"Bruna de Andrade Fran\u00e7a\"},\"description\":\"Bruna de Andrade Fran\u00e7a \u00e9 publicit\u00e1ria, p\u00f3s-graduada em Marketing &amp; Growth, e atua h\u00e1 mais de sete anos no mercado de concursos p\u00fablicos. Atualmente, \u00e9 coordenadora do jornalismo de Carreira Jur\u00eddica e OAB no Estrat\u00e9gia Concursos, liderando a cobertura editorial das principais sele\u00e7\u00f5es do pa\u00eds. Especialista em reda\u00e7\u00e3o, SEO e Copywriting, acumula ampla experi\u00eancia na produ\u00e7\u00e3o e gest\u00e3o de conte\u00fado jornal\u00edstico. Ao longo de sua trajet\u00f3ria, tamb\u00e9m esteve \u00e0 frente da cobertura de concursos policiais, banc\u00e1rios, \u00e1rea legislativa e sa\u00fade.\",\"url\":\"https:\\\/\\\/www.estrategiaconcursos.com.br\\\/blog\\\/author\\\/bruna-andrade\\\/\"}]}<\/script>\n<!-- \/ Yoast SEO Premium plugin. -->","yoast_head_json":{"title":"Concurso Guarda de Vit\u00f3ria est\u00e1 com inscri\u00e7\u00f5es abertas. Veja!","description":"J\u00e1 est\u00e3o abertas as inscri\u00e7\u00f5es do\u00a0concurso Guarda de Vit\u00f3ria! S\u00e3o ofertadas 100 vagas e inicial de R$ 3,9 mil. Confira!","robots":{"index":"index","follow":"follow","max-snippet":"max-snippet:-1","max-image-preview":"max-image-preview:large","max-video-preview":"max-video-preview:-1"},"canonical":"https:\/\/www.estrategiaconcursos.com.br\/blog\/concurso-guarda-de-vitoria-inscricoes-abertas\/","og_locale":"pt_BR","og_type":"article","og_title":"Concurso Guarda de Vit\u00f3ria est\u00e1 com inscri\u00e7\u00f5es abertas. Veja!","og_description":"J\u00e1 est\u00e3o abertas as inscri\u00e7\u00f5es do\u00a0concurso Guarda de Vit\u00f3ria! S\u00e3o ofertadas 100 vagas e inicial de R$ 3,9 mil. Confira!","og_url":"https:\/\/www.estrategiaconcursos.com.br\/blog\/concurso-guarda-de-vitoria-inscricoes-abertas\/","og_site_name":"Estrat\u00e9gia Concursos","article_published_time":"2024-04-15T19:01:00+00:00","og_image":[{"width":768,"height":432,"url":"https:\/\/dhg1h5j42swfq.cloudfront.net\/2024\/02\/19215300\/guarda-de-vitoria-es.jpg","type":"image\/jpeg"}],"author":"Bruna de Andrade Fran\u00e7a","twitter_card":"summary_large_image","twitter_creator":"@EstratConcursos","twitter_site":"@EstratConcursos","twitter_misc":{"Escrito por":"Bruna de Andrade Fran\u00e7a","Est. tempo de leitura":"1 minuto"},"schema":{"@context":"https:\/\/schema.org","@graph":[{"@type":"NewsArticle","@id":"https:\/\/www.estrategiaconcursos.com.br\/blog\/concurso-guarda-de-vitoria-inscricoes-abertas\/#article","isPartOf":{"@id":"https:\/\/www.estrategiaconcursos.com.br\/blog\/concurso-guarda-de-vitoria-inscricoes-abertas\/"},"author":{"name":"Bruna de Andrade Fran\u00e7a","@id":"https:\/\/blog-estrategia.mystagingwebsite.com\/#\/schema\/person\/6630f91134abc08115cca62ce6372855"},"headline":"Concurso Guarda de Vit\u00f3ria est\u00e1 com inscri\u00e7\u00f5es abertas. Veja!","datePublished":"2024-04-15T19:01:00+00:00","mainEntityOfPage":{"@id":"https:\/\/www.estrategiaconcursos.com.br\/blog\/concurso-guarda-de-vitoria-inscricoes-abertas\/"},"wordCount":282,"commentCount":0,"publisher":{"@id":"https:\/\/blog-estrategia.mystagingwebsite.com\/#organization"},"image":{"@id":"https:\/\/www.estrategiaconcursos.com.br\/blog\/concurso-guarda-de-vitoria-inscricoes-abertas\/#primaryimage"},"thumbnailUrl":"https:\/\/dhg1h5j42swfq.cloudfront.net\/2024\/02\/19215300\/guarda-de-vitoria-es.jpg","articleSection":["Policial (Guardas Civis)","\u00daltimas not\u00edcias"],"inLanguage":"pt-BR","potentialAction":[{"@type":"CommentAction","name":"Comment","target":["https:\/\/www.estrategiaconcursos.com.br\/blog\/concurso-guarda-de-vitoria-inscricoes-abertas\/#respond"]}],"copyrightYear":"2024","copyrightHolder":{"@id":"https:\/\/www.estrategiaconcursos.com.br\/blog\/#organization"}},{"@type":"WebPage","@id":"https:\/\/www.estrategiaconcursos.com.br\/blog\/concurso-guarda-de-vitoria-inscricoes-abertas\/","url":"https:\/\/www.estrategiaconcursos.com.br\/blog\/concurso-guarda-de-vitoria-inscricoes-abertas\/","name":"Concurso Guarda de Vit\u00f3ria est\u00e1 com inscri\u00e7\u00f5es abertas. Veja!","isPartOf":{"@id":"https:\/\/blog-estrategia.mystagingwebsite.com\/#website"},"primaryImageOfPage":{"@id":"https:\/\/www.estrategiaconcursos.com.br\/blog\/concurso-guarda-de-vitoria-inscricoes-abertas\/#primaryimage"},"image":{"@id":"https:\/\/www.estrategiaconcursos.com.br\/blog\/concurso-guarda-de-vitoria-inscricoes-abertas\/#primaryimage"},"thumbnailUrl":"https:\/\/dhg1h5j42swfq.cloudfront.net\/2024\/02\/19215300\/guarda-de-vitoria-es.jpg","datePublished":"2024-04-15T19:01:00+00:00","description":"J\u00e1 est\u00e3o abertas as inscri\u00e7\u00f5es do\u00a0concurso Guarda de Vit\u00f3ria! S\u00e3o ofertadas 100 vagas e inicial de R$ 3,9 mil. Confira!","breadcrumb":{"@id":"https:\/\/www.estrategiaconcursos.com.br\/blog\/concurso-guarda-de-vitoria-inscricoes-abertas\/#breadcrumb"},"inLanguage":"pt-BR","potentialAction":[{"@type":"ReadAction","target":["https:\/\/www.estrategiaconcursos.com.br\/blog\/concurso-guarda-de-vitoria-inscricoes-abertas\/"]}]},{"@type":"ImageObject","inLanguage":"pt-BR","@id":"https:\/\/www.estrategiaconcursos.com.br\/blog\/concurso-guarda-de-vitoria-inscricoes-abertas\/#primaryimage","url":"https:\/\/dhg1h5j42swfq.cloudfront.net\/2024\/02\/19215300\/guarda-de-vitoria-es.jpg","contentUrl":"https:\/\/dhg1h5j42swfq.cloudfront.net\/2024\/02\/19215300\/guarda-de-vitoria-es.jpg","width":768,"height":432,"caption":"Guarda de Vit\u00f3ria ES"},{"@type":"BreadcrumbList","@id":"https:\/\/www.estrategiaconcursos.com.br\/blog\/concurso-guarda-de-vitoria-inscricoes-abertas\/#breadcrumb","itemListElement":[{"@type":"ListItem","position":1,"name":"In\u00edcio","item":"https:\/\/blog-estrategia.mystagingwebsite.com\/"},{"@type":"ListItem","position":2,"name":"Concurso Guarda de Vit\u00f3ria est\u00e1 com inscri\u00e7\u00f5es abertas. Veja!"}]},{"@type":"WebSite","@id":"https:\/\/blog-estrategia.mystagingwebsite.com\/#website","url":"https:\/\/blog-estrategia.mystagingwebsite.com\/","name":"Estrat\u00e9gia Concursos","description":"O blog da Estrat\u00e9gia Concursos traz not\u00edcias sobre concursos e artigos de professores oferecendo cursos para concursos (pdf + videaulas) no site.","publisher":{"@id":"https:\/\/blog-estrategia.mystagingwebsite.com\/#organization"},"potentialAction":[{"@type":"SearchAction","target":{"@type":"EntryPoint","urlTemplate":"https:\/\/blog-estrategia.mystagingwebsite.com\/?s={search_term_string}"},"query-input":{"@type":"PropertyValueSpecification","valueRequired":true,"valueName":"search_term_string"}}],"inLanguage":"pt-BR"},{"@type":"Organization","@id":"https:\/\/blog-estrategia.mystagingwebsite.com\/#organization","name":"Estrat\u00e9gia Concursos","url":"https:\/\/blog-estrategia.mystagingwebsite.com\/","logo":{"@type":"ImageObject","inLanguage":"pt-BR","@id":"https:\/\/blog-estrategia.mystagingwebsite.com\/#\/schema\/logo\/image\/","url":"https:\/\/dhg1h5j42swfq.cloudfront.net\/2025\/06\/03203428\/logo_concursos-1.jpg","contentUrl":"https:\/\/dhg1h5j42swfq.cloudfront.net\/2025\/06\/03203428\/logo_concursos-1.jpg","width":230,"height":60,"caption":"Estrat\u00e9gia Concursos"},"image":{"@id":"https:\/\/blog-estrategia.mystagingwebsite.com\/#\/schema\/logo\/image\/"},"sameAs":["https:\/\/x.com\/EstratConcursos"]},{"@type":"Person","@id":"https:\/\/blog-estrategia.mystagingwebsite.com\/#\/schema\/person\/6630f91134abc08115cca62ce6372855","name":"Bruna de Andrade Fran\u00e7a","image":{"@type":"ImageObject","inLanguage":"pt-BR","@id":"https:\/\/secure.gravatar.com\/avatar\/d6316d36d50cea0fadae28ed3015b8870cc90a2d3d8a95c37b44006af36a00e3?s=96&d=mm&r=g","url":"https:\/\/secure.gravatar.com\/avatar\/d6316d36d50cea0fadae28ed3015b8870cc90a2d3d8a95c37b44006af36a00e3?s=96&d=mm&r=g","contentUrl":"https:\/\/secure.gravatar.com\/avatar\/d6316d36d50cea0fadae28ed3015b8870cc90a2d3d8a95c37b44006af36a00e3?s=96&d=mm&r=g","caption":"Bruna de Andrade Fran\u00e7a"},"description":"Bruna de Andrade Fran\u00e7a \u00e9 publicit\u00e1ria, p\u00f3s-graduada em Marketing &amp; Growth, e atua h\u00e1 mais de sete anos no mercado de concursos p\u00fablicos. Atualmente, \u00e9 coordenadora do jornalismo de Carreira Jur\u00eddica e OAB no Estrat\u00e9gia Concursos, liderando a cobertura editorial das principais sele\u00e7\u00f5es do pa\u00eds. Especialista em reda\u00e7\u00e3o, SEO e Copywriting, acumula ampla experi\u00eancia na produ\u00e7\u00e3o e gest\u00e3o de conte\u00fado jornal\u00edstico. Ao longo de sua trajet\u00f3ria, tamb\u00e9m esteve \u00e0 frente da cobertura de concursos policiais, banc\u00e1rios, \u00e1rea legislativa e sa\u00fade.","url":"https:\/\/www.estrategiaconcursos.com.br\/blog\/author\/bruna-andrade\/"}]}},"_links":{"self":[{"href":"https:\/\/www.estrategiaconcursos.com.br\/blog\/wp-json\/wp\/v2\/posts\/1384027","targetHints":{"allow":["GET"]}}],"collection":[{"href":"https:\/\/www.estrategiaconcursos.com.br\/blog\/wp-json\/wp\/v2\/posts"}],"about":[{"href":"https:\/\/www.estrategiaconcursos.com.br\/blog\/wp-json\/wp\/v2\/types\/post"}],"author":[{"embeddable":true,"href":"https:\/\/www.estrategiaconcursos.com.br\/blog\/wp-json\/wp\/v2\/users\/1206"}],"replies":[{"embeddable":true,"href":"https:\/\/www.estrategiaconcursos.com.br\/blog\/wp-json\/wp\/v2\/comments?post=1384027"}],"version-history":[{"count":0,"href":"https:\/\/www.estrategiaconcursos.com.br\/blog\/wp-json\/wp\/v2\/posts\/1384027\/revisions"}],"wp:featuredmedia":[{"embeddable":true,"href":"https:\/\/www.estrategiaconcursos.com.br\/blog\/wp-json\/wp\/v2\/media\/1354728"}],"wp:attachment":[{"href":"https:\/\/www.estrategiaconcursos.com.br\/blog\/wp-json\/wp\/v2\/media?parent=1384027"}],"wp:term":[{"taxonomy":"category","embeddable":true,"href":"https:\/\/www.estrategiaconcursos.com.br\/blog\/wp-json\/wp\/v2\/categories?post=1384027"},{"taxonomy":"post_tag","embeddable":true,"href":"https:\/\/www.estrategiaconcursos.com.br\/blog\/wp-json\/wp\/v2\/tags?post=1384027"},{"taxonomy":"tax_estado","embeddable":true,"href":"https:\/\/www.estrategiaconcursos.com.br\/blog\/wp-json\/wp\/v2\/tax_estado?post=1384027"}],"curies":[{"name":"wp","href":"https:\/\/api.w.org\/{rel}","templated":true}]}}