{"id":138336,"date":"2017-08-30T02:00:27","date_gmt":"2017-08-30T05:00:27","guid":{"rendered":"https:\/\/www.estrategiaconcursos.com.br\/blog\/?p=138336"},"modified":"2019-06-28T15:18:11","modified_gmt":"2019-06-28T18:18:11","slug":"concurso-delegado-pc-ce","status":"publish","type":"post","link":"https:\/\/www.estrategiaconcursos.com.br\/blog\/concurso-delegado-pc-ce\/","title":{"rendered":"Concurso Delegado PC CE: Governo anuncia autoriza\u00e7\u00e3o de novo concurso"},"content":{"rendered":"<p><strong><span style=\"font-size: 18pt;\">Saiba mais sobre o concurso Delegado PC CE e comece sua prepara\u00e7\u00e3o<\/span><\/strong><\/p>\n<p>O Governo do Estado do Cear\u00e1 anunciou a realiza\u00e7\u00e3o de um novo concurso da Pol\u00edcia Civil! Segundo informa\u00e7\u00f5es veiculadas pela chefia do Executivo, s\u00e3o previstas&nbsp;1.496 vagas para v\u00e1rios cargos da carreira, dentre eles o de&nbsp;<strong>Delegado!<\/strong><\/p>\n<p>A distribui\u00e7\u00e3o das vagas ainda n\u00e3o foi oficialmente anunciada. O Estrat\u00e9gia Concursos acompanha com aten\u00e7\u00e3o a organiza\u00e7\u00e3o do concurso, para manter voc\u00ea sempre atualizado!<\/p>\n<p>O \u00faltimo concurso da Pol\u00edcia Civil do Cear\u00e1 para o provimento de cargos de Delegado ocorreu entre 2014 e 2015 e foi organizado pela Funda\u00e7\u00e3o&nbsp;<strong>Vunesp<\/strong>. A remunera\u00e7\u00e3o inicial do carrgo \u00e9 de R$&nbsp; R$ 16.319,60.<\/p>\n<p>Ao todo, 17,2 mil candidatos se inscreveram no certame, que oferecia&nbsp;<strong>168 vagas&nbsp;<\/strong>para a 1\u00aa classe do cargo. Todos os&nbsp;<strong>185 aprovados<\/strong> no concurso foram convocados para tomar posse.<\/p>\n<p>Neste artigo voc\u00ea encontra todas as informa\u00e7\u00f5es sobre o \u00faltimo edital, para iniciar sua prepara\u00e7\u00e3o desde j\u00e1!<\/p>\n<h2>Requisitos do cargo<\/h2>\n<p>Para tomar posse no cargo, \u00e9 necess\u00e1rio ser bacharel em Direito, contar com&nbsp;<strong>18 anos completos<\/strong> e possuir Carteira Nacional de Habilita\u00e7\u00e3o (CNH) na categoria &#8220;B&#8221; (no m\u00ednimo).<\/p>\n<h2>Etapas do concurso<\/h2>\n<p><strong>1\u00aa ETAPA<\/strong><\/p>\n<p><strong>1)<\/strong> Prova objetiva (eliminat\u00f3ria e classificat\u00f3ria);<\/p>\n<p><strong>2)<\/strong> Prova discursiva (eliminat\u00f3ria e classificat\u00f3ria);<\/p>\n<p><strong>2\u00aa ETAPA<\/strong><\/p>\n<p><strong>1)&nbsp;<\/strong>Curso de Forma\u00e7\u00e3o e Treinamento Profissional (eliminat\u00f3ria e classificat\u00f3ria);<\/p>\n<p><strong>2)<\/strong> Sindic\u00e2ncia de Vida Pregressa e Investiga\u00e7\u00e3o Social (eliminat\u00f3ria);<\/p>\n<p><strong>3)<\/strong> Exame de Capacidade F\u00edsica (eliminat\u00f3rio);<\/p>\n<p><strong>4)<\/strong> Avalia\u00e7\u00e3o Psicol\u00f3gica (eliminat\u00f3ria);<\/p>\n<p><strong>5)<\/strong> T\u00edtulos (classificat\u00f3ria);<\/p>\n<p><strong>6)<\/strong> Exame Toxicol\u00f3gico (eliminat\u00f3rio);<\/p>\n<p><strong>7)<\/strong> Avalia\u00e7\u00e3o m\u00e9dica (eliminat\u00f3ria).<\/p>\n<p>Todas as etapas do concurso foram realizadas em&nbsp;<strong>Fortaleza<\/strong>, capital do Estado do Cear\u00e1.<\/p>\n<h2><b>Quais s\u00e3o os requisitos do cargo?<\/b><\/h2>\n<p>\u00c9 necess\u00e1rio ser&nbsp;<b>bacharel em Direito<\/b>, com diploma expedido por institui\u00e7\u00e3o reconhecida pelo Minist\u00e9rio da Educa\u00e7\u00e3o (MEC) e contar com a idade m\u00ednima de 18 anos na data da matr\u00edcula no Curso de Forma\u00e7\u00e3o Profissional.<\/p>\n<p>Al\u00e9m disso, exige-se que o candidato tenha Carteira Nacional de Habilita\u00e7\u00e3o na categoria \u201cB\u201d, pelo menos.<\/p>\n<h2>Remunera\u00e7\u00e3o<\/h2>\n<table style=\"height: 84px;\" border=\"1\" cellspacing=\"1\" cellpadding=\"1\">\n<tbody>\n<tr style=\"height: 21px;\">\n<td style=\"height: 21px;\"><b>CLASSE<\/b><\/td>\n<td style=\"height: 21px;\"><b>SUBS\u00cdDIO<\/b><\/td>\n<\/tr>\n<tr style=\"height: 21px;\">\n<td style=\"height: 21px;\">Delegado de Pol\u00edcia de 1\u00aa Classe<\/td>\n<td style=\"height: 21px;\">R$ 16.319,60<\/td>\n<\/tr>\n<tr style=\"height: 21px;\">\n<td style=\"height: 21px;\">Delegado de Pol\u00edcia de 2\u00aa Classe<\/td>\n<td style=\"height: 21px;\">R$17.951,56<\/td>\n<\/tr>\n<tr style=\"height: 21px;\">\n<td style=\"height: 21px;\">Delegado de Pol\u00edcia de 3\u00aa Classe<\/td>\n<td style=\"height: 21px;\">R$ 19.746,71<\/td>\n<\/tr>\n<tr>\n<td>Delegado de Pol\u00edcia de Classe Especial<\/td>\n<td>R$&nbsp;21.721,38<\/td>\n<\/tr>\n<\/tbody>\n<\/table>\n<h2><b>A prova objetiva<\/b><\/h2>\n<p>Esta prova ser\u00e1 composta por 60 objetivas quest\u00f5es de m\u00faltipla escolha com cinco alternativas, distribu\u00eddas entre as seguintes disciplinas:<\/p>\n<table style=\"height: 383px; width: 740px;\" border=\"1\" width=\"432\" cellspacing=\"1\" cellpadding=\"1\">\n<tbody>\n<tr style=\"height: 21px;\">\n<td style=\"height: 26px; width: 366px;\"><strong>Conhecimentos gerais<\/strong><\/td>\n<td style=\"height: 26px; width: 366px;\"><strong>Conhecimentos espec\u00edficos<\/strong><\/td>\n<\/tr>\n<tr style=\"height: 21px;\">\n<td style=\"height: 206.333px; width: 366px;\" rowspan=\"2\">\n<ul>\n<li>L\u00edngua Portuguesa (10)<\/li>\n<li>No\u00e7\u00f5es de Administra\u00e7\u00e3o P\u00fablica (5)<\/li>\n<li>No\u00e7\u00f5es de Inform\u00e1tica (5)<\/li>\n<\/ul>\n<\/td>\n<td style=\"height: 206.333px; width: 366px;\" rowspan=\"2\">\n<ul>\n<li>Direito Constitucional (5)<\/li>\n<li>Direito Administrativo (6)<\/li>\n<li>Direito Penal (6)<\/li>\n<li>Direito Processual Penal (14)<\/li>\n<li>Legisla\u00e7\u00e3o Penal Extravagante (8)<\/li>\n<li>Medicina Legal (5)<\/li>\n<li>Direito Humanos (4)<\/li>\n<li>Direito Civil (4)<\/li>\n<li>Direito Processual Civil (4)<\/li>\n<li>Direito Tribut\u00e1rio (4)<\/li>\n<li>Legisla\u00e7\u00e3o Ambiental (4)<\/li>\n<li>Criminologia (4)<\/li>\n<li>Legisla\u00e7\u00e3o Espec\u00edfica (5)<\/li>\n<\/ul>\n<\/td>\n<\/tr>\n<\/tbody>\n<\/table>\n<p><b>Dura\u00e7\u00e3o total<\/b>: 5 h<\/p>\n<p><strong>Valor:&nbsp;<\/strong>100 pontos (20 pontos para a prova de conhecimentos gerais e 80 para a de conhecimentos espec\u00edficos).<\/p>\n<p>Para ser considerado habilitado nesta fase e ser convocado para a prova discursiva, era&nbsp; necess\u00e1rio atingir o aproveitamento m\u00ednimo de 50% no total da prova.<\/p>\n<h2><b>Prova discursiva do concurso Delegado CE<\/b><\/h2>\n<p>A prova discursiva teve o valor total de 20 pontos e compreendeu a elabora\u00e7\u00e3o de&nbsp;<strong>uma pe\u00e7a processual<\/strong> (10 pontos) e&nbsp;<strong>duas quest\u00f5es discursivas&nbsp;<\/strong>(5 pontos cada).<\/p>\n<p>Para ser aprovado nesta etapa, era necess\u00e1rio atingir pelo menos 10 pontos.<\/p>\n<h2><b>Curso de Forma\u00e7\u00e3o<\/b><\/h2>\n<p>O Curso de Forma\u00e7\u00e3o e Treinamento Profissional \u00e9 oferecido pela Academia Estadual de Seguran\u00e7a P\u00fablica. Durante o curso, os alunos tiveram direito a uma bolsa aux\u00edlio.<\/p>\n<p>O curso dura 4 meses, totalizando 718 horas\/aula, de segunda-feira a sexta-feira, nos per\u00edodos matutino e vespertino. A crit\u00e9rio da Academia, as aulas poderiam se estender at\u00e9 o per\u00edodo noturno e em s\u00e1bados, domingos e feriados.<\/p>\n<h2><b>Prova de capacidade f\u00edsica<\/b><\/h2>\n<table style=\"height: 129px;\" border=\"1\" cellspacing=\"1\" cellpadding=\"1\">\n<tbody>\n<tr style=\"height: 21px;\">\n<td style=\"height: 21px;\"><strong>Sexo Feminino<\/strong><\/td>\n<td style=\"height: 21px;\"><strong>&nbsp;Sexo Masculino<\/strong><\/td>\n<\/tr>\n<tr style=\"height: 45px;\">\n<td style=\"height: 45px;\">Apoio de Frente no Solo sobre<br \/>\no Banco (Flex\u00e3o e Extens\u00e3o dos Bra\u00e7os em Dec\u00fabito)<\/td>\n<td style=\"height: 45px;\">Flexo-extens\u00e3o<br \/>\nde Cotovelos em Apoio de Frente sobre o Solo<\/td>\n<\/tr>\n<tr style=\"height: 21px;\">\n<td style=\"height: 21px;\">Impuls\u00e3o Horizontal<\/td>\n<td style=\"height: 21px;\">Resist\u00eancia abdominal<\/td>\n<\/tr>\n<tr style=\"height: 21px;\">\n<td style=\"height: 21px;\">Corrida de 50 metros<\/td>\n<td style=\"height: 21px;\">Corrida de 50 metros<\/td>\n<\/tr>\n<tr style=\"height: 21px;\">\n<td style=\"height: 21px;\">Corrida em 12 minutos<\/td>\n<td style=\"height: 21px;\">Corrida em 12 minutos<\/td>\n<\/tr>\n<\/tbody>\n<\/table>\n<h2><b>Avalia\u00e7\u00e3o de T\u00edtulos&nbsp;<\/b><\/h2>\n<p>Os candidatos considerados aptos nas etapas anteriores foram convocados a apresentarem a documenta\u00e7\u00e3o comprobat\u00f3ria dos t\u00edtulos.<\/p>\n<p>Esta etapa ter\u00e1 o valor total de&nbsp;<b>10 pontos&nbsp;<\/b>para atividades como mestrado, doutorado e especializa\u00e7\u00e3o.<\/p>\n<table style=\"border-collapse: collapse; width: 100%;\" border=\"1\">\n<tbody>\n<tr style=\"height: 21px;\">\n<td style=\"height: 21px; width: 25.0215%; text-align: center;\" width=\"516\"><strong>T\u00edtulo<\/strong><\/td>\n<td style=\"width: 13.9441%; height: 21px; text-align: center;\"><strong>Quantidade m\u00e1xima<\/strong><\/td>\n<td style=\"width: 7.86012%; height: 21px; text-align: center;\"><strong>Valor unit\u00e1rio<\/strong><\/td>\n<td style=\"width: 6.58877%; height: 21px; text-align: center;\"><strong>Valor m\u00e1ximo<\/strong><\/td>\n<\/tr>\n<tr style=\"height: 21px;\">\n<td style=\"width: 25.0215%; height: 21px; text-align: center;\">Diploma de Doutorado na \u00e1rea a que concorre<\/td>\n<td style=\"width: 13.9441%; height: 21px; text-align: center;\">1<\/td>\n<td style=\"width: 7.86012%; height: 21px; text-align: center;\">4<\/td>\n<td style=\"width: 6.58877%; height: 21px; text-align: center;\">4<\/td>\n<\/tr>\n<tr style=\"height: 21px;\">\n<td style=\"width: 25.0215%; height: 21px; text-align: center;\">Diploma de Mestrado na \u00e1rea a que concorre<\/td>\n<td style=\"width: 13.9441%; height: 21px; text-align: center;\">1<\/td>\n<td style=\"width: 7.86012%; height: 21px; text-align: center;\">3<\/td>\n<td style=\"width: 6.58877%; height: 21px; text-align: center;\">3<\/td>\n<\/tr>\n<tr style=\"height: 21px;\">\n<td style=\"width: 25.0215%; height: 21px; text-align: center;\">P\u00f3s-gradua\u00e7\u00e3o lato sensu&nbsp; (Especializa\u00e7\u00e3o) na \u00e1rea de curso; a que concorre, com carga hor\u00e1ria m\u00ednima de 360&nbsp;horas.<\/td>\n<td style=\"width: 13.9441%; height: 21px; text-align: center;\">3<\/td>\n<td style=\"width: 7.86012%; height: 21px; text-align: center;\">1<\/td>\n<td style=\"width: 6.58877%; height: 21px; text-align: center;\">3<\/td>\n<\/tr>\n<\/tbody>\n<\/table>\n<p style=\"text-align: center;\"><span style=\"font-size: 18pt;\"><em><strong>Assinatura Anual Ilimitada*<\/strong><\/em><\/span><\/p>\n<p style=\"text-align: center;\"><em>Prepare-se com o melhor material e com quem mais aprova em&nbsp;Concursos P\u00fablicos de todo o pa\u00eds. Assine agora a nossa Assinatura Anual e tenha acesso ilimitado* a todos os nossos cursos.<\/em><\/p>\n<p><a href=\"https:\/\/www.estrategiaconcursos.com.br\/assinaturas\" target=\"_blank\" rel=\"noopener noreferrer\"><img loading=\"lazy\" decoding=\"async\" class=\"aligncenter size-full wp-image-157836\" src=\"https:\/\/dhg1h5j42swfq.cloudfront.net\/2019\/01\/05095728\/f9e9c4d5-4e91-43ab-a27a-34d4c0d3f891.jpg\" alt=\"Assinatura Ilimitada\" width=\"1280\" height=\"320\" srcset=\"https:\/\/dhg1h5j42swfq.cloudfront.net\/2019\/01\/05095728\/f9e9c4d5-4e91-43ab-a27a-34d4c0d3f891.jpg 1280w, https:\/\/dhg1h5j42swfq.cloudfront.net\/2019\/01\/05095728\/f9e9c4d5-4e91-43ab-a27a-34d4c0d3f891.jpg 300w, https:\/\/dhg1h5j42swfq.cloudfront.net\/2019\/01\/05095728\/f9e9c4d5-4e91-43ab-a27a-34d4c0d3f891.jpg 768w, https:\/\/dhg1h5j42swfq.cloudfront.net\/2019\/01\/05095728\/f9e9c4d5-4e91-43ab-a27a-34d4c0d3f891.jpg 1024w\" sizes=\"auto, (max-width: 1280px) 100vw, 1280px\" \/><\/a><\/p>\n<div id=\"attachment_60957\" style=\"width: 367px\" class=\"wp-caption alignnone\"><img loading=\"lazy\" decoding=\"async\" aria-describedby=\"caption-attachment-60957\" class=\"wp-image-60957 \" src=\"https:\/\/www.estrategiaconcursos.com.br\/blog\/wp-content\/uploads\/2017\/01\/coruja-ficha-tecnica-1024x347.png\" alt=\"Concurso\" width=\"357\" height=\"121\"\/><p id=\"caption-attachment-60957\" class=\"wp-caption-text\"><span style=\"font-size: 14pt;\"><strong>Informa\u00e7\u00f5es do concurso Delegado PC CE<\/strong><\/span><\/p><\/div>\n<p>\u25ba<strong>Data prevista<\/strong>: 2019<br \/>\n\u25ba<strong>Vagas<\/strong>: a definir.<br \/>\n\u25ba<strong>Cargos<\/strong>: Delegado de Pol\u00edcia de 1\u00aa classe<br \/>\n\u25ba<strong>Lota\u00e7\u00f5es<\/strong>: Cear\u00e1<br \/>\n\u25ba<strong>Banca<\/strong>: a definir<br \/>\n\u25ba<strong>Escolaridade<\/strong>: Bacharelado em Direito<\/p>\n<p>\u25ba<strong>Cursos Estrat\u00e9gia Concursos<\/strong>:&nbsp;<a href=\"https:\/\/www.estrategiaconcursos.com.br\/cursosPorConcurso\/policia-civil-ceara-delegado-318\/\" target=\"_blank\" rel=\"noopener noreferrer\">Cursos Concurso Delegado PC CE 2018<\/a><br \/>\n\u25ba<strong>Edital<\/strong>: <a href=\"https:\/\/dhg1h5j42swfq.cloudfront.net\/2018\/08\/29160645\/Edital-Delegado-PC-CE.pdf\" target=\"_blank\" rel=\"noopener noreferrer\">Edital Concurso Delegado PC CE 2014<\/a><\/p>\n<p><em>Ricardo Brito<\/em><br \/>\n<em>Ascom Estrat\u00e9gia<\/em><br \/>\nascomestrategia@gmail.com<\/p>\n<p style=\"text-align: center;\"><span style=\"font-size: 18pt;\"><em><strong>Receba not\u00edcias de Concursos no seu WhatsApp e\/ou Telegram!<\/strong><\/em><\/span><\/p>\n<p style=\"text-align: center;\"><em><strong><span style=\"font-size: 14pt;\">Cadastre-se clicando no \u00edcone abaixo<\/span><br \/>\n<a href=\"https:\/\/www.estrategiaconcursos.com.br\/blog\/noticias-de-concursos-whatsapp-estrategia-concursos\/\" target=\"_blank\" rel=\"noopener noreferrer\"><img loading=\"lazy\" decoding=\"async\" class=\"aligncenter wp-image-112824 \" src=\"https:\/\/dhg1h5j42swfq.cloudfront.net\/2018\/03\/22113932\/whatsapptelegram-e1548177162795.png\" alt=\"\" width=\"220\" height=\"124\"\/><\/a><br \/>\n<\/strong><\/em><a href=\"https:\/\/www.estrategiaconcursos.com.br\/blog\/noticias-de-concursos-whatsapp-estrategia-concursos\/\" target=\"_blank\" rel=\"noopener noreferrer\">Not\u00edcias de concursos no seu WhatsApp e\/ou Telegram<\/a><\/p>\n","protected":false},"excerpt":{"rendered":"<p>Saiba mais sobre o concurso Delegado PC CE e comece sua prepara\u00e7\u00e3o O Governo do Estado do Cear\u00e1 anunciou a realiza\u00e7\u00e3o de um novo concurso da Pol\u00edcia Civil! Segundo informa\u00e7\u00f5es veiculadas pela chefia do Executivo, s\u00e3o previstas&nbsp;1.496 vagas para v\u00e1rios cargos da carreira, dentre eles o de&nbsp;Delegado! A distribui\u00e7\u00e3o das vagas ainda n\u00e3o foi oficialmente [&hellip;]<\/p>\n","protected":false},"author":552,"featured_media":136079,"comment_status":"open","ping_status":"closed","sticky":false,"template":"","format":"standard","meta":{"post_tipo":"article","footnotes":""},"categories":[1],"tags":[],"tax_estado":[],"class_list":["post-138336","post","type-post","status-publish","format-standard","has-post-thumbnail","hentry","category-cursos-e-concursos"],"acf":[],"yoast_head":"<!-- This site is optimized with the Yoast SEO Premium plugin v27.2 (Yoast SEO v27.2) - https:\/\/yoast.com\/product\/yoast-seo-premium-wordpress\/ -->\n<title>Concurso Delegado PC CE: Governo anuncia autoriza\u00e7\u00e3o de novo concurso<\/title>\n<meta name=\"description\" content=\"Concurso PC CE: o Governo do Estado do Cear\u00e1 anunciou a autoriza\u00e7\u00e3o de um novo certame para o provimento de vagas ao cargo de Delegado!\" \/>\n<meta name=\"robots\" content=\"index, follow, max-snippet:-1, max-image-preview:large, max-video-preview:-1\" \/>\n<link rel=\"canonical\" href=\"https:\/\/www.estrategiaconcursos.com.br\/blog\/concurso-delegado-pc-ce\/\" \/>\n<meta property=\"og:locale\" content=\"pt_BR\" \/>\n<meta property=\"og:type\" content=\"article\" \/>\n<meta property=\"og:title\" content=\"Concurso Delegado PC CE: Governo anuncia autoriza\u00e7\u00e3o de novo concurso\" \/>\n<meta property=\"og:description\" content=\"Concurso PC CE: o Governo do Estado do Cear\u00e1 anunciou a autoriza\u00e7\u00e3o de um novo certame para o provimento de vagas ao cargo de Delegado!\" \/>\n<meta property=\"og:url\" content=\"https:\/\/www.estrategiaconcursos.com.br\/blog\/concurso-delegado-pc-ce\/\" \/>\n<meta property=\"og:site_name\" content=\"Estrat\u00e9gia Concursos\" \/>\n<meta property=\"article:published_time\" content=\"2017-08-30T05:00:27+00:00\" \/>\n<meta property=\"article:modified_time\" content=\"2019-06-28T18:18:11+00:00\" \/>\n<meta property=\"og:image\" content=\"https:\/\/dhg1h5j42swfq.cloudfront.net\/2018\/08\/14162856\/PC-CE-e1534274944240.jpg\" \/>\n\t<meta property=\"og:image:width\" content=\"400\" \/>\n\t<meta property=\"og:image:height\" content=\"209\" \/>\n\t<meta property=\"og:image:type\" content=\"image\/jpeg\" \/>\n<meta name=\"author\" content=\"Paulo Bilynskyj\" \/>\n<meta name=\"twitter:card\" content=\"summary_large_image\" \/>\n<meta name=\"twitter:creator\" content=\"@EstratConcursos\" \/>\n<meta name=\"twitter:site\" content=\"@EstratConcursos\" \/>\n<meta name=\"twitter:label1\" content=\"Escrito por\" \/>\n\t<meta name=\"twitter:data1\" content=\"Paulo Bilynskyj\" \/>\n\t<meta name=\"twitter:label2\" content=\"Est. tempo de leitura\" \/>\n\t<meta name=\"twitter:data2\" content=\"5 minutos\" \/>\n<script type=\"application\/ld+json\" class=\"yoast-schema-graph\">{\"@context\":\"https:\/\/schema.org\",\"@graph\":[{\"@type\":\"NewsArticle\",\"@id\":\"https:\/\/www.estrategiaconcursos.com.br\/blog\/concurso-delegado-pc-ce\/#article\",\"isPartOf\":{\"@id\":\"https:\/\/www.estrategiaconcursos.com.br\/blog\/concurso-delegado-pc-ce\/\"},\"author\":{\"name\":\"Paulo Bilynskyj\",\"@id\":\"https:\/\/www.estrategiaconcursos.com.br\/blog\/#\/schema\/person\/a630b15e36f45b4c21fed01219843cb5\"},\"headline\":\"Concurso Delegado PC CE: Governo anuncia autoriza\u00e7\u00e3o de novo concurso\",\"datePublished\":\"2017-08-30T05:00:27+00:00\",\"dateModified\":\"2019-06-28T18:18:11+00:00\",\"mainEntityOfPage\":{\"@id\":\"https:\/\/www.estrategiaconcursos.com.br\/blog\/concurso-delegado-pc-ce\/\"},\"wordCount\":922,\"commentCount\":0,\"publisher\":{\"@id\":\"https:\/\/www.estrategiaconcursos.com.br\/blog\/#organization\"},\"image\":{\"@id\":\"https:\/\/www.estrategiaconcursos.com.br\/blog\/concurso-delegado-pc-ce\/#primaryimage\"},\"thumbnailUrl\":\"https:\/\/dhg1h5j42swfq.cloudfront.net\/2018\/08\/14162856\/PC-CE-e1534274944240.jpg\",\"articleSection\":[\"Concursos P\u00fablicos\"],\"inLanguage\":\"pt-BR\",\"potentialAction\":[{\"@type\":\"CommentAction\",\"name\":\"Comment\",\"target\":[\"https:\/\/www.estrategiaconcursos.com.br\/blog\/concurso-delegado-pc-ce\/#respond\"]}],\"copyrightYear\":\"2017\",\"copyrightHolder\":{\"@id\":\"https:\/\/www.estrategiaconcursos.com.br\/blog\/#organization\"}},{\"@type\":\"WebPage\",\"@id\":\"https:\/\/www.estrategiaconcursos.com.br\/blog\/concurso-delegado-pc-ce\/\",\"url\":\"https:\/\/www.estrategiaconcursos.com.br\/blog\/concurso-delegado-pc-ce\/\",\"name\":\"Concurso Delegado PC CE: Governo anuncia autoriza\u00e7\u00e3o de novo concurso\",\"isPartOf\":{\"@id\":\"https:\/\/www.estrategiaconcursos.com.br\/blog\/#website\"},\"primaryImageOfPage\":{\"@id\":\"https:\/\/www.estrategiaconcursos.com.br\/blog\/concurso-delegado-pc-ce\/#primaryimage\"},\"image\":{\"@id\":\"https:\/\/www.estrategiaconcursos.com.br\/blog\/concurso-delegado-pc-ce\/#primaryimage\"},\"thumbnailUrl\":\"https:\/\/dhg1h5j42swfq.cloudfront.net\/2018\/08\/14162856\/PC-CE-e1534274944240.jpg\",\"datePublished\":\"2017-08-30T05:00:27+00:00\",\"dateModified\":\"2019-06-28T18:18:11+00:00\",\"description\":\"Concurso PC CE: o Governo do Estado do Cear\u00e1 anunciou a autoriza\u00e7\u00e3o de um novo certame para o provimento de vagas ao cargo de Delegado!\",\"breadcrumb\":{\"@id\":\"https:\/\/www.estrategiaconcursos.com.br\/blog\/concurso-delegado-pc-ce\/#breadcrumb\"},\"inLanguage\":\"pt-BR\",\"potentialAction\":[{\"@type\":\"ReadAction\",\"target\":[\"https:\/\/www.estrategiaconcursos.com.br\/blog\/concurso-delegado-pc-ce\/\"]}]},{\"@type\":\"ImageObject\",\"inLanguage\":\"pt-BR\",\"@id\":\"https:\/\/www.estrategiaconcursos.com.br\/blog\/concurso-delegado-pc-ce\/#primaryimage\",\"url\":\"https:\/\/dhg1h5j42swfq.cloudfront.net\/2018\/08\/14162856\/PC-CE-e1534274944240.jpg\",\"contentUrl\":\"https:\/\/dhg1h5j42swfq.cloudfront.net\/2018\/08\/14162856\/PC-CE-e1534274944240.jpg\",\"width\":400,\"height\":209,\"caption\":\"concurso pol\u00edcia civil ce\"},{\"@type\":\"BreadcrumbList\",\"@id\":\"https:\/\/www.estrategiaconcursos.com.br\/blog\/concurso-delegado-pc-ce\/#breadcrumb\",\"itemListElement\":[{\"@type\":\"ListItem\",\"position\":1,\"name\":\"In\u00edcio\",\"item\":\"https:\/\/www.estrategiaconcursos.com.br\/blog\/\"},{\"@type\":\"ListItem\",\"position\":2,\"name\":\"Concurso Delegado PC CE: Governo anuncia autoriza\u00e7\u00e3o de novo concurso\"}]},{\"@type\":\"WebSite\",\"@id\":\"https:\/\/www.estrategiaconcursos.com.br\/blog\/#website\",\"url\":\"https:\/\/www.estrategiaconcursos.com.br\/blog\/\",\"name\":\"Estrat\u00e9gia Concursos\",\"description\":\"O blog da Estrat\u00e9gia Concursos traz not\u00edcias sobre concursos e artigos de professores oferecendo cursos para concursos (pdf + videaulas) no site.\",\"publisher\":{\"@id\":\"https:\/\/www.estrategiaconcursos.com.br\/blog\/#organization\"},\"potentialAction\":[{\"@type\":\"SearchAction\",\"target\":{\"@type\":\"EntryPoint\",\"urlTemplate\":\"https:\/\/www.estrategiaconcursos.com.br\/blog\/?s={search_term_string}\"},\"query-input\":{\"@type\":\"PropertyValueSpecification\",\"valueRequired\":true,\"valueName\":\"search_term_string\"}}],\"inLanguage\":\"pt-BR\"},{\"@type\":\"Organization\",\"@id\":\"https:\/\/www.estrategiaconcursos.com.br\/blog\/#organization\",\"name\":\"Estrat\u00e9gia Concursos\",\"url\":\"https:\/\/www.estrategiaconcursos.com.br\/blog\/\",\"logo\":{\"@type\":\"ImageObject\",\"inLanguage\":\"pt-BR\",\"@id\":\"https:\/\/www.estrategiaconcursos.com.br\/blog\/#\/schema\/logo\/image\/\",\"url\":\"https:\/\/dhg1h5j42swfq.cloudfront.net\/2025\/06\/03203428\/logo_concursos-1.jpg\",\"contentUrl\":\"https:\/\/dhg1h5j42swfq.cloudfront.net\/2025\/06\/03203428\/logo_concursos-1.jpg\",\"width\":230,\"height\":60,\"caption\":\"Estrat\u00e9gia Concursos\"},\"image\":{\"@id\":\"https:\/\/www.estrategiaconcursos.com.br\/blog\/#\/schema\/logo\/image\/\"},\"sameAs\":[\"https:\/\/x.com\/EstratConcursos\"]},{\"@type\":\"Person\",\"@id\":\"https:\/\/www.estrategiaconcursos.com.br\/blog\/#\/schema\/person\/a630b15e36f45b4c21fed01219843cb5\",\"name\":\"Paulo Bilynskyj\",\"image\":{\"@type\":\"ImageObject\",\"inLanguage\":\"pt-BR\",\"@id\":\"https:\/\/secure.gravatar.com\/avatar\/37e21f70c9042e7456beffdc6d31fe051f3f6dcbf252f69343a791b144852057?s=96&d=mm&r=g\",\"url\":\"https:\/\/secure.gravatar.com\/avatar\/37e21f70c9042e7456beffdc6d31fe051f3f6dcbf252f69343a791b144852057?s=96&d=mm&r=g\",\"contentUrl\":\"https:\/\/secure.gravatar.com\/avatar\/37e21f70c9042e7456beffdc6d31fe051f3f6dcbf252f69343a791b144852057?s=96&d=mm&r=g\",\"caption\":\"Paulo Bilynskyj\"},\"url\":\"https:\/\/www.estrategiaconcursos.com.br\/blog\/author\/pbilynskyjgmail-com\/\"}]}<\/script>\n<!-- \/ Yoast SEO Premium plugin. -->","yoast_head_json":{"title":"Concurso Delegado PC CE: Governo anuncia autoriza\u00e7\u00e3o de novo concurso","description":"Concurso PC CE: o Governo do Estado do Cear\u00e1 anunciou a autoriza\u00e7\u00e3o de um novo certame para o provimento de vagas ao cargo de Delegado!","robots":{"index":"index","follow":"follow","max-snippet":"max-snippet:-1","max-image-preview":"max-image-preview:large","max-video-preview":"max-video-preview:-1"},"canonical":"https:\/\/www.estrategiaconcursos.com.br\/blog\/concurso-delegado-pc-ce\/","og_locale":"pt_BR","og_type":"article","og_title":"Concurso Delegado PC CE: Governo anuncia autoriza\u00e7\u00e3o de novo concurso","og_description":"Concurso PC CE: o Governo do Estado do Cear\u00e1 anunciou a autoriza\u00e7\u00e3o de um novo certame para o provimento de vagas ao cargo de Delegado!","og_url":"https:\/\/www.estrategiaconcursos.com.br\/blog\/concurso-delegado-pc-ce\/","og_site_name":"Estrat\u00e9gia Concursos","article_published_time":"2017-08-30T05:00:27+00:00","article_modified_time":"2019-06-28T18:18:11+00:00","og_image":[{"width":400,"height":209,"url":"https:\/\/dhg1h5j42swfq.cloudfront.net\/2018\/08\/14162856\/PC-CE-e1534274944240.jpg","type":"image\/jpeg"}],"author":"Paulo Bilynskyj","twitter_card":"summary_large_image","twitter_creator":"@EstratConcursos","twitter_site":"@EstratConcursos","twitter_misc":{"Escrito por":"Paulo Bilynskyj","Est. tempo de leitura":"5 minutos"},"schema":{"@context":"https:\/\/schema.org","@graph":[{"@type":"NewsArticle","@id":"https:\/\/www.estrategiaconcursos.com.br\/blog\/concurso-delegado-pc-ce\/#article","isPartOf":{"@id":"https:\/\/www.estrategiaconcursos.com.br\/blog\/concurso-delegado-pc-ce\/"},"author":{"name":"Paulo Bilynskyj","@id":"https:\/\/www.estrategiaconcursos.com.br\/blog\/#\/schema\/person\/a630b15e36f45b4c21fed01219843cb5"},"headline":"Concurso Delegado PC CE: Governo anuncia autoriza\u00e7\u00e3o de novo concurso","datePublished":"2017-08-30T05:00:27+00:00","dateModified":"2019-06-28T18:18:11+00:00","mainEntityOfPage":{"@id":"https:\/\/www.estrategiaconcursos.com.br\/blog\/concurso-delegado-pc-ce\/"},"wordCount":922,"commentCount":0,"publisher":{"@id":"https:\/\/www.estrategiaconcursos.com.br\/blog\/#organization"},"image":{"@id":"https:\/\/www.estrategiaconcursos.com.br\/blog\/concurso-delegado-pc-ce\/#primaryimage"},"thumbnailUrl":"https:\/\/dhg1h5j42swfq.cloudfront.net\/2018\/08\/14162856\/PC-CE-e1534274944240.jpg","articleSection":["Concursos P\u00fablicos"],"inLanguage":"pt-BR","potentialAction":[{"@type":"CommentAction","name":"Comment","target":["https:\/\/www.estrategiaconcursos.com.br\/blog\/concurso-delegado-pc-ce\/#respond"]}],"copyrightYear":"2017","copyrightHolder":{"@id":"https:\/\/www.estrategiaconcursos.com.br\/blog\/#organization"}},{"@type":"WebPage","@id":"https:\/\/www.estrategiaconcursos.com.br\/blog\/concurso-delegado-pc-ce\/","url":"https:\/\/www.estrategiaconcursos.com.br\/blog\/concurso-delegado-pc-ce\/","name":"Concurso Delegado PC CE: Governo anuncia autoriza\u00e7\u00e3o de novo concurso","isPartOf":{"@id":"https:\/\/www.estrategiaconcursos.com.br\/blog\/#website"},"primaryImageOfPage":{"@id":"https:\/\/www.estrategiaconcursos.com.br\/blog\/concurso-delegado-pc-ce\/#primaryimage"},"image":{"@id":"https:\/\/www.estrategiaconcursos.com.br\/blog\/concurso-delegado-pc-ce\/#primaryimage"},"thumbnailUrl":"https:\/\/dhg1h5j42swfq.cloudfront.net\/2018\/08\/14162856\/PC-CE-e1534274944240.jpg","datePublished":"2017-08-30T05:00:27+00:00","dateModified":"2019-06-28T18:18:11+00:00","description":"Concurso PC CE: o Governo do Estado do Cear\u00e1 anunciou a autoriza\u00e7\u00e3o de um novo certame para o provimento de vagas ao cargo de Delegado!","breadcrumb":{"@id":"https:\/\/www.estrategiaconcursos.com.br\/blog\/concurso-delegado-pc-ce\/#breadcrumb"},"inLanguage":"pt-BR","potentialAction":[{"@type":"ReadAction","target":["https:\/\/www.estrategiaconcursos.com.br\/blog\/concurso-delegado-pc-ce\/"]}]},{"@type":"ImageObject","inLanguage":"pt-BR","@id":"https:\/\/www.estrategiaconcursos.com.br\/blog\/concurso-delegado-pc-ce\/#primaryimage","url":"https:\/\/dhg1h5j42swfq.cloudfront.net\/2018\/08\/14162856\/PC-CE-e1534274944240.jpg","contentUrl":"https:\/\/dhg1h5j42swfq.cloudfront.net\/2018\/08\/14162856\/PC-CE-e1534274944240.jpg","width":400,"height":209,"caption":"concurso pol\u00edcia civil ce"},{"@type":"BreadcrumbList","@id":"https:\/\/www.estrategiaconcursos.com.br\/blog\/concurso-delegado-pc-ce\/#breadcrumb","itemListElement":[{"@type":"ListItem","position":1,"name":"In\u00edcio","item":"https:\/\/www.estrategiaconcursos.com.br\/blog\/"},{"@type":"ListItem","position":2,"name":"Concurso Delegado PC CE: Governo anuncia autoriza\u00e7\u00e3o de novo concurso"}]},{"@type":"WebSite","@id":"https:\/\/www.estrategiaconcursos.com.br\/blog\/#website","url":"https:\/\/www.estrategiaconcursos.com.br\/blog\/","name":"Estrat\u00e9gia Concursos","description":"O blog da Estrat\u00e9gia Concursos traz not\u00edcias sobre concursos e artigos de professores oferecendo cursos para concursos (pdf + videaulas) no site.","publisher":{"@id":"https:\/\/www.estrategiaconcursos.com.br\/blog\/#organization"},"potentialAction":[{"@type":"SearchAction","target":{"@type":"EntryPoint","urlTemplate":"https:\/\/www.estrategiaconcursos.com.br\/blog\/?s={search_term_string}"},"query-input":{"@type":"PropertyValueSpecification","valueRequired":true,"valueName":"search_term_string"}}],"inLanguage":"pt-BR"},{"@type":"Organization","@id":"https:\/\/www.estrategiaconcursos.com.br\/blog\/#organization","name":"Estrat\u00e9gia Concursos","url":"https:\/\/www.estrategiaconcursos.com.br\/blog\/","logo":{"@type":"ImageObject","inLanguage":"pt-BR","@id":"https:\/\/www.estrategiaconcursos.com.br\/blog\/#\/schema\/logo\/image\/","url":"https:\/\/dhg1h5j42swfq.cloudfront.net\/2025\/06\/03203428\/logo_concursos-1.jpg","contentUrl":"https:\/\/dhg1h5j42swfq.cloudfront.net\/2025\/06\/03203428\/logo_concursos-1.jpg","width":230,"height":60,"caption":"Estrat\u00e9gia Concursos"},"image":{"@id":"https:\/\/www.estrategiaconcursos.com.br\/blog\/#\/schema\/logo\/image\/"},"sameAs":["https:\/\/x.com\/EstratConcursos"]},{"@type":"Person","@id":"https:\/\/www.estrategiaconcursos.com.br\/blog\/#\/schema\/person\/a630b15e36f45b4c21fed01219843cb5","name":"Paulo Bilynskyj","image":{"@type":"ImageObject","inLanguage":"pt-BR","@id":"https:\/\/secure.gravatar.com\/avatar\/37e21f70c9042e7456beffdc6d31fe051f3f6dcbf252f69343a791b144852057?s=96&d=mm&r=g","url":"https:\/\/secure.gravatar.com\/avatar\/37e21f70c9042e7456beffdc6d31fe051f3f6dcbf252f69343a791b144852057?s=96&d=mm&r=g","contentUrl":"https:\/\/secure.gravatar.com\/avatar\/37e21f70c9042e7456beffdc6d31fe051f3f6dcbf252f69343a791b144852057?s=96&d=mm&r=g","caption":"Paulo Bilynskyj"},"url":"https:\/\/www.estrategiaconcursos.com.br\/blog\/author\/pbilynskyjgmail-com\/"}]}},"_links":{"self":[{"href":"https:\/\/www.estrategiaconcursos.com.br\/blog\/wp-json\/wp\/v2\/posts\/138336","targetHints":{"allow":["GET"]}}],"collection":[{"href":"https:\/\/www.estrategiaconcursos.com.br\/blog\/wp-json\/wp\/v2\/posts"}],"about":[{"href":"https:\/\/www.estrategiaconcursos.com.br\/blog\/wp-json\/wp\/v2\/types\/post"}],"author":[{"embeddable":true,"href":"https:\/\/www.estrategiaconcursos.com.br\/blog\/wp-json\/wp\/v2\/users\/552"}],"replies":[{"embeddable":true,"href":"https:\/\/www.estrategiaconcursos.com.br\/blog\/wp-json\/wp\/v2\/comments?post=138336"}],"version-history":[{"count":18,"href":"https:\/\/www.estrategiaconcursos.com.br\/blog\/wp-json\/wp\/v2\/posts\/138336\/revisions"}],"predecessor-version":[{"id":392923,"href":"https:\/\/www.estrategiaconcursos.com.br\/blog\/wp-json\/wp\/v2\/posts\/138336\/revisions\/392923"}],"wp:featuredmedia":[{"embeddable":true,"href":"https:\/\/www.estrategiaconcursos.com.br\/blog\/wp-json\/wp\/v2\/media\/136079"}],"wp:attachment":[{"href":"https:\/\/www.estrategiaconcursos.com.br\/blog\/wp-json\/wp\/v2\/media?parent=138336"}],"wp:term":[{"taxonomy":"category","embeddable":true,"href":"https:\/\/www.estrategiaconcursos.com.br\/blog\/wp-json\/wp\/v2\/categories?post=138336"},{"taxonomy":"post_tag","embeddable":true,"href":"https:\/\/www.estrategiaconcursos.com.br\/blog\/wp-json\/wp\/v2\/tags?post=138336"},{"taxonomy":"tax_estado","embeddable":true,"href":"https:\/\/www.estrategiaconcursos.com.br\/blog\/wp-json\/wp\/v2\/tax_estado?post=138336"}],"curies":[{"name":"wp","href":"https:\/\/api.w.org\/{rel}","templated":true}]}}