{"id":137967,"date":"2018-08-27T13:02:16","date_gmt":"2018-08-27T16:02:16","guid":{"rendered":"https:\/\/www.estrategiaconcursos.com.br\/blog\/?p=137967"},"modified":"2018-09-17T16:34:20","modified_gmt":"2018-09-17T19:34:20","slug":"gabarito-iphan-de-arquivologia-auxiliar-institucional-area-1-extraoficial","status":"publish","type":"post","link":"https:\/\/www.estrategiaconcursos.com.br\/blog\/gabarito-iphan-de-arquivologia-auxiliar-institucional-area-1-extraoficial\/","title":{"rendered":"Gabarito Iphan de Arquivologia &#8211; Auxiliar Institucional \u00c1rea 1 (Extraoficial)"},"content":{"rendered":"<p>Ol\u00e1, pessoal. Aproveitando meu hor\u00e1rio de almo\u00e7o para trazer o gabarito do Iphan &#8211; extraoficial para Auxiliar Institucional.<\/p>\n<p>A Serenna (arquivista concursada) e eu ficamos em d\u00favida sobre o poss\u00edvel gabarito de uma das quest\u00f5es (em vermelho).. Sobre as demais, acreditamos que a Banca n\u00e3o v\u00e1 trazer grandes surpresas.<\/p>\n<p>Lembre-se de olhar o in\u00edcio do enunciado e n\u00e3o o n\u00famero da quest\u00e3o, pois a numera\u00e7\u00e3o tende a n\u00e3o bater.<\/p>\n<p><span style=\"color: #ff0000;\"><em>Acerca da gest\u00e3o arquiv\u00edstica, julgue os itens a seguir:<\/em><\/span><\/p>\n<ol start=\"113\">\n<li><strong> A avalia\u00e7\u00e3o de documentos \u00e9 uma das atividades principais da \u00e1rea de protocolo, visto que subsidia a cria\u00e7\u00e3o da tabela de temporalidade de documentos.<\/strong><\/li>\n<\/ol>\n<p><strong>Coment\u00e1rios<\/strong>: a avalia\u00e7\u00e3o de documentos n\u00e3o \u00e9 uma das atividades desenvolvidas na \u00e1rea de protocolo. As atividades desenvolvidas na \u00e1rea de protocolo s\u00e3o: recebimento, registro e autua\u00e7\u00e3o, classifica\u00e7\u00e3o, expedi\u00e7\u00e3o e distribui\u00e7\u00e3o, e controle e movimenta\u00e7\u00e3o.<\/p>\n<p><strong>Gabarito Extraoficial: E<\/strong><\/p>\n<ol start=\"114\">\n<li><strong> O arquivo permanente \u00e9 destinado \u00e0 guarda de documentos que perderam seu valor administrativo, mas que ainda possuem valor legal ou hist\u00f3rico.<\/strong><\/li>\n<\/ol>\n<p><strong>Coment\u00e1rios<\/strong>: os documentos prim\u00e1rios possuem valor administrativo, fiscal e legal. J\u00e1 os documentos secund\u00e1rios possuem valor hist\u00f3rico, cultural, probat\u00f3rio e informativo. Portanto, a quest\u00e3o erra ao dizer que os documentos permanentes possuem valor legal.]<\/p>\n<p><strong>Gabarito Extraoficial: E<\/strong><\/p>\n<ol start=\"115\">\n<li><strong> A correspond\u00eancia oficial que trata de informa\u00e7\u00f5es de car\u00e1ter pessoal \u00e9 classificada como ostensiva. <\/strong><\/li>\n<\/ol>\n<p><strong>Coment\u00e1rios<\/strong>: Se \u00e9 uma correspond\u00eancia de car\u00e1ter pessoal, a classifica\u00e7\u00e3o deve ser sigilosa.<\/p>\n<p><strong>Gabarito Extraoficial: E <\/strong><\/p>\n<ol start=\"116\">\n<li><strong><span style=\"color: #ff0000;\"> O arquivo \u00e9 composto, em sua maioria, de documentos originais e respectivas c\u00f3pias.<\/span> <\/strong><\/li>\n<\/ol>\n<p><strong>Coment\u00e1rios: <\/strong>\u00a0essa quest\u00e3o \u00e9 complicada porque o examinador est\u00e1 dizendo que os documentos originais possuem suas respectivas c\u00f3pias, o que n\u00e3o necessariamente acontece. Vamos aguardar o gabarito, mas acredito que essa quest\u00e3o est\u00e1 incorreta<\/p>\n<p><strong>Gabarito Extraoficial: E <\/strong>(aguardar gabarito)<\/p>\n<p>A respeito da gest\u00e3o eletr\u00f4nica de documentos, julguem os itens que se seguem<\/p>\n<ol start=\"117\">\n<li><strong> Documentos eletr\u00f4nicos, ao contr\u00e1rio dos convencionais, <span style=\"color: #ff0000;\">n\u00e3o<\/span> podem ser considerados completos em rela\u00e7\u00e3o \u00e0 sua forma estrutural somente pela inclus\u00e3o e data e assinatura.<\/strong><\/li>\n<\/ol>\n<p><strong>Coment\u00e1rios: <\/strong>os elementos corretos s\u00e3o data, autor, destinat\u00e1rio, assunto e t\u00edtulo<strong>.<\/strong><\/p>\n<p>P.s. eu havia &#8220;comido&#8221; o &#8220;N\u00c3O&#8221; quando digitei o enunciado. Por isso, troquei o gabarito extraoficial. Obrigado aos alunos que avisaram.<\/p>\n<p><strong>Gabarito Extraoficial: Certa<\/strong><\/p>\n<ol start=\"118\">\n<li><strong> O documento digital que n\u00e3o permite altera\u00e7\u00e3o de forma e conte\u00fado \u00e9 considerado est\u00e1tico<\/strong><\/li>\n<\/ol>\n<p><strong>Coment\u00e1rios: <\/strong>esse \u00e9 o conceito de documento digital est\u00e1tico.<\/p>\n<p><strong>Gabarito Extraoficial: C<\/strong><\/p>\n<ol start=\"119\">\n<li><strong> Ap\u00f3s microfilmagem, os documentos oficiais ou p\u00fablicos com valor de guarda permanente poder\u00e3o ser eliminados, desde que se garanta sua inutiliza\u00e7\u00e3o por completo.<\/strong><\/li>\n<\/ol>\n<p><strong>Coment\u00e1rios<\/strong>: documentos de valor permanente, ainda que microfilmados, n\u00e3o podem ser eliminados.<\/p>\n<p><strong>Gabarito Extraoficial: E<\/strong><\/p>\n<ol start=\"120\">\n<li><strong> O conte\u00fado de bases de dados din\u00e2micas n\u00e3o pode ser considerado documento arquiv\u00edstico.<\/strong><\/li>\n<\/ol>\n<p><strong>Coment\u00e1rios<\/strong>: os documentos arquiv\u00edsticos podem se apresentar de diversas formas: planilha, \u00e1udio, base de dados, imagens, textos&#8230;<\/p>\n<p>A resolu\u00e7\u00e3o n\u00ba 37 do Conarq, de 2012, nas considera\u00e7\u00f5es iniciais, diz que &#8220;Considerando que os documentos arquiv\u00edsticos digitais podem se apresentar na forma de texto, imagem fixa ou em movimento, \u00e1udio, base de dados, planilha e outras num repert\u00f3rio crescente de possibilidades;&#8221;<br \/>\nEnt\u00e3o, como a teoria n\u00e3o trabalha com a palavra &#8220;din\u00e2mica&#8221;, consideramos que a base de dados pode sim ser considerado arquiv\u00edstico, afinal, \u00e9 um documento org\u00e2nico, que registra as atividades da institui\u00e7\u00e3o e possui valor prim\u00e1rio e poss\u00edvel valor secund\u00e1rio. Desta forma, n\u00e3o entendemos que n\u00e3o caiba recurso.<\/p>\n<p><strong>Gabarito Extraoficial: Certa\u00a0<\/strong><\/p>\n<p>&nbsp;<\/p>\n<p>Espero que tenham ido bem na prova e que tudo d\u00ea certo. Se for o caso, caia dentro dos recursos e n\u00e3o desista. O concurso ainda n\u00e3o acabou.<\/p>\n<p>Abra\u00e7os<\/p>\n<p>&nbsp;<\/p>\n","protected":false},"excerpt":{"rendered":"<p>Ol\u00e1, pessoal. Aproveitando meu hor\u00e1rio de almo\u00e7o para trazer o gabarito do Iphan &#8211; extraoficial para Auxiliar Institucional. A Serenna (arquivista concursada) e eu ficamos em d\u00favida sobre o poss\u00edvel gabarito de uma das quest\u00f5es (em vermelho).. Sobre as demais, acreditamos que a Banca n\u00e3o v\u00e1 trazer grandes surpresas. Lembre-se de olhar o in\u00edcio do [&hellip;]<\/p>\n","protected":false},"author":48,"featured_media":0,"comment_status":"open","ping_status":"closed","sticky":false,"template":"","format":"standard","meta":{"post_tipo":"article","footnotes":""},"categories":[1],"tags":[],"tax_estado":[],"class_list":["post-137967","post","type-post","status-publish","format-standard","hentry","category-cursos-e-concursos"],"acf":[],"yoast_head":"<!-- This site is optimized with the Yoast SEO Premium plugin v27.2 (Yoast SEO v27.2) - https:\/\/yoast.com\/product\/yoast-seo-premium-wordpress\/ -->\n<title>Gabarito Iphan de Arquivologia - Auxiliar Institucional \u00c1rea 1 (Extraoficial)<\/title>\n<meta name=\"robots\" content=\"index, follow, max-snippet:-1, max-image-preview:large, max-video-preview:-1\" \/>\n<link rel=\"canonical\" href=\"https:\/\/www.estrategiaconcursos.com.br\/blog\/gabarito-iphan-de-arquivologia-auxiliar-institucional-area-1-extraoficial\/\" \/>\n<meta property=\"og:locale\" content=\"pt_BR\" \/>\n<meta property=\"og:type\" content=\"article\" \/>\n<meta property=\"og:title\" content=\"Gabarito Iphan de Arquivologia - Auxiliar Institucional \u00c1rea 1 (Extraoficial)\" \/>\n<meta property=\"og:description\" content=\"Ol\u00e1, pessoal. Aproveitando meu hor\u00e1rio de almo\u00e7o para trazer o gabarito do Iphan &#8211; extraoficial para Auxiliar Institucional. A Serenna (arquivista concursada) e eu ficamos em d\u00favida sobre o poss\u00edvel gabarito de uma das quest\u00f5es (em vermelho).. Sobre as demais, acreditamos que a Banca n\u00e3o v\u00e1 trazer grandes surpresas. Lembre-se de olhar o in\u00edcio do [&hellip;]\" \/>\n<meta property=\"og:url\" content=\"https:\/\/www.estrategiaconcursos.com.br\/blog\/gabarito-iphan-de-arquivologia-auxiliar-institucional-area-1-extraoficial\/\" \/>\n<meta property=\"og:site_name\" content=\"Estrat\u00e9gia Concursos\" \/>\n<meta property=\"article:published_time\" content=\"2018-08-27T16:02:16+00:00\" \/>\n<meta property=\"article:modified_time\" content=\"2018-09-17T19:34:20+00:00\" \/>\n<meta name=\"author\" content=\"Coordena\u00e7\u00e3o\" \/>\n<meta name=\"twitter:card\" content=\"summary_large_image\" \/>\n<meta name=\"twitter:creator\" content=\"@EstratConcursos\" \/>\n<meta name=\"twitter:site\" content=\"@EstratConcursos\" \/>\n<meta name=\"twitter:label1\" content=\"Escrito por\" \/>\n\t<meta name=\"twitter:data1\" content=\"Coordena\u00e7\u00e3o\" \/>\n\t<meta name=\"twitter:label2\" content=\"Est. tempo de leitura\" \/>\n\t<meta name=\"twitter:data2\" content=\"3 minutos\" \/>\n<script type=\"application\/ld+json\" class=\"yoast-schema-graph\">{\"@context\":\"https:\/\/schema.org\",\"@graph\":[{\"@type\":\"NewsArticle\",\"@id\":\"https:\/\/www.estrategiaconcursos.com.br\/blog\/gabarito-iphan-de-arquivologia-auxiliar-institucional-area-1-extraoficial\/#article\",\"isPartOf\":{\"@id\":\"https:\/\/www.estrategiaconcursos.com.br\/blog\/gabarito-iphan-de-arquivologia-auxiliar-institucional-area-1-extraoficial\/\"},\"author\":{\"name\":\"Coordena\u00e7\u00e3o\",\"@id\":\"https:\/\/www.estrategiaconcursos.com.br\/blog\/#\/schema\/person\/cdad40b5818eb228a838461fcd656da7\"},\"headline\":\"Gabarito Iphan de Arquivologia &#8211; Auxiliar Institucional \u00c1rea 1 (Extraoficial)\",\"datePublished\":\"2018-08-27T16:02:16+00:00\",\"dateModified\":\"2018-09-17T19:34:20+00:00\",\"mainEntityOfPage\":{\"@id\":\"https:\/\/www.estrategiaconcursos.com.br\/blog\/gabarito-iphan-de-arquivologia-auxiliar-institucional-area-1-extraoficial\/\"},\"wordCount\":661,\"commentCount\":15,\"publisher\":{\"@id\":\"https:\/\/www.estrategiaconcursos.com.br\/blog\/#organization\"},\"articleSection\":[\"Concursos P\u00fablicos\"],\"inLanguage\":\"pt-BR\",\"potentialAction\":[{\"@type\":\"CommentAction\",\"name\":\"Comment\",\"target\":[\"https:\/\/www.estrategiaconcursos.com.br\/blog\/gabarito-iphan-de-arquivologia-auxiliar-institucional-area-1-extraoficial\/#respond\"]}],\"copyrightYear\":\"2018\",\"copyrightHolder\":{\"@id\":\"https:\/\/www.estrategiaconcursos.com.br\/blog\/#organization\"}},{\"@type\":\"WebPage\",\"@id\":\"https:\/\/www.estrategiaconcursos.com.br\/blog\/gabarito-iphan-de-arquivologia-auxiliar-institucional-area-1-extraoficial\/\",\"url\":\"https:\/\/www.estrategiaconcursos.com.br\/blog\/gabarito-iphan-de-arquivologia-auxiliar-institucional-area-1-extraoficial\/\",\"name\":\"Gabarito Iphan de Arquivologia - Auxiliar Institucional \u00c1rea 1 (Extraoficial)\",\"isPartOf\":{\"@id\":\"https:\/\/www.estrategiaconcursos.com.br\/blog\/#website\"},\"datePublished\":\"2018-08-27T16:02:16+00:00\",\"dateModified\":\"2018-09-17T19:34:20+00:00\",\"breadcrumb\":{\"@id\":\"https:\/\/www.estrategiaconcursos.com.br\/blog\/gabarito-iphan-de-arquivologia-auxiliar-institucional-area-1-extraoficial\/#breadcrumb\"},\"inLanguage\":\"pt-BR\",\"potentialAction\":[{\"@type\":\"ReadAction\",\"target\":[\"https:\/\/www.estrategiaconcursos.com.br\/blog\/gabarito-iphan-de-arquivologia-auxiliar-institucional-area-1-extraoficial\/\"]}]},{\"@type\":\"BreadcrumbList\",\"@id\":\"https:\/\/www.estrategiaconcursos.com.br\/blog\/gabarito-iphan-de-arquivologia-auxiliar-institucional-area-1-extraoficial\/#breadcrumb\",\"itemListElement\":[{\"@type\":\"ListItem\",\"position\":1,\"name\":\"In\u00edcio\",\"item\":\"https:\/\/www.estrategiaconcursos.com.br\/blog\/\"},{\"@type\":\"ListItem\",\"position\":2,\"name\":\"Gabarito Iphan de Arquivologia &#8211; Auxiliar Institucional \u00c1rea 1 (Extraoficial)\"}]},{\"@type\":\"WebSite\",\"@id\":\"https:\/\/www.estrategiaconcursos.com.br\/blog\/#website\",\"url\":\"https:\/\/www.estrategiaconcursos.com.br\/blog\/\",\"name\":\"Estrat\u00e9gia Concursos\",\"description\":\"O blog da Estrat\u00e9gia Concursos traz not\u00edcias sobre concursos e artigos de professores oferecendo cursos para concursos (pdf + videaulas) no site.\",\"publisher\":{\"@id\":\"https:\/\/www.estrategiaconcursos.com.br\/blog\/#organization\"},\"potentialAction\":[{\"@type\":\"SearchAction\",\"target\":{\"@type\":\"EntryPoint\",\"urlTemplate\":\"https:\/\/www.estrategiaconcursos.com.br\/blog\/?s={search_term_string}\"},\"query-input\":{\"@type\":\"PropertyValueSpecification\",\"valueRequired\":true,\"valueName\":\"search_term_string\"}}],\"inLanguage\":\"pt-BR\"},{\"@type\":\"Organization\",\"@id\":\"https:\/\/www.estrategiaconcursos.com.br\/blog\/#organization\",\"name\":\"Estrat\u00e9gia Concursos\",\"url\":\"https:\/\/www.estrategiaconcursos.com.br\/blog\/\",\"logo\":{\"@type\":\"ImageObject\",\"inLanguage\":\"pt-BR\",\"@id\":\"https:\/\/www.estrategiaconcursos.com.br\/blog\/#\/schema\/logo\/image\/\",\"url\":\"https:\/\/dhg1h5j42swfq.cloudfront.net\/2025\/06\/03203428\/logo_concursos-1.jpg\",\"contentUrl\":\"https:\/\/dhg1h5j42swfq.cloudfront.net\/2025\/06\/03203428\/logo_concursos-1.jpg\",\"width\":230,\"height\":60,\"caption\":\"Estrat\u00e9gia Concursos\"},\"image\":{\"@id\":\"https:\/\/www.estrategiaconcursos.com.br\/blog\/#\/schema\/logo\/image\/\"},\"sameAs\":[\"https:\/\/x.com\/EstratConcursos\"]},{\"@type\":\"Person\",\"@id\":\"https:\/\/www.estrategiaconcursos.com.br\/blog\/#\/schema\/person\/cdad40b5818eb228a838461fcd656da7\",\"name\":\"Coordena\u00e7\u00e3o\",\"image\":{\"@type\":\"ImageObject\",\"inLanguage\":\"pt-BR\",\"@id\":\"https:\/\/secure.gravatar.com\/avatar\/a413b22da0f5009c634f6c4586a2dbe5207074fd5becd88db5183b8069ef25e4?s=96&d=mm&r=g\",\"url\":\"https:\/\/secure.gravatar.com\/avatar\/a413b22da0f5009c634f6c4586a2dbe5207074fd5becd88db5183b8069ef25e4?s=96&d=mm&r=g\",\"contentUrl\":\"https:\/\/secure.gravatar.com\/avatar\/a413b22da0f5009c634f6c4586a2dbe5207074fd5becd88db5183b8069ef25e4?s=96&d=mm&r=g\",\"caption\":\"Coordena\u00e7\u00e3o\"},\"url\":\"https:\/\/www.estrategiaconcursos.com.br\/blog\/author\/contatoestrategiaconcursos-com-br\/\"}]}<\/script>\n<!-- \/ Yoast SEO Premium plugin. -->","yoast_head_json":{"title":"Gabarito Iphan de Arquivologia - Auxiliar Institucional \u00c1rea 1 (Extraoficial)","robots":{"index":"index","follow":"follow","max-snippet":"max-snippet:-1","max-image-preview":"max-image-preview:large","max-video-preview":"max-video-preview:-1"},"canonical":"https:\/\/www.estrategiaconcursos.com.br\/blog\/gabarito-iphan-de-arquivologia-auxiliar-institucional-area-1-extraoficial\/","og_locale":"pt_BR","og_type":"article","og_title":"Gabarito Iphan de Arquivologia - Auxiliar Institucional \u00c1rea 1 (Extraoficial)","og_description":"Ol\u00e1, pessoal. Aproveitando meu hor\u00e1rio de almo\u00e7o para trazer o gabarito do Iphan &#8211; extraoficial para Auxiliar Institucional. A Serenna (arquivista concursada) e eu ficamos em d\u00favida sobre o poss\u00edvel gabarito de uma das quest\u00f5es (em vermelho).. Sobre as demais, acreditamos que a Banca n\u00e3o v\u00e1 trazer grandes surpresas. Lembre-se de olhar o in\u00edcio do [&hellip;]","og_url":"https:\/\/www.estrategiaconcursos.com.br\/blog\/gabarito-iphan-de-arquivologia-auxiliar-institucional-area-1-extraoficial\/","og_site_name":"Estrat\u00e9gia Concursos","article_published_time":"2018-08-27T16:02:16+00:00","article_modified_time":"2018-09-17T19:34:20+00:00","author":"Coordena\u00e7\u00e3o","twitter_card":"summary_large_image","twitter_creator":"@EstratConcursos","twitter_site":"@EstratConcursos","twitter_misc":{"Escrito por":"Coordena\u00e7\u00e3o","Est. tempo de leitura":"3 minutos"},"schema":{"@context":"https:\/\/schema.org","@graph":[{"@type":"NewsArticle","@id":"https:\/\/www.estrategiaconcursos.com.br\/blog\/gabarito-iphan-de-arquivologia-auxiliar-institucional-area-1-extraoficial\/#article","isPartOf":{"@id":"https:\/\/www.estrategiaconcursos.com.br\/blog\/gabarito-iphan-de-arquivologia-auxiliar-institucional-area-1-extraoficial\/"},"author":{"name":"Coordena\u00e7\u00e3o","@id":"https:\/\/www.estrategiaconcursos.com.br\/blog\/#\/schema\/person\/cdad40b5818eb228a838461fcd656da7"},"headline":"Gabarito Iphan de Arquivologia &#8211; Auxiliar Institucional \u00c1rea 1 (Extraoficial)","datePublished":"2018-08-27T16:02:16+00:00","dateModified":"2018-09-17T19:34:20+00:00","mainEntityOfPage":{"@id":"https:\/\/www.estrategiaconcursos.com.br\/blog\/gabarito-iphan-de-arquivologia-auxiliar-institucional-area-1-extraoficial\/"},"wordCount":661,"commentCount":15,"publisher":{"@id":"https:\/\/www.estrategiaconcursos.com.br\/blog\/#organization"},"articleSection":["Concursos P\u00fablicos"],"inLanguage":"pt-BR","potentialAction":[{"@type":"CommentAction","name":"Comment","target":["https:\/\/www.estrategiaconcursos.com.br\/blog\/gabarito-iphan-de-arquivologia-auxiliar-institucional-area-1-extraoficial\/#respond"]}],"copyrightYear":"2018","copyrightHolder":{"@id":"https:\/\/www.estrategiaconcursos.com.br\/blog\/#organization"}},{"@type":"WebPage","@id":"https:\/\/www.estrategiaconcursos.com.br\/blog\/gabarito-iphan-de-arquivologia-auxiliar-institucional-area-1-extraoficial\/","url":"https:\/\/www.estrategiaconcursos.com.br\/blog\/gabarito-iphan-de-arquivologia-auxiliar-institucional-area-1-extraoficial\/","name":"Gabarito Iphan de Arquivologia - Auxiliar Institucional \u00c1rea 1 (Extraoficial)","isPartOf":{"@id":"https:\/\/www.estrategiaconcursos.com.br\/blog\/#website"},"datePublished":"2018-08-27T16:02:16+00:00","dateModified":"2018-09-17T19:34:20+00:00","breadcrumb":{"@id":"https:\/\/www.estrategiaconcursos.com.br\/blog\/gabarito-iphan-de-arquivologia-auxiliar-institucional-area-1-extraoficial\/#breadcrumb"},"inLanguage":"pt-BR","potentialAction":[{"@type":"ReadAction","target":["https:\/\/www.estrategiaconcursos.com.br\/blog\/gabarito-iphan-de-arquivologia-auxiliar-institucional-area-1-extraoficial\/"]}]},{"@type":"BreadcrumbList","@id":"https:\/\/www.estrategiaconcursos.com.br\/blog\/gabarito-iphan-de-arquivologia-auxiliar-institucional-area-1-extraoficial\/#breadcrumb","itemListElement":[{"@type":"ListItem","position":1,"name":"In\u00edcio","item":"https:\/\/www.estrategiaconcursos.com.br\/blog\/"},{"@type":"ListItem","position":2,"name":"Gabarito Iphan de Arquivologia &#8211; Auxiliar Institucional \u00c1rea 1 (Extraoficial)"}]},{"@type":"WebSite","@id":"https:\/\/www.estrategiaconcursos.com.br\/blog\/#website","url":"https:\/\/www.estrategiaconcursos.com.br\/blog\/","name":"Estrat\u00e9gia Concursos","description":"O blog da Estrat\u00e9gia Concursos traz not\u00edcias sobre concursos e artigos de professores oferecendo cursos para concursos (pdf + videaulas) no site.","publisher":{"@id":"https:\/\/www.estrategiaconcursos.com.br\/blog\/#organization"},"potentialAction":[{"@type":"SearchAction","target":{"@type":"EntryPoint","urlTemplate":"https:\/\/www.estrategiaconcursos.com.br\/blog\/?s={search_term_string}"},"query-input":{"@type":"PropertyValueSpecification","valueRequired":true,"valueName":"search_term_string"}}],"inLanguage":"pt-BR"},{"@type":"Organization","@id":"https:\/\/www.estrategiaconcursos.com.br\/blog\/#organization","name":"Estrat\u00e9gia Concursos","url":"https:\/\/www.estrategiaconcursos.com.br\/blog\/","logo":{"@type":"ImageObject","inLanguage":"pt-BR","@id":"https:\/\/www.estrategiaconcursos.com.br\/blog\/#\/schema\/logo\/image\/","url":"https:\/\/dhg1h5j42swfq.cloudfront.net\/2025\/06\/03203428\/logo_concursos-1.jpg","contentUrl":"https:\/\/dhg1h5j42swfq.cloudfront.net\/2025\/06\/03203428\/logo_concursos-1.jpg","width":230,"height":60,"caption":"Estrat\u00e9gia Concursos"},"image":{"@id":"https:\/\/www.estrategiaconcursos.com.br\/blog\/#\/schema\/logo\/image\/"},"sameAs":["https:\/\/x.com\/EstratConcursos"]},{"@type":"Person","@id":"https:\/\/www.estrategiaconcursos.com.br\/blog\/#\/schema\/person\/cdad40b5818eb228a838461fcd656da7","name":"Coordena\u00e7\u00e3o","image":{"@type":"ImageObject","inLanguage":"pt-BR","@id":"https:\/\/secure.gravatar.com\/avatar\/a413b22da0f5009c634f6c4586a2dbe5207074fd5becd88db5183b8069ef25e4?s=96&d=mm&r=g","url":"https:\/\/secure.gravatar.com\/avatar\/a413b22da0f5009c634f6c4586a2dbe5207074fd5becd88db5183b8069ef25e4?s=96&d=mm&r=g","contentUrl":"https:\/\/secure.gravatar.com\/avatar\/a413b22da0f5009c634f6c4586a2dbe5207074fd5becd88db5183b8069ef25e4?s=96&d=mm&r=g","caption":"Coordena\u00e7\u00e3o"},"url":"https:\/\/www.estrategiaconcursos.com.br\/blog\/author\/contatoestrategiaconcursos-com-br\/"}]}},"_links":{"self":[{"href":"https:\/\/www.estrategiaconcursos.com.br\/blog\/wp-json\/wp\/v2\/posts\/137967","targetHints":{"allow":["GET"]}}],"collection":[{"href":"https:\/\/www.estrategiaconcursos.com.br\/blog\/wp-json\/wp\/v2\/posts"}],"about":[{"href":"https:\/\/www.estrategiaconcursos.com.br\/blog\/wp-json\/wp\/v2\/types\/post"}],"author":[{"embeddable":true,"href":"https:\/\/www.estrategiaconcursos.com.br\/blog\/wp-json\/wp\/v2\/users\/48"}],"replies":[{"embeddable":true,"href":"https:\/\/www.estrategiaconcursos.com.br\/blog\/wp-json\/wp\/v2\/comments?post=137967"}],"version-history":[{"count":5,"href":"https:\/\/www.estrategiaconcursos.com.br\/blog\/wp-json\/wp\/v2\/posts\/137967\/revisions"}],"predecessor-version":[{"id":141189,"href":"https:\/\/www.estrategiaconcursos.com.br\/blog\/wp-json\/wp\/v2\/posts\/137967\/revisions\/141189"}],"wp:attachment":[{"href":"https:\/\/www.estrategiaconcursos.com.br\/blog\/wp-json\/wp\/v2\/media?parent=137967"}],"wp:term":[{"taxonomy":"category","embeddable":true,"href":"https:\/\/www.estrategiaconcursos.com.br\/blog\/wp-json\/wp\/v2\/categories?post=137967"},{"taxonomy":"post_tag","embeddable":true,"href":"https:\/\/www.estrategiaconcursos.com.br\/blog\/wp-json\/wp\/v2\/tags?post=137967"},{"taxonomy":"tax_estado","embeddable":true,"href":"https:\/\/www.estrategiaconcursos.com.br\/blog\/wp-json\/wp\/v2\/tax_estado?post=137967"}],"curies":[{"name":"wp","href":"https:\/\/api.w.org\/{rel}","templated":true}]}}