{"id":137947,"date":"2018-08-27T14:00:39","date_gmt":"2018-08-27T17:00:39","guid":{"rendered":"https:\/\/www.estrategiaconcursos.com.br\/blog\/?p=137947"},"modified":"2018-09-17T16:33:48","modified_gmt":"2018-09-17T19:33:48","slug":"prova-resolvida-pm-es-gabarito-das-questoes-aocp","status":"publish","type":"post","link":"https:\/\/www.estrategiaconcursos.com.br\/blog\/prova-resolvida-pm-es-gabarito-das-questoes-aocp\/","title":{"rendered":"Prova resolvida PM ES &#8211; gabarito das quest\u00f5es de Inform\u00e1tica AOCP"},"content":{"rendered":"<p>Ol\u00e1 amigos!<\/p>\n<p>Venho aqui para comentar a prova da Pol\u00edcia Militar\/Corpo de Bombeiros Militar do Esp\u00edrito Santo, para o cargo de Soldado, aplicada pela AOCP. Falarei das quest\u00f5es de Inform\u00e1tica.<\/p>\n<p>Mas antes de conferir a corre\u00e7\u00e3o, n\u00e3o deixe de participar do\u00a0<strong><em>Ranking PM ES<\/em><\/strong>\u00a0para conferir seu desempenho na prova. Clique na imagem abaixo para cadastrar seu gabarito:<\/p>\n<p><a href=\"https:\/\/docs.google.com\/forms\/d\/e\/1FAIpQLSf8MG7Ea2QLKUv7FhMj-QNqu-_3vqcziJL-dGhPDJyk4yfeNA\/viewform\" target=\"_blank\" rel=\"noopener\"><img loading=\"lazy\" decoding=\"async\" class=\"aligncenter size-full wp-image-137980\" src=\"https:\/\/dhg1h5j42swfq.cloudfront.net\/2018\/08\/27141412\/RANKING-PMCBM-ES.jpg\" alt=\"\" width=\"1184\" height=\"183\" srcset=\"https:\/\/dhg1h5j42swfq.cloudfront.net\/2018\/08\/27141412\/RANKING-PMCBM-ES.jpg 1184w, https:\/\/dhg1h5j42swfq.cloudfront.net\/2018\/08\/27141412\/RANKING-PMCBM-ES.jpg 300w, https:\/\/dhg1h5j42swfq.cloudfront.net\/2018\/08\/27141412\/RANKING-PMCBM-ES.jpg 768w, https:\/\/dhg1h5j42swfq.cloudfront.net\/2018\/08\/27141412\/RANKING-PMCBM-ES.jpg 1024w, https:\/\/dhg1h5j42swfq.cloudfront.net\/2018\/08\/27141412\/RANKING-PMCBM-ES.jpg 610w\" sizes=\"auto, (max-width: 1184px) 100vw, 1184px\" \/><\/a><\/p>\n<p>Vejamos:<\/p>\n<p><span style=\"color: #ff0000;\"><strong>SOLDADO<\/strong><\/span><\/p>\n<p>41. Utilizando o Libreoffice Writer (Vers\u00e3o 5 instala\u00e7\u00e3o padr\u00e3o em portugu\u00eas), \u00e9 poss\u00edvel usar \u00e2ncoras para posicionar um objeto, uma figura ou um quadro em um documento. Um item ancorado permanece no lugar ou se move quando se modifica o documento. Assinale a alternativa que apresenta uma forma inv\u00e1lida de Ancoragem.<\/p>\n<p>(A) No caractere.<\/p>\n<p>(B) No par\u00e1grafo.<\/p>\n<p>(C) Na p\u00e1gina.<\/p>\n<p>(D) Como p\u00e1gina.<\/p>\n<p>(E) Como caractere.<\/p>\n<p><strong>Coment\u00e1rios<\/strong>: \u00c2ncoras podem ser atreladas na p\u00e1gina, no par\u00e1grafo, no caractere, como caractere ou no quadro.\u00a0<strong>Como p\u00e1gina<\/strong> n\u00e3o \u00e9 uma forma de \u00e2ncora.<\/p>\n<p><img loading=\"lazy\" decoding=\"async\" class=\"alignnone size-medium wp-image-137976\" src=\"https:\/\/dhg1h5j42swfq.cloudfront.net\/2018\/08\/27135438\/Capturar.png\" alt=\"\" width=\"300\" height=\"89\" srcset=\"https:\/\/dhg1h5j42swfq.cloudfront.net\/2018\/08\/27135438\/Capturar.png 596w, https:\/\/dhg1h5j42swfq.cloudfront.net\/2018\/08\/27135438\/Capturar.png 300w\" sizes=\"auto, (max-width: 300px) 100vw, 300px\" \/><\/p>\n<p>Resposta certa,\u00a0<strong>alternativa d).<\/strong><\/p>\n<p>42. Assinale a alternativa que apresenta um formato de arquivo de imagem que N\u00c3O perde qualidade quando \u00e9 redimensionada ou ampliada.<\/p>\n<p>(A) PNG<\/p>\n<p>(B) GIF<\/p>\n<p>(C) SVG<\/p>\n<p>(D) JPG<\/p>\n<p>(E) TIF<\/p>\n<p><strong>Coment\u00e1rios<\/strong>: O formato SVG (Scalable Vector Graphics) \u00e9 um formato\u00a0cujo trunfo \u00e9 permitir a oferta de imagens vetorizadas, ou seja, que n\u00e3o perdem em qualidade mesmo quando s\u00e3o ampliadas. Assim, uma imagem neste formato se d\u00e1 bem tanto no display de um smartphone quanto na tela de uma televis\u00e3o. \u00c9 um formato que ganhou popularidade com o HTML5, importante para imagens que precisam de responsividade em diferentes dispositivos.<\/p>\n<p>Resposta certa,\u00a0<strong>alternativa c).<\/strong><\/p>\n<p>&nbsp;<\/p>\n<p>43. Considerando o aplicativo de escrit\u00f3rio Microsoft PowerPoint (Vers\u00e3o 2013 com instala\u00e7\u00e3o padr\u00e3o em portugu\u00eas), qual recurso \u00e9 necess\u00e1rio para poder aplicar um modelo previamente configurado (contendo layouts, cores de tema, fontes de tema, efeitos de tema, estilos de plano de fundo) em uma nova apresenta\u00e7\u00e3o de slides?<\/p>\n<p>(A) \u00c9 necess\u00e1rio um arquivo de modelo do PowerPoint com o formato .potx.<\/p>\n<p>(B) \u00c9 necess\u00e1rio usar a ferramenta C\u00f3pia avan\u00e7ada de layout que utiliza outra apresenta\u00e7\u00e3o como base para ser copiada.<\/p>\n<p>(C) Nenhum, pois essa a\u00e7\u00e3o n\u00e3o \u00e9 suportada pelo PowerPoint.<\/p>\n<p>(D) \u00c9 necess\u00e1ria uma imagem com o esquema de cores a ser utilizado na nova apresenta\u00e7\u00e3o.<\/p>\n<p>(E) \u00c9 necess\u00e1rio um arquivo zip ou um diret\u00f3rio contendo os recursos necess\u00e1rios (imagens, fontes, etc.).<\/p>\n<p><strong>Coment\u00e1rios<\/strong>: Existe um formato de arquivo modelo para o PowerPoint, o formato POTX. Nele, \u00e9 poss\u00edvel salvar um modelo de apresenta\u00e7\u00e3o para ser aproveitado em uma nova apresenta\u00e7\u00e3o de slides.<\/p>\n<p>Resposta certa,\u00a0<strong>alternativa a).<\/strong><\/p>\n<p>&nbsp;<\/p>\n<p>44. Considerando o Sistema Operacional Microsoft Windows 7 (instala\u00e7\u00e3o padr\u00e3o em portugu\u00eas), assinale a alternativa que apresenta a forma de recuperar arquivos espec\u00edficos exclu\u00eddos para Lixeira.<\/p>\n<p>(A) Clicar no \u00edcone da lixeira com o bot\u00e3o Direito do Mouse e selecionar a op\u00e7\u00e3o restaurar arquivos.<\/p>\n<p>(B) Abrir a pasta Lixeira, selecionar os arquivos desejados, clicar no comando \u201cRestaurar este item\u201d, da barra de comandos.<\/p>\n<p>(C) Clicar no \u00edcone da lixeira com o bot\u00e3o Direito do Mouse e selecionar a op\u00e7\u00e3o \u201cEsvaziar Lixeira\u201d.<\/p>\n<p>(D) N\u00e3o \u00e9 poss\u00edvel restaurar arquivos exclu\u00eddos para lixeira.<\/p>\n<p>(E) Utilizar a ferramenta dispon\u00edvel em &#8220;Propriedades do Sistema&#8221;, chamada &#8220;Restaura\u00e7\u00e3o do Sistema&#8221;.<\/p>\n<p><strong>Coment\u00e1rios<\/strong>: A forma mais convencional de recuperar um item na Lixeira \u00e9 selecion\u00e1-lo, dentro da lixeira, e selecionar a op\u00e7\u00e3o para restaurar, ou na barra de comandos, ou no menu de contexto que aparece com o clique do bot\u00e3o direito do mouse sobre o item.<\/p>\n<p><img loading=\"lazy\" decoding=\"async\" class=\"alignnone size-full wp-image-137977\" src=\"https:\/\/dhg1h5j42swfq.cloudfront.net\/2018\/08\/27135811\/Capturar1.png\" alt=\"\" width=\"270\" height=\"174\" \/><\/p>\n<p>Resposta certa, <strong>alternativa b)<\/strong>.<\/p>\n<p>&nbsp;<\/p>\n<p>45. Utilizando o Navegador de Internet Google Chrome (Vers\u00e3o 59 instala\u00e7\u00e3o padr\u00e3o em portugu\u00eas), como \u00e9 poss\u00edvel definir um Zoom (amplia\u00e7\u00e3o) padr\u00e3o para TODAS as p\u00e1ginas?<\/p>\n<p>(A) No Google Chrome, no canto superior direito, clique em Mais , depois em Configura\u00e7\u00f5es. Na se\u00e7\u00e3o \u201cApar\u00eancia\u201d, defina o valor para \u201cZoom da p\u00e1gina\u201d.<\/p>\n<p>(B) Pressione Ctrl e + at\u00e9 aumentar ao tamanho desejado.<\/p>\n<p>(C) No Google Chrome, no canto superior direito, clique em Mais . Ao lado de &#8220;Zoom&#8221;, escolha as op\u00e7\u00f5es de zoom desejadas: clique em Aumentar zoom .<\/p>\n<p>(D) No Google Chrome, pressione a tecla F11.<\/p>\n<p>(E) No Google Chrome, na barra de endere\u00e7os, digite \u201czoom:\u201d e, em seguida, o valor desejado.<\/p>\n<p><strong>Coment\u00e1rios<\/strong>: Praticamente TODAS as Configura\u00e7\u00f5es do PowerPoint est\u00e3o dispon\u00edveis\u00a0 nas Configura\u00e7\u00f5es (chrome:\/\/settings). L\u00e1, na se\u00e7\u00e3o Apar\u00eancia, \u00e9 poss\u00edvel definir o zoom padr\u00e3o do navegador.<\/p>\n<p><img loading=\"lazy\" decoding=\"async\" class=\"alignnone size-medium wp-image-137970\" src=\"https:\/\/dhg1h5j42swfq.cloudfront.net\/2018\/08\/27130345\/Captura-de-Tela-2018-08-27-a%CC%80s-13.03.04.png\" alt=\"\" width=\"300\" height=\"182\" srcset=\"https:\/\/dhg1h5j42swfq.cloudfront.net\/2018\/08\/27130345\/Captura-de-Tela-2018-08-27-a%CC%80s-13.03.04.png 1402w, https:\/\/dhg1h5j42swfq.cloudfront.net\/2018\/08\/27130345\/Captura-de-Tela-2018-08-27-a%CC%80s-13.03.04.png 300w, https:\/\/dhg1h5j42swfq.cloudfront.net\/2018\/08\/27130345\/Captura-de-Tela-2018-08-27-a%CC%80s-13.03.04.png 768w, https:\/\/dhg1h5j42swfq.cloudfront.net\/2018\/08\/27130345\/Captura-de-Tela-2018-08-27-a%CC%80s-13.03.04.png 1024w, https:\/\/dhg1h5j42swfq.cloudfront.net\/2018\/08\/27130345\/Captura-de-Tela-2018-08-27-a%CC%80s-13.03.04.png 610w\" sizes=\"auto, (max-width: 300px) 100vw, 300px\" \/><\/p>\n<p>Resposta certa,\u00a0<strong>alternativa a).<\/strong><\/p>\n<p>46. Considerando o aplicativo de escrit\u00f3rio Microsoft Excel (Vers\u00e3o 2013 instala\u00e7\u00e3o padr\u00e3o em portugu\u00eas), assinale a alternativa que apresenta o resultado da seguinte express\u00e3o:<\/p>\n<p><img loading=\"lazy\" decoding=\"async\" class=\"alignnone size-medium wp-image-137969\" src=\"https:\/\/dhg1h5j42swfq.cloudfront.net\/2018\/08\/27130236\/Captura-de-Tela-2018-08-27-a%CC%80s-13.02.18.png\" alt=\"\" width=\"300\" height=\"55\" srcset=\"https:\/\/dhg1h5j42swfq.cloudfront.net\/2018\/08\/27130236\/Captura-de-Tela-2018-08-27-a%CC%80s-13.02.18.png 370w, https:\/\/dhg1h5j42swfq.cloudfront.net\/2018\/08\/27130236\/Captura-de-Tela-2018-08-27-a%CC%80s-13.02.18.png 300w\" sizes=\"auto, (max-width: 300px) 100vw, 300px\" \/><\/p>\n<p>(A) 0<\/p>\n<p>(B) 3<\/p>\n<p>(C) 5<\/p>\n<p>(D) 4<\/p>\n<p>(E) 16<\/p>\n<p><strong>Coment\u00e1rios<\/strong>: TRUNCAR \u00e9 a fun\u00e7\u00e3o do Excel que \u00e9 semelhante a ARRED. Enquanto ARRED arredonda um n\u00famero, TRUNCAR &#8220;quebra&#8221; o n\u00famero, ignorando completamente os n\u00fameros depois das casas decimais estipuladas.<\/p>\n<p>No caso, =TRUNCAR(16\/3;0) quer o resultado da divis\u00e3o de 16 por 3, com ZERO casas depois da v\u00edrgula.<\/p>\n<p>Como 16\/3 \u00e9 5,3333&#8230;., o resultado ser\u00e1 5, inteiro, sem casas depois da v\u00edrgula.<\/p>\n<p>Resposta certa,\u00a0<strong>alternativa c).<\/strong><\/p>\n<p>&nbsp;<\/p>\n<p>47. Assinale a alternativa que apresenta apenas perif\u00e9ricos de computador.<\/p>\n<p>(A) Placa M\u00e3e, Impressora.<\/p>\n<p>(B) Processador, Mem\u00f3ria RAM.<\/p>\n<p>(C) HD, Placa M\u00e3e.<\/p>\n<p>(D) Mem\u00f3ria RAM, C\u00e2mera.<\/p>\n<p>(E) Placa de V\u00eddeo, Scanner de mesa.<\/p>\n<p><strong>Coment\u00e1rios<\/strong>: Esta \u00e9 a quest\u00e3o pol\u00eamica, controversa, a meu entender. Como todo bom assunto de inform\u00e1tica, n\u00e3o existe uma jurisprud\u00eancia, um autor consagrado, que defina, com precis\u00e3o, o que pode ser classificado como um <strong>perif\u00e9rico<\/strong> ou um <strong>componente interno<\/strong> de um computador.<\/p>\n<p>Digo isto porque, em pesquisas na internet, voc\u00ea poder\u00e1 encontrar sites que tanto classificam a <strong>placa de v\u00eddeo<\/strong> como um perif\u00e9rico quanto um componente interno.<\/p>\n<p>Veja em\u00a0https:\/\/www.aprendainformaticafacil.com.br\/2013\/02\/componentes-do-computador.html.<\/p>\n<p>Ora, se o examinador aponta como gabarito a <strong>alternativa e)<\/strong>, ou seja, se ele entende que a placa de v\u00eddeo \u00e9 um perif\u00e9rico, por que motivos ent\u00e3o a alternativa d) n\u00e3o estaria correta? Afinal, tanto a Placa de V\u00eddeo quanto a Mem\u00f3ria RAM comunicam-se com o processador com prioridade para o processamento de dados. Sem uma placa de v\u00eddeo (nem que seja compartilhada), n\u00e3o \u00e9 poss\u00edvel ao computador inicializar.<\/p>\n<p>Se \u00e9 para avaliar perif\u00e9ricos de forma rigorosa, apenas a Placa m\u00e3e e a pr\u00f3pria CPU n\u00e3o podem ser considerados perif\u00e9ricos. Em uma avalia\u00e7\u00e3o mais sensata, os perif\u00e9ricos n\u00e3o deveriam incluir os componentes que ficam internos ao gabinete do computador.<\/p>\n<p>Entendo que a quest\u00e3o est\u00e1 mal formulada, e que deveria ser anulada. Por\u00e9m, existem dois problemas GRAVES. Primeiro, que a AOCP n\u00e3o gosta de anular gabarito: quest\u00f5es nitidamente mais erradas em concursos anteriores n\u00e3o tiveram seu gabarito anulado ou modificado pela banca; Segundo, \u00e9 que n\u00e3o existe bibliografia &#8220;reconhecida&#8221; que subsidie o pedido de anula\u00e7\u00e3o da mesma.<\/p>\n<p>Entendo que todo o subs\u00eddio necess\u00e1rio para elaborar os recursos j\u00e1 est\u00e3o em meus coment\u00e1rios, e que o aluno que desejar entrar com recurso ter\u00e1 que argumentar bastante, j\u00e1 sabendo que as chances de deferimento s\u00e3o baixas, pela banca.<\/p>\n<p>&nbsp;<\/p>\n<p>48. Considerando o aplicativo de escrit\u00f3rio Microsoft Word (Vers\u00e3o 2013 instala\u00e7\u00e3o padr\u00e3o em portugu\u00eas), assinale a alternativa que apresenta o nome dado ao recurso que permite automatizar tarefas usadas com frequ\u00eancia. Esse recurso agrupa como um \u00fanico comando uma s\u00e9rie de comandos e instru\u00e7\u00f5es.<\/p>\n<p>(A) F\u00f3rmula.<\/p>\n<p>(B) Macro.<\/p>\n<p>(C) Tutorial.<\/p>\n<p>(D) Refer\u00eancia cruzada.<\/p>\n<p>(E) Ajuda referencial.<\/p>\n<p><strong>Coment\u00e1rios<\/strong>: Macros s\u00e3o tarefas automatizadas que facilitam a rotina do usu\u00e1rio do documento.<\/p>\n<p>Resposta certa,\u00a0<strong>alternativa a).<\/strong><\/p>\n<p>&nbsp;<\/p>\n<p>49. No Windows 7 (Instala\u00e7\u00e3o Padr\u00e3o em portugu\u00eas), o que faz o atalho WinKey (Tecla logotipo do Windows) + F?<\/p>\n<p>(A) Percorre programas na barra de tarefas.<\/p>\n<p>(B) Bloqueia o computador ou alterna usu\u00e1rios.<\/p>\n<p>(C) Procura um arquivo ou uma pasta.<\/p>\n<p>(D) Exibe a \u00e1rea de trabalho.<\/p>\n<p>(E) Minimiza todas as janelas.<\/p>\n<p><strong>Coment\u00e1rios<\/strong>: No Windows 7, Winkey+F aciona a pesquisa por um arquivo ou pasta.<\/p>\n<p>Resposta certa,\u00a0<strong>alternativa c).<\/strong><\/p>\n<p>&nbsp;<\/p>\n<p>50. Assinale a alternativa que apresenta uma extens\u00e3o relacionada a arquivos de V\u00eddeo.<\/p>\n<p>(A) JPG<\/p>\n<p>(B) MP3<\/p>\n<p>(C) MP4<\/p>\n<p>(D) DOC<\/p>\n<p>(E) PPT<\/p>\n<p><strong>Coment\u00e1rios<\/strong>: O \u00fanico formato de v\u00eddeo apresentado \u00e9 o MP4. MP3 \u00e9 arquivo de \u00e1udio, JPG \u00e9 arquivo de imagem, DOC \u00e9 documento e PPT \u00e9 apresenta\u00e7\u00e3o.<\/p>\n<p>Resposta certa,\u00a0<strong>alternativa c).<\/strong><\/p>\n<p>&nbsp;<\/p>\n<p><span style=\"color: #0000ff;\"><strong>OFICIAL<\/strong><\/span><\/p>\n<p>31. Assinale a alternativa que apresenta o nome do cabo utilizado em alguns monitores e TVs modernas para transmiss\u00e3o de \u00e1udio e v\u00eddeo.<\/p>\n<p>(A) VSB<\/p>\n<p>(B) FLAT<\/p>\n<p>(C) SATA<\/p>\n<p>(D) HDMI<\/p>\n<p>(E) XML<\/p>\n<p><strong>Coment\u00e1rios<\/strong>: O \u00fanico cabo de \u00e1udio e v\u00eddeo presente \u00e9 o HDMI. XML \u00e9 uma linguagem de marca\u00e7\u00e3o, VSB n\u00e3o existe e FLAT e SATA s\u00e3o cabos para disco r\u00edgido.<\/p>\n<p>Resposta certa,\u00a0<strong>alternativa d).<\/strong><\/p>\n<p>&nbsp;<\/p>\n<p>32. Considerando o aplicativo de escrit\u00f3rio Microsoft Excel (Vers\u00e3o 2013, instala\u00e7\u00e3o padr\u00e3o em portugu\u00eas), assinale a alternativa que apresenta a express\u00e3o equivalente \u00e0 seguinte express\u00e3o matem\u00e1tica:<\/p>\n<p><img loading=\"lazy\" decoding=\"async\" class=\"alignnone size-full wp-image-139135\" src=\"https:\/\/dhg1h5j42swfq.cloudfront.net\/2018\/08\/03195643\/Captura-de-Tela-2018-09-03-a%CC%80s-19.56.01.png\" alt=\"\" width=\"150\" height=\"140\" \/><\/p>\n<p>(A) = RAIZ(5)\/(2^3)<\/p>\n<p>(B) = (ROOT(5)) \/ (2*2*2)<\/p>\n<p>(C) = SQRT(5) \u00f7 2**3<\/p>\n<p>(D) = RAIZ(5\/(2*2*2))<\/p>\n<p>(E) = Divisao(RaizQuad(5); Pot\u00eancia(2,3) )<\/p>\n<p><strong>Coment\u00e1rios<\/strong>: Para aplicar a radicia\u00e7\u00e3o no Excel, deve-se chamar a fun\u00e7\u00e3o RAIZ. Fora da fun\u00e7\u00e3o, deve ocorrer a divis\u00e3o por dois elevado ao cubo. Apenas a alternativa a) apresenta todas essas ideias de forma correta.<\/p>\n<p>Resposta certa,\u00a0<strong>alternativa a).<\/strong><\/p>\n<p>&nbsp;<\/p>\n<p>33. Assinale a alternativa que apresenta o nome das m\u00eddias de armazenamento de dados que podem ser gravadas e que t\u00eam capacidade de menos de 1Gb.<\/p>\n<p>(A) DVD-RW<\/p>\n<p>(B) DVD-R<\/p>\n<p>(C) SSD<\/p>\n<p>(D) Blue Ray-R<\/p>\n<p>(E) CD-R<\/p>\n<p><strong>Coment\u00e1rios<\/strong>: DVDs convencionais possuem capacidade de 4.7GB. Discos SSD possuem capacidades variadas, todas em GB, Blu-Ray tem capacidade entre 25 e 50 GB e os CD-R possuem capacidade m\u00e1xima de 700MB.<\/p>\n<p>Resposta certa,\u00a0<strong>alternativa e).<\/strong><\/p>\n<p>&nbsp;<\/p>\n<p>34. O que acontece quando um arquivo \u00e9 colocado em quarentena pelo antiv\u00edrus (considerando o aplicativo Avast Antiv\u00edrus)?<\/p>\n<p>(A) Esses arquivos s\u00e3o isolados, n\u00e3o podem ser acessados por nenhum outro processo ou programa externo.<\/p>\n<p>(B) Esses arquivos s\u00e3o modificados para remo\u00e7\u00e3o das vulnerabilidades apresentadas.<\/p>\n<p>(C) Esses arquivos s\u00e3o modificados para altera\u00e7\u00e3o dos c\u00f3digos maliciosos.<\/p>\n<p>(D) Esses arquivos podem ser executados normalmente, por\u00e9m sob a vigil\u00e2ncia do antiv\u00edrus.<\/p>\n<p>(E) Esses arquivos s\u00e3o bloqueados e s\u00f3 voltam a ser liberados ap\u00f3s 40 dias.<\/p>\n<p><strong>Coment\u00e1rios<\/strong>: Com o ser humano, colocar em quarentena \u00e9 isol\u00e1-lo do mundo, para observar o seu comportamento durante esse per\u00edodo. Colocar um arquivo em quarentena \u00e9 isol\u00e1-lo dos demais processos do computador, para observar o seu impacto sobre o sistema.<\/p>\n<p>Resposta certa,\u00a0<strong>alternativa a).<\/strong><\/p>\n<p>&nbsp;<\/p>\n<p>35. Utilizando o Libre Office Writer (Vers\u00e3o 5, instala\u00e7\u00e3o padr\u00e3o em portugu\u00eas), como \u00e9 poss\u00edvel adicionar uma caixa de texto?<\/p>\n<p>(A) Escolha a guia Formatar &gt; Texto &gt; Retangular.<\/p>\n<p>(B) Escolha a guia Editar &gt; Propriedades de Texto &gt; Caixa.<\/p>\n<p>(C) Escolha a guia Formatar &gt; Texto &gt; Caixa de Texto.<\/p>\n<p>(D) Escolha a guia Inserir &gt; Formas, escolhendo a forma \u201cRetangulo\u201d.<\/p>\n<p>(E) Escolha a guia Inserir &gt; Caixa de Texto.<\/p>\n<p><strong>Coment\u00e1rios<\/strong>: A Guia Inserir \u00e9 a guia na qual se inserem objetos especiais no Texto, a exemplo de uma Caixa de Texto.<\/p>\n<p>&nbsp;<\/p>\n<p>Resposta certa,\u00a0<strong>alternativa e).<\/strong><\/p>\n<p>&nbsp;<\/p>\n<p>36. \u201cEstes filtros passam por um per\u00edodo inicial de treinamento, no qual o usu\u00e1rio seleciona manualmente as mensagens consideradas indesejadas e, com base nas classifica\u00e7\u00f5es, o filtro vai aprendendo a distinguir as mensagens.\u201d. A qual filtro o enunciado se refere?<\/p>\n<p>(A) Antiv\u00edrus.<\/p>\n<p>(B) Bloqueio seletivo.<\/p>\n<p>(C) Firewall.<\/p>\n<p>(D) Antispam.<\/p>\n<p>(E) AntiSpy.<\/p>\n<p><strong>Coment\u00e1rios<\/strong>: As ferramentas e clientes de email possuem filtro ANTISPAM adaptativo, capazes de, continuamente, aprender a distinguir mensagens leg\u00edtimas de indesejadas.<\/p>\n<p>Resposta certa,\u00a0<strong>alternativa d).<\/strong><\/p>\n<p>&nbsp;<\/p>\n<p>37. Considerando o Windows 7 (Instala\u00e7\u00e3o padr\u00e3o em portugu\u00eas), assinale a alternativa que apresenta a tecla de atalho usada para \u201cAbrir a caixa de di\u00e1logo Executar\u201d.<\/p>\n<p>(A) WinKey (Tecla logotipo do Windows) + L<\/p>\n<p>(B) WinKey (Tecla logotipo do Windows) + F<\/p>\n<p>(C) CTRL + WinKey (Tecla logotipo do Windows) + E<\/p>\n<p>(D) CTRL + E<\/p>\n<p>(E) WinKey (Tecla logotipo do Windows) + R<\/p>\n<p><strong>Coment\u00e1rios<\/strong>: RUN \u00e9 Executar em ingl\u00eas. O comando para chamar a caixa de di\u00e1logo Executar \u00e9 WINDOWS + R.<\/p>\n<p>Resposta certa,\u00a0<strong>alternativa e).<\/strong><\/p>\n<p>&nbsp;<\/p>\n<p>38. Um arquivo com a extens\u00e3o .ods corresponde a<\/p>\n<p>(A) um arquivo de som.<\/p>\n<p>(B) uma p\u00e1gina web gravada localmente.<\/p>\n<p>(C) uma planilha eletr\u00f4nica do Libre Office Calc.<\/p>\n<p>(D) um documento do Microsoft PowerPoint.<\/p>\n<p>(E) uma imagem.<\/p>\n<p><strong>Coment\u00e1rios<\/strong>: OpenDocument Spreadsheet \u00e9 o padr\u00e3o OpenDocument para a planilha eletr\u00f4nica do LibreOffice Calc.<\/p>\n<p>Resposta certa,\u00a0<strong>alternativa c).<\/strong><\/p>\n<p>&nbsp;<\/p>\n<p>39. \u201cColoca a primeira letra de uma cadeia de texto em mai\u00fascula e todas as outras letras do texto depois de qualquer caractere diferente de uma letra. Converte todas as outras letras para min\u00fasculas.\u201d. Considerando as Fun\u00e7\u00f5es do aplicativo de escrit\u00f3rio Microsoft Excel (Vers\u00e3o 2013, instala\u00e7\u00e3o padr\u00e3o em portugu\u00eas), a qual fun\u00e7\u00e3o o enunciado se refere?<\/p>\n<p>(A) CAPITALIZADO<\/p>\n<p>(B) ARRUMAR.MAI\u00daSCULA<\/p>\n<p>(C) MAI\u00daSCULA.INICIO<\/p>\n<p>(D) PRI.MAI\u00daSCULA<\/p>\n<p>(E) MAI\u00daSCULA.ESQUERDA<\/p>\n<p><strong>Coment\u00e1rios<\/strong>: PRI.MAI\u00daSCULA coloca a primeira letra de uma cadeia de texto em mai\u00fascula e todas as outras letras do texto depois de qualquer caractere diferente de uma letra. Converte todas as outras letras para min\u00fasculas. As demais fun\u00e7\u00f5es citadas n\u00e3o existem.<\/p>\n<p>Resposta certa,\u00a0<strong>alternativa d).<\/strong><\/p>\n<p>&nbsp;<\/p>\n<p>40. No Microsoft Word (Vers\u00e3o 2013, instala\u00e7\u00e3o padr\u00e3o em portugu\u00eas), \u00e9 poss\u00edvel salvar um arquivo compat\u00edvel com o Word 97-2003. Assinale a alternativa que apresenta a extens\u00e3o desse arquivo.<\/p>\n<p>(A) .docx<\/p>\n<p>(B) .doc<\/p>\n<p>(C) .xls<\/p>\n<p>(D) .ppt<\/p>\n<p>(E) .xml<\/p>\n<p><strong>Coment\u00e1rios<\/strong>: Analisando as alternativas:<\/p>\n<p>a) DOCX \u00e9 o padr\u00e3o do Word 2007 em diante;<\/p>\n<p>b) DOC \u00e9 o padr\u00e3o do Word 97 a 2003;<\/p>\n<p>c) XLS \u00e9 o padr\u00e3o do Excel 97 a 2003;<\/p>\n<p>d) PPT \u00e9 o padr\u00e3o do PowerPoint 97 a 2003;<\/p>\n<p>e) XML \u00e9 o padr\u00e3o incorporado \u00e0s extens\u00f5es do Office de 2007 em diante.<\/p>\n<p>Resposta certa,\u00a0<strong>alternativa b).<\/strong><\/p>\n<p>&nbsp;<\/p>\n<p><b>Coment\u00e1rios finais<\/b>: foi uma prova bem ao estilo AOCP. Por serem 10 quest\u00f5es de inform\u00e1tica, ao inv\u00e9s das 5 quest\u00f5es tradicionais, a banca aproveitou para caprichar mais em algumas perguntas. Mais uma vez, \u00e9 o tipo de prova que valoriza o candidato que levou o estudo da inform\u00e1tica a s\u00e9rio para o concurso.<\/p>\n<p>E voc\u00ea, como foi? Comente abaixo&#8230;<\/p>\n","protected":false},"excerpt":{"rendered":"<p>Ol\u00e1 amigos! Venho aqui para comentar a prova da Pol\u00edcia Militar\/Corpo de Bombeiros Militar do Esp\u00edrito Santo, para o cargo de Soldado, aplicada pela AOCP. Falarei das quest\u00f5es de Inform\u00e1tica. Mas antes de conferir a corre\u00e7\u00e3o, n\u00e3o deixe de participar do\u00a0Ranking PM ES\u00a0para conferir seu desempenho na prova. Clique na imagem abaixo para cadastrar seu [&hellip;]<\/p>\n","protected":false},"author":48,"featured_media":0,"comment_status":"open","ping_status":"closed","sticky":false,"template":"","format":"standard","meta":{"post_tipo":"article","footnotes":""},"categories":[],"tags":[2114,18405,331,3070,313,1315],"tax_estado":[],"class_list":["post-137947","post","type-post","status-publish","format-standard","hentry","tag-aocp","tag-bm-es","tag-gabarito","tag-pm-es","tag-prova","tag-soldado"],"acf":[],"yoast_head":"<!-- This site is optimized with the Yoast SEO Premium plugin v27.2 (Yoast SEO v27.2) - https:\/\/yoast.com\/product\/yoast-seo-premium-wordpress\/ -->\n<title>Prova resolvida PM ES - gabarito das quest\u00f5es de Inform\u00e1tica AOCP<\/title>\n<meta name=\"robots\" content=\"index, follow, max-snippet:-1, max-image-preview:large, max-video-preview:-1\" \/>\n<link rel=\"canonical\" href=\"https:\/\/www.estrategiaconcursos.com.br\/blog\/prova-resolvida-pm-es-gabarito-das-questoes-aocp\/\" \/>\n<meta property=\"og:locale\" content=\"pt_BR\" \/>\n<meta property=\"og:type\" content=\"article\" \/>\n<meta property=\"og:title\" content=\"Prova resolvida PM ES - gabarito das quest\u00f5es de Inform\u00e1tica AOCP\" \/>\n<meta property=\"og:description\" content=\"Ol\u00e1 amigos! Venho aqui para comentar a prova da Pol\u00edcia Militar\/Corpo de Bombeiros Militar do Esp\u00edrito Santo, para o cargo de Soldado, aplicada pela AOCP. Falarei das quest\u00f5es de Inform\u00e1tica. Mas antes de conferir a corre\u00e7\u00e3o, n\u00e3o deixe de participar do\u00a0Ranking PM ES\u00a0para conferir seu desempenho na prova. Clique na imagem abaixo para cadastrar seu [&hellip;]\" \/>\n<meta property=\"og:url\" content=\"https:\/\/www.estrategiaconcursos.com.br\/blog\/prova-resolvida-pm-es-gabarito-das-questoes-aocp\/\" \/>\n<meta property=\"og:site_name\" content=\"Estrat\u00e9gia Concursos\" \/>\n<meta property=\"article:published_time\" content=\"2018-08-27T17:00:39+00:00\" \/>\n<meta property=\"article:modified_time\" content=\"2018-09-17T19:33:48+00:00\" \/>\n<meta property=\"og:image\" content=\"https:\/\/www.estrategiaconcursos.com.br\/blog\/wp-content\/uploads\/2018\/08\/RANKING-PMCBM-ES.jpg\" \/>\n<meta name=\"author\" content=\"Coordena\u00e7\u00e3o\" \/>\n<meta name=\"twitter:card\" content=\"summary_large_image\" \/>\n<meta name=\"twitter:creator\" content=\"@EstratConcursos\" \/>\n<meta name=\"twitter:site\" content=\"@EstratConcursos\" \/>\n<meta name=\"twitter:label1\" content=\"Escrito por\" \/>\n\t<meta name=\"twitter:data1\" content=\"Coordena\u00e7\u00e3o\" \/>\n\t<meta name=\"twitter:label2\" content=\"Est. tempo de leitura\" \/>\n\t<meta name=\"twitter:data2\" content=\"12 minutos\" \/>\n<script type=\"application\/ld+json\" class=\"yoast-schema-graph\">{\"@context\":\"https:\/\/schema.org\",\"@graph\":[{\"@type\":\"NewsArticle\",\"@id\":\"https:\/\/www.estrategiaconcursos.com.br\/blog\/prova-resolvida-pm-es-gabarito-das-questoes-aocp\/#article\",\"isPartOf\":{\"@id\":\"https:\/\/www.estrategiaconcursos.com.br\/blog\/prova-resolvida-pm-es-gabarito-das-questoes-aocp\/\"},\"author\":{\"name\":\"Coordena\u00e7\u00e3o\",\"@id\":\"https:\/\/www.estrategiaconcursos.com.br\/blog\/#\/schema\/person\/cdad40b5818eb228a838461fcd656da7\"},\"headline\":\"Prova resolvida PM ES &#8211; gabarito das quest\u00f5es de Inform\u00e1tica AOCP\",\"datePublished\":\"2018-08-27T17:00:39+00:00\",\"dateModified\":\"2018-09-17T19:33:48+00:00\",\"mainEntityOfPage\":{\"@id\":\"https:\/\/www.estrategiaconcursos.com.br\/blog\/prova-resolvida-pm-es-gabarito-das-questoes-aocp\/\"},\"wordCount\":2449,\"commentCount\":2,\"publisher\":{\"@id\":\"https:\/\/www.estrategiaconcursos.com.br\/blog\/#organization\"},\"image\":{\"@id\":\"https:\/\/www.estrategiaconcursos.com.br\/blog\/prova-resolvida-pm-es-gabarito-das-questoes-aocp\/#primaryimage\"},\"thumbnailUrl\":\"https:\/\/www.estrategiaconcursos.com.br\/blog\/wp-content\/uploads\/2018\/08\/RANKING-PMCBM-ES.jpg\",\"keywords\":[\"aocp\",\"bm es\",\"Gabarito\",\"PM ES\",\"prova\",\"Soldado\"],\"inLanguage\":\"pt-BR\",\"potentialAction\":[{\"@type\":\"CommentAction\",\"name\":\"Comment\",\"target\":[\"https:\/\/www.estrategiaconcursos.com.br\/blog\/prova-resolvida-pm-es-gabarito-das-questoes-aocp\/#respond\"]}],\"copyrightYear\":\"2018\",\"copyrightHolder\":{\"@id\":\"https:\/\/www.estrategiaconcursos.com.br\/blog\/#organization\"}},{\"@type\":\"WebPage\",\"@id\":\"https:\/\/www.estrategiaconcursos.com.br\/blog\/prova-resolvida-pm-es-gabarito-das-questoes-aocp\/\",\"url\":\"https:\/\/www.estrategiaconcursos.com.br\/blog\/prova-resolvida-pm-es-gabarito-das-questoes-aocp\/\",\"name\":\"Prova resolvida PM ES - gabarito das quest\u00f5es de Inform\u00e1tica AOCP\",\"isPartOf\":{\"@id\":\"https:\/\/www.estrategiaconcursos.com.br\/blog\/#website\"},\"primaryImageOfPage\":{\"@id\":\"https:\/\/www.estrategiaconcursos.com.br\/blog\/prova-resolvida-pm-es-gabarito-das-questoes-aocp\/#primaryimage\"},\"image\":{\"@id\":\"https:\/\/www.estrategiaconcursos.com.br\/blog\/prova-resolvida-pm-es-gabarito-das-questoes-aocp\/#primaryimage\"},\"thumbnailUrl\":\"https:\/\/www.estrategiaconcursos.com.br\/blog\/wp-content\/uploads\/2018\/08\/RANKING-PMCBM-ES.jpg\",\"datePublished\":\"2018-08-27T17:00:39+00:00\",\"dateModified\":\"2018-09-17T19:33:48+00:00\",\"breadcrumb\":{\"@id\":\"https:\/\/www.estrategiaconcursos.com.br\/blog\/prova-resolvida-pm-es-gabarito-das-questoes-aocp\/#breadcrumb\"},\"inLanguage\":\"pt-BR\",\"potentialAction\":[{\"@type\":\"ReadAction\",\"target\":[\"https:\/\/www.estrategiaconcursos.com.br\/blog\/prova-resolvida-pm-es-gabarito-das-questoes-aocp\/\"]}]},{\"@type\":\"ImageObject\",\"inLanguage\":\"pt-BR\",\"@id\":\"https:\/\/www.estrategiaconcursos.com.br\/blog\/prova-resolvida-pm-es-gabarito-das-questoes-aocp\/#primaryimage\",\"url\":\"https:\/\/dhg1h5j42swfq.cloudfront.net\/2018\/08\/27141412\/RANKING-PMCBM-ES.jpg\",\"contentUrl\":\"https:\/\/dhg1h5j42swfq.cloudfront.net\/2018\/08\/27141412\/RANKING-PMCBM-ES.jpg\",\"width\":1184,\"height\":183},{\"@type\":\"BreadcrumbList\",\"@id\":\"https:\/\/www.estrategiaconcursos.com.br\/blog\/prova-resolvida-pm-es-gabarito-das-questoes-aocp\/#breadcrumb\",\"itemListElement\":[{\"@type\":\"ListItem\",\"position\":1,\"name\":\"In\u00edcio\",\"item\":\"https:\/\/www.estrategiaconcursos.com.br\/blog\/\"},{\"@type\":\"ListItem\",\"position\":2,\"name\":\"Prova resolvida PM ES &#8211; gabarito das quest\u00f5es de Inform\u00e1tica AOCP\"}]},{\"@type\":\"WebSite\",\"@id\":\"https:\/\/www.estrategiaconcursos.com.br\/blog\/#website\",\"url\":\"https:\/\/www.estrategiaconcursos.com.br\/blog\/\",\"name\":\"Estrat\u00e9gia Concursos\",\"description\":\"O blog da Estrat\u00e9gia Concursos traz not\u00edcias sobre concursos e artigos de professores oferecendo cursos para concursos (pdf + videaulas) no site.\",\"publisher\":{\"@id\":\"https:\/\/www.estrategiaconcursos.com.br\/blog\/#organization\"},\"potentialAction\":[{\"@type\":\"SearchAction\",\"target\":{\"@type\":\"EntryPoint\",\"urlTemplate\":\"https:\/\/www.estrategiaconcursos.com.br\/blog\/?s={search_term_string}\"},\"query-input\":{\"@type\":\"PropertyValueSpecification\",\"valueRequired\":true,\"valueName\":\"search_term_string\"}}],\"inLanguage\":\"pt-BR\"},{\"@type\":\"Organization\",\"@id\":\"https:\/\/www.estrategiaconcursos.com.br\/blog\/#organization\",\"name\":\"Estrat\u00e9gia Concursos\",\"url\":\"https:\/\/www.estrategiaconcursos.com.br\/blog\/\",\"logo\":{\"@type\":\"ImageObject\",\"inLanguage\":\"pt-BR\",\"@id\":\"https:\/\/www.estrategiaconcursos.com.br\/blog\/#\/schema\/logo\/image\/\",\"url\":\"https:\/\/dhg1h5j42swfq.cloudfront.net\/2025\/06\/03203428\/logo_concursos-1.jpg\",\"contentUrl\":\"https:\/\/dhg1h5j42swfq.cloudfront.net\/2025\/06\/03203428\/logo_concursos-1.jpg\",\"width\":230,\"height\":60,\"caption\":\"Estrat\u00e9gia Concursos\"},\"image\":{\"@id\":\"https:\/\/www.estrategiaconcursos.com.br\/blog\/#\/schema\/logo\/image\/\"},\"sameAs\":[\"https:\/\/x.com\/EstratConcursos\"]},{\"@type\":\"Person\",\"@id\":\"https:\/\/www.estrategiaconcursos.com.br\/blog\/#\/schema\/person\/cdad40b5818eb228a838461fcd656da7\",\"name\":\"Coordena\u00e7\u00e3o\",\"image\":{\"@type\":\"ImageObject\",\"inLanguage\":\"pt-BR\",\"@id\":\"https:\/\/secure.gravatar.com\/avatar\/a413b22da0f5009c634f6c4586a2dbe5207074fd5becd88db5183b8069ef25e4?s=96&d=mm&r=g\",\"url\":\"https:\/\/secure.gravatar.com\/avatar\/a413b22da0f5009c634f6c4586a2dbe5207074fd5becd88db5183b8069ef25e4?s=96&d=mm&r=g\",\"contentUrl\":\"https:\/\/secure.gravatar.com\/avatar\/a413b22da0f5009c634f6c4586a2dbe5207074fd5becd88db5183b8069ef25e4?s=96&d=mm&r=g\",\"caption\":\"Coordena\u00e7\u00e3o\"},\"url\":\"https:\/\/www.estrategiaconcursos.com.br\/blog\/author\/contatoestrategiaconcursos-com-br\/\"}]}<\/script>\n<!-- \/ Yoast SEO Premium plugin. -->","yoast_head_json":{"title":"Prova resolvida PM ES - gabarito das quest\u00f5es de Inform\u00e1tica AOCP","robots":{"index":"index","follow":"follow","max-snippet":"max-snippet:-1","max-image-preview":"max-image-preview:large","max-video-preview":"max-video-preview:-1"},"canonical":"https:\/\/www.estrategiaconcursos.com.br\/blog\/prova-resolvida-pm-es-gabarito-das-questoes-aocp\/","og_locale":"pt_BR","og_type":"article","og_title":"Prova resolvida PM ES - gabarito das quest\u00f5es de Inform\u00e1tica AOCP","og_description":"Ol\u00e1 amigos! Venho aqui para comentar a prova da Pol\u00edcia Militar\/Corpo de Bombeiros Militar do Esp\u00edrito Santo, para o cargo de Soldado, aplicada pela AOCP. Falarei das quest\u00f5es de Inform\u00e1tica. Mas antes de conferir a corre\u00e7\u00e3o, n\u00e3o deixe de participar do\u00a0Ranking PM ES\u00a0para conferir seu desempenho na prova. Clique na imagem abaixo para cadastrar seu [&hellip;]","og_url":"https:\/\/www.estrategiaconcursos.com.br\/blog\/prova-resolvida-pm-es-gabarito-das-questoes-aocp\/","og_site_name":"Estrat\u00e9gia Concursos","article_published_time":"2018-08-27T17:00:39+00:00","article_modified_time":"2018-09-17T19:33:48+00:00","og_image":[{"url":"https:\/\/www.estrategiaconcursos.com.br\/blog\/wp-content\/uploads\/2018\/08\/RANKING-PMCBM-ES.jpg","type":"","width":"","height":""}],"author":"Coordena\u00e7\u00e3o","twitter_card":"summary_large_image","twitter_creator":"@EstratConcursos","twitter_site":"@EstratConcursos","twitter_misc":{"Escrito por":"Coordena\u00e7\u00e3o","Est. tempo de leitura":"12 minutos"},"schema":{"@context":"https:\/\/schema.org","@graph":[{"@type":"NewsArticle","@id":"https:\/\/www.estrategiaconcursos.com.br\/blog\/prova-resolvida-pm-es-gabarito-das-questoes-aocp\/#article","isPartOf":{"@id":"https:\/\/www.estrategiaconcursos.com.br\/blog\/prova-resolvida-pm-es-gabarito-das-questoes-aocp\/"},"author":{"name":"Coordena\u00e7\u00e3o","@id":"https:\/\/www.estrategiaconcursos.com.br\/blog\/#\/schema\/person\/cdad40b5818eb228a838461fcd656da7"},"headline":"Prova resolvida PM ES &#8211; gabarito das quest\u00f5es de Inform\u00e1tica AOCP","datePublished":"2018-08-27T17:00:39+00:00","dateModified":"2018-09-17T19:33:48+00:00","mainEntityOfPage":{"@id":"https:\/\/www.estrategiaconcursos.com.br\/blog\/prova-resolvida-pm-es-gabarito-das-questoes-aocp\/"},"wordCount":2449,"commentCount":2,"publisher":{"@id":"https:\/\/www.estrategiaconcursos.com.br\/blog\/#organization"},"image":{"@id":"https:\/\/www.estrategiaconcursos.com.br\/blog\/prova-resolvida-pm-es-gabarito-das-questoes-aocp\/#primaryimage"},"thumbnailUrl":"https:\/\/www.estrategiaconcursos.com.br\/blog\/wp-content\/uploads\/2018\/08\/RANKING-PMCBM-ES.jpg","keywords":["aocp","bm es","Gabarito","PM ES","prova","Soldado"],"inLanguage":"pt-BR","potentialAction":[{"@type":"CommentAction","name":"Comment","target":["https:\/\/www.estrategiaconcursos.com.br\/blog\/prova-resolvida-pm-es-gabarito-das-questoes-aocp\/#respond"]}],"copyrightYear":"2018","copyrightHolder":{"@id":"https:\/\/www.estrategiaconcursos.com.br\/blog\/#organization"}},{"@type":"WebPage","@id":"https:\/\/www.estrategiaconcursos.com.br\/blog\/prova-resolvida-pm-es-gabarito-das-questoes-aocp\/","url":"https:\/\/www.estrategiaconcursos.com.br\/blog\/prova-resolvida-pm-es-gabarito-das-questoes-aocp\/","name":"Prova resolvida PM ES - gabarito das quest\u00f5es de Inform\u00e1tica AOCP","isPartOf":{"@id":"https:\/\/www.estrategiaconcursos.com.br\/blog\/#website"},"primaryImageOfPage":{"@id":"https:\/\/www.estrategiaconcursos.com.br\/blog\/prova-resolvida-pm-es-gabarito-das-questoes-aocp\/#primaryimage"},"image":{"@id":"https:\/\/www.estrategiaconcursos.com.br\/blog\/prova-resolvida-pm-es-gabarito-das-questoes-aocp\/#primaryimage"},"thumbnailUrl":"https:\/\/www.estrategiaconcursos.com.br\/blog\/wp-content\/uploads\/2018\/08\/RANKING-PMCBM-ES.jpg","datePublished":"2018-08-27T17:00:39+00:00","dateModified":"2018-09-17T19:33:48+00:00","breadcrumb":{"@id":"https:\/\/www.estrategiaconcursos.com.br\/blog\/prova-resolvida-pm-es-gabarito-das-questoes-aocp\/#breadcrumb"},"inLanguage":"pt-BR","potentialAction":[{"@type":"ReadAction","target":["https:\/\/www.estrategiaconcursos.com.br\/blog\/prova-resolvida-pm-es-gabarito-das-questoes-aocp\/"]}]},{"@type":"ImageObject","inLanguage":"pt-BR","@id":"https:\/\/www.estrategiaconcursos.com.br\/blog\/prova-resolvida-pm-es-gabarito-das-questoes-aocp\/#primaryimage","url":"https:\/\/dhg1h5j42swfq.cloudfront.net\/2018\/08\/27141412\/RANKING-PMCBM-ES.jpg","contentUrl":"https:\/\/dhg1h5j42swfq.cloudfront.net\/2018\/08\/27141412\/RANKING-PMCBM-ES.jpg","width":1184,"height":183},{"@type":"BreadcrumbList","@id":"https:\/\/www.estrategiaconcursos.com.br\/blog\/prova-resolvida-pm-es-gabarito-das-questoes-aocp\/#breadcrumb","itemListElement":[{"@type":"ListItem","position":1,"name":"In\u00edcio","item":"https:\/\/www.estrategiaconcursos.com.br\/blog\/"},{"@type":"ListItem","position":2,"name":"Prova resolvida PM ES &#8211; gabarito das quest\u00f5es de Inform\u00e1tica AOCP"}]},{"@type":"WebSite","@id":"https:\/\/www.estrategiaconcursos.com.br\/blog\/#website","url":"https:\/\/www.estrategiaconcursos.com.br\/blog\/","name":"Estrat\u00e9gia Concursos","description":"O blog da Estrat\u00e9gia Concursos traz not\u00edcias sobre concursos e artigos de professores oferecendo cursos para concursos (pdf + videaulas) no site.","publisher":{"@id":"https:\/\/www.estrategiaconcursos.com.br\/blog\/#organization"},"potentialAction":[{"@type":"SearchAction","target":{"@type":"EntryPoint","urlTemplate":"https:\/\/www.estrategiaconcursos.com.br\/blog\/?s={search_term_string}"},"query-input":{"@type":"PropertyValueSpecification","valueRequired":true,"valueName":"search_term_string"}}],"inLanguage":"pt-BR"},{"@type":"Organization","@id":"https:\/\/www.estrategiaconcursos.com.br\/blog\/#organization","name":"Estrat\u00e9gia Concursos","url":"https:\/\/www.estrategiaconcursos.com.br\/blog\/","logo":{"@type":"ImageObject","inLanguage":"pt-BR","@id":"https:\/\/www.estrategiaconcursos.com.br\/blog\/#\/schema\/logo\/image\/","url":"https:\/\/dhg1h5j42swfq.cloudfront.net\/2025\/06\/03203428\/logo_concursos-1.jpg","contentUrl":"https:\/\/dhg1h5j42swfq.cloudfront.net\/2025\/06\/03203428\/logo_concursos-1.jpg","width":230,"height":60,"caption":"Estrat\u00e9gia Concursos"},"image":{"@id":"https:\/\/www.estrategiaconcursos.com.br\/blog\/#\/schema\/logo\/image\/"},"sameAs":["https:\/\/x.com\/EstratConcursos"]},{"@type":"Person","@id":"https:\/\/www.estrategiaconcursos.com.br\/blog\/#\/schema\/person\/cdad40b5818eb228a838461fcd656da7","name":"Coordena\u00e7\u00e3o","image":{"@type":"ImageObject","inLanguage":"pt-BR","@id":"https:\/\/secure.gravatar.com\/avatar\/a413b22da0f5009c634f6c4586a2dbe5207074fd5becd88db5183b8069ef25e4?s=96&d=mm&r=g","url":"https:\/\/secure.gravatar.com\/avatar\/a413b22da0f5009c634f6c4586a2dbe5207074fd5becd88db5183b8069ef25e4?s=96&d=mm&r=g","contentUrl":"https:\/\/secure.gravatar.com\/avatar\/a413b22da0f5009c634f6c4586a2dbe5207074fd5becd88db5183b8069ef25e4?s=96&d=mm&r=g","caption":"Coordena\u00e7\u00e3o"},"url":"https:\/\/www.estrategiaconcursos.com.br\/blog\/author\/contatoestrategiaconcursos-com-br\/"}]}},"_links":{"self":[{"href":"https:\/\/www.estrategiaconcursos.com.br\/blog\/wp-json\/wp\/v2\/posts\/137947","targetHints":{"allow":["GET"]}}],"collection":[{"href":"https:\/\/www.estrategiaconcursos.com.br\/blog\/wp-json\/wp\/v2\/posts"}],"about":[{"href":"https:\/\/www.estrategiaconcursos.com.br\/blog\/wp-json\/wp\/v2\/types\/post"}],"author":[{"embeddable":true,"href":"https:\/\/www.estrategiaconcursos.com.br\/blog\/wp-json\/wp\/v2\/users\/48"}],"replies":[{"embeddable":true,"href":"https:\/\/www.estrategiaconcursos.com.br\/blog\/wp-json\/wp\/v2\/comments?post=137947"}],"version-history":[{"count":12,"href":"https:\/\/www.estrategiaconcursos.com.br\/blog\/wp-json\/wp\/v2\/posts\/137947\/revisions"}],"predecessor-version":[{"id":141188,"href":"https:\/\/www.estrategiaconcursos.com.br\/blog\/wp-json\/wp\/v2\/posts\/137947\/revisions\/141188"}],"wp:attachment":[{"href":"https:\/\/www.estrategiaconcursos.com.br\/blog\/wp-json\/wp\/v2\/media?parent=137947"}],"wp:term":[{"taxonomy":"category","embeddable":true,"href":"https:\/\/www.estrategiaconcursos.com.br\/blog\/wp-json\/wp\/v2\/categories?post=137947"},{"taxonomy":"post_tag","embeddable":true,"href":"https:\/\/www.estrategiaconcursos.com.br\/blog\/wp-json\/wp\/v2\/tags?post=137947"},{"taxonomy":"tax_estado","embeddable":true,"href":"https:\/\/www.estrategiaconcursos.com.br\/blog\/wp-json\/wp\/v2\/tax_estado?post=137947"}],"curies":[{"name":"wp","href":"https:\/\/api.w.org\/{rel}","templated":true}]}}