{"id":137932,"date":"2018-08-27T11:54:20","date_gmt":"2018-08-27T14:54:20","guid":{"rendered":"https:\/\/www.estrategiaconcursos.com.br\/blog\/?p=137932"},"modified":"2018-08-27T12:10:27","modified_gmt":"2018-08-27T15:10:27","slug":"prova-discursiva-do-iphan-comentada-contribuicoes-da-tecnologia-da-informacao-para-a-preservacao-do-patrimonio-imaterial-brasileiro","status":"publish","type":"post","link":"https:\/\/www.estrategiaconcursos.com.br\/blog\/prova-discursiva-do-iphan-comentada-contribuicoes-da-tecnologia-da-informacao-para-a-preservacao-do-patrimonio-imaterial-brasileiro\/","title":{"rendered":"Prova Discursiva do IPHAN comentada: contribui\u00e7\u00f5es da tecnologia da informa\u00e7\u00e3o para a preserva\u00e7\u00e3o do patrim\u00f4nio imaterial brasileiro"},"content":{"rendered":"<p style=\"text-align: justify\"><span style=\"font-size: 14pt;font-family: arial, helvetica, sans-serif\">Estrategianos, tudo bem com voc\u00eas?<\/span><\/p>\n<p style=\"text-align: justify\"><span style=\"font-size: 14pt;font-family: arial, helvetica, sans-serif\">No \u00faltimo domingo (26\/08), foi a vez de nossos alunos realizarem o t\u00e3o aguardado concurso do IPHAN. Espero que os candidatos tenham realizado uma excelente prova objetiva e discursiva.<\/span><\/p>\n<p style=\"text-align: justify\"><span style=\"font-family: arial, helvetica, sans-serif;font-size: 14pt\">No que se refere \u00e0 prova discursiva (reda\u00e7\u00e3o) n\u00e3o houve surpresa. A banca Cespe seguiu o modelo de suas \u00faltimas provas ao indicar os t\u00f3picos exigidos para a tem\u00e1tica solicitada, a saber:\u00a0\u00a0<strong>contribui\u00e7\u00f5es da tecnologia da informa\u00e7\u00e3o para a preserva\u00e7\u00e3o do patrim\u00f4nio imaterial brasileiro<\/strong>. Al\u00e9m disso, disponibilizou dois textos motivadores que contribu\u00edram bastante: o primeiro trouxe a defini\u00e7\u00e3o de bens culturais imateriais e o segundo a rela\u00e7\u00e3o entre cultura popular e sua respectiva rela\u00e7\u00e3o com as tecnologias da informa\u00e7\u00e3o, que auxiliam na divulga\u00e7\u00e3o e na preserva\u00e7\u00e3o do patrim\u00f4nio.<\/span><\/p>\n<p style=\"text-align: justify\"><span style=\"font-family: arial, helvetica, sans-serif;font-size: 14pt\">O aluno astuto, certamente, lembrou do nosso material de discursiva para o IPHAN, uma vez que abordamos as reflex\u00f5es mencionadas nos textos motivadores e os aspectos contidos nos t\u00f3picos exigidos. Trabalhamos a import\u00e2ncia da preserva\u00e7\u00e3o, o conceito de cultura e a educa\u00e7\u00e3o patrimonial. Ademais, os temas propostos para treinamento refor\u00e7aram muitas coisas que o candidato poderia ter utilizado em sua prova.<\/span><\/p>\n<p style=\"text-align: justify\"><span style=\"font-family: arial, helvetica, sans-serif;font-size: 14pt\">O candidato precisava discorrer, obrigatoriamente, cada aspecto exigido, ou seja, era necess\u00e1rio ter tr\u00eas par\u00e1grafos argumentativos, um para cada t\u00f3pico. Outro aspecto importante \u00e9 que o Cespe fez quest\u00e3o de refor\u00e7ar no t\u00edtulo e em cada t\u00f3pico que o candidato deveria <strong>observar a realidade brasileira.<\/strong><\/span><\/p>\n<p style=\"text-align: justify\"><span style=\"font-family: arial, helvetica, sans-serif;font-size: 14pt\">Ent\u00e3o, vamos aos coment\u00e1rios de cada t\u00f3pico! Lembrar que s\u00e3o possibilidades argumentativas, e n\u00e3o um gabarito.<\/span><\/p>\n<p style=\"text-align: justify\"><span style=\"font-family: arial, helvetica, sans-serif;font-size: 14pt\">1\u00ba t\u00f3pico: import\u00e2ncia da preserva\u00e7\u00e3o dos bens imateriais para a sociedade brasileira [8 pontos];<\/span><\/p>\n<p style=\"text-align: justify\"><span style=\"font-family: arial, helvetica, sans-serif\"><em>Em uma sociedade como a brasileira, que vivencia aquilo que \u00e9 denominado &#8220;Sociedade L\u00edquida&#8221;, marcada pela instantaneidade e pela fragmenta\u00e7\u00e3o, esquece-se de bens importantes \u00e0 constitui\u00e7\u00e3o da identidade nacional: os bens simb\u00f3licos, isto \u00e9, os bens culturais sejam eles materiais ou imateriais. Nessa perspetiva, cabe destacar que a preserva\u00e7\u00e3o dos bens imateriais s\u00e3o importantes, pois eles s\u00e3o portadores de conhecimentos, de express\u00e3o cultural de diversos grupos sociais e \u00e9 um elemento de manuten\u00e7\u00e3o da mem\u00f3ria coletiva, bem como do exerc\u00edcio da cidadania.<\/em><\/span><\/p>\n<p style=\"text-align: justify\"><span style=\"font-family: arial, helvetica, sans-serif;font-size: 14pt\">2\u00ba t\u00f3pico: apresente facilidades e problemas desencadeados pelo avan\u00e7o da tecnologia da informa\u00e7\u00e3o no contexto brasileiro [15 pontos];<\/span><\/p>\n<p><span style=\"font-family: arial, helvetica, sans-serif\"><em>Aqui, o candidato precisava abordar, obrigatoriamente, facilidades e problemas mediante ao uso da tecnologia da informa\u00e7\u00e3o.<\/em><\/span><\/p>\n<p style=\"text-align: justify\">A tecnologia da informa\u00e7\u00e3o \u00e9 uma realidade em v\u00e1rias sociedades contempor\u00e2neas, inclusive a brasileira. Ela contribu\u00ed, especificamente, para a democratiza\u00e7\u00e3o dos bens culturais, uma vez que as tecnologias facilitam o acesso \u00e0 informa\u00e7\u00e3o e aproximam o cidad\u00e3o de pr\u00e1ticas culturais encurtando dist\u00e2ncias. Contudo, no Brasil, como refletiu o soci\u00f3logo Gilberto Salgado, h\u00e1 um fosso entre os superletrados em tecnologia daqueles que nem alfabetizados foram, isto \u00e9, nem todos os brasileiros t\u00eam acesso \u00e0s tecnologias ou sabem utiliz\u00e1-las de forma adequada, gerando exclus\u00e3o.<\/p>\n<p style=\"text-align: justify\"><span style=\"font-family: arial, helvetica, sans-serif;font-size: 14pt\">3\u00ba t\u00f3pico: rela\u00e7\u00e3o do patrim\u00f4nio imaterial e as novas tecnologias da informa\u00e7\u00e3o no contexto brasileiro [15 pontos].<\/span><\/p>\n<p style=\"text-align: justify\">Caber ressaltar que a identidade brasileira \u00e9 constitu\u00edda tamb\u00e9m pelo patrim\u00f4nio imaterial, expressado na sua diversidade de cren\u00e7as, modos de ser e nas suas mais variadas linguagens e manifesta\u00e7\u00f5es art\u00edsticas. Nesse sentido, as tecnologias da informa\u00e7\u00e3o como, por exemplo, aplicativos, blogs, redes sociais, podem ajudar na constru\u00e7\u00e3o de uma sociedade mais pural, na qual a diversidade seja respeitada. Al\u00e9m disso, as tecnologias da informa\u00e7\u00e3o podem ser implementadas a fim de fomentar o turismo e o desenvolvimento econ\u00f4mico. Por isso,\u00a0 a import\u00e2ncia da educa\u00e7\u00e3o patrimonial a fim de refor\u00e7ar junto aos cidad\u00e3os a import\u00e2ncia de conhecer seus bens, de preserv\u00e1-los e divulg\u00e1-los.<\/p>\n<p><span style=\"font-size: 14pt;font-family: arial, helvetica, sans-serif\">Bem, pessoal, vou ficando por aqui e qualquer coisa \u00e9 s\u00f3 entrar em contato. Espero ter contribu\u00eddo com voc\u00ea :)<\/span><\/p>\n<p><strong>Contatos:<\/strong><\/p>\n<p>YouTube: Professor Raphael Reis<\/p>\n<p>Instagram: profraphaelreis<\/p>\n<p>Facebook: Professor Raphael Reis<\/p>\n<p><strong>Cursos de Discursivas:<\/strong><\/p>\n<p><a href=\"https:\/\/www.estrategiaconcursos.com.br\/curso\/discursivas-p-cbm-mg-soldado-3-correcoes-por-aluno-pos-edital\/\">CBM-MG<\/a><\/p>\n<p><a href=\"https:\/\/www.estrategiaconcursos.com.br\/curso\/discursivas-p-sead-ap-todos-os-cargos-com-correcao-3-correcoes-por-aluno-pos-edital\/\">SEAD-AP<\/a><\/p>\n<p><a href=\"https:\/\/www.estrategiaconcursos.com.br\/curso\/discursivas-p-pm-sp-soldado-com-correcao-3-correcoes-por-aluno-pos-edital\/\">PM-SP<\/a><\/p>\n<p><a href=\"https:\/\/www.estrategiaconcursos.com.br\/curso\/redacao-p-pc-rr-diversos-cargos-3-correcoes-por-aluno-pos-edital\/\">PC-RR<\/a><\/p>\n<p>&nbsp;<\/p>\n<p>&nbsp;<\/p>\n<p>&nbsp;<\/p>\n<p style=\"text-align: justify\">\n","protected":false},"excerpt":{"rendered":"<p>Estrategianos, tudo bem com voc\u00eas? No \u00faltimo domingo (26\/08), foi a vez de nossos alunos realizarem o t\u00e3o aguardado concurso do IPHAN. Espero que os candidatos tenham realizado uma excelente prova objetiva e discursiva. No que se refere \u00e0 prova discursiva (reda\u00e7\u00e3o) n\u00e3o houve surpresa. A banca Cespe seguiu o modelo de suas \u00faltimas provas [&hellip;]<\/p>\n","protected":false},"author":384,"featured_media":0,"comment_status":"open","ping_status":"closed","sticky":false,"template":"","format":"standard","meta":{"post_tipo":"article","footnotes":""},"categories":[1],"tags":[18391,3789,18393,18390,18392],"tax_estado":[],"class_list":["post-137932","post","type-post","status-publish","format-standard","hentry","category-cursos-e-concursos","tag-concurso-iphan-2018","tag-iphan","tag-patrimonio-cultural-e-tecnologia","tag-prova-discursiva-iphan","tag-redacao-iphan"],"acf":[],"yoast_head":"<!-- This site is optimized with the Yoast SEO Premium plugin v27.2 (Yoast SEO v27.2) - https:\/\/yoast.com\/product\/yoast-seo-premium-wordpress\/ -->\n<title>Prova Discursiva do IPHAN comentada: contribui\u00e7\u00f5es da tecnologia da informa\u00e7\u00e3o para a preserva\u00e7\u00e3o do patrim\u00f4nio imaterial brasileiro<\/title>\n<meta name=\"robots\" content=\"index, follow, max-snippet:-1, max-image-preview:large, max-video-preview:-1\" \/>\n<link rel=\"canonical\" href=\"https:\/\/www.estrategiaconcursos.com.br\/blog\/prova-discursiva-do-iphan-comentada-contribuicoes-da-tecnologia-da-informacao-para-a-preservacao-do-patrimonio-imaterial-brasileiro\/\" \/>\n<meta property=\"og:locale\" content=\"pt_BR\" \/>\n<meta property=\"og:type\" content=\"article\" \/>\n<meta property=\"og:title\" content=\"Prova Discursiva do IPHAN comentada: contribui\u00e7\u00f5es da tecnologia da informa\u00e7\u00e3o para a preserva\u00e7\u00e3o do patrim\u00f4nio imaterial brasileiro\" \/>\n<meta property=\"og:description\" content=\"Estrategianos, tudo bem com voc\u00eas? No \u00faltimo domingo (26\/08), foi a vez de nossos alunos realizarem o t\u00e3o aguardado concurso do IPHAN. Espero que os candidatos tenham realizado uma excelente prova objetiva e discursiva. No que se refere \u00e0 prova discursiva (reda\u00e7\u00e3o) n\u00e3o houve surpresa. A banca Cespe seguiu o modelo de suas \u00faltimas provas [&hellip;]\" \/>\n<meta property=\"og:url\" content=\"https:\/\/www.estrategiaconcursos.com.br\/blog\/prova-discursiva-do-iphan-comentada-contribuicoes-da-tecnologia-da-informacao-para-a-preservacao-do-patrimonio-imaterial-brasileiro\/\" \/>\n<meta property=\"og:site_name\" content=\"Estrat\u00e9gia Concursos\" \/>\n<meta property=\"article:published_time\" content=\"2018-08-27T14:54:20+00:00\" \/>\n<meta property=\"article:modified_time\" content=\"2018-08-27T15:10:27+00:00\" \/>\n<meta name=\"author\" content=\"Raphael de Oliveira Reis\" \/>\n<meta name=\"twitter:card\" content=\"summary_large_image\" \/>\n<meta name=\"twitter:creator\" content=\"@EstratConcursos\" \/>\n<meta name=\"twitter:site\" content=\"@EstratConcursos\" \/>\n<meta name=\"twitter:label1\" content=\"Escrito por\" \/>\n\t<meta name=\"twitter:data1\" content=\"Raphael de Oliveira Reis\" \/>\n\t<meta name=\"twitter:label2\" content=\"Est. tempo de leitura\" \/>\n\t<meta name=\"twitter:data2\" content=\"3 minutos\" \/>\n<script type=\"application\/ld+json\" class=\"yoast-schema-graph\">{\"@context\":\"https:\/\/schema.org\",\"@graph\":[{\"@type\":\"NewsArticle\",\"@id\":\"https:\/\/www.estrategiaconcursos.com.br\/blog\/prova-discursiva-do-iphan-comentada-contribuicoes-da-tecnologia-da-informacao-para-a-preservacao-do-patrimonio-imaterial-brasileiro\/#article\",\"isPartOf\":{\"@id\":\"https:\/\/www.estrategiaconcursos.com.br\/blog\/prova-discursiva-do-iphan-comentada-contribuicoes-da-tecnologia-da-informacao-para-a-preservacao-do-patrimonio-imaterial-brasileiro\/\"},\"author\":{\"name\":\"Raphael de Oliveira Reis\",\"@id\":\"https:\/\/www.estrategiaconcursos.com.br\/blog\/#\/schema\/person\/b49a1a49e5ef8a9f8d3268e74404a911\"},\"headline\":\"Prova Discursiva do IPHAN comentada: contribui\u00e7\u00f5es da tecnologia da informa\u00e7\u00e3o para a preserva\u00e7\u00e3o do patrim\u00f4nio imaterial brasileiro\",\"datePublished\":\"2018-08-27T14:54:20+00:00\",\"dateModified\":\"2018-08-27T15:10:27+00:00\",\"mainEntityOfPage\":{\"@id\":\"https:\/\/www.estrategiaconcursos.com.br\/blog\/prova-discursiva-do-iphan-comentada-contribuicoes-da-tecnologia-da-informacao-para-a-preservacao-do-patrimonio-imaterial-brasileiro\/\"},\"wordCount\":708,\"commentCount\":0,\"publisher\":{\"@id\":\"https:\/\/www.estrategiaconcursos.com.br\/blog\/#organization\"},\"keywords\":[\"concurso IPHAN 2018\",\"IPHAN\",\"patrim\u00f4nio cultural e tecnologia\",\"Prova discursiva IPHAN\",\"Reda\u00e7\u00e3o IPHAN\"],\"articleSection\":[\"Concursos P\u00fablicos\"],\"inLanguage\":\"pt-BR\",\"potentialAction\":[{\"@type\":\"CommentAction\",\"name\":\"Comment\",\"target\":[\"https:\/\/www.estrategiaconcursos.com.br\/blog\/prova-discursiva-do-iphan-comentada-contribuicoes-da-tecnologia-da-informacao-para-a-preservacao-do-patrimonio-imaterial-brasileiro\/#respond\"]}],\"copyrightYear\":\"2018\",\"copyrightHolder\":{\"@id\":\"https:\/\/www.estrategiaconcursos.com.br\/blog\/#organization\"}},{\"@type\":\"WebPage\",\"@id\":\"https:\/\/www.estrategiaconcursos.com.br\/blog\/prova-discursiva-do-iphan-comentada-contribuicoes-da-tecnologia-da-informacao-para-a-preservacao-do-patrimonio-imaterial-brasileiro\/\",\"url\":\"https:\/\/www.estrategiaconcursos.com.br\/blog\/prova-discursiva-do-iphan-comentada-contribuicoes-da-tecnologia-da-informacao-para-a-preservacao-do-patrimonio-imaterial-brasileiro\/\",\"name\":\"Prova Discursiva do IPHAN comentada: contribui\u00e7\u00f5es da tecnologia da informa\u00e7\u00e3o para a preserva\u00e7\u00e3o do patrim\u00f4nio imaterial brasileiro\",\"isPartOf\":{\"@id\":\"https:\/\/www.estrategiaconcursos.com.br\/blog\/#website\"},\"datePublished\":\"2018-08-27T14:54:20+00:00\",\"dateModified\":\"2018-08-27T15:10:27+00:00\",\"breadcrumb\":{\"@id\":\"https:\/\/www.estrategiaconcursos.com.br\/blog\/prova-discursiva-do-iphan-comentada-contribuicoes-da-tecnologia-da-informacao-para-a-preservacao-do-patrimonio-imaterial-brasileiro\/#breadcrumb\"},\"inLanguage\":\"pt-BR\",\"potentialAction\":[{\"@type\":\"ReadAction\",\"target\":[\"https:\/\/www.estrategiaconcursos.com.br\/blog\/prova-discursiva-do-iphan-comentada-contribuicoes-da-tecnologia-da-informacao-para-a-preservacao-do-patrimonio-imaterial-brasileiro\/\"]}]},{\"@type\":\"BreadcrumbList\",\"@id\":\"https:\/\/www.estrategiaconcursos.com.br\/blog\/prova-discursiva-do-iphan-comentada-contribuicoes-da-tecnologia-da-informacao-para-a-preservacao-do-patrimonio-imaterial-brasileiro\/#breadcrumb\",\"itemListElement\":[{\"@type\":\"ListItem\",\"position\":1,\"name\":\"In\u00edcio\",\"item\":\"https:\/\/www.estrategiaconcursos.com.br\/blog\/\"},{\"@type\":\"ListItem\",\"position\":2,\"name\":\"Prova Discursiva do IPHAN comentada: contribui\u00e7\u00f5es da tecnologia da informa\u00e7\u00e3o para a preserva\u00e7\u00e3o do patrim\u00f4nio imaterial brasileiro\"}]},{\"@type\":\"WebSite\",\"@id\":\"https:\/\/www.estrategiaconcursos.com.br\/blog\/#website\",\"url\":\"https:\/\/www.estrategiaconcursos.com.br\/blog\/\",\"name\":\"Estrat\u00e9gia Concursos\",\"description\":\"O blog da Estrat\u00e9gia Concursos traz not\u00edcias sobre concursos e artigos de professores oferecendo cursos para concursos (pdf + videaulas) no site.\",\"publisher\":{\"@id\":\"https:\/\/www.estrategiaconcursos.com.br\/blog\/#organization\"},\"potentialAction\":[{\"@type\":\"SearchAction\",\"target\":{\"@type\":\"EntryPoint\",\"urlTemplate\":\"https:\/\/www.estrategiaconcursos.com.br\/blog\/?s={search_term_string}\"},\"query-input\":{\"@type\":\"PropertyValueSpecification\",\"valueRequired\":true,\"valueName\":\"search_term_string\"}}],\"inLanguage\":\"pt-BR\"},{\"@type\":\"Organization\",\"@id\":\"https:\/\/www.estrategiaconcursos.com.br\/blog\/#organization\",\"name\":\"Estrat\u00e9gia Concursos\",\"url\":\"https:\/\/www.estrategiaconcursos.com.br\/blog\/\",\"logo\":{\"@type\":\"ImageObject\",\"inLanguage\":\"pt-BR\",\"@id\":\"https:\/\/www.estrategiaconcursos.com.br\/blog\/#\/schema\/logo\/image\/\",\"url\":\"https:\/\/dhg1h5j42swfq.cloudfront.net\/2025\/06\/03203428\/logo_concursos-1.jpg\",\"contentUrl\":\"https:\/\/dhg1h5j42swfq.cloudfront.net\/2025\/06\/03203428\/logo_concursos-1.jpg\",\"width\":230,\"height\":60,\"caption\":\"Estrat\u00e9gia Concursos\"},\"image\":{\"@id\":\"https:\/\/www.estrategiaconcursos.com.br\/blog\/#\/schema\/logo\/image\/\"},\"sameAs\":[\"https:\/\/x.com\/EstratConcursos\"]},{\"@type\":\"Person\",\"@id\":\"https:\/\/www.estrategiaconcursos.com.br\/blog\/#\/schema\/person\/b49a1a49e5ef8a9f8d3268e74404a911\",\"name\":\"Raphael de Oliveira Reis\",\"image\":{\"@type\":\"ImageObject\",\"inLanguage\":\"pt-BR\",\"@id\":\"https:\/\/secure.gravatar.com\/avatar\/b1c5789180fc7bfb5103ec006c301370c02393e37aa13c55f6d72f05fcc76b3b?s=96&d=mm&r=g\",\"url\":\"https:\/\/secure.gravatar.com\/avatar\/b1c5789180fc7bfb5103ec006c301370c02393e37aa13c55f6d72f05fcc76b3b?s=96&d=mm&r=g\",\"contentUrl\":\"https:\/\/secure.gravatar.com\/avatar\/b1c5789180fc7bfb5103ec006c301370c02393e37aa13c55f6d72f05fcc76b3b?s=96&d=mm&r=g\",\"caption\":\"Raphael de Oliveira Reis\"},\"url\":\"https:\/\/www.estrategiaconcursos.com.br\/blog\/author\/profraphaelreisgmail-com\/\"}]}<\/script>\n<!-- \/ Yoast SEO Premium plugin. -->","yoast_head_json":{"title":"Prova Discursiva do IPHAN comentada: contribui\u00e7\u00f5es da tecnologia da informa\u00e7\u00e3o para a preserva\u00e7\u00e3o do patrim\u00f4nio imaterial brasileiro","robots":{"index":"index","follow":"follow","max-snippet":"max-snippet:-1","max-image-preview":"max-image-preview:large","max-video-preview":"max-video-preview:-1"},"canonical":"https:\/\/www.estrategiaconcursos.com.br\/blog\/prova-discursiva-do-iphan-comentada-contribuicoes-da-tecnologia-da-informacao-para-a-preservacao-do-patrimonio-imaterial-brasileiro\/","og_locale":"pt_BR","og_type":"article","og_title":"Prova Discursiva do IPHAN comentada: contribui\u00e7\u00f5es da tecnologia da informa\u00e7\u00e3o para a preserva\u00e7\u00e3o do patrim\u00f4nio imaterial brasileiro","og_description":"Estrategianos, tudo bem com voc\u00eas? No \u00faltimo domingo (26\/08), foi a vez de nossos alunos realizarem o t\u00e3o aguardado concurso do IPHAN. Espero que os candidatos tenham realizado uma excelente prova objetiva e discursiva. No que se refere \u00e0 prova discursiva (reda\u00e7\u00e3o) n\u00e3o houve surpresa. A banca Cespe seguiu o modelo de suas \u00faltimas provas [&hellip;]","og_url":"https:\/\/www.estrategiaconcursos.com.br\/blog\/prova-discursiva-do-iphan-comentada-contribuicoes-da-tecnologia-da-informacao-para-a-preservacao-do-patrimonio-imaterial-brasileiro\/","og_site_name":"Estrat\u00e9gia Concursos","article_published_time":"2018-08-27T14:54:20+00:00","article_modified_time":"2018-08-27T15:10:27+00:00","author":"Raphael de Oliveira Reis","twitter_card":"summary_large_image","twitter_creator":"@EstratConcursos","twitter_site":"@EstratConcursos","twitter_misc":{"Escrito por":"Raphael de Oliveira Reis","Est. tempo de leitura":"3 minutos"},"schema":{"@context":"https:\/\/schema.org","@graph":[{"@type":"NewsArticle","@id":"https:\/\/www.estrategiaconcursos.com.br\/blog\/prova-discursiva-do-iphan-comentada-contribuicoes-da-tecnologia-da-informacao-para-a-preservacao-do-patrimonio-imaterial-brasileiro\/#article","isPartOf":{"@id":"https:\/\/www.estrategiaconcursos.com.br\/blog\/prova-discursiva-do-iphan-comentada-contribuicoes-da-tecnologia-da-informacao-para-a-preservacao-do-patrimonio-imaterial-brasileiro\/"},"author":{"name":"Raphael de Oliveira Reis","@id":"https:\/\/www.estrategiaconcursos.com.br\/blog\/#\/schema\/person\/b49a1a49e5ef8a9f8d3268e74404a911"},"headline":"Prova Discursiva do IPHAN comentada: contribui\u00e7\u00f5es da tecnologia da informa\u00e7\u00e3o para a preserva\u00e7\u00e3o do patrim\u00f4nio imaterial brasileiro","datePublished":"2018-08-27T14:54:20+00:00","dateModified":"2018-08-27T15:10:27+00:00","mainEntityOfPage":{"@id":"https:\/\/www.estrategiaconcursos.com.br\/blog\/prova-discursiva-do-iphan-comentada-contribuicoes-da-tecnologia-da-informacao-para-a-preservacao-do-patrimonio-imaterial-brasileiro\/"},"wordCount":708,"commentCount":0,"publisher":{"@id":"https:\/\/www.estrategiaconcursos.com.br\/blog\/#organization"},"keywords":["concurso IPHAN 2018","IPHAN","patrim\u00f4nio cultural e tecnologia","Prova discursiva IPHAN","Reda\u00e7\u00e3o IPHAN"],"articleSection":["Concursos P\u00fablicos"],"inLanguage":"pt-BR","potentialAction":[{"@type":"CommentAction","name":"Comment","target":["https:\/\/www.estrategiaconcursos.com.br\/blog\/prova-discursiva-do-iphan-comentada-contribuicoes-da-tecnologia-da-informacao-para-a-preservacao-do-patrimonio-imaterial-brasileiro\/#respond"]}],"copyrightYear":"2018","copyrightHolder":{"@id":"https:\/\/www.estrategiaconcursos.com.br\/blog\/#organization"}},{"@type":"WebPage","@id":"https:\/\/www.estrategiaconcursos.com.br\/blog\/prova-discursiva-do-iphan-comentada-contribuicoes-da-tecnologia-da-informacao-para-a-preservacao-do-patrimonio-imaterial-brasileiro\/","url":"https:\/\/www.estrategiaconcursos.com.br\/blog\/prova-discursiva-do-iphan-comentada-contribuicoes-da-tecnologia-da-informacao-para-a-preservacao-do-patrimonio-imaterial-brasileiro\/","name":"Prova Discursiva do IPHAN comentada: contribui\u00e7\u00f5es da tecnologia da informa\u00e7\u00e3o para a preserva\u00e7\u00e3o do patrim\u00f4nio imaterial brasileiro","isPartOf":{"@id":"https:\/\/www.estrategiaconcursos.com.br\/blog\/#website"},"datePublished":"2018-08-27T14:54:20+00:00","dateModified":"2018-08-27T15:10:27+00:00","breadcrumb":{"@id":"https:\/\/www.estrategiaconcursos.com.br\/blog\/prova-discursiva-do-iphan-comentada-contribuicoes-da-tecnologia-da-informacao-para-a-preservacao-do-patrimonio-imaterial-brasileiro\/#breadcrumb"},"inLanguage":"pt-BR","potentialAction":[{"@type":"ReadAction","target":["https:\/\/www.estrategiaconcursos.com.br\/blog\/prova-discursiva-do-iphan-comentada-contribuicoes-da-tecnologia-da-informacao-para-a-preservacao-do-patrimonio-imaterial-brasileiro\/"]}]},{"@type":"BreadcrumbList","@id":"https:\/\/www.estrategiaconcursos.com.br\/blog\/prova-discursiva-do-iphan-comentada-contribuicoes-da-tecnologia-da-informacao-para-a-preservacao-do-patrimonio-imaterial-brasileiro\/#breadcrumb","itemListElement":[{"@type":"ListItem","position":1,"name":"In\u00edcio","item":"https:\/\/www.estrategiaconcursos.com.br\/blog\/"},{"@type":"ListItem","position":2,"name":"Prova Discursiva do IPHAN comentada: contribui\u00e7\u00f5es da tecnologia da informa\u00e7\u00e3o para a preserva\u00e7\u00e3o do patrim\u00f4nio imaterial brasileiro"}]},{"@type":"WebSite","@id":"https:\/\/www.estrategiaconcursos.com.br\/blog\/#website","url":"https:\/\/www.estrategiaconcursos.com.br\/blog\/","name":"Estrat\u00e9gia Concursos","description":"O blog da Estrat\u00e9gia Concursos traz not\u00edcias sobre concursos e artigos de professores oferecendo cursos para concursos (pdf + videaulas) no site.","publisher":{"@id":"https:\/\/www.estrategiaconcursos.com.br\/blog\/#organization"},"potentialAction":[{"@type":"SearchAction","target":{"@type":"EntryPoint","urlTemplate":"https:\/\/www.estrategiaconcursos.com.br\/blog\/?s={search_term_string}"},"query-input":{"@type":"PropertyValueSpecification","valueRequired":true,"valueName":"search_term_string"}}],"inLanguage":"pt-BR"},{"@type":"Organization","@id":"https:\/\/www.estrategiaconcursos.com.br\/blog\/#organization","name":"Estrat\u00e9gia Concursos","url":"https:\/\/www.estrategiaconcursos.com.br\/blog\/","logo":{"@type":"ImageObject","inLanguage":"pt-BR","@id":"https:\/\/www.estrategiaconcursos.com.br\/blog\/#\/schema\/logo\/image\/","url":"https:\/\/dhg1h5j42swfq.cloudfront.net\/2025\/06\/03203428\/logo_concursos-1.jpg","contentUrl":"https:\/\/dhg1h5j42swfq.cloudfront.net\/2025\/06\/03203428\/logo_concursos-1.jpg","width":230,"height":60,"caption":"Estrat\u00e9gia Concursos"},"image":{"@id":"https:\/\/www.estrategiaconcursos.com.br\/blog\/#\/schema\/logo\/image\/"},"sameAs":["https:\/\/x.com\/EstratConcursos"]},{"@type":"Person","@id":"https:\/\/www.estrategiaconcursos.com.br\/blog\/#\/schema\/person\/b49a1a49e5ef8a9f8d3268e74404a911","name":"Raphael de Oliveira Reis","image":{"@type":"ImageObject","inLanguage":"pt-BR","@id":"https:\/\/secure.gravatar.com\/avatar\/b1c5789180fc7bfb5103ec006c301370c02393e37aa13c55f6d72f05fcc76b3b?s=96&d=mm&r=g","url":"https:\/\/secure.gravatar.com\/avatar\/b1c5789180fc7bfb5103ec006c301370c02393e37aa13c55f6d72f05fcc76b3b?s=96&d=mm&r=g","contentUrl":"https:\/\/secure.gravatar.com\/avatar\/b1c5789180fc7bfb5103ec006c301370c02393e37aa13c55f6d72f05fcc76b3b?s=96&d=mm&r=g","caption":"Raphael de Oliveira Reis"},"url":"https:\/\/www.estrategiaconcursos.com.br\/blog\/author\/profraphaelreisgmail-com\/"}]}},"_links":{"self":[{"href":"https:\/\/www.estrategiaconcursos.com.br\/blog\/wp-json\/wp\/v2\/posts\/137932","targetHints":{"allow":["GET"]}}],"collection":[{"href":"https:\/\/www.estrategiaconcursos.com.br\/blog\/wp-json\/wp\/v2\/posts"}],"about":[{"href":"https:\/\/www.estrategiaconcursos.com.br\/blog\/wp-json\/wp\/v2\/types\/post"}],"author":[{"embeddable":true,"href":"https:\/\/www.estrategiaconcursos.com.br\/blog\/wp-json\/wp\/v2\/users\/384"}],"replies":[{"embeddable":true,"href":"https:\/\/www.estrategiaconcursos.com.br\/blog\/wp-json\/wp\/v2\/comments?post=137932"}],"version-history":[{"count":4,"href":"https:\/\/www.estrategiaconcursos.com.br\/blog\/wp-json\/wp\/v2\/posts\/137932\/revisions"}],"predecessor-version":[{"id":137953,"href":"https:\/\/www.estrategiaconcursos.com.br\/blog\/wp-json\/wp\/v2\/posts\/137932\/revisions\/137953"}],"wp:attachment":[{"href":"https:\/\/www.estrategiaconcursos.com.br\/blog\/wp-json\/wp\/v2\/media?parent=137932"}],"wp:term":[{"taxonomy":"category","embeddable":true,"href":"https:\/\/www.estrategiaconcursos.com.br\/blog\/wp-json\/wp\/v2\/categories?post=137932"},{"taxonomy":"post_tag","embeddable":true,"href":"https:\/\/www.estrategiaconcursos.com.br\/blog\/wp-json\/wp\/v2\/tags?post=137932"},{"taxonomy":"tax_estado","embeddable":true,"href":"https:\/\/www.estrategiaconcursos.com.br\/blog\/wp-json\/wp\/v2\/tax_estado?post=137932"}],"curies":[{"name":"wp","href":"https:\/\/api.w.org\/{rel}","templated":true}]}}