{"id":1378816,"date":"2024-04-03T19:46:18","date_gmt":"2024-04-03T22:46:18","guid":{"rendered":"https:\/\/www.estrategiaconcursos.com.br\/blog\/?p=1378816"},"modified":"2024-04-04T11:15:04","modified_gmt":"2024-04-04T14:15:04","slug":"concurso-joinville-provas","status":"publish","type":"post","link":"https:\/\/www.estrategiaconcursos.com.br\/blog\/concurso-joinville-provas\/","title":{"rendered":"Saiba mais sobre as provas do concurso Joinville!"},"content":{"rendered":"\n<p>Depois de 10 anos, a <strong><a href=\"https:\/\/www.estrategiaconcursos.com.br\/cursosPorConcurso\/prefeitura-municipal-de-joinville-sc\/\" target=\"_blank\" rel=\"noreferrer noopener\">Prefeitura de Joinville<\/a><\/strong>, em Santa Catarina, finalmente est\u00e1 com edital na pra\u00e7a! Por isso, que tal conhecer as provas do concurso e se garantir com iniciais de at\u00e9 R$ 19 mil?<\/p>\n\n\n\n<p>Para isso, \u00e9 necess\u00e1rio conferir todo este artigo, que, inclusive, tem o objetivo de te deixar informado de tudo sobre as provas da grande disputa, respons\u00e1vel pelo preenchimento de 223 vagas.<\/p>\n\n\n\n<p>Quer saber mais sobre? Ent\u00e3o, n\u00e3o deixe de conferir!<\/p>\n\n\n\n<figure class=\"wp-block-image aligncenter size-full is-resized\"><img decoding=\"async\" src=\"https:\/\/www.rvempreendimentos.com.br\/wp-content\/uploads\/2021\/09\/entrada-de-joinville.jpg\" alt=\"Saiba mais sobre as provas do concurso Joinville!\" class=\"wp-image-7219\" style=\"width:755px;height:auto\"\/><figcaption class=\"wp-element-caption\">Saiba mais sobre as provas do concurso Joinville! | Reprodu\u00e7\u00e3o: internet<\/figcaption><\/figure>\n\n\n\n<p>Sob organiza\u00e7\u00e3o do <strong>IBADE<\/strong>, as provas possuem tr\u00eas tipos, sendo a principal a prova objetiva, que ser\u00e1 aplicada para todos os cargos contemplados em novo edital.<\/p>\n\n\n\n<p>Nesse sentido, confira os detalhes abaixo:<\/p>\n\n\n\n<ul class=\"wp-block-list\">\n<li><strong>Prova objetiva<\/strong>, para todos os cargos, de car\u00e1ter classificat\u00f3rio e eliminat\u00f3rio;<\/li>\n\n\n\n<li><strong>Prova discursiva<\/strong>, para os cargos de n\u00edveis m\u00e9dio, t\u00e9cnico e superior, de car\u00e1ter classificat\u00f3rio e eliminat\u00f3rio;<\/li>\n\n\n\n<li><strong>Prova de t\u00edtulos<\/strong>, somente parta cargos de n\u00edvel superior, de car\u00e1ter classificat\u00f3rio.<\/li>\n<\/ul>\n\n\n\n<h3 class=\"wp-block-heading\" id=\"objetiva\">Prova objetiva<\/h3>\n\n\n\n<p>A prova objetiva, de car\u00e1ter classificat\u00f3rio e eliminat\u00f3rio, dever\u00e1 ser realizado em <strong>4 horas<\/strong> e ser\u00e1 composta por quest\u00f5es de m\u00faltipla escolha.<\/p>\n\n\n\n<p>O candidato que n\u00e3o obtiver, pelo menos, 60% dos pontos desta etapa ser\u00e1 eliminado do concurso.<\/p>\n\n\n\n<figure class=\"wp-block-image aligncenter size-full is-resized\"><img loading=\"lazy\" decoding=\"async\" width=\"546\" height=\"764\" src=\"https:\/\/dhg1h5j42swfq.cloudfront.net\/2024\/03\/11214659\/image-263.png\" alt=\"detalhes da prova objetiva do concurso Joinville SC\" class=\"wp-image-1367128\" style=\"width:830px;height:auto\" srcset=\"https:\/\/dhg1h5j42swfq.cloudfront.net\/2024\/03\/11214659\/image-263.png 546w, https:\/\/dhg1h5j42swfq.cloudfront.net\/2024\/03\/11214659\/image-263-214x300.png 214w, https:\/\/dhg1h5j42swfq.cloudfront.net\/2024\/03\/11214659\/image-263-150x210.png 150w\" sizes=\"auto, (max-width: 546px) 100vw, 546px\" \/><\/figure>\n\n\n\n<figure class=\"wp-block-image aligncenter size-full is-resized\"><img loading=\"lazy\" decoding=\"async\" width=\"488\" height=\"129\" src=\"https:\/\/dhg1h5j42swfq.cloudfront.net\/2024\/03\/11214725\/image-264.png\" alt=\"detalhes da prova objetiva do concurso Joinville SC\" class=\"wp-image-1367129\" style=\"width:757px;height:auto\" srcset=\"https:\/\/dhg1h5j42swfq.cloudfront.net\/2024\/03\/11214725\/image-264.png 488w, https:\/\/dhg1h5j42swfq.cloudfront.net\/2024\/03\/11214725\/image-264-300x79.png 300w, https:\/\/dhg1h5j42swfq.cloudfront.net\/2024\/03\/11214725\/image-264-150x40.png 150w\" sizes=\"auto, (max-width: 488px) 100vw, 488px\" \/><\/figure>\n\n\n\n<h3 class=\"wp-block-heading\" id=\"discursiva\">Prova discursiva<\/h3>\n\n\n\n<p>A prova discursiva ser\u00e1 realizada no mesmo dia e hora da prova objetiva, sendo <strong>4 horas<\/strong> para a aplica\u00e7\u00e3o das duas. <\/p>\n\n\n\n<p>O exame consistir\u00e1 em uma reda\u00e7\u00e3o de um texto dissertativo, de at\u00e9 30 linhas, valendo 10 pontos e abrangendo assuntos do conte\u00fado program\u00e1tico do cargo desejado. Veja a tabela abaixo:<\/p>\n\n\n\n<figure class=\"wp-block-image aligncenter size-full is-resized\"><img loading=\"lazy\" decoding=\"async\" width=\"539\" height=\"175\" src=\"https:\/\/dhg1h5j42swfq.cloudfront.net\/2024\/03\/11214918\/image-265.png\" alt=\"Crit\u00e9rios de avalia\u00e7\u00e3o na prova discursiva do certame\" class=\"wp-image-1367131\" style=\"width:792px;height:auto\" srcset=\"https:\/\/dhg1h5j42swfq.cloudfront.net\/2024\/03\/11214918\/image-265.png 539w, https:\/\/dhg1h5j42swfq.cloudfront.net\/2024\/03\/11214918\/image-265-300x97.png 300w, https:\/\/dhg1h5j42swfq.cloudfront.net\/2024\/03\/11214918\/image-265-150x49.png 150w\" sizes=\"auto, (max-width: 539px) 100vw, 539px\" \/><\/figure>\n\n\n\n<h3 class=\"wp-block-heading\" id=\"titulos\">Prova de t\u00edtulos<\/h3>\n\n\n\n<p>A prova de t\u00edtulos visa avaliar as titula\u00e7\u00f5es de cada candidato a partir da tabela abaixo, meramente para fins classificat\u00f3rios:<\/p>\n\n\n\n<figure class=\"wp-block-image aligncenter size-full is-resized\"><img loading=\"lazy\" decoding=\"async\" width=\"540\" height=\"175\" src=\"https:\/\/dhg1h5j42swfq.cloudfront.net\/2024\/03\/11215107\/image-266.png\" alt=\"Tabela de atribui\u00e7\u00e3o de pontos na avalia\u00e7\u00e3o de t\u00edtulos\" class=\"wp-image-1367132\" style=\"width:790px;height:auto\" srcset=\"https:\/\/dhg1h5j42swfq.cloudfront.net\/2024\/03\/11215107\/image-266.png 540w, https:\/\/dhg1h5j42swfq.cloudfront.net\/2024\/03\/11215107\/image-266-300x97.png 300w, https:\/\/dhg1h5j42swfq.cloudfront.net\/2024\/03\/11215107\/image-266-150x49.png 150w\" sizes=\"auto, (max-width: 540px) 100vw, 540px\" \/><\/figure>\n\n\n\n<h2 class=\"wp-block-heading\" id=\"h-inscreva-se-para-iniciais-de-ate-r-19-mil\">Inscreva-se para iniciais de at\u00e9 R$ 19 mil!<\/h2>\n\n\n\n<p>Com apenas um dia de inscri\u00e7\u00e3o, j\u00e1 foi divulgado um quantitativo pr\u00e9vio de inscritos no <strong>concurso<\/strong> da Prefeitura de <strong>Joinville<\/strong>, munic\u00edpio de Santa Catarina. At\u00e9 o momento, s\u00e3o cerca de <strong>5,6 mil pessoas<\/strong> j\u00e1 garantidas no certame.<\/p>\n\n\n\n<p>Para ser efetivamente confirmada, o candidato deve efetuar o pagamento da taxa, cujo valor varia conforme o n\u00edvel do cargo desejado. Veja:<\/p>\n\n\n\n<ul class=\"wp-block-list\">\n<li><strong>R$ 38,00<\/strong>, para n\u00edvel fundamental;<\/li>\n\n\n\n<li><strong>R$ 75,00<\/strong>, para n\u00edvel m\u00e9dio; <\/li>\n\n\n\n<li><strong>R$ 88,00<\/strong>, para n\u00edvel t\u00e9cnico; e <\/li>\n\n\n\n<li><strong>R$ 100,00<\/strong>, para n\u00edvel superior.<\/li>\n<\/ul>\n\n\n\n<p>Aos interessados na sele\u00e7\u00e3o, todo o procedimento deve ser realizado at\u00e9 o dia <strong>11 de abril<\/strong>, atrav\u00e9s do site da banca, o <a href=\"https:\/\/portal.ibade.selecao.site\/edital\/ver\/76\" target=\"_blank\" rel=\"noreferrer noopener\">Ibade<\/a>.<\/p>\n\n\n\n<p class=\"has-text-align-center\"><em>Quer saber mais sobre o concurso da Prefeitura de Joinville, al\u00e9m das provas? Ent\u00e3o, confira o nosso artigo abaixo:<\/em><\/p>\n\n\n\n<p class=\"has-text-align-center has-cyan-bluish-gray-background-color has-background\" style=\"font-size:clamp(14.642px, 0.915rem + ((1vw - 3.2px) * 0.721), 22px);\"><a href=\"https:\/\/www.estrategiaconcursos.com.br\/blog\/concurso-prefeitura-joinville\/\" target=\"_blank\" rel=\"noreferrer noopener\"><strong>Mais informa\u00e7\u00f5es sobre o concurso Joinville<\/strong><\/a><\/p>\n\n\n\n<hr class=\"wp-block-separator has-alpha-channel-opacity\"\/>\n\n\n\n<h2 class=\"wp-block-heading has-text-align-center\" id=\"cursos\"><em>Quer estudar para o concurso Prefeitura de Joinville?<\/em><\/h2>\n\n\n\n<div class=\"container\" id=\"boxes\">\n  <div class=\"row\">\n\n    <div class=\"col-sm\">\n      <div class=\"banner-estrategia\" id=\"box-assinatura\">\n        <h3 class=\"titulo-assinatura\">Cursos para Pref. Joinville<\/h3>\n        <p class=\"subtitulo-assinatura\">Conhe\u00e7a os cursos<\/p>\n        <div class=\"box-botao\">\n          <a class=\"btn-assinatura\" target=\"_blank\" href=\"https:\/\/www.estrategiaconcursos.com.br\/cursosPorConcurso\/prefeitura-municipal-de-joinville-sc\/\" role=\"button\" rel=\"noopener noreferrer\">Conhe\u00e7a mais<\/a>\n        <\/div>\n      <\/div>\n     \n    <\/div>\n\n  <\/div>\n<\/div>\n\n\n\n<div class=\"container\" id=\"boxes\">\r\n  <div class=\"row\">\r\n\r\n    <div class=\"col-sm\">\r\n      <div class=\"estrategia\" id=\"box-assinatura\">\r\n        <h3 class=\"titulo-assinatura\">Assinatura Concursos<\/h3>\r\n        <p class=\"subtitulo-assinatura\">Assinatura de 1 ano ou 2 anos<\/p>\r\n        <div class=\"box-botao\">\r\n          <a class=\"btn-assinatura\" target=\"_blank\" href=\"https:\/\/www.estrategiaconcursos.com.br\/assinaturas\/\" role=\"button\" rel=\"noopener noreferrer\">ASSINE AGORA<\/a>\r\n        <\/div>\r\n      <\/div><\/div><\/div><\/div>\n\n\n\n<h2 class=\"wp-block-heading has-text-align-center\" id=\"h-quer-saber-tudo-sobre-concursos-previstos-confira-os-nossos-artigos\">Quer saber tudo sobre concursos previstos?<br \/>Confira os nossos artigos!<\/h2>\n\n\n\n<ul class=\"wp-block-list\">\n<li><a href=\"https:\/\/www.estrategiaconcursos.com.br\/blog\/concursos-abertos\/\" target=\"_blank\" rel=\"noreferrer noopener\">Concursos Abertos<\/a><\/li>\n\n\n\n<li><a href=\"https:\/\/www.estrategiaconcursos.com.br\/blog\/concursos-prefeituras\/\">Concursos Prefeituras<\/a><\/li>\n\n\n\n<li><a href=\"https:\/\/www.estrategiaconcursos.com.br\/blog\/concursos-2024\/\" target=\"_blank\" rel=\"noreferrer noopener\">Concursos 2024<\/a><\/li>\n<\/ul>\n","protected":false},"excerpt":{"rendered":"<p>Depois de 10 anos, a Prefeitura de Joinville, em Santa Catarina, finalmente est\u00e1 com edital na pra\u00e7a! Por isso, que tal conhecer as provas do concurso e se garantir com iniciais de at\u00e9 R$ 19 mil? Para isso, \u00e9 necess\u00e1rio conferir todo este artigo, que, inclusive, tem o objetivo de te deixar informado de tudo [&hellip;]<\/p>\n","protected":false},"author":2692,"featured_media":1306250,"comment_status":"open","ping_status":"closed","sticky":false,"template":"","format":"standard","meta":{"post_tipo":"news","footnotes":""},"categories":[214992,220219],"tags":[],"tax_estado":[219987],"class_list":["post-1378816","post","type-post","status-publish","format-standard","has-post-thumbnail","hentry","category-concursos-administrativos","category-noticias","tax_estado-sc"],"acf":[],"yoast_head":"<!-- This site is optimized with the Yoast SEO Premium plugin v27.2 (Yoast SEO v27.2) - https:\/\/yoast.com\/product\/yoast-seo-premium-wordpress\/ -->\n<title>Saiba mais sobre as provas do concurso Joinville!<\/title>\n<meta name=\"description\" content=\"Com mais de 203 vagas, o concurso Joinville ter\u00e1 sua etapa de provas aplicada no dia 28 de abril. Saiba mais sobre!\" \/>\n<meta name=\"robots\" content=\"index, follow, max-snippet:-1, max-image-preview:large, max-video-preview:-1\" \/>\n<link rel=\"canonical\" href=\"https:\/\/www.estrategiaconcursos.com.br\/blog\/concurso-joinville-provas\/\" \/>\n<meta property=\"og:locale\" content=\"pt_BR\" \/>\n<meta property=\"og:type\" content=\"article\" \/>\n<meta property=\"og:title\" content=\"Saiba mais sobre as provas do concurso Joinville!\" \/>\n<meta property=\"og:description\" content=\"Com mais de 203 vagas, o concurso Joinville ter\u00e1 sua etapa de provas aplicada no dia 28 de abril. Saiba mais sobre!\" \/>\n<meta property=\"og:url\" content=\"https:\/\/www.estrategiaconcursos.com.br\/blog\/concurso-joinville-provas\/\" \/>\n<meta property=\"og:site_name\" content=\"Estrat\u00e9gia Concursos\" \/>\n<meta property=\"article:published_time\" content=\"2024-04-03T22:46:18+00:00\" \/>\n<meta property=\"article:modified_time\" content=\"2024-04-04T14:15:04+00:00\" \/>\n<meta property=\"og:image\" content=\"https:\/\/dhg1h5j42swfq.cloudfront.net\/2019\/09\/13173756\/prefeitura-de-joinville-sc.jpg\" \/>\n\t<meta property=\"og:image:width\" content=\"768\" \/>\n\t<meta property=\"og:image:height\" content=\"432\" \/>\n\t<meta property=\"og:image:type\" content=\"image\/jpeg\" \/>\n<meta name=\"author\" content=\"Ronaldo Scanavini Neto\" \/>\n<meta name=\"twitter:card\" content=\"summary_large_image\" \/>\n<meta name=\"twitter:creator\" content=\"@EstratConcursos\" \/>\n<meta name=\"twitter:site\" content=\"@EstratConcursos\" \/>\n<meta name=\"twitter:label1\" content=\"Escrito por\" \/>\n\t<meta name=\"twitter:data1\" content=\"Ronaldo Scanavini Neto\" \/>\n\t<meta name=\"twitter:label2\" content=\"Est. tempo de leitura\" \/>\n\t<meta name=\"twitter:data2\" content=\"2 minutos\" \/>\n<script type=\"application\/ld+json\" class=\"yoast-schema-graph\">{\"@context\":\"https:\/\/schema.org\",\"@graph\":[{\"@type\":\"NewsArticle\",\"@id\":\"https:\/\/www.estrategiaconcursos.com.br\/blog\/concurso-joinville-provas\/#article\",\"isPartOf\":{\"@id\":\"https:\/\/www.estrategiaconcursos.com.br\/blog\/concurso-joinville-provas\/\"},\"author\":{\"name\":\"Ronaldo Scanavini Neto\",\"@id\":\"https:\/\/www.estrategiaconcursos.com.br\/blog\/#\/schema\/person\/70c2ad4297aa24ff8815b08215b23a76\"},\"headline\":\"Saiba mais sobre as provas do concurso Joinville!\",\"datePublished\":\"2024-04-03T22:46:18+00:00\",\"dateModified\":\"2024-04-04T14:15:04+00:00\",\"mainEntityOfPage\":{\"@id\":\"https:\/\/www.estrategiaconcursos.com.br\/blog\/concurso-joinville-provas\/\"},\"wordCount\":495,\"commentCount\":0,\"publisher\":{\"@id\":\"https:\/\/www.estrategiaconcursos.com.br\/blog\/#organization\"},\"image\":{\"@id\":\"https:\/\/www.estrategiaconcursos.com.br\/blog\/concurso-joinville-provas\/#primaryimage\"},\"thumbnailUrl\":\"https:\/\/dhg1h5j42swfq.cloudfront.net\/2019\/09\/13173756\/prefeitura-de-joinville-sc.jpg\",\"articleSection\":[\"Executivo (Administrativa)\",\"\u00daltimas not\u00edcias\"],\"inLanguage\":\"pt-BR\",\"potentialAction\":[{\"@type\":\"CommentAction\",\"name\":\"Comment\",\"target\":[\"https:\/\/www.estrategiaconcursos.com.br\/blog\/concurso-joinville-provas\/#respond\"]}],\"copyrightYear\":\"2024\",\"copyrightHolder\":{\"@id\":\"https:\/\/www.estrategiaconcursos.com.br\/blog\/#organization\"}},{\"@type\":\"WebPage\",\"@id\":\"https:\/\/www.estrategiaconcursos.com.br\/blog\/concurso-joinville-provas\/\",\"url\":\"https:\/\/www.estrategiaconcursos.com.br\/blog\/concurso-joinville-provas\/\",\"name\":\"Saiba mais sobre as provas do concurso Joinville!\",\"isPartOf\":{\"@id\":\"https:\/\/www.estrategiaconcursos.com.br\/blog\/#website\"},\"primaryImageOfPage\":{\"@id\":\"https:\/\/www.estrategiaconcursos.com.br\/blog\/concurso-joinville-provas\/#primaryimage\"},\"image\":{\"@id\":\"https:\/\/www.estrategiaconcursos.com.br\/blog\/concurso-joinville-provas\/#primaryimage\"},\"thumbnailUrl\":\"https:\/\/dhg1h5j42swfq.cloudfront.net\/2019\/09\/13173756\/prefeitura-de-joinville-sc.jpg\",\"datePublished\":\"2024-04-03T22:46:18+00:00\",\"dateModified\":\"2024-04-04T14:15:04+00:00\",\"description\":\"Com mais de 203 vagas, o concurso Joinville ter\u00e1 sua etapa de provas aplicada no dia 28 de abril. Saiba mais sobre!\",\"breadcrumb\":{\"@id\":\"https:\/\/www.estrategiaconcursos.com.br\/blog\/concurso-joinville-provas\/#breadcrumb\"},\"inLanguage\":\"pt-BR\",\"potentialAction\":[{\"@type\":\"ReadAction\",\"target\":[\"https:\/\/www.estrategiaconcursos.com.br\/blog\/concurso-joinville-provas\/\"]}]},{\"@type\":\"ImageObject\",\"inLanguage\":\"pt-BR\",\"@id\":\"https:\/\/www.estrategiaconcursos.com.br\/blog\/concurso-joinville-provas\/#primaryimage\",\"url\":\"https:\/\/dhg1h5j42swfq.cloudfront.net\/2019\/09\/13173756\/prefeitura-de-joinville-sc.jpg\",\"contentUrl\":\"https:\/\/dhg1h5j42swfq.cloudfront.net\/2019\/09\/13173756\/prefeitura-de-joinville-sc.jpg\",\"width\":768,\"height\":432},{\"@type\":\"BreadcrumbList\",\"@id\":\"https:\/\/www.estrategiaconcursos.com.br\/blog\/concurso-joinville-provas\/#breadcrumb\",\"itemListElement\":[{\"@type\":\"ListItem\",\"position\":1,\"name\":\"In\u00edcio\",\"item\":\"https:\/\/www.estrategiaconcursos.com.br\/blog\/\"},{\"@type\":\"ListItem\",\"position\":2,\"name\":\"Saiba mais sobre as provas do concurso Joinville!\"}]},{\"@type\":\"WebSite\",\"@id\":\"https:\/\/www.estrategiaconcursos.com.br\/blog\/#website\",\"url\":\"https:\/\/www.estrategiaconcursos.com.br\/blog\/\",\"name\":\"Estrat\u00e9gia Concursos\",\"description\":\"O blog da Estrat\u00e9gia Concursos traz not\u00edcias sobre concursos e artigos de professores oferecendo cursos para concursos (pdf + videaulas) no site.\",\"publisher\":{\"@id\":\"https:\/\/www.estrategiaconcursos.com.br\/blog\/#organization\"},\"potentialAction\":[{\"@type\":\"SearchAction\",\"target\":{\"@type\":\"EntryPoint\",\"urlTemplate\":\"https:\/\/www.estrategiaconcursos.com.br\/blog\/?s={search_term_string}\"},\"query-input\":{\"@type\":\"PropertyValueSpecification\",\"valueRequired\":true,\"valueName\":\"search_term_string\"}}],\"inLanguage\":\"pt-BR\"},{\"@type\":\"Organization\",\"@id\":\"https:\/\/www.estrategiaconcursos.com.br\/blog\/#organization\",\"name\":\"Estrat\u00e9gia Concursos\",\"url\":\"https:\/\/www.estrategiaconcursos.com.br\/blog\/\",\"logo\":{\"@type\":\"ImageObject\",\"inLanguage\":\"pt-BR\",\"@id\":\"https:\/\/www.estrategiaconcursos.com.br\/blog\/#\/schema\/logo\/image\/\",\"url\":\"https:\/\/dhg1h5j42swfq.cloudfront.net\/2025\/06\/03203428\/logo_concursos-1.jpg\",\"contentUrl\":\"https:\/\/dhg1h5j42swfq.cloudfront.net\/2025\/06\/03203428\/logo_concursos-1.jpg\",\"width\":230,\"height\":60,\"caption\":\"Estrat\u00e9gia Concursos\"},\"image\":{\"@id\":\"https:\/\/www.estrategiaconcursos.com.br\/blog\/#\/schema\/logo\/image\/\"},\"sameAs\":[\"https:\/\/x.com\/EstratConcursos\"]},{\"@type\":\"Person\",\"@id\":\"https:\/\/www.estrategiaconcursos.com.br\/blog\/#\/schema\/person\/70c2ad4297aa24ff8815b08215b23a76\",\"name\":\"Ronaldo Scanavini Neto\",\"image\":{\"@type\":\"ImageObject\",\"inLanguage\":\"pt-BR\",\"@id\":\"https:\/\/secure.gravatar.com\/avatar\/f93d8e56fe264596e94aee6b3feb737d98ad0fc5bac7eb0a245f04723c5c8f21?s=96&d=mm&r=g\",\"url\":\"https:\/\/secure.gravatar.com\/avatar\/f93d8e56fe264596e94aee6b3feb737d98ad0fc5bac7eb0a245f04723c5c8f21?s=96&d=mm&r=g\",\"contentUrl\":\"https:\/\/secure.gravatar.com\/avatar\/f93d8e56fe264596e94aee6b3feb737d98ad0fc5bac7eb0a245f04723c5c8f21?s=96&d=mm&r=g\",\"caption\":\"Ronaldo Scanavini Neto\"},\"description\":\"Graduando em Comunica\u00e7\u00e3o Social \u2013 Jornalismo pela Universidade Federal de Vi\u00e7osa (UFV). Integra a equipe de jornalismo do Estrat\u00e9gia Concursos desde 2023, atuando com \u00eanfase na cobertura da \u00e1rea fiscal. Tamb\u00e9m realiza a apura\u00e7\u00e3o e produ\u00e7\u00e3o de not\u00edcias sobre concursos federais, \u00f3rg\u00e3os participantes do CNU e das \u00e1reas de controle, gest\u00e3o, engenharia, Exame CFC, comunica\u00e7\u00e3o social TI e \u00e1rea de concursos administrativos.\",\"url\":\"https:\/\/www.estrategiaconcursos.com.br\/blog\/author\/ronaldo-netoestrategia-com\/\"}]}<\/script>\n<!-- \/ Yoast SEO Premium plugin. -->","yoast_head_json":{"title":"Saiba mais sobre as provas do concurso Joinville!","description":"Com mais de 203 vagas, o concurso Joinville ter\u00e1 sua etapa de provas aplicada no dia 28 de abril. Saiba mais sobre!","robots":{"index":"index","follow":"follow","max-snippet":"max-snippet:-1","max-image-preview":"max-image-preview:large","max-video-preview":"max-video-preview:-1"},"canonical":"https:\/\/www.estrategiaconcursos.com.br\/blog\/concurso-joinville-provas\/","og_locale":"pt_BR","og_type":"article","og_title":"Saiba mais sobre as provas do concurso Joinville!","og_description":"Com mais de 203 vagas, o concurso Joinville ter\u00e1 sua etapa de provas aplicada no dia 28 de abril. Saiba mais sobre!","og_url":"https:\/\/www.estrategiaconcursos.com.br\/blog\/concurso-joinville-provas\/","og_site_name":"Estrat\u00e9gia Concursos","article_published_time":"2024-04-03T22:46:18+00:00","article_modified_time":"2024-04-04T14:15:04+00:00","og_image":[{"width":768,"height":432,"url":"https:\/\/dhg1h5j42swfq.cloudfront.net\/2019\/09\/13173756\/prefeitura-de-joinville-sc.jpg","type":"image\/jpeg"}],"author":"Ronaldo Scanavini Neto","twitter_card":"summary_large_image","twitter_creator":"@EstratConcursos","twitter_site":"@EstratConcursos","twitter_misc":{"Escrito por":"Ronaldo Scanavini Neto","Est. tempo de leitura":"2 minutos"},"schema":{"@context":"https:\/\/schema.org","@graph":[{"@type":"NewsArticle","@id":"https:\/\/www.estrategiaconcursos.com.br\/blog\/concurso-joinville-provas\/#article","isPartOf":{"@id":"https:\/\/www.estrategiaconcursos.com.br\/blog\/concurso-joinville-provas\/"},"author":{"name":"Ronaldo Scanavini Neto","@id":"https:\/\/www.estrategiaconcursos.com.br\/blog\/#\/schema\/person\/70c2ad4297aa24ff8815b08215b23a76"},"headline":"Saiba mais sobre as provas do concurso Joinville!","datePublished":"2024-04-03T22:46:18+00:00","dateModified":"2024-04-04T14:15:04+00:00","mainEntityOfPage":{"@id":"https:\/\/www.estrategiaconcursos.com.br\/blog\/concurso-joinville-provas\/"},"wordCount":495,"commentCount":0,"publisher":{"@id":"https:\/\/www.estrategiaconcursos.com.br\/blog\/#organization"},"image":{"@id":"https:\/\/www.estrategiaconcursos.com.br\/blog\/concurso-joinville-provas\/#primaryimage"},"thumbnailUrl":"https:\/\/dhg1h5j42swfq.cloudfront.net\/2019\/09\/13173756\/prefeitura-de-joinville-sc.jpg","articleSection":["Executivo (Administrativa)","\u00daltimas not\u00edcias"],"inLanguage":"pt-BR","potentialAction":[{"@type":"CommentAction","name":"Comment","target":["https:\/\/www.estrategiaconcursos.com.br\/blog\/concurso-joinville-provas\/#respond"]}],"copyrightYear":"2024","copyrightHolder":{"@id":"https:\/\/www.estrategiaconcursos.com.br\/blog\/#organization"}},{"@type":"WebPage","@id":"https:\/\/www.estrategiaconcursos.com.br\/blog\/concurso-joinville-provas\/","url":"https:\/\/www.estrategiaconcursos.com.br\/blog\/concurso-joinville-provas\/","name":"Saiba mais sobre as provas do concurso Joinville!","isPartOf":{"@id":"https:\/\/www.estrategiaconcursos.com.br\/blog\/#website"},"primaryImageOfPage":{"@id":"https:\/\/www.estrategiaconcursos.com.br\/blog\/concurso-joinville-provas\/#primaryimage"},"image":{"@id":"https:\/\/www.estrategiaconcursos.com.br\/blog\/concurso-joinville-provas\/#primaryimage"},"thumbnailUrl":"https:\/\/dhg1h5j42swfq.cloudfront.net\/2019\/09\/13173756\/prefeitura-de-joinville-sc.jpg","datePublished":"2024-04-03T22:46:18+00:00","dateModified":"2024-04-04T14:15:04+00:00","description":"Com mais de 203 vagas, o concurso Joinville ter\u00e1 sua etapa de provas aplicada no dia 28 de abril. Saiba mais sobre!","breadcrumb":{"@id":"https:\/\/www.estrategiaconcursos.com.br\/blog\/concurso-joinville-provas\/#breadcrumb"},"inLanguage":"pt-BR","potentialAction":[{"@type":"ReadAction","target":["https:\/\/www.estrategiaconcursos.com.br\/blog\/concurso-joinville-provas\/"]}]},{"@type":"ImageObject","inLanguage":"pt-BR","@id":"https:\/\/www.estrategiaconcursos.com.br\/blog\/concurso-joinville-provas\/#primaryimage","url":"https:\/\/dhg1h5j42swfq.cloudfront.net\/2019\/09\/13173756\/prefeitura-de-joinville-sc.jpg","contentUrl":"https:\/\/dhg1h5j42swfq.cloudfront.net\/2019\/09\/13173756\/prefeitura-de-joinville-sc.jpg","width":768,"height":432},{"@type":"BreadcrumbList","@id":"https:\/\/www.estrategiaconcursos.com.br\/blog\/concurso-joinville-provas\/#breadcrumb","itemListElement":[{"@type":"ListItem","position":1,"name":"In\u00edcio","item":"https:\/\/www.estrategiaconcursos.com.br\/blog\/"},{"@type":"ListItem","position":2,"name":"Saiba mais sobre as provas do concurso Joinville!"}]},{"@type":"WebSite","@id":"https:\/\/www.estrategiaconcursos.com.br\/blog\/#website","url":"https:\/\/www.estrategiaconcursos.com.br\/blog\/","name":"Estrat\u00e9gia Concursos","description":"O blog da Estrat\u00e9gia Concursos traz not\u00edcias sobre concursos e artigos de professores oferecendo cursos para concursos (pdf + videaulas) no site.","publisher":{"@id":"https:\/\/www.estrategiaconcursos.com.br\/blog\/#organization"},"potentialAction":[{"@type":"SearchAction","target":{"@type":"EntryPoint","urlTemplate":"https:\/\/www.estrategiaconcursos.com.br\/blog\/?s={search_term_string}"},"query-input":{"@type":"PropertyValueSpecification","valueRequired":true,"valueName":"search_term_string"}}],"inLanguage":"pt-BR"},{"@type":"Organization","@id":"https:\/\/www.estrategiaconcursos.com.br\/blog\/#organization","name":"Estrat\u00e9gia Concursos","url":"https:\/\/www.estrategiaconcursos.com.br\/blog\/","logo":{"@type":"ImageObject","inLanguage":"pt-BR","@id":"https:\/\/www.estrategiaconcursos.com.br\/blog\/#\/schema\/logo\/image\/","url":"https:\/\/dhg1h5j42swfq.cloudfront.net\/2025\/06\/03203428\/logo_concursos-1.jpg","contentUrl":"https:\/\/dhg1h5j42swfq.cloudfront.net\/2025\/06\/03203428\/logo_concursos-1.jpg","width":230,"height":60,"caption":"Estrat\u00e9gia Concursos"},"image":{"@id":"https:\/\/www.estrategiaconcursos.com.br\/blog\/#\/schema\/logo\/image\/"},"sameAs":["https:\/\/x.com\/EstratConcursos"]},{"@type":"Person","@id":"https:\/\/www.estrategiaconcursos.com.br\/blog\/#\/schema\/person\/70c2ad4297aa24ff8815b08215b23a76","name":"Ronaldo Scanavini Neto","image":{"@type":"ImageObject","inLanguage":"pt-BR","@id":"https:\/\/secure.gravatar.com\/avatar\/f93d8e56fe264596e94aee6b3feb737d98ad0fc5bac7eb0a245f04723c5c8f21?s=96&d=mm&r=g","url":"https:\/\/secure.gravatar.com\/avatar\/f93d8e56fe264596e94aee6b3feb737d98ad0fc5bac7eb0a245f04723c5c8f21?s=96&d=mm&r=g","contentUrl":"https:\/\/secure.gravatar.com\/avatar\/f93d8e56fe264596e94aee6b3feb737d98ad0fc5bac7eb0a245f04723c5c8f21?s=96&d=mm&r=g","caption":"Ronaldo Scanavini Neto"},"description":"Graduando em Comunica\u00e7\u00e3o Social \u2013 Jornalismo pela Universidade Federal de Vi\u00e7osa (UFV). Integra a equipe de jornalismo do Estrat\u00e9gia Concursos desde 2023, atuando com \u00eanfase na cobertura da \u00e1rea fiscal. Tamb\u00e9m realiza a apura\u00e7\u00e3o e produ\u00e7\u00e3o de not\u00edcias sobre concursos federais, \u00f3rg\u00e3os participantes do CNU e das \u00e1reas de controle, gest\u00e3o, engenharia, Exame CFC, comunica\u00e7\u00e3o social TI e \u00e1rea de concursos administrativos.","url":"https:\/\/www.estrategiaconcursos.com.br\/blog\/author\/ronaldo-netoestrategia-com\/"}]}},"_links":{"self":[{"href":"https:\/\/www.estrategiaconcursos.com.br\/blog\/wp-json\/wp\/v2\/posts\/1378816","targetHints":{"allow":["GET"]}}],"collection":[{"href":"https:\/\/www.estrategiaconcursos.com.br\/blog\/wp-json\/wp\/v2\/posts"}],"about":[{"href":"https:\/\/www.estrategiaconcursos.com.br\/blog\/wp-json\/wp\/v2\/types\/post"}],"author":[{"embeddable":true,"href":"https:\/\/www.estrategiaconcursos.com.br\/blog\/wp-json\/wp\/v2\/users\/2692"}],"replies":[{"embeddable":true,"href":"https:\/\/www.estrategiaconcursos.com.br\/blog\/wp-json\/wp\/v2\/comments?post=1378816"}],"version-history":[{"count":3,"href":"https:\/\/www.estrategiaconcursos.com.br\/blog\/wp-json\/wp\/v2\/posts\/1378816\/revisions"}],"predecessor-version":[{"id":1379015,"href":"https:\/\/www.estrategiaconcursos.com.br\/blog\/wp-json\/wp\/v2\/posts\/1378816\/revisions\/1379015"}],"wp:featuredmedia":[{"embeddable":true,"href":"https:\/\/www.estrategiaconcursos.com.br\/blog\/wp-json\/wp\/v2\/media\/1306250"}],"wp:attachment":[{"href":"https:\/\/www.estrategiaconcursos.com.br\/blog\/wp-json\/wp\/v2\/media?parent=1378816"}],"wp:term":[{"taxonomy":"category","embeddable":true,"href":"https:\/\/www.estrategiaconcursos.com.br\/blog\/wp-json\/wp\/v2\/categories?post=1378816"},{"taxonomy":"post_tag","embeddable":true,"href":"https:\/\/www.estrategiaconcursos.com.br\/blog\/wp-json\/wp\/v2\/tags?post=1378816"},{"taxonomy":"tax_estado","embeddable":true,"href":"https:\/\/www.estrategiaconcursos.com.br\/blog\/wp-json\/wp\/v2\/tax_estado?post=1378816"}],"curies":[{"name":"wp","href":"https:\/\/api.w.org\/{rel}","templated":true}]}}