{"id":1378785,"date":"2024-04-03T17:48:23","date_gmt":"2024-04-03T20:48:23","guid":{"rendered":"https:\/\/www.estrategiaconcursos.com.br\/blog\/?p=1378785"},"modified":"2024-04-03T17:48:25","modified_gmt":"2024-04-03T20:48:25","slug":"aft-discursiva-assedio","status":"publish","type":"post","link":"https:\/\/www.estrategiaconcursos.com.br\/blog\/aft-discursiva-assedio\/","title":{"rendered":"AFT &#8211; Discursiva &#8211; Ass\u00e9dio"},"content":{"rendered":"\n<p>Este artigo foi elaborado \u00fanica e exclusivamente para quem vai fazer a prova de Auditor Fiscal do Trabalho (Bloco 4 do CNU).<\/p>\n\n\n\n<p>Ele representa um resumo do contexto geral dos t\u00f3picos de sociologia, psicologia e economia do trabalho dos mais variados autores e doutores das principais faculdades brasileiras (UFRJ, USP, UERJ, UNB entre outras) e diversos outros papers. <\/p>\n\n\n\n<p>Foi elaborado pelos seguintes professores:<\/p>\n\n\n\n<p>Felipe F. A. da Rocha<\/p>\n\n\n\n<p><a href=\"https:\/\/www.estrategiaconcursos.com.br\/professor\/felipe-fernando-azevedo-da-rocha-2432\/\">https:\/\/www.estrategiaconcursos.com.br\/professor\/felipe-fernando-azevedo-da-rocha-2432\/<\/a><\/p>\n\n\n\n<p>Cliffer Mello<\/p>\n\n\n\n<p><a href=\"https:\/\/www.estrategiaconcursos.com.br\/professor\/cliffer-ferreira-da-gama-mello-2249\/\">https:\/\/www.estrategiaconcursos.com.br\/professor\/cliffer-ferreira-da-gama-mello-2249\/<\/a><\/p>\n\n\n\n<p>O avan\u00e7o tecnol\u00f3gico das ferramentas TIC (Tecnologia da Informa\u00e7\u00e3o e Comunica\u00e7\u00e3o), sobretudo,&nbsp; ap\u00f3s a d\u00e9cada de 1990, levou a civiliza\u00e7\u00e3o mundial a acreditar que o bem-estar seria pleno para todos com as infind\u00e1veis solu\u00e7\u00f5es de produtividade, que nos deixaria livre de tantas demandas no trabalho.<\/p>\n\n\n\n<p>No mundo cada vez mais globalizado, <strong>os fluxos de capitais buscam maximizar para tornar seus neg\u00f3cios cada vez mais competitivos<\/strong>.<\/p>\n\n\n\n<p>Nesse cen\u00e1rio, o capitalismo alimenta uma<strong> desregulamenta\u00e7\u00e3o<\/strong>, que nada mais\u00a0 \u00e9 que o processo de redu\u00e7\u00e3o ou elimina\u00e7\u00e3o de regulamenta\u00e7\u00f5es governamentais sobre atividades econ\u00f4micas.<\/p>\n\n\n\n<p>Isso muitas vezes ocorre em setores como finan\u00e7as, com\u00e9rcio e trabalho, onde as regulamenta\u00e7\u00f5es podem ser vistas como entraves ao crescimento econ\u00f4mico e \u00e0 efici\u00eancia.<\/p>\n\n\n\n<p>Essa desregulamenta\u00e7\u00e3o afeta o mercado de trabalho. Assim, a press\u00e3o por intensa produtividade e competitividade no mercado de trabalho com jornadas exaustivas e metas cada vez maiores afeta o ambiente de trabalho e o psicol\u00f3gico dos trabalhadores. Isso cria um ambiente negativo e com ocorr\u00eancias de ass\u00e9dio.<\/p>\n\n\n\n<p>O ass\u00e9dio no local de trabalho pode ter impactos significativos na produtividade dos funcion\u00e1rios e no funcionamento geral de uma organiza\u00e7\u00e3o.<\/p>\n\n\n\n<p>Principais caracter\u00edsticas<\/p>\n\n\n\n<p>1. <strong>Ambiente de trabalho t\u00f3xico<\/strong>: O ass\u00e9dio cria um ambiente de trabalho t\u00f3xico, onde os funcion\u00e1rios se sentem inseguros, estressados \u200b\u200be desmotivados. Isso pode levar a uma diminui\u00e7\u00e3o da moral e da coes\u00e3o da equipe, afetando negativamente a colabora\u00e7\u00e3o e o trabalho em equipe.<\/p>\n\n\n\n<p>2. <strong>Distra\u00e7\u00e3o e preocupa\u00e7\u00e3o<\/strong>: Os funcion\u00e1rios que s\u00e3o v\u00edtimas de ass\u00e9dio muitas vezes ficam distra\u00eddos e preocupados com a situa\u00e7\u00e3o, o que pode reduzir sua capacidade de concentra\u00e7\u00e3o e foco nas tarefas do trabalho. Eles podem passar tempo preocupados com a possibilidade de novos incidentes ou pensando em como lidar com a situa\u00e7\u00e3o, em vez de se concentrarem em suas responsabilidades.<\/p>\n\n\n\n<p>3. <strong>Baixa moral e motiva\u00e7\u00e3o:<\/strong> O ass\u00e9dio pode minar a autoestima e a confian\u00e7a dos funcion\u00e1rios, levando a uma diminui\u00e7\u00e3o da motiva\u00e7\u00e3o para realizar bem o trabalho. Os funcion\u00e1rios podem se sentir desvalorizados e desconsiderados, resultando em uma atitude negativa em rela\u00e7\u00e3o ao trabalho e \u00e0 empresa.<\/p>\n\n\n\n<p>4. <strong>Aumento do absente\u00edsmo e rotatividade<\/strong>: Funcion\u00e1rios que s\u00e3o v\u00edtimas de ass\u00e9dio podem faltar ao trabalho com mais frequ\u00eancia devido a problemas de sa\u00fade relacionados ao estresse ou simplesmente para evitar o ambiente de trabalho hostil. Al\u00e9m disso, o ass\u00e9dio pode levar \u00e0 rotatividade de funcion\u00e1rios, j\u00e1 que os trabalhadores podem optar por deixar a empresa para escapar da situa\u00e7\u00e3o de ass\u00e9dio.<\/p>\n\n\n\n<p>Vale lembrar que, apesar de lament\u00e1vel, os casos de trabalhadores exaustos, conhecidos como &#8220;karoshi&#8221; em japon\u00eas, t\u00eam ocorrido no Jap\u00e3o. O termo &#8220;karoshi&#8221; refere-se \u00e0 morte por excesso de trabalho, muitas vezes relacionada a longas horas de trabalho, estresse cr\u00f4nico e falta de descanso adequado.<\/p>\n\n\n\n<p>O Jap\u00e3o tem uma cultura de trabalho intensa, com longas horas de trabalho e uma press\u00e3o significativa para os funcion\u00e1rios demonstrarem dedica\u00e7\u00e3o \u00e0 empresa. Isso pode levar a problemas de sa\u00fade f\u00edsica e mental, incluindo casos extremos de karoshi.<\/p>\n\n\n\n<p>O governo japon\u00eas tem tentado tomar medidas para lidar com esse problema, como limitar as horas extras e promover um melhor equil\u00edbrio entre trabalho e vida pessoal. No entanto, a cultura de trabalho intensa ainda \u00e9 uma realidade em muitas empresas japonesas, e mais esfor\u00e7os podem ser necess\u00e1rios para proteger a sa\u00fade e o bem-estar dos trabalhadores.<\/p>\n\n\n\n<p>Quais as palavras-chaves na prova ?<\/p>\n\n\n\n<ul class=\"wp-block-list\">\n<li>Stress<\/li>\n\n\n\n<li>Burnout<\/li>\n\n\n\n<li>Ass\u00e9dio<\/li>\n\n\n\n<li>Karoshi<\/li>\n\n\n\n<li>Desregulamenta\u00e7\u00e3o das leis trabalhistas<\/li>\n\n\n\n<li>Jornadas longas e exaustivas<\/li>\n<\/ul>\n\n\n\n<p>No mundo subdesenvolvido, a desregulamenta\u00e7\u00e3o no mercado de trabalho e a press\u00e3o por produtividade impacta diretamente a desregulamenta\u00e7\u00e3o no mercado de trabalho. No Brasil, por exemplo, assume uma forma distinta.<\/p>\n\n\n\n<p>\u00c9 importante lembrar que, ao contr\u00e1rio dos pa\u00edses desenvolvidos, o mercado de trabalho aqui sempre foi caracterizado pela precariedade.<\/p>\n\n\n\n<p>O termo &#8220;precariado&#8221; descreve uma<strong> classe social emergente que enfrenta condi\u00e7\u00f5es de trabalho e vida extremamente prec\u00e1rias.<\/strong> Essa classe \u00e9 composta por trabalhadores frequentemente associados a empregos tempor\u00e1rios, baixos sal\u00e1rios, falta de benef\u00edcios, inseguran\u00e7a no emprego e aus\u00eancia de prote\u00e7\u00e3o social.<\/p>\n\n\n\n<p><strong>Os chamados empreendedores de si mesmo e sem representa\u00e7\u00e3o social<\/strong> ou sindical.<\/p>\n\n\n\n<p>Diferentemente do proletariado cl\u00e1ssico, formado predominantemente por trabalhadores industriais assalariados durante a Revolu\u00e7\u00e3o Industrial, <strong>o precariado engloba uma gama mais ampla de trabalhadores, incluindo aqueles em servi\u00e7os, trabalho tempor\u00e1rio, freelancers e aut\u00f4nomos<\/strong>. Enquanto o proletariado estava integrado em estruturas econ\u00f4micas e sociais mais est\u00e1veis, o precariado enfrenta uma incerteza constante e uma falta de seguran\u00e7a tanto em suas vidas profissionais quanto pessoais.<\/p>\n\n\n\n<p>O precariado vive hoje uma constante mudan\u00e7a onde tudo e todas as rela\u00e7\u00f5es&nbsp; variam a toda hora, o que gera medo e inseguran\u00e7a.<\/p>\n\n\n\n<p>Existem diferen\u00e7as marcantes entre o precariado e o proletariado, tais como:<\/p>\n\n\n\n<ul class=\"wp-block-list\">\n<li>Estabilidade no emprego: Enquanto o proletariado frequentemente desfrutava de empregos permanentes e est\u00e1veis, o precariado lida com empregos tempor\u00e1rios, contratos de curto prazo e instabilidade no emprego.<\/li>\n\n\n\n<li>Seguran\u00e7a social: Enquanto o proletariado se beneficiava de programas de seguran\u00e7a social e prote\u00e7\u00f5es no local de trabalho, como seguro de sa\u00fade e aposentadoria, o precariado muitas vezes carece dessas prote\u00e7\u00f5es e pode enfrentar dificuldades financeiras significativas em caso de doen\u00e7a, desemprego ou outras emerg\u00eancias.<\/li>\n\n\n\n<li>Identidade de classe: Enquanto o proletariado historicamente formava uma classe coesa com interesses comuns na luta de classes, o precariado \u00e9 mais fragmentado e diversificado em termos de ocupa\u00e7\u00f5es e condi\u00e7\u00f5es de vida. No entanto, ambos compartilham desafios relacionados \u00e0 inseguran\u00e7a no emprego e \u00e0 falta de estabilidade econ\u00f4mica.<\/li>\n<\/ul>\n\n\n\n<p>Em resumo, o <strong>precariado representa uma evolu\u00e7\u00e3o da classe trabalhadora em um contexto de mudan\u00e7as econ\u00f4micas, tecnol\u00f3gicas e sociais<\/strong>. Enquanto o proletariado era central para a produ\u00e7\u00e3o industrial, <strong>o precariado reflete a natureza fluida e fragmentada do mercado de trabalho contempor\u00e2neo, onde a inseguran\u00e7a e a precariedade s\u00e3o predominantes para muitos trabalhadores.<\/strong><\/p>\n\n\n\n<p>Quais as palavras-chaves na prova ?<\/p>\n\n\n\n<ul class=\"wp-block-list\">\n<li>proletariado<\/li>\n\n\n\n<li>precariado<\/li>\n\n\n\n<li>empregados tempor\u00e1rios<\/li>\n\n\n\n<li>baixos sal\u00e1rios<\/li>\n\n\n\n<li>falta de benef\u00edcios<\/li>\n\n\n\n<li>inseguran\u00e7a no emprego<\/li>\n\n\n\n<li>aus\u00eancia de prote\u00e7\u00e3o social<\/li>\n<\/ul>\n\n\n\n<p>Alunos(as), encerro o tema!<\/p>\n\n\n\n<p>Acho interessante decorar os termos e colocar as palavras-chave acima l\u00e1 na hora da prova.<\/p>\n","protected":false},"excerpt":{"rendered":"<p>Este artigo foi elaborado \u00fanica e exclusivamente para quem vai fazer a prova de Auditor Fiscal do Trabalho (Bloco 4 do CNU). Ele representa um resumo do contexto geral dos t\u00f3picos de sociologia, psicologia e economia do trabalho dos mais variados autores e doutores das principais faculdades brasileiras (UFRJ, USP, UERJ, UNB entre outras) e [&hellip;]<\/p>\n","protected":false},"author":1462,"featured_media":0,"comment_status":"open","ping_status":"closed","sticky":false,"template":"","format":"standard","meta":{"post_tipo":"article","footnotes":""},"categories":[1],"tags":[],"tax_estado":[],"class_list":["post-1378785","post","type-post","status-publish","format-standard","hentry","category-cursos-e-concursos"],"acf":[],"yoast_head":"<!-- This site is optimized with the Yoast SEO Premium plugin v27.2 (Yoast SEO v27.2) - https:\/\/yoast.com\/product\/yoast-seo-premium-wordpress\/ -->\n<title>AFT - Discursiva - Ass\u00e9dio<\/title>\n<meta name=\"robots\" content=\"index, follow, max-snippet:-1, max-image-preview:large, max-video-preview:-1\" \/>\n<link rel=\"canonical\" href=\"https:\/\/www.estrategiaconcursos.com.br\/blog\/aft-discursiva-assedio\/\" \/>\n<meta property=\"og:locale\" content=\"pt_BR\" \/>\n<meta property=\"og:type\" content=\"article\" \/>\n<meta property=\"og:title\" content=\"AFT - Discursiva - Ass\u00e9dio\" \/>\n<meta property=\"og:description\" content=\"Este artigo foi elaborado \u00fanica e exclusivamente para quem vai fazer a prova de Auditor Fiscal do Trabalho (Bloco 4 do CNU). Ele representa um resumo do contexto geral dos t\u00f3picos de sociologia, psicologia e economia do trabalho dos mais variados autores e doutores das principais faculdades brasileiras (UFRJ, USP, UERJ, UNB entre outras) e [&hellip;]\" \/>\n<meta property=\"og:url\" content=\"https:\/\/www.estrategiaconcursos.com.br\/blog\/aft-discursiva-assedio\/\" \/>\n<meta property=\"og:site_name\" content=\"Estrat\u00e9gia Concursos\" \/>\n<meta property=\"article:published_time\" content=\"2024-04-03T20:48:23+00:00\" \/>\n<meta property=\"article:modified_time\" content=\"2024-04-03T20:48:25+00:00\" \/>\n<meta name=\"author\" content=\"Felipe Fernando Azevedo da Rocha\" \/>\n<meta name=\"twitter:card\" content=\"summary_large_image\" \/>\n<meta name=\"twitter:creator\" content=\"@EstratConcursos\" \/>\n<meta name=\"twitter:site\" content=\"@EstratConcursos\" \/>\n<meta name=\"twitter:label1\" content=\"Escrito por\" \/>\n\t<meta name=\"twitter:data1\" content=\"Felipe Fernando Azevedo da Rocha\" \/>\n\t<meta name=\"twitter:label2\" content=\"Est. tempo de leitura\" \/>\n\t<meta name=\"twitter:data2\" content=\"6 minutos\" \/>\n<script type=\"application\/ld+json\" class=\"yoast-schema-graph\">{\"@context\":\"https:\/\/schema.org\",\"@graph\":[{\"@type\":\"NewsArticle\",\"@id\":\"https:\/\/www.estrategiaconcursos.com.br\/blog\/aft-discursiva-assedio\/#article\",\"isPartOf\":{\"@id\":\"https:\/\/www.estrategiaconcursos.com.br\/blog\/aft-discursiva-assedio\/\"},\"author\":{\"name\":\"Felipe Fernando Azevedo da Rocha\",\"@id\":\"https:\/\/www.estrategiaconcursos.com.br\/blog\/#\/schema\/person\/425ec856669a603120a09fed3a635808\"},\"headline\":\"AFT &#8211; Discursiva &#8211; Ass\u00e9dio\",\"datePublished\":\"2024-04-03T20:48:23+00:00\",\"dateModified\":\"2024-04-03T20:48:25+00:00\",\"mainEntityOfPage\":{\"@id\":\"https:\/\/www.estrategiaconcursos.com.br\/blog\/aft-discursiva-assedio\/\"},\"wordCount\":1181,\"commentCount\":0,\"publisher\":{\"@id\":\"https:\/\/www.estrategiaconcursos.com.br\/blog\/#organization\"},\"articleSection\":[\"Concursos P\u00fablicos\"],\"inLanguage\":\"pt-BR\",\"potentialAction\":[{\"@type\":\"CommentAction\",\"name\":\"Comment\",\"target\":[\"https:\/\/www.estrategiaconcursos.com.br\/blog\/aft-discursiva-assedio\/#respond\"]}],\"copyrightYear\":\"2024\",\"copyrightHolder\":{\"@id\":\"https:\/\/www.estrategiaconcursos.com.br\/blog\/#organization\"}},{\"@type\":\"WebPage\",\"@id\":\"https:\/\/www.estrategiaconcursos.com.br\/blog\/aft-discursiva-assedio\/\",\"url\":\"https:\/\/www.estrategiaconcursos.com.br\/blog\/aft-discursiva-assedio\/\",\"name\":\"AFT - Discursiva - Ass\u00e9dio\",\"isPartOf\":{\"@id\":\"https:\/\/www.estrategiaconcursos.com.br\/blog\/#website\"},\"datePublished\":\"2024-04-03T20:48:23+00:00\",\"dateModified\":\"2024-04-03T20:48:25+00:00\",\"breadcrumb\":{\"@id\":\"https:\/\/www.estrategiaconcursos.com.br\/blog\/aft-discursiva-assedio\/#breadcrumb\"},\"inLanguage\":\"pt-BR\",\"potentialAction\":[{\"@type\":\"ReadAction\",\"target\":[\"https:\/\/www.estrategiaconcursos.com.br\/blog\/aft-discursiva-assedio\/\"]}]},{\"@type\":\"BreadcrumbList\",\"@id\":\"https:\/\/www.estrategiaconcursos.com.br\/blog\/aft-discursiva-assedio\/#breadcrumb\",\"itemListElement\":[{\"@type\":\"ListItem\",\"position\":1,\"name\":\"In\u00edcio\",\"item\":\"https:\/\/www.estrategiaconcursos.com.br\/blog\/\"},{\"@type\":\"ListItem\",\"position\":2,\"name\":\"AFT &#8211; Discursiva &#8211; Ass\u00e9dio\"}]},{\"@type\":\"WebSite\",\"@id\":\"https:\/\/www.estrategiaconcursos.com.br\/blog\/#website\",\"url\":\"https:\/\/www.estrategiaconcursos.com.br\/blog\/\",\"name\":\"Estrat\u00e9gia Concursos\",\"description\":\"O blog da Estrat\u00e9gia Concursos traz not\u00edcias sobre concursos e artigos de professores oferecendo cursos para concursos (pdf + videaulas) no site.\",\"publisher\":{\"@id\":\"https:\/\/www.estrategiaconcursos.com.br\/blog\/#organization\"},\"potentialAction\":[{\"@type\":\"SearchAction\",\"target\":{\"@type\":\"EntryPoint\",\"urlTemplate\":\"https:\/\/www.estrategiaconcursos.com.br\/blog\/?s={search_term_string}\"},\"query-input\":{\"@type\":\"PropertyValueSpecification\",\"valueRequired\":true,\"valueName\":\"search_term_string\"}}],\"inLanguage\":\"pt-BR\"},{\"@type\":\"Organization\",\"@id\":\"https:\/\/www.estrategiaconcursos.com.br\/blog\/#organization\",\"name\":\"Estrat\u00e9gia Concursos\",\"url\":\"https:\/\/www.estrategiaconcursos.com.br\/blog\/\",\"logo\":{\"@type\":\"ImageObject\",\"inLanguage\":\"pt-BR\",\"@id\":\"https:\/\/www.estrategiaconcursos.com.br\/blog\/#\/schema\/logo\/image\/\",\"url\":\"https:\/\/dhg1h5j42swfq.cloudfront.net\/2025\/06\/03203428\/logo_concursos-1.jpg\",\"contentUrl\":\"https:\/\/dhg1h5j42swfq.cloudfront.net\/2025\/06\/03203428\/logo_concursos-1.jpg\",\"width\":230,\"height\":60,\"caption\":\"Estrat\u00e9gia Concursos\"},\"image\":{\"@id\":\"https:\/\/www.estrategiaconcursos.com.br\/blog\/#\/schema\/logo\/image\/\"},\"sameAs\":[\"https:\/\/x.com\/EstratConcursos\"]},{\"@type\":\"Person\",\"@id\":\"https:\/\/www.estrategiaconcursos.com.br\/blog\/#\/schema\/person\/425ec856669a603120a09fed3a635808\",\"name\":\"Felipe Fernando Azevedo da Rocha\",\"image\":{\"@type\":\"ImageObject\",\"inLanguage\":\"pt-BR\",\"@id\":\"https:\/\/secure.gravatar.com\/avatar\/44e78a4aab2c02a437a87a334aee9a4ea82ca0e4757c2747232497482cfe5ba2?s=96&d=mm&r=g\",\"url\":\"https:\/\/secure.gravatar.com\/avatar\/44e78a4aab2c02a437a87a334aee9a4ea82ca0e4757c2747232497482cfe5ba2?s=96&d=mm&r=g\",\"contentUrl\":\"https:\/\/secure.gravatar.com\/avatar\/44e78a4aab2c02a437a87a334aee9a4ea82ca0e4757c2747232497482cfe5ba2?s=96&d=mm&r=g\",\"caption\":\"Felipe Fernando Azevedo da Rocha\"},\"description\":\"Auditor de Finan\u00e7as da SEFAZ BA. P\u00f3s-Graduado em Direito Tribut\u00e1rio\",\"url\":\"https:\/\/www.estrategiaconcursos.com.br\/blog\/author\/felipeazrogmail-com\/\"}]}<\/script>\n<!-- \/ Yoast SEO Premium plugin. -->","yoast_head_json":{"title":"AFT - Discursiva - Ass\u00e9dio","robots":{"index":"index","follow":"follow","max-snippet":"max-snippet:-1","max-image-preview":"max-image-preview:large","max-video-preview":"max-video-preview:-1"},"canonical":"https:\/\/www.estrategiaconcursos.com.br\/blog\/aft-discursiva-assedio\/","og_locale":"pt_BR","og_type":"article","og_title":"AFT - Discursiva - Ass\u00e9dio","og_description":"Este artigo foi elaborado \u00fanica e exclusivamente para quem vai fazer a prova de Auditor Fiscal do Trabalho (Bloco 4 do CNU). Ele representa um resumo do contexto geral dos t\u00f3picos de sociologia, psicologia e economia do trabalho dos mais variados autores e doutores das principais faculdades brasileiras (UFRJ, USP, UERJ, UNB entre outras) e [&hellip;]","og_url":"https:\/\/www.estrategiaconcursos.com.br\/blog\/aft-discursiva-assedio\/","og_site_name":"Estrat\u00e9gia Concursos","article_published_time":"2024-04-03T20:48:23+00:00","article_modified_time":"2024-04-03T20:48:25+00:00","author":"Felipe Fernando Azevedo da Rocha","twitter_card":"summary_large_image","twitter_creator":"@EstratConcursos","twitter_site":"@EstratConcursos","twitter_misc":{"Escrito por":"Felipe Fernando Azevedo da Rocha","Est. tempo de leitura":"6 minutos"},"schema":{"@context":"https:\/\/schema.org","@graph":[{"@type":"NewsArticle","@id":"https:\/\/www.estrategiaconcursos.com.br\/blog\/aft-discursiva-assedio\/#article","isPartOf":{"@id":"https:\/\/www.estrategiaconcursos.com.br\/blog\/aft-discursiva-assedio\/"},"author":{"name":"Felipe Fernando Azevedo da Rocha","@id":"https:\/\/www.estrategiaconcursos.com.br\/blog\/#\/schema\/person\/425ec856669a603120a09fed3a635808"},"headline":"AFT &#8211; Discursiva &#8211; Ass\u00e9dio","datePublished":"2024-04-03T20:48:23+00:00","dateModified":"2024-04-03T20:48:25+00:00","mainEntityOfPage":{"@id":"https:\/\/www.estrategiaconcursos.com.br\/blog\/aft-discursiva-assedio\/"},"wordCount":1181,"commentCount":0,"publisher":{"@id":"https:\/\/www.estrategiaconcursos.com.br\/blog\/#organization"},"articleSection":["Concursos P\u00fablicos"],"inLanguage":"pt-BR","potentialAction":[{"@type":"CommentAction","name":"Comment","target":["https:\/\/www.estrategiaconcursos.com.br\/blog\/aft-discursiva-assedio\/#respond"]}],"copyrightYear":"2024","copyrightHolder":{"@id":"https:\/\/www.estrategiaconcursos.com.br\/blog\/#organization"}},{"@type":"WebPage","@id":"https:\/\/www.estrategiaconcursos.com.br\/blog\/aft-discursiva-assedio\/","url":"https:\/\/www.estrategiaconcursos.com.br\/blog\/aft-discursiva-assedio\/","name":"AFT - Discursiva - Ass\u00e9dio","isPartOf":{"@id":"https:\/\/www.estrategiaconcursos.com.br\/blog\/#website"},"datePublished":"2024-04-03T20:48:23+00:00","dateModified":"2024-04-03T20:48:25+00:00","breadcrumb":{"@id":"https:\/\/www.estrategiaconcursos.com.br\/blog\/aft-discursiva-assedio\/#breadcrumb"},"inLanguage":"pt-BR","potentialAction":[{"@type":"ReadAction","target":["https:\/\/www.estrategiaconcursos.com.br\/blog\/aft-discursiva-assedio\/"]}]},{"@type":"BreadcrumbList","@id":"https:\/\/www.estrategiaconcursos.com.br\/blog\/aft-discursiva-assedio\/#breadcrumb","itemListElement":[{"@type":"ListItem","position":1,"name":"In\u00edcio","item":"https:\/\/www.estrategiaconcursos.com.br\/blog\/"},{"@type":"ListItem","position":2,"name":"AFT &#8211; Discursiva &#8211; Ass\u00e9dio"}]},{"@type":"WebSite","@id":"https:\/\/www.estrategiaconcursos.com.br\/blog\/#website","url":"https:\/\/www.estrategiaconcursos.com.br\/blog\/","name":"Estrat\u00e9gia Concursos","description":"O blog da Estrat\u00e9gia Concursos traz not\u00edcias sobre concursos e artigos de professores oferecendo cursos para concursos (pdf + videaulas) no site.","publisher":{"@id":"https:\/\/www.estrategiaconcursos.com.br\/blog\/#organization"},"potentialAction":[{"@type":"SearchAction","target":{"@type":"EntryPoint","urlTemplate":"https:\/\/www.estrategiaconcursos.com.br\/blog\/?s={search_term_string}"},"query-input":{"@type":"PropertyValueSpecification","valueRequired":true,"valueName":"search_term_string"}}],"inLanguage":"pt-BR"},{"@type":"Organization","@id":"https:\/\/www.estrategiaconcursos.com.br\/blog\/#organization","name":"Estrat\u00e9gia Concursos","url":"https:\/\/www.estrategiaconcursos.com.br\/blog\/","logo":{"@type":"ImageObject","inLanguage":"pt-BR","@id":"https:\/\/www.estrategiaconcursos.com.br\/blog\/#\/schema\/logo\/image\/","url":"https:\/\/dhg1h5j42swfq.cloudfront.net\/2025\/06\/03203428\/logo_concursos-1.jpg","contentUrl":"https:\/\/dhg1h5j42swfq.cloudfront.net\/2025\/06\/03203428\/logo_concursos-1.jpg","width":230,"height":60,"caption":"Estrat\u00e9gia Concursos"},"image":{"@id":"https:\/\/www.estrategiaconcursos.com.br\/blog\/#\/schema\/logo\/image\/"},"sameAs":["https:\/\/x.com\/EstratConcursos"]},{"@type":"Person","@id":"https:\/\/www.estrategiaconcursos.com.br\/blog\/#\/schema\/person\/425ec856669a603120a09fed3a635808","name":"Felipe Fernando Azevedo da Rocha","image":{"@type":"ImageObject","inLanguage":"pt-BR","@id":"https:\/\/secure.gravatar.com\/avatar\/44e78a4aab2c02a437a87a334aee9a4ea82ca0e4757c2747232497482cfe5ba2?s=96&d=mm&r=g","url":"https:\/\/secure.gravatar.com\/avatar\/44e78a4aab2c02a437a87a334aee9a4ea82ca0e4757c2747232497482cfe5ba2?s=96&d=mm&r=g","contentUrl":"https:\/\/secure.gravatar.com\/avatar\/44e78a4aab2c02a437a87a334aee9a4ea82ca0e4757c2747232497482cfe5ba2?s=96&d=mm&r=g","caption":"Felipe Fernando Azevedo da Rocha"},"description":"Auditor de Finan\u00e7as da SEFAZ BA. P\u00f3s-Graduado em Direito Tribut\u00e1rio","url":"https:\/\/www.estrategiaconcursos.com.br\/blog\/author\/felipeazrogmail-com\/"}]}},"_links":{"self":[{"href":"https:\/\/www.estrategiaconcursos.com.br\/blog\/wp-json\/wp\/v2\/posts\/1378785","targetHints":{"allow":["GET"]}}],"collection":[{"href":"https:\/\/www.estrategiaconcursos.com.br\/blog\/wp-json\/wp\/v2\/posts"}],"about":[{"href":"https:\/\/www.estrategiaconcursos.com.br\/blog\/wp-json\/wp\/v2\/types\/post"}],"author":[{"embeddable":true,"href":"https:\/\/www.estrategiaconcursos.com.br\/blog\/wp-json\/wp\/v2\/users\/1462"}],"replies":[{"embeddable":true,"href":"https:\/\/www.estrategiaconcursos.com.br\/blog\/wp-json\/wp\/v2\/comments?post=1378785"}],"version-history":[{"count":1,"href":"https:\/\/www.estrategiaconcursos.com.br\/blog\/wp-json\/wp\/v2\/posts\/1378785\/revisions"}],"predecessor-version":[{"id":1378788,"href":"https:\/\/www.estrategiaconcursos.com.br\/blog\/wp-json\/wp\/v2\/posts\/1378785\/revisions\/1378788"}],"wp:attachment":[{"href":"https:\/\/www.estrategiaconcursos.com.br\/blog\/wp-json\/wp\/v2\/media?parent=1378785"}],"wp:term":[{"taxonomy":"category","embeddable":true,"href":"https:\/\/www.estrategiaconcursos.com.br\/blog\/wp-json\/wp\/v2\/categories?post=1378785"},{"taxonomy":"post_tag","embeddable":true,"href":"https:\/\/www.estrategiaconcursos.com.br\/blog\/wp-json\/wp\/v2\/tags?post=1378785"},{"taxonomy":"tax_estado","embeddable":true,"href":"https:\/\/www.estrategiaconcursos.com.br\/blog\/wp-json\/wp\/v2\/tax_estado?post=1378785"}],"curies":[{"name":"wp","href":"https:\/\/api.w.org\/{rel}","templated":true}]}}