{"id":1378682,"date":"2024-04-03T14:49:05","date_gmt":"2024-04-03T17:49:05","guid":{"rendered":"https:\/\/www.estrategiaconcursos.com.br\/blog\/?p=1378682"},"modified":"2024-04-04T09:28:08","modified_gmt":"2024-04-04T12:28:08","slug":"concursos-educacao-greve-por-reajuste-salarial-e-novo-certame","status":"publish","type":"post","link":"https:\/\/www.estrategiaconcursos.com.br\/blog\/concursos-educacao-greve-por-reajuste-salarial-e-novo-certame\/","title":{"rendered":"Concursos Educa\u00e7\u00e3o: categoria anuncia greve geral; entenda"},"content":{"rendered":"\n<p>A partir desta quarta-feira, 3 de abril, professores e servidores devem paralisar as atividades de cerca de 230 institui\u00e7\u00f5es da rede de ensino federal.<\/p>\n\n\n\n<p>A greve \u00e9 motivada pelo pleito de <strong>reajuste salarial<\/strong>, reestrutura\u00e7\u00e3o dos\u00a0<strong>planos de carreiras<\/strong>, mais\u00a0<strong>investimentos nas institui\u00e7\u00f5es<\/strong>\u00a0e\u00a0<strong>realiza\u00e7\u00e3o de um concurso<\/strong>\u00a0para contrata\u00e7\u00e3o de mais trabalhadores.<\/p>\n\n\n\n<p>A paralisa\u00e7\u00e3o&nbsp;foi definida em assembleia&nbsp;plena do Sindicato Nacional dos Servidores da Educa\u00e7\u00e3o B\u00e1sica, Profissional e Tecnol\u00f3gica (<a href=\"https:\/\/sinasefe.org.br\/site\/\">Sinasefe<\/a>) e deve afetar o funcionamento de escolas e institutos federais em 18 estados. Dentre as institui\u00e7\u00f5es afetadas est\u00e3o:<\/p>\n\n\n\n<ul class=\"wp-block-list\">\n<li>Col\u00e9gio Pedro II, no Rio de Janeiro; <\/li>\n\n\n\n<li>Instituto Nacional de Educa\u00e7\u00e3o de Surdos; <\/li>\n\n\n\n<li>Instituto Benjamin Constant; <\/li>\n\n\n\n<li>col\u00e9gios e escolas federais vinculadas ao Minist\u00e9rio da Defesa; <\/li>\n\n\n\n<li>al\u00e9m de toda rede de institutos federais, que oferecem aulas gratuitas do Ensino M\u00e9dio, Ensino T\u00e9cnico e at\u00e9 Ensino Superior.<\/li>\n<\/ul>\n\n\n\n<h2 class=\"wp-block-heading\" id=\"h-concursos-educacao-institutos-federais\">Concursos Educa\u00e7\u00e3o: Institutos Federais<\/h2>\n\n\n\n<p>Novos editais est\u00e3o previstos nos pr\u00f3ximos 24 meses, ser\u00e3o mais de 10 mil vagas em Institutos Federais. <\/p>\n\n\n\n<p>Por conta disso, pra dar aquele empurr\u00e3o na t\u00e3o sonhada carreira p\u00fablica, o Estrat\u00e9gia Concursos far\u00e1 a Semana Especial dos Institutos Federais. <\/p>\n\n\n\n<p>Ser\u00e3o a partir do dia 15 de abril, no canal da Coruja no YouTube. Participe! \u00c9 simples, basta clicar no link abaixo:<\/p>\n\n\n\n<h2 class=\"wp-block-heading has-text-align-center has-cyan-bluish-gray-background-color has-background has-medium-font-size\" id=\"h-semana-especial-dos-institutos-federais\"><a href=\"https:\/\/gratis.estrategiaconcursos.com.br\/semana-especial-dos-institutos-federais-2\/?utm_source=banner&amp;utm_medium=banner&amp;utm_campaign=ec-edu-ld-banner-semanaif-semesp-260324\" target=\"_blank\" rel=\"noreferrer noopener\">Semana Especial dos Institutos Federais <\/a><\/h2>\n\n\n\n<h2 class=\"wp-block-heading\" id=\"h-concursos-educacao-investimento-ifs\">Concursos Educa\u00e7\u00e3o: investimento IFs<\/h2>\n\n\n\n<p>Ser\u00e3o criados 100 novos campi dos&nbsp;<strong>Institutos Federais de Educa\u00e7\u00e3o, Ci\u00eancia e Tecnologia<\/strong>&nbsp;(IFs). Os novos campi dos Institutos Federais de Educa\u00e7\u00e3o, Ci\u00eancia e Tecnologia est\u00e3o previstos no Novo Programa de Acelera\u00e7\u00e3o do Crescimento (Novo PAC). Ser\u00e3o investidos R$3,9 bilh\u00f5es em obras, sendo:<\/p>\n\n\n\n<ul class=\"wp-block-list\">\n<li>R$2,5 bilh\u00f5es para a cria\u00e7\u00e3o de novos campi e<\/li>\n\n\n\n<li>R$1,4 bi para a consolida\u00e7\u00e3o de unidades dos IFs j\u00e1 existentes, como a constru\u00e7\u00e3o de refeit\u00f3rios estudantis, gin\u00e1sios, bibliotecas, salas de aula e aquisi\u00e7\u00e3o de equipamentos.&nbsp;<\/li>\n<\/ul>\n\n\n\n<p>Todos os estados e o Distrito Federal ser\u00e3o contemplados com a iniciativa. A previs\u00e3o \u00e9 que os IFs sejam criados at\u00e9 2026.<\/p>\n\n\n\n<p>Para saber sobre as sele\u00e7\u00f5es que acontecem na \u00e1rea de educa\u00e7\u00e3o, basta acessar o link abaixo:<\/p>\n\n\n\n<h2 class=\"wp-block-heading has-text-align-center has-background has-medium-font-size\" id=\"h-concursos-educacao\" style=\"background-color:#eaeaea\"><a href=\"https:\/\/www.estrategiaconcursos.com.br\/blog\/concursos-educacao\/\" target=\"_blank\" rel=\"noreferrer noopener\">Concursos Educa\u00e7\u00e3o<\/a><\/h2>\n\n\n\n<h2 class=\"wp-block-heading has-text-align-center\" id=\"cursos-assinatura\">Quer estudar para os editais dos concursos Educa\u00e7\u00e3o?<\/h2>\n\n\n\n<div id=\"boxes\" class=\"container\">\n<div class=\"row\">\n<div class=\"col-sm\">\n<div id=\"box-assinatura\" class=\"banner-estrategia\">\n<h3 class=\"titulo-assinatura\">Cursos para concurso p\u00fablico<\/h3>\n<p class=\"subtitulo-assinatura\">&nbsp;<\/p>\n<div class=\"box-botao\"><a class=\"btn-assinatura\" role=\"button\" href=\"https:\/\/www.estrategiaconcursos.com.br\/cursos\/\" target=\"_blank\" rel=\"noopener noreferrer\">Conhe\u00e7a mais<\/a><\/div>\n<\/div>\n\n<\/div>\n<\/div>\n<\/div>\n\n\n\n<h2 class=\"wp-block-heading has-text-align-center\" id=\"h-quer-saber-tudo-sobre-concursos-previstos-confira-nossos-artigos\">Quer saber tudo sobre concursos previstos? Confira nossos artigos!<\/h2>\n\n\n\n<ul class=\"wp-block-list\">\n<li><a href=\"https:\/\/www.estrategiaconcursos.com.br\/blog\/concursos-abertos\/\" target=\"_blank\" rel=\"noreferrer noopener\">Concursos abertos<\/a><\/li>\n\n\n\n<li><a href=\"https:\/\/www.estrategiaconcursos.com.br\/blog\/concursos-2024\/\" target=\"_blank\" rel=\"noreferrer noopener\">Concursos 2024<\/a><\/li>\n<\/ul>\n","protected":false},"excerpt":{"rendered":"<p>A partir desta quarta-feira, 3 de abril, professores e servidores devem paralisar as atividades de cerca de 230 institui\u00e7\u00f5es da rede de ensino federal. A greve \u00e9 motivada pelo pleito de reajuste salarial, reestrutura\u00e7\u00e3o dos\u00a0planos de carreiras, mais\u00a0investimentos nas institui\u00e7\u00f5es\u00a0e\u00a0realiza\u00e7\u00e3o de um concurso\u00a0para contrata\u00e7\u00e3o de mais trabalhadores. A paralisa\u00e7\u00e3o&nbsp;foi definida em assembleia&nbsp;plena do Sindicato Nacional [&hellip;]<\/p>\n","protected":false},"author":2375,"featured_media":1090639,"comment_status":"open","ping_status":"closed","sticky":false,"template":"","format":"standard","meta":{"post_tipo":"news","footnotes":""},"categories":[3766,220219],"tags":[],"tax_estado":[219963],"class_list":["post-1378682","post","type-post","status-publish","format-standard","has-post-thumbnail","hentry","category-educacional","category-noticias","tax_estado-concursos-federais"],"acf":[],"yoast_head":"<!-- This site is optimized with the Yoast SEO Premium plugin v27.2 (Yoast SEO v27.2) - https:\/\/yoast.com\/product\/yoast-seo-premium-wordpress\/ -->\n<title>Concursos Educa\u00e7\u00e3o: categoria anuncia greve geral; entenda<\/title>\n<meta name=\"description\" content=\"Concursos Educa\u00e7\u00e3o: Sindicato dos professores e servidores t\u00e9cnicos aprovou paralisa\u00e7\u00e3o por reajuste salarial.\" \/>\n<meta name=\"robots\" content=\"index, follow, max-snippet:-1, max-image-preview:large, max-video-preview:-1\" \/>\n<link rel=\"canonical\" href=\"https:\/\/www.estrategiaconcursos.com.br\/blog\/concursos-educacao-greve-por-reajuste-salarial-e-novo-certame\/\" \/>\n<meta property=\"og:locale\" content=\"pt_BR\" \/>\n<meta property=\"og:type\" content=\"article\" \/>\n<meta property=\"og:title\" content=\"Concursos Educa\u00e7\u00e3o: categoria anuncia greve geral; entenda\" \/>\n<meta property=\"og:description\" content=\"Concursos Educa\u00e7\u00e3o: Sindicato dos professores e servidores t\u00e9cnicos aprovou paralisa\u00e7\u00e3o por reajuste salarial.\" \/>\n<meta property=\"og:url\" content=\"https:\/\/www.estrategiaconcursos.com.br\/blog\/concursos-educacao-greve-por-reajuste-salarial-e-novo-certame\/\" \/>\n<meta property=\"og:site_name\" content=\"Estrat\u00e9gia Concursos\" \/>\n<meta property=\"article:published_time\" content=\"2024-04-03T17:49:05+00:00\" \/>\n<meta property=\"article:modified_time\" content=\"2024-04-04T12:28:08+00:00\" \/>\n<meta property=\"og:image\" content=\"https:\/\/dhg1h5j42swfq.cloudfront.net\/2022\/09\/06185737\/concursos_educacao.jpg\" \/>\n\t<meta property=\"og:image:width\" content=\"768\" \/>\n\t<meta property=\"og:image:height\" content=\"432\" \/>\n\t<meta property=\"og:image:type\" content=\"image\/jpeg\" \/>\n<meta name=\"author\" content=\"Priscila Almeida\" \/>\n<meta name=\"twitter:card\" content=\"summary_large_image\" \/>\n<meta name=\"twitter:creator\" content=\"@EstratConcursos\" \/>\n<meta name=\"twitter:site\" content=\"@EstratConcursos\" \/>\n<meta name=\"twitter:label1\" content=\"Escrito por\" \/>\n\t<meta name=\"twitter:data1\" content=\"Priscila Almeida\" \/>\n\t<meta name=\"twitter:label2\" content=\"Est. tempo de leitura\" \/>\n\t<meta name=\"twitter:data2\" content=\"2 minutos\" \/>\n<script type=\"application\/ld+json\" class=\"yoast-schema-graph\">{\"@context\":\"https:\/\/schema.org\",\"@graph\":[{\"@type\":\"NewsArticle\",\"@id\":\"https:\/\/www.estrategiaconcursos.com.br\/blog\/concursos-educacao-greve-por-reajuste-salarial-e-novo-certame\/#article\",\"isPartOf\":{\"@id\":\"https:\/\/www.estrategiaconcursos.com.br\/blog\/concursos-educacao-greve-por-reajuste-salarial-e-novo-certame\/\"},\"author\":{\"name\":\"Priscila Almeida\",\"@id\":\"https:\/\/www.estrategiaconcursos.com.br\/blog\/#\/schema\/person\/a06e841e501f2e1d8c49c4e8f066bfd1\"},\"headline\":\"Concursos Educa\u00e7\u00e3o: categoria anuncia greve geral; entenda\",\"datePublished\":\"2024-04-03T17:49:05+00:00\",\"dateModified\":\"2024-04-04T12:28:08+00:00\",\"mainEntityOfPage\":{\"@id\":\"https:\/\/www.estrategiaconcursos.com.br\/blog\/concursos-educacao-greve-por-reajuste-salarial-e-novo-certame\/\"},\"wordCount\":407,\"commentCount\":0,\"publisher\":{\"@id\":\"https:\/\/www.estrategiaconcursos.com.br\/blog\/#organization\"},\"image\":{\"@id\":\"https:\/\/www.estrategiaconcursos.com.br\/blog\/concursos-educacao-greve-por-reajuste-salarial-e-novo-certame\/#primaryimage\"},\"thumbnailUrl\":\"https:\/\/dhg1h5j42swfq.cloudfront.net\/2022\/09\/06185737\/concursos_educacao.jpg\",\"articleSection\":[\"Educa\u00e7\u00e3o\",\"\u00daltimas not\u00edcias\"],\"inLanguage\":\"pt-BR\",\"potentialAction\":[{\"@type\":\"CommentAction\",\"name\":\"Comment\",\"target\":[\"https:\/\/www.estrategiaconcursos.com.br\/blog\/concursos-educacao-greve-por-reajuste-salarial-e-novo-certame\/#respond\"]}],\"copyrightYear\":\"2024\",\"copyrightHolder\":{\"@id\":\"https:\/\/www.estrategiaconcursos.com.br\/blog\/#organization\"}},{\"@type\":\"WebPage\",\"@id\":\"https:\/\/www.estrategiaconcursos.com.br\/blog\/concursos-educacao-greve-por-reajuste-salarial-e-novo-certame\/\",\"url\":\"https:\/\/www.estrategiaconcursos.com.br\/blog\/concursos-educacao-greve-por-reajuste-salarial-e-novo-certame\/\",\"name\":\"Concursos Educa\u00e7\u00e3o: categoria anuncia greve geral; entenda\",\"isPartOf\":{\"@id\":\"https:\/\/www.estrategiaconcursos.com.br\/blog\/#website\"},\"primaryImageOfPage\":{\"@id\":\"https:\/\/www.estrategiaconcursos.com.br\/blog\/concursos-educacao-greve-por-reajuste-salarial-e-novo-certame\/#primaryimage\"},\"image\":{\"@id\":\"https:\/\/www.estrategiaconcursos.com.br\/blog\/concursos-educacao-greve-por-reajuste-salarial-e-novo-certame\/#primaryimage\"},\"thumbnailUrl\":\"https:\/\/dhg1h5j42swfq.cloudfront.net\/2022\/09\/06185737\/concursos_educacao.jpg\",\"datePublished\":\"2024-04-03T17:49:05+00:00\",\"dateModified\":\"2024-04-04T12:28:08+00:00\",\"description\":\"Concursos Educa\u00e7\u00e3o: Sindicato dos professores e servidores t\u00e9cnicos aprovou paralisa\u00e7\u00e3o por reajuste salarial.\",\"breadcrumb\":{\"@id\":\"https:\/\/www.estrategiaconcursos.com.br\/blog\/concursos-educacao-greve-por-reajuste-salarial-e-novo-certame\/#breadcrumb\"},\"inLanguage\":\"pt-BR\",\"potentialAction\":[{\"@type\":\"ReadAction\",\"target\":[\"https:\/\/www.estrategiaconcursos.com.br\/blog\/concursos-educacao-greve-por-reajuste-salarial-e-novo-certame\/\"]}]},{\"@type\":\"ImageObject\",\"inLanguage\":\"pt-BR\",\"@id\":\"https:\/\/www.estrategiaconcursos.com.br\/blog\/concursos-educacao-greve-por-reajuste-salarial-e-novo-certame\/#primaryimage\",\"url\":\"https:\/\/dhg1h5j42swfq.cloudfront.net\/2022\/09\/06185737\/concursos_educacao.jpg\",\"contentUrl\":\"https:\/\/dhg1h5j42swfq.cloudfront.net\/2022\/09\/06185737\/concursos_educacao.jpg\",\"width\":768,\"height\":432,\"caption\":\"Concurso SME Indaial SP\"},{\"@type\":\"BreadcrumbList\",\"@id\":\"https:\/\/www.estrategiaconcursos.com.br\/blog\/concursos-educacao-greve-por-reajuste-salarial-e-novo-certame\/#breadcrumb\",\"itemListElement\":[{\"@type\":\"ListItem\",\"position\":1,\"name\":\"In\u00edcio\",\"item\":\"https:\/\/www.estrategiaconcursos.com.br\/blog\/\"},{\"@type\":\"ListItem\",\"position\":2,\"name\":\"Concursos Educa\u00e7\u00e3o: categoria anuncia greve geral; entenda\"}]},{\"@type\":\"WebSite\",\"@id\":\"https:\/\/www.estrategiaconcursos.com.br\/blog\/#website\",\"url\":\"https:\/\/www.estrategiaconcursos.com.br\/blog\/\",\"name\":\"Estrat\u00e9gia Concursos\",\"description\":\"O blog da Estrat\u00e9gia Concursos traz not\u00edcias sobre concursos e artigos de professores oferecendo cursos para concursos (pdf + videaulas) no site.\",\"publisher\":{\"@id\":\"https:\/\/www.estrategiaconcursos.com.br\/blog\/#organization\"},\"potentialAction\":[{\"@type\":\"SearchAction\",\"target\":{\"@type\":\"EntryPoint\",\"urlTemplate\":\"https:\/\/www.estrategiaconcursos.com.br\/blog\/?s={search_term_string}\"},\"query-input\":{\"@type\":\"PropertyValueSpecification\",\"valueRequired\":true,\"valueName\":\"search_term_string\"}}],\"inLanguage\":\"pt-BR\"},{\"@type\":\"Organization\",\"@id\":\"https:\/\/www.estrategiaconcursos.com.br\/blog\/#organization\",\"name\":\"Estrat\u00e9gia Concursos\",\"url\":\"https:\/\/www.estrategiaconcursos.com.br\/blog\/\",\"logo\":{\"@type\":\"ImageObject\",\"inLanguage\":\"pt-BR\",\"@id\":\"https:\/\/www.estrategiaconcursos.com.br\/blog\/#\/schema\/logo\/image\/\",\"url\":\"https:\/\/dhg1h5j42swfq.cloudfront.net\/2025\/06\/03203428\/logo_concursos-1.jpg\",\"contentUrl\":\"https:\/\/dhg1h5j42swfq.cloudfront.net\/2025\/06\/03203428\/logo_concursos-1.jpg\",\"width\":230,\"height\":60,\"caption\":\"Estrat\u00e9gia Concursos\"},\"image\":{\"@id\":\"https:\/\/www.estrategiaconcursos.com.br\/blog\/#\/schema\/logo\/image\/\"},\"sameAs\":[\"https:\/\/x.com\/EstratConcursos\"]},{\"@type\":\"Person\",\"@id\":\"https:\/\/www.estrategiaconcursos.com.br\/blog\/#\/schema\/person\/a06e841e501f2e1d8c49c4e8f066bfd1\",\"name\":\"Priscila Almeida\",\"image\":{\"@type\":\"ImageObject\",\"inLanguage\":\"pt-BR\",\"@id\":\"https:\/\/secure.gravatar.com\/avatar\/0a963c9e2a947fa675b669cea2b5d0ba6dd1cbf46b966190343b6c9973ad3337?s=96&d=mm&r=g\",\"url\":\"https:\/\/secure.gravatar.com\/avatar\/0a963c9e2a947fa675b669cea2b5d0ba6dd1cbf46b966190343b6c9973ad3337?s=96&d=mm&r=g\",\"contentUrl\":\"https:\/\/secure.gravatar.com\/avatar\/0a963c9e2a947fa675b669cea2b5d0ba6dd1cbf46b966190343b6c9973ad3337?s=96&d=mm&r=g\",\"caption\":\"Priscila Almeida\"},\"description\":\"Atua na \u00e1rea de concursos p\u00fablicos desde 2019. As editorias que mais t\u00eam familiaridade s\u00e3o: Tribunais (TJs; TRTs; TREs; TSTs; STJ, STF, STM e TSE); Defensorias; Minist\u00e9rios P\u00fablicos; Procuradorias; Educa\u00e7\u00e3o e Conselhos. Na \u00e1rea de comunica\u00e7\u00e3o, de maneira geral, a caminhada \u00e9 um pouco mais longa - desde 2007. Possui experi\u00eancia em reda\u00e7\u00f5es de r\u00e1dio, TV, Web e impresso, al\u00e9m de desenvolver trabalhos em assessorias de comunica\u00e7\u00e3o institucional, empresarial e p\u00fablicas. Entre outros trabalhos, se destacam a atua\u00e7\u00e3o nas \u00e1reas de Justi\u00e7a, Congresso, Esportes, Sa\u00fade, Agropecu\u00e1ria, Cidades e Avia\u00e7\u00e3o Civil.\",\"url\":\"https:\/\/www.estrategiaconcursos.com.br\/blog\/author\/priscila-almeidaestrategia-com\/\"}]}<\/script>\n<!-- \/ Yoast SEO Premium plugin. -->","yoast_head_json":{"title":"Concursos Educa\u00e7\u00e3o: categoria anuncia greve geral; entenda","description":"Concursos Educa\u00e7\u00e3o: Sindicato dos professores e servidores t\u00e9cnicos aprovou paralisa\u00e7\u00e3o por reajuste salarial.","robots":{"index":"index","follow":"follow","max-snippet":"max-snippet:-1","max-image-preview":"max-image-preview:large","max-video-preview":"max-video-preview:-1"},"canonical":"https:\/\/www.estrategiaconcursos.com.br\/blog\/concursos-educacao-greve-por-reajuste-salarial-e-novo-certame\/","og_locale":"pt_BR","og_type":"article","og_title":"Concursos Educa\u00e7\u00e3o: categoria anuncia greve geral; entenda","og_description":"Concursos Educa\u00e7\u00e3o: Sindicato dos professores e servidores t\u00e9cnicos aprovou paralisa\u00e7\u00e3o por reajuste salarial.","og_url":"https:\/\/www.estrategiaconcursos.com.br\/blog\/concursos-educacao-greve-por-reajuste-salarial-e-novo-certame\/","og_site_name":"Estrat\u00e9gia Concursos","article_published_time":"2024-04-03T17:49:05+00:00","article_modified_time":"2024-04-04T12:28:08+00:00","og_image":[{"width":768,"height":432,"url":"https:\/\/dhg1h5j42swfq.cloudfront.net\/2022\/09\/06185737\/concursos_educacao.jpg","type":"image\/jpeg"}],"author":"Priscila Almeida","twitter_card":"summary_large_image","twitter_creator":"@EstratConcursos","twitter_site":"@EstratConcursos","twitter_misc":{"Escrito por":"Priscila Almeida","Est. tempo de leitura":"2 minutos"},"schema":{"@context":"https:\/\/schema.org","@graph":[{"@type":"NewsArticle","@id":"https:\/\/www.estrategiaconcursos.com.br\/blog\/concursos-educacao-greve-por-reajuste-salarial-e-novo-certame\/#article","isPartOf":{"@id":"https:\/\/www.estrategiaconcursos.com.br\/blog\/concursos-educacao-greve-por-reajuste-salarial-e-novo-certame\/"},"author":{"name":"Priscila Almeida","@id":"https:\/\/www.estrategiaconcursos.com.br\/blog\/#\/schema\/person\/a06e841e501f2e1d8c49c4e8f066bfd1"},"headline":"Concursos Educa\u00e7\u00e3o: categoria anuncia greve geral; entenda","datePublished":"2024-04-03T17:49:05+00:00","dateModified":"2024-04-04T12:28:08+00:00","mainEntityOfPage":{"@id":"https:\/\/www.estrategiaconcursos.com.br\/blog\/concursos-educacao-greve-por-reajuste-salarial-e-novo-certame\/"},"wordCount":407,"commentCount":0,"publisher":{"@id":"https:\/\/www.estrategiaconcursos.com.br\/blog\/#organization"},"image":{"@id":"https:\/\/www.estrategiaconcursos.com.br\/blog\/concursos-educacao-greve-por-reajuste-salarial-e-novo-certame\/#primaryimage"},"thumbnailUrl":"https:\/\/dhg1h5j42swfq.cloudfront.net\/2022\/09\/06185737\/concursos_educacao.jpg","articleSection":["Educa\u00e7\u00e3o","\u00daltimas not\u00edcias"],"inLanguage":"pt-BR","potentialAction":[{"@type":"CommentAction","name":"Comment","target":["https:\/\/www.estrategiaconcursos.com.br\/blog\/concursos-educacao-greve-por-reajuste-salarial-e-novo-certame\/#respond"]}],"copyrightYear":"2024","copyrightHolder":{"@id":"https:\/\/www.estrategiaconcursos.com.br\/blog\/#organization"}},{"@type":"WebPage","@id":"https:\/\/www.estrategiaconcursos.com.br\/blog\/concursos-educacao-greve-por-reajuste-salarial-e-novo-certame\/","url":"https:\/\/www.estrategiaconcursos.com.br\/blog\/concursos-educacao-greve-por-reajuste-salarial-e-novo-certame\/","name":"Concursos Educa\u00e7\u00e3o: categoria anuncia greve geral; entenda","isPartOf":{"@id":"https:\/\/www.estrategiaconcursos.com.br\/blog\/#website"},"primaryImageOfPage":{"@id":"https:\/\/www.estrategiaconcursos.com.br\/blog\/concursos-educacao-greve-por-reajuste-salarial-e-novo-certame\/#primaryimage"},"image":{"@id":"https:\/\/www.estrategiaconcursos.com.br\/blog\/concursos-educacao-greve-por-reajuste-salarial-e-novo-certame\/#primaryimage"},"thumbnailUrl":"https:\/\/dhg1h5j42swfq.cloudfront.net\/2022\/09\/06185737\/concursos_educacao.jpg","datePublished":"2024-04-03T17:49:05+00:00","dateModified":"2024-04-04T12:28:08+00:00","description":"Concursos Educa\u00e7\u00e3o: Sindicato dos professores e servidores t\u00e9cnicos aprovou paralisa\u00e7\u00e3o por reajuste salarial.","breadcrumb":{"@id":"https:\/\/www.estrategiaconcursos.com.br\/blog\/concursos-educacao-greve-por-reajuste-salarial-e-novo-certame\/#breadcrumb"},"inLanguage":"pt-BR","potentialAction":[{"@type":"ReadAction","target":["https:\/\/www.estrategiaconcursos.com.br\/blog\/concursos-educacao-greve-por-reajuste-salarial-e-novo-certame\/"]}]},{"@type":"ImageObject","inLanguage":"pt-BR","@id":"https:\/\/www.estrategiaconcursos.com.br\/blog\/concursos-educacao-greve-por-reajuste-salarial-e-novo-certame\/#primaryimage","url":"https:\/\/dhg1h5j42swfq.cloudfront.net\/2022\/09\/06185737\/concursos_educacao.jpg","contentUrl":"https:\/\/dhg1h5j42swfq.cloudfront.net\/2022\/09\/06185737\/concursos_educacao.jpg","width":768,"height":432,"caption":"Concurso SME Indaial SP"},{"@type":"BreadcrumbList","@id":"https:\/\/www.estrategiaconcursos.com.br\/blog\/concursos-educacao-greve-por-reajuste-salarial-e-novo-certame\/#breadcrumb","itemListElement":[{"@type":"ListItem","position":1,"name":"In\u00edcio","item":"https:\/\/www.estrategiaconcursos.com.br\/blog\/"},{"@type":"ListItem","position":2,"name":"Concursos Educa\u00e7\u00e3o: categoria anuncia greve geral; entenda"}]},{"@type":"WebSite","@id":"https:\/\/www.estrategiaconcursos.com.br\/blog\/#website","url":"https:\/\/www.estrategiaconcursos.com.br\/blog\/","name":"Estrat\u00e9gia Concursos","description":"O blog da Estrat\u00e9gia Concursos traz not\u00edcias sobre concursos e artigos de professores oferecendo cursos para concursos (pdf + videaulas) no site.","publisher":{"@id":"https:\/\/www.estrategiaconcursos.com.br\/blog\/#organization"},"potentialAction":[{"@type":"SearchAction","target":{"@type":"EntryPoint","urlTemplate":"https:\/\/www.estrategiaconcursos.com.br\/blog\/?s={search_term_string}"},"query-input":{"@type":"PropertyValueSpecification","valueRequired":true,"valueName":"search_term_string"}}],"inLanguage":"pt-BR"},{"@type":"Organization","@id":"https:\/\/www.estrategiaconcursos.com.br\/blog\/#organization","name":"Estrat\u00e9gia Concursos","url":"https:\/\/www.estrategiaconcursos.com.br\/blog\/","logo":{"@type":"ImageObject","inLanguage":"pt-BR","@id":"https:\/\/www.estrategiaconcursos.com.br\/blog\/#\/schema\/logo\/image\/","url":"https:\/\/dhg1h5j42swfq.cloudfront.net\/2025\/06\/03203428\/logo_concursos-1.jpg","contentUrl":"https:\/\/dhg1h5j42swfq.cloudfront.net\/2025\/06\/03203428\/logo_concursos-1.jpg","width":230,"height":60,"caption":"Estrat\u00e9gia Concursos"},"image":{"@id":"https:\/\/www.estrategiaconcursos.com.br\/blog\/#\/schema\/logo\/image\/"},"sameAs":["https:\/\/x.com\/EstratConcursos"]},{"@type":"Person","@id":"https:\/\/www.estrategiaconcursos.com.br\/blog\/#\/schema\/person\/a06e841e501f2e1d8c49c4e8f066bfd1","name":"Priscila Almeida","image":{"@type":"ImageObject","inLanguage":"pt-BR","@id":"https:\/\/secure.gravatar.com\/avatar\/0a963c9e2a947fa675b669cea2b5d0ba6dd1cbf46b966190343b6c9973ad3337?s=96&d=mm&r=g","url":"https:\/\/secure.gravatar.com\/avatar\/0a963c9e2a947fa675b669cea2b5d0ba6dd1cbf46b966190343b6c9973ad3337?s=96&d=mm&r=g","contentUrl":"https:\/\/secure.gravatar.com\/avatar\/0a963c9e2a947fa675b669cea2b5d0ba6dd1cbf46b966190343b6c9973ad3337?s=96&d=mm&r=g","caption":"Priscila Almeida"},"description":"Atua na \u00e1rea de concursos p\u00fablicos desde 2019. As editorias que mais t\u00eam familiaridade s\u00e3o: Tribunais (TJs; TRTs; TREs; TSTs; STJ, STF, STM e TSE); Defensorias; Minist\u00e9rios P\u00fablicos; Procuradorias; Educa\u00e7\u00e3o e Conselhos. Na \u00e1rea de comunica\u00e7\u00e3o, de maneira geral, a caminhada \u00e9 um pouco mais longa - desde 2007. Possui experi\u00eancia em reda\u00e7\u00f5es de r\u00e1dio, TV, Web e impresso, al\u00e9m de desenvolver trabalhos em assessorias de comunica\u00e7\u00e3o institucional, empresarial e p\u00fablicas. Entre outros trabalhos, se destacam a atua\u00e7\u00e3o nas \u00e1reas de Justi\u00e7a, Congresso, Esportes, Sa\u00fade, Agropecu\u00e1ria, Cidades e Avia\u00e7\u00e3o Civil.","url":"https:\/\/www.estrategiaconcursos.com.br\/blog\/author\/priscila-almeidaestrategia-com\/"}]}},"_links":{"self":[{"href":"https:\/\/www.estrategiaconcursos.com.br\/blog\/wp-json\/wp\/v2\/posts\/1378682","targetHints":{"allow":["GET"]}}],"collection":[{"href":"https:\/\/www.estrategiaconcursos.com.br\/blog\/wp-json\/wp\/v2\/posts"}],"about":[{"href":"https:\/\/www.estrategiaconcursos.com.br\/blog\/wp-json\/wp\/v2\/types\/post"}],"author":[{"embeddable":true,"href":"https:\/\/www.estrategiaconcursos.com.br\/blog\/wp-json\/wp\/v2\/users\/2375"}],"replies":[{"embeddable":true,"href":"https:\/\/www.estrategiaconcursos.com.br\/blog\/wp-json\/wp\/v2\/comments?post=1378682"}],"version-history":[{"count":5,"href":"https:\/\/www.estrategiaconcursos.com.br\/blog\/wp-json\/wp\/v2\/posts\/1378682\/revisions"}],"predecessor-version":[{"id":1378918,"href":"https:\/\/www.estrategiaconcursos.com.br\/blog\/wp-json\/wp\/v2\/posts\/1378682\/revisions\/1378918"}],"wp:featuredmedia":[{"embeddable":true,"href":"https:\/\/www.estrategiaconcursos.com.br\/blog\/wp-json\/wp\/v2\/media\/1090639"}],"wp:attachment":[{"href":"https:\/\/www.estrategiaconcursos.com.br\/blog\/wp-json\/wp\/v2\/media?parent=1378682"}],"wp:term":[{"taxonomy":"category","embeddable":true,"href":"https:\/\/www.estrategiaconcursos.com.br\/blog\/wp-json\/wp\/v2\/categories?post=1378682"},{"taxonomy":"post_tag","embeddable":true,"href":"https:\/\/www.estrategiaconcursos.com.br\/blog\/wp-json\/wp\/v2\/tags?post=1378682"},{"taxonomy":"tax_estado","embeddable":true,"href":"https:\/\/www.estrategiaconcursos.com.br\/blog\/wp-json\/wp\/v2\/tax_estado?post=1378682"}],"curies":[{"name":"wp","href":"https:\/\/api.w.org\/{rel}","templated":true}]}}