{"id":1378615,"date":"2024-04-03T13:46:40","date_gmt":"2024-04-03T16:46:40","guid":{"rendered":"https:\/\/www.estrategiaconcursos.com.br\/blog\/?p=1378615"},"modified":"2024-04-03T14:21:04","modified_gmt":"2024-04-03T17:21:04","slug":"trabalhando-para-isso-reforca-ministra-sobre-cnu-em-2025","status":"publish","type":"post","link":"https:\/\/www.estrategiaconcursos.com.br\/blog\/trabalhando-para-isso-reforca-ministra-sobre-cnu-em-2025\/","title":{"rendered":"&#8220;Trabalhando para isso&#8221;, refor\u00e7a ministra sobre CNU em 2025"},"content":{"rendered":"\n<p>Em recente entrevista\u00a0concedida ao jornal Valor Econ\u00f4mico, a ministra da Gest\u00e3o e Inova\u00e7\u00e3o em Servi\u00e7os P\u00fablicos, <strong>Esther Dweck<\/strong>, refor\u00e7ou o planejamento para a realiza\u00e7\u00e3o do <strong>Concurso Nacional Unificado (CNU) <\/strong>em 2025. <\/p>\n\n\n\n<p><em>&#8220;O dif\u00edcil \u00e9 juntar muitas vagas para fazer um novo concurso, mas estamos trabalhando para isso&#8221;<\/em>, <a href=\"https:\/\/valor.globo.com\/brasil\/concursos-publicos\/post\/2024\/04\/ideal-e-que-servidor-atinja-topo-da-carreira-em-20-anos-defende-dweck.ghtml\" target=\"_blank\" rel=\"noreferrer noopener\">reafirmou<\/a>.<\/p>\n\n\n\n<p>Al\u00e9m disso, tamb\u00e9m pontuou a necessidade de <strong>revis\u00e3o no sistema de progress\u00e3o de carreira<\/strong>, defendendo que os funcion\u00e1rios p\u00fablicos devem alcan\u00e7ar o auge de suas carreiras ao longo de um per\u00edodo de<strong> 20 anos.<\/strong><\/p>\n\n\n\n<p><em>&#8220;O ideal \u00e9 que o servidor atinja o topo da carreira em 20 anos. Obviamente que a pessoa que j\u00e1 est\u00e1 com 15 ou 20 anos de servi\u00e7o p\u00fablico come\u00e7a a ocupar cargos [de confian\u00e7a, com remunera\u00e7\u00e3o adicional], tendo um aumento salarial que vai para al\u00e9m da progress\u00e3o. Estamos discutindo que o crit\u00e9rio para a progress\u00e3o n\u00e3o seja \u00fanica e exclusivamente o tempo de servi\u00e7o. Isso \u00e9 algo que estar\u00e1 na portaria que soltaremos. O ideal s\u00e3o carreiras com mais tempo para chegar no topo e mais alongadas&#8221;<\/em>, disse.<\/p>\n\n\n\n<figure class=\"wp-block-image aligncenter size-full is-resized\"><img loading=\"lazy\" decoding=\"async\" width=\"704\" height=\"626\" src=\"https:\/\/dhg1h5j42swfq.cloudfront.net\/2024\/04\/03133715\/captura-de-tela-2024-04-03-134016.png\" alt=\"&quot;Trabalhando para isso&quot;, refor\u00e7a ministra sobre CNU em 2025\" class=\"wp-image-1378631\" style=\"width:716px;height:auto\" srcset=\"https:\/\/dhg1h5j42swfq.cloudfront.net\/2024\/04\/03133715\/captura-de-tela-2024-04-03-134016.png 704w, https:\/\/dhg1h5j42swfq.cloudfront.net\/2024\/04\/03133715\/captura-de-tela-2024-04-03-134016-300x267.png 300w, https:\/\/dhg1h5j42swfq.cloudfront.net\/2024\/04\/03133715\/captura-de-tela-2024-04-03-134016-610x542.png 610w, https:\/\/dhg1h5j42swfq.cloudfront.net\/2024\/04\/03133715\/captura-de-tela-2024-04-03-134016-150x133.png 150w\" sizes=\"auto, (max-width: 704px) 100vw, 704px\" \/><figcaption class=\"wp-element-caption\">&#8220;Trabalhando para isso&#8221;, refor\u00e7a ministra sobre CNU em 2025 | Imagem: Esther Dweck, via Instagram<\/figcaption><\/figure>\n\n\n\n<h3 class=\"wp-block-heading\" id=\"h-madonna-ou-enem-dos-concursos\">Madonna ou &#8220;Enem dos Concursos&#8221;?<\/h3>\n\n\n\n<p>Como noticiado recentemente, a cantora <strong>Madonna <\/strong>realizar\u00e1 um&nbsp;show gratuito na <strong>Praia de Copacabana<\/strong>, zona sul do Rio de Janeiro, no mesmo fim de semana que as provas do CNU ser\u00e3o aplicadas.<\/p>\n\n\n\n<p>Quanto \u00e0 coincid\u00eancia, Dweck comentou sua rea\u00e7\u00e3o ao receber a not\u00edcia. &#8220;<em>Nada contra a &#8216;rainha do pop&#8217;. Mas um espet\u00e1culo desse porte poderia criar transtornos para os milhares de inscritos no Rio de Janeiro para o Concurso Nacional Unificado. Mas depois vimos que n\u00e3o afeta. \u00c9 no dia anterior [ao exame]<\/em>&#8220;, contou.<\/p>\n\n\n\n<p>Apesar disso, a ministra destacou que enviou uma mensagem para todas as prefeituras dos <strong>220 munic\u00edpios onde ser\u00e3o realizadas as provas no dia 5 de maio<\/strong>, pedindo que n\u00e3o promovam grandes eventos no dia do concurso. <\/p>\n\n\n\n<p>Para o governo federal, \u00e9 prefer\u00edvel que as autoridades e as for\u00e7as de seguran\u00e7a dessas localidades se dediquem \u00e0 realiza\u00e7\u00e3o do concurso que ir\u00e1 selecionar mais de <strong>6 mil servidores para diferentes \u00f3rg\u00e3os federais<\/strong>.<\/p>\n\n\n\n<h3 class=\"wp-block-heading\" id=\"h-exigencia-aos-futuros-aprovados-do-cnu\">Exig\u00eancia aos futuros aprovados do CNU<\/h3>\n\n\n\n<p>O <strong>Curso de Forma\u00e7\u00e3o<\/strong> ser\u00e1 exigido para todos os aprovados. Desta forma, a ministra enfatizou que a inten\u00e7\u00e3o ser\u00e1 que o concursado &#8220;<em>rode em um per\u00edodo de est\u00e1gio probat\u00f3rio para tamb\u00e9m entender qual \u00e9 a \u00e1rea que ele tem mais afinidade e possa ser selecionado pelo chefe<\/em>&#8220;. <\/p>\n\n\n\n<p>&#8220;<em>Uma ideia \u00e9 que passem um tempinho nesse per\u00edodo de est\u00e1gio probat\u00f3rio em um munic\u00edpio bem pobre no Brasil para conhecer um pouco a realidade brasileira<\/em>&#8220;, disse.<\/p>\n\n\n\n<p>Vale lembrar que, com provas marcadas para daqui a pouco mais de um m\u00eas, o Concurso Nacional Unificado recebeu mais de <strong>2 milh\u00f5es de inscri\u00e7\u00f5es<\/strong>. Sobre o marco, Esther comentou o balan\u00e7o que j\u00e1 \u00e9 poss\u00edvel fazer.<\/p>\n\n\n\n<p>&#8220;<em>Achamos que foi uma decis\u00e3o muito acertada de fazer isso, por todos os n\u00fameros das inscri\u00e7\u00f5es, da representatividade. Ele ficou muito mais barato do que se eu fizesse v\u00e1rios concursos individualizados. E acho que conseguimos tirar a d\u00favida de como fazer um concurso unificado e cobrar conhecimento espec\u00edfico. Algumas \u00e1reas tiveram medo de entrar e n\u00e3o conseguirem ter servidores com aquele conhecimento espec\u00edfico na \u00e1rea, mas acho que isso foi dirimido pela maneira como foi organizado. Agora, estamos trabalhando muito na seguran\u00e7a&#8221;, <\/em>disse.<\/p>\n\n\n\n<p>Vale lembrar que s\u00e3o ofertadas&nbsp;<strong>6.640 vagas<\/strong>&nbsp;imediatas para diversas autarquias e minist\u00e9rios. Dentre as oportunidades est\u00e3o fun\u00e7\u00f5es de n\u00edveis m\u00e9dio, t\u00e9cnico e superior,&nbsp;<strong>com ganhos iniciais de at\u00e9 R$ 22,9 mil!<\/strong><\/p>\n\n\n\n<p class=\"has-text-align-center\">Para saber mais sobre o Concurso Nacional Unificado (CNU), em que a ministra refor\u00e7ou a inten\u00e7\u00e3o de realizar um novo edital em 2025, acesse ao link abaixo:<\/p>\n\n\n\n<p class=\"has-text-align-center has-background has-medium-font-size\" style=\"background-color:#b0dbf7\"><strong>Saiba mais: <a href=\"https:\/\/www.estrategiaconcursos.com.br\/blog\/concurso-nacional-unificado\/\" target=\"_blank\" rel=\"noreferrer noopener\">Enem dos Concursos<\/a><\/strong><\/p>\n\n\n\n<hr class=\"wp-block-separator has-alpha-channel-opacity\"\/>\n\n\n\n<h2 class=\"wp-block-heading has-text-align-center\" id=\"cursos-assinatura\"><em>Quer estudar para o Concurso Nacional Unificado?<\/em><\/h2>\n\n\n\n<div class=\"container\" id=\"boxes\">\n  <div class=\"row\">\n\n    <div class=\"col-sm\">\n      <div class=\"banner-federais\" id=\"box-assinatura\">\n        <h2 class=\"titulo-assinatura\" style=\"text-align: left;\">Cursos para o CNU<\/h2>\n        <p class=\"subtitulo-assinatura\" style=\"text-align: left;\">Prepare-se para o &#8220;Enem dos Concursos&#8221;!<\/p>\n        <div class=\"box-botao\" style=\"text-align: left;\">\n          <a class=\"btn-assinatura\" target=\"_blank\" href=\"https:\/\/www.estrategiaconcursos.com.br\/cursosPorConcurso\/concurso-nacional-unificado-cnu\/\" role=\"button\" rel=\"noopener noreferrer\">Confira os pacotes!<\/a>\n        <\/div>\n      <\/div><\/div><\/div><\/div>\n\n\n\n<div class=\"container\" id=\"boxes\">\r\n  <div class=\"row\">\r\n\r\n    <div class=\"col-sm\">\r\n      <div class=\"estrategia\" id=\"box-assinatura\">\r\n        <h3 class=\"titulo-assinatura\">Assinatura Concursos<\/h3>\r\n        <p class=\"subtitulo-assinatura\">Assinatura de 1 ano ou 2 anos<\/p>\r\n        <div class=\"box-botao\">\r\n          <a class=\"btn-assinatura\" target=\"_blank\" href=\"https:\/\/www.estrategiaconcursos.com.br\/assinaturas\/\" role=\"button\" rel=\"noopener noreferrer\">ASSINE AGORA<\/a>\r\n        <\/div>\r\n      <\/div><\/div><\/div><\/div>\n\n\n\n<h2 class=\"wp-block-heading has-text-align-center\" id=\"h-quer-saber-tudo-sobre-concursos-previstos-confira-os-nossos-artigos\">Quer saber tudo sobre concursos previstos?<br \/>Confira os nossos artigos!<\/h2>\n\n\n\n<ul class=\"wp-block-list\">\n<li><a href=\"https:\/\/www.estrategiaconcursos.com.br\/blog\/concursos-abertos\/\" target=\"_blank\" rel=\"noreferrer noopener\">Concursos Abertos<\/a><\/li>\n\n\n\n<li><a href=\"https:\/\/www.estrategiaconcursos.com.br\/blog\/concursos-federais-2023\/\" target=\"_blank\" rel=\"noreferrer noopener\">Concursos Federais<\/a><\/li>\n\n\n\n<li><a href=\"https:\/\/www.estrategiaconcursos.com.br\/blog\/concursos-2024\/\" target=\"_blank\" rel=\"noreferrer noopener\">Concursos 2024<\/a><\/li>\n<\/ul>\n","protected":false},"excerpt":{"rendered":"<p>Em recente entrevista\u00a0concedida ao jornal Valor Econ\u00f4mico, a ministra da Gest\u00e3o e Inova\u00e7\u00e3o em Servi\u00e7os P\u00fablicos, Esther Dweck, refor\u00e7ou o planejamento para a realiza\u00e7\u00e3o do Concurso Nacional Unificado (CNU) em 2025. &#8220;O dif\u00edcil \u00e9 juntar muitas vagas para fazer um novo concurso, mas estamos trabalhando para isso&#8221;, reafirmou. Al\u00e9m disso, tamb\u00e9m pontuou a necessidade de [&hellip;]<\/p>\n","protected":false},"author":2018,"featured_media":1270513,"comment_status":"open","ping_status":"closed","sticky":false,"template":"","format":"standard","meta":{"post_tipo":"news","footnotes":""},"categories":[214992,220219],"tags":[],"tax_estado":[219963],"class_list":["post-1378615","post","type-post","status-publish","format-standard","has-post-thumbnail","hentry","category-concursos-administrativos","category-noticias","tax_estado-concursos-federais"],"acf":[],"yoast_head":"<!-- This site is optimized with the Yoast SEO Premium plugin v27.2 (Yoast SEO v27.2) - https:\/\/yoast.com\/product\/yoast-seo-premium-wordpress\/ -->\n<title>&quot;Trabalhando para isso&quot;, refor\u00e7a ministra sobre CNU em 2025<\/title>\n<meta name=\"description\" content=\"Entenda os planos do Concurso Nacional Unificado (CNU) para 2025 e as propostas de revis\u00e3o no sistema de progress\u00e3o de carreira.\" \/>\n<meta name=\"robots\" content=\"index, follow, max-snippet:-1, max-image-preview:large, max-video-preview:-1\" \/>\n<link rel=\"canonical\" href=\"https:\/\/www.estrategiaconcursos.com.br\/blog\/trabalhando-para-isso-reforca-ministra-sobre-cnu-em-2025\/\" \/>\n<meta property=\"og:locale\" content=\"pt_BR\" \/>\n<meta property=\"og:type\" content=\"article\" \/>\n<meta property=\"og:title\" content=\"&quot;Trabalhando para isso&quot;, refor\u00e7a ministra sobre CNU em 2025\" \/>\n<meta property=\"og:description\" content=\"Entenda os planos do Concurso Nacional Unificado (CNU) para 2025 e as propostas de revis\u00e3o no sistema de progress\u00e3o de carreira.\" \/>\n<meta property=\"og:url\" content=\"https:\/\/www.estrategiaconcursos.com.br\/blog\/trabalhando-para-isso-reforca-ministra-sobre-cnu-em-2025\/\" \/>\n<meta property=\"og:site_name\" content=\"Estrat\u00e9gia Concursos\" \/>\n<meta property=\"article:published_time\" content=\"2024-04-03T16:46:40+00:00\" \/>\n<meta property=\"article:modified_time\" content=\"2024-04-03T17:21:04+00:00\" \/>\n<meta property=\"og:image\" content=\"https:\/\/dhg1h5j42swfq.cloudfront.net\/2023\/08\/29075651\/concurso-nacional-unificado.jpg\" \/>\n\t<meta property=\"og:image:width\" content=\"768\" \/>\n\t<meta property=\"og:image:height\" content=\"432\" \/>\n\t<meta property=\"og:image:type\" content=\"image\/jpeg\" \/>\n<meta name=\"author\" content=\"B\u00e1rbara Carvalho Santos\" \/>\n<meta name=\"twitter:card\" content=\"summary_large_image\" \/>\n<meta name=\"twitter:creator\" content=\"@EstratConcursos\" \/>\n<meta name=\"twitter:site\" content=\"@EstratConcursos\" \/>\n<meta name=\"twitter:label1\" content=\"Escrito por\" \/>\n\t<meta name=\"twitter:data1\" content=\"B\u00e1rbara Carvalho Santos\" \/>\n\t<meta name=\"twitter:label2\" content=\"Est. tempo de leitura\" \/>\n\t<meta name=\"twitter:data2\" content=\"4 minutos\" \/>\n<script type=\"application\/ld+json\" class=\"yoast-schema-graph\">{\"@context\":\"https:\/\/schema.org\",\"@graph\":[{\"@type\":\"NewsArticle\",\"@id\":\"https:\/\/www.estrategiaconcursos.com.br\/blog\/trabalhando-para-isso-reforca-ministra-sobre-cnu-em-2025\/#article\",\"isPartOf\":{\"@id\":\"https:\/\/www.estrategiaconcursos.com.br\/blog\/trabalhando-para-isso-reforca-ministra-sobre-cnu-em-2025\/\"},\"author\":{\"name\":\"B\u00e1rbara Carvalho Santos\",\"@id\":\"https:\/\/www.estrategiaconcursos.com.br\/blog\/#\/schema\/person\/e3882259fa157d54c44c21f4ee4e0e60\"},\"headline\":\"&#8220;Trabalhando para isso&#8221;, refor\u00e7a ministra sobre CNU em 2025\",\"datePublished\":\"2024-04-03T16:46:40+00:00\",\"dateModified\":\"2024-04-03T17:21:04+00:00\",\"mainEntityOfPage\":{\"@id\":\"https:\/\/www.estrategiaconcursos.com.br\/blog\/trabalhando-para-isso-reforca-ministra-sobre-cnu-em-2025\/\"},\"wordCount\":720,\"commentCount\":0,\"publisher\":{\"@id\":\"https:\/\/www.estrategiaconcursos.com.br\/blog\/#organization\"},\"image\":{\"@id\":\"https:\/\/www.estrategiaconcursos.com.br\/blog\/trabalhando-para-isso-reforca-ministra-sobre-cnu-em-2025\/#primaryimage\"},\"thumbnailUrl\":\"https:\/\/dhg1h5j42swfq.cloudfront.net\/2023\/08\/29075651\/concurso-nacional-unificado.jpg\",\"articleSection\":[\"Executivo (Administrativa)\",\"\u00daltimas not\u00edcias\"],\"inLanguage\":\"pt-BR\",\"potentialAction\":[{\"@type\":\"CommentAction\",\"name\":\"Comment\",\"target\":[\"https:\/\/www.estrategiaconcursos.com.br\/blog\/trabalhando-para-isso-reforca-ministra-sobre-cnu-em-2025\/#respond\"]}],\"copyrightYear\":\"2024\",\"copyrightHolder\":{\"@id\":\"https:\/\/www.estrategiaconcursos.com.br\/blog\/#organization\"}},{\"@type\":\"WebPage\",\"@id\":\"https:\/\/www.estrategiaconcursos.com.br\/blog\/trabalhando-para-isso-reforca-ministra-sobre-cnu-em-2025\/\",\"url\":\"https:\/\/www.estrategiaconcursos.com.br\/blog\/trabalhando-para-isso-reforca-ministra-sobre-cnu-em-2025\/\",\"name\":\"\\\"Trabalhando para isso\\\", refor\u00e7a ministra sobre CNU em 2025\",\"isPartOf\":{\"@id\":\"https:\/\/www.estrategiaconcursos.com.br\/blog\/#website\"},\"primaryImageOfPage\":{\"@id\":\"https:\/\/www.estrategiaconcursos.com.br\/blog\/trabalhando-para-isso-reforca-ministra-sobre-cnu-em-2025\/#primaryimage\"},\"image\":{\"@id\":\"https:\/\/www.estrategiaconcursos.com.br\/blog\/trabalhando-para-isso-reforca-ministra-sobre-cnu-em-2025\/#primaryimage\"},\"thumbnailUrl\":\"https:\/\/dhg1h5j42swfq.cloudfront.net\/2023\/08\/29075651\/concurso-nacional-unificado.jpg\",\"datePublished\":\"2024-04-03T16:46:40+00:00\",\"dateModified\":\"2024-04-03T17:21:04+00:00\",\"description\":\"Entenda os planos do Concurso Nacional Unificado (CNU) para 2025 e as propostas de revis\u00e3o no sistema de progress\u00e3o de carreira.\",\"breadcrumb\":{\"@id\":\"https:\/\/www.estrategiaconcursos.com.br\/blog\/trabalhando-para-isso-reforca-ministra-sobre-cnu-em-2025\/#breadcrumb\"},\"inLanguage\":\"pt-BR\",\"potentialAction\":[{\"@type\":\"ReadAction\",\"target\":[\"https:\/\/www.estrategiaconcursos.com.br\/blog\/trabalhando-para-isso-reforca-ministra-sobre-cnu-em-2025\/\"]}]},{\"@type\":\"ImageObject\",\"inLanguage\":\"pt-BR\",\"@id\":\"https:\/\/www.estrategiaconcursos.com.br\/blog\/trabalhando-para-isso-reforca-ministra-sobre-cnu-em-2025\/#primaryimage\",\"url\":\"https:\/\/dhg1h5j42swfq.cloudfront.net\/2023\/08\/29075651\/concurso-nacional-unificado.jpg\",\"contentUrl\":\"https:\/\/dhg1h5j42swfq.cloudfront.net\/2023\/08\/29075651\/concurso-nacional-unificado.jpg\",\"width\":768,\"height\":432,\"caption\":\"CNU 2: saiu convoca\u00e7\u00e3o para Fase 6; cronograma atualizado\"},{\"@type\":\"BreadcrumbList\",\"@id\":\"https:\/\/www.estrategiaconcursos.com.br\/blog\/trabalhando-para-isso-reforca-ministra-sobre-cnu-em-2025\/#breadcrumb\",\"itemListElement\":[{\"@type\":\"ListItem\",\"position\":1,\"name\":\"In\u00edcio\",\"item\":\"https:\/\/www.estrategiaconcursos.com.br\/blog\/\"},{\"@type\":\"ListItem\",\"position\":2,\"name\":\"&#8220;Trabalhando para isso&#8221;, refor\u00e7a ministra sobre CNU em 2025\"}]},{\"@type\":\"WebSite\",\"@id\":\"https:\/\/www.estrategiaconcursos.com.br\/blog\/#website\",\"url\":\"https:\/\/www.estrategiaconcursos.com.br\/blog\/\",\"name\":\"Estrat\u00e9gia Concursos\",\"description\":\"O blog da Estrat\u00e9gia Concursos traz not\u00edcias sobre concursos e artigos de professores oferecendo cursos para concursos (pdf + videaulas) no site.\",\"publisher\":{\"@id\":\"https:\/\/www.estrategiaconcursos.com.br\/blog\/#organization\"},\"potentialAction\":[{\"@type\":\"SearchAction\",\"target\":{\"@type\":\"EntryPoint\",\"urlTemplate\":\"https:\/\/www.estrategiaconcursos.com.br\/blog\/?s={search_term_string}\"},\"query-input\":{\"@type\":\"PropertyValueSpecification\",\"valueRequired\":true,\"valueName\":\"search_term_string\"}}],\"inLanguage\":\"pt-BR\"},{\"@type\":\"Organization\",\"@id\":\"https:\/\/www.estrategiaconcursos.com.br\/blog\/#organization\",\"name\":\"Estrat\u00e9gia Concursos\",\"url\":\"https:\/\/www.estrategiaconcursos.com.br\/blog\/\",\"logo\":{\"@type\":\"ImageObject\",\"inLanguage\":\"pt-BR\",\"@id\":\"https:\/\/www.estrategiaconcursos.com.br\/blog\/#\/schema\/logo\/image\/\",\"url\":\"https:\/\/dhg1h5j42swfq.cloudfront.net\/2025\/06\/03203428\/logo_concursos-1.jpg\",\"contentUrl\":\"https:\/\/dhg1h5j42swfq.cloudfront.net\/2025\/06\/03203428\/logo_concursos-1.jpg\",\"width\":230,\"height\":60,\"caption\":\"Estrat\u00e9gia Concursos\"},\"image\":{\"@id\":\"https:\/\/www.estrategiaconcursos.com.br\/blog\/#\/schema\/logo\/image\/\"},\"sameAs\":[\"https:\/\/x.com\/EstratConcursos\"]},{\"@type\":\"Person\",\"@id\":\"https:\/\/www.estrategiaconcursos.com.br\/blog\/#\/schema\/person\/e3882259fa157d54c44c21f4ee4e0e60\",\"name\":\"B\u00e1rbara Carvalho Santos\",\"image\":{\"@type\":\"ImageObject\",\"inLanguage\":\"pt-BR\",\"@id\":\"https:\/\/secure.gravatar.com\/avatar\/353300f73140f779692b9be2b39f434d1341e4e34c7f55bd5a990fe29ef352eb?s=96&d=mm&r=g\",\"url\":\"https:\/\/secure.gravatar.com\/avatar\/353300f73140f779692b9be2b39f434d1341e4e34c7f55bd5a990fe29ef352eb?s=96&d=mm&r=g\",\"contentUrl\":\"https:\/\/secure.gravatar.com\/avatar\/353300f73140f779692b9be2b39f434d1341e4e34c7f55bd5a990fe29ef352eb?s=96&d=mm&r=g\",\"caption\":\"B\u00e1rbara Carvalho Santos\"},\"description\":\"M\u00e3e e jornalista formada pela UNIP, possui ampla experi\u00eancia na cobertura de entretenimento em grandes ve\u00edculos, como o site da CNN, RedeTV! e Estrat\u00e9gia Educacional. Atuou tamb\u00e9m em ag\u00eancias de marketing, produtoras musicais e assessorias de imprensa, com foco especial no trabalho com personalidades p\u00fablicas. Atualmente, integra a equipe do Estrat\u00e9gia Concursos, onde \u00e9 respons\u00e1vel pela produ\u00e7\u00e3o de conte\u00fados estrat\u00e9gicos voltados para o setor de concursos p\u00fablicos, com destaque para a \u00e1rea fiscal, gest\u00e3o, controle, concursos administrativos e Minist\u00e9rios participantes do CNU, al\u00e9m de diversos \u00f3rg\u00e3os federais. Tem como miss\u00e3o transformar informa\u00e7\u00f5es complexas em conte\u00fados acess\u00edveis, relevantes e de alto valor para quem sonha com uma carreira no servi\u00e7o p\u00fablico.\",\"url\":\"https:\/\/www.estrategiaconcursos.com.br\/blog\/author\/barbara-santos\/\"}]}<\/script>\n<!-- \/ Yoast SEO Premium plugin. -->","yoast_head_json":{"title":"\"Trabalhando para isso\", refor\u00e7a ministra sobre CNU em 2025","description":"Entenda os planos do Concurso Nacional Unificado (CNU) para 2025 e as propostas de revis\u00e3o no sistema de progress\u00e3o de carreira.","robots":{"index":"index","follow":"follow","max-snippet":"max-snippet:-1","max-image-preview":"max-image-preview:large","max-video-preview":"max-video-preview:-1"},"canonical":"https:\/\/www.estrategiaconcursos.com.br\/blog\/trabalhando-para-isso-reforca-ministra-sobre-cnu-em-2025\/","og_locale":"pt_BR","og_type":"article","og_title":"\"Trabalhando para isso\", refor\u00e7a ministra sobre CNU em 2025","og_description":"Entenda os planos do Concurso Nacional Unificado (CNU) para 2025 e as propostas de revis\u00e3o no sistema de progress\u00e3o de carreira.","og_url":"https:\/\/www.estrategiaconcursos.com.br\/blog\/trabalhando-para-isso-reforca-ministra-sobre-cnu-em-2025\/","og_site_name":"Estrat\u00e9gia Concursos","article_published_time":"2024-04-03T16:46:40+00:00","article_modified_time":"2024-04-03T17:21:04+00:00","og_image":[{"width":768,"height":432,"url":"https:\/\/dhg1h5j42swfq.cloudfront.net\/2023\/08\/29075651\/concurso-nacional-unificado.jpg","type":"image\/jpeg"}],"author":"B\u00e1rbara Carvalho Santos","twitter_card":"summary_large_image","twitter_creator":"@EstratConcursos","twitter_site":"@EstratConcursos","twitter_misc":{"Escrito por":"B\u00e1rbara Carvalho Santos","Est. tempo de leitura":"4 minutos"},"schema":{"@context":"https:\/\/schema.org","@graph":[{"@type":"NewsArticle","@id":"https:\/\/www.estrategiaconcursos.com.br\/blog\/trabalhando-para-isso-reforca-ministra-sobre-cnu-em-2025\/#article","isPartOf":{"@id":"https:\/\/www.estrategiaconcursos.com.br\/blog\/trabalhando-para-isso-reforca-ministra-sobre-cnu-em-2025\/"},"author":{"name":"B\u00e1rbara Carvalho Santos","@id":"https:\/\/www.estrategiaconcursos.com.br\/blog\/#\/schema\/person\/e3882259fa157d54c44c21f4ee4e0e60"},"headline":"&#8220;Trabalhando para isso&#8221;, refor\u00e7a ministra sobre CNU em 2025","datePublished":"2024-04-03T16:46:40+00:00","dateModified":"2024-04-03T17:21:04+00:00","mainEntityOfPage":{"@id":"https:\/\/www.estrategiaconcursos.com.br\/blog\/trabalhando-para-isso-reforca-ministra-sobre-cnu-em-2025\/"},"wordCount":720,"commentCount":0,"publisher":{"@id":"https:\/\/www.estrategiaconcursos.com.br\/blog\/#organization"},"image":{"@id":"https:\/\/www.estrategiaconcursos.com.br\/blog\/trabalhando-para-isso-reforca-ministra-sobre-cnu-em-2025\/#primaryimage"},"thumbnailUrl":"https:\/\/dhg1h5j42swfq.cloudfront.net\/2023\/08\/29075651\/concurso-nacional-unificado.jpg","articleSection":["Executivo (Administrativa)","\u00daltimas not\u00edcias"],"inLanguage":"pt-BR","potentialAction":[{"@type":"CommentAction","name":"Comment","target":["https:\/\/www.estrategiaconcursos.com.br\/blog\/trabalhando-para-isso-reforca-ministra-sobre-cnu-em-2025\/#respond"]}],"copyrightYear":"2024","copyrightHolder":{"@id":"https:\/\/www.estrategiaconcursos.com.br\/blog\/#organization"}},{"@type":"WebPage","@id":"https:\/\/www.estrategiaconcursos.com.br\/blog\/trabalhando-para-isso-reforca-ministra-sobre-cnu-em-2025\/","url":"https:\/\/www.estrategiaconcursos.com.br\/blog\/trabalhando-para-isso-reforca-ministra-sobre-cnu-em-2025\/","name":"\"Trabalhando para isso\", refor\u00e7a ministra sobre CNU em 2025","isPartOf":{"@id":"https:\/\/www.estrategiaconcursos.com.br\/blog\/#website"},"primaryImageOfPage":{"@id":"https:\/\/www.estrategiaconcursos.com.br\/blog\/trabalhando-para-isso-reforca-ministra-sobre-cnu-em-2025\/#primaryimage"},"image":{"@id":"https:\/\/www.estrategiaconcursos.com.br\/blog\/trabalhando-para-isso-reforca-ministra-sobre-cnu-em-2025\/#primaryimage"},"thumbnailUrl":"https:\/\/dhg1h5j42swfq.cloudfront.net\/2023\/08\/29075651\/concurso-nacional-unificado.jpg","datePublished":"2024-04-03T16:46:40+00:00","dateModified":"2024-04-03T17:21:04+00:00","description":"Entenda os planos do Concurso Nacional Unificado (CNU) para 2025 e as propostas de revis\u00e3o no sistema de progress\u00e3o de carreira.","breadcrumb":{"@id":"https:\/\/www.estrategiaconcursos.com.br\/blog\/trabalhando-para-isso-reforca-ministra-sobre-cnu-em-2025\/#breadcrumb"},"inLanguage":"pt-BR","potentialAction":[{"@type":"ReadAction","target":["https:\/\/www.estrategiaconcursos.com.br\/blog\/trabalhando-para-isso-reforca-ministra-sobre-cnu-em-2025\/"]}]},{"@type":"ImageObject","inLanguage":"pt-BR","@id":"https:\/\/www.estrategiaconcursos.com.br\/blog\/trabalhando-para-isso-reforca-ministra-sobre-cnu-em-2025\/#primaryimage","url":"https:\/\/dhg1h5j42swfq.cloudfront.net\/2023\/08\/29075651\/concurso-nacional-unificado.jpg","contentUrl":"https:\/\/dhg1h5j42swfq.cloudfront.net\/2023\/08\/29075651\/concurso-nacional-unificado.jpg","width":768,"height":432,"caption":"CNU 2: saiu convoca\u00e7\u00e3o para Fase 6; cronograma atualizado"},{"@type":"BreadcrumbList","@id":"https:\/\/www.estrategiaconcursos.com.br\/blog\/trabalhando-para-isso-reforca-ministra-sobre-cnu-em-2025\/#breadcrumb","itemListElement":[{"@type":"ListItem","position":1,"name":"In\u00edcio","item":"https:\/\/www.estrategiaconcursos.com.br\/blog\/"},{"@type":"ListItem","position":2,"name":"&#8220;Trabalhando para isso&#8221;, refor\u00e7a ministra sobre CNU em 2025"}]},{"@type":"WebSite","@id":"https:\/\/www.estrategiaconcursos.com.br\/blog\/#website","url":"https:\/\/www.estrategiaconcursos.com.br\/blog\/","name":"Estrat\u00e9gia Concursos","description":"O blog da Estrat\u00e9gia Concursos traz not\u00edcias sobre concursos e artigos de professores oferecendo cursos para concursos (pdf + videaulas) no site.","publisher":{"@id":"https:\/\/www.estrategiaconcursos.com.br\/blog\/#organization"},"potentialAction":[{"@type":"SearchAction","target":{"@type":"EntryPoint","urlTemplate":"https:\/\/www.estrategiaconcursos.com.br\/blog\/?s={search_term_string}"},"query-input":{"@type":"PropertyValueSpecification","valueRequired":true,"valueName":"search_term_string"}}],"inLanguage":"pt-BR"},{"@type":"Organization","@id":"https:\/\/www.estrategiaconcursos.com.br\/blog\/#organization","name":"Estrat\u00e9gia Concursos","url":"https:\/\/www.estrategiaconcursos.com.br\/blog\/","logo":{"@type":"ImageObject","inLanguage":"pt-BR","@id":"https:\/\/www.estrategiaconcursos.com.br\/blog\/#\/schema\/logo\/image\/","url":"https:\/\/dhg1h5j42swfq.cloudfront.net\/2025\/06\/03203428\/logo_concursos-1.jpg","contentUrl":"https:\/\/dhg1h5j42swfq.cloudfront.net\/2025\/06\/03203428\/logo_concursos-1.jpg","width":230,"height":60,"caption":"Estrat\u00e9gia Concursos"},"image":{"@id":"https:\/\/www.estrategiaconcursos.com.br\/blog\/#\/schema\/logo\/image\/"},"sameAs":["https:\/\/x.com\/EstratConcursos"]},{"@type":"Person","@id":"https:\/\/www.estrategiaconcursos.com.br\/blog\/#\/schema\/person\/e3882259fa157d54c44c21f4ee4e0e60","name":"B\u00e1rbara Carvalho Santos","image":{"@type":"ImageObject","inLanguage":"pt-BR","@id":"https:\/\/secure.gravatar.com\/avatar\/353300f73140f779692b9be2b39f434d1341e4e34c7f55bd5a990fe29ef352eb?s=96&d=mm&r=g","url":"https:\/\/secure.gravatar.com\/avatar\/353300f73140f779692b9be2b39f434d1341e4e34c7f55bd5a990fe29ef352eb?s=96&d=mm&r=g","contentUrl":"https:\/\/secure.gravatar.com\/avatar\/353300f73140f779692b9be2b39f434d1341e4e34c7f55bd5a990fe29ef352eb?s=96&d=mm&r=g","caption":"B\u00e1rbara Carvalho Santos"},"description":"M\u00e3e e jornalista formada pela UNIP, possui ampla experi\u00eancia na cobertura de entretenimento em grandes ve\u00edculos, como o site da CNN, RedeTV! e Estrat\u00e9gia Educacional. Atuou tamb\u00e9m em ag\u00eancias de marketing, produtoras musicais e assessorias de imprensa, com foco especial no trabalho com personalidades p\u00fablicas. Atualmente, integra a equipe do Estrat\u00e9gia Concursos, onde \u00e9 respons\u00e1vel pela produ\u00e7\u00e3o de conte\u00fados estrat\u00e9gicos voltados para o setor de concursos p\u00fablicos, com destaque para a \u00e1rea fiscal, gest\u00e3o, controle, concursos administrativos e Minist\u00e9rios participantes do CNU, al\u00e9m de diversos \u00f3rg\u00e3os federais. Tem como miss\u00e3o transformar informa\u00e7\u00f5es complexas em conte\u00fados acess\u00edveis, relevantes e de alto valor para quem sonha com uma carreira no servi\u00e7o p\u00fablico.","url":"https:\/\/www.estrategiaconcursos.com.br\/blog\/author\/barbara-santos\/"}]}},"_links":{"self":[{"href":"https:\/\/www.estrategiaconcursos.com.br\/blog\/wp-json\/wp\/v2\/posts\/1378615","targetHints":{"allow":["GET"]}}],"collection":[{"href":"https:\/\/www.estrategiaconcursos.com.br\/blog\/wp-json\/wp\/v2\/posts"}],"about":[{"href":"https:\/\/www.estrategiaconcursos.com.br\/blog\/wp-json\/wp\/v2\/types\/post"}],"author":[{"embeddable":true,"href":"https:\/\/www.estrategiaconcursos.com.br\/blog\/wp-json\/wp\/v2\/users\/2018"}],"replies":[{"embeddable":true,"href":"https:\/\/www.estrategiaconcursos.com.br\/blog\/wp-json\/wp\/v2\/comments?post=1378615"}],"version-history":[{"count":26,"href":"https:\/\/www.estrategiaconcursos.com.br\/blog\/wp-json\/wp\/v2\/posts\/1378615\/revisions"}],"predecessor-version":[{"id":1378677,"href":"https:\/\/www.estrategiaconcursos.com.br\/blog\/wp-json\/wp\/v2\/posts\/1378615\/revisions\/1378677"}],"wp:featuredmedia":[{"embeddable":true,"href":"https:\/\/www.estrategiaconcursos.com.br\/blog\/wp-json\/wp\/v2\/media\/1270513"}],"wp:attachment":[{"href":"https:\/\/www.estrategiaconcursos.com.br\/blog\/wp-json\/wp\/v2\/media?parent=1378615"}],"wp:term":[{"taxonomy":"category","embeddable":true,"href":"https:\/\/www.estrategiaconcursos.com.br\/blog\/wp-json\/wp\/v2\/categories?post=1378615"},{"taxonomy":"post_tag","embeddable":true,"href":"https:\/\/www.estrategiaconcursos.com.br\/blog\/wp-json\/wp\/v2\/tags?post=1378615"},{"taxonomy":"tax_estado","embeddable":true,"href":"https:\/\/www.estrategiaconcursos.com.br\/blog\/wp-json\/wp\/v2\/tax_estado?post=1378615"}],"curies":[{"name":"wp","href":"https:\/\/api.w.org\/{rel}","templated":true}]}}