{"id":137852,"date":"2018-08-26T22:56:01","date_gmt":"2018-08-27T01:56:01","guid":{"rendered":"https:\/\/www.estrategiaconcursos.com.br\/blog\/?p=137852"},"modified":"2018-08-27T10:55:59","modified_gmt":"2018-08-27T13:55:59","slug":"prova-do-iphan-comentada-fundamentos-da-preservacao-do-patrimonio-cultural-itens-3-e-4-tem-recurso-tarde","status":"publish","type":"post","link":"https:\/\/www.estrategiaconcursos.com.br\/blog\/prova-do-iphan-comentada-fundamentos-da-preservacao-do-patrimonio-cultural-itens-3-e-4-tem-recurso-tarde\/","title":{"rendered":"PROVA do IPHAN comentada. Fundamentos da Preserva\u00e7\u00e3o do Patrim\u00f4nio Cultural (itens 3 e 4). Tem RECURSO! [TARDE]"},"content":{"rendered":"<p style=\"text-align: justify\"><span style=\"font-family: helvetica, arial, sans-serif\">Ol\u00e1, pessoal!<\/span><\/p>\n<p style=\"text-align: justify\">J\u00e1 comentei a prova da manh\u00e3:\u00a0<a href=\"https:\/\/www.estrategiaconcursos.com.br\/blog\/prova-do-iphan-comentada-fundamentos-da-preservacao-do-patrimonio-cultural-itens-3-e-4\/\" target=\"_blank\" rel=\"noopener\">https:\/\/www.estrategiaconcursos.com.br\/blog\/prova-do-iphan-comentada-fundamentos-da-preservacao-do-patrimonio-cultural-itens-3-e-4\/<\/a><\/p>\n<p style=\"text-align: justify\"><span style=\"color: #0000ff\"><strong>Agora vamos analisar as quest\u00f5es de legisla\u00e7\u00e3o da prova da tarde.<\/strong><\/span><\/p>\n<p style=\"text-align: justify\"><span style=\"color: #ff0000\"><strong>Tamb\u00e9m tem um recurso contra a quest\u00e3o sobre a Lei n\u00ba 11.483\/2007, pois a BANCA CESPE especificou apenas o artigo 9\u00ba no conte\u00fado program\u00e1tico e na prova acabou cobrando assunto diverso.<\/strong><\/span><\/p>\n<p style=\"text-align: justify\">Vamos analisar os itens:<\/p>\n<p style=\"text-align: justify\"><strong>A partir da Segunda Guerra Mundial, movimentos internacionais surgiram em prol da prote\u00e7\u00e3o dos patrim\u00f4nios no mundo.\u00a0 <\/strong><\/p>\n<p style=\"text-align: justify\"><strong>A preocupa\u00e7\u00e3o com a prote\u00e7\u00e3o do patrim\u00f4nio mundial, cultural e natural inclu\u00eda a preserva\u00e7\u00e3o dos s\u00edtios culturais e a conserva\u00e7\u00e3o da natureza. Tendo em vista os marcos internacionais e nacionais da preserva\u00e7\u00e3o, incluindo-se conven\u00e7\u00f5es, decreto-lei e a Constitui\u00e7\u00e3o Federal de 1988 (CF), julgue os itens seguintes.<\/strong><\/p>\n<ol style=\"text-align: justify\" start=\"31\">\n<li><strong> Segundo a CF, compete somente a Uni\u00e3o a prote\u00e7\u00e3o ao patrim\u00f4nio hist\u00f3rico, cultural, art\u00edstico, tur\u00edstico e paisag\u00edstico brasileiro.<\/strong><\/li>\n<\/ol>\n<p style=\"text-align: justify\"><strong>Coment\u00e1rios:<\/strong><\/p>\n<p style=\"text-align: justify\"><strong>Errado. <\/strong>Com suped\u00e2neo no art. 24, VII, CF\/88, compete \u00e0 <strong>Uni\u00e3o, aos Estados e ao Distrito\u00a0<\/strong><strong>Federal<\/strong> <strong>legislar concorrentemente<\/strong> sobre a prote\u00e7\u00e3o ao patrim\u00f4nio hist\u00f3rico, cultural, art\u00edstico, tur\u00edstico e paisag\u00edstico.<\/p>\n<p style=\"text-align: justify\"><strong>J\u00e1 a compet\u00eancia administrativa \u00e9 comum<\/strong>, conforme disciplina o art. 23, III e IV, CF\/88. Dessa forma, compete \u00e0\u00a0<strong>Uni\u00e3o, aos Estados, ao Distrito Federal e aos Munic\u00edpios\u00a0<\/strong>proteger os documentos, as obras e outros bens de valor hist\u00f3rico, art\u00edstico e cultural, os monumentos, as paisagens naturais not\u00e1veis e os s\u00edtios arqueol\u00f3gicos. Tamb\u00e9m \u00e9 <strong>compet\u00eancia<\/strong> <strong>comum administrativa<\/strong>, dos entes acima citados, impedir a evas\u00e3o, a destrui\u00e7\u00e3o e a descaracteriza\u00e7\u00e3o de obras de arte e de outros bens de\u00a0valor hist\u00f3rico, art\u00edstico ou cultural.<\/p>\n<p>Resumindo:<\/p>\n<p style=\"text-align: justify\">Compet\u00eancia ADMINISTRATIVA sobre esse tema \u00e9 COMUM.<\/p>\n<p style=\"text-align: justify\">Compet\u00eancia LEGISLATIVA sobre o mesmo tema \u00e9 CONCORRENTE.<\/p>\n<ol style=\"text-align: justify\" start=\"33\">\n<li><strong> Conforme a CF, o Estado \u00e9 respons\u00e1vel por garantir o direito \u00e0 cultura a o acesso \u00e0s fontes da cultura nacional.<\/strong><\/li>\n<\/ol>\n<p style=\"text-align: justify\"><strong>Coment\u00e1rios:<\/strong><\/p>\n<p style=\"text-align: justify\"><strong>Correto. <\/strong>De acordo com o art. 215, CF\/88,<span style=\"color: #0000ff\"><strong> o Estado<\/strong> <strong>garantir\u00e1<\/strong> a todos <strong>o pleno exerc\u00edcio<\/strong> <strong>dos direitos culturais<\/strong> <strong>e acesso \u00e0s fontes da cultura nacional<\/strong><\/span>, e apoiar\u00e1 e incentivar\u00e1 a valoriza\u00e7\u00e3o e a difus\u00e3o das manifesta\u00e7\u00f5es culturais.<\/p>\n<ol style=\"text-align: justify\" start=\"34\">\n<li><strong> De acordo com o Decreto-Lei n\u00ba 25\/1937, que trata do patrim\u00f4nio hist\u00f3rico e art\u00edstico nacional, est\u00e3o sujeitos a tombamento os monumentos naturais, bem como as paisagens e os s\u00edtios, por sua notoriedade.<\/strong><\/li>\n<\/ol>\n<p style=\"text-align: justify\"><strong>Coment\u00e1rios:<\/strong><\/p>\n<p style=\"text-align: justify\"><strong>Correto. <\/strong>Conforme disp\u00f5e o art. 1\u00ba, \u00a72\u00ba, Decreto-Lei 25\/1937, <strong>est\u00e3o sujeitos a tombamento <\/strong>os monumentos naturais, bem como os s\u00edtios e paisagens que importe conservar e proteger <strong>pela fei\u00e7\u00e3o not\u00e1vel<\/strong> com que tenham sido dotados pela natureza ou agenciados pela ind\u00fastria humana.<\/p>\n<p style=\"text-align: justify\"><strong>Considerando a legisla\u00e7\u00e3o brasileira sobre preserva\u00e7\u00e3o de bens culturais, julgue os itens subsequentes.<\/strong><\/p>\n<ol style=\"text-align: justify\" start=\"35\">\n<li><strong> Grutas e lapas n\u00e3o podem ser consideradas monumentos arqueol\u00f3gicos, segundo a Lei n\u00ba 3.924\/1961.<\/strong><\/li>\n<\/ol>\n<p style=\"text-align: justify\"><strong>Coment\u00e1rios:<\/strong><\/p>\n<p style=\"text-align: justify\"><strong>Errado. <\/strong>Conforme disp\u00f5e o art. 2\u00ba, b, Lei n\u00ba 3.924\/1961, <strong>consideram-se<\/strong> <strong>monumentos arqueol\u00f3gicos ou pr\u00e9-hist\u00f3ricos<\/strong> os s\u00edtios nos quais se encontram vest\u00edgios positivos de ocupa\u00e7\u00e3o pelos paleoamer\u00edndios tais como<strong> grutas, lapas <\/strong>e abrigos sob rocha.<\/p>\n<p style=\"text-align: justify\">O erro da quest\u00e3o foi afirmar que Grutas e lapas n\u00e3o podem ser consideradas monumentos arqueol\u00f3gicos. Item errado, portanto!<\/p>\n<ol style=\"text-align: justify\" start=\"36\">\n<li><strong> Conforme a Portaria IPHAN n\u00ba 187\/2010, \u00e9 permitido colocar na coisa tombada equipamento publicit\u00e1rio, como an\u00fancios e cartazes.<\/strong><\/li>\n<\/ol>\n<p style=\"text-align: justify\"><strong>Coment\u00e1rios:<\/strong><\/p>\n<p style=\"text-align: justify\"><strong>Errado. <\/strong>De acordo com o art. 2\u00ba, IV, Portaria IPHAN n\u00ba 187\/2010, <strong>\u00e9 infra\u00e7\u00e3o administrativa<\/strong> colocar sobre a coisa tombada ou na vizinhan\u00e7a dela equipamento publicit\u00e1rio, <strong>como an\u00fancios e cartazes<\/strong>, <strong><u>sem pr\u00e9via autoriza\u00e7\u00e3o<\/u><\/strong> do IPHAN.<\/p>\n<p style=\"text-align: justify\">Acredito que o gabarito definitivo vir\u00e1 como sendo item errado, pois depende de pr\u00e9via autoriza\u00e7\u00e3o!<\/p>\n<p>Esse \u00e9 um item que com certeza vai dar o que falar, pois haver\u00e1 interpreta\u00e7\u00f5es distintas. Aguardemos o gabarito definitivo.<\/p>\n<ol style=\"text-align: justify\" start=\"37\">\n<li><strong> A Lei n\u00ba 11.483\/2007, que disp\u00f5e sobre a revitaliza\u00e7\u00e3o do setor ferrovi\u00e1rio brasileiro, incluiu no patrim\u00f4nio ferrovi\u00e1rio os bens im\u00f3veis e m\u00f3veis, tais como locomotivas, vag\u00f5es e carros de passageiros.<\/strong><\/li>\n<\/ol>\n<p style=\"text-align: justify\"><strong>Coment\u00e1rios:<\/strong><\/p>\n<p style=\"text-align: justify\"><span style=\"color: #ff0000\"><strong>ANUL\u00c1VEL!<\/strong><\/span><\/p>\n<p style=\"text-align: justify\"><span style=\"color: #ff0000\"><strong>Quest\u00e3o cabe recurso, pois o edital expressamente prev\u00ea que apenas o artigo 9\u00ba, da Lei 11.483\/2007, poderia ser cobrado!<\/strong><\/span><\/p>\n<p style=\"text-align: justify\"><strong>TEXTO DO ART. 9\u00ba:<\/strong><\/p>\n<p style=\"text-align: justify\">\u201cCaber\u00e1 ao Instituto do Patrim\u00f4nio Hist\u00f3rico e Art\u00edstico Nacional &#8211; IPHAN receber e administrar os bens m\u00f3veis e im\u00f3veis de valor art\u00edstico, hist\u00f3rico e cultural, oriundos da extinta RFFSA, bem como zelar pela sua guarda e manuten\u00e7\u00e3o.<\/p>\n<p style=\"text-align: justify\">1<u><sup>o<\/sup><\/u> Caso o bem seja classificado como operacional, o IPHAN dever\u00e1 garantir seu compartilhamento para uso ferrovi\u00e1rio.<\/p>\n<p style=\"text-align: justify\">2<u><sup>o<\/sup><\/u> A preserva\u00e7\u00e3o e a difus\u00e3o da Mem\u00f3ria Ferrovi\u00e1ria constitu\u00edda pelo patrim\u00f4nio art\u00edstico, cultural e hist\u00f3rico do setor ferrovi\u00e1rio ser\u00e3o promovidas mediante:<\/p>\n<p style=\"text-align: justify\">I &#8211; constru\u00e7\u00e3o, forma\u00e7\u00e3o, organiza\u00e7\u00e3o, manuten\u00e7\u00e3o, amplia\u00e7\u00e3o e equipamento de museus, bibliotecas, arquivos e outras organiza\u00e7\u00f5es culturais, bem como de suas cole\u00e7\u00f5es e acervos;<\/p>\n<p style=\"text-align: justify\">II &#8211; conserva\u00e7\u00e3o e restaura\u00e7\u00e3o de pr\u00e9dios, monumentos, logradouros, s\u00edtios e demais espa\u00e7os oriundos da extinta RFFSA.<\/p>\n<p style=\"text-align: justify\">3<u><sup>o<\/sup><\/u> As atividades previstas no \u00a7 2<u><sup>o<\/sup><\/u>deste artigo ser\u00e3o financiadas, dentre outras formas, por meio de recursos captados e canalizados pelo Programa Nacional de Apoio \u00e0 Cultura &#8211; PRONAC, institu\u00eddo pela\u00a0<a href=\"http:\/\/www.planalto.gov.br\/ccivil_03\/LEIS\/L8313cons.htm\">Lei n<\/a><a href=\"http:\/\/www.planalto.gov.br\/ccivil_03\/LEIS\/L8313cons.htm\"><sup>\u00ba<\/sup>8.313, de 23 de dezembro de 1991.<\/a><\/p>\n<p style=\"text-align: justify\">4<u><sup>o<\/sup><\/u><a href=\"http:\/\/www.planalto.gov.br\/ccivil_03\/_ato2007-2010\/2007\/Msg\/VEP-355-07.htm\">(VETADO)<\/a>\u201d<\/p>\n<p style=\"text-align: justify\"><strong>\u00a0<\/strong><\/p>\n<ol style=\"text-align: justify\" start=\"38\">\n<li><strong> O Decreto n\u00ba 3.551\/2000 instituiu o Programa Nacional do Patrim\u00f4nio Imaterial, voltado \u00e0 implanta\u00e7\u00e3o de pol\u00edticas de invent\u00e1rios, valoriza\u00e7\u00e3o e referenciamento do patrim\u00f4nio imaterial, no \u00e2mbito do Minist\u00e9rio da Cultura.<\/strong><\/li>\n<\/ol>\n<p style=\"text-align: justify\"><strong>Coment\u00e1rios:<\/strong><\/p>\n<p style=\"text-align: justify\"><strong>Correto. <\/strong>\u00c9 esse o sentido do art. 8\u00ba, Decreto n\u00ba 3.551\/2000. Conforme esse artigo, fica institu\u00eddo, no \u00e2mbito do Minist\u00e9rio da Cultura, o &#8220;Programa Nacional do Patrim\u00f4nio Imaterial&#8221;, visando \u00e0 implementa\u00e7\u00e3o de pol\u00edtica espec\u00edfica de invent\u00e1rio, referenciamento e valoriza\u00e7\u00e3o desse patrim\u00f4nio.<\/p>\n<p>&nbsp;<\/p>\n<ol style=\"text-align: justify\" start=\"39\">\n<li><strong> A Portaria IPHAN n\u00ba 137\/2016 estabelece diretrizes para a educa\u00e7\u00e3o patrimonial, no \u00e2mbito do IPHAN e das casas do patrim\u00f4nio , voltada a a\u00e7\u00f5es de preserva\u00e7\u00e3o e valoriza\u00e7\u00e3o do patrim\u00f4nio cultural.<\/strong><\/li>\n<\/ol>\n<p style=\"text-align: justify\"><strong>Coment\u00e1rios:<\/strong><\/p>\n<p style=\"text-align: justify\"><strong>Correto. <\/strong>Perfeito, \u00e9 esse o objetivo prec\u00edpuo da Portaria IPHAN n\u00ba 137\/2016.<\/p>\n<p style=\"text-align: justify\">A Portaria IPHAN n\u00ba 137, de 28 de abril de 2016 estabelece diretrizes de Educa\u00e7\u00e3o Patrimonial no \u00e2mbito do IPHAN e das Casas do Patrim\u00f4nio, voltada a a\u00e7\u00f5es de preserva\u00e7\u00e3o e valoriza\u00e7\u00e3o do patrim\u00f4nio cultural.<\/p>\n<p style=\"text-align: justify\"><strong>\u00a0<\/strong><\/p>\n<ol style=\"text-align: justify\" start=\"40\">\n<li><strong> A Portaria IPHAN n \u00ba 127\/2009 regulamenta a chancela da Paisagem Cultural Brasileira, considerada um instrumento de preserva\u00e7\u00e3o do patrim\u00f4nio cultural brasileiro, por\u00e7\u00e3o caracter\u00edstica do territ\u00f3rio nacional, e que representa o processo de intera\u00e7\u00e3o do homem com o meio natural.<\/strong><\/li>\n<\/ol>\n<p style=\"text-align: justify\"><strong>Coment\u00e1rios:<\/strong><\/p>\n<p style=\"text-align: justify\"><strong>Correto. <\/strong>A Portaria IPHAN n \u00ba 127, de 30 de abril de 2009 estabelece a chancela da Paisagem Cultural Brasileira, aplic\u00e1vel a por\u00e7\u00f5es do territ\u00f3rio nacional.<\/p>\n<p style=\"text-align: justify\">Disp\u00f5e o art. 1\u00ba, da supracitada Portaria, que entende-se por Paisagem Cultural Brasileira uma por\u00e7\u00e3o peculiar do territ\u00f3rio nacional, representativa do processo de intera\u00e7\u00e3o do homem com o meio natural, \u00e0 qual a vida e a ci\u00eancia humana imprimiram marcas ou atribu\u00edram valores.<\/p>\n<p>Beleza, pessoal!<\/p>\n<p>Espero que voc\u00eas tenham acertado acima de 70 &#8211; 80% nessa parte de legisla\u00e7\u00e3o, que \u00e9 uma \u00f3tima nota nas provas da Banca CESPE.<\/p>\n<p>Abra\u00e7os e sucesso!!!<\/p>\n<p>Fiquem com Deus!<\/p>\n<p>Prof. Rosenval<\/p>\n","protected":false},"excerpt":{"rendered":"<p>Ol\u00e1, pessoal! J\u00e1 comentei a prova da manh\u00e3:\u00a0https:\/\/www.estrategiaconcursos.com.br\/blog\/prova-do-iphan-comentada-fundamentos-da-preservacao-do-patrimonio-cultural-itens-3-e-4\/ Agora vamos analisar as quest\u00f5es de legisla\u00e7\u00e3o da prova da tarde. Tamb\u00e9m tem um recurso contra a quest\u00e3o sobre a Lei n\u00ba 11.483\/2007, pois a BANCA CESPE especificou apenas o artigo 9\u00ba no conte\u00fado program\u00e1tico e na prova acabou cobrando assunto diverso. Vamos analisar os itens: A [&hellip;]<\/p>\n","protected":false},"author":73,"featured_media":0,"comment_status":"open","ping_status":"closed","sticky":false,"template":"","format":"standard","meta":{"post_tipo":"article","footnotes":""},"categories":[1],"tags":[4585,18065],"tax_estado":[],"class_list":["post-137852","post","type-post","status-publish","format-standard","hentry","category-cursos-e-concursos","tag-concurso-iphan","tag-prova-iphan-comentada"],"acf":[],"yoast_head":"<!-- This site is optimized with the Yoast SEO Premium plugin v27.2 (Yoast SEO v27.2) - https:\/\/yoast.com\/product\/yoast-seo-premium-wordpress\/ -->\n<title>PROVA do IPHAN comentada. Fundamentos da Preserva\u00e7\u00e3o do Patrim\u00f4nio Cultural (itens 3 e 4). Tem RECURSO! [TARDE]<\/title>\n<meta name=\"robots\" content=\"index, follow, max-snippet:-1, max-image-preview:large, max-video-preview:-1\" \/>\n<link rel=\"canonical\" href=\"https:\/\/www.estrategiaconcursos.com.br\/blog\/prova-do-iphan-comentada-fundamentos-da-preservacao-do-patrimonio-cultural-itens-3-e-4-tem-recurso-tarde\/\" \/>\n<meta property=\"og:locale\" content=\"pt_BR\" \/>\n<meta property=\"og:type\" content=\"article\" \/>\n<meta property=\"og:title\" content=\"PROVA do IPHAN comentada. Fundamentos da Preserva\u00e7\u00e3o do Patrim\u00f4nio Cultural (itens 3 e 4). Tem RECURSO! [TARDE]\" \/>\n<meta property=\"og:description\" content=\"Ol\u00e1, pessoal! J\u00e1 comentei a prova da manh\u00e3:\u00a0https:\/\/www.estrategiaconcursos.com.br\/blog\/prova-do-iphan-comentada-fundamentos-da-preservacao-do-patrimonio-cultural-itens-3-e-4\/ Agora vamos analisar as quest\u00f5es de legisla\u00e7\u00e3o da prova da tarde. Tamb\u00e9m tem um recurso contra a quest\u00e3o sobre a Lei n\u00ba 11.483\/2007, pois a BANCA CESPE especificou apenas o artigo 9\u00ba no conte\u00fado program\u00e1tico e na prova acabou cobrando assunto diverso. Vamos analisar os itens: A [&hellip;]\" \/>\n<meta property=\"og:url\" content=\"https:\/\/www.estrategiaconcursos.com.br\/blog\/prova-do-iphan-comentada-fundamentos-da-preservacao-do-patrimonio-cultural-itens-3-e-4-tem-recurso-tarde\/\" \/>\n<meta property=\"og:site_name\" content=\"Estrat\u00e9gia Concursos\" \/>\n<meta property=\"article:author\" content=\"https:\/\/www.facebook.com\/rosenvaljr\" \/>\n<meta property=\"article:published_time\" content=\"2018-08-27T01:56:01+00:00\" \/>\n<meta property=\"article:modified_time\" content=\"2018-08-27T13:55:59+00:00\" \/>\n<meta name=\"author\" content=\"Rosenval J\u00fanior\" \/>\n<meta name=\"twitter:card\" content=\"summary_large_image\" \/>\n<meta name=\"twitter:creator\" content=\"@EstratConcursos\" \/>\n<meta name=\"twitter:site\" content=\"@EstratConcursos\" \/>\n<meta name=\"twitter:label1\" content=\"Escrito por\" \/>\n\t<meta name=\"twitter:data1\" content=\"Rosenval J\u00fanior\" \/>\n\t<meta name=\"twitter:label2\" content=\"Est. tempo de leitura\" \/>\n\t<meta name=\"twitter:data2\" content=\"6 minutos\" \/>\n<script type=\"application\/ld+json\" class=\"yoast-schema-graph\">{\"@context\":\"https:\/\/schema.org\",\"@graph\":[{\"@type\":\"NewsArticle\",\"@id\":\"https:\/\/www.estrategiaconcursos.com.br\/blog\/prova-do-iphan-comentada-fundamentos-da-preservacao-do-patrimonio-cultural-itens-3-e-4-tem-recurso-tarde\/#article\",\"isPartOf\":{\"@id\":\"https:\/\/www.estrategiaconcursos.com.br\/blog\/prova-do-iphan-comentada-fundamentos-da-preservacao-do-patrimonio-cultural-itens-3-e-4-tem-recurso-tarde\/\"},\"author\":{\"name\":\"Rosenval J\u00fanior\",\"@id\":\"https:\/\/www.estrategiaconcursos.com.br\/blog\/#\/schema\/person\/3489eb8fb39ff11193689cf7762b03b0\"},\"headline\":\"PROVA do IPHAN comentada. Fundamentos da Preserva\u00e7\u00e3o do Patrim\u00f4nio Cultural (itens 3 e 4). Tem RECURSO! [TARDE]\",\"datePublished\":\"2018-08-27T01:56:01+00:00\",\"dateModified\":\"2018-08-27T13:55:59+00:00\",\"mainEntityOfPage\":{\"@id\":\"https:\/\/www.estrategiaconcursos.com.br\/blog\/prova-do-iphan-comentada-fundamentos-da-preservacao-do-patrimonio-cultural-itens-3-e-4-tem-recurso-tarde\/\"},\"wordCount\":1238,\"commentCount\":6,\"publisher\":{\"@id\":\"https:\/\/www.estrategiaconcursos.com.br\/blog\/#organization\"},\"keywords\":[\"concurso iphan\",\"prova iphan comentada\"],\"articleSection\":[\"Concursos P\u00fablicos\"],\"inLanguage\":\"pt-BR\",\"potentialAction\":[{\"@type\":\"CommentAction\",\"name\":\"Comment\",\"target\":[\"https:\/\/www.estrategiaconcursos.com.br\/blog\/prova-do-iphan-comentada-fundamentos-da-preservacao-do-patrimonio-cultural-itens-3-e-4-tem-recurso-tarde\/#respond\"]}],\"copyrightYear\":\"2018\",\"copyrightHolder\":{\"@id\":\"https:\/\/www.estrategiaconcursos.com.br\/blog\/#organization\"}},{\"@type\":\"WebPage\",\"@id\":\"https:\/\/www.estrategiaconcursos.com.br\/blog\/prova-do-iphan-comentada-fundamentos-da-preservacao-do-patrimonio-cultural-itens-3-e-4-tem-recurso-tarde\/\",\"url\":\"https:\/\/www.estrategiaconcursos.com.br\/blog\/prova-do-iphan-comentada-fundamentos-da-preservacao-do-patrimonio-cultural-itens-3-e-4-tem-recurso-tarde\/\",\"name\":\"PROVA do IPHAN comentada. Fundamentos da Preserva\u00e7\u00e3o do Patrim\u00f4nio Cultural (itens 3 e 4). Tem RECURSO! [TARDE]\",\"isPartOf\":{\"@id\":\"https:\/\/www.estrategiaconcursos.com.br\/blog\/#website\"},\"datePublished\":\"2018-08-27T01:56:01+00:00\",\"dateModified\":\"2018-08-27T13:55:59+00:00\",\"breadcrumb\":{\"@id\":\"https:\/\/www.estrategiaconcursos.com.br\/blog\/prova-do-iphan-comentada-fundamentos-da-preservacao-do-patrimonio-cultural-itens-3-e-4-tem-recurso-tarde\/#breadcrumb\"},\"inLanguage\":\"pt-BR\",\"potentialAction\":[{\"@type\":\"ReadAction\",\"target\":[\"https:\/\/www.estrategiaconcursos.com.br\/blog\/prova-do-iphan-comentada-fundamentos-da-preservacao-do-patrimonio-cultural-itens-3-e-4-tem-recurso-tarde\/\"]}]},{\"@type\":\"BreadcrumbList\",\"@id\":\"https:\/\/www.estrategiaconcursos.com.br\/blog\/prova-do-iphan-comentada-fundamentos-da-preservacao-do-patrimonio-cultural-itens-3-e-4-tem-recurso-tarde\/#breadcrumb\",\"itemListElement\":[{\"@type\":\"ListItem\",\"position\":1,\"name\":\"In\u00edcio\",\"item\":\"https:\/\/www.estrategiaconcursos.com.br\/blog\/\"},{\"@type\":\"ListItem\",\"position\":2,\"name\":\"PROVA do IPHAN comentada. Fundamentos da Preserva\u00e7\u00e3o do Patrim\u00f4nio Cultural (itens 3 e 4). Tem RECURSO! [TARDE]\"}]},{\"@type\":\"WebSite\",\"@id\":\"https:\/\/www.estrategiaconcursos.com.br\/blog\/#website\",\"url\":\"https:\/\/www.estrategiaconcursos.com.br\/blog\/\",\"name\":\"Estrat\u00e9gia Concursos\",\"description\":\"O blog da Estrat\u00e9gia Concursos traz not\u00edcias sobre concursos e artigos de professores oferecendo cursos para concursos (pdf + videaulas) no site.\",\"publisher\":{\"@id\":\"https:\/\/www.estrategiaconcursos.com.br\/blog\/#organization\"},\"potentialAction\":[{\"@type\":\"SearchAction\",\"target\":{\"@type\":\"EntryPoint\",\"urlTemplate\":\"https:\/\/www.estrategiaconcursos.com.br\/blog\/?s={search_term_string}\"},\"query-input\":{\"@type\":\"PropertyValueSpecification\",\"valueRequired\":true,\"valueName\":\"search_term_string\"}}],\"inLanguage\":\"pt-BR\"},{\"@type\":\"Organization\",\"@id\":\"https:\/\/www.estrategiaconcursos.com.br\/blog\/#organization\",\"name\":\"Estrat\u00e9gia Concursos\",\"url\":\"https:\/\/www.estrategiaconcursos.com.br\/blog\/\",\"logo\":{\"@type\":\"ImageObject\",\"inLanguage\":\"pt-BR\",\"@id\":\"https:\/\/www.estrategiaconcursos.com.br\/blog\/#\/schema\/logo\/image\/\",\"url\":\"https:\/\/dhg1h5j42swfq.cloudfront.net\/2025\/06\/03203428\/logo_concursos-1.jpg\",\"contentUrl\":\"https:\/\/dhg1h5j42swfq.cloudfront.net\/2025\/06\/03203428\/logo_concursos-1.jpg\",\"width\":230,\"height\":60,\"caption\":\"Estrat\u00e9gia Concursos\"},\"image\":{\"@id\":\"https:\/\/www.estrategiaconcursos.com.br\/blog\/#\/schema\/logo\/image\/\"},\"sameAs\":[\"https:\/\/x.com\/EstratConcursos\"]},{\"@type\":\"Person\",\"@id\":\"https:\/\/www.estrategiaconcursos.com.br\/blog\/#\/schema\/person\/3489eb8fb39ff11193689cf7762b03b0\",\"name\":\"Rosenval J\u00fanior\",\"image\":{\"@type\":\"ImageObject\",\"inLanguage\":\"pt-BR\",\"@id\":\"https:\/\/secure.gravatar.com\/avatar\/dc38e7bcadccb99c8a28b35b027bdc6b8b6a65ee938a25ed335e3e31eed462e0?s=96&d=mm&r=g\",\"url\":\"https:\/\/secure.gravatar.com\/avatar\/dc38e7bcadccb99c8a28b35b027bdc6b8b6a65ee938a25ed335e3e31eed462e0?s=96&d=mm&r=g\",\"contentUrl\":\"https:\/\/secure.gravatar.com\/avatar\/dc38e7bcadccb99c8a28b35b027bdc6b8b6a65ee938a25ed335e3e31eed462e0?s=96&d=mm&r=g\",\"caption\":\"Rosenval J\u00fanior\"},\"description\":\"Graduado pela Universidade Federal de Vi\u00e7osa - UFV. P\u00f3s-graduado em Direito Ambiental. Graduado tamb\u00e9m em Gest\u00e3o Ambiental, com tr\u00eas especializa\u00e7\u00f5es na \u00e1rea ambiental. Mestrando em Engenharia Ambiental. Servidor p\u00fablico do Minist\u00e9rio da Justi\u00e7a e professor de Direito Ambiental, Meio Ambiente, Direito Agr\u00e1rio e Direito Urban\u00edstico para concursos p\u00fablicos. Professor de Direito Ambiental para o Exame de Ordem. Aprovado em 15 concursos p\u00fablicos na \u00e1rea de Meio Ambiente como Analista Ambiental do Instituto Brasileiro do Meio Ambiente e dos Recursos Naturais Renov\u00e1veis - IBAMA; Analista Pericial - Especialidade Engenharia Florestal do Minist\u00e9rio P\u00fablico da Uni\u00e3o - MPU; Analista de Infraestrutura - \u00c1rea de Especializa\u00e7\u00e3o Ambiental do Departamento Nacional de Infraestrutura de Transportes - DNIT; Especialista em Regula\u00e7\u00e3o - \u00c1rea Engenharia Ambiental e Engenharia Florestal, com \u00eanfase em Meio Ambiente da Ag\u00eancia Nacional de Transportes Terrestres - ANTT; Consultor Legislativo em Meio Ambiente e Direito Ambiental, Organiza\u00e7\u00e3o Territorial, Desenvolvimento Urbano e Regional da C\u00e2mara dos Deputados; entre outros. Autor do livro \\\"Direito Ambiental para Concursos e Exame de Ordem\\\", Editora Juru\u00e1. Iniciou sua carreira no servi\u00e7o p\u00fablico federal em 2006, quando obteve aprova\u00e7\u00e3o em 1\u00b0 lugar para o cargo de engenheiro florestal da Casa Civil da Presid\u00eancia da Rep\u00fablica\/Arquivo Nacional. Alguns concursos em que foi aprovado: 1\u00b0 lugar para Analista do Minist\u00e9rio P\u00fablico de MG; 1\u00ba lugar para Engenheiro da Casa Civil da Presid\u00eancia da Rep\u00fablica; 1\u00b0 lugar para T\u00e9cnico em Recursos Naturais \u2013 n\u00edvel II \u2013 \u00c1rea Engenharia Florestal do IDAF; 2\u00b0 lugar para Analista Pericial do Minist\u00e9rio P\u00fablico da Uni\u00e3o - MPU; 2\u00b0 lugar para Analista em Reforma e Desenvolvimento Agr\u00e1rio do INCRA; 7\u00ba lugar Engenheiro J\u00fanior da Caixa Econ\u00f4mica Federal; 10\u00ba lugar para Analista Ambiental do Instituto Estadual de Florestas - IEF\/MG; 6\u00ba lugar para Analista de Infraestrutura (\u00c1rea de Especializa\u00e7\u00e3o Ambiental) do Departamento Nacional de Infraestrutura de Transportes \u2013 DNIT (Prova objetiva e discursiva); 2\u00b0 lugar para Perito Criminal da Pol\u00edcia Civil do Estado do Rio de Janeiro \u2013PCERJ (Resultado na Prova objetiva, TAF, Avalia\u00e7\u00e3o M\u00e9dica, e Psicot\u00e9cnico); 10\u00ba lugar para Perito Criminal da Pol\u00edcia Federal \u2013 DPF \u2013 \u00c1rea 9 (Resultado definitivo na prova objetiva e discursiva); 2\u00b0 lugar para Analista Ambiental do Instituto Brasileiro do Meio Ambiente e dos Recursos Naturais Renov\u00e1veis \u2013 IBAMA (Prova objetiva e discursiva); 1\u00b0 lugar para Especialista em Regula\u00e7\u00e3o Engenharia Ambiental e Engenharia Florestal (com \u00eanfase em meio ambiente) da Ag\u00eancia Nacional de Transportes Terrestres - ANTT (Resultado da prova objetiva, discursiva e de t\u00edtulos); 10\u00ba lugar para Consultor Legislativo em Meio Ambiente e Direito Ambiental, Organiza\u00e7\u00e3o Territorial, Desenvolvimento Urbano e Regional da C\u00e2mara dos Deputados. (Resultado da prova objetiva, discursiva e de t\u00edtulos) Entre em contato comigo pelo facebook e pelo Youtube. Basta colocar na busca: Rosenval J\u00fanior. Ou copiar e colar o endere\u00e7o: www.facebook.com\/rosenvaljr Acesse o meu site e saiba mais: www.aprendadireitoambiental.com.br\",\"sameAs\":[\"http:\/\/www.aprendadireitoambiental.com.br\",\"https:\/\/www.facebook.com\/rosenvaljr\"],\"url\":\"https:\/\/www.estrategiaconcursos.com.br\/blog\/author\/rosenvaljuniorestrategiaconcursos-com-br\/\"}]}<\/script>\n<!-- \/ Yoast SEO Premium plugin. -->","yoast_head_json":{"title":"PROVA do IPHAN comentada. Fundamentos da Preserva\u00e7\u00e3o do Patrim\u00f4nio Cultural (itens 3 e 4). Tem RECURSO! [TARDE]","robots":{"index":"index","follow":"follow","max-snippet":"max-snippet:-1","max-image-preview":"max-image-preview:large","max-video-preview":"max-video-preview:-1"},"canonical":"https:\/\/www.estrategiaconcursos.com.br\/blog\/prova-do-iphan-comentada-fundamentos-da-preservacao-do-patrimonio-cultural-itens-3-e-4-tem-recurso-tarde\/","og_locale":"pt_BR","og_type":"article","og_title":"PROVA do IPHAN comentada. Fundamentos da Preserva\u00e7\u00e3o do Patrim\u00f4nio Cultural (itens 3 e 4). Tem RECURSO! [TARDE]","og_description":"Ol\u00e1, pessoal! J\u00e1 comentei a prova da manh\u00e3:\u00a0https:\/\/www.estrategiaconcursos.com.br\/blog\/prova-do-iphan-comentada-fundamentos-da-preservacao-do-patrimonio-cultural-itens-3-e-4\/ Agora vamos analisar as quest\u00f5es de legisla\u00e7\u00e3o da prova da tarde. Tamb\u00e9m tem um recurso contra a quest\u00e3o sobre a Lei n\u00ba 11.483\/2007, pois a BANCA CESPE especificou apenas o artigo 9\u00ba no conte\u00fado program\u00e1tico e na prova acabou cobrando assunto diverso. Vamos analisar os itens: A [&hellip;]","og_url":"https:\/\/www.estrategiaconcursos.com.br\/blog\/prova-do-iphan-comentada-fundamentos-da-preservacao-do-patrimonio-cultural-itens-3-e-4-tem-recurso-tarde\/","og_site_name":"Estrat\u00e9gia Concursos","article_author":"https:\/\/www.facebook.com\/rosenvaljr","article_published_time":"2018-08-27T01:56:01+00:00","article_modified_time":"2018-08-27T13:55:59+00:00","author":"Rosenval J\u00fanior","twitter_card":"summary_large_image","twitter_creator":"@EstratConcursos","twitter_site":"@EstratConcursos","twitter_misc":{"Escrito por":"Rosenval J\u00fanior","Est. tempo de leitura":"6 minutos"},"schema":{"@context":"https:\/\/schema.org","@graph":[{"@type":"NewsArticle","@id":"https:\/\/www.estrategiaconcursos.com.br\/blog\/prova-do-iphan-comentada-fundamentos-da-preservacao-do-patrimonio-cultural-itens-3-e-4-tem-recurso-tarde\/#article","isPartOf":{"@id":"https:\/\/www.estrategiaconcursos.com.br\/blog\/prova-do-iphan-comentada-fundamentos-da-preservacao-do-patrimonio-cultural-itens-3-e-4-tem-recurso-tarde\/"},"author":{"name":"Rosenval J\u00fanior","@id":"https:\/\/www.estrategiaconcursos.com.br\/blog\/#\/schema\/person\/3489eb8fb39ff11193689cf7762b03b0"},"headline":"PROVA do IPHAN comentada. Fundamentos da Preserva\u00e7\u00e3o do Patrim\u00f4nio Cultural (itens 3 e 4). Tem RECURSO! [TARDE]","datePublished":"2018-08-27T01:56:01+00:00","dateModified":"2018-08-27T13:55:59+00:00","mainEntityOfPage":{"@id":"https:\/\/www.estrategiaconcursos.com.br\/blog\/prova-do-iphan-comentada-fundamentos-da-preservacao-do-patrimonio-cultural-itens-3-e-4-tem-recurso-tarde\/"},"wordCount":1238,"commentCount":6,"publisher":{"@id":"https:\/\/www.estrategiaconcursos.com.br\/blog\/#organization"},"keywords":["concurso iphan","prova iphan comentada"],"articleSection":["Concursos P\u00fablicos"],"inLanguage":"pt-BR","potentialAction":[{"@type":"CommentAction","name":"Comment","target":["https:\/\/www.estrategiaconcursos.com.br\/blog\/prova-do-iphan-comentada-fundamentos-da-preservacao-do-patrimonio-cultural-itens-3-e-4-tem-recurso-tarde\/#respond"]}],"copyrightYear":"2018","copyrightHolder":{"@id":"https:\/\/www.estrategiaconcursos.com.br\/blog\/#organization"}},{"@type":"WebPage","@id":"https:\/\/www.estrategiaconcursos.com.br\/blog\/prova-do-iphan-comentada-fundamentos-da-preservacao-do-patrimonio-cultural-itens-3-e-4-tem-recurso-tarde\/","url":"https:\/\/www.estrategiaconcursos.com.br\/blog\/prova-do-iphan-comentada-fundamentos-da-preservacao-do-patrimonio-cultural-itens-3-e-4-tem-recurso-tarde\/","name":"PROVA do IPHAN comentada. Fundamentos da Preserva\u00e7\u00e3o do Patrim\u00f4nio Cultural (itens 3 e 4). Tem RECURSO! [TARDE]","isPartOf":{"@id":"https:\/\/www.estrategiaconcursos.com.br\/blog\/#website"},"datePublished":"2018-08-27T01:56:01+00:00","dateModified":"2018-08-27T13:55:59+00:00","breadcrumb":{"@id":"https:\/\/www.estrategiaconcursos.com.br\/blog\/prova-do-iphan-comentada-fundamentos-da-preservacao-do-patrimonio-cultural-itens-3-e-4-tem-recurso-tarde\/#breadcrumb"},"inLanguage":"pt-BR","potentialAction":[{"@type":"ReadAction","target":["https:\/\/www.estrategiaconcursos.com.br\/blog\/prova-do-iphan-comentada-fundamentos-da-preservacao-do-patrimonio-cultural-itens-3-e-4-tem-recurso-tarde\/"]}]},{"@type":"BreadcrumbList","@id":"https:\/\/www.estrategiaconcursos.com.br\/blog\/prova-do-iphan-comentada-fundamentos-da-preservacao-do-patrimonio-cultural-itens-3-e-4-tem-recurso-tarde\/#breadcrumb","itemListElement":[{"@type":"ListItem","position":1,"name":"In\u00edcio","item":"https:\/\/www.estrategiaconcursos.com.br\/blog\/"},{"@type":"ListItem","position":2,"name":"PROVA do IPHAN comentada. Fundamentos da Preserva\u00e7\u00e3o do Patrim\u00f4nio Cultural (itens 3 e 4). Tem RECURSO! [TARDE]"}]},{"@type":"WebSite","@id":"https:\/\/www.estrategiaconcursos.com.br\/blog\/#website","url":"https:\/\/www.estrategiaconcursos.com.br\/blog\/","name":"Estrat\u00e9gia Concursos","description":"O blog da Estrat\u00e9gia Concursos traz not\u00edcias sobre concursos e artigos de professores oferecendo cursos para concursos (pdf + videaulas) no site.","publisher":{"@id":"https:\/\/www.estrategiaconcursos.com.br\/blog\/#organization"},"potentialAction":[{"@type":"SearchAction","target":{"@type":"EntryPoint","urlTemplate":"https:\/\/www.estrategiaconcursos.com.br\/blog\/?s={search_term_string}"},"query-input":{"@type":"PropertyValueSpecification","valueRequired":true,"valueName":"search_term_string"}}],"inLanguage":"pt-BR"},{"@type":"Organization","@id":"https:\/\/www.estrategiaconcursos.com.br\/blog\/#organization","name":"Estrat\u00e9gia Concursos","url":"https:\/\/www.estrategiaconcursos.com.br\/blog\/","logo":{"@type":"ImageObject","inLanguage":"pt-BR","@id":"https:\/\/www.estrategiaconcursos.com.br\/blog\/#\/schema\/logo\/image\/","url":"https:\/\/dhg1h5j42swfq.cloudfront.net\/2025\/06\/03203428\/logo_concursos-1.jpg","contentUrl":"https:\/\/dhg1h5j42swfq.cloudfront.net\/2025\/06\/03203428\/logo_concursos-1.jpg","width":230,"height":60,"caption":"Estrat\u00e9gia Concursos"},"image":{"@id":"https:\/\/www.estrategiaconcursos.com.br\/blog\/#\/schema\/logo\/image\/"},"sameAs":["https:\/\/x.com\/EstratConcursos"]},{"@type":"Person","@id":"https:\/\/www.estrategiaconcursos.com.br\/blog\/#\/schema\/person\/3489eb8fb39ff11193689cf7762b03b0","name":"Rosenval J\u00fanior","image":{"@type":"ImageObject","inLanguage":"pt-BR","@id":"https:\/\/secure.gravatar.com\/avatar\/dc38e7bcadccb99c8a28b35b027bdc6b8b6a65ee938a25ed335e3e31eed462e0?s=96&d=mm&r=g","url":"https:\/\/secure.gravatar.com\/avatar\/dc38e7bcadccb99c8a28b35b027bdc6b8b6a65ee938a25ed335e3e31eed462e0?s=96&d=mm&r=g","contentUrl":"https:\/\/secure.gravatar.com\/avatar\/dc38e7bcadccb99c8a28b35b027bdc6b8b6a65ee938a25ed335e3e31eed462e0?s=96&d=mm&r=g","caption":"Rosenval J\u00fanior"},"description":"Graduado pela Universidade Federal de Vi\u00e7osa - UFV. P\u00f3s-graduado em Direito Ambiental. Graduado tamb\u00e9m em Gest\u00e3o Ambiental, com tr\u00eas especializa\u00e7\u00f5es na \u00e1rea ambiental. Mestrando em Engenharia Ambiental. Servidor p\u00fablico do Minist\u00e9rio da Justi\u00e7a e professor de Direito Ambiental, Meio Ambiente, Direito Agr\u00e1rio e Direito Urban\u00edstico para concursos p\u00fablicos. Professor de Direito Ambiental para o Exame de Ordem. Aprovado em 15 concursos p\u00fablicos na \u00e1rea de Meio Ambiente como Analista Ambiental do Instituto Brasileiro do Meio Ambiente e dos Recursos Naturais Renov\u00e1veis - IBAMA; Analista Pericial - Especialidade Engenharia Florestal do Minist\u00e9rio P\u00fablico da Uni\u00e3o - MPU; Analista de Infraestrutura - \u00c1rea de Especializa\u00e7\u00e3o Ambiental do Departamento Nacional de Infraestrutura de Transportes - DNIT; Especialista em Regula\u00e7\u00e3o - \u00c1rea Engenharia Ambiental e Engenharia Florestal, com \u00eanfase em Meio Ambiente da Ag\u00eancia Nacional de Transportes Terrestres - ANTT; Consultor Legislativo em Meio Ambiente e Direito Ambiental, Organiza\u00e7\u00e3o Territorial, Desenvolvimento Urbano e Regional da C\u00e2mara dos Deputados; entre outros. Autor do livro \"Direito Ambiental para Concursos e Exame de Ordem\", Editora Juru\u00e1. Iniciou sua carreira no servi\u00e7o p\u00fablico federal em 2006, quando obteve aprova\u00e7\u00e3o em 1\u00b0 lugar para o cargo de engenheiro florestal da Casa Civil da Presid\u00eancia da Rep\u00fablica\/Arquivo Nacional. Alguns concursos em que foi aprovado: 1\u00b0 lugar para Analista do Minist\u00e9rio P\u00fablico de MG; 1\u00ba lugar para Engenheiro da Casa Civil da Presid\u00eancia da Rep\u00fablica; 1\u00b0 lugar para T\u00e9cnico em Recursos Naturais \u2013 n\u00edvel II \u2013 \u00c1rea Engenharia Florestal do IDAF; 2\u00b0 lugar para Analista Pericial do Minist\u00e9rio P\u00fablico da Uni\u00e3o - MPU; 2\u00b0 lugar para Analista em Reforma e Desenvolvimento Agr\u00e1rio do INCRA; 7\u00ba lugar Engenheiro J\u00fanior da Caixa Econ\u00f4mica Federal; 10\u00ba lugar para Analista Ambiental do Instituto Estadual de Florestas - IEF\/MG; 6\u00ba lugar para Analista de Infraestrutura (\u00c1rea de Especializa\u00e7\u00e3o Ambiental) do Departamento Nacional de Infraestrutura de Transportes \u2013 DNIT (Prova objetiva e discursiva); 2\u00b0 lugar para Perito Criminal da Pol\u00edcia Civil do Estado do Rio de Janeiro \u2013PCERJ (Resultado na Prova objetiva, TAF, Avalia\u00e7\u00e3o M\u00e9dica, e Psicot\u00e9cnico); 10\u00ba lugar para Perito Criminal da Pol\u00edcia Federal \u2013 DPF \u2013 \u00c1rea 9 (Resultado definitivo na prova objetiva e discursiva); 2\u00b0 lugar para Analista Ambiental do Instituto Brasileiro do Meio Ambiente e dos Recursos Naturais Renov\u00e1veis \u2013 IBAMA (Prova objetiva e discursiva); 1\u00b0 lugar para Especialista em Regula\u00e7\u00e3o Engenharia Ambiental e Engenharia Florestal (com \u00eanfase em meio ambiente) da Ag\u00eancia Nacional de Transportes Terrestres - ANTT (Resultado da prova objetiva, discursiva e de t\u00edtulos); 10\u00ba lugar para Consultor Legislativo em Meio Ambiente e Direito Ambiental, Organiza\u00e7\u00e3o Territorial, Desenvolvimento Urbano e Regional da C\u00e2mara dos Deputados. (Resultado da prova objetiva, discursiva e de t\u00edtulos) Entre em contato comigo pelo facebook e pelo Youtube. Basta colocar na busca: Rosenval J\u00fanior. Ou copiar e colar o endere\u00e7o: www.facebook.com\/rosenvaljr Acesse o meu site e saiba mais: www.aprendadireitoambiental.com.br","sameAs":["http:\/\/www.aprendadireitoambiental.com.br","https:\/\/www.facebook.com\/rosenvaljr"],"url":"https:\/\/www.estrategiaconcursos.com.br\/blog\/author\/rosenvaljuniorestrategiaconcursos-com-br\/"}]}},"_links":{"self":[{"href":"https:\/\/www.estrategiaconcursos.com.br\/blog\/wp-json\/wp\/v2\/posts\/137852","targetHints":{"allow":["GET"]}}],"collection":[{"href":"https:\/\/www.estrategiaconcursos.com.br\/blog\/wp-json\/wp\/v2\/posts"}],"about":[{"href":"https:\/\/www.estrategiaconcursos.com.br\/blog\/wp-json\/wp\/v2\/types\/post"}],"author":[{"embeddable":true,"href":"https:\/\/www.estrategiaconcursos.com.br\/blog\/wp-json\/wp\/v2\/users\/73"}],"replies":[{"embeddable":true,"href":"https:\/\/www.estrategiaconcursos.com.br\/blog\/wp-json\/wp\/v2\/comments?post=137852"}],"version-history":[{"count":4,"href":"https:\/\/www.estrategiaconcursos.com.br\/blog\/wp-json\/wp\/v2\/posts\/137852\/revisions"}],"predecessor-version":[{"id":137930,"href":"https:\/\/www.estrategiaconcursos.com.br\/blog\/wp-json\/wp\/v2\/posts\/137852\/revisions\/137930"}],"wp:attachment":[{"href":"https:\/\/www.estrategiaconcursos.com.br\/blog\/wp-json\/wp\/v2\/media?parent=137852"}],"wp:term":[{"taxonomy":"category","embeddable":true,"href":"https:\/\/www.estrategiaconcursos.com.br\/blog\/wp-json\/wp\/v2\/categories?post=137852"},{"taxonomy":"post_tag","embeddable":true,"href":"https:\/\/www.estrategiaconcursos.com.br\/blog\/wp-json\/wp\/v2\/tags?post=137852"},{"taxonomy":"tax_estado","embeddable":true,"href":"https:\/\/www.estrategiaconcursos.com.br\/blog\/wp-json\/wp\/v2\/tax_estado?post=137852"}],"curies":[{"name":"wp","href":"https:\/\/api.w.org\/{rel}","templated":true}]}}