{"id":137838,"date":"2018-08-26T20:11:59","date_gmt":"2018-08-26T23:11:59","guid":{"rendered":"https:\/\/www.estrategiaconcursos.com.br\/blog\/?p=137838"},"modified":"2018-08-27T10:56:54","modified_gmt":"2018-08-27T13:56:54","slug":"prova-do-iphan-comentada-fundamentos-da-preservacao-do-patrimonio-cultural-itens-3-e-4","status":"publish","type":"post","link":"https:\/\/www.estrategiaconcursos.com.br\/blog\/prova-do-iphan-comentada-fundamentos-da-preservacao-do-patrimonio-cultural-itens-3-e-4\/","title":{"rendered":"Prova do IPHAN comentada: Fundamentos da Preserva\u00e7\u00e3o do Patrim\u00f4nio Cultural (itens 3 e 4). TEM RECURSO!!! [MANH\u00c3]"},"content":{"rendered":"<p>Ol\u00e1, pessoal!<\/p>\n<p>Vou comentar aqui as quest\u00f5es sobre <span style=\"color: #0000ff\"><strong>&#8220;Fundamentos da Preserva\u00e7\u00e3o do Patrim\u00f4nio Cultural (itens 3 e 4)&#8221; aplicadas na parte da MANH\u00c3!<\/strong><\/span><\/p>\n<p>Irei comentar a parte de legisla\u00e7\u00e3o, que foi o que ministrei no curso.<\/p>\n<p><strong>A quest\u00e3o sobre a REDE FERROVI\u00c1RIA deve ser anulada, pois cobraram um artigo fora do conte\u00fado program\u00e1tico! Confiram nos coment\u00e1rios!!!<\/strong><\/p>\n<p>Por favor, confiram pelo enunciado das quest\u00f5es, pois h\u00e1 provas diferentes.<\/p>\n<p>&nbsp;<\/p>\n<p><strong><span style=\"color: #0000ff\">QUEST\u00d5ES DA PROVA DA MANH\u00c3.<\/span><\/strong><\/p>\n<p><strong>Considerando o disposto na legisla\u00e7\u00e3o brasileira sobre preserva\u00e7\u00e3o de bens culturais, julgue os itens subsecutivos.<\/strong><\/p>\n<p><strong>O Decreto n\u00ba 3.551\/2000 instituiu o Registro de Bens Naturais, determinando que qualquer bem natural que constitua o patrim\u00f4nio cultural brasileiro seja inscrito no Livro de Registro dos Lugares.<\/strong><\/p>\n<p><strong>Coment\u00e1rios:<\/strong><\/p>\n<p><strong>Errado. <\/strong>De acordo com o art. 1\u00ba, IV, Dec. 3.551\/2000, o <strong>Livro de Registro dos Lugares<\/strong> \u00e9 destinado para a inscri\u00e7\u00e3o de mercados, feiras, santu\u00e1rios, pra\u00e7as e demais espa\u00e7os <strong><u>onde se concentram e reproduzem pr\u00e1ticas culturais coletivas. <\/u><\/strong><\/p>\n<p>Acredito que o gabarito do CESPE ser\u00e1 &#8220;errado&#8221;, pois\u00a0<strong>N\u00c3O \u00c9 QUALQUER<\/strong>\u00a0\u00a0bem natural que constitua o patrim\u00f4nio cultural brasileiro.<\/p>\n<p>Vejam quais s\u00e3o os livros:<\/p>\n<p align=\"JUSTIFY\"><small><span style=\"font-family: Arial\">I\u00a0&#8211;\u00a0Livro de Registro dos Saberes, onde ser\u00e3o inscritos conhecimentos e modos de fazer enraizados no cotidiano das comunidades;<\/span><\/small><\/p>\n<p align=\"JUSTIFY\"><small><span style=\"font-family: Arial\">II\u00a0&#8211;\u00a0Livro de Registro das Celebra\u00e7\u00f5es, onde ser\u00e3o inscritos rituais e festas que marcam a viv\u00eancia coletiva do trabalho, da religiosidade, do entretenimento e de outras pr\u00e1ticas da vida social;<\/span><\/small><\/p>\n<p align=\"JUSTIFY\"><small><span style=\"font-family: Arial\">III\u00a0&#8211;\u00a0Livro de Registro das Formas de Express\u00e3o, onde ser\u00e3o inscritas manifesta\u00e7\u00f5es liter\u00e1rias, musicais, pl\u00e1sticas, c\u00eanicas e l\u00fadicas;<\/span><\/small><\/p>\n<p align=\"JUSTIFY\"><small><span style=\"font-family: Arial\">IV\u00a0&#8211;\u00a0<strong>Livro de Registro dos Lugares, onde ser\u00e3o inscritos mercados, feiras, santu\u00e1rios, pra\u00e7as e demais espa\u00e7os onde se concentram e reproduzem pr\u00e1ticas culturais coletivas.<\/strong><\/span><\/small><\/p>\n<p>&nbsp;<\/p>\n<p><strong>Ao dispor sobre a revitaliza\u00e7\u00e3o do setor ferrovi\u00e1rio, a Lei n\u00ba 11.483\/2007 prev\u00ea que a Uni\u00e3o suceder\u00e1 a extinta Rede Ferrovi\u00e1ria Federal S.A em seus direitos e obriga\u00e7\u00f5es.<\/strong><\/p>\n<p><strong>Coment\u00e1rios:<\/strong><\/p>\n<p><strong>Correto. <\/strong>Disp\u00f5e o art. 2\u00ba, I, Lei n\u00ba 11.483\/2007, que a Uni\u00e3o <strong>suceder\u00e1<\/strong> a extinta RFFSA nos <strong>direitos, obriga\u00e7\u00f5es<\/strong> e a\u00e7\u00f5es judiciais em que esta seja autora, r\u00e9, assistente, opoente ou terceira interessada.<\/p>\n<p><span style=\"color: #ff0000\"><strong>ATEN\u00c7\u00c3O!!! A quest\u00e3o est\u00e1 certa, mas est\u00e1 fora do conte\u00fado program\u00e1tico previsto no edital!<\/strong><\/span><\/p>\n<p><span style=\"color: #ff0000\"><strong>Item 3.4 cobra &#8220;<em>Lei n\u00ba 11.483\/2007, e suas altera\u00e7\u00f5es (art. 9\u00ba)<\/em>&#8220;. Portanto, s\u00f3 poderiam cobrar o conte\u00fado do artigo 9\u00ba, conforme expressamente previsto no edital.<\/strong><\/span><\/p>\n<p><span style=\"color: #ff0000\"><strong>A base para responder a quest\u00e3o est\u00e1 no artigo 2\u00ba. Logo, cabe recurso!<\/strong><\/span><\/p>\n<p>&nbsp;<\/p>\n<p><strong>A Constitui\u00e7\u00e3o Federal de 1988 prev\u00ea garantias de prote\u00e7\u00e3o \u00e0s manifesta\u00e7\u00f5es culturais populares, afro-brasileiras e ind\u00edgenas, atribuindo ao Estado o dever de garantir o pleno exerc\u00edcio dos direitos culturais e acesso \u00e0s fontes de cultura nacional.<\/strong><\/p>\n<p><strong>Coment\u00e1rios:<\/strong><\/p>\n<p><strong>Correto. <\/strong>Esse \u00e9 o sentido do art. 215, \u00a71\u00ba, CF\/1988. Disp\u00f5e o referido artigo que <strong>o Estado garantir\u00e1 a todos o pleno exerc\u00edcio dos direitos culturais e acesso \u00e0s fontes da cultura nacional, e apoiar\u00e1 e incentivar\u00e1 a valoriza\u00e7\u00e3o e a difus\u00e3o das manifesta\u00e7\u00f5es culturais.<\/strong> Acrescenta o \u00a7 1\u00ba, que o <strong>Estado proteger\u00e1 as manifesta\u00e7\u00f5es das culturas populares, ind\u00edgenas e afro-brasileiras, e das de outros grupos participantes do processo civilizat\u00f3rio nacional.<\/strong><\/p>\n<p>&nbsp;<\/p>\n<p><strong>A abrang\u00eancia da Lei n\u00ba 3.924\/1961 limita-se a monumentos arqueol\u00f3gicos e pr\u00e9-hist\u00f3ricos, uma vez que tal lei disp\u00f5e apenas a respeito da guarda de inscri\u00e7\u00f5es rupestres e s\u00edtios com vest\u00edgios paleoamer\u00edndios pelo poder p\u00fablico.<\/strong><\/p>\n<p><strong>Coment\u00e1rios:<\/strong><\/p>\n<p><strong>Errado. <\/strong>Apesar de a Lei n\u00ba 3.924\/1961 dispor sobre os monumentos arqueol\u00f3gicos e pr\u00e9-hist\u00f3ricos, <strong>esta lei<\/strong> <span style=\"color: #ff0000\"><strong>n\u00e3o disp\u00f5e apenas<\/strong><\/span> a respeito da guarda de inscri\u00e7\u00f5es rupestres e s\u00edtios com vest\u00edgios paleoamer\u00edndios.<\/p>\n<p>Conforme expresso no art. 2\u00ba, da supracitada Lei, consideram-se monumentos arqueol\u00f3gicos ou pr\u00e9-hist\u00f3ricos:<\/p>\n<ul>\n<li>As jazidas de qualquer natureza, origem ou finalidade, que representem testemunhos de cultura dos paleoamer\u00edndios do Brasil, tais como sambaquis, montes artificiais ou tesos, po\u00e7os sepulcrais, jazigos, aterrados, estearias e quaisquer outras n\u00e3o especificadas aqui, mas de significado id\u00eantico a ju\u00edzo da autoridade competente;<\/li>\n<li>Os s\u00edtios nos quais se encontram vest\u00edgios positivos de ocupa\u00e7\u00e3o pelos paleoamer\u00edndios tais como grutas, lapas e abrigos sob rocha;<\/li>\n<li>Os s\u00edtios identificados como cemit\u00e9rios, sepulturas ou locais de pouso prolongado ou de aldeiamento, &#8220;esta\u00e7\u00f5es&#8221; e &#8220;cer\u00e2mios&#8221;, nos quais se encontram vest\u00edgios humanos de interesse arqueol\u00f3gico ou paleoetnogr\u00e1fico; e<\/li>\n<li>As inscri\u00e7\u00f5es rupestres ou locais como sulcos de polimentos de utens\u00edlios e outros vest\u00edgios de atividade de paleoamer\u00edndios.<\/li>\n<\/ul>\n<p>&nbsp;<\/p>\n<p><strong>A respeito das Portarias publicadas pelo IPHAN, julgue os pr\u00f3ximos itens.<\/strong><\/p>\n<p><strong>A Portaria IPHAN n\u00ba 127\/2009, ao tratar da paisagem cultural brasileira, negligenciou o car\u00e1ter din\u00e2mico da a\u00e7\u00e3o humana.<\/strong><\/p>\n<p><strong>Coment\u00e1rios:<\/strong><\/p>\n<p><strong>Errado. <\/strong>De acordo com o at. 3\u00ba, da referida Portaria, a chancela da Paisagem Cultural Brasileira <span style=\"color: #0000ff\"><strong>considera o car\u00e1ter din\u00e2mico da cultura e da a\u00e7\u00e3o humana<\/strong> <\/span>sobre as por\u00e7\u00f5es do territ\u00f3rio a que se aplica, convive com as transforma\u00e7\u00f5es inerentes ao desenvolvimento econ\u00f4mico e social sustent\u00e1veis e valoriza a motiva\u00e7\u00e3o respons\u00e1vel pela preserva\u00e7\u00e3o do patrim\u00f4nio.<\/p>\n<p>&nbsp;<\/p>\n<p><strong>No \u00e2mbito da Portaria IPHAN n\u00ba 137\/2016, entende-se Educa\u00e7\u00e3o Patrimonial como a\u00e7\u00f5es educativas, formais ou n\u00e3o, voltadas para a valoriza\u00e7\u00e3o, preserva\u00e7\u00e3o, e o reconhecimento do patrim\u00f4nio cultural socialmente apropriado.<\/strong><\/p>\n<p><strong>\u00a0Coment\u00e1rios:<\/strong><\/p>\n<p><strong>Correto. <\/strong>Conforme disposto no art. 2\u00ba, Portaria IPHAN n\u00ba 137\/2016, entende-se por Educa\u00e7\u00e3o Patrimonial os processos educativos <strong>formais<\/strong> e <strong>n\u00e3o formais<\/strong>, <strong>constru\u00eddos de forma coletiva e dial\u00f3gica, que t\u00eam como foco o patrim\u00f4nio cultural socialmente apropriado<\/strong> como recurso para a compreens\u00e3o sociohist\u00f3rica das refer\u00eancias culturais, a fim de colaborar para seu reconhecimento, valoriza\u00e7\u00e3o e preserva\u00e7\u00e3o.<\/p>\n<p>&nbsp;<\/p>\n<p><strong>Segundo a Portaria IPHAN n\u00ba 420\/2010, as interven\u00e7\u00f5es em bens tombados dividem-se nas seguintes categorias: reforma simplificada; reforma\/constru\u00e7\u00e3o nova; restaura\u00e7\u00e3o; coloca\u00e7\u00e3o de equipamento publicit\u00e1rio ou sinaliza\u00e7\u00e3o; Instala\u00e7\u00f5es Provis\u00f3rias.<\/strong><\/p>\n<p><strong>Coment\u00e1rios:<\/strong><\/p>\n<p><strong>Correto. <\/strong>Esse \u00e9 o sentido literal do art. 5\u00ba, Portaria IPHAN n\u00ba 420\/2010.<\/p>\n<p>Para efeito de autoriza\u00e7\u00e3o, <strong>s\u00e3o consideradas as seguintes categorias de interven\u00e7\u00e3o<\/strong>:<\/p>\n<p>I &#8211; Reforma Simplificada;<\/p>\n<p>II &#8211; Reforma\/Constru\u00e7\u00e3o nova;<\/p>\n<p>III &#8211; Restaura\u00e7\u00e3o;<\/p>\n<p>IV &#8211; Coloca\u00e7\u00e3o de Equipamento Publicit\u00e1rio ou Sinaliza\u00e7\u00e3o;<\/p>\n<p>V &#8211; Instala\u00e7\u00f5es Provis\u00f3rias.<\/p>\n<p>&nbsp;<\/p>\n<p><strong>\u00a0Tanto a Portaria IPHAN n\u00ba 187\/2010 como o Decreto-Lei n\u00ba 25\/1937 preveem, entre outros aspectos, infra\u00e7\u00e3o administrativa para a mutila\u00e7\u00e3o de coisa tombada.<\/strong><\/p>\n<p><strong>Coment\u00e1rios:<\/strong><\/p>\n<p><strong>Correto. <\/strong>A portaria IPHAN n\u00ba 187\/2010 veio, para dentre outros aspectos, disciplinar sobre infra\u00e7\u00f5es administrativas por condutas e atividades lesivas ao patrim\u00f4nio cultural edificado, impor san\u00e7\u00f5es e dispor sobre os meios de defesa, sistema recursal e a forma de cobran\u00e7a dos d\u00e9bitos decorrentes das infra\u00e7\u00f5es.<\/p>\n<p>O Decreto-Lei 25\/1937 tamb\u00e9m prev\u00ea infra\u00e7\u00e3o administrativa em caso de mutila\u00e7\u00e3o de coisa tombada.<\/p>\n<p>&nbsp;<\/p>\n<p>Espero que tenham tido um bom desempenho.<\/p>\n<p>Como voc\u00eas puderam observar a prova veio em um bom n\u00edvel, e cobrou a mat\u00e9ria como um todo. Deixou de fora, no entanto, a estrutura regimental do IPHAN.<\/p>\n<p>Embora tenha vindo em um bom n\u00edvel, vacilaram em uma quest\u00e3o ao cobrar conte\u00fado (artigo da lei 11.483\/07) fora do edital e que por isso \u00e9 pass\u00edvel de recurso. O edital especifica o artigo 9\u00ba, mas cobrou o artigo 2\u00ba.<\/p>\n<p>Acredito que quem fez o curso completo, resolveu as quest\u00f5es e o simulado conseguiu ter um \u00f3timo desempenho e com isso se destacar\u00e1 na classifica\u00e7\u00e3o.<\/p>\n<p>Aqui est\u00e3o os coment\u00e1rios das quest\u00f5es da prova da tarde:\u00a0<a href=\"https:\/\/www.estrategiaconcursos.com.br\/blog\/prova-do-iphan-comentada-fundamentos-da-preservacao-do-patrimonio-cultural-itens-3-e-4-tem-recurso-tarde\/\" target=\"_blank\" rel=\"noopener\">https:\/\/www.estrategiaconcursos.com.br\/blog\/prova-do-iphan-comentada-fundamentos-da-preservacao-do-patrimonio-cultural-itens-3-e-4-tem-recurso-tarde\/<\/a><\/p>\n<p>Abra\u00e7os e sucesso a todos!!!<\/p>\n<p>Fiquem com Deus!<\/p>\n<p>Prof. Rosenval<\/p>\n<p>&nbsp;<\/p>\n<p>&nbsp;<\/p>\n<p><strong>\u00a0<\/strong><\/p>\n<p>&nbsp;<\/p>\n<p><strong>\u00a0<\/strong><\/p>\n<p>&nbsp;<\/p>\n<p>&nbsp;<\/p>\n<p><strong>\u00a0<\/strong><\/p>\n<p><strong>\u00a0<\/strong><\/p>\n","protected":false},"excerpt":{"rendered":"<p>Ol\u00e1, pessoal! Vou comentar aqui as quest\u00f5es sobre &#8220;Fundamentos da Preserva\u00e7\u00e3o do Patrim\u00f4nio Cultural (itens 3 e 4)&#8221; aplicadas na parte da MANH\u00c3! Irei comentar a parte de legisla\u00e7\u00e3o, que foi o que ministrei no curso. A quest\u00e3o sobre a REDE FERROVI\u00c1RIA deve ser anulada, pois cobraram um artigo fora do conte\u00fado program\u00e1tico! Confiram nos [&hellip;]<\/p>\n","protected":false},"author":73,"featured_media":0,"comment_status":"open","ping_status":"closed","sticky":false,"template":"","format":"standard","meta":{"post_tipo":"article","footnotes":""},"categories":[1],"tags":[4585,18066,18064,18065],"tax_estado":[],"class_list":["post-137838","post","type-post","status-publish","format-standard","hentry","category-cursos-e-concursos","tag-concurso-iphan","tag-fundamentos-da-preservacao-do-patrimonio-cultural","tag-prova-iphan","tag-prova-iphan-comentada"],"acf":[],"yoast_head":"<!-- This site is optimized with the Yoast SEO Premium plugin v27.2 (Yoast SEO v27.2) - https:\/\/yoast.com\/product\/yoast-seo-premium-wordpress\/ -->\n<title>Prova do IPHAN comentada: Fundamentos da Preserva\u00e7\u00e3o do Patrim\u00f4nio Cultural (itens 3 e 4). TEM RECURSO!!! [MANH\u00c3]<\/title>\n<meta name=\"robots\" content=\"index, follow, max-snippet:-1, max-image-preview:large, max-video-preview:-1\" \/>\n<link rel=\"canonical\" href=\"https:\/\/www.estrategiaconcursos.com.br\/blog\/prova-do-iphan-comentada-fundamentos-da-preservacao-do-patrimonio-cultural-itens-3-e-4\/\" \/>\n<meta property=\"og:locale\" content=\"pt_BR\" \/>\n<meta property=\"og:type\" content=\"article\" \/>\n<meta property=\"og:title\" content=\"Prova do IPHAN comentada: Fundamentos da Preserva\u00e7\u00e3o do Patrim\u00f4nio Cultural (itens 3 e 4). TEM RECURSO!!! [MANH\u00c3]\" \/>\n<meta property=\"og:description\" content=\"Ol\u00e1, pessoal! Vou comentar aqui as quest\u00f5es sobre &#8220;Fundamentos da Preserva\u00e7\u00e3o do Patrim\u00f4nio Cultural (itens 3 e 4)&#8221; aplicadas na parte da MANH\u00c3! Irei comentar a parte de legisla\u00e7\u00e3o, que foi o que ministrei no curso. A quest\u00e3o sobre a REDE FERROVI\u00c1RIA deve ser anulada, pois cobraram um artigo fora do conte\u00fado program\u00e1tico! Confiram nos [&hellip;]\" \/>\n<meta property=\"og:url\" content=\"https:\/\/www.estrategiaconcursos.com.br\/blog\/prova-do-iphan-comentada-fundamentos-da-preservacao-do-patrimonio-cultural-itens-3-e-4\/\" \/>\n<meta property=\"og:site_name\" content=\"Estrat\u00e9gia Concursos\" \/>\n<meta property=\"article:author\" content=\"https:\/\/www.facebook.com\/rosenvaljr\" \/>\n<meta property=\"article:published_time\" content=\"2018-08-26T23:11:59+00:00\" \/>\n<meta property=\"article:modified_time\" content=\"2018-08-27T13:56:54+00:00\" \/>\n<meta name=\"author\" content=\"Rosenval J\u00fanior\" \/>\n<meta name=\"twitter:card\" content=\"summary_large_image\" \/>\n<meta name=\"twitter:creator\" content=\"@EstratConcursos\" \/>\n<meta name=\"twitter:site\" content=\"@EstratConcursos\" \/>\n<meta name=\"twitter:label1\" content=\"Escrito por\" \/>\n\t<meta name=\"twitter:data1\" content=\"Rosenval J\u00fanior\" \/>\n\t<meta name=\"twitter:label2\" content=\"Est. tempo de leitura\" \/>\n\t<meta name=\"twitter:data2\" content=\"7 minutos\" \/>\n<script type=\"application\/ld+json\" class=\"yoast-schema-graph\">{\"@context\":\"https:\/\/schema.org\",\"@graph\":[{\"@type\":\"NewsArticle\",\"@id\":\"https:\/\/www.estrategiaconcursos.com.br\/blog\/prova-do-iphan-comentada-fundamentos-da-preservacao-do-patrimonio-cultural-itens-3-e-4\/#article\",\"isPartOf\":{\"@id\":\"https:\/\/www.estrategiaconcursos.com.br\/blog\/prova-do-iphan-comentada-fundamentos-da-preservacao-do-patrimonio-cultural-itens-3-e-4\/\"},\"author\":{\"name\":\"Rosenval J\u00fanior\",\"@id\":\"https:\/\/www.estrategiaconcursos.com.br\/blog\/#\/schema\/person\/3489eb8fb39ff11193689cf7762b03b0\"},\"headline\":\"Prova do IPHAN comentada: Fundamentos da Preserva\u00e7\u00e3o do Patrim\u00f4nio Cultural (itens 3 e 4). TEM RECURSO!!! [MANH\u00c3]\",\"datePublished\":\"2018-08-26T23:11:59+00:00\",\"dateModified\":\"2018-08-27T13:56:54+00:00\",\"mainEntityOfPage\":{\"@id\":\"https:\/\/www.estrategiaconcursos.com.br\/blog\/prova-do-iphan-comentada-fundamentos-da-preservacao-do-patrimonio-cultural-itens-3-e-4\/\"},\"wordCount\":1330,\"commentCount\":14,\"publisher\":{\"@id\":\"https:\/\/www.estrategiaconcursos.com.br\/blog\/#organization\"},\"keywords\":[\"concurso iphan\",\"Fundamentos da Preserva\u00e7\u00e3o do Patrim\u00f4nio Cultural\",\"prova iphan\",\"prova iphan comentada\"],\"articleSection\":[\"Concursos P\u00fablicos\"],\"inLanguage\":\"pt-BR\",\"potentialAction\":[{\"@type\":\"CommentAction\",\"name\":\"Comment\",\"target\":[\"https:\/\/www.estrategiaconcursos.com.br\/blog\/prova-do-iphan-comentada-fundamentos-da-preservacao-do-patrimonio-cultural-itens-3-e-4\/#respond\"]}],\"copyrightYear\":\"2018\",\"copyrightHolder\":{\"@id\":\"https:\/\/www.estrategiaconcursos.com.br\/blog\/#organization\"}},{\"@type\":\"WebPage\",\"@id\":\"https:\/\/www.estrategiaconcursos.com.br\/blog\/prova-do-iphan-comentada-fundamentos-da-preservacao-do-patrimonio-cultural-itens-3-e-4\/\",\"url\":\"https:\/\/www.estrategiaconcursos.com.br\/blog\/prova-do-iphan-comentada-fundamentos-da-preservacao-do-patrimonio-cultural-itens-3-e-4\/\",\"name\":\"Prova do IPHAN comentada: Fundamentos da Preserva\u00e7\u00e3o do Patrim\u00f4nio Cultural (itens 3 e 4). TEM RECURSO!!! [MANH\u00c3]\",\"isPartOf\":{\"@id\":\"https:\/\/www.estrategiaconcursos.com.br\/blog\/#website\"},\"datePublished\":\"2018-08-26T23:11:59+00:00\",\"dateModified\":\"2018-08-27T13:56:54+00:00\",\"breadcrumb\":{\"@id\":\"https:\/\/www.estrategiaconcursos.com.br\/blog\/prova-do-iphan-comentada-fundamentos-da-preservacao-do-patrimonio-cultural-itens-3-e-4\/#breadcrumb\"},\"inLanguage\":\"pt-BR\",\"potentialAction\":[{\"@type\":\"ReadAction\",\"target\":[\"https:\/\/www.estrategiaconcursos.com.br\/blog\/prova-do-iphan-comentada-fundamentos-da-preservacao-do-patrimonio-cultural-itens-3-e-4\/\"]}]},{\"@type\":\"BreadcrumbList\",\"@id\":\"https:\/\/www.estrategiaconcursos.com.br\/blog\/prova-do-iphan-comentada-fundamentos-da-preservacao-do-patrimonio-cultural-itens-3-e-4\/#breadcrumb\",\"itemListElement\":[{\"@type\":\"ListItem\",\"position\":1,\"name\":\"In\u00edcio\",\"item\":\"https:\/\/www.estrategiaconcursos.com.br\/blog\/\"},{\"@type\":\"ListItem\",\"position\":2,\"name\":\"Prova do IPHAN comentada: Fundamentos da Preserva\u00e7\u00e3o do Patrim\u00f4nio Cultural (itens 3 e 4). TEM RECURSO!!! [MANH\u00c3]\"}]},{\"@type\":\"WebSite\",\"@id\":\"https:\/\/www.estrategiaconcursos.com.br\/blog\/#website\",\"url\":\"https:\/\/www.estrategiaconcursos.com.br\/blog\/\",\"name\":\"Estrat\u00e9gia Concursos\",\"description\":\"O blog da Estrat\u00e9gia Concursos traz not\u00edcias sobre concursos e artigos de professores oferecendo cursos para concursos (pdf + videaulas) no site.\",\"publisher\":{\"@id\":\"https:\/\/www.estrategiaconcursos.com.br\/blog\/#organization\"},\"potentialAction\":[{\"@type\":\"SearchAction\",\"target\":{\"@type\":\"EntryPoint\",\"urlTemplate\":\"https:\/\/www.estrategiaconcursos.com.br\/blog\/?s={search_term_string}\"},\"query-input\":{\"@type\":\"PropertyValueSpecification\",\"valueRequired\":true,\"valueName\":\"search_term_string\"}}],\"inLanguage\":\"pt-BR\"},{\"@type\":\"Organization\",\"@id\":\"https:\/\/www.estrategiaconcursos.com.br\/blog\/#organization\",\"name\":\"Estrat\u00e9gia Concursos\",\"url\":\"https:\/\/www.estrategiaconcursos.com.br\/blog\/\",\"logo\":{\"@type\":\"ImageObject\",\"inLanguage\":\"pt-BR\",\"@id\":\"https:\/\/www.estrategiaconcursos.com.br\/blog\/#\/schema\/logo\/image\/\",\"url\":\"https:\/\/dhg1h5j42swfq.cloudfront.net\/2025\/06\/03203428\/logo_concursos-1.jpg\",\"contentUrl\":\"https:\/\/dhg1h5j42swfq.cloudfront.net\/2025\/06\/03203428\/logo_concursos-1.jpg\",\"width\":230,\"height\":60,\"caption\":\"Estrat\u00e9gia Concursos\"},\"image\":{\"@id\":\"https:\/\/www.estrategiaconcursos.com.br\/blog\/#\/schema\/logo\/image\/\"},\"sameAs\":[\"https:\/\/x.com\/EstratConcursos\"]},{\"@type\":\"Person\",\"@id\":\"https:\/\/www.estrategiaconcursos.com.br\/blog\/#\/schema\/person\/3489eb8fb39ff11193689cf7762b03b0\",\"name\":\"Rosenval J\u00fanior\",\"image\":{\"@type\":\"ImageObject\",\"inLanguage\":\"pt-BR\",\"@id\":\"https:\/\/secure.gravatar.com\/avatar\/dc38e7bcadccb99c8a28b35b027bdc6b8b6a65ee938a25ed335e3e31eed462e0?s=96&d=mm&r=g\",\"url\":\"https:\/\/secure.gravatar.com\/avatar\/dc38e7bcadccb99c8a28b35b027bdc6b8b6a65ee938a25ed335e3e31eed462e0?s=96&d=mm&r=g\",\"contentUrl\":\"https:\/\/secure.gravatar.com\/avatar\/dc38e7bcadccb99c8a28b35b027bdc6b8b6a65ee938a25ed335e3e31eed462e0?s=96&d=mm&r=g\",\"caption\":\"Rosenval J\u00fanior\"},\"description\":\"Graduado pela Universidade Federal de Vi\u00e7osa - UFV. P\u00f3s-graduado em Direito Ambiental. Graduado tamb\u00e9m em Gest\u00e3o Ambiental, com tr\u00eas especializa\u00e7\u00f5es na \u00e1rea ambiental. Mestrando em Engenharia Ambiental. Servidor p\u00fablico do Minist\u00e9rio da Justi\u00e7a e professor de Direito Ambiental, Meio Ambiente, Direito Agr\u00e1rio e Direito Urban\u00edstico para concursos p\u00fablicos. Professor de Direito Ambiental para o Exame de Ordem. Aprovado em 15 concursos p\u00fablicos na \u00e1rea de Meio Ambiente como Analista Ambiental do Instituto Brasileiro do Meio Ambiente e dos Recursos Naturais Renov\u00e1veis - IBAMA; Analista Pericial - Especialidade Engenharia Florestal do Minist\u00e9rio P\u00fablico da Uni\u00e3o - MPU; Analista de Infraestrutura - \u00c1rea de Especializa\u00e7\u00e3o Ambiental do Departamento Nacional de Infraestrutura de Transportes - DNIT; Especialista em Regula\u00e7\u00e3o - \u00c1rea Engenharia Ambiental e Engenharia Florestal, com \u00eanfase em Meio Ambiente da Ag\u00eancia Nacional de Transportes Terrestres - ANTT; Consultor Legislativo em Meio Ambiente e Direito Ambiental, Organiza\u00e7\u00e3o Territorial, Desenvolvimento Urbano e Regional da C\u00e2mara dos Deputados; entre outros. Autor do livro \\\"Direito Ambiental para Concursos e Exame de Ordem\\\", Editora Juru\u00e1. Iniciou sua carreira no servi\u00e7o p\u00fablico federal em 2006, quando obteve aprova\u00e7\u00e3o em 1\u00b0 lugar para o cargo de engenheiro florestal da Casa Civil da Presid\u00eancia da Rep\u00fablica\/Arquivo Nacional. Alguns concursos em que foi aprovado: 1\u00b0 lugar para Analista do Minist\u00e9rio P\u00fablico de MG; 1\u00ba lugar para Engenheiro da Casa Civil da Presid\u00eancia da Rep\u00fablica; 1\u00b0 lugar para T\u00e9cnico em Recursos Naturais \u2013 n\u00edvel II \u2013 \u00c1rea Engenharia Florestal do IDAF; 2\u00b0 lugar para Analista Pericial do Minist\u00e9rio P\u00fablico da Uni\u00e3o - MPU; 2\u00b0 lugar para Analista em Reforma e Desenvolvimento Agr\u00e1rio do INCRA; 7\u00ba lugar Engenheiro J\u00fanior da Caixa Econ\u00f4mica Federal; 10\u00ba lugar para Analista Ambiental do Instituto Estadual de Florestas - IEF\/MG; 6\u00ba lugar para Analista de Infraestrutura (\u00c1rea de Especializa\u00e7\u00e3o Ambiental) do Departamento Nacional de Infraestrutura de Transportes \u2013 DNIT (Prova objetiva e discursiva); 2\u00b0 lugar para Perito Criminal da Pol\u00edcia Civil do Estado do Rio de Janeiro \u2013PCERJ (Resultado na Prova objetiva, TAF, Avalia\u00e7\u00e3o M\u00e9dica, e Psicot\u00e9cnico); 10\u00ba lugar para Perito Criminal da Pol\u00edcia Federal \u2013 DPF \u2013 \u00c1rea 9 (Resultado definitivo na prova objetiva e discursiva); 2\u00b0 lugar para Analista Ambiental do Instituto Brasileiro do Meio Ambiente e dos Recursos Naturais Renov\u00e1veis \u2013 IBAMA (Prova objetiva e discursiva); 1\u00b0 lugar para Especialista em Regula\u00e7\u00e3o Engenharia Ambiental e Engenharia Florestal (com \u00eanfase em meio ambiente) da Ag\u00eancia Nacional de Transportes Terrestres - ANTT (Resultado da prova objetiva, discursiva e de t\u00edtulos); 10\u00ba lugar para Consultor Legislativo em Meio Ambiente e Direito Ambiental, Organiza\u00e7\u00e3o Territorial, Desenvolvimento Urbano e Regional da C\u00e2mara dos Deputados. (Resultado da prova objetiva, discursiva e de t\u00edtulos) Entre em contato comigo pelo facebook e pelo Youtube. Basta colocar na busca: Rosenval J\u00fanior. Ou copiar e colar o endere\u00e7o: www.facebook.com\/rosenvaljr Acesse o meu site e saiba mais: www.aprendadireitoambiental.com.br\",\"sameAs\":[\"http:\/\/www.aprendadireitoambiental.com.br\",\"https:\/\/www.facebook.com\/rosenvaljr\"],\"url\":\"https:\/\/www.estrategiaconcursos.com.br\/blog\/author\/rosenvaljuniorestrategiaconcursos-com-br\/\"}]}<\/script>\n<!-- \/ Yoast SEO Premium plugin. -->","yoast_head_json":{"title":"Prova do IPHAN comentada: Fundamentos da Preserva\u00e7\u00e3o do Patrim\u00f4nio Cultural (itens 3 e 4). TEM RECURSO!!! [MANH\u00c3]","robots":{"index":"index","follow":"follow","max-snippet":"max-snippet:-1","max-image-preview":"max-image-preview:large","max-video-preview":"max-video-preview:-1"},"canonical":"https:\/\/www.estrategiaconcursos.com.br\/blog\/prova-do-iphan-comentada-fundamentos-da-preservacao-do-patrimonio-cultural-itens-3-e-4\/","og_locale":"pt_BR","og_type":"article","og_title":"Prova do IPHAN comentada: Fundamentos da Preserva\u00e7\u00e3o do Patrim\u00f4nio Cultural (itens 3 e 4). TEM RECURSO!!! [MANH\u00c3]","og_description":"Ol\u00e1, pessoal! Vou comentar aqui as quest\u00f5es sobre &#8220;Fundamentos da Preserva\u00e7\u00e3o do Patrim\u00f4nio Cultural (itens 3 e 4)&#8221; aplicadas na parte da MANH\u00c3! Irei comentar a parte de legisla\u00e7\u00e3o, que foi o que ministrei no curso. A quest\u00e3o sobre a REDE FERROVI\u00c1RIA deve ser anulada, pois cobraram um artigo fora do conte\u00fado program\u00e1tico! Confiram nos [&hellip;]","og_url":"https:\/\/www.estrategiaconcursos.com.br\/blog\/prova-do-iphan-comentada-fundamentos-da-preservacao-do-patrimonio-cultural-itens-3-e-4\/","og_site_name":"Estrat\u00e9gia Concursos","article_author":"https:\/\/www.facebook.com\/rosenvaljr","article_published_time":"2018-08-26T23:11:59+00:00","article_modified_time":"2018-08-27T13:56:54+00:00","author":"Rosenval J\u00fanior","twitter_card":"summary_large_image","twitter_creator":"@EstratConcursos","twitter_site":"@EstratConcursos","twitter_misc":{"Escrito por":"Rosenval J\u00fanior","Est. tempo de leitura":"7 minutos"},"schema":{"@context":"https:\/\/schema.org","@graph":[{"@type":"NewsArticle","@id":"https:\/\/www.estrategiaconcursos.com.br\/blog\/prova-do-iphan-comentada-fundamentos-da-preservacao-do-patrimonio-cultural-itens-3-e-4\/#article","isPartOf":{"@id":"https:\/\/www.estrategiaconcursos.com.br\/blog\/prova-do-iphan-comentada-fundamentos-da-preservacao-do-patrimonio-cultural-itens-3-e-4\/"},"author":{"name":"Rosenval J\u00fanior","@id":"https:\/\/www.estrategiaconcursos.com.br\/blog\/#\/schema\/person\/3489eb8fb39ff11193689cf7762b03b0"},"headline":"Prova do IPHAN comentada: Fundamentos da Preserva\u00e7\u00e3o do Patrim\u00f4nio Cultural (itens 3 e 4). TEM RECURSO!!! [MANH\u00c3]","datePublished":"2018-08-26T23:11:59+00:00","dateModified":"2018-08-27T13:56:54+00:00","mainEntityOfPage":{"@id":"https:\/\/www.estrategiaconcursos.com.br\/blog\/prova-do-iphan-comentada-fundamentos-da-preservacao-do-patrimonio-cultural-itens-3-e-4\/"},"wordCount":1330,"commentCount":14,"publisher":{"@id":"https:\/\/www.estrategiaconcursos.com.br\/blog\/#organization"},"keywords":["concurso iphan","Fundamentos da Preserva\u00e7\u00e3o do Patrim\u00f4nio Cultural","prova iphan","prova iphan comentada"],"articleSection":["Concursos P\u00fablicos"],"inLanguage":"pt-BR","potentialAction":[{"@type":"CommentAction","name":"Comment","target":["https:\/\/www.estrategiaconcursos.com.br\/blog\/prova-do-iphan-comentada-fundamentos-da-preservacao-do-patrimonio-cultural-itens-3-e-4\/#respond"]}],"copyrightYear":"2018","copyrightHolder":{"@id":"https:\/\/www.estrategiaconcursos.com.br\/blog\/#organization"}},{"@type":"WebPage","@id":"https:\/\/www.estrategiaconcursos.com.br\/blog\/prova-do-iphan-comentada-fundamentos-da-preservacao-do-patrimonio-cultural-itens-3-e-4\/","url":"https:\/\/www.estrategiaconcursos.com.br\/blog\/prova-do-iphan-comentada-fundamentos-da-preservacao-do-patrimonio-cultural-itens-3-e-4\/","name":"Prova do IPHAN comentada: Fundamentos da Preserva\u00e7\u00e3o do Patrim\u00f4nio Cultural (itens 3 e 4). TEM RECURSO!!! [MANH\u00c3]","isPartOf":{"@id":"https:\/\/www.estrategiaconcursos.com.br\/blog\/#website"},"datePublished":"2018-08-26T23:11:59+00:00","dateModified":"2018-08-27T13:56:54+00:00","breadcrumb":{"@id":"https:\/\/www.estrategiaconcursos.com.br\/blog\/prova-do-iphan-comentada-fundamentos-da-preservacao-do-patrimonio-cultural-itens-3-e-4\/#breadcrumb"},"inLanguage":"pt-BR","potentialAction":[{"@type":"ReadAction","target":["https:\/\/www.estrategiaconcursos.com.br\/blog\/prova-do-iphan-comentada-fundamentos-da-preservacao-do-patrimonio-cultural-itens-3-e-4\/"]}]},{"@type":"BreadcrumbList","@id":"https:\/\/www.estrategiaconcursos.com.br\/blog\/prova-do-iphan-comentada-fundamentos-da-preservacao-do-patrimonio-cultural-itens-3-e-4\/#breadcrumb","itemListElement":[{"@type":"ListItem","position":1,"name":"In\u00edcio","item":"https:\/\/www.estrategiaconcursos.com.br\/blog\/"},{"@type":"ListItem","position":2,"name":"Prova do IPHAN comentada: Fundamentos da Preserva\u00e7\u00e3o do Patrim\u00f4nio Cultural (itens 3 e 4). TEM RECURSO!!! [MANH\u00c3]"}]},{"@type":"WebSite","@id":"https:\/\/www.estrategiaconcursos.com.br\/blog\/#website","url":"https:\/\/www.estrategiaconcursos.com.br\/blog\/","name":"Estrat\u00e9gia Concursos","description":"O blog da Estrat\u00e9gia Concursos traz not\u00edcias sobre concursos e artigos de professores oferecendo cursos para concursos (pdf + videaulas) no site.","publisher":{"@id":"https:\/\/www.estrategiaconcursos.com.br\/blog\/#organization"},"potentialAction":[{"@type":"SearchAction","target":{"@type":"EntryPoint","urlTemplate":"https:\/\/www.estrategiaconcursos.com.br\/blog\/?s={search_term_string}"},"query-input":{"@type":"PropertyValueSpecification","valueRequired":true,"valueName":"search_term_string"}}],"inLanguage":"pt-BR"},{"@type":"Organization","@id":"https:\/\/www.estrategiaconcursos.com.br\/blog\/#organization","name":"Estrat\u00e9gia Concursos","url":"https:\/\/www.estrategiaconcursos.com.br\/blog\/","logo":{"@type":"ImageObject","inLanguage":"pt-BR","@id":"https:\/\/www.estrategiaconcursos.com.br\/blog\/#\/schema\/logo\/image\/","url":"https:\/\/dhg1h5j42swfq.cloudfront.net\/2025\/06\/03203428\/logo_concursos-1.jpg","contentUrl":"https:\/\/dhg1h5j42swfq.cloudfront.net\/2025\/06\/03203428\/logo_concursos-1.jpg","width":230,"height":60,"caption":"Estrat\u00e9gia Concursos"},"image":{"@id":"https:\/\/www.estrategiaconcursos.com.br\/blog\/#\/schema\/logo\/image\/"},"sameAs":["https:\/\/x.com\/EstratConcursos"]},{"@type":"Person","@id":"https:\/\/www.estrategiaconcursos.com.br\/blog\/#\/schema\/person\/3489eb8fb39ff11193689cf7762b03b0","name":"Rosenval J\u00fanior","image":{"@type":"ImageObject","inLanguage":"pt-BR","@id":"https:\/\/secure.gravatar.com\/avatar\/dc38e7bcadccb99c8a28b35b027bdc6b8b6a65ee938a25ed335e3e31eed462e0?s=96&d=mm&r=g","url":"https:\/\/secure.gravatar.com\/avatar\/dc38e7bcadccb99c8a28b35b027bdc6b8b6a65ee938a25ed335e3e31eed462e0?s=96&d=mm&r=g","contentUrl":"https:\/\/secure.gravatar.com\/avatar\/dc38e7bcadccb99c8a28b35b027bdc6b8b6a65ee938a25ed335e3e31eed462e0?s=96&d=mm&r=g","caption":"Rosenval J\u00fanior"},"description":"Graduado pela Universidade Federal de Vi\u00e7osa - UFV. P\u00f3s-graduado em Direito Ambiental. Graduado tamb\u00e9m em Gest\u00e3o Ambiental, com tr\u00eas especializa\u00e7\u00f5es na \u00e1rea ambiental. Mestrando em Engenharia Ambiental. Servidor p\u00fablico do Minist\u00e9rio da Justi\u00e7a e professor de Direito Ambiental, Meio Ambiente, Direito Agr\u00e1rio e Direito Urban\u00edstico para concursos p\u00fablicos. Professor de Direito Ambiental para o Exame de Ordem. Aprovado em 15 concursos p\u00fablicos na \u00e1rea de Meio Ambiente como Analista Ambiental do Instituto Brasileiro do Meio Ambiente e dos Recursos Naturais Renov\u00e1veis - IBAMA; Analista Pericial - Especialidade Engenharia Florestal do Minist\u00e9rio P\u00fablico da Uni\u00e3o - MPU; Analista de Infraestrutura - \u00c1rea de Especializa\u00e7\u00e3o Ambiental do Departamento Nacional de Infraestrutura de Transportes - DNIT; Especialista em Regula\u00e7\u00e3o - \u00c1rea Engenharia Ambiental e Engenharia Florestal, com \u00eanfase em Meio Ambiente da Ag\u00eancia Nacional de Transportes Terrestres - ANTT; Consultor Legislativo em Meio Ambiente e Direito Ambiental, Organiza\u00e7\u00e3o Territorial, Desenvolvimento Urbano e Regional da C\u00e2mara dos Deputados; entre outros. Autor do livro \"Direito Ambiental para Concursos e Exame de Ordem\", Editora Juru\u00e1. Iniciou sua carreira no servi\u00e7o p\u00fablico federal em 2006, quando obteve aprova\u00e7\u00e3o em 1\u00b0 lugar para o cargo de engenheiro florestal da Casa Civil da Presid\u00eancia da Rep\u00fablica\/Arquivo Nacional. Alguns concursos em que foi aprovado: 1\u00b0 lugar para Analista do Minist\u00e9rio P\u00fablico de MG; 1\u00ba lugar para Engenheiro da Casa Civil da Presid\u00eancia da Rep\u00fablica; 1\u00b0 lugar para T\u00e9cnico em Recursos Naturais \u2013 n\u00edvel II \u2013 \u00c1rea Engenharia Florestal do IDAF; 2\u00b0 lugar para Analista Pericial do Minist\u00e9rio P\u00fablico da Uni\u00e3o - MPU; 2\u00b0 lugar para Analista em Reforma e Desenvolvimento Agr\u00e1rio do INCRA; 7\u00ba lugar Engenheiro J\u00fanior da Caixa Econ\u00f4mica Federal; 10\u00ba lugar para Analista Ambiental do Instituto Estadual de Florestas - IEF\/MG; 6\u00ba lugar para Analista de Infraestrutura (\u00c1rea de Especializa\u00e7\u00e3o Ambiental) do Departamento Nacional de Infraestrutura de Transportes \u2013 DNIT (Prova objetiva e discursiva); 2\u00b0 lugar para Perito Criminal da Pol\u00edcia Civil do Estado do Rio de Janeiro \u2013PCERJ (Resultado na Prova objetiva, TAF, Avalia\u00e7\u00e3o M\u00e9dica, e Psicot\u00e9cnico); 10\u00ba lugar para Perito Criminal da Pol\u00edcia Federal \u2013 DPF \u2013 \u00c1rea 9 (Resultado definitivo na prova objetiva e discursiva); 2\u00b0 lugar para Analista Ambiental do Instituto Brasileiro do Meio Ambiente e dos Recursos Naturais Renov\u00e1veis \u2013 IBAMA (Prova objetiva e discursiva); 1\u00b0 lugar para Especialista em Regula\u00e7\u00e3o Engenharia Ambiental e Engenharia Florestal (com \u00eanfase em meio ambiente) da Ag\u00eancia Nacional de Transportes Terrestres - ANTT (Resultado da prova objetiva, discursiva e de t\u00edtulos); 10\u00ba lugar para Consultor Legislativo em Meio Ambiente e Direito Ambiental, Organiza\u00e7\u00e3o Territorial, Desenvolvimento Urbano e Regional da C\u00e2mara dos Deputados. (Resultado da prova objetiva, discursiva e de t\u00edtulos) Entre em contato comigo pelo facebook e pelo Youtube. Basta colocar na busca: Rosenval J\u00fanior. Ou copiar e colar o endere\u00e7o: www.facebook.com\/rosenvaljr Acesse o meu site e saiba mais: www.aprendadireitoambiental.com.br","sameAs":["http:\/\/www.aprendadireitoambiental.com.br","https:\/\/www.facebook.com\/rosenvaljr"],"url":"https:\/\/www.estrategiaconcursos.com.br\/blog\/author\/rosenvaljuniorestrategiaconcursos-com-br\/"}]}},"_links":{"self":[{"href":"https:\/\/www.estrategiaconcursos.com.br\/blog\/wp-json\/wp\/v2\/posts\/137838","targetHints":{"allow":["GET"]}}],"collection":[{"href":"https:\/\/www.estrategiaconcursos.com.br\/blog\/wp-json\/wp\/v2\/posts"}],"about":[{"href":"https:\/\/www.estrategiaconcursos.com.br\/blog\/wp-json\/wp\/v2\/types\/post"}],"author":[{"embeddable":true,"href":"https:\/\/www.estrategiaconcursos.com.br\/blog\/wp-json\/wp\/v2\/users\/73"}],"replies":[{"embeddable":true,"href":"https:\/\/www.estrategiaconcursos.com.br\/blog\/wp-json\/wp\/v2\/comments?post=137838"}],"version-history":[{"count":8,"href":"https:\/\/www.estrategiaconcursos.com.br\/blog\/wp-json\/wp\/v2\/posts\/137838\/revisions"}],"predecessor-version":[{"id":137931,"href":"https:\/\/www.estrategiaconcursos.com.br\/blog\/wp-json\/wp\/v2\/posts\/137838\/revisions\/137931"}],"wp:attachment":[{"href":"https:\/\/www.estrategiaconcursos.com.br\/blog\/wp-json\/wp\/v2\/media?parent=137838"}],"wp:term":[{"taxonomy":"category","embeddable":true,"href":"https:\/\/www.estrategiaconcursos.com.br\/blog\/wp-json\/wp\/v2\/categories?post=137838"},{"taxonomy":"post_tag","embeddable":true,"href":"https:\/\/www.estrategiaconcursos.com.br\/blog\/wp-json\/wp\/v2\/tags?post=137838"},{"taxonomy":"tax_estado","embeddable":true,"href":"https:\/\/www.estrategiaconcursos.com.br\/blog\/wp-json\/wp\/v2\/tax_estado?post=137838"}],"curies":[{"name":"wp","href":"https:\/\/api.w.org\/{rel}","templated":true}]}}