{"id":1378106,"date":"2024-04-30T08:00:00","date_gmt":"2024-04-30T11:00:00","guid":{"rendered":"https:\/\/www.estrategiaconcursos.com.br\/blog\/?p=1378106"},"modified":"2024-04-02T12:11:07","modified_gmt":"2024-04-02T15:11:07","slug":"divida-ativa-ale-ro","status":"publish","type":"post","link":"https:\/\/www.estrategiaconcursos.com.br\/blog\/divida-ativa-ale-ro\/","title":{"rendered":"D\u00edvida Ativa para ALE-RO\u00a0"},"content":{"rendered":"\n<p>Fala, pessoal, tudo certo? Hoje faremos um resumo sobre a D\u00edvida Ativa para ALE-RO (Assembleia Legislativa do Estado de Rond\u00f4nia).<\/p>\n\n\n\n<figure class=\"wp-block-image aligncenter size-large is-resized\"><img loading=\"lazy\" decoding=\"async\" width=\"1024\" height=\"576\" src=\"https:\/\/dhg1h5j42swfq.cloudfront.net\/2024\/04\/02113624\/business-man-calculating-finance-numbers-close-up-1024x576.jpg\" alt=\"D\u00edvida Ativa para ALE-RO\u00a0\" class=\"wp-image-1378107\" style=\"width:634px;height:auto\" srcset=\"https:\/\/dhg1h5j42swfq.cloudfront.net\/2024\/04\/02113624\/business-man-calculating-finance-numbers-close-up-1024x576.jpg 1024w, https:\/\/dhg1h5j42swfq.cloudfront.net\/2024\/04\/02113624\/business-man-calculating-finance-numbers-close-up-300x169.jpg 300w, https:\/\/dhg1h5j42swfq.cloudfront.net\/2024\/04\/02113624\/business-man-calculating-finance-numbers-close-up-768x432.jpg 768w, https:\/\/dhg1h5j42swfq.cloudfront.net\/2024\/04\/02113624\/business-man-calculating-finance-numbers-close-up-1536x864.jpg 1536w, https:\/\/dhg1h5j42swfq.cloudfront.net\/2024\/04\/02113624\/business-man-calculating-finance-numbers-close-up-2048x1152.jpg 2048w, https:\/\/dhg1h5j42swfq.cloudfront.net\/2024\/04\/02113624\/business-man-calculating-finance-numbers-close-up-610x343.jpg 610w, https:\/\/dhg1h5j42swfq.cloudfront.net\/2024\/04\/02113624\/business-man-calculating-finance-numbers-close-up-150x84.jpg 150w\" sizes=\"auto, (max-width: 1024px) 100vw, 1024px\" \/><figcaption class=\"wp-element-caption\">D\u00edvida Ativa para ALE-RO\u00a0<\/figcaption><\/figure>\n\n\n\n<p>Trata-se de assunto importante da disciplina de Direito Tribut\u00e1rio!<\/p>\n\n\n\n<p>Como sabemos, o edital do concurso da ALE-RO (Assembleia Legislativa do Estado de Rond\u00f4nia) est\u00e1 para sair. J\u00e1 nesta fase pr\u00e9-edital foram anunciadas mais de 300 vagas de n\u00edveis m\u00e9dio e superior de escolaridade.<\/p>\n\n\n\n<p>A banca do concurso ainda ser\u00e1 definida. Mais detalhes podem ser conferidos no <a href=\"https:\/\/www.estrategiaconcursos.com.br\/blog\/concurso-ale-ro\/\" target=\"_blank\" rel=\"noreferrer noopener\">nosso artigo sobre a ALE RO.<\/a><\/p>\n\n\n\n<p>Vamos l\u00e1, rumo \u00e0 Assembleia de Rond\u00f4nia!<\/p>\n\n\n\n<h2 class=\"wp-block-heading has-vivid-cyan-blue-color has-text-color has-link-color wp-elements-54e772dd5f3936bfc9495ac28be92732\" id=\"h-divida-ativa\">D\u00edvida Ativa<\/h2>\n\n\n\n<h3 class=\"wp-block-heading has-vivid-cyan-blue-color has-text-color has-link-color wp-elements-1377c558f3d274d8317bf38bf3edbb2e\" id=\"h-credito-tributario-x-credito-nao-tributario-nbsp\">Cr\u00e9dito tribut\u00e1rio X Cr\u00e9dito n\u00e3o tribut\u00e1rio&nbsp;<\/h3>\n\n\n\n<p>A d\u00edvida ativa pode ser de natureza tribut\u00e1ria ou n\u00e3o tribut\u00e1ria.&nbsp;<\/p>\n\n\n\n<p>Nesse sentido, o artigo 39 da Lei 4.320\/1964 afirma para n\u00f3s que <em>\u201cOs cr\u00e9ditos da Fazenda P\u00fablica, <\/em><strong><em>de natureza tribut\u00e1ria ou n\u00e3o tribut\u00e1ria<\/em><\/strong><em>, ser\u00e3o escriturados como receita do exerc\u00edcio em que forem arrecadados, nas respectivas rubricas or\u00e7ament\u00e1rias\u201d<\/em>.&nbsp;<\/p>\n\n\n\n<p>Na mesma esteira, o artigo 2\u00ba da Lei 6.830\/1980 afirma que:<\/p>\n\n\n\n<blockquote class=\"wp-block-quote is-layout-flow wp-block-quote-is-layout-flow\">\n<p class=\"has-small-font-size\">Art. 2\u00ba &#8211; <strong>Constitui D\u00edvida Ativa da Fazenda P\u00fablica aquela definida como tribut\u00e1ria ou n\u00e3o tribut\u00e1ria na Lei n\u00ba 4.320, de 17 de mar\u00e7o de 1964, com as altera\u00e7\u00f5es posteriores<\/strong>, que estatui normas gerais de direito financeiro para elabora\u00e7\u00e3o e controle dos or\u00e7amentos e balan\u00e7os da Uni\u00e3o, dos Estados, dos Munic\u00edpios e do Distrito Federal.<\/p>\n<\/blockquote>\n\n\n\n<p>A primeira, como veremos a seguir, forma-se a partir do cr\u00e9dito de natureza tribut\u00e1ria. Isso \u00e9, a d\u00edvida ativa tribut\u00e1ria constituiu-se em decorr\u00eancia do n\u00e3o pagamento de um cr\u00e9dito tribut\u00e1rio.<\/p>\n\n\n\n<p>Por sua vez, a d\u00edvida ativa n\u00e3o tribut\u00e1ria corresponde aos demais cr\u00e9ditos que a Fazenda P\u00fablica possui em rela\u00e7\u00e3o aos particulares ou at\u00e9 mesmo outros Entes.<\/p>\n\n\n\n<p>Essa separa\u00e7\u00e3o \u00e9 importante porque os cr\u00e9ditos de natureza tribut\u00e1ria possuem \u201cprivil\u00e9gios\u201d perante os demais cr\u00e9ditos.<\/p>\n\n\n\n<p>Por exemplo, o artigo 186 do C\u00f3digo Tribut\u00e1rio Nacional (CTN) afirma para n\u00f3s que o <strong>cr\u00e9dito tribut\u00e1rio prefere a qualquer outro,<\/strong> seja qual for sua natureza ou o tempo de sua constitui\u00e7\u00e3o,<strong> <\/strong><span style=\"text-decoration: underline;\">ressalvados os cr\u00e9ditos decorrentes da legisla\u00e7\u00e3o do trabalho ou do acidente de trabalho<\/span>.<strong> <\/strong>Em resumo, isso significa dizer que ter\u00e1 prefer\u00eancia no pagamento.<\/p>\n\n\n\n<p>Al\u00e9m disso, \u00e9 importante apontar que o \u00a7 2\u00ba do artigo 2\u00ba da Lei 6.830\/1980 afirma que <strong>a <\/strong>&nbsp;<strong>D\u00edvida Ativa<\/strong> da Fazenda P\u00fablica, compreendendo a tribut\u00e1ria e a n\u00e3o tribut\u00e1ria, <strong>abrange atualiza\u00e7\u00e3o monet\u00e1ria, juros e multa de mora e demais encargos previstos em lei ou contrato. <\/strong>O \u00a7 3\u00ba do artigo 39 da Lei 4.320\/1964 disp\u00f5e no mesmo sentido.<\/p>\n\n\n\n<h3 class=\"wp-block-heading has-vivid-cyan-blue-color has-text-color has-link-color wp-elements-a34c52e5ad3df49dde62a22a5ea937d0\" id=\"h-divida-ativa-tributaria\">D\u00edvida ativa tribut\u00e1ria<\/h3>\n\n\n\n<p>Para al\u00e9m do que j\u00e1 falamos acima sobre a d\u00edvida ativa e cr\u00e9dito tribut\u00e1rio, de acordo com o artigo 201 do C\u00f3digo Tribut\u00e1rio Nacional (CTN), <strong>a d\u00edvida ativa tribut\u00e1ria \u00e9 aquela proveniente de cr\u00e9dito dessa natureza, regularmente inscrita<\/strong> na reparti\u00e7\u00e3o administrativa competente, <strong>depois de esgotado o prazo fixado<\/strong>, para pagamento, pela lei ou por decis\u00e3o final proferida em processo regular.<\/p>\n\n\n\n<p>Por sua vez, o \u00a7 2\u00ba do artigo 39 da Lei 4.320\/1964 afirma:<\/p>\n\n\n\n<blockquote class=\"wp-block-quote is-layout-flow wp-block-quote-is-layout-flow\">\n<p class=\"has-small-font-size\">\u00a7 2\u00ba &#8211; D\u00edvida Ativa Tribut\u00e1ria \u00e9 o cr\u00e9dito da Fazenda P\u00fablica dessa natureza, proveniente de obriga\u00e7\u00e3o legal relativa a tributos e respectivos adicionais e multas, e D\u00edvida Ativa n\u00e3o Tribut\u00e1ria s\u00e3o os demais cr\u00e9ditos da Fazenda P\u00fablica, tais como os provenientes de empr\u00e9stimos compuls\u00f3rios, contribui\u00e7\u00f5es estabelecidas em lei, multas de qualquer origem ou natureza, exceto as tribut\u00e1rias, foros, laud\u00eamios, alugu\u00e9is ou taxas de ocupa\u00e7\u00e3o, custas processuais, pre\u00e7os de servi\u00e7os prestados por estabelecimentos p\u00fablicos, indeniza\u00e7\u00f5es, reposi\u00e7\u00f5es, restitui\u00e7\u00f5es, alcances dos respons\u00e1veis definitivamente julgados, bem assim os cr\u00e9ditos decorrentes de obriga\u00e7\u00f5es em moeda estrangeira, de subroga\u00e7\u00e3o de hipoteca, fian\u00e7a, aval ou outra garantia, de contratos em geral ou de outras obriga\u00e7\u00f5es legais.&nbsp;&nbsp;<\/p>\n<\/blockquote>\n\n\n\n<p>\u00c9 importante, no entanto, tomar cuidado com esse \u00faltimo dispositivo, pois afirma que os empr\u00e9stimos compuls\u00f3rios n\u00e3o possuem natureza tribut\u00e1ria.&nbsp;<\/p>\n\n\n\n<p>No entanto, trata-se de reda\u00e7\u00e3o dada pelo Decreto-Lei n\u00ba 1.735\/1979 e, portanto, anteriormente \u00e0 CF, que passou a prever os empr\u00e9stimos compuls\u00f3rios como tributos pass\u00edveis de institui\u00e7\u00e3o pela Uni\u00e3o, vide <a href=\"https:\/\/www.planalto.gov.br\/ccivil_03\/constituicao\/constituicaocompilado.htm#:~:text=Art.%20148.%20A%20Uni%C3%A3o%2C%20mediante%20lei%20complementar%2C%20poder%C3%A1%20instituir%20empr%C3%A9stimos%20compuls%C3%B3rios%3A\" target=\"_blank\" rel=\"noreferrer noopener\">artigo 148 da CF<\/a>.<\/p>\n\n\n\n<h3 class=\"wp-block-heading has-vivid-cyan-blue-color has-text-color has-link-color wp-elements-cd82a9ffc349e174778ed423e3c15a9e\" id=\"h-inscricao-da-divida-ativa\">Inscri\u00e7\u00e3o da d\u00edvida ativa<\/h3>\n\n\n\n<p>Como vimos, a d\u00edvida ativa deve ser regularmente inscrita na reparti\u00e7\u00e3o administrativa competente.<\/p>\n\n\n\n<p>Al\u00e9m disso, \u00e9 necess\u00e1rio que saibamos que a <strong>inscri\u00e7\u00e3o da d\u00edvida ativa consiste em ato de controle administrativo da legalidade<\/strong>.&nbsp;<\/p>\n\n\n\n<p>Ou seja, a Administra\u00e7\u00e3o Tribut\u00e1ria far\u00e1 uma an\u00e1lise sobre a legalidade da constitui\u00e7\u00e3o do cr\u00e9dito tribut\u00e1rio, bem como da inscri\u00e7\u00e3o da d\u00edvida ativa.<\/p>\n\n\n\n<p>Desse modo, a inscri\u00e7\u00e3o deve ser feita pelo <strong>\u00f3rg\u00e3o competente para apurar a liquidez e certeza do cr\u00e9dito<\/strong>.&nbsp;<\/p>\n\n\n\n<p>Nesse sentido, o \u00a7 5\u00ba do artigo 39 da Lei 4.320\/1964 afirma que a D\u00edvida Ativa da Uni\u00e3o ser\u00e1 apurada e inscrita na Procuradoria da Fazenda Nacional.<\/p>\n\n\n\n<p>O \u00a7 4\u00ba do artigo 2\u00ba da Lei 6.830\/1980 fala a mesma coisa: <em>\u201cA D\u00edvida Ativa da Uni\u00e3o ser\u00e1 apurada e inscrita na Procuradoria da Fazenda Nacional\u201d<\/em>.<\/p>\n\n\n\n<p>Uma vez que esteja regularmente inscrita, a d\u00edvida ativa <strong>goza de presun\u00e7\u00e3o RELATIVA de certeza e liquidez<\/strong>. Ou seja, essa presun\u00e7\u00e3o pode at\u00e9 ser afastada, mas isso s\u00f3 ocorrer\u00e1 se houver prova inequ\u00edvoca, e o \u00f4nus de provar caber\u00e1 a quem a for se beneficiar com a prova.<\/p>\n\n\n\n<p>No entanto, a simples flu\u00eancia de juros de mora (juros por atraso no pagamento) n\u00e3o afasta a liquidez do cr\u00e9dito.<\/p>\n\n\n\n<p>Ademais, <strong>a inscri\u00e7\u00e3o SUSPENDE a prescri\u00e7\u00e3o<\/strong>, para todos os efeitos de direito, por <strong>180 dias, ou at\u00e9 a distribui\u00e7\u00e3o da execu\u00e7\u00e3o fiscal,<\/strong> se esta ocorrer antes de findo aquele prazo.<\/p>\n\n\n\n<h3 class=\"wp-block-heading has-vivid-cyan-blue-color has-text-color has-link-color wp-elements-eb209d71f938a94e1160b980f00ab9f6\" id=\"h-requisitos-da-inscricao-e-nulidade\">Requisitos da inscri\u00e7\u00e3o e nulidade<\/h3>\n\n\n\n<p>O artigo 202 do CTN aponta para n\u00f3s quais s\u00e3o os requisitos obrigat\u00f3rios que o termo de inscri\u00e7\u00e3o da d\u00edvida ativa deve conter:<\/p>\n\n\n\n<blockquote class=\"wp-block-quote is-layout-flow wp-block-quote-is-layout-flow\">\n<p class=\"has-small-font-size\">Art. 202. O termo de inscri\u00e7\u00e3o da d\u00edvida ativa, autenticado pela autoridade competente, indicar\u00e1 obrigatoriamente:<\/p>\n\n\n\n<p class=\"has-small-font-size\">I &#8211; o nome do devedor e, sendo caso, o dos co-respons\u00e1veis, bem como, sempre que poss\u00edvel, o domic\u00edlio ou a resid\u00eancia de um e de outros;<\/p>\n\n\n\n<p class=\"has-small-font-size\">II &#8211; a quantia devida e a maneira de calcular os juros de mora acrescidos;<\/p>\n\n\n\n<p class=\"has-small-font-size\">III &#8211; a origem e natureza do cr\u00e9dito, mencionada especificamente a disposi\u00e7\u00e3o da lei em que seja fundado;<\/p>\n\n\n\n<p class=\"has-small-font-size\">IV &#8211; a data em que foi inscrita;<\/p>\n\n\n\n<p class=\"has-small-font-size\">V &#8211; sendo caso, o n\u00famero do processo administrativo de que se originar o cr\u00e9dito.<\/p>\n\n\n\n<p class=\"has-small-font-size\">Par\u00e1grafo \u00fanico. A certid\u00e3o conter\u00e1, al\u00e9m dos requisitos deste artigo, a indica\u00e7\u00e3o do livro e da folha da inscri\u00e7\u00e3o.<\/p>\n<\/blockquote>\n\n\n\n<p>Por outro lado, o artigo 203 do CTN afirma que <strong>a omiss\u00e3o ou erro em <\/strong><strong>quaisquer desses acarretar\u00e1 na nulidade da inscri\u00e7\u00e3o e do processo de cobran\u00e7a dela decorrente.<\/strong><\/p>\n\n\n\n<p>Por\u00e9m, essa nulidade pode ser resolvida (sanada), desde que a autoridade competente o fa\u00e7a at\u00e9 a decis\u00e3o de primeira inst\u00e2ncia, mediante substitui\u00e7\u00e3o da certid\u00e3o nula, devolvido ao sujeito passivo, acusado ou interessado o prazo para defesa, que somente poder\u00e1 versar sobre a parte modificada.<\/p>\n\n\n\n<h2 class=\"wp-block-heading has-vivid-cyan-blue-color has-text-color has-link-color wp-elements-e7b20fe698c6c29a007e244ab912bd2c\" id=\"h-conclusao\">Conclus\u00e3o<\/h2>\n\n\n\n<p>Portanto, pessoal, esse foi nosso breve resumo sobre a D\u00edvida Ativa para ALE-RO (Assembleia Legislativa do Estado de Rond\u00f4nia).<\/p>\n\n\n\n<p>Considerando que n\u00e3o esgotamos aqui o tema, n\u00e3o deixe de revisar o assunto em seu material de estudos e praticar com diversas quest\u00f5es sobre o tema.<\/p>\n\n\n\n<p>No mais, desejamos uma excelente prova a todos!!<\/p>\n\n\n\n<h3 class=\"wp-block-heading has-vivid-cyan-blue-color has-text-color has-link-color wp-elements-1da33ea8ca65c6189204504b7fc673e6\" id=\"assinatura-de-concursos\">Assinatura de Concursos<\/h3>\n\n\n\n<div class=\"container\" id=\"boxes\">\n  <div class=\"row\">\n\n    <div class=\"col-sm\">\n      <div class=\"estrategia\" id=\"box-assinatura\">\n        <h3 class=\"titulo-assinatura\">Assinatura Concursos<\/h3>\n        <p class=\"subtitulo-assinatura\">Assinatura de 1 Ano ou 2 Anos<\/p>\n        <div class=\"box-botao\">\n          <a class=\"btn-assinatura\" target=\"_blank\" href=\"https:\/\/www.estrategiaconcursos.com.br\/assinaturas\/\" role=\"button\" rel=\"noopener noreferrer\">ASSINE AGORA<\/a>\n        <\/div>\n      <\/div>\n     \n    <\/div><\/div><\/div>\n\n\n\n<p>Agora, confira as vagas e oportunidades dos&nbsp;<strong>concursos 2024<\/strong>&nbsp;navegando atrav\u00e9s do \u00edndice abaixo:<\/p>\n\n\n\n<h2 class=\"wp-block-heading\" id=\"concursos-e-vagas-previstas-para-2023\">Concursos e vagas previstas para 2024:<\/h2>\n\n\n\n<p>Al\u00e9m deste resumo sobre a D\u00edvida Ativa para ALE-RO, confira:<\/p>\n\n\n\n<ul class=\"wp-block-list\">\n<li><a href=\"https:\/\/www.estrategiaconcursos.com.br\/blog\/concursos-2023\/#policial\" target=\"_blank\" rel=\"noreferrer noopener\">Concursos Policiais<\/a><\/li>\n\n\n\n<li><a href=\"https:\/\/www.estrategiaconcursos.com.br\/blog\/concursos-2023\/#fiscal\" target=\"_blank\" rel=\"noreferrer noopener\">Concursos Fiscais<\/a><\/li>\n\n\n\n<li><a href=\"https:\/\/www.estrategiaconcursos.com.br\/blog\/concursos-2023\/#controle\" target=\"_blank\" rel=\"noreferrer noopener\">Concursos Controle<\/a><\/li>\n\n\n\n<li><a href=\"https:\/\/www.estrategiaconcursos.com.br\/blog\/concursos-2023\/#tribunais\" target=\"_blank\" rel=\"noreferrer noopener\">Concursos Tribunais<\/a><\/li>\n\n\n\n<li><a href=\"https:\/\/www.estrategiaconcursos.com.br\/blog\/concursos-2023\/#ministerios-publicos\" target=\"_blank\" rel=\"noreferrer noopener\">Concursos em Minist\u00e9rios P\u00fablicos<\/a><\/li>\n\n\n\n<li><a href=\"https:\/\/www.estrategiaconcursos.com.br\/blog\/concursos-2023\/#defensorias-publicas\" target=\"_blank\" rel=\"noreferrer noopener\">Concursos em Defensorias<\/a><\/li>\n\n\n\n<li><a href=\"https:\/\/www.estrategiaconcursos.com.br\/blog\/concursos-2023\/#legislativa\" target=\"_blank\" rel=\"noreferrer noopener\">Concursos Legislativos<\/a><\/li>\n\n\n\n<li><a href=\"https:\/\/www.estrategiaconcursos.com.br\/blog\/concursos-2023\/#saude\" target=\"_blank\" rel=\"noreferrer noopener\">Concursos da \u00e1rea da Sa\u00fade<\/a><\/li>\n\n\n\n<li><a href=\"https:\/\/www.estrategiaconcursos.com.br\/blog\/concursos-2023\/#bancaria\" target=\"_blank\" rel=\"noreferrer noopener\">Concursos da \u00e1rea banc\u00e1ria<\/a><\/li>\n\n\n\n<li><a href=\"https:\/\/www.estrategiaconcursos.com.br\/blog\/concursos-2023\/#educacao\" target=\"_blank\" rel=\"noreferrer noopener\">Concursos da \u00e1rea da Educa\u00e7\u00e3o<\/a><\/li>\n\n\n\n<li><a href=\"https:\/\/www.estrategiaconcursos.com.br\/blog\/concursos-2023\/#prefeituras\" target=\"_blank\" rel=\"noreferrer noopener\">Concursos para Prefeituras<\/a><\/li>\n\n\n\n<li><a href=\"https:\/\/www.estrategiaconcursos.com.br\/blog\/concursos-2023\/#outros\" target=\"_blank\" rel=\"noreferrer noopener\">Concursos outras oportunidades<\/a><\/li>\n<\/ul>\n\n\n\n<p class=\"has-text-align-center has-background\" style=\"background-color:#fcb90057;font-size:clamp(14px, 0.875rem + ((1vw - 3.2px) * 0.588), 20px);\"><strong>Veja tamb\u00e9m: <a href=\"https:\/\/www.estrategiaconcursos.com.br\/blog\/concursos-abertos\/\" target=\"_blank\" rel=\"noreferrer noopener\">Concursos Abertos<\/a><\/strong><\/p>\n\n\n\n<p class=\"has-text-align-left\" style=\"font-size:clamp(16.293px, 1.018rem + ((1vw - 3.2px) * 0.854), 25px);\"><em><strong>Quer saber tudo sobre os concursos previstos? Confira nossos artigos completos:<\/strong><\/em><\/p>\n\n\n\n<p>Al\u00e9m deste resumo sobre a D\u00edvida Ativa para ALE-RO, confira:<\/p>\n\n\n\n<ul class=\"wp-block-list\">\n<li><a href=\"https:\/\/www.estrategiaconcursos.com.br\/blog\/concursos-2024\/\" target=\"_blank\" rel=\"noreferrer noopener\">Concursos 2024<\/a><\/li>\n\n\n\n<li><a href=\"https:\/\/www.estrategiaconcursos.com.br\/blog\/concurso-nacional-unificado\/\" target=\"_blank\" rel=\"noreferrer noopener\">Concurso Nacional Unificado (CNU)<\/a><\/li>\n<\/ul>\n","protected":false},"excerpt":{"rendered":"<p>Fala, pessoal, tudo certo? Hoje faremos um resumo sobre a D\u00edvida Ativa para ALE-RO (Assembleia Legislativa do Estado de Rond\u00f4nia). Trata-se de assunto importante da disciplina de Direito Tribut\u00e1rio! Como sabemos, o edital do concurso da ALE-RO (Assembleia Legislativa do Estado de Rond\u00f4nia) est\u00e1 para sair. J\u00e1 nesta fase pr\u00e9-edital foram anunciadas mais de 300 [&hellip;]<\/p>\n","protected":false},"author":2567,"featured_media":1378107,"comment_status":"open","ping_status":"closed","sticky":false,"template":"","format":"standard","meta":{"post_tipo":"article","footnotes":""},"categories":[1,2017],"tags":[],"tax_estado":[219963,219984],"class_list":["post-1378106","post","type-post","status-publish","format-standard","has-post-thumbnail","hentry","category-cursos-e-concursos","category-concursos-legislativos","tax_estado-concursos-federais","tax_estado-ro"],"acf":[],"yoast_head":"<!-- This site is optimized with the Yoast SEO Premium plugin v27.2 (Yoast SEO v27.2) - https:\/\/yoast.com\/product\/yoast-seo-premium-wordpress\/ -->\n<title>D\u00edvida Ativa para ALE-RO\u00a0<\/title>\n<meta name=\"description\" content=\"Confira nosso resumo sobre a D\u00edvida Ativa para o concurso da ALE-RO (Assembleia Legislativa do Estado de Rond\u00f4nia).\" \/>\n<meta name=\"robots\" content=\"index, follow, max-snippet:-1, max-image-preview:large, max-video-preview:-1\" \/>\n<link rel=\"canonical\" href=\"https:\/\/www.estrategiaconcursos.com.br\/blog\/divida-ativa-ale-ro\/\" \/>\n<meta property=\"og:locale\" content=\"pt_BR\" \/>\n<meta property=\"og:type\" content=\"article\" \/>\n<meta property=\"og:title\" content=\"D\u00edvida Ativa para ALE-RO\u00a0\" \/>\n<meta property=\"og:description\" content=\"Confira nosso resumo sobre a D\u00edvida Ativa para o concurso da ALE-RO (Assembleia Legislativa do Estado de Rond\u00f4nia).\" \/>\n<meta property=\"og:url\" content=\"https:\/\/www.estrategiaconcursos.com.br\/blog\/divida-ativa-ale-ro\/\" \/>\n<meta property=\"og:site_name\" content=\"Estrat\u00e9gia Concursos\" \/>\n<meta property=\"article:published_time\" content=\"2024-04-30T11:00:00+00:00\" \/>\n<meta property=\"og:image\" content=\"https:\/\/dhg1h5j42swfq.cloudfront.net\/2024\/04\/02113624\/business-man-calculating-finance-numbers-close-up-scaled.jpg\" \/>\n\t<meta property=\"og:image:width\" content=\"2560\" \/>\n\t<meta property=\"og:image:height\" content=\"1440\" \/>\n\t<meta property=\"og:image:type\" content=\"image\/jpeg\" \/>\n<meta name=\"author\" content=\"Frederico Tadeu Borlot Peixoto\" \/>\n<meta name=\"twitter:card\" content=\"summary_large_image\" \/>\n<meta name=\"twitter:creator\" content=\"@EstratConcursos\" \/>\n<meta name=\"twitter:site\" content=\"@EstratConcursos\" \/>\n<meta name=\"twitter:label1\" content=\"Escrito por\" \/>\n\t<meta name=\"twitter:data1\" content=\"Frederico Tadeu Borlot Peixoto\" \/>\n\t<meta name=\"twitter:label2\" content=\"Est. tempo de leitura\" \/>\n\t<meta name=\"twitter:data2\" content=\"7 minutos\" \/>\n<script type=\"application\/ld+json\" class=\"yoast-schema-graph\">{\"@context\":\"https:\/\/schema.org\",\"@graph\":[{\"@type\":\"NewsArticle\",\"@id\":\"https:\/\/www.estrategiaconcursos.com.br\/blog\/divida-ativa-ale-ro\/#article\",\"isPartOf\":{\"@id\":\"https:\/\/www.estrategiaconcursos.com.br\/blog\/divida-ativa-ale-ro\/\"},\"author\":{\"name\":\"Frederico Tadeu Borlot Peixoto\",\"@id\":\"https:\/\/www.estrategiaconcursos.com.br\/blog\/#\/schema\/person\/48a7e085e45aee7c3d4596399af50ebb\"},\"headline\":\"D\u00edvida Ativa para ALE-RO\u00a0\",\"datePublished\":\"2024-04-30T11:00:00+00:00\",\"mainEntityOfPage\":{\"@id\":\"https:\/\/www.estrategiaconcursos.com.br\/blog\/divida-ativa-ale-ro\/\"},\"wordCount\":1421,\"commentCount\":0,\"publisher\":{\"@id\":\"https:\/\/www.estrategiaconcursos.com.br\/blog\/#organization\"},\"image\":{\"@id\":\"https:\/\/www.estrategiaconcursos.com.br\/blog\/divida-ativa-ale-ro\/#primaryimage\"},\"thumbnailUrl\":\"https:\/\/dhg1h5j42swfq.cloudfront.net\/2024\/04\/02113624\/business-man-calculating-finance-numbers-close-up-scaled.jpg\",\"articleSection\":[\"Concursos P\u00fablicos\",\"Legislativo\"],\"inLanguage\":\"pt-BR\",\"potentialAction\":[{\"@type\":\"CommentAction\",\"name\":\"Comment\",\"target\":[\"https:\/\/www.estrategiaconcursos.com.br\/blog\/divida-ativa-ale-ro\/#respond\"]}],\"copyrightYear\":\"2024\",\"copyrightHolder\":{\"@id\":\"https:\/\/www.estrategiaconcursos.com.br\/blog\/#organization\"}},{\"@type\":\"WebPage\",\"@id\":\"https:\/\/www.estrategiaconcursos.com.br\/blog\/divida-ativa-ale-ro\/\",\"url\":\"https:\/\/www.estrategiaconcursos.com.br\/blog\/divida-ativa-ale-ro\/\",\"name\":\"D\u00edvida Ativa para ALE-RO\u00a0\",\"isPartOf\":{\"@id\":\"https:\/\/www.estrategiaconcursos.com.br\/blog\/#website\"},\"primaryImageOfPage\":{\"@id\":\"https:\/\/www.estrategiaconcursos.com.br\/blog\/divida-ativa-ale-ro\/#primaryimage\"},\"image\":{\"@id\":\"https:\/\/www.estrategiaconcursos.com.br\/blog\/divida-ativa-ale-ro\/#primaryimage\"},\"thumbnailUrl\":\"https:\/\/dhg1h5j42swfq.cloudfront.net\/2024\/04\/02113624\/business-man-calculating-finance-numbers-close-up-scaled.jpg\",\"datePublished\":\"2024-04-30T11:00:00+00:00\",\"description\":\"Confira nosso resumo sobre a D\u00edvida Ativa para o concurso da ALE-RO (Assembleia Legislativa do Estado de Rond\u00f4nia).\",\"breadcrumb\":{\"@id\":\"https:\/\/www.estrategiaconcursos.com.br\/blog\/divida-ativa-ale-ro\/#breadcrumb\"},\"inLanguage\":\"pt-BR\",\"potentialAction\":[{\"@type\":\"ReadAction\",\"target\":[\"https:\/\/www.estrategiaconcursos.com.br\/blog\/divida-ativa-ale-ro\/\"]}]},{\"@type\":\"ImageObject\",\"inLanguage\":\"pt-BR\",\"@id\":\"https:\/\/www.estrategiaconcursos.com.br\/blog\/divida-ativa-ale-ro\/#primaryimage\",\"url\":\"https:\/\/dhg1h5j42swfq.cloudfront.net\/2024\/04\/02113624\/business-man-calculating-finance-numbers-close-up-scaled.jpg\",\"contentUrl\":\"https:\/\/dhg1h5j42swfq.cloudfront.net\/2024\/04\/02113624\/business-man-calculating-finance-numbers-close-up-scaled.jpg\",\"width\":2560,\"height\":1440,\"caption\":\"Resumo da LDO\"},{\"@type\":\"BreadcrumbList\",\"@id\":\"https:\/\/www.estrategiaconcursos.com.br\/blog\/divida-ativa-ale-ro\/#breadcrumb\",\"itemListElement\":[{\"@type\":\"ListItem\",\"position\":1,\"name\":\"In\u00edcio\",\"item\":\"https:\/\/www.estrategiaconcursos.com.br\/blog\/\"},{\"@type\":\"ListItem\",\"position\":2,\"name\":\"D\u00edvida Ativa para ALE-RO\u00a0\"}]},{\"@type\":\"WebSite\",\"@id\":\"https:\/\/www.estrategiaconcursos.com.br\/blog\/#website\",\"url\":\"https:\/\/www.estrategiaconcursos.com.br\/blog\/\",\"name\":\"Estrat\u00e9gia Concursos\",\"description\":\"O blog da Estrat\u00e9gia Concursos traz not\u00edcias sobre concursos e artigos de professores oferecendo cursos para concursos (pdf + videaulas) no site.\",\"publisher\":{\"@id\":\"https:\/\/www.estrategiaconcursos.com.br\/blog\/#organization\"},\"potentialAction\":[{\"@type\":\"SearchAction\",\"target\":{\"@type\":\"EntryPoint\",\"urlTemplate\":\"https:\/\/www.estrategiaconcursos.com.br\/blog\/?s={search_term_string}\"},\"query-input\":{\"@type\":\"PropertyValueSpecification\",\"valueRequired\":true,\"valueName\":\"search_term_string\"}}],\"inLanguage\":\"pt-BR\"},{\"@type\":\"Organization\",\"@id\":\"https:\/\/www.estrategiaconcursos.com.br\/blog\/#organization\",\"name\":\"Estrat\u00e9gia Concursos\",\"url\":\"https:\/\/www.estrategiaconcursos.com.br\/blog\/\",\"logo\":{\"@type\":\"ImageObject\",\"inLanguage\":\"pt-BR\",\"@id\":\"https:\/\/www.estrategiaconcursos.com.br\/blog\/#\/schema\/logo\/image\/\",\"url\":\"https:\/\/dhg1h5j42swfq.cloudfront.net\/2025\/06\/03203428\/logo_concursos-1.jpg\",\"contentUrl\":\"https:\/\/dhg1h5j42swfq.cloudfront.net\/2025\/06\/03203428\/logo_concursos-1.jpg\",\"width\":230,\"height\":60,\"caption\":\"Estrat\u00e9gia Concursos\"},\"image\":{\"@id\":\"https:\/\/www.estrategiaconcursos.com.br\/blog\/#\/schema\/logo\/image\/\"},\"sameAs\":[\"https:\/\/x.com\/EstratConcursos\"]},{\"@type\":\"Person\",\"@id\":\"https:\/\/www.estrategiaconcursos.com.br\/blog\/#\/schema\/person\/48a7e085e45aee7c3d4596399af50ebb\",\"name\":\"Frederico Tadeu Borlot Peixoto\",\"image\":{\"@type\":\"ImageObject\",\"inLanguage\":\"pt-BR\",\"@id\":\"https:\/\/secure.gravatar.com\/avatar\/df8a49e2321c1e32f85e9e7c2a9c92c688f1f53a947220f40017ff5858b09fdb?s=96&d=mm&r=g\",\"url\":\"https:\/\/secure.gravatar.com\/avatar\/df8a49e2321c1e32f85e9e7c2a9c92c688f1f53a947220f40017ff5858b09fdb?s=96&d=mm&r=g\",\"contentUrl\":\"https:\/\/secure.gravatar.com\/avatar\/df8a49e2321c1e32f85e9e7c2a9c92c688f1f53a947220f40017ff5858b09fdb?s=96&d=mm&r=g\",\"caption\":\"Frederico Tadeu Borlot Peixoto\"},\"description\":\"Analista Judici\u00e1rio - \u00c1rea Judici\u00e1ria do TRF da 4\u00aa regi\u00e3o. Bacharel em Direito. P\u00f3s-graduado em Direito Administrativo, Legisla\u00e7\u00e3o Penal Especial, Direito Penal e Direito Processual Penal. Tamb\u00e9m nomeado no TRF da 3\u00aa regi\u00e3o (8\u00ba lugar); SPPREV (3\u00ba lugar); IFES (2\u00ba lugar); e PMES. https:\/\/www.instagram.com\/proffrederico\/\",\"sameAs\":[\"https:\/\/www.instagram.com\/proffrederico\/\"],\"url\":\"https:\/\/www.estrategiaconcursos.com.br\/blog\/author\/xfredericohotmail-com\/\"}]}<\/script>\n<!-- \/ Yoast SEO Premium plugin. -->","yoast_head_json":{"title":"D\u00edvida Ativa para ALE-RO\u00a0","description":"Confira nosso resumo sobre a D\u00edvida Ativa para o concurso da ALE-RO (Assembleia Legislativa do Estado de Rond\u00f4nia).","robots":{"index":"index","follow":"follow","max-snippet":"max-snippet:-1","max-image-preview":"max-image-preview:large","max-video-preview":"max-video-preview:-1"},"canonical":"https:\/\/www.estrategiaconcursos.com.br\/blog\/divida-ativa-ale-ro\/","og_locale":"pt_BR","og_type":"article","og_title":"D\u00edvida Ativa para ALE-RO\u00a0","og_description":"Confira nosso resumo sobre a D\u00edvida Ativa para o concurso da ALE-RO (Assembleia Legislativa do Estado de Rond\u00f4nia).","og_url":"https:\/\/www.estrategiaconcursos.com.br\/blog\/divida-ativa-ale-ro\/","og_site_name":"Estrat\u00e9gia Concursos","article_published_time":"2024-04-30T11:00:00+00:00","og_image":[{"width":2560,"height":1440,"url":"https:\/\/dhg1h5j42swfq.cloudfront.net\/2024\/04\/02113624\/business-man-calculating-finance-numbers-close-up-scaled.jpg","type":"image\/jpeg"}],"author":"Frederico Tadeu Borlot Peixoto","twitter_card":"summary_large_image","twitter_creator":"@EstratConcursos","twitter_site":"@EstratConcursos","twitter_misc":{"Escrito por":"Frederico Tadeu Borlot Peixoto","Est. tempo de leitura":"7 minutos"},"schema":{"@context":"https:\/\/schema.org","@graph":[{"@type":"NewsArticle","@id":"https:\/\/www.estrategiaconcursos.com.br\/blog\/divida-ativa-ale-ro\/#article","isPartOf":{"@id":"https:\/\/www.estrategiaconcursos.com.br\/blog\/divida-ativa-ale-ro\/"},"author":{"name":"Frederico Tadeu Borlot Peixoto","@id":"https:\/\/www.estrategiaconcursos.com.br\/blog\/#\/schema\/person\/48a7e085e45aee7c3d4596399af50ebb"},"headline":"D\u00edvida Ativa para ALE-RO\u00a0","datePublished":"2024-04-30T11:00:00+00:00","mainEntityOfPage":{"@id":"https:\/\/www.estrategiaconcursos.com.br\/blog\/divida-ativa-ale-ro\/"},"wordCount":1421,"commentCount":0,"publisher":{"@id":"https:\/\/www.estrategiaconcursos.com.br\/blog\/#organization"},"image":{"@id":"https:\/\/www.estrategiaconcursos.com.br\/blog\/divida-ativa-ale-ro\/#primaryimage"},"thumbnailUrl":"https:\/\/dhg1h5j42swfq.cloudfront.net\/2024\/04\/02113624\/business-man-calculating-finance-numbers-close-up-scaled.jpg","articleSection":["Concursos P\u00fablicos","Legislativo"],"inLanguage":"pt-BR","potentialAction":[{"@type":"CommentAction","name":"Comment","target":["https:\/\/www.estrategiaconcursos.com.br\/blog\/divida-ativa-ale-ro\/#respond"]}],"copyrightYear":"2024","copyrightHolder":{"@id":"https:\/\/www.estrategiaconcursos.com.br\/blog\/#organization"}},{"@type":"WebPage","@id":"https:\/\/www.estrategiaconcursos.com.br\/blog\/divida-ativa-ale-ro\/","url":"https:\/\/www.estrategiaconcursos.com.br\/blog\/divida-ativa-ale-ro\/","name":"D\u00edvida Ativa para ALE-RO\u00a0","isPartOf":{"@id":"https:\/\/www.estrategiaconcursos.com.br\/blog\/#website"},"primaryImageOfPage":{"@id":"https:\/\/www.estrategiaconcursos.com.br\/blog\/divida-ativa-ale-ro\/#primaryimage"},"image":{"@id":"https:\/\/www.estrategiaconcursos.com.br\/blog\/divida-ativa-ale-ro\/#primaryimage"},"thumbnailUrl":"https:\/\/dhg1h5j42swfq.cloudfront.net\/2024\/04\/02113624\/business-man-calculating-finance-numbers-close-up-scaled.jpg","datePublished":"2024-04-30T11:00:00+00:00","description":"Confira nosso resumo sobre a D\u00edvida Ativa para o concurso da ALE-RO (Assembleia Legislativa do Estado de Rond\u00f4nia).","breadcrumb":{"@id":"https:\/\/www.estrategiaconcursos.com.br\/blog\/divida-ativa-ale-ro\/#breadcrumb"},"inLanguage":"pt-BR","potentialAction":[{"@type":"ReadAction","target":["https:\/\/www.estrategiaconcursos.com.br\/blog\/divida-ativa-ale-ro\/"]}]},{"@type":"ImageObject","inLanguage":"pt-BR","@id":"https:\/\/www.estrategiaconcursos.com.br\/blog\/divida-ativa-ale-ro\/#primaryimage","url":"https:\/\/dhg1h5j42swfq.cloudfront.net\/2024\/04\/02113624\/business-man-calculating-finance-numbers-close-up-scaled.jpg","contentUrl":"https:\/\/dhg1h5j42swfq.cloudfront.net\/2024\/04\/02113624\/business-man-calculating-finance-numbers-close-up-scaled.jpg","width":2560,"height":1440,"caption":"Resumo da LDO"},{"@type":"BreadcrumbList","@id":"https:\/\/www.estrategiaconcursos.com.br\/blog\/divida-ativa-ale-ro\/#breadcrumb","itemListElement":[{"@type":"ListItem","position":1,"name":"In\u00edcio","item":"https:\/\/www.estrategiaconcursos.com.br\/blog\/"},{"@type":"ListItem","position":2,"name":"D\u00edvida Ativa para ALE-RO\u00a0"}]},{"@type":"WebSite","@id":"https:\/\/www.estrategiaconcursos.com.br\/blog\/#website","url":"https:\/\/www.estrategiaconcursos.com.br\/blog\/","name":"Estrat\u00e9gia Concursos","description":"O blog da Estrat\u00e9gia Concursos traz not\u00edcias sobre concursos e artigos de professores oferecendo cursos para concursos (pdf + videaulas) no site.","publisher":{"@id":"https:\/\/www.estrategiaconcursos.com.br\/blog\/#organization"},"potentialAction":[{"@type":"SearchAction","target":{"@type":"EntryPoint","urlTemplate":"https:\/\/www.estrategiaconcursos.com.br\/blog\/?s={search_term_string}"},"query-input":{"@type":"PropertyValueSpecification","valueRequired":true,"valueName":"search_term_string"}}],"inLanguage":"pt-BR"},{"@type":"Organization","@id":"https:\/\/www.estrategiaconcursos.com.br\/blog\/#organization","name":"Estrat\u00e9gia Concursos","url":"https:\/\/www.estrategiaconcursos.com.br\/blog\/","logo":{"@type":"ImageObject","inLanguage":"pt-BR","@id":"https:\/\/www.estrategiaconcursos.com.br\/blog\/#\/schema\/logo\/image\/","url":"https:\/\/dhg1h5j42swfq.cloudfront.net\/2025\/06\/03203428\/logo_concursos-1.jpg","contentUrl":"https:\/\/dhg1h5j42swfq.cloudfront.net\/2025\/06\/03203428\/logo_concursos-1.jpg","width":230,"height":60,"caption":"Estrat\u00e9gia Concursos"},"image":{"@id":"https:\/\/www.estrategiaconcursos.com.br\/blog\/#\/schema\/logo\/image\/"},"sameAs":["https:\/\/x.com\/EstratConcursos"]},{"@type":"Person","@id":"https:\/\/www.estrategiaconcursos.com.br\/blog\/#\/schema\/person\/48a7e085e45aee7c3d4596399af50ebb","name":"Frederico Tadeu Borlot Peixoto","image":{"@type":"ImageObject","inLanguage":"pt-BR","@id":"https:\/\/secure.gravatar.com\/avatar\/df8a49e2321c1e32f85e9e7c2a9c92c688f1f53a947220f40017ff5858b09fdb?s=96&d=mm&r=g","url":"https:\/\/secure.gravatar.com\/avatar\/df8a49e2321c1e32f85e9e7c2a9c92c688f1f53a947220f40017ff5858b09fdb?s=96&d=mm&r=g","contentUrl":"https:\/\/secure.gravatar.com\/avatar\/df8a49e2321c1e32f85e9e7c2a9c92c688f1f53a947220f40017ff5858b09fdb?s=96&d=mm&r=g","caption":"Frederico Tadeu Borlot Peixoto"},"description":"Analista Judici\u00e1rio - \u00c1rea Judici\u00e1ria do TRF da 4\u00aa regi\u00e3o. Bacharel em Direito. P\u00f3s-graduado em Direito Administrativo, Legisla\u00e7\u00e3o Penal Especial, Direito Penal e Direito Processual Penal. Tamb\u00e9m nomeado no TRF da 3\u00aa regi\u00e3o (8\u00ba lugar); SPPREV (3\u00ba lugar); IFES (2\u00ba lugar); e PMES. https:\/\/www.instagram.com\/proffrederico\/","sameAs":["https:\/\/www.instagram.com\/proffrederico\/"],"url":"https:\/\/www.estrategiaconcursos.com.br\/blog\/author\/xfredericohotmail-com\/"}]}},"_links":{"self":[{"href":"https:\/\/www.estrategiaconcursos.com.br\/blog\/wp-json\/wp\/v2\/posts\/1378106","targetHints":{"allow":["GET"]}}],"collection":[{"href":"https:\/\/www.estrategiaconcursos.com.br\/blog\/wp-json\/wp\/v2\/posts"}],"about":[{"href":"https:\/\/www.estrategiaconcursos.com.br\/blog\/wp-json\/wp\/v2\/types\/post"}],"author":[{"embeddable":true,"href":"https:\/\/www.estrategiaconcursos.com.br\/blog\/wp-json\/wp\/v2\/users\/2567"}],"replies":[{"embeddable":true,"href":"https:\/\/www.estrategiaconcursos.com.br\/blog\/wp-json\/wp\/v2\/comments?post=1378106"}],"version-history":[{"count":3,"href":"https:\/\/www.estrategiaconcursos.com.br\/blog\/wp-json\/wp\/v2\/posts\/1378106\/revisions"}],"predecessor-version":[{"id":1378121,"href":"https:\/\/www.estrategiaconcursos.com.br\/blog\/wp-json\/wp\/v2\/posts\/1378106\/revisions\/1378121"}],"wp:featuredmedia":[{"embeddable":true,"href":"https:\/\/www.estrategiaconcursos.com.br\/blog\/wp-json\/wp\/v2\/media\/1378107"}],"wp:attachment":[{"href":"https:\/\/www.estrategiaconcursos.com.br\/blog\/wp-json\/wp\/v2\/media?parent=1378106"}],"wp:term":[{"taxonomy":"category","embeddable":true,"href":"https:\/\/www.estrategiaconcursos.com.br\/blog\/wp-json\/wp\/v2\/categories?post=1378106"},{"taxonomy":"post_tag","embeddable":true,"href":"https:\/\/www.estrategiaconcursos.com.br\/blog\/wp-json\/wp\/v2\/tags?post=1378106"},{"taxonomy":"tax_estado","embeddable":true,"href":"https:\/\/www.estrategiaconcursos.com.br\/blog\/wp-json\/wp\/v2\/tax_estado?post=1378106"}],"curies":[{"name":"wp","href":"https:\/\/api.w.org\/{rel}","templated":true}]}}