{"id":137753,"date":"2018-08-26T09:35:53","date_gmt":"2018-08-26T12:35:53","guid":{"rendered":"https:\/\/www.estrategiaconcursos.com.br\/blog\/?p=137753"},"modified":"2018-08-26T13:39:41","modified_gmt":"2018-08-26T16:39:41","slug":"o-peso-da-prova-discursiva-na-classificacao-final-do-mpu-veja-esta-analise","status":"publish","type":"post","link":"https:\/\/www.estrategiaconcursos.com.br\/blog\/o-peso-da-prova-discursiva-na-classificacao-final-do-mpu-veja-esta-analise\/","title":{"rendered":"O peso da Prova Discursiva na classifica\u00e7\u00e3o final do MPU. Veja esta an\u00e1lise!"},"content":{"rendered":"<p>Ol\u00e1, Pessoal. Tudo bem?<\/p>\n<p>Meu nome \u00e9 Carlos Roberto, sou professor dos cursos de discursivas do Estrat\u00e9gia Concursos. Tamb\u00e9m sou servidor p\u00fablico federal, e ocupo, atualmente, o cargo de Analista da carreira de Especialista do Banco Central do Brasil.<\/p>\n<p>Para quem gosta de verificar dados, preparei uma an\u00e1lise bem interessante neste artigo para apresentar a voc\u00eas. Sei que s\u00e3o muitos n\u00fameros, mas valer\u00e1 a pena acompanh\u00e1-los com aten\u00e7\u00e3o!<\/p>\n<p>Voc\u00eas devem estar fazendo o seguinte questionamento:<\/p>\n<p>\u201cProfessor, o que a prova discursiva tem a ver com n\u00fameros?\u201d<\/p>\n<p>Calma! Mostrar-lhes-ei que h\u00e1 uma estreita correla\u00e7\u00e3o.<\/p>\n<p>Como voc\u00eas sabem, o novo edital do concurso para o cargo de <strong>Analista do Minist\u00e9rio P\u00fablico da Uni\u00e3o (MPU) \u2013 Especialidade Direito<\/strong> seguiu os mesmos crit\u00e9rios do edital anterior (concurso de 2013).<\/p>\n<p>Segundo o edital, a prova discursiva valer\u00e1 <strong>40,00 pontos<\/strong> e consistir\u00e1 de disserta\u00e7\u00e3o, de at\u00e9 <strong>30 linhas<\/strong>, sobre o tema <strong>Legisla\u00e7\u00e3o aplicada ao MPU e ao CNMP<\/strong>, constante dos Conhecimentos B\u00e1sicos.<\/p>\n<p>Haja vista a perman\u00eancia dos mesmos crit\u00e9rios de avalia\u00e7\u00e3o, os n\u00fameros observados no \u00faltimo concurso podem ser uma boa base para que possamos analisar alguns aspectos, bem como inferir que resultados similares poder\u00e3o ocorrer neste pr\u00f3ximo certame.<\/p>\n<p><strong>A minha inten\u00e7\u00e3o \u00e9 mostrar-lhes a import\u00e2ncia que a prova discursiva ter\u00e1 neste concurso e como sua classifica\u00e7\u00e3o poder\u00e1 mudar significativamente com a nota da sua disserta\u00e7\u00e3o! <\/strong><\/p>\n<p>Para facilitar nossa an\u00e1lise, <u>consideramos o conjunto dos candidatos que fizeram a prova para o cargo de Analista \u2013 Especialidade Direito\/Distrito Federal (desconsiderando-se os PNEs)<\/u>, porquanto \u00e9 a regi\u00e3o, tradicionalmente, com o maior n\u00famero de inscritos.<\/p>\n<p>Seguiremos uma sequ\u00eancia l\u00f3gica!<\/p>\n<p>Consideraremos tr\u00eas \u201crankings\u201d para analisarmos as varia\u00e7\u00f5es entre eles:<\/p>\n<ul>\n<li><strong>Ranking 1: resultado definitivo nas provas objetivas;<\/strong><\/li>\n<li><strong>Ranking 2: resultado definitivo nas provas objetivas + resultado preliminar das discursivas;<\/strong><\/li>\n<li><strong>Ranking 3: resultado definitivo nas provas objetivas + resultado definitivo das discursivas.<\/strong><\/li>\n<\/ul>\n<p>Iniciaremos nossa an\u00e1lise a partir do <strong>Ranking 1 (resultado definitivo nas provas objetivas)<\/strong>. Aqui, de um total de 21.890 inscritos, temos os primeiros 4.141 candidatos que tiveram suas provas discursivas corrigidas (18,91%).<\/p>\n<p>Em seguida, com a divulga\u00e7\u00e3o do <strong>resultado preliminar das discursivas<\/strong>, podemos ordenar o <strong>Ranking 2 (resultado definitivo nas provas objetivas + resultado preliminar das discursivas).<\/strong><\/p>\n<p>Desses primeiros 4.141 candidatos que tiveram a disserta\u00e7\u00e3o corrigida, 2.271 (54,84%) melhoraram a classifica\u00e7\u00e3o ap\u00f3s o resultado preliminar das provas discursivas (502 avan\u00e7aram mais de 1.000 posi\u00e7\u00f5es).<\/p>\n<p>Por outro lado, 1.865 (45,03%) candidatos pioraram a classifica\u00e7\u00e3o ap\u00f3s o resultado preliminar das discursivas (563 recuaram mais de 1.000 posi\u00e7\u00f5es).<\/p>\n<p>Lembrando que ainda h\u00e1 aqueles que mantiveram a mesma classifica\u00e7\u00e3o ou foram eliminados.<\/p>\n<p>Como muitos de voc\u00eas j\u00e1 sabem, ap\u00f3s o resultado preliminar das provas discursivas, a banca abre prazo para recursos. No \u00faltimo concurso, deferiram-se 204 recursos apenas para o cargo em an\u00e1lise.<\/p>\n<p><strong>Se voc\u00ea tem d\u00favidas quanto \u00e0 fase de recursos, veja um artigo que escrevi sobre recursos em concursos da banca Cebraspe (Cespe) no link abaixo:<\/strong><\/p>\n<p><a href=\"https:\/\/www.estrategiaconcursos.com.br\/blog\/discursivas-recursos-p-cebraspe-cespe-o-que-voce-precisa-saber\/\">Discursivas: recursos p\/ Cebraspe (Cespe). O que voc\u00ea precisa saber?<\/a><\/p>\n<p>Agora, ap\u00f3s a divulga\u00e7\u00e3o do resultado definitivo das provas discursivas (fase p\u00f3s-recursos), temos o <strong>Ranking 3 (resultado definitivo nas provas objetivas + resultado definitivo das discursivas). <\/strong>Aqui, 901 (26,19%) candidatos melhoraram a classifica\u00e7\u00e3o e 2529 (73,51%) perderam algumas posi\u00e7\u00f5es. Essa diferen\u00e7a tem um motivo: alguns candidatos n\u00e3o entraram com recursos ou tiveram recursos indeferidos. Ressalto, novamente, que h\u00e1 aqueles que mantiveram a mesma classifica\u00e7\u00e3o ou foram eliminados.<\/p>\n<p><strong>Finalmente, chegamos ao \u00e1pice da nossa an\u00e1lise que transparece a import\u00e2ncia das discursivas e o quanto elas podem influenciar na classifica\u00e7\u00e3o final!<\/strong><\/p>\n<ul>\n<li><strong><span style=\"color: #0000ff;\">127 candidatos estavam dentro das vagas no Ranking 1<\/span> e <span style=\"color: #ff0000;\">sa\u00edram das vagas no Ranking 3<\/span>.<\/strong><\/li>\n<li><strong><span style=\"color: #ff0000;\">182 candidatos estavam fora das vagas no Ranking 1<\/span> e <span style=\"color: #0000ff;\">entraram nas vagas no Ranking 3<\/span>.<\/strong><\/li>\n<li><strong><span style=\"color: #0000ff;\">19 candidatos estavam dentro das vagas no Ranking 2<\/span> e <span style=\"color: #ff0000;\">sa\u00edram das vagas no Ranking 3<\/span>.<\/strong><\/li>\n<li><strong><span style=\"color: #ff0000;\">21 candidatos estavam fora das vagas no Ranking 2<\/span> e <span style=\"color: #0000ff;\">entraram nas vagas no Ranking 3<\/span>.<\/strong><\/li>\n<\/ul>\n<p>Entenda \u201cestar dentro das vagas no ranking 3\u201d como \u201cser nomeado\u201d (nomearam 700 no \u00faltimo concurso).<\/p>\n<p>Ah, n\u00e3o posso me esquecer de um detalhe importante! Lembram-se daqueles 4.141 candidatos que tiveram a prova discursiva corrigida?<\/p>\n<p>Pois bem! Desse total, <span style=\"color: #ff0000;\"><strong>700 candidatos foram ELIMINADOS<\/strong> <strong>(16,90%)<\/strong><\/span> do certame, ou seja, n\u00e3o tiraram a nota m\u00ednima (20 pontos).<\/p>\n<p>Que coincid\u00eancia, n\u00e3o? 700 foram nomeados e 700 foram eliminados. Sabe o que isso significa? Nada! (rsss)<\/p>\n<p>Meus amigos, essas varia\u00e7\u00f5es mostram o quanto voc\u00eas ter\u00e3o de se dedicar para a prova discursiva, bem como dar a devida aten\u00e7\u00e3o \u00e0 fase de recursos. Reafirmo, mais uma vez, o que venho falando aos nossos alunos:<\/p>\n<p><strong>\u201cVoc\u00eas s\u00f3 passar\u00e3o no MPU se tirarem excelentes notas na disserta\u00e7\u00e3o!\u201d<\/strong><\/p>\n<p>Eu espero, sinceramente, que voc\u00eas estejam no conjunto de candidatos que conseguir\u00e3o\u00a0<strong>varia\u00e7\u00f5es positivas<\/strong> (melhora na classifica\u00e7\u00e3o com a nota da discursiva) neste pr\u00f3ximo certame, bem como obtenham a t\u00e3o sonhada nomea\u00e7\u00e3o no cargo p\u00fablico.<\/p>\n<p>Querem se preparar conosco? Est\u00e1 feito o convite!<\/p>\n<p>Segue o link do nosso curso:<\/p>\n<p><a href=\"https:\/\/www.estrategiaconcursos.com.br\/curso\/discursivas-p-mpu-analista-direito-orientacoes-gerais-3-correcoes-por-aluno\/\">Discursivas p\/ MPU (Analista &#8211; Direito) &#8211; 3 corre\u00e7\u00f5es por aluno<\/a><\/p>\n<p>Bons estudos!<\/p>\n<p>Carlos Roberto<\/p>\n<p><img loading=\"lazy\" decoding=\"async\" class=\"alignnone size-large wp-image-137756\" src=\"https:\/\/dhg1h5j42swfq.cloudfront.net\/2018\/08\/25093020\/MPU.png\" alt=\"\" width=\"1024\" height=\"791\" srcset=\"https:\/\/dhg1h5j42swfq.cloudfront.net\/2018\/08\/25093020\/MPU.png 1037w, https:\/\/dhg1h5j42swfq.cloudfront.net\/2018\/08\/25093020\/MPU.png 300w, https:\/\/dhg1h5j42swfq.cloudfront.net\/2018\/08\/25093020\/MPU.png 768w, https:\/\/dhg1h5j42swfq.cloudfront.net\/2018\/08\/25093020\/MPU.png 1024w, https:\/\/dhg1h5j42swfq.cloudfront.net\/2018\/08\/25093020\/MPU.png 610w\" sizes=\"auto, (max-width: 1024px) 100vw, 1024px\" \/><\/p>\n","protected":false},"excerpt":{"rendered":"<p>Ol\u00e1, Pessoal. Tudo bem? Meu nome \u00e9 Carlos Roberto, sou professor dos cursos de discursivas do Estrat\u00e9gia Concursos. Tamb\u00e9m sou servidor p\u00fablico federal, e ocupo, atualmente, o cargo de Analista da carreira de Especialista do Banco Central do Brasil. Para quem gosta de verificar dados, preparei uma an\u00e1lise bem interessante neste artigo para apresentar a [&hellip;]<\/p>\n","protected":false},"author":254,"featured_media":0,"comment_status":"open","ping_status":"closed","sticky":false,"template":"","format":"standard","meta":{"post_tipo":"article","footnotes":""},"categories":[1],"tags":[],"tax_estado":[],"class_list":["post-137753","post","type-post","status-publish","format-standard","hentry","category-cursos-e-concursos"],"acf":[],"yoast_head":"<!-- This site is optimized with the Yoast SEO Premium plugin v27.2 (Yoast SEO v27.2) - https:\/\/yoast.com\/product\/yoast-seo-premium-wordpress\/ -->\n<title>O peso da Prova Discursiva na classifica\u00e7\u00e3o final do MPU. Veja esta an\u00e1lise!<\/title>\n<meta name=\"robots\" content=\"index, follow, max-snippet:-1, max-image-preview:large, max-video-preview:-1\" \/>\n<link rel=\"canonical\" href=\"https:\/\/www.estrategiaconcursos.com.br\/blog\/o-peso-da-prova-discursiva-na-classificacao-final-do-mpu-veja-esta-analise\/\" \/>\n<meta property=\"og:locale\" content=\"pt_BR\" \/>\n<meta property=\"og:type\" content=\"article\" \/>\n<meta property=\"og:title\" content=\"O peso da Prova Discursiva na classifica\u00e7\u00e3o final do MPU. Veja esta an\u00e1lise!\" \/>\n<meta property=\"og:description\" content=\"Ol\u00e1, Pessoal. Tudo bem? Meu nome \u00e9 Carlos Roberto, sou professor dos cursos de discursivas do Estrat\u00e9gia Concursos. Tamb\u00e9m sou servidor p\u00fablico federal, e ocupo, atualmente, o cargo de Analista da carreira de Especialista do Banco Central do Brasil. Para quem gosta de verificar dados, preparei uma an\u00e1lise bem interessante neste artigo para apresentar a [&hellip;]\" \/>\n<meta property=\"og:url\" content=\"https:\/\/www.estrategiaconcursos.com.br\/blog\/o-peso-da-prova-discursiva-na-classificacao-final-do-mpu-veja-esta-analise\/\" \/>\n<meta property=\"og:site_name\" content=\"Estrat\u00e9gia Concursos\" \/>\n<meta property=\"article:published_time\" content=\"2018-08-26T12:35:53+00:00\" \/>\n<meta property=\"article:modified_time\" content=\"2018-08-26T16:39:41+00:00\" \/>\n<meta property=\"og:image\" content=\"https:\/\/www.estrategiaconcursos.com.br\/blog\/wp-content\/uploads\/2018\/08\/MPU-1024x791.png\" \/>\n<meta name=\"author\" content=\"Carlos Roberto Correa\" \/>\n<meta name=\"twitter:card\" content=\"summary_large_image\" \/>\n<meta name=\"twitter:creator\" content=\"@EstratConcursos\" \/>\n<meta name=\"twitter:site\" content=\"@EstratConcursos\" \/>\n<meta name=\"twitter:label1\" content=\"Escrito por\" \/>\n\t<meta name=\"twitter:data1\" content=\"Carlos Roberto Correa\" \/>\n\t<meta name=\"twitter:label2\" content=\"Est. tempo de leitura\" \/>\n\t<meta name=\"twitter:data2\" content=\"4 minutos\" \/>\n<script type=\"application\/ld+json\" class=\"yoast-schema-graph\">{\"@context\":\"https:\/\/schema.org\",\"@graph\":[{\"@type\":\"NewsArticle\",\"@id\":\"https:\/\/www.estrategiaconcursos.com.br\/blog\/o-peso-da-prova-discursiva-na-classificacao-final-do-mpu-veja-esta-analise\/#article\",\"isPartOf\":{\"@id\":\"https:\/\/www.estrategiaconcursos.com.br\/blog\/o-peso-da-prova-discursiva-na-classificacao-final-do-mpu-veja-esta-analise\/\"},\"author\":{\"name\":\"Carlos Roberto Correa\",\"@id\":\"https:\/\/www.estrategiaconcursos.com.br\/blog\/#\/schema\/person\/b04f52b4e46b9c2763b237dc0302b7a7\"},\"headline\":\"O peso da Prova Discursiva na classifica\u00e7\u00e3o final do MPU. Veja esta an\u00e1lise!\",\"datePublished\":\"2018-08-26T12:35:53+00:00\",\"dateModified\":\"2018-08-26T16:39:41+00:00\",\"mainEntityOfPage\":{\"@id\":\"https:\/\/www.estrategiaconcursos.com.br\/blog\/o-peso-da-prova-discursiva-na-classificacao-final-do-mpu-veja-esta-analise\/\"},\"wordCount\":865,\"commentCount\":1,\"publisher\":{\"@id\":\"https:\/\/www.estrategiaconcursos.com.br\/blog\/#organization\"},\"image\":{\"@id\":\"https:\/\/www.estrategiaconcursos.com.br\/blog\/o-peso-da-prova-discursiva-na-classificacao-final-do-mpu-veja-esta-analise\/#primaryimage\"},\"thumbnailUrl\":\"https:\/\/www.estrategiaconcursos.com.br\/blog\/wp-content\/uploads\/2018\/08\/MPU-1024x791.png\",\"articleSection\":[\"Concursos P\u00fablicos\"],\"inLanguage\":\"pt-BR\",\"potentialAction\":[{\"@type\":\"CommentAction\",\"name\":\"Comment\",\"target\":[\"https:\/\/www.estrategiaconcursos.com.br\/blog\/o-peso-da-prova-discursiva-na-classificacao-final-do-mpu-veja-esta-analise\/#respond\"]}],\"copyrightYear\":\"2018\",\"copyrightHolder\":{\"@id\":\"https:\/\/www.estrategiaconcursos.com.br\/blog\/#organization\"}},{\"@type\":\"WebPage\",\"@id\":\"https:\/\/www.estrategiaconcursos.com.br\/blog\/o-peso-da-prova-discursiva-na-classificacao-final-do-mpu-veja-esta-analise\/\",\"url\":\"https:\/\/www.estrategiaconcursos.com.br\/blog\/o-peso-da-prova-discursiva-na-classificacao-final-do-mpu-veja-esta-analise\/\",\"name\":\"O peso da Prova Discursiva na classifica\u00e7\u00e3o final do MPU. Veja esta an\u00e1lise!\",\"isPartOf\":{\"@id\":\"https:\/\/www.estrategiaconcursos.com.br\/blog\/#website\"},\"primaryImageOfPage\":{\"@id\":\"https:\/\/www.estrategiaconcursos.com.br\/blog\/o-peso-da-prova-discursiva-na-classificacao-final-do-mpu-veja-esta-analise\/#primaryimage\"},\"image\":{\"@id\":\"https:\/\/www.estrategiaconcursos.com.br\/blog\/o-peso-da-prova-discursiva-na-classificacao-final-do-mpu-veja-esta-analise\/#primaryimage\"},\"thumbnailUrl\":\"https:\/\/www.estrategiaconcursos.com.br\/blog\/wp-content\/uploads\/2018\/08\/MPU-1024x791.png\",\"datePublished\":\"2018-08-26T12:35:53+00:00\",\"dateModified\":\"2018-08-26T16:39:41+00:00\",\"breadcrumb\":{\"@id\":\"https:\/\/www.estrategiaconcursos.com.br\/blog\/o-peso-da-prova-discursiva-na-classificacao-final-do-mpu-veja-esta-analise\/#breadcrumb\"},\"inLanguage\":\"pt-BR\",\"potentialAction\":[{\"@type\":\"ReadAction\",\"target\":[\"https:\/\/www.estrategiaconcursos.com.br\/blog\/o-peso-da-prova-discursiva-na-classificacao-final-do-mpu-veja-esta-analise\/\"]}]},{\"@type\":\"ImageObject\",\"inLanguage\":\"pt-BR\",\"@id\":\"https:\/\/www.estrategiaconcursos.com.br\/blog\/o-peso-da-prova-discursiva-na-classificacao-final-do-mpu-veja-esta-analise\/#primaryimage\",\"url\":\"https:\/\/dhg1h5j42swfq.cloudfront.net\/2018\/08\/25093020\/MPU.png\",\"contentUrl\":\"https:\/\/dhg1h5j42swfq.cloudfront.net\/2018\/08\/25093020\/MPU.png\",\"width\":1037,\"height\":801},{\"@type\":\"BreadcrumbList\",\"@id\":\"https:\/\/www.estrategiaconcursos.com.br\/blog\/o-peso-da-prova-discursiva-na-classificacao-final-do-mpu-veja-esta-analise\/#breadcrumb\",\"itemListElement\":[{\"@type\":\"ListItem\",\"position\":1,\"name\":\"In\u00edcio\",\"item\":\"https:\/\/www.estrategiaconcursos.com.br\/blog\/\"},{\"@type\":\"ListItem\",\"position\":2,\"name\":\"O peso da Prova Discursiva na classifica\u00e7\u00e3o final do MPU. Veja esta an\u00e1lise!\"}]},{\"@type\":\"WebSite\",\"@id\":\"https:\/\/www.estrategiaconcursos.com.br\/blog\/#website\",\"url\":\"https:\/\/www.estrategiaconcursos.com.br\/blog\/\",\"name\":\"Estrat\u00e9gia Concursos\",\"description\":\"O blog da Estrat\u00e9gia Concursos traz not\u00edcias sobre concursos e artigos de professores oferecendo cursos para concursos (pdf + videaulas) no site.\",\"publisher\":{\"@id\":\"https:\/\/www.estrategiaconcursos.com.br\/blog\/#organization\"},\"potentialAction\":[{\"@type\":\"SearchAction\",\"target\":{\"@type\":\"EntryPoint\",\"urlTemplate\":\"https:\/\/www.estrategiaconcursos.com.br\/blog\/?s={search_term_string}\"},\"query-input\":{\"@type\":\"PropertyValueSpecification\",\"valueRequired\":true,\"valueName\":\"search_term_string\"}}],\"inLanguage\":\"pt-BR\"},{\"@type\":\"Organization\",\"@id\":\"https:\/\/www.estrategiaconcursos.com.br\/blog\/#organization\",\"name\":\"Estrat\u00e9gia Concursos\",\"url\":\"https:\/\/www.estrategiaconcursos.com.br\/blog\/\",\"logo\":{\"@type\":\"ImageObject\",\"inLanguage\":\"pt-BR\",\"@id\":\"https:\/\/www.estrategiaconcursos.com.br\/blog\/#\/schema\/logo\/image\/\",\"url\":\"https:\/\/dhg1h5j42swfq.cloudfront.net\/2025\/06\/03203428\/logo_concursos-1.jpg\",\"contentUrl\":\"https:\/\/dhg1h5j42swfq.cloudfront.net\/2025\/06\/03203428\/logo_concursos-1.jpg\",\"width\":230,\"height\":60,\"caption\":\"Estrat\u00e9gia Concursos\"},\"image\":{\"@id\":\"https:\/\/www.estrategiaconcursos.com.br\/blog\/#\/schema\/logo\/image\/\"},\"sameAs\":[\"https:\/\/x.com\/EstratConcursos\"]},{\"@type\":\"Person\",\"@id\":\"https:\/\/www.estrategiaconcursos.com.br\/blog\/#\/schema\/person\/b04f52b4e46b9c2763b237dc0302b7a7\",\"name\":\"Carlos Roberto Correa\",\"image\":{\"@type\":\"ImageObject\",\"inLanguage\":\"pt-BR\",\"@id\":\"https:\/\/secure.gravatar.com\/avatar\/f4b738aef9d1cc2c2cfd779e48e5b0dee98cb28b76e015eb2f1d475ca568f24a?s=96&d=mm&r=g\",\"url\":\"https:\/\/secure.gravatar.com\/avatar\/f4b738aef9d1cc2c2cfd779e48e5b0dee98cb28b76e015eb2f1d475ca568f24a?s=96&d=mm&r=g\",\"contentUrl\":\"https:\/\/secure.gravatar.com\/avatar\/f4b738aef9d1cc2c2cfd779e48e5b0dee98cb28b76e015eb2f1d475ca568f24a?s=96&d=mm&r=g\",\"caption\":\"Carlos Roberto Correa\"},\"url\":\"https:\/\/www.estrategiaconcursos.com.br\/blog\/author\/carlosrobertoestrategiaconcursos-com-br\/\"}]}<\/script>\n<!-- \/ Yoast SEO Premium plugin. -->","yoast_head_json":{"title":"O peso da Prova Discursiva na classifica\u00e7\u00e3o final do MPU. Veja esta an\u00e1lise!","robots":{"index":"index","follow":"follow","max-snippet":"max-snippet:-1","max-image-preview":"max-image-preview:large","max-video-preview":"max-video-preview:-1"},"canonical":"https:\/\/www.estrategiaconcursos.com.br\/blog\/o-peso-da-prova-discursiva-na-classificacao-final-do-mpu-veja-esta-analise\/","og_locale":"pt_BR","og_type":"article","og_title":"O peso da Prova Discursiva na classifica\u00e7\u00e3o final do MPU. Veja esta an\u00e1lise!","og_description":"Ol\u00e1, Pessoal. Tudo bem? Meu nome \u00e9 Carlos Roberto, sou professor dos cursos de discursivas do Estrat\u00e9gia Concursos. Tamb\u00e9m sou servidor p\u00fablico federal, e ocupo, atualmente, o cargo de Analista da carreira de Especialista do Banco Central do Brasil. Para quem gosta de verificar dados, preparei uma an\u00e1lise bem interessante neste artigo para apresentar a [&hellip;]","og_url":"https:\/\/www.estrategiaconcursos.com.br\/blog\/o-peso-da-prova-discursiva-na-classificacao-final-do-mpu-veja-esta-analise\/","og_site_name":"Estrat\u00e9gia Concursos","article_published_time":"2018-08-26T12:35:53+00:00","article_modified_time":"2018-08-26T16:39:41+00:00","og_image":[{"url":"https:\/\/www.estrategiaconcursos.com.br\/blog\/wp-content\/uploads\/2018\/08\/MPU-1024x791.png","type":"","width":"","height":""}],"author":"Carlos Roberto Correa","twitter_card":"summary_large_image","twitter_creator":"@EstratConcursos","twitter_site":"@EstratConcursos","twitter_misc":{"Escrito por":"Carlos Roberto Correa","Est. tempo de leitura":"4 minutos"},"schema":{"@context":"https:\/\/schema.org","@graph":[{"@type":"NewsArticle","@id":"https:\/\/www.estrategiaconcursos.com.br\/blog\/o-peso-da-prova-discursiva-na-classificacao-final-do-mpu-veja-esta-analise\/#article","isPartOf":{"@id":"https:\/\/www.estrategiaconcursos.com.br\/blog\/o-peso-da-prova-discursiva-na-classificacao-final-do-mpu-veja-esta-analise\/"},"author":{"name":"Carlos Roberto Correa","@id":"https:\/\/www.estrategiaconcursos.com.br\/blog\/#\/schema\/person\/b04f52b4e46b9c2763b237dc0302b7a7"},"headline":"O peso da Prova Discursiva na classifica\u00e7\u00e3o final do MPU. Veja esta an\u00e1lise!","datePublished":"2018-08-26T12:35:53+00:00","dateModified":"2018-08-26T16:39:41+00:00","mainEntityOfPage":{"@id":"https:\/\/www.estrategiaconcursos.com.br\/blog\/o-peso-da-prova-discursiva-na-classificacao-final-do-mpu-veja-esta-analise\/"},"wordCount":865,"commentCount":1,"publisher":{"@id":"https:\/\/www.estrategiaconcursos.com.br\/blog\/#organization"},"image":{"@id":"https:\/\/www.estrategiaconcursos.com.br\/blog\/o-peso-da-prova-discursiva-na-classificacao-final-do-mpu-veja-esta-analise\/#primaryimage"},"thumbnailUrl":"https:\/\/www.estrategiaconcursos.com.br\/blog\/wp-content\/uploads\/2018\/08\/MPU-1024x791.png","articleSection":["Concursos P\u00fablicos"],"inLanguage":"pt-BR","potentialAction":[{"@type":"CommentAction","name":"Comment","target":["https:\/\/www.estrategiaconcursos.com.br\/blog\/o-peso-da-prova-discursiva-na-classificacao-final-do-mpu-veja-esta-analise\/#respond"]}],"copyrightYear":"2018","copyrightHolder":{"@id":"https:\/\/www.estrategiaconcursos.com.br\/blog\/#organization"}},{"@type":"WebPage","@id":"https:\/\/www.estrategiaconcursos.com.br\/blog\/o-peso-da-prova-discursiva-na-classificacao-final-do-mpu-veja-esta-analise\/","url":"https:\/\/www.estrategiaconcursos.com.br\/blog\/o-peso-da-prova-discursiva-na-classificacao-final-do-mpu-veja-esta-analise\/","name":"O peso da Prova Discursiva na classifica\u00e7\u00e3o final do MPU. Veja esta an\u00e1lise!","isPartOf":{"@id":"https:\/\/www.estrategiaconcursos.com.br\/blog\/#website"},"primaryImageOfPage":{"@id":"https:\/\/www.estrategiaconcursos.com.br\/blog\/o-peso-da-prova-discursiva-na-classificacao-final-do-mpu-veja-esta-analise\/#primaryimage"},"image":{"@id":"https:\/\/www.estrategiaconcursos.com.br\/blog\/o-peso-da-prova-discursiva-na-classificacao-final-do-mpu-veja-esta-analise\/#primaryimage"},"thumbnailUrl":"https:\/\/www.estrategiaconcursos.com.br\/blog\/wp-content\/uploads\/2018\/08\/MPU-1024x791.png","datePublished":"2018-08-26T12:35:53+00:00","dateModified":"2018-08-26T16:39:41+00:00","breadcrumb":{"@id":"https:\/\/www.estrategiaconcursos.com.br\/blog\/o-peso-da-prova-discursiva-na-classificacao-final-do-mpu-veja-esta-analise\/#breadcrumb"},"inLanguage":"pt-BR","potentialAction":[{"@type":"ReadAction","target":["https:\/\/www.estrategiaconcursos.com.br\/blog\/o-peso-da-prova-discursiva-na-classificacao-final-do-mpu-veja-esta-analise\/"]}]},{"@type":"ImageObject","inLanguage":"pt-BR","@id":"https:\/\/www.estrategiaconcursos.com.br\/blog\/o-peso-da-prova-discursiva-na-classificacao-final-do-mpu-veja-esta-analise\/#primaryimage","url":"https:\/\/dhg1h5j42swfq.cloudfront.net\/2018\/08\/25093020\/MPU.png","contentUrl":"https:\/\/dhg1h5j42swfq.cloudfront.net\/2018\/08\/25093020\/MPU.png","width":1037,"height":801},{"@type":"BreadcrumbList","@id":"https:\/\/www.estrategiaconcursos.com.br\/blog\/o-peso-da-prova-discursiva-na-classificacao-final-do-mpu-veja-esta-analise\/#breadcrumb","itemListElement":[{"@type":"ListItem","position":1,"name":"In\u00edcio","item":"https:\/\/www.estrategiaconcursos.com.br\/blog\/"},{"@type":"ListItem","position":2,"name":"O peso da Prova Discursiva na classifica\u00e7\u00e3o final do MPU. Veja esta an\u00e1lise!"}]},{"@type":"WebSite","@id":"https:\/\/www.estrategiaconcursos.com.br\/blog\/#website","url":"https:\/\/www.estrategiaconcursos.com.br\/blog\/","name":"Estrat\u00e9gia Concursos","description":"O blog da Estrat\u00e9gia Concursos traz not\u00edcias sobre concursos e artigos de professores oferecendo cursos para concursos (pdf + videaulas) no site.","publisher":{"@id":"https:\/\/www.estrategiaconcursos.com.br\/blog\/#organization"},"potentialAction":[{"@type":"SearchAction","target":{"@type":"EntryPoint","urlTemplate":"https:\/\/www.estrategiaconcursos.com.br\/blog\/?s={search_term_string}"},"query-input":{"@type":"PropertyValueSpecification","valueRequired":true,"valueName":"search_term_string"}}],"inLanguage":"pt-BR"},{"@type":"Organization","@id":"https:\/\/www.estrategiaconcursos.com.br\/blog\/#organization","name":"Estrat\u00e9gia Concursos","url":"https:\/\/www.estrategiaconcursos.com.br\/blog\/","logo":{"@type":"ImageObject","inLanguage":"pt-BR","@id":"https:\/\/www.estrategiaconcursos.com.br\/blog\/#\/schema\/logo\/image\/","url":"https:\/\/dhg1h5j42swfq.cloudfront.net\/2025\/06\/03203428\/logo_concursos-1.jpg","contentUrl":"https:\/\/dhg1h5j42swfq.cloudfront.net\/2025\/06\/03203428\/logo_concursos-1.jpg","width":230,"height":60,"caption":"Estrat\u00e9gia Concursos"},"image":{"@id":"https:\/\/www.estrategiaconcursos.com.br\/blog\/#\/schema\/logo\/image\/"},"sameAs":["https:\/\/x.com\/EstratConcursos"]},{"@type":"Person","@id":"https:\/\/www.estrategiaconcursos.com.br\/blog\/#\/schema\/person\/b04f52b4e46b9c2763b237dc0302b7a7","name":"Carlos Roberto Correa","image":{"@type":"ImageObject","inLanguage":"pt-BR","@id":"https:\/\/secure.gravatar.com\/avatar\/f4b738aef9d1cc2c2cfd779e48e5b0dee98cb28b76e015eb2f1d475ca568f24a?s=96&d=mm&r=g","url":"https:\/\/secure.gravatar.com\/avatar\/f4b738aef9d1cc2c2cfd779e48e5b0dee98cb28b76e015eb2f1d475ca568f24a?s=96&d=mm&r=g","contentUrl":"https:\/\/secure.gravatar.com\/avatar\/f4b738aef9d1cc2c2cfd779e48e5b0dee98cb28b76e015eb2f1d475ca568f24a?s=96&d=mm&r=g","caption":"Carlos Roberto Correa"},"url":"https:\/\/www.estrategiaconcursos.com.br\/blog\/author\/carlosrobertoestrategiaconcursos-com-br\/"}]}},"_links":{"self":[{"href":"https:\/\/www.estrategiaconcursos.com.br\/blog\/wp-json\/wp\/v2\/posts\/137753","targetHints":{"allow":["GET"]}}],"collection":[{"href":"https:\/\/www.estrategiaconcursos.com.br\/blog\/wp-json\/wp\/v2\/posts"}],"about":[{"href":"https:\/\/www.estrategiaconcursos.com.br\/blog\/wp-json\/wp\/v2\/types\/post"}],"author":[{"embeddable":true,"href":"https:\/\/www.estrategiaconcursos.com.br\/blog\/wp-json\/wp\/v2\/users\/254"}],"replies":[{"embeddable":true,"href":"https:\/\/www.estrategiaconcursos.com.br\/blog\/wp-json\/wp\/v2\/comments?post=137753"}],"version-history":[{"count":3,"href":"https:\/\/www.estrategiaconcursos.com.br\/blog\/wp-json\/wp\/v2\/posts\/137753\/revisions"}],"predecessor-version":[{"id":137759,"href":"https:\/\/www.estrategiaconcursos.com.br\/blog\/wp-json\/wp\/v2\/posts\/137753\/revisions\/137759"}],"wp:attachment":[{"href":"https:\/\/www.estrategiaconcursos.com.br\/blog\/wp-json\/wp\/v2\/media?parent=137753"}],"wp:term":[{"taxonomy":"category","embeddable":true,"href":"https:\/\/www.estrategiaconcursos.com.br\/blog\/wp-json\/wp\/v2\/categories?post=137753"},{"taxonomy":"post_tag","embeddable":true,"href":"https:\/\/www.estrategiaconcursos.com.br\/blog\/wp-json\/wp\/v2\/tags?post=137753"},{"taxonomy":"tax_estado","embeddable":true,"href":"https:\/\/www.estrategiaconcursos.com.br\/blog\/wp-json\/wp\/v2\/tax_estado?post=137753"}],"curies":[{"name":"wp","href":"https:\/\/api.w.org\/{rel}","templated":true}]}}