{"id":1374885,"date":"2025-08-26T07:08:00","date_gmt":"2025-08-26T10:08:00","guid":{"rendered":"https:\/\/www.estrategiaconcursos.com.br\/blog\/?p=1374885"},"modified":"2025-10-23T13:10:07","modified_gmt":"2025-10-23T16:10:07","slug":"concurso-iterj","status":"publish","type":"post","link":"https:\/\/www.estrategiaconcursos.com.br\/blog\/concurso-iterj\/","title":{"rendered":"Concurso ITERJ: ap\u00f3s 13 anos, novo edital \u00e9 solicitado"},"content":{"rendered":"\n<p>Um novo<strong> concurso ITERJ <\/strong>(Instituto de Terras e Cartografia do Estado do Rio de Janeiro) poder\u00e1 ser realizado em breve.<\/p>\n\n\n\n<p>Isso porque foi publicada em mar\u00e7o de 2024, no Di\u00e1rio Oficial do Estado, uma solicita\u00e7\u00e3o legislativa para que o governador Cl\u00e1udio Castro <strong>autorize uma sele\u00e7\u00e3o para o preenchimento de vagas no Instituto<\/strong>.<\/p>\n\n\n\n<p>Ainda n\u00e3o h\u00e1 uma previs\u00e3o de quando o edital poder\u00e1 ser publicado, bem como os cargos que poder\u00e3o ser contemplados. Nossa equipe segue em contato para novas informa\u00e7\u00f5es!<\/p>\n\n\n\n<ul class=\"wp-block-list has-very-light-gray-to-cyan-bluish-gray-gradient-background has-background\">\n<li><strong>Instituto de Terras e Cartografia do Estado do Rio de Janeiro <\/strong><\/li>\n\n\n\n<li><strong>Status:<\/strong>\u00a0solicitado<\/li>\n\n\n\n<li><strong>Banca:&nbsp;<\/strong>a definir<\/li>\n\n\n\n<li><strong>Vagas: <\/strong>a definir<\/li>\n\n\n\n<li><strong>Sal\u00e1rio<\/strong>:&nbsp;R$ 1.976,64 a R$ 7.183,19<\/li>\n\n\n\n<li><strong>Edital:<\/strong> <a href=\"https:\/\/dhg1h5j42swfq.cloudfront.net\/2024\/03\/26071432\/concurso-iterj-rj-edital-2011.pdf\" target=\"_blank\" rel=\"noreferrer noopener nofollow\">ITERJ 2011<\/a><\/li>\n<\/ul>\n\n\n\n<p>A fim de te deixar sempre bem informado, elaboramos este artigo com as principais informa\u00e7\u00f5es e novidades sobre o concurso ITERJ. Acompanhe os t\u00f3picos abaixo e n\u00e3o perca nenhum detalhe:<\/p>\n\n\n\n<ul id=\"indice\" class=\"wp-block-list\">\n<li><a href=\"#atual\"><strong>Situa\u00e7\u00e3o atual<\/strong><\/a>\n<ul class=\"wp-block-list\">\n<li><a href=\"#soli\">Solicitado<\/a><\/li>\n<\/ul>\n<\/li>\n\n\n\n<li><a href=\"#carreira\"><strong>Carreira<\/strong><\/a>\n<ul class=\"wp-block-list\">\n<li><a href=\"#cargos\">Cargos<\/a><\/li>\n\n\n\n<li><a href=\"#remuneracao\">Remunera\u00e7\u00e3o<\/a><\/li>\n<\/ul>\n<\/li>\n\n\n\n<li><a href=\"#ultimo\"><strong>\u00daltimo concurso<\/strong><\/a><\/li>\n\n\n\n<li><a href=\"#sobre\"><strong>Sobre<\/strong><\/a><\/li>\n\n\n\n<li><a href=\"#curso\"><strong>Cursos e assinaturas<\/strong><\/a><\/li>\n\n\n\n<li><a href=\"#ficha\"><strong>Ficha t\u00e9cnica<\/strong><\/a><\/li>\n<\/ul>\n\n\n\n<div class=\"container\" id=\"boxes\">\n  <div class=\"row\">\n\n    <div class=\"col-sm\">\n      <div class=\"banner-adm\" id=\"box-assinatura\">\n        <h3 class=\"titulo-assinatura\">Concurso Adepar\u00e1<\/h3>\n        <p class=\"subtitulo-assinatura\">Conhe\u00e7a os cursos<\/p>\n        <div class=\"box-botao\">\n          <a class=\"btn-assinatura\" target=\"_blank\" href=\"https:\/\/www.estrategiaconcursos.com.br\/cursos\/\" role=\"button\" rel=\"noopener noreferrer\">Conhe\u00e7a mais<\/a>\n        <\/div>\n      <\/div>\n      \n    <\/div>\n\n  <\/div>\n<\/div>\n\n\n\n<h2 class=\"wp-block-heading\" id=\"atual\">Situa\u00e7\u00e3o atual do concurso ITERJ<\/h2>\n\n\n\n<h3 class=\"wp-block-heading\" id=\"soli\">Solicitado<\/h3>\n\n\n\n<p>Foi publicada no Di\u00e1rio Oficial Estado, a<strong> solicita\u00e7\u00e3o de um novo concurso ITERJ<\/strong> para o provimento dos cargos vagos. O pedido foi feito pela deputada Marina do MST ao governador Cl\u00e1udio Castro.<\/p>\n\n\n\n<p>Confira o pedido do concurso na \u00edntegra:<\/p>\n\n\n\n<figure class=\"wp-block-image aligncenter size-full is-resized\"><img loading=\"lazy\" decoding=\"async\" width=\"684\" height=\"296\" src=\"https:\/\/dhg1h5j42swfq.cloudfront.net\/2024\/03\/26070340\/unnamed-1-1.png\" alt=\"Solicita\u00e7\u00e3o para realizar novo concurso ITERJ \" class=\"wp-image-1374886\" style=\"width:684px;height:auto\" srcset=\"https:\/\/dhg1h5j42swfq.cloudfront.net\/2024\/03\/26070340\/unnamed-1-1.png 684w, https:\/\/dhg1h5j42swfq.cloudfront.net\/2024\/03\/26070340\/unnamed-1-1-300x130.png 300w, https:\/\/dhg1h5j42swfq.cloudfront.net\/2024\/03\/26070340\/unnamed-1-1-610x264.png 610w, https:\/\/dhg1h5j42swfq.cloudfront.net\/2024\/03\/26070340\/unnamed-1-1-150x65.png 150w\" sizes=\"auto, (max-width: 684px) 100vw, 684px\" \/><\/figure>\n\n\n\n<p>Agora, espera-se que o concurso seja autorizado em breve, seguido pela constitui\u00e7\u00e3o da comiss\u00e3o organizadora e pela contrata\u00e7\u00e3o da banca examinadora.<\/p>\n\n\n\n<h2 class=\"wp-block-heading\" id=\"carreira\">Carreira do concurso ITERJ<\/h2>\n\n\n\n<h3 class=\"wp-block-heading\" id=\"cargos\">Cargos<\/h3>\n\n\n\n<p>O ITERJ conta com 105 cargos efetivos de n\u00edveis superior, m\u00e9dio e m\u00e9dio com forma\u00e7\u00e3o t\u00e9cnica. S\u00e3o eles:<\/p>\n\n\n\n<ul class=\"wp-block-list\">\n<li><strong>N\u00edvel Superior<\/strong>\n<ul class=\"wp-block-list\">\n<li>Analista de Desenvolvimento Fundi\u00e1rio &#8211; 15 cargos<\/li>\n\n\n\n<li>Analista de Desenvolvimento Agr\u00e1rio &#8211; 16 cargos<\/li>\n\n\n\n<li>An\u00e1lise de Gest\u00e3o Organizacional &#8211; 14 cargos<\/li>\n\n\n\n<li>Analista Jur\u00eddico &#8211; 10 cargos<\/li>\n<\/ul>\n<\/li>\n<\/ul>\n\n\n\n<ul class=\"wp-block-list\">\n<li><strong>N\u00edvel M\u00e9dio\/T\u00e9cnico<\/strong>\n<ul class=\"wp-block-list\">\n<li>T\u00e9cnico de Desenvolvimento Fundi\u00e1rio &#8211; 15 cargos<\/li>\n\n\n\n<li>T\u00e9cnico de Desenvolvimento Agr\u00e1rio &#8211; 10 cargos<\/li>\n<\/ul>\n<\/li>\n<\/ul>\n\n\n\n<ul class=\"wp-block-list\">\n<li><strong>N\u00edvel M\u00e9dio<\/strong>\n<ul class=\"wp-block-list\">\n<li>Assistente Executivo &#8211; 25 cargos<\/li>\n<\/ul>\n<\/li>\n<\/ul>\n\n\n\n<h3 class=\"wp-block-heading\" id=\"remuneracao\">Remunera\u00e7\u00e3o<\/h3>\n\n\n\n<p>De acordo com informa\u00e7\u00f5es de janeiro de 2024, as remunera\u00e7\u00f5es oferecidas no ITERJ variam de <strong>R$ 1.976,64 a R$ 7.183,19<\/strong> no in\u00edcio das carreiras, mais Gratifica\u00e7\u00e3o de Desempenho de Atividade &#8211; GDA e Adicional de Qualifica\u00e7\u00e3o &#8211; AQ.<\/p>\n\n\n\n<figure class=\"wp-block-image aligncenter size-full\"><img loading=\"lazy\" decoding=\"async\" width=\"757\" height=\"697\" src=\"https:\/\/dhg1h5j42swfq.cloudfront.net\/2024\/03\/27140929\/image-688.png\" alt=\"Carreira do concurso ITERJ\" class=\"wp-image-1376009\" srcset=\"https:\/\/dhg1h5j42swfq.cloudfront.net\/2024\/03\/27140929\/image-688.png 757w, https:\/\/dhg1h5j42swfq.cloudfront.net\/2024\/03\/27140929\/image-688-300x276.png 300w, https:\/\/dhg1h5j42swfq.cloudfront.net\/2024\/03\/27140929\/image-688-610x562.png 610w, https:\/\/dhg1h5j42swfq.cloudfront.net\/2024\/03\/27140929\/image-688-150x138.png 150w\" sizes=\"auto, (max-width: 757px) 100vw, 757px\" \/><\/figure>\n\n\n\n<h2 class=\"wp-block-heading\" id=\"ultimo\">\u00daltimo concurso ITERJ<\/h2>\n\n\n\n<p>O \u00faltimo concurso ITERJ foi publicado em <strong>2011<\/strong> pela CEPERJ e ofertou, na \u00e9poca, <strong>104 vagas <\/strong>imediatas, com <strong>sal\u00e1rios entre R$ 1.298,00 a R$ 4.229,76<\/strong>.<\/p>\n\n\n\n<p>A primeira etapa constou de Provas Objetivas, para todos os cargos. Tamb\u00e9m houve Avalia\u00e7\u00e3o de T\u00edtulos para as fun\u00e7\u00f5es de n\u00edvel superior.<\/p>\n\n\n\n<h3 class=\"wp-block-heading\" id=\"h-como-foram-as-provas-objetivas\">Como foram as provas objetivas?<\/h3>\n\n\n\n<p>As Provas Objetivas, de car\u00e1ter eliminat\u00f3rio e classificat\u00f3rio, foram  compostas de <strong>50 quest\u00f5es para os cargos de n\u00edvel superior e de 40 quest\u00f5es para os cargos de n\u00edvel m\u00e9dio t\u00e9cnico e t\u00e9cnico<\/strong>.<\/p>\n\n\n\n<figure class=\"wp-block-image aligncenter size-full\"><img loading=\"lazy\" decoding=\"async\" width=\"643\" height=\"733\" src=\"https:\/\/dhg1h5j42swfq.cloudfront.net\/2024\/03\/26071933\/image-628.png\" alt=\"Tabela de detalhes da prova objetiva do \u00faltimo concurso ITERJ\" class=\"wp-image-1374900\" srcset=\"https:\/\/dhg1h5j42swfq.cloudfront.net\/2024\/03\/26071933\/image-628.png 643w, https:\/\/dhg1h5j42swfq.cloudfront.net\/2024\/03\/26071933\/image-628-263x300.png 263w, https:\/\/dhg1h5j42swfq.cloudfront.net\/2024\/03\/26071933\/image-628-610x695.png 610w, https:\/\/dhg1h5j42swfq.cloudfront.net\/2024\/03\/26071933\/image-628-150x171.png 150w\" sizes=\"auto, (max-width: 643px) 100vw, 643px\" \/><\/figure>\n\n\n\n<h2 class=\"wp-block-heading\" id=\"h-sobre-iterj\">Sobre ITERJ<\/h2>\n\n\n\n<p>O <a href=\"http:\/\/www.iterj.rj.gov.br\/iterj_site\/\" target=\"_blank\" rel=\"noreferrer noopener\">Instituto<\/a> de Terras e Cartografia do Estado do Rio de Janeiro (ITERJ) \u00e9 \u00f3rg\u00e3o com capacidade t\u00e9cnica para a execu\u00e7\u00e3o da pol\u00edtica fundi\u00e1ria do Estado. \u00c9 uma autarquia vinculada \u00e0 Secretaria das Cidades. Sua atribui\u00e7\u00e3o \u00e9 garantir o acesso \u00e0 terra, estimulando o processo de regulariza\u00e7\u00e3o fundi\u00e1ria, no campo ou na cidade, em \u00e1reas p\u00fablicas ou privadas, do territ\u00f3rio fluminense.<\/p>\n\n\n\n<hr class=\"wp-block-separator has-alpha-channel-opacity\"\/>\n\n\n\n<h2 class=\"wp-block-heading has-text-align-center\" id=\"curso\"><em>Quer estudar para o concurso ITERJ?<\/em><\/h2>\n\n\n\n<div class=\"container\" id=\"boxes\">\n  <div class=\"row\">\n\n    <div class=\"col-sm\">\n      <div class=\"banner-adm\" id=\"box-assinatura\">\n        <h3 class=\"titulo-assinatura\">Concurso Adepar\u00e1<\/h3>\n        <p class=\"subtitulo-assinatura\">Conhe\u00e7a os cursos<\/p>\n        <div class=\"box-botao\">\n          <a class=\"btn-assinatura\" target=\"_blank\" href=\"https:\/\/www.estrategiaconcursos.com.br\/cursos\/\" role=\"button\" rel=\"noopener noreferrer\">Conhe\u00e7a mais<\/a>\n        <\/div>\n      <\/div>\n      \n    <\/div>\n\n  <\/div>\n<\/div>\n\n\n\n<div class=\"container\" id=\"boxes\">\n  <div class=\"row\">\n\n    <div class=\"col-sm\">\n      <div class=\"estrategia\" id=\"box-assinatura\">\n        <h3 class=\"titulo-assinatura\"> Concursos P\u00fablicos\n        <p class=\"subtitulo-assinatura\">Assinatura de 1 ano ou 2 anos<\/p>\n        <div class=\"box-botao\">\n          <a class=\"btn-assinatura\" target=\"_blank\" href=\"https:\/\/www.estrategiaconcursos.com.br\/assinaturas\/\" role=\"button\" rel=\"noopener noreferrer\">ASSINE AGORA<\/a>\n        <\/div>\n      <\/h3><\/div><\/div><\/div><\/div>\n\n\n\n<h2 class=\"wp-block-heading has-text-align-center\" id=\"quer-saber-tudo-sobre-concursos-previstos-confira-nossos-artigos\">Quer saber tudo sobre concursos previstos?<br \/>Confira nossos artigos!<\/h2>\n\n\n\n<ul class=\"wp-block-list\">\n<li><a href=\"https:\/\/www.estrategiaconcursos.com.br\/blog\/concursos-abertos\/\" target=\"_blank\" rel=\"noreferrer noopener\">Concursos Abertos<\/a><\/li>\n\n\n\n<li><a href=\"https:\/\/www.estrategiaconcursos.com.br\/blog\/concursos-2025\/\" target=\"_blank\" rel=\"noreferrer noopener\">Concursos 2025<\/a><\/li>\n\n\n\n<li><a href=\"https:\/\/www.estrategiaconcursos.com.br\/blog\/concursos-2026\/\" target=\"_blank\" rel=\"noreferrer noopener\">Concursos 2026<\/a><\/li>\n\n\n\n<li><a href=\"https:\/\/www.estrategiaconcursos.com.br\/blog\/concursos-rj\/\" target=\"_blank\" rel=\"noreferrer noopener\">Concursos RJ<\/a><\/li>\n<\/ul>\n\n\n\n<figure class=\"wp-block-image size-large is-resized\"><img loading=\"lazy\" decoding=\"async\" width=\"1024\" height=\"632\" src=\"https:\/\/dhg1h5j42swfq.cloudfront.net\/2021\/04\/15205809\/ficha-tecnica-1-1024x632-1-1.png\" alt=\"Informa\u00e7\u00f5es do concurso ITERJ\" class=\"wp-image-715231\" style=\"width:254px;height:157px\" srcset=\"https:\/\/dhg1h5j42swfq.cloudfront.net\/2021\/04\/15205809\/ficha-tecnica-1-1024x632-1-1.png 1024w, https:\/\/dhg1h5j42swfq.cloudfront.net\/2021\/04\/15205809\/ficha-tecnica-1-1024x632-1-1-300x185.png 300w, https:\/\/dhg1h5j42swfq.cloudfront.net\/2021\/04\/15205809\/ficha-tecnica-1-1024x632-1-1-768x474.png 768w, https:\/\/dhg1h5j42swfq.cloudfront.net\/2021\/04\/15205809\/ficha-tecnica-1-1024x632-1-1-610x376.png 610w\" sizes=\"auto, (max-width: 1024px) 100vw, 1024px\" \/><\/figure>\n\n\n\n<h3 class=\"wp-block-heading\" id=\"ficha\">Informa\u00e7\u00f5es do concurso ITERJ<\/h3>\n\n\n\n<ul class=\"wp-block-list\">\n<li><strong>Data prevista: <\/strong>2025\/2026<\/li>\n\n\n\n<li><strong>Vagas:&nbsp;<\/strong>a definir<\/li>\n\n\n\n<li><strong>Cargo:<\/strong>&nbsp;a definir<\/li>\n\n\n\n<li><strong>Escolaridade:<\/strong> n\u00edveis m\u00e9dio e superior<\/li>\n\n\n\n<li><strong>Banca:&nbsp;<\/strong>a definir<\/li>\n\n\n\n<li><strong>Edital:<\/strong> <a href=\"https:\/\/dhg1h5j42swfq.cloudfront.net\/2024\/03\/26071432\/concurso-iterj-rj-edital-2011.pdf\" target=\"_blank\" rel=\"noreferrer noopener nofollow\">ITERJ 2011<\/a><\/li>\n<\/ul>\n","protected":false},"excerpt":{"rendered":"<p>Um novo concurso ITERJ (Instituto de Terras e Cartografia do Estado do Rio de Janeiro) poder\u00e1 ser realizado em breve. Isso porque foi publicada em mar\u00e7o de 2024, no Di\u00e1rio Oficial do Estado, uma solicita\u00e7\u00e3o legislativa para que o governador Cl\u00e1udio Castro autorize uma sele\u00e7\u00e3o para o preenchimento de vagas no Instituto. Ainda n\u00e3o h\u00e1 [&hellip;]<\/p>\n","protected":false},"author":1,"featured_media":1375161,"comment_status":"open","ping_status":"closed","sticky":false,"template":"","format":"standard","meta":{"post_tipo":"news_page","footnotes":""},"categories":[214992],"tags":[],"tax_estado":[219982],"class_list":["post-1374885","post","type-post","status-publish","format-standard","has-post-thumbnail","hentry","category-concursos-administrativos","tax_estado-rj"],"acf":[],"yoast_head":"<!-- This site is optimized with the Yoast SEO Premium plugin v27.2 (Yoast SEO v27.2) - https:\/\/yoast.com\/product\/yoast-seo-premium-wordpress\/ -->\n<title>Concurso ITERJ: ap\u00f3s 13 anos, novo edital \u00e9 solicitado<\/title>\n<meta name=\"description\" content=\"Foi solicitado um novo concurso ITERJ para provimento de vagas aos cargos vagos. \u00daltimo edital aconteceu em 2011 e ofertou 104 vagas!\" \/>\n<meta name=\"robots\" content=\"index, follow, max-snippet:-1, max-image-preview:large, max-video-preview:-1\" \/>\n<link rel=\"canonical\" href=\"https:\/\/www.estrategiaconcursos.com.br\/blog\/concurso-iterj\/\" \/>\n<meta property=\"og:locale\" content=\"pt_BR\" \/>\n<meta property=\"og:type\" content=\"article\" \/>\n<meta property=\"og:title\" content=\"Concurso ITERJ: ap\u00f3s 13 anos, novo edital \u00e9 solicitado\" \/>\n<meta property=\"og:description\" content=\"Foi solicitado um novo concurso ITERJ para provimento de vagas aos cargos vagos. \u00daltimo edital aconteceu em 2011 e ofertou 104 vagas!\" \/>\n<meta property=\"og:url\" content=\"https:\/\/www.estrategiaconcursos.com.br\/blog\/concurso-iterj\/\" \/>\n<meta property=\"og:site_name\" content=\"Estrat\u00e9gia Concursos\" \/>\n<meta property=\"article:author\" content=\"https:\/\/www.facebook.com\/EstrategiaConcursos\" \/>\n<meta property=\"article:published_time\" content=\"2025-08-26T10:08:00+00:00\" \/>\n<meta property=\"article:modified_time\" content=\"2025-10-23T16:10:07+00:00\" \/>\n<meta property=\"og:image\" content=\"https:\/\/dhg1h5j42swfq.cloudfront.net\/2024\/03\/26130641\/iterj.jpg\" \/>\n\t<meta property=\"og:image:width\" content=\"768\" \/>\n\t<meta property=\"og:image:height\" content=\"432\" \/>\n\t<meta property=\"og:image:type\" content=\"image\/jpeg\" \/>\n<meta name=\"author\" content=\"Coordena\u00e7\u00e3o\" \/>\n<meta name=\"twitter:card\" content=\"summary_large_image\" \/>\n<meta name=\"twitter:creator\" content=\"@EstratConcursos\" \/>\n<meta name=\"twitter:site\" content=\"@EstratConcursos\" \/>\n<meta name=\"twitter:label1\" content=\"Escrito por\" \/>\n\t<meta name=\"twitter:data1\" content=\"Coordena\u00e7\u00e3o\" \/>\n\t<meta name=\"twitter:label2\" content=\"Est. tempo de leitura\" \/>\n\t<meta name=\"twitter:data2\" content=\"3 minutos\" \/>\n<script type=\"application\/ld+json\" class=\"yoast-schema-graph\">{\"@context\":\"https:\/\/schema.org\",\"@graph\":[{\"@type\":\"NewsArticle\",\"@id\":\"https:\/\/www.estrategiaconcursos.com.br\/blog\/concurso-iterj\/#article\",\"isPartOf\":{\"@id\":\"https:\/\/www.estrategiaconcursos.com.br\/blog\/concurso-iterj\/\"},\"author\":{\"name\":\"Coordena\u00e7\u00e3o\",\"@id\":\"https:\/\/www.estrategiaconcursos.com.br\/blog\/#\/schema\/person\/b4a388c97673c5f483d72185668afa1f\"},\"headline\":\"Concurso ITERJ: ap\u00f3s 13 anos, novo edital \u00e9 solicitado\",\"datePublished\":\"2025-08-26T10:08:00+00:00\",\"dateModified\":\"2025-10-23T16:10:07+00:00\",\"mainEntityOfPage\":{\"@id\":\"https:\/\/www.estrategiaconcursos.com.br\/blog\/concurso-iterj\/\"},\"wordCount\":619,\"commentCount\":0,\"publisher\":{\"@id\":\"https:\/\/www.estrategiaconcursos.com.br\/blog\/#organization\"},\"image\":{\"@id\":\"https:\/\/www.estrategiaconcursos.com.br\/blog\/concurso-iterj\/#primaryimage\"},\"thumbnailUrl\":\"https:\/\/dhg1h5j42swfq.cloudfront.net\/2024\/03\/26130641\/iterj.jpg\",\"articleSection\":[\"Executivo (Administrativa)\"],\"inLanguage\":\"pt-BR\",\"potentialAction\":[{\"@type\":\"CommentAction\",\"name\":\"Comment\",\"target\":[\"https:\/\/www.estrategiaconcursos.com.br\/blog\/concurso-iterj\/#respond\"]}],\"copyrightYear\":\"2025\",\"copyrightHolder\":{\"@id\":\"https:\/\/www.estrategiaconcursos.com.br\/blog\/#organization\"}},{\"@type\":\"WebPage\",\"@id\":\"https:\/\/www.estrategiaconcursos.com.br\/blog\/concurso-iterj\/\",\"url\":\"https:\/\/www.estrategiaconcursos.com.br\/blog\/concurso-iterj\/\",\"name\":\"Concurso ITERJ: ap\u00f3s 13 anos, novo edital \u00e9 solicitado\",\"isPartOf\":{\"@id\":\"https:\/\/www.estrategiaconcursos.com.br\/blog\/#website\"},\"primaryImageOfPage\":{\"@id\":\"https:\/\/www.estrategiaconcursos.com.br\/blog\/concurso-iterj\/#primaryimage\"},\"image\":{\"@id\":\"https:\/\/www.estrategiaconcursos.com.br\/blog\/concurso-iterj\/#primaryimage\"},\"thumbnailUrl\":\"https:\/\/dhg1h5j42swfq.cloudfront.net\/2024\/03\/26130641\/iterj.jpg\",\"datePublished\":\"2025-08-26T10:08:00+00:00\",\"dateModified\":\"2025-10-23T16:10:07+00:00\",\"description\":\"Foi solicitado um novo concurso ITERJ para provimento de vagas aos cargos vagos. \u00daltimo edital aconteceu em 2011 e ofertou 104 vagas!\",\"breadcrumb\":{\"@id\":\"https:\/\/www.estrategiaconcursos.com.br\/blog\/concurso-iterj\/#breadcrumb\"},\"inLanguage\":\"pt-BR\",\"potentialAction\":[{\"@type\":\"ReadAction\",\"target\":[\"https:\/\/www.estrategiaconcursos.com.br\/blog\/concurso-iterj\/\"]}]},{\"@type\":\"ImageObject\",\"inLanguage\":\"pt-BR\",\"@id\":\"https:\/\/www.estrategiaconcursos.com.br\/blog\/concurso-iterj\/#primaryimage\",\"url\":\"https:\/\/dhg1h5j42swfq.cloudfront.net\/2024\/03\/26130641\/iterj.jpg\",\"contentUrl\":\"https:\/\/dhg1h5j42swfq.cloudfront.net\/2024\/03\/26130641\/iterj.jpg\",\"width\":768,\"height\":432},{\"@type\":\"BreadcrumbList\",\"@id\":\"https:\/\/www.estrategiaconcursos.com.br\/blog\/concurso-iterj\/#breadcrumb\",\"itemListElement\":[{\"@type\":\"ListItem\",\"position\":1,\"name\":\"In\u00edcio\",\"item\":\"https:\/\/www.estrategiaconcursos.com.br\/blog\/\"},{\"@type\":\"ListItem\",\"position\":2,\"name\":\"Concurso ITERJ: ap\u00f3s 13 anos, novo edital \u00e9 solicitado\"}]},{\"@type\":\"WebSite\",\"@id\":\"https:\/\/www.estrategiaconcursos.com.br\/blog\/#website\",\"url\":\"https:\/\/www.estrategiaconcursos.com.br\/blog\/\",\"name\":\"Estrat\u00e9gia Concursos\",\"description\":\"O blog da Estrat\u00e9gia Concursos traz not\u00edcias sobre concursos e artigos de professores oferecendo cursos para concursos (pdf + videaulas) no site.\",\"publisher\":{\"@id\":\"https:\/\/www.estrategiaconcursos.com.br\/blog\/#organization\"},\"potentialAction\":[{\"@type\":\"SearchAction\",\"target\":{\"@type\":\"EntryPoint\",\"urlTemplate\":\"https:\/\/www.estrategiaconcursos.com.br\/blog\/?s={search_term_string}\"},\"query-input\":{\"@type\":\"PropertyValueSpecification\",\"valueRequired\":true,\"valueName\":\"search_term_string\"}}],\"inLanguage\":\"pt-BR\"},{\"@type\":\"Organization\",\"@id\":\"https:\/\/www.estrategiaconcursos.com.br\/blog\/#organization\",\"name\":\"Estrat\u00e9gia Concursos\",\"url\":\"https:\/\/www.estrategiaconcursos.com.br\/blog\/\",\"logo\":{\"@type\":\"ImageObject\",\"inLanguage\":\"pt-BR\",\"@id\":\"https:\/\/www.estrategiaconcursos.com.br\/blog\/#\/schema\/logo\/image\/\",\"url\":\"https:\/\/dhg1h5j42swfq.cloudfront.net\/2025\/06\/03203428\/logo_concursos-1.jpg\",\"contentUrl\":\"https:\/\/dhg1h5j42swfq.cloudfront.net\/2025\/06\/03203428\/logo_concursos-1.jpg\",\"width\":230,\"height\":60,\"caption\":\"Estrat\u00e9gia Concursos\"},\"image\":{\"@id\":\"https:\/\/www.estrategiaconcursos.com.br\/blog\/#\/schema\/logo\/image\/\"},\"sameAs\":[\"https:\/\/x.com\/EstratConcursos\"]},{\"@type\":\"Person\",\"@id\":\"https:\/\/www.estrategiaconcursos.com.br\/blog\/#\/schema\/person\/b4a388c97673c5f483d72185668afa1f\",\"name\":\"Coordena\u00e7\u00e3o\",\"image\":{\"@type\":\"ImageObject\",\"inLanguage\":\"pt-BR\",\"@id\":\"https:\/\/secure.gravatar.com\/avatar\/b720319e4c9a967eb58678d110f4fe35452fc5d5f97b202bac7b8acceb18c6ad?s=96&d=mm&r=g\",\"url\":\"https:\/\/secure.gravatar.com\/avatar\/b720319e4c9a967eb58678d110f4fe35452fc5d5f97b202bac7b8acceb18c6ad?s=96&d=mm&r=g\",\"contentUrl\":\"https:\/\/secure.gravatar.com\/avatar\/b720319e4c9a967eb58678d110f4fe35452fc5d5f97b202bac7b8acceb18c6ad?s=96&d=mm&r=g\",\"caption\":\"Coordena\u00e7\u00e3o\"},\"sameAs\":[\"https:\/\/www.facebook.com\/EstrategiaConcursos\",\"https:\/\/x.com\/EstratConcursos\"],\"url\":\"https:\/\/www.estrategiaconcursos.com.br\/blog\/author\/estrategia2013\/\"}]}<\/script>\n<!-- \/ Yoast SEO Premium plugin. -->","yoast_head_json":{"title":"Concurso ITERJ: ap\u00f3s 13 anos, novo edital \u00e9 solicitado","description":"Foi solicitado um novo concurso ITERJ para provimento de vagas aos cargos vagos. \u00daltimo edital aconteceu em 2011 e ofertou 104 vagas!","robots":{"index":"index","follow":"follow","max-snippet":"max-snippet:-1","max-image-preview":"max-image-preview:large","max-video-preview":"max-video-preview:-1"},"canonical":"https:\/\/www.estrategiaconcursos.com.br\/blog\/concurso-iterj\/","og_locale":"pt_BR","og_type":"article","og_title":"Concurso ITERJ: ap\u00f3s 13 anos, novo edital \u00e9 solicitado","og_description":"Foi solicitado um novo concurso ITERJ para provimento de vagas aos cargos vagos. \u00daltimo edital aconteceu em 2011 e ofertou 104 vagas!","og_url":"https:\/\/www.estrategiaconcursos.com.br\/blog\/concurso-iterj\/","og_site_name":"Estrat\u00e9gia Concursos","article_author":"https:\/\/www.facebook.com\/EstrategiaConcursos","article_published_time":"2025-08-26T10:08:00+00:00","article_modified_time":"2025-10-23T16:10:07+00:00","og_image":[{"width":768,"height":432,"url":"https:\/\/dhg1h5j42swfq.cloudfront.net\/2024\/03\/26130641\/iterj.jpg","type":"image\/jpeg"}],"author":"Coordena\u00e7\u00e3o","twitter_card":"summary_large_image","twitter_creator":"@EstratConcursos","twitter_site":"@EstratConcursos","twitter_misc":{"Escrito por":"Coordena\u00e7\u00e3o","Est. tempo de leitura":"3 minutos"},"schema":{"@context":"https:\/\/schema.org","@graph":[{"@type":"NewsArticle","@id":"https:\/\/www.estrategiaconcursos.com.br\/blog\/concurso-iterj\/#article","isPartOf":{"@id":"https:\/\/www.estrategiaconcursos.com.br\/blog\/concurso-iterj\/"},"author":{"name":"Coordena\u00e7\u00e3o","@id":"https:\/\/www.estrategiaconcursos.com.br\/blog\/#\/schema\/person\/b4a388c97673c5f483d72185668afa1f"},"headline":"Concurso ITERJ: ap\u00f3s 13 anos, novo edital \u00e9 solicitado","datePublished":"2025-08-26T10:08:00+00:00","dateModified":"2025-10-23T16:10:07+00:00","mainEntityOfPage":{"@id":"https:\/\/www.estrategiaconcursos.com.br\/blog\/concurso-iterj\/"},"wordCount":619,"commentCount":0,"publisher":{"@id":"https:\/\/www.estrategiaconcursos.com.br\/blog\/#organization"},"image":{"@id":"https:\/\/www.estrategiaconcursos.com.br\/blog\/concurso-iterj\/#primaryimage"},"thumbnailUrl":"https:\/\/dhg1h5j42swfq.cloudfront.net\/2024\/03\/26130641\/iterj.jpg","articleSection":["Executivo (Administrativa)"],"inLanguage":"pt-BR","potentialAction":[{"@type":"CommentAction","name":"Comment","target":["https:\/\/www.estrategiaconcursos.com.br\/blog\/concurso-iterj\/#respond"]}],"copyrightYear":"2025","copyrightHolder":{"@id":"https:\/\/www.estrategiaconcursos.com.br\/blog\/#organization"}},{"@type":"WebPage","@id":"https:\/\/www.estrategiaconcursos.com.br\/blog\/concurso-iterj\/","url":"https:\/\/www.estrategiaconcursos.com.br\/blog\/concurso-iterj\/","name":"Concurso ITERJ: ap\u00f3s 13 anos, novo edital \u00e9 solicitado","isPartOf":{"@id":"https:\/\/www.estrategiaconcursos.com.br\/blog\/#website"},"primaryImageOfPage":{"@id":"https:\/\/www.estrategiaconcursos.com.br\/blog\/concurso-iterj\/#primaryimage"},"image":{"@id":"https:\/\/www.estrategiaconcursos.com.br\/blog\/concurso-iterj\/#primaryimage"},"thumbnailUrl":"https:\/\/dhg1h5j42swfq.cloudfront.net\/2024\/03\/26130641\/iterj.jpg","datePublished":"2025-08-26T10:08:00+00:00","dateModified":"2025-10-23T16:10:07+00:00","description":"Foi solicitado um novo concurso ITERJ para provimento de vagas aos cargos vagos. \u00daltimo edital aconteceu em 2011 e ofertou 104 vagas!","breadcrumb":{"@id":"https:\/\/www.estrategiaconcursos.com.br\/blog\/concurso-iterj\/#breadcrumb"},"inLanguage":"pt-BR","potentialAction":[{"@type":"ReadAction","target":["https:\/\/www.estrategiaconcursos.com.br\/blog\/concurso-iterj\/"]}]},{"@type":"ImageObject","inLanguage":"pt-BR","@id":"https:\/\/www.estrategiaconcursos.com.br\/blog\/concurso-iterj\/#primaryimage","url":"https:\/\/dhg1h5j42swfq.cloudfront.net\/2024\/03\/26130641\/iterj.jpg","contentUrl":"https:\/\/dhg1h5j42swfq.cloudfront.net\/2024\/03\/26130641\/iterj.jpg","width":768,"height":432},{"@type":"BreadcrumbList","@id":"https:\/\/www.estrategiaconcursos.com.br\/blog\/concurso-iterj\/#breadcrumb","itemListElement":[{"@type":"ListItem","position":1,"name":"In\u00edcio","item":"https:\/\/www.estrategiaconcursos.com.br\/blog\/"},{"@type":"ListItem","position":2,"name":"Concurso ITERJ: ap\u00f3s 13 anos, novo edital \u00e9 solicitado"}]},{"@type":"WebSite","@id":"https:\/\/www.estrategiaconcursos.com.br\/blog\/#website","url":"https:\/\/www.estrategiaconcursos.com.br\/blog\/","name":"Estrat\u00e9gia Concursos","description":"O blog da Estrat\u00e9gia Concursos traz not\u00edcias sobre concursos e artigos de professores oferecendo cursos para concursos (pdf + videaulas) no site.","publisher":{"@id":"https:\/\/www.estrategiaconcursos.com.br\/blog\/#organization"},"potentialAction":[{"@type":"SearchAction","target":{"@type":"EntryPoint","urlTemplate":"https:\/\/www.estrategiaconcursos.com.br\/blog\/?s={search_term_string}"},"query-input":{"@type":"PropertyValueSpecification","valueRequired":true,"valueName":"search_term_string"}}],"inLanguage":"pt-BR"},{"@type":"Organization","@id":"https:\/\/www.estrategiaconcursos.com.br\/blog\/#organization","name":"Estrat\u00e9gia Concursos","url":"https:\/\/www.estrategiaconcursos.com.br\/blog\/","logo":{"@type":"ImageObject","inLanguage":"pt-BR","@id":"https:\/\/www.estrategiaconcursos.com.br\/blog\/#\/schema\/logo\/image\/","url":"https:\/\/dhg1h5j42swfq.cloudfront.net\/2025\/06\/03203428\/logo_concursos-1.jpg","contentUrl":"https:\/\/dhg1h5j42swfq.cloudfront.net\/2025\/06\/03203428\/logo_concursos-1.jpg","width":230,"height":60,"caption":"Estrat\u00e9gia Concursos"},"image":{"@id":"https:\/\/www.estrategiaconcursos.com.br\/blog\/#\/schema\/logo\/image\/"},"sameAs":["https:\/\/x.com\/EstratConcursos"]},{"@type":"Person","@id":"https:\/\/www.estrategiaconcursos.com.br\/blog\/#\/schema\/person\/b4a388c97673c5f483d72185668afa1f","name":"Coordena\u00e7\u00e3o","image":{"@type":"ImageObject","inLanguage":"pt-BR","@id":"https:\/\/secure.gravatar.com\/avatar\/b720319e4c9a967eb58678d110f4fe35452fc5d5f97b202bac7b8acceb18c6ad?s=96&d=mm&r=g","url":"https:\/\/secure.gravatar.com\/avatar\/b720319e4c9a967eb58678d110f4fe35452fc5d5f97b202bac7b8acceb18c6ad?s=96&d=mm&r=g","contentUrl":"https:\/\/secure.gravatar.com\/avatar\/b720319e4c9a967eb58678d110f4fe35452fc5d5f97b202bac7b8acceb18c6ad?s=96&d=mm&r=g","caption":"Coordena\u00e7\u00e3o"},"sameAs":["https:\/\/www.facebook.com\/EstrategiaConcursos","https:\/\/x.com\/EstratConcursos"],"url":"https:\/\/www.estrategiaconcursos.com.br\/blog\/author\/estrategia2013\/"}]}},"_links":{"self":[{"href":"https:\/\/www.estrategiaconcursos.com.br\/blog\/wp-json\/wp\/v2\/posts\/1374885","targetHints":{"allow":["GET"]}}],"collection":[{"href":"https:\/\/www.estrategiaconcursos.com.br\/blog\/wp-json\/wp\/v2\/posts"}],"about":[{"href":"https:\/\/www.estrategiaconcursos.com.br\/blog\/wp-json\/wp\/v2\/types\/post"}],"author":[{"embeddable":true,"href":"https:\/\/www.estrategiaconcursos.com.br\/blog\/wp-json\/wp\/v2\/users\/1"}],"replies":[{"embeddable":true,"href":"https:\/\/www.estrategiaconcursos.com.br\/blog\/wp-json\/wp\/v2\/comments?post=1374885"}],"version-history":[{"count":19,"href":"https:\/\/www.estrategiaconcursos.com.br\/blog\/wp-json\/wp\/v2\/posts\/1374885\/revisions"}],"predecessor-version":[{"id":1659766,"href":"https:\/\/www.estrategiaconcursos.com.br\/blog\/wp-json\/wp\/v2\/posts\/1374885\/revisions\/1659766"}],"wp:featuredmedia":[{"embeddable":true,"href":"https:\/\/www.estrategiaconcursos.com.br\/blog\/wp-json\/wp\/v2\/media\/1375161"}],"wp:attachment":[{"href":"https:\/\/www.estrategiaconcursos.com.br\/blog\/wp-json\/wp\/v2\/media?parent=1374885"}],"wp:term":[{"taxonomy":"category","embeddable":true,"href":"https:\/\/www.estrategiaconcursos.com.br\/blog\/wp-json\/wp\/v2\/categories?post=1374885"},{"taxonomy":"post_tag","embeddable":true,"href":"https:\/\/www.estrategiaconcursos.com.br\/blog\/wp-json\/wp\/v2\/tags?post=1374885"},{"taxonomy":"tax_estado","embeddable":true,"href":"https:\/\/www.estrategiaconcursos.com.br\/blog\/wp-json\/wp\/v2\/tax_estado?post=1374885"}],"curies":[{"name":"wp","href":"https:\/\/api.w.org\/{rel}","templated":true}]}}