{"id":1369892,"date":"2024-03-17T19:10:59","date_gmt":"2024-03-17T22:10:59","guid":{"rendered":"https:\/\/www.estrategiaconcursos.com.br\/blog\/?p=1369892"},"modified":"2024-03-17T21:59:13","modified_gmt":"2024-03-18T00:59:13","slug":"concurso-capes-gabarito-extraoficial","status":"publish","type":"post","link":"https:\/\/www.estrategiaconcursos.com.br\/blog\/concurso-capes-gabarito-extraoficial\/","title":{"rendered":"Concurso CAPES: gabarito extraoficial &#8211; analista em Ci\u00eancia e Tecnologia"},"content":{"rendered":"\n<p class=\"wp-embed-aspect-16-9 wp-has-aspect-ratio\">As provas objetivas do concurso do\u00a0<strong>concurso<\/strong>\u00a0CAPES foram aplicadas neste domingo (17\/03) e aqui voc\u00ea poder\u00e1 conferir o <strong>gabarito extraoficial<\/strong> para o cargo de a<strong>nalista em Ci\u00eancia e Tecnologia<\/strong>.<\/p>\n\n\n\n<p class=\"wp-embed-aspect-16-9 wp-has-aspect-ratio\">A corre\u00e7\u00e3o extraoficial estar\u00e1 dispon\u00edvel em v\u00eddeo (atrav\u00e9s do link abaixo) e tamb\u00e9m em texto, a partir da transcri\u00e7\u00e3o do enunciado das quest\u00f5es.<\/p>\n\n\n\n<ul class=\"wp-block-list\">\n<li><a href=\"https:\/\/dhg1h5j42swfq.cloudfront.net\/2024\/03\/17191039\/coordenacao-de-aperfeicoamento.pdf\"><strong>Caderno utilizado na corre\u00e7\u00e3o <\/strong><\/a><\/li>\n<\/ul>\n\n\n\n<p class=\"wp-embed-aspect-16-9 wp-has-aspect-ratio\">Veja a corre\u00e7\u00e3o dos especialistas do Estrat\u00e9gia Concursos e tenha uma melhor no\u00e7\u00e3o do seu desempenho na prova!<\/p>\n\n\n\n<h2 class=\"wp-block-heading has-text-align-center has-pale-cyan-blue-background-color has-background\" id=\"h-gabarito-extraoficial-capes-em-video\">Gabarito extraoficial CAPES em v\u00eddeo<\/h2>\n\n\n<figure class=\"wp-block-embed-youtube wp-block-embed is-type-video is-provider-youtube wp-embed-aspect-16-9 wp-has-aspect-ratio\"><div class=\"lyte-wrapper\" style=\"width:853px;max-width:100%;margin:5px;\"><div class=\"lyMe\" id=\"WYL__-i_6ph5EwM\"><div id=\"lyte__-i_6ph5EwM\" data-src=\"\/\/i.ytimg.com\/vi\/_-i_6ph5EwM\/hqdefault.jpg\" class=\"pL\"><div class=\"tC\"><div class=\"tT\"><\/div><\/div><div class=\"play\"><\/div><div class=\"ctrl\"><div class=\"Lctrl\"><\/div><div class=\"Rctrl\"><\/div><\/div><\/div><noscript><a href=\"https:\/\/youtu.be\/_-i_6ph5EwM\" rel=\"nofollow\"><img loading=\"lazy\" decoding=\"async\" src=\"https:\/\/i.ytimg.com\/vi\/_-i_6ph5EwM\/0.jpg\" alt=\"YouTube video thumbnail\" width=\"853\" height=\"460\" \/><br \/>Assista a este v\u00eddeo no YouTube<\/a><\/noscript><\/div><\/div><div class=\"lL\" style=\"max-width:100%;width:853px;margin:5px;\"><\/div><figcaption><\/figcaption><\/figure>\n\n\n<h2 class=\"wp-block-heading has-text-align-center has-pale-cyan-blue-background-color has-background\" id=\"h-gabarito-extraoficial-capes-em-texto\">Gabarito extraoficial CAPES em texto<\/h2>\n\n\n\n<ul class=\"wp-block-list\">\n<li>O termo &#8220;desconfort\u00e1vel&#8221;, no primeiro per\u00edodo&#8230;<\/li>\n\n\n\n<li>Gabarito: C<\/li>\n<\/ul>\n\n\n\n<ul class=\"wp-block-list\">\n<li>No segundo per\u00edodo do primeiro par\u00e1grafo, a substitui\u00e7\u00e3o&#8230;<\/li>\n\n\n\n<li>Gabarito: C<\/li>\n<\/ul>\n\n\n\n<ul class=\"wp-block-list\">\n<li>De acordo com o texto, vivemos em uma &#8220;sociedade&#8230;<\/li>\n\n\n\n<li>Gabarito: C<\/li>\n<\/ul>\n\n\n\n<ul class=\"wp-block-list\">\n<li>Segundo o texto, o estudo da hist\u00f3ria social&#8230;<\/li>\n\n\n\n<li>Gabarito: E<\/li>\n<\/ul>\n\n\n\n<ul class=\"wp-block-list\">\n<li>Entende-se do texto que o conceito de &#8220;sociedade&#8230;<\/li>\n\n\n\n<li>Gabarito: E<\/li>\n<\/ul>\n\n\n\n<ul class=\"wp-block-list\">\n<li>No \u00faltimo per\u00edodo do segundo par\u00e1grafo&#8230;<\/li>\n\n\n\n<li>Gabarito: E<\/li>\n<\/ul>\n\n\n\n<ul class=\"wp-block-list\">\n<li>As ora\u00e7\u00f5es que forma o \u00faltimo&#8230;<\/li>\n\n\n\n<li>Gabarito: E<\/li>\n<\/ul>\n\n\n\n<ul class=\"wp-block-list\">\n<li>O texto se caracteriza como predominante&#8230;<\/li>\n\n\n\n<li>Gabarito: C (cabe recurso)<\/li>\n<\/ul>\n\n\n\n<ul class=\"wp-block-list\">\n<li>O emprego do presente do indicativo do segundo par\u00e1grafo&#8230;<\/li>\n\n\n\n<li>Gabarito: E<\/li>\n<\/ul>\n\n\n\n<ul class=\"wp-block-list\">\n<li>Em &#8220;\u00e0 vida&#8221; (segundo per\u00edodo do primeiro par\u00e1grafo)&#8230;<\/li>\n\n\n\n<li>Gabarito: E<\/li>\n<\/ul>\n\n\n\n<ul class=\"wp-block-list\">\n<li>No \u00faltimo per\u00edodo do texto, as formas pronominais&#8230;<\/li>\n\n\n\n<li>Gabarito: C<\/li>\n<\/ul>\n\n\n\n<ul class=\"wp-block-list\">\n<li>Ao empregar o voc\u00e1bulo &#8220;se&#8221; em &#8220;n\u00e3o se poderiam&#8230;<\/li>\n\n\n\n<li>Gabarito: E<\/li>\n<\/ul>\n\n\n\n<ul class=\"wp-block-list\">\n<li>No texto, o autor atesta a import\u00e2ncia da argumenta\u00e7\u00e3o&#8230;<\/li>\n\n\n\n<li>Gabarito: C<\/li>\n<\/ul>\n\n\n\n<ul class=\"wp-block-list\">\n<li>The phrase &#8220;short for massive&#8221;&#8230;<\/li>\n\n\n\n<li>Gabarito: C<\/li>\n<\/ul>\n\n\n\n<ul class=\"wp-block-list\">\n<li>The verb &#8220;prompted&#8221;&#8230;<\/li>\n\n\n\n<li>Gabarito: E<\/li>\n<\/ul>\n\n\n\n<ul class=\"wp-block-list\">\n<li>The text can be described&#8230;<\/li>\n\n\n\n<li>Gabarito: E<\/li>\n<\/ul>\n\n\n\n<ul class=\"wp-block-list\">\n<li>According to third paragraph&#8230;<\/li>\n\n\n\n<li>Gabarito: E<\/li>\n<\/ul>\n\n\n\n<ul class=\"wp-block-list\">\n<li>It is correct to conclude from&#8230;<\/li>\n\n\n\n<li>Gabarito: C<\/li>\n<\/ul>\n\n\n\n<ul class=\"wp-block-list\">\n<li>O decreto n\u00ba 9.325\/2017 determina&#8230;<\/li>\n\n\n\n<li>Gabarito: E<\/li>\n<\/ul>\n\n\n\n<ul class=\"wp-block-list\">\n<li>Os atos administrativos de credenciamento&#8230;<\/li>\n\n\n\n<li>Gabarito: C<\/li>\n<\/ul>\n\n\n\n<ul class=\"wp-block-list\">\n<li>O arquivamento do processo regulat\u00f3rio&#8230;<\/li>\n\n\n\n<li>Gabarito: C<\/li>\n<\/ul>\n\n\n\n<ul class=\"wp-block-list\">\n<li>As fun\u00e7\u00f5es de supervis\u00e3o e de avalia\u00e7\u00e3o&#8230;<\/li>\n\n\n\n<li>Gabarito: E<\/li>\n<\/ul>\n\n\n\n<ul class=\"wp-block-list\">\n<li>Cabe ao Conselho Nacional de Desenvolvimento Cient\u00edfico e Tecnol\u00f3gico (CNPq) subsidiar&#8230;<\/li>\n\n\n\n<li>Gabarito: E<\/li>\n<\/ul>\n\n\n\n<ul class=\"wp-block-list\">\n<li>Cabe ao Conselho Nacional de Desenvolvimento Cient\u00edfico e Tecnol\u00f3gico (CNPq) credenciar&#8230;<\/li>\n\n\n\n<li>Gabarito: C<\/li>\n<\/ul>\n\n\n\n<ul class=\"wp-block-list\">\n<li>A Coordena\u00e7\u00e3o de Aperfei\u00e7oamento de Pessoal de N\u00edvel Superior (CAPES)&#8230;<\/li>\n\n\n\n<li>Gabarito: E<\/li>\n<\/ul>\n\n\n\n<ul class=\"wp-block-list\">\n<li>Universidades brasileiras regularmente credenciadas&#8230;<\/li>\n\n\n\n<li>Gabarito: E<\/li>\n<\/ul>\n\n\n\n<ul class=\"wp-block-list\">\n<li>Al\u00e9m dos cursos e programas de extens\u00e3o&#8230;<\/li>\n\n\n\n<li>Gabarito: C<\/li>\n<\/ul>\n\n\n\n<ul class=\"wp-block-list\">\n<li>Uma das finalidades da educa\u00e7\u00e3o superior&#8230;<\/li>\n\n\n\n<li>Gabarito: C<\/li>\n<\/ul>\n\n\n\n<ul class=\"wp-block-list\">\n<li>Uma das finalidades da educa\u00e7\u00e3o superior \u00e9 a sua aproxima\u00e7\u00e3o&#8230;<\/li>\n\n\n\n<li>Gabarito: C<\/li>\n<\/ul>\n\n\n\n<ul class=\"wp-block-list\">\n<li>Somente ser\u00e1 permitido o credenciamento de institui\u00e7\u00e3o de ensino superior&#8230;<\/li>\n\n\n\n<li>Gabarito: E<\/li>\n<\/ul>\n\n\n\n<ul class=\"wp-block-list\">\n<li>Cabe ao Minist\u00e9rio da Educa\u00e7\u00e3o, em articula\u00e7\u00e3o com&#8230;<\/li>\n\n\n\n<li>Gabarito: C<\/li>\n<\/ul>\n\n\n\n<ul class=\"wp-block-list\">\n<li>Pol\u00edtica p\u00fablica pode ser corretamente definida&#8230;<\/li>\n\n\n\n<li>Gabarito: C<\/li>\n<\/ul>\n\n\n\n<ul class=\"wp-block-list\">\n<li>No \u00e2mbito do conceito de pol\u00edtica p\u00fablica&#8230;<\/li>\n\n\n\n<li>Gabarito: E<\/li>\n<\/ul>\n\n\n\n<ul class=\"wp-block-list\">\n<li>A fase conhecida como identifica\u00e7\u00e3o&#8230;<\/li>\n\n\n\n<li>Gabarito: C<\/li>\n<\/ul>\n\n\n\n<ul class=\"wp-block-list\">\n<li>Pol\u00edticas distributivas , tais como regras para a seguran\u00e7a&#8230;<\/li>\n\n\n\n<li>Gabarito: E<\/li>\n<\/ul>\n\n\n\n<ul class=\"wp-block-list\">\n<li>A fase de avalia\u00e7\u00e3o de uma pol\u00edtica p\u00fablica&#8230;<\/li>\n\n\n\n<li>Gabarito: C<\/li>\n<\/ul>\n\n\n\n<ul class=\"wp-block-list\">\n<li>A decis\u00e3o da autoridade competente de realizar&#8230;<\/li>\n\n\n\n<li>Gabarito: C<\/li>\n<\/ul>\n\n\n\n<ul class=\"wp-block-list\">\n<li>No caso, a revoga\u00e7\u00e3o da decis\u00e3o do subordinado&#8230;<\/li>\n\n\n\n<li>Gabarito: E<\/li>\n<\/ul>\n\n\n\n<ul class=\"wp-block-list\">\n<li>A decis\u00e3o da autoridade superior foi acertada&#8230;<\/li>\n\n\n\n<li>Gabarito: E<\/li>\n<\/ul>\n\n\n\n<ul class=\"wp-block-list\">\n<li>Por expressa previs\u00e3o legal, a decis\u00e3o&#8230;<\/li>\n\n\n\n<li>Gabarito: E<\/li>\n<\/ul>\n\n\n\n<ul class=\"wp-block-list\">\n<li>As funda\u00e7\u00f5es p\u00fablicas s\u00e3o \u00f3rg\u00e3o despersonalizados&#8230;<\/li>\n\n\n\n<li>Gabaritos: C<\/li>\n<\/ul>\n\n\n\n<ul class=\"wp-block-list\">\n<li>O acesso \u00e0 informa\u00e7\u00e3o p\u00fablica decorre do direito \u00e0 publicidade&#8230;<\/li>\n\n\n\n<li>Gabarito: E<\/li>\n<\/ul>\n\n\n\n<ul class=\"wp-block-list\">\n<li>Embora garanta o recebimento de informa\u00e7\u00f5es&#8230;<\/li>\n\n\n\n<li>Gabarito: C<\/li>\n<\/ul>\n\n\n\n<ul class=\"wp-block-list\">\n<li>Segundo a tradicional classifica\u00e7\u00e3o da aplicabilidade&#8230;<\/li>\n\n\n\n<li>Gabarito: C<\/li>\n<\/ul>\n\n\n\n<ul class=\"wp-block-list\">\n<li>O sal\u00e1rio m\u00ednimo , direito do trabalhador&#8230;<\/li>\n\n\n\n<li>Gabarito: C<\/li>\n<\/ul>\n\n\n\n<ul class=\"wp-block-list\">\n<li>A norma constitucional que prev\u00ea o direito&#8230;<\/li>\n\n\n\n<li>Gabarito: C<\/li>\n<\/ul>\n\n\n\n<ul class=\"wp-block-list\">\n<li>Complete privativamente \u00e0 Uni\u00e3o&#8230;<\/li>\n\n\n\n<li>Gabarito: E<\/li>\n<\/ul>\n\n\n\n<ul class=\"wp-block-list\">\n<li>Aquele que exerce fun\u00e7\u00e3o p\u00fablica&#8230;<\/li>\n\n\n\n<li>Gabarito: E<\/li>\n<\/ul>\n\n\n\n<ul class=\"wp-block-list\">\n<li>Conforme a Lei n\u00ba 12.846\/2013, a responsabilidade&#8230;<\/li>\n\n\n\n<li>Gabarito: C<\/li>\n<\/ul>\n\n\n\n<ul class=\"wp-block-list\">\n<li>De acordo com a Lei n\u00ba. 8.112\/1190, a responsabilidade&#8230;<\/li>\n\n\n\n<li>Gabarito: E<\/li>\n<\/ul>\n\n\n\n<ul class=\"wp-block-list\">\n<li>Administra\u00e7\u00e3o p\u00fablica, em sentido subjetivo&#8230;<\/li>\n\n\n\n<li>Gabarito: E<\/li>\n<\/ul>\n\n\n\n<ul class=\"wp-block-list\">\n<li>Em sentido estrito, a administra\u00e7\u00e3o&#8230;<\/li>\n\n\n\n<li>Gabarito: C<\/li>\n<\/ul>\n\n\n\n<ul class=\"wp-block-list\">\n<li>Servi\u00e7o p\u00fablico \u00e9 toda atividade que a administra\u00e7\u00e3o&#8230;<\/li>\n\n\n\n<li>Gabarito: C<\/li>\n<\/ul>\n\n\n\n<ul class=\"wp-block-list\">\n<li>As entidades da administra\u00e7\u00e3o indireta&#8230;<\/li>\n\n\n\n<li>Gabarito: E<\/li>\n<\/ul>\n\n\n\n<ul class=\"wp-block-list\">\n<li>As entidades paraestatais s\u00e3o, em regra&#8230;<\/li>\n\n\n\n<li>Gabarito: E<\/li>\n<\/ul>\n\n\n\n<ul class=\"wp-block-list\">\n<li>As organiza\u00e7\u00f5es sociais prestam servi\u00e7o&#8230;<\/li>\n\n\n\n<li>Gabarito: E<\/li>\n<\/ul>\n\n\n\n<ul class=\"wp-block-list\">\n<li>A administra\u00e7\u00e3o p\u00fablica, no exerc\u00edcio no poder de pol\u00edcia&#8230;<\/li>\n\n\n\n<li>Gabarito: E<\/li>\n<\/ul>\n\n\n\n<ul class=\"wp-block-list\">\n<li>A discricionariedade existe como poder aut\u00f4nomo&#8230;<\/li>\n\n\n\n<li>Gabarito: E<\/li>\n<\/ul>\n\n\n\n<ul class=\"wp-block-list\">\n<li>Os atos normativos emanados do Poder Executivo&#8230;<\/li>\n\n\n\n<li>Gabarito: C<\/li>\n<\/ul>\n\n\n\n<ul class=\"wp-block-list\">\n<li>Em raz\u00e3o da tipicidade&#8230;<\/li>\n\n\n\n<li>Gabarito: C<\/li>\n<\/ul>\n\n\n\n<ul class=\"wp-block-list\">\n<li>Os elementos do ato administrativo&#8230;<\/li>\n\n\n\n<li>Gabarito: C<\/li>\n<\/ul>\n\n\n\n<ul class=\"wp-block-list\">\n<li>A investidura em cargo p\u00fablico ocorre&#8230;<\/li>\n\n\n\n<li>Gabarito: C<\/li>\n<\/ul>\n\n\n\n<ul class=\"wp-block-list\">\n<li>Adquirir\u00e1 estabilidade o servidor que&#8230;<\/li>\n\n\n\n<li>Gabarito: E<\/li>\n<\/ul>\n\n\n\n<ul class=\"wp-block-list\">\n<li>\u00c9 dever dos administrados prestar contar concernentes ao interesse&#8230;<\/li>\n\n\n\n<li>Gabarito: E<\/li>\n<\/ul>\n\n\n\n<ul class=\"wp-block-list\">\n<li>A finalidade do controle \u00e9 assegurar que a administra\u00e7\u00e3o&#8230;<\/li>\n\n\n\n<li>Gabarito: C<\/li>\n<\/ul>\n\n\n\n<ul class=\"wp-block-list\">\n<li>O controle interno se distingue do externo&#8230;<\/li>\n\n\n\n<li>Gabarito: C<\/li>\n<\/ul>\n\n\n\n<ul class=\"wp-block-list\">\n<li>Configura improbidade a a\u00e7\u00e3o ou omiss\u00e3o&#8230;<\/li>\n\n\n\n<li>Gabarito: E<\/li>\n<\/ul>\n\n\n\n<ul class=\"wp-block-list\">\n<li>Constitui ato de improbidade&#8230;<\/li>\n\n\n\n<li>Gabarito: C<\/li>\n<\/ul>\n\n\n\n<ul class=\"wp-block-list\">\n<li>A responsabilidade civil do Estado consiste na sua obriga\u00e7\u00e3o&#8230;<\/li>\n\n\n\n<li>Gabarito: C<\/li>\n<\/ul>\n\n\n\n<ul class=\"wp-block-list\">\n<li>\u00c9 proibido negar acesso \u00e0 informa\u00e7\u00e3o&#8230;<\/li>\n\n\n\n<li>Gabarito: C<\/li>\n<\/ul>\n\n\n\n<ul class=\"wp-block-list\">\n<li>O acesso \u00e0 informa\u00e7\u00e3o&#8230;<\/li>\n\n\n\n<li>Gabarito: E<\/li>\n<\/ul>\n\n\n\n<ul class=\"wp-block-list\">\n<li>O poder p\u00fablico pode coletar e tratar&#8230;<\/li>\n\n\n\n<li>Gabarito: C<\/li>\n<\/ul>\n\n\n\n<ul class=\"wp-block-list\">\n<li>As san\u00e7\u00f5es previstas LGPD n\u00e3o&#8230;<\/li>\n\n\n\n<li>Gabarito: E<\/li>\n<\/ul>\n\n\n\n<ul class=\"wp-block-list\">\n<li>No processo evolutivo da administra\u00e7\u00e3o&#8230;<\/li>\n\n\n\n<li>Gabarito: E<\/li>\n<\/ul>\n\n\n\n<ul class=\"wp-block-list\">\n<li>A teoria comportamental da administra\u00e7\u00e3o agregou&#8230;<\/li>\n\n\n\n<li>Gabarito:  E<\/li>\n<\/ul>\n\n\n\n<ul class=\"wp-block-list\">\n<li>Prestar servi\u00e7os p\u00fablicos de melhor qualidade&#8230;<\/li>\n\n\n\n<li>Gabarito:  C<\/li>\n<\/ul>\n\n\n\n<ul class=\"wp-block-list\">\n<li>A eleva\u00e7\u00e3o dos n\u00edveis de produtividade&#8230;<\/li>\n\n\n\n<li>Gabarito: C<\/li>\n<\/ul>\n\n\n\n<ul class=\"wp-block-list\">\n<li>Organiza\u00e7\u00e3o \u00e9 a fun\u00e7\u00e3o de administra\u00e7\u00e3o&#8230;<\/li>\n\n\n\n<li>Gabarito:  E<\/li>\n<\/ul>\n\n\n\n<ul class=\"wp-block-list\">\n<li>Na an\u00e1lise SWOT de uma institui\u00e7\u00e3o educacional&#8230;<\/li>\n\n\n\n<li>Gabarito: E<\/li>\n<\/ul>\n\n\n\n<ul class=\"wp-block-list\">\n<li>Suponha que, no s\u00edtio eletr\u00f4nico de determinada&#8230;<\/li>\n\n\n\n<li>Gabarito: C<\/li>\n<\/ul>\n\n\n\n<ul class=\"wp-block-list\">\n<li>A capacidade de um gestor orientar e supervisionar&#8230;<\/li>\n\n\n\n<li>Gabarito: C<\/li>\n<\/ul>\n\n\n\n<ul class=\"wp-block-list\">\n<li>De acordo com a metodologia balanced scorecard&#8230;<\/li>\n\n\n\n<li>Gabarito: E<\/li>\n<\/ul>\n\n\n\n<ul class=\"wp-block-list\">\n<li>Uma empresa que se dedica a prestar&#8230;<\/li>\n\n\n\n<li>Gabarito: E<\/li>\n<\/ul>\n\n\n\n<ul class=\"wp-block-list\">\n<li>Fatores como intelig\u00eancia, n\u00edvel social, costumes e cren\u00e7as&#8230;<\/li>\n\n\n\n<li>Gabarito: C<\/li>\n<\/ul>\n\n\n\n<ul class=\"wp-block-list\">\n<li>Os planos elaborados pelas unidades funcionais&#8230;<\/li>\n\n\n\n<li>Gabarito: C<\/li>\n<\/ul>\n\n\n\n<ul class=\"wp-block-list\">\n<li>O planejamento operacional de uma institui\u00e7\u00e3o&#8230;<\/li>\n\n\n\n<li>Gabarito: C<\/li>\n<\/ul>\n\n\n\n<ul class=\"wp-block-list\">\n<li>A motiva\u00e7\u00e3o dos colaboradores da uma organiza\u00e7\u00e3o&#8230;<\/li>\n\n\n\n<li>Gabarito: E<\/li>\n<\/ul>\n\n\n\n<ul class=\"wp-block-list\">\n<li>As culturas organizacionais s\u00e3o relativamente&#8230;<\/li>\n\n\n\n<li>Gabarito: C<\/li>\n<\/ul>\n\n\n\n<ul class=\"wp-block-list\">\n<li>A departamentaliza\u00e7\u00e3o territorial \u00e9 recomend\u00e1vel&#8230;<\/li>\n\n\n\n<li>Gabarito: C<\/li>\n<\/ul>\n\n\n\n<ul class=\"wp-block-list\">\n<li>A organiza\u00e7\u00e3o informal \u00e9 constitu\u00edda&#8230;<\/li>\n\n\n\n<li>Gabarito: E<\/li>\n<\/ul>\n\n\n\n<ul class=\"wp-block-list\">\n<li>Nas estruturas organizacionais verticalizadas&#8230;<\/li>\n\n\n\n<li>Gabarito: E<\/li>\n<\/ul>\n\n\n\n<ul class=\"wp-block-list\">\n<li>Em uma organiza\u00e7\u00e3o, a integra\u00e7\u00e3o entre comunica\u00e7\u00e3o&#8230;<\/li>\n\n\n\n<li>Gabarito: C<\/li>\n<\/ul>\n\n\n\n<ul class=\"wp-block-list\">\n<li>Os controles estrat\u00e9gicos de uma organiza\u00e7\u00e3o&#8230;<\/li>\n\n\n\n<li>Gabarito: E<\/li>\n<\/ul>\n\n\n\n<ul class=\"wp-block-list\">\n<li>Um controle organizacional adequadamente estabelecido&#8230;<\/li>\n\n\n\n<li>Gabarito: C<\/li>\n<\/ul>\n\n\n\n<ul class=\"wp-block-list\">\n<li>Para que a delega\u00e7\u00e3o de autoridade ocorra de maneira&#8230;<\/li>\n\n\n\n<li>Gabarito: E<\/li>\n<\/ul>\n\n\n\n<ul class=\"wp-block-list\">\n<li>Um adequado sistema de controle&#8230;<\/li>\n\n\n\n<li>Gabarito: E<\/li>\n<\/ul>\n\n\n\n<ul class=\"wp-block-list\">\n<li>Os itens relacionados \u00e0 indispensabilidade ou ao grau de &#8230;<\/li>\n\n\n\n<li>Gabarito: C<\/li>\n<\/ul>\n\n\n\n<ul class=\"wp-block-list\">\n<li>Caso Am\u00e9lia classifique os itens em fun\u00e7\u00e3o do atributo&#8230;<\/li>\n\n\n\n<li>Gabarito: C<\/li>\n<\/ul>\n\n\n\n<ul class=\"wp-block-list\">\n<li>Ao classificar os materiais para organiz\u00e1-los&#8230;<\/li>\n\n\n\n<li>Gabarito: E<\/li>\n<\/ul>\n\n\n\n<ul class=\"wp-block-list\">\n<li>Se Am\u00e9lia optar por classificar os itens&#8230;<\/li>\n\n\n\n<li>Gabarito: E<\/li>\n<\/ul>\n\n\n\n<ul class=\"wp-block-list\">\n<li>As resmas de papel A4&#8230;<\/li>\n\n\n\n<li>Gabarito: C<\/li>\n<\/ul>\n\n\n\n<ul class=\"wp-block-list\">\n<li>Os custos de riscos de estoques&#8230;<\/li>\n\n\n\n<li>Gabarito: C<\/li>\n<\/ul>\n\n\n\n<ul class=\"wp-block-list\">\n<li>Uma das fun\u00e7\u00f5es dos estoques \u00e9 proteger as organiza\u00e7\u00f5es&#8230;<\/li>\n\n\n\n<li>Gabarito:<\/li>\n<\/ul>\n\n\n\n<ul class=\"wp-block-list\">\n<li>Se, em determinadas organiza\u00e7\u00e3o, tenha sido&#8230;<\/li>\n\n\n\n<li>Gabarito: E<\/li>\n<\/ul>\n\n\n\n<ul class=\"wp-block-list\">\n<li>Os custos de falta de estoque ocorrem&#8230;<\/li>\n\n\n\n<li>Gabarito: E<\/li>\n<\/ul>\n\n\n\n<ul class=\"wp-block-list\">\n<li>De acordo com o m\u00e9todo da m\u00e9dia m\u00f3vel&#8230;<\/li>\n\n\n\n<li>Gabarito: C<\/li>\n<\/ul>\n\n\n\n<ul class=\"wp-block-list\">\n<li>A atua\u00e7\u00e3o de forma transparente nas compras p\u00fablicas&#8230;<\/li>\n\n\n\n<li>Gabarito: E<\/li>\n<\/ul>\n\n\n\n<ul class=\"wp-block-list\">\n<li>Al\u00e9m de dados e informa\u00e7\u00f5es tradicionais&#8230;<\/li>\n\n\n\n<li>Gabarito: C<\/li>\n<\/ul>\n\n\n\n<ul class=\"wp-block-list\">\n<li>Embora a dilig\u00eancia junto aos fornecedores&#8230;<\/li>\n\n\n\n<li>Gabarito: E<\/li>\n<\/ul>\n\n\n\n<ul class=\"wp-block-list\">\n<li>Uma das utilidades da estrutura centralizada&#8230;<\/li>\n\n\n\n<li>Gabarito: C<\/li>\n<\/ul>\n\n\n\n<ul class=\"wp-block-list\">\n<li>As compras do setor p\u00fablico diferem&#8230;<\/li>\n\n\n\n<li>Gabarito: E<\/li>\n<\/ul>\n\n\n\n<ul class=\"wp-block-list\">\n<li>Caso o objeto de licita\u00e7\u00e3o seja a execu\u00e7\u00e3o&#8230;<\/li>\n\n\n\n<li>Gabarito: E<\/li>\n<\/ul>\n\n\n\n<ul class=\"wp-block-list\">\n<li>Para fins de elabora\u00e7\u00e3o de edital&#8230;<\/li>\n\n\n\n<li>Gabarito: C<\/li>\n<\/ul>\n\n\n\n<ul class=\"wp-block-list\">\n<li>Quando da elabora\u00e7\u00e3o do edital de licita\u00e7\u00e3o&#8230;<\/li>\n\n\n\n<li>Gabarito: E<\/li>\n<\/ul>\n\n\n\n<ul class=\"wp-block-list\">\n<li>Em se tratando de contrata\u00e7\u00e3o para a elabora\u00e7\u00e3o&#8230;<\/li>\n\n\n\n<li>Gabarito: C<\/li>\n<\/ul>\n\n\n\n<ul class=\"wp-block-list\">\n<li>A infesta\u00e7\u00e3o total de uma mesa de escrit\u00f3rio&#8230;<\/li>\n\n\n\n<li>Gabarito: C<\/li>\n<\/ul>\n\n\n\n<ul class=\"wp-block-list\">\n<li>No tombamento do bem patrimonial&#8230;<\/li>\n\n\n\n<li>Gabarito: E<\/li>\n<\/ul>\n\n\n\n<ul class=\"wp-block-list\">\n<li>A ocorr\u00eancia de sinistro que envolva&#8230;<\/li>\n\n\n\n<li>Gabarito: E<\/li>\n<\/ul>\n\n\n\n<ul class=\"wp-block-list\">\n<li>Quando o levantamento de todos os bens patrimoniais&#8230;<\/li>\n\n\n\n<li>Gabarito: C<\/li>\n<\/ul>\n\n\n\n<ul class=\"wp-block-list\">\n<li>A movimenta\u00e7\u00e3o de bens patrimoniais&#8230;<\/li>\n\n\n\n<li>Gabarito: E<\/li>\n<\/ul>\n\n\n\n<p class=\"has-text-align-center\"><em>Quer saber mais informa\u00e7\u00f5es sobre o concurso do CAPES? Ent\u00e3o confira o nosso artigo completo<\/em>:<\/p>\n\n\n\n<p class=\"has-text-align-center has-cyan-bluish-gray-background-color has-background\" style=\"font-size:clamp(14.642px, 0.915rem + ((1vw - 3.2px) * 0.721), 22px);\"><a href=\"https:\/\/www.estrategiaconcursos.com.br\/blog\/concurso-capes\/\" target=\"_blank\" rel=\"noreferrer noopener\"><strong>Mais informa\u00e7\u00f5es sobre o concurso CAPES<\/strong><\/a><\/p>\n\n\n\n<hr class=\"wp-block-separator has-alpha-channel-opacity\"\/>\n\n\n\n<h2 class=\"wp-block-heading has-text-align-center\" id=\"estudar\"><em>Quer estudar para o concurso CAPES com o l\u00edder de aprova\u00e7\u00f5es?<\/em><\/h2>\n\n\n\n<div class=\"container\" id=\"boxes\">\n  <div class=\"row\">\n\n    <div class=\"col-sm\">\n      <div class=\"banner-estrategia\" id=\"box-assinatura\">\n        <h3 class=\"titulo-assinatura\">Cursos para concursos<\/h3>\n        <p class=\"subtitulo-assinatura\">Conhe\u00e7a os cursos<\/p>\n        <div class=\"box-botao\">\n          <a class=\"btn-assinatura\" target=\"_blank\" href=\"https:\/\/www.estrategiaconcursos.com.br\/cursos\/\" role=\"button\" rel=\"noopener noreferrer\">Conhe\u00e7a mais<\/a>\n        <\/div>\n      <\/div>\n     \n    <\/div>\n\n  <\/div>\n<\/div>\n\n\n\n<div class=\"container\" id=\"boxes\">\n  <div class=\"row\">\n\n    <div class=\"col-sm\">\n      <div class=\"estrategia\" id=\"box-assinatura\">\n        <h3 class=\"titulo-assinatura\">Assinatura Concursos<\/h3>\n        <p class=\"subtitulo-assinatura\">Assinatura de 1 ano ou 2 anos<\/p>\n        <div class=\"box-botao\">\n          <a class=\"btn-assinatura\" target=\"_blank\" href=\"https:\/\/www.estrategiaconcursos.com.br\/assinaturas\/\" role=\"button\" rel=\"noopener noreferrer\">ASSINE AGORA<\/a>\n        <\/div>\n      <\/div><\/div><\/div><\/div>\n\n\n\n<figure class=\"wp-block-image aligncenter is-resized\"><a href=\"https:\/\/www.redirectmais.com\/run\/capes-info\" target=\"_blank\" rel=\"noreferrer noopener\"><img loading=\"lazy\" decoding=\"async\" width=\"1019\" height=\"1024\" src=\"https:\/\/dhg1h5j42swfq.cloudfront.net\/2023\/11\/16100638\/whatsapp-icone-3-1019x1024.png\" alt=\"\" class=\"wp-image-1307701\" style=\"width:126px;height:auto\" srcset=\"https:\/\/dhg1h5j42swfq.cloudfront.net\/2023\/11\/16100638\/whatsapp-icone-3-1019x1024.png 1019w, https:\/\/dhg1h5j42swfq.cloudfront.net\/2023\/11\/16100638\/whatsapp-icone-3-300x300.png 300w, https:\/\/dhg1h5j42swfq.cloudfront.net\/2023\/11\/16100638\/whatsapp-icone-3-150x151.png 150w, https:\/\/dhg1h5j42swfq.cloudfront.net\/2023\/11\/16100638\/whatsapp-icone-3-768x771.png 768w, https:\/\/dhg1h5j42swfq.cloudfront.net\/2023\/11\/16100638\/whatsapp-icone-3-610x613.png 610w, https:\/\/dhg1h5j42swfq.cloudfront.net\/2023\/11\/16100638\/whatsapp-icone-3-96x96.png 96w, https:\/\/dhg1h5j42swfq.cloudfront.net\/2023\/11\/16100638\/whatsapp-icone-3.png 1100w\" sizes=\"auto, (max-width: 1019px) 100vw, 1019px\" \/><\/a><\/figure>\n\n\n\n<p class=\"has-text-align-center\"><strong><a href=\"https:\/\/www.redirectmais.com\/run\/capes-info\" target=\"_blank\" rel=\"noreferrer noopener\">Participe do nosso Grupo de Estudos gratuito do CAPES<\/a><\/strong><\/p>\n\n\n\n<h2 class=\"wp-block-heading has-text-align-center\" id=\"h-quer-saber-tudo-sobre-concursos-previstos-confira-nossos-artigos\">Quer saber tudo sobre concursos previstos?<br \/>Confira nossos artigos!<\/h2>\n\n\n\n<ul class=\"wp-block-list\">\n<li><a href=\"https:\/\/www.estrategiaconcursos.com.br\/blog\/concursos-abertos\/\" target=\"_blank\" rel=\"noreferrer noopener\">Concursos Abertos<\/a><\/li>\n\n\n\n<li><a href=\"https:\/\/www.estrategiaconcursos.com.br\/blog\/concursos-federais-2023\/\" target=\"_blank\" rel=\"noreferrer noopener\">Concursos Federais<\/a><\/li>\n\n\n\n<li><a href=\"https:\/\/www.estrategiaconcursos.com.br\/blog\/concursos-2024\/\" target=\"_blank\" rel=\"noreferrer noopener\">Concursos 2024<\/a><\/li>\n<\/ul>\n","protected":false},"excerpt":{"rendered":"<p>As provas objetivas do concurso do\u00a0concurso\u00a0CAPES foram aplicadas neste domingo (17\/03) e aqui voc\u00ea poder\u00e1 conferir o gabarito extraoficial para o cargo de analista em Ci\u00eancia e Tecnologia. A corre\u00e7\u00e3o extraoficial estar\u00e1 dispon\u00edvel em v\u00eddeo (atrav\u00e9s do link abaixo) e tamb\u00e9m em texto, a partir da transcri\u00e7\u00e3o do enunciado das quest\u00f5es. Veja a corre\u00e7\u00e3o dos [&hellip;]<\/p>\n","protected":false},"author":2319,"featured_media":1235250,"comment_status":"open","ping_status":"closed","sticky":false,"template":"","format":"standard","meta":{"post_tipo":"news","footnotes":""},"categories":[3766,214992],"tags":[],"tax_estado":[219963],"class_list":["post-1369892","post","type-post","status-publish","format-standard","has-post-thumbnail","hentry","category-educacional","category-concursos-administrativos","tax_estado-concursos-federais"],"acf":[],"yoast_head":"<!-- This site is optimized with the Yoast SEO Premium plugin v27.2 (Yoast SEO v27.2) - https:\/\/yoast.com\/product\/yoast-seo-premium-wordpress\/ -->\n<title>Concurso CAPES: gabarito extraoficial - analista em Ci\u00eancia e Tecnologia<\/title>\n<meta name=\"robots\" content=\"index, follow, max-snippet:-1, max-image-preview:large, max-video-preview:-1\" \/>\n<link rel=\"canonical\" href=\"https:\/\/www.estrategiaconcursos.com.br\/blog\/concurso-capes-gabarito-extraoficial\/\" \/>\n<meta property=\"og:locale\" content=\"pt_BR\" \/>\n<meta property=\"og:type\" content=\"article\" \/>\n<meta property=\"og:title\" content=\"Concurso CAPES: gabarito extraoficial - analista em Ci\u00eancia e Tecnologia\" \/>\n<meta property=\"og:description\" content=\"As provas objetivas do concurso do\u00a0concurso\u00a0CAPES foram aplicadas neste domingo (17\/03) e aqui voc\u00ea poder\u00e1 conferir o gabarito extraoficial para o cargo de analista em Ci\u00eancia e Tecnologia. A corre\u00e7\u00e3o extraoficial estar\u00e1 dispon\u00edvel em v\u00eddeo (atrav\u00e9s do link abaixo) e tamb\u00e9m em texto, a partir da transcri\u00e7\u00e3o do enunciado das quest\u00f5es. Veja a corre\u00e7\u00e3o dos [&hellip;]\" \/>\n<meta property=\"og:url\" content=\"https:\/\/www.estrategiaconcursos.com.br\/blog\/concurso-capes-gabarito-extraoficial\/\" \/>\n<meta property=\"og:site_name\" content=\"Estrat\u00e9gia Concursos\" \/>\n<meta property=\"article:published_time\" content=\"2024-03-17T22:10:59+00:00\" \/>\n<meta property=\"article:modified_time\" content=\"2024-03-18T00:59:13+00:00\" \/>\n<meta property=\"og:image\" content=\"https:\/\/dhg1h5j42swfq.cloudfront.net\/2023\/06\/20085008\/capes.jpg\" \/>\n\t<meta property=\"og:image:width\" content=\"768\" \/>\n\t<meta property=\"og:image:height\" content=\"432\" \/>\n\t<meta property=\"og:image:type\" content=\"image\/jpeg\" \/>\n<meta name=\"author\" content=\"Let\u00edcia Teixeira\" \/>\n<meta name=\"twitter:card\" content=\"summary_large_image\" \/>\n<meta name=\"twitter:creator\" content=\"@EstratConcursos\" \/>\n<meta name=\"twitter:site\" content=\"@EstratConcursos\" \/>\n<meta name=\"twitter:label1\" content=\"Escrito por\" \/>\n\t<meta name=\"twitter:data1\" content=\"Let\u00edcia Teixeira\" \/>\n\t<meta name=\"twitter:label2\" content=\"Est. tempo de leitura\" \/>\n\t<meta name=\"twitter:data2\" content=\"7 minutos\" \/>\n<script type=\"application\/ld+json\" class=\"yoast-schema-graph\">{\"@context\":\"https:\/\/schema.org\",\"@graph\":[{\"@type\":\"NewsArticle\",\"@id\":\"https:\/\/www.estrategiaconcursos.com.br\/blog\/concurso-capes-gabarito-extraoficial\/#article\",\"isPartOf\":{\"@id\":\"https:\/\/www.estrategiaconcursos.com.br\/blog\/concurso-capes-gabarito-extraoficial\/\"},\"author\":{\"name\":\"Let\u00edcia Teixeira\",\"@id\":\"https:\/\/www.estrategiaconcursos.com.br\/blog\/#\/schema\/person\/9b94727dcf4410f4a7931c83966c843b\"},\"headline\":\"Concurso CAPES: gabarito extraoficial &#8211; analista em Ci\u00eancia e Tecnologia\",\"datePublished\":\"2024-03-17T22:10:59+00:00\",\"dateModified\":\"2024-03-18T00:59:13+00:00\",\"mainEntityOfPage\":{\"@id\":\"https:\/\/www.estrategiaconcursos.com.br\/blog\/concurso-capes-gabarito-extraoficial\/\"},\"wordCount\":1367,\"commentCount\":0,\"publisher\":{\"@id\":\"https:\/\/www.estrategiaconcursos.com.br\/blog\/#organization\"},\"image\":{\"@id\":\"https:\/\/www.estrategiaconcursos.com.br\/blog\/concurso-capes-gabarito-extraoficial\/#primaryimage\"},\"thumbnailUrl\":\"https:\/\/dhg1h5j42swfq.cloudfront.net\/2023\/06\/20085008\/capes.jpg\",\"articleSection\":[\"Educa\u00e7\u00e3o\",\"Executivo (Administrativa)\"],\"inLanguage\":\"pt-BR\",\"potentialAction\":[{\"@type\":\"CommentAction\",\"name\":\"Comment\",\"target\":[\"https:\/\/www.estrategiaconcursos.com.br\/blog\/concurso-capes-gabarito-extraoficial\/#respond\"]}],\"copyrightYear\":\"2024\",\"copyrightHolder\":{\"@id\":\"https:\/\/www.estrategiaconcursos.com.br\/blog\/#organization\"}},{\"@type\":\"WebPage\",\"@id\":\"https:\/\/www.estrategiaconcursos.com.br\/blog\/concurso-capes-gabarito-extraoficial\/\",\"url\":\"https:\/\/www.estrategiaconcursos.com.br\/blog\/concurso-capes-gabarito-extraoficial\/\",\"name\":\"Concurso CAPES: gabarito extraoficial - analista em Ci\u00eancia e Tecnologia\",\"isPartOf\":{\"@id\":\"https:\/\/www.estrategiaconcursos.com.br\/blog\/#website\"},\"primaryImageOfPage\":{\"@id\":\"https:\/\/www.estrategiaconcursos.com.br\/blog\/concurso-capes-gabarito-extraoficial\/#primaryimage\"},\"image\":{\"@id\":\"https:\/\/www.estrategiaconcursos.com.br\/blog\/concurso-capes-gabarito-extraoficial\/#primaryimage\"},\"thumbnailUrl\":\"https:\/\/dhg1h5j42swfq.cloudfront.net\/2023\/06\/20085008\/capes.jpg\",\"datePublished\":\"2024-03-17T22:10:59+00:00\",\"dateModified\":\"2024-03-18T00:59:13+00:00\",\"breadcrumb\":{\"@id\":\"https:\/\/www.estrategiaconcursos.com.br\/blog\/concurso-capes-gabarito-extraoficial\/#breadcrumb\"},\"inLanguage\":\"pt-BR\",\"potentialAction\":[{\"@type\":\"ReadAction\",\"target\":[\"https:\/\/www.estrategiaconcursos.com.br\/blog\/concurso-capes-gabarito-extraoficial\/\"]}]},{\"@type\":\"ImageObject\",\"inLanguage\":\"pt-BR\",\"@id\":\"https:\/\/www.estrategiaconcursos.com.br\/blog\/concurso-capes-gabarito-extraoficial\/#primaryimage\",\"url\":\"https:\/\/dhg1h5j42swfq.cloudfront.net\/2023\/06\/20085008\/capes.jpg\",\"contentUrl\":\"https:\/\/dhg1h5j42swfq.cloudfront.net\/2023\/06\/20085008\/capes.jpg\",\"width\":768,\"height\":432,\"caption\":\"Edital CAPES\"},{\"@type\":\"BreadcrumbList\",\"@id\":\"https:\/\/www.estrategiaconcursos.com.br\/blog\/concurso-capes-gabarito-extraoficial\/#breadcrumb\",\"itemListElement\":[{\"@type\":\"ListItem\",\"position\":1,\"name\":\"In\u00edcio\",\"item\":\"https:\/\/www.estrategiaconcursos.com.br\/blog\/\"},{\"@type\":\"ListItem\",\"position\":2,\"name\":\"Concurso CAPES: gabarito extraoficial &#8211; analista em Ci\u00eancia e Tecnologia\"}]},{\"@type\":\"WebSite\",\"@id\":\"https:\/\/www.estrategiaconcursos.com.br\/blog\/#website\",\"url\":\"https:\/\/www.estrategiaconcursos.com.br\/blog\/\",\"name\":\"Estrat\u00e9gia Concursos\",\"description\":\"O blog da Estrat\u00e9gia Concursos traz not\u00edcias sobre concursos e artigos de professores oferecendo cursos para concursos (pdf + videaulas) no site.\",\"publisher\":{\"@id\":\"https:\/\/www.estrategiaconcursos.com.br\/blog\/#organization\"},\"potentialAction\":[{\"@type\":\"SearchAction\",\"target\":{\"@type\":\"EntryPoint\",\"urlTemplate\":\"https:\/\/www.estrategiaconcursos.com.br\/blog\/?s={search_term_string}\"},\"query-input\":{\"@type\":\"PropertyValueSpecification\",\"valueRequired\":true,\"valueName\":\"search_term_string\"}}],\"inLanguage\":\"pt-BR\"},{\"@type\":\"Organization\",\"@id\":\"https:\/\/www.estrategiaconcursos.com.br\/blog\/#organization\",\"name\":\"Estrat\u00e9gia Concursos\",\"url\":\"https:\/\/www.estrategiaconcursos.com.br\/blog\/\",\"logo\":{\"@type\":\"ImageObject\",\"inLanguage\":\"pt-BR\",\"@id\":\"https:\/\/www.estrategiaconcursos.com.br\/blog\/#\/schema\/logo\/image\/\",\"url\":\"https:\/\/dhg1h5j42swfq.cloudfront.net\/2025\/06\/03203428\/logo_concursos-1.jpg\",\"contentUrl\":\"https:\/\/dhg1h5j42swfq.cloudfront.net\/2025\/06\/03203428\/logo_concursos-1.jpg\",\"width\":230,\"height\":60,\"caption\":\"Estrat\u00e9gia Concursos\"},\"image\":{\"@id\":\"https:\/\/www.estrategiaconcursos.com.br\/blog\/#\/schema\/logo\/image\/\"},\"sameAs\":[\"https:\/\/x.com\/EstratConcursos\"]},{\"@type\":\"Person\",\"@id\":\"https:\/\/www.estrategiaconcursos.com.br\/blog\/#\/schema\/person\/9b94727dcf4410f4a7931c83966c843b\",\"name\":\"Let\u00edcia Teixeira\",\"image\":{\"@type\":\"ImageObject\",\"inLanguage\":\"pt-BR\",\"@id\":\"https:\/\/secure.gravatar.com\/avatar\/fb589b06b881e20b676d08f9d03226d1e3291ba2f90e751ddc9ccb21abf0244d?s=96&d=mm&r=g\",\"url\":\"https:\/\/secure.gravatar.com\/avatar\/fb589b06b881e20b676d08f9d03226d1e3291ba2f90e751ddc9ccb21abf0244d?s=96&d=mm&r=g\",\"contentUrl\":\"https:\/\/secure.gravatar.com\/avatar\/fb589b06b881e20b676d08f9d03226d1e3291ba2f90e751ddc9ccb21abf0244d?s=96&d=mm&r=g\",\"caption\":\"Let\u00edcia Teixeira\"},\"description\":\"Jornalista com experi\u00eancia de mais de quatro anos no segmento de concursos p\u00fablicos. Especializada em Narrativa Transm\u00eddia e Storytelling pela Universidade Cat\u00f3lica de Bras\u00edlia, com atua\u00e7\u00e3o nas \u00e1reas de SEO, conte\u00fado, Webwriting e Copywriting.\",\"url\":\"https:\/\/www.estrategiaconcursos.com.br\/blog\/author\/leticia-teixeiraestrategia-com\/\"}]}<\/script>\n<!-- \/ Yoast SEO Premium plugin. -->","yoast_head_json":{"title":"Concurso CAPES: gabarito extraoficial - analista em Ci\u00eancia e Tecnologia","robots":{"index":"index","follow":"follow","max-snippet":"max-snippet:-1","max-image-preview":"max-image-preview:large","max-video-preview":"max-video-preview:-1"},"canonical":"https:\/\/www.estrategiaconcursos.com.br\/blog\/concurso-capes-gabarito-extraoficial\/","og_locale":"pt_BR","og_type":"article","og_title":"Concurso CAPES: gabarito extraoficial - analista em Ci\u00eancia e Tecnologia","og_description":"As provas objetivas do concurso do\u00a0concurso\u00a0CAPES foram aplicadas neste domingo (17\/03) e aqui voc\u00ea poder\u00e1 conferir o gabarito extraoficial para o cargo de analista em Ci\u00eancia e Tecnologia. A corre\u00e7\u00e3o extraoficial estar\u00e1 dispon\u00edvel em v\u00eddeo (atrav\u00e9s do link abaixo) e tamb\u00e9m em texto, a partir da transcri\u00e7\u00e3o do enunciado das quest\u00f5es. Veja a corre\u00e7\u00e3o dos [&hellip;]","og_url":"https:\/\/www.estrategiaconcursos.com.br\/blog\/concurso-capes-gabarito-extraoficial\/","og_site_name":"Estrat\u00e9gia Concursos","article_published_time":"2024-03-17T22:10:59+00:00","article_modified_time":"2024-03-18T00:59:13+00:00","og_image":[{"width":768,"height":432,"url":"https:\/\/dhg1h5j42swfq.cloudfront.net\/2023\/06\/20085008\/capes.jpg","type":"image\/jpeg"}],"author":"Let\u00edcia Teixeira","twitter_card":"summary_large_image","twitter_creator":"@EstratConcursos","twitter_site":"@EstratConcursos","twitter_misc":{"Escrito por":"Let\u00edcia Teixeira","Est. tempo de leitura":"7 minutos"},"schema":{"@context":"https:\/\/schema.org","@graph":[{"@type":"NewsArticle","@id":"https:\/\/www.estrategiaconcursos.com.br\/blog\/concurso-capes-gabarito-extraoficial\/#article","isPartOf":{"@id":"https:\/\/www.estrategiaconcursos.com.br\/blog\/concurso-capes-gabarito-extraoficial\/"},"author":{"name":"Let\u00edcia Teixeira","@id":"https:\/\/www.estrategiaconcursos.com.br\/blog\/#\/schema\/person\/9b94727dcf4410f4a7931c83966c843b"},"headline":"Concurso CAPES: gabarito extraoficial &#8211; analista em Ci\u00eancia e Tecnologia","datePublished":"2024-03-17T22:10:59+00:00","dateModified":"2024-03-18T00:59:13+00:00","mainEntityOfPage":{"@id":"https:\/\/www.estrategiaconcursos.com.br\/blog\/concurso-capes-gabarito-extraoficial\/"},"wordCount":1367,"commentCount":0,"publisher":{"@id":"https:\/\/www.estrategiaconcursos.com.br\/blog\/#organization"},"image":{"@id":"https:\/\/www.estrategiaconcursos.com.br\/blog\/concurso-capes-gabarito-extraoficial\/#primaryimage"},"thumbnailUrl":"https:\/\/dhg1h5j42swfq.cloudfront.net\/2023\/06\/20085008\/capes.jpg","articleSection":["Educa\u00e7\u00e3o","Executivo (Administrativa)"],"inLanguage":"pt-BR","potentialAction":[{"@type":"CommentAction","name":"Comment","target":["https:\/\/www.estrategiaconcursos.com.br\/blog\/concurso-capes-gabarito-extraoficial\/#respond"]}],"copyrightYear":"2024","copyrightHolder":{"@id":"https:\/\/www.estrategiaconcursos.com.br\/blog\/#organization"}},{"@type":"WebPage","@id":"https:\/\/www.estrategiaconcursos.com.br\/blog\/concurso-capes-gabarito-extraoficial\/","url":"https:\/\/www.estrategiaconcursos.com.br\/blog\/concurso-capes-gabarito-extraoficial\/","name":"Concurso CAPES: gabarito extraoficial - analista em Ci\u00eancia e Tecnologia","isPartOf":{"@id":"https:\/\/www.estrategiaconcursos.com.br\/blog\/#website"},"primaryImageOfPage":{"@id":"https:\/\/www.estrategiaconcursos.com.br\/blog\/concurso-capes-gabarito-extraoficial\/#primaryimage"},"image":{"@id":"https:\/\/www.estrategiaconcursos.com.br\/blog\/concurso-capes-gabarito-extraoficial\/#primaryimage"},"thumbnailUrl":"https:\/\/dhg1h5j42swfq.cloudfront.net\/2023\/06\/20085008\/capes.jpg","datePublished":"2024-03-17T22:10:59+00:00","dateModified":"2024-03-18T00:59:13+00:00","breadcrumb":{"@id":"https:\/\/www.estrategiaconcursos.com.br\/blog\/concurso-capes-gabarito-extraoficial\/#breadcrumb"},"inLanguage":"pt-BR","potentialAction":[{"@type":"ReadAction","target":["https:\/\/www.estrategiaconcursos.com.br\/blog\/concurso-capes-gabarito-extraoficial\/"]}]},{"@type":"ImageObject","inLanguage":"pt-BR","@id":"https:\/\/www.estrategiaconcursos.com.br\/blog\/concurso-capes-gabarito-extraoficial\/#primaryimage","url":"https:\/\/dhg1h5j42swfq.cloudfront.net\/2023\/06\/20085008\/capes.jpg","contentUrl":"https:\/\/dhg1h5j42swfq.cloudfront.net\/2023\/06\/20085008\/capes.jpg","width":768,"height":432,"caption":"Edital CAPES"},{"@type":"BreadcrumbList","@id":"https:\/\/www.estrategiaconcursos.com.br\/blog\/concurso-capes-gabarito-extraoficial\/#breadcrumb","itemListElement":[{"@type":"ListItem","position":1,"name":"In\u00edcio","item":"https:\/\/www.estrategiaconcursos.com.br\/blog\/"},{"@type":"ListItem","position":2,"name":"Concurso CAPES: gabarito extraoficial &#8211; analista em Ci\u00eancia e Tecnologia"}]},{"@type":"WebSite","@id":"https:\/\/www.estrategiaconcursos.com.br\/blog\/#website","url":"https:\/\/www.estrategiaconcursos.com.br\/blog\/","name":"Estrat\u00e9gia Concursos","description":"O blog da Estrat\u00e9gia Concursos traz not\u00edcias sobre concursos e artigos de professores oferecendo cursos para concursos (pdf + videaulas) no site.","publisher":{"@id":"https:\/\/www.estrategiaconcursos.com.br\/blog\/#organization"},"potentialAction":[{"@type":"SearchAction","target":{"@type":"EntryPoint","urlTemplate":"https:\/\/www.estrategiaconcursos.com.br\/blog\/?s={search_term_string}"},"query-input":{"@type":"PropertyValueSpecification","valueRequired":true,"valueName":"search_term_string"}}],"inLanguage":"pt-BR"},{"@type":"Organization","@id":"https:\/\/www.estrategiaconcursos.com.br\/blog\/#organization","name":"Estrat\u00e9gia Concursos","url":"https:\/\/www.estrategiaconcursos.com.br\/blog\/","logo":{"@type":"ImageObject","inLanguage":"pt-BR","@id":"https:\/\/www.estrategiaconcursos.com.br\/blog\/#\/schema\/logo\/image\/","url":"https:\/\/dhg1h5j42swfq.cloudfront.net\/2025\/06\/03203428\/logo_concursos-1.jpg","contentUrl":"https:\/\/dhg1h5j42swfq.cloudfront.net\/2025\/06\/03203428\/logo_concursos-1.jpg","width":230,"height":60,"caption":"Estrat\u00e9gia Concursos"},"image":{"@id":"https:\/\/www.estrategiaconcursos.com.br\/blog\/#\/schema\/logo\/image\/"},"sameAs":["https:\/\/x.com\/EstratConcursos"]},{"@type":"Person","@id":"https:\/\/www.estrategiaconcursos.com.br\/blog\/#\/schema\/person\/9b94727dcf4410f4a7931c83966c843b","name":"Let\u00edcia Teixeira","image":{"@type":"ImageObject","inLanguage":"pt-BR","@id":"https:\/\/secure.gravatar.com\/avatar\/fb589b06b881e20b676d08f9d03226d1e3291ba2f90e751ddc9ccb21abf0244d?s=96&d=mm&r=g","url":"https:\/\/secure.gravatar.com\/avatar\/fb589b06b881e20b676d08f9d03226d1e3291ba2f90e751ddc9ccb21abf0244d?s=96&d=mm&r=g","contentUrl":"https:\/\/secure.gravatar.com\/avatar\/fb589b06b881e20b676d08f9d03226d1e3291ba2f90e751ddc9ccb21abf0244d?s=96&d=mm&r=g","caption":"Let\u00edcia Teixeira"},"description":"Jornalista com experi\u00eancia de mais de quatro anos no segmento de concursos p\u00fablicos. Especializada em Narrativa Transm\u00eddia e Storytelling pela Universidade Cat\u00f3lica de Bras\u00edlia, com atua\u00e7\u00e3o nas \u00e1reas de SEO, conte\u00fado, Webwriting e Copywriting.","url":"https:\/\/www.estrategiaconcursos.com.br\/blog\/author\/leticia-teixeiraestrategia-com\/"}]}},"_links":{"self":[{"href":"https:\/\/www.estrategiaconcursos.com.br\/blog\/wp-json\/wp\/v2\/posts\/1369892","targetHints":{"allow":["GET"]}}],"collection":[{"href":"https:\/\/www.estrategiaconcursos.com.br\/blog\/wp-json\/wp\/v2\/posts"}],"about":[{"href":"https:\/\/www.estrategiaconcursos.com.br\/blog\/wp-json\/wp\/v2\/types\/post"}],"author":[{"embeddable":true,"href":"https:\/\/www.estrategiaconcursos.com.br\/blog\/wp-json\/wp\/v2\/users\/2319"}],"replies":[{"embeddable":true,"href":"https:\/\/www.estrategiaconcursos.com.br\/blog\/wp-json\/wp\/v2\/comments?post=1369892"}],"version-history":[{"count":30,"href":"https:\/\/www.estrategiaconcursos.com.br\/blog\/wp-json\/wp\/v2\/posts\/1369892\/revisions"}],"predecessor-version":[{"id":1371793,"href":"https:\/\/www.estrategiaconcursos.com.br\/blog\/wp-json\/wp\/v2\/posts\/1369892\/revisions\/1371793"}],"wp:featuredmedia":[{"embeddable":true,"href":"https:\/\/www.estrategiaconcursos.com.br\/blog\/wp-json\/wp\/v2\/media\/1235250"}],"wp:attachment":[{"href":"https:\/\/www.estrategiaconcursos.com.br\/blog\/wp-json\/wp\/v2\/media?parent=1369892"}],"wp:term":[{"taxonomy":"category","embeddable":true,"href":"https:\/\/www.estrategiaconcursos.com.br\/blog\/wp-json\/wp\/v2\/categories?post=1369892"},{"taxonomy":"post_tag","embeddable":true,"href":"https:\/\/www.estrategiaconcursos.com.br\/blog\/wp-json\/wp\/v2\/tags?post=1369892"},{"taxonomy":"tax_estado","embeddable":true,"href":"https:\/\/www.estrategiaconcursos.com.br\/blog\/wp-json\/wp\/v2\/tax_estado?post=1369892"}],"curies":[{"name":"wp","href":"https:\/\/api.w.org\/{rel}","templated":true}]}}