{"id":1369868,"date":"2024-03-17T17:47:38","date_gmt":"2024-03-17T20:47:38","guid":{"rendered":"https:\/\/www.estrategiaconcursos.com.br\/blog\/?p=1369868"},"modified":"2024-03-17T18:30:06","modified_gmt":"2024-03-17T21:30:06","slug":"gabarito-extraoficial-emater-df-assistente-administrativo","status":"publish","type":"post","link":"https:\/\/www.estrategiaconcursos.com.br\/blog\/gabarito-extraoficial-emater-df-assistente-administrativo\/","title":{"rendered":"Gabarito extraoficial: EMATER DF Assistente Administrativo!"},"content":{"rendered":"\n<p>Neste domingo, 17 de mar\u00e7o de 2024, foram aplicadas as provas do <strong><\/strong><strong>concurso EMATER DF<\/strong> (<a href=\"https:\/\/www.estrategiaconcursos.com.br\/cursosPorConcurso\/empresa-de-assistencia-tecnica-e-extensao-rural-do-distrito-federal-emater-df\/\" target=\"_blank\" rel=\"noreferrer noopener\">Empresa de Assist\u00eancia T\u00e9cnica e Extens\u00e3o Rural do Distrito Federal<\/a>).<\/p>\n\n\n\n<p>Sob organiza\u00e7\u00e3o do\u00a0<a href=\"https:\/\/www.iades.com.br\/inscricao\/ProcessoSeletivo.aspx?id=a09780e9\" target=\"_blank\" rel=\"noreferrer noopener\">IADES<\/a>, a sele\u00e7\u00e3o oferta <strong>10 vagas imediatas<\/strong> e outras 14 para cadastro de reserva para Assistente Administrativo. O sal\u00e1rio inicial para a carreira \u00e9 de <strong>R$ 4.766,69<\/strong>, al\u00e9m de diversos benef\u00edcios. <\/p>\n\n\n\n<p>Com o objetivo de ajud\u00e1-los em todas as etapas do certame e, claro, diminuir um pouco a ansiedade para saber deu desempenho,\u00a0<strong>nossos professores realizaram o<\/strong>\u00a0<strong>gabarito extraoficial da prova<\/strong>.<\/p>\n\n\n\n<figure class=\"wp-block-table is-style-stripes\"><table><tbody><tr><td class=\"has-text-align-center\" data-align=\"center\"><strong>Disciplina<\/strong><\/td><td class=\"has-text-align-center\" data-align=\"center\"><strong>Professor<\/strong><\/td><\/tr><tr><td class=\"has-text-align-center\" data-align=\"center\">L\u00edngua Portuguesa e Reda\u00e7\u00e3o Oficial<\/td><td class=\"has-text-align-center\" data-align=\"center\">Felipe Luccas<\/td><\/tr><tr><td class=\"has-text-align-center\" data-align=\"center\">LGPD, LAI e Lei no 13.303\/2016 (Lei das Estatais)<\/td><td class=\"has-text-align-center\" data-align=\"center\">Herbert Almeida<\/td><\/tr><tr><td class=\"has-text-align-center\" data-align=\"center\">Sistema Eletr\u00f4nico de Informa\u00e7\u00f5es \u2010&nbsp;SEI<\/td><td class=\"has-text-align-center\" data-align=\"center\">Tiago Zanolla<\/td><\/tr><tr><td class=\"has-text-align-center\" data-align=\"center\">Lei Org\u00e2nica do Distrito Federal<\/td><td class=\"has-text-align-center\" data-align=\"center\">Rodrigo Francelino<\/td><\/tr><tr><td class=\"has-text-align-center\" data-align=\"center\">Lei&nbsp;Complementar n\u00b0 840\/2011<\/td><td class=\"has-text-align-center\" data-align=\"center\">Ant\u00f4nio Daud<\/td><\/tr><tr><td class=\"has-text-align-center\" data-align=\"center\">Decreto\u2010Lei no 5.452\/1943&nbsp;(Consolida\u00e7\u00e3o das Leis do Trabalho \u2013 CLT)<\/td><td class=\"has-text-align-center\" data-align=\"center\">Ant\u00f4nio Daud<\/td><\/tr><tr><td class=\"has-text-align-center\" data-align=\"center\">Estatuto Social e&nbsp;Regimento Interno da EMATER-DF + Decreto n\u00ba. 37.297\/2016 (C\u00f3digo de Conduta da Alta Administra\u00e7\u00e3o, o C\u00f3digo de \u00c9tica dos Servidores e Empregados P\u00fablicos Civis do Poder Executivo do Distrito Federal)<\/td><td class=\"has-text-align-center\" data-align=\"center\">G\u00e9ssica Ehle<\/td><\/tr><tr><td class=\"has-text-align-center\" data-align=\"center\">Realidade \u00e9tnica, social, hist\u00f3rica,&nbsp; geogr\u00e1fica, cultural, pol\u00edtica,&nbsp; econ\u00f4mica e de direitos humanos do&nbsp; DF e da RIDE<\/td><td class=\"has-text-align-center\" data-align=\"center\">Leandro Signori<\/td><\/tr><tr><td class=\"has-text-align-center\" data-align=\"center\">Objetivos de Desenvolvimento Sustent\u00e1vel da ONU \u2013 ODS ONU e Pol\u00edtica Nacional de Assist\u00eancia T\u00e9cnica e Extens\u00e3o Rural \u2013 PNATER. 10 Desenvolvimento Sustent\u00e1vel<\/td><td class=\"has-text-align-center\" data-align=\"center\">Andr\u00e9 Rocha<\/td><\/tr><tr><td class=\"has-text-align-center\" data-align=\"center\">Administra\u00e7\u00e3o<\/td><td class=\"has-text-align-center\" data-align=\"center\">Stefan Fantini<\/td><\/tr><tr><td class=\"has-text-align-center\" data-align=\"center\">No\u00e7\u00f5es de administra\u00e7\u00e3o financeira<\/td><td class=\"has-text-align-center\" data-align=\"center\">Paulo Portinho<\/td><\/tr><tr><td class=\"has-text-align-center\" data-align=\"center\">No\u00e7\u00f5es\u00a0de\u00a0arquivamento\u00a0e\u00a0procedimentos\u00a0administrativos<\/td><td class=\"has-text-align-center\" data-align=\"center\">Ricardo Campanario<\/td><\/tr><tr><td class=\"has-text-align-center\" data-align=\"center\">No\u00e7\u00f5es de administra\u00e7\u00e3o de material e de controle patrimonial<\/td><td class=\"has-text-align-center\" data-align=\"center\">Ricardo Campanario<\/td><\/tr><tr><td class=\"has-text-align-center\" data-align=\"center\">No\u00e7\u00f5es de Sa\u00fade e Seguran\u00e7a no Trabalho<\/td><td class=\"has-text-align-center\" data-align=\"center\">Mara Camisassa<\/td><\/tr><tr><td class=\"has-text-align-center\" data-align=\"center\">Reda\u00e7\u00e3o<\/td><td class=\"has-text-align-center\" data-align=\"center\">Rodolfo Gracioli<\/td><\/tr><\/tbody><\/table><\/figure>\n\n\n\n<p>Agora \u00e9 a hora! Confira seu desempenho no &#8220;<strong>Gabarito Extraoficial EMATER DF Assistente Administrativo<\/strong>&#8221; e ainda receba dicas de recursos, caso haja algum.<\/p>\n\n\n\n<h2 class=\"wp-block-heading\" id=\"h-gabarito-extraoficial-emater-df-assistente-administrativo\">Gabarito extraoficial EMATER DF Assistente Administrativo<\/h2>\n\n\n<figure class=\"wp-block-embed-youtube wp-block-embed is-type-video is-provider-youtube wp-embed-aspect-16-9 wp-has-aspect-ratio lyte-align aligncenter\"><div class=\"lyte-wrapper\" style=\"width:853px;max-width:100%;margin:5px;\"><div class=\"lyMe\" id=\"WYL_duGzA5QtXn8\"><div id=\"lyte_duGzA5QtXn8\" data-src=\"\/\/i.ytimg.com\/vi\/duGzA5QtXn8\/hqdefault.jpg\" class=\"pL\"><div class=\"tC\"><div class=\"tT\"><\/div><\/div><div class=\"play\"><\/div><div class=\"ctrl\"><div class=\"Lctrl\"><\/div><div class=\"Rctrl\"><\/div><\/div><\/div><noscript><a href=\"https:\/\/youtu.be\/duGzA5QtXn8\" rel=\"nofollow\"><img loading=\"lazy\" decoding=\"async\" src=\"https:\/\/i.ytimg.com\/vi\/duGzA5QtXn8\/0.jpg\" alt=\"YouTube video thumbnail\" width=\"853\" height=\"460\" \/><br \/>Assista a este v\u00eddeo no YouTube<\/a><\/noscript><\/div><\/div><div class=\"lL\" style=\"max-width:100%;width:853px;margin:5px;\"><\/div><figcaption><\/figcaption><\/figure>\n\n\n<p>Abaixo, voc\u00ea confere os gabaritos das quest\u00f5es corrigidas pelos nossos professores. Como existem diferentes tipos de provas, voc\u00ea pode conferindo o in\u00edcio da quest\u00e3o.<\/p>\n\n\n\n<p><strong>Quest\u00e3o 1:\u00a0<\/strong>Estudo aponta potencial&#8230;<br \/><strong><em>Resposta:<\/em><\/strong>\u00a0D<\/p>\n\n\n\n<p><strong>Quest\u00e3o 2<\/strong>: Cercada por beleza&#8230;<br \/><strong><em>Resposta:<\/em><\/strong>\u00a0A<\/p>\n\n\n\n<p><strong>Quest\u00e3o 3:\u00a0<\/strong>L\u00fapulo no Distrito&#8230;<br \/><strong><em>Resposta:<\/em><\/strong>\u00a0C<\/p>\n\n\n\n<p><strong>Quest\u00e3o 4:<\/strong>\u00a0Mercado bom para peixe&#8230;<br \/><strong><em>Resposta:<\/em><\/strong>\u00a0B<\/p>\n\n\n\n<p><strong>Quest\u00e3o 5:\u00a0<\/strong>Agrofloresta melhora vida&#8230;<br \/><strong><em>Resposta:<\/em><\/strong>\u00a0C<\/p>\n\n\n\n<p><strong>Quest\u00e3o 6:<\/strong> Crit\u00e9rios da reda\u00e7\u00e3o oficial&#8230;<br \/><strong><em>Resposta:<\/em><\/strong>\u00a0E<\/p>\n\n\n\n<p><strong>Quest\u00e3o 7:\u00a0<\/strong>Agricultura Familiar no Distrito&#8230;<br \/><strong><em>Resposta:<\/em><\/strong>\u00a0B<\/p>\n\n\n\n<p><strong>Quest\u00e3o 8:\u00a0<\/strong>O prop\u00f3sito comunicativo&#8230;<br \/><strong><em>Resposta:<\/em><\/strong>\u00a0E<\/p>\n\n\n\n<p><strong>Quest\u00e3o 9:\u00a0<\/strong>A respeito dos processos socioecon\u00f4micos&#8230;<br \/><strong><em>Resposta:<\/em><\/strong>\u00a0E<\/p>\n\n\n\n<p><strong>Quest\u00e3o 10:\u00a0<\/strong>Para facilitar a administra\u00e7\u00e3o&#8230;<br \/><strong><em>Resposta:<\/em><\/strong>\u00a0D<\/p>\n\n\n\n<p><strong>Quest\u00e3o 11:\u00a0<\/strong>Com rela\u00e7\u00e3o \u00e0 produ\u00e7\u00e3o agr\u00edcola&#8230;<br \/><strong><em>Resposta:<\/em><\/strong>\u00a0E<\/p>\n\n\n\n<p><strong>Quest\u00e3o 12:<\/strong> Com base no II Plano Distrital&#8230;<br \/><strong><em>Resposta:<\/em><\/strong>\u00a0B<\/p>\n\n\n\n<p><strong>Quest\u00e3o 13:\u00a0<\/strong>Segundo o II Plano Distrital&#8230;<br \/><strong><em>Resposta:<\/em><\/strong>\u00a0A<\/p>\n\n\n\n<p><strong>Quest\u00e3o 14:\u00a0<\/strong>De acordo com o Manual do Usu\u00e1rio&#8230;<br \/><strong><em>Resposta:<\/em><\/strong>\u00a0B<\/p>\n\n\n\n<p><strong>Quest\u00e3o 15:\u00a0<\/strong>Com base no Manual do Usu\u00e1rio&#8230;<br \/><strong><em>Resposta:<\/em><\/strong>\u00a0E<\/p>\n\n\n\n<p><strong>Quest\u00e3o 16:\u00a0<\/strong>Conforme o disposto no Manual do Usu\u00e1rio&#8230;<br \/><strong><em>Resposta:<\/em><\/strong>\u00a0D<\/p>\n\n\n\n<p><strong>Quest\u00e3o 17:\u00a0<\/strong>De acordo com o disposto no Decreto n\u00ba 36.756\/2015&#8230;<br \/><strong><em>Resposta:<\/em><\/strong>\u00a0A<\/p>\n\n\n\n<p><strong>Quest\u00e3o 18:\u00a0<\/strong>Em conformidade com a Lei Org\u00e2nica&#8230;<br \/><strong><em>Resposta:<\/em><\/strong>\u00a0C<\/p>\n\n\n\n<p><strong>Quest\u00e3o 19:\u00a0<\/strong>Com base na Lei Org\u00e2nica do Distrito Federal (DF) acerca do meio ambiente&#8230;<br \/><strong><em>Resposta:<\/em><\/strong>\u00a0E<\/p>\n\n\n\n<p><strong>Quest\u00e3o 20:\u00a0<\/strong>Conforme o previsto na Lei Complementar n\u00ba 840\/2011&#8230;<br \/><strong><em>Resposta:<\/em><\/strong>\u00a0D<\/p>\n\n\n\n<p><strong>Quest\u00e3o 21:\u00a0<\/strong>De acordo com o Estatuto Social da Emater-DF&#8230;<br \/><strong><em>Resposta:<\/em><\/strong>\u00a0A<\/p>\n\n\n\n<p><strong>Quest\u00e3o 22:\u00a0<\/strong>Nos termos do Regimento Interno da Emater-DF&#8230;<br \/><strong><em>Resposta:<\/em><\/strong>\u00a0D<\/p>\n\n\n\n<p><strong>Quest\u00e3o 23<\/strong>: Segundo o Decreto n\u00ba 37.297 2016&#8230;<br \/><strong><em>Resposta:<\/em><\/strong>\u00a0A<\/p>\n\n\n\n<p><strong>Quest\u00e3o 24:\u00a0<\/strong>No tocante ao direito de f\u00e9rias&#8230;<br \/><strong><em>Resposta:<\/em><\/strong>\u00a0C<\/p>\n\n\n\n<p><strong>Quest\u00e3o 25:\u00a0<\/strong>A extens\u00e3o rural visa a efetuar&#8230;<br \/><strong><em>Resposta:<\/em><\/strong>\u00a0C<\/p>\n\n\n\n<p><strong>Quest\u00e3o 26:\u00a0<\/strong>Acerca das caracter\u00edsticas das equipes&#8230;<br \/><strong><em>Resposta:<\/em><\/strong>\u00a0A<\/p>\n\n\n\n<p><strong>Quest\u00e3o 27:\u00a0<\/strong>Assinale a alternativa correspondente&#8230; <br \/><strong><em>Resposta:<\/em><\/strong>\u00a0B<\/p>\n\n\n\n<p><strong>Quest\u00e3o 28:\u00a0<\/strong>Os sistemas de informa\u00e7\u00e3o trabalham&#8230;<br \/><strong><em>Resposta:<\/em><\/strong>\u00a0D<\/p>\n\n\n\n<p><strong>Quest\u00e3o 29:\u00a0<\/strong>No que concerne \u00e0s t\u00e9cnicas de atendimento&#8230;<br \/><strong><em>Resposta:<\/em><\/strong>\u00a0B<\/p>\n\n\n\n<p><strong>Quest\u00e3o 30:\u00a0<\/strong>Assinale a alternativa que apresenta&#8230;<br \/><strong><em>Resposta:<\/em><\/strong>\u00a0D<\/p>\n\n\n\n<p><strong>Quest\u00e3o 31:\u00a0<\/strong>Dentro do processo administrativo&#8230;<br \/><strong><em>Resposta:<\/em><\/strong>\u00a0E<\/p>\n\n\n\n<p><strong>Quest\u00e3o 32<\/strong>: Dentro do processo administrativo, controlar&#8230;<br \/><strong><em>Resposta:<\/em><\/strong>\u00a0A<\/p>\n\n\n\n<p><strong>Quest\u00e3o 33:\u00a0<\/strong>Assinale a alternativa que apresenta as etapas&#8230;<br \/><strong><em>Resposta:<\/em><\/strong>\u00a0B<\/p>\n\n\n\n<p><strong>Quest\u00e3o 34:\u00a0<\/strong>A gest\u00e3o da qualidade total poder\u00e1&#8230;<br \/><strong><em>Resposta:<\/em><\/strong>\u00a0D<\/p>\n\n\n\n<p><strong>Quest\u00e3o 35:<\/strong> Que filosofia pode ser usada&#8230;<br \/><strong><em>Resposta:<\/em><\/strong>\u00a0B<\/p>\n\n\n\n<p><strong>Quest\u00e3o 36:<\/strong> Assinale a alternativa que indica&#8230;<br \/><strong><em>Resposta:<\/em><\/strong>\u00a0E<\/p>\n\n\n\n<p><strong>Quest\u00e3o 37:\u00a0<\/strong>A atividade de rotina na administra\u00e7\u00e3o&#8230;<br \/><strong><em>Resposta:<\/em><\/strong>\u00a0D<\/p>\n\n\n\n<p><strong>Quest\u00e3o 38:\u00a0<\/strong>Segundo Chiavenato (2021)&#8230;<br \/><strong><em>Resposta:<\/em><\/strong>\u00a0B<\/p>\n\n\n\n<p><strong>Quest\u00e3o 39:\u00a0<\/strong>Assinale a alternativa que corresponde&#8230;<br \/><strong><em>Resposta:<\/em><\/strong>\u00a0C<\/p>\n\n\n\n<p><strong>Quest\u00e3o 40:\u00a0<\/strong>Acerca das rotinas de gest\u00e3o&#8230;<br \/><strong><em>Resposta:<\/em><\/strong>\u00a0E<\/p>\n\n\n\n<p><strong>Quest\u00e3o 41:\u00a0<\/strong>Assinale a alternativa que corresponde \u00e0 facilidade&#8230;<br \/><strong><em>Resposta:<\/em><\/strong>\u00a0A<\/p>\n\n\n\n<p><strong>Quest\u00e3o 42:<\/strong> Considere uma opera\u00e7\u00e3o em que certo&#8230;<br \/><strong><em>Resposta:<\/em><\/strong>\u00a0B<\/p>\n\n\n\n<p><strong>Quest\u00e3o 43:\u00a0<\/strong>Assinale a alternativa que apresenta&#8230;<br \/><strong><em>Resposta:<\/em><\/strong>\u00a0D<\/p>\n\n\n\n<p><strong>Quest\u00e3o 44:\u00a0<\/strong>Assinale a alternativa que corresponde somente&#8230;<br \/><strong><em>Resposta:<\/em><\/strong>\u00a0A<\/p>\n\n\n\n<p><strong>Quest\u00e3o 45<\/strong>: Considere-se o respons\u00e1vel por organizar&#8230;<br \/><strong><em>Resposta:<\/em><\/strong>\u00a0A<\/p>\n\n\n\n<p><strong>Quest\u00e3o 46:<\/strong> Assinale a alternativa que apresenta&#8230;<br \/><strong><em>Resposta:<\/em><\/strong>\u00a0C<\/p>\n\n\n\n<p><strong>Quest\u00e3o 47<\/strong>: Assinale a alternativa que indica um exemplo&#8230;<br \/><strong><em>Resposta:<\/em><\/strong>\u00a0B<\/p>\n\n\n\n<p><strong>Quest\u00e3o 48:<\/strong> Como os tomadores de decis\u00e3o n\u00e3o conseguem&#8230;<br \/><strong><em>Resposta:<\/em><\/strong>\u00a0C<\/p>\n\n\n\n<p><strong>Quest\u00e3o 49:\u00a0<\/strong>Assinale a alternativa que apresenta uma atividade&#8230;<br \/><strong><em>Resposta<\/em><\/strong>: E<\/p>\n\n\n\n<p><strong>Quest\u00e3o 50:\u00a0<\/strong>Assinale a alternativa que indica uma vantagem&#8230;<br \/><strong><em>Resposta:<\/em><\/strong>\u00a0A<\/p>\n\n\n\n<h2 class=\"wp-block-heading has-text-align-center\" id=\"estudar\"><em>Quer estudar para o concurso EMATER DF?<\/em><\/h2>\n\n\n\n<div class=\"container\" id=\"boxes\">\n  <div class=\"row\">\n\n    <div class=\"col-sm\">\n      <div class=\"banner-adm\" id=\"box-assinatura\">\n        <h3 class=\"titulo-assinatura\">Cursos EMATER DF<\/h3>\n        <p class=\"subtitulo-assinatura\">Estude conosco<\/p>\n        <div class=\"box-botao\">\n          <a class=\"btn-assinatura\" target=\"_blank\" href=\"https:\/\/www.estrategiaconcursos.com.br\/cursosPorConcurso\/empresa-de-assistencia-tecnica-e-extensao-rural-do-distrito-federal-emater-df\/\" role=\"button\" rel=\"noopener noreferrer\">Conhe\u00e7a os cursos<\/a>\n        <\/div>\n      <\/div>\n     \n    <\/div>\n\n  <\/div>\n<\/div>\n\n\n\n<div class=\"container\" id=\"boxes\">\r\n  <div class=\"row\">\r\n\r\n    <div class=\"col-sm\">\r\n      <div class=\"estrategia\" id=\"box-assinatura\">\r\n        <h3 class=\"titulo-assinatura\">Assinatura Concursos<\/h3>\r\n        <p class=\"subtitulo-assinatura\">Assinatura de 1 ano ou 2 anos<\/p>\r\n        <div class=\"box-botao\">\r\n          <a class=\"btn-assinatura\" target=\"_blank\" href=\"https:\/\/www.estrategiaconcursos.com.br\/assinaturas\/\" role=\"button\" rel=\"noopener noreferrer\">ASSINE AGORA<\/a>\r\n        <\/div>\r\n      <\/div><\/div><\/div><\/div>\n\n\n\n<h2 class=\"wp-block-heading has-text-align-center\" id=\"quer-saber-tudo-sobre-concursos-previstos-confira-nossos-artigos\">Quer saber tudo sobre concursos previstos?<br \/>Confira nossos artigos!<\/h2>\n\n\n\n<ul class=\"wp-block-list\">\n<li><a href=\"https:\/\/www.estrategiaconcursos.com.br\/blog\/concursos-abertos\/\" target=\"_blank\" rel=\"noreferrer noopener\">Concursos Abertos<\/a><\/li>\n\n\n\n<li><a href=\"https:\/\/www.estrategiaconcursos.com.br\/blog\/concursos-2024\/\" target=\"_blank\" rel=\"noreferrer noopener\">Concursos 2024<\/a><\/li>\n\n\n\n<li><a href=\"https:\/\/www.estrategiaconcursos.com.br\/blog\/concursos-df\/\" target=\"_blank\" rel=\"noreferrer noopener\">Concursos DF<\/a><\/li>\n<\/ul>\n","protected":false},"excerpt":{"rendered":"<p>Neste domingo, 17 de mar\u00e7o de 2024, foram aplicadas as provas do concurso EMATER DF (Empresa de Assist\u00eancia T\u00e9cnica e Extens\u00e3o Rural do Distrito Federal). Sob organiza\u00e7\u00e3o do\u00a0IADES, a sele\u00e7\u00e3o oferta 10 vagas imediatas e outras 14 para cadastro de reserva para Assistente Administrativo. O sal\u00e1rio inicial para a carreira \u00e9 de R$ 4.766,69, al\u00e9m [&hellip;]<\/p>\n","protected":false},"author":1483,"featured_media":1369869,"comment_status":"open","ping_status":"closed","sticky":false,"template":"","format":"standard","meta":{"post_tipo":"news","footnotes":""},"categories":[214992,220219],"tags":[],"tax_estado":[219970],"class_list":["post-1369868","post","type-post","status-publish","format-standard","has-post-thumbnail","hentry","category-concursos-administrativos","category-noticias","tax_estado-df"],"acf":[],"yoast_head":"<!-- This site is optimized with the Yoast SEO Premium plugin v27.2 (Yoast SEO v27.2) - https:\/\/yoast.com\/product\/yoast-seo-premium-wordpress\/ -->\n<title>Gabarito extraoficial: EMATER DF Assistente Administrativo!<\/title>\n<meta name=\"description\" content=\"Confira o gabarito extraoficial do concurso EMATER DF - Assistente Administrativo e descubra como voc\u00ea se saiu na prova.\" \/>\n<meta name=\"robots\" content=\"index, follow, max-snippet:-1, max-image-preview:large, max-video-preview:-1\" \/>\n<link rel=\"canonical\" href=\"https:\/\/www.estrategiaconcursos.com.br\/blog\/gabarito-extraoficial-emater-df-assistente-administrativo\/\" \/>\n<meta property=\"og:locale\" content=\"pt_BR\" \/>\n<meta property=\"og:type\" content=\"article\" \/>\n<meta property=\"og:title\" content=\"Gabarito extraoficial: EMATER DF Assistente Administrativo!\" \/>\n<meta property=\"og:description\" content=\"Confira o gabarito extraoficial do concurso EMATER DF - Assistente Administrativo e descubra como voc\u00ea se saiu na prova.\" \/>\n<meta property=\"og:url\" content=\"https:\/\/www.estrategiaconcursos.com.br\/blog\/gabarito-extraoficial-emater-df-assistente-administrativo\/\" \/>\n<meta property=\"og:site_name\" content=\"Estrat\u00e9gia Concursos\" \/>\n<meta property=\"article:published_time\" content=\"2024-03-17T20:47:38+00:00\" \/>\n<meta property=\"article:modified_time\" content=\"2024-03-17T21:30:06+00:00\" \/>\n<meta property=\"og:image\" content=\"https:\/\/dhg1h5j42swfq.cloudfront.net\/2024\/03\/17174328\/ytb_emater-df.jpg\" \/>\n\t<meta property=\"og:image:width\" content=\"1280\" \/>\n\t<meta property=\"og:image:height\" content=\"720\" \/>\n\t<meta property=\"og:image:type\" content=\"image\/jpeg\" \/>\n<meta name=\"author\" content=\"Diogo Mendes\" \/>\n<meta name=\"twitter:card\" content=\"summary_large_image\" \/>\n<meta name=\"twitter:creator\" content=\"@EstratConcursos\" \/>\n<meta name=\"twitter:site\" content=\"@EstratConcursos\" \/>\n<meta name=\"twitter:label1\" content=\"Escrito por\" \/>\n\t<meta name=\"twitter:data1\" content=\"Diogo Mendes\" \/>\n\t<meta name=\"twitter:label2\" content=\"Est. tempo de leitura\" \/>\n\t<meta name=\"twitter:data2\" content=\"4 minutos\" \/>\n<script type=\"application\/ld+json\" class=\"yoast-schema-graph\">{\"@context\":\"https:\/\/schema.org\",\"@graph\":[{\"@type\":\"NewsArticle\",\"@id\":\"https:\/\/www.estrategiaconcursos.com.br\/blog\/gabarito-extraoficial-emater-df-assistente-administrativo\/#article\",\"isPartOf\":{\"@id\":\"https:\/\/www.estrategiaconcursos.com.br\/blog\/gabarito-extraoficial-emater-df-assistente-administrativo\/\"},\"author\":{\"name\":\"Diogo Mendes\",\"@id\":\"https:\/\/www.estrategiaconcursos.com.br\/blog\/#\/schema\/person\/cc9e76173880338ce9f656c88664a1f6\"},\"headline\":\"Gabarito extraoficial: EMATER DF Assistente Administrativo!\",\"datePublished\":\"2024-03-17T20:47:38+00:00\",\"dateModified\":\"2024-03-17T21:30:06+00:00\",\"mainEntityOfPage\":{\"@id\":\"https:\/\/www.estrategiaconcursos.com.br\/blog\/gabarito-extraoficial-emater-df-assistente-administrativo\/\"},\"wordCount\":903,\"commentCount\":0,\"publisher\":{\"@id\":\"https:\/\/www.estrategiaconcursos.com.br\/blog\/#organization\"},\"image\":{\"@id\":\"https:\/\/www.estrategiaconcursos.com.br\/blog\/gabarito-extraoficial-emater-df-assistente-administrativo\/#primaryimage\"},\"thumbnailUrl\":\"https:\/\/dhg1h5j42swfq.cloudfront.net\/2024\/03\/17174328\/ytb_emater-df.jpg\",\"articleSection\":[\"Executivo (Administrativa)\",\"\u00daltimas not\u00edcias\"],\"inLanguage\":\"pt-BR\",\"potentialAction\":[{\"@type\":\"CommentAction\",\"name\":\"Comment\",\"target\":[\"https:\/\/www.estrategiaconcursos.com.br\/blog\/gabarito-extraoficial-emater-df-assistente-administrativo\/#respond\"]}],\"copyrightYear\":\"2024\",\"copyrightHolder\":{\"@id\":\"https:\/\/www.estrategiaconcursos.com.br\/blog\/#organization\"}},{\"@type\":\"WebPage\",\"@id\":\"https:\/\/www.estrategiaconcursos.com.br\/blog\/gabarito-extraoficial-emater-df-assistente-administrativo\/\",\"url\":\"https:\/\/www.estrategiaconcursos.com.br\/blog\/gabarito-extraoficial-emater-df-assistente-administrativo\/\",\"name\":\"Gabarito extraoficial: EMATER DF Assistente Administrativo!\",\"isPartOf\":{\"@id\":\"https:\/\/www.estrategiaconcursos.com.br\/blog\/#website\"},\"primaryImageOfPage\":{\"@id\":\"https:\/\/www.estrategiaconcursos.com.br\/blog\/gabarito-extraoficial-emater-df-assistente-administrativo\/#primaryimage\"},\"image\":{\"@id\":\"https:\/\/www.estrategiaconcursos.com.br\/blog\/gabarito-extraoficial-emater-df-assistente-administrativo\/#primaryimage\"},\"thumbnailUrl\":\"https:\/\/dhg1h5j42swfq.cloudfront.net\/2024\/03\/17174328\/ytb_emater-df.jpg\",\"datePublished\":\"2024-03-17T20:47:38+00:00\",\"dateModified\":\"2024-03-17T21:30:06+00:00\",\"description\":\"Confira o gabarito extraoficial do concurso EMATER DF - Assistente Administrativo e descubra como voc\u00ea se saiu na prova.\",\"breadcrumb\":{\"@id\":\"https:\/\/www.estrategiaconcursos.com.br\/blog\/gabarito-extraoficial-emater-df-assistente-administrativo\/#breadcrumb\"},\"inLanguage\":\"pt-BR\",\"potentialAction\":[{\"@type\":\"ReadAction\",\"target\":[\"https:\/\/www.estrategiaconcursos.com.br\/blog\/gabarito-extraoficial-emater-df-assistente-administrativo\/\"]}]},{\"@type\":\"ImageObject\",\"inLanguage\":\"pt-BR\",\"@id\":\"https:\/\/www.estrategiaconcursos.com.br\/blog\/gabarito-extraoficial-emater-df-assistente-administrativo\/#primaryimage\",\"url\":\"https:\/\/dhg1h5j42swfq.cloudfront.net\/2024\/03\/17174328\/ytb_emater-df.jpg\",\"contentUrl\":\"https:\/\/dhg1h5j42swfq.cloudfront.net\/2024\/03\/17174328\/ytb_emater-df.jpg\",\"width\":1280,\"height\":720},{\"@type\":\"BreadcrumbList\",\"@id\":\"https:\/\/www.estrategiaconcursos.com.br\/blog\/gabarito-extraoficial-emater-df-assistente-administrativo\/#breadcrumb\",\"itemListElement\":[{\"@type\":\"ListItem\",\"position\":1,\"name\":\"In\u00edcio\",\"item\":\"https:\/\/www.estrategiaconcursos.com.br\/blog\/\"},{\"@type\":\"ListItem\",\"position\":2,\"name\":\"Gabarito extraoficial: EMATER DF Assistente Administrativo!\"}]},{\"@type\":\"WebSite\",\"@id\":\"https:\/\/www.estrategiaconcursos.com.br\/blog\/#website\",\"url\":\"https:\/\/www.estrategiaconcursos.com.br\/blog\/\",\"name\":\"Estrat\u00e9gia Concursos\",\"description\":\"O blog da Estrat\u00e9gia Concursos traz not\u00edcias sobre concursos e artigos de professores oferecendo cursos para concursos (pdf + videaulas) no site.\",\"publisher\":{\"@id\":\"https:\/\/www.estrategiaconcursos.com.br\/blog\/#organization\"},\"potentialAction\":[{\"@type\":\"SearchAction\",\"target\":{\"@type\":\"EntryPoint\",\"urlTemplate\":\"https:\/\/www.estrategiaconcursos.com.br\/blog\/?s={search_term_string}\"},\"query-input\":{\"@type\":\"PropertyValueSpecification\",\"valueRequired\":true,\"valueName\":\"search_term_string\"}}],\"inLanguage\":\"pt-BR\"},{\"@type\":\"Organization\",\"@id\":\"https:\/\/www.estrategiaconcursos.com.br\/blog\/#organization\",\"name\":\"Estrat\u00e9gia Concursos\",\"url\":\"https:\/\/www.estrategiaconcursos.com.br\/blog\/\",\"logo\":{\"@type\":\"ImageObject\",\"inLanguage\":\"pt-BR\",\"@id\":\"https:\/\/www.estrategiaconcursos.com.br\/blog\/#\/schema\/logo\/image\/\",\"url\":\"https:\/\/dhg1h5j42swfq.cloudfront.net\/2025\/06\/03203428\/logo_concursos-1.jpg\",\"contentUrl\":\"https:\/\/dhg1h5j42swfq.cloudfront.net\/2025\/06\/03203428\/logo_concursos-1.jpg\",\"width\":230,\"height\":60,\"caption\":\"Estrat\u00e9gia Concursos\"},\"image\":{\"@id\":\"https:\/\/www.estrategiaconcursos.com.br\/blog\/#\/schema\/logo\/image\/\"},\"sameAs\":[\"https:\/\/x.com\/EstratConcursos\"]},{\"@type\":\"Person\",\"@id\":\"https:\/\/www.estrategiaconcursos.com.br\/blog\/#\/schema\/person\/cc9e76173880338ce9f656c88664a1f6\",\"name\":\"Diogo Mendes\",\"image\":{\"@type\":\"ImageObject\",\"inLanguage\":\"pt-BR\",\"@id\":\"https:\/\/secure.gravatar.com\/avatar\/9754d6777d460a45ef4067b586b94c32005cc2345a0404b8d96adc620cf63806?s=96&d=mm&r=g\",\"url\":\"https:\/\/secure.gravatar.com\/avatar\/9754d6777d460a45ef4067b586b94c32005cc2345a0404b8d96adc620cf63806?s=96&d=mm&r=g\",\"contentUrl\":\"https:\/\/secure.gravatar.com\/avatar\/9754d6777d460a45ef4067b586b94c32005cc2345a0404b8d96adc620cf63806?s=96&d=mm&r=g\",\"caption\":\"Diogo Mendes\"},\"description\":\"Diogo Mendes \u00e9 jornalista formado pela Universidade Paulista, com experi\u00eancia em reda\u00e7\u00f5es de diversos ve\u00edculos e na produ\u00e7\u00e3o de conte\u00fados especializados em concursos p\u00fablicos. Desde 2019, atua no Estrat\u00e9gia Concursos como Jornalista e Analista de Conte\u00fado, com foco na apura\u00e7\u00e3o de informa\u00e7\u00f5es junto a \u00f3rg\u00e3os e fontes oficiais. Dedica-se especialmente \u00e0 produ\u00e7\u00e3o de not\u00edcias e reportagens sobre Concursos Legislativos, al\u00e9m de acompanhar diariamente os concursos policiais, banc\u00e1rios e da \u00e1rea da sa\u00fade.\",\"url\":\"https:\/\/www.estrategiaconcursos.com.br\/blog\/author\/diogo-mendesestrategiaconcursos-com-br\/\"}]}<\/script>\n<!-- \/ Yoast SEO Premium plugin. -->","yoast_head_json":{"title":"Gabarito extraoficial: EMATER DF Assistente Administrativo!","description":"Confira o gabarito extraoficial do concurso EMATER DF - Assistente Administrativo e descubra como voc\u00ea se saiu na prova.","robots":{"index":"index","follow":"follow","max-snippet":"max-snippet:-1","max-image-preview":"max-image-preview:large","max-video-preview":"max-video-preview:-1"},"canonical":"https:\/\/www.estrategiaconcursos.com.br\/blog\/gabarito-extraoficial-emater-df-assistente-administrativo\/","og_locale":"pt_BR","og_type":"article","og_title":"Gabarito extraoficial: EMATER DF Assistente Administrativo!","og_description":"Confira o gabarito extraoficial do concurso EMATER DF - Assistente Administrativo e descubra como voc\u00ea se saiu na prova.","og_url":"https:\/\/www.estrategiaconcursos.com.br\/blog\/gabarito-extraoficial-emater-df-assistente-administrativo\/","og_site_name":"Estrat\u00e9gia Concursos","article_published_time":"2024-03-17T20:47:38+00:00","article_modified_time":"2024-03-17T21:30:06+00:00","og_image":[{"width":1280,"height":720,"url":"https:\/\/dhg1h5j42swfq.cloudfront.net\/2024\/03\/17174328\/ytb_emater-df.jpg","type":"image\/jpeg"}],"author":"Diogo Mendes","twitter_card":"summary_large_image","twitter_creator":"@EstratConcursos","twitter_site":"@EstratConcursos","twitter_misc":{"Escrito por":"Diogo Mendes","Est. tempo de leitura":"4 minutos"},"schema":{"@context":"https:\/\/schema.org","@graph":[{"@type":"NewsArticle","@id":"https:\/\/www.estrategiaconcursos.com.br\/blog\/gabarito-extraoficial-emater-df-assistente-administrativo\/#article","isPartOf":{"@id":"https:\/\/www.estrategiaconcursos.com.br\/blog\/gabarito-extraoficial-emater-df-assistente-administrativo\/"},"author":{"name":"Diogo Mendes","@id":"https:\/\/www.estrategiaconcursos.com.br\/blog\/#\/schema\/person\/cc9e76173880338ce9f656c88664a1f6"},"headline":"Gabarito extraoficial: EMATER DF Assistente Administrativo!","datePublished":"2024-03-17T20:47:38+00:00","dateModified":"2024-03-17T21:30:06+00:00","mainEntityOfPage":{"@id":"https:\/\/www.estrategiaconcursos.com.br\/blog\/gabarito-extraoficial-emater-df-assistente-administrativo\/"},"wordCount":903,"commentCount":0,"publisher":{"@id":"https:\/\/www.estrategiaconcursos.com.br\/blog\/#organization"},"image":{"@id":"https:\/\/www.estrategiaconcursos.com.br\/blog\/gabarito-extraoficial-emater-df-assistente-administrativo\/#primaryimage"},"thumbnailUrl":"https:\/\/dhg1h5j42swfq.cloudfront.net\/2024\/03\/17174328\/ytb_emater-df.jpg","articleSection":["Executivo (Administrativa)","\u00daltimas not\u00edcias"],"inLanguage":"pt-BR","potentialAction":[{"@type":"CommentAction","name":"Comment","target":["https:\/\/www.estrategiaconcursos.com.br\/blog\/gabarito-extraoficial-emater-df-assistente-administrativo\/#respond"]}],"copyrightYear":"2024","copyrightHolder":{"@id":"https:\/\/www.estrategiaconcursos.com.br\/blog\/#organization"}},{"@type":"WebPage","@id":"https:\/\/www.estrategiaconcursos.com.br\/blog\/gabarito-extraoficial-emater-df-assistente-administrativo\/","url":"https:\/\/www.estrategiaconcursos.com.br\/blog\/gabarito-extraoficial-emater-df-assistente-administrativo\/","name":"Gabarito extraoficial: EMATER DF Assistente Administrativo!","isPartOf":{"@id":"https:\/\/www.estrategiaconcursos.com.br\/blog\/#website"},"primaryImageOfPage":{"@id":"https:\/\/www.estrategiaconcursos.com.br\/blog\/gabarito-extraoficial-emater-df-assistente-administrativo\/#primaryimage"},"image":{"@id":"https:\/\/www.estrategiaconcursos.com.br\/blog\/gabarito-extraoficial-emater-df-assistente-administrativo\/#primaryimage"},"thumbnailUrl":"https:\/\/dhg1h5j42swfq.cloudfront.net\/2024\/03\/17174328\/ytb_emater-df.jpg","datePublished":"2024-03-17T20:47:38+00:00","dateModified":"2024-03-17T21:30:06+00:00","description":"Confira o gabarito extraoficial do concurso EMATER DF - Assistente Administrativo e descubra como voc\u00ea se saiu na prova.","breadcrumb":{"@id":"https:\/\/www.estrategiaconcursos.com.br\/blog\/gabarito-extraoficial-emater-df-assistente-administrativo\/#breadcrumb"},"inLanguage":"pt-BR","potentialAction":[{"@type":"ReadAction","target":["https:\/\/www.estrategiaconcursos.com.br\/blog\/gabarito-extraoficial-emater-df-assistente-administrativo\/"]}]},{"@type":"ImageObject","inLanguage":"pt-BR","@id":"https:\/\/www.estrategiaconcursos.com.br\/blog\/gabarito-extraoficial-emater-df-assistente-administrativo\/#primaryimage","url":"https:\/\/dhg1h5j42swfq.cloudfront.net\/2024\/03\/17174328\/ytb_emater-df.jpg","contentUrl":"https:\/\/dhg1h5j42swfq.cloudfront.net\/2024\/03\/17174328\/ytb_emater-df.jpg","width":1280,"height":720},{"@type":"BreadcrumbList","@id":"https:\/\/www.estrategiaconcursos.com.br\/blog\/gabarito-extraoficial-emater-df-assistente-administrativo\/#breadcrumb","itemListElement":[{"@type":"ListItem","position":1,"name":"In\u00edcio","item":"https:\/\/www.estrategiaconcursos.com.br\/blog\/"},{"@type":"ListItem","position":2,"name":"Gabarito extraoficial: EMATER DF Assistente Administrativo!"}]},{"@type":"WebSite","@id":"https:\/\/www.estrategiaconcursos.com.br\/blog\/#website","url":"https:\/\/www.estrategiaconcursos.com.br\/blog\/","name":"Estrat\u00e9gia Concursos","description":"O blog da Estrat\u00e9gia Concursos traz not\u00edcias sobre concursos e artigos de professores oferecendo cursos para concursos (pdf + videaulas) no site.","publisher":{"@id":"https:\/\/www.estrategiaconcursos.com.br\/blog\/#organization"},"potentialAction":[{"@type":"SearchAction","target":{"@type":"EntryPoint","urlTemplate":"https:\/\/www.estrategiaconcursos.com.br\/blog\/?s={search_term_string}"},"query-input":{"@type":"PropertyValueSpecification","valueRequired":true,"valueName":"search_term_string"}}],"inLanguage":"pt-BR"},{"@type":"Organization","@id":"https:\/\/www.estrategiaconcursos.com.br\/blog\/#organization","name":"Estrat\u00e9gia Concursos","url":"https:\/\/www.estrategiaconcursos.com.br\/blog\/","logo":{"@type":"ImageObject","inLanguage":"pt-BR","@id":"https:\/\/www.estrategiaconcursos.com.br\/blog\/#\/schema\/logo\/image\/","url":"https:\/\/dhg1h5j42swfq.cloudfront.net\/2025\/06\/03203428\/logo_concursos-1.jpg","contentUrl":"https:\/\/dhg1h5j42swfq.cloudfront.net\/2025\/06\/03203428\/logo_concursos-1.jpg","width":230,"height":60,"caption":"Estrat\u00e9gia Concursos"},"image":{"@id":"https:\/\/www.estrategiaconcursos.com.br\/blog\/#\/schema\/logo\/image\/"},"sameAs":["https:\/\/x.com\/EstratConcursos"]},{"@type":"Person","@id":"https:\/\/www.estrategiaconcursos.com.br\/blog\/#\/schema\/person\/cc9e76173880338ce9f656c88664a1f6","name":"Diogo Mendes","image":{"@type":"ImageObject","inLanguage":"pt-BR","@id":"https:\/\/secure.gravatar.com\/avatar\/9754d6777d460a45ef4067b586b94c32005cc2345a0404b8d96adc620cf63806?s=96&d=mm&r=g","url":"https:\/\/secure.gravatar.com\/avatar\/9754d6777d460a45ef4067b586b94c32005cc2345a0404b8d96adc620cf63806?s=96&d=mm&r=g","contentUrl":"https:\/\/secure.gravatar.com\/avatar\/9754d6777d460a45ef4067b586b94c32005cc2345a0404b8d96adc620cf63806?s=96&d=mm&r=g","caption":"Diogo Mendes"},"description":"Diogo Mendes \u00e9 jornalista formado pela Universidade Paulista, com experi\u00eancia em reda\u00e7\u00f5es de diversos ve\u00edculos e na produ\u00e7\u00e3o de conte\u00fados especializados em concursos p\u00fablicos. Desde 2019, atua no Estrat\u00e9gia Concursos como Jornalista e Analista de Conte\u00fado, com foco na apura\u00e7\u00e3o de informa\u00e7\u00f5es junto a \u00f3rg\u00e3os e fontes oficiais. Dedica-se especialmente \u00e0 produ\u00e7\u00e3o de not\u00edcias e reportagens sobre Concursos Legislativos, al\u00e9m de acompanhar diariamente os concursos policiais, banc\u00e1rios e da \u00e1rea da sa\u00fade.","url":"https:\/\/www.estrategiaconcursos.com.br\/blog\/author\/diogo-mendesestrategiaconcursos-com-br\/"}]}},"_links":{"self":[{"href":"https:\/\/www.estrategiaconcursos.com.br\/blog\/wp-json\/wp\/v2\/posts\/1369868","targetHints":{"allow":["GET"]}}],"collection":[{"href":"https:\/\/www.estrategiaconcursos.com.br\/blog\/wp-json\/wp\/v2\/posts"}],"about":[{"href":"https:\/\/www.estrategiaconcursos.com.br\/blog\/wp-json\/wp\/v2\/types\/post"}],"author":[{"embeddable":true,"href":"https:\/\/www.estrategiaconcursos.com.br\/blog\/wp-json\/wp\/v2\/users\/1483"}],"replies":[{"embeddable":true,"href":"https:\/\/www.estrategiaconcursos.com.br\/blog\/wp-json\/wp\/v2\/comments?post=1369868"}],"version-history":[{"count":15,"href":"https:\/\/www.estrategiaconcursos.com.br\/blog\/wp-json\/wp\/v2\/posts\/1369868\/revisions"}],"predecessor-version":[{"id":1369890,"href":"https:\/\/www.estrategiaconcursos.com.br\/blog\/wp-json\/wp\/v2\/posts\/1369868\/revisions\/1369890"}],"wp:featuredmedia":[{"embeddable":true,"href":"https:\/\/www.estrategiaconcursos.com.br\/blog\/wp-json\/wp\/v2\/media\/1369869"}],"wp:attachment":[{"href":"https:\/\/www.estrategiaconcursos.com.br\/blog\/wp-json\/wp\/v2\/media?parent=1369868"}],"wp:term":[{"taxonomy":"category","embeddable":true,"href":"https:\/\/www.estrategiaconcursos.com.br\/blog\/wp-json\/wp\/v2\/categories?post=1369868"},{"taxonomy":"post_tag","embeddable":true,"href":"https:\/\/www.estrategiaconcursos.com.br\/blog\/wp-json\/wp\/v2\/tags?post=1369868"},{"taxonomy":"tax_estado","embeddable":true,"href":"https:\/\/www.estrategiaconcursos.com.br\/blog\/wp-json\/wp\/v2\/tax_estado?post=1369868"}],"curies":[{"name":"wp","href":"https:\/\/api.w.org\/{rel}","templated":true}]}}