{"id":136976,"date":"2025-07-10T19:02:00","date_gmt":"2025-07-10T22:02:00","guid":{"rendered":"https:\/\/www.estrategiaconcursos.com.br\/blog\/?p=136976"},"modified":"2025-12-12T08:52:29","modified_gmt":"2025-12-12T11:52:29","slug":"concurso-mp-ce-servidor","status":"publish","type":"post","link":"https:\/\/www.estrategiaconcursos.com.br\/blog\/concurso-mp-ce-servidor\/","title":{"rendered":"Concurso MP CE: resultados divulgados!"},"content":{"rendered":"<p><center><a id=\"cta-icon\" href=\"https:\/\/sndflw.com\/i\/mp-ce-grupo\" target=\"_blank\" style=\"background:#29a61a; display:inline-flex; align-items:center; padding:10px 15px; border-radius:6px; color:#fff; text-decoration:none; font-weight:500; font-size:15px;\"><img decoding=\"async\" src=\"https:\/\/dhg1h5j42swfq.cloudfront.net\/2023\/12\/07154107\/whatsapp_13851.png\" alt=\"\" style=\"width:20px; height:20px; margin-right:8px;\"><span>Acesse agora o Grupo de Estudos para o Concurso MP CE<\/span><\/a><\/center><\/p>\n\n\n\n<p>O edital do <strong>concurso MP CE<\/strong> (<a href=\"https:\/\/www.estrategiaconcursos.com.br\/cursosPorConcurso\/ministerio-publico-do-estado-do-ceara-mp-ce\/\" target=\"_blank\" rel=\"noreferrer noopener\">Minist\u00e9rio P\u00fablico do Cear\u00e1<\/a>) oferta <strong>uma vaga imediata mais forma\u00e7\u00e3o de cadastro de reserva <\/strong>para os cargos de<strong> t\u00e9cnico e analista ministerial.<\/strong><\/p>\n\n\n\n<p>Sob organiza\u00e7\u00e3o do <a href=\"https:\/\/www.cebraspe.org.br\/concursos\/novos\" target=\"_blank\" rel=\"noreferrer noopener\">Cebraspe<\/a>, as provas foram aplicadas em 13 de abril e os candidatos j\u00e1 podem consultar os <a href=\"https:\/\/security.cebraspe.org.br\/MP_CE_25_SERVIDOR\/Recursos\/Objetiva\/GabaritoPreliminar_009696BB-A50D-4CFE-8D9F-6A9AEFF3B4BC\/\">gabaritos<\/a>, assim tamb\u00e9m como os resultados, veja:<\/p>\n\n\n\n<ul class=\"wp-block-list\">\n<li><a href=\"https:\/\/dhg1h5j42swfq.cloudfront.net\/2025\/07\/10191252\/ed_9_mpce_2025_res_final_bio_veri_neg_concurso.pdf\" target=\"_blank\" rel=\"noreferrer noopener\">Resultado final do concurso<\/a>;<\/li>\n\n\n\n<li><a href=\"https:\/\/s3-sa-east-1.amazonaws.com\/diariospdf\/_2025\/06\/04\/diario_mp_ceara\/2406\/f9699c466b293779deabd10ab0254ad6\/diarioOficial.pdf\" target=\"_blank\" rel=\"noreferrer noopener\">Resultado final da prova discursiva<\/a>;<\/li>\n\n\n\n<li><a href=\"https:\/\/dhg1h5j42swfq.cloudfront.net\/2025\/04\/13124641\/diariooficial-1-1.pdf\">Resultado final da objetiva<\/a>.<\/li>\n<\/ul>\n\n\n\n<p>As oportunidades exigem o n\u00edvel superior de escolaridade, para jornadas de 30 horas semanais, com sal\u00e1rios iniciais que variam de <strong>R$ 5.248,79 a R$ 7.439,09.<\/strong><\/p>\n\n\n\n<p>Confira mais detalhes no decorrer do artigo!<\/p>\n\n\n\n<ul class=\"wp-block-list has-blush-light-purple-gradient-background has-background\">\n<li><strong>Concurso MP CE<\/strong><\/li>\n\n\n\n<li><strong>Status:<\/strong> resultados divulgados<\/li>\n\n\n\n<li><strong>Banca:<\/strong> <a href=\"https:\/\/www.cebraspe.org.br\/concursos\/MP_CE_25_SERVIDOR\">Cebraspe<\/a><\/li>\n\n\n\n<li><strong>Vagas:<\/strong> 1 + CR<\/li>\n\n\n\n<li><strong>Sal\u00e1rio inicial:<\/strong> R$ 5.248,79 a R$ 7.439,09<\/li>\n\n\n\n<li><strong>Edital:<\/strong> <a href=\"https:\/\/dhg1h5j42swfq.cloudfront.net\/2025\/01\/16223520\/diariooficialmpce-1920-2025-01-16.pdf\" target=\"_blank\" rel=\"noreferrer noopener nofollow\">MPCE_2025<\/a><\/li>\n<\/ul>\n\n\n\n<div class=\"container\" id=\"boxes\">\n  <div class=\"row\">\n\n    <div class=\"col-sm\">\n      <div class=\"banner-tribunal\" id=\"box-assinatura\">\n        <h3 class=\"titulo-assinatura\">Cursos para MP-CE<\/h3>\n        <p class=\"subtitulo-assinatura\">Conhe\u00e7a os cursos<\/p>\n        <div class=\"box-botao\">\n          <a class=\"btn-assinatura\" target=\"_blank\" href=\"https:\/\/www.estrategiaconcursos.com.br\/cursosPorConcurso\/ministerio-publico-do-estado-do-ceara-mp-ce\/\" role=\"button\" rel=\"noopener noreferrer\">Conhe\u00e7a mais<\/a>\n        <\/div>\n      <\/div>\n      <p class=\"texto-auxiliar\">Prepare-se com o melhor material e com quem mais aprova em Concursos P\u00fablicos em todo o pa\u00eds.<\/p>\n    <\/div>\n\n  <\/div>\n<\/div>\n\n\n\n<p>Neste artigo voc\u00ea obter\u00e1 todas as informa\u00e7\u00f5es sobre o certame, os cargos e vagas dispon\u00edveis e requisitos de cada um deles. Acompanhe!<\/p>\n\n\n\n<ul class=\"wp-block-list\">\n<li><a href=\"#situa\u00e7\u00e3o\"><strong>Situa\u00e7\u00e3o do concurso<\/strong><\/a>\n<ul class=\"wp-block-list\">\n<li><a href=\"#datas\"><strong>Resultados<\/strong><\/a><\/li>\n\n\n\n<li><strong><a href=\"#cargos\">Cargos e vagas<\/a><\/strong><\/li>\n\n\n\n<li><strong><a href=\"#etapas\">Etapas e provas<\/a><\/strong><\/li>\n<\/ul>\n<\/li>\n\n\n\n<li><a href=\"#cargos-vagos-no-mp-ce\"><strong>Cargos vagos no MP CE<\/strong><\/a><\/li>\n\n\n\n<li><a href=\"#h-ultimo-concurso-mp-ce\"><strong>\u00daltimo concurso<\/strong><\/a><ul><li><a href=\"#discursiva\"><strong>Resultados<\/strong><\/a><\/li><\/ul><\/li>\n\n\n\n<li><ul><li><strong style=\"color: initial;\"><a href=\"https:\/\/www.estrategiaconcursos.com.br\/blog\/edital-mp-ce\/#cargo\">Cargos e Vagas<\/a><\/strong><\/li><\/ul>\n<ul class=\"wp-block-list\">\n<li><strong><a href=\"https:\/\/www.estrategiaconcursos.com.br\/blog\/edital-mp-ce\/#etapa\">Etapas do concurso<\/a><\/strong>\n<ul class=\"wp-block-list\">\n<li><strong><a href=\"#objetiva\">Prova Objetiva<\/a><\/strong><\/li>\n\n\n\n<li><strong><a href=\"#discursiva\">Prova Discursiva<\/a><\/strong><\/li>\n\n\n\n<li><strong><a href=\"#t\u00edtulos\">Prova de T\u00edtulos<\/a><\/strong><\/li>\n<\/ul>\n<\/li>\n<\/ul>\n<\/li>\n\n\n\n<li><strong><a href=\"#estrat\u00e9gico\">Edital Estrat\u00e9gico<\/a><\/strong><\/li>\n\n\n\n<li><a href=\"#assinatura-e-cursos\"><strong>Cursos e Assinaturas<\/strong><\/a><\/li>\n\n\n\n<li><strong><a href=\"#ficha\">Ficha T\u00e9cnica<\/a><\/strong><\/li>\n<\/ul>\n\n\n\n<h2 class=\"wp-block-heading\" id=\"situa\u00e7\u00e3o\">Concurso MP CE: situa\u00e7\u00e3o atual<\/h2>\n\n\n\n<h3 class=\"wp-block-heading\" id=\"resultados\">Resultados<\/h3>\n\n\n\n<ul class=\"wp-block-list\">\n<li><a href=\"https:\/\/dhg1h5j42swfq.cloudfront.net\/2025\/04\/13124641\/diariooficial-1-1.pdf\">Resultado final da objetiva e preliminar discursiva<\/a>;<\/li>\n\n\n\n<li><a href=\"https:\/\/s3-sa-east-1.amazonaws.com\/diariospdf\/_2025\/06\/04\/diario_mp_ceara\/2406\/f9699c466b293779deabd10ab0254ad6\/diarioOficial.pdf\" target=\"_blank\" rel=\"noreferrer noopener\">Resultado definitivo da discursiva<\/a>.<\/li>\n<\/ul>\n\n\n\n<h2 class=\"wp-block-heading\" id=\"cargos\">Cargos e vagas do Concurso MP CE<\/h2>\n\n\n\n<h3 class=\"wp-block-heading\">N\u00edvel Superior<\/h3>\n\n\n\n<figure class=\"wp-block-table is-style-stripes\"><table class=\"has-white-background-color has-background has-fixed-layout\"><tbody><tr><td class=\"has-text-align-center\" data-align=\"center\"><strong>Cargo<\/strong><\/td><td class=\"has-text-align-center\" data-align=\"center\"><strong>Vagas <\/strong><\/td><td class=\"has-text-align-center\" data-align=\"center\"><strong>Sal\u00e1rios<\/strong><\/td><\/tr><tr><td class=\"has-text-align-center\" data-align=\"center\">T\u00e9cnico Ministerial<\/td><td class=\"has-text-align-center\" data-align=\"center\">CR<\/td><td class=\"has-text-align-center\" data-align=\"center\">R$ 5.248,79<\/td><\/tr><tr><td class=\"has-text-align-center\" data-align=\"center\">Analista Ministerial \u2013 Administra\u00e7\u00e3o&nbsp;<\/td><td class=\"has-text-align-center\" data-align=\"center\">CR<\/td><td class=\"has-text-align-center\" data-align=\"center\">R$ 7.439,09 &nbsp;<\/td><\/tr><tr><td class=\"has-text-align-center\" data-align=\"center\">Analista Ministerial &#8211; Arquitetura e Urbanismo<\/td><td class=\"has-text-align-center\" data-align=\"center\">CR<\/td><td class=\"has-text-align-center\" data-align=\"center\">R$ 7.439,09<\/td><\/tr><tr><td class=\"has-text-align-center\" data-align=\"center\">Analista Ministerial \u2013 Biblioteconomia<\/td><td class=\"has-text-align-center\" data-align=\"center\">CR<\/td><td class=\"has-text-align-center\" data-align=\"center\">R$ 7.439,09<\/td><\/tr><tr><td class=\"has-text-align-center\" data-align=\"center\">Analista Ministerial \u2013 Ci\u00eancias Cont\u00e1beis<\/td><td class=\"has-text-align-center\" data-align=\"center\">CR<\/td><td class=\"has-text-align-center\" data-align=\"center\">R$ 7.439,09<\/td><\/tr><tr><td class=\"has-text-align-center\" data-align=\"center\">Analista Ministerial \u2013 Ci\u00eancias da Computa\u00e7\u00e3o<\/td><td class=\"has-text-align-center\" data-align=\"center\">CR<\/td><td class=\"has-text-align-center\" data-align=\"center\">R$ 7.439,09<\/td><\/tr><tr><td class=\"has-text-align-center\" data-align=\"center\">Analista Ministerial \u2013 Direito<\/td><td class=\"has-text-align-center\" data-align=\"center\">CR<\/td><td class=\"has-text-align-center\" data-align=\"center\">R$ 7.439,09<\/td><\/tr><tr><td class=\"has-text-align-center\" data-align=\"center\">Analista Ministerial \u2013 Engenharia Civil<\/td><td class=\"has-text-align-center\" data-align=\"center\">CR<\/td><td class=\"has-text-align-center\" data-align=\"center\">R$ 7.439,09<\/td><\/tr><tr><td class=\"has-text-align-center\" data-align=\"center\">Analista Ministerial &#8211; Engenharia Ambiental<\/td><td class=\"has-text-align-center\" data-align=\"center\">1 + CR<\/td><td class=\"has-text-align-center\" data-align=\"center\">R$ 7.439,09<\/td><\/tr><tr><td class=\"has-text-align-center\" data-align=\"center\">Analista Ministerial \u2013 Psicologia<\/td><td class=\"has-text-align-center\" data-align=\"center\">CR<\/td><td class=\"has-text-align-center\" data-align=\"center\">R$ 7.439,09<\/td><\/tr><tr><td class=\"has-text-align-center\" data-align=\"center\">Analista Ministerial \u2013 Servi\u00e7o Social<\/td><td class=\"has-text-align-center\" data-align=\"center\">CR<\/td><td class=\"has-text-align-center\" data-align=\"center\">R$ 7.439,09<\/td><\/tr><\/tbody><\/table><figcaption class=\"wp-element-caption\">Vagas para n\u00edvel superior<\/figcaption><\/figure>\n\n\n\n<h2 class=\"wp-block-heading\" id=\"etapas\">Etapas e provas do Concurso MP CE<\/h2>\n\n\n\n<p>Os candidatos inscritos no concurso MP CE foram avaliados mediante aplica\u00e7\u00e3o das seguintes etapas:<\/p>\n\n\n\n<ul class=\"wp-block-list\">\n<li><strong>Prova Objetiva<\/strong> (P1 e P2), de car\u00e1ter eliminat\u00f3rio e classificat\u00f3rio; e<\/li>\n\n\n\n<li><strong>Prova Discursiva<\/strong>, de car\u00e1ter eliminat\u00f3rio e classificat\u00f3rio.<\/li>\n<\/ul>\n\n\n\n<h3 class=\"wp-block-heading\" id=\"h-prova-objetiva\">Prova Objetiva<\/h3>\n\n\n\n<p>Com dura\u00e7\u00e3o de 4h30, a prova objetiva foi composta por 120 quest\u00f5es do tipo CERTO ou ERRADO, sendo 50 de conhecimentos gerais (P1) e 70 de conhecimentos espec\u00edficos (P2).<\/p>\n\n\n\n<ul class=\"wp-block-list\">\n<li>L\u00edngua Portuguesa;<\/li>\n\n\n\n<li>Legisla\u00e7\u00e3o Estadual e Legisla\u00e7\u00e3o Aplicada ao Minist\u00e9rio P\u00fablico;<\/li>\n\n\n\n<li>\u00c9tica no Servi\u00e7o P\u00fablico;<\/li>\n\n\n\n<li>Racioc\u00ednio L\u00f3gico;<\/li>\n\n\n\n<li>No\u00e7\u00f5es de Gest\u00e3o P\u00fablica;<\/li>\n\n\n\n<li>Conhecimentos Espec\u00edficos.<\/li>\n<\/ul>\n\n\n\n<p>\u00c9 reprovado nas provas objetivas e eliminado do concurso p\u00fablico o candidato que se enquadrar em pelo menos um dos itens a seguir:<\/p>\n\n\n\n<ul class=\"wp-block-list\">\n<li>obtiver nota inferior a 10,00 pontos na prova objetiva de conhecimentos gerais (P1);<\/li>\n\n\n\n<li>obtiver nota inferior a 21,00 pontos na prova objetiva de conhecimentos espec\u00edficos (P2);<\/li>\n\n\n\n<li>obtiver nota inferior a 36,00 pontos no conjunto das provas objetivas.<\/li>\n<\/ul>\n\n\n\n<h3 class=\"wp-block-heading\" id=\"h-prova-discursiva\">Prova Discursiva<\/h3>\n\n\n\n<p>A prova discursiva valeu 20,00 pontos e consistiu da reda\u00e7\u00e3o de texto dissertativo, de at\u00e9 30 linhas, a respeito de tema relacionado a Atualidades<\/p>\n\n\n\n<p>A etapa avaliou o conte\u00fado (conhecimento do tema), a capacidade de express\u00e3o na modalidade escrita e o uso das normas do registro formal culto da L\u00edngua Portuguesa.<\/p>\n\n\n\n<p>Assim, o candidato deveria produzir, conforme o comando formulado pela banca examinadora, texto dissertativo, primando pela coer\u00eancia e pela coes\u00e3o.<\/p>\n\n\n\n<h2 class=\"wp-block-heading\" id=\"carreira\">Carreira no MP CE<\/h2>\n\n\n\n<h3 class=\"wp-block-heading\" id=\"remu\">Remunera\u00e7\u00e3o<\/h3>\n\n\n\n<p><strong><span style=\"text-decoration: underline;\">T\u00e9cnico Ministerial:<\/span><\/strong><\/p>\n\n\n\n<figure class=\"wp-block-image aligncenter size-full is-resized\"><img loading=\"lazy\" decoding=\"async\" width=\"1007\" height=\"863\" src=\"https:\/\/dhg1h5j42swfq.cloudfront.net\/2024\/12\/19230109\/image-318.png\" alt=\"Remunera\u00e7\u00e3o de t\u00e9cnico ministerial no MP CE\" class=\"wp-image-1508713\" style=\"width:702px;height:auto\" srcset=\"https:\/\/dhg1h5j42swfq.cloudfront.net\/2024\/12\/19230109\/image-318.png 1007w, https:\/\/dhg1h5j42swfq.cloudfront.net\/2024\/12\/19230109\/image-318-300x257.png 300w, https:\/\/dhg1h5j42swfq.cloudfront.net\/2024\/12\/19230109\/image-318-768x658.png 768w, https:\/\/dhg1h5j42swfq.cloudfront.net\/2024\/12\/19230109\/image-318-150x129.png 150w\" sizes=\"auto, (max-width: 1007px) 100vw, 1007px\" \/><\/figure>\n\n\n\n<p><strong><span style=\"text-decoration: underline;\">Analista Ministerial:<\/span><\/strong><\/p>\n\n\n\n<figure class=\"wp-block-image aligncenter size-full is-resized\"><img loading=\"lazy\" decoding=\"async\" width=\"992\" height=\"844\" src=\"https:\/\/dhg1h5j42swfq.cloudfront.net\/2024\/12\/19230240\/image-320.png\" alt=\"Remunera\u00e7\u00e3o de analista ministerial no MP CE\" class=\"wp-image-1508715\" style=\"width:678px;height:auto\" srcset=\"https:\/\/dhg1h5j42swfq.cloudfront.net\/2024\/12\/19230240\/image-320.png 992w, https:\/\/dhg1h5j42swfq.cloudfront.net\/2024\/12\/19230240\/image-320-300x255.png 300w, https:\/\/dhg1h5j42swfq.cloudfront.net\/2024\/12\/19230240\/image-320-768x653.png 768w, https:\/\/dhg1h5j42swfq.cloudfront.net\/2024\/12\/19230240\/image-320-150x128.png 150w\" sizes=\"auto, (max-width: 992px) 100vw, 992px\" \/><\/figure>\n\n\n\n<h2 class=\"wp-block-heading\" id=\"cargos-vagos-no-mp-ce\">Cargos vagos no MP CE<\/h2>\n\n\n\n<p>Conforme o \u00faltimo levantamento, esses s\u00e3o os cargos vagos no MP CE:<\/p>\n\n\n\n<figure class=\"wp-block-table is-style-stripes\"><table class=\"has-fixed-layout\"><thead><tr><th><strong>Cargo e Especialidade<\/strong><\/th><th><strong>Existentes<\/strong><\/th><th><strong>Ocupados<\/strong><\/th><th><strong>Vagos<\/strong><\/th><\/tr><\/thead><tbody><tr><td>Analista Ministerial &#8211; Administra\u00e7\u00e3o<\/td><td>10<\/td><td>10<\/td><td>0<\/td><\/tr><tr><td>Analista Ministerial &#8211; Arquitetura e Urbanismo<\/td><td>1<\/td><td>1<\/td><td>0<\/td><\/tr><tr><td>Analista Ministerial &#8211; Biblioteconomia<\/td><td>1<\/td><td>1<\/td><td>0<\/td><\/tr><tr><td>Analista Ministerial &#8211; Ci\u00eancias Cont\u00e1beis<\/td><td>9<\/td><td>9<\/td><td>0<\/td><\/tr><tr><td>Analista Ministerial &#8211; Ci\u00eancias da Computa\u00e7\u00e3o<\/td><td>20<\/td><td>20<\/td><td>0<\/td><\/tr><tr><td>Analista Ministerial &#8211; Ci\u00eancias Econ\u00f4micas<\/td><td>1<\/td><td>1<\/td><td>0<\/td><\/tr><tr><td>Analista Ministerial &#8211; Comunica\u00e7\u00e3o Social<\/td><td>1<\/td><td>0<\/td><td>1<\/td><\/tr><tr><td>Analista Ministerial &#8211; Direito<\/td><td>40<\/td><td>40<\/td><td>0<\/td><\/tr><tr><td>Analista Ministerial &#8211; Engenharia Ambiental<\/td><td>1<\/td><td>0<\/td><td>1<\/td><\/tr><tr><td>Analista Ministerial &#8211; Engenharia Civil<\/td><td>5<\/td><td>5<\/td><td>0<\/td><\/tr><tr><td>Analista Ministerial &#8211; Engenharia de Alimentos<\/td><td>1<\/td><td>1<\/td><td>0<\/td><\/tr><tr><td>Analista Ministerial &#8211; N\u00e3o Dispon\u00edvel<\/td><td>15<\/td><td>0<\/td><td>15<\/td><\/tr><tr><td>Analista Ministerial &#8211; Psicologia<\/td><td>3<\/td><td>3<\/td><td>0<\/td><\/tr><tr><td>Analista Ministerial &#8211; Servi\u00e7o Social<\/td><td>4<\/td><td>4<\/td><td>0<\/td><\/tr><tr><td>T\u00e9cnico Ministerial<\/td><td>653<\/td><td>564<\/td><td>89<\/td><\/tr><tr><td><strong>Total<\/strong><\/td><td><strong>765<\/strong><\/td><td><strong>659<\/strong><\/td><td><strong>106<\/strong><\/td><\/tr><\/tbody><\/table><\/figure>\n\n\n\n<h2 class=\"wp-block-heading\" id=\"h-ultimo-concurso-mp-ce\">\u00daltimo concurso MP CE<\/h2>\n\n\n\n<p>O \u00faltimo concurso MP CE servidor teve seu edital divulgado em <strong>2019<\/strong>, com a oferta de <strong>30 vagas<\/strong>&nbsp;para cargos de N\u00edvel M\u00e9dio e Superior, com remunera\u00e7\u00e3o inicial de<strong> R$ 4.038,91 e R$ 5.919,42<\/strong>.<\/p>\n\n\n\n<h3 class=\"wp-block-heading\" id=\"discursiva\">Resultado final ap\u00f3s recursos <\/h3>\n\n\n\n<p>Foi publicado o resultado final definitivo do concurso MP CE Servidor, para cargos de n\u00edvel superior. O edital ofertou vagas para os cargos de Analista e T\u00e9cnico Ministerial. Acompanhe no quadro abaixo os resultados: <\/p>\n\n\n\n<ul class=\"wp-block-list\">\n<li><a href=\"https:\/\/dhg1h5j42swfq.cloudfront.net\/2021\/02\/03190414\/ed_15_19_mp_ce_servidor_res_final_concurso.pdf\" target=\"_blank\" rel=\"noreferrer noopener nofollow\">Resultado Final Definitivo<\/a>;<\/li>\n\n\n\n<li><a href=\"https:\/\/dhg1h5j42swfq.cloudfront.net\/2021\/01\/26111757\/mp-ce-resultados-1.pdf\" target=\"_blank\" rel=\"noreferrer noopener nofollow\">Resultado Heteroidentifica\u00e7\u00e3o<\/a>;<\/li>\n\n\n\n<li><a href=\"https:\/\/dhg1h5j42swfq.cloudfront.net\/2020\/04\/25091113\/ED_7_MP_CE_SERVIDOR_RESULT_FINAL_DISC.pdf\" target=\"_blank\" rel=\"noreferrer noopener nofollow\">Resultado final &#8211; prova discursiva<\/a>.<\/li>\n<\/ul>\n\n\n\n<h3 class=\"wp-block-heading\" id=\"h-cargos-e-vagas\">Cargos e vagas<\/h3>\n\n\n\n<h4 class=\"wp-block-heading\">N\u00edvel M\u00e9dio<\/h4>\n\n\n\n<figure class=\"wp-block-table is-style-stripes\"><table class=\"has-background has-fixed-layout\" style=\"background-color:#e7f5fe\"><tbody><tr><td class=\"has-text-align-center\" data-align=\"center\"><strong>Cargo<\/strong><\/td><td class=\"has-text-align-center\" data-align=\"center\"><strong>Vagas Ampla Concorr\u00eancia<\/strong><\/td><td class=\"has-text-align-center\" data-align=\"center\"><strong>Vagas PCD<\/strong><\/td><td class=\"has-text-align-center\" data-align=\"center\"><strong>Vagas p\/ Negros<\/strong><\/td><td class=\"has-text-align-center\" data-align=\"center\"><strong>TOTAL<\/strong><\/td><\/tr><tr><td class=\"has-text-align-center\" data-align=\"center\">T\u00e9cnico Ministerial<\/td><td class=\"has-text-align-center\" data-align=\"center\">09 + CR<\/td><td class=\"has-text-align-center\" data-align=\"center\">01 + CR<\/td><td class=\"has-text-align-center\" data-align=\"center\">03 + CR<\/td><td class=\"has-text-align-center\" data-align=\"center\">12 + CR &nbsp;<\/td><\/tr><\/tbody><\/table><figcaption class=\"wp-element-caption\">Vagas para n\u00edvel m\u00e9dio do \u00faltimo edital<\/figcaption><\/figure>\n\n\n\n<h4 class=\"wp-block-heading\">N\u00edvel Superior<\/h4>\n\n\n\n<figure class=\"wp-block-table is-style-stripes\"><table class=\"has-background has-fixed-layout\" style=\"background-color:#e9fbe5\"><tbody><tr><td class=\"has-text-align-center\" data-align=\"center\"><strong>Cargo<\/strong><\/td><td class=\"has-text-align-center\" data-align=\"center\"><strong>Vagas Ampla Concorr\u00eancia<\/strong><\/td><td class=\"has-text-align-center\" data-align=\"center\"><strong>Vagas PCD<\/strong><\/td><td class=\"has-text-align-center\" data-align=\"center\"><strong>Vagas p\/ Negros<\/strong><\/td><td class=\"has-text-align-center\" data-align=\"center\"><strong>TOTAL<\/strong><\/td><\/tr><tr><td class=\"has-text-align-center\" data-align=\"center\">Analista Ministerial \u2013 Administra\u00e7\u00e3o&nbsp;<\/td><td class=\"has-text-align-center\" data-align=\"center\">01 + CR<\/td><td class=\"has-text-align-center\" data-align=\"center\">CR<\/td><td class=\"has-text-align-center\" data-align=\"center\">CR<\/td><td class=\"has-text-align-center\" data-align=\"center\">01 + CR &nbsp;<\/td><\/tr><tr><td class=\"has-text-align-center\" data-align=\"center\">Analista Ministerial \u2013 Biblioteconomia<\/td><td class=\"has-text-align-center\" data-align=\"center\">01 + CR<\/td><td class=\"has-text-align-center\" data-align=\"center\">CR<\/td><td class=\"has-text-align-center\" data-align=\"center\">CR<\/td><td class=\"has-text-align-center\" data-align=\"center\">01 + CR &nbsp;<\/td><\/tr><tr><td class=\"has-text-align-center\" data-align=\"center\">Analista Ministerial \u2013 Ci\u00eancias Cont\u00e1beis<\/td><td class=\"has-text-align-center\" data-align=\"center\">05 + CR<\/td><td class=\"has-text-align-center\" data-align=\"center\">CR<\/td><td class=\"has-text-align-center\" data-align=\"center\">01 + CR<\/td><td class=\"has-text-align-center\" data-align=\"center\">06 + CR<\/td><\/tr><tr><td class=\"has-text-align-center\" data-align=\"center\">Analista Ministerial \u2013 Ci\u00eancias da Computa\u00e7\u00e3o<\/td><td class=\"has-text-align-center\" data-align=\"center\">CR<\/td><td class=\"has-text-align-center\" data-align=\"center\">CR<\/td><td class=\"has-text-align-center\" data-align=\"center\">CR<\/td><td class=\"has-text-align-center\" data-align=\"center\">CR<\/td><\/tr><tr><td class=\"has-text-align-center\" data-align=\"center\">Analista Ministerial \u2013 Direito<\/td><td class=\"has-text-align-center\" data-align=\"center\">01 + CR<\/td><td class=\"has-text-align-center\" data-align=\"center\">CR<\/td><td class=\"has-text-align-center\" data-align=\"center\">CR<\/td><td class=\"has-text-align-center\" data-align=\"center\">01+ CR<\/td><\/tr><tr><td class=\"has-text-align-center\" data-align=\"center\">Analista Ministerial \u2013 Engenharia Civil<\/td><td class=\"has-text-align-center\" data-align=\"center\">03 + CR<\/td><td class=\"has-text-align-center\" data-align=\"center\">CR<\/td><td class=\"has-text-align-center\" data-align=\"center\">01+ CR<\/td><td class=\"has-text-align-center\" data-align=\"center\">04 + CR<\/td><\/tr><tr><td class=\"has-text-align-center\" data-align=\"center\">Analista Ministerial \u2013 Psicologia<\/td><td class=\"has-text-align-center\" data-align=\"center\">02 + CR<\/td><td class=\"has-text-align-center\" data-align=\"center\">CR<\/td><td class=\"has-text-align-center\" data-align=\"center\">CR<\/td><td class=\"has-text-align-center\" data-align=\"center\">02 + CR<\/td><\/tr><tr><td class=\"has-text-align-center\" data-align=\"center\">Analista Ministerial \u2013 Servi\u00e7o Social<\/td><td class=\"has-text-align-center\" data-align=\"center\">02 + CR<\/td><td class=\"has-text-align-center\" data-align=\"center\">CR<\/td><td class=\"has-text-align-center\" data-align=\"center\">CR<\/td><td class=\"has-text-align-center\" data-align=\"center\">02 + CR<\/td><\/tr><tr><td class=\"has-text-align-center\" data-align=\"center\"><strong>TOTAL GERAL<\/strong><\/td><td class=\"has-text-align-center\" data-align=\"center\">&nbsp;<\/td><td class=\"has-text-align-center\" data-align=\"center\">&nbsp;<\/td><td class=\"has-text-align-center\" data-align=\"center\">&nbsp;<\/td><td class=\"has-text-align-center\" data-align=\"center\"><strong>17 + CR<\/strong><\/td><\/tr><\/tbody><\/table><figcaption class=\"wp-element-caption\">Vagas para n\u00edvel superior do \u00faltimo edital<\/figcaption><\/figure>\n\n\n\n<h2 class=\"wp-block-heading\" id=\"h-ultimo-concurso-mp-ce-etapas-de-provas\">\u00daltimo concurso MP CE: etapas de provas<\/h2>\n\n\n\n<p>O concurso contou com as seguintes etapas:<\/p>\n\n\n\n<ul class=\"wp-block-list\">\n<li><strong>Prova Objetiva<\/strong>&nbsp;(todos os cargos): car\u00e1ter eliminat\u00f3rio e classificat\u00f3rio;<\/li>\n\n\n\n<li><strong>Prova Discursiva<\/strong>&nbsp;(todos os cargos): car\u00e1ter eliminat\u00f3rio e classificat\u00f3rio;<\/li>\n\n\n\n<li><strong>Prova de T\u00edtulos<\/strong>&nbsp;(n\u00edvel superior): car\u00e1ter classificat\u00f3rio.<\/li>\n<\/ul>\n\n\n\n<h3 class=\"wp-block-heading\" id=\"objetiva\">Prova Objetiva<\/h3>\n\n\n\n<p>A Prova Objetiva foi aplicada para todos os cargos e contar\u00e1 com 120 quest\u00f5es no estilo CERTO ou ERRADO, divididas nas seguintes disciplinas:<\/p>\n\n\n\n<figure class=\"wp-block-table is-style-stripes\"><table class=\"has-background has-fixed-layout\" style=\"background-color:#fcf0ef\"><tbody><tr><td><strong>Disciplina<\/strong><\/td><td><strong>N.\u00ba de quest\u00f5es<\/strong><\/td><\/tr><tr><td>Conhecimentos B\u00e1sicos<\/td><td>50<\/td><\/tr><tr><td>Conhecimentos Espec\u00edficos<\/td><td>70<\/td><\/tr><\/tbody><\/table><\/figure>\n\n\n\n<p>O tempo de dura\u00e7\u00e3o da prova foi de&nbsp;4 horas e 30 minutos. Foram considerados habilitados os candidatos que alcan\u00e7arem, no m\u00ednimo, as seguintes pontua\u00e7\u00f5es:<\/p>\n\n\n\n<ul class=\"wp-block-list\">\n<li>Conhecimentos b\u00e1sicos: 10 pontos<\/li>\n\n\n\n<li>Conhecimentos espec\u00edficos: 21 pontos<\/li>\n\n\n\n<li>Total: 36 pontos<\/li>\n<\/ul>\n\n\n\n<h3 class=\"wp-block-heading\" id=\"discursiva\">Prova Discursiva<\/h3>\n\n\n\n<p>A prova discursiva consistiu numa reda\u00e7\u00e3o de 20 a 30 linhas e foi aplicada em conjunto com a prova objetiva. Seu valor total foi de&nbsp;<strong>30 pontos<\/strong>. Para ser aprovado era necess\u00e1rio alcan\u00e7ar ao menos&nbsp;<strong>15 pontos.<\/strong><\/p>\n\n\n\n<h4 class=\"wp-block-heading\">Disciplinas<\/h4>\n\n\n\n<h4 class=\"wp-block-heading\">Conhecimentos b\u00e1sicos (para todos os cargos)<\/h4>\n\n\n\n<ul class=\"wp-block-list\">\n<li>L\u00edngua Portuguesa<\/li>\n\n\n\n<li>Legisla\u00e7\u00e3o Estadual e Legisla\u00e7\u00e3o aplicada ao Minist\u00e9rio P\u00fablico<\/li>\n\n\n\n<li>\u00c9tica no servi\u00e7o p\u00fablico<\/li>\n\n\n\n<li>Atualidades (<strong>somente para a prova discursiva<\/strong>)<\/li>\n<\/ul>\n\n\n\n<h4 class=\"wp-block-heading\">Conhecimentos espec\u00edficos \u2013 T\u00e9cnico Ministerial<\/h4>\n\n\n\n<ul class=\"wp-block-list\">\n<li>No\u00e7\u00f5es de Direito Administrativo<\/li>\n\n\n\n<li>No\u00e7\u00f5es de Direito Constitucional<\/li>\n\n\n\n<li>No\u00e7\u00f5es de Administra\u00e7\u00e3o<\/li>\n\n\n\n<li>No\u00e7\u00f5es de Direito Civil<\/li>\n\n\n\n<li>No\u00e7\u00f5es de Direito Processual Civil<\/li>\n\n\n\n<li>No\u00e7\u00f5es de Direito Penal<\/li>\n\n\n\n<li>No\u00e7\u00f5es de Direito Processual Penal<\/li>\n<\/ul>\n\n\n\n<h3 class=\"wp-block-heading\" id=\"t\u00edtulos\">Prova de T\u00edtulos<\/h3>\n\n\n\n<p>A Prova de T\u00edtulos, de car\u00e1ter apenas classificat\u00f3ria, foi considerada apenas para os candidatos a cargos de n\u00edvel superior e obedeceu aos seguintes crit\u00e9rios:<\/p>\n\n\n\n<figure class=\"wp-block-table is-style-stripes\"><table class=\"has-background has-fixed-layout\" style=\"background-color:#e9fbe5\"><tbody><tr><td class=\"has-text-align-center\" data-align=\"center\">T\u00edtulo<\/td><td class=\"has-text-align-center\" data-align=\"center\">Pontua\u00e7\u00e3o<\/td><td class=\"has-text-align-center\" data-align=\"center\">Pontua\u00e7\u00e3o M\u00e1xima<\/td><\/tr><tr><td class=\"has-text-align-center\" data-align=\"center\">Diploma de curso de p\u00f3s-gradua\u00e7\u00e3o em n\u00edvel de doutorado (t\u00edtulo de doutor) na \u00e1rea a que concorre. Tamb\u00e9m ser\u00e1 aceito certificado\/declara\u00e7\u00e3o de conclus\u00e3o de curso de Doutorado, desde que acompanhado de hist\u00f3rico escolar.<\/td><td class=\"has-text-align-center\" data-align=\"center\">5,00&nbsp;<\/td><td class=\"has-text-align-center\" data-align=\"center\">5,00 &nbsp;<\/td><\/tr><tr><td class=\"has-text-align-center\" data-align=\"center\">Diploma de curso de p\u00f3s-gradua\u00e7\u00e3o em n\u00edvel de mestrado (t\u00edtulo de mestre) na \u00e1rea a que concorre. Tamb\u00e9m ser\u00e1 aceito certificado\/declara\u00e7\u00e3o de conclus\u00e3o de curso de Mestrado, desde que acompanhado de hist\u00f3rico escolar. &nbsp;<\/td><td class=\"has-text-align-center\" data-align=\"center\">2,50 &nbsp;<\/td><td class=\"has-text-align-center\" data-align=\"center\">2,50 &nbsp;<\/td><\/tr><tr><td class=\"has-text-align-center\" data-align=\"center\">Certificado de curso de p\u00f3s-gradua\u00e7\u00e3o em n\u00edvel de especializa\u00e7\u00e3o, com carga hor\u00e1ria m\u00ednima de 360 h\/a na \u00e1rea a que concorre. Tamb\u00e9m ser\u00e1 aceita a declara\u00e7\u00e3o de conclus\u00e3o de p\u00f3s-gradua\u00e7\u00e3o em n\u00edvel de especializa\u00e7\u00e3o, desde que acompanhada de hist\u00f3rico escolar. &nbsp;<\/td><td class=\"has-text-align-center\" data-align=\"center\">0,75 &nbsp;<\/td><td class=\"has-text-align-center\" data-align=\"center\">1,50 &nbsp;<\/td><\/tr><tr><td class=\"has-text-align-center\" data-align=\"center\">Aprova\u00e7\u00e3o em concurso p\u00fablico na Administra\u00e7\u00e3o P\u00fablica para empregos\/cargos na \u00e1rea a que concorre. &nbsp;<\/td><td class=\"has-text-align-center\" data-align=\"center\">0,50 &nbsp;<\/td><td class=\"has-text-align-center\" data-align=\"center\">1,0 &nbsp;<\/td><\/tr><tr><td class=\"has-text-align-center\" data-align=\"center\"><strong>Total<\/strong>&nbsp;&nbsp;<\/td><td class=\"has-text-align-center\" data-align=\"center\">&nbsp;<\/td><td class=\"has-text-align-center\" data-align=\"center\">&nbsp;&nbsp;<strong>10,00<\/strong><\/td><\/tr><\/tbody><\/table><figcaption class=\"wp-element-caption\">Atribui\u00e7\u00e3o de pontos na avalia\u00e7\u00e3o de t\u00edtulos<\/figcaption><\/figure>\n\n\n\n<h2 class=\"wp-block-heading has-text-align-center\" id=\"h-quer-saber-tudo-sobre-concursos-previstos-confira-nossos-artigos\">Quer saber tudo sobre concursos previstos?<br \/>Confira  nossos artigos!<\/h2>\n\n\n\n<ul class=\"wp-block-list\">\n<li><a href=\"https:\/\/www.estrategiaconcursos.com.br\/blog\/concursos-abertos\/\" target=\"_blank\" rel=\"noreferrer noopener\">Concursos abertos<\/a><\/li>\n\n\n\n<li><a href=\"https:\/\/www.estrategiaconcursos.com.br\/blog\/concursos-mp\/\">Concursos MP<\/a><\/li>\n\n\n\n<li><a href=\"https:\/\/www.estrategiaconcursos.com.br\/blog\/concursos-2025\/\">Concursos 2025<\/a><\/li>\n\n\n\n<li><a href=\"https:\/\/www.estrategiaconcursos.com.br\/blog\/concursos-2026\/\">Concursos 2026<\/a><\/li>\n<\/ul>\n\n\n\n<h2 class=\"wp-block-heading has-text-align-center\" id=\"assinatura-e-cursos\"><em>Quer estudar para o concurso MP CE?<\/em><\/h2>\n\n\n\n<div class=\"container\" id=\"boxes\">\n  <div class=\"row\">\n\n    <div class=\"col-sm\">\n      <div class=\"banner-tribunal\" id=\"box-assinatura\">\n        <h3 class=\"titulo-assinatura\">Cursos para MP-CE<\/h3>\n        <p class=\"subtitulo-assinatura\">Conhe\u00e7a os cursos<\/p>\n        <div class=\"box-botao\">\n          <a class=\"btn-assinatura\" target=\"_blank\" href=\"https:\/\/www.estrategiaconcursos.com.br\/cursosPorConcurso\/ministerio-publico-do-estado-do-ceara-mp-ce\/\" role=\"button\" rel=\"noopener noreferrer\">Conhe\u00e7a mais<\/a>\n        <\/div>\n      <\/div>\n      <p class=\"texto-auxiliar\">Prepare-se com o melhor material e com quem mais aprova em Concursos P\u00fablicos em todo o pa\u00eds.<\/p>\n    <\/div>\n\n  <\/div>\n<\/div>\n\n\n\n<div class=\"container\" id=\"boxes\">\n  <div class=\"row\">\n\n    <div class=\"col-sm\">\n      <div class=\"estrategia\" id=\"box-assinatura\">\n        <h3 class=\"titulo-assinatura\">Assinatura Concursos<\/h3>\n        <p class=\"subtitulo-assinatura\">Assinatura de 1 ano ou 2 anos<\/p>\n        <div class=\"box-botao\">\n          <a class=\"btn-assinatura\" target=\"_blank\" href=\"https:\/\/www.estrategiaconcursos.com.br\/assinaturas\/\" role=\"button\" rel=\"noopener noreferrer\">ASSINE AGORA<\/a>\n        <\/div>\n      <\/div><\/div><\/div><\/div>\n\n\n\n<figure class=\"wp-block-image size-large is-resized\"><img loading=\"lazy\" decoding=\"async\" width=\"1024\" height=\"632\" src=\"https:\/\/dhg1h5j42swfq.cloudfront.net\/2025\/06\/27101122\/ficha-tecnica-1-1024x632.png\" alt=\"\" class=\"wp-image-702728\" style=\"aspect-ratio:1.6204819277108433;width:229px;height:auto\" srcset=\"https:\/\/dhg1h5j42swfq.cloudfront.net\/2025\/06\/27101122\/ficha-tecnica-1-1024x632.png 1024w, https:\/\/dhg1h5j42swfq.cloudfront.net\/2025\/06\/27101122\/ficha-tecnica-1-300x185.png 300w, https:\/\/dhg1h5j42swfq.cloudfront.net\/2025\/06\/27101122\/ficha-tecnica-1-768x474.png 768w, https:\/\/dhg1h5j42swfq.cloudfront.net\/2025\/06\/27101122\/ficha-tecnica-1-1536x948.png 1536w, https:\/\/dhg1h5j42swfq.cloudfront.net\/2025\/06\/27101122\/ficha-tecnica-1-610x377.png 610w, https:\/\/dhg1h5j42swfq.cloudfront.net\/2025\/06\/27101122\/ficha-tecnica-1.png 1571w\" sizes=\"auto, (max-width: 1024px) 100vw, 1024px\" \/><\/figure>\n\n\n\n<h4 class=\"wp-block-heading\" id=\"ficha\"><strong>\u2666 Informa\u00e7\u00f5es do concurso MP CE<\/strong><\/h4>\n\n\n\n<ul class=\"wp-block-list\">\n<li><strong>Provas:<\/strong> <s>13\/04\/2025<\/s><\/li>\n\n\n\n<li><strong>Vagas:<\/strong>&nbsp;1 + CR<\/li>\n\n\n\n<li><strong>Banca:&nbsp;<\/strong>&nbsp;Cebraspe<\/li>\n\n\n\n<li><strong>Escolaridade:<\/strong>&nbsp;n\u00edveis m\u00e9dio e superior<\/li>\n\n\n\n<li><strong>Edital:<\/strong> <a href=\"https:\/\/dhg1h5j42swfq.cloudfront.net\/2025\/01\/16223520\/diariooficialmpce-1920-2025-01-16.pdf\" target=\"_blank\" rel=\"noreferrer noopener nofollow\">MPCE_2025<\/a><\/li>\n<\/ul>\n","protected":false},"excerpt":{"rendered":"<p>O edital do concurso MP CE (Minist\u00e9rio P\u00fablico do Cear\u00e1) oferta uma vaga imediata mais forma\u00e7\u00e3o de cadastro de reserva para os cargos de t\u00e9cnico e analista ministerial. Sob organiza\u00e7\u00e3o do Cebraspe, as provas foram aplicadas em 13 de abril e os candidatos j\u00e1 podem consultar os gabaritos, assim tamb\u00e9m como os resultados, veja: As [&hellip;]<\/p>\n","protected":false},"author":1,"featured_media":846082,"comment_status":"open","ping_status":"closed","sticky":false,"template":"","format":"standard","meta":{"post_tipo":"news_page","footnotes":""},"categories":[1984],"tags":[],"tax_estado":[219969],"class_list":["post-136976","post","type-post","status-publish","format-standard","has-post-thumbnail","hentry","category-tribunais","tax_estado-ce"],"acf":[],"yoast_head":"<!-- This site is optimized with the Yoast SEO Premium plugin v27.2 (Yoast SEO v27.2) - https:\/\/yoast.com\/product\/yoast-seo-premium-wordpress\/ -->\n<title>Concurso MP CE: resultados divulgados!<\/title>\n<meta name=\"description\" content=\"Concurso MP CE Servidor: edital oferta 1 vaga + CR para T\u00e9cnico e Analista Ministerial e at\u00e9 R$ 7,4 mil. Resultados dispon\u00edveis!\" \/>\n<meta name=\"robots\" content=\"index, follow, max-snippet:-1, max-image-preview:large, max-video-preview:-1\" \/>\n<link rel=\"canonical\" href=\"https:\/\/www.estrategiaconcursos.com.br\/blog\/concurso-mp-ce-servidor\/\" \/>\n<meta property=\"og:locale\" content=\"pt_BR\" \/>\n<meta property=\"og:type\" content=\"article\" \/>\n<meta property=\"og:title\" content=\"Concurso MP CE: resultados divulgados!\" \/>\n<meta property=\"og:description\" content=\"Concurso MP CE Servidor: edital oferta 1 vaga + CR para T\u00e9cnico e Analista Ministerial e at\u00e9 R$ 7,4 mil. Resultados dispon\u00edveis!\" \/>\n<meta property=\"og:url\" content=\"https:\/\/www.estrategiaconcursos.com.br\/blog\/concurso-mp-ce-servidor\/\" \/>\n<meta property=\"og:site_name\" content=\"Estrat\u00e9gia Concursos\" \/>\n<meta property=\"article:author\" content=\"https:\/\/www.facebook.com\/EstrategiaConcursos\" \/>\n<meta property=\"article:published_time\" content=\"2025-07-10T22:02:00+00:00\" \/>\n<meta property=\"article:modified_time\" content=\"2025-12-12T11:52:29+00:00\" \/>\n<meta property=\"og:image\" content=\"https:\/\/dhg1h5j42swfq.cloudfront.net\/2021\/08\/26092025\/mp-ce.jpeg\" \/>\n\t<meta property=\"og:image:width\" content=\"768\" \/>\n\t<meta property=\"og:image:height\" content=\"432\" \/>\n\t<meta property=\"og:image:type\" content=\"image\/jpeg\" \/>\n<meta name=\"author\" content=\"Coordena\u00e7\u00e3o\" \/>\n<meta name=\"twitter:card\" content=\"summary_large_image\" \/>\n<meta name=\"twitter:creator\" content=\"@EstratConcursos\" \/>\n<meta name=\"twitter:site\" content=\"@EstratConcursos\" \/>\n<meta name=\"twitter:label1\" content=\"Escrito por\" \/>\n\t<meta name=\"twitter:data1\" content=\"Coordena\u00e7\u00e3o\" \/>\n\t<meta name=\"twitter:label2\" content=\"Est. tempo de leitura\" \/>\n\t<meta name=\"twitter:data2\" content=\"10 minutos\" \/>\n<script type=\"application\/ld+json\" class=\"yoast-schema-graph\">{\"@context\":\"https:\/\/schema.org\",\"@graph\":[{\"@type\":\"NewsArticle\",\"@id\":\"https:\/\/www.estrategiaconcursos.com.br\/blog\/concurso-mp-ce-servidor\/#article\",\"isPartOf\":{\"@id\":\"https:\/\/www.estrategiaconcursos.com.br\/blog\/concurso-mp-ce-servidor\/\"},\"author\":{\"name\":\"Coordena\u00e7\u00e3o\",\"@id\":\"https:\/\/www.estrategiaconcursos.com.br\/blog\/#\/schema\/person\/b4a388c97673c5f483d72185668afa1f\"},\"headline\":\"Concurso MP CE: resultados divulgados!\",\"datePublished\":\"2025-07-10T22:02:00+00:00\",\"dateModified\":\"2025-12-12T11:52:29+00:00\",\"mainEntityOfPage\":{\"@id\":\"https:\/\/www.estrategiaconcursos.com.br\/blog\/concurso-mp-ce-servidor\/\"},\"wordCount\":1506,\"commentCount\":8,\"publisher\":{\"@id\":\"https:\/\/www.estrategiaconcursos.com.br\/blog\/#organization\"},\"image\":{\"@id\":\"https:\/\/www.estrategiaconcursos.com.br\/blog\/concurso-mp-ce-servidor\/#primaryimage\"},\"thumbnailUrl\":\"https:\/\/dhg1h5j42swfq.cloudfront.net\/2021\/08\/26092025\/mp-ce.jpeg\",\"articleSection\":[\"Tribunais\"],\"inLanguage\":\"pt-BR\",\"potentialAction\":[{\"@type\":\"CommentAction\",\"name\":\"Comment\",\"target\":[\"https:\/\/www.estrategiaconcursos.com.br\/blog\/concurso-mp-ce-servidor\/#respond\"]}],\"copyrightYear\":\"2025\",\"copyrightHolder\":{\"@id\":\"https:\/\/www.estrategiaconcursos.com.br\/blog\/#organization\"}},{\"@type\":\"WebPage\",\"@id\":\"https:\/\/www.estrategiaconcursos.com.br\/blog\/concurso-mp-ce-servidor\/\",\"url\":\"https:\/\/www.estrategiaconcursos.com.br\/blog\/concurso-mp-ce-servidor\/\",\"name\":\"Concurso MP CE: resultados divulgados!\",\"isPartOf\":{\"@id\":\"https:\/\/www.estrategiaconcursos.com.br\/blog\/#website\"},\"primaryImageOfPage\":{\"@id\":\"https:\/\/www.estrategiaconcursos.com.br\/blog\/concurso-mp-ce-servidor\/#primaryimage\"},\"image\":{\"@id\":\"https:\/\/www.estrategiaconcursos.com.br\/blog\/concurso-mp-ce-servidor\/#primaryimage\"},\"thumbnailUrl\":\"https:\/\/dhg1h5j42swfq.cloudfront.net\/2021\/08\/26092025\/mp-ce.jpeg\",\"datePublished\":\"2025-07-10T22:02:00+00:00\",\"dateModified\":\"2025-12-12T11:52:29+00:00\",\"description\":\"Concurso MP CE Servidor: edital oferta 1 vaga + CR para T\u00e9cnico e Analista Ministerial e at\u00e9 R$ 7,4 mil. Resultados dispon\u00edveis!\",\"breadcrumb\":{\"@id\":\"https:\/\/www.estrategiaconcursos.com.br\/blog\/concurso-mp-ce-servidor\/#breadcrumb\"},\"inLanguage\":\"pt-BR\",\"potentialAction\":[{\"@type\":\"ReadAction\",\"target\":[\"https:\/\/www.estrategiaconcursos.com.br\/blog\/concurso-mp-ce-servidor\/\"]}]},{\"@type\":\"ImageObject\",\"inLanguage\":\"pt-BR\",\"@id\":\"https:\/\/www.estrategiaconcursos.com.br\/blog\/concurso-mp-ce-servidor\/#primaryimage\",\"url\":\"https:\/\/dhg1h5j42swfq.cloudfront.net\/2021\/08\/26092025\/mp-ce.jpeg\",\"contentUrl\":\"https:\/\/dhg1h5j42swfq.cloudfront.net\/2021\/08\/26092025\/mp-ce.jpeg\",\"width\":768,\"height\":432,\"caption\":\"Os temas mais cobrados no concurso MP CE\"},{\"@type\":\"BreadcrumbList\",\"@id\":\"https:\/\/www.estrategiaconcursos.com.br\/blog\/concurso-mp-ce-servidor\/#breadcrumb\",\"itemListElement\":[{\"@type\":\"ListItem\",\"position\":1,\"name\":\"In\u00edcio\",\"item\":\"https:\/\/www.estrategiaconcursos.com.br\/blog\/\"},{\"@type\":\"ListItem\",\"position\":2,\"name\":\"Concurso MP CE: resultados divulgados!\"}]},{\"@type\":\"WebSite\",\"@id\":\"https:\/\/www.estrategiaconcursos.com.br\/blog\/#website\",\"url\":\"https:\/\/www.estrategiaconcursos.com.br\/blog\/\",\"name\":\"Estrat\u00e9gia Concursos\",\"description\":\"O blog da Estrat\u00e9gia Concursos traz not\u00edcias sobre concursos e artigos de professores oferecendo cursos para concursos (pdf + videaulas) no site.\",\"publisher\":{\"@id\":\"https:\/\/www.estrategiaconcursos.com.br\/blog\/#organization\"},\"potentialAction\":[{\"@type\":\"SearchAction\",\"target\":{\"@type\":\"EntryPoint\",\"urlTemplate\":\"https:\/\/www.estrategiaconcursos.com.br\/blog\/?s={search_term_string}\"},\"query-input\":{\"@type\":\"PropertyValueSpecification\",\"valueRequired\":true,\"valueName\":\"search_term_string\"}}],\"inLanguage\":\"pt-BR\"},{\"@type\":\"Organization\",\"@id\":\"https:\/\/www.estrategiaconcursos.com.br\/blog\/#organization\",\"name\":\"Estrat\u00e9gia Concursos\",\"url\":\"https:\/\/www.estrategiaconcursos.com.br\/blog\/\",\"logo\":{\"@type\":\"ImageObject\",\"inLanguage\":\"pt-BR\",\"@id\":\"https:\/\/www.estrategiaconcursos.com.br\/blog\/#\/schema\/logo\/image\/\",\"url\":\"https:\/\/dhg1h5j42swfq.cloudfront.net\/2025\/06\/03203428\/logo_concursos-1.jpg\",\"contentUrl\":\"https:\/\/dhg1h5j42swfq.cloudfront.net\/2025\/06\/03203428\/logo_concursos-1.jpg\",\"width\":230,\"height\":60,\"caption\":\"Estrat\u00e9gia Concursos\"},\"image\":{\"@id\":\"https:\/\/www.estrategiaconcursos.com.br\/blog\/#\/schema\/logo\/image\/\"},\"sameAs\":[\"https:\/\/x.com\/EstratConcursos\"]},{\"@type\":\"Person\",\"@id\":\"https:\/\/www.estrategiaconcursos.com.br\/blog\/#\/schema\/person\/b4a388c97673c5f483d72185668afa1f\",\"name\":\"Coordena\u00e7\u00e3o\",\"image\":{\"@type\":\"ImageObject\",\"inLanguage\":\"pt-BR\",\"@id\":\"https:\/\/secure.gravatar.com\/avatar\/b720319e4c9a967eb58678d110f4fe35452fc5d5f97b202bac7b8acceb18c6ad?s=96&d=mm&r=g\",\"url\":\"https:\/\/secure.gravatar.com\/avatar\/b720319e4c9a967eb58678d110f4fe35452fc5d5f97b202bac7b8acceb18c6ad?s=96&d=mm&r=g\",\"contentUrl\":\"https:\/\/secure.gravatar.com\/avatar\/b720319e4c9a967eb58678d110f4fe35452fc5d5f97b202bac7b8acceb18c6ad?s=96&d=mm&r=g\",\"caption\":\"Coordena\u00e7\u00e3o\"},\"sameAs\":[\"https:\/\/www.facebook.com\/EstrategiaConcursos\",\"https:\/\/x.com\/EstratConcursos\"],\"url\":\"https:\/\/www.estrategiaconcursos.com.br\/blog\/author\/estrategia2013\/\"}]}<\/script>\n<!-- \/ Yoast SEO Premium plugin. -->","yoast_head_json":{"title":"Concurso MP CE: resultados divulgados!","description":"Concurso MP CE Servidor: edital oferta 1 vaga + CR para T\u00e9cnico e Analista Ministerial e at\u00e9 R$ 7,4 mil. Resultados dispon\u00edveis!","robots":{"index":"index","follow":"follow","max-snippet":"max-snippet:-1","max-image-preview":"max-image-preview:large","max-video-preview":"max-video-preview:-1"},"canonical":"https:\/\/www.estrategiaconcursos.com.br\/blog\/concurso-mp-ce-servidor\/","og_locale":"pt_BR","og_type":"article","og_title":"Concurso MP CE: resultados divulgados!","og_description":"Concurso MP CE Servidor: edital oferta 1 vaga + CR para T\u00e9cnico e Analista Ministerial e at\u00e9 R$ 7,4 mil. Resultados dispon\u00edveis!","og_url":"https:\/\/www.estrategiaconcursos.com.br\/blog\/concurso-mp-ce-servidor\/","og_site_name":"Estrat\u00e9gia Concursos","article_author":"https:\/\/www.facebook.com\/EstrategiaConcursos","article_published_time":"2025-07-10T22:02:00+00:00","article_modified_time":"2025-12-12T11:52:29+00:00","og_image":[{"width":768,"height":432,"url":"https:\/\/dhg1h5j42swfq.cloudfront.net\/2021\/08\/26092025\/mp-ce.jpeg","type":"image\/jpeg"}],"author":"Coordena\u00e7\u00e3o","twitter_card":"summary_large_image","twitter_creator":"@EstratConcursos","twitter_site":"@EstratConcursos","twitter_misc":{"Escrito por":"Coordena\u00e7\u00e3o","Est. tempo de leitura":"10 minutos"},"schema":{"@context":"https:\/\/schema.org","@graph":[{"@type":"NewsArticle","@id":"https:\/\/www.estrategiaconcursos.com.br\/blog\/concurso-mp-ce-servidor\/#article","isPartOf":{"@id":"https:\/\/www.estrategiaconcursos.com.br\/blog\/concurso-mp-ce-servidor\/"},"author":{"name":"Coordena\u00e7\u00e3o","@id":"https:\/\/www.estrategiaconcursos.com.br\/blog\/#\/schema\/person\/b4a388c97673c5f483d72185668afa1f"},"headline":"Concurso MP CE: resultados divulgados!","datePublished":"2025-07-10T22:02:00+00:00","dateModified":"2025-12-12T11:52:29+00:00","mainEntityOfPage":{"@id":"https:\/\/www.estrategiaconcursos.com.br\/blog\/concurso-mp-ce-servidor\/"},"wordCount":1506,"commentCount":8,"publisher":{"@id":"https:\/\/www.estrategiaconcursos.com.br\/blog\/#organization"},"image":{"@id":"https:\/\/www.estrategiaconcursos.com.br\/blog\/concurso-mp-ce-servidor\/#primaryimage"},"thumbnailUrl":"https:\/\/dhg1h5j42swfq.cloudfront.net\/2021\/08\/26092025\/mp-ce.jpeg","articleSection":["Tribunais"],"inLanguage":"pt-BR","potentialAction":[{"@type":"CommentAction","name":"Comment","target":["https:\/\/www.estrategiaconcursos.com.br\/blog\/concurso-mp-ce-servidor\/#respond"]}],"copyrightYear":"2025","copyrightHolder":{"@id":"https:\/\/www.estrategiaconcursos.com.br\/blog\/#organization"}},{"@type":"WebPage","@id":"https:\/\/www.estrategiaconcursos.com.br\/blog\/concurso-mp-ce-servidor\/","url":"https:\/\/www.estrategiaconcursos.com.br\/blog\/concurso-mp-ce-servidor\/","name":"Concurso MP CE: resultados divulgados!","isPartOf":{"@id":"https:\/\/www.estrategiaconcursos.com.br\/blog\/#website"},"primaryImageOfPage":{"@id":"https:\/\/www.estrategiaconcursos.com.br\/blog\/concurso-mp-ce-servidor\/#primaryimage"},"image":{"@id":"https:\/\/www.estrategiaconcursos.com.br\/blog\/concurso-mp-ce-servidor\/#primaryimage"},"thumbnailUrl":"https:\/\/dhg1h5j42swfq.cloudfront.net\/2021\/08\/26092025\/mp-ce.jpeg","datePublished":"2025-07-10T22:02:00+00:00","dateModified":"2025-12-12T11:52:29+00:00","description":"Concurso MP CE Servidor: edital oferta 1 vaga + CR para T\u00e9cnico e Analista Ministerial e at\u00e9 R$ 7,4 mil. Resultados dispon\u00edveis!","breadcrumb":{"@id":"https:\/\/www.estrategiaconcursos.com.br\/blog\/concurso-mp-ce-servidor\/#breadcrumb"},"inLanguage":"pt-BR","potentialAction":[{"@type":"ReadAction","target":["https:\/\/www.estrategiaconcursos.com.br\/blog\/concurso-mp-ce-servidor\/"]}]},{"@type":"ImageObject","inLanguage":"pt-BR","@id":"https:\/\/www.estrategiaconcursos.com.br\/blog\/concurso-mp-ce-servidor\/#primaryimage","url":"https:\/\/dhg1h5j42swfq.cloudfront.net\/2021\/08\/26092025\/mp-ce.jpeg","contentUrl":"https:\/\/dhg1h5j42swfq.cloudfront.net\/2021\/08\/26092025\/mp-ce.jpeg","width":768,"height":432,"caption":"Os temas mais cobrados no concurso MP CE"},{"@type":"BreadcrumbList","@id":"https:\/\/www.estrategiaconcursos.com.br\/blog\/concurso-mp-ce-servidor\/#breadcrumb","itemListElement":[{"@type":"ListItem","position":1,"name":"In\u00edcio","item":"https:\/\/www.estrategiaconcursos.com.br\/blog\/"},{"@type":"ListItem","position":2,"name":"Concurso MP CE: resultados divulgados!"}]},{"@type":"WebSite","@id":"https:\/\/www.estrategiaconcursos.com.br\/blog\/#website","url":"https:\/\/www.estrategiaconcursos.com.br\/blog\/","name":"Estrat\u00e9gia Concursos","description":"O blog da Estrat\u00e9gia Concursos traz not\u00edcias sobre concursos e artigos de professores oferecendo cursos para concursos (pdf + videaulas) no site.","publisher":{"@id":"https:\/\/www.estrategiaconcursos.com.br\/blog\/#organization"},"potentialAction":[{"@type":"SearchAction","target":{"@type":"EntryPoint","urlTemplate":"https:\/\/www.estrategiaconcursos.com.br\/blog\/?s={search_term_string}"},"query-input":{"@type":"PropertyValueSpecification","valueRequired":true,"valueName":"search_term_string"}}],"inLanguage":"pt-BR"},{"@type":"Organization","@id":"https:\/\/www.estrategiaconcursos.com.br\/blog\/#organization","name":"Estrat\u00e9gia Concursos","url":"https:\/\/www.estrategiaconcursos.com.br\/blog\/","logo":{"@type":"ImageObject","inLanguage":"pt-BR","@id":"https:\/\/www.estrategiaconcursos.com.br\/blog\/#\/schema\/logo\/image\/","url":"https:\/\/dhg1h5j42swfq.cloudfront.net\/2025\/06\/03203428\/logo_concursos-1.jpg","contentUrl":"https:\/\/dhg1h5j42swfq.cloudfront.net\/2025\/06\/03203428\/logo_concursos-1.jpg","width":230,"height":60,"caption":"Estrat\u00e9gia Concursos"},"image":{"@id":"https:\/\/www.estrategiaconcursos.com.br\/blog\/#\/schema\/logo\/image\/"},"sameAs":["https:\/\/x.com\/EstratConcursos"]},{"@type":"Person","@id":"https:\/\/www.estrategiaconcursos.com.br\/blog\/#\/schema\/person\/b4a388c97673c5f483d72185668afa1f","name":"Coordena\u00e7\u00e3o","image":{"@type":"ImageObject","inLanguage":"pt-BR","@id":"https:\/\/secure.gravatar.com\/avatar\/b720319e4c9a967eb58678d110f4fe35452fc5d5f97b202bac7b8acceb18c6ad?s=96&d=mm&r=g","url":"https:\/\/secure.gravatar.com\/avatar\/b720319e4c9a967eb58678d110f4fe35452fc5d5f97b202bac7b8acceb18c6ad?s=96&d=mm&r=g","contentUrl":"https:\/\/secure.gravatar.com\/avatar\/b720319e4c9a967eb58678d110f4fe35452fc5d5f97b202bac7b8acceb18c6ad?s=96&d=mm&r=g","caption":"Coordena\u00e7\u00e3o"},"sameAs":["https:\/\/www.facebook.com\/EstrategiaConcursos","https:\/\/x.com\/EstratConcursos"],"url":"https:\/\/www.estrategiaconcursos.com.br\/blog\/author\/estrategia2013\/"}]}},"_links":{"self":[{"href":"https:\/\/www.estrategiaconcursos.com.br\/blog\/wp-json\/wp\/v2\/posts\/136976","targetHints":{"allow":["GET"]}}],"collection":[{"href":"https:\/\/www.estrategiaconcursos.com.br\/blog\/wp-json\/wp\/v2\/posts"}],"about":[{"href":"https:\/\/www.estrategiaconcursos.com.br\/blog\/wp-json\/wp\/v2\/types\/post"}],"author":[{"embeddable":true,"href":"https:\/\/www.estrategiaconcursos.com.br\/blog\/wp-json\/wp\/v2\/users\/1"}],"replies":[{"embeddable":true,"href":"https:\/\/www.estrategiaconcursos.com.br\/blog\/wp-json\/wp\/v2\/comments?post=136976"}],"version-history":[{"count":194,"href":"https:\/\/www.estrategiaconcursos.com.br\/blog\/wp-json\/wp\/v2\/posts\/136976\/revisions"}],"predecessor-version":[{"id":1684289,"href":"https:\/\/www.estrategiaconcursos.com.br\/blog\/wp-json\/wp\/v2\/posts\/136976\/revisions\/1684289"}],"wp:featuredmedia":[{"embeddable":true,"href":"https:\/\/www.estrategiaconcursos.com.br\/blog\/wp-json\/wp\/v2\/media\/846082"}],"wp:attachment":[{"href":"https:\/\/www.estrategiaconcursos.com.br\/blog\/wp-json\/wp\/v2\/media?parent=136976"}],"wp:term":[{"taxonomy":"category","embeddable":true,"href":"https:\/\/www.estrategiaconcursos.com.br\/blog\/wp-json\/wp\/v2\/categories?post=136976"},{"taxonomy":"post_tag","embeddable":true,"href":"https:\/\/www.estrategiaconcursos.com.br\/blog\/wp-json\/wp\/v2\/tags?post=136976"},{"taxonomy":"tax_estado","embeddable":true,"href":"https:\/\/www.estrategiaconcursos.com.br\/blog\/wp-json\/wp\/v2\/tax_estado?post=136976"}],"curies":[{"name":"wp","href":"https:\/\/api.w.org\/{rel}","templated":true}]}}