{"id":1367471,"date":"2024-04-03T14:00:00","date_gmt":"2024-04-03T17:00:00","guid":{"rendered":"https:\/\/www.estrategiaconcursos.com.br\/blog\/?p=1367471"},"modified":"2024-04-01T15:20:11","modified_gmt":"2024-04-01T18:20:11","slug":"dados-pessoais-sensiveis-caixa","status":"publish","type":"post","link":"https:\/\/www.estrategiaconcursos.com.br\/blog\/dados-pessoais-sensiveis-caixa\/","title":{"rendered":"Dados Pessoais Sens\u00edveis para CAIXA"},"content":{"rendered":"\n<figure class=\"wp-block-image aligncenter size-large is-resized\"><img loading=\"lazy\" decoding=\"async\" width=\"1024\" height=\"683\" src=\"https:\/\/dhg1h5j42swfq.cloudfront.net\/2024\/03\/12115154\/dados-pessoais-sensiveis-para-caixa-1024x683.jpg\" alt=\"Dados Pessoais Sens\u00edveis para CAIXA\" class=\"wp-image-1367473\" style=\"width:668px;height:auto\" srcset=\"https:\/\/dhg1h5j42swfq.cloudfront.net\/2024\/03\/12115154\/dados-pessoais-sensiveis-para-caixa-1024x683.jpg 1024w, https:\/\/dhg1h5j42swfq.cloudfront.net\/2024\/03\/12115154\/dados-pessoais-sensiveis-para-caixa-300x200.jpg 300w, https:\/\/dhg1h5j42swfq.cloudfront.net\/2024\/03\/12115154\/dados-pessoais-sensiveis-para-caixa-768x513.jpg 768w, https:\/\/dhg1h5j42swfq.cloudfront.net\/2024\/03\/12115154\/dados-pessoais-sensiveis-para-caixa-1536x1025.jpg 1536w, https:\/\/dhg1h5j42swfq.cloudfront.net\/2024\/03\/12115154\/dados-pessoais-sensiveis-para-caixa-2048x1367.jpg 2048w, https:\/\/dhg1h5j42swfq.cloudfront.net\/2024\/03\/12115154\/dados-pessoais-sensiveis-para-caixa-610x407.jpg 610w, https:\/\/dhg1h5j42swfq.cloudfront.net\/2024\/03\/12115154\/dados-pessoais-sensiveis-para-caixa-150x100.jpg 150w\" sizes=\"auto, (max-width: 1024px) 100vw, 1024px\" \/><figcaption class=\"wp-element-caption\">Dados Pessoais Sens\u00edveis para CAIXA<\/figcaption><\/figure>\n\n\n\n<p><br \/>Fala, pessoal, tudo certo? Hoje faremos um resumo sobre os Dados Pessoais Sens\u00edveis para o concurso da CAIXA (Caixa Econ\u00f4mica Federal).<\/p>\n\n\n\n<p>Como sabemos, o edital do concurso da CAIXA (Caixa Econ\u00f4mica Federal) foi publicado e trouxe um total de 4.050 vagas (3.240 + 810 CR), com sal\u00e1rios de at\u00e9 R$14.915,00!<\/p>\n\n\n\n<p>A banca escolhida foi a Funda\u00e7\u00e3o Cesgranrio, e voc\u00eas podem conferir os detalhes dos editais no <a href=\"https:\/\/www.estrategiaconcursos.com.br\/blog\/concurso-caixa\/\" target=\"_blank\" rel=\"noreferrer noopener\">nosso artigo sobre a CAIXA.<\/a><\/p>\n\n\n\n<p>Sendo assim, vamos l\u00e1, rumo \u00e0 CAIXA!<\/p>\n\n\n\n<h2 class=\"wp-block-heading has-vivid-cyan-blue-color has-text-color has-link-color wp-elements-6518821f22a2ab196efa44942d61a0a6\" id=\"h-dados-pessoais-sensiveis\">Dados Pessoais Sens\u00edveis<\/h2>\n\n\n\n<h3 class=\"wp-block-heading has-vivid-cyan-blue-color has-text-color has-link-color wp-elements-db31779675297f123d0330bdd97a88c1\" id=\"h-consideracoes-iniciais\">Considera\u00e7\u00f5es iniciais<\/h3>\n\n\n\n<p>Primeiramente, destaca-se que, recentemente, incluiu-se o inciso LXXIX no artigo 5\u00ba da CF, o qual afirma <strong>ser assegurado, nos termos da lei, o direito \u00e0 prote\u00e7\u00e3o dos dados pessoais, inclusive nos meios digitais.<\/strong><\/p>\n\n\n\n<p>Al\u00e9m disso, como sabemos, o inciso X do mesmo artigo 5\u00ba preconiza ser inviol\u00e1veis a intimidade, a vida privada, a honra e a imagem das pessoas, assegurado o direito a indeniza\u00e7\u00e3o pelo dano material ou moral decorrente de sua viola\u00e7\u00e3o.<\/p>\n\n\n\n<p>Portanto, s\u00e3o esses os principais fundamentos constitucionais que d\u00e3o base para nosso estudo sobre a prote\u00e7\u00e3o e o tratamento de dados pessoais sens\u00edveis.<\/p>\n\n\n\n<p>Ademais, como se sabe, a Lei Geral de Prote\u00e7\u00e3o de Dados (<a href=\"https:\/\/www.planalto.gov.br\/ccivil_03\/_ato2015-2018\/2018\/lei\/L13709compilado.htm\" target=\"_blank\" rel=\"noreferrer noopener\">LGPD &#8211; Lei 13.709\/2018<\/a>) \u00e9 a principal legisla\u00e7\u00e3o, atualmente, que trata do assunto.<\/p>\n\n\n\n<p>Nesse sentido, o artigo 2\u00ba da LGPD disp\u00f5e sobre os fundamentos da prote\u00e7\u00e3o de dados, apontando, dentre outros, o respeito \u00e0 privacidade e a inviolabilidade da intimidade, da honra e da imagem, em conson\u00e2ncia, portanto, com a CF\/88.<\/p>\n\n\n\n<h3 class=\"wp-block-heading has-vivid-cyan-blue-color has-text-color has-link-color wp-elements-de359d74b43084d86806e403175bb58b\" id=\"h-tratamento-dos-dados-pessoais-sensiveis\">Tratamento dos dados pessoais sens\u00edveis<\/h3>\n\n\n\n<p>No que se refere ao <strong>tratamento de dados<\/strong>, a LGPD define como sendo <strong>opera\u00e7\u00e3o realizada com dados pessoais<\/strong>, como as que se referem a coleta, produ\u00e7\u00e3o, recep\u00e7\u00e3o, classifica\u00e7\u00e3o, utiliza\u00e7\u00e3o, acesso, reprodu\u00e7\u00e3o, transmiss\u00e3o, distribui\u00e7\u00e3o, processamento, arquivamento, armazenamento, elimina\u00e7\u00e3o, avalia\u00e7\u00e3o ou controle da informa\u00e7\u00e3o, modifica\u00e7\u00e3o, comunica\u00e7\u00e3o, transfer\u00eancia, difus\u00e3o ou extra\u00e7\u00e3o.<\/p>\n\n\n\n<p>Al\u00e9m disso, o artigo 5\u00ba, inciso II, da LGPD, define <strong>dado pessoal sens\u00edvel como sendo a informa\u00e7\u00e3o pessoal<\/strong> sobre origem racial ou \u00e9tnica, convic\u00e7\u00e3o religiosa, opini\u00e3o pol\u00edtica, filia\u00e7\u00e3o a sindicato ou a organiza\u00e7\u00e3o de car\u00e1ter religioso, filos\u00f3fico ou pol\u00edtico, dado referente \u00e0 sa\u00fade ou \u00e0 vida sexual, dado gen\u00e9tico ou biom\u00e9trico, quando vinculado a uma pessoa natural.<\/p>\n\n\n\n<p>No entanto, a<strong> Lei 13.709\/2018 N\u00c3O considera como dados pessoais os dados anonimizados<\/strong>, que, de acordo com o inciso III do artigo 5\u00ba, consiste no <strong>dado relativo a titular que n\u00e3o possa ser identificado<\/strong>, considerando a utiliza\u00e7\u00e3o de meios t\u00e9cnicos razo\u00e1veis e dispon\u00edveis na ocasi\u00e3o de seu tratamento.<\/p>\n\n\n\n<p>Por\u00e9m, o dado anonimizado considerar-se-\u00e1 dado pessoal quando o processo de anonimiza\u00e7\u00e3o ao qual foram submetidos for revertido, utilizando exclusivamente meios pr\u00f3prios, ou quando, com esfor\u00e7os razo\u00e1veis, puder ser revertido.<\/p>\n\n\n\n<p>Al\u00e9m disso, a Lei admite que dados utilizados para forma\u00e7\u00e3o do perfil comportamental de determinada pessoa natural, se identificada, podem ser considerados dados pessoais.<\/p>\n\n\n\n<p>Portanto, note que <strong>a regra \u00e9 que os dados anonimizados n\u00e3o sejam considerados dados pessoais, por\u00e9m poder\u00e3o ser caso (i)<\/strong> o processo de anonimiza\u00e7\u00e3o se reverta ou seja evitado;<strong> (ii)<\/strong> caso identificada a pessoa natural que forneceu os dados para forma\u00e7\u00e3o do perfil comportamental.<\/p>\n\n\n\n<h3 class=\"wp-block-heading has-vivid-cyan-blue-color has-text-color has-link-color wp-elements-eae0763913d0b554309085a068719188\" id=\"h-hipoteses-de-tratamento-dos-dados-sensiveis\">Hip\u00f3teses de tratamento dos dados sens\u00edveis<\/h3>\n\n\n\n<p>Como podemos perceber, o conceito de dados pessoais sens\u00edveis trata, realmente, de <strong>informa\u00e7\u00f5es bem pessoais e que muitas vezes fazem parte do \u00edntimo do indiv\u00edduo<\/strong>, diferenciando-se, portanto, de uma simples informa\u00e7\u00e3o sobre o endere\u00e7o, por exemplo.<\/p>\n\n\n\n<p>Com efeito, o artigo 11 da LGPD afirma que o tratamento de dados pessoais sens\u00edveis pode ocorrer <strong>(i) por consentimento do titular ou (ii) quando indispens\u00e1vel,<\/strong> sem consentimento do titular.<\/p>\n\n\n\n<p>Al\u00e9m disso, o que veremos abaixo aplica-se a qualquer tratamento de dados pessoais que revele dados pessoais sens\u00edveis e que possa causar dano ao titular, ressalvado o disposto em legisla\u00e7\u00e3o espec\u00edfica.<\/p>\n\n\n\n<h4 class=\"wp-block-heading has-vivid-cyan-blue-color has-text-color has-link-color wp-elements-eec050cfc210da73df0839d23b064e0e\" id=\"h-tratamento-consentido-de-dados-sensiveis\">Tratamento consentido de dados sens\u00edveis<\/h4>\n\n\n\n<p>Quando o titular ou respons\u00e1vel legal <strong>consentir<\/strong>, de <strong>forma espec\u00edfica e destacada, para finalidades espec\u00edficas<\/strong>.<\/p>\n\n\n\n<p>Veja que nesse caso \u00e9 necess\u00e1rio que o titular (ou respons\u00e1vel) d\u00ea seu <strong>consentimento<\/strong>, que, nos termos do inciso XII do artigo 5\u00ba da Lei, consiste na <strong>manifesta\u00e7\u00e3o livre, informada e inequ\u00edvoca<\/strong> pela qual o titular concorda com o tratamento de seus dados pessoais <strong>para uma finalidade determinada<\/strong>.<\/p>\n\n\n\n<p>Ademais, perceba que a lei exige sempre que o consentimento seja algo espec\u00edfico para uma finalidade.&nbsp;<\/p>\n\n\n\n<p>Portanto, n\u00e3o h\u00e1 tratamento de dados pessoais sens\u00edveis consentido se o titular dos dados fornecer um consentimento gen\u00e9rico.<\/p>\n\n\n\n<figure class=\"wp-block-table\"><table><tbody><tr><td><strong>Exemplo<\/strong><br \/><br \/>Imagine que o titular dos dados forne\u00e7a um consentimento para que, durante 04 anos, seus dados pessoais sens\u00edveis referentes \u00e0 opini\u00e3o pol\u00edtica, filia\u00e7\u00e3o a sindicato e a organiza\u00e7\u00e3o pol\u00edtica sejam monitorados e repassados a um conjunto de empresas de um mesmo grupo econ\u00f4mico.<br \/><br \/>Ora, por mais que possa parecer num primeiro momento, o consentimento <strong>n\u00e3o <\/strong>ocorreu de forma espec\u00edfica, destacada e para finalidades espec\u00edficas.<br \/><br \/>Na verdade, o titular dos dados, no nosso exemplo, forneceu os dados de forma gen\u00e9rica, durante longo per\u00edodo, sem qualquer especifica\u00e7\u00e3o da finalidade para a qual aquele grupo econ\u00f4mico estava coletando esses dados.<br \/><br \/><strong>Nesse sentido, nos termos do \u00a7 4\u00ba do artigo 8\u00ba, essa autoriza\u00e7\u00e3o gen\u00e9rica \u00e9 NULA.<\/strong><\/td><\/tr><\/tbody><\/table><\/figure>\n\n\n\n<h4 class=\"wp-block-heading has-vivid-cyan-blue-color has-text-color has-link-color wp-elements-9d9c90e6d559a0f62bb2b8b2e5dc0b76\" id=\"h-tratamento-nao-consentido-de-dados-sensiveis\">Tratamento N\u00c3O consentido de dados sens\u00edveis<\/h4>\n\n\n\n<p>O tratamento n\u00e3o consentido, por sua vez, \u00e9 \u201cainda mais sens\u00edvel\u201d, como podemos imaginar.<\/p>\n\n\n\n<p>Isso porque um dado pessoal sens\u00edvel ser\u00e1 tratado (<em>como vimos, o tratamento \u00e9 um conceito bem abrangente<\/em>) sem sequer haver autoriza\u00e7\u00e3o do seu titular ou respons\u00e1vel legal.<\/p>\n\n\n\n<p>Ent\u00e3o, imagine um dado pessoal seu referente \u00e0 opini\u00e3o pol\u00edtica, vida sexual sendo reproduzido e transmitido (<em>est\u00e1 no conceito de tratamento)<\/em> sem sua autoriza\u00e7\u00e3o. Algo s\u00e9rio, n\u00e3o \u00e9 mesmo?!<\/p>\n\n\n\n<p>Com efeito, \u00e9 por essa raz\u00e3o que a LGPD afirma que o tratamento de dados pessoais sens\u00edveis <strong>SEM fornecimento <\/strong>de consentimento do titular <strong>APENAS pode correr nas hip\u00f3teses em que for INDISPENS\u00c1VEL para:<\/strong><\/p>\n\n\n\n<blockquote class=\"wp-block-quote is-layout-flow wp-block-quote-is-layout-flow\">\n<p class=\"has-small-font-size\">Art. 11. (&#8230;)<\/p>\n\n\n\n<p class=\"has-small-font-size\">(&#8230;)<\/p>\n\n\n\n<p class=\"has-small-font-size\"><strong>II &#8211; sem fornecimento de consentimento do titular, nas hip\u00f3teses em que for indispens\u00e1vel para:<\/strong><\/p>\n\n\n\n<p class=\"has-small-font-size\">a) cumprimento de obriga\u00e7\u00e3o legal ou regulat\u00f3ria pelo controlador;<\/p>\n\n\n\n<p class=\"has-small-font-size\">b) tratamento compartilhado de dados necess\u00e1rios \u00e0 execu\u00e7\u00e3o, pela administra\u00e7\u00e3o p\u00fablica, de pol\u00edticas p\u00fablicas previstas em leis ou regulamentos;<\/p>\n\n\n\n<p class=\"has-small-font-size\">c) realiza\u00e7\u00e3o de estudos por \u00f3rg\u00e3o de pesquisa, garantida, sempre que poss\u00edvel, a anonimiza\u00e7\u00e3o dos dados pessoais sens\u00edveis;<\/p>\n\n\n\n<p class=\"has-small-font-size\">d) exerc\u00edcio regular de direitos, inclusive em contrato e em processo judicial, administrativo e arbitral, este \u00faltimo nos termos da Lei n\u00ba 9.307, de 23 de setembro de 1996 (Lei de Arbitragem) ;<\/p>\n\n\n\n<p class=\"has-small-font-size\">e) prote\u00e7\u00e3o da vida ou da incolumidade f\u00edsica do titular ou de terceiro;<\/p>\n\n\n\n<p class=\"has-small-font-size\">f) tutela da sa\u00fade, exclusivamente, em procedimento realizado por profissionais de sa\u00fade, servi\u00e7os de sa\u00fade ou autoridade sanit\u00e1ria; ou&nbsp;&nbsp;&nbsp;&nbsp;<\/p>\n\n\n\n<p class=\"has-small-font-size\">g) garantia da preven\u00e7\u00e3o \u00e0 fraude e \u00e0 seguran\u00e7a do titular, nos processos de identifica\u00e7\u00e3o e autentica\u00e7\u00e3o de cadastro em sistemas eletr\u00f4nicos, resguardados os direitos mencionados no art. 9\u00ba desta Lei e exceto no caso de prevalecerem direitos e liberdades fundamentais do titular que exijam a prote\u00e7\u00e3o dos dados pessoais.<br \/><br \/>\u00a7 2\u00ba Nos casos de aplica\u00e7\u00e3o do disposto nas al\u00edneas \u201ca\u201d e \u201cb\u201d do inciso II do caput deste artigo pelos \u00f3rg\u00e3os e pelas entidades p\u00fablicas, ser\u00e1 dada publicidade \u00e0 referida dispensa de consentimento, nos termos do inciso I do caput do art. 23 desta Lei.<\/p>\n<\/blockquote>\n\n\n\n<p>Uma previs\u00e3o interesse da <strong>LGPD \u00e9 que ela N\u00c3O veda<\/strong>, de pronto, a comunica\u00e7\u00e3o ou o uso compartilhado desses dados sens\u00edveis entre controladores <strong>com objetivo de obter vantagem econ\u00f4mica<\/strong>.&nbsp;<\/p>\n\n\n\n<p>Em vez disso, ela afirma que essa comunica\u00e7\u00e3o\/compartilhamento <strong>PODER\u00c1 ser objeto de veda\u00e7\u00e3o ou de regulamenta\u00e7\u00e3o <\/strong>por parte da autoridade nacional. Por\u00e9m, desde que ouvidos os \u00f3rg\u00e3os setoriais do Poder P\u00fablico, no \u00e2mbito de suas compet\u00eancias.<\/p>\n\n\n\n<p>No entanto, a <strong>EXCE\u00c7\u00c3O <\/strong>\u00e9 para os casos em que h\u00e1<strong> objetivo de obter vantagem econ\u00f4mica referente \u00e0 SA\u00daDE.<\/strong><\/p>\n\n\n\n<p>Por\u00e9m, a LGPD ainda traz a <strong>\u201cEXCE\u00c7\u00c3O DA EXCE\u00c7\u00c3O\u201d<\/strong>. Trata-se dos casos em que, mesmo quando envolve SA\u00daDE mas ocorrem nas seguintes hip\u00f3teses:<\/p>\n\n\n\n<blockquote class=\"wp-block-quote is-layout-flow wp-block-quote-is-layout-flow\">\n<p class=\"has-small-font-size\">\u00a7 4\u00ba \u00c9 vedada a comunica\u00e7\u00e3o ou o uso compartilhado entre controladores de dados pessoais sens\u00edveis referentes \u00e0 sa\u00fade com objetivo de obter vantagem econ\u00f4mica, <span style=\"text-decoration: underline;\">exceto nas hip\u00f3teses relativas a presta\u00e7\u00e3o de servi\u00e7os de sa\u00fade, de assist\u00eancia farmac\u00eautica e de assist\u00eancia \u00e0 sa\u00fade, desde que observado o \u00a7 5\u00ba deste artigo, inclu\u00eddos os servi\u00e7os auxiliares de diagnose e terapia, em benef\u00edcio dos interesses dos titulares de dados, e para permitir:<\/span> \u00a0\u00a0\u00a0\u00a0<\/p>\n\n\n\n<p class=\"has-small-font-size\">I &#8211; a <span style=\"text-decoration: underline;\">portabilidade de dados<\/span> quando solicitada pelo titular; ou\u00a0\u00a0<\/p>\n\n\n\n<p class=\"has-small-font-size\">II &#8211; as<strong> <\/strong><span style=\"text-decoration: underline;\">transa\u00e7\u00f5es financeiras e administrativas<\/span> resultantes do uso e da presta\u00e7\u00e3o dos servi\u00e7os de que trata este par\u00e1grafo.<\/p>\n\n\n\n<p class=\"has-small-font-size\">\u00a7 5\u00ba <span style=\"text-decoration: underline;\">\u00c9 vedado \u00e0s operadoras de planos privados de assist\u00eancia \u00e0 sa\u00fade o tratamento de dados de sa\u00fade para a pr\u00e1tica de sele\u00e7\u00e3o de riscos na contrata\u00e7\u00e3o de <strong>qualquer modalidade, assim como na contrata\u00e7\u00e3o e exclus\u00e3o de benefici\u00e1rios<\/strong><\/span>.\u00a0<\/p>\n<\/blockquote>\n\n\n\n<h2 class=\"wp-block-heading has-vivid-cyan-blue-color has-text-color has-link-color wp-elements-e7b20fe698c6c29a007e244ab912bd2c\" id=\"h-conclusao\">Conclus\u00e3o<\/h2>\n\n\n\n<p>Portanto, pessoal, esse foi nosso breve resumo sobre os Dados Pessoais Sens\u00edveis para o concurso da CAIXA (Caixa Econ\u00f4mica Federal).<\/p>\n\n\n\n<p>Por fim, considerando que n\u00e3o esgotamos aqui o tema, n\u00e3o deixe de revisar o assunto em seu material de estudos. Al\u00e9m disso, pratique com diversas quest\u00f5es sobre o tema.<\/p>\n\n\n\n<p>No mais, desejamos uma excelente prova a todos!!<\/p>\n\n\n\n<p class=\"has-text-align-center\" id=\"h-quer-saber-tudo-sobre-concursos-previstos\"><strong>Quer saber quais ser\u00e3o os pr\u00f3ximos concursos?<\/strong><\/p>\n\n\n\n<p class=\"has-text-align-center\"><strong>Confira nossos artigos!<\/strong><\/p>\n\n\n\n<p class=\"has-text-align-center has-white-color has-pale-cyan-blue-background-color has-text-color has-background\"><a href=\"https:\/\/www.estrategiaconcursos.com.br\/blog\/concursos-abertos\/\" target=\"_blank\" rel=\"noreferrer noopener\">Confira os concursos p\u00fablicos abertos<\/a><\/p>\n\n\n\n<p class=\"has-text-align-center has-white-color has-pale-cyan-blue-background-color has-text-color has-background\"><a href=\"https:\/\/www.estrategiaconcursos.com.br\/blog\/concursos-2024\/\" target=\"_blank\" rel=\"noreferrer noopener\">Concursos 2024<\/a><\/p>\n\n\n\n<h3 class=\"wp-block-heading\" id=\"assinatura-de-concursos\">Assinatura de Concursos<\/h3>\n\n\n\n<p>Assinatura de 1 ano ou 2 anos <a href=\"https:\/\/www.estrategiaconcursos.com.br\/assinaturas\/\" target=\"_blank\" rel=\"noreferrer noopener\">ASSINE AGORA<\/a><\/p>\n\n\n\n<p>Agora, confira as vagas e oportunidades dos&nbsp;<strong>concursos 2024<\/strong>&nbsp;navegando atrav\u00e9s do \u00edndice abaixo:<\/p>\n\n\n\n<h2 class=\"wp-block-heading\" id=\"concursos-e-vagas-previstas-para-2023\">Concursos e vagas previstas para 2024:<\/h2>\n\n\n\n<p>Ademais, al\u00e9m deste resumo sobre os Dados Pessoais Sens\u00edveis para CAIXA, confira:<\/p>\n\n\n\n<ul class=\"wp-block-list\">\n<li><a href=\"https:\/\/www.estrategiaconcursos.com.br\/blog\/concursos-2023\/#policial\" target=\"_blank\" rel=\"noreferrer noopener\">Concursos Policiais<\/a><\/li>\n\n\n\n<li><a href=\"https:\/\/www.estrategiaconcursos.com.br\/blog\/concursos-2023\/#fiscal\" target=\"_blank\" rel=\"noreferrer noopener\">Concursos Fiscais<\/a><\/li>\n\n\n\n<li><a href=\"https:\/\/www.estrategiaconcursos.com.br\/blog\/concursos-2023\/#controle\" target=\"_blank\" rel=\"noreferrer noopener\">Concursos Controle<\/a><\/li>\n\n\n\n<li><a href=\"https:\/\/www.estrategiaconcursos.com.br\/blog\/concursos-2023\/#tribunais\" target=\"_blank\" rel=\"noreferrer noopener\">Concursos Tribunais<\/a><\/li>\n\n\n\n<li><a href=\"https:\/\/www.estrategiaconcursos.com.br\/blog\/concursos-2023\/#ministerios-publicos\" target=\"_blank\" rel=\"noreferrer noopener\">Concursos em Minist\u00e9rios P\u00fablicos<\/a><\/li>\n\n\n\n<li><a href=\"https:\/\/www.estrategiaconcursos.com.br\/blog\/concursos-2023\/#defensorias-publicas\" target=\"_blank\" rel=\"noreferrer noopener\">Concursos em Defensorias<\/a><\/li>\n\n\n\n<li><a href=\"https:\/\/www.estrategiaconcursos.com.br\/blog\/concursos-2023\/#legislativa\" target=\"_blank\" rel=\"noreferrer noopener\">Concursos Legislativos<\/a><\/li>\n\n\n\n<li><a href=\"https:\/\/www.estrategiaconcursos.com.br\/blog\/concursos-2023\/#saude\" target=\"_blank\" rel=\"noreferrer noopener\">Concursos da \u00e1rea da Sa\u00fade<\/a><\/li>\n\n\n\n<li><a href=\"https:\/\/www.estrategiaconcursos.com.br\/blog\/concursos-2023\/#bancaria\" target=\"_blank\" rel=\"noreferrer noopener\">Concursos da \u00e1rea banc\u00e1ria<\/a><\/li>\n\n\n\n<li><a href=\"https:\/\/www.estrategiaconcursos.com.br\/blog\/concursos-2023\/#educacao\" target=\"_blank\" rel=\"noreferrer noopener\">Concursos da \u00e1rea da Educa\u00e7\u00e3o<\/a><\/li>\n\n\n\n<li><a href=\"https:\/\/www.estrategiaconcursos.com.br\/blog\/concursos-2023\/#prefeituras\" target=\"_blank\" rel=\"noreferrer noopener\">Concursos para Prefeituras<\/a><\/li>\n\n\n\n<li><a href=\"https:\/\/www.estrategiaconcursos.com.br\/blog\/concursos-2023\/#outros\" target=\"_blank\" rel=\"noreferrer noopener\">Concursos outras oportunidades<\/a><\/li>\n<\/ul>\n\n\n\n<p class=\"has-text-align-center has-luminous-vivid-amber-background-color has-background\" style=\"font-size:clamp(14.642px, 0.915rem + ((1vw - 3.2px) * 0.721), 22px);\"><strong>Veja tamb\u00e9m: <a href=\"https:\/\/www.estrategiaconcursos.com.br\/blog\/concursos-abertos\/\" target=\"_blank\" rel=\"noreferrer noopener\">Concursos Abertos<\/a><\/strong><\/p>\n\n\n\n<p class=\"has-text-align-left\" style=\"font-size:clamp(16.293px, 1.018rem + ((1vw - 3.2px) * 0.854), 25px);\"><em><strong>Quer saber tudo sobre os concursos previstos? Confira nossos artigos completos:<\/strong><\/em><\/p>\n\n\n\n<p>Ademais, al\u00e9m deste resumo sobre os Dados Pessoais Sens\u00edveis para CAIXA, confira:<\/p>\n\n\n\n<ul class=\"wp-block-list\">\n<li><a href=\"https:\/\/www.estrategiaconcursos.com.br\/blog\/concursos-2024\/\" target=\"_blank\" rel=\"noreferrer noopener\">Concursos 2024<\/a><\/li>\n\n\n\n<li><a href=\"https:\/\/www.estrategiaconcursos.com.br\/blog\/concurso-nacional-unificado\/\" target=\"_blank\" rel=\"noreferrer noopener\">Concurso Nacional Unificado (CNU)<\/a><\/li>\n<\/ul>\n","protected":false},"excerpt":{"rendered":"<p>Fala, pessoal, tudo certo? Hoje faremos um resumo sobre os Dados Pessoais Sens\u00edveis para o concurso da CAIXA (Caixa Econ\u00f4mica Federal). Como sabemos, o edital do concurso da CAIXA (Caixa Econ\u00f4mica Federal) foi publicado e trouxe um total de 4.050 vagas (3.240 + 810 CR), com sal\u00e1rios de at\u00e9 R$14.915,00! A banca escolhida foi a [&hellip;]<\/p>\n","protected":false},"author":2567,"featured_media":1367473,"comment_status":"open","ping_status":"closed","sticky":false,"template":"","format":"standard","meta":{"post_tipo":"article","footnotes":""},"categories":[2313,1],"tags":[],"tax_estado":[219964,219965,219966,219967,219968,219969,219963,219970,219971,219972,219973,219974,219975,219976,219977,219978,219979,219980,219981,219982,219983,219984,219985,219986,219987,219988,219989,219990],"class_list":["post-1367471","post","type-post","status-publish","format-standard","has-post-thumbnail","hentry","category-carreiras-bancarias","category-cursos-e-concursos","tax_estado-ac","tax_estado-al","tax_estado-am","tax_estado-ap","tax_estado-ba","tax_estado-ce","tax_estado-concursos-federais","tax_estado-df","tax_estado-es","tax_estado-go","tax_estado-ma","tax_estado-mg","tax_estado-ms","tax_estado-mt","tax_estado-pa","tax_estado-pb","tax_estado-pe","tax_estado-pi","tax_estado-pr","tax_estado-rj","tax_estado-rn","tax_estado-ro","tax_estado-rr","tax_estado-rs","tax_estado-sc","tax_estado-se","tax_estado-sp","tax_estado-to"],"acf":[],"yoast_head":"<!-- This site is optimized with the Yoast SEO Premium plugin v27.2 (Yoast SEO v27.2) - https:\/\/yoast.com\/product\/yoast-seo-premium-wordpress\/ -->\n<title>Dados Pessoais Sens\u00edveis para CAIXA<\/title>\n<meta name=\"description\" content=\"Confira este resumo sobre os Dados Pessoais Sens\u00edveis (LGPD) para o concurso da CAIXA (Caixa Econ\u00f4mica Federal) .\" \/>\n<meta name=\"robots\" content=\"index, follow, max-snippet:-1, max-image-preview:large, max-video-preview:-1\" \/>\n<link rel=\"canonical\" href=\"https:\/\/www.estrategiaconcursos.com.br\/blog\/dados-pessoais-sensiveis-caixa\/\" \/>\n<meta property=\"og:locale\" content=\"pt_BR\" \/>\n<meta property=\"og:type\" content=\"article\" \/>\n<meta property=\"og:title\" content=\"Dados Pessoais Sens\u00edveis para CAIXA\" \/>\n<meta property=\"og:description\" content=\"Confira este resumo sobre os Dados Pessoais Sens\u00edveis (LGPD) para o concurso da CAIXA (Caixa Econ\u00f4mica Federal) .\" \/>\n<meta property=\"og:url\" content=\"https:\/\/www.estrategiaconcursos.com.br\/blog\/dados-pessoais-sensiveis-caixa\/\" \/>\n<meta property=\"og:site_name\" content=\"Estrat\u00e9gia Concursos\" \/>\n<meta property=\"article:published_time\" content=\"2024-04-03T17:00:00+00:00\" \/>\n<meta property=\"og:image\" content=\"https:\/\/dhg1h5j42swfq.cloudfront.net\/2024\/03\/12115154\/dados-pessoais-sensiveis-para-caixa-scaled.jpg\" \/>\n\t<meta property=\"og:image:width\" content=\"2560\" \/>\n\t<meta property=\"og:image:height\" content=\"1709\" \/>\n\t<meta property=\"og:image:type\" content=\"image\/jpeg\" \/>\n<meta name=\"author\" content=\"Frederico Tadeu Borlot Peixoto\" \/>\n<meta name=\"twitter:card\" content=\"summary_large_image\" \/>\n<meta name=\"twitter:creator\" content=\"@EstratConcursos\" \/>\n<meta name=\"twitter:site\" content=\"@EstratConcursos\" \/>\n<meta name=\"twitter:label1\" content=\"Escrito por\" \/>\n\t<meta name=\"twitter:data1\" content=\"Frederico Tadeu Borlot Peixoto\" \/>\n\t<meta name=\"twitter:label2\" content=\"Est. tempo de leitura\" \/>\n\t<meta name=\"twitter:data2\" content=\"9 minutos\" \/>\n<script type=\"application\/ld+json\" class=\"yoast-schema-graph\">{\"@context\":\"https:\/\/schema.org\",\"@graph\":[{\"@type\":\"NewsArticle\",\"@id\":\"https:\/\/www.estrategiaconcursos.com.br\/blog\/dados-pessoais-sensiveis-caixa\/#article\",\"isPartOf\":{\"@id\":\"https:\/\/www.estrategiaconcursos.com.br\/blog\/dados-pessoais-sensiveis-caixa\/\"},\"author\":{\"name\":\"Frederico Tadeu Borlot Peixoto\",\"@id\":\"https:\/\/www.estrategiaconcursos.com.br\/blog\/#\/schema\/person\/48a7e085e45aee7c3d4596399af50ebb\"},\"headline\":\"Dados Pessoais Sens\u00edveis para CAIXA\",\"datePublished\":\"2024-04-03T17:00:00+00:00\",\"mainEntityOfPage\":{\"@id\":\"https:\/\/www.estrategiaconcursos.com.br\/blog\/dados-pessoais-sensiveis-caixa\/\"},\"wordCount\":1773,\"commentCount\":0,\"publisher\":{\"@id\":\"https:\/\/www.estrategiaconcursos.com.br\/blog\/#organization\"},\"image\":{\"@id\":\"https:\/\/www.estrategiaconcursos.com.br\/blog\/dados-pessoais-sensiveis-caixa\/#primaryimage\"},\"thumbnailUrl\":\"https:\/\/dhg1h5j42swfq.cloudfront.net\/2024\/03\/12115154\/dados-pessoais-sensiveis-para-caixa-scaled.jpg\",\"articleSection\":[\"Banc\u00e1ria (BB, CEF e Bancos Estaduais)\",\"Concursos P\u00fablicos\"],\"inLanguage\":\"pt-BR\",\"potentialAction\":[{\"@type\":\"CommentAction\",\"name\":\"Comment\",\"target\":[\"https:\/\/www.estrategiaconcursos.com.br\/blog\/dados-pessoais-sensiveis-caixa\/#respond\"]}],\"copyrightYear\":\"2024\",\"copyrightHolder\":{\"@id\":\"https:\/\/www.estrategiaconcursos.com.br\/blog\/#organization\"}},{\"@type\":\"WebPage\",\"@id\":\"https:\/\/www.estrategiaconcursos.com.br\/blog\/dados-pessoais-sensiveis-caixa\/\",\"url\":\"https:\/\/www.estrategiaconcursos.com.br\/blog\/dados-pessoais-sensiveis-caixa\/\",\"name\":\"Dados Pessoais Sens\u00edveis para CAIXA\",\"isPartOf\":{\"@id\":\"https:\/\/www.estrategiaconcursos.com.br\/blog\/#website\"},\"primaryImageOfPage\":{\"@id\":\"https:\/\/www.estrategiaconcursos.com.br\/blog\/dados-pessoais-sensiveis-caixa\/#primaryimage\"},\"image\":{\"@id\":\"https:\/\/www.estrategiaconcursos.com.br\/blog\/dados-pessoais-sensiveis-caixa\/#primaryimage\"},\"thumbnailUrl\":\"https:\/\/dhg1h5j42swfq.cloudfront.net\/2024\/03\/12115154\/dados-pessoais-sensiveis-para-caixa-scaled.jpg\",\"datePublished\":\"2024-04-03T17:00:00+00:00\",\"description\":\"Confira este resumo sobre os Dados Pessoais Sens\u00edveis (LGPD) para o concurso da CAIXA (Caixa Econ\u00f4mica Federal) .\",\"breadcrumb\":{\"@id\":\"https:\/\/www.estrategiaconcursos.com.br\/blog\/dados-pessoais-sensiveis-caixa\/#breadcrumb\"},\"inLanguage\":\"pt-BR\",\"potentialAction\":[{\"@type\":\"ReadAction\",\"target\":[\"https:\/\/www.estrategiaconcursos.com.br\/blog\/dados-pessoais-sensiveis-caixa\/\"]}]},{\"@type\":\"ImageObject\",\"inLanguage\":\"pt-BR\",\"@id\":\"https:\/\/www.estrategiaconcursos.com.br\/blog\/dados-pessoais-sensiveis-caixa\/#primaryimage\",\"url\":\"https:\/\/dhg1h5j42swfq.cloudfront.net\/2024\/03\/12115154\/dados-pessoais-sensiveis-para-caixa-scaled.jpg\",\"contentUrl\":\"https:\/\/dhg1h5j42swfq.cloudfront.net\/2024\/03\/12115154\/dados-pessoais-sensiveis-para-caixa-scaled.jpg\",\"width\":2560,\"height\":1709,\"caption\":\"Dados Pessoais Sens\u00edveis para CAIXA\"},{\"@type\":\"BreadcrumbList\",\"@id\":\"https:\/\/www.estrategiaconcursos.com.br\/blog\/dados-pessoais-sensiveis-caixa\/#breadcrumb\",\"itemListElement\":[{\"@type\":\"ListItem\",\"position\":1,\"name\":\"In\u00edcio\",\"item\":\"https:\/\/www.estrategiaconcursos.com.br\/blog\/\"},{\"@type\":\"ListItem\",\"position\":2,\"name\":\"Dados Pessoais Sens\u00edveis para CAIXA\"}]},{\"@type\":\"WebSite\",\"@id\":\"https:\/\/www.estrategiaconcursos.com.br\/blog\/#website\",\"url\":\"https:\/\/www.estrategiaconcursos.com.br\/blog\/\",\"name\":\"Estrat\u00e9gia Concursos\",\"description\":\"O blog da Estrat\u00e9gia Concursos traz not\u00edcias sobre concursos e artigos de professores oferecendo cursos para concursos (pdf + videaulas) no site.\",\"publisher\":{\"@id\":\"https:\/\/www.estrategiaconcursos.com.br\/blog\/#organization\"},\"potentialAction\":[{\"@type\":\"SearchAction\",\"target\":{\"@type\":\"EntryPoint\",\"urlTemplate\":\"https:\/\/www.estrategiaconcursos.com.br\/blog\/?s={search_term_string}\"},\"query-input\":{\"@type\":\"PropertyValueSpecification\",\"valueRequired\":true,\"valueName\":\"search_term_string\"}}],\"inLanguage\":\"pt-BR\"},{\"@type\":\"Organization\",\"@id\":\"https:\/\/www.estrategiaconcursos.com.br\/blog\/#organization\",\"name\":\"Estrat\u00e9gia Concursos\",\"url\":\"https:\/\/www.estrategiaconcursos.com.br\/blog\/\",\"logo\":{\"@type\":\"ImageObject\",\"inLanguage\":\"pt-BR\",\"@id\":\"https:\/\/www.estrategiaconcursos.com.br\/blog\/#\/schema\/logo\/image\/\",\"url\":\"https:\/\/dhg1h5j42swfq.cloudfront.net\/2025\/06\/03203428\/logo_concursos-1.jpg\",\"contentUrl\":\"https:\/\/dhg1h5j42swfq.cloudfront.net\/2025\/06\/03203428\/logo_concursos-1.jpg\",\"width\":230,\"height\":60,\"caption\":\"Estrat\u00e9gia Concursos\"},\"image\":{\"@id\":\"https:\/\/www.estrategiaconcursos.com.br\/blog\/#\/schema\/logo\/image\/\"},\"sameAs\":[\"https:\/\/x.com\/EstratConcursos\"]},{\"@type\":\"Person\",\"@id\":\"https:\/\/www.estrategiaconcursos.com.br\/blog\/#\/schema\/person\/48a7e085e45aee7c3d4596399af50ebb\",\"name\":\"Frederico Tadeu Borlot Peixoto\",\"image\":{\"@type\":\"ImageObject\",\"inLanguage\":\"pt-BR\",\"@id\":\"https:\/\/secure.gravatar.com\/avatar\/df8a49e2321c1e32f85e9e7c2a9c92c688f1f53a947220f40017ff5858b09fdb?s=96&d=mm&r=g\",\"url\":\"https:\/\/secure.gravatar.com\/avatar\/df8a49e2321c1e32f85e9e7c2a9c92c688f1f53a947220f40017ff5858b09fdb?s=96&d=mm&r=g\",\"contentUrl\":\"https:\/\/secure.gravatar.com\/avatar\/df8a49e2321c1e32f85e9e7c2a9c92c688f1f53a947220f40017ff5858b09fdb?s=96&d=mm&r=g\",\"caption\":\"Frederico Tadeu Borlot Peixoto\"},\"description\":\"Analista Judici\u00e1rio - \u00c1rea Judici\u00e1ria do TRF da 4\u00aa regi\u00e3o. Bacharel em Direito. P\u00f3s-graduado em Direito Administrativo, Legisla\u00e7\u00e3o Penal Especial, Direito Penal e Direito Processual Penal. Tamb\u00e9m nomeado no TRF da 3\u00aa regi\u00e3o (8\u00ba lugar); SPPREV (3\u00ba lugar); IFES (2\u00ba lugar); e PMES. https:\/\/www.instagram.com\/proffrederico\/\",\"sameAs\":[\"https:\/\/www.instagram.com\/proffrederico\/\"],\"url\":\"https:\/\/www.estrategiaconcursos.com.br\/blog\/author\/xfredericohotmail-com\/\"}]}<\/script>\n<!-- \/ Yoast SEO Premium plugin. -->","yoast_head_json":{"title":"Dados Pessoais Sens\u00edveis para CAIXA","description":"Confira este resumo sobre os Dados Pessoais Sens\u00edveis (LGPD) para o concurso da CAIXA (Caixa Econ\u00f4mica Federal) .","robots":{"index":"index","follow":"follow","max-snippet":"max-snippet:-1","max-image-preview":"max-image-preview:large","max-video-preview":"max-video-preview:-1"},"canonical":"https:\/\/www.estrategiaconcursos.com.br\/blog\/dados-pessoais-sensiveis-caixa\/","og_locale":"pt_BR","og_type":"article","og_title":"Dados Pessoais Sens\u00edveis para CAIXA","og_description":"Confira este resumo sobre os Dados Pessoais Sens\u00edveis (LGPD) para o concurso da CAIXA (Caixa Econ\u00f4mica Federal) .","og_url":"https:\/\/www.estrategiaconcursos.com.br\/blog\/dados-pessoais-sensiveis-caixa\/","og_site_name":"Estrat\u00e9gia Concursos","article_published_time":"2024-04-03T17:00:00+00:00","og_image":[{"width":2560,"height":1709,"url":"https:\/\/dhg1h5j42swfq.cloudfront.net\/2024\/03\/12115154\/dados-pessoais-sensiveis-para-caixa-scaled.jpg","type":"image\/jpeg"}],"author":"Frederico Tadeu Borlot Peixoto","twitter_card":"summary_large_image","twitter_creator":"@EstratConcursos","twitter_site":"@EstratConcursos","twitter_misc":{"Escrito por":"Frederico Tadeu Borlot Peixoto","Est. tempo de leitura":"9 minutos"},"schema":{"@context":"https:\/\/schema.org","@graph":[{"@type":"NewsArticle","@id":"https:\/\/www.estrategiaconcursos.com.br\/blog\/dados-pessoais-sensiveis-caixa\/#article","isPartOf":{"@id":"https:\/\/www.estrategiaconcursos.com.br\/blog\/dados-pessoais-sensiveis-caixa\/"},"author":{"name":"Frederico Tadeu Borlot Peixoto","@id":"https:\/\/www.estrategiaconcursos.com.br\/blog\/#\/schema\/person\/48a7e085e45aee7c3d4596399af50ebb"},"headline":"Dados Pessoais Sens\u00edveis para CAIXA","datePublished":"2024-04-03T17:00:00+00:00","mainEntityOfPage":{"@id":"https:\/\/www.estrategiaconcursos.com.br\/blog\/dados-pessoais-sensiveis-caixa\/"},"wordCount":1773,"commentCount":0,"publisher":{"@id":"https:\/\/www.estrategiaconcursos.com.br\/blog\/#organization"},"image":{"@id":"https:\/\/www.estrategiaconcursos.com.br\/blog\/dados-pessoais-sensiveis-caixa\/#primaryimage"},"thumbnailUrl":"https:\/\/dhg1h5j42swfq.cloudfront.net\/2024\/03\/12115154\/dados-pessoais-sensiveis-para-caixa-scaled.jpg","articleSection":["Banc\u00e1ria (BB, CEF e Bancos Estaduais)","Concursos P\u00fablicos"],"inLanguage":"pt-BR","potentialAction":[{"@type":"CommentAction","name":"Comment","target":["https:\/\/www.estrategiaconcursos.com.br\/blog\/dados-pessoais-sensiveis-caixa\/#respond"]}],"copyrightYear":"2024","copyrightHolder":{"@id":"https:\/\/www.estrategiaconcursos.com.br\/blog\/#organization"}},{"@type":"WebPage","@id":"https:\/\/www.estrategiaconcursos.com.br\/blog\/dados-pessoais-sensiveis-caixa\/","url":"https:\/\/www.estrategiaconcursos.com.br\/blog\/dados-pessoais-sensiveis-caixa\/","name":"Dados Pessoais Sens\u00edveis para CAIXA","isPartOf":{"@id":"https:\/\/www.estrategiaconcursos.com.br\/blog\/#website"},"primaryImageOfPage":{"@id":"https:\/\/www.estrategiaconcursos.com.br\/blog\/dados-pessoais-sensiveis-caixa\/#primaryimage"},"image":{"@id":"https:\/\/www.estrategiaconcursos.com.br\/blog\/dados-pessoais-sensiveis-caixa\/#primaryimage"},"thumbnailUrl":"https:\/\/dhg1h5j42swfq.cloudfront.net\/2024\/03\/12115154\/dados-pessoais-sensiveis-para-caixa-scaled.jpg","datePublished":"2024-04-03T17:00:00+00:00","description":"Confira este resumo sobre os Dados Pessoais Sens\u00edveis (LGPD) para o concurso da CAIXA (Caixa Econ\u00f4mica Federal) .","breadcrumb":{"@id":"https:\/\/www.estrategiaconcursos.com.br\/blog\/dados-pessoais-sensiveis-caixa\/#breadcrumb"},"inLanguage":"pt-BR","potentialAction":[{"@type":"ReadAction","target":["https:\/\/www.estrategiaconcursos.com.br\/blog\/dados-pessoais-sensiveis-caixa\/"]}]},{"@type":"ImageObject","inLanguage":"pt-BR","@id":"https:\/\/www.estrategiaconcursos.com.br\/blog\/dados-pessoais-sensiveis-caixa\/#primaryimage","url":"https:\/\/dhg1h5j42swfq.cloudfront.net\/2024\/03\/12115154\/dados-pessoais-sensiveis-para-caixa-scaled.jpg","contentUrl":"https:\/\/dhg1h5j42swfq.cloudfront.net\/2024\/03\/12115154\/dados-pessoais-sensiveis-para-caixa-scaled.jpg","width":2560,"height":1709,"caption":"Dados Pessoais Sens\u00edveis para CAIXA"},{"@type":"BreadcrumbList","@id":"https:\/\/www.estrategiaconcursos.com.br\/blog\/dados-pessoais-sensiveis-caixa\/#breadcrumb","itemListElement":[{"@type":"ListItem","position":1,"name":"In\u00edcio","item":"https:\/\/www.estrategiaconcursos.com.br\/blog\/"},{"@type":"ListItem","position":2,"name":"Dados Pessoais Sens\u00edveis para CAIXA"}]},{"@type":"WebSite","@id":"https:\/\/www.estrategiaconcursos.com.br\/blog\/#website","url":"https:\/\/www.estrategiaconcursos.com.br\/blog\/","name":"Estrat\u00e9gia Concursos","description":"O blog da Estrat\u00e9gia Concursos traz not\u00edcias sobre concursos e artigos de professores oferecendo cursos para concursos (pdf + videaulas) no site.","publisher":{"@id":"https:\/\/www.estrategiaconcursos.com.br\/blog\/#organization"},"potentialAction":[{"@type":"SearchAction","target":{"@type":"EntryPoint","urlTemplate":"https:\/\/www.estrategiaconcursos.com.br\/blog\/?s={search_term_string}"},"query-input":{"@type":"PropertyValueSpecification","valueRequired":true,"valueName":"search_term_string"}}],"inLanguage":"pt-BR"},{"@type":"Organization","@id":"https:\/\/www.estrategiaconcursos.com.br\/blog\/#organization","name":"Estrat\u00e9gia Concursos","url":"https:\/\/www.estrategiaconcursos.com.br\/blog\/","logo":{"@type":"ImageObject","inLanguage":"pt-BR","@id":"https:\/\/www.estrategiaconcursos.com.br\/blog\/#\/schema\/logo\/image\/","url":"https:\/\/dhg1h5j42swfq.cloudfront.net\/2025\/06\/03203428\/logo_concursos-1.jpg","contentUrl":"https:\/\/dhg1h5j42swfq.cloudfront.net\/2025\/06\/03203428\/logo_concursos-1.jpg","width":230,"height":60,"caption":"Estrat\u00e9gia Concursos"},"image":{"@id":"https:\/\/www.estrategiaconcursos.com.br\/blog\/#\/schema\/logo\/image\/"},"sameAs":["https:\/\/x.com\/EstratConcursos"]},{"@type":"Person","@id":"https:\/\/www.estrategiaconcursos.com.br\/blog\/#\/schema\/person\/48a7e085e45aee7c3d4596399af50ebb","name":"Frederico Tadeu Borlot Peixoto","image":{"@type":"ImageObject","inLanguage":"pt-BR","@id":"https:\/\/secure.gravatar.com\/avatar\/df8a49e2321c1e32f85e9e7c2a9c92c688f1f53a947220f40017ff5858b09fdb?s=96&d=mm&r=g","url":"https:\/\/secure.gravatar.com\/avatar\/df8a49e2321c1e32f85e9e7c2a9c92c688f1f53a947220f40017ff5858b09fdb?s=96&d=mm&r=g","contentUrl":"https:\/\/secure.gravatar.com\/avatar\/df8a49e2321c1e32f85e9e7c2a9c92c688f1f53a947220f40017ff5858b09fdb?s=96&d=mm&r=g","caption":"Frederico Tadeu Borlot Peixoto"},"description":"Analista Judici\u00e1rio - \u00c1rea Judici\u00e1ria do TRF da 4\u00aa regi\u00e3o. Bacharel em Direito. P\u00f3s-graduado em Direito Administrativo, Legisla\u00e7\u00e3o Penal Especial, Direito Penal e Direito Processual Penal. Tamb\u00e9m nomeado no TRF da 3\u00aa regi\u00e3o (8\u00ba lugar); SPPREV (3\u00ba lugar); IFES (2\u00ba lugar); e PMES. https:\/\/www.instagram.com\/proffrederico\/","sameAs":["https:\/\/www.instagram.com\/proffrederico\/"],"url":"https:\/\/www.estrategiaconcursos.com.br\/blog\/author\/xfredericohotmail-com\/"}]}},"_links":{"self":[{"href":"https:\/\/www.estrategiaconcursos.com.br\/blog\/wp-json\/wp\/v2\/posts\/1367471","targetHints":{"allow":["GET"]}}],"collection":[{"href":"https:\/\/www.estrategiaconcursos.com.br\/blog\/wp-json\/wp\/v2\/posts"}],"about":[{"href":"https:\/\/www.estrategiaconcursos.com.br\/blog\/wp-json\/wp\/v2\/types\/post"}],"author":[{"embeddable":true,"href":"https:\/\/www.estrategiaconcursos.com.br\/blog\/wp-json\/wp\/v2\/users\/2567"}],"replies":[{"embeddable":true,"href":"https:\/\/www.estrategiaconcursos.com.br\/blog\/wp-json\/wp\/v2\/comments?post=1367471"}],"version-history":[{"count":2,"href":"https:\/\/www.estrategiaconcursos.com.br\/blog\/wp-json\/wp\/v2\/posts\/1367471\/revisions"}],"predecessor-version":[{"id":1367489,"href":"https:\/\/www.estrategiaconcursos.com.br\/blog\/wp-json\/wp\/v2\/posts\/1367471\/revisions\/1367489"}],"wp:featuredmedia":[{"embeddable":true,"href":"https:\/\/www.estrategiaconcursos.com.br\/blog\/wp-json\/wp\/v2\/media\/1367473"}],"wp:attachment":[{"href":"https:\/\/www.estrategiaconcursos.com.br\/blog\/wp-json\/wp\/v2\/media?parent=1367471"}],"wp:term":[{"taxonomy":"category","embeddable":true,"href":"https:\/\/www.estrategiaconcursos.com.br\/blog\/wp-json\/wp\/v2\/categories?post=1367471"},{"taxonomy":"post_tag","embeddable":true,"href":"https:\/\/www.estrategiaconcursos.com.br\/blog\/wp-json\/wp\/v2\/tags?post=1367471"},{"taxonomy":"tax_estado","embeddable":true,"href":"https:\/\/www.estrategiaconcursos.com.br\/blog\/wp-json\/wp\/v2\/tax_estado?post=1367471"}],"curies":[{"name":"wp","href":"https:\/\/api.w.org\/{rel}","templated":true}]}}