{"id":136703,"date":"2018-08-18T08:34:19","date_gmt":"2018-08-18T11:34:19","guid":{"rendered":"https:\/\/www.estrategiaconcursos.com.br\/blog\/?p=136703"},"modified":"2019-04-09T17:04:34","modified_gmt":"2019-04-09T20:04:34","slug":"espanhol-enem-brasil-se-prepara-para-una-eventual-nueva-ola-de-inmigrantes-venezolanos","status":"publish","type":"post","link":"https:\/\/www.estrategiaconcursos.com.br\/blog\/espanhol-enem-brasil-se-prepara-para-una-eventual-nueva-ola-de-inmigrantes-venezolanos\/","title":{"rendered":"ESPANHOL ENEM (Brasil se prepara para una eventual nueva ola de inmigrantes venezolanos)"},"content":{"rendered":"<p><span style=\"color: #0000ff;font-family: tahoma, arial, helvetica, sans-serif\">Ol\u00e1 a todos!<\/span><\/p>\n<p><span style=\"color: #0000ff;font-family: tahoma, arial, helvetica, sans-serif\">Adiante temos um texto sobre tema atual: imigrantes venezuelanos.<\/span><\/p>\n<p><span style=\"color: #0000ff;font-family: tahoma, arial, helvetica, sans-serif\">\u00c9 um bom texto para treinamento de leitura e tradu\u00e7\u00e3o para a prova do ENEM, al\u00e9m de ficarmos atentos ao que acontece na atualidade.<\/span><\/p>\n<p><span style=\"color: #0000ff;font-family: tahoma, arial, helvetica, sans-serif\">Bom final de semana.<\/span><\/p>\n<p><span style=\"color: #0000ff;font-family: tahoma, arial, helvetica, sans-serif\">Prof. Adino\u00e9l<\/span><\/p>\n<hr \/>\n<p><span style=\"font-family: tahoma, arial, helvetica, sans-serif\"><strong>TEXTO<\/strong><\/span><\/p>\n<p><span style=\"font-family: tahoma, arial, helvetica, sans-serif\"><strong>Brasil se prepara para una eventual nueva ola de inmigrantes venezolanos<\/strong><\/span><\/p>\n<p><span style=\"font-family: tahoma, arial, helvetica, sans-serif\">El Gobierno brasile\u00f1o prepara la instalaci\u00f3n de nuevos albergues para refugiados en el estado de Roraima frente a una eventual nueva ola de inmigrantes venezolanos, que desde el a\u00f1o pasado han llegado por millares a esa regi\u00f3n del norte del pa\u00eds.<\/span><\/p>\n<p><span style=\"font-family: tahoma, arial, helvetica, sans-serif\">&#8220;No podemos ser sorprendidos&#8221; por un recrudecimiento del \u00e9xodo, declar\u00f3 el general Eduardo Pazuello, responsable de la operaci\u00f3n humanitaria desplegada para ayudar a los venezolanos en la ciudad fronteriza de Pacaraima y en Boa Vista, capital de Roraima.<\/span><\/p>\n<p><span style=\"font-family: tahoma, arial, helvetica, sans-serif\">Pazuello aclar\u00f3 que el flujo migratorio, que ha llevado a unos 40.000 venezolanos hacia Brasil, se ha &#8220;estabilizado&#8221; y que no hay indicios de que vaya a recrudecer, aunque a\u00fan as\u00ed se instalar\u00e1n dos nuevos refugios, con los que llegar\u00e1n a nueve, a los que podr\u00edan agregarse otros en caso de necesidad.<\/span><\/p>\n<p><span style=\"font-family: tahoma, arial, helvetica, sans-serif\">Sin embargo, fuentes de organismos humanitarios que trabajan en la zona dijeron a Efe que a\u00fan ingresan cientos de venezolanos cada d\u00eda a Brasil y que la delicada crisis econ\u00f3mica, social y pol\u00edtica de Venezuela no ha sido superada, lo que lleva a prever que el flujo se incrementar\u00e1.<\/span><\/p>\n<p><span style=\"font-family: tahoma, arial, helvetica, sans-serif\">&#8220;No se han superado las causas que provocan ese \u00e9xodo&#8221;, se\u00f1al\u00f3 un portavoz de una organizaci\u00f3n de derechos humanos que pidi\u00f3 no ser identificado.<\/span><\/p>\n<p><span style=\"font-family: tahoma, arial, helvetica, sans-serif\">En su gran mayor\u00eda, los venezolanos que han llegado a Roraima han conseguido empleo y se mantienen por s\u00ed solos, as\u00ed como muchos otros han optado por radicarse en otras zonas de Brasil, incluso mediante planes del Gobierno brasile\u00f1o para asentarlos en otras ciudades.<\/span><\/p>\n<p><span style=\"font-family: tahoma, arial, helvetica, sans-serif\">Esas iniciativas, sin embargo, no han descomprimido la situaci\u00f3n en Boa Vista, donde las autoridades calculan que hay al menos 6.000 venezolanos en situaci\u00f3n de &#8220;vulnerabilidad&#8221; econ\u00f3mica y social.<\/span><\/p>\n<p><span style=\"font-family: tahoma, arial, helvetica, sans-serif\">De ellos, unos 4.000 est\u00e1n en los siete albergues instalados por el Gobierno en Boa Vista, que son supervisados por diversos grupos de derechos humanos y organismos internacionales, como el Alto Comisionado de las Naciones Unidas para los Refugiados (ACNUR).<\/span><\/p>\n<p><span style=\"font-family: tahoma, arial, helvetica, sans-serif\">La espa\u00f1ola Isabel M\u00e1rquez, representante de esa organizaci\u00f3n en Brasil, dijo a periodistas que, en los \u00faltimos meses, el perfil de las personas que llegan desde Venezuela ha cambiado y agregado a un n\u00famero mayor de miembros de las clases sociales m\u00e1s pobres.<\/span><\/p>\n<p><span style=\"font-family: tahoma, arial, helvetica, sans-serif\">&#8220;Son personas cada vez m\u00e1s vulnerables, que incluso llegan con \u00edndices de nutrici\u00f3n moderados o bajos&#8221;, indic\u00f3.<\/span><\/p>\n<p><span style=\"font-family: tahoma, arial, helvetica, sans-serif\">En los albergues, los propios venezolanos aseguran que son muy bien acogidos, que reciben una alimentaci\u00f3n adecuada, cursos b\u00e1sicos de portugu\u00e9s, atenci\u00f3n sanitaria y ayuda para buscar empleo.<\/span><\/p>\n<p><span style=\"font-family: tahoma, arial, helvetica, sans-serif\">No obstante, fuentes del Gobierno y de organismos humanitarios admitieron que las cerca de 2.000 personas que todav\u00eda no reciben asistencia constituyen un problema no resuelto.<\/span><\/p>\n<p><span style=\"font-family: tahoma, arial, helvetica, sans-serif\">El Gobierno del presidente Michel Temer ha anunciado recursos por valor de 190 millones de reales (unos 55 millones de d\u00f3lares) para atender la emergencia durante este a\u00f1o, pero a\u00fan as\u00ed la presi\u00f3n en Roraima es creciente.<\/span><\/p>\n<p><span style=\"font-family: tahoma, arial, helvetica, sans-serif\">En uno de los albergues, un grupo de periodistas fue abordado por unos 70 venezolanos que a\u00fan est\u00e1n en la calle y que deambulan por la ciudad en busca de techo, trabajo y comida.<\/span><\/p>\n<p><span style=\"font-family: tahoma, arial, helvetica, sans-serif\">&#8220;Estamos aqu\u00ed hace tres meses y todav\u00eda no hemos recibido ayuda&#8221;, declar\u00f3 a Efe Nestor Moreno, quien trabajaba como soldador en la petrolera PDVSA, fue despedido hace un a\u00f1o y huy\u00f3 de su Puerto La Cruz natal hacia Brasil para intentar rehacer su vida.<\/span><\/p>\n<p><span style=\"font-family: tahoma, arial, helvetica, sans-serif\">&#8220;Vivimos de la caridad de algunas iglesias y de alg\u00fan trabajito que sale, pero de ayuda oficial nada&#8221;, apunt\u00f3 Moreno, erigido como portavoz de ese grupo, que inclu\u00eda a decenas de ni\u00f1os y a personas de al menos ocho estados de Venezuela.<\/span><\/p>\n<p><span style=\"font-family: tahoma, arial, helvetica, sans-serif\">Muchas de los venezolanos que no reciben asistencia oficial se han instalado en unas r\u00fasticas carpas elaboradas con pl\u00e1sticos en una c\u00e9ntrica plaza cuyo nombre parece una paradoja de su tragedia: Sim\u00f3n Bol\u00edvar.<\/span><\/p>\n<p><span style=\"font-family: tahoma, arial, helvetica, sans-serif\">Otra cara dram\u00e1tica del \u00e9xodo es el aumento de venezolanas que se prostituyen en un miserable barrio de Boa Vista conocido como Passar\u00e3o, que tiene adem\u00e1s los m\u00e1s altos \u00edndices de inseguridad de la ciudad y est\u00e1 pr\u00e1cticamente ocupado por bandas del narcotr\u00e1fico.<\/span><\/p>\n<p><span style=\"font-family: tahoma, arial, helvetica, sans-serif\">&#8220;Lo peor es que son mujeres que lo hacen por necesidad, que no se prostitu\u00edan en Venezuela y que aqu\u00ed han sido llevadas a ello, lo que en realidad las convierte en supervivientes del sexo&#8221;, dijo a Efe una religiosa que trabaja en la zona.<\/span><\/p>\n<p><span style=\"font-family: tahoma, arial, helvetica, sans-serif;font-size: 8pt\"><strong><em>Fonte: www.efe.com (adaptado)<\/em><\/strong><\/span><\/p>\n<p>&nbsp;<\/p>\n<p><span style=\"font-family: tahoma, arial, helvetica, sans-serif\"><strong>TRADU\u00c7\u00c3O LIVRE<\/strong><\/span><\/p>\n<p><span style=\"font-family: tahoma, arial, helvetica, sans-serif\"><strong>Brasil se prepara para una eventual nueva ola de inmigrantes venezolanos<\/strong><\/span><\/p>\n<p><span style=\"font-family: tahoma, arial, helvetica, sans-serif;color: #3366ff\">Brasil se prepara para uma eventual nova onda de imigrantes venezuelanos<\/span><\/p>\n<p>&nbsp;<\/p>\n<p><span style=\"font-family: tahoma, arial, helvetica, sans-serif\">El Gobierno brasile\u00f1o prepara la instalaci\u00f3n de nuevos albergues para refugiados en el estado de Roraima frente a una eventual nueva ola de inmigrantes venezolanos, que desde el a\u00f1o pasado han llegado por millares a esa regi\u00f3n del norte del pa\u00eds.<\/span><\/p>\n<p><span style=\"color: #3366ff\"><span style=\"font-family: tahoma, arial, helvetica, sans-serif\">O governo brasileiro prepara a instala\u00e7\u00e3o de novos albergues para refugiados no\u00a0<\/span><span style=\"font-family: tahoma, arial, helvetica, sans-serif\">estado de Roraima frente a uma eventual nova onda de imigrantes venezuelanos, que\u00a0<\/span><span style=\"font-family: tahoma, arial, helvetica, sans-serif\">desde o ano passado h\u00e3o chegado aos milhares a essa regi\u00e3o do norte do pa\u00eds.<\/span><\/span><\/p>\n<p>&nbsp;<\/p>\n<p><span style=\"font-family: tahoma, arial, helvetica, sans-serif\">&#8220;No podemos ser sorprendidos&#8221; por un recrudecimiento del \u00e9xodo, declar\u00f3 el general Eduardo Pazuello, responsable de la operaci\u00f3n humanitaria desplegada para ayudar a los venezolanos en la ciudad fronteriza de Pacaraima y en Boa Vista, capital de Roraima.<\/span><\/p>\n<p><span style=\"font-family: tahoma, arial, helvetica, sans-serif;color: #3366ff\">\u201cN\u00e3o podemos ser surpreendidos\u201d por um recrudescimento do \u00eaxodo, declarou o general\u00a0<\/span><span style=\"font-family: tahoma, arial, helvetica, sans-serif;color: #3366ff\">Eduardo Pazuello, respons\u00e1vel pela opera\u00e7\u00e3o humanit\u00e1ria criada para ajudar aos\u00a0<\/span><span style=\"font-family: tahoma, arial, helvetica, sans-serif;color: #3366ff\">venezuelanos na cidade fronteiri\u00e7a de Pacaraima e em Boa Vista, capital de Roraima.<\/span><\/p>\n<p>&nbsp;<\/p>\n<p><span style=\"font-family: tahoma, arial, helvetica, sans-serif\">Pazuello aclar\u00f3 que el flujo migratorio, que ha llevado a unos 40.000 venezolanos hacia Brasil, se ha &#8220;estabilizado&#8221; y que no hay indicios de que vaya a recrudecer, aunque a\u00fan as\u00ed se instalar\u00e1n dos nuevos refugios, con los que llegar\u00e1n a nueve, a los que podr\u00edan agregarse otros en caso de necesidad.<\/span><\/p>\n<p><span style=\"font-family: tahoma, arial, helvetica, sans-serif;color: #3366ff\">Pazuello esclareceu que o fluxo migrat\u00f3rio, que h\u00e1 levado a aproximadamente 40.000 venezuelanos at\u00e9 o\u00a0<\/span><span style=\"font-family: tahoma, arial, helvetica, sans-serif;color: #3366ff\">Brasil, se h\u00e1 \u201cestabilizado\u201d e que n\u00e3o h\u00e1 ind\u00edcios de que v\u00e1 a recrudescer, embora ainda\u00a0<\/span><span style=\"font-family: tahoma, arial, helvetica, sans-serif;color: #3366ff\">assim se instalar\u00e3o dois novos ref\u00fagios, com os quais chegar\u00e3o a nove, aos quais poderiam\u00a0<\/span><span style=\"font-family: tahoma, arial, helvetica, sans-serif;color: #3366ff\">se agregar outros em caso de necessidade.<\/span><\/p>\n<p>&nbsp;<\/p>\n<p><span style=\"font-family: tahoma, arial, helvetica, sans-serif\">Sin embargo, fuentes de organismos humanitarios que trabajan en la zona dijeron a Efe que a\u00fan ingresan cientos de venezolanos cada d\u00eda a Brasil y que la delicada crisis econ\u00f3mica, social y pol\u00edtica de Venezuela no ha sido superada, lo que lleva a prever que el flujo se incrementar\u00e1.<\/span><\/p>\n<p><span style=\"font-family: tahoma, arial, helvetica, sans-serif;color: #3366ff\">Entretanto, fontes de organismos humanit\u00e1rios que trabalham na zona disseram a Efe\u00a0<\/span><span style=\"font-family: tahoma, arial, helvetica, sans-serif;color: #3366ff\">que ainda ingressam centenas de venezuelanos a cada dia no Brasil e que a delicada crise\u00a0<\/span><span style=\"font-family: tahoma, arial, helvetica, sans-serif;color: #3366ff\">econ\u00f4mica, social e pol\u00edtica da Venezuela n\u00e3o h\u00e1 sido superada, o que leva a prever que\u00a0<\/span><span style=\"font-family: tahoma, arial, helvetica, sans-serif;color: #3366ff\">o fluxo aumentar\u00e1.<\/span><\/p>\n<p>&nbsp;<\/p>\n<p><span style=\"font-family: tahoma, arial, helvetica, sans-serif\">&#8220;No se han superado las causas que provocan ese \u00e9xodo&#8221;, se\u00f1al\u00f3 un portavoz de una organizaci\u00f3n de derechos humanos que pidi\u00f3 no ser identificado.<\/span><\/p>\n<p><span style=\"font-family: tahoma, arial, helvetica, sans-serif;color: #3366ff\">\u201cN\u00e3o se h\u00e3o superado as causas que provocam esse \u00eaxodo\u201d, assinalou uma porta-voz de uma\u00a0<\/span><span style=\"font-family: tahoma, arial, helvetica, sans-serif;color: #3366ff\">organiza\u00e7\u00e3o de direitos humanos que pediu para n\u00e3o ser identificado.<\/span><\/p>\n<p>&nbsp;<\/p>\n<p><span style=\"font-family: tahoma, arial, helvetica, sans-serif\">En su gran mayor\u00eda, los venezolanos que han llegado a Roraima han conseguido empleo y se mantienen por s\u00ed solos, as\u00ed como muchos otros han optado por radicarse en otras zonas de Brasil, incluso mediante planes del Gobierno brasile\u00f1o para asentarlos en otras ciudades.<\/span><\/p>\n<p><span style=\"font-family: tahoma, arial, helvetica, sans-serif;color: #3366ff\">Em sua grande maioria, os venezuelanos que h\u00e3o chegado a Roraima h\u00e3o conseguido emprego\u00a0<\/span><span style=\"font-family: tahoma, arial, helvetica, sans-serif;color: #3366ff\">e se mant\u00eam sozinhos, assim como muitos outros h\u00e3o optado por se radicar em outras\u00a0<\/span><span style=\"font-family: tahoma, arial, helvetica, sans-serif;color: #3366ff\">zonas do Brasil, inclusive mediante planos do governo brasileiro para os assentar em outras cidades.<\/span><\/p>\n<p>&nbsp;<\/p>\n<p><span style=\"font-family: tahoma, arial, helvetica, sans-serif\">Esas iniciativas, sin embargo, no han descomprimido la situaci\u00f3n en Boa Vista, donde las autoridades calculan que hay al menos 6.000 venezolanos en situaci\u00f3n de &#8220;vulnerabilidad&#8221; econ\u00f3mica y social.<\/span><\/p>\n<p><span style=\"font-family: tahoma, arial, helvetica, sans-serif;color: #3366ff\">Essas iniciativas, entretanto, n\u00e3o h\u00e3o descomprimido a situa\u00e7\u00e3o em Boa Vista, onde\u00a0<\/span><span style=\"font-family: tahoma, arial, helvetica, sans-serif;color: #3366ff\">as autoridades calculam que h\u00e1 pelo menos 6.000 venezuelanos em situa\u00e7\u00e3o de\u00a0<\/span><span style=\"font-family: tahoma, arial, helvetica, sans-serif;color: #3366ff\">\u201cvulnerabilidade\u201d econ\u00f4mica e social.<\/span><\/p>\n<p>&nbsp;<\/p>\n<p><span style=\"font-family: tahoma, arial, helvetica, sans-serif\">De ellos, unos 4.000 est\u00e1n en los siete albergues instalados por el Gobierno en Boa Vista, que son supervisados por diversos grupos de derechos humanos y organismos internacionales, como el Alto Comisionado de las Naciones Unidas para los Refugiados (ACNUR).<\/span><\/p>\n<p><span style=\"font-family: tahoma, arial, helvetica, sans-serif;color: #3366ff\">Deles, aproximadamente 4.000 est\u00e3o nos sete albergues instalados pelo governo em Boa Vista,\u00a0<\/span><span style=\"font-family: tahoma, arial, helvetica, sans-serif;color: #3366ff\">que s\u00e3o supervisionados por diversos grupos de direitos humanos e organismos\u00a0<\/span><span style=\"font-family: tahoma, arial, helvetica, sans-serif;color: #3366ff\">internacionais, como o Alto Comissariado das Na\u00e7\u00f5es Unidas para os Refugiados (ACNUR).<\/span><\/p>\n<p>&nbsp;<\/p>\n<p><span style=\"font-family: tahoma, arial, helvetica, sans-serif\">La espa\u00f1ola Isabel M\u00e1rquez, representante de esa organizaci\u00f3n en Brasil, dijo a periodistas que, en los \u00faltimos meses, el perfil de las personas que llegan desde Venezuela ha cambiado y agregado a un n\u00famero mayor de miembros de las clases sociales m\u00e1s pobres.<\/span><\/p>\n<p><span style=\"font-family: tahoma, arial, helvetica, sans-serif;color: #3366ff\">A espanhola Isabel M\u00e1rquez, representante dessa organiza\u00e7\u00e3o no Brasil, disse a\u00a0<\/span><span style=\"font-family: tahoma, arial, helvetica, sans-serif;color: #3366ff\">jornalistas que, nos \u00faltimos meses, o perfil de pessoas que chegam desde a\u00a0<\/span><span style=\"font-family: tahoma, arial, helvetica, sans-serif;color: #3366ff\">Venezuela h\u00e1 mudado e agregado a um n\u00famero maior de membros das classes\u00a0<\/span><span style=\"font-family: tahoma, arial, helvetica, sans-serif;color: #3366ff\">sociais mais pobres.<\/span><\/p>\n<p>&nbsp;<\/p>\n<p><span style=\"font-family: tahoma, arial, helvetica, sans-serif\">&#8220;Son personas cada vez m\u00e1s vulnerables, que incluso llegan con \u00edndices de nutrici\u00f3n moderados o bajos&#8221;, indic\u00f3.<\/span><\/p>\n<p><span style=\"font-family: tahoma, arial, helvetica, sans-serif;color: #3366ff\">\u201cS\u00e3o pessoas cada mais vulner\u00e1veis, que inclusive chegam com \u00edndices de nutri\u00e7\u00e3o\u00a0<\/span><span style=\"font-family: tahoma, arial, helvetica, sans-serif;color: #3366ff\">moderados ou baixos\u201d, indicou.<\/span><\/p>\n<p>&nbsp;<\/p>\n<p><span style=\"font-family: tahoma, arial, helvetica, sans-serif\">En los albergues, los propios venezolanos aseguran que son muy bien acogidos, que reciben una alimentaci\u00f3n adecuada, cursos b\u00e1sicos de portugu\u00e9s, atenci\u00f3n sanitaria y ayuda para buscar empleo.<\/span><\/p>\n<p><span style=\"font-family: tahoma, arial, helvetica, sans-serif;color: #3366ff\">Nos albergues, os pr\u00f3prios venezuelanos asseguram que s\u00e3o muito bem acolhidos, que\u00a0<\/span><span style=\"font-family: tahoma, arial, helvetica, sans-serif;color: #3366ff\">recebem uma alimenta\u00e7\u00e3o adequada, cursos b\u00e1sicos de Portugu\u00eas, aten\u00e7\u00e3o sanit\u00e1ria e\u00a0<\/span><span style=\"font-family: tahoma, arial, helvetica, sans-serif;color: #3366ff\">ajuda para buscar emprego.<\/span><\/p>\n<p>&nbsp;<\/p>\n<p><span style=\"font-family: tahoma, arial, helvetica, sans-serif\">No obstante, fuentes del Gobierno y de organismos humanitarios admitieron que las cerca de 2.000 personas que todav\u00eda no reciben asistencia constituyen un problema no resuelto.<\/span><\/p>\n<p><span style=\"font-family: tahoma, arial, helvetica, sans-serif;color: #3366ff\">N\u00e3o obstante, fontes do governo e de organismos humanit\u00e1rios admitiram que as\u00a0<\/span><span style=\"font-family: tahoma, arial, helvetica, sans-serif;color: #3366ff\">cerca de 2.000 pessoas que ainda n\u00e3o recebem assist\u00eancia constituem um problema n\u00e3o resolvido.<\/span><\/p>\n<p>&nbsp;<\/p>\n<p><span style=\"font-family: tahoma, arial, helvetica, sans-serif\">El Gobierno del presidente Michel Temer ha anunciado recursos por valor de 190 millones de reales (unos 55 millones de d\u00f3lares) para atender la emergencia durante este a\u00f1o, pero a\u00fan as\u00ed la presi\u00f3n en Roraima es creciente.<\/span><\/p>\n<p><span style=\"font-family: tahoma, arial, helvetica, sans-serif;color: #3366ff\">O governo do presidente Michel Temer h\u00e1 anunciado recursos no valor de 190 milh\u00f5es\u00a0<\/span><span style=\"font-family: tahoma, arial, helvetica, sans-serif;color: #3366ff\">de reais (aproximadamente 55 milh\u00f5es de d\u00f3lares) para atender a emerg\u00eancia durante este ano,\u00a0<\/span><span style=\"font-family: tahoma, arial, helvetica, sans-serif;color: #3366ff\">mas ainda assim a press\u00e3o em Roraima \u00e9 crescente.<\/span><\/p>\n<p>&nbsp;<\/p>\n<p><span style=\"font-family: tahoma, arial, helvetica, sans-serif\">En uno de los albergues, un grupo de periodistas fue abordado por unos 70 venezolanos que a\u00fan est\u00e1n en la calle y que deambulan por la ciudad en busca de techo, trabajo y comida.<\/span><\/p>\n<p><span style=\"font-family: tahoma, arial, helvetica, sans-serif;color: #3366ff\">Em um dos albergues, um grupo de jornalistas foi abordado por aproximadamente 70 venezuelanos\u00a0<\/span><span style=\"font-family: tahoma, arial, helvetica, sans-serif;color: #3366ff\">que ainda est\u00e3o na rua e que perambulam pela cidade em busca de teto, trabalho e comida.<\/span><\/p>\n<p>&nbsp;<\/p>\n<p><span style=\"font-family: tahoma, arial, helvetica, sans-serif\">&#8220;Estamos aqu\u00ed hace tres meses y todav\u00eda no hemos recibido ayuda&#8221;, declar\u00f3 a Efe Nestor Moreno, quien trabajaba como soldador en la petrolera PDVSA, fue despedido hace un a\u00f1o y huy\u00f3 de su Puerto La Cruz natal hacia Brasil para intentar rehacer su vida.<\/span><\/p>\n<p><span style=\"font-family: tahoma, arial, helvetica, sans-serif;color: #3366ff\">\u201cEstamos aqui h\u00e1 tr\u00eas meses e ainda n\u00e3o temos recebido ajuda\u201d, declarou a Efe Nestor\u00a0<\/span><span style=\"font-family: tahoma, arial, helvetica, sans-serif;color: #3366ff\">Moreno, que trabalhava como soldador na petroleira PDVSA, foi despedido h\u00e1 um\u00a0<\/span><span style=\"font-family: tahoma, arial, helvetica, sans-serif;color: #3366ff\">ano e fugiu de sua Puerto La Cruz natal at\u00e9 o Brasil para tentar refazer sua vida.<\/span><\/p>\n<p>&nbsp;<\/p>\n<p><span style=\"font-family: tahoma, arial, helvetica, sans-serif\">&#8220;Vivimos de la caridad de algunas iglesias y de alg\u00fan trabajito que sale, pero de ayuda oficial nada&#8221;, apunt\u00f3 Moreno, erigido como portavoz de ese grupo, que inclu\u00eda a decenas de ni\u00f1os y a personas de al menos ocho estados de Venezuela.<\/span><\/p>\n<p><span style=\"font-family: tahoma, arial, helvetica, sans-serif;color: #3366ff\">\u201cVivemos da caridade de algumas igrejas e de algum trabalho que sai, mas de ajuda\u00a0<\/span><span style=\"font-family: tahoma, arial, helvetica, sans-serif;color: #3366ff\">oficial nada\u201d, apontou Moreno, eleito como porta-voz desse grupo, que inclu\u00eda dezenas\u00a0<\/span><span style=\"font-family: tahoma, arial, helvetica, sans-serif;color: #3366ff\">de crian\u00e7as e pessoas de pelo menos oito estados da Venezuela.<\/span><\/p>\n<p>&nbsp;<\/p>\n<p><span style=\"font-family: tahoma, arial, helvetica, sans-serif\">Muchas de los venezolanos que no reciben asistencia oficial se han instalado en unas r\u00fasticas carpas elaboradas con pl\u00e1sticos en una c\u00e9ntrica plaza cuyo nombre parece una paradoja de su tragedia: Sim\u00f3n Bol\u00edvar.<\/span><\/p>\n<p><span style=\"font-family: tahoma, arial, helvetica, sans-serif;color: #3366ff\">Muitos dos venezuelanos que n\u00e3o recebem assist\u00eancia oficial se h\u00e3o instalado em algumas\u00a0<\/span><span style=\"font-family: tahoma, arial, helvetica, sans-serif;color: #3366ff\">r\u00fasticas barracas elaboradas com pl\u00e1sticos em uma pra\u00e7a central cujo nome parece um\u00a0<\/span><span style=\"font-family: tahoma, arial, helvetica, sans-serif;color: #3366ff\">paradoxo de sua trag\u00e9dia: Sim\u00f3n Bol\u00edvar.<\/span><\/p>\n<p>&nbsp;<\/p>\n<p><span style=\"font-family: tahoma, arial, helvetica, sans-serif\">Otra cara dram\u00e1tica del \u00e9xodo es el aumento de venezolanas que se prostituyen en un miserable barrio de Boa Vista conocido como Passar\u00e3o, que tiene adem\u00e1s los m\u00e1s altos \u00edndices de inseguridad de la ciudad y est\u00e1 pr\u00e1cticamente ocupado por bandas del narcotr\u00e1fico.<\/span><\/p>\n<p><span style=\"font-family: tahoma, arial, helvetica, sans-serif;color: #3366ff\">Outra cara dram\u00e1tica do \u00eaxodo \u00e9 o aumento de venezuelanos que se prostituem em um\u00a0<\/span><span style=\"font-family: tahoma, arial, helvetica, sans-serif;color: #3366ff\">miser\u00e1vel bairro de Boa Vista conhecido como Passar\u00e3o, que tem al\u00e9m dos mais altos\u00a0<\/span><span style=\"font-family: tahoma, arial, helvetica, sans-serif;color: #3366ff\">\u00edndices de inseguran\u00e7a da cidade e est\u00e1 praticamente ocupado por bancos do narcotr\u00e1fico.<\/span><\/p>\n<p>&nbsp;<\/p>\n<p><span style=\"font-family: tahoma, arial, helvetica, sans-serif\">&#8220;Lo peor es que son mujeres que lo hacen por necesidad, que no se prostitu\u00edan en Venezuela y que aqu\u00ed han sido llevadas a ello, lo que en realidad las convierte en supervivientes del sexo&#8221;, dijo a Efe una religiosa que trabaja en la zona.<\/span><\/p>\n<p><span style=\"font-family: tahoma, arial, helvetica, sans-serif;color: #3366ff\">\u201cO pior \u00e9 que s\u00e3o mulheres que o fazem por necessidade, que n\u00e3o se prostitu\u00edam na\u00a0<\/span><span style=\"font-family: tahoma, arial, helvetica, sans-serif;color: #3366ff\">Venezuela e que aqui h\u00e3o sido levadas a isso, o que na realidade as converte em\u00a0<\/span><span style=\"font-family: tahoma, arial, helvetica, sans-serif;color: #3366ff\">sobreviventes do sexo\u201d, disse a Efe uma religiosa que trabalha no local.<\/span><\/p>\n<p>&nbsp;<\/p>\n<p>&nbsp;<\/p>\n","protected":false},"excerpt":{"rendered":"<p>Ol\u00e1 a todos! Adiante temos um texto sobre tema atual: imigrantes venezuelanos. \u00c9 um bom texto para treinamento de leitura e tradu\u00e7\u00e3o para a prova do ENEM, al\u00e9m de ficarmos atentos ao que acontece na atualidade. Bom final de semana. Prof. Adino\u00e9l TEXTO Brasil se prepara para una eventual nueva ola de inmigrantes venezolanos El [&hellip;]<\/p>\n","protected":false},"author":121,"featured_media":0,"comment_status":"open","ping_status":"closed","sticky":false,"template":"","format":"standard","meta":{"post_tipo":"article","footnotes":""},"categories":[1],"tags":[],"tax_estado":[],"class_list":["post-136703","post","type-post","status-publish","format-standard","hentry","category-cursos-e-concursos"],"acf":[],"yoast_head":"<!-- This site is optimized with the Yoast SEO Premium plugin v27.2 (Yoast SEO v27.2) - https:\/\/yoast.com\/product\/yoast-seo-premium-wordpress\/ -->\n<title>ESPANHOL ENEM (Brasil se prepara para una eventual nueva ola de inmigrantes venezolanos)<\/title>\n<meta name=\"robots\" content=\"index, follow, max-snippet:-1, max-image-preview:large, max-video-preview:-1\" \/>\n<link rel=\"canonical\" href=\"https:\/\/www.estrategiaconcursos.com.br\/blog\/espanhol-enem-brasil-se-prepara-para-una-eventual-nueva-ola-de-inmigrantes-venezolanos\/\" \/>\n<meta property=\"og:locale\" content=\"pt_BR\" \/>\n<meta property=\"og:type\" content=\"article\" \/>\n<meta property=\"og:title\" content=\"ESPANHOL ENEM (Brasil se prepara para una eventual nueva ola de inmigrantes venezolanos)\" \/>\n<meta property=\"og:description\" content=\"Ol\u00e1 a todos! Adiante temos um texto sobre tema atual: imigrantes venezuelanos. \u00c9 um bom texto para treinamento de leitura e tradu\u00e7\u00e3o para a prova do ENEM, al\u00e9m de ficarmos atentos ao que acontece na atualidade. Bom final de semana. Prof. Adino\u00e9l TEXTO Brasil se prepara para una eventual nueva ola de inmigrantes venezolanos El [&hellip;]\" \/>\n<meta property=\"og:url\" content=\"https:\/\/www.estrategiaconcursos.com.br\/blog\/espanhol-enem-brasil-se-prepara-para-una-eventual-nueva-ola-de-inmigrantes-venezolanos\/\" \/>\n<meta property=\"og:site_name\" content=\"Estrat\u00e9gia Concursos\" \/>\n<meta property=\"article:published_time\" content=\"2018-08-18T11:34:19+00:00\" \/>\n<meta property=\"article:modified_time\" content=\"2019-04-09T20:04:34+00:00\" \/>\n<meta name=\"author\" content=\"Adino\u00e9l Sebasti\u00e3o\" \/>\n<meta name=\"twitter:card\" content=\"summary_large_image\" \/>\n<meta name=\"twitter:creator\" content=\"@EstratConcursos\" \/>\n<meta name=\"twitter:site\" content=\"@EstratConcursos\" \/>\n<meta name=\"twitter:label1\" content=\"Escrito por\" \/>\n\t<meta name=\"twitter:data1\" content=\"Adino\u00e9l Sebasti\u00e3o\" \/>\n\t<meta name=\"twitter:label2\" content=\"Est. tempo de leitura\" \/>\n\t<meta name=\"twitter:data2\" content=\"12 minutos\" \/>\n<script type=\"application\/ld+json\" class=\"yoast-schema-graph\">{\"@context\":\"https:\/\/schema.org\",\"@graph\":[{\"@type\":\"NewsArticle\",\"@id\":\"https:\/\/www.estrategiaconcursos.com.br\/blog\/espanhol-enem-brasil-se-prepara-para-una-eventual-nueva-ola-de-inmigrantes-venezolanos\/#article\",\"isPartOf\":{\"@id\":\"https:\/\/www.estrategiaconcursos.com.br\/blog\/espanhol-enem-brasil-se-prepara-para-una-eventual-nueva-ola-de-inmigrantes-venezolanos\/\"},\"author\":{\"name\":\"Adino\u00e9l Sebasti\u00e3o\",\"@id\":\"https:\/\/www.estrategiaconcursos.com.br\/blog\/#\/schema\/person\/e6feecd7273067598aae46392fc9f322\"},\"headline\":\"ESPANHOL ENEM (Brasil se prepara para una eventual nueva ola de inmigrantes venezolanos)\",\"datePublished\":\"2018-08-18T11:34:19+00:00\",\"dateModified\":\"2019-04-09T20:04:34+00:00\",\"mainEntityOfPage\":{\"@id\":\"https:\/\/www.estrategiaconcursos.com.br\/blog\/espanhol-enem-brasil-se-prepara-para-una-eventual-nueva-ola-de-inmigrantes-venezolanos\/\"},\"wordCount\":2396,\"commentCount\":0,\"publisher\":{\"@id\":\"https:\/\/www.estrategiaconcursos.com.br\/blog\/#organization\"},\"articleSection\":[\"Concursos P\u00fablicos\"],\"inLanguage\":\"pt-BR\",\"potentialAction\":[{\"@type\":\"CommentAction\",\"name\":\"Comment\",\"target\":[\"https:\/\/www.estrategiaconcursos.com.br\/blog\/espanhol-enem-brasil-se-prepara-para-una-eventual-nueva-ola-de-inmigrantes-venezolanos\/#respond\"]}],\"copyrightYear\":\"2018\",\"copyrightHolder\":{\"@id\":\"https:\/\/www.estrategiaconcursos.com.br\/blog\/#organization\"}},{\"@type\":\"WebPage\",\"@id\":\"https:\/\/www.estrategiaconcursos.com.br\/blog\/espanhol-enem-brasil-se-prepara-para-una-eventual-nueva-ola-de-inmigrantes-venezolanos\/\",\"url\":\"https:\/\/www.estrategiaconcursos.com.br\/blog\/espanhol-enem-brasil-se-prepara-para-una-eventual-nueva-ola-de-inmigrantes-venezolanos\/\",\"name\":\"ESPANHOL ENEM (Brasil se prepara para una eventual nueva ola de inmigrantes venezolanos)\",\"isPartOf\":{\"@id\":\"https:\/\/www.estrategiaconcursos.com.br\/blog\/#website\"},\"datePublished\":\"2018-08-18T11:34:19+00:00\",\"dateModified\":\"2019-04-09T20:04:34+00:00\",\"breadcrumb\":{\"@id\":\"https:\/\/www.estrategiaconcursos.com.br\/blog\/espanhol-enem-brasil-se-prepara-para-una-eventual-nueva-ola-de-inmigrantes-venezolanos\/#breadcrumb\"},\"inLanguage\":\"pt-BR\",\"potentialAction\":[{\"@type\":\"ReadAction\",\"target\":[\"https:\/\/www.estrategiaconcursos.com.br\/blog\/espanhol-enem-brasil-se-prepara-para-una-eventual-nueva-ola-de-inmigrantes-venezolanos\/\"]}]},{\"@type\":\"BreadcrumbList\",\"@id\":\"https:\/\/www.estrategiaconcursos.com.br\/blog\/espanhol-enem-brasil-se-prepara-para-una-eventual-nueva-ola-de-inmigrantes-venezolanos\/#breadcrumb\",\"itemListElement\":[{\"@type\":\"ListItem\",\"position\":1,\"name\":\"In\u00edcio\",\"item\":\"https:\/\/www.estrategiaconcursos.com.br\/blog\/\"},{\"@type\":\"ListItem\",\"position\":2,\"name\":\"ESPANHOL ENEM (Brasil se prepara para una eventual nueva ola de inmigrantes venezolanos)\"}]},{\"@type\":\"WebSite\",\"@id\":\"https:\/\/www.estrategiaconcursos.com.br\/blog\/#website\",\"url\":\"https:\/\/www.estrategiaconcursos.com.br\/blog\/\",\"name\":\"Estrat\u00e9gia Concursos\",\"description\":\"O blog da Estrat\u00e9gia Concursos traz not\u00edcias sobre concursos e artigos de professores oferecendo cursos para concursos (pdf + videaulas) no site.\",\"publisher\":{\"@id\":\"https:\/\/www.estrategiaconcursos.com.br\/blog\/#organization\"},\"potentialAction\":[{\"@type\":\"SearchAction\",\"target\":{\"@type\":\"EntryPoint\",\"urlTemplate\":\"https:\/\/www.estrategiaconcursos.com.br\/blog\/?s={search_term_string}\"},\"query-input\":{\"@type\":\"PropertyValueSpecification\",\"valueRequired\":true,\"valueName\":\"search_term_string\"}}],\"inLanguage\":\"pt-BR\"},{\"@type\":\"Organization\",\"@id\":\"https:\/\/www.estrategiaconcursos.com.br\/blog\/#organization\",\"name\":\"Estrat\u00e9gia Concursos\",\"url\":\"https:\/\/www.estrategiaconcursos.com.br\/blog\/\",\"logo\":{\"@type\":\"ImageObject\",\"inLanguage\":\"pt-BR\",\"@id\":\"https:\/\/www.estrategiaconcursos.com.br\/blog\/#\/schema\/logo\/image\/\",\"url\":\"https:\/\/dhg1h5j42swfq.cloudfront.net\/2025\/06\/03203428\/logo_concursos-1.jpg\",\"contentUrl\":\"https:\/\/dhg1h5j42swfq.cloudfront.net\/2025\/06\/03203428\/logo_concursos-1.jpg\",\"width\":230,\"height\":60,\"caption\":\"Estrat\u00e9gia Concursos\"},\"image\":{\"@id\":\"https:\/\/www.estrategiaconcursos.com.br\/blog\/#\/schema\/logo\/image\/\"},\"sameAs\":[\"https:\/\/x.com\/EstratConcursos\"]},{\"@type\":\"Person\",\"@id\":\"https:\/\/www.estrategiaconcursos.com.br\/blog\/#\/schema\/person\/e6feecd7273067598aae46392fc9f322\",\"name\":\"Adino\u00e9l Sebasti\u00e3o\",\"image\":{\"@type\":\"ImageObject\",\"inLanguage\":\"pt-BR\",\"@id\":\"https:\/\/secure.gravatar.com\/avatar\/d076dd9a00cb1c92545aae4fae60d3013922a1a2e7e9599a079da4450204b8cd?s=96&d=mm&r=g\",\"url\":\"https:\/\/secure.gravatar.com\/avatar\/d076dd9a00cb1c92545aae4fae60d3013922a1a2e7e9599a079da4450204b8cd?s=96&d=mm&r=g\",\"contentUrl\":\"https:\/\/secure.gravatar.com\/avatar\/d076dd9a00cb1c92545aae4fae60d3013922a1a2e7e9599a079da4450204b8cd?s=96&d=mm&r=g\",\"caption\":\"Adino\u00e9l Sebasti\u00e3o\"},\"description\":\"Meu nome \u00e9 ADINO\u00c9L SEBASTI\u00c3O. Sou formado em Ci\u00eancias Cont\u00e1beis pela Funda\u00e7\u00e3o Faculdade de Ci\u00eancias Econ\u00f4micas de Apucarana-PR (FECEA). Sou Auditor-Fiscal do Trabalho (AFT). Estou lotado em Bras\u00edlia-DF na Secretaria de Inspe\u00e7\u00e3o do Trabalho em Bras\u00edlia-DF. Fui aprovado no concurso de AFT-2013. Esse concurso, segundo o CESPE, teve 48.035. Fui Analista Tribut\u00e1rio da Receita Federal (ATRFB) por mais de 22 anos (1991 a 2013). Sou autor do site \\\"www.adinoel.com\\\" e sou colaborador com tradu\u00e7\u00f5es livres de Ingl\u00eas e de Espanhol em alguns sites de concursos. J\u00e1 atuei como professor e tutor online da ESAF (aulas de inform\u00e1tica, palestras, funcionamento do CAC, etc). Elaborei\/elaboro aulas de Espanhol, Ingl\u00eas e Portugu\u00eas para concursos. Possuo v\u00e1rios cursos de forma\u00e7\u00e3o pessoal, entre eles destaco: curso de Espanhol no Instituto Cervantes da Espanha; curso de Ingl\u00eas nas escolas FISK; curso online \\\"Mejores Pr\u00e1cticas en la Administraci\u00f3n Tributaria, Ed. 9\\\", do Instituto de Estudios Fiscales e da Fundaci\u00f3n CEDDET da Espanha.\",\"url\":\"https:\/\/www.estrategiaconcursos.com.br\/blog\/author\/adinoel-sebastiaogmail-com\/\"}]}<\/script>\n<!-- \/ Yoast SEO Premium plugin. -->","yoast_head_json":{"title":"ESPANHOL ENEM (Brasil se prepara para una eventual nueva ola de inmigrantes venezolanos)","robots":{"index":"index","follow":"follow","max-snippet":"max-snippet:-1","max-image-preview":"max-image-preview:large","max-video-preview":"max-video-preview:-1"},"canonical":"https:\/\/www.estrategiaconcursos.com.br\/blog\/espanhol-enem-brasil-se-prepara-para-una-eventual-nueva-ola-de-inmigrantes-venezolanos\/","og_locale":"pt_BR","og_type":"article","og_title":"ESPANHOL ENEM (Brasil se prepara para una eventual nueva ola de inmigrantes venezolanos)","og_description":"Ol\u00e1 a todos! Adiante temos um texto sobre tema atual: imigrantes venezuelanos. \u00c9 um bom texto para treinamento de leitura e tradu\u00e7\u00e3o para a prova do ENEM, al\u00e9m de ficarmos atentos ao que acontece na atualidade. Bom final de semana. Prof. Adino\u00e9l TEXTO Brasil se prepara para una eventual nueva ola de inmigrantes venezolanos El [&hellip;]","og_url":"https:\/\/www.estrategiaconcursos.com.br\/blog\/espanhol-enem-brasil-se-prepara-para-una-eventual-nueva-ola-de-inmigrantes-venezolanos\/","og_site_name":"Estrat\u00e9gia Concursos","article_published_time":"2018-08-18T11:34:19+00:00","article_modified_time":"2019-04-09T20:04:34+00:00","author":"Adino\u00e9l Sebasti\u00e3o","twitter_card":"summary_large_image","twitter_creator":"@EstratConcursos","twitter_site":"@EstratConcursos","twitter_misc":{"Escrito por":"Adino\u00e9l Sebasti\u00e3o","Est. tempo de leitura":"12 minutos"},"schema":{"@context":"https:\/\/schema.org","@graph":[{"@type":"NewsArticle","@id":"https:\/\/www.estrategiaconcursos.com.br\/blog\/espanhol-enem-brasil-se-prepara-para-una-eventual-nueva-ola-de-inmigrantes-venezolanos\/#article","isPartOf":{"@id":"https:\/\/www.estrategiaconcursos.com.br\/blog\/espanhol-enem-brasil-se-prepara-para-una-eventual-nueva-ola-de-inmigrantes-venezolanos\/"},"author":{"name":"Adino\u00e9l Sebasti\u00e3o","@id":"https:\/\/www.estrategiaconcursos.com.br\/blog\/#\/schema\/person\/e6feecd7273067598aae46392fc9f322"},"headline":"ESPANHOL ENEM (Brasil se prepara para una eventual nueva ola de inmigrantes venezolanos)","datePublished":"2018-08-18T11:34:19+00:00","dateModified":"2019-04-09T20:04:34+00:00","mainEntityOfPage":{"@id":"https:\/\/www.estrategiaconcursos.com.br\/blog\/espanhol-enem-brasil-se-prepara-para-una-eventual-nueva-ola-de-inmigrantes-venezolanos\/"},"wordCount":2396,"commentCount":0,"publisher":{"@id":"https:\/\/www.estrategiaconcursos.com.br\/blog\/#organization"},"articleSection":["Concursos P\u00fablicos"],"inLanguage":"pt-BR","potentialAction":[{"@type":"CommentAction","name":"Comment","target":["https:\/\/www.estrategiaconcursos.com.br\/blog\/espanhol-enem-brasil-se-prepara-para-una-eventual-nueva-ola-de-inmigrantes-venezolanos\/#respond"]}],"copyrightYear":"2018","copyrightHolder":{"@id":"https:\/\/www.estrategiaconcursos.com.br\/blog\/#organization"}},{"@type":"WebPage","@id":"https:\/\/www.estrategiaconcursos.com.br\/blog\/espanhol-enem-brasil-se-prepara-para-una-eventual-nueva-ola-de-inmigrantes-venezolanos\/","url":"https:\/\/www.estrategiaconcursos.com.br\/blog\/espanhol-enem-brasil-se-prepara-para-una-eventual-nueva-ola-de-inmigrantes-venezolanos\/","name":"ESPANHOL ENEM (Brasil se prepara para una eventual nueva ola de inmigrantes venezolanos)","isPartOf":{"@id":"https:\/\/www.estrategiaconcursos.com.br\/blog\/#website"},"datePublished":"2018-08-18T11:34:19+00:00","dateModified":"2019-04-09T20:04:34+00:00","breadcrumb":{"@id":"https:\/\/www.estrategiaconcursos.com.br\/blog\/espanhol-enem-brasil-se-prepara-para-una-eventual-nueva-ola-de-inmigrantes-venezolanos\/#breadcrumb"},"inLanguage":"pt-BR","potentialAction":[{"@type":"ReadAction","target":["https:\/\/www.estrategiaconcursos.com.br\/blog\/espanhol-enem-brasil-se-prepara-para-una-eventual-nueva-ola-de-inmigrantes-venezolanos\/"]}]},{"@type":"BreadcrumbList","@id":"https:\/\/www.estrategiaconcursos.com.br\/blog\/espanhol-enem-brasil-se-prepara-para-una-eventual-nueva-ola-de-inmigrantes-venezolanos\/#breadcrumb","itemListElement":[{"@type":"ListItem","position":1,"name":"In\u00edcio","item":"https:\/\/www.estrategiaconcursos.com.br\/blog\/"},{"@type":"ListItem","position":2,"name":"ESPANHOL ENEM (Brasil se prepara para una eventual nueva ola de inmigrantes venezolanos)"}]},{"@type":"WebSite","@id":"https:\/\/www.estrategiaconcursos.com.br\/blog\/#website","url":"https:\/\/www.estrategiaconcursos.com.br\/blog\/","name":"Estrat\u00e9gia Concursos","description":"O blog da Estrat\u00e9gia Concursos traz not\u00edcias sobre concursos e artigos de professores oferecendo cursos para concursos (pdf + videaulas) no site.","publisher":{"@id":"https:\/\/www.estrategiaconcursos.com.br\/blog\/#organization"},"potentialAction":[{"@type":"SearchAction","target":{"@type":"EntryPoint","urlTemplate":"https:\/\/www.estrategiaconcursos.com.br\/blog\/?s={search_term_string}"},"query-input":{"@type":"PropertyValueSpecification","valueRequired":true,"valueName":"search_term_string"}}],"inLanguage":"pt-BR"},{"@type":"Organization","@id":"https:\/\/www.estrategiaconcursos.com.br\/blog\/#organization","name":"Estrat\u00e9gia Concursos","url":"https:\/\/www.estrategiaconcursos.com.br\/blog\/","logo":{"@type":"ImageObject","inLanguage":"pt-BR","@id":"https:\/\/www.estrategiaconcursos.com.br\/blog\/#\/schema\/logo\/image\/","url":"https:\/\/dhg1h5j42swfq.cloudfront.net\/2025\/06\/03203428\/logo_concursos-1.jpg","contentUrl":"https:\/\/dhg1h5j42swfq.cloudfront.net\/2025\/06\/03203428\/logo_concursos-1.jpg","width":230,"height":60,"caption":"Estrat\u00e9gia Concursos"},"image":{"@id":"https:\/\/www.estrategiaconcursos.com.br\/blog\/#\/schema\/logo\/image\/"},"sameAs":["https:\/\/x.com\/EstratConcursos"]},{"@type":"Person","@id":"https:\/\/www.estrategiaconcursos.com.br\/blog\/#\/schema\/person\/e6feecd7273067598aae46392fc9f322","name":"Adino\u00e9l Sebasti\u00e3o","image":{"@type":"ImageObject","inLanguage":"pt-BR","@id":"https:\/\/secure.gravatar.com\/avatar\/d076dd9a00cb1c92545aae4fae60d3013922a1a2e7e9599a079da4450204b8cd?s=96&d=mm&r=g","url":"https:\/\/secure.gravatar.com\/avatar\/d076dd9a00cb1c92545aae4fae60d3013922a1a2e7e9599a079da4450204b8cd?s=96&d=mm&r=g","contentUrl":"https:\/\/secure.gravatar.com\/avatar\/d076dd9a00cb1c92545aae4fae60d3013922a1a2e7e9599a079da4450204b8cd?s=96&d=mm&r=g","caption":"Adino\u00e9l Sebasti\u00e3o"},"description":"Meu nome \u00e9 ADINO\u00c9L SEBASTI\u00c3O. Sou formado em Ci\u00eancias Cont\u00e1beis pela Funda\u00e7\u00e3o Faculdade de Ci\u00eancias Econ\u00f4micas de Apucarana-PR (FECEA). Sou Auditor-Fiscal do Trabalho (AFT). Estou lotado em Bras\u00edlia-DF na Secretaria de Inspe\u00e7\u00e3o do Trabalho em Bras\u00edlia-DF. Fui aprovado no concurso de AFT-2013. Esse concurso, segundo o CESPE, teve 48.035. Fui Analista Tribut\u00e1rio da Receita Federal (ATRFB) por mais de 22 anos (1991 a 2013). Sou autor do site \"www.adinoel.com\" e sou colaborador com tradu\u00e7\u00f5es livres de Ingl\u00eas e de Espanhol em alguns sites de concursos. J\u00e1 atuei como professor e tutor online da ESAF (aulas de inform\u00e1tica, palestras, funcionamento do CAC, etc). Elaborei\/elaboro aulas de Espanhol, Ingl\u00eas e Portugu\u00eas para concursos. Possuo v\u00e1rios cursos de forma\u00e7\u00e3o pessoal, entre eles destaco: curso de Espanhol no Instituto Cervantes da Espanha; curso de Ingl\u00eas nas escolas FISK; curso online \"Mejores Pr\u00e1cticas en la Administraci\u00f3n Tributaria, Ed. 9\", do Instituto de Estudios Fiscales e da Fundaci\u00f3n CEDDET da Espanha.","url":"https:\/\/www.estrategiaconcursos.com.br\/blog\/author\/adinoel-sebastiaogmail-com\/"}]}},"_links":{"self":[{"href":"https:\/\/www.estrategiaconcursos.com.br\/blog\/wp-json\/wp\/v2\/posts\/136703","targetHints":{"allow":["GET"]}}],"collection":[{"href":"https:\/\/www.estrategiaconcursos.com.br\/blog\/wp-json\/wp\/v2\/posts"}],"about":[{"href":"https:\/\/www.estrategiaconcursos.com.br\/blog\/wp-json\/wp\/v2\/types\/post"}],"author":[{"embeddable":true,"href":"https:\/\/www.estrategiaconcursos.com.br\/blog\/wp-json\/wp\/v2\/users\/121"}],"replies":[{"embeddable":true,"href":"https:\/\/www.estrategiaconcursos.com.br\/blog\/wp-json\/wp\/v2\/comments?post=136703"}],"version-history":[{"count":3,"href":"https:\/\/www.estrategiaconcursos.com.br\/blog\/wp-json\/wp\/v2\/posts\/136703\/revisions"}],"predecessor-version":[{"id":136706,"href":"https:\/\/www.estrategiaconcursos.com.br\/blog\/wp-json\/wp\/v2\/posts\/136703\/revisions\/136706"}],"wp:attachment":[{"href":"https:\/\/www.estrategiaconcursos.com.br\/blog\/wp-json\/wp\/v2\/media?parent=136703"}],"wp:term":[{"taxonomy":"category","embeddable":true,"href":"https:\/\/www.estrategiaconcursos.com.br\/blog\/wp-json\/wp\/v2\/categories?post=136703"},{"taxonomy":"post_tag","embeddable":true,"href":"https:\/\/www.estrategiaconcursos.com.br\/blog\/wp-json\/wp\/v2\/tags?post=136703"},{"taxonomy":"tax_estado","embeddable":true,"href":"https:\/\/www.estrategiaconcursos.com.br\/blog\/wp-json\/wp\/v2\/tax_estado?post=136703"}],"curies":[{"name":"wp","href":"https:\/\/api.w.org\/{rel}","templated":true}]}}